{"id":3439,"date":"2021-09-23T10:30:02","date_gmt":"2021-09-23T08:30:02","guid":{"rendered":"https:\/\/blog.holyart.it\/fr\/?p=3439"},"modified":"2024-06-19T10:25:00","modified_gmt":"2024-06-19T08:25:00","slug":"la-tombe-de-saint-pierre-et-son-incroyable-decouverte","status":"publish","type":"post","link":"https:\/\/blog.holyart.it\/fr\/articles-religieux\/la-tombe-de-saint-pierre-et-son-incroyable-decouverte\/","title":{"rendered":"La tombe de Saint Pierre et son incroyable d\u00e9couverte"},"content":{"rendered":"<h4>La tombe de Saint Pierre \u00e0 Rome est consid\u00e9r\u00e9e depuis toujours comme un des lieux sacr\u00e9s de la chr\u00e9tient\u00e9 par excellence. D\u00e9couvrons-en l\u2019histoire captivante.<\/h4>\n<p><a href=\"https:\/\/www.holyart.fr\/articles-religieux\/statues\/statues-en-resine-et-pvc\/saint-pierre-30-cm-statue-en-resine\"><strong>Simon, dit Pierre,<\/strong><\/a> fut le <strong>chef des douze ap\u00f4tres<\/strong> par la volont\u00e9 de J\u00e9sus en personne, qu\u2019Il d\u00e9signa comme <strong>chef et fondateur de l\u2019\u00c9glise<\/strong>. La pr\u00e9dication de la Parole le conduisit \u00e0 travers d\u2019innombrables terres, jusqu\u2019\u00e0 <strong>Rome<\/strong>, o\u00f9 il connut le <strong>martyr<\/strong> sous l\u2019Empereur N\u00e9ron et o\u00f9 il fut enterr\u00e9.<br \/>\nLa tombe de Saint Pierre a \u00e9t\u00e9 depuis le d\u00e9but le c\u0153ur d\u2019un culte passionn\u00e9 de la part des premiers chr\u00e9tiens. La pr\u00e9sence de la d\u00e9pouille d\u2019un ap\u00f4tre si important \u00e0 Rome a toujours \u00e9t\u00e9 source d\u2019un grand orgueil et de ferveur de la part des fid\u00e8les. Et cela a \u00e9t\u00e9 de m\u00eame pour les restes de <a href=\"https:\/\/www.holyart.fr\/articles-religieux\/icones-religieuses\/icones-grecques\/saint-pierre-et-saint-paul\"><strong>Saint Paul<\/strong><\/a>, qui fut associ\u00e9 \u00e0 Saint Pierre d\u00e8s le d\u00e9but, et qui avec lui partage m\u00eame sa f\u00eate le 29 juin. Il est toujours fascinant de s\u2019attarder sur comment deux hommes si diff\u00e9rents en termes d\u2019histoire et de vocation sont associ\u00e9s dans le c\u0153ur et dans la spiritualit\u00e9 des chr\u00e9tiens, consid\u00e9r\u00e9s comme des bastions de foi et symboles m\u00eame de l\u2019\u00c9glise catholique.<\/p>\n<p>Concernant la tombe de Saint Pierre, elle est devenue avec le temps un point de r\u00e9f\u00e9rence spirituelle pour les chr\u00e9tiens du monde entier, comparable \u00e0 la <u>Basilique du Saint-S\u00e9pulcre de J\u00e9rusalem<\/u>, naissant \u00e0 l\u2019endroit o\u00f9 J\u00e9sus est mort et a \u00e9t\u00e9 enterr\u00e9.<br \/>\nAujourd\u2019hui, ceux qui visitent la basilique vaticane peuvent admirer l\u2019imposant <a href=\"https:\/\/www.holyart.fr\/blog\/articles-religieux\/histoire-du-baldaquin-de-saint-pierre\/\"><strong>Baldaquin de Saint Pierre<\/strong><\/a>, un des monuments les plus surprenants de l\u2019art baroque, qui s\u2019\u00e9rige au-dessus de la tombe du Saint, et l\u2019autel majeur qu\u2019\u00e0 fait construire Cl\u00e9ment VIII, au-dessus duquel s\u2019\u00e9l\u00e8ve la majestueuse coupole de Michel-Ange. Mais ce ne fut pas toujours ainsi.<\/p>\n<div class=\"link-article\">\n<p><img loading=\"lazy\" decoding=\"async\" class=\"alignleft size-full wp-image-3443\" src=\"https:\/\/blog.holyart.it\/fr\/wp-content\/uploads\/sites\/14\/2021\/09\/baldaquin-de-saint-pierre.jpg\" alt=\"baldaquin de saint pierre\" width=\"150\" height=\"97\" data-kale-share-title=\"La tombe de Saint Pierre et son incroyable d\u00e9couverte\" data-kale-share-url=\"https:\/\/blog.holyart.it\/fr\/?p=3439\" \/><\/p>\n<div class=\"leggi-anche\">Lire aussi :<\/div>\n<p><strong><a href=\"https:\/\/www.holyart.fr\/blog\/articles-religieux\/histoire-du-baldaquin-de-saint-pierre\/\">Histoire du Baldaquin de Saint Pierre<\/a><\/strong><br \/>\nLa tombe de Saint Pierre \u00e0 Rome est consid\u00e9r\u00e9e depuis toujours comme un des lieux sacr\u00e9s de la chr\u00e9tient\u00e9 par excellence&#8230;<\/p>\n<\/div>\n<h2>Les fouilles arch\u00e9ologiques<\/h2>\n<p>\u00c0 l\u2019origine, les restes du Saint furent plac\u00e9s dans une tombe creus\u00e9e dans la terre, non loin du lieu de son martyr : le <strong>cirque de N\u00e9ron<\/strong>, les somptueux jardins o\u00f9 l\u2019Empereur infligeait d\u2019innommables supplices aux chr\u00e9tiens. Si originairement la tombe du Saint fut marqu\u00e9e par une simple \u00e9dicule votive, le <strong>Troph\u00e9e de Ga\u00efus<\/strong>, bient\u00f4t lui furent rendues les honneurs ad\u00e9quats, d\u2019abord avec la construction autour d\u2019elle d\u2019un monument, par volont\u00e9 de l\u2019<strong>Empereur Constantin<\/strong>, un parall\u00e9l\u00e9pip\u00e8de de trois m\u00e8tres de haut en marbre et en porphyre et ensuite, en 320, avec une imposante basilique destin\u00e9e \u00e0 prot\u00e9ger comme un \u00e9crin les pr\u00e9cieux restes, con\u00e7ues de mani\u00e8re \u00e0 ce que la tombe de Saint Pierre co\u00efncide avec l\u2019autel majeur.<\/p>\n<p>Avec les si\u00e8cles et la succession d\u2019Empereurs et de Papes, la tombe de Saint Pierre a \u00e9t\u00e9 englob\u00e9e dans des autels de plus en plus somptueux, que seules les <strong>fouilles arch\u00e9ologiques de la moiti\u00e9 du 20\u00e8me si\u00e8cle<\/strong> ont r\u00e9v\u00e9l\u00e9, couche apr\u00e8s couche. Apr\u00e8s le monument voulu par Constantin, vint celui de <strong>Gr\u00e9goire le Grand<\/strong>, \u00e0 son tour renferm\u00e9 dans l\u2019autel voulu par <strong>Calixte II<\/strong>. Celui que nous pouvons admirer encore aujourd\u2019hui sous la coupole de Michel-Ange remonte \u00e0 1594 et fut construit par volont\u00e9 de <strong>Cl\u00e9ment VIII<\/strong>, mais, entretemps, la basilique avait \u00e9t\u00e9 d\u00e9molie dans son enti\u00e8ret\u00e9 et reconstruite par volont\u00e9 de Pape Jules II. Ainsi est n\u00e9e la Basilique de Saint Pierre que nous connaissons et admirons tous.<br \/>\nL&rsquo;aspect le plus int\u00e9ressant pour les chr\u00e9tiens est la <strong>centralit\u00e9<\/strong> que la tombe de Saint Pierre a maintenu tout au long de ces bouleversements architecturaux.<\/p>\n<p>Concernant les fouilles arch\u00e9ologiques qui ont amen\u00e9 \u00e0 la d\u00e9couverte des diff\u00e9rentes \u00e9volutions de la tombe de Saint Pierre, elles <strong>d\u00e9but\u00e8rent en 1939<\/strong>, suite \u00e0 un effondrement accidentel qui r\u00e9v\u00e9la sous le plancher des grottes \u00e0 c\u00f4t\u00e9 de l\u2019autel de Saint Pierre une ancienne chambre mortuaire romaine. Pape Pie XII \u00e9tait conscient du fait qu\u2019un ancien document conserv\u00e9 dans la Biblioth\u00e8que vaticane, le <em>Livre des Papes<\/em>, d\u00e9crivait le lieu de s\u00e9pulture de Saint Pierre et il fit poursuivre les fouilles en grand secret. Elles mirent en lumi\u00e8re de nombreuses tombes pa\u00efennes, des statues et, pour finir, une <a href=\"https:\/\/www.holyart.fr\/articles-religieux\/articles-funeraires\"><strong>tombe d\u00e9cor\u00e9e d\u2019images chr\u00e9tiennes<\/strong><\/a>. En poursuivant \u00e0 la d\u00e9couverte du pass\u00e9, les arch\u00e9ologues trouv\u00e8rent les autels cit\u00e9s ci-dessus et, pour finir, un mur peint en rouge contre lequel avait \u00e9t\u00e9 \u00e9rig\u00e9e un \u00e9dicule fun\u00e9raire, le Troph\u00e9e de Ga\u00efus.<\/p>\n<h2>Diff\u00e9rends sur la tombe de Saint Pierre<\/h2>\n<p>Dans un premier temps, les chercheurs n\u2019eurent aucune certitude que la tombe \u00e9tait bel et bien celle de Saint Pierre. Son nom n\u2019y apparaissait pas et, de toute mani\u00e8re, ses restes n\u2019y avaient pas \u00e9t\u00e9 retrouv\u00e9s.<br \/>\nPar la suite, <strong>Margherita Guarducci<\/strong>, \u00e9pigraphiste et arch\u00e9ologue, arriva \u00e0 d\u00e9chiffrer les graffitis, apparemment incompr\u00e9hensibles, pr\u00e9sents sur le mur sur lequel se posait l\u2019\u00e9dicule primitive \u00e9rig\u00e9e comme monument fun\u00e9raire. Elle d\u00e9couvrit ainsi que le nom de Saint Pierre revenait constamment dans ces inscriptions et reconnut en particulier deux inscriptions : \u201c<em>Proche Pierre<\/em>\u201d et \u201c<em>Pierre est ici<\/em>\u201d. En enqu\u00eatant davantage, elle apprit que les ouvriers avaient pr\u00e9c\u00e9demment retrouv\u00e9 une niche creus\u00e9e dans le mur et recouverte de marbre, d\u2019o\u00f9 avaient \u00e9t\u00e9 retir\u00e9s des <strong>ossements humains<\/strong>. Il s\u2019agissait justement, comme les analyses successives le confirm\u00e8rent, des <strong>reliques de Saint Pierre<\/strong>, transf\u00e9r\u00e9es par volont\u00e9 de Constantin de la tombe creus\u00e9e dans la terre \u00e0 cet emplacement plus convenable.<\/p>\n<p>Bien qu\u2019en 1965 le Vatican ait diffus\u00e9 le r\u00e9sultat des enqu\u00eates de Guarducci, d\u2019<strong>\u00e2pres diff\u00e9rends <\/strong>continu\u00e8rent de partager religieux et experts concernant les restes de Saint Pierre, au point que les ossements furent m\u00eame retir\u00e9s de la niche dans le Mur aux Graffitis. Seulement le 5 d\u00e9cembre 2013<a href=\"https:\/\/www.holyart.fr\/occasions-speciales\/pape-francois\"> <strong>Pape Fran\u00e7ois<\/strong><\/a> les a remises \u00e0 leur emplacement l\u00e9gitime, apr\u00e8s la soigneuse r\u00e9vision voulue par <a href=\"https:\/\/www.holyart.fr\/articles-religieux\/statues\/statues-en-bois-peint\/statue-pape-benoit-xvi-bois-peint-val-gardena1\"><strong>Pape Beno\u00eet XVI<\/strong><\/a>, qui confirma ce que Margherita Guarducci avait d\u00e9couvert. Il s\u2019agissait bel et bien de la tombe de Saint Pierre.<\/p>\n<div class=\"link-product\">\n<div class=\"blocco-immagine\"><img loading=\"lazy\" decoding=\"async\" class=\"alignleft size-full wp-image-3444\" src=\"https:\/\/blog.holyart.it\/fr\/wp-content\/uploads\/sites\/14\/2021\/09\/Saint-Pierre-et-Saint-Paul.jpg\" alt=\"Saint Pierre et Saint Paul\" width=\"100\" height=\"100\" data-kale-share-title=\"La tombe de Saint Pierre et son incroyable d\u00e9couverte\" data-kale-share-url=\"https:\/\/blog.holyart.it\/fr\/?p=3439\" \/><\/div>\n<div class=\"blocco-contenuto\">\n<div class=\"blocco-acquista\">Acheter sur Holyart:<\/div>\n<div class=\"blocco-titolo\"><a href=\"https:\/\/www.holyart.fr\/articles-religieux\/icones-religieuses\/icones-grecques\/saint-pierre-et-saint-paul\">Saint Pierre et Saint Paul<\/a><\/div>\n<div class=\"blocco-descrizione\">Ic\u00f4ne grecque peinte \u00e0 la main sur planche en bois, dor\u00e9e.<\/div>\n<\/div>\n<\/div>\n","protected":false},"excerpt":{"rendered":"<p>La tombe de Saint Pierre \u00e0 Rome est consid\u00e9r\u00e9e depuis toujours comme un des lieux sacr\u00e9s de la chr\u00e9tient\u00e9 par excellence. D\u00e9couvrons-en l\u2019histoire captivante. Simon, dit Pierre, fut le chef des douze ap\u00f4tres par la volont\u00e9 de J\u00e9sus en personne, qu\u2019Il d\u00e9signa comme chef et&hellip;<\/p>\n","protected":false},"author":1,"featured_media":3446,"comment_status":"closed","ping_status":"open","sticky":false,"template":"","format":"standard","meta":{"_acf_changed":false,"footnotes":""},"categories":[8],"tags":[],"class_list":["post-3439","post","type-post","status-publish","format-standard","has-post-thumbnail","hentry","category-articles-religieux"],"acf":[],"yoast_head":"<!-- This site is optimized with the Yoast SEO plugin v26.6 - https:\/\/yoast.com\/wordpress\/plugins\/seo\/ -->\n<title>La tombe de Saint Pierre et son incroyable d\u00e9couverte - Holyart.fr Blog<\/title>\n<meta name=\"description\" content=\"La tombe de Saint Pierre \u00e0 Rome est consid\u00e9r\u00e9e depuis toujours comme un des lieux sacr\u00e9s de la chr\u00e9tient\u00e9 par excellence.\" \/>\n<meta name=\"robots\" content=\"index, follow, max-snippet:-1, max-image-preview:large, max-video-preview:-1\" \/>\n<link rel=\"canonical\" href=\"https:\/\/blog.holyart.it\/fr\/articles-religieux\/la-tombe-de-saint-pierre-et-son-incroyable-decouverte\/\" \/>\n<meta property=\"og:locale\" content=\"fr_FR\" \/>\n<meta property=\"og:type\" content=\"article\" \/>\n<meta property=\"og:title\" content=\"La tombe de Saint Pierre et son incroyable d\u00e9couverte - Holyart.fr Blog\" \/>\n<meta property=\"og:description\" content=\"La tombe de Saint Pierre \u00e0 Rome est consid\u00e9r\u00e9e depuis toujours comme un des lieux sacr\u00e9s de la chr\u00e9tient\u00e9 par excellence.\" \/>\n<meta property=\"og:url\" content=\"https:\/\/blog.holyart.it\/fr\/articles-religieux\/la-tombe-de-saint-pierre-et-son-incroyable-decouverte\/\" \/>\n<meta property=\"og:site_name\" content=\"Holyart.fr Blog\" \/>\n<meta property=\"article:published_time\" content=\"2021-09-23T08:30:02+00:00\" \/>\n<meta property=\"article:modified_time\" content=\"2024-06-19T08:25:00+00:00\" \/>\n<meta property=\"og:image\" content=\"https:\/\/blog.holyart.it\/fr\/wp-content\/uploads\/sites\/14\/2021\/09\/tombe-de-Saint-Pierre.jpeg\" \/>\n\t<meta property=\"og:image:width\" content=\"999\" \/>\n\t<meta property=\"og:image:height\" content=\"666\" \/>\n\t<meta property=\"og:image:type\" content=\"image\/jpeg\" \/>\n<meta name=\"author\" content=\"Redazione\" \/>\n<meta name=\"twitter:card\" content=\"summary_large_image\" \/>\n<meta name=\"twitter:label1\" content=\"\u00c9crit par\" \/>\n\t<meta name=\"twitter:data1\" content=\"Redazione\" \/>\n\t<meta name=\"twitter:label2\" content=\"Dur\u00e9e de lecture estim\u00e9e\" \/>\n\t<meta name=\"twitter:data2\" content=\"6 minutes\" \/>\n<script type=\"application\/ld+json\" class=\"yoast-schema-graph\">{\"@context\":\"https:\/\/schema.org\",\"@graph\":[{\"@type\":\"Article\",\"@id\":\"https:\/\/blog.holyart.it\/fr\/articles-religieux\/la-tombe-de-saint-pierre-et-son-incroyable-decouverte\/#article\",\"isPartOf\":{\"@id\":\"https:\/\/blog.holyart.it\/fr\/articles-religieux\/la-tombe-de-saint-pierre-et-son-incroyable-decouverte\/\"},\"author\":{\"name\":\"Redazione\",\"@id\":\"https:\/\/blog.holyart.it\/fr\/#\/schema\/person\/0a7b686e5af0f856ec1e390dd0baecda\"},\"headline\":\"La tombe de Saint Pierre et son incroyable d\u00e9couverte\",\"datePublished\":\"2021-09-23T08:30:02+00:00\",\"dateModified\":\"2024-06-19T08:25:00+00:00\",\"mainEntityOfPage\":{\"@id\":\"https:\/\/blog.holyart.it\/fr\/articles-religieux\/la-tombe-de-saint-pierre-et-son-incroyable-decouverte\/\"},\"wordCount\":1137,\"publisher\":{\"@id\":\"https:\/\/blog.holyart.it\/fr\/#organization\"},\"image\":{\"@id\":\"https:\/\/blog.holyart.it\/fr\/articles-religieux\/la-tombe-de-saint-pierre-et-son-incroyable-decouverte\/#primaryimage\"},\"thumbnailUrl\":\"https:\/\/blog.holyart.it\/fr\/wp-content\/uploads\/sites\/14\/2021\/09\/tombe-de-Saint-Pierre.jpeg\",\"articleSection\":[\"Religion\"],\"inLanguage\":\"fr-FR\"},{\"@type\":\"WebPage\",\"@id\":\"https:\/\/blog.holyart.it\/fr\/articles-religieux\/la-tombe-de-saint-pierre-et-son-incroyable-decouverte\/\",\"url\":\"https:\/\/blog.holyart.it\/fr\/articles-religieux\/la-tombe-de-saint-pierre-et-son-incroyable-decouverte\/\",\"name\":\"La tombe de Saint Pierre et son incroyable d\u00e9couverte - Holyart.fr Blog\",\"isPartOf\":{\"@id\":\"https:\/\/blog.holyart.it\/fr\/#website\"},\"primaryImageOfPage\":{\"@id\":\"https:\/\/blog.holyart.it\/fr\/articles-religieux\/la-tombe-de-saint-pierre-et-son-incroyable-decouverte\/#primaryimage\"},\"image\":{\"@id\":\"https:\/\/blog.holyart.it\/fr\/articles-religieux\/la-tombe-de-saint-pierre-et-son-incroyable-decouverte\/#primaryimage\"},\"thumbnailUrl\":\"https:\/\/blog.holyart.it\/fr\/wp-content\/uploads\/sites\/14\/2021\/09\/tombe-de-Saint-Pierre.jpeg\",\"datePublished\":\"2021-09-23T08:30:02+00:00\",\"dateModified\":\"2024-06-19T08:25:00+00:00\",\"description\":\"La tombe de Saint Pierre \u00e0 Rome est consid\u00e9r\u00e9e depuis toujours comme un des lieux sacr\u00e9s de la chr\u00e9tient\u00e9 par excellence.\",\"breadcrumb\":{\"@id\":\"https:\/\/blog.holyart.it\/fr\/articles-religieux\/la-tombe-de-saint-pierre-et-son-incroyable-decouverte\/#breadcrumb\"},\"inLanguage\":\"fr-FR\",\"potentialAction\":[{\"@type\":\"ReadAction\",\"target\":[\"https:\/\/blog.holyart.it\/fr\/articles-religieux\/la-tombe-de-saint-pierre-et-son-incroyable-decouverte\/\"]}]},{\"@type\":\"ImageObject\",\"inLanguage\":\"fr-FR\",\"@id\":\"https:\/\/blog.holyart.it\/fr\/articles-religieux\/la-tombe-de-saint-pierre-et-son-incroyable-decouverte\/#primaryimage\",\"url\":\"https:\/\/blog.holyart.it\/fr\/wp-content\/uploads\/sites\/14\/2021\/09\/tombe-de-Saint-Pierre.jpeg\",\"contentUrl\":\"https:\/\/blog.holyart.it\/fr\/wp-content\/uploads\/sites\/14\/2021\/09\/tombe-de-Saint-Pierre.jpeg\",\"width\":999,\"height\":666,\"caption\":\"Basilica of St. Peter. Vatican City\"},{\"@type\":\"BreadcrumbList\",\"@id\":\"https:\/\/blog.holyart.it\/fr\/articles-religieux\/la-tombe-de-saint-pierre-et-son-incroyable-decouverte\/#breadcrumb\",\"itemListElement\":[{\"@type\":\"ListItem\",\"position\":1,\"name\":\"Homepage\",\"item\":\"https:\/\/blog.holyart.it\/fr\/\"},{\"@type\":\"ListItem\",\"position\":2,\"name\":\"Religion\",\"item\":\"https:\/\/blog.holyart.it\/fr\/articles-religieux\/\"},{\"@type\":\"ListItem\",\"position\":3,\"name\":\"La tombe de Saint Pierre et son incroyable d\u00e9couverte\"}]},{\"@type\":\"WebSite\",\"@id\":\"https:\/\/blog.holyart.it\/fr\/#website\",\"url\":\"https:\/\/blog.holyart.it\/fr\/\",\"name\":\"Holyart.fr Blog\",\"description\":\"Holyblog\",\"publisher\":{\"@id\":\"https:\/\/blog.holyart.it\/fr\/#organization\"},\"potentialAction\":[{\"@type\":\"SearchAction\",\"target\":{\"@type\":\"EntryPoint\",\"urlTemplate\":\"https:\/\/blog.holyart.it\/fr\/?s={search_term_string}\"},\"query-input\":{\"@type\":\"PropertyValueSpecification\",\"valueRequired\":true,\"valueName\":\"search_term_string\"}}],\"inLanguage\":\"fr-FR\"},{\"@type\":\"Organization\",\"@id\":\"https:\/\/blog.holyart.it\/fr\/#organization\",\"name\":\"Holyart.fr Blog\",\"url\":\"https:\/\/blog.holyart.it\/fr\/\",\"logo\":{\"@type\":\"ImageObject\",\"inLanguage\":\"fr-FR\",\"@id\":\"https:\/\/blog.holyart.it\/fr\/#\/schema\/logo\/image\/\",\"url\":\"https:\/\/blog.holyart.it\/fr\/wp-content\/uploads\/sites\/14\/2022\/12\/Holyart_Blog_Logo.jpg\",\"contentUrl\":\"https:\/\/blog.holyart.it\/fr\/wp-content\/uploads\/sites\/14\/2022\/12\/Holyart_Blog_Logo.jpg\",\"width\":300,\"height\":50,\"caption\":\"Holyart.fr Blog\"},\"image\":{\"@id\":\"https:\/\/blog.holyart.it\/fr\/#\/schema\/logo\/image\/\"}},{\"@type\":\"Person\",\"@id\":\"https:\/\/blog.holyart.it\/fr\/#\/schema\/person\/0a7b686e5af0f856ec1e390dd0baecda\",\"name\":\"Redazione\",\"image\":{\"@type\":\"ImageObject\",\"inLanguage\":\"fr-FR\",\"@id\":\"https:\/\/blog.holyart.it\/fr\/#\/schema\/person\/image\/\",\"url\":\"https:\/\/secure.gravatar.com\/avatar\/f477da817f43e50d0af36abecd33e3edf826c68299714bdc1057dff3b113f516?s=96&d=mm&r=g\",\"contentUrl\":\"https:\/\/secure.gravatar.com\/avatar\/f477da817f43e50d0af36abecd33e3edf826c68299714bdc1057dff3b113f516?s=96&d=mm&r=g\",\"caption\":\"Redazione\"},\"url\":\"https:\/\/blog.holyart.it\/fr\/author\/admin\/\"}]}<\/script>\n<!-- \/ Yoast SEO plugin. -->","yoast_head_json":{"title":"La tombe de Saint Pierre et son incroyable d\u00e9couverte - Holyart.fr Blog","description":"La tombe de Saint Pierre \u00e0 Rome est consid\u00e9r\u00e9e depuis toujours comme un des lieux sacr\u00e9s de la chr\u00e9tient\u00e9 par excellence.","robots":{"index":"index","follow":"follow","max-snippet":"max-snippet:-1","max-image-preview":"max-image-preview:large","max-video-preview":"max-video-preview:-1"},"canonical":"https:\/\/blog.holyart.it\/fr\/articles-religieux\/la-tombe-de-saint-pierre-et-son-incroyable-decouverte\/","og_locale":"fr_FR","og_type":"article","og_title":"La tombe de Saint Pierre et son incroyable d\u00e9couverte - Holyart.fr Blog","og_description":"La tombe de Saint Pierre \u00e0 Rome est consid\u00e9r\u00e9e depuis toujours comme un des lieux sacr\u00e9s de la chr\u00e9tient\u00e9 par excellence.","og_url":"https:\/\/blog.holyart.it\/fr\/articles-religieux\/la-tombe-de-saint-pierre-et-son-incroyable-decouverte\/","og_site_name":"Holyart.fr Blog","article_published_time":"2021-09-23T08:30:02+00:00","article_modified_time":"2024-06-19T08:25:00+00:00","og_image":[{"width":999,"height":666,"url":"https:\/\/blog.holyart.it\/fr\/wp-content\/uploads\/sites\/14\/2021\/09\/tombe-de-Saint-Pierre.jpeg","type":"image\/jpeg"}],"author":"Redazione","twitter_card":"summary_large_image","twitter_misc":{"\u00c9crit par":"Redazione","Dur\u00e9e de lecture estim\u00e9e":"6 minutes"},"schema":{"@context":"https:\/\/schema.org","@graph":[{"@type":"Article","@id":"https:\/\/blog.holyart.it\/fr\/articles-religieux\/la-tombe-de-saint-pierre-et-son-incroyable-decouverte\/#article","isPartOf":{"@id":"https:\/\/blog.holyart.it\/fr\/articles-religieux\/la-tombe-de-saint-pierre-et-son-incroyable-decouverte\/"},"author":{"name":"Redazione","@id":"https:\/\/blog.holyart.it\/fr\/#\/schema\/person\/0a7b686e5af0f856ec1e390dd0baecda"},"headline":"La tombe de Saint Pierre et son incroyable d\u00e9couverte","datePublished":"2021-09-23T08:30:02+00:00","dateModified":"2024-06-19T08:25:00+00:00","mainEntityOfPage":{"@id":"https:\/\/blog.holyart.it\/fr\/articles-religieux\/la-tombe-de-saint-pierre-et-son-incroyable-decouverte\/"},"wordCount":1137,"publisher":{"@id":"https:\/\/blog.holyart.it\/fr\/#organization"},"image":{"@id":"https:\/\/blog.holyart.it\/fr\/articles-religieux\/la-tombe-de-saint-pierre-et-son-incroyable-decouverte\/#primaryimage"},"thumbnailUrl":"https:\/\/blog.holyart.it\/fr\/wp-content\/uploads\/sites\/14\/2021\/09\/tombe-de-Saint-Pierre.jpeg","articleSection":["Religion"],"inLanguage":"fr-FR"},{"@type":"WebPage","@id":"https:\/\/blog.holyart.it\/fr\/articles-religieux\/la-tombe-de-saint-pierre-et-son-incroyable-decouverte\/","url":"https:\/\/blog.holyart.it\/fr\/articles-religieux\/la-tombe-de-saint-pierre-et-son-incroyable-decouverte\/","name":"La tombe de Saint Pierre et son incroyable d\u00e9couverte - Holyart.fr Blog","isPartOf":{"@id":"https:\/\/blog.holyart.it\/fr\/#website"},"primaryImageOfPage":{"@id":"https:\/\/blog.holyart.it\/fr\/articles-religieux\/la-tombe-de-saint-pierre-et-son-incroyable-decouverte\/#primaryimage"},"image":{"@id":"https:\/\/blog.holyart.it\/fr\/articles-religieux\/la-tombe-de-saint-pierre-et-son-incroyable-decouverte\/#primaryimage"},"thumbnailUrl":"https:\/\/blog.holyart.it\/fr\/wp-content\/uploads\/sites\/14\/2021\/09\/tombe-de-Saint-Pierre.jpeg","datePublished":"2021-09-23T08:30:02+00:00","dateModified":"2024-06-19T08:25:00+00:00","description":"La tombe de Saint Pierre \u00e0 Rome est consid\u00e9r\u00e9e depuis toujours comme un des lieux sacr\u00e9s de la chr\u00e9tient\u00e9 par excellence.","breadcrumb":{"@id":"https:\/\/blog.holyart.it\/fr\/articles-religieux\/la-tombe-de-saint-pierre-et-son-incroyable-decouverte\/#breadcrumb"},"inLanguage":"fr-FR","potentialAction":[{"@type":"ReadAction","target":["https:\/\/blog.holyart.it\/fr\/articles-religieux\/la-tombe-de-saint-pierre-et-son-incroyable-decouverte\/"]}]},{"@type":"ImageObject","inLanguage":"fr-FR","@id":"https:\/\/blog.holyart.it\/fr\/articles-religieux\/la-tombe-de-saint-pierre-et-son-incroyable-decouverte\/#primaryimage","url":"https:\/\/blog.holyart.it\/fr\/wp-content\/uploads\/sites\/14\/2021\/09\/tombe-de-Saint-Pierre.jpeg","contentUrl":"https:\/\/blog.holyart.it\/fr\/wp-content\/uploads\/sites\/14\/2021\/09\/tombe-de-Saint-Pierre.jpeg","width":999,"height":666,"caption":"Basilica of St. Peter. Vatican City"},{"@type":"BreadcrumbList","@id":"https:\/\/blog.holyart.it\/fr\/articles-religieux\/la-tombe-de-saint-pierre-et-son-incroyable-decouverte\/#breadcrumb","itemListElement":[{"@type":"ListItem","position":1,"name":"Homepage","item":"https:\/\/blog.holyart.it\/fr\/"},{"@type":"ListItem","position":2,"name":"Religion","item":"https:\/\/blog.holyart.it\/fr\/articles-religieux\/"},{"@type":"ListItem","position":3,"name":"La tombe de Saint Pierre et son incroyable d\u00e9couverte"}]},{"@type":"WebSite","@id":"https:\/\/blog.holyart.it\/fr\/#website","url":"https:\/\/blog.holyart.it\/fr\/","name":"Holyart.fr Blog","description":"Holyblog","publisher":{"@id":"https:\/\/blog.holyart.it\/fr\/#organization"},"potentialAction":[{"@type":"SearchAction","target":{"@type":"EntryPoint","urlTemplate":"https:\/\/blog.holyart.it\/fr\/?s={search_term_string}"},"query-input":{"@type":"PropertyValueSpecification","valueRequired":true,"valueName":"search_term_string"}}],"inLanguage":"fr-FR"},{"@type":"Organization","@id":"https:\/\/blog.holyart.it\/fr\/#organization","name":"Holyart.fr Blog","url":"https:\/\/blog.holyart.it\/fr\/","logo":{"@type":"ImageObject","inLanguage":"fr-FR","@id":"https:\/\/blog.holyart.it\/fr\/#\/schema\/logo\/image\/","url":"https:\/\/blog.holyart.it\/fr\/wp-content\/uploads\/sites\/14\/2022\/12\/Holyart_Blog_Logo.jpg","contentUrl":"https:\/\/blog.holyart.it\/fr\/wp-content\/uploads\/sites\/14\/2022\/12\/Holyart_Blog_Logo.jpg","width":300,"height":50,"caption":"Holyart.fr Blog"},"image":{"@id":"https:\/\/blog.holyart.it\/fr\/#\/schema\/logo\/image\/"}},{"@type":"Person","@id":"https:\/\/blog.holyart.it\/fr\/#\/schema\/person\/0a7b686e5af0f856ec1e390dd0baecda","name":"Redazione","image":{"@type":"ImageObject","inLanguage":"fr-FR","@id":"https:\/\/blog.holyart.it\/fr\/#\/schema\/person\/image\/","url":"https:\/\/secure.gravatar.com\/avatar\/f477da817f43e50d0af36abecd33e3edf826c68299714bdc1057dff3b113f516?s=96&d=mm&r=g","contentUrl":"https:\/\/secure.gravatar.com\/avatar\/f477da817f43e50d0af36abecd33e3edf826c68299714bdc1057dff3b113f516?s=96&d=mm&r=g","caption":"Redazione"},"url":"https:\/\/blog.holyart.it\/fr\/author\/admin\/"}]}},"_links":{"self":[{"href":"https:\/\/blog.holyart.it\/fr\/wp-json\/wp\/v2\/posts\/3439","targetHints":{"allow":["GET"]}}],"collection":[{"href":"https:\/\/blog.holyart.it\/fr\/wp-json\/wp\/v2\/posts"}],"about":[{"href":"https:\/\/blog.holyart.it\/fr\/wp-json\/wp\/v2\/types\/post"}],"author":[{"embeddable":true,"href":"https:\/\/blog.holyart.it\/fr\/wp-json\/wp\/v2\/users\/1"}],"replies":[{"embeddable":true,"href":"https:\/\/blog.holyart.it\/fr\/wp-json\/wp\/v2\/comments?post=3439"}],"version-history":[{"count":1,"href":"https:\/\/blog.holyart.it\/fr\/wp-json\/wp\/v2\/posts\/3439\/revisions"}],"predecessor-version":[{"id":6189,"href":"https:\/\/blog.holyart.it\/fr\/wp-json\/wp\/v2\/posts\/3439\/revisions\/6189"}],"wp:featuredmedia":[{"embeddable":true,"href":"https:\/\/blog.holyart.it\/fr\/wp-json\/wp\/v2\/media\/3446"}],"wp:attachment":[{"href":"https:\/\/blog.holyart.it\/fr\/wp-json\/wp\/v2\/media?parent=3439"}],"wp:term":[{"taxonomy":"category","embeddable":true,"href":"https:\/\/blog.holyart.it\/fr\/wp-json\/wp\/v2\/categories?post=3439"},{"taxonomy":"post_tag","embeddable":true,"href":"https:\/\/blog.holyart.it\/fr\/wp-json\/wp\/v2\/tags?post=3439"}],"curies":[{"name":"wp","href":"https:\/\/api.w.org\/{rel}","templated":true}]}}