{"id":340,"date":"2017-04-11T17:21:41","date_gmt":"2017-04-11T15:21:41","guid":{"rendered":"https:\/\/blog.holyart.it\/fr\/?p=340"},"modified":"2025-02-12T14:50:01","modified_gmt":"2025-02-12T13:50:01","slug":"conseils-de-pape-francois-careme","status":"publish","type":"post","link":"https:\/\/blog.holyart.it\/fr\/paques\/conseils-de-pape-francois-careme\/","title":{"rendered":"Les conseils de Pape Fran\u00e7ois pour le Car\u00eame"},"content":{"rendered":"<p>Le <span style=\"color: #0000ff;\"><strong><a style=\"color: #0000ff;\" href=\"https:\/\/www.holyart.fr\/occasions-speciales\/paques-et-careme\">Car\u00eame<\/a><\/strong><\/span> est une p\u00e9riode de l\u2019ann\u00e9e liturgique qui pr\u00e9c\u00e8de P\u00e2ques et, dans un certain sens, permet aux fid\u00e8les de se pr\u00e9parer \u00e0 la c\u00e9l\u00e9brer. Il d\u00e9bute le Mercredi des Cendres et se termine avec le Jeudi Saint ; il est caract\u00e9ris\u00e9 par le je\u00fbne et la p\u00e9nitence, la pri\u00e8re et la charit\u00e9 dans un <strong>parcours de purification du corps et de l\u2019\u00e2me<\/strong>.<\/p>\n<p>Mais quelle est donc la meilleure mani\u00e8re d\u2019affronter le Car\u00eame\u00a0? Trop souvent dans la fr\u00e9n\u00e9sie de la vie moderne, distraits par de nombreux probl\u00e8mes et soucis, nous avons la tendance \u00e0 oublier quel est l\u2019esprit authentique de cette p\u00e9riode, qui rappelle et symbolise un moment important dans la vie de J\u00e9sus, i.e. les quarante jours pass\u00e9s dans le d\u00e9sert avant de commencer sa pr\u00e9dication.<\/p>\n<p>Il y a deux ans, <strong>Pape Fran\u00e7ois<\/strong>, dans un de ses discours, a donn\u00e9 une s\u00e9rie de <strong>conseils pr\u00e9cieux pour vivre le Car\u00eame<\/strong>, qui restent valables et d\u2019actualit\u00e9 aujourd\u2019hui comme pour toujours. Dix perles de sagesse et de charit\u00e9 \u00e0 garder \u00e0 l\u2019esprit en cette p\u00e9riode de l\u2019ann\u00e9e plus que jamais.<\/p>\n<p>Nous souhaitons donc les reprendre ici.<\/p>\n<ol>\n<li><strong>Lib\u00e9rez-vous des habitudes paresseuses du mal<\/strong><\/li>\n<\/ol>\n<p>\u00ab\u00a0Le Car\u00eame est une saison \u2018puissante\u2019, un moment cl\u00e9 qui peut renforcer le changement et la conversion de chacun d\u2019entre nous. Il peut nous changer en mieux. Il nous aide \u00e0 laisser derri\u00e8re nous les mauvaises habitudes qui nous rendent d\u00e9pendants du mal\u00a0\u00bb.<\/p>\n<ol start=\"2\">\n<li><strong>Faites quelque chose qui vous cause de la souffrance<\/strong><\/li>\n<\/ol>\n<p>\u00ab\u00a0Le Car\u00eame est une excellent moment pour la n\u00e9gation du soi\u00a0: nous devons comprendre \u00e0 quoi il vaut mieux renoncer afin de nous enrichir et d\u2019enrichir les autres de notre pauvret\u00e9. N\u2019oublions pas que la v\u00e9ritable pauvret\u00e9 fait souffrir. Aucune abn\u00e9gation n\u2019est authentique si elle est d\u00e9pourvue de cette dimension de peine. Je ne crois pas \u00e0 une charit\u00e9 qui ne coute rien et qui ne fait pas souffrir\u00a0\u00bb.<\/p>\n<ol start=\"3\">\n<li><strong>Ne restez pas indiff\u00e9rent<\/strong><\/li>\n<\/ol>\n<p>\u00ab\u00a0L\u2019indiff\u00e9rence envers le prochain et envers Dieu est une tentation forte m\u00eame pour nous les chr\u00e9tiens. Chaque ann\u00e9e, pendant le Car\u00eame, nous devons \u00e9couter une fois de plus les mots des proph\u00e8tes, qui crient \u00e0 notre conscience et la mettent en difficult\u00e9. Dieu n\u2019est pas indiff\u00e9rent \u00e0 ce monde. Il nous aime et il nous a envoy\u00e9 son fils pour notre salut\u00a0\u00bb.<\/p>\n<ol start=\"4\">\n<li><strong>Priez et dites\u00a0:\u00a0\u00ab\u00a0Rends notre c\u0153ur semblable au tien\u00a0!\u00a0\u00bb<\/strong><\/li>\n<\/ol>\n<p>\u00ab\u00a0Pendant le Car\u00eame nous devons demander au Seigneur\u00a0: \u2018Fac cor nostrum secundum cor tuum\u2019, i.e. rends notre c\u0153ur semblable au tien (Litanie du Sacr\u00e9 C\u0153ur de J\u00e9sus). De cette mani\u00e8re nous recevons un c\u0153ur ferme et compatissant, attentionn\u00e9 et g\u00e9n\u00e9reux, un c\u0153ur ouvert, qui n\u2019est pas indiff\u00e9rent et qui n\u2019est pas victime de la globalisation de l\u2019indiff\u00e9rence\u00a0\u00bb.<\/p>\n<ol start=\"5\">\n<li><strong>Participez aux sacrements<\/strong><\/li>\n<\/ol>\n<p>\u00ab\u00a0Le Car\u00eame sert \u00e0 recevoir les sacrements du Christ. \u00c0 chaque fois, nous devons \u00e9couter la parole du Seigneur et recevoir ses b\u00e9n\u00e9dictions. Nous devons nous d\u00e9dier en particulier \u00e0 l\u2019Eucharistie. Nous deviendrons alors ce que nous recevons\u00a0: le corps du Christ\u00a0\u00bb.<\/p>\n<ol start=\"6\">\n<li><strong>Priez (bis)<\/strong><\/li>\n<\/ol>\n<p>\u00ab\u00a0Face \u00e0 toutes plaies qui nous affligent et qui alourdissent nos c\u0153urs, nous sommes appel\u00e9s \u00e0 nous immerger dans la mer de la pri\u00e8re, qui est la mer de l\u2019amour de Dieu, afin de go\u00fbter \u00e0 la saveur de sa tendresse. Le Car\u00eame est une p\u00e9riode de pri\u00e8re, de pri\u00e8re plus intense, plus prolong\u00e9e, plus assidue, plus attentive aux besoins des fr\u00e8res, plus consacr\u00e9e aux saintes et \u00e0 la Vierge afin de surmonter les situations de pauvret\u00e9 et de souffrance\u00a0\u00bb.<\/p>\n<ol start=\"7\">\n<li><strong>Pratiquez le je\u00fbne<\/strong><\/li>\n<\/ol>\n<p>\u00ab\u00a0Nous devons \u00eatre attentifs \u00e0 ne pas pratiquer un je\u00fbne uniquement formel, ou un dans lequel nous nous sentons \u2018satisfaits\u2019 parque que il nous fait du bien. Le fait de je\u00fbner a un sens s\u2019il met en difficult\u00e9 nos s\u00e9curit\u00e9s et s\u2019il apporte des b\u00e9n\u00e9fices aux autres. Il nous aide \u00e0 cultiver le style de vie du bon samaritain, qui se plie devant son fr\u00e8re en difficult\u00e9 et prend soin de lui\u00a0\u00bb.<\/p>\n<ol start=\"8\">\n<li><strong>Pratiquez la charit\u00e9<\/strong><\/li>\n<\/ol>\n<p>\u00ab\u00a0Aujourd\u2019hui la gratuit\u00e9 ne fait pas partie de la vie de tous les jours, dans laquelle tout est achet\u00e9 et vendu. Tout est calcul\u00e9 et mesur\u00e9. La charit\u00e9 nous aide \u00e0 vivre l\u2019exp\u00e9rience de donner avec libert\u00e9, ce qui nous am\u00e8ne par cons\u00e9quent vers une nouvelle libert\u00e9, celle de l\u2019obsession de poss\u00e9der\u00a0; elle nous prive de la peur de perdre ce que nous avons et \u00e9limine la tristesse de ceux qui ne savent pas ou ne veulent pas partager leur richesse avec les autres\u00a0\u00bb.<\/p>\n<ol start=\"9\">\n<li><strong>Aidez les pauvres<\/strong><\/li>\n<\/ol>\n<p>\u00ab\u00a0Parmi les pauvres et les marginaux nous voyons le visage du Christ. En aimant et en aidant les pauvres nous aimons et nous servons le Christ. Nos efforts doivent \u00eatre orient\u00e9s \u00e0 mettre fin aux violations de la dignit\u00e9 humaine, contre la discrimination et l\u2019abus dans le monde, parce que ce sont la cause de l\u2019indigence. Quand le pouvoir, le luxe et l\u2019argent deviennent des idoles, deviennent prioritaires au-del\u00e0 du besoin d\u2019une distribution juste de la richesse. Nos consciences doivent \u00eatre converties \u00e0 la justice, \u00e0 l\u2019\u00e9galit\u00e9, \u00e0 la simplicit\u00e9 et au partage\u00bb.<\/p>\n<ol start=\"10\">\n<li><strong>\u00c9vang\u00e9lisez<\/strong><\/li>\n<\/ol>\n<p>\u00ab\u00a0 Le Seigneur nous demande de devenir h\u00e9rauts joyeux de son message d\u2019espoir et de compassion. Il est excitant de partager la beaut\u00e9 de r\u00e9pandre la bonne nouvelle, de r\u00e9pandre le tr\u00e9sor qui nous a \u00e9t\u00e9 confi\u00e9, de consoler les afflig\u00e9s et d\u2019offrir de l\u2019espoir \u00e0 nos fr\u00e8res et \u00e0 nos soeurs qui se sont perdus dans l\u2019obscurit\u00e9\u00a0\u00bb.<\/p>\n","protected":false},"excerpt":{"rendered":"<p>Le Car\u00eame est une p\u00e9riode de l\u2019ann\u00e9e liturgique qui pr\u00e9c\u00e8de P\u00e2ques et, dans un certain sens, permet aux fid\u00e8les de se pr\u00e9parer \u00e0 la c\u00e9l\u00e9brer. Il d\u00e9bute le Mercredi des Cendres et se termine avec le Jeudi Saint ; il est caract\u00e9ris\u00e9 par le je\u00fbne&hellip;<\/p>\n","protected":false},"author":1,"featured_media":341,"comment_status":"closed","ping_status":"open","sticky":false,"template":"","format":"standard","meta":{"_acf_changed":false,"footnotes":""},"categories":[14,8],"tags":[],"class_list":["post-340","post","type-post","status-publish","format-standard","has-post-thumbnail","hentry","category-paques","category-articles-religieux"],"acf":[],"yoast_head":"<!-- This site is optimized with the Yoast SEO plugin v26.6 - https:\/\/yoast.com\/wordpress\/plugins\/seo\/ -->\n<title>Les conseils de Pape Fran\u00e7ois pour le Car\u00eame - Holyart.fr Blog<\/title>\n<meta name=\"description\" content=\"Il y a deux ans, Pape Fran\u00e7ois, dans un de ses discours, a donn\u00e9 une s\u00e9rie de conseils pr\u00e9cieux pour vivre le Car\u00eame, valables et d\u2019actualit\u00e9.\" \/>\n<meta name=\"robots\" content=\"index, follow, max-snippet:-1, max-image-preview:large, max-video-preview:-1\" \/>\n<link rel=\"canonical\" href=\"https:\/\/blog.holyart.it\/fr\/paques\/conseils-de-pape-francois-careme\/\" \/>\n<meta property=\"og:locale\" content=\"fr_FR\" \/>\n<meta property=\"og:type\" content=\"article\" \/>\n<meta property=\"og:title\" content=\"Les conseils de Pape Fran\u00e7ois pour le Car\u00eame - Holyart.fr Blog\" \/>\n<meta property=\"og:description\" content=\"Il y a deux ans, Pape Fran\u00e7ois, dans un de ses discours, a donn\u00e9 une s\u00e9rie de conseils pr\u00e9cieux pour vivre le Car\u00eame, valables et d\u2019actualit\u00e9.\" \/>\n<meta property=\"og:url\" content=\"https:\/\/blog.holyart.it\/fr\/paques\/conseils-de-pape-francois-careme\/\" \/>\n<meta property=\"og:site_name\" content=\"Holyart.fr Blog\" \/>\n<meta property=\"article:published_time\" content=\"2017-04-11T15:21:41+00:00\" \/>\n<meta property=\"article:modified_time\" content=\"2025-02-12T13:50:01+00:00\" \/>\n<meta property=\"og:image\" content=\"https:\/\/blog.holyart.it\/fr\/wp-content\/uploads\/sites\/14\/2017\/03\/Les-conseils-de-Pape-Fran\u00e7ois-pour-le-Car\u00eame.jpg\" \/>\n\t<meta property=\"og:image:width\" content=\"1000\" \/>\n\t<meta property=\"og:image:height\" content=\"667\" \/>\n\t<meta property=\"og:image:type\" content=\"image\/jpeg\" \/>\n<meta name=\"author\" content=\"Redazione\" \/>\n<meta name=\"twitter:card\" content=\"summary_large_image\" \/>\n<meta name=\"twitter:label1\" content=\"\u00c9crit par\" \/>\n\t<meta name=\"twitter:data1\" content=\"Redazione\" \/>\n\t<meta name=\"twitter:label2\" content=\"Dur\u00e9e de lecture estim\u00e9e\" \/>\n\t<meta name=\"twitter:data2\" content=\"5 minutes\" \/>\n<script type=\"application\/ld+json\" class=\"yoast-schema-graph\">{\"@context\":\"https:\/\/schema.org\",\"@graph\":[{\"@type\":\"Article\",\"@id\":\"https:\/\/blog.holyart.it\/fr\/paques\/conseils-de-pape-francois-careme\/#article\",\"isPartOf\":{\"@id\":\"https:\/\/blog.holyart.it\/fr\/paques\/conseils-de-pape-francois-careme\/\"},\"author\":{\"name\":\"Redazione\",\"@id\":\"https:\/\/blog.holyart.it\/fr\/#\/schema\/person\/0a7b686e5af0f856ec1e390dd0baecda\"},\"headline\":\"Les conseils de Pape Fran\u00e7ois pour le Car\u00eame\",\"datePublished\":\"2017-04-11T15:21:41+00:00\",\"dateModified\":\"2025-02-12T13:50:01+00:00\",\"mainEntityOfPage\":{\"@id\":\"https:\/\/blog.holyart.it\/fr\/paques\/conseils-de-pape-francois-careme\/\"},\"wordCount\":1000,\"publisher\":{\"@id\":\"https:\/\/blog.holyart.it\/fr\/#organization\"},\"image\":{\"@id\":\"https:\/\/blog.holyart.it\/fr\/paques\/conseils-de-pape-francois-careme\/#primaryimage\"},\"thumbnailUrl\":\"https:\/\/blog.holyart.it\/fr\/wp-content\/uploads\/sites\/14\/2017\/03\/Les-conseils-de-Pape-Fran\u00e7ois-pour-le-Car\u00eame.jpg\",\"articleSection\":[\"P\u00e2ques\",\"Religion\"],\"inLanguage\":\"fr-FR\"},{\"@type\":\"WebPage\",\"@id\":\"https:\/\/blog.holyart.it\/fr\/paques\/conseils-de-pape-francois-careme\/\",\"url\":\"https:\/\/blog.holyart.it\/fr\/paques\/conseils-de-pape-francois-careme\/\",\"name\":\"Les conseils de Pape Fran\u00e7ois pour le Car\u00eame - Holyart.fr Blog\",\"isPartOf\":{\"@id\":\"https:\/\/blog.holyart.it\/fr\/#website\"},\"primaryImageOfPage\":{\"@id\":\"https:\/\/blog.holyart.it\/fr\/paques\/conseils-de-pape-francois-careme\/#primaryimage\"},\"image\":{\"@id\":\"https:\/\/blog.holyart.it\/fr\/paques\/conseils-de-pape-francois-careme\/#primaryimage\"},\"thumbnailUrl\":\"https:\/\/blog.holyart.it\/fr\/wp-content\/uploads\/sites\/14\/2017\/03\/Les-conseils-de-Pape-Fran\u00e7ois-pour-le-Car\u00eame.jpg\",\"datePublished\":\"2017-04-11T15:21:41+00:00\",\"dateModified\":\"2025-02-12T13:50:01+00:00\",\"description\":\"Il y a deux ans, Pape Fran\u00e7ois, dans un de ses discours, a donn\u00e9 une s\u00e9rie de conseils pr\u00e9cieux pour vivre le Car\u00eame, valables et d\u2019actualit\u00e9.\",\"breadcrumb\":{\"@id\":\"https:\/\/blog.holyart.it\/fr\/paques\/conseils-de-pape-francois-careme\/#breadcrumb\"},\"inLanguage\":\"fr-FR\",\"potentialAction\":[{\"@type\":\"ReadAction\",\"target\":[\"https:\/\/blog.holyart.it\/fr\/paques\/conseils-de-pape-francois-careme\/\"]}]},{\"@type\":\"ImageObject\",\"inLanguage\":\"fr-FR\",\"@id\":\"https:\/\/blog.holyart.it\/fr\/paques\/conseils-de-pape-francois-careme\/#primaryimage\",\"url\":\"https:\/\/blog.holyart.it\/fr\/wp-content\/uploads\/sites\/14\/2017\/03\/Les-conseils-de-Pape-Fran\u00e7ois-pour-le-Car\u00eame.jpg\",\"contentUrl\":\"https:\/\/blog.holyart.it\/fr\/wp-content\/uploads\/sites\/14\/2017\/03\/Les-conseils-de-Pape-Fran\u00e7ois-pour-le-Car\u00eame.jpg\",\"width\":1000,\"height\":667,\"caption\":\"Les conseils de Pape Fran\u00e7ois pour le Car\u00eame\"},{\"@type\":\"BreadcrumbList\",\"@id\":\"https:\/\/blog.holyart.it\/fr\/paques\/conseils-de-pape-francois-careme\/#breadcrumb\",\"itemListElement\":[{\"@type\":\"ListItem\",\"position\":1,\"name\":\"Homepage\",\"item\":\"https:\/\/blog.holyart.it\/fr\/\"},{\"@type\":\"ListItem\",\"position\":2,\"name\":\"P\u00e2ques\",\"item\":\"https:\/\/blog.holyart.it\/fr\/paques\/\"},{\"@type\":\"ListItem\",\"position\":3,\"name\":\"Les conseils de Pape Fran\u00e7ois pour le Car\u00eame\"}]},{\"@type\":\"WebSite\",\"@id\":\"https:\/\/blog.holyart.it\/fr\/#website\",\"url\":\"https:\/\/blog.holyart.it\/fr\/\",\"name\":\"Holyart.fr Blog\",\"description\":\"Holyblog\",\"publisher\":{\"@id\":\"https:\/\/blog.holyart.it\/fr\/#organization\"},\"potentialAction\":[{\"@type\":\"SearchAction\",\"target\":{\"@type\":\"EntryPoint\",\"urlTemplate\":\"https:\/\/blog.holyart.it\/fr\/?s={search_term_string}\"},\"query-input\":{\"@type\":\"PropertyValueSpecification\",\"valueRequired\":true,\"valueName\":\"search_term_string\"}}],\"inLanguage\":\"fr-FR\"},{\"@type\":\"Organization\",\"@id\":\"https:\/\/blog.holyart.it\/fr\/#organization\",\"name\":\"Holyart.fr Blog\",\"url\":\"https:\/\/blog.holyart.it\/fr\/\",\"logo\":{\"@type\":\"ImageObject\",\"inLanguage\":\"fr-FR\",\"@id\":\"https:\/\/blog.holyart.it\/fr\/#\/schema\/logo\/image\/\",\"url\":\"https:\/\/blog.holyart.it\/fr\/wp-content\/uploads\/sites\/14\/2022\/12\/Holyart_Blog_Logo.jpg\",\"contentUrl\":\"https:\/\/blog.holyart.it\/fr\/wp-content\/uploads\/sites\/14\/2022\/12\/Holyart_Blog_Logo.jpg\",\"width\":300,\"height\":50,\"caption\":\"Holyart.fr Blog\"},\"image\":{\"@id\":\"https:\/\/blog.holyart.it\/fr\/#\/schema\/logo\/image\/\"}},{\"@type\":\"Person\",\"@id\":\"https:\/\/blog.holyart.it\/fr\/#\/schema\/person\/0a7b686e5af0f856ec1e390dd0baecda\",\"name\":\"Redazione\",\"image\":{\"@type\":\"ImageObject\",\"inLanguage\":\"fr-FR\",\"@id\":\"https:\/\/blog.holyart.it\/fr\/#\/schema\/person\/image\/\",\"url\":\"https:\/\/secure.gravatar.com\/avatar\/f477da817f43e50d0af36abecd33e3edf826c68299714bdc1057dff3b113f516?s=96&d=mm&r=g\",\"contentUrl\":\"https:\/\/secure.gravatar.com\/avatar\/f477da817f43e50d0af36abecd33e3edf826c68299714bdc1057dff3b113f516?s=96&d=mm&r=g\",\"caption\":\"Redazione\"},\"url\":\"https:\/\/blog.holyart.it\/fr\/author\/admin\/\"}]}<\/script>\n<!-- \/ Yoast SEO plugin. -->","yoast_head_json":{"title":"Les conseils de Pape Fran\u00e7ois pour le Car\u00eame - Holyart.fr Blog","description":"Il y a deux ans, Pape Fran\u00e7ois, dans un de ses discours, a donn\u00e9 une s\u00e9rie de conseils pr\u00e9cieux pour vivre le Car\u00eame, valables et d\u2019actualit\u00e9.","robots":{"index":"index","follow":"follow","max-snippet":"max-snippet:-1","max-image-preview":"max-image-preview:large","max-video-preview":"max-video-preview:-1"},"canonical":"https:\/\/blog.holyart.it\/fr\/paques\/conseils-de-pape-francois-careme\/","og_locale":"fr_FR","og_type":"article","og_title":"Les conseils de Pape Fran\u00e7ois pour le Car\u00eame - Holyart.fr Blog","og_description":"Il y a deux ans, Pape Fran\u00e7ois, dans un de ses discours, a donn\u00e9 une s\u00e9rie de conseils pr\u00e9cieux pour vivre le Car\u00eame, valables et d\u2019actualit\u00e9.","og_url":"https:\/\/blog.holyart.it\/fr\/paques\/conseils-de-pape-francois-careme\/","og_site_name":"Holyart.fr Blog","article_published_time":"2017-04-11T15:21:41+00:00","article_modified_time":"2025-02-12T13:50:01+00:00","og_image":[{"width":1000,"height":667,"url":"https:\/\/blog.holyart.it\/fr\/wp-content\/uploads\/sites\/14\/2017\/03\/Les-conseils-de-Pape-Fran\u00e7ois-pour-le-Car\u00eame.jpg","type":"image\/jpeg"}],"author":"Redazione","twitter_card":"summary_large_image","twitter_misc":{"\u00c9crit par":"Redazione","Dur\u00e9e de lecture estim\u00e9e":"5 minutes"},"schema":{"@context":"https:\/\/schema.org","@graph":[{"@type":"Article","@id":"https:\/\/blog.holyart.it\/fr\/paques\/conseils-de-pape-francois-careme\/#article","isPartOf":{"@id":"https:\/\/blog.holyart.it\/fr\/paques\/conseils-de-pape-francois-careme\/"},"author":{"name":"Redazione","@id":"https:\/\/blog.holyart.it\/fr\/#\/schema\/person\/0a7b686e5af0f856ec1e390dd0baecda"},"headline":"Les conseils de Pape Fran\u00e7ois pour le Car\u00eame","datePublished":"2017-04-11T15:21:41+00:00","dateModified":"2025-02-12T13:50:01+00:00","mainEntityOfPage":{"@id":"https:\/\/blog.holyart.it\/fr\/paques\/conseils-de-pape-francois-careme\/"},"wordCount":1000,"publisher":{"@id":"https:\/\/blog.holyart.it\/fr\/#organization"},"image":{"@id":"https:\/\/blog.holyart.it\/fr\/paques\/conseils-de-pape-francois-careme\/#primaryimage"},"thumbnailUrl":"https:\/\/blog.holyart.it\/fr\/wp-content\/uploads\/sites\/14\/2017\/03\/Les-conseils-de-Pape-Fran\u00e7ois-pour-le-Car\u00eame.jpg","articleSection":["P\u00e2ques","Religion"],"inLanguage":"fr-FR"},{"@type":"WebPage","@id":"https:\/\/blog.holyart.it\/fr\/paques\/conseils-de-pape-francois-careme\/","url":"https:\/\/blog.holyart.it\/fr\/paques\/conseils-de-pape-francois-careme\/","name":"Les conseils de Pape Fran\u00e7ois pour le Car\u00eame - Holyart.fr Blog","isPartOf":{"@id":"https:\/\/blog.holyart.it\/fr\/#website"},"primaryImageOfPage":{"@id":"https:\/\/blog.holyart.it\/fr\/paques\/conseils-de-pape-francois-careme\/#primaryimage"},"image":{"@id":"https:\/\/blog.holyart.it\/fr\/paques\/conseils-de-pape-francois-careme\/#primaryimage"},"thumbnailUrl":"https:\/\/blog.holyart.it\/fr\/wp-content\/uploads\/sites\/14\/2017\/03\/Les-conseils-de-Pape-Fran\u00e7ois-pour-le-Car\u00eame.jpg","datePublished":"2017-04-11T15:21:41+00:00","dateModified":"2025-02-12T13:50:01+00:00","description":"Il y a deux ans, Pape Fran\u00e7ois, dans un de ses discours, a donn\u00e9 une s\u00e9rie de conseils pr\u00e9cieux pour vivre le Car\u00eame, valables et d\u2019actualit\u00e9.","breadcrumb":{"@id":"https:\/\/blog.holyart.it\/fr\/paques\/conseils-de-pape-francois-careme\/#breadcrumb"},"inLanguage":"fr-FR","potentialAction":[{"@type":"ReadAction","target":["https:\/\/blog.holyart.it\/fr\/paques\/conseils-de-pape-francois-careme\/"]}]},{"@type":"ImageObject","inLanguage":"fr-FR","@id":"https:\/\/blog.holyart.it\/fr\/paques\/conseils-de-pape-francois-careme\/#primaryimage","url":"https:\/\/blog.holyart.it\/fr\/wp-content\/uploads\/sites\/14\/2017\/03\/Les-conseils-de-Pape-Fran\u00e7ois-pour-le-Car\u00eame.jpg","contentUrl":"https:\/\/blog.holyart.it\/fr\/wp-content\/uploads\/sites\/14\/2017\/03\/Les-conseils-de-Pape-Fran\u00e7ois-pour-le-Car\u00eame.jpg","width":1000,"height":667,"caption":"Les conseils de Pape Fran\u00e7ois pour le Car\u00eame"},{"@type":"BreadcrumbList","@id":"https:\/\/blog.holyart.it\/fr\/paques\/conseils-de-pape-francois-careme\/#breadcrumb","itemListElement":[{"@type":"ListItem","position":1,"name":"Homepage","item":"https:\/\/blog.holyart.it\/fr\/"},{"@type":"ListItem","position":2,"name":"P\u00e2ques","item":"https:\/\/blog.holyart.it\/fr\/paques\/"},{"@type":"ListItem","position":3,"name":"Les conseils de Pape Fran\u00e7ois pour le Car\u00eame"}]},{"@type":"WebSite","@id":"https:\/\/blog.holyart.it\/fr\/#website","url":"https:\/\/blog.holyart.it\/fr\/","name":"Holyart.fr Blog","description":"Holyblog","publisher":{"@id":"https:\/\/blog.holyart.it\/fr\/#organization"},"potentialAction":[{"@type":"SearchAction","target":{"@type":"EntryPoint","urlTemplate":"https:\/\/blog.holyart.it\/fr\/?s={search_term_string}"},"query-input":{"@type":"PropertyValueSpecification","valueRequired":true,"valueName":"search_term_string"}}],"inLanguage":"fr-FR"},{"@type":"Organization","@id":"https:\/\/blog.holyart.it\/fr\/#organization","name":"Holyart.fr Blog","url":"https:\/\/blog.holyart.it\/fr\/","logo":{"@type":"ImageObject","inLanguage":"fr-FR","@id":"https:\/\/blog.holyart.it\/fr\/#\/schema\/logo\/image\/","url":"https:\/\/blog.holyart.it\/fr\/wp-content\/uploads\/sites\/14\/2022\/12\/Holyart_Blog_Logo.jpg","contentUrl":"https:\/\/blog.holyart.it\/fr\/wp-content\/uploads\/sites\/14\/2022\/12\/Holyart_Blog_Logo.jpg","width":300,"height":50,"caption":"Holyart.fr Blog"},"image":{"@id":"https:\/\/blog.holyart.it\/fr\/#\/schema\/logo\/image\/"}},{"@type":"Person","@id":"https:\/\/blog.holyart.it\/fr\/#\/schema\/person\/0a7b686e5af0f856ec1e390dd0baecda","name":"Redazione","image":{"@type":"ImageObject","inLanguage":"fr-FR","@id":"https:\/\/blog.holyart.it\/fr\/#\/schema\/person\/image\/","url":"https:\/\/secure.gravatar.com\/avatar\/f477da817f43e50d0af36abecd33e3edf826c68299714bdc1057dff3b113f516?s=96&d=mm&r=g","contentUrl":"https:\/\/secure.gravatar.com\/avatar\/f477da817f43e50d0af36abecd33e3edf826c68299714bdc1057dff3b113f516?s=96&d=mm&r=g","caption":"Redazione"},"url":"https:\/\/blog.holyart.it\/fr\/author\/admin\/"}]}},"_links":{"self":[{"href":"https:\/\/blog.holyart.it\/fr\/wp-json\/wp\/v2\/posts\/340","targetHints":{"allow":["GET"]}}],"collection":[{"href":"https:\/\/blog.holyart.it\/fr\/wp-json\/wp\/v2\/posts"}],"about":[{"href":"https:\/\/blog.holyart.it\/fr\/wp-json\/wp\/v2\/types\/post"}],"author":[{"embeddable":true,"href":"https:\/\/blog.holyart.it\/fr\/wp-json\/wp\/v2\/users\/1"}],"replies":[{"embeddable":true,"href":"https:\/\/blog.holyart.it\/fr\/wp-json\/wp\/v2\/comments?post=340"}],"version-history":[{"count":1,"href":"https:\/\/blog.holyart.it\/fr\/wp-json\/wp\/v2\/posts\/340\/revisions"}],"predecessor-version":[{"id":9848,"href":"https:\/\/blog.holyart.it\/fr\/wp-json\/wp\/v2\/posts\/340\/revisions\/9848"}],"wp:featuredmedia":[{"embeddable":true,"href":"https:\/\/blog.holyart.it\/fr\/wp-json\/wp\/v2\/media\/341"}],"wp:attachment":[{"href":"https:\/\/blog.holyart.it\/fr\/wp-json\/wp\/v2\/media?parent=340"}],"wp:term":[{"taxonomy":"category","embeddable":true,"href":"https:\/\/blog.holyart.it\/fr\/wp-json\/wp\/v2\/categories?post=340"},{"taxonomy":"post_tag","embeddable":true,"href":"https:\/\/blog.holyart.it\/fr\/wp-json\/wp\/v2\/tags?post=340"}],"curies":[{"name":"wp","href":"https:\/\/api.w.org\/{rel}","templated":true}]}}