{"id":3394,"date":"2021-09-09T10:00:34","date_gmt":"2021-09-09T08:00:34","guid":{"rendered":"https:\/\/blog.holyart.it\/fr\/?p=3394"},"modified":"2022-10-18T12:22:57","modified_gmt":"2022-10-18T10:22:57","slug":"mere-teresa-symbole-de-charite","status":"publish","type":"post","link":"https:\/\/blog.holyart.it\/fr\/articles-religieux\/mere-teresa-symbole-de-charite\/","title":{"rendered":"M\u00e8re Teresa : symbole de charit\u00e9"},"content":{"rendered":"<h4>Une nouvelle ann\u00e9e vient de commencer. C\u2019est le moment des bilans et des bons propos. Et si notre propos le plus important et le plus sinc\u00e8re \u00e9tait la charit\u00e9 envers les autres\u00a0? M\u00e8re Teresa de Calcutta est une r\u00e9f\u00e9rence \u00e0 ce niveau-l\u00e0.<\/h4>\n\n<p>Pourquoi commencer l\u2019ann\u00e9e en parlant de <a href=\"https:\/\/www.holyart.fr\/blog\/saints-et-bienheureux\/lhistoire-de-mere-teresa-de-calcutta\/\"><strong>M\u00e8re Teresa de Calcutta<\/strong><\/a> ? La p\u00e9riode des F\u00eates pr\u00e9dispose chacun de nous \u00e0 r\u00e9fl\u00e9chir \u00e0 des nombreux aspects de la vie sur lesquels nous avons tendance \u00e0 ne pas trop nous attarder pendant le restant de l\u2019ann\u00e9e. C\u2019est probablement la proximit\u00e9 avec les amis et les parents, voire avec des personnes que nous ne fr\u00e9quentons pas habituellement pour manque de temps ou pour probl\u00e8mes de distance.<\/p>\n<div class=\"link-article\">\n<p><img loading=\"lazy\" decoding=\"async\" class=\"alignleft size-full wp-image-3395\" src=\"https:\/\/blog.holyart.it\/fr\/wp-content\/uploads\/sites\/14\/2021\/09\/histoire-de-mere-teresa-de-calcutta.jpg\" alt=\"histoire de mere teresa de calcutta\" width=\"150\" height=\"99\" data-kale-share-title=\"M\u00e8re Teresa : symbole de charit\u00e9\" data-kale-share-url=\"https:\/\/blog.holyart.it\/fr\/?p=3394\" \/><\/p>\n<div class=\"leggi-anche\">Lire aussi :<\/div>\n<p><strong><a href=\"https:\/\/www.holyart.fr\/blog\/saints-et-bienheureux\/lhistoire-de-mere-teresa-de-calcutta\/\">L\u2019histoire de M\u00e8re Teresa de Calcutta<\/a><\/strong><br \/>\nDe M\u00e8re Teresa de Calcutta on s\u2019en souvient toujours comme de quelqu\u2019un dot\u00e9e d\u2019une volont\u00e9 infatigable d\u2019aider les derniers, les d\u00e9favoris\u00e9s, les pauvres&#8230;<\/p>\n<\/div>\n<p>La vie moderne est \u00e9trange, souvent m\u00eame cruelle. M\u00eame <a href=\"https:\/\/www.holyart.fr\/noel\"><strong>No\u00ebl<\/strong><\/a>, dans nos villes, semble perdre sa connotation de f\u00eate religieuse, en se r\u00e9duisant \u00e0 une occasion de consum\u00e9risme et de gaspillage. Les lumi\u00e8res \u00e9tincelantes dans les magasins, les luminaires qui \u00e9clairent les rues comme en plein jour devraient nous rappeler la naissance de J\u00e9sus, le don immense que Dieu nous a offert en envoyant Son Fils vivre parmi nous, mourir parmi nous. Souvent, par contre, trop souvent m\u00eame, ces lumi\u00e8res ne sont qu\u2019une invitation \u00e0 acheter, \u00e0 faire des cadeaux m\u00eame chers qui la plupart du temps ne sont m\u00eame pas des dons, puisqu\u2019ils ne viennent pas du c\u0153ur. La m\u00eame sensation de chaleur, le fait de \u00ab\u00a0se sentir plus bons\u00a0\u00bb, reste trop fr\u00e9quemment une manifestation superficielle, qui ne se manifeste d\u2019aucune mani\u00e8re. On mange, on boit, on \u00e9change des cadeaux et apr\u00e8s on retourne tous \u00e0 nos vies respectives, dans lesquelles il n\u2019y a pas place pour les personnes qui sont \u00e0 nos c\u00f4t\u00e9s et donc encore moins pour ceux qui sont un peu plus loin.<\/p>\n<p>Et pourtant No\u00ebl nous am\u00e8ne \u00e0 r\u00e9fl\u00e9chir, et heureusement ! Car pour ceux qui croient vraiment, c\u2019est le moment o\u00f9, plus qu\u2019\u00e0 n\u2019importe quelle autre p\u00e9riode de l\u2019ann\u00e9e, nous pouvons et devons accueillir l\u2019Amour de Dieu. Au moment m\u00eame o\u00f9 cet amour unique et sp\u00e9cial entre dans nos vies et dans nos maisons, nous en devenons un instrument, des petites voix, pr\u00e9cieuses, dans un ch\u0153ur qui chante la justice, la paix, la v\u00e9rit\u00e9 pour tous les hommes du monde.<\/p>\n<p>Surtout, le renouvellement du miracle de la naissance de J\u00e9sus, de cet Enfant pur et innocent devant lequel bergers et Rois Mages se prosternent de la m\u00eame mani\u00e8re, devrait r\u00e9veiller la meilleure partie de nous-m\u00eame, que la th\u00e9ologie chr\u00e9tienne a voulu d\u00e9finir avec les <strong>vertus th\u00e9ologales<\/strong>, i.e. ces vertus qui devraient \u00eatre \u00e0 la base du vivre chr\u00e9tien et du rapport de chaque homme avec Dieu.<\/p>\n<p>Dans la premi\u00e8re lettre aux Corinthiens, nous lisons : \u00ab\u00a0<em>Maintenant donc ces trois choses demeurent: <strong>la foi, l&rsquo;esp\u00e9rance, la charit\u00e9;<\/strong> mais la plus grande de ces choses, c&rsquo;est la <strong>charit\u00e9<\/strong>.<\/em>\u00a0\u00bb (1 Corinthiens 13,13)<\/p>\n<div class=\"link-product\">\n<div class=\"blocco-immagine\"><img loading=\"lazy\" decoding=\"async\" class=\"alignleft size-full wp-image-3396\" src=\"https:\/\/blog.holyart.it\/fr\/wp-content\/uploads\/sites\/14\/2021\/09\/Collier-trois-charms.jpg\" alt=\"Collier trois charms\" width=\"100\" height=\"100\" data-kale-share-title=\"M\u00e8re Teresa : symbole de charit\u00e9\" data-kale-share-url=\"https:\/\/blog.holyart.it\/fr\/?p=3394\" \/><\/div>\n<div class=\"blocco-contenuto\">\n<div class=\"blocco-acquista\">Acheter sur Holyart:<\/div>\n<div class=\"blocco-titolo\"><a href=\"https:\/\/www.holyart.fr\/articles-religieux\/bijoux-religieux\/pendentifs-croix-et-broches\/collier-trois-charms-foi-espoir-et-charite-argent-925-amen\">Collier trois charms Foi, Espoir et Charit\u00e9 argent 925 AMEN<\/a><\/div>\n<div class=\"blocco-descrizione\">Collier Amen en argent 925 rhodi\u00e9.<\/div>\n<\/div>\n<\/div>\n<p>Voici les vertus th\u00e9ologales : la <strong>Foi<\/strong>, gr\u00e2ce \u00e0 laquelle l\u2019homme repose enti\u00e8rement sur Dieu, en croyant \u00e0 tout ce qu\u2019Il lui a r\u00e9v\u00e9l\u00e9\u00a0; l\u2019<strong>Esp\u00e9rance<\/strong>, i.e. la confiance en la promesse de la vie \u00e9ternelle et l\u2019engagement \u00e0 vivre de mani\u00e8re \u00e0 la m\u00e9riter\u00a0; la <strong>Charit\u00e9<\/strong>, obligation et point de d\u00e9part, mais aussi d\u2019arriv\u00e9, des autres vertus. C\u2019est sur cette derni\u00e8re que nous souhaitons nous attarder dans cet article.<\/p>\n<h2>Mais qu\u2019est-ce que c\u2019est la charit\u00e9\u00a0?<\/h2>\n<p>Nous avons d\u00e9j\u00e0 affront\u00e9 pr\u00e9c\u00e9demment le concept de charit\u00e9 chr\u00e9tienne, en r\u00e9fl\u00e9chissant sur comment elle n\u2019a pas \u00e0 \u00eatre confondue avec le simple acte de faire l\u2019aum\u00f4ne.<\/p>\n<p><strong>La charit\u00e9 est la vertu au nom de laquelle l\u2019homme aime Dieu au-dessus de toute autre chose et son prochain comme soi-m\u00eame.<\/strong><\/p>\n<p>C\u2019est J\u00e9sus en personne qui a communiqu\u00e9 ce nouveau commandement \u00e0 ses disciples :<br \/>\n<em>\u00ab\u00a0J\u00e9sus dit: Maintenant, le Fils de l&rsquo;homme a \u00e9t\u00e9 glorifi\u00e9, et Dieu a \u00e9t\u00e9 glorifi\u00e9 en lui. Si Dieu a \u00e9t\u00e9 glorifi\u00e9 en lui, Dieu aussi le glorifiera en lui-m\u00eame, et il le glorifiera bient\u00f4t. Mes petits enfants, je suis pour peu de temps encore avec vous. <strong>Je vous donne un commandement nouveau: Aimez-vous les uns les autres; comme je vous ai aim\u00e9s, vous aussi, aimez-vous les uns les autres<\/strong>. A ceci tous conna\u00eetront que vous \u00eates mes disciples, si vous avez de l&rsquo;amour les uns pour les autres.\u00a0\u00bb<\/em> (Jean 13, 31-33\u00a0; 34-35)<\/p>\n<p><em>La charit\u00e9 est donc avant tout <strong>amour<\/strong>. Amour pour les autres, pour ceux qui sont proches, mais \u00e9galement pour ceux qui ne le sont pas, mais qui ont besoin de notre aide, de notre amour justement. Un amour qui doit \u00eatre gratuit, authentique, offert et v\u00e9cu au nom de J\u00e9sus, avec le sourire aux l\u00e8vres et le c\u0153ur l\u00e9ger et plein de bonheur.<\/em><\/p>\n<p>Pour cette raison, <a href=\"https:\/\/www.holyart.fr\/blog\/articles-religieux\/faire-laumone-est-ce-de-la-charite\/\"><strong>en parlant de la diff\u00e9rence entre charit\u00e9 et aum\u00f4ne<\/strong><\/a>, nous nous sommes attard\u00e9s sur le fait que trop souvent cette derni\u00e8re est prise pour un geste d\u2019amour et de g\u00e9n\u00e9rosit\u00e9, tandis que, malheureusement, elle n\u2019est qu\u2019un moyen pour y trouver l\u2019apaisement de notre conscience avec le moins d\u2019effort possible. La charit\u00e9 n\u2019est pas seulement donner quelques monnaies qui nous p\u00e8sent en poche. C\u2019est <strong>accueil, disponibilit\u00e9, volont\u00e9 de trouver le temps et l\u2019\u00e9nergie \u00e0 d\u00e9dier au prochain, en s\u2019en en privant<\/strong>, en sacrifiant ce que nous aimons faire et avoir afin de nous mettre au service des autres, des pauvres, des n\u00e9cessiteux, au nom d\u2019un sens de justice sup\u00e9rieur, d\u2019une aspiration \u00e0 ce qui est juste, bon, beau.<\/p>\n<div class=\"link-article\">\n<p><img loading=\"lazy\" decoding=\"async\" class=\"alignleft size-full wp-image-3397\" src=\"https:\/\/blog.holyart.it\/fr\/wp-content\/uploads\/sites\/14\/2021\/09\/laumone.jpg\" alt=\"l'aumone\" width=\"150\" height=\"99\" data-kale-share-title=\"M\u00e8re Teresa : symbole de charit\u00e9\" data-kale-share-url=\"https:\/\/blog.holyart.it\/fr\/?p=3394\" \/><\/p>\n<div class=\"leggi-anche\">Lire aussi :<\/div>\n<p><strong><a href=\"https:\/\/www.holyart.fr\/blog\/articles-religieux\/faire-laumone-est-ce-de-la-charite\/\">Faire l\u2019aum\u00f4ne : est-ce de la charit\u00e9 ?<\/a><\/strong><br \/>\nL\u2019aum\u00f4ne aux pauvres est une manifestation de mis\u00e9ricorde strictement li\u00e9e aux devoirs d\u2019un bon chr\u00e9tien&#8230;<\/p>\n<\/div>\n<h2>M\u00e8re Teresa de Calcutta et son oeuvre de charit\u00e9<\/h2>\n<p>Venons-en \u00e0 <strong>M\u00e8re Teresa de Calcutta<\/strong>. Qui mieux qu\u2019elle peut repr\u00e9senter l\u2019exemple le plus brillant et le plus embl\u00e9matique de la charit\u00e9 chr\u00e9tienne\u00a0? Sa charit\u00e9 est connue par tous\u00a0: comment depuis son plus jeune \u00e2ge elle a manifest\u00e9 sa vocation au bien, comment, missionnaire en Inde, elle a re\u00e7u ce qu\u2019elle d\u00e9finissait comme la <em>vocation des vocations<\/em>, qui la poussa \u00e0 abandonner la tranquillit\u00e9 du couvent pour s\u2019immerger dans la v\u00e9ritable pauvret\u00e9, en se m\u00e9langeant aux derniers des derniers, en en cueillant la souffrance et en s\u2019en appropriant.<\/p>\n<p>Qui mieux qu\u2019elle peut nous fournir l\u2019exemple de ce que c\u2019est la charit\u00e9, la v\u00e9ritable charit\u00e9, de l\u2019amour qui ne s\u2019\u00e9pargne pas, qui n\u2019est pas \u00e9conomis\u00e9, octroy\u00e9 sur base des besoins effectifs et selon des modalit\u00e9s bien d\u00e9finies et pr\u00e9cises\u00a0?<\/p>\n<div class=\"link-product\">\n<div class=\"blocco-immagine\"><img loading=\"lazy\" decoding=\"async\" class=\"alignleft size-full wp-image-3398\" src=\"https:\/\/blog.holyart.it\/fr\/wp-content\/uploads\/sites\/14\/2021\/09\/M\u00e8re-T\u00e9r\u00e8se-de-Calcutta-r\u00e9sine.jpg\" alt=\"M\u00e8re T\u00e9r\u00e8se de Calcutta r\u00e9sine\" width=\"100\" height=\"100\" data-kale-share-title=\"M\u00e8re Teresa : symbole de charit\u00e9\" data-kale-share-url=\"https:\/\/blog.holyart.it\/fr\/?p=3394\" \/><\/div>\n<div class=\"blocco-contenuto\">\n<div class=\"blocco-acquista\">Acheter sur Holyart:<\/div>\n<div class=\"blocco-titolo\"><a href=\"https:\/\/www.holyart.fr\/articles-religieux\/statues\/statues-en-resine-et-pvc\/mere-terese-de-calcutta-50-cm-resine\">M\u00e8re T\u00e9r\u00e8se de Calcutta 50 cm r\u00e9sine<\/a><\/div>\n<div class=\"blocco-descrizione\">Statue en r\u00e9sine peinte \u00e0 la main avec soin dans tous les d\u00e9tails.<\/div>\n<\/div>\n<\/div>\n<p>M\u00e8re Teresa entretenait des rapports avec les chefs d\u2019\u00e9tat et les rois, collaborait avec des personnalit\u00e9s locales et \u00e9trang\u00e8res afin d\u2019ouvrir et de g\u00e9rer des centres d\u2019accueil et de soin pour les pauvres, les malades, les l\u00e9preux. Mais il serait blasph\u00e9matoire de vouloir consid\u00e9rer son \u0153uvre comme une \u00ab\u00a0affaire\u00a0\u00bb de n\u2019importe quel genre. Au contraire, \u00e0 travers sa mis\u00e9ricorde sans limites, sa charit\u00e9 faite de pri\u00e8re, mais surtout d\u2019action, M\u00e8re Teresa a d\u00e9nonc\u00e9 pendant des ann\u00e9es ceux qui avec des petites ou des grandes actions avaient d\u00e9termin\u00e9 ces situations de d\u00e9gradation et de souffrance dans lesquelles elle vivait, \u00e0 c\u00f4t\u00e9 de gens qui avaient tout perdu, m\u00eame leur dignit\u00e9 d\u2019\u00eatres humains. Elle, cette petite s\u0153ur infatigable, a lutt\u00e9 contre l\u2019hypocrisie de ceux qui pr\u00e9f\u00e8rent se tourner de l\u2019autre c\u00f4t\u00e9, en se cachant derri\u00e8re des excuses pratiques afin de ne pas reconna\u00eetre leurs responsabilit\u00e9s, ou simplement leur \u00e9go\u00efsme et leur petitesse. Elle, elle a pris le nouveau commandement de J\u00e9sus et elle l\u2019a v\u00e9cu sur sa propre peau, sur sa chair, jour apr\u00e8s jour, jusqu\u2019\u00e0 sa mort, en aimant tous ceux qui passaient sur son chemin, comme J\u00e9sus les auraient aim\u00e9s, en les accueillant, en les pardonnant, en remettant leurs p\u00e9ch\u00e9s, en en prenant soin comme des fr\u00e8res, des s\u0153urs ou des fils.<\/p>\n<p>Comme J\u00e9sus a \u00e9t\u00e9 Ma\u00eetre d\u2019amour, ainsi M\u00e8re Teresa a enseign\u00e9 aux gens comment vivre cet amour de la mani\u00e8re la plus compl\u00e8te et la plus authentique.<\/p>\n<h2>Bonnes r\u00e9solutions pour la nouvelle ann\u00e9e<\/h2>\n<p>En revenant aux bonnes r\u00e9solutions pour la nouvelle ann\u00e9e, comment pouvons-nous accomplir des \u0153uvres de charit\u00e9 envers les autres ? Il y a de nombreux moyens pour manifester la charit\u00e9, plein de petits gestes quotidiens pour la vivre chaque jour, en la transformant en un t\u00e9moignage de foi. Il n\u2019est pas si difficile de laisser entrer J\u00e9sus dans notre vie et d\u2019en faire notre mod\u00e8le d\u2019amour. Une fois que nous d\u00e9dions temps et \u00e9nergie \u00e0 quelqu\u2019un, en les enlevant \u00e0 nous-m\u00eame, sans avantage personnel, sans arri\u00e8re-pens\u00e9es, nous sommes en train d\u2019accomplir un acte de charit\u00e9. Si nous apportons du r\u00e9confort \u00e0 quelqu\u2019un qui souffre, avec notre proximit\u00e9, nos mots, mais aussi avec nos gestes et notre aide pratique, nous agissons selon la charit\u00e9 et la mis\u00e9ricorde que J\u00e9sus a voulu comme base de notre vivre ensemble.<\/p>\n<p>Si nous voyons de l\u2019injustice autour de nous, si nous nous apercevons que quelqu\u2019un ne vit pas dignement, qu\u2019il souffre \u00e0 cause de privations et de manques, et nous intervenons afin d\u2019am\u00e9liorer sa condition, nous accomplissons un acte de charit\u00e9. Tout le monde devrait avoir de quoi vivre dignement, car Dieu a cr\u00e9\u00e9 le monde pour que tous puissent en jouir.<\/p>\n<div class=\"link-product\">\n<div class=\"blocco-immagine\"><img loading=\"lazy\" decoding=\"async\" class=\"alignleft size-full wp-image-3399\" src=\"https:\/\/blog.holyart.it\/fr\/wp-content\/uploads\/sites\/14\/2021\/09\/sac-aumone-avec-fermeture.jpg\" alt=\"sac aumone avec fermeture\" width=\"100\" height=\"100\" data-kale-share-title=\"M\u00e8re Teresa : symbole de charit\u00e9\" data-kale-share-url=\"https:\/\/blog.holyart.it\/fr\/?p=3394\" \/><\/div>\n<div class=\"blocco-contenuto\">\n<div class=\"blocco-acquista\">Acheter sur Holyart:<\/div>\n<div class=\"blocco-titolo\"><a href=\"https:\/\/www.holyart.fr\/accessoires-pour-la-liturgie\/accessoires-varies\/sac-aumone-avec-fermeture\">Sac aum\u00f4ne avec fermeture<\/a><\/div>\n<div class=\"blocco-descrizione\">Le sac est en tissu sky noir avec une ouverture sur la partie sup\u00e9rieure qui emp\u00eache \u00e0 l&rsquo;argent de sortir.<\/div>\n<\/div>\n<\/div>\n<p>Notre sacrifice, le geste, l\u2019offre, l\u2019appui, les mots de r\u00e9confort, sont l\u2019instrument le plus puissant qui nous a \u00e9t\u00e9 donn\u00e9 pour rendre le monde dans lequel nous vivons un endroit meilleur. C\u2019est \u00e0 nous de les utiliser au mieux, de ne pas gaspiller les dons qui nous ont \u00e9t\u00e9 offerts, de ne pas dilapider l\u2019amour de Dieu sans faire de notre mieux afin d\u2019en amplifier le message et de le r\u00e9pandre autour de nous. Et pas uniquement \u00e0 No\u00ebl.<\/p>\n","protected":false},"excerpt":{"rendered":"<p>Une nouvelle ann\u00e9e vient de commencer. C\u2019est le moment des bilans et des bons propos. Et si notre propos le plus important et le plus sinc\u00e8re \u00e9tait la charit\u00e9 envers les autres\u00a0? M\u00e8re Teresa de Calcutta est une r\u00e9f\u00e9rence \u00e0 ce niveau-l\u00e0. Pourquoi commencer l\u2019ann\u00e9e&hellip;<\/p>\n","protected":false},"author":1,"featured_media":3400,"comment_status":"closed","ping_status":"open","sticky":false,"template":"","format":"standard","meta":{"_acf_changed":false,"footnotes":""},"categories":[8],"tags":[],"class_list":["post-3394","post","type-post","status-publish","format-standard","has-post-thumbnail","hentry","category-articles-religieux"],"acf":[],"yoast_head":"<!-- This site is optimized with the Yoast SEO plugin v26.6 - https:\/\/yoast.com\/wordpress\/plugins\/seo\/ -->\n<title>M\u00e8re Teresa : symbole de charit\u00e9 - Holyart.fr Blog<\/title>\n<meta name=\"description\" content=\"Et si notre propos le plus important et le plus sinc\u00e8re \u00e9tait la charit\u00e9 envers les autres\u00a0? M\u00e8re Teresa de Calcutta est une r\u00e9f\u00e9rence \u00e0 ce niveau-l\u00e0.\" \/>\n<meta name=\"robots\" content=\"index, follow, max-snippet:-1, max-image-preview:large, max-video-preview:-1\" \/>\n<link rel=\"canonical\" href=\"https:\/\/blog.holyart.it\/fr\/articles-religieux\/mere-teresa-symbole-de-charite\/\" \/>\n<meta property=\"og:locale\" content=\"fr_FR\" \/>\n<meta property=\"og:type\" content=\"article\" \/>\n<meta property=\"og:title\" content=\"M\u00e8re Teresa : symbole de charit\u00e9 - Holyart.fr Blog\" \/>\n<meta property=\"og:description\" content=\"Et si notre propos le plus important et le plus sinc\u00e8re \u00e9tait la charit\u00e9 envers les autres\u00a0? M\u00e8re Teresa de Calcutta est une r\u00e9f\u00e9rence \u00e0 ce niveau-l\u00e0.\" \/>\n<meta property=\"og:url\" content=\"https:\/\/blog.holyart.it\/fr\/articles-religieux\/mere-teresa-symbole-de-charite\/\" \/>\n<meta property=\"og:site_name\" content=\"Holyart.fr Blog\" \/>\n<meta property=\"article:published_time\" content=\"2021-09-09T08:00:34+00:00\" \/>\n<meta property=\"article:modified_time\" content=\"2022-10-18T10:22:57+00:00\" \/>\n<meta property=\"og:image\" content=\"https:\/\/blog.holyart.it\/fr\/wp-content\/uploads\/sites\/14\/2021\/09\/mere-teresa.png\" \/>\n\t<meta property=\"og:image:width\" content=\"1000\" \/>\n\t<meta property=\"og:image:height\" content=\"666\" \/>\n\t<meta property=\"og:image:type\" content=\"image\/png\" \/>\n<meta name=\"author\" content=\"Redazione\" \/>\n<meta name=\"twitter:card\" content=\"summary_large_image\" \/>\n<meta name=\"twitter:label1\" content=\"\u00c9crit par\" \/>\n\t<meta name=\"twitter:data1\" content=\"Redazione\" \/>\n\t<meta name=\"twitter:label2\" content=\"Dur\u00e9e de lecture estim\u00e9e\" \/>\n\t<meta name=\"twitter:data2\" content=\"9 minutes\" \/>\n<script type=\"application\/ld+json\" class=\"yoast-schema-graph\">{\"@context\":\"https:\/\/schema.org\",\"@graph\":[{\"@type\":\"Article\",\"@id\":\"https:\/\/blog.holyart.it\/fr\/articles-religieux\/mere-teresa-symbole-de-charite\/#article\",\"isPartOf\":{\"@id\":\"https:\/\/blog.holyart.it\/fr\/articles-religieux\/mere-teresa-symbole-de-charite\/\"},\"author\":{\"name\":\"Redazione\",\"@id\":\"https:\/\/blog.holyart.it\/fr\/#\/schema\/person\/0a7b686e5af0f856ec1e390dd0baecda\"},\"headline\":\"M\u00e8re Teresa : symbole de charit\u00e9\",\"datePublished\":\"2021-09-09T08:00:34+00:00\",\"dateModified\":\"2022-10-18T10:22:57+00:00\",\"mainEntityOfPage\":{\"@id\":\"https:\/\/blog.holyart.it\/fr\/articles-religieux\/mere-teresa-symbole-de-charite\/\"},\"wordCount\":1895,\"publisher\":{\"@id\":\"https:\/\/blog.holyart.it\/fr\/#organization\"},\"image\":{\"@id\":\"https:\/\/blog.holyart.it\/fr\/articles-religieux\/mere-teresa-symbole-de-charite\/#primaryimage\"},\"thumbnailUrl\":\"https:\/\/blog.holyart.it\/fr\/wp-content\/uploads\/sites\/14\/2021\/09\/mere-teresa.png\",\"articleSection\":[\"Religion\"],\"inLanguage\":\"fr-FR\"},{\"@type\":\"WebPage\",\"@id\":\"https:\/\/blog.holyart.it\/fr\/articles-religieux\/mere-teresa-symbole-de-charite\/\",\"url\":\"https:\/\/blog.holyart.it\/fr\/articles-religieux\/mere-teresa-symbole-de-charite\/\",\"name\":\"M\u00e8re Teresa : symbole de charit\u00e9 - Holyart.fr Blog\",\"isPartOf\":{\"@id\":\"https:\/\/blog.holyart.it\/fr\/#website\"},\"primaryImageOfPage\":{\"@id\":\"https:\/\/blog.holyart.it\/fr\/articles-religieux\/mere-teresa-symbole-de-charite\/#primaryimage\"},\"image\":{\"@id\":\"https:\/\/blog.holyart.it\/fr\/articles-religieux\/mere-teresa-symbole-de-charite\/#primaryimage\"},\"thumbnailUrl\":\"https:\/\/blog.holyart.it\/fr\/wp-content\/uploads\/sites\/14\/2021\/09\/mere-teresa.png\",\"datePublished\":\"2021-09-09T08:00:34+00:00\",\"dateModified\":\"2022-10-18T10:22:57+00:00\",\"description\":\"Et si notre propos le plus important et le plus sinc\u00e8re \u00e9tait la charit\u00e9 envers les autres\u00a0? M\u00e8re Teresa de Calcutta est une r\u00e9f\u00e9rence \u00e0 ce niveau-l\u00e0.\",\"breadcrumb\":{\"@id\":\"https:\/\/blog.holyart.it\/fr\/articles-religieux\/mere-teresa-symbole-de-charite\/#breadcrumb\"},\"inLanguage\":\"fr-FR\",\"potentialAction\":[{\"@type\":\"ReadAction\",\"target\":[\"https:\/\/blog.holyart.it\/fr\/articles-religieux\/mere-teresa-symbole-de-charite\/\"]}]},{\"@type\":\"ImageObject\",\"inLanguage\":\"fr-FR\",\"@id\":\"https:\/\/blog.holyart.it\/fr\/articles-religieux\/mere-teresa-symbole-de-charite\/#primaryimage\",\"url\":\"https:\/\/blog.holyart.it\/fr\/wp-content\/uploads\/sites\/14\/2021\/09\/mere-teresa.png\",\"contentUrl\":\"https:\/\/blog.holyart.it\/fr\/wp-content\/uploads\/sites\/14\/2021\/09\/mere-teresa.png\",\"width\":1000,\"height\":666,\"caption\":\"mere teresa\"},{\"@type\":\"BreadcrumbList\",\"@id\":\"https:\/\/blog.holyart.it\/fr\/articles-religieux\/mere-teresa-symbole-de-charite\/#breadcrumb\",\"itemListElement\":[{\"@type\":\"ListItem\",\"position\":1,\"name\":\"Homepage\",\"item\":\"https:\/\/blog.holyart.it\/fr\/\"},{\"@type\":\"ListItem\",\"position\":2,\"name\":\"Religion\",\"item\":\"https:\/\/blog.holyart.it\/fr\/articles-religieux\/\"},{\"@type\":\"ListItem\",\"position\":3,\"name\":\"M\u00e8re Teresa : symbole de charit\u00e9\"}]},{\"@type\":\"WebSite\",\"@id\":\"https:\/\/blog.holyart.it\/fr\/#website\",\"url\":\"https:\/\/blog.holyart.it\/fr\/\",\"name\":\"Holyart.fr Blog\",\"description\":\"Holyblog\",\"publisher\":{\"@id\":\"https:\/\/blog.holyart.it\/fr\/#organization\"},\"potentialAction\":[{\"@type\":\"SearchAction\",\"target\":{\"@type\":\"EntryPoint\",\"urlTemplate\":\"https:\/\/blog.holyart.it\/fr\/?s={search_term_string}\"},\"query-input\":{\"@type\":\"PropertyValueSpecification\",\"valueRequired\":true,\"valueName\":\"search_term_string\"}}],\"inLanguage\":\"fr-FR\"},{\"@type\":\"Organization\",\"@id\":\"https:\/\/blog.holyart.it\/fr\/#organization\",\"name\":\"Holyart.fr Blog\",\"url\":\"https:\/\/blog.holyart.it\/fr\/\",\"logo\":{\"@type\":\"ImageObject\",\"inLanguage\":\"fr-FR\",\"@id\":\"https:\/\/blog.holyart.it\/fr\/#\/schema\/logo\/image\/\",\"url\":\"https:\/\/blog.holyart.it\/fr\/wp-content\/uploads\/sites\/14\/2022\/12\/Holyart_Blog_Logo.jpg\",\"contentUrl\":\"https:\/\/blog.holyart.it\/fr\/wp-content\/uploads\/sites\/14\/2022\/12\/Holyart_Blog_Logo.jpg\",\"width\":300,\"height\":50,\"caption\":\"Holyart.fr Blog\"},\"image\":{\"@id\":\"https:\/\/blog.holyart.it\/fr\/#\/schema\/logo\/image\/\"}},{\"@type\":\"Person\",\"@id\":\"https:\/\/blog.holyart.it\/fr\/#\/schema\/person\/0a7b686e5af0f856ec1e390dd0baecda\",\"name\":\"Redazione\",\"image\":{\"@type\":\"ImageObject\",\"inLanguage\":\"fr-FR\",\"@id\":\"https:\/\/blog.holyart.it\/fr\/#\/schema\/person\/image\/\",\"url\":\"https:\/\/secure.gravatar.com\/avatar\/f477da817f43e50d0af36abecd33e3edf826c68299714bdc1057dff3b113f516?s=96&d=mm&r=g\",\"contentUrl\":\"https:\/\/secure.gravatar.com\/avatar\/f477da817f43e50d0af36abecd33e3edf826c68299714bdc1057dff3b113f516?s=96&d=mm&r=g\",\"caption\":\"Redazione\"},\"url\":\"https:\/\/blog.holyart.it\/fr\/author\/admin\/\"}]}<\/script>\n<!-- \/ Yoast SEO plugin. -->","yoast_head_json":{"title":"M\u00e8re Teresa : symbole de charit\u00e9 - Holyart.fr Blog","description":"Et si notre propos le plus important et le plus sinc\u00e8re \u00e9tait la charit\u00e9 envers les autres\u00a0? M\u00e8re Teresa de Calcutta est une r\u00e9f\u00e9rence \u00e0 ce niveau-l\u00e0.","robots":{"index":"index","follow":"follow","max-snippet":"max-snippet:-1","max-image-preview":"max-image-preview:large","max-video-preview":"max-video-preview:-1"},"canonical":"https:\/\/blog.holyart.it\/fr\/articles-religieux\/mere-teresa-symbole-de-charite\/","og_locale":"fr_FR","og_type":"article","og_title":"M\u00e8re Teresa : symbole de charit\u00e9 - Holyart.fr Blog","og_description":"Et si notre propos le plus important et le plus sinc\u00e8re \u00e9tait la charit\u00e9 envers les autres\u00a0? M\u00e8re Teresa de Calcutta est une r\u00e9f\u00e9rence \u00e0 ce niveau-l\u00e0.","og_url":"https:\/\/blog.holyart.it\/fr\/articles-religieux\/mere-teresa-symbole-de-charite\/","og_site_name":"Holyart.fr Blog","article_published_time":"2021-09-09T08:00:34+00:00","article_modified_time":"2022-10-18T10:22:57+00:00","og_image":[{"width":1000,"height":666,"url":"https:\/\/blog.holyart.it\/fr\/wp-content\/uploads\/sites\/14\/2021\/09\/mere-teresa.png","type":"image\/png"}],"author":"Redazione","twitter_card":"summary_large_image","twitter_misc":{"\u00c9crit par":"Redazione","Dur\u00e9e de lecture estim\u00e9e":"9 minutes"},"schema":{"@context":"https:\/\/schema.org","@graph":[{"@type":"Article","@id":"https:\/\/blog.holyart.it\/fr\/articles-religieux\/mere-teresa-symbole-de-charite\/#article","isPartOf":{"@id":"https:\/\/blog.holyart.it\/fr\/articles-religieux\/mere-teresa-symbole-de-charite\/"},"author":{"name":"Redazione","@id":"https:\/\/blog.holyart.it\/fr\/#\/schema\/person\/0a7b686e5af0f856ec1e390dd0baecda"},"headline":"M\u00e8re Teresa : symbole de charit\u00e9","datePublished":"2021-09-09T08:00:34+00:00","dateModified":"2022-10-18T10:22:57+00:00","mainEntityOfPage":{"@id":"https:\/\/blog.holyart.it\/fr\/articles-religieux\/mere-teresa-symbole-de-charite\/"},"wordCount":1895,"publisher":{"@id":"https:\/\/blog.holyart.it\/fr\/#organization"},"image":{"@id":"https:\/\/blog.holyart.it\/fr\/articles-religieux\/mere-teresa-symbole-de-charite\/#primaryimage"},"thumbnailUrl":"https:\/\/blog.holyart.it\/fr\/wp-content\/uploads\/sites\/14\/2021\/09\/mere-teresa.png","articleSection":["Religion"],"inLanguage":"fr-FR"},{"@type":"WebPage","@id":"https:\/\/blog.holyart.it\/fr\/articles-religieux\/mere-teresa-symbole-de-charite\/","url":"https:\/\/blog.holyart.it\/fr\/articles-religieux\/mere-teresa-symbole-de-charite\/","name":"M\u00e8re Teresa : symbole de charit\u00e9 - Holyart.fr Blog","isPartOf":{"@id":"https:\/\/blog.holyart.it\/fr\/#website"},"primaryImageOfPage":{"@id":"https:\/\/blog.holyart.it\/fr\/articles-religieux\/mere-teresa-symbole-de-charite\/#primaryimage"},"image":{"@id":"https:\/\/blog.holyart.it\/fr\/articles-religieux\/mere-teresa-symbole-de-charite\/#primaryimage"},"thumbnailUrl":"https:\/\/blog.holyart.it\/fr\/wp-content\/uploads\/sites\/14\/2021\/09\/mere-teresa.png","datePublished":"2021-09-09T08:00:34+00:00","dateModified":"2022-10-18T10:22:57+00:00","description":"Et si notre propos le plus important et le plus sinc\u00e8re \u00e9tait la charit\u00e9 envers les autres\u00a0? M\u00e8re Teresa de Calcutta est une r\u00e9f\u00e9rence \u00e0 ce niveau-l\u00e0.","breadcrumb":{"@id":"https:\/\/blog.holyart.it\/fr\/articles-religieux\/mere-teresa-symbole-de-charite\/#breadcrumb"},"inLanguage":"fr-FR","potentialAction":[{"@type":"ReadAction","target":["https:\/\/blog.holyart.it\/fr\/articles-religieux\/mere-teresa-symbole-de-charite\/"]}]},{"@type":"ImageObject","inLanguage":"fr-FR","@id":"https:\/\/blog.holyart.it\/fr\/articles-religieux\/mere-teresa-symbole-de-charite\/#primaryimage","url":"https:\/\/blog.holyart.it\/fr\/wp-content\/uploads\/sites\/14\/2021\/09\/mere-teresa.png","contentUrl":"https:\/\/blog.holyart.it\/fr\/wp-content\/uploads\/sites\/14\/2021\/09\/mere-teresa.png","width":1000,"height":666,"caption":"mere teresa"},{"@type":"BreadcrumbList","@id":"https:\/\/blog.holyart.it\/fr\/articles-religieux\/mere-teresa-symbole-de-charite\/#breadcrumb","itemListElement":[{"@type":"ListItem","position":1,"name":"Homepage","item":"https:\/\/blog.holyart.it\/fr\/"},{"@type":"ListItem","position":2,"name":"Religion","item":"https:\/\/blog.holyart.it\/fr\/articles-religieux\/"},{"@type":"ListItem","position":3,"name":"M\u00e8re Teresa : symbole de charit\u00e9"}]},{"@type":"WebSite","@id":"https:\/\/blog.holyart.it\/fr\/#website","url":"https:\/\/blog.holyart.it\/fr\/","name":"Holyart.fr Blog","description":"Holyblog","publisher":{"@id":"https:\/\/blog.holyart.it\/fr\/#organization"},"potentialAction":[{"@type":"SearchAction","target":{"@type":"EntryPoint","urlTemplate":"https:\/\/blog.holyart.it\/fr\/?s={search_term_string}"},"query-input":{"@type":"PropertyValueSpecification","valueRequired":true,"valueName":"search_term_string"}}],"inLanguage":"fr-FR"},{"@type":"Organization","@id":"https:\/\/blog.holyart.it\/fr\/#organization","name":"Holyart.fr Blog","url":"https:\/\/blog.holyart.it\/fr\/","logo":{"@type":"ImageObject","inLanguage":"fr-FR","@id":"https:\/\/blog.holyart.it\/fr\/#\/schema\/logo\/image\/","url":"https:\/\/blog.holyart.it\/fr\/wp-content\/uploads\/sites\/14\/2022\/12\/Holyart_Blog_Logo.jpg","contentUrl":"https:\/\/blog.holyart.it\/fr\/wp-content\/uploads\/sites\/14\/2022\/12\/Holyart_Blog_Logo.jpg","width":300,"height":50,"caption":"Holyart.fr Blog"},"image":{"@id":"https:\/\/blog.holyart.it\/fr\/#\/schema\/logo\/image\/"}},{"@type":"Person","@id":"https:\/\/blog.holyart.it\/fr\/#\/schema\/person\/0a7b686e5af0f856ec1e390dd0baecda","name":"Redazione","image":{"@type":"ImageObject","inLanguage":"fr-FR","@id":"https:\/\/blog.holyart.it\/fr\/#\/schema\/person\/image\/","url":"https:\/\/secure.gravatar.com\/avatar\/f477da817f43e50d0af36abecd33e3edf826c68299714bdc1057dff3b113f516?s=96&d=mm&r=g","contentUrl":"https:\/\/secure.gravatar.com\/avatar\/f477da817f43e50d0af36abecd33e3edf826c68299714bdc1057dff3b113f516?s=96&d=mm&r=g","caption":"Redazione"},"url":"https:\/\/blog.holyart.it\/fr\/author\/admin\/"}]}},"_links":{"self":[{"href":"https:\/\/blog.holyart.it\/fr\/wp-json\/wp\/v2\/posts\/3394","targetHints":{"allow":["GET"]}}],"collection":[{"href":"https:\/\/blog.holyart.it\/fr\/wp-json\/wp\/v2\/posts"}],"about":[{"href":"https:\/\/blog.holyart.it\/fr\/wp-json\/wp\/v2\/types\/post"}],"author":[{"embeddable":true,"href":"https:\/\/blog.holyart.it\/fr\/wp-json\/wp\/v2\/users\/1"}],"replies":[{"embeddable":true,"href":"https:\/\/blog.holyart.it\/fr\/wp-json\/wp\/v2\/comments?post=3394"}],"version-history":[{"count":0,"href":"https:\/\/blog.holyart.it\/fr\/wp-json\/wp\/v2\/posts\/3394\/revisions"}],"wp:featuredmedia":[{"embeddable":true,"href":"https:\/\/blog.holyart.it\/fr\/wp-json\/wp\/v2\/media\/3400"}],"wp:attachment":[{"href":"https:\/\/blog.holyart.it\/fr\/wp-json\/wp\/v2\/media?parent=3394"}],"wp:term":[{"taxonomy":"category","embeddable":true,"href":"https:\/\/blog.holyart.it\/fr\/wp-json\/wp\/v2\/categories?post=3394"},{"taxonomy":"post_tag","embeddable":true,"href":"https:\/\/blog.holyart.it\/fr\/wp-json\/wp\/v2\/tags?post=3394"}],"curies":[{"name":"wp","href":"https:\/\/api.w.org\/{rel}","templated":true}]}}