{"id":3367,"date":"2021-09-02T10:00:18","date_gmt":"2021-09-02T08:00:18","guid":{"rendered":"https:\/\/blog.holyart.it\/fr\/?p=3367"},"modified":"2026-03-17T11:07:57","modified_gmt":"2026-03-17T10:07:57","slug":"foi-esperance-et-charite-vertus-theologales","status":"publish","type":"post","link":"https:\/\/blog.holyart.it\/fr\/articles-religieux\/foi-esperance-et-charite-vertus-theologales\/","title":{"rendered":"Foi, esp\u00e9rance et charit\u00e9 : vertus th\u00e9ologales"},"content":{"rendered":"<h4>Foi, esp\u00e9rance et charit\u00e9 sont les trois vertus th\u00e9ologales. D\u00e9terminons le lien entre l\u2019homme et Dieu et l\u2019agir moral chr\u00e9tien. Mais connaissons-nous vraiment ces trois vertus\u00a0?<\/h4>\n\n<p>Foi, esp\u00e9rance et charit\u00e9 ne sont que quelques-unes des vertus que l\u2019homme doit cultiver afin d\u2019\u00eatre consid\u00e9r\u00e9 bon et digne.<\/p>\n<p>Avant tout, essayons clarifier ce qu\u2019est une vertu. Pour le faire, il n\u2019y a rien de mieux que de se r\u00e9f\u00e9rer au <strong>Cat\u00e9chisme<\/strong> de l\u2019\u00c9glise catholique, selon lequel la vertu est <em>une disposition habituelle et ferme \u00e0 faire le bien<\/em>. Nous pouvons donc consid\u00e9rer des vertus tous ces aspects du temp\u00e9rament humain qui poussent \u00e0 accomplir des bonnes actions, mais pas seulement. Les vertus sont <strong>la meilleure partie de nous-m\u00eames<\/strong>, ces composants de notre \u00eatre qui nous permettent de donner le meilleur dans chaque situation.<\/p>\n<p>Cette tendance vers le bien se traduit par une tension vers Dieu. Celui qui pratique les vertus aspire \u00e0 devenir le plus possible semblable \u00e0 Lui.<\/p>\n<p>Au cours des si\u00e8cles les hommes ont cherch\u00e9 \u00e0 codifier les vertus de diff\u00e9rentes mani\u00e8res.<\/p>\n<p>Les anciens <strong>Grecs<\/strong> incluent la totalit\u00e9 des vertus humaines dans l\u2019<em>Aret\u00e9<\/em>, qui comprenait force d\u2019\u00e2me, vigueur morale et prestance physique. Celui qui la poss\u00e9dait pouvait mettre \u00e0 profit tous ses talents. Platon, dans le texte <em>La R\u00e9publique<\/em>, \u00e9num\u00e8re d\u00e9j\u00e0 celles qui deviendront pour les chr\u00e9tiens les quatre <strong>vertus cardinales<\/strong>, i.e. celles capables d\u2019exercer le contr\u00f4le dans la partie rationnelle de l\u2019\u00e2me sur les passions\u00a0: <strong>temp\u00e9rance, courage, sagesse, justice<\/strong>.<\/p>\n<p>Pour les <strong>Romains<\/strong>, la Vertu \u00e9tait la disposition de l\u2019\u00e2me tourn\u00e9e vers le bien, vers l\u2019accomplissement optimal d\u2019actions et de fa\u00e7ons d\u2019\u00eatre. L\u2019homme vertueux romain essayer de faire de son mieux et d\u2019\u00eatre le plus parfait possible, dans la mesure du possible avec ses propres talents et dispositions naturelles.<\/p>\n<p>Des philosophes de chaque \u00e9poque ont \u00e9labor\u00e9 leurs interpr\u00e9tations des vertus, avec une cons\u00e9quente codification de vie et attitude de l\u2019homme envers le monde.<\/p>\n<p>Nous, dans ce contexte, nous allons nous limiter \u00e0 parler des vertus d\u2019un point de vue chr\u00e9tien, en entendant par cela toutes ces attitudes et dispositions d\u2019\u00e2me qui r\u00e8glent l\u2019action humaine, en ordonnant les passions, en d\u00e9terminant la conduite, en poussant l\u2019homme \u00e0 mener une vie moralement digne. Celui qui poursuit les vertus, poursuit le bien, de mani\u00e8re consciente et d\u00e9termin\u00e9 par sa volont\u00e9.<\/p>\n<p>La poursuite des vertus am\u00e8ne l\u2019homme \u00e0 entrer en communion avec Dieu.<\/p>\n<div class=\"link-article\">\n<p><img loading=\"lazy\" decoding=\"async\" class=\"wp-image-12209 size-full alignleft\" src=\"https:\/\/blog.holyart.it\/fr\/wp-content\/uploads\/sites\/14\/2021\/09\/Saint-Francois-1.jpg\" alt=\"Saint Fran\u00e7ois\" width=\"150\" height=\"99\" data-kale-share-title=\"Foi, esp\u00e9rance et charit\u00e9 : vertus th\u00e9ologales\" data-kale-share-url=\"https:\/\/blog.holyart.it\/fr\/?p=3367\" \/><\/p>\n<div class=\"leggi-anche\">Lire aussi :<\/div>\n<p><strong><a href=\"https:\/\/www.holyart.fr\/blog\/saints-et-bienheureux\/le-cantique-des-creatures-de-saint-francois\/\">Le cantique des cr\u00e9atures de Saint Fran\u00e7ois<\/a><\/strong><br \/>\nSaint Fran\u00e7ois d\u2019Assise est un des saints les plus aim\u00e9s et les plus v\u00e9n\u00e9r\u00e9s de l\u2019\u00c9glise catholique. Proche des pauvres, fr\u00e8re des derniers&#8230;<\/p>\n<\/div>\n<h2>Vertus cardinales<\/h2>\n<p>Les vertus cardinales sont celles que nous pouvons consid\u00e9rer comme la base de l\u2019excellence de l\u2019\u00eatre humain. Leur propre nom nous sugg\u00e8re \u00e0 quel point elles sont les <em>piliers<\/em> autour desquels s\u2019appuie la nature de l\u2019homme vertueux. Elles sont :<\/p>\n<ul>\n<li><strong>prudence<\/strong>, poussant l\u2019homme \u00e0 contr\u00f4ler les passions et \u00e0 reconna\u00eetre le bien \u00e0 chaque situation, en plus de lui faire comprendre comment le perp\u00e9tuer\u00a0;<\/li>\n<li><strong>justice<\/strong>, la\u00a0volont\u00e9 de donner \u00e0 Dieu et aux autres hommes ce qui est juste et d\u00fb. Selon Platon, elle apportait harmonie et \u00e9quilibre dans toutes les autres vertus, en poussant l\u2019homme vers la perfection\u00a0;<\/li>\n<li><strong>force<\/strong>, celle que Platon appelait courage, qui procure la force d\u2019\u00e2me n\u00e9cessaire pour poursuivre les autres vertus et chercher le bien\u00a0;<\/li>\n<li><strong>temp\u00e9rance<\/strong>, la pouss\u00e9e vers la recherche du bien et le contr\u00f4le sur passions et instincts.<\/li>\n<\/ul>\n<h2>Vertus intellectuelles<\/h2>\n<p>Ce sont ces vertus qui r\u00e8glent le bon usage de l\u2019intelligence afin de perfectionner l\u2019intellect et rapprocher l\u2019homme de la connaissance de la religion et de Dieu. Elles sont\u00a0:<\/p>\n<ul>\n<li><strong>sagesse<\/strong>, la connaissance th\u00e9orique des choses, gr\u00e2ce \u00e0 laquelle l\u2019intellect peut remonter vers Dieu et vers l\u2019intangible\u00a0;<\/li>\n<li><strong>science<\/strong>, permettant \u00e0 l\u2019homme de conna\u00eetre les diff\u00e9rents aspects de la r\u00e9alit\u00e9 dans leur v\u00e9rit\u00e9 et leur encha\u00eenement, en \u00e9laborant des notions ad\u00e9quates ;<\/li>\n<li><strong>intellect<\/strong>, permettant \u00e0 l\u2019homme de remonter des pens\u00e9es et des concepts jusqu\u2019\u00e0 embrasser des r\u00e9alit\u00e9s supr\u00eames, en comprenant l\u2019essentialit\u00e9 dans chaque chose et chaque action.<\/li>\n<\/ul>\n<h2>Vertus th\u00e9ologales<\/h2>\n<p>Venons-en aux <strong>vertus th\u00e9ologales<\/strong>, foi, esp\u00e9rance et charit\u00e9, sujet de cet article. Il s\u2019agit de ces vertus qui <strong>d\u00e9terminent le rapport entre l\u2019homme et le divin<\/strong>, toutes les trois <strong>adress\u00e9es directement \u00e0 Dieu<\/strong>. L\u2019\u00e9tymologie m\u00eame du terme <em>th\u00e9ologal<\/em> le sugg\u00e8re\u00a0: il d\u00e9rive du grec \u03b8\u03b5\u03cc\u03c2, \u00ab\u00a0Dieu\u00a0\u00bb et \u03bb\u03cc\u03b3\u03bf\u03c2, \u00ab\u00a0mot\u00a0\u00bb.<\/p>\n<div class=\"link-product\">\n<div class=\"blocco-immagine\"><img loading=\"lazy\" decoding=\"async\" class=\"alignleft size-full wp-image-3369\" src=\"https:\/\/blog.holyart.it\/fr\/wp-content\/uploads\/sites\/14\/2021\/09\/Pendentif-symbole-foi-esp\u00e9rance-charit\u00e9.jpg\" alt=\"Pendentif symbole foi esp\u00e9rance charit\u00e9\" width=\"100\" height=\"100\" data-kale-share-title=\"Foi, esp\u00e9rance et charit\u00e9 : vertus th\u00e9ologales\" data-kale-share-url=\"https:\/\/blog.holyart.it\/fr\/?p=3367\" \/><\/div>\n<div class=\"blocco-contenuto\">\n<div class=\"blocco-acquista\">Acheter sur Holyart:<\/div>\n<div class=\"blocco-titolo\"><a href=\"https:\/\/www.holyart.fr\/articles-religieux\/bijoux-religieux\/pendentifs-croix-et-broches\/pendentif-symbole-foi-esperance-charite-argent-800\">Pendentif symbole foi esp\u00e9rance charit\u00e9<\/a><\/div>\n<div class=\"blocco-descrizione\">Argent 800<\/div>\n<\/div>\n<\/div>\n<p>Ce sont donc des vertus qui, tout en partant de l\u2019homme, tendent vers le divin, et en lui trouvent leur origine, objet et raison d\u2019\u00eatre. \u00c0 la diff\u00e9rence des vertus cardinales et intellectuelles, selon les th\u00e9ologiens de l\u2019\u00c9glise, les vertus th\u00e9ologales ne peuvent \u00eatre obtenues uniquement par l\u2019effort humain, mais doivent \u00eatre infus\u00e9es dans l\u2019homme par la <strong>gr\u00e2ce divine<\/strong>.<\/p>\n<p>Comme nous l\u2019avons d\u00e9j\u00e0 dit elles sont au nombre de trois\u00a0:<\/p>\n<ul>\n<li><strong>foi<\/strong>, concernant la connaissance de Dieu et le croire en Lui, ce qui am\u00e8ne \u00e0 la <strong>connaissance de Dieu<\/strong> \u00e0 travers la r\u00e9v\u00e9lation\u00a0;<\/li>\n<li><strong>esp\u00e9rance<\/strong>, r\u00e9gulant la vie humaine en relation \u00e0 la Trinit\u00e9 et \u00e0 la promesse de salut, portant \u00e0 la <strong>possession de Dieu<\/strong>, entendue comme vie \u00e9ternelle dans la lumi\u00e8re de Sa gloire\u00a0;<\/li>\n<li><strong>charit\u00e9<\/strong>, \u00e0 la base de la vie de chaque chr\u00e9tien, source et but de toute autre vertu, exprimant l\u2019amour pour Dieu \u00e0 travers celui pour le prochain, amenant \u00e0 l\u2019<strong>amour pour Dieu et en Dieu <\/strong>comme plus grande expression de l\u2019homme dans la vie comme dans la mort.<\/li>\n<\/ul>\n<p>Ces trois vertus sont strictement li\u00e9es l\u2019une \u00e0 l\u2019autre\u00a0: la <strong>charit\u00e9<\/strong>, entendue comme amour pour Dieu, d\u00e9rive de la <a href=\"https:\/\/www.holyart.fr\/blog\/articles-religieux\/foi-esperance-et-charite-vertus-theologales\/\"><strong>foi<\/strong><\/a>, i.e. de la r\u00e9v\u00e9lation de Dieu, et aussi de l\u2019<strong>esp\u00e9rance<\/strong> dans la vie \u00e9ternelle amen\u00e9e par la connaissance de Dieu. En r\u00e9alit\u00e9, le parcours \u00e0 travers lequel ces trois vertus nous guident est un parcours de gr\u00e2ce et d\u2019\u00e9l\u00e9vation spirituelle, destin\u00e9 \u00e0 conduire celui qui l\u2019entreprend \u00e0 l\u2019expression maximale de saintet\u00e9 que Dieu peut offrir \u00e0 ses fils.<\/p>\n<p>Les <a href=\"https:\/\/www.holyart.fr\/blog\/articles-religieux\/la-signification-des-sept-peches-capitaux\/\"><strong>vices oppos\u00e9s<\/strong><\/a> aux vertus th\u00e9ologales, i.e. ceux qui naissent du manque de ces m\u00eames vertus, sont\u00a0:<\/p>\n<ul>\n<li><strong>incr\u00e9dulit\u00e9<\/strong>, qui naisse du manque de foi, et am\u00e8ne au blasph\u00e8me et \u00e0 l\u2019apostasie (le reniement de Dieu) ;<\/li>\n<li><strong>d\u00e9sespoir<\/strong>, qui nait du manque d\u2019esp\u00e9rance ;<\/li>\n<li><strong>haine<\/strong>, qui nait du manque d\u2019amour et de charit\u00e9.<\/li>\n<\/ul>\n<div class=\"link-article\">\n<p><img loading=\"lazy\" decoding=\"async\" class=\"alignleft size-full wp-image-3370\" src=\"https:\/\/blog.holyart.it\/fr\/wp-content\/uploads\/sites\/14\/2021\/09\/sept-p\u00e9ch\u00e9s-capitaux.jpg\" alt=\"sept p\u00e9ch\u00e9s capitaux\" width=\"150\" height=\"99\" data-kale-share-title=\"Foi, esp\u00e9rance et charit\u00e9 : vertus th\u00e9ologales\" data-kale-share-url=\"https:\/\/blog.holyart.it\/fr\/?p=3367\" \/><\/p>\n<div class=\"leggi-anche\">Lire aussi :<\/div>\n<p><strong><a href=\"https:\/\/www.holyart.fr\/blog\/articles-religieux\/la-signification-des-sept-peches-capitaux\/\">La signification des sept p\u00e9ch\u00e9s capitaux<\/a><\/strong><br \/>\nQuel est la signification des sept p\u00e9ch\u00e9s capitaux? D\u2019o\u00f9 d\u00e9rivent-ils ? Comment ont-ils \u00e9t\u00e9 d\u00e9finis au cours de l\u2019histoire ? Pourquoi sept exactement ?<\/p>\n<\/div>\n<h2>Foi<\/h2>\n<p>Si nous partons du principe que Dieu est V\u00e9rit\u00e9, nous pouvons dire que la foi est la vertu qui nous permet de croire en Lui et en tout ce qu\u2019Il a r\u00e9v\u00e9l\u00e9 comme unique et in\u00e9luctable V\u00e9rit\u00e9. C\u2019est la vertu qui am\u00e8ne \u00e0 <strong>croire<\/strong>, aveuglement, compl\u00e8tement, en s\u2019abandonnant sans r\u00e9ticences \u00e0 la volont\u00e9 de Dieu.<\/p>\n<p>Dans le Concile Vatican II, la foi est ainsi d\u00e9crite\u00a0: \u00ab\u00a0<em>\u00c0 Dieu qui se r\u00e9v\u00e8le est due l\u2019ob\u00e9issance de la foi [\u2026], par laquelle <strong>l\u2019homme se remet tout entier et librement \u00e0 Dieu<\/strong> (se totum libere Deo committit) dans un complet hommage d\u2019intelligence et de volont\u00e9 \u00e0 Dieu qui r\u00e9v\u00e8le et dans un assentiment volontaire \u00e0 la r\u00e9v\u00e9lation qu\u2019Il fait\u00a0<\/em>\u00bb (Cost. Dogm.\u00a0<em>Dei Verbum\u00a0<\/em>5 ; EV 1, 877).<\/p>\n<p><strong>Se remettre tout entier \u00e0 Dieu<\/strong>\u00a0donc est la cl\u00e9 de la foi, mais il ne s\u2019agit pas d\u2019un abandon passif. La foi exige \u00e9galement que nous <strong>agissions au nom de Dieu<\/strong>, selon sa volont\u00e9, et uniquement cela nous rend dignes d\u2019\u00eatre ses fils, et partie du corps de J\u00e9sus. Comme nous le lisons dans une lettre de Jacques\u00a0: \u00ab\u00a0<em>la foi sans les \u0153uvres est morte<\/em>\u00a0\u00bb (Jacques 2,26).<\/p>\n<p>C\u2019est donc J\u00e9sus qui nous indique comment la foi doit \u00eatre v\u00e9cue pleinement, non seulement en tant que confiance absolue en Dieu et en sa volont\u00e9, mais \u00e9galement en tant que <strong>t\u00e9moignage<\/strong> constant, \u00e0 r\u00e9pandre le plus possible. Uniquement ceci conduit au salut.<\/p>\n<p><em>\u00ab\u00a0Quiconque me confessera devant les hommes, je le confesserai aussi devant mon P\u00e8re qui est dans les cieux\u00a0; mais quiconque me reniera devant les hommes, je le renierai aussi devant mon P\u00e8re qui est dans les cieux\u00a0\u00bb<\/em>\u00a0(Matthieu 10,32-33).<\/p>\n<h2>Esp\u00e9rance<\/h2>\n<p>L\u2019esp\u00e9rance est la vertu qui pousse l\u2019homme \u00e0 <strong>d\u00e9sirer le salut \u00e9ternel<\/strong> et le royaume des cieux en tant que forme maximale de bonheur et d\u2019accomplissement de l\u2019existence. Elle nait dans la <strong>confiance en la promesse de Christ<\/strong>, qui a r\u00e9v\u00e9l\u00e9 que pour ceux qui vivent dans la volont\u00e9 de Dieu et se laissent guider par le Saint-Esprit il y aura une vie apr\u00e8s la mort, \u00e9ternellement heureuse pour les gentils, \u00e9ternellement malheureuse pour les m\u00e9chants.<\/p>\n<p>Saint Paul reconnait l\u2019importance du <strong>Saint-Esprit<\/strong>, qui est la v\u00e9ritable aide pour ceux qui souhaitent le salut \u00e9ternel. En effet, la force de l\u2019homme ne suffit pas pour l\u2019obtenir, mais il faut \u00e9galement la gr\u00e2ce que Dieu a insuffl\u00e9 dans nos c\u0153urs par le biais du Saint Esprit\u00a0: \u00ab\u00a0<em>L\u2019esp\u00e9rance ne trompe point, parce que l\u2019amour de Dieu est r\u00e9pandu dans nos c\u0153urs par le Saint-Esprit qui nous a \u00e9t\u00e9 donn\u00e9<\/em>\u00a0\u00bb (Romains 5,5).<\/p>\n<p>L\u2019esp\u00e9rance puise donc sa force d\u2019un c\u00f4t\u00e9 de <strong>J\u00e9sus-Christ<\/strong>, qui a promis, et de l\u2019autre c\u00f4t\u00e9 du <strong>Saint-Esprit<\/strong>, que Dieu nous a offert comme \u00ab\u00a0carburant\u00a0\u00bb pour alimenter cette promesse.<\/p>\n<p>L\u2019esp\u00e9rance ne doit pas \u00eatre entendue comme une simple aspiration au bonheur apr\u00e8s la mort. Chaque action de notre vie, chaque activit\u00e9, en tire vigueur et raison d\u2019\u00eatre. L\u2019esp\u00e9rance nous pousse \u00e0 affronter les \u00e9preuves de tous les jours, nous soutient dans les d\u00e9sillusions et nous prot\u00e8ge dans les moments de d\u00e9couragement. En elle est le v\u00e9ritable moteur de notre vie quotidienne nous \u00eatre chr\u00e9tiens, et ce moteur alimente \u00e9galement les autres vertus th\u00e9ologales, foi et charit\u00e9.<\/p>\n<p>Dans notre poursuite de l\u2019esp\u00e9rance, nous devons penser \u00e0 Abraham, un v\u00e9ritable mod\u00e8le en ce sens, symbole et origine m\u00eame de l\u2019esp\u00e9rance du peuple \u00e9lu\u00a0: \u00ab\u00a0<strong><em>Esp\u00e9rant contre toute esp\u00e9rance<\/em><\/strong><em>, il crut, en sorte qu\u2019il devint p\u00e8re d\u2019un grand nombre de nations<\/em>\u00a0\u00bb (Romains 4,18).<\/p>\n<p>J\u00e9sus a voulu alimenter le feu de l\u2019esp\u00e9rance en pr\u00eachant les <strong>b\u00e9atitudes<\/strong>, qui d\u00e9crivent aux hommes ce qu\u2019il faut pour \u00eatre v\u00e9ritablement heureux et qui offrent un mod\u00e8le pour vivre selon Ses enseignements. L\u2019homme qui vit <strong>selon les enseignements de J\u00e9sus<\/strong>, b\u00e9nit par ces b\u00e9atitudes, est d\u00e9j\u00e0 tendu vers le salut.<\/p>\n<p>Quelques exemples de b\u00e9atitudes que nous pouvons trouver dans le Sermon sur la montagne\u00a0: \u00ab\u00a0<em>Heureux les pauvres d\u2019esprit, car le royaume des cieux est \u00e0 eux\u00a0! Heureux les afflig\u00e9s, car ils seront consol\u00e9s\u00a0! Heureux les d\u00e9bonnaires, car ils h\u00e9riteront la terre\u00a0! Heureux ceux qui ont faim et soif de la justice, car ils seront rassasi\u00e9s\u00a0! Heureux les mis\u00e9ricordieux, car ils obtiendront mis\u00e9ricorde\u00a0! Heureux ceux qui ont le c\u0153ur pur, car ils verront Dieu\u00a0! Heureux ceux qui procurent la paix, car ils seront appel\u00e9s fils de Dieu\u00a0! Heureux ceux qui sont pers\u00e9cut\u00e9s par la justice, car le royaume des cieux est \u00e0 eux\u00a0! Heureux serez-vous, lorsqu\u2019on vous outragea, qu\u2019on vous pers\u00e9cutera et qu\u2019on dira faussement de vous toute sorte de mal, \u00e0 cause de moi. R\u00e9jouissez-vous et soyez dans l\u2019all\u00e9gresse, parce que votre r\u00e9compense sera grande dans les cieux\u00a0\u00bb <\/em>(Matthieu 5,3-12).<\/p>\n<p><strong>Sainte Th\u00e9r\u00e8se d\u2019Avila<\/strong>, religieuse et mystique espagnole, une des figures les plus importantes de la R\u00e9forme catholique, dans <em>Exclamaciones del alma a su Dios<\/em>, \u00e9crit des mots splendides concernant comment un v\u00e9ritable chr\u00e9tien devrait vivre chaque jour l\u2019esp\u00e9rance\u00a0: \u00ab\u00a0<em>\u00d4 mon \u00e2me, esp\u00e8re, esp\u00e8re, car tu ne sais quand viendra ni le jour ni l\u2019heure. Veille avec soin, puisque tout passe en un instant, quoi que l\u2019exc\u00e8s de tes d\u00e9sirs te repr\u00e9sente comme douteux ce qui est certain, et comme long ce qui est court. Consid\u00e8re que plus longtemps tu combattras, plus tu feras conna\u00eetre en ce monde l\u2019amour que tu portes \u00e0 ton Dieu et jouiras un jour avec plus de d\u00e9lices de ton Bien-aim\u00e9 dans une joie et un contentement qui ne finiront jamais\u00a0<\/em>\u00bb.<\/p>\n<h2>Charit\u00e9<\/h2>\n<p>La charit\u00e9 est la vertu de l\u2019<strong>amour par excellence<\/strong>. Amour pour Dieu au-dessus de tout, et amour pour le prochain en tant que manifestation de l\u2019amour pour Dieu.<\/p>\n<p>Elle est consid\u00e9r\u00e9e comme la plus importante des trois vertus th\u00e9ologales, puisqu\u2019elle inspire et donne de la force tant \u00e0 la foi qu\u2019\u00e0 l\u2019esp\u00e9rance.<\/p>\n<p>Ainsi \u00e9crit Saint Paul\u00a0: \u00ab\u00a0Maintenant donc ces trois choses demeurent\u00a0: la foi, l\u2019esp\u00e9rance et la charit\u00e9\u00a0; mais la plus grande de ces choses, c\u2019est la charit\u00e9\u00a0!\u00a0\u00bb (1 Corinthiens 13,13).<\/p>\n<div class=\"link-article\">\n<p><img loading=\"lazy\" decoding=\"async\" class=\"alignleft size-full wp-image-3371\" src=\"https:\/\/blog.holyart.it\/fr\/wp-content\/uploads\/sites\/14\/2021\/09\/aum\u00f4ne.jpg\" alt=\"aum\u00f4ne\" width=\"150\" height=\"99\" data-kale-share-title=\"Foi, esp\u00e9rance et charit\u00e9 : vertus th\u00e9ologales\" data-kale-share-url=\"https:\/\/blog.holyart.it\/fr\/?p=3367\" \/><\/p>\n<div class=\"leggi-anche\">Lire aussi :<\/div>\n<p><strong><a href=\"https:\/\/www.holyart.fr\/blog\/articles-religieux\/faire-laumone-est-ce-de-la-charite\/\">Faire l\u2019aum\u00f4ne : est-ce de la charit\u00e9 ?<\/a><\/strong><br \/>\nL\u2019aum\u00f4ne aux pauvres est une manifestation de mis\u00e9ricorde strictement li\u00e9e aux devoirs d\u2019un bon chr\u00e9tien. Dans une certaine mesure, il s\u2019agit \u00e9galement&#8230;<\/p>\n<\/div>\n<p><strong>J\u00e9sus<\/strong>\u00a0en est le porteur, Lui qui a aim\u00e9 ses amis jusqu\u2019\u00e0 la fin, en donnant sa vie pour eux et qui a donn\u00e9 \u00e0 ses disciples un <strong>nouveau<\/strong> <strong>commandement<\/strong>\u00a0: \u00ab\u00a0<em>Comme le P\u00e8re m\u2019a aim\u00e9, je vous ai aussi aim\u00e9. Demeurez dans mon amour\u00a0<\/em>\u00bb (Jean 15,9)<em>.<\/em><br \/>\nEt surtout\u00a0: \u00ab\u00a0<em>C\u2019est ici mon commandement\u00a0: aimez-vous les uns les autres, comme je vous ai aim\u00e9s<\/em>\u00a0\u00bb (Jean 15,12).<\/p>\n<p>L\u2019amour pour le prochain auquel J\u00e9sus nous invite est <strong>total<\/strong>, universel, puisqu\u2019il inclut \u00e9galement ceux que nous ne connaissons pas et m\u00eame nos ennemis. Pour ceci, comme d\u00e9j\u00e0 pour l\u2019esp\u00e9rance, nous somme aid\u00e9 par le <a href=\"https:\/\/www.holyart.fr\/noel\/creches-noel\/creche-noel-val-gardena\/saint-esprit-creche-original-bois-val-gardena-pour-creche-de-10-cm\"><strong>Saint-Esprit<\/strong><\/a>. C\u2019est gr\u00e2ce \u00e0 lui, en plus de l\u2019<a href=\"https:\/\/www.holyart.fr\/blog\/articles-religieux\/les-dix-commandements\/\"><strong>observation constante des commandements<\/strong><\/a>, que nous pouvons manifester notre amour, notre charit\u00e9. Nous devons toujours tenir en compte que l\u2019amour pour le prochain n\u2019est autre qu\u2019un moyen, une preuve de notre amour pour Dieu.<\/p>\n<p>La charit\u00e9 chr\u00e9tienne s\u2019adresse donc \u00e0 deux sujets\u00a0:<\/p>\n<ul>\n<li>Dieu, qui doit \u00eatre <strong>aim\u00e9 en soi<\/strong> au-dessus de toute autre chose, et qui s\u2019est r\u00e9v\u00e9l\u00e9 gr\u00e2ce \u00e0 la foi\u00a0;<\/li>\n<li>Nous-m\u00eames et notre prochain, que <strong>nous devons aimer pour amour de Dieu<\/strong>.<\/li>\n<\/ul>\n<p>En ce qui concerne l\u2019amour envers Dieu, il doit \u00eatre total, sans limites.<\/p>\n<p>C\u2019est encore J\u00e9sus qui nous explique comment et combien nous devons aimer Dieu\u00a0: \u00ab\u00a0Tu aimeras le Seigneur, ton Dieu, de <strong>tout ton c\u0153ur<\/strong>, de <strong>toute ton \u00e2me<\/strong>, et de <strong>toute ta pens\u00e9e<\/strong>. C\u2019est le premier et le plus grand commandement\u00a0\u00bb (Matthieu 22,37-38).<\/p>\n<p>Et <a href=\"https:\/\/www.holyart.fr\/blog\/saints-et-bienheureux\/saint-antoine-de-padoue-le-saint-aux-miracles\/\"><strong>Saint Antoine de Padoue<\/strong><\/a> dans ses sermons r\u00e9p\u00e8te plusieurs fois la n\u00e9cessit\u00e9 d\u2019aimer Dieu avec \u00ab\u00a0<em>tout ce que tu es, tout ce que tu as [\u2026] avec tout ton c\u0153ur et tout ton esprit, puisque Dieu s\u2019est donn\u00e9 tout entier, et l\u2019homme ne peut que le rendre de la m\u00eame mani\u00e8re, sans r\u00e9serve, sans en retenir une partie<\/em>\u00a0\u00bb<em>.<\/em><\/p>\n<div class=\"link-article\">\n<p><img loading=\"lazy\" decoding=\"async\" class=\"alignleft size-full wp-image-3372\" src=\"https:\/\/blog.holyart.it\/fr\/wp-content\/uploads\/sites\/14\/2021\/09\/Saint-Antoine-de-Padoue-le-Saint-aux-miracles.jpg\" alt=\"Saint Antoine de Padoue, le Saint aux miracles\" width=\"150\" height=\"103\" data-kale-share-title=\"Foi, esp\u00e9rance et charit\u00e9 : vertus th\u00e9ologales\" data-kale-share-url=\"https:\/\/blog.holyart.it\/fr\/?p=3367\" \/><\/p>\n<div class=\"leggi-anche\">Lire aussi :<\/div>\n<p><strong><a href=\"https:\/\/www.holyart.fr\/blog\/saints-et-bienheureux\/saint-antoine-de-padoue-le-saint-aux-miracles\/\">Saint Antoine de Padoue, le Saint aux miracles<\/a><\/strong><br \/>\nSaint Antoine de Padoue fut, d\u00e9j\u00e0 parmi ses contemporains, ma\u00eetre de sagesse chr\u00e9tienne et auteur d\u2019\u0153uvres immortelles&#8230;<\/p>\n<\/div>\n<p>Nous devons en outre consid\u00e9rer que, tandis que foi et esp\u00e9rance se terminent avec la <strong>mort<\/strong>, la charit\u00e9 n\u2019aura jamais de fin. En effet, l\u2019homme qui meure en bon chr\u00e9tien en allant au Paradis verra Dieu, objet de sa foi, et l\u2019accomplissement de son esp\u00e9rance, mais ne cessera pas d\u2019aimer Dieu.<\/p>\n<p>La charit\u00e9 commence en cette vie, sur cette terre, mais dure pour l\u2019\u00e9ternit\u00e9. Saint Paul nous le rappelle encore avec des mots extr\u00eamement po\u00e9tiques\u00a0: \u00ab\u00a0<em>Aujourd\u2019hui nous voyons au moyen d\u2019un miroir, d\u2019une mani\u00e8re obscure, mais alors nous verrons face \u00e0 face<\/em>\u00a0\u00bb\u00a0(1 Corinthiens 13,12).<\/p>\n<h2>Vertus th\u00e9ologales\u00a0: symboles<\/h2>\n<p>Les vertus th\u00e9ologales ont toujours \u00e9t\u00e9 repr\u00e9sent\u00e9es symboliquement dans l\u2019iconographie et dans l\u2019art. La tendance \u00e0 traduire en symboles, voire \u00e0 humaniser ce qui est transcendent, est une caract\u00e9ristique pr\u00e9sente dans l\u2019art sacr\u00e9 occidental depuis ses origines. Un exemple pour tous\u00a0: le <em>Mariage mystique de Saint Fran\u00e7ois<\/em> de Sassetta, qui repr\u00e9sente le <a href=\"https:\/\/www.holyart.fr\/blog\/saints-et-bienheureux\/le-cantique-des-creatures-de-saint-francois\/\"><strong>saint d\u2019Assise<\/strong><\/a> qui marie la Pauvret\u00e9, la Chastet\u00e9 et l\u2019Ob\u00e9issance repr\u00e9sent\u00e9es comme trois jeunes filles habill\u00e9es respectivement en vert, blanc et rouge.<\/p>\n<p>Les trois vertus th\u00e9ologales \u2013 foi, esp\u00e9rance et charit\u00e9 \u2013 ont \u00e9t\u00e9 aussi souvent repr\u00e9sent\u00e9e comme des figures f\u00e9minines, comparables aux <strong>trois gr\u00e2ces<\/strong>, et donc jeunes et belles. Aux repr\u00e9sentations picturales ou sculpturales des trois vertus \u00e9taient ensuite associ\u00e9s des symboles iconographiques r\u00e9currents\u00a0: le calice ou la <strong>croix<\/strong> pour la foi, une cha\u00eene ou une <strong>ancre<\/strong> pour l\u2019esp\u00e9rance, le <strong>c\u0153ur<\/strong> de Christ pour la charit\u00e9.<\/p>\n<div class=\"sp-styles-warning\" style=\"width: 450px; background-color: #FFF; color: #F00; border: 1px solid #F00; padding: 10px; font-size: 14px;\">\n\t\t\t<span style=\"font-weight: bold;\">Warning: The stylesheets were not loaded!<\/span> \n\t\t\tYou will need to change the <i>Load stylesheets<\/i> setting from <i>Automatically<\/i> to <i>On homepage<\/i> or <i>On all pages<\/i>. \n\t\t\tYou can set that <a style=\"text-decoration: underline; color: #F00;\" href=\"https:\/\/blog.holyart.it\/fr\/wp-admin\/admin.php?page=sliderpro-settings\">here<\/a>.\n\t\t\t<\/div>\r\n<div id=\"slider-pro-48\" class=\"slider-pro sp-no-js\" style=\"width: 500px; height: 500px;\">\r\n\t<div class=\"sp-slides\">\r\n\t\t\r\n\t\t<div class=\"sp-slide\">\r\n\t\t\t<img loading=\"lazy\" decoding=\"async\" class=\"sp-image\" src=\"https:\/\/blog.holyart.it\/fr\/wp-content\/uploads\/sites\/14\/2021\/09\/Collier-trois-charms-Foi-Espoir-et-Charit\u00e9-argent-925-AMEN.jpg\" alt=\"Collier trois charms Foi, Espoir et Charit\u00e9 argent 925 AMEN\" width=\"500\" height=\"500\" \/>\r\n\t\t\t<div class=\"sp-thumbnail\"><img decoding=\"async\" src=\"https:\/\/blog.holyart.it\/fr\/wp-content\/uploads\/sites\/14\/2021\/09\/Collier-trois-charms-Foi-Espoir-et-Charit\u00e9-argent-925-AMEN-150x150.jpg\" \/>\r\n\t\t\t<\/div>\r\n\t\t\t<div class=\"sp-caption\">Collier trois charms Foi, Espoir et Charit\u00e9 argent 925 AMEN\n<br \/><strong><span style=\"color: #0000ff;font-size:18px\"><a style=\"color: #0000ff\" href=\"https:\/\/www.holyart.fr\/articles-religieux\/bijoux-religieux\/pendentifs-croix-et-broches\/collier-trois-charms-foi-espoir-et-charite-argent-925-amen\">Acheter sur Holyart<\/a><\/span><\/strong><\/div>\r\n\t\t<\/div>\r\n\t\t<div class=\"sp-slide\">\r\n\t\t\t<img loading=\"lazy\" decoding=\"async\" class=\"sp-image\" src=\"https:\/\/blog.holyart.it\/fr\/wp-content\/uploads\/sites\/14\/2021\/09\/Bracelet-Foi-Espoir-et-Charit\u00e9-argent-925-et-zircons-AMEN-1.jpg\" alt=\"Bracelet Foi, Espoir et Charit\u00e9 argent 925 et zircons AMEN\" width=\"500\" height=\"500\" \/>\r\n\t\t\t<img decoding=\"async\" class=\"sp-thumbnail\" src=\"https:\/\/blog.holyart.it\/fr\/wp-content\/uploads\/sites\/14\/2021\/09\/Bracelet-Foi-Espoir-et-Charit\u00e9-argent-925-et-zircons-AMEN-1-150x150.jpg\" \/>\r\n\t\t\t<div class=\"sp-caption\">Bracelet Foi, Espoir et Charit\u00e9 argent 925 et zircons AMEN\n<br \/><strong><span style=\"color: #0000ff;font-size:18px\"><a style=\"color: #0000ff\" href=\"https:\/\/www.holyart.fr\/articles-religieux\/bracelets-religieux\/bracelets-amen\/bracelet-foi-espoir-et-charite-argent-925-et-zircons-amen\">Acheter sur Holyart<\/a><\/span><\/strong><\/div>\r\n\t\t<\/div>\r\n\t\t<div class=\"sp-slide\">\r\n\t\t\t<img loading=\"lazy\" decoding=\"async\" class=\"sp-image\" src=\"https:\/\/blog.holyart.it\/fr\/wp-content\/uploads\/sites\/14\/2021\/09\/Bague-r\u00e9glable-en-argent-925-Foi-Espoir-et-Charit\u00e9.jpg\" alt=\"Bague r\u00e9glable en argent 925 Foi Espoir et Charit\u00e9\" width=\"500\" height=\"500\" \/>\r\n\t\t\t<img decoding=\"async\" class=\"sp-thumbnail\" src=\"https:\/\/blog.holyart.it\/fr\/wp-content\/uploads\/sites\/14\/2021\/09\/Bague-r\u00e9glable-en-argent-925-Foi-Espoir-et-Charit\u00e9-150x150.jpg\" \/>\r\n\t\t\t<div class=\"sp-caption\">Bague r\u00e9glable en argent 925 Foi Espoir et Charit\u00e9\n<br \/><strong><span style=\"color: #0000ff;font-size:18px\"><a style=\"color: #0000ff\" href=\"https:\/\/www.holyart.fr\/articles-religieux\/bagues-religieuses\/bague-reglable-en-argent-925-foi-espoir-et-charite\">Acheter sur Holyart<\/a><\/span><\/strong><\/div>\r\n\t\t<\/div>\r\n\t\t<div class=\"sp-slide\">\r\n\t\t\t<img loading=\"lazy\" decoding=\"async\" class=\"sp-image\" src=\"https:\/\/blog.holyart.it\/fr\/wp-content\/uploads\/sites\/14\/2021\/09\/Collier-cube-croix-coeur-et-ancre-AMEN-argent-925.jpg\" alt=\"Collier cube croix coeur et ancre AMEN argent 925\" width=\"500\" height=\"500\" \/>\r\n\t\t\t<img decoding=\"async\" class=\"sp-thumbnail\" src=\"https:\/\/blog.holyart.it\/fr\/wp-content\/uploads\/sites\/14\/2021\/09\/Collier-cube-croix-coeur-et-ancre-AMEN-argent-925-150x150.jpg\" \/>\r\n\t\t\t<div class=\"sp-caption\">Collier cube croix coeur et ancre AMEN argent 925\n<br \/><strong><span style=\"color: #0000ff;font-size:18px\"><a style=\"color: #0000ff\" href=\"https:\/\/www.holyart.fr\/articles-religieux\/bijoux-religieux\/pendentifs-croix-et-broches\/collier-cube-croix-coeur-et-ancre-amen-argent-925\">Acheter sur Holyart<\/a><\/span><\/strong><\/div>\r\n\t\t<\/div>\r\n\t<\/div>\r\n<\/div>\n","protected":false},"excerpt":{"rendered":"<p>Foi, esp\u00e9rance et charit\u00e9 sont les trois vertus th\u00e9ologales. D\u00e9terminons le lien entre l\u2019homme et Dieu et l\u2019agir moral chr\u00e9tien. Mais connaissons-nous vraiment ces trois vertus\u00a0? Foi, esp\u00e9rance et charit\u00e9 ne sont que quelques-unes des vertus que l\u2019homme doit cultiver afin d\u2019\u00eatre consid\u00e9r\u00e9 bon et&hellip;<\/p>\n","protected":false},"author":1,"featured_media":3381,"comment_status":"closed","ping_status":"open","sticky":false,"template":"","format":"standard","meta":{"_acf_changed":false,"footnotes":""},"categories":[8],"tags":[],"class_list":["post-3367","post","type-post","status-publish","format-standard","has-post-thumbnail","hentry","category-articles-religieux"],"acf":[],"yoast_head":"<!-- This site is optimized with the Yoast SEO plugin v26.6 - https:\/\/yoast.com\/wordpress\/plugins\/seo\/ -->\n<title>Foi, esp\u00e9rance et charit\u00e9 : vertus th\u00e9ologales - Holyart.fr Blog<\/title>\n<meta name=\"description\" content=\"Foi, esp\u00e9rance et charit\u00e9 sont les trois vertus th\u00e9ologales. D\u00e9terminons le lien entre l\u2019homme et Dieu et l\u2019agir moral chr\u00e9tien.\" \/>\n<meta name=\"robots\" content=\"index, follow, max-snippet:-1, max-image-preview:large, max-video-preview:-1\" \/>\n<link rel=\"canonical\" href=\"https:\/\/blog.holyart.it\/fr\/articles-religieux\/foi-esperance-et-charite-vertus-theologales\/\" \/>\n<meta property=\"og:locale\" content=\"fr_FR\" \/>\n<meta property=\"og:type\" content=\"article\" \/>\n<meta property=\"og:title\" content=\"Foi, esp\u00e9rance et charit\u00e9 : vertus th\u00e9ologales - Holyart.fr Blog\" \/>\n<meta property=\"og:description\" content=\"Foi, esp\u00e9rance et charit\u00e9 sont les trois vertus th\u00e9ologales. D\u00e9terminons le lien entre l\u2019homme et Dieu et l\u2019agir moral chr\u00e9tien.\" \/>\n<meta property=\"og:url\" content=\"https:\/\/blog.holyart.it\/fr\/articles-religieux\/foi-esperance-et-charite-vertus-theologales\/\" \/>\n<meta property=\"og:site_name\" content=\"Holyart.fr Blog\" \/>\n<meta property=\"article:published_time\" content=\"2021-09-02T08:00:18+00:00\" \/>\n<meta property=\"article:modified_time\" content=\"2026-03-17T10:07:57+00:00\" \/>\n<meta property=\"og:image\" content=\"https:\/\/blog.holyart.it\/fr\/wp-content\/uploads\/sites\/14\/2021\/09\/Foi-esp\u00e9rance-et-charit\u00e9.jpeg\" \/>\n\t<meta property=\"og:image:width\" content=\"1000\" \/>\n\t<meta property=\"og:image:height\" content=\"665\" \/>\n\t<meta property=\"og:image:type\" content=\"image\/jpeg\" \/>\n<meta name=\"author\" content=\"Redazione\" \/>\n<meta name=\"twitter:card\" content=\"summary_large_image\" \/>\n<meta name=\"twitter:label1\" content=\"\u00c9crit par\" \/>\n\t<meta name=\"twitter:data1\" content=\"Redazione\" \/>\n\t<meta name=\"twitter:label2\" content=\"Dur\u00e9e de lecture estim\u00e9e\" \/>\n\t<meta name=\"twitter:data2\" content=\"15 minutes\" \/>\n<script type=\"application\/ld+json\" class=\"yoast-schema-graph\">{\"@context\":\"https:\/\/schema.org\",\"@graph\":[{\"@type\":\"Article\",\"@id\":\"https:\/\/blog.holyart.it\/fr\/articles-religieux\/foi-esperance-et-charite-vertus-theologales\/#article\",\"isPartOf\":{\"@id\":\"https:\/\/blog.holyart.it\/fr\/articles-religieux\/foi-esperance-et-charite-vertus-theologales\/\"},\"author\":{\"name\":\"Redazione\",\"@id\":\"https:\/\/blog.holyart.it\/fr\/#\/schema\/person\/0a7b686e5af0f856ec1e390dd0baecda\"},\"headline\":\"Foi, esp\u00e9rance et charit\u00e9 : vertus th\u00e9ologales\",\"datePublished\":\"2021-09-02T08:00:18+00:00\",\"dateModified\":\"2026-03-17T10:07:57+00:00\",\"mainEntityOfPage\":{\"@id\":\"https:\/\/blog.holyart.it\/fr\/articles-religieux\/foi-esperance-et-charite-vertus-theologales\/\"},\"wordCount\":2963,\"publisher\":{\"@id\":\"https:\/\/blog.holyart.it\/fr\/#organization\"},\"image\":{\"@id\":\"https:\/\/blog.holyart.it\/fr\/articles-religieux\/foi-esperance-et-charite-vertus-theologales\/#primaryimage\"},\"thumbnailUrl\":\"https:\/\/blog.holyart.it\/fr\/wp-content\/uploads\/sites\/14\/2021\/09\/Foi-esp\u00e9rance-et-charit\u00e9.jpeg\",\"articleSection\":[\"Religion\"],\"inLanguage\":\"fr-FR\"},{\"@type\":\"WebPage\",\"@id\":\"https:\/\/blog.holyart.it\/fr\/articles-religieux\/foi-esperance-et-charite-vertus-theologales\/\",\"url\":\"https:\/\/blog.holyart.it\/fr\/articles-religieux\/foi-esperance-et-charite-vertus-theologales\/\",\"name\":\"Foi, esp\u00e9rance et charit\u00e9 : vertus th\u00e9ologales - Holyart.fr Blog\",\"isPartOf\":{\"@id\":\"https:\/\/blog.holyart.it\/fr\/#website\"},\"primaryImageOfPage\":{\"@id\":\"https:\/\/blog.holyart.it\/fr\/articles-religieux\/foi-esperance-et-charite-vertus-theologales\/#primaryimage\"},\"image\":{\"@id\":\"https:\/\/blog.holyart.it\/fr\/articles-religieux\/foi-esperance-et-charite-vertus-theologales\/#primaryimage\"},\"thumbnailUrl\":\"https:\/\/blog.holyart.it\/fr\/wp-content\/uploads\/sites\/14\/2021\/09\/Foi-esp\u00e9rance-et-charit\u00e9.jpeg\",\"datePublished\":\"2021-09-02T08:00:18+00:00\",\"dateModified\":\"2026-03-17T10:07:57+00:00\",\"description\":\"Foi, esp\u00e9rance et charit\u00e9 sont les trois vertus th\u00e9ologales. D\u00e9terminons le lien entre l\u2019homme et Dieu et l\u2019agir moral chr\u00e9tien.\",\"breadcrumb\":{\"@id\":\"https:\/\/blog.holyart.it\/fr\/articles-religieux\/foi-esperance-et-charite-vertus-theologales\/#breadcrumb\"},\"inLanguage\":\"fr-FR\",\"potentialAction\":[{\"@type\":\"ReadAction\",\"target\":[\"https:\/\/blog.holyart.it\/fr\/articles-religieux\/foi-esperance-et-charite-vertus-theologales\/\"]}]},{\"@type\":\"ImageObject\",\"inLanguage\":\"fr-FR\",\"@id\":\"https:\/\/blog.holyart.it\/fr\/articles-religieux\/foi-esperance-et-charite-vertus-theologales\/#primaryimage\",\"url\":\"https:\/\/blog.holyart.it\/fr\/wp-content\/uploads\/sites\/14\/2021\/09\/Foi-esp\u00e9rance-et-charit\u00e9.jpeg\",\"contentUrl\":\"https:\/\/blog.holyart.it\/fr\/wp-content\/uploads\/sites\/14\/2021\/09\/Foi-esp\u00e9rance-et-charit\u00e9.jpeg\",\"width\":1000,\"height\":665,\"caption\":\"Foi, esp\u00e9rance et charit\u00e9\"},{\"@type\":\"BreadcrumbList\",\"@id\":\"https:\/\/blog.holyart.it\/fr\/articles-religieux\/foi-esperance-et-charite-vertus-theologales\/#breadcrumb\",\"itemListElement\":[{\"@type\":\"ListItem\",\"position\":1,\"name\":\"Homepage\",\"item\":\"https:\/\/blog.holyart.it\/fr\/\"},{\"@type\":\"ListItem\",\"position\":2,\"name\":\"Religion\",\"item\":\"https:\/\/blog.holyart.it\/fr\/articles-religieux\/\"},{\"@type\":\"ListItem\",\"position\":3,\"name\":\"Foi, esp\u00e9rance et charit\u00e9 : vertus th\u00e9ologales\"}]},{\"@type\":\"WebSite\",\"@id\":\"https:\/\/blog.holyart.it\/fr\/#website\",\"url\":\"https:\/\/blog.holyart.it\/fr\/\",\"name\":\"Holyart.fr Blog\",\"description\":\"Holyblog\",\"publisher\":{\"@id\":\"https:\/\/blog.holyart.it\/fr\/#organization\"},\"potentialAction\":[{\"@type\":\"SearchAction\",\"target\":{\"@type\":\"EntryPoint\",\"urlTemplate\":\"https:\/\/blog.holyart.it\/fr\/?s={search_term_string}\"},\"query-input\":{\"@type\":\"PropertyValueSpecification\",\"valueRequired\":true,\"valueName\":\"search_term_string\"}}],\"inLanguage\":\"fr-FR\"},{\"@type\":\"Organization\",\"@id\":\"https:\/\/blog.holyart.it\/fr\/#organization\",\"name\":\"Holyart.fr Blog\",\"url\":\"https:\/\/blog.holyart.it\/fr\/\",\"logo\":{\"@type\":\"ImageObject\",\"inLanguage\":\"fr-FR\",\"@id\":\"https:\/\/blog.holyart.it\/fr\/#\/schema\/logo\/image\/\",\"url\":\"https:\/\/blog.holyart.it\/fr\/wp-content\/uploads\/sites\/14\/2022\/12\/Holyart_Blog_Logo.jpg\",\"contentUrl\":\"https:\/\/blog.holyart.it\/fr\/wp-content\/uploads\/sites\/14\/2022\/12\/Holyart_Blog_Logo.jpg\",\"width\":300,\"height\":50,\"caption\":\"Holyart.fr Blog\"},\"image\":{\"@id\":\"https:\/\/blog.holyart.it\/fr\/#\/schema\/logo\/image\/\"}},{\"@type\":\"Person\",\"@id\":\"https:\/\/blog.holyart.it\/fr\/#\/schema\/person\/0a7b686e5af0f856ec1e390dd0baecda\",\"name\":\"Redazione\",\"image\":{\"@type\":\"ImageObject\",\"inLanguage\":\"fr-FR\",\"@id\":\"https:\/\/blog.holyart.it\/fr\/#\/schema\/person\/image\/\",\"url\":\"https:\/\/secure.gravatar.com\/avatar\/f477da817f43e50d0af36abecd33e3edf826c68299714bdc1057dff3b113f516?s=96&d=mm&r=g\",\"contentUrl\":\"https:\/\/secure.gravatar.com\/avatar\/f477da817f43e50d0af36abecd33e3edf826c68299714bdc1057dff3b113f516?s=96&d=mm&r=g\",\"caption\":\"Redazione\"},\"url\":\"https:\/\/blog.holyart.it\/fr\/author\/admin\/\"}]}<\/script>\n<!-- \/ Yoast SEO plugin. -->","yoast_head_json":{"title":"Foi, esp\u00e9rance et charit\u00e9 : vertus th\u00e9ologales - Holyart.fr Blog","description":"Foi, esp\u00e9rance et charit\u00e9 sont les trois vertus th\u00e9ologales. D\u00e9terminons le lien entre l\u2019homme et Dieu et l\u2019agir moral chr\u00e9tien.","robots":{"index":"index","follow":"follow","max-snippet":"max-snippet:-1","max-image-preview":"max-image-preview:large","max-video-preview":"max-video-preview:-1"},"canonical":"https:\/\/blog.holyart.it\/fr\/articles-religieux\/foi-esperance-et-charite-vertus-theologales\/","og_locale":"fr_FR","og_type":"article","og_title":"Foi, esp\u00e9rance et charit\u00e9 : vertus th\u00e9ologales - Holyart.fr Blog","og_description":"Foi, esp\u00e9rance et charit\u00e9 sont les trois vertus th\u00e9ologales. D\u00e9terminons le lien entre l\u2019homme et Dieu et l\u2019agir moral chr\u00e9tien.","og_url":"https:\/\/blog.holyart.it\/fr\/articles-religieux\/foi-esperance-et-charite-vertus-theologales\/","og_site_name":"Holyart.fr Blog","article_published_time":"2021-09-02T08:00:18+00:00","article_modified_time":"2026-03-17T10:07:57+00:00","og_image":[{"width":1000,"height":665,"url":"https:\/\/blog.holyart.it\/fr\/wp-content\/uploads\/sites\/14\/2021\/09\/Foi-esp\u00e9rance-et-charit\u00e9.jpeg","type":"image\/jpeg"}],"author":"Redazione","twitter_card":"summary_large_image","twitter_misc":{"\u00c9crit par":"Redazione","Dur\u00e9e de lecture estim\u00e9e":"15 minutes"},"schema":{"@context":"https:\/\/schema.org","@graph":[{"@type":"Article","@id":"https:\/\/blog.holyart.it\/fr\/articles-religieux\/foi-esperance-et-charite-vertus-theologales\/#article","isPartOf":{"@id":"https:\/\/blog.holyart.it\/fr\/articles-religieux\/foi-esperance-et-charite-vertus-theologales\/"},"author":{"name":"Redazione","@id":"https:\/\/blog.holyart.it\/fr\/#\/schema\/person\/0a7b686e5af0f856ec1e390dd0baecda"},"headline":"Foi, esp\u00e9rance et charit\u00e9 : vertus th\u00e9ologales","datePublished":"2021-09-02T08:00:18+00:00","dateModified":"2026-03-17T10:07:57+00:00","mainEntityOfPage":{"@id":"https:\/\/blog.holyart.it\/fr\/articles-religieux\/foi-esperance-et-charite-vertus-theologales\/"},"wordCount":2963,"publisher":{"@id":"https:\/\/blog.holyart.it\/fr\/#organization"},"image":{"@id":"https:\/\/blog.holyart.it\/fr\/articles-religieux\/foi-esperance-et-charite-vertus-theologales\/#primaryimage"},"thumbnailUrl":"https:\/\/blog.holyart.it\/fr\/wp-content\/uploads\/sites\/14\/2021\/09\/Foi-esp\u00e9rance-et-charit\u00e9.jpeg","articleSection":["Religion"],"inLanguage":"fr-FR"},{"@type":"WebPage","@id":"https:\/\/blog.holyart.it\/fr\/articles-religieux\/foi-esperance-et-charite-vertus-theologales\/","url":"https:\/\/blog.holyart.it\/fr\/articles-religieux\/foi-esperance-et-charite-vertus-theologales\/","name":"Foi, esp\u00e9rance et charit\u00e9 : vertus th\u00e9ologales - Holyart.fr Blog","isPartOf":{"@id":"https:\/\/blog.holyart.it\/fr\/#website"},"primaryImageOfPage":{"@id":"https:\/\/blog.holyart.it\/fr\/articles-religieux\/foi-esperance-et-charite-vertus-theologales\/#primaryimage"},"image":{"@id":"https:\/\/blog.holyart.it\/fr\/articles-religieux\/foi-esperance-et-charite-vertus-theologales\/#primaryimage"},"thumbnailUrl":"https:\/\/blog.holyart.it\/fr\/wp-content\/uploads\/sites\/14\/2021\/09\/Foi-esp\u00e9rance-et-charit\u00e9.jpeg","datePublished":"2021-09-02T08:00:18+00:00","dateModified":"2026-03-17T10:07:57+00:00","description":"Foi, esp\u00e9rance et charit\u00e9 sont les trois vertus th\u00e9ologales. D\u00e9terminons le lien entre l\u2019homme et Dieu et l\u2019agir moral chr\u00e9tien.","breadcrumb":{"@id":"https:\/\/blog.holyart.it\/fr\/articles-religieux\/foi-esperance-et-charite-vertus-theologales\/#breadcrumb"},"inLanguage":"fr-FR","potentialAction":[{"@type":"ReadAction","target":["https:\/\/blog.holyart.it\/fr\/articles-religieux\/foi-esperance-et-charite-vertus-theologales\/"]}]},{"@type":"ImageObject","inLanguage":"fr-FR","@id":"https:\/\/blog.holyart.it\/fr\/articles-religieux\/foi-esperance-et-charite-vertus-theologales\/#primaryimage","url":"https:\/\/blog.holyart.it\/fr\/wp-content\/uploads\/sites\/14\/2021\/09\/Foi-esp\u00e9rance-et-charit\u00e9.jpeg","contentUrl":"https:\/\/blog.holyart.it\/fr\/wp-content\/uploads\/sites\/14\/2021\/09\/Foi-esp\u00e9rance-et-charit\u00e9.jpeg","width":1000,"height":665,"caption":"Foi, esp\u00e9rance et charit\u00e9"},{"@type":"BreadcrumbList","@id":"https:\/\/blog.holyart.it\/fr\/articles-religieux\/foi-esperance-et-charite-vertus-theologales\/#breadcrumb","itemListElement":[{"@type":"ListItem","position":1,"name":"Homepage","item":"https:\/\/blog.holyart.it\/fr\/"},{"@type":"ListItem","position":2,"name":"Religion","item":"https:\/\/blog.holyart.it\/fr\/articles-religieux\/"},{"@type":"ListItem","position":3,"name":"Foi, esp\u00e9rance et charit\u00e9 : vertus th\u00e9ologales"}]},{"@type":"WebSite","@id":"https:\/\/blog.holyart.it\/fr\/#website","url":"https:\/\/blog.holyart.it\/fr\/","name":"Holyart.fr Blog","description":"Holyblog","publisher":{"@id":"https:\/\/blog.holyart.it\/fr\/#organization"},"potentialAction":[{"@type":"SearchAction","target":{"@type":"EntryPoint","urlTemplate":"https:\/\/blog.holyart.it\/fr\/?s={search_term_string}"},"query-input":{"@type":"PropertyValueSpecification","valueRequired":true,"valueName":"search_term_string"}}],"inLanguage":"fr-FR"},{"@type":"Organization","@id":"https:\/\/blog.holyart.it\/fr\/#organization","name":"Holyart.fr Blog","url":"https:\/\/blog.holyart.it\/fr\/","logo":{"@type":"ImageObject","inLanguage":"fr-FR","@id":"https:\/\/blog.holyart.it\/fr\/#\/schema\/logo\/image\/","url":"https:\/\/blog.holyart.it\/fr\/wp-content\/uploads\/sites\/14\/2022\/12\/Holyart_Blog_Logo.jpg","contentUrl":"https:\/\/blog.holyart.it\/fr\/wp-content\/uploads\/sites\/14\/2022\/12\/Holyart_Blog_Logo.jpg","width":300,"height":50,"caption":"Holyart.fr Blog"},"image":{"@id":"https:\/\/blog.holyart.it\/fr\/#\/schema\/logo\/image\/"}},{"@type":"Person","@id":"https:\/\/blog.holyart.it\/fr\/#\/schema\/person\/0a7b686e5af0f856ec1e390dd0baecda","name":"Redazione","image":{"@type":"ImageObject","inLanguage":"fr-FR","@id":"https:\/\/blog.holyart.it\/fr\/#\/schema\/person\/image\/","url":"https:\/\/secure.gravatar.com\/avatar\/f477da817f43e50d0af36abecd33e3edf826c68299714bdc1057dff3b113f516?s=96&d=mm&r=g","contentUrl":"https:\/\/secure.gravatar.com\/avatar\/f477da817f43e50d0af36abecd33e3edf826c68299714bdc1057dff3b113f516?s=96&d=mm&r=g","caption":"Redazione"},"url":"https:\/\/blog.holyart.it\/fr\/author\/admin\/"}]}},"_links":{"self":[{"href":"https:\/\/blog.holyart.it\/fr\/wp-json\/wp\/v2\/posts\/3367","targetHints":{"allow":["GET"]}}],"collection":[{"href":"https:\/\/blog.holyart.it\/fr\/wp-json\/wp\/v2\/posts"}],"about":[{"href":"https:\/\/blog.holyart.it\/fr\/wp-json\/wp\/v2\/types\/post"}],"author":[{"embeddable":true,"href":"https:\/\/blog.holyart.it\/fr\/wp-json\/wp\/v2\/users\/1"}],"replies":[{"embeddable":true,"href":"https:\/\/blog.holyart.it\/fr\/wp-json\/wp\/v2\/comments?post=3367"}],"version-history":[{"count":5,"href":"https:\/\/blog.holyart.it\/fr\/wp-json\/wp\/v2\/posts\/3367\/revisions"}],"predecessor-version":[{"id":12208,"href":"https:\/\/blog.holyart.it\/fr\/wp-json\/wp\/v2\/posts\/3367\/revisions\/12208"}],"wp:featuredmedia":[{"embeddable":true,"href":"https:\/\/blog.holyart.it\/fr\/wp-json\/wp\/v2\/media\/3381"}],"wp:attachment":[{"href":"https:\/\/blog.holyart.it\/fr\/wp-json\/wp\/v2\/media?parent=3367"}],"wp:term":[{"taxonomy":"category","embeddable":true,"href":"https:\/\/blog.holyart.it\/fr\/wp-json\/wp\/v2\/categories?post=3367"},{"taxonomy":"post_tag","embeddable":true,"href":"https:\/\/blog.holyart.it\/fr\/wp-json\/wp\/v2\/tags?post=3367"}],"curies":[{"name":"wp","href":"https:\/\/api.w.org\/{rel}","templated":true}]}}