{"id":3341,"date":"2021-08-24T08:57:22","date_gmt":"2021-08-24T06:57:22","guid":{"rendered":"https:\/\/blog.holyart.it\/fr\/?p=3341"},"modified":"2023-07-31T12:14:25","modified_gmt":"2023-07-31T10:14:25","slug":"la-nativite-de-marie-quand-et-pourquoi-la-fetons-nous","status":"publish","type":"post","link":"https:\/\/blog.holyart.it\/fr\/articles-religieux\/la-nativite-de-marie-quand-et-pourquoi-la-fetons-nous\/","title":{"rendered":"La Nativit\u00e9 de Marie, quand et pourquoi la f\u00eatons-nous ?"},"content":{"rendered":"<h4>Le 8 septembre nous c\u00e9l\u00e9brons la nativit\u00e9 de Marie, la m\u00e8re par excellence, la femme qui changea l\u2019histoire de l\u2019\u00c9glise et de l\u2019humanit\u00e9. D\u00e9couvrons quelque chose de plus sur sa naissance et son enfance.<\/h4>\n\n<p>Pourquoi \u00e9crire un article sur la nativit\u00e9 de Marie\u00a0? Nous connaissons tous l\u2019histoire de <strong>Marie de Nazareth<\/strong>, la jeune fille choisie par Dieu pour devenir la m\u00e8re de J\u00e9sus, le Sauveur. D\u00e8s notre enfance, nous sommes exhort\u00e9s \u00e0 la consid\u00e9rer comme une sorte de <strong>maman c\u00e9leste<\/strong>, qui nous aime tout autant que notre vrai maman, et qui, de la m\u00eame mani\u00e8re, aime tous les enfants du monde. En grandissant, cela est un des rares contes de f\u00e9es qui ne cesse d\u2019\u00eatre r\u00e9el. Car la Vierge continue en effet \u00e0 \u00eatre la <a href=\"https:\/\/www.holyart.fr\/produits\/statues-vierge-marie.php\"><strong>M\u00e8re mis\u00e9ricordieuse de l\u2019humanit\u00e9 enti\u00e8re<\/strong><\/a>, celle qui, en vertu de son lien privil\u00e9gi\u00e9 avec J\u00e9sus, peut se charger de toutes les souffrances des hommes afin de les porter \u00e0 l\u2019attention du P\u00e8re et assumer un r\u00f4le d\u2019<strong>interm\u00e9diaire<\/strong> entre Lui et toutes ses cr\u00e9atures.<\/p>\n<p>C\u2019est gr\u00e2ce \u00e0 Marie si Dieu P\u00e8re a voulu et pu se <strong>r\u00e9concilier avec l\u2019homme<\/strong>. Une autre c\u00e9l\u00e8bre figure f\u00e9minine, \u00c8ve, avait d\u00e9termin\u00e9 la perte de la gr\u00e2ce pour toute l\u2019humanit\u00e9 et l\u2019expulsion du Paradis Terrestre. Comme \u00c8ve fut <strong>maudite par Dieu<\/strong> pour son p\u00e9ch\u00e9, et avec elle toutes les femmes (\u00ab\u00a0<em>J&rsquo;augmenterai la souffrance de tes grossesses, tu enfanteras avec douleur<\/em>\u00a0\u00bb Gen\u00e8se 3, 16), ainsi la Vierge Marie fut au contraire <strong>b\u00e9nite parmi les femmes<\/strong>. \u00ab\u00a0<em>Tu es b\u00e9nie parmi les femmes<\/em>\u00a0\u00bb lui dit l\u2019archange Gabriel, quand il se pr\u00e9sente \u00e0 elle pour lui annoncer sa future maternit\u00e9. Et cette b\u00e9n\u00e9diction, ce choix \u0153uvr\u00e9 par Dieu pour amener dans le monde Son Fils, et avec lui le <strong>salut pour tous<\/strong>, est d\u00e9termin\u00e9 justement par Marie, par la mani\u00e8re dont elle est faite, par son caract\u00e8re humble et doux, par sa simplicit\u00e9, mais \u00e9galement par le courage avec lequel elle a accept\u00e9 d\u2019assumer le r\u00f4le non difficile que le Tout-Puissant avait choisi pour elle.<\/p>\n<p>Nous avons d\u00e9di\u00e9 un article \u00e0 l\u2019\u00e9volution de la figure de <a href=\"https:\/\/www.holyart.fr\/blog\/articles-religieux\/deve-a-marie-la-figure-de-la-mere-dans-la-bible\/\"><strong>la femme et de la m\u00e8re d\u2019\u00c8ve \u00e0 Maria<\/strong><\/a>, dans lequel nous avons approfondi justement cet aspect de la vie de Marie. En raison de son importance dans l\u2019histoire de l\u2019humanit\u00e9, nous avons \u00e9galement compt\u00e9 Marie parmi les 10 femmes chr\u00e9tiennes qui chang\u00e8rent l\u2019\u00c9glise et le monde.<\/p>\n<div class=\"link-article\">\n<p><img loading=\"lazy\" decoding=\"async\" class=\"alignleft size-full wp-image-3344\" src=\"https:\/\/blog.holyart.it\/fr\/wp-content\/uploads\/sites\/14\/2021\/08\/eva-marie.jpg\" alt=\"eva marie\" width=\"150\" height=\"99\" data-kale-share-title=\"La Nativit\u00e9 de Marie, quand et pourquoi la f\u00eatons-nous ?\" data-kale-share-url=\"https:\/\/blog.holyart.it\/fr\/?p=3341\" \/><\/p>\n<div class=\"leggi-anche\">Lire aussi :<\/div>\n<p><strong><a href=\"https:\/\/www.holyart.fr\/blog\/articles-religieux\/deve-a-marie-la-figure-de-la-mere-dans-la-bible\/\">D\u2019\u00c8ve \u00e0 Marie : la figure de la M\u00e8re dans la Bible<\/a><\/strong><br \/>\nLa m\u00e8re, pilier de chaque famille , coeur et source de vie pour ceux qui gravitent autour d\u2019elle. Et pourtant parfois nous la donnons pour acquise.<\/p>\n<\/div>\n<p>Mais ici, nous souhaiterions faire un pas en arri\u00e8re et parler de la nativit\u00e9 de la Vierge Marie. Oui, car Marie a \u00e9t\u00e9 un enfant, avant de devenir la femme extraordinaire que nous connaissons. Elle a eu une maman, avant d\u2019\u00eatre une maman \u00e0 son tour. Sa maman s\u2019appelait <u>Anne<\/u> et, bien qu\u2019elle ne soit pas mentionn\u00e9e par les Saintes \u00c9critures, elle est toutefois v\u00e9n\u00e9r\u00e9e comme une Sainte \u00e0 son tour et, avec elle, le pape de Marie aussi, Saint Joachim. Les parents de Marie sont f\u00eat\u00e9s le 26 juillet, le m\u00eame jour o\u00f9 nous c\u00e9l\u00e9brons la journ\u00e9e des grands-parents.<\/p>\n<p>D\u00e9couvrons donc ensemble quelque chose de plus sur la nativit\u00e9 de la Tr\u00e8s Sainte Marie et sur son enfance avec Joachim et Anne.<\/p>\n<h2>8 septembre \u2013 F\u00eate de la Vierge<\/h2>\n<p>Mais pourquoi la Nativit\u00e9 de Marie est c\u00e9l\u00e9br\u00e9e le 8 septembre ? En r\u00e9alit\u00e9, il n\u2019y a pas d\u2019informations pr\u00e9cises concernant la date de naissance de la Sainte Vierge. Une tradition la fait co\u00efncider avec le <strong>5 ao\u00fbt<\/strong>, jour o\u00f9 on f\u00eate <strong>Notre-Dame des Neiges<\/strong>, qui au IV si\u00e8cle ap. J.-C. recouvra avec une chute de neige miraculeuse le Mont Esquilin, o\u00f9 sera ensuite \u00e9rig\u00e9e la Basilique de Sainte-Marie-Majeure. La m\u00eame date est indiqu\u00e9 en 1984 par<a href=\"https:\/\/www.holyart.fr\/occasions-speciales\/notre-dame-de-medjugorje\"> <strong>Notre-Dame de Medjugorje<\/strong><\/a> aux voyants comme jour de son anniversaire.<\/p>\n<p>La tradition qui place par contre la nativit\u00e9 de Marie au 8 septembre est li\u00e9e \u00e0 la construction de la <strong>Basilique de Sainte Anne \u00e0 J\u00e9rusalem<\/strong>, au IV si\u00e8cle ap. J.-C., \u00e9rig\u00e9e \u00e0 l\u2019endroit o\u00f9 auparavant surgissait la maison o\u00f9 les parents de Marie, Anne donc et Joachim, v\u00e9curent et o\u00f9 la M\u00e8re de J\u00e9sus serait n\u00e9e.<\/p>\n<p>En <strong>Orient<\/strong>, la nativit\u00e9 de Marie \u00e9tait d\u00e9j\u00e0 f\u00eat\u00e9e au IV si\u00e8cle, juste apr\u00e8s la construction de la Basilique mentionn\u00e9e ci-dessus. Ensuite, la tradition de f\u00eater la naissance de Marie le jour 8 de septembre arriva \u00e0 Constantinople aussi et l\u2019<strong>\u00c9glise byzantine <\/strong>s\u2019appropria de cette d\u00e9votion, en l\u2019associant \u00e0 celle de la Conception.<\/p>\n<p>Au VII si\u00e8cle, Pape Serge I introduisit la f\u00eate de la Nativit\u00e9 de Marie en <strong>Occident<\/strong> aussi, en la c\u00e9l\u00e9brant avec une procession solennelle qui se d\u00e9roulait \u00e0 travers les rues de Rome de l\u2019\u00e9glise de Sant\u2019Adriano al Foro jusqu\u2019\u00e0 la Basilique de Sainte-Marie-Majeure.<\/p>\n<h2>Histoire de la naissance de Marie<\/h2>\n<p>Les informations que nous avons concernant Joachim et Anne, parents de Marie, nous viennent du <strong>Prot\u00e9vengile de Jacques<\/strong>, un texte apocryphe exclu du canon des Saintes \u00c9critures. Pareillement, l\u2019<strong>\u00c9vangile du Pseudo-Matthieu<\/strong>, \u00e9crit en latin au VIII-IX si\u00e8cle, mentionne les parents de Marie. Dans les <strong>\u00c9vangiles de Luc et de Matthieu<\/strong>, il existe des brides d\u2019informations qui nous permettent de reconstruire du moins en partie l\u2019enfance de la Vierge.<\/p>\n<p>La <strong>L\u00e9gende dor\u00e9e<\/strong> aussi, r\u00e9colte de biographies hagiographiques compos\u00e9e par le fr\u00e8re dominicain Jacques de Varagine entre 1260 et 1298, reporte quelques \u00e9pisodes de la vie de Marie, de Sainte Anne et de Saint Joachim, dont beaucoup inspir\u00e8rent les grands artistes du pass\u00e9 pour r\u00e9aliser des \u0153uvres d\u2019art sacr\u00e9 devenues immortelles.<\/p>\n<p>Tout d\u2019abord, nous voudrions souligner les circonstances miraculeuses de la <strong>conception de Marie<\/strong>, qui, comme nous le savons bien, naquit pure, jamais touch\u00e9e par le p\u00e9ch\u00e9 originel, comme arrivait par contre \u00e0 tous les hommes et femmes. Le <a href=\"https:\/\/www.holyart.fr\/blog\/saints-et-bienheureux\/limmaculee-conception\/\"><strong>dogme de l\u2019Immacul\u00e9e Conception<\/strong><\/a> rend Marie sainte d\u00e8s sa conception, purifi\u00e9e de tous les maux, pr\u00e9serv\u00e9e du p\u00e9ch\u00e9 pour devenir la m\u00e8re de J\u00e9sus.<\/p>\n<p>Comme nous l\u2019avons d\u00e9j\u00e0 vu en parlant de Sainte Anne, son mari Joachim et elle n\u2019arrivaient pas \u00e0 avoir d\u2019enfants. La st\u00e9rilit\u00e9 \u00e9tait consid\u00e9r\u00e9e comme la pire des disgr\u00e2ces dans la culture juive, car elle \u00e9tait attribu\u00e9e \u00e0 une punition divine. Joachim, homme pieux, choisit de s\u2019\u00e9loigner du Temple quand il lui fut interdit de pr\u00e9senter des sacrifices \u00e0 Dieu \u00e0 cause de sa st\u00e9rilit\u00e9. Il se retira dans le d\u00e9sert, parmi les bergers, sans jamais arr\u00eater de prier Dieu. Anne aussi, abandonn\u00e9e par son mari, ne cessa pas de prier, et leur foi fut enfin r\u00e9compens\u00e9e\u00a0: un <strong>ange<\/strong> apparut \u00e0 tous les deux, en leur annon\u00e7ant la <strong>naissance imminente d\u2019une petite fille<\/strong>. Le messager c\u00e9leste les informa qu\u2019elle allait devoir s\u2019appeler Marie et qu\u2019elle aurait v\u00e9cu au Temple, car destin\u00e9e \u00e0 porter le Fils de Dieu. Les deux \u00e9poux se rejoignirent, en se saluant avec un baiser sous la Porte dor\u00e9e de J\u00e9rusalem.<\/p>\n<div class=\"link-product\">\n<div class=\"blocco-immagine\"><img loading=\"lazy\" decoding=\"async\" class=\"alignleft size-full wp-image-3345\" src=\"https:\/\/blog.holyart.it\/fr\/wp-content\/uploads\/sites\/14\/2021\/08\/Statue-Marie-Enfant.jpg\" alt=\"Statue Marie Enfant\" width=\"100\" height=\"100\" data-kale-share-title=\"La Nativit\u00e9 de Marie, quand et pourquoi la f\u00eatons-nous ?\" data-kale-share-url=\"https:\/\/blog.holyart.it\/fr\/?p=3341\" \/><\/div>\n<div class=\"blocco-contenuto\">\n<div class=\"blocco-acquista\">Acheter sur Holyart:<\/div>\n<div class=\"blocco-titolo\"><a href=\"https:\/\/www.holyart.fr\/articles-religieux\/statues\/statues-en-resine-et-pvc\/statue-marie-enfant-30-cm-resine-peinte\">Statue Marie Enfant<\/a><\/div>\n<div class=\"blocco-descrizione\">30 cm r\u00e9sine peinte<\/div>\n<\/div>\n<\/div>\n<p>Ainsi Marie naquit et, dans un premier temps, v\u00e9cut dans la maison de Saint Joachim et Sainte Anne. Ici, elle fut \u00e9duqu\u00e9e par sa m\u00e8re aux pri\u00e8res et \u00e0 la d\u00e9votion \u00e0 Dieu, tout en apprenant en m\u00eame temps tout ce qu\u2019une femme devait savoir sur comment on g\u00e8re une maison et une famille. Ensuite, elle fut amen\u00e9e au <strong>Temple<\/strong> pour \u00eatre instruite par les grands pr\u00eatres. On raconte que Marie accueillit avec joie la perspective de laisser la maison paternelle pour se rendre dans ce lieu aust\u00e8re et solennel, comme si en elle, encore enfant, palpitait d\u00e9j\u00e0 la conscience de ce que sa destin\u00e9e devait \u00eatre. Selon la tradition hagiographique, Marie v\u00e9cut son enfance au Temple, se partageant entre les pri\u00e8res et les visites des anges. Son caract\u00e8re \u00e9tait humble et doux, une anticipation de la magnifique jeune femme qui allait accueillir en elle la mission que Dieu lui avait pr\u00e9par\u00e9. Un choix qui allait changer \u00e0 jamais le destin du monde.<\/p>\n<div class=\"link-product\">\n<div class=\"blocco-immagine\"><img loading=\"lazy\" decoding=\"async\" class=\"alignleft size-full wp-image-3346\" src=\"https:\/\/blog.holyart.it\/fr\/wp-content\/uploads\/sites\/14\/2021\/08\/Ic\u00f4ne-mariage-Joachim-et-Anne.jpg\" alt=\"Ic\u00f4ne mariage Joachim et Anne\" width=\"100\" height=\"100\" data-kale-share-title=\"La Nativit\u00e9 de Marie, quand et pourquoi la f\u00eatons-nous ?\" data-kale-share-url=\"https:\/\/blog.holyart.it\/fr\/?p=3341\" \/><\/div>\n<div class=\"blocco-contenuto\">\n<div class=\"blocco-acquista\">Acheter sur Holyart:<\/div>\n<div class=\"blocco-titolo\"><a href=\"https:\/\/www.holyart.fr\/articles-religieux\/icones-religieuses\/icones-grecques\/icone-mariage-joachim-et-anne\">Ic\u00f4ne mariage Joachim et Anne<\/a><\/div>\n<div class=\"blocco-descrizione\">Ic\u00f4ne grecque peinte \u00e0 la main<\/div>\n<\/div>\n<\/div>\n<h2>La d\u00e9votion \u00e0 Marie Enfant<\/h2>\n<p>La d\u00e9votion \u00e0 Marie Enfant est ancr\u00e9e dans l\u2019histoire des d\u00e9votions populaires les plus anciennes. Les premi\u00e8res formes d\u00e9votionnelles d\u00e9rivent surement de la <strong>liturgie orientale<\/strong>.<br \/>\nLe <strong>culte de la nativit\u00e9 de Marie<\/strong> \u00e9tait d\u00e9j\u00e0 pr\u00e9sent \u00e0 Milan au X si\u00e8cle, et le 20 octobre 1572 Saint Charles Borrom\u00e9e consacra le D\u00f4me \u00e0 <em>Marie naissante.<\/em><\/p>\n<p>Autour de 1720, une soeur franciscaine, <strong>Soeur Clara Isabelle Fornari<\/strong>, qui aimait modeler des visages en cire de l\u2019Enfant J\u00e9sus et de Marie enfant, donna aux s\u0153urs Capucines de Sainte Marie des Anges \u00e0 Milan une gracieuse statuette en cire qui repr\u00e9sentait <a href=\"https:\/\/www.holyart.fr\/articles-religieux\/statues\/statues-en-resine-et-pvc\/statue-marie-enfant-30-cm-resine-peinte\"><strong>Marie comme un nouveau-n\u00e9 couch\u00e9 dans les langes<\/strong><\/a>.<\/p>\n<div class=\"link-product\">\n<div class=\"blocco-immagine\"><img loading=\"lazy\" decoding=\"async\" class=\"alignleft size-full wp-image-3347\" src=\"https:\/\/blog.holyart.it\/fr\/wp-content\/uploads\/sites\/14\/2021\/08\/Marie-Enfant.jpg\" alt=\"Marie Enfant\" width=\"100\" height=\"100\" data-kale-share-title=\"La Nativit\u00e9 de Marie, quand et pourquoi la f\u00eatons-nous ?\" data-kale-share-url=\"https:\/\/blog.holyart.it\/fr\/?p=3341\" \/><\/div>\n<div class=\"blocco-contenuto\">\n<div class=\"blocco-acquista\">Acheter sur Holyart:<\/div>\n<div class=\"blocco-titolo\"><a href=\"https:\/\/www.holyart.fr\/articles-religieux\/statues\/statues-en-resine-et-pvc\/marie-enfant-qui-etudie-statue-resine-30-cm\">Marie Enfant qui \u00e9tudie<\/a><\/div>\n<div class=\"blocco-descrizione\">statue r\u00e9sine 30 cm<\/div>\n<\/div>\n<\/div>\n<p>La <strong>d\u00e9votion \u00e0 Marie enfant<\/strong> eut gr\u00e2ce \u00e0 ce simulacre une forte croissance et se r\u00e9pandit partout. Encore aujourd\u2019hui, les <strong>soeurs de la congr\u00e9gation Soeurs de Charit\u00e9 de Lovere<\/strong> \u00e0 Milan sont appel\u00e9es <em>s\u0153urs de Marie enfant<\/em>. La statuette fut confi\u00e9e \u00e0 ces s\u0153urs \u00e0 la moiti\u00e9 du XIX si\u00e8cle. Puisqu\u2019elles se d\u00e9diaient au soin et au r\u00e9confort des malades de l\u2019h\u00f4pital Ciceri de Milan, la statuette de Marie enfant devint un point de r\u00e9f\u00e9rence et de r\u00e9confort pour les s\u0153urs aussi bien que pour les malades et, en 1884, une gu\u00e9rison miraculeuse lui fut attribu\u00e9e. Depuis lors, le 9 septembre, chaque ann\u00e9e, ce miracle est c\u00e9l\u00e9br\u00e9.<\/p>\n","protected":false},"excerpt":{"rendered":"<p>Le 8 septembre nous c\u00e9l\u00e9brons la nativit\u00e9 de Marie, la m\u00e8re par excellence, la femme qui changea l\u2019histoire de l\u2019\u00c9glise et de l\u2019humanit\u00e9. D\u00e9couvrons quelque chose de plus sur sa naissance et son enfance. Pourquoi \u00e9crire un article sur la nativit\u00e9 de Marie\u00a0? Nous connaissons&hellip;<\/p>\n","protected":false},"author":1,"featured_media":3342,"comment_status":"closed","ping_status":"open","sticky":false,"template":"","format":"standard","meta":{"_acf_changed":false,"footnotes":""},"categories":[8],"tags":[],"class_list":["post-3341","post","type-post","status-publish","format-standard","has-post-thumbnail","hentry","category-articles-religieux"],"acf":[],"yoast_head":"<!-- This site is optimized with the Yoast SEO plugin v26.6 - https:\/\/yoast.com\/wordpress\/plugins\/seo\/ -->\n<title>La Nativit\u00e9 de Marie, quand et pourquoi la f\u00eatons-nous ? - Holyart.fr Blog<\/title>\n<meta name=\"description\" content=\"Le 8 septembre nous c\u00e9l\u00e9brons la nativit\u00e9 de Marie, la m\u00e8re par excellence, la femme qui changea l\u2019histoire de l\u2019\u00c9glise et de l\u2019humanit\u00e9...\" \/>\n<meta name=\"robots\" content=\"index, follow, max-snippet:-1, max-image-preview:large, max-video-preview:-1\" \/>\n<link rel=\"canonical\" href=\"https:\/\/blog.holyart.it\/fr\/articles-religieux\/la-nativite-de-marie-quand-et-pourquoi-la-fetons-nous\/\" \/>\n<meta property=\"og:locale\" content=\"fr_FR\" \/>\n<meta property=\"og:type\" content=\"article\" \/>\n<meta property=\"og:title\" content=\"La Nativit\u00e9 de Marie, quand et pourquoi la f\u00eatons-nous ? - Holyart.fr Blog\" \/>\n<meta property=\"og:description\" content=\"Le 8 septembre nous c\u00e9l\u00e9brons la nativit\u00e9 de Marie, la m\u00e8re par excellence, la femme qui changea l\u2019histoire de l\u2019\u00c9glise et de l\u2019humanit\u00e9...\" \/>\n<meta property=\"og:url\" content=\"https:\/\/blog.holyart.it\/fr\/articles-religieux\/la-nativite-de-marie-quand-et-pourquoi-la-fetons-nous\/\" \/>\n<meta property=\"og:site_name\" content=\"Holyart.fr Blog\" \/>\n<meta property=\"article:published_time\" content=\"2021-08-24T06:57:22+00:00\" \/>\n<meta property=\"article:modified_time\" content=\"2023-07-31T10:14:25+00:00\" \/>\n<meta property=\"og:image\" content=\"https:\/\/blog.holyart.it\/fr\/wp-content\/uploads\/sites\/14\/2021\/08\/La-Nativit\u00e9-de-Marie.jpg\" \/>\n\t<meta property=\"og:image:width\" content=\"1000\" \/>\n\t<meta property=\"og:image:height\" content=\"666\" \/>\n\t<meta property=\"og:image:type\" content=\"image\/jpeg\" \/>\n<meta name=\"author\" content=\"Redazione\" \/>\n<meta name=\"twitter:card\" content=\"summary_large_image\" \/>\n<meta name=\"twitter:label1\" content=\"\u00c9crit par\" \/>\n\t<meta name=\"twitter:data1\" content=\"Redazione\" \/>\n\t<meta name=\"twitter:label2\" content=\"Dur\u00e9e de lecture estim\u00e9e\" \/>\n\t<meta name=\"twitter:data2\" content=\"9 minutes\" \/>\n<script type=\"application\/ld+json\" class=\"yoast-schema-graph\">{\"@context\":\"https:\/\/schema.org\",\"@graph\":[{\"@type\":\"Article\",\"@id\":\"https:\/\/blog.holyart.it\/fr\/articles-religieux\/la-nativite-de-marie-quand-et-pourquoi-la-fetons-nous\/#article\",\"isPartOf\":{\"@id\":\"https:\/\/blog.holyart.it\/fr\/articles-religieux\/la-nativite-de-marie-quand-et-pourquoi-la-fetons-nous\/\"},\"author\":{\"name\":\"Redazione\",\"@id\":\"https:\/\/blog.holyart.it\/fr\/#\/schema\/person\/0a7b686e5af0f856ec1e390dd0baecda\"},\"headline\":\"La Nativit\u00e9 de Marie, quand et pourquoi la f\u00eatons-nous ?\",\"datePublished\":\"2021-08-24T06:57:22+00:00\",\"dateModified\":\"2023-07-31T10:14:25+00:00\",\"mainEntityOfPage\":{\"@id\":\"https:\/\/blog.holyart.it\/fr\/articles-religieux\/la-nativite-de-marie-quand-et-pourquoi-la-fetons-nous\/\"},\"wordCount\":1746,\"publisher\":{\"@id\":\"https:\/\/blog.holyart.it\/fr\/#organization\"},\"image\":{\"@id\":\"https:\/\/blog.holyart.it\/fr\/articles-religieux\/la-nativite-de-marie-quand-et-pourquoi-la-fetons-nous\/#primaryimage\"},\"thumbnailUrl\":\"https:\/\/blog.holyart.it\/fr\/wp-content\/uploads\/sites\/14\/2021\/08\/La-Nativit\u00e9-de-Marie.jpg\",\"articleSection\":[\"Religion\"],\"inLanguage\":\"fr-FR\"},{\"@type\":\"WebPage\",\"@id\":\"https:\/\/blog.holyart.it\/fr\/articles-religieux\/la-nativite-de-marie-quand-et-pourquoi-la-fetons-nous\/\",\"url\":\"https:\/\/blog.holyart.it\/fr\/articles-religieux\/la-nativite-de-marie-quand-et-pourquoi-la-fetons-nous\/\",\"name\":\"La Nativit\u00e9 de Marie, quand et pourquoi la f\u00eatons-nous ? - Holyart.fr Blog\",\"isPartOf\":{\"@id\":\"https:\/\/blog.holyart.it\/fr\/#website\"},\"primaryImageOfPage\":{\"@id\":\"https:\/\/blog.holyart.it\/fr\/articles-religieux\/la-nativite-de-marie-quand-et-pourquoi-la-fetons-nous\/#primaryimage\"},\"image\":{\"@id\":\"https:\/\/blog.holyart.it\/fr\/articles-religieux\/la-nativite-de-marie-quand-et-pourquoi-la-fetons-nous\/#primaryimage\"},\"thumbnailUrl\":\"https:\/\/blog.holyart.it\/fr\/wp-content\/uploads\/sites\/14\/2021\/08\/La-Nativit\u00e9-de-Marie.jpg\",\"datePublished\":\"2021-08-24T06:57:22+00:00\",\"dateModified\":\"2023-07-31T10:14:25+00:00\",\"description\":\"Le 8 septembre nous c\u00e9l\u00e9brons la nativit\u00e9 de Marie, la m\u00e8re par excellence, la femme qui changea l\u2019histoire de l\u2019\u00c9glise et de l\u2019humanit\u00e9...\",\"breadcrumb\":{\"@id\":\"https:\/\/blog.holyart.it\/fr\/articles-religieux\/la-nativite-de-marie-quand-et-pourquoi-la-fetons-nous\/#breadcrumb\"},\"inLanguage\":\"fr-FR\",\"potentialAction\":[{\"@type\":\"ReadAction\",\"target\":[\"https:\/\/blog.holyart.it\/fr\/articles-religieux\/la-nativite-de-marie-quand-et-pourquoi-la-fetons-nous\/\"]}]},{\"@type\":\"ImageObject\",\"inLanguage\":\"fr-FR\",\"@id\":\"https:\/\/blog.holyart.it\/fr\/articles-religieux\/la-nativite-de-marie-quand-et-pourquoi-la-fetons-nous\/#primaryimage\",\"url\":\"https:\/\/blog.holyart.it\/fr\/wp-content\/uploads\/sites\/14\/2021\/08\/La-Nativit\u00e9-de-Marie.jpg\",\"contentUrl\":\"https:\/\/blog.holyart.it\/fr\/wp-content\/uploads\/sites\/14\/2021\/08\/La-Nativit\u00e9-de-Marie.jpg\",\"width\":1000,\"height\":666,\"caption\":\"La Nativit\u00e9 de Marie\"},{\"@type\":\"BreadcrumbList\",\"@id\":\"https:\/\/blog.holyart.it\/fr\/articles-religieux\/la-nativite-de-marie-quand-et-pourquoi-la-fetons-nous\/#breadcrumb\",\"itemListElement\":[{\"@type\":\"ListItem\",\"position\":1,\"name\":\"Homepage\",\"item\":\"https:\/\/blog.holyart.it\/fr\/\"},{\"@type\":\"ListItem\",\"position\":2,\"name\":\"Religion\",\"item\":\"https:\/\/blog.holyart.it\/fr\/articles-religieux\/\"},{\"@type\":\"ListItem\",\"position\":3,\"name\":\"La Nativit\u00e9 de Marie, quand et pourquoi la f\u00eatons-nous ?\"}]},{\"@type\":\"WebSite\",\"@id\":\"https:\/\/blog.holyart.it\/fr\/#website\",\"url\":\"https:\/\/blog.holyart.it\/fr\/\",\"name\":\"Holyart.fr Blog\",\"description\":\"Holyblog\",\"publisher\":{\"@id\":\"https:\/\/blog.holyart.it\/fr\/#organization\"},\"potentialAction\":[{\"@type\":\"SearchAction\",\"target\":{\"@type\":\"EntryPoint\",\"urlTemplate\":\"https:\/\/blog.holyart.it\/fr\/?s={search_term_string}\"},\"query-input\":{\"@type\":\"PropertyValueSpecification\",\"valueRequired\":true,\"valueName\":\"search_term_string\"}}],\"inLanguage\":\"fr-FR\"},{\"@type\":\"Organization\",\"@id\":\"https:\/\/blog.holyart.it\/fr\/#organization\",\"name\":\"Holyart.fr Blog\",\"url\":\"https:\/\/blog.holyart.it\/fr\/\",\"logo\":{\"@type\":\"ImageObject\",\"inLanguage\":\"fr-FR\",\"@id\":\"https:\/\/blog.holyart.it\/fr\/#\/schema\/logo\/image\/\",\"url\":\"https:\/\/blog.holyart.it\/fr\/wp-content\/uploads\/sites\/14\/2022\/12\/Holyart_Blog_Logo.jpg\",\"contentUrl\":\"https:\/\/blog.holyart.it\/fr\/wp-content\/uploads\/sites\/14\/2022\/12\/Holyart_Blog_Logo.jpg\",\"width\":300,\"height\":50,\"caption\":\"Holyart.fr Blog\"},\"image\":{\"@id\":\"https:\/\/blog.holyart.it\/fr\/#\/schema\/logo\/image\/\"}},{\"@type\":\"Person\",\"@id\":\"https:\/\/blog.holyart.it\/fr\/#\/schema\/person\/0a7b686e5af0f856ec1e390dd0baecda\",\"name\":\"Redazione\",\"image\":{\"@type\":\"ImageObject\",\"inLanguage\":\"fr-FR\",\"@id\":\"https:\/\/blog.holyart.it\/fr\/#\/schema\/person\/image\/\",\"url\":\"https:\/\/secure.gravatar.com\/avatar\/f477da817f43e50d0af36abecd33e3edf826c68299714bdc1057dff3b113f516?s=96&d=mm&r=g\",\"contentUrl\":\"https:\/\/secure.gravatar.com\/avatar\/f477da817f43e50d0af36abecd33e3edf826c68299714bdc1057dff3b113f516?s=96&d=mm&r=g\",\"caption\":\"Redazione\"},\"url\":\"https:\/\/blog.holyart.it\/fr\/author\/admin\/\"}]}<\/script>\n<!-- \/ Yoast SEO plugin. -->","yoast_head_json":{"title":"La Nativit\u00e9 de Marie, quand et pourquoi la f\u00eatons-nous ? - Holyart.fr Blog","description":"Le 8 septembre nous c\u00e9l\u00e9brons la nativit\u00e9 de Marie, la m\u00e8re par excellence, la femme qui changea l\u2019histoire de l\u2019\u00c9glise et de l\u2019humanit\u00e9...","robots":{"index":"index","follow":"follow","max-snippet":"max-snippet:-1","max-image-preview":"max-image-preview:large","max-video-preview":"max-video-preview:-1"},"canonical":"https:\/\/blog.holyart.it\/fr\/articles-religieux\/la-nativite-de-marie-quand-et-pourquoi-la-fetons-nous\/","og_locale":"fr_FR","og_type":"article","og_title":"La Nativit\u00e9 de Marie, quand et pourquoi la f\u00eatons-nous ? - Holyart.fr Blog","og_description":"Le 8 septembre nous c\u00e9l\u00e9brons la nativit\u00e9 de Marie, la m\u00e8re par excellence, la femme qui changea l\u2019histoire de l\u2019\u00c9glise et de l\u2019humanit\u00e9...","og_url":"https:\/\/blog.holyart.it\/fr\/articles-religieux\/la-nativite-de-marie-quand-et-pourquoi-la-fetons-nous\/","og_site_name":"Holyart.fr Blog","article_published_time":"2021-08-24T06:57:22+00:00","article_modified_time":"2023-07-31T10:14:25+00:00","og_image":[{"width":1000,"height":666,"url":"https:\/\/blog.holyart.it\/fr\/wp-content\/uploads\/sites\/14\/2021\/08\/La-Nativit\u00e9-de-Marie.jpg","type":"image\/jpeg"}],"author":"Redazione","twitter_card":"summary_large_image","twitter_misc":{"\u00c9crit par":"Redazione","Dur\u00e9e de lecture estim\u00e9e":"9 minutes"},"schema":{"@context":"https:\/\/schema.org","@graph":[{"@type":"Article","@id":"https:\/\/blog.holyart.it\/fr\/articles-religieux\/la-nativite-de-marie-quand-et-pourquoi-la-fetons-nous\/#article","isPartOf":{"@id":"https:\/\/blog.holyart.it\/fr\/articles-religieux\/la-nativite-de-marie-quand-et-pourquoi-la-fetons-nous\/"},"author":{"name":"Redazione","@id":"https:\/\/blog.holyart.it\/fr\/#\/schema\/person\/0a7b686e5af0f856ec1e390dd0baecda"},"headline":"La Nativit\u00e9 de Marie, quand et pourquoi la f\u00eatons-nous ?","datePublished":"2021-08-24T06:57:22+00:00","dateModified":"2023-07-31T10:14:25+00:00","mainEntityOfPage":{"@id":"https:\/\/blog.holyart.it\/fr\/articles-religieux\/la-nativite-de-marie-quand-et-pourquoi-la-fetons-nous\/"},"wordCount":1746,"publisher":{"@id":"https:\/\/blog.holyart.it\/fr\/#organization"},"image":{"@id":"https:\/\/blog.holyart.it\/fr\/articles-religieux\/la-nativite-de-marie-quand-et-pourquoi-la-fetons-nous\/#primaryimage"},"thumbnailUrl":"https:\/\/blog.holyart.it\/fr\/wp-content\/uploads\/sites\/14\/2021\/08\/La-Nativit\u00e9-de-Marie.jpg","articleSection":["Religion"],"inLanguage":"fr-FR"},{"@type":"WebPage","@id":"https:\/\/blog.holyart.it\/fr\/articles-religieux\/la-nativite-de-marie-quand-et-pourquoi-la-fetons-nous\/","url":"https:\/\/blog.holyart.it\/fr\/articles-religieux\/la-nativite-de-marie-quand-et-pourquoi-la-fetons-nous\/","name":"La Nativit\u00e9 de Marie, quand et pourquoi la f\u00eatons-nous ? - Holyart.fr Blog","isPartOf":{"@id":"https:\/\/blog.holyart.it\/fr\/#website"},"primaryImageOfPage":{"@id":"https:\/\/blog.holyart.it\/fr\/articles-religieux\/la-nativite-de-marie-quand-et-pourquoi-la-fetons-nous\/#primaryimage"},"image":{"@id":"https:\/\/blog.holyart.it\/fr\/articles-religieux\/la-nativite-de-marie-quand-et-pourquoi-la-fetons-nous\/#primaryimage"},"thumbnailUrl":"https:\/\/blog.holyart.it\/fr\/wp-content\/uploads\/sites\/14\/2021\/08\/La-Nativit\u00e9-de-Marie.jpg","datePublished":"2021-08-24T06:57:22+00:00","dateModified":"2023-07-31T10:14:25+00:00","description":"Le 8 septembre nous c\u00e9l\u00e9brons la nativit\u00e9 de Marie, la m\u00e8re par excellence, la femme qui changea l\u2019histoire de l\u2019\u00c9glise et de l\u2019humanit\u00e9...","breadcrumb":{"@id":"https:\/\/blog.holyart.it\/fr\/articles-religieux\/la-nativite-de-marie-quand-et-pourquoi-la-fetons-nous\/#breadcrumb"},"inLanguage":"fr-FR","potentialAction":[{"@type":"ReadAction","target":["https:\/\/blog.holyart.it\/fr\/articles-religieux\/la-nativite-de-marie-quand-et-pourquoi-la-fetons-nous\/"]}]},{"@type":"ImageObject","inLanguage":"fr-FR","@id":"https:\/\/blog.holyart.it\/fr\/articles-religieux\/la-nativite-de-marie-quand-et-pourquoi-la-fetons-nous\/#primaryimage","url":"https:\/\/blog.holyart.it\/fr\/wp-content\/uploads\/sites\/14\/2021\/08\/La-Nativit\u00e9-de-Marie.jpg","contentUrl":"https:\/\/blog.holyart.it\/fr\/wp-content\/uploads\/sites\/14\/2021\/08\/La-Nativit\u00e9-de-Marie.jpg","width":1000,"height":666,"caption":"La Nativit\u00e9 de Marie"},{"@type":"BreadcrumbList","@id":"https:\/\/blog.holyart.it\/fr\/articles-religieux\/la-nativite-de-marie-quand-et-pourquoi-la-fetons-nous\/#breadcrumb","itemListElement":[{"@type":"ListItem","position":1,"name":"Homepage","item":"https:\/\/blog.holyart.it\/fr\/"},{"@type":"ListItem","position":2,"name":"Religion","item":"https:\/\/blog.holyart.it\/fr\/articles-religieux\/"},{"@type":"ListItem","position":3,"name":"La Nativit\u00e9 de Marie, quand et pourquoi la f\u00eatons-nous ?"}]},{"@type":"WebSite","@id":"https:\/\/blog.holyart.it\/fr\/#website","url":"https:\/\/blog.holyart.it\/fr\/","name":"Holyart.fr Blog","description":"Holyblog","publisher":{"@id":"https:\/\/blog.holyart.it\/fr\/#organization"},"potentialAction":[{"@type":"SearchAction","target":{"@type":"EntryPoint","urlTemplate":"https:\/\/blog.holyart.it\/fr\/?s={search_term_string}"},"query-input":{"@type":"PropertyValueSpecification","valueRequired":true,"valueName":"search_term_string"}}],"inLanguage":"fr-FR"},{"@type":"Organization","@id":"https:\/\/blog.holyart.it\/fr\/#organization","name":"Holyart.fr Blog","url":"https:\/\/blog.holyart.it\/fr\/","logo":{"@type":"ImageObject","inLanguage":"fr-FR","@id":"https:\/\/blog.holyart.it\/fr\/#\/schema\/logo\/image\/","url":"https:\/\/blog.holyart.it\/fr\/wp-content\/uploads\/sites\/14\/2022\/12\/Holyart_Blog_Logo.jpg","contentUrl":"https:\/\/blog.holyart.it\/fr\/wp-content\/uploads\/sites\/14\/2022\/12\/Holyart_Blog_Logo.jpg","width":300,"height":50,"caption":"Holyart.fr Blog"},"image":{"@id":"https:\/\/blog.holyart.it\/fr\/#\/schema\/logo\/image\/"}},{"@type":"Person","@id":"https:\/\/blog.holyart.it\/fr\/#\/schema\/person\/0a7b686e5af0f856ec1e390dd0baecda","name":"Redazione","image":{"@type":"ImageObject","inLanguage":"fr-FR","@id":"https:\/\/blog.holyart.it\/fr\/#\/schema\/person\/image\/","url":"https:\/\/secure.gravatar.com\/avatar\/f477da817f43e50d0af36abecd33e3edf826c68299714bdc1057dff3b113f516?s=96&d=mm&r=g","contentUrl":"https:\/\/secure.gravatar.com\/avatar\/f477da817f43e50d0af36abecd33e3edf826c68299714bdc1057dff3b113f516?s=96&d=mm&r=g","caption":"Redazione"},"url":"https:\/\/blog.holyart.it\/fr\/author\/admin\/"}]}},"_links":{"self":[{"href":"https:\/\/blog.holyart.it\/fr\/wp-json\/wp\/v2\/posts\/3341","targetHints":{"allow":["GET"]}}],"collection":[{"href":"https:\/\/blog.holyart.it\/fr\/wp-json\/wp\/v2\/posts"}],"about":[{"href":"https:\/\/blog.holyart.it\/fr\/wp-json\/wp\/v2\/types\/post"}],"author":[{"embeddable":true,"href":"https:\/\/blog.holyart.it\/fr\/wp-json\/wp\/v2\/users\/1"}],"replies":[{"embeddable":true,"href":"https:\/\/blog.holyart.it\/fr\/wp-json\/wp\/v2\/comments?post=3341"}],"version-history":[{"count":1,"href":"https:\/\/blog.holyart.it\/fr\/wp-json\/wp\/v2\/posts\/3341\/revisions"}],"predecessor-version":[{"id":6868,"href":"https:\/\/blog.holyart.it\/fr\/wp-json\/wp\/v2\/posts\/3341\/revisions\/6868"}],"wp:featuredmedia":[{"embeddable":true,"href":"https:\/\/blog.holyart.it\/fr\/wp-json\/wp\/v2\/media\/3342"}],"wp:attachment":[{"href":"https:\/\/blog.holyart.it\/fr\/wp-json\/wp\/v2\/media?parent=3341"}],"wp:term":[{"taxonomy":"category","embeddable":true,"href":"https:\/\/blog.holyart.it\/fr\/wp-json\/wp\/v2\/categories?post=3341"},{"taxonomy":"post_tag","embeddable":true,"href":"https:\/\/blog.holyart.it\/fr\/wp-json\/wp\/v2\/tags?post=3341"}],"curies":[{"name":"wp","href":"https:\/\/api.w.org\/{rel}","templated":true}]}}