{"id":331,"date":"2017-03-30T17:10:06","date_gmt":"2017-03-30T15:10:06","guid":{"rendered":"https:\/\/blog.holyart.it\/fr\/?p=331"},"modified":"2021-06-21T12:41:12","modified_gmt":"2021-06-21T10:41:12","slug":"commemorer-le-parcours-douloureux-du-christ-a-travers-le-chemin-de-croix","status":"publish","type":"post","link":"https:\/\/blog.holyart.it\/fr\/accessoires-pour-la-liturgie\/commemorer-le-parcours-douloureux-du-christ-a-travers-le-chemin-de-croix\/","title":{"rendered":"Comm\u00e9morer le parcours douloureux du Christ \u00e0 travers le Chemin de Croix"},"content":{"rendered":"<p>La <strong>Via Crucis<\/strong>, ou Chemin de Croix, retrace la <strong>Passion du Christ<\/strong> et son parcours vers le mont Golgotha pour y \u00eatre crucifi\u00e9. Ce rite \u00e9tait c\u00e9l\u00e9br\u00e9 depuis l\u2019antiquit\u00e9 par les p\u00e8lerins en visite \u00e0 J\u00e9rusalem\u00a0: ils parcouraient le chemin allant du palais de Pilate jusqu\u2019au mont et au Saint S\u00e9pulcre. Cependant, c\u2019est gr\u00e2ce \u00e0 Saint Fran\u00e7ois d\u2019Assise que le Chemin de Croix conna\u00eetra son affirmation et sa codification moderne. Il n\u2019\u00e9tait pas donn\u00e9 \u00e0 tout le monde de pouvoir se rendre \u00e0 J\u00e9rusalem, en effet, et la <strong>repr\u00e9sentation des stations du Chemin de Croix<\/strong> devint une mani\u00e8re pour rendre accessibles les lieux de la Passion \u00e0 tous les fid\u00e8les.<\/p>\n<p>Dans la premi\u00e8re moiti\u00e9 du XVII si\u00e8cle les premiers Chemins de Croix firent leur apparition dans les \u00e9glises et depuis lors elles eurent un impact \u00e9motionnel et d\u00e9votionnel tr\u00e8s fort sur les croyants.<\/p>\n<p>Les <a href=\"https:\/\/www.holyart.fr\/accessoires-pour-la-liturgie\/mobilier-deglise\/chemin-de-croix\"><strong>14 tableaux du Chemin de Croix<\/strong><\/a> sont dispos\u00e9s le long des murs int\u00e9rieurs de l\u2019\u00e9glise de mani\u00e8re \u00e0 respecter un ordre sym\u00e9trique pr\u00e9cis.<\/p>\n<p>Les stations de la Via Crucis sont les suivantes, m\u00eame s\u2019il existe des sch\u00e9mas alternatifs \u00e9galement accept\u00e9s\u00a0:<\/p>\n<ol>\n<li>J\u00e9sus est condamn\u00e9 \u00e0 mort<\/li>\n<li>J\u00e9sus est charg\u00e9 de sa croix<\/li>\n<li>J\u00e9sus tombe pour la premi\u00e8re fois<\/li>\n<li>J\u00e9sus rencontre sa m\u00e8re<\/li>\n<li>Simon de Cyr\u00e8ne aide J\u00e9sus \u00e0 porter la croix<\/li>\n<li>Sainte V\u00e9ronique essuie le visage de J\u00e9sus<\/li>\n<li>J\u00e9sus tombe pour la deuxi\u00e8me fois<\/li>\n<li>J\u00e9sus rencontre les femmes de J\u00e9rusalem qui pleurent<\/li>\n<li>J\u00e9sus tombe pour la troisi\u00e8me fois<\/li>\n<li>J\u00e9sus est d\u00e9pouill\u00e9 de ses v\u00eatements<\/li>\n<li>J\u00e9sus est clou\u00e9 sur la croix<\/li>\n<li>J\u00e9sus meurt sur la croix<\/li>\n<li>J\u00e9sus est d\u00e9tach\u00e9 de la croix et son corps est rendu \u00e0 sa m\u00e8re<\/li>\n<li>Le corps de J\u00e9sus est mis au tombeau<\/li>\n<\/ol>\n<p>Le Chemin de Croix est un moment fondamental pour le fid\u00e8le, pour son exp\u00e9rience de pri\u00e8re et de p\u00e9nitence. Il \u00e9tablit une connexion profonde avec Christ au moment de sa souffrance maximale, de son sacrifice le plus noble et pr\u00e9cieux.<\/p>\n<p>Cette c\u00e9l\u00e9bration a lieu habituellement le vendredi saint et est accompagn\u00e9e de chants et de c\u00e9l\u00e9brations communes. Depuis l\u2019antiquit\u00e9, elle a \u00e9t\u00e9 \u00e9galement propos\u00e9e comme repr\u00e9sentation populaire, se transformant en une v\u00e9ritable pi\u00e8ce th\u00e9\u00e2trale, o\u00f9 la d\u00e9votion croise la mise en sc\u00e8ne et cr\u00e9e des moments de grande suggestion et d\u2019implication populaire.<\/p>\n","protected":false},"excerpt":{"rendered":"<p>La Via Crucis, ou Chemin de Croix, retrace la Passion du Christ et son parcours vers le mont Golgotha pour y \u00eatre crucifi\u00e9. Ce rite \u00e9tait c\u00e9l\u00e9br\u00e9 depuis l\u2019antiquit\u00e9 par les p\u00e8lerins en visite \u00e0 J\u00e9rusalem\u00a0: ils parcouraient le chemin allant du palais de Pilate&hellip;<\/p>\n","protected":false},"author":1,"featured_media":332,"comment_status":"closed","ping_status":"open","sticky":false,"template":"","format":"standard","meta":{"_acf_changed":false,"footnotes":""},"categories":[4],"tags":[],"class_list":["post-331","post","type-post","status-publish","format-standard","has-post-thumbnail","hentry","category-accessoires-pour-la-liturgie"],"acf":[],"yoast_head":"<!-- This site is optimized with the Yoast SEO plugin v26.6 - https:\/\/yoast.com\/wordpress\/plugins\/seo\/ -->\n<title>Comm\u00e9morer le parcours douloureux du Christ \u00e0 travers le Chemin de Croix<\/title>\n<meta name=\"description\" content=\"La Via Crucis, ou Chemin de Croix, retrace la Passion du Christ et son parcours vers le mont Golgotha pour y \u00eatre crucifi\u00e9.\" \/>\n<meta name=\"robots\" content=\"index, follow, max-snippet:-1, max-image-preview:large, max-video-preview:-1\" \/>\n<link rel=\"canonical\" href=\"https:\/\/blog.holyart.it\/fr\/accessoires-pour-la-liturgie\/commemorer-le-parcours-douloureux-du-christ-a-travers-le-chemin-de-croix\/\" \/>\n<meta property=\"og:locale\" content=\"fr_FR\" \/>\n<meta property=\"og:type\" content=\"article\" \/>\n<meta property=\"og:title\" content=\"Comm\u00e9morer le parcours douloureux du Christ \u00e0 travers le Chemin de Croix\" \/>\n<meta property=\"og:description\" content=\"La Via Crucis, ou Chemin de Croix, retrace la Passion du Christ et son parcours vers le mont Golgotha pour y \u00eatre crucifi\u00e9.\" \/>\n<meta property=\"og:url\" content=\"https:\/\/blog.holyart.it\/fr\/accessoires-pour-la-liturgie\/commemorer-le-parcours-douloureux-du-christ-a-travers-le-chemin-de-croix\/\" \/>\n<meta property=\"og:site_name\" content=\"Holyart.fr Blog\" \/>\n<meta property=\"article:published_time\" content=\"2017-03-30T15:10:06+00:00\" \/>\n<meta property=\"article:modified_time\" content=\"2021-06-21T10:41:12+00:00\" \/>\n<meta property=\"og:image\" content=\"https:\/\/blog.holyart.it\/fr\/wp-content\/uploads\/sites\/14\/2017\/03\/Via-Crucis.jpg\" \/>\n\t<meta property=\"og:image:width\" content=\"1000\" \/>\n\t<meta property=\"og:image:height\" content=\"667\" \/>\n\t<meta property=\"og:image:type\" content=\"image\/jpeg\" \/>\n<meta name=\"author\" content=\"Redazione\" \/>\n<meta name=\"twitter:card\" content=\"summary_large_image\" \/>\n<meta name=\"twitter:label1\" content=\"\u00c9crit par\" \/>\n\t<meta name=\"twitter:data1\" content=\"Redazione\" \/>\n\t<meta name=\"twitter:label2\" content=\"Dur\u00e9e de lecture estim\u00e9e\" \/>\n\t<meta name=\"twitter:data2\" content=\"2 minutes\" \/>\n<script type=\"application\/ld+json\" class=\"yoast-schema-graph\">{\"@context\":\"https:\/\/schema.org\",\"@graph\":[{\"@type\":\"Article\",\"@id\":\"https:\/\/blog.holyart.it\/fr\/accessoires-pour-la-liturgie\/commemorer-le-parcours-douloureux-du-christ-a-travers-le-chemin-de-croix\/#article\",\"isPartOf\":{\"@id\":\"https:\/\/blog.holyart.it\/fr\/accessoires-pour-la-liturgie\/commemorer-le-parcours-douloureux-du-christ-a-travers-le-chemin-de-croix\/\"},\"author\":{\"name\":\"Redazione\",\"@id\":\"https:\/\/blog.holyart.it\/fr\/#\/schema\/person\/0a7b686e5af0f856ec1e390dd0baecda\"},\"headline\":\"Comm\u00e9morer le parcours douloureux du Christ \u00e0 travers le Chemin de Croix\",\"datePublished\":\"2017-03-30T15:10:06+00:00\",\"dateModified\":\"2021-06-21T10:41:12+00:00\",\"mainEntityOfPage\":{\"@id\":\"https:\/\/blog.holyart.it\/fr\/accessoires-pour-la-liturgie\/commemorer-le-parcours-douloureux-du-christ-a-travers-le-chemin-de-croix\/\"},\"wordCount\":450,\"publisher\":{\"@id\":\"https:\/\/blog.holyart.it\/fr\/#organization\"},\"image\":{\"@id\":\"https:\/\/blog.holyart.it\/fr\/accessoires-pour-la-liturgie\/commemorer-le-parcours-douloureux-du-christ-a-travers-le-chemin-de-croix\/#primaryimage\"},\"thumbnailUrl\":\"https:\/\/blog.holyart.it\/fr\/wp-content\/uploads\/sites\/14\/2017\/03\/Via-Crucis.jpg\",\"articleSection\":[\"Liturgie\"],\"inLanguage\":\"fr-FR\"},{\"@type\":\"WebPage\",\"@id\":\"https:\/\/blog.holyart.it\/fr\/accessoires-pour-la-liturgie\/commemorer-le-parcours-douloureux-du-christ-a-travers-le-chemin-de-croix\/\",\"url\":\"https:\/\/blog.holyart.it\/fr\/accessoires-pour-la-liturgie\/commemorer-le-parcours-douloureux-du-christ-a-travers-le-chemin-de-croix\/\",\"name\":\"Comm\u00e9morer le parcours douloureux du Christ \u00e0 travers le Chemin de Croix\",\"isPartOf\":{\"@id\":\"https:\/\/blog.holyart.it\/fr\/#website\"},\"primaryImageOfPage\":{\"@id\":\"https:\/\/blog.holyart.it\/fr\/accessoires-pour-la-liturgie\/commemorer-le-parcours-douloureux-du-christ-a-travers-le-chemin-de-croix\/#primaryimage\"},\"image\":{\"@id\":\"https:\/\/blog.holyart.it\/fr\/accessoires-pour-la-liturgie\/commemorer-le-parcours-douloureux-du-christ-a-travers-le-chemin-de-croix\/#primaryimage\"},\"thumbnailUrl\":\"https:\/\/blog.holyart.it\/fr\/wp-content\/uploads\/sites\/14\/2017\/03\/Via-Crucis.jpg\",\"datePublished\":\"2017-03-30T15:10:06+00:00\",\"dateModified\":\"2021-06-21T10:41:12+00:00\",\"description\":\"La Via Crucis, ou Chemin de Croix, retrace la Passion du Christ et son parcours vers le mont Golgotha pour y \u00eatre crucifi\u00e9.\",\"breadcrumb\":{\"@id\":\"https:\/\/blog.holyart.it\/fr\/accessoires-pour-la-liturgie\/commemorer-le-parcours-douloureux-du-christ-a-travers-le-chemin-de-croix\/#breadcrumb\"},\"inLanguage\":\"fr-FR\",\"potentialAction\":[{\"@type\":\"ReadAction\",\"target\":[\"https:\/\/blog.holyart.it\/fr\/accessoires-pour-la-liturgie\/commemorer-le-parcours-douloureux-du-christ-a-travers-le-chemin-de-croix\/\"]}]},{\"@type\":\"ImageObject\",\"inLanguage\":\"fr-FR\",\"@id\":\"https:\/\/blog.holyart.it\/fr\/accessoires-pour-la-liturgie\/commemorer-le-parcours-douloureux-du-christ-a-travers-le-chemin-de-croix\/#primaryimage\",\"url\":\"https:\/\/blog.holyart.it\/fr\/wp-content\/uploads\/sites\/14\/2017\/03\/Via-Crucis.jpg\",\"contentUrl\":\"https:\/\/blog.holyart.it\/fr\/wp-content\/uploads\/sites\/14\/2017\/03\/Via-Crucis.jpg\",\"width\":1000,\"height\":667,\"caption\":\"Via Crucis\"},{\"@type\":\"BreadcrumbList\",\"@id\":\"https:\/\/blog.holyart.it\/fr\/accessoires-pour-la-liturgie\/commemorer-le-parcours-douloureux-du-christ-a-travers-le-chemin-de-croix\/#breadcrumb\",\"itemListElement\":[{\"@type\":\"ListItem\",\"position\":1,\"name\":\"Homepage\",\"item\":\"https:\/\/blog.holyart.it\/fr\/\"},{\"@type\":\"ListItem\",\"position\":2,\"name\":\"Liturgie\",\"item\":\"https:\/\/blog.holyart.it\/fr\/accessoires-pour-la-liturgie\/\"},{\"@type\":\"ListItem\",\"position\":3,\"name\":\"Comm\u00e9morer le parcours douloureux du Christ \u00e0 travers le Chemin de Croix\"}]},{\"@type\":\"WebSite\",\"@id\":\"https:\/\/blog.holyart.it\/fr\/#website\",\"url\":\"https:\/\/blog.holyart.it\/fr\/\",\"name\":\"Holyart.fr Blog\",\"description\":\"Holyblog\",\"publisher\":{\"@id\":\"https:\/\/blog.holyart.it\/fr\/#organization\"},\"potentialAction\":[{\"@type\":\"SearchAction\",\"target\":{\"@type\":\"EntryPoint\",\"urlTemplate\":\"https:\/\/blog.holyart.it\/fr\/?s={search_term_string}\"},\"query-input\":{\"@type\":\"PropertyValueSpecification\",\"valueRequired\":true,\"valueName\":\"search_term_string\"}}],\"inLanguage\":\"fr-FR\"},{\"@type\":\"Organization\",\"@id\":\"https:\/\/blog.holyart.it\/fr\/#organization\",\"name\":\"Holyart.fr Blog\",\"url\":\"https:\/\/blog.holyart.it\/fr\/\",\"logo\":{\"@type\":\"ImageObject\",\"inLanguage\":\"fr-FR\",\"@id\":\"https:\/\/blog.holyart.it\/fr\/#\/schema\/logo\/image\/\",\"url\":\"https:\/\/blog.holyart.it\/fr\/wp-content\/uploads\/sites\/14\/2022\/12\/Holyart_Blog_Logo.jpg\",\"contentUrl\":\"https:\/\/blog.holyart.it\/fr\/wp-content\/uploads\/sites\/14\/2022\/12\/Holyart_Blog_Logo.jpg\",\"width\":300,\"height\":50,\"caption\":\"Holyart.fr Blog\"},\"image\":{\"@id\":\"https:\/\/blog.holyart.it\/fr\/#\/schema\/logo\/image\/\"}},{\"@type\":\"Person\",\"@id\":\"https:\/\/blog.holyart.it\/fr\/#\/schema\/person\/0a7b686e5af0f856ec1e390dd0baecda\",\"name\":\"Redazione\",\"image\":{\"@type\":\"ImageObject\",\"inLanguage\":\"fr-FR\",\"@id\":\"https:\/\/blog.holyart.it\/fr\/#\/schema\/person\/image\/\",\"url\":\"https:\/\/secure.gravatar.com\/avatar\/f477da817f43e50d0af36abecd33e3edf826c68299714bdc1057dff3b113f516?s=96&d=mm&r=g\",\"contentUrl\":\"https:\/\/secure.gravatar.com\/avatar\/f477da817f43e50d0af36abecd33e3edf826c68299714bdc1057dff3b113f516?s=96&d=mm&r=g\",\"caption\":\"Redazione\"},\"url\":\"https:\/\/blog.holyart.it\/fr\/author\/admin\/\"}]}<\/script>\n<!-- \/ Yoast SEO plugin. -->","yoast_head_json":{"title":"Comm\u00e9morer le parcours douloureux du Christ \u00e0 travers le Chemin de Croix","description":"La Via Crucis, ou Chemin de Croix, retrace la Passion du Christ et son parcours vers le mont Golgotha pour y \u00eatre crucifi\u00e9.","robots":{"index":"index","follow":"follow","max-snippet":"max-snippet:-1","max-image-preview":"max-image-preview:large","max-video-preview":"max-video-preview:-1"},"canonical":"https:\/\/blog.holyart.it\/fr\/accessoires-pour-la-liturgie\/commemorer-le-parcours-douloureux-du-christ-a-travers-le-chemin-de-croix\/","og_locale":"fr_FR","og_type":"article","og_title":"Comm\u00e9morer le parcours douloureux du Christ \u00e0 travers le Chemin de Croix","og_description":"La Via Crucis, ou Chemin de Croix, retrace la Passion du Christ et son parcours vers le mont Golgotha pour y \u00eatre crucifi\u00e9.","og_url":"https:\/\/blog.holyart.it\/fr\/accessoires-pour-la-liturgie\/commemorer-le-parcours-douloureux-du-christ-a-travers-le-chemin-de-croix\/","og_site_name":"Holyart.fr Blog","article_published_time":"2017-03-30T15:10:06+00:00","article_modified_time":"2021-06-21T10:41:12+00:00","og_image":[{"width":1000,"height":667,"url":"https:\/\/blog.holyart.it\/fr\/wp-content\/uploads\/sites\/14\/2017\/03\/Via-Crucis.jpg","type":"image\/jpeg"}],"author":"Redazione","twitter_card":"summary_large_image","twitter_misc":{"\u00c9crit par":"Redazione","Dur\u00e9e de lecture estim\u00e9e":"2 minutes"},"schema":{"@context":"https:\/\/schema.org","@graph":[{"@type":"Article","@id":"https:\/\/blog.holyart.it\/fr\/accessoires-pour-la-liturgie\/commemorer-le-parcours-douloureux-du-christ-a-travers-le-chemin-de-croix\/#article","isPartOf":{"@id":"https:\/\/blog.holyart.it\/fr\/accessoires-pour-la-liturgie\/commemorer-le-parcours-douloureux-du-christ-a-travers-le-chemin-de-croix\/"},"author":{"name":"Redazione","@id":"https:\/\/blog.holyart.it\/fr\/#\/schema\/person\/0a7b686e5af0f856ec1e390dd0baecda"},"headline":"Comm\u00e9morer le parcours douloureux du Christ \u00e0 travers le Chemin de Croix","datePublished":"2017-03-30T15:10:06+00:00","dateModified":"2021-06-21T10:41:12+00:00","mainEntityOfPage":{"@id":"https:\/\/blog.holyart.it\/fr\/accessoires-pour-la-liturgie\/commemorer-le-parcours-douloureux-du-christ-a-travers-le-chemin-de-croix\/"},"wordCount":450,"publisher":{"@id":"https:\/\/blog.holyart.it\/fr\/#organization"},"image":{"@id":"https:\/\/blog.holyart.it\/fr\/accessoires-pour-la-liturgie\/commemorer-le-parcours-douloureux-du-christ-a-travers-le-chemin-de-croix\/#primaryimage"},"thumbnailUrl":"https:\/\/blog.holyart.it\/fr\/wp-content\/uploads\/sites\/14\/2017\/03\/Via-Crucis.jpg","articleSection":["Liturgie"],"inLanguage":"fr-FR"},{"@type":"WebPage","@id":"https:\/\/blog.holyart.it\/fr\/accessoires-pour-la-liturgie\/commemorer-le-parcours-douloureux-du-christ-a-travers-le-chemin-de-croix\/","url":"https:\/\/blog.holyart.it\/fr\/accessoires-pour-la-liturgie\/commemorer-le-parcours-douloureux-du-christ-a-travers-le-chemin-de-croix\/","name":"Comm\u00e9morer le parcours douloureux du Christ \u00e0 travers le Chemin de Croix","isPartOf":{"@id":"https:\/\/blog.holyart.it\/fr\/#website"},"primaryImageOfPage":{"@id":"https:\/\/blog.holyart.it\/fr\/accessoires-pour-la-liturgie\/commemorer-le-parcours-douloureux-du-christ-a-travers-le-chemin-de-croix\/#primaryimage"},"image":{"@id":"https:\/\/blog.holyart.it\/fr\/accessoires-pour-la-liturgie\/commemorer-le-parcours-douloureux-du-christ-a-travers-le-chemin-de-croix\/#primaryimage"},"thumbnailUrl":"https:\/\/blog.holyart.it\/fr\/wp-content\/uploads\/sites\/14\/2017\/03\/Via-Crucis.jpg","datePublished":"2017-03-30T15:10:06+00:00","dateModified":"2021-06-21T10:41:12+00:00","description":"La Via Crucis, ou Chemin de Croix, retrace la Passion du Christ et son parcours vers le mont Golgotha pour y \u00eatre crucifi\u00e9.","breadcrumb":{"@id":"https:\/\/blog.holyart.it\/fr\/accessoires-pour-la-liturgie\/commemorer-le-parcours-douloureux-du-christ-a-travers-le-chemin-de-croix\/#breadcrumb"},"inLanguage":"fr-FR","potentialAction":[{"@type":"ReadAction","target":["https:\/\/blog.holyart.it\/fr\/accessoires-pour-la-liturgie\/commemorer-le-parcours-douloureux-du-christ-a-travers-le-chemin-de-croix\/"]}]},{"@type":"ImageObject","inLanguage":"fr-FR","@id":"https:\/\/blog.holyart.it\/fr\/accessoires-pour-la-liturgie\/commemorer-le-parcours-douloureux-du-christ-a-travers-le-chemin-de-croix\/#primaryimage","url":"https:\/\/blog.holyart.it\/fr\/wp-content\/uploads\/sites\/14\/2017\/03\/Via-Crucis.jpg","contentUrl":"https:\/\/blog.holyart.it\/fr\/wp-content\/uploads\/sites\/14\/2017\/03\/Via-Crucis.jpg","width":1000,"height":667,"caption":"Via Crucis"},{"@type":"BreadcrumbList","@id":"https:\/\/blog.holyart.it\/fr\/accessoires-pour-la-liturgie\/commemorer-le-parcours-douloureux-du-christ-a-travers-le-chemin-de-croix\/#breadcrumb","itemListElement":[{"@type":"ListItem","position":1,"name":"Homepage","item":"https:\/\/blog.holyart.it\/fr\/"},{"@type":"ListItem","position":2,"name":"Liturgie","item":"https:\/\/blog.holyart.it\/fr\/accessoires-pour-la-liturgie\/"},{"@type":"ListItem","position":3,"name":"Comm\u00e9morer le parcours douloureux du Christ \u00e0 travers le Chemin de Croix"}]},{"@type":"WebSite","@id":"https:\/\/blog.holyart.it\/fr\/#website","url":"https:\/\/blog.holyart.it\/fr\/","name":"Holyart.fr Blog","description":"Holyblog","publisher":{"@id":"https:\/\/blog.holyart.it\/fr\/#organization"},"potentialAction":[{"@type":"SearchAction","target":{"@type":"EntryPoint","urlTemplate":"https:\/\/blog.holyart.it\/fr\/?s={search_term_string}"},"query-input":{"@type":"PropertyValueSpecification","valueRequired":true,"valueName":"search_term_string"}}],"inLanguage":"fr-FR"},{"@type":"Organization","@id":"https:\/\/blog.holyart.it\/fr\/#organization","name":"Holyart.fr Blog","url":"https:\/\/blog.holyart.it\/fr\/","logo":{"@type":"ImageObject","inLanguage":"fr-FR","@id":"https:\/\/blog.holyart.it\/fr\/#\/schema\/logo\/image\/","url":"https:\/\/blog.holyart.it\/fr\/wp-content\/uploads\/sites\/14\/2022\/12\/Holyart_Blog_Logo.jpg","contentUrl":"https:\/\/blog.holyart.it\/fr\/wp-content\/uploads\/sites\/14\/2022\/12\/Holyart_Blog_Logo.jpg","width":300,"height":50,"caption":"Holyart.fr Blog"},"image":{"@id":"https:\/\/blog.holyart.it\/fr\/#\/schema\/logo\/image\/"}},{"@type":"Person","@id":"https:\/\/blog.holyart.it\/fr\/#\/schema\/person\/0a7b686e5af0f856ec1e390dd0baecda","name":"Redazione","image":{"@type":"ImageObject","inLanguage":"fr-FR","@id":"https:\/\/blog.holyart.it\/fr\/#\/schema\/person\/image\/","url":"https:\/\/secure.gravatar.com\/avatar\/f477da817f43e50d0af36abecd33e3edf826c68299714bdc1057dff3b113f516?s=96&d=mm&r=g","contentUrl":"https:\/\/secure.gravatar.com\/avatar\/f477da817f43e50d0af36abecd33e3edf826c68299714bdc1057dff3b113f516?s=96&d=mm&r=g","caption":"Redazione"},"url":"https:\/\/blog.holyart.it\/fr\/author\/admin\/"}]}},"_links":{"self":[{"href":"https:\/\/blog.holyart.it\/fr\/wp-json\/wp\/v2\/posts\/331","targetHints":{"allow":["GET"]}}],"collection":[{"href":"https:\/\/blog.holyart.it\/fr\/wp-json\/wp\/v2\/posts"}],"about":[{"href":"https:\/\/blog.holyart.it\/fr\/wp-json\/wp\/v2\/types\/post"}],"author":[{"embeddable":true,"href":"https:\/\/blog.holyart.it\/fr\/wp-json\/wp\/v2\/users\/1"}],"replies":[{"embeddable":true,"href":"https:\/\/blog.holyart.it\/fr\/wp-json\/wp\/v2\/comments?post=331"}],"version-history":[{"count":0,"href":"https:\/\/blog.holyart.it\/fr\/wp-json\/wp\/v2\/posts\/331\/revisions"}],"wp:featuredmedia":[{"embeddable":true,"href":"https:\/\/blog.holyart.it\/fr\/wp-json\/wp\/v2\/media\/332"}],"wp:attachment":[{"href":"https:\/\/blog.holyart.it\/fr\/wp-json\/wp\/v2\/media?parent=331"}],"wp:term":[{"taxonomy":"category","embeddable":true,"href":"https:\/\/blog.holyart.it\/fr\/wp-json\/wp\/v2\/categories?post=331"},{"taxonomy":"post_tag","embeddable":true,"href":"https:\/\/blog.holyart.it\/fr\/wp-json\/wp\/v2\/tags?post=331"}],"curies":[{"name":"wp","href":"https:\/\/api.w.org\/{rel}","templated":true}]}}