{"id":33,"date":"2016-05-27T18:44:43","date_gmt":"2016-05-27T16:44:43","guid":{"rendered":"https:\/\/blog.holyart.it\/fr\/?p=33"},"modified":"2016-09-30T12:57:22","modified_gmt":"2016-09-30T10:57:22","slug":"calice-de-communion","status":"publish","type":"post","link":"https:\/\/blog.holyart.it\/fr\/accessoires-pour-la-liturgie\/calice-de-communion\/","title":{"rendered":"Le Calice de la Communion"},"content":{"rendered":"<p>La tradition de faire circuler pendant le repas un <strong>calice<\/strong> o\u00f9 tous les convives boivent en signe de communion est vieille comme le monde. Pour un chr\u00e9tien, le plus grand moment de la communion est l\u2019<strong>Eucharistie<\/strong>, quand le pain de la vie \u00e9ternelle et la coupe du salut sont offerts \u00e0 tous le fid\u00e8les afin qu\u2019ils puissent communiquer avec Christ et rendre gr\u00e2ce \u00e0 Dieu.<\/p>\n<p>Le <strong>calice de la communion<\/strong> est pr\u00e9sent dans la liturgie eucharistique depuis ses origines. Au d\u00e9but, il s\u2019agissait d\u2019une coupe dans laquelle \u00e9tait conserv\u00e9 le vin b\u00e9nit. C\u2019\u00e9tait donc tr\u00e8s probablement un objet simple, d\u2019usage domestique. Au fil des si\u00e8cles, au fur et \u00e0 mesure que la c\u00e9r\u00e9monie se peaufinait, le <strong>calice de la communion<\/strong> aussi connut une \u00e9volution dans les formes et les mat\u00e9riaux. Ces derniers en particulier deviennent de plus en plus pr\u00e9cieux \u2013 de l\u2019or et de l\u2019argent tr\u00e8s souvent,\u2013 finement travaill\u00e9s, cisel\u00e9s et orn\u00e9s de pierres pr\u00e9cieuses. Bien que de nos jours on privil\u00e9gie des formes plus simples et plus \u00e9pur\u00e9es, les mat\u00e9riaux employ\u00e9s pour la r\u00e9alisation des <strong>calices de communion<\/strong> sont presque toujours nobles, en particulier l\u2019int\u00e9rieur du calice qui, de pr\u00e9f\u00e9rence, doit \u00eatre dor\u00e9. Ils existent toutefois des <strong><a title=\"Calices de communion\" href=\"http:\/\/www.holyart.fr\/accessoires-pour-la-liturgie\/calices-ciboires-patenes\">calices de communion<\/a><\/strong> en bois, surtout d\u2019olivier et, plus rarement, dans d\u2019autres mat\u00e9riaux comme le verre et la c\u00e9ramique.<\/p>\n<p>Pendant la pr\u00e9paration de l\u2019Eucharistie, le <strong>calice de la communion<\/strong> fait l\u2019objet d\u2019un rituel \u00e9tabli, pendant lequel le c\u00e9l\u00e9brant utilise des objets liturgiques sp\u00e9cifiques et du linge d\u2019autel dans un ordre pr\u00e9cis.<\/p>\n<p>Afin de comprendre enti\u00e8rement la signification de l\u2019Eucharistie, nous ne pouvons pas faire abstraction de la signification du calice et du vin. J\u00e9sus Christ en personne les cite en relation avec son sacrifice comme instruments pour sceller l\u2019Alliance nouvelle et \u00e9ternelle. Le vin rappelle donc les promesses de Dieu \u00e0 son peuple, c\u00e9l\u00e8bre une alliance ancienne mais toujours actuelle, qui se renouv\u00e8le, symbole de passion et d\u2019espoir en m\u00eame temps. Un don merveilleux qui nait de la plus terrible des souffrances, du sacrifice du Christ en r\u00e9mission des p\u00e9ch\u00e9s de l\u2019humanit\u00e9 enti\u00e8re. Un sacrifice et une alliance que le fid\u00e8le est appel\u00e9 \u00e0 renouveler chaque jour en buvant son \u00ab <strong>calice de communion<\/strong> \u00bb personnel dans les actes quotidiens de d\u00e9votion, dans les gestes de charit\u00e9. De cette mani\u00e8re le miracle se r\u00e9p\u00e8te et le calice de la passion se transforme en calice d\u00e9bordant de joie infinie.<\/p>\n<p>Ci-dessous vous trouverez une s\u00e9lection des <strong>calices eucharistiques<\/strong> disponibles dans le catalogue <strong>Holyart<\/strong>.<\/p>\n<figure id=\"attachment_35\" aria-describedby=\"caption-attachment-35\" style=\"width: 185px\" class=\"wp-caption alignleft\"><a title=\"Calice en c\u00e9ramique base ronde pain et poissons\" href=\"http:\/\/www.holyart.fr\/accessoires-pour-la-liturgie\/calices-ciboires-patenes\/calices-ciboires-patenes-en-ceramique\/calice-en-ceramique-base-ronde-pain-et-poissons\" rel=\"attachment wp-att-35\"><img loading=\"lazy\" decoding=\"async\" class=\"wp-image-35\" src=\"https:\/\/blog.holyart.it\/fr\/wp-content\/uploads\/sites\/14\/2016\/05\/Calice-en-c\u00e9ramique-base-ronde-pain-et-poissons-300x300.jpg\" alt=\"Calice en c\u00e9ramique base ronde pain et poissons\" width=\"185\" height=\"185\" \/><\/a><figcaption id=\"caption-attachment-35\" class=\"wp-caption-text\"><a title=\"Calice en c\u00e9ramique base ronde pain et poissons\" href=\"http:\/\/www.holyart.fr\/accessoires-pour-la-liturgie\/calices-ciboires-patenes\/calices-ciboires-patenes-en-ceramique\/calice-en-ceramique-base-ronde-pain-et-poissons\">Calice en c\u00e9ramique base ronde pain et poissons<\/a><\/figcaption><\/figure>\n<figure id=\"attachment_34\" aria-describedby=\"caption-attachment-34\" style=\"width: 185px\" class=\"wp-caption alignleft\"><a title=\"Calice de la Communion\" href=\"http:\/\/www.holyart.fr\/accessoires-pour-la-liturgie\/calices-ciboires-patenes\/calices-ciboires-patenes-en-metal\/calice-anges\" rel=\"attachment wp-att-34\"><img loading=\"lazy\" decoding=\"async\" class=\"wp-image-34\" src=\"https:\/\/blog.holyart.it\/fr\/wp-content\/uploads\/sites\/14\/2016\/05\/Calice-de-la-communion-anges-300x300.jpg\" alt=\"Calice de la communion anges\" width=\"185\" height=\"185\" \/><\/a><figcaption id=\"caption-attachment-34\" class=\"wp-caption-text\"><a title=\"Calice de la Communion\" href=\"http:\/\/www.holyart.fr\/accessoires-pour-la-liturgie\/calices-ciboires-patenes\/calices-ciboires-patenes-en-metal\/calice-anges\">Calice de la Communion<br \/>anges<\/a><\/figcaption><\/figure>\n<figure id=\"attachment_36\" aria-describedby=\"caption-attachment-36\" style=\"width: 185px\" class=\"wp-caption alignleft\"><a title=\"Calice olivier vieilli d'Assise coupe fine h 18,5 cm\" href=\"http:\/\/www.holyart.fr\/accessoires-pour-la-liturgie\/calices-ciboires-patenes\/calices-ciboires-patenes-bois-dolivier\/calice-olivier-vieilli-dassise-coupe-fine-h-18-5-cm\" rel=\"attachment wp-att-36\"><img loading=\"lazy\" decoding=\"async\" class=\"wp-image-36\" src=\"https:\/\/blog.holyart.it\/fr\/wp-content\/uploads\/sites\/14\/2016\/05\/Calice-olivier-vieilli-dAssise-coupe-fine-h-185-cm-300x300.jpg\" alt=\"Calice olivier vieilli d'Assise coupe fine h 18,5 cm\" width=\"185\" height=\"185\" \/><\/a><figcaption id=\"caption-attachment-36\" class=\"wp-caption-text\"><a title=\"Calice olivier vieilli d'Assise coupe fine h 18,5 cm\" href=\"http:\/\/www.holyart.fr\/accessoires-pour-la-liturgie\/calices-ciboires-patenes\/calices-ciboires-patenes-bois-dolivier\/calice-olivier-vieilli-dassise-coupe-fine-h-18-5-cm\">Calice olivier d&rsquo;Assise coupe fine h 18,5 cm<\/a><\/figcaption><\/figure>\n","protected":false},"excerpt":{"rendered":"<p>La tradition de faire circuler pendant le repas un calice o\u00f9 tous les convives boivent en signe de communion est vieille comme le monde. Pour un chr\u00e9tien, le plus grand moment de la communion est l\u2019Eucharistie, quand le pain de la vie \u00e9ternelle et la&hellip;<\/p>\n","protected":false},"author":1,"featured_media":43,"comment_status":"closed","ping_status":"open","sticky":false,"template":"","format":"standard","meta":{"_acf_changed":false,"footnotes":""},"categories":[4],"tags":[],"class_list":["post-33","post","type-post","status-publish","format-standard","has-post-thumbnail","hentry","category-accessoires-pour-la-liturgie"],"acf":[],"yoast_head":"<!-- This site is optimized with the Yoast SEO plugin v26.6 - https:\/\/yoast.com\/wordpress\/plugins\/seo\/ -->\n<title>Le Calice de la Communion - Holyart.fr Blog<\/title>\n<meta name=\"description\" content=\"Le calice de la Communion est pr\u00e9sent dans la liturgie eucharistique depuis ses origines. Calices de la Communione en bois, verre et c\u00e9ramique.\" \/>\n<meta name=\"robots\" content=\"index, follow, max-snippet:-1, max-image-preview:large, max-video-preview:-1\" \/>\n<link rel=\"canonical\" href=\"https:\/\/blog.holyart.it\/fr\/accessoires-pour-la-liturgie\/calice-de-communion\/\" \/>\n<meta property=\"og:locale\" content=\"fr_FR\" \/>\n<meta property=\"og:type\" content=\"article\" \/>\n<meta property=\"og:title\" content=\"Le Calice de la Communion - Holyart.fr Blog\" \/>\n<meta property=\"og:description\" content=\"Le calice de la Communion est pr\u00e9sent dans la liturgie eucharistique depuis ses origines. Calices de la Communione en bois, verre et c\u00e9ramique.\" \/>\n<meta property=\"og:url\" content=\"https:\/\/blog.holyart.it\/fr\/accessoires-pour-la-liturgie\/calice-de-communion\/\" \/>\n<meta property=\"og:site_name\" content=\"Holyart.fr Blog\" \/>\n<meta property=\"article:published_time\" content=\"2016-05-27T16:44:43+00:00\" \/>\n<meta property=\"article:modified_time\" content=\"2016-09-30T10:57:22+00:00\" \/>\n<meta property=\"og:image\" content=\"https:\/\/blog.holyart.it\/fr\/wp-content\/uploads\/sites\/14\/2016\/05\/Le-Calice-de-la-Communion-header.jpg\" \/>\n\t<meta property=\"og:image:width\" content=\"1000\" \/>\n\t<meta property=\"og:image:height\" content=\"667\" \/>\n\t<meta property=\"og:image:type\" content=\"image\/jpeg\" \/>\n<meta name=\"author\" content=\"Redazione\" \/>\n<meta name=\"twitter:card\" content=\"summary_large_image\" \/>\n<meta name=\"twitter:label1\" content=\"\u00c9crit par\" \/>\n\t<meta name=\"twitter:data1\" content=\"Redazione\" \/>\n\t<meta name=\"twitter:label2\" content=\"Dur\u00e9e de lecture estim\u00e9e\" \/>\n\t<meta name=\"twitter:data2\" content=\"3 minutes\" \/>\n<script type=\"application\/ld+json\" class=\"yoast-schema-graph\">{\"@context\":\"https:\/\/schema.org\",\"@graph\":[{\"@type\":\"Article\",\"@id\":\"https:\/\/blog.holyart.it\/fr\/accessoires-pour-la-liturgie\/calice-de-communion\/#article\",\"isPartOf\":{\"@id\":\"https:\/\/blog.holyart.it\/fr\/accessoires-pour-la-liturgie\/calice-de-communion\/\"},\"author\":{\"name\":\"Redazione\",\"@id\":\"https:\/\/blog.holyart.it\/fr\/#\/schema\/person\/0a7b686e5af0f856ec1e390dd0baecda\"},\"headline\":\"Le Calice de la Communion\",\"datePublished\":\"2016-05-27T16:44:43+00:00\",\"dateModified\":\"2016-09-30T10:57:22+00:00\",\"mainEntityOfPage\":{\"@id\":\"https:\/\/blog.holyart.it\/fr\/accessoires-pour-la-liturgie\/calice-de-communion\/\"},\"wordCount\":516,\"publisher\":{\"@id\":\"https:\/\/blog.holyart.it\/fr\/#organization\"},\"image\":{\"@id\":\"https:\/\/blog.holyart.it\/fr\/accessoires-pour-la-liturgie\/calice-de-communion\/#primaryimage\"},\"thumbnailUrl\":\"https:\/\/blog.holyart.it\/fr\/wp-content\/uploads\/sites\/14\/2016\/05\/Le-Calice-de-la-Communion-header.jpg\",\"articleSection\":[\"Liturgie\"],\"inLanguage\":\"fr-FR\"},{\"@type\":\"WebPage\",\"@id\":\"https:\/\/blog.holyart.it\/fr\/accessoires-pour-la-liturgie\/calice-de-communion\/\",\"url\":\"https:\/\/blog.holyart.it\/fr\/accessoires-pour-la-liturgie\/calice-de-communion\/\",\"name\":\"Le Calice de la Communion - Holyart.fr Blog\",\"isPartOf\":{\"@id\":\"https:\/\/blog.holyart.it\/fr\/#website\"},\"primaryImageOfPage\":{\"@id\":\"https:\/\/blog.holyart.it\/fr\/accessoires-pour-la-liturgie\/calice-de-communion\/#primaryimage\"},\"image\":{\"@id\":\"https:\/\/blog.holyart.it\/fr\/accessoires-pour-la-liturgie\/calice-de-communion\/#primaryimage\"},\"thumbnailUrl\":\"https:\/\/blog.holyart.it\/fr\/wp-content\/uploads\/sites\/14\/2016\/05\/Le-Calice-de-la-Communion-header.jpg\",\"datePublished\":\"2016-05-27T16:44:43+00:00\",\"dateModified\":\"2016-09-30T10:57:22+00:00\",\"description\":\"Le calice de la Communion est pr\u00e9sent dans la liturgie eucharistique depuis ses origines. Calices de la Communione en bois, verre et c\u00e9ramique.\",\"breadcrumb\":{\"@id\":\"https:\/\/blog.holyart.it\/fr\/accessoires-pour-la-liturgie\/calice-de-communion\/#breadcrumb\"},\"inLanguage\":\"fr-FR\",\"potentialAction\":[{\"@type\":\"ReadAction\",\"target\":[\"https:\/\/blog.holyart.it\/fr\/accessoires-pour-la-liturgie\/calice-de-communion\/\"]}]},{\"@type\":\"ImageObject\",\"inLanguage\":\"fr-FR\",\"@id\":\"https:\/\/blog.holyart.it\/fr\/accessoires-pour-la-liturgie\/calice-de-communion\/#primaryimage\",\"url\":\"https:\/\/blog.holyart.it\/fr\/wp-content\/uploads\/sites\/14\/2016\/05\/Le-Calice-de-la-Communion-header.jpg\",\"contentUrl\":\"https:\/\/blog.holyart.it\/fr\/wp-content\/uploads\/sites\/14\/2016\/05\/Le-Calice-de-la-Communion-header.jpg\",\"width\":1000,\"height\":667,\"caption\":\"Le Calice de la Communion-header\"},{\"@type\":\"BreadcrumbList\",\"@id\":\"https:\/\/blog.holyart.it\/fr\/accessoires-pour-la-liturgie\/calice-de-communion\/#breadcrumb\",\"itemListElement\":[{\"@type\":\"ListItem\",\"position\":1,\"name\":\"Homepage\",\"item\":\"https:\/\/blog.holyart.it\/fr\/\"},{\"@type\":\"ListItem\",\"position\":2,\"name\":\"Liturgie\",\"item\":\"https:\/\/blog.holyart.it\/fr\/accessoires-pour-la-liturgie\/\"},{\"@type\":\"ListItem\",\"position\":3,\"name\":\"Le Calice de la Communion\"}]},{\"@type\":\"WebSite\",\"@id\":\"https:\/\/blog.holyart.it\/fr\/#website\",\"url\":\"https:\/\/blog.holyart.it\/fr\/\",\"name\":\"Holyart.fr Blog\",\"description\":\"Holyblog\",\"publisher\":{\"@id\":\"https:\/\/blog.holyart.it\/fr\/#organization\"},\"potentialAction\":[{\"@type\":\"SearchAction\",\"target\":{\"@type\":\"EntryPoint\",\"urlTemplate\":\"https:\/\/blog.holyart.it\/fr\/?s={search_term_string}\"},\"query-input\":{\"@type\":\"PropertyValueSpecification\",\"valueRequired\":true,\"valueName\":\"search_term_string\"}}],\"inLanguage\":\"fr-FR\"},{\"@type\":\"Organization\",\"@id\":\"https:\/\/blog.holyart.it\/fr\/#organization\",\"name\":\"Holyart.fr Blog\",\"url\":\"https:\/\/blog.holyart.it\/fr\/\",\"logo\":{\"@type\":\"ImageObject\",\"inLanguage\":\"fr-FR\",\"@id\":\"https:\/\/blog.holyart.it\/fr\/#\/schema\/logo\/image\/\",\"url\":\"https:\/\/blog.holyart.it\/fr\/wp-content\/uploads\/sites\/14\/2022\/12\/Holyart_Blog_Logo.jpg\",\"contentUrl\":\"https:\/\/blog.holyart.it\/fr\/wp-content\/uploads\/sites\/14\/2022\/12\/Holyart_Blog_Logo.jpg\",\"width\":300,\"height\":50,\"caption\":\"Holyart.fr Blog\"},\"image\":{\"@id\":\"https:\/\/blog.holyart.it\/fr\/#\/schema\/logo\/image\/\"}},{\"@type\":\"Person\",\"@id\":\"https:\/\/blog.holyart.it\/fr\/#\/schema\/person\/0a7b686e5af0f856ec1e390dd0baecda\",\"name\":\"Redazione\",\"image\":{\"@type\":\"ImageObject\",\"inLanguage\":\"fr-FR\",\"@id\":\"https:\/\/blog.holyart.it\/fr\/#\/schema\/person\/image\/\",\"url\":\"https:\/\/secure.gravatar.com\/avatar\/f477da817f43e50d0af36abecd33e3edf826c68299714bdc1057dff3b113f516?s=96&d=mm&r=g\",\"contentUrl\":\"https:\/\/secure.gravatar.com\/avatar\/f477da817f43e50d0af36abecd33e3edf826c68299714bdc1057dff3b113f516?s=96&d=mm&r=g\",\"caption\":\"Redazione\"},\"url\":\"https:\/\/blog.holyart.it\/fr\/author\/admin\/\"}]}<\/script>\n<!-- \/ Yoast SEO plugin. -->","yoast_head_json":{"title":"Le Calice de la Communion - Holyart.fr Blog","description":"Le calice de la Communion est pr\u00e9sent dans la liturgie eucharistique depuis ses origines. Calices de la Communione en bois, verre et c\u00e9ramique.","robots":{"index":"index","follow":"follow","max-snippet":"max-snippet:-1","max-image-preview":"max-image-preview:large","max-video-preview":"max-video-preview:-1"},"canonical":"https:\/\/blog.holyart.it\/fr\/accessoires-pour-la-liturgie\/calice-de-communion\/","og_locale":"fr_FR","og_type":"article","og_title":"Le Calice de la Communion - Holyart.fr Blog","og_description":"Le calice de la Communion est pr\u00e9sent dans la liturgie eucharistique depuis ses origines. Calices de la Communione en bois, verre et c\u00e9ramique.","og_url":"https:\/\/blog.holyart.it\/fr\/accessoires-pour-la-liturgie\/calice-de-communion\/","og_site_name":"Holyart.fr Blog","article_published_time":"2016-05-27T16:44:43+00:00","article_modified_time":"2016-09-30T10:57:22+00:00","og_image":[{"width":1000,"height":667,"url":"https:\/\/blog.holyart.it\/fr\/wp-content\/uploads\/sites\/14\/2016\/05\/Le-Calice-de-la-Communion-header.jpg","type":"image\/jpeg"}],"author":"Redazione","twitter_card":"summary_large_image","twitter_misc":{"\u00c9crit par":"Redazione","Dur\u00e9e de lecture estim\u00e9e":"3 minutes"},"schema":{"@context":"https:\/\/schema.org","@graph":[{"@type":"Article","@id":"https:\/\/blog.holyart.it\/fr\/accessoires-pour-la-liturgie\/calice-de-communion\/#article","isPartOf":{"@id":"https:\/\/blog.holyart.it\/fr\/accessoires-pour-la-liturgie\/calice-de-communion\/"},"author":{"name":"Redazione","@id":"https:\/\/blog.holyart.it\/fr\/#\/schema\/person\/0a7b686e5af0f856ec1e390dd0baecda"},"headline":"Le Calice de la Communion","datePublished":"2016-05-27T16:44:43+00:00","dateModified":"2016-09-30T10:57:22+00:00","mainEntityOfPage":{"@id":"https:\/\/blog.holyart.it\/fr\/accessoires-pour-la-liturgie\/calice-de-communion\/"},"wordCount":516,"publisher":{"@id":"https:\/\/blog.holyart.it\/fr\/#organization"},"image":{"@id":"https:\/\/blog.holyart.it\/fr\/accessoires-pour-la-liturgie\/calice-de-communion\/#primaryimage"},"thumbnailUrl":"https:\/\/blog.holyart.it\/fr\/wp-content\/uploads\/sites\/14\/2016\/05\/Le-Calice-de-la-Communion-header.jpg","articleSection":["Liturgie"],"inLanguage":"fr-FR"},{"@type":"WebPage","@id":"https:\/\/blog.holyart.it\/fr\/accessoires-pour-la-liturgie\/calice-de-communion\/","url":"https:\/\/blog.holyart.it\/fr\/accessoires-pour-la-liturgie\/calice-de-communion\/","name":"Le Calice de la Communion - Holyart.fr Blog","isPartOf":{"@id":"https:\/\/blog.holyart.it\/fr\/#website"},"primaryImageOfPage":{"@id":"https:\/\/blog.holyart.it\/fr\/accessoires-pour-la-liturgie\/calice-de-communion\/#primaryimage"},"image":{"@id":"https:\/\/blog.holyart.it\/fr\/accessoires-pour-la-liturgie\/calice-de-communion\/#primaryimage"},"thumbnailUrl":"https:\/\/blog.holyart.it\/fr\/wp-content\/uploads\/sites\/14\/2016\/05\/Le-Calice-de-la-Communion-header.jpg","datePublished":"2016-05-27T16:44:43+00:00","dateModified":"2016-09-30T10:57:22+00:00","description":"Le calice de la Communion est pr\u00e9sent dans la liturgie eucharistique depuis ses origines. Calices de la Communione en bois, verre et c\u00e9ramique.","breadcrumb":{"@id":"https:\/\/blog.holyart.it\/fr\/accessoires-pour-la-liturgie\/calice-de-communion\/#breadcrumb"},"inLanguage":"fr-FR","potentialAction":[{"@type":"ReadAction","target":["https:\/\/blog.holyart.it\/fr\/accessoires-pour-la-liturgie\/calice-de-communion\/"]}]},{"@type":"ImageObject","inLanguage":"fr-FR","@id":"https:\/\/blog.holyart.it\/fr\/accessoires-pour-la-liturgie\/calice-de-communion\/#primaryimage","url":"https:\/\/blog.holyart.it\/fr\/wp-content\/uploads\/sites\/14\/2016\/05\/Le-Calice-de-la-Communion-header.jpg","contentUrl":"https:\/\/blog.holyart.it\/fr\/wp-content\/uploads\/sites\/14\/2016\/05\/Le-Calice-de-la-Communion-header.jpg","width":1000,"height":667,"caption":"Le Calice de la Communion-header"},{"@type":"BreadcrumbList","@id":"https:\/\/blog.holyart.it\/fr\/accessoires-pour-la-liturgie\/calice-de-communion\/#breadcrumb","itemListElement":[{"@type":"ListItem","position":1,"name":"Homepage","item":"https:\/\/blog.holyart.it\/fr\/"},{"@type":"ListItem","position":2,"name":"Liturgie","item":"https:\/\/blog.holyart.it\/fr\/accessoires-pour-la-liturgie\/"},{"@type":"ListItem","position":3,"name":"Le Calice de la Communion"}]},{"@type":"WebSite","@id":"https:\/\/blog.holyart.it\/fr\/#website","url":"https:\/\/blog.holyart.it\/fr\/","name":"Holyart.fr Blog","description":"Holyblog","publisher":{"@id":"https:\/\/blog.holyart.it\/fr\/#organization"},"potentialAction":[{"@type":"SearchAction","target":{"@type":"EntryPoint","urlTemplate":"https:\/\/blog.holyart.it\/fr\/?s={search_term_string}"},"query-input":{"@type":"PropertyValueSpecification","valueRequired":true,"valueName":"search_term_string"}}],"inLanguage":"fr-FR"},{"@type":"Organization","@id":"https:\/\/blog.holyart.it\/fr\/#organization","name":"Holyart.fr Blog","url":"https:\/\/blog.holyart.it\/fr\/","logo":{"@type":"ImageObject","inLanguage":"fr-FR","@id":"https:\/\/blog.holyart.it\/fr\/#\/schema\/logo\/image\/","url":"https:\/\/blog.holyart.it\/fr\/wp-content\/uploads\/sites\/14\/2022\/12\/Holyart_Blog_Logo.jpg","contentUrl":"https:\/\/blog.holyart.it\/fr\/wp-content\/uploads\/sites\/14\/2022\/12\/Holyart_Blog_Logo.jpg","width":300,"height":50,"caption":"Holyart.fr Blog"},"image":{"@id":"https:\/\/blog.holyart.it\/fr\/#\/schema\/logo\/image\/"}},{"@type":"Person","@id":"https:\/\/blog.holyart.it\/fr\/#\/schema\/person\/0a7b686e5af0f856ec1e390dd0baecda","name":"Redazione","image":{"@type":"ImageObject","inLanguage":"fr-FR","@id":"https:\/\/blog.holyart.it\/fr\/#\/schema\/person\/image\/","url":"https:\/\/secure.gravatar.com\/avatar\/f477da817f43e50d0af36abecd33e3edf826c68299714bdc1057dff3b113f516?s=96&d=mm&r=g","contentUrl":"https:\/\/secure.gravatar.com\/avatar\/f477da817f43e50d0af36abecd33e3edf826c68299714bdc1057dff3b113f516?s=96&d=mm&r=g","caption":"Redazione"},"url":"https:\/\/blog.holyart.it\/fr\/author\/admin\/"}]}},"_links":{"self":[{"href":"https:\/\/blog.holyart.it\/fr\/wp-json\/wp\/v2\/posts\/33","targetHints":{"allow":["GET"]}}],"collection":[{"href":"https:\/\/blog.holyart.it\/fr\/wp-json\/wp\/v2\/posts"}],"about":[{"href":"https:\/\/blog.holyart.it\/fr\/wp-json\/wp\/v2\/types\/post"}],"author":[{"embeddable":true,"href":"https:\/\/blog.holyart.it\/fr\/wp-json\/wp\/v2\/users\/1"}],"replies":[{"embeddable":true,"href":"https:\/\/blog.holyart.it\/fr\/wp-json\/wp\/v2\/comments?post=33"}],"version-history":[{"count":0,"href":"https:\/\/blog.holyart.it\/fr\/wp-json\/wp\/v2\/posts\/33\/revisions"}],"wp:featuredmedia":[{"embeddable":true,"href":"https:\/\/blog.holyart.it\/fr\/wp-json\/wp\/v2\/media\/43"}],"wp:attachment":[{"href":"https:\/\/blog.holyart.it\/fr\/wp-json\/wp\/v2\/media?parent=33"}],"wp:term":[{"taxonomy":"category","embeddable":true,"href":"https:\/\/blog.holyart.it\/fr\/wp-json\/wp\/v2\/categories?post=33"},{"taxonomy":"post_tag","embeddable":true,"href":"https:\/\/blog.holyart.it\/fr\/wp-json\/wp\/v2\/tags?post=33"}],"curies":[{"name":"wp","href":"https:\/\/api.w.org\/{rel}","templated":true}]}}