{"id":3287,"date":"2021-08-05T07:54:57","date_gmt":"2021-08-05T05:54:57","guid":{"rendered":"https:\/\/blog.holyart.it\/fr\/?p=3287"},"modified":"2024-07-18T14:59:31","modified_gmt":"2024-07-18T12:59:31","slug":"lassomption-de-marie-et-les-celebrations-les-plus-caracteristiques","status":"publish","type":"post","link":"https:\/\/blog.holyart.it\/fr\/occasions-speciales\/lassomption-de-marie-et-les-celebrations-les-plus-caracteristiques\/","title":{"rendered":"L&rsquo;Assomption de Marie et les c\u00e9l\u00e9brations les plus caract\u00e9ristiques"},"content":{"rendered":"<h4 style=\"text-align: center;\"><em>Le 15 ao\u00fbt n\u2019est pas qu\u2019une occasion de f\u00eater et voyager. On rappelle en effet l\u2019Assomption de Marie au ciel. D\u00e9couvrons les c\u00e9l\u00e9brations les plus suggestives avec lesquelles nous f\u00eatons cette anniversaire.<\/em><\/h4>\n\n<p>Dans un article d\u2019il y a quelques temps, nous avions d\u00e9j\u00e0 amplement parl\u00e9 de l\u2019Assomption de Marie au ciel, du fait que ce pas uniquement un dogme de foi, mais avant tout une croyance tr\u00e8s enracin\u00e9e et r\u00e9pandue dans notre pays, au point qu\u2019elle a inspir\u00e9 au cours des si\u00e8cles d\u2019innombrables formes de d\u00e9votion populaire.<\/p>\n<p>&nbsp;<\/p>\n<div class=\"link-article\">\n<p><img loading=\"lazy\" decoding=\"async\" class=\"alignleft size-full wp-image-3291\" src=\"https:\/\/blog.holyart.it\/fr\/wp-content\/uploads\/sites\/14\/2021\/08\/L\u2019Assomption-fete-de-Vierge.jpg\" alt=\"L\u2019Assomption fete de Vierge\" width=\"150\" height=\"99\" data-kale-share-title=\"L\u2019Assomption de Marie et les c\u00e9l\u00e9brations les plus caract\u00e9ristiques\" data-kale-share-url=\"https:\/\/blog.holyart.it\/fr\/?p=3287\" \/><\/p>\n<div class=\"leggi-anche\">Lire aussi :<\/div>\n<p><strong><a href=\"https:\/\/www.holyart.fr\/blog\/saints-et-bienheureux\/lassomption-fete-de-la-vierge\/\">L\u2019Assomption, f\u00eate de la Vierge<\/a><\/strong><br \/>\nEn plus de repr\u00e9senter le c\u0153ur de l\u2019\u00e9t\u00e9, les chr\u00e9tiens consid\u00e8rent le 15 ao\u00fbt comme la f\u00eate de la M\u00e8re de Dieu. De quoi s\u2019agit-il ?<\/p>\n<\/div>\n<p>Les raisons de l\u2019\u00e9motion suscit\u00e9e par l\u2019Assomption de la Tr\u00e8s-Sainte Marie sont facilement compr\u00e9hensibles, si nous r\u00e9fl\u00e9chissons \u00e0 comment Marie s\u2019est impos\u00e9e depuis l\u2019antiquit\u00e9 comme point central du d\u00e9vouement, de l\u2019affection et des pri\u00e8res d\u2019hommes et de femmes de tous milieux et classes sociales. C\u2019est probablement en raison de sa dimension de M\u00e8re mis\u00e9ricordieuse, qu\u2019elle garantit pour les hommes en interc\u00e9dant pour eux aupr\u00e8s de Dieu P\u00e8re Tout Puissant, que tant de sympathie et de sollicitude lui sont accord\u00e9es.<\/p>\n<h2>Mais comment Marie a-t-elle \u00e9t\u00e9 a \u00e9lev\u00e9e au ciel\u00a0? Et pourquoi\u00a0?<\/h2>\n<p>Toutes les \u00e2mes des saints ont \u00e9t\u00e9 enlev\u00e9es au Paradis, selon la religion chr\u00e9tienne, souvent escort\u00e9es par des troupes d\u2019anges. Ils existent d\u2019innombrables repr\u00e9sentations artistiques montrant ce genre d\u2019\u00e9v\u00e9nement.<br \/>\nMais pour la Vierge Marie quelque chose de compl\u00e8tement diff\u00e9rent est arriv\u00e9. Elle a \u00e9t\u00e9 enlev\u00e9e au Ciel <strong>non seulement en tant qu\u2019\u00e2me, mais \u00e9galement avec son corps<\/strong>. Exactement comme pour J\u00e9sus, son fils, qui, avec l\u2019<strong>Ascension<\/strong>, rejoignit Son P\u00e8re C\u00e9leste avec son corps et son esprit, ainsi Marie eut le privil\u00e8ge, seule parmi hommes et femmes, d\u2019acc\u00e9der au Paradis sans abandonner sa d\u00e9pouille mortelle. Et c\u2019est ainsi qu\u2019elle nous attend dans la Royaume des Cieux, cette <strong>M\u00e8re tr\u00e8s douce<\/strong>, avec \u00e2me et corps tendus vers ses fils, pour les embrasser, les consoler, les envelopper comme seulement une maman sait le faire.<\/p>\n<p>Les raisons de l\u2019Assomption de la Vierge Marie \u00e2me et corps sont faciles \u00e0 d\u00e9duire. Elle ne fut pas uniquement la <strong>m\u00e8re de Dieu incarn\u00e9<\/strong>, choisie parmi toutes les femmes pour porter en son sein et dans son c\u0153ur le Sauveur. Mais bien avant l\u2019<a href=\"https:\/\/www.holyart.fr\/articles-religieux\/statues\/statues-en-resine-et-pvc\/assomption-marie-anges-statue-resine-18x12x6-cm\"><strong>Annonciation,<\/strong><\/a> Dieu l\u2019avait d\u00e9j\u00e0 choisie et pr\u00e9destin\u00e9e \u00e0 son destin, en la faisant <strong>na\u00eetre sans p\u00e9ch\u00e9<\/strong>, selon le dogme de l\u2019Immacul\u00e9e Conception, et, ensuite, en faisant en sorte qu\u2019elle con\u00e7oive J\u00e9sus en gardant sa virginit\u00e9, comme le rappelle le dogme de la <strong>virginit\u00e9 perp\u00e9tuelle de Marie<\/strong>.<\/p>\n<div class=\"link-product\">\n<div class=\"blocco-immagine\"><img loading=\"lazy\" decoding=\"async\" class=\"alignnone size-full wp-image-3292\" src=\"https:\/\/blog.holyart.it\/fr\/wp-content\/uploads\/sites\/14\/2021\/08\/assomption-marie.jpg\" alt=\"assomption marie\" width=\"100\" height=\"100\" data-kale-share-title=\"L\u2019Assomption de Marie et les c\u00e9l\u00e9brations les plus caract\u00e9ristiques\" data-kale-share-url=\"https:\/\/blog.holyart.it\/fr\/?p=3287\" \/><\/div>\n<div class=\"blocco-contenuto\">\n<div class=\"blocco-acquista\">Acheter sur Holyart:<\/div>\n<div class=\"blocco-titolo\"><a href=\"https:\/\/www.holyart.fr\/articles-religieux\/statues\/statues-en-resine-et-pvc\/assomption-marie-anges-statue-resine-18x12x6-cm\">Assomption Marie<\/a><\/div>\n<div class=\"blocco-descrizione\">Statue r\u00e9alis\u00e9e en r\u00e9sine<\/div>\n<\/div>\n<\/div>\n<p>L\u2019Assomption est donc une <strong>r\u00e9compense<\/strong> que Dieu a voulu conc\u00e9der \u00e0 Marie pour son sacrifice et pour sa d\u00e9votion. Mais il s\u2019agit \u00e9galement d\u2019une promesse de salut pour tous les hommes, puisque Marie fut la premi\u00e8re \u00e0 jouir de la <strong>r\u00e9surrection de la chair<\/strong>, promise \u00e0 tous les hommes quand la fin des temps arrivera.<\/p>\n<p>Mais voyons maintenant les principales <strong>traditions et c\u00e9l\u00e9brations<\/strong> li\u00e9es \u00e0 la comm\u00e9moration de l\u2019Assomption de Marie.<\/p>\n<h2>F\u00eates et c\u00e9l\u00e9brations pour l\u2019Assomption de Marie<\/h2>\n<p>L&rsquo;Assomption de Marie est une <strong>f\u00eate de pr\u00e9cepte<\/strong>, i.e. un jour o\u00f9 les fid\u00e8les sont tenus de suspendre toutes leurs activit\u00e9s habituelles, leur travail et leurs affaires, et de participer \u00e0 la Messe.<\/p>\n<p>En Italie, terre de grandioses f\u00eates patronales, dont les traditions se transmettent depuis des si\u00e8cles, des tr\u00e8s nombreuses c\u00e9l\u00e9brations sont d\u00e9di\u00e9es \u00e0 Notre-Dame de l\u2019Assomption.<\/p>\n<h3>La \u00ab\u00a0Processione dell&rsquo;Inchinata\u00a0\u00bb \u00e0 Tivoli<\/h3>\n<p>Chaque ann\u00e9e, \u00e0 <strong>Tivoli<\/strong>, entre le soir du 14 ao\u00fbt et le jour suivant, se d\u00e9roule la \u00ab\u00a0<strong>Processione dell\u2019Inchinata<\/strong>\u00a0\u00bb, en l\u2019honneur de l\u2019Assomption de la Vierge Marie. Il s\u2019agit d\u2019une f\u00eate tr\u00e8s ancienne, d\u00e9j\u00e0 c\u00e9l\u00e9br\u00e9e au haut Moyen \u00c2ge, et qui se r\u00e9f\u00e8re \u00e0 des processions pa\u00efennes pendant lesquelles les romains promenaient dans la ville les images de leur dieux (<em>th\u00e9ophories<\/em>). La Processione dell\u2019Inchinata remonte probablement au XIII si\u00e8cle et est li\u00e9e \u00e0 la pr\u00e9sence en ville d\u2019une communaut\u00e9 de franciscains qui habitaient \u00e0 Santa Maria Maggiore et qui dans les journ\u00e9es du 14 et 15 ao\u00fbt rendaient hommage \u00e0 l\u2019ic\u00f4ne de la <a href=\"https:\/\/www.holyart.fr\/articles-religieux\/tapisseries-religieuses\/tapisserie-notre-dame-des-graces-40x30-cm\"><strong>Sainte Marie des Gr\u00e2ces<\/strong><\/a> qui y est conserv\u00e9e.<\/p>\n<div class=\"link-product\">\n<div class=\"blocco-immagine\"><img loading=\"lazy\" decoding=\"async\" class=\"alignnone size-full wp-image-3293\" src=\"https:\/\/blog.holyart.it\/fr\/wp-content\/uploads\/sites\/14\/2021\/08\/tapisserie-notre-dame-des-graces.jpg\" alt=\"tapisserie notre dame des graces\" width=\"100\" height=\"100\" data-kale-share-title=\"L\u2019Assomption de Marie et les c\u00e9l\u00e9brations les plus caract\u00e9ristiques\" data-kale-share-url=\"https:\/\/blog.holyart.it\/fr\/?p=3287\" \/><\/div>\n<div class=\"blocco-contenuto\">\n<div class=\"blocco-acquista\">Acheter sur Holyart:<\/div>\n<div class=\"blocco-titolo\"><a href=\"https:\/\/www.holyart.fr\/articles-religieux\/tapisseries-religieuses\/tapisserie-notre-dame-des-graces-40x30-cm\">Tapisserie Notre-Dame des Gr\u00e2ces<\/a><\/div>\n<div class=\"blocco-descrizione\">Finie \u00e0 la main et confectionn\u00e9e en Italie<\/div>\n<\/div>\n<\/div>\n<p>\u00c0 l\u2019occasion de la Processione dell\u2019Inchinata, l\u2019image du <a href=\"https:\/\/www.holyart.fr\/articles-religieux\/icones-religieuses\/icones-en-argent-et-or\/icone-christ-pantocrator\"><strong>Tr\u00e8s-Saint Sauveur<\/strong><\/a> conserv\u00e9e dans la Cath\u00e9drale est port\u00e9e en procession dans les rues de la ville. Une fois atteint le Pont Gr\u00e9gorien, un pr\u00eatre b\u00e9nit la rivi\u00e8re Aniene et jette dans ses eaux une bougie repr\u00e9sentant la foi en Dieu. Une autre \u00e9tape pr\u00e9voit que le prieur de la Confr\u00e9rie du Sauveur s\u2019arr\u00eate embrasser le seuil de l\u2019h\u00f4pital. Quand l\u2019image du Sauveur arrive sur Place Trento, elle s\u2019unit \u00e0 celle de Sainte Marie des Gr\u00e2ces. Les deux images sont alors solennellement port\u00e9 \u00e0 l\u2019int\u00e9rieur de l\u2019\u00e9glise de Santa Maria Maggiore et plac\u00e9es une face \u00e0 l\u2019autre, afin qu\u2019elles puissent \u00ab\u00a0se parler\u00a0\u00bb toute la nuit. Le matin suivant, jour de l\u2019Assomption, les deux images sont de nouveau sorties et s\u00e9par\u00e9es. Le Sauveur est ramen\u00e9 dans la Cath\u00e9drale avec une nouvelle procession \u00e0 laquelle prennent part toutes les Confr\u00e9ries citoyennes et les repr\u00e9sentants des Arts et des M\u00e9tiers.<\/p>\n<h3>La Vara de Randazzo<\/h3>\n<p>\u00c0 <strong>Randazzo<\/strong>, petite commune en province de Syracuse, les festivit\u00e9s pour l\u2019Assomption de Marie commencent \u00e0 minuit le 15 ao\u00fbt, quand d\u00e9bute la \u00ab\u00a0<strong>Processione della Vara<\/strong>\u00a0\u00bb. La Vara est un ancien et grand char votif all\u00e9gorique du XVI si\u00e8cle. Avec sa hauteur d\u2019environ 15 m\u00e8tres, il est compos\u00e9 de plusieurs \u00e9tages superpos\u00e9s qui tournent autour d\u2019un axe central. Chaque \u00e9tage correspond \u00e0 un <a href=\"https:\/\/www.holyart.fr\/articles-religieux\/icones-religieuses\/icones-grecques\/icone-mystere-du-rosaire-30x40-cm\"><strong>myst\u00e8re marial<\/strong><\/a>, c\u2019est-\u00e0-dire \u00e0 la mort, l\u2019Assomption et au couronnement de Marie, repr\u00e9sent\u00e9s sur un tableau r\u00e9alis\u00e9 en 1548 par Giovanni Caniglia et conserv\u00e9 dans la Chapelle du Tr\u00e8s Saint Crucifix dans l\u2019\u00e9glise de Sainte Marie.<\/p>\n<div class=\"link-product\">\n<div class=\"blocco-immagine\"><img loading=\"lazy\" decoding=\"async\" class=\"alignnone size-full wp-image-3294\" src=\"https:\/\/blog.holyart.it\/fr\/wp-content\/uploads\/sites\/14\/2021\/08\/icone-mystere-du-rosaire.jpg\" alt=\"icone mystere du rosaire\" width=\"100\" height=\"100\" data-kale-share-title=\"L\u2019Assomption de Marie et les c\u00e9l\u00e9brations les plus caract\u00e9ristiques\" data-kale-share-url=\"https:\/\/blog.holyart.it\/fr\/?p=3287\" \/><\/div>\n<div class=\"blocco-contenuto\">\n<div class=\"blocco-acquista\">Acheter sur Holyart:<\/div>\n<div class=\"blocco-titolo\"><a href=\"https:\/\/www.holyart.fr\/articles-religieux\/icones-religieuses\/icones-grecques\/icone-mystere-du-rosaire-30x40-cm\">Ic\u00f4ne Myst\u00e8re du Rosaire<\/a><\/div>\n<div class=\"blocco-descrizione\">Ic\u00f4ne grecque s\u00e9rigraphi\u00e9e<\/div>\n<\/div>\n<\/div>\n<p>Une trentaine d\u2019enfants montent sur la Vara, symbolisant les diff\u00e9rents myst\u00e8res, et chantent des hymnes d\u00e9di\u00e9s \u00e0 la Vierge, tandis que les fid\u00e8les transportent le grand char en procession dans la ville. La Processione della Vara nait au XVI si\u00e8cle, quand le roi Jean d\u2019Aragon introduit la \u00ab\u00a0Fiera Franca\u00a0\u00bb qui se tenait pendant neuf jours \u00e0 cheval du 15 ao\u00fbt et comprenait \u00e9galement un grand palio.<\/p>\n<p>\u00c0 <strong>Messine<\/strong> aussi une Vara de 13 m\u00e8tres est transport\u00e9e par les rues de la ville par 1500 hommes d\u00e9chauss\u00e9s et habill\u00e9s en blanc.<\/p>\n<h3>F\u00eates pour l&rsquo;Assomption de Marie en Sardaigne<\/h3>\n<p>\u00c0 <strong>Siniscola<\/strong>, en Sardaigne, la <strong>Procession pour l&rsquo;Assomption de Marie <\/strong>a lieu dans la mer. Pendant que dans toutes les paroisses on c\u00e9l\u00e8bre Marie \u00e9lev\u00e9e au Ciel, la statue de la Sainte Vierge est amen\u00e9e de l\u2019\u00e9glise principale jusqu\u2019\u00e0 la plage appel\u00e9e La Caletta et est charg\u00e9e sur une embarcation \u00e0 la t\u00eate d\u2019une procession maritime. \u00c0 la procession en mer vient s\u2019en ajouter une par les rues de la ville. Une statue de la Vierge est promen\u00e9e et ensuite plac\u00e9e dans une majestueuse structure en bois, o\u00f9 elle est honor\u00e9e par les fid\u00e8les avec des fleurs et des offrandes.<\/p>\n<p>\u00c0 <strong>Sassari,<\/strong> le 14 ao\u00fbt, on c\u00e9l\u00e8bre la Tr\u00e8s Sainte Marie \u00e9lev\u00e9e au Ciel. Cette f\u00eate a \u00e9t\u00e9 d\u00e9clar\u00e9e <strong>Patrimoine Immat\u00e9riel de l\u2019Humanit\u00e9 par l\u2019Unesco<\/strong> en 2013 et r\u00e9pond au nom suggestif de <strong>Faradda di li candareri<\/strong> ou <strong>Faradda<\/strong>, <em>Descente des chandeliers.<\/em><\/p>\n<p><img loading=\"lazy\" decoding=\"async\" class=\"aligncenter size-full wp-image-3295\" src=\"https:\/\/blog.holyart.it\/fr\/wp-content\/uploads\/sites\/14\/2021\/08\/Fradda.jpg\" alt=\"Fradda\" width=\"718\" height=\"445\" data-kale-share-title=\"L\u2019Assomption de Marie et les c\u00e9l\u00e9brations les plus caract\u00e9ristiques\" data-kale-share-url=\"https:\/\/blog.holyart.it\/fr\/?p=3287\" \/><\/p>\n<p>Le soir du 14 ao\u00fbt, les repr\u00e9sentants des diff\u00e9rentes guildes parcourent la ville en transportant sur leurs \u00e9paules les <strong>chandeliers<\/strong>, i.e. des grandes colonnes en bois symbolisant des cierges. Le f\u00eate attire des milliers de personnes de chaque partie du monde et est une des plus importantes parmi celles des grandes machines \u00e0 \u00e9paules (pasos). Le mouvement des porteurs fait tourner les cierges, comme dans une danse, en impliquant aussi tous les autres participants \u00e0 la procession, qui attrapent les longs rubans qui pendent des structures.<\/p>\n<h3>Procession de Sora<\/h3>\n<p>\u00c0 <strong>Sora <\/strong>aussi, dans le Latium, il y a des Porteurs, environ soixante, qui, avec leur uniforme blanc et bleu ciel, parcourent la ville en emmenant une colonne en m\u00e9tal d\u2019environ 16 m\u00e8tres, au sommet de laquelle est plac\u00e9e la statue de la Vierge. La base de la structure est d\u00e9cor\u00e9e de roses bleues b\u00e9nites pour l\u2019occasion.<br \/>\nDans l\u2019\u00e9glise de San Domenico Abate, diff\u00e9rents rites sont c\u00e9l\u00e9br\u00e9s, parmi lesquels une procession vesp\u00e9rale de la statue de la <strong>Vierge endormie<\/strong>, allong\u00e9e sur un palanquin. Les festivit\u00e9s continuent jusqu\u2019\u00e0 la f\u00eate de Saint Dominique (21 et 22 ao\u00fbt).<\/p>\n<h3>Procession maritime \u00e0 Santa Maria di Leuca<\/h3>\n<p>\u00c0 <strong>Santa Maria di Leuca<\/strong>, en province de Lecce, le 15 ao\u00fbt a lieu une solennelle procession \u00e0 travers les rues de la ville. La <a href=\"https:\/\/www.holyart.fr\/articles-religieux\/statues\/statues-en-marbre-reconstitue\/bienheureuse-vierge-de-lassomption-marbre-blanc-35-55-cm\"><strong>statue de l\u2019Assomption<\/strong><\/a> est emmen\u00e9e en procession jusqu\u2019au port, o\u00f9 elle est embarqu\u00e9e sur une barque de p\u00eacheurs tir\u00e9e au sort et d\u00e9cor\u00e9e pour l\u2019occasion.<\/p>\n<div class=\"link-product\">\n<div class=\"blocco-immagine\"><img loading=\"lazy\" decoding=\"async\" class=\"alignnone size-full wp-image-3296\" src=\"https:\/\/blog.holyart.it\/fr\/wp-content\/uploads\/sites\/14\/2021\/08\/bienheureuse-vierge-de-lassomption.jpg\" alt=\"bienheureuse vierge de lassomption\" width=\"100\" height=\"100\" data-kale-share-title=\"L\u2019Assomption de Marie et les c\u00e9l\u00e9brations les plus caract\u00e9ristiques\" data-kale-share-url=\"https:\/\/blog.holyart.it\/fr\/?p=3287\" \/><\/div>\n<div class=\"blocco-contenuto\">\n<div class=\"blocco-acquista\">Acheter sur Holyart:<\/div>\n<div class=\"blocco-titolo\"><a href=\"https:\/\/www.holyart.fr\/articles-religieux\/statues\/statues-en-marbre-reconstitue\/bienheureuse-vierge-de-lassomption-marbre-blanc-35-55-cm\">Bienheureuse Vierge de l&rsquo;Assomption<\/a><\/div>\n<div class=\"blocco-descrizione\">Statue en marbre<\/div>\n<\/div>\n<\/div>\n<p>La procession continue en mer avec tous les bateaux de p\u00eacheurs et embarcations en tout genre. Une fois atteint le port de plaisance de San Gregorio, on retourne \u00e0 Leuca pour remettre la statue \u00e0 sa place. La f\u00eate continue jusque tard au soir et \u00e0 minuit le ciel est \u00e9clair\u00e9 par des feux d\u2019artifice.<\/p>\n<h2>Madonnina del Mare et feux d\u2019artifice du 15 ao\u00fbt<\/h2>\n<p>\u00c0 <strong>Silvi <\/strong>\u00e9galement, en province de Teramo, l&rsquo;Assomption est c\u00e9l\u00e9br\u00e9e avec une procession de bateaux en mer. La <strong>Madonnina del mare <\/strong>est sortie de l\u2019\u00e9glise de l\u2019Assomption, charg\u00e9e sur un patrouilleur de la Garde C\u00f4ti\u00e8re et ensuite sur un bateau de p\u00eache. La procession d\u2019embarcations se d\u00e9roule le long du littoral de la Torre di Cerrano jusqu\u2019\u00e0 l\u2019embouchure de la rivi\u00e8re Piomba. \u00c0 minuit, les feux d\u2019artifices attirent des milliers de gens.<\/p>\n<p>En province de Livourne, \u00e0 <strong>Marina di Cecina<\/strong>, la statue de la Vierge \u00e0 l\u2019Enfant, conserv\u00e9e dans l\u2019\u00c9glise de Sant\u2019Andrea est emmen\u00e9e en mer en pr\u00e9sence de l\u2019\u00c9v\u00eaque de Volterra avec un procession sur la terre ferme qui devient ensuite procession en mer.<\/p>\n","protected":false},"excerpt":{"rendered":"<p>Le 15 ao\u00fbt n\u2019est pas qu\u2019une occasion de f\u00eater et voyager. On rappelle en effet l\u2019Assomption de Marie au ciel. D\u00e9couvrons les c\u00e9l\u00e9brations les plus suggestives avec lesquelles nous f\u00eatons cette anniversaire. Dans un article d\u2019il y a quelques temps, nous avions d\u00e9j\u00e0 amplement parl\u00e9&hellip;<\/p>\n","protected":false},"author":1,"featured_media":3288,"comment_status":"closed","ping_status":"open","sticky":false,"template":"","format":"standard","meta":{"_acf_changed":false,"footnotes":""},"categories":[12],"tags":[],"class_list":["post-3287","post","type-post","status-publish","format-standard","has-post-thumbnail","hentry","category-occasions-speciales"],"acf":[],"yoast_head":"<!-- This site is optimized with the Yoast SEO plugin v26.6 - https:\/\/yoast.com\/wordpress\/plugins\/seo\/ -->\n<title>L&#039;Assomption de Marie et les c\u00e9l\u00e9brations les plus caract\u00e9ristiques<\/title>\n<meta name=\"description\" content=\"On rappelle en effet l\u2019Assomption de Marie au ciel. D\u00e9couvrons les c\u00e9l\u00e9brations les plus suggestives avec lesquelles nous f\u00eatons cette anniversaire.\" \/>\n<meta name=\"robots\" content=\"index, follow, max-snippet:-1, max-image-preview:large, max-video-preview:-1\" \/>\n<link rel=\"canonical\" href=\"https:\/\/blog.holyart.it\/fr\/occasions-speciales\/lassomption-de-marie-et-les-celebrations-les-plus-caracteristiques\/\" \/>\n<meta property=\"og:locale\" content=\"fr_FR\" \/>\n<meta property=\"og:type\" content=\"article\" \/>\n<meta property=\"og:title\" content=\"L&#039;Assomption de Marie et les c\u00e9l\u00e9brations les plus caract\u00e9ristiques\" \/>\n<meta property=\"og:description\" content=\"On rappelle en effet l\u2019Assomption de Marie au ciel. D\u00e9couvrons les c\u00e9l\u00e9brations les plus suggestives avec lesquelles nous f\u00eatons cette anniversaire.\" \/>\n<meta property=\"og:url\" content=\"https:\/\/blog.holyart.it\/fr\/occasions-speciales\/lassomption-de-marie-et-les-celebrations-les-plus-caracteristiques\/\" \/>\n<meta property=\"og:site_name\" content=\"Holyart.fr Blog\" \/>\n<meta property=\"article:published_time\" content=\"2021-08-05T05:54:57+00:00\" \/>\n<meta property=\"article:modified_time\" content=\"2024-07-18T12:59:31+00:00\" \/>\n<meta property=\"og:image\" content=\"https:\/\/blog.holyart.it\/fr\/wp-content\/uploads\/sites\/14\/2021\/08\/Assomption-de-la-vierge-marie.jpg\" \/>\n\t<meta property=\"og:image:width\" content=\"1000\" \/>\n\t<meta property=\"og:image:height\" content=\"666\" \/>\n\t<meta property=\"og:image:type\" content=\"image\/jpeg\" \/>\n<meta name=\"author\" content=\"Redazione\" \/>\n<meta name=\"twitter:card\" content=\"summary_large_image\" \/>\n<meta name=\"twitter:label1\" content=\"\u00c9crit par\" \/>\n\t<meta name=\"twitter:data1\" content=\"Redazione\" \/>\n\t<meta name=\"twitter:label2\" content=\"Dur\u00e9e de lecture estim\u00e9e\" \/>\n\t<meta name=\"twitter:data2\" content=\"10 minutes\" \/>\n<script type=\"application\/ld+json\" class=\"yoast-schema-graph\">{\"@context\":\"https:\/\/schema.org\",\"@graph\":[{\"@type\":\"Article\",\"@id\":\"https:\/\/blog.holyart.it\/fr\/occasions-speciales\/lassomption-de-marie-et-les-celebrations-les-plus-caracteristiques\/#article\",\"isPartOf\":{\"@id\":\"https:\/\/blog.holyart.it\/fr\/occasions-speciales\/lassomption-de-marie-et-les-celebrations-les-plus-caracteristiques\/\"},\"author\":{\"name\":\"Redazione\",\"@id\":\"https:\/\/blog.holyart.it\/fr\/#\/schema\/person\/0a7b686e5af0f856ec1e390dd0baecda\"},\"headline\":\"L&rsquo;Assomption de Marie et les c\u00e9l\u00e9brations les plus caract\u00e9ristiques\",\"datePublished\":\"2021-08-05T05:54:57+00:00\",\"dateModified\":\"2024-07-18T12:59:31+00:00\",\"mainEntityOfPage\":{\"@id\":\"https:\/\/blog.holyart.it\/fr\/occasions-speciales\/lassomption-de-marie-et-les-celebrations-les-plus-caracteristiques\/\"},\"wordCount\":1910,\"publisher\":{\"@id\":\"https:\/\/blog.holyart.it\/fr\/#organization\"},\"image\":{\"@id\":\"https:\/\/blog.holyart.it\/fr\/occasions-speciales\/lassomption-de-marie-et-les-celebrations-les-plus-caracteristiques\/#primaryimage\"},\"thumbnailUrl\":\"https:\/\/blog.holyart.it\/fr\/wp-content\/uploads\/sites\/14\/2021\/08\/Assomption-de-la-vierge-marie.jpg\",\"articleSection\":[\"Occasions sp\u00e9ciales\"],\"inLanguage\":\"fr-FR\"},{\"@type\":\"WebPage\",\"@id\":\"https:\/\/blog.holyart.it\/fr\/occasions-speciales\/lassomption-de-marie-et-les-celebrations-les-plus-caracteristiques\/\",\"url\":\"https:\/\/blog.holyart.it\/fr\/occasions-speciales\/lassomption-de-marie-et-les-celebrations-les-plus-caracteristiques\/\",\"name\":\"L'Assomption de Marie et les c\u00e9l\u00e9brations les plus caract\u00e9ristiques\",\"isPartOf\":{\"@id\":\"https:\/\/blog.holyart.it\/fr\/#website\"},\"primaryImageOfPage\":{\"@id\":\"https:\/\/blog.holyart.it\/fr\/occasions-speciales\/lassomption-de-marie-et-les-celebrations-les-plus-caracteristiques\/#primaryimage\"},\"image\":{\"@id\":\"https:\/\/blog.holyart.it\/fr\/occasions-speciales\/lassomption-de-marie-et-les-celebrations-les-plus-caracteristiques\/#primaryimage\"},\"thumbnailUrl\":\"https:\/\/blog.holyart.it\/fr\/wp-content\/uploads\/sites\/14\/2021\/08\/Assomption-de-la-vierge-marie.jpg\",\"datePublished\":\"2021-08-05T05:54:57+00:00\",\"dateModified\":\"2024-07-18T12:59:31+00:00\",\"description\":\"On rappelle en effet l\u2019Assomption de Marie au ciel. D\u00e9couvrons les c\u00e9l\u00e9brations les plus suggestives avec lesquelles nous f\u00eatons cette anniversaire.\",\"breadcrumb\":{\"@id\":\"https:\/\/blog.holyart.it\/fr\/occasions-speciales\/lassomption-de-marie-et-les-celebrations-les-plus-caracteristiques\/#breadcrumb\"},\"inLanguage\":\"fr-FR\",\"potentialAction\":[{\"@type\":\"ReadAction\",\"target\":[\"https:\/\/blog.holyart.it\/fr\/occasions-speciales\/lassomption-de-marie-et-les-celebrations-les-plus-caracteristiques\/\"]}]},{\"@type\":\"ImageObject\",\"inLanguage\":\"fr-FR\",\"@id\":\"https:\/\/blog.holyart.it\/fr\/occasions-speciales\/lassomption-de-marie-et-les-celebrations-les-plus-caracteristiques\/#primaryimage\",\"url\":\"https:\/\/blog.holyart.it\/fr\/wp-content\/uploads\/sites\/14\/2021\/08\/Assomption-de-la-vierge-marie.jpg\",\"contentUrl\":\"https:\/\/blog.holyart.it\/fr\/wp-content\/uploads\/sites\/14\/2021\/08\/Assomption-de-la-vierge-marie.jpg\",\"width\":1000,\"height\":666,\"caption\":\"Assomption de la vierge marie\"},{\"@type\":\"BreadcrumbList\",\"@id\":\"https:\/\/blog.holyart.it\/fr\/occasions-speciales\/lassomption-de-marie-et-les-celebrations-les-plus-caracteristiques\/#breadcrumb\",\"itemListElement\":[{\"@type\":\"ListItem\",\"position\":1,\"name\":\"Homepage\",\"item\":\"https:\/\/blog.holyart.it\/fr\/\"},{\"@type\":\"ListItem\",\"position\":2,\"name\":\"Occasions sp\u00e9ciales\",\"item\":\"https:\/\/blog.holyart.it\/fr\/occasions-speciales\/\"},{\"@type\":\"ListItem\",\"position\":3,\"name\":\"L&#8217;Assomption de Marie et les c\u00e9l\u00e9brations les plus caract\u00e9ristiques\"}]},{\"@type\":\"WebSite\",\"@id\":\"https:\/\/blog.holyart.it\/fr\/#website\",\"url\":\"https:\/\/blog.holyart.it\/fr\/\",\"name\":\"Holyart.fr Blog\",\"description\":\"Holyblog\",\"publisher\":{\"@id\":\"https:\/\/blog.holyart.it\/fr\/#organization\"},\"potentialAction\":[{\"@type\":\"SearchAction\",\"target\":{\"@type\":\"EntryPoint\",\"urlTemplate\":\"https:\/\/blog.holyart.it\/fr\/?s={search_term_string}\"},\"query-input\":{\"@type\":\"PropertyValueSpecification\",\"valueRequired\":true,\"valueName\":\"search_term_string\"}}],\"inLanguage\":\"fr-FR\"},{\"@type\":\"Organization\",\"@id\":\"https:\/\/blog.holyart.it\/fr\/#organization\",\"name\":\"Holyart.fr Blog\",\"url\":\"https:\/\/blog.holyart.it\/fr\/\",\"logo\":{\"@type\":\"ImageObject\",\"inLanguage\":\"fr-FR\",\"@id\":\"https:\/\/blog.holyart.it\/fr\/#\/schema\/logo\/image\/\",\"url\":\"https:\/\/blog.holyart.it\/fr\/wp-content\/uploads\/sites\/14\/2022\/12\/Holyart_Blog_Logo.jpg\",\"contentUrl\":\"https:\/\/blog.holyart.it\/fr\/wp-content\/uploads\/sites\/14\/2022\/12\/Holyart_Blog_Logo.jpg\",\"width\":300,\"height\":50,\"caption\":\"Holyart.fr Blog\"},\"image\":{\"@id\":\"https:\/\/blog.holyart.it\/fr\/#\/schema\/logo\/image\/\"}},{\"@type\":\"Person\",\"@id\":\"https:\/\/blog.holyart.it\/fr\/#\/schema\/person\/0a7b686e5af0f856ec1e390dd0baecda\",\"name\":\"Redazione\",\"image\":{\"@type\":\"ImageObject\",\"inLanguage\":\"fr-FR\",\"@id\":\"https:\/\/blog.holyart.it\/fr\/#\/schema\/person\/image\/\",\"url\":\"https:\/\/secure.gravatar.com\/avatar\/f477da817f43e50d0af36abecd33e3edf826c68299714bdc1057dff3b113f516?s=96&d=mm&r=g\",\"contentUrl\":\"https:\/\/secure.gravatar.com\/avatar\/f477da817f43e50d0af36abecd33e3edf826c68299714bdc1057dff3b113f516?s=96&d=mm&r=g\",\"caption\":\"Redazione\"},\"url\":\"https:\/\/blog.holyart.it\/fr\/author\/admin\/\"}]}<\/script>\n<!-- \/ Yoast SEO plugin. -->","yoast_head_json":{"title":"L'Assomption de Marie et les c\u00e9l\u00e9brations les plus caract\u00e9ristiques","description":"On rappelle en effet l\u2019Assomption de Marie au ciel. D\u00e9couvrons les c\u00e9l\u00e9brations les plus suggestives avec lesquelles nous f\u00eatons cette anniversaire.","robots":{"index":"index","follow":"follow","max-snippet":"max-snippet:-1","max-image-preview":"max-image-preview:large","max-video-preview":"max-video-preview:-1"},"canonical":"https:\/\/blog.holyart.it\/fr\/occasions-speciales\/lassomption-de-marie-et-les-celebrations-les-plus-caracteristiques\/","og_locale":"fr_FR","og_type":"article","og_title":"L'Assomption de Marie et les c\u00e9l\u00e9brations les plus caract\u00e9ristiques","og_description":"On rappelle en effet l\u2019Assomption de Marie au ciel. D\u00e9couvrons les c\u00e9l\u00e9brations les plus suggestives avec lesquelles nous f\u00eatons cette anniversaire.","og_url":"https:\/\/blog.holyart.it\/fr\/occasions-speciales\/lassomption-de-marie-et-les-celebrations-les-plus-caracteristiques\/","og_site_name":"Holyart.fr Blog","article_published_time":"2021-08-05T05:54:57+00:00","article_modified_time":"2024-07-18T12:59:31+00:00","og_image":[{"width":1000,"height":666,"url":"https:\/\/blog.holyart.it\/fr\/wp-content\/uploads\/sites\/14\/2021\/08\/Assomption-de-la-vierge-marie.jpg","type":"image\/jpeg"}],"author":"Redazione","twitter_card":"summary_large_image","twitter_misc":{"\u00c9crit par":"Redazione","Dur\u00e9e de lecture estim\u00e9e":"10 minutes"},"schema":{"@context":"https:\/\/schema.org","@graph":[{"@type":"Article","@id":"https:\/\/blog.holyart.it\/fr\/occasions-speciales\/lassomption-de-marie-et-les-celebrations-les-plus-caracteristiques\/#article","isPartOf":{"@id":"https:\/\/blog.holyart.it\/fr\/occasions-speciales\/lassomption-de-marie-et-les-celebrations-les-plus-caracteristiques\/"},"author":{"name":"Redazione","@id":"https:\/\/blog.holyart.it\/fr\/#\/schema\/person\/0a7b686e5af0f856ec1e390dd0baecda"},"headline":"L&rsquo;Assomption de Marie et les c\u00e9l\u00e9brations les plus caract\u00e9ristiques","datePublished":"2021-08-05T05:54:57+00:00","dateModified":"2024-07-18T12:59:31+00:00","mainEntityOfPage":{"@id":"https:\/\/blog.holyart.it\/fr\/occasions-speciales\/lassomption-de-marie-et-les-celebrations-les-plus-caracteristiques\/"},"wordCount":1910,"publisher":{"@id":"https:\/\/blog.holyart.it\/fr\/#organization"},"image":{"@id":"https:\/\/blog.holyart.it\/fr\/occasions-speciales\/lassomption-de-marie-et-les-celebrations-les-plus-caracteristiques\/#primaryimage"},"thumbnailUrl":"https:\/\/blog.holyart.it\/fr\/wp-content\/uploads\/sites\/14\/2021\/08\/Assomption-de-la-vierge-marie.jpg","articleSection":["Occasions sp\u00e9ciales"],"inLanguage":"fr-FR"},{"@type":"WebPage","@id":"https:\/\/blog.holyart.it\/fr\/occasions-speciales\/lassomption-de-marie-et-les-celebrations-les-plus-caracteristiques\/","url":"https:\/\/blog.holyart.it\/fr\/occasions-speciales\/lassomption-de-marie-et-les-celebrations-les-plus-caracteristiques\/","name":"L'Assomption de Marie et les c\u00e9l\u00e9brations les plus caract\u00e9ristiques","isPartOf":{"@id":"https:\/\/blog.holyart.it\/fr\/#website"},"primaryImageOfPage":{"@id":"https:\/\/blog.holyart.it\/fr\/occasions-speciales\/lassomption-de-marie-et-les-celebrations-les-plus-caracteristiques\/#primaryimage"},"image":{"@id":"https:\/\/blog.holyart.it\/fr\/occasions-speciales\/lassomption-de-marie-et-les-celebrations-les-plus-caracteristiques\/#primaryimage"},"thumbnailUrl":"https:\/\/blog.holyart.it\/fr\/wp-content\/uploads\/sites\/14\/2021\/08\/Assomption-de-la-vierge-marie.jpg","datePublished":"2021-08-05T05:54:57+00:00","dateModified":"2024-07-18T12:59:31+00:00","description":"On rappelle en effet l\u2019Assomption de Marie au ciel. D\u00e9couvrons les c\u00e9l\u00e9brations les plus suggestives avec lesquelles nous f\u00eatons cette anniversaire.","breadcrumb":{"@id":"https:\/\/blog.holyart.it\/fr\/occasions-speciales\/lassomption-de-marie-et-les-celebrations-les-plus-caracteristiques\/#breadcrumb"},"inLanguage":"fr-FR","potentialAction":[{"@type":"ReadAction","target":["https:\/\/blog.holyart.it\/fr\/occasions-speciales\/lassomption-de-marie-et-les-celebrations-les-plus-caracteristiques\/"]}]},{"@type":"ImageObject","inLanguage":"fr-FR","@id":"https:\/\/blog.holyart.it\/fr\/occasions-speciales\/lassomption-de-marie-et-les-celebrations-les-plus-caracteristiques\/#primaryimage","url":"https:\/\/blog.holyart.it\/fr\/wp-content\/uploads\/sites\/14\/2021\/08\/Assomption-de-la-vierge-marie.jpg","contentUrl":"https:\/\/blog.holyart.it\/fr\/wp-content\/uploads\/sites\/14\/2021\/08\/Assomption-de-la-vierge-marie.jpg","width":1000,"height":666,"caption":"Assomption de la vierge marie"},{"@type":"BreadcrumbList","@id":"https:\/\/blog.holyart.it\/fr\/occasions-speciales\/lassomption-de-marie-et-les-celebrations-les-plus-caracteristiques\/#breadcrumb","itemListElement":[{"@type":"ListItem","position":1,"name":"Homepage","item":"https:\/\/blog.holyart.it\/fr\/"},{"@type":"ListItem","position":2,"name":"Occasions sp\u00e9ciales","item":"https:\/\/blog.holyart.it\/fr\/occasions-speciales\/"},{"@type":"ListItem","position":3,"name":"L&#8217;Assomption de Marie et les c\u00e9l\u00e9brations les plus caract\u00e9ristiques"}]},{"@type":"WebSite","@id":"https:\/\/blog.holyart.it\/fr\/#website","url":"https:\/\/blog.holyart.it\/fr\/","name":"Holyart.fr Blog","description":"Holyblog","publisher":{"@id":"https:\/\/blog.holyart.it\/fr\/#organization"},"potentialAction":[{"@type":"SearchAction","target":{"@type":"EntryPoint","urlTemplate":"https:\/\/blog.holyart.it\/fr\/?s={search_term_string}"},"query-input":{"@type":"PropertyValueSpecification","valueRequired":true,"valueName":"search_term_string"}}],"inLanguage":"fr-FR"},{"@type":"Organization","@id":"https:\/\/blog.holyart.it\/fr\/#organization","name":"Holyart.fr Blog","url":"https:\/\/blog.holyart.it\/fr\/","logo":{"@type":"ImageObject","inLanguage":"fr-FR","@id":"https:\/\/blog.holyart.it\/fr\/#\/schema\/logo\/image\/","url":"https:\/\/blog.holyart.it\/fr\/wp-content\/uploads\/sites\/14\/2022\/12\/Holyart_Blog_Logo.jpg","contentUrl":"https:\/\/blog.holyart.it\/fr\/wp-content\/uploads\/sites\/14\/2022\/12\/Holyart_Blog_Logo.jpg","width":300,"height":50,"caption":"Holyart.fr Blog"},"image":{"@id":"https:\/\/blog.holyart.it\/fr\/#\/schema\/logo\/image\/"}},{"@type":"Person","@id":"https:\/\/blog.holyart.it\/fr\/#\/schema\/person\/0a7b686e5af0f856ec1e390dd0baecda","name":"Redazione","image":{"@type":"ImageObject","inLanguage":"fr-FR","@id":"https:\/\/blog.holyart.it\/fr\/#\/schema\/person\/image\/","url":"https:\/\/secure.gravatar.com\/avatar\/f477da817f43e50d0af36abecd33e3edf826c68299714bdc1057dff3b113f516?s=96&d=mm&r=g","contentUrl":"https:\/\/secure.gravatar.com\/avatar\/f477da817f43e50d0af36abecd33e3edf826c68299714bdc1057dff3b113f516?s=96&d=mm&r=g","caption":"Redazione"},"url":"https:\/\/blog.holyart.it\/fr\/author\/admin\/"}]}},"_links":{"self":[{"href":"https:\/\/blog.holyart.it\/fr\/wp-json\/wp\/v2\/posts\/3287","targetHints":{"allow":["GET"]}}],"collection":[{"href":"https:\/\/blog.holyart.it\/fr\/wp-json\/wp\/v2\/posts"}],"about":[{"href":"https:\/\/blog.holyart.it\/fr\/wp-json\/wp\/v2\/types\/post"}],"author":[{"embeddable":true,"href":"https:\/\/blog.holyart.it\/fr\/wp-json\/wp\/v2\/users\/1"}],"replies":[{"embeddable":true,"href":"https:\/\/blog.holyart.it\/fr\/wp-json\/wp\/v2\/comments?post=3287"}],"version-history":[{"count":1,"href":"https:\/\/blog.holyart.it\/fr\/wp-json\/wp\/v2\/posts\/3287\/revisions"}],"predecessor-version":[{"id":6765,"href":"https:\/\/blog.holyart.it\/fr\/wp-json\/wp\/v2\/posts\/3287\/revisions\/6765"}],"wp:featuredmedia":[{"embeddable":true,"href":"https:\/\/blog.holyart.it\/fr\/wp-json\/wp\/v2\/media\/3288"}],"wp:attachment":[{"href":"https:\/\/blog.holyart.it\/fr\/wp-json\/wp\/v2\/media?parent=3287"}],"wp:term":[{"taxonomy":"category","embeddable":true,"href":"https:\/\/blog.holyart.it\/fr\/wp-json\/wp\/v2\/categories?post=3287"},{"taxonomy":"post_tag","embeddable":true,"href":"https:\/\/blog.holyart.it\/fr\/wp-json\/wp\/v2\/tags?post=3287"}],"curies":[{"name":"wp","href":"https:\/\/api.w.org\/{rel}","templated":true}]}}