{"id":328,"date":"2018-03-21T17:06:30","date_gmt":"2018-03-21T16:06:30","guid":{"rendered":"https:\/\/blog.holyart.it\/fr\/?p=328"},"modified":"2018-05-03T16:00:07","modified_gmt":"2018-05-03T14:00:07","slug":"lutilisation-encens-liturgie","status":"publish","type":"post","link":"https:\/\/blog.holyart.it\/fr\/accessoires-pour-la-liturgie\/lutilisation-encens-liturgie\/","title":{"rendered":"L\u2019utilisation des encens dans la liturgie"},"content":{"rendered":"<p>Le parfum d\u2019<span style=\"color: #0000ff;\"><strong><a style=\"color: #0000ff;\" href=\"https:\/\/www.holyart.fr\/produits-de-consommation\/encens\">encens<\/a><\/strong><\/span> est li\u00e9 depuis toujours au domaine de la spiritualit\u00e9 et du rite, non seulement dans la religion chr\u00e9tienne catholique, mais dans toutes les religions. L\u2019acte de br\u00fbler l\u2019encens, un mat\u00e9riel pr\u00e9cieux, r\u00e9serv\u00e9 aux autels des dieux, aux banquets des Rois, est consid\u00e9r\u00e9 comme un acte de d\u00e9votion, un sacrifice aux dieux et aux empereurs, \u00e9missaires des dieux sur terre.<\/p>\n<p>Un acte pa\u00efen donc, m\u00eame si dans la Bible les r\u00e9f\u00e9rences y sont nombreuses\u00a0; et c\u2019est exactement ce grand usage de l\u2019encens et des <span style=\"color: #0000ff;\"><strong><a style=\"color: #0000ff;\" href=\"https:\/\/www.holyart.fr\/articles-religieux\/brule-encens\">br\u00fble-encens<\/a><\/strong><\/span> de la part des adorateurs des dieux pa\u00efens qui en rendit cette pratique mal vue par les premiers chr\u00e9tiens, allant jusqu\u2019\u00e0 le consid\u00e9rer comme une forme d\u2019idol\u00e2trie. C\u2019est uniquement apr\u00e8s le d\u00e9cret de Constantin que l\u2019encens est \u00e0 nouveau br\u00fbl\u00e9 dans les braisiers en tant que <strong>signe de d\u00e9votion<\/strong>.<\/p>\n<p>Jusqu\u2019\u00e0 la r\u00e9forme liturgique d\u00e9but\u00e9e par le Concile Vatican II et achev\u00e9e par pape Paul VI, l\u2019encens est rest\u00e9 une chose marginale dans les c\u00e9l\u00e9brations. Les encensoirs \u00e9taient allum\u00e9s uniquement pendant la messe chant\u00e9e et la messe solennelle. Suite \u00e0 la r\u00e9forme, l\u2019utilisation de l\u2019encens a \u00e9t\u00e9 lib\u00e9ralis\u00e9, mais il a en fait disparu des \u00e9glises. Cela d\u00e9riverait d\u2019une traduction erron\u00e9e d\u2019un des principes du nouveau missel, dans lequel on affirme que l\u2019usage de l\u2019encens et des br\u00fble-encens pendant la c\u00e9l\u00e9bration est \u00ab\u00a0ad libitum\u00a0\u00bb, i.e. \u00ab\u00a0\u00e0 loisir, \u00e0 volont\u00e9\u00a0\u00bb. \u00c0 cette affirmation a \u00e9t\u00e9 donn\u00e9e un sens n\u00e9gatif, le rendant facultatif et donc \u00e9vitable, voir m\u00eame \u00e0 \u00e9viter.<\/p>\n<p>L\u2019usage de l\u2019encens et de l\u2019<span style=\"color: #0000ff;\"><strong><a style=\"color: #0000ff;\" href=\"https:\/\/www.holyart.fr\/accessoires-pour-la-liturgie\/encensoirs-et-navettes\">encensoir<\/a><\/strong><\/span> reste rel\u00e9gu\u00e9 donc aux fun\u00e9railles, ce qui ne manque d\u2019accro\u00eetre l\u2019image n\u00e9gative, li\u00e9e \u00e0 tort \u00e0 cet coutume. C\u2019est vraiment dommage, car il y a peu de choses pouvant exprimer la sacralit\u00e9 de mani\u00e8re toute aussi efficace que les volutes de fum\u00e9e bleut\u00e9e qui monte vers le ciel, comme une aspiration intime et sacr\u00e9e, un d\u00e9sir in\u00e9luctable et imparable de rejoindre Dieu. L\u2019utilisation des br\u00fble-encens, m\u00eame dans nos maisons, implique m\u00eame l\u2019odorat dans une exp\u00e9rience sensorielle qui parle directement \u00e0 l\u2019esprit, qui l\u2019\u00e9l\u00e8ve, qui le purifie et le lib\u00e8re de toute r\u00e9alit\u00e9 quotidienne.<\/p>\n","protected":false},"excerpt":{"rendered":"<p>Le parfum d\u2019encens est li\u00e9 depuis toujours au domaine de la spiritualit\u00e9 et du rite, non seulement dans la religion chr\u00e9tienne catholique, mais dans toutes les religions. L\u2019acte de br\u00fbler l\u2019encens, un mat\u00e9riel pr\u00e9cieux, r\u00e9serv\u00e9 aux autels des dieux, aux banquets des Rois, est consid\u00e9r\u00e9&hellip;<\/p>\n","protected":false},"author":1,"featured_media":329,"comment_status":"closed","ping_status":"open","sticky":false,"template":"","format":"standard","meta":{"_acf_changed":false,"footnotes":""},"categories":[4],"tags":[],"class_list":["post-328","post","type-post","status-publish","format-standard","has-post-thumbnail","hentry","category-accessoires-pour-la-liturgie"],"acf":[],"yoast_head":"<!-- This site is optimized with the Yoast SEO plugin v26.6 - https:\/\/yoast.com\/wordpress\/plugins\/seo\/ -->\n<title>L\u2019utilisation des encens dans la liturgie - Holyart.fr Blog<\/title>\n<meta name=\"description\" content=\"Le parfum d\u2019encens est li\u00e9 depuis toujours au domaine de la spiritualit\u00e9, non seulement dans la religion chr\u00e9tienne, mais dans toutes les religions.\" \/>\n<meta name=\"robots\" content=\"index, follow, max-snippet:-1, max-image-preview:large, max-video-preview:-1\" \/>\n<link rel=\"canonical\" href=\"https:\/\/blog.holyart.it\/fr\/accessoires-pour-la-liturgie\/lutilisation-encens-liturgie\/\" \/>\n<meta property=\"og:locale\" content=\"fr_FR\" \/>\n<meta property=\"og:type\" content=\"article\" \/>\n<meta property=\"og:title\" content=\"L\u2019utilisation des encens dans la liturgie - Holyart.fr Blog\" \/>\n<meta property=\"og:description\" content=\"Le parfum d\u2019encens est li\u00e9 depuis toujours au domaine de la spiritualit\u00e9, non seulement dans la religion chr\u00e9tienne, mais dans toutes les religions.\" \/>\n<meta property=\"og:url\" content=\"https:\/\/blog.holyart.it\/fr\/accessoires-pour-la-liturgie\/lutilisation-encens-liturgie\/\" \/>\n<meta property=\"og:site_name\" content=\"Holyart.fr Blog\" \/>\n<meta property=\"article:published_time\" content=\"2018-03-21T16:06:30+00:00\" \/>\n<meta property=\"article:modified_time\" content=\"2018-05-03T14:00:07+00:00\" \/>\n<meta property=\"og:image\" content=\"https:\/\/blog.holyart.it\/fr\/wp-content\/uploads\/sites\/14\/2017\/03\/Encens-dans-la-liturgie.jpg\" \/>\n\t<meta property=\"og:image:width\" content=\"1000\" \/>\n\t<meta property=\"og:image:height\" content=\"667\" \/>\n\t<meta property=\"og:image:type\" content=\"image\/jpeg\" \/>\n<meta name=\"author\" content=\"Redazione\" \/>\n<meta name=\"twitter:card\" content=\"summary_large_image\" \/>\n<meta name=\"twitter:label1\" content=\"\u00c9crit par\" \/>\n\t<meta name=\"twitter:data1\" content=\"Redazione\" \/>\n\t<meta name=\"twitter:label2\" content=\"Dur\u00e9e de lecture estim\u00e9e\" \/>\n\t<meta name=\"twitter:data2\" content=\"2 minutes\" \/>\n<script type=\"application\/ld+json\" class=\"yoast-schema-graph\">{\"@context\":\"https:\/\/schema.org\",\"@graph\":[{\"@type\":\"Article\",\"@id\":\"https:\/\/blog.holyart.it\/fr\/accessoires-pour-la-liturgie\/lutilisation-encens-liturgie\/#article\",\"isPartOf\":{\"@id\":\"https:\/\/blog.holyart.it\/fr\/accessoires-pour-la-liturgie\/lutilisation-encens-liturgie\/\"},\"author\":{\"name\":\"Redazione\",\"@id\":\"https:\/\/blog.holyart.it\/fr\/#\/schema\/person\/0a7b686e5af0f856ec1e390dd0baecda\"},\"headline\":\"L\u2019utilisation des encens dans la liturgie\",\"datePublished\":\"2018-03-21T16:06:30+00:00\",\"dateModified\":\"2018-05-03T14:00:07+00:00\",\"mainEntityOfPage\":{\"@id\":\"https:\/\/blog.holyart.it\/fr\/accessoires-pour-la-liturgie\/lutilisation-encens-liturgie\/\"},\"wordCount\":423,\"publisher\":{\"@id\":\"https:\/\/blog.holyart.it\/fr\/#organization\"},\"image\":{\"@id\":\"https:\/\/blog.holyart.it\/fr\/accessoires-pour-la-liturgie\/lutilisation-encens-liturgie\/#primaryimage\"},\"thumbnailUrl\":\"https:\/\/blog.holyart.it\/fr\/wp-content\/uploads\/sites\/14\/2017\/03\/Encens-dans-la-liturgie.jpg\",\"articleSection\":[\"Liturgie\"],\"inLanguage\":\"fr-FR\"},{\"@type\":\"WebPage\",\"@id\":\"https:\/\/blog.holyart.it\/fr\/accessoires-pour-la-liturgie\/lutilisation-encens-liturgie\/\",\"url\":\"https:\/\/blog.holyart.it\/fr\/accessoires-pour-la-liturgie\/lutilisation-encens-liturgie\/\",\"name\":\"L\u2019utilisation des encens dans la liturgie - Holyart.fr Blog\",\"isPartOf\":{\"@id\":\"https:\/\/blog.holyart.it\/fr\/#website\"},\"primaryImageOfPage\":{\"@id\":\"https:\/\/blog.holyart.it\/fr\/accessoires-pour-la-liturgie\/lutilisation-encens-liturgie\/#primaryimage\"},\"image\":{\"@id\":\"https:\/\/blog.holyart.it\/fr\/accessoires-pour-la-liturgie\/lutilisation-encens-liturgie\/#primaryimage\"},\"thumbnailUrl\":\"https:\/\/blog.holyart.it\/fr\/wp-content\/uploads\/sites\/14\/2017\/03\/Encens-dans-la-liturgie.jpg\",\"datePublished\":\"2018-03-21T16:06:30+00:00\",\"dateModified\":\"2018-05-03T14:00:07+00:00\",\"description\":\"Le parfum d\u2019encens est li\u00e9 depuis toujours au domaine de la spiritualit\u00e9, non seulement dans la religion chr\u00e9tienne, mais dans toutes les religions.\",\"breadcrumb\":{\"@id\":\"https:\/\/blog.holyart.it\/fr\/accessoires-pour-la-liturgie\/lutilisation-encens-liturgie\/#breadcrumb\"},\"inLanguage\":\"fr-FR\",\"potentialAction\":[{\"@type\":\"ReadAction\",\"target\":[\"https:\/\/blog.holyart.it\/fr\/accessoires-pour-la-liturgie\/lutilisation-encens-liturgie\/\"]}]},{\"@type\":\"ImageObject\",\"inLanguage\":\"fr-FR\",\"@id\":\"https:\/\/blog.holyart.it\/fr\/accessoires-pour-la-liturgie\/lutilisation-encens-liturgie\/#primaryimage\",\"url\":\"https:\/\/blog.holyart.it\/fr\/wp-content\/uploads\/sites\/14\/2017\/03\/Encens-dans-la-liturgie.jpg\",\"contentUrl\":\"https:\/\/blog.holyart.it\/fr\/wp-content\/uploads\/sites\/14\/2017\/03\/Encens-dans-la-liturgie.jpg\",\"width\":1000,\"height\":667,\"caption\":\"Encens dans la liturgie\"},{\"@type\":\"BreadcrumbList\",\"@id\":\"https:\/\/blog.holyart.it\/fr\/accessoires-pour-la-liturgie\/lutilisation-encens-liturgie\/#breadcrumb\",\"itemListElement\":[{\"@type\":\"ListItem\",\"position\":1,\"name\":\"Homepage\",\"item\":\"https:\/\/blog.holyart.it\/fr\/\"},{\"@type\":\"ListItem\",\"position\":2,\"name\":\"Liturgie\",\"item\":\"https:\/\/blog.holyart.it\/fr\/accessoires-pour-la-liturgie\/\"},{\"@type\":\"ListItem\",\"position\":3,\"name\":\"L\u2019utilisation des encens dans la liturgie\"}]},{\"@type\":\"WebSite\",\"@id\":\"https:\/\/blog.holyart.it\/fr\/#website\",\"url\":\"https:\/\/blog.holyart.it\/fr\/\",\"name\":\"Holyart.fr Blog\",\"description\":\"Holyblog\",\"publisher\":{\"@id\":\"https:\/\/blog.holyart.it\/fr\/#organization\"},\"potentialAction\":[{\"@type\":\"SearchAction\",\"target\":{\"@type\":\"EntryPoint\",\"urlTemplate\":\"https:\/\/blog.holyart.it\/fr\/?s={search_term_string}\"},\"query-input\":{\"@type\":\"PropertyValueSpecification\",\"valueRequired\":true,\"valueName\":\"search_term_string\"}}],\"inLanguage\":\"fr-FR\"},{\"@type\":\"Organization\",\"@id\":\"https:\/\/blog.holyart.it\/fr\/#organization\",\"name\":\"Holyart.fr Blog\",\"url\":\"https:\/\/blog.holyart.it\/fr\/\",\"logo\":{\"@type\":\"ImageObject\",\"inLanguage\":\"fr-FR\",\"@id\":\"https:\/\/blog.holyart.it\/fr\/#\/schema\/logo\/image\/\",\"url\":\"https:\/\/blog.holyart.it\/fr\/wp-content\/uploads\/sites\/14\/2022\/12\/Holyart_Blog_Logo.jpg\",\"contentUrl\":\"https:\/\/blog.holyart.it\/fr\/wp-content\/uploads\/sites\/14\/2022\/12\/Holyart_Blog_Logo.jpg\",\"width\":300,\"height\":50,\"caption\":\"Holyart.fr Blog\"},\"image\":{\"@id\":\"https:\/\/blog.holyart.it\/fr\/#\/schema\/logo\/image\/\"}},{\"@type\":\"Person\",\"@id\":\"https:\/\/blog.holyart.it\/fr\/#\/schema\/person\/0a7b686e5af0f856ec1e390dd0baecda\",\"name\":\"Redazione\",\"image\":{\"@type\":\"ImageObject\",\"inLanguage\":\"fr-FR\",\"@id\":\"https:\/\/blog.holyart.it\/fr\/#\/schema\/person\/image\/\",\"url\":\"https:\/\/secure.gravatar.com\/avatar\/f477da817f43e50d0af36abecd33e3edf826c68299714bdc1057dff3b113f516?s=96&d=mm&r=g\",\"contentUrl\":\"https:\/\/secure.gravatar.com\/avatar\/f477da817f43e50d0af36abecd33e3edf826c68299714bdc1057dff3b113f516?s=96&d=mm&r=g\",\"caption\":\"Redazione\"},\"url\":\"https:\/\/blog.holyart.it\/fr\/author\/admin\/\"}]}<\/script>\n<!-- \/ Yoast SEO plugin. -->","yoast_head_json":{"title":"L\u2019utilisation des encens dans la liturgie - Holyart.fr Blog","description":"Le parfum d\u2019encens est li\u00e9 depuis toujours au domaine de la spiritualit\u00e9, non seulement dans la religion chr\u00e9tienne, mais dans toutes les religions.","robots":{"index":"index","follow":"follow","max-snippet":"max-snippet:-1","max-image-preview":"max-image-preview:large","max-video-preview":"max-video-preview:-1"},"canonical":"https:\/\/blog.holyart.it\/fr\/accessoires-pour-la-liturgie\/lutilisation-encens-liturgie\/","og_locale":"fr_FR","og_type":"article","og_title":"L\u2019utilisation des encens dans la liturgie - Holyart.fr Blog","og_description":"Le parfum d\u2019encens est li\u00e9 depuis toujours au domaine de la spiritualit\u00e9, non seulement dans la religion chr\u00e9tienne, mais dans toutes les religions.","og_url":"https:\/\/blog.holyart.it\/fr\/accessoires-pour-la-liturgie\/lutilisation-encens-liturgie\/","og_site_name":"Holyart.fr Blog","article_published_time":"2018-03-21T16:06:30+00:00","article_modified_time":"2018-05-03T14:00:07+00:00","og_image":[{"width":1000,"height":667,"url":"https:\/\/blog.holyart.it\/fr\/wp-content\/uploads\/sites\/14\/2017\/03\/Encens-dans-la-liturgie.jpg","type":"image\/jpeg"}],"author":"Redazione","twitter_card":"summary_large_image","twitter_misc":{"\u00c9crit par":"Redazione","Dur\u00e9e de lecture estim\u00e9e":"2 minutes"},"schema":{"@context":"https:\/\/schema.org","@graph":[{"@type":"Article","@id":"https:\/\/blog.holyart.it\/fr\/accessoires-pour-la-liturgie\/lutilisation-encens-liturgie\/#article","isPartOf":{"@id":"https:\/\/blog.holyart.it\/fr\/accessoires-pour-la-liturgie\/lutilisation-encens-liturgie\/"},"author":{"name":"Redazione","@id":"https:\/\/blog.holyart.it\/fr\/#\/schema\/person\/0a7b686e5af0f856ec1e390dd0baecda"},"headline":"L\u2019utilisation des encens dans la liturgie","datePublished":"2018-03-21T16:06:30+00:00","dateModified":"2018-05-03T14:00:07+00:00","mainEntityOfPage":{"@id":"https:\/\/blog.holyart.it\/fr\/accessoires-pour-la-liturgie\/lutilisation-encens-liturgie\/"},"wordCount":423,"publisher":{"@id":"https:\/\/blog.holyart.it\/fr\/#organization"},"image":{"@id":"https:\/\/blog.holyart.it\/fr\/accessoires-pour-la-liturgie\/lutilisation-encens-liturgie\/#primaryimage"},"thumbnailUrl":"https:\/\/blog.holyart.it\/fr\/wp-content\/uploads\/sites\/14\/2017\/03\/Encens-dans-la-liturgie.jpg","articleSection":["Liturgie"],"inLanguage":"fr-FR"},{"@type":"WebPage","@id":"https:\/\/blog.holyart.it\/fr\/accessoires-pour-la-liturgie\/lutilisation-encens-liturgie\/","url":"https:\/\/blog.holyart.it\/fr\/accessoires-pour-la-liturgie\/lutilisation-encens-liturgie\/","name":"L\u2019utilisation des encens dans la liturgie - Holyart.fr Blog","isPartOf":{"@id":"https:\/\/blog.holyart.it\/fr\/#website"},"primaryImageOfPage":{"@id":"https:\/\/blog.holyart.it\/fr\/accessoires-pour-la-liturgie\/lutilisation-encens-liturgie\/#primaryimage"},"image":{"@id":"https:\/\/blog.holyart.it\/fr\/accessoires-pour-la-liturgie\/lutilisation-encens-liturgie\/#primaryimage"},"thumbnailUrl":"https:\/\/blog.holyart.it\/fr\/wp-content\/uploads\/sites\/14\/2017\/03\/Encens-dans-la-liturgie.jpg","datePublished":"2018-03-21T16:06:30+00:00","dateModified":"2018-05-03T14:00:07+00:00","description":"Le parfum d\u2019encens est li\u00e9 depuis toujours au domaine de la spiritualit\u00e9, non seulement dans la religion chr\u00e9tienne, mais dans toutes les religions.","breadcrumb":{"@id":"https:\/\/blog.holyart.it\/fr\/accessoires-pour-la-liturgie\/lutilisation-encens-liturgie\/#breadcrumb"},"inLanguage":"fr-FR","potentialAction":[{"@type":"ReadAction","target":["https:\/\/blog.holyart.it\/fr\/accessoires-pour-la-liturgie\/lutilisation-encens-liturgie\/"]}]},{"@type":"ImageObject","inLanguage":"fr-FR","@id":"https:\/\/blog.holyart.it\/fr\/accessoires-pour-la-liturgie\/lutilisation-encens-liturgie\/#primaryimage","url":"https:\/\/blog.holyart.it\/fr\/wp-content\/uploads\/sites\/14\/2017\/03\/Encens-dans-la-liturgie.jpg","contentUrl":"https:\/\/blog.holyart.it\/fr\/wp-content\/uploads\/sites\/14\/2017\/03\/Encens-dans-la-liturgie.jpg","width":1000,"height":667,"caption":"Encens dans la liturgie"},{"@type":"BreadcrumbList","@id":"https:\/\/blog.holyart.it\/fr\/accessoires-pour-la-liturgie\/lutilisation-encens-liturgie\/#breadcrumb","itemListElement":[{"@type":"ListItem","position":1,"name":"Homepage","item":"https:\/\/blog.holyart.it\/fr\/"},{"@type":"ListItem","position":2,"name":"Liturgie","item":"https:\/\/blog.holyart.it\/fr\/accessoires-pour-la-liturgie\/"},{"@type":"ListItem","position":3,"name":"L\u2019utilisation des encens dans la liturgie"}]},{"@type":"WebSite","@id":"https:\/\/blog.holyart.it\/fr\/#website","url":"https:\/\/blog.holyart.it\/fr\/","name":"Holyart.fr Blog","description":"Holyblog","publisher":{"@id":"https:\/\/blog.holyart.it\/fr\/#organization"},"potentialAction":[{"@type":"SearchAction","target":{"@type":"EntryPoint","urlTemplate":"https:\/\/blog.holyart.it\/fr\/?s={search_term_string}"},"query-input":{"@type":"PropertyValueSpecification","valueRequired":true,"valueName":"search_term_string"}}],"inLanguage":"fr-FR"},{"@type":"Organization","@id":"https:\/\/blog.holyart.it\/fr\/#organization","name":"Holyart.fr Blog","url":"https:\/\/blog.holyart.it\/fr\/","logo":{"@type":"ImageObject","inLanguage":"fr-FR","@id":"https:\/\/blog.holyart.it\/fr\/#\/schema\/logo\/image\/","url":"https:\/\/blog.holyart.it\/fr\/wp-content\/uploads\/sites\/14\/2022\/12\/Holyart_Blog_Logo.jpg","contentUrl":"https:\/\/blog.holyart.it\/fr\/wp-content\/uploads\/sites\/14\/2022\/12\/Holyart_Blog_Logo.jpg","width":300,"height":50,"caption":"Holyart.fr Blog"},"image":{"@id":"https:\/\/blog.holyart.it\/fr\/#\/schema\/logo\/image\/"}},{"@type":"Person","@id":"https:\/\/blog.holyart.it\/fr\/#\/schema\/person\/0a7b686e5af0f856ec1e390dd0baecda","name":"Redazione","image":{"@type":"ImageObject","inLanguage":"fr-FR","@id":"https:\/\/blog.holyart.it\/fr\/#\/schema\/person\/image\/","url":"https:\/\/secure.gravatar.com\/avatar\/f477da817f43e50d0af36abecd33e3edf826c68299714bdc1057dff3b113f516?s=96&d=mm&r=g","contentUrl":"https:\/\/secure.gravatar.com\/avatar\/f477da817f43e50d0af36abecd33e3edf826c68299714bdc1057dff3b113f516?s=96&d=mm&r=g","caption":"Redazione"},"url":"https:\/\/blog.holyart.it\/fr\/author\/admin\/"}]}},"_links":{"self":[{"href":"https:\/\/blog.holyart.it\/fr\/wp-json\/wp\/v2\/posts\/328","targetHints":{"allow":["GET"]}}],"collection":[{"href":"https:\/\/blog.holyart.it\/fr\/wp-json\/wp\/v2\/posts"}],"about":[{"href":"https:\/\/blog.holyart.it\/fr\/wp-json\/wp\/v2\/types\/post"}],"author":[{"embeddable":true,"href":"https:\/\/blog.holyart.it\/fr\/wp-json\/wp\/v2\/users\/1"}],"replies":[{"embeddable":true,"href":"https:\/\/blog.holyart.it\/fr\/wp-json\/wp\/v2\/comments?post=328"}],"version-history":[{"count":0,"href":"https:\/\/blog.holyart.it\/fr\/wp-json\/wp\/v2\/posts\/328\/revisions"}],"wp:featuredmedia":[{"embeddable":true,"href":"https:\/\/blog.holyart.it\/fr\/wp-json\/wp\/v2\/media\/329"}],"wp:attachment":[{"href":"https:\/\/blog.holyart.it\/fr\/wp-json\/wp\/v2\/media?parent=328"}],"wp:term":[{"taxonomy":"category","embeddable":true,"href":"https:\/\/blog.holyart.it\/fr\/wp-json\/wp\/v2\/categories?post=328"},{"taxonomy":"post_tag","embeddable":true,"href":"https:\/\/blog.holyart.it\/fr\/wp-json\/wp\/v2\/tags?post=328"}],"curies":[{"name":"wp","href":"https:\/\/api.w.org\/{rel}","templated":true}]}}