{"id":3279,"date":"2021-08-03T07:05:43","date_gmt":"2021-08-03T05:05:43","guid":{"rendered":"https:\/\/blog.holyart.it\/fr\/?p=3279"},"modified":"2022-10-17T10:11:54","modified_gmt":"2022-10-17T08:11:54","slug":"la-nuit-de-la-saint-laurent-la-nuit-des-etoiles-filantes","status":"publish","type":"post","link":"https:\/\/blog.holyart.it\/fr\/articles-religieux\/la-nuit-de-la-saint-laurent-la-nuit-des-etoiles-filantes\/","title":{"rendered":"La nuit de la Saint Laurent : la nuit des \u00e9toiles filantes"},"content":{"rendered":"<h4 style=\"text-align: center;\"><em>La nuit de la Saint Laurent est attendue chaque ann\u00e9e avec excitation par une multitude de personnes. Il y en a qui l\u2019attendent pour un int\u00e9r\u00eat astronomique et puis il y en a d\u2019autres qui l\u2019attendent parce que c\u2019est une nuit exceptionnellement romantique, ou pour manifester sa propre d\u00e9votion pour Saint Laurent. Mais qu\u2019est-ce qui rend cette nuit si sp\u00e9ciale \u00e0 de nombreux points de vue\u00a0?<\/em><\/h4>\n\n<p>Essayons avant tout de comprendre s\u2019il existe une association entre <strong>Saint<\/strong> <strong>Laurent<\/strong>, jeune martyr mort sous l\u2019empereur romain Val\u00e9rien en 258 apr. J.-C., et les <strong>\u00e9toiles<\/strong> <strong>filantes<\/strong> qui caract\u00e9risent cette nuit sp\u00e9ciale.<\/p>\n<p>Laurent \u00e9tait n\u00e9 \u00e0 Huesca, en Espagne, une ville aux pieds des Pyr\u00e9n\u00e9es. Pendant qu\u2019il fr\u00e9quentait les \u00e9tudes humanistiques et th\u00e9ologiques \u00e0 Saragosse, il connut le future Pape Sixte II, qui \u00e9tait un de ses enseignants. Entre les deux naquit une amiti\u00e9 faite d\u2019estime et de respect r\u00e9ciproque. En particulier, le future Saint P\u00e8re eut l\u2019opportunit\u00e9 d\u2019appr\u00e9cier l\u2019int\u00e9grit\u00e9 morale du jeune \u00e9tudiant, sa charit\u00e9 envers les plus pauvres et les n\u00e9cessiteux.<\/p>\n<p>Laurent et son mentor quitt\u00e8rent ensemble l\u2019Espagne pour Rome et, quand ce dernier fut \u00e9lu \u00c9v\u00eaque de Rome, il confia \u00e0 son ami et \u00e9l\u00e8ve la t\u00e2che d\u2019<strong>Archidiacre<\/strong>. En tant qu\u2019Archidiacre, Laurent \u00e9tait en pratique le premier conseiller de l\u2019\u00c9v\u00eaque et, en tant que tel, devait veiller \u00e0 la puret\u00e9 de foi et \u00e0 la discipline de toute la curie, mais \u00e9galement g\u00e9rer les propri\u00e9t\u00e9s eccl\u00e9siastiques. En tant que repr\u00e9sentant officiel de l&rsquo;\u00c9v\u00eaque, l\u2019Archidiacre devait en outre le repr\u00e9senter \u00e0 l\u2019occasion de visites aux malades et assistance aux plus n\u00e9cessiteux, comme les orphelins, les veuves et les parias.<\/p>\n<div class=\"link-product\">\n<div class=\"blocco-immagine\"><img loading=\"lazy\" decoding=\"async\" class=\"alignnone size-full wp-image-3282\" src=\"https:\/\/blog.holyart.it\/fr\/wp-content\/uploads\/sites\/14\/2021\/08\/statue-st-laurent.jpg\" alt=\"statue st laurent\" width=\"100\" height=\"100\" data-kale-share-title=\"La nuit de la Saint Laurent : la nuit des \u00e9toiles filantes\" data-kale-share-url=\"https:\/\/blog.holyart.it\/fr\/?p=3279\" \/><\/div>\n<div class=\"blocco-contenuto\">\n<div class=\"blocco-acquista\">Acheter sur Holyart:<\/div>\n<div class=\"blocco-titolo\"><a href=\"https:\/\/www.holyart.fr\/articles-religieux\/statues\/statues-en-bois-peint\/statue-st-laurent-30-cm-bois-peint\">Statue St Laurent<\/a><\/div>\n<div class=\"blocco-descrizione\">Statue en bois<\/div>\n<\/div>\n<\/div>\n<p>Laurent devint une figure tr\u00e8s aim\u00e9e \u00e0 Rome et, m\u00eame apr\u00e8s sa mort, il fut l\u2019objet d\u2019une v\u00e9n\u00e9ration populaire imm\u00e9diate. Il mourut en 258 apr. J.-C., sous l\u2019empereur Val\u00e9rien, qui avait promulgu\u00e9 un \u00e9dit avec lequel il envoyait \u00e0 la mort tous les \u00e9v\u00eaques, les presbytres et les diacres chr\u00e9tiens. Pape Sixte II fut tu\u00e9 avec quatre de ses diacres tandis qu\u2019il c\u00e9l\u00e9brait l\u2019eucharistie dans les catacombes de Pretestato. Laurent, qui avait 33 ans, fut arr\u00eat\u00e9 et confi\u00e9 \u00e0 la garde d\u2019un centurion romain qui, fascin\u00e9 par la gentillesse du jeune, se convertit au christianisme et qui, pour cela, fut tu\u00e9 aussi. Laurent fut br\u00fbl\u00e9 vivant sur une plaque de m\u00e9tal chauff\u00e9e au rouge, qui devint ensuite son embl\u00e8me.<\/p>\n<p>Saint Laurent est le <strong>Saint Patron<\/strong> des biblioth\u00e9caires, des cuisiniers, des libraires, des p\u00e2tissiers, des pompiers, des r\u00f4tisseurs et des vitriers, en plus de la ville de Grosseto et de Tivoli, de Sant\u2019Agata di Battiati en province de Catane, d\u2019Aidone en province d\u2019Enna.<\/p>\n<h2>Mais qu\u2019est-ce qui lie ce jeune saint bien-aim\u00e9 \u00e0 la nuit des \u00e9toiles filantes ?<\/h2>\n<p>Tout d\u2019abord, nous pouvons dire que, selon la tradition chr\u00e9tienne, les \u00e9toiles filantes qui dans la nuit du 10 ao\u00fbt traversent le ciel sont les <strong>lapilli<\/strong> \u00e9chapp\u00e9s des flammes de la plaque sur laquelle le pauvre sain fut br\u00fbl\u00e9. Une autre l\u00e9gende veut qu\u2019elles soient ses <strong>larmes<\/strong>.<\/p>\n<p>Pour les <strong>grecs<\/strong> et pour de nombreuses autres populations pr\u00e9chr\u00e9tiennes, les \u00e9toiles filantes \u00e9taient des signes divins. Leur passage pouvait d\u00e9terminer m\u00eame l\u2019abdication d\u2019un roi, comme il arrivait \u00e0 Sparte, o\u00f9, si \u00e0 la neuvi\u00e8me ann\u00e9e de r\u00e8ge d\u2019un souverain on apercevait une \u00e9toile filante, il \u00e9tait oblig\u00e9 d\u2019abdiquer. La p\u00e9riode de plus grande pr\u00e9sence d\u2019\u00e9toiles filantes \u00e9tait ensuite associ\u00e9e \u00e0 des <strong>rites de fertilit\u00e9<\/strong> et des c\u00e9r\u00e9monies propitiatoires pour avoir des r\u00e9coltes abondantes.<\/p>\n<p>Selon les <strong>romains<\/strong>, qui au mois d\u2019ao\u00fbt c\u00e9l\u00e9braient l\u2019empereur Auguste de diff\u00e9rentes mani\u00e8res, les \u00e9toiles filantes \u00e9taient le fruit de l\u2019\u00e9jaculation du phallus de Priape amen\u00e9 en procession, ou bien ses larmes. Puisque Priape \u00e9tait le dieu de la fertilit\u00e9, on pensait que cette pluie resplendissante aurait rendu fertiles les champs. Cette th\u00e9orie li\u00e9e \u00e0 la fertilit\u00e9 justifierait \u00e9galement le rapprochement entre cette f\u00eate et Saint Laurent. En effet, la contrepartie f\u00e9minine de Priape, la Grande M\u00e8re qui rendait la terre riche et f\u00e9conde, \u00e9tait \u00e9galement connue comme Larentia. Le passage de Larentia \u00e0 Laurent et des larmes de Priape \u00e0 celles du jeune martyr est compr\u00e9hensible.<\/p>\n<h2>Quand tombe la nuit de Saint Laurent ?<\/h2>\n<p>Nous savons en r\u00e9alit\u00e9 que les \u00e9toiles filantes visibles \u00e9galement \u00e0 l\u2019\u0153il nu la nuit du 10 ao\u00fbt sont les <strong>Pers\u00e9ides<\/strong>, c\u2019est-\u00e0-dire des m\u00e9t\u00e9ores compos\u00e9es de poudre et de glace, provenant de la constellation de Pers\u00e9e, qui, \u00e0 cette p\u00e9riode particuli\u00e8re de l\u2019ann\u00e9e, entre fin juillet et d\u00e9but ao\u00fbt et en particulier entre le 10 et le 12 ao\u00fbt, passent tr\u00e8s pr\u00e8s de la Terre. Le 10 ao\u00fbt donc, anniversaire de la mort de Saint Laurent et r\u00e9currence qui lui est d\u00e9di\u00e9e, co\u00efncide avec le moment de plus grande intensit\u00e9 de cet essaim de m\u00e9t\u00e9ores.<\/p>\n<h2>Po\u00e9sie sur la nuit de la Saint Laurent<\/h2>\n<p>Nous avons d\u00e9j\u00e0 mentionn\u00e9 comment, dans le pass\u00e9, les \u00e9toiles filantes qui dans la nuit du 10 ao\u00fbt tombaient du ciel, \u00e9taient consid\u00e9r\u00e9es comme \u00e9tant les larmes de Priape, dieu de la fertilit\u00e9, et, ensuite, comme celles de Saint Laurent martyr. Le grand po\u00e8te italien <strong>Giovanni Pascoli<\/strong> a voulu reprendre ce symbolisme des \u00e9toiles filantes comme larmes dans son immortelle po\u00e9sie <strong><em>X agosto<\/em><\/strong> (<em>10 ao\u00fbt<\/em>), d\u00e9di\u00e9e justement \u00e0 la nuit de la Saint Laurent. Le choix de cette date n\u2019est pas un hasard. Le 10 ao\u00fbt 1876, le p\u00e8re de Pascoli fut assassin\u00e9 par un coup de fusil tir\u00e9 par des inconnus pendant qu\u2019il rentrait chez lui aupr\u00e8s de sa famille. Cet \u00e9v\u00e9nement tragique et tr\u00e8s douloureux marqua irr\u00e9m\u00e9diablement le po\u00e8te, qui dans sa production d\u00e9dia de nombreux vers \u00e0 cet \u00e9pisode, comme dans une de ses po\u00e9sies les plus c\u00e9l\u00e8bres, <em>La cavallina storna <\/em>(<em>La jument pie<\/em>), ou bien comme dans <em>X agosto<\/em>, o\u00f9 le ciel m\u00eame s\u2019incendie et pleure en inondant la Terre, d\u00e9finie avec amertume un \u00ab\u00a0sombre atome du Mal\u00a0\u00bb, t\u00e9moin impuissant de l\u2019\u00e9ni\u00e8me injustice accomplie par les hommes.<\/p>\n<p><em>Saint Laurent, moi, je sais pourquoi<\/em><\/p>\n<p><em>tant d&rsquo;\u00e9toiles dans l&rsquo;air tranquille<\/em><\/p>\n<p><em>s&#8217;embrasent et tombent, pourquoi tant de larmes<\/em><\/p>\n<p><em>\u00e9tincellent dans la vo\u00fbte du ciel.<\/em><\/p>\n<p><em>\u00a0[\u2026]<\/em><\/p>\n<p><em>Et toi, Ciel, du plus haut des mondes<\/em><\/p>\n<p><em>paisibles, infini, immortel,<\/em><\/p>\n<p><em>tu inondes de larmes d&rsquo;\u00e9toiles<\/em><\/p>\n<p><em>ce sombre atome du Mal !<\/em><\/p>\n<p>&nbsp;<\/p>\n<h2>Phrases pour la nuit de la Saint Laurent<\/h2>\n<p>M\u00eame si nous n\u2019avons pas la puissance \u00e9vocatrice de Pascoli, nous sommes tous fascin\u00e9s par les \u00e9toiles filantes qui le 10 ao\u00fbt tombent du ciel, en donnant vie \u00e0 une des nuits les plus magiques et les plus romantiques de toute l\u2019ann\u00e9e. Po\u00e8tes, \u00e9crivains, mais aussi auteurs cin\u00e9matographiques, m\u00eame des humoristes, ont prononc\u00e9 des phrases d\u00e9di\u00e9es \u00e0 la nuit de la Saint Laurent qui sont rest\u00e9es c\u00e9l\u00e8bres et qui peuvent \u00eatre cit\u00e9es \u00e0 cette occasion, peut-\u00eatre m\u00eame pour impressionner une fille\u00a0qui nous plait\u00a0!<\/p>\n<div class=\"link-product\">\n<div class=\"blocco-immagine\"><img loading=\"lazy\" decoding=\"async\" class=\"alignnone size-full wp-image-3284\" src=\"https:\/\/blog.holyart.it\/fr\/wp-content\/uploads\/sites\/14\/2021\/08\/toile-de-fond-etoiles-illuminees.jpg\" alt=\"toile de fond etoiles illuminees\" width=\"100\" height=\"100\" data-kale-share-title=\"La nuit de la Saint Laurent : la nuit des \u00e9toiles filantes\" data-kale-share-url=\"https:\/\/blog.holyart.it\/fr\/?p=3279\" \/><\/div>\n<div class=\"blocco-contenuto\">\n<div class=\"blocco-acquista\">Acheter sur Holyart:<\/div>\n<div class=\"blocco-titolo\"><a href=\"https:\/\/www.holyart.fr\/noel\/bricolage-de-noel-et-accessoires\/fonds-pour-creche-noel\/toile-de-fond-etoiles-illuminees-leds-50x70-cm\">Fond \u00e9toiles illumin\u00e9es<\/a><\/div>\n<div class=\"blocco-descrizione\">Fond pour cr\u00e8che<\/div>\n<\/div>\n<\/div>\n<p>Par exemple, la phrase prononc\u00e9e par rien moins que le philosophe grec <strong>Platon<\/strong> fera surement de l\u2019effet : \u00ab\u00a0<em>Tu regardes les \u00e9toiles, ma ch\u00e8re \u00e9toile, et moi, j\u2019aimerais \u00eatre le ciel pour te regarder toi avec mille yeux<\/em>\u00a0\u00bb. Qui pourrait r\u00e9sister \u00e0 une d\u00e9claration d\u2019amour pareille\u00a0?<\/p>\n<p>Le grand <strong>Bob Marley<\/strong> nous laisse par contre un message d\u2019espoir, tr\u00e8s en ligne avec la pens\u00e9e de son \u00e9poque, mais que nous aimons consid\u00e9rer comme \u00e9tant toujours actuel, adapt\u00e9 \u00e0 tous les hommes et \u00e0 tous les temps : \u00ab\u00a0<em>Si tu exprimes un souhait, c&rsquo;est parce que tu vois tomber une \u00e9toile, si tu vois tomber une \u00e9toile, c&rsquo;est parce que tu regardes le ciel, si tu regardes le ciel, c\u2019est parce que tu crois encore en quelque chose\u00a0<\/em>\u00bb.<\/p>\n<p>Doux-amer, comme souvent \u00e9tait son \u0153uvre, l\u2019\u00e9valuation d\u2019<strong>Oscar Wilde <\/strong>: \u00ab\u00a0<em>Nous sommes tous immerg\u00e9s dans la boue, mais certains parmi nous regardent aux \u00e9toiles<\/em>\u00a0\u00bb. Non moins po\u00e9tique fut le grand romancier fran\u00e7ais <strong>Victor<\/strong> <strong>Hugo<\/strong>\u00a0: \u00ab\u00a0<em>L\u2019\u00e2me est remplie d\u2019\u00e9toiles filantes\u00a0<\/em>\u00bb.<\/p>\n<p>Le <strong>panorama musical italien<\/strong> offre de nombreux exemples de chansons o\u00f9 on cite les \u00e9toiles filantes de la Saint Laurent\u00a0:<\/p>\n<p><em>Je vois les yeux d\u2019une femme qui m\u2019aime<\/em><br \/>\n<em>Et je ne ressens plus le besoin de souffrir<\/em><br \/>\n<em>Tout est illumin\u00e9<\/em><br \/>\n<em>Tout est dans son rayon en devenir<\/em><br \/>\n<em>Je vois des \u00e9toiles qui tombent dans la nuit des souhaits<\/em><br \/>\n<strong>Lorenzo Jovanotti<\/strong><\/p>\n<p><em>Je hais les gens qui ha\u00efssent la pluie et le vent, et qui regardent le ciel uniquement la nuit de la Saint Laurent.\u00a0<\/em><br \/>\n<strong>J-Ax<\/strong><\/p>\n<p><em>Et m\u00eame les \u00e9toiles tombent, certaines \u00e0 l\u2019ext\u00e9rieur comme \u00e0 l\u2019int\u00e9rieur,<\/em><br \/>\n<em>pour un souhait que t\u2019exprimes, ils t\u2019en restent encore cent autres !<\/em><br \/>\n<strong>Ligabue<\/strong><\/p>\n<p>Mais, romantisme \u00e0 part, il y a \u00e9galement de nombreuses <strong>phrases amusantes<\/strong> sur la nuit de la Saint Laurent. En ligne on en trouve \u00e9norm\u00e9ment, pour tous les go\u00fbts, comme celles de l\u2019influenceur Fran Altomare\u00a0: \u00ab\u00a0<em>Pendant ce temps-l\u00e0, dans un univers parall\u00e8le, les \u00e9toiles expriment un souhait d\u00e8s qu\u2019elles voient quelqu\u2019un tr\u00e9bucher<\/em>\u00a0\u00bb, ou les aphorismes sur la Nuit de Saint Laurent de l\u2019autrice d\u2019aphorismes sur Twitter Twilla_ria\u00a0: \u00ab\u00a0<em>Le souhait ne s\u2019est pas r\u00e9alis\u00e9. C\u2019\u00e9tait une \u00e9toile tombale <\/em>\u00bb.<\/p>\n<h2>Chanson sur la nuit de la Saint Laurent<\/h2>\n<p>Nous avons d\u00e9j\u00e0 mentionn\u00e9 comment plusieurs chanteurs avaient d\u00e9j\u00e0 cit\u00e9 les \u00e9toiles filantes dans les textes de leurs chansons. Mais il y en a qui sont all\u00e9s bien au-del\u00e0 et ont carr\u00e9ment d\u00e9di\u00e9 une chanson \u00e0 la nuit de Saint Laurent. Le chanteur Franco Simone, par exemple, a \u00e9crit une chanson intitul\u00e9e <strong>Notte di San Lorenzo<\/strong> (<em>Nuit de la Saint Laurent<\/em>), qui raconte un voyage nocturne et solitaire que l\u2019auteur-compositeur fait dans cette nuit magique et d\u2019une rencontre qui changera sa vie\u00a0:<\/p>\n<p><em>Milles lumi\u00e8res entre les doigts<\/em><br \/>\n<em>dix \u00e9toiles reviennent pour tomber<\/em><br \/>\n<em>pour comprendre toute la nuit<\/em><br \/>\n<em>il faut des montagnes d\u2019amour<\/em><\/p>\n<div class=\"link-product\">\n<div class=\"blocco-immagine\"><img loading=\"lazy\" decoding=\"async\" class=\"alignnone size-full wp-image-3285\" src=\"https:\/\/blog.holyart.it\/fr\/wp-content\/uploads\/sites\/14\/2021\/08\/medaille-ronde-porcelaine-et-argent.jpg\" alt=\"medaille ronde porcelaine et argent\" width=\"100\" height=\"100\" data-kale-share-title=\"La nuit de la Saint Laurent : la nuit des \u00e9toiles filantes\" data-kale-share-url=\"https:\/\/blog.holyart.it\/fr\/?p=3279\" \/><\/div>\n<div class=\"blocco-contenuto\">\n<div class=\"blocco-acquista\">Acheter sur Holyart:<\/div>\n<div class=\"blocco-titolo\"><a href=\"https:\/\/www.holyart.fr\/articles-religieux\/bijoux-religieux\/pendentifs-croix-et-broches\/medaille-ronde-porcelaine-et-argent-925-lune-etoiles-1-8-cm\">M\u00e9daille ronde<\/a><\/div>\n<div class=\"blocco-descrizione\">M\u00e9daille en porcelaine et argent<\/div>\n<\/div>\n<\/div>\n<p><strong>Murubutu <\/strong>aussi, pseudonyme d\u2019Alessio Mariani, rappeur fondateur et voix du collectif La Kattiveria, a d\u00e9di\u00e9 une chanson \u00e0 la nuit de la Saint Laurent. Une exp\u00e9rience audacieuse la sienne, mais le chanteur a l\u2019habitude de combiner le hip hop avec la litt\u00e9rature, l\u2019histoire avec la philosophie, en cr\u00e9ant ce qu\u2019il d\u00e9finit un \u00ab\u00a0<em>rap d\u2019inspiration litt\u00e9raire<\/em>\u00a0\u00bb ou \u00ab\u00a0<em>litt\u00e9rarap<\/em>\u00a0\u00bb.<\/p>\n<p><em>Et \u00e0 la f\u00eate du Saint connue dans toute la Sila<\/em><br \/>\n<em>Venait beaucoup de monde m\u00eame de la ville<\/em><br \/>\n<em>Sous un noir d\u2019encre, lune dans le ciel et d\u2019ivoire<\/em><br \/>\n<em>Nous fouillons dans le noir, entre les lumi\u00e8res du cosmos<\/em><br \/>\n<em>Chercheurs de com\u00e8tes dans les fiefs \u00e9gar\u00e9s<\/em><br \/>\n<em>Voleurs de Pers\u00e9ides dans le ciel d\u2019ao\u00fbt<\/em><\/p>\n<h2>Film La nuit de la Saint Laurent<\/h2>\n<p>Le cin\u00e9ma s\u2019est \u00e9galement laiss\u00e9 emporter par la fascination exerc\u00e9e depuis toujours sur les hommes par cette magique nuit d\u2019ao\u00fbt. Les fr\u00e8res Taviani en 1982 ont tourn\u00e9 le magnifique film <strong>La nuit de la Saint Laurent<\/strong>, qui se d\u00e9roule dans la campagne toscane au mois d\u2019ao\u00fbt de 1944 et raconte les dramatiques vicissitudes d\u2019hommes et de femmes submerg\u00e9s par la folie de la Deuxi\u00e8me Guerre mondiale, entre actes d\u2019h\u00e9ro\u00efsme de la R\u00e9sistance et abjectes repr\u00e9sailles des fascistes.<\/p>\n","protected":false},"excerpt":{"rendered":"<p>La nuit de la Saint Laurent est attendue chaque ann\u00e9e avec excitation par une multitude de personnes. Il y en a qui l\u2019attendent pour un int\u00e9r\u00eat astronomique et puis il y en a d\u2019autres qui l\u2019attendent parce que c\u2019est une nuit exceptionnellement romantique, ou pour&hellip;<\/p>\n","protected":false},"author":1,"featured_media":3280,"comment_status":"closed","ping_status":"open","sticky":false,"template":"","format":"standard","meta":{"_acf_changed":false,"footnotes":""},"categories":[8],"tags":[],"class_list":["post-3279","post","type-post","status-publish","format-standard","has-post-thumbnail","hentry","category-articles-religieux"],"acf":[],"yoast_head":"<!-- This site is optimized with the Yoast SEO plugin v26.6 - https:\/\/yoast.com\/wordpress\/plugins\/seo\/ -->\n<title>La nuit de la Saint Laurent : la nuit des \u00e9toiles filantes - Holyart.fr Blog<\/title>\n<meta name=\"description\" content=\"La nuit de la Saint Laurent est attendue chaque ann\u00e9e par une multitude de personnes. Mais qu\u2019est-ce qui rend cette nuit si sp\u00e9ciale\u00a0?\" \/>\n<meta name=\"robots\" content=\"index, follow, max-snippet:-1, max-image-preview:large, max-video-preview:-1\" \/>\n<link rel=\"canonical\" href=\"https:\/\/blog.holyart.it\/fr\/articles-religieux\/la-nuit-de-la-saint-laurent-la-nuit-des-etoiles-filantes\/\" \/>\n<meta property=\"og:locale\" content=\"fr_FR\" \/>\n<meta property=\"og:type\" content=\"article\" \/>\n<meta property=\"og:title\" content=\"La nuit de la Saint Laurent : la nuit des \u00e9toiles filantes - Holyart.fr Blog\" \/>\n<meta property=\"og:description\" content=\"La nuit de la Saint Laurent est attendue chaque ann\u00e9e par une multitude de personnes. Mais qu\u2019est-ce qui rend cette nuit si sp\u00e9ciale\u00a0?\" \/>\n<meta property=\"og:url\" content=\"https:\/\/blog.holyart.it\/fr\/articles-religieux\/la-nuit-de-la-saint-laurent-la-nuit-des-etoiles-filantes\/\" \/>\n<meta property=\"og:site_name\" content=\"Holyart.fr Blog\" \/>\n<meta property=\"article:published_time\" content=\"2021-08-03T05:05:43+00:00\" \/>\n<meta property=\"article:modified_time\" content=\"2022-10-17T08:11:54+00:00\" \/>\n<meta property=\"og:image\" content=\"https:\/\/blog.holyart.it\/fr\/wp-content\/uploads\/sites\/14\/2021\/07\/nuit-de-la-Saint-Laurent.jpg\" \/>\n\t<meta property=\"og:image:width\" content=\"1000\" \/>\n\t<meta property=\"og:image:height\" content=\"666\" \/>\n\t<meta property=\"og:image:type\" content=\"image\/jpeg\" \/>\n<meta name=\"author\" content=\"Redazione\" \/>\n<meta name=\"twitter:card\" content=\"summary_large_image\" \/>\n<meta name=\"twitter:label1\" content=\"\u00c9crit par\" \/>\n\t<meta name=\"twitter:data1\" content=\"Redazione\" \/>\n\t<meta name=\"twitter:label2\" content=\"Dur\u00e9e de lecture estim\u00e9e\" \/>\n\t<meta name=\"twitter:data2\" content=\"10 minutes\" \/>\n<script type=\"application\/ld+json\" class=\"yoast-schema-graph\">{\"@context\":\"https:\/\/schema.org\",\"@graph\":[{\"@type\":\"Article\",\"@id\":\"https:\/\/blog.holyart.it\/fr\/articles-religieux\/la-nuit-de-la-saint-laurent-la-nuit-des-etoiles-filantes\/#article\",\"isPartOf\":{\"@id\":\"https:\/\/blog.holyart.it\/fr\/articles-religieux\/la-nuit-de-la-saint-laurent-la-nuit-des-etoiles-filantes\/\"},\"author\":{\"name\":\"Redazione\",\"@id\":\"https:\/\/blog.holyart.it\/fr\/#\/schema\/person\/0a7b686e5af0f856ec1e390dd0baecda\"},\"headline\":\"La nuit de la Saint Laurent : la nuit des \u00e9toiles filantes\",\"datePublished\":\"2021-08-03T05:05:43+00:00\",\"dateModified\":\"2022-10-17T08:11:54+00:00\",\"mainEntityOfPage\":{\"@id\":\"https:\/\/blog.holyart.it\/fr\/articles-religieux\/la-nuit-de-la-saint-laurent-la-nuit-des-etoiles-filantes\/\"},\"wordCount\":2035,\"publisher\":{\"@id\":\"https:\/\/blog.holyart.it\/fr\/#organization\"},\"image\":{\"@id\":\"https:\/\/blog.holyart.it\/fr\/articles-religieux\/la-nuit-de-la-saint-laurent-la-nuit-des-etoiles-filantes\/#primaryimage\"},\"thumbnailUrl\":\"https:\/\/blog.holyart.it\/fr\/wp-content\/uploads\/sites\/14\/2021\/07\/nuit-de-la-Saint-Laurent.jpg\",\"articleSection\":[\"Religion\"],\"inLanguage\":\"fr-FR\"},{\"@type\":\"WebPage\",\"@id\":\"https:\/\/blog.holyart.it\/fr\/articles-religieux\/la-nuit-de-la-saint-laurent-la-nuit-des-etoiles-filantes\/\",\"url\":\"https:\/\/blog.holyart.it\/fr\/articles-religieux\/la-nuit-de-la-saint-laurent-la-nuit-des-etoiles-filantes\/\",\"name\":\"La nuit de la Saint Laurent : la nuit des \u00e9toiles filantes - Holyart.fr Blog\",\"isPartOf\":{\"@id\":\"https:\/\/blog.holyart.it\/fr\/#website\"},\"primaryImageOfPage\":{\"@id\":\"https:\/\/blog.holyart.it\/fr\/articles-religieux\/la-nuit-de-la-saint-laurent-la-nuit-des-etoiles-filantes\/#primaryimage\"},\"image\":{\"@id\":\"https:\/\/blog.holyart.it\/fr\/articles-religieux\/la-nuit-de-la-saint-laurent-la-nuit-des-etoiles-filantes\/#primaryimage\"},\"thumbnailUrl\":\"https:\/\/blog.holyart.it\/fr\/wp-content\/uploads\/sites\/14\/2021\/07\/nuit-de-la-Saint-Laurent.jpg\",\"datePublished\":\"2021-08-03T05:05:43+00:00\",\"dateModified\":\"2022-10-17T08:11:54+00:00\",\"description\":\"La nuit de la Saint Laurent est attendue chaque ann\u00e9e par une multitude de personnes. Mais qu\u2019est-ce qui rend cette nuit si sp\u00e9ciale\u00a0?\",\"breadcrumb\":{\"@id\":\"https:\/\/blog.holyart.it\/fr\/articles-religieux\/la-nuit-de-la-saint-laurent-la-nuit-des-etoiles-filantes\/#breadcrumb\"},\"inLanguage\":\"fr-FR\",\"potentialAction\":[{\"@type\":\"ReadAction\",\"target\":[\"https:\/\/blog.holyart.it\/fr\/articles-religieux\/la-nuit-de-la-saint-laurent-la-nuit-des-etoiles-filantes\/\"]}]},{\"@type\":\"ImageObject\",\"inLanguage\":\"fr-FR\",\"@id\":\"https:\/\/blog.holyart.it\/fr\/articles-religieux\/la-nuit-de-la-saint-laurent-la-nuit-des-etoiles-filantes\/#primaryimage\",\"url\":\"https:\/\/blog.holyart.it\/fr\/wp-content\/uploads\/sites\/14\/2021\/07\/nuit-de-la-Saint-Laurent.jpg\",\"contentUrl\":\"https:\/\/blog.holyart.it\/fr\/wp-content\/uploads\/sites\/14\/2021\/07\/nuit-de-la-Saint-Laurent.jpg\",\"width\":1000,\"height\":666,\"caption\":\"nuit de la Saint Laurent\"},{\"@type\":\"BreadcrumbList\",\"@id\":\"https:\/\/blog.holyart.it\/fr\/articles-religieux\/la-nuit-de-la-saint-laurent-la-nuit-des-etoiles-filantes\/#breadcrumb\",\"itemListElement\":[{\"@type\":\"ListItem\",\"position\":1,\"name\":\"Homepage\",\"item\":\"https:\/\/blog.holyart.it\/fr\/\"},{\"@type\":\"ListItem\",\"position\":2,\"name\":\"Religion\",\"item\":\"https:\/\/blog.holyart.it\/fr\/articles-religieux\/\"},{\"@type\":\"ListItem\",\"position\":3,\"name\":\"La nuit de la Saint Laurent : la nuit des \u00e9toiles filantes\"}]},{\"@type\":\"WebSite\",\"@id\":\"https:\/\/blog.holyart.it\/fr\/#website\",\"url\":\"https:\/\/blog.holyart.it\/fr\/\",\"name\":\"Holyart.fr Blog\",\"description\":\"Holyblog\",\"publisher\":{\"@id\":\"https:\/\/blog.holyart.it\/fr\/#organization\"},\"potentialAction\":[{\"@type\":\"SearchAction\",\"target\":{\"@type\":\"EntryPoint\",\"urlTemplate\":\"https:\/\/blog.holyart.it\/fr\/?s={search_term_string}\"},\"query-input\":{\"@type\":\"PropertyValueSpecification\",\"valueRequired\":true,\"valueName\":\"search_term_string\"}}],\"inLanguage\":\"fr-FR\"},{\"@type\":\"Organization\",\"@id\":\"https:\/\/blog.holyart.it\/fr\/#organization\",\"name\":\"Holyart.fr Blog\",\"url\":\"https:\/\/blog.holyart.it\/fr\/\",\"logo\":{\"@type\":\"ImageObject\",\"inLanguage\":\"fr-FR\",\"@id\":\"https:\/\/blog.holyart.it\/fr\/#\/schema\/logo\/image\/\",\"url\":\"https:\/\/blog.holyart.it\/fr\/wp-content\/uploads\/sites\/14\/2022\/12\/Holyart_Blog_Logo.jpg\",\"contentUrl\":\"https:\/\/blog.holyart.it\/fr\/wp-content\/uploads\/sites\/14\/2022\/12\/Holyart_Blog_Logo.jpg\",\"width\":300,\"height\":50,\"caption\":\"Holyart.fr Blog\"},\"image\":{\"@id\":\"https:\/\/blog.holyart.it\/fr\/#\/schema\/logo\/image\/\"}},{\"@type\":\"Person\",\"@id\":\"https:\/\/blog.holyart.it\/fr\/#\/schema\/person\/0a7b686e5af0f856ec1e390dd0baecda\",\"name\":\"Redazione\",\"image\":{\"@type\":\"ImageObject\",\"inLanguage\":\"fr-FR\",\"@id\":\"https:\/\/blog.holyart.it\/fr\/#\/schema\/person\/image\/\",\"url\":\"https:\/\/secure.gravatar.com\/avatar\/f477da817f43e50d0af36abecd33e3edf826c68299714bdc1057dff3b113f516?s=96&d=mm&r=g\",\"contentUrl\":\"https:\/\/secure.gravatar.com\/avatar\/f477da817f43e50d0af36abecd33e3edf826c68299714bdc1057dff3b113f516?s=96&d=mm&r=g\",\"caption\":\"Redazione\"},\"url\":\"https:\/\/blog.holyart.it\/fr\/author\/admin\/\"}]}<\/script>\n<!-- \/ Yoast SEO plugin. -->","yoast_head_json":{"title":"La nuit de la Saint Laurent : la nuit des \u00e9toiles filantes - Holyart.fr Blog","description":"La nuit de la Saint Laurent est attendue chaque ann\u00e9e par une multitude de personnes. Mais qu\u2019est-ce qui rend cette nuit si sp\u00e9ciale\u00a0?","robots":{"index":"index","follow":"follow","max-snippet":"max-snippet:-1","max-image-preview":"max-image-preview:large","max-video-preview":"max-video-preview:-1"},"canonical":"https:\/\/blog.holyart.it\/fr\/articles-religieux\/la-nuit-de-la-saint-laurent-la-nuit-des-etoiles-filantes\/","og_locale":"fr_FR","og_type":"article","og_title":"La nuit de la Saint Laurent : la nuit des \u00e9toiles filantes - Holyart.fr Blog","og_description":"La nuit de la Saint Laurent est attendue chaque ann\u00e9e par une multitude de personnes. Mais qu\u2019est-ce qui rend cette nuit si sp\u00e9ciale\u00a0?","og_url":"https:\/\/blog.holyart.it\/fr\/articles-religieux\/la-nuit-de-la-saint-laurent-la-nuit-des-etoiles-filantes\/","og_site_name":"Holyart.fr Blog","article_published_time":"2021-08-03T05:05:43+00:00","article_modified_time":"2022-10-17T08:11:54+00:00","og_image":[{"width":1000,"height":666,"url":"https:\/\/blog.holyart.it\/fr\/wp-content\/uploads\/sites\/14\/2021\/07\/nuit-de-la-Saint-Laurent.jpg","type":"image\/jpeg"}],"author":"Redazione","twitter_card":"summary_large_image","twitter_misc":{"\u00c9crit par":"Redazione","Dur\u00e9e de lecture estim\u00e9e":"10 minutes"},"schema":{"@context":"https:\/\/schema.org","@graph":[{"@type":"Article","@id":"https:\/\/blog.holyart.it\/fr\/articles-religieux\/la-nuit-de-la-saint-laurent-la-nuit-des-etoiles-filantes\/#article","isPartOf":{"@id":"https:\/\/blog.holyart.it\/fr\/articles-religieux\/la-nuit-de-la-saint-laurent-la-nuit-des-etoiles-filantes\/"},"author":{"name":"Redazione","@id":"https:\/\/blog.holyart.it\/fr\/#\/schema\/person\/0a7b686e5af0f856ec1e390dd0baecda"},"headline":"La nuit de la Saint Laurent : la nuit des \u00e9toiles filantes","datePublished":"2021-08-03T05:05:43+00:00","dateModified":"2022-10-17T08:11:54+00:00","mainEntityOfPage":{"@id":"https:\/\/blog.holyart.it\/fr\/articles-religieux\/la-nuit-de-la-saint-laurent-la-nuit-des-etoiles-filantes\/"},"wordCount":2035,"publisher":{"@id":"https:\/\/blog.holyart.it\/fr\/#organization"},"image":{"@id":"https:\/\/blog.holyart.it\/fr\/articles-religieux\/la-nuit-de-la-saint-laurent-la-nuit-des-etoiles-filantes\/#primaryimage"},"thumbnailUrl":"https:\/\/blog.holyart.it\/fr\/wp-content\/uploads\/sites\/14\/2021\/07\/nuit-de-la-Saint-Laurent.jpg","articleSection":["Religion"],"inLanguage":"fr-FR"},{"@type":"WebPage","@id":"https:\/\/blog.holyart.it\/fr\/articles-religieux\/la-nuit-de-la-saint-laurent-la-nuit-des-etoiles-filantes\/","url":"https:\/\/blog.holyart.it\/fr\/articles-religieux\/la-nuit-de-la-saint-laurent-la-nuit-des-etoiles-filantes\/","name":"La nuit de la Saint Laurent : la nuit des \u00e9toiles filantes - Holyart.fr Blog","isPartOf":{"@id":"https:\/\/blog.holyart.it\/fr\/#website"},"primaryImageOfPage":{"@id":"https:\/\/blog.holyart.it\/fr\/articles-religieux\/la-nuit-de-la-saint-laurent-la-nuit-des-etoiles-filantes\/#primaryimage"},"image":{"@id":"https:\/\/blog.holyart.it\/fr\/articles-religieux\/la-nuit-de-la-saint-laurent-la-nuit-des-etoiles-filantes\/#primaryimage"},"thumbnailUrl":"https:\/\/blog.holyart.it\/fr\/wp-content\/uploads\/sites\/14\/2021\/07\/nuit-de-la-Saint-Laurent.jpg","datePublished":"2021-08-03T05:05:43+00:00","dateModified":"2022-10-17T08:11:54+00:00","description":"La nuit de la Saint Laurent est attendue chaque ann\u00e9e par une multitude de personnes. Mais qu\u2019est-ce qui rend cette nuit si sp\u00e9ciale\u00a0?","breadcrumb":{"@id":"https:\/\/blog.holyart.it\/fr\/articles-religieux\/la-nuit-de-la-saint-laurent-la-nuit-des-etoiles-filantes\/#breadcrumb"},"inLanguage":"fr-FR","potentialAction":[{"@type":"ReadAction","target":["https:\/\/blog.holyart.it\/fr\/articles-religieux\/la-nuit-de-la-saint-laurent-la-nuit-des-etoiles-filantes\/"]}]},{"@type":"ImageObject","inLanguage":"fr-FR","@id":"https:\/\/blog.holyart.it\/fr\/articles-religieux\/la-nuit-de-la-saint-laurent-la-nuit-des-etoiles-filantes\/#primaryimage","url":"https:\/\/blog.holyart.it\/fr\/wp-content\/uploads\/sites\/14\/2021\/07\/nuit-de-la-Saint-Laurent.jpg","contentUrl":"https:\/\/blog.holyart.it\/fr\/wp-content\/uploads\/sites\/14\/2021\/07\/nuit-de-la-Saint-Laurent.jpg","width":1000,"height":666,"caption":"nuit de la Saint Laurent"},{"@type":"BreadcrumbList","@id":"https:\/\/blog.holyart.it\/fr\/articles-religieux\/la-nuit-de-la-saint-laurent-la-nuit-des-etoiles-filantes\/#breadcrumb","itemListElement":[{"@type":"ListItem","position":1,"name":"Homepage","item":"https:\/\/blog.holyart.it\/fr\/"},{"@type":"ListItem","position":2,"name":"Religion","item":"https:\/\/blog.holyart.it\/fr\/articles-religieux\/"},{"@type":"ListItem","position":3,"name":"La nuit de la Saint Laurent : la nuit des \u00e9toiles filantes"}]},{"@type":"WebSite","@id":"https:\/\/blog.holyart.it\/fr\/#website","url":"https:\/\/blog.holyart.it\/fr\/","name":"Holyart.fr Blog","description":"Holyblog","publisher":{"@id":"https:\/\/blog.holyart.it\/fr\/#organization"},"potentialAction":[{"@type":"SearchAction","target":{"@type":"EntryPoint","urlTemplate":"https:\/\/blog.holyart.it\/fr\/?s={search_term_string}"},"query-input":{"@type":"PropertyValueSpecification","valueRequired":true,"valueName":"search_term_string"}}],"inLanguage":"fr-FR"},{"@type":"Organization","@id":"https:\/\/blog.holyart.it\/fr\/#organization","name":"Holyart.fr Blog","url":"https:\/\/blog.holyart.it\/fr\/","logo":{"@type":"ImageObject","inLanguage":"fr-FR","@id":"https:\/\/blog.holyart.it\/fr\/#\/schema\/logo\/image\/","url":"https:\/\/blog.holyart.it\/fr\/wp-content\/uploads\/sites\/14\/2022\/12\/Holyart_Blog_Logo.jpg","contentUrl":"https:\/\/blog.holyart.it\/fr\/wp-content\/uploads\/sites\/14\/2022\/12\/Holyart_Blog_Logo.jpg","width":300,"height":50,"caption":"Holyart.fr Blog"},"image":{"@id":"https:\/\/blog.holyart.it\/fr\/#\/schema\/logo\/image\/"}},{"@type":"Person","@id":"https:\/\/blog.holyart.it\/fr\/#\/schema\/person\/0a7b686e5af0f856ec1e390dd0baecda","name":"Redazione","image":{"@type":"ImageObject","inLanguage":"fr-FR","@id":"https:\/\/blog.holyart.it\/fr\/#\/schema\/person\/image\/","url":"https:\/\/secure.gravatar.com\/avatar\/f477da817f43e50d0af36abecd33e3edf826c68299714bdc1057dff3b113f516?s=96&d=mm&r=g","contentUrl":"https:\/\/secure.gravatar.com\/avatar\/f477da817f43e50d0af36abecd33e3edf826c68299714bdc1057dff3b113f516?s=96&d=mm&r=g","caption":"Redazione"},"url":"https:\/\/blog.holyart.it\/fr\/author\/admin\/"}]}},"_links":{"self":[{"href":"https:\/\/blog.holyart.it\/fr\/wp-json\/wp\/v2\/posts\/3279","targetHints":{"allow":["GET"]}}],"collection":[{"href":"https:\/\/blog.holyart.it\/fr\/wp-json\/wp\/v2\/posts"}],"about":[{"href":"https:\/\/blog.holyart.it\/fr\/wp-json\/wp\/v2\/types\/post"}],"author":[{"embeddable":true,"href":"https:\/\/blog.holyart.it\/fr\/wp-json\/wp\/v2\/users\/1"}],"replies":[{"embeddable":true,"href":"https:\/\/blog.holyart.it\/fr\/wp-json\/wp\/v2\/comments?post=3279"}],"version-history":[{"count":0,"href":"https:\/\/blog.holyart.it\/fr\/wp-json\/wp\/v2\/posts\/3279\/revisions"}],"wp:featuredmedia":[{"embeddable":true,"href":"https:\/\/blog.holyart.it\/fr\/wp-json\/wp\/v2\/media\/3280"}],"wp:attachment":[{"href":"https:\/\/blog.holyart.it\/fr\/wp-json\/wp\/v2\/media?parent=3279"}],"wp:term":[{"taxonomy":"category","embeddable":true,"href":"https:\/\/blog.holyart.it\/fr\/wp-json\/wp\/v2\/categories?post=3279"},{"taxonomy":"post_tag","embeddable":true,"href":"https:\/\/blog.holyart.it\/fr\/wp-json\/wp\/v2\/tags?post=3279"}],"curies":[{"name":"wp","href":"https:\/\/api.w.org\/{rel}","templated":true}]}}