{"id":3264,"date":"2021-07-29T07:17:40","date_gmt":"2021-07-29T05:17:40","guid":{"rendered":"https:\/\/blog.holyart.it\/fr\/?p=3264"},"modified":"2023-10-03T14:41:52","modified_gmt":"2023-10-03T12:41:52","slug":"lannee-liturgique-eclaircissons-les-choses","status":"publish","type":"post","link":"https:\/\/blog.holyart.it\/fr\/accessoires-pour-la-liturgie\/lannee-liturgique-eclaircissons-les-choses\/","title":{"rendered":"L&rsquo;ann\u00e9e liturgique : \u00e9claircissons les choses"},"content":{"rendered":"<h4 style=\"text-align: center;\">Les temps liturgiques de l\u2019\u00e9glise catholique sont les saisons dans lesquelles est subdivis\u00e9e l\u2019ann\u00e9e liturgique. D\u00e9couvrons-les ensembles.<\/h4>\n\n<p>Nous entendons souvent parler d\u2019<strong>ann\u00e9e liturgique<\/strong> et de <strong>temps liturgiques<\/strong> de l\u2019\u00e9glise catholique. Mais sommes-nous s\u00fbrs de savoir vraiment de quoi il s\u2019agit ? En particulier, combien et lesquels sont les temps liturgiques\u00a0? Comment sont-ils distingu\u00e9s ? Chez <a href=\"https:\/\/www.holyart.fr\/\"><strong><em>Holyart<\/em><\/strong><\/a>, nous avons d\u00e9cid\u00e9 de synth\u00e9tiser l\u2019explication de la subdivision de l\u2019ann\u00e9e liturgique en temps liturgiques dans cet article afin d\u2019aider ceux qui auraient des doutes, \u00e0 comprendre de mani\u00e8re concise et synth\u00e9tique comment les temps liturgiques de l\u2019\u00e9glise catholique sont-ils organis\u00e9s.<\/p>\n<p>Pourquoi pensons-nous qu\u2019il est important d\u2019avoir les id\u00e9es claires \u00e0 ce propos\u00a0? Parce que chaque temps liturgique pr\u00e9voit non seulement diff\u00e9rents contenus th\u00e9ologiques dans le contexte des c\u00e9r\u00e9monies et dans la liturgie, dans les couleurs \u00e0 utiliser dans les c\u00e9l\u00e9brations, dans les extraits des Saintes \u00c9critures qui sont lus pendant la messe. Chaque temps liturgique demande une <strong>attitude de l\u2019\u00e2me <\/strong>diff\u00e9rente de la part du croyant, <strong>une pr\u00e9disposition de foi et de c\u0153ur<\/strong> qui change selon les f\u00eates pr\u00e9vues pour cette p\u00e9riode, du moment de la vie de J\u00e9sus ou des Saints qui y sont c\u00e9l\u00e9br\u00e9s. Il y a un temps pour l\u2019attente et un temps pour l\u2019accomplissement, et cette affirmation est plus vraie que jamais dans les cycles et les recycles de l\u2019ann\u00e9e liturgique, qui se r\u00e9p\u00e8tent depuis des si\u00e8cles en impliquant tous les chr\u00e9tiens.<\/p>\n<p>En attendant, nous pouvons dire que l\u2019ann\u00e9e liturgique c\u00e9l\u00e8bre et renouvelle la <strong>vie de J\u00e9sus<\/strong> redistribu\u00e9e au cours d\u2019une ann\u00e9e enti\u00e8re. Le c\u0153ur de l\u2019ann\u00e9e liturgique et le <strong>Triduum Pascal<\/strong>, puisqu\u2019il rappelle la passion, la mort et la r\u00e9surrection de J\u00e9sus.<br \/>\nL&rsquo;ann\u00e9e liturgique <strong>commence avec l\u2019Avent<\/strong> et <strong>se termine avec la <a href=\"https:\/\/www.holyart.fr\/occasions-speciales\/paques-et-careme\/christ-ressuscite-pretre-et-roi\">solennit\u00e9 de Christ Roi<\/a><\/strong>, f\u00eat\u00e9e dans le trente-quatri\u00e8me dimanche du Temps Ordinaire, fin novembre.<br \/>\nL&rsquo;ann\u00e9e liturgique se mesure en <strong>semaines<\/strong> et est compos\u00e9e du <strong>Temporal<\/strong>, qui comprend le cycle de l\u2019Avent et de No\u00ebl, le cycle pascal avec <a href=\"https:\/\/www.holyart.fr\/occasions-speciales\/paques-et-careme\"><strong>Car\u00eame et P\u00e2ques<\/strong><\/a>, et les 34 dimanches du Temps Ordinaire, et le <strong>Sanctoral<\/strong> qui comprend, par contre, les jours d\u00e9di\u00e9s \u00e0 la m\u00e9moire des Saints.<\/p>\n<p>L\u2019ann\u00e9e liturgique repr\u00e9sente pour chaque chr\u00e9tien un <strong>chemin de salut<\/strong>, durant lequel chaque fid\u00e8le est invit\u00e9 \u00e0 s\u2019impr\u00e9gner de l\u2019exp\u00e9rience terrestre et spirituelle de J\u00e9sus afin de transformer sa propre vie et la rendre plus digne et sainte selon Son mod\u00e8le.<\/p>\n<p><img loading=\"lazy\" decoding=\"async\" class=\"aligncenter size-full wp-image-3267\" src=\"https:\/\/blog.holyart.it\/fr\/wp-content\/uploads\/sites\/14\/2021\/07\/couleurs-liturgiques.jpeg\" alt=\"Linie aus christlichen Symbolen, Zeichen\" width=\"1000\" height=\"105\" data-kale-share-title=\"L\u2019ann\u00e9e liturgique : \u00e9claircissons les choses\" data-kale-share-url=\"https:\/\/blog.holyart.it\/fr\/?p=3264\" \/><\/p>\n<h2>Temps liturgiques de l\u2019\u00e9glise catholique<\/h2>\n<p>Avant tout, d\u00e9finissons quels sont les temps liturgiques de l\u2019\u00e9glise catholique et essayons, en m\u00eame temps, de r\u00e9sumer quelles c\u00e9l\u00e9brations et lectures bibliques ils pr\u00e9voient. Par souci de clart\u00e9, nous parlerons du <strong>Rite Romain<\/strong>, transmis par l\u2019\u00c9glise de Rome et le plus rependu du Christianisme. Dans le <strong>Rite Ambrosien<\/strong>, tous les temps liturgiques sont anticip\u00e9s et les c\u00e9l\u00e9brations terminent la derni\u00e8re semaine du Temps apr\u00e8s la Pentec\u00f4te.<\/p>\n<p>Voici comment l\u2019ann\u00e9e liturgique est divis\u00e9e.<\/p>\n<h2>Avent<\/h2>\n<p>L\u2019<a href=\"https:\/\/www.holyart.fr\/noel\/avent\"><strong>Avent<\/strong><\/a> est le temps de l\u2019attente : d\u2019un c\u00f4t\u00e9, on c\u00e9l\u00e8bre la venue imminente de J\u00e9sus, en vue de la No\u00ebl et, de l\u2019autre, plus globalement, on f\u00eate l\u2019espoir de Son retour \u00e0 la fin des temps (la <strong>Parousie<\/strong>, la venue du Seigneur J\u00e9sus glorifi\u00e9, avec puissance et gloire).<br \/>\nCe temps liturgique dure <strong>quatre semaines<\/strong>. Il commence en effet avant No\u00ebl, de mani\u00e8re indicative entre le 27 novembre et le 3 d\u00e9cembre. Dans le <strong>Rite ambrosien<\/strong>, par contre, les semaines sont <strong>six<\/strong>.<br \/>\nL\u2019Avent commence avec les <em>v\u00eapres<\/em> du premier dimanche et se conclut avec les <em>v\u00eapres de No\u00ebl<\/em>, le 24 d\u00e9cembre et avec le d\u00e9but du Temps liturgique de No\u00ebl.<br \/>\nL&rsquo;Avent est un temps de <strong>joie<\/strong> et d\u2019<strong>espoir<\/strong>, dans l\u2019attente du Sauveur.<br \/>\nDans le Rite romain, on utilise comme <strong>couleur liturgique<\/strong> le <strong>violet<\/strong>, et, dans le Rite ambrosien, le <strong>morello<\/strong>, une nuance de violet.<\/p>\n<div class=\"link-article\">\n<p><img loading=\"lazy\" decoding=\"async\" class=\"alignleft size-full wp-image-3268\" src=\"https:\/\/blog.holyart.it\/fr\/wp-content\/uploads\/sites\/14\/2021\/07\/Avent.jpg\" alt=\"Avent\" width=\"150\" height=\"99\" data-kale-share-title=\"L\u2019ann\u00e9e liturgique : \u00e9claircissons les choses\" data-kale-share-url=\"https:\/\/blog.holyart.it\/fr\/?p=3264\" \/><\/p>\n<div class=\"leggi-anche\">Lire aussi :<\/div>\n<p><strong><a href=\"https:\/\/www.holyart.fr\/blog\/noel\/le-temps-de-lavent\/\">Le temps de l\u2019Avent<\/a><\/strong><br \/>\nL\u2019Avent est un des moments les plus importants de l\u2019ann\u00e9e pour les catholiques du monde entier.<\/p>\n<\/div>\n<h2>No\u00ebl<\/h2>\n<p>Le temps liturgique de <a href=\"https:\/\/www.holyart.fr\/noel\"><strong>No\u00ebl<\/strong><\/a> commence le soir du 24 d\u00e9cembre, avec les v\u00eapres, et se conclut le dimanche apr\u00e8s l\u2019\u00c9piphanie. Il a donc une dur\u00e9e allant <strong>de quatorze \u00e0 vingt jours<\/strong>.<br \/>\nComme, voire plus, l\u2019Avent, No\u00ebl est un temps de <strong>grande joie<\/strong>, puisqu\u2019il c\u00e9l\u00e8bre la premi\u00e8re venue de J\u00e9sus, fait homme par amour de nous tous.<\/p>\n<div class=\"link-product\">\n<div class=\"blocco-immagine\"><img loading=\"lazy\" decoding=\"async\" class=\"alignnone size-full wp-image-3271\" src=\"https:\/\/blog.holyart.it\/fr\/wp-content\/uploads\/sites\/14\/2021\/07\/sapin-de-noel.jpg\" alt=\"sapin de noel\" width=\"100\" height=\"100\" data-kale-share-title=\"L\u2019ann\u00e9e liturgique : \u00e9claircissons les choses\" data-kale-share-url=\"https:\/\/blog.holyart.it\/fr\/?p=3264\" \/><\/div>\n<div class=\"blocco-contenuto\">\n<div class=\"blocco-acquista\">Acheter sur Holyart:<\/div>\n<div class=\"blocco-titolo\"><a href=\"https:\/\/www.holyart.fr\/noel\">Articles de No\u00ebl<\/a><\/div>\n<div class=\"blocco-descrizione\">S\u00e9lection d&rsquo;articles pour d\u00e9corer la maison<\/div>\n<\/div>\n<\/div>\n<h2>Temps Ordinaire 1<\/h2>\n<p>Le temps suivant l\u2019\u00c9piphanie rentre dans ce qu\u2019on appelle le <strong>Temps Ordinaire<\/strong>, i.e. toutes ces p\u00e9riodes de l\u2019ann\u00e9e liturgiques durant lesquelles nous ne c\u00e9l\u00e9brons pas de f\u00eates d\u2019une importance particuli\u00e8re. Dans le Rite romain, ce temps dure <strong>trente-trois semaines<\/strong>, divis\u00e9es en deux p\u00e9riodes distinctes de Temps Ordinaire :<\/p>\n<ul>\n<li>du lundi apr\u00e8s le dimanche du Bapt\u00eame de J\u00e9sus, i.e. le dimanche apr\u00e8s l\u2019\u00c9piphanie, au d\u00e9but du Car\u00eame (Mercredi des cendres) ;<\/li>\n<li>apr\u00e8s la Pentec\u00f4te et jusqu\u2019au temps de l\u2019Avent suivant.<\/li>\n<\/ul>\n<p>La <strong>couleur liturgique<\/strong> du Temps Ordinaire est le <strong>vert<\/strong>, pour le Rite romain comme pour l\u2019ambrosien.<br \/>\nPendant le Temps Ordinaire, l\u2019\u00c9glise et les fid\u00e8les se concentrent sur <strong>la lecture et la compr\u00e9hension des \u00c9vangiles<\/strong>, selon le cycle de lecture sur trois ans \u00e9tabli par le Lectionnaire. Le cycle de lecture est identifi\u00e9 par les A \u2013 B \u2013 C :<\/p>\n<ul>\n<li>Ann\u00e9e A : la plupart des textes \u00e9vang\u00e9liques de MATTHIEU.<\/li>\n<li>Ann\u00e9e B : la plupart des textes \u00e9vang\u00e9liques de MARC.<\/li>\n<li>Ann\u00e9e C : la plupart des textes \u00e9vang\u00e9liques de LUC.<\/li>\n<\/ul>\n<p>L\u2019\u00c9vangile selon JEAN est lu tous les ans \u00e0 P\u00e2ques et est utilis\u00e9 pour d\u2019autres temps liturgiques, comme l\u2019Avent, No\u00ebl et le Car\u00eame.<\/p>\n<h2>Car\u00eame<\/h2>\n<p>Le Car\u00eame\u00a0dure <strong>quarante jours<\/strong> et pr\u00e9c\u00e8de la c\u00e9l\u00e9bration de P\u00e2ques.<br \/>\nIl commence le <a href=\"https:\/\/www.holyart.fr\/blog\/articles-religieux\/mercredi-des-cendres-quest-ce-que-cest\/\"><strong>Mercredi des Cendres<\/strong><\/a> et se conclut le <strong>Jeudi Saint<\/strong>.<br \/>\nDans le <strong>Rite ambrosien<\/strong>, il commence par contre le dimanche suivant le Mardi gras et se conclut le Jeudi saint.<br \/>\nOn compte donc <strong>cinq dimanche de Car\u00eame<\/strong> : la sixi\u00e8me ouvre la <strong>Semaine<\/strong> <strong>Sainte<\/strong> et prend le nom de <strong>Dimanche des Rameaux<\/strong> et de la Passion du Seigneur.<br \/>\nCe temps liturgique rappelle la p\u00e9riode de quarante jour pass\u00e9e par J\u00e9sus dans le d\u00e9sert.<\/p>\n<div class=\"link-article\">\n<p><img loading=\"lazy\" decoding=\"async\" class=\"alignleft size-full wp-image-3272\" src=\"https:\/\/blog.holyart.it\/fr\/wp-content\/uploads\/sites\/14\/2021\/07\/Mercredi-des-Cendres.jpeg\" alt=\"Mercredi des Cendres\" width=\"150\" height=\"99\" data-kale-share-title=\"L\u2019ann\u00e9e liturgique : \u00e9claircissons les choses\" data-kale-share-url=\"https:\/\/blog.holyart.it\/fr\/?p=3264\" \/><\/p>\n<div class=\"leggi-anche\">Lire aussi :<\/div>\n<p><strong><a href=\"https:\/\/www.holyart.fr\/blog\/articles-religieux\/mercredi-des-cendres-quest-ce-que-cest\/\">Mercredi des Cendres : qu\u2019est-ce que c\u2019est<\/a><\/strong><br \/>\nApr\u00e8s Mardi gras, il y a le Mercredi des Cendres, qui marque le d\u00e9but du Car\u00eame. Mais d\u2019o\u00f9 provient cette f\u00eate si particuli\u00e8re ?<\/p>\n<\/div>\n<p>Il s\u2019agit donc d\u2019une p\u00e9riode de <strong>p\u00e9nitence, pri\u00e8re et pr\u00e9paration \u00e0 P\u00e2ques<\/strong>, durant laquelle on combat contre le p\u00e9ch\u00e9 afin d\u2019\u00eatre dignes de J\u00e9sus et de Son sacrifice.<br \/>\nLa <strong>Semaine Sainte<\/strong>\u00a0est la <strong>semaine qui pr\u00e9c\u00e8de P\u00e2ques<\/strong> et est la plus importante de l\u2019ann\u00e9e. Pendant cette semaine, nous suivons J\u00e9sus dans son <strong>entr\u00e9e \u00e0 J\u00e9rusalem<\/strong> (Dimanche des Rameaux), jusqu\u2019\u00e0 son arrestation, \u00e0 la Passion, \u00e0 la mort et \u00e0 la s\u00e9pulture.<br \/>\nLe <strong>Jeudi Saint<\/strong> rappelle la <strong>C\u00e8ne<\/strong> et ouvre le solennel <strong>Triduum Pascal<\/strong>, le temps central de l\u2019ann\u00e9e liturgique, car dans ces trois jours J\u00e9sus institua l\u2019<strong>Eucharistie<\/strong>, le <strong>sacerdoce<\/strong> <strong>minist\u00e9riel<\/strong>, pronon\u00e7a le <strong>commandement de l\u2019amour fraternel<\/strong>.<br \/>\nEn outre, le <strong>Vendredi Saint<\/strong> rappelle Sa mort sur la Croix.<br \/>\nLe <strong>Samedi Saint<\/strong>, chaque c\u00e9l\u00e9bration liturgique est suspendue, afin de rappeler la descente de J\u00e9sus en Enfer, tandis qu\u2019on se pr\u00e9pare pour la <strong>Veill\u00e9e Pascale<\/strong> (la nuit entre le samedi et le dimanche).<br \/>\nLa <strong>couleur liturgique<\/strong> du Car\u00eame est le <strong>violet<\/strong>, voire le <strong>morello<\/strong> pour le Rite ambrosien.<br \/>\nLe <strong>Rite Ambrosien<\/strong> fait commencer le Car\u00eame avec les premiers v\u00eapres du dimanche apr\u00e8s le Mercredi des Cendres et termine le soir du Jeudi Saint, pour un total de quarante jours.<\/p>\n<p>En r\u00e9sum\u00e9 :<\/p>\n<ul>\n<li><strong>Dimanche des Rameaux :<\/strong> il rappelle l\u2019entr\u00e9e solennel de J\u00e9sus \u00e0 J\u00e9rusalem.<\/li>\n<li><strong>Triduum Pascal :<\/strong> il se compose de :\n<ul>\n<li><strong>Jeudi Saint <\/strong>(C\u00e8ne). Apr\u00e8s la messe, l\u2019Eucharistie est plac\u00e9e dans le <a href=\"https:\/\/www.holyart.fr\/accessoires-pour-la-liturgie\/mobilier-deglise\/tabernacles\"><strong>tabernacle<\/strong><\/a> d\u00e9cor\u00e9e de fleurs et lumi\u00e8res afin d\u2019\u00eatre ador\u00e9e par les fid\u00e8les qui rappellent la nuit pass\u00e9e par J\u00e9sus au Jardin des Oliviers. Il rappelle la C\u00e8ne. Les \u00c9v\u00eaques et tous les presbytres invoquent le Saint Esprit afin de b\u00e9nir les huiles qui serviront pour les sacrements et qui renouvellent les promesses de leur ordination.<\/li>\n<li><strong>Vendredi Saint<\/strong> (Passion du Seigneur). On lit les passages \u00e9vang\u00e9liques de la Passion de J\u00e9sus et, ensuite, on prie ensemble pour tous les n\u00e9cessiteux du monde en invoquant la mis\u00e9ricorde de Dieu. Suit la procession d\u2019adoration de la Croix qui a sauv\u00e9 le monde et la communion avec le pain consacr\u00e9 lors de la Messe du Jeudi Saint.<\/li>\n<li><strong>Samedi Saint \u2013 Veill\u00e9e Pascale\u00a0: <\/strong>il est le pr\u00e9lude de la Veill\u00e9e pascale. Il commence avec la <em>Liturgie de la lumi\u00e8re<\/em>, qui a lieu hors de l\u2019\u00e9glise o\u00f9 le <a href=\"https:\/\/www.holyart.fr\/produits-de-consommation\/bougies-cierges-chandelles?23%5B%5D=981&amp;p_min=&amp;p_max=\"><strong>cierge pascal<\/strong><\/a> est allum\u00e9 et se poursuit avec l\u2019entr\u00e9e des fid\u00e8les dans l\u2019\u00e9glise dans le noir. Ensuite, on c\u00e9l\u00e8bre la <em>Liturgie de la Parole<\/em> avec des lectures sur la P\u00e2ques juive (fuite des juifs de l\u2019\u00c9gypte). Les cloches qui \u00e9taient rest\u00e9es silencieuses \u00e0 partir du jeudi saint sonnent de nouveau. Vient ensuite la <em>Liturgie baptismale<\/em>, avec laquelle l\u2019eau pour le Bapt\u00eame est b\u00e9nite, et la <em>Liturgie eucharistique<\/em> qui \u00e9voque la mort et r\u00e9surrection de J\u00e9sus.<\/li>\n<\/ul>\n<\/li>\n<\/ul>\n<div class=\"link-product\">\n<div class=\"blocco-immagine\"><img loading=\"lazy\" decoding=\"async\" class=\"alignnone size-full wp-image-3273\" src=\"https:\/\/blog.holyart.it\/fr\/wp-content\/uploads\/sites\/14\/2021\/07\/cierge-pascal-croix-bleue.jpg\" alt=\"cierge pascal croix bleue\" width=\"100\" height=\"100\" data-kale-share-title=\"L\u2019ann\u00e9e liturgique : \u00e9claircissons les choses\" data-kale-share-url=\"https:\/\/blog.holyart.it\/fr\/?p=3264\" \/><\/div>\n<div class=\"blocco-contenuto\">\n<div class=\"blocco-acquista\">Acheter sur Holyart:<\/div>\n<div class=\"blocco-titolo\"><a href=\"https:\/\/www.holyart.fr\/produits-de-consommation\/bougies-cierges-chandelles?23%5B%5D=981&amp;p_min=&amp;p_max=\">Bougies, cierges, chandelles<\/a><\/div>\n<div class=\"blocco-descrizione\">Vaste gamme de bougies et cierges<\/div>\n<\/div>\n<\/div>\n<h2>Temps de P\u00e2ques<\/h2>\n<p>La <strong>Veill\u00e9e Pascale<\/strong> marque la fin du Car\u00eame et le d\u00e9but de P\u00e2ques, quand on f\u00eate le triomphe de J\u00e9sus Christ sur la mort.<br \/>\nP\u00e2ques est une p\u00e9riode de <strong>cinquante jours<\/strong> et dure <strong>jusqu\u2019\u00e0 la fin de la Pentec\u00f4te<\/strong>.<br \/>\nPendant toute cette p\u00e9riode, on c\u00e9l\u00e8bre la <strong>joie de la R\u00e9surrection<\/strong>, avec une succession de c\u00e9r\u00e9monies et de f\u00eates liturgiques durant tous les dimanches du Temps Pascal.<br \/>\n<strong>Quarante jours <\/strong>apr\u00e8s P\u00e2ques, on c\u00e9l\u00e8bre l\u2019<strong>Ascension de J\u00e9sus<\/strong>, qui, avec P\u00e2ques et la Pentec\u00f4te, est une des f\u00eates plus importantes du Calendrier Eccl\u00e9siastique. Il s\u2019agit du moment o\u00f9 J\u00e9sus, apr\u00e8s \u00eatre mort et avoir \u00e9t\u00e9 enterr\u00e9, monte au Ciel.<br \/>\n<strong>Cinquante jours <\/strong>apr\u00e8s P\u00e2ques, on c\u00e9l\u00e8bre la <strong>Pentec\u00f4te<\/strong>, la descente du Saint Esprit sur les Ap\u00f4tres, ce qui marqua le d\u00e9but de leur mission \u00e9vang\u00e9lique et la naissance de l\u2019\u00c9glise.<br \/>\nLa <strong>couleur liturgique<\/strong> est le <strong>blanc<\/strong>, <strong>rouge<\/strong> pour la Pentec\u00f4te.<\/p>\n<h2>Temps Ordinaire 2<\/h2>\n<p>Comme d\u00e9j\u00e0 sp\u00e9cifi\u00e9, apr\u00e8s la Pentec\u00f4te, commence la <strong>deuxi\u00e8me p\u00e9riode du Temps Ordinaire<\/strong>. Il s\u2019agit de p\u00e9riodes d\u2019\u00e9coute et de contemplation de la Parole du Seigneur. Les th\u00e8mes changent au fur et \u00e0 mesure que l\u2019on approche de l\u2019Avent.<br \/>\nLa <strong>couleur<\/strong> <strong>liturgique<\/strong> est encore le <strong>vert<\/strong>.<\/p>\n<p>Le <strong>Rite Ambrosien<\/strong> divise le Temps Ordinaire apr\u00e8s la Pentec\u00f4te en trois moments distincts :<\/p>\n<ul>\n<li>Semaines apr\u00e8s la Pentec\u00f4te (couleur liturgique\u00a0: rouge);<\/li>\n<li>Semaines apr\u00e8s le Martyre (couleur liturgique\u00a0: rouge);<\/li>\n<li>Semaines apr\u00e8s la D\u00e9dicace (couleur liturgique\u00a0: vert).<\/li>\n<\/ul>\n<div class=\"link-article\">\n<p><img loading=\"lazy\" decoding=\"async\" class=\"alignleft size-full wp-image-3274\" src=\"https:\/\/blog.holyart.it\/fr\/wp-content\/uploads\/sites\/14\/2021\/07\/Rite-romain.jpg\" alt=\"Rite romain\" width=\"150\" height=\"99\" data-kale-share-title=\"L\u2019ann\u00e9e liturgique : \u00e9claircissons les choses\" data-kale-share-url=\"https:\/\/blog.holyart.it\/fr\/?p=3264\" \/><\/p>\n<div class=\"leggi-anche\">Lire aussi :<\/div>\n<p><strong><a href=\"https:\/\/www.holyart.fr\/blog\/accessoires-pour-la-liturgie\/rite-ambrosien-et-rite-romain-quels-sont-les-differences\/\">Rite ambrosien et rite romain : quels sont les diff\u00e9rences ?<\/a><\/strong><br \/>\nRite ambrosien et romain. D\u00e9couvrons ensemble les diff\u00e9rences entre deux fa\u00e7ons diff\u00e9rentes de vivre la foi, \u00e9gaux et pourtant distincts.<\/p>\n<\/div>\n<h2>Couleurs des ornements liturgiques catholiques<\/h2>\n<p>En parlant des diff\u00e9rents temps liturgiques, nous avons d\u00e9j\u00e0 \u00e9num\u00e9r\u00e9 quelles couleurs sont utilis\u00e9es pour les ornements liturgiques \u00e0 l\u2019occasion des diff\u00e9rentes f\u00eates. Chacune de ces couleurs a sa signification pr\u00e9cise, et elles ont \u00e9t\u00e9 codifi\u00e9es par volont\u00e9 de Paul VI dans le Rite Romain en 1969. Les plus importants sont au nombre de quatre :<\/p>\n<ul>\n<li><strong>blanc<\/strong> (P\u00e2ques)<\/li>\n<li><strong>vert<\/strong> (Temps Ordinaire)<\/li>\n<li><strong>rouge <\/strong>(dimanche des Rameaux, Vendredi Saint, Pentec\u00f4te)<\/li>\n<li><strong>violet<\/strong> (Avent, Car\u00eame, Messes pour les d\u00e9funts).<\/li>\n<\/ul>\n<div class=\"link-article\">\n<p><img loading=\"lazy\" decoding=\"async\" class=\"alignleft size-full wp-image-3275\" src=\"https:\/\/blog.holyart.it\/fr\/wp-content\/uploads\/sites\/14\/2021\/07\/Les-couleurs-dans-la-liturgie-catholique.jpg\" alt=\"Les couleurs dans la liturgie catholique\" width=\"150\" height=\"100\" data-kale-share-title=\"L\u2019ann\u00e9e liturgique : \u00e9claircissons les choses\" data-kale-share-url=\"https:\/\/blog.holyart.it\/fr\/?p=3264\" \/><\/p>\n<div class=\"leggi-anche\">Lire aussi :<\/div>\n<p><strong><a href=\"https:\/\/www.holyart.fr\/blog\/accessoires-pour-la-liturgie\/couleurs-liturgie-catholique-signification\/\">Les couleurs dans la liturgie catholique et leur signification<\/a><\/strong><br \/>\nLes v\u00eatements liturgiques des pr\u00eatres catholiques se d\u00e9clinent dans une gamme de couleurs ayant une signification tr\u00e8s pr\u00e9cise.<\/p>\n<\/div>\n<p>Mais il existe \u00e9galement d\u2019autres couleurs pour les ornements liturgiques utilis\u00e9es uniquement pour des occasions sp\u00e9cifiques ou comme alternatives aux couleurs canoniques :<\/p>\n<ul>\n<li><strong>rose <\/strong>(troisi\u00e8me dimanche de l\u2019Avent et quatri\u00e8me dimanche de Car\u00eame) ;<\/li>\n<li><strong>bleu clair<\/strong> (c\u00e9l\u00e9brations en l\u2019honneur de la Bienheureuse Vierge Marie) ;<\/li>\n<li><strong>or<\/strong> (Solennit\u00e9s d\u2019une importance particuli\u00e8re) ;<\/li>\n<li><strong>noir <\/strong>(Messes pour les d\u00e9funts).<\/li>\n<\/ul>\n<div class=\"link-product\">\n<div class=\"blocco-immagine\"><img loading=\"lazy\" decoding=\"async\" class=\"alignnone size-full wp-image-3276\" src=\"https:\/\/blog.holyart.it\/fr\/wp-content\/uploads\/sites\/14\/2021\/07\/chasuble-avec-croix.jpg\" alt=\"chasuble avec croix\" width=\"100\" height=\"100\" data-kale-share-title=\"L\u2019ann\u00e9e liturgique : \u00e9claircissons les choses\" data-kale-share-url=\"https:\/\/blog.holyart.it\/fr\/?p=3264\" \/><\/div>\n<div class=\"blocco-contenuto\">\n<div class=\"blocco-acquista\">Acheter sur Holyart:<\/div>\n<div class=\"blocco-titolo\"><a href=\"https:\/\/www.holyart.fr\/accessoires-pour-la-liturgie\/vetements-liturgiques-et-linges-dautel\">V\u00eatements liturgiques<\/a><\/div>\n<div class=\"blocco-descrizione\">V\u00eatements liturgiques et linges d&rsquo;autel<\/div>\n<\/div>\n<\/div>\n<h2>L\u2019ann\u00e9e liturgique expliqu\u00e9e aux enfants<\/h2>\n<p><strong>Apprendre aux enfants et aux jeunes <\/strong>comment l\u2019ann\u00e9e liturgique est organis\u00e9e peut \u00eatre une mani\u00e8re pr\u00e9cieuse de les aider \u00e0 se familiariser avec les principales f\u00eates, p\u00e9riodes et couleurs liturgiques. Les <strong>couleurs<\/strong> pourraient justement \u00eatre un excellent atout pour aider les plus petits \u00e0 comprendre quels sont les diff\u00e9rents temps liturgiques.<\/p>\n<p>Le <strong>Violet<\/strong> est la couleur utilis\u00e9e pour c\u00e9l\u00e9brer l\u2019attente pour la naissance de J\u00e9sus (<strong>Avent<\/strong>) et la pr\u00e9paration \u00e0 P\u00e2ques (<strong>Car\u00eame<\/strong>). Dans les deux p\u00e9riodes nous devons <strong>intensifier la pri\u00e8re<\/strong> et <strong>\u00eatre plus sages<\/strong>.<\/p>\n<p>Le <strong>Blanc<\/strong> est la couleur de la <strong>No\u00ebl<\/strong>, quand J\u00e9sus est venu au monde comme un Enfant et s\u2019est fait homme pour notre salut. C\u2019est \u00e9galement la couleur de <strong>P\u00e2ques<\/strong>, quand J\u00e9sus est mort et ressuscit\u00e9 pour nous tous.<\/p>\n<p>Le <strong>Rouge<\/strong> est la couleur du Saint Esprit, utilis\u00e9 pour f\u00eater la <strong>Pentec\u00f4te<\/strong>, mais est \u00e9galement la couleur du <strong>sang de la Passion<\/strong>, et c\u2019est pour cette raison que les pr\u00eatres l\u2019utilisent pour les f\u00eates des <a href=\"https:\/\/www.holyart.fr\/articles-religieux\/statues\"><strong>Saints martyrs<\/strong><\/a>, pour le Dimanche des Rameaux et pour le Vendredi Saint.<\/p>\n<div class=\"link-article\">\n<p><img loading=\"lazy\" decoding=\"async\" class=\"alignleft size-full wp-image-3277\" src=\"https:\/\/blog.holyart.it\/fr\/wp-content\/uploads\/sites\/14\/2021\/07\/saints-martyrs.jpg\" alt=\"saints martyrs\" width=\"150\" height=\"99\" data-kale-share-title=\"L\u2019ann\u00e9e liturgique : \u00e9claircissons les choses\" data-kale-share-url=\"https:\/\/blog.holyart.it\/fr\/?p=3264\" \/><\/p>\n<div class=\"leggi-anche\">Lire aussi :<\/div>\n<p><strong><a href=\"https:\/\/www.holyart.fr\/blog\/articles-religieux\/saints-martyrs-sacrifier-sa-vie-au-nom-de-dieu\/\">Saints Martyrs : sacrifier sa vie au nom de Dieu<\/a><\/strong><br \/>\nLes Saints Martyrs sont des hommes et des femmes qui ont sacrifi\u00e9 leur vie pour amour de Dieu et ont m\u00e9rit\u00e9 la b\u00e9atification.<\/p>\n<\/div>\n<p>Le Vert, pour finir, indique le <strong>Temps Ordinaire<\/strong>, durant lequel il faut <strong>m\u00e9diter, prier et vivre les enseignements de J\u00e9sus<\/strong>. Il est divis\u00e9 en deux moments\u00a0: de la fin des f\u00eates de No\u00ebl au d\u00e9but du Car\u00eame\u00a0; de la fin de P\u00e2ques \u00e0 la fin de l\u2019ann\u00e9e liturgique.<\/p>\n","protected":false},"excerpt":{"rendered":"<p>Les temps liturgiques de l\u2019\u00e9glise catholique sont les saisons dans lesquelles est subdivis\u00e9e l\u2019ann\u00e9e liturgique. D\u00e9couvrons-les ensembles. Nous entendons souvent parler d\u2019ann\u00e9e liturgique et de temps liturgiques de l\u2019\u00e9glise catholique. Mais sommes-nous s\u00fbrs de savoir vraiment de quoi il s\u2019agit ? En particulier, combien et&hellip;<\/p>\n","protected":false},"author":1,"featured_media":3265,"comment_status":"closed","ping_status":"open","sticky":false,"template":"","format":"standard","meta":{"_acf_changed":false,"footnotes":""},"categories":[4],"tags":[],"class_list":["post-3264","post","type-post","status-publish","format-standard","has-post-thumbnail","hentry","category-accessoires-pour-la-liturgie"],"acf":[],"yoast_head":"<!-- This site is optimized with the Yoast SEO plugin v26.6 - https:\/\/yoast.com\/wordpress\/plugins\/seo\/ -->\n<title>L&#039;ann\u00e9e liturgique : \u00e9claircissons les choses - Holyart.fr Blog<\/title>\n<meta name=\"description\" content=\"Les temps liturgiques de l\u2019\u00e9glise catholique sont les saisons dans lesquelles est subdivis\u00e9e l\u2019ann\u00e9e liturgique. D\u00e9couvrons-les ensembles.\" \/>\n<meta name=\"robots\" content=\"index, follow, max-snippet:-1, max-image-preview:large, max-video-preview:-1\" \/>\n<link rel=\"canonical\" href=\"https:\/\/blog.holyart.it\/fr\/accessoires-pour-la-liturgie\/lannee-liturgique-eclaircissons-les-choses\/\" \/>\n<meta property=\"og:locale\" content=\"fr_FR\" \/>\n<meta property=\"og:type\" content=\"article\" \/>\n<meta property=\"og:title\" content=\"L&#039;ann\u00e9e liturgique : \u00e9claircissons les choses - Holyart.fr Blog\" \/>\n<meta property=\"og:description\" content=\"Les temps liturgiques de l\u2019\u00e9glise catholique sont les saisons dans lesquelles est subdivis\u00e9e l\u2019ann\u00e9e liturgique. D\u00e9couvrons-les ensembles.\" \/>\n<meta property=\"og:url\" content=\"https:\/\/blog.holyart.it\/fr\/accessoires-pour-la-liturgie\/lannee-liturgique-eclaircissons-les-choses\/\" \/>\n<meta property=\"og:site_name\" content=\"Holyart.fr Blog\" \/>\n<meta property=\"article:published_time\" content=\"2021-07-29T05:17:40+00:00\" \/>\n<meta property=\"article:modified_time\" content=\"2023-10-03T12:41:52+00:00\" \/>\n<meta property=\"og:image\" content=\"https:\/\/blog.holyart.it\/fr\/wp-content\/uploads\/sites\/14\/2021\/07\/calendrier-liturgique.jpg\" \/>\n\t<meta property=\"og:image:width\" content=\"1000\" \/>\n\t<meta property=\"og:image:height\" content=\"666\" \/>\n\t<meta property=\"og:image:type\" content=\"image\/jpeg\" \/>\n<meta name=\"author\" content=\"Redazione\" \/>\n<meta name=\"twitter:card\" content=\"summary_large_image\" \/>\n<meta name=\"twitter:label1\" content=\"\u00c9crit par\" \/>\n\t<meta name=\"twitter:data1\" content=\"Redazione\" \/>\n\t<meta name=\"twitter:label2\" content=\"Dur\u00e9e de lecture estim\u00e9e\" \/>\n\t<meta name=\"twitter:data2\" content=\"13 minutes\" \/>\n<script type=\"application\/ld+json\" class=\"yoast-schema-graph\">{\"@context\":\"https:\/\/schema.org\",\"@graph\":[{\"@type\":\"Article\",\"@id\":\"https:\/\/blog.holyart.it\/fr\/accessoires-pour-la-liturgie\/lannee-liturgique-eclaircissons-les-choses\/#article\",\"isPartOf\":{\"@id\":\"https:\/\/blog.holyart.it\/fr\/accessoires-pour-la-liturgie\/lannee-liturgique-eclaircissons-les-choses\/\"},\"author\":{\"name\":\"Redazione\",\"@id\":\"https:\/\/blog.holyart.it\/fr\/#\/schema\/person\/0a7b686e5af0f856ec1e390dd0baecda\"},\"headline\":\"L&rsquo;ann\u00e9e liturgique : \u00e9claircissons les choses\",\"datePublished\":\"2021-07-29T05:17:40+00:00\",\"dateModified\":\"2023-10-03T12:41:52+00:00\",\"mainEntityOfPage\":{\"@id\":\"https:\/\/blog.holyart.it\/fr\/accessoires-pour-la-liturgie\/lannee-liturgique-eclaircissons-les-choses\/\"},\"wordCount\":2567,\"publisher\":{\"@id\":\"https:\/\/blog.holyart.it\/fr\/#organization\"},\"image\":{\"@id\":\"https:\/\/blog.holyart.it\/fr\/accessoires-pour-la-liturgie\/lannee-liturgique-eclaircissons-les-choses\/#primaryimage\"},\"thumbnailUrl\":\"https:\/\/blog.holyart.it\/fr\/wp-content\/uploads\/sites\/14\/2021\/07\/calendrier-liturgique.jpg\",\"articleSection\":[\"Liturgie\"],\"inLanguage\":\"fr-FR\"},{\"@type\":\"WebPage\",\"@id\":\"https:\/\/blog.holyart.it\/fr\/accessoires-pour-la-liturgie\/lannee-liturgique-eclaircissons-les-choses\/\",\"url\":\"https:\/\/blog.holyart.it\/fr\/accessoires-pour-la-liturgie\/lannee-liturgique-eclaircissons-les-choses\/\",\"name\":\"L'ann\u00e9e liturgique : \u00e9claircissons les choses - Holyart.fr Blog\",\"isPartOf\":{\"@id\":\"https:\/\/blog.holyart.it\/fr\/#website\"},\"primaryImageOfPage\":{\"@id\":\"https:\/\/blog.holyart.it\/fr\/accessoires-pour-la-liturgie\/lannee-liturgique-eclaircissons-les-choses\/#primaryimage\"},\"image\":{\"@id\":\"https:\/\/blog.holyart.it\/fr\/accessoires-pour-la-liturgie\/lannee-liturgique-eclaircissons-les-choses\/#primaryimage\"},\"thumbnailUrl\":\"https:\/\/blog.holyart.it\/fr\/wp-content\/uploads\/sites\/14\/2021\/07\/calendrier-liturgique.jpg\",\"datePublished\":\"2021-07-29T05:17:40+00:00\",\"dateModified\":\"2023-10-03T12:41:52+00:00\",\"description\":\"Les temps liturgiques de l\u2019\u00e9glise catholique sont les saisons dans lesquelles est subdivis\u00e9e l\u2019ann\u00e9e liturgique. D\u00e9couvrons-les ensembles.\",\"breadcrumb\":{\"@id\":\"https:\/\/blog.holyart.it\/fr\/accessoires-pour-la-liturgie\/lannee-liturgique-eclaircissons-les-choses\/#breadcrumb\"},\"inLanguage\":\"fr-FR\",\"potentialAction\":[{\"@type\":\"ReadAction\",\"target\":[\"https:\/\/blog.holyart.it\/fr\/accessoires-pour-la-liturgie\/lannee-liturgique-eclaircissons-les-choses\/\"]}]},{\"@type\":\"ImageObject\",\"inLanguage\":\"fr-FR\",\"@id\":\"https:\/\/blog.holyart.it\/fr\/accessoires-pour-la-liturgie\/lannee-liturgique-eclaircissons-les-choses\/#primaryimage\",\"url\":\"https:\/\/blog.holyart.it\/fr\/wp-content\/uploads\/sites\/14\/2021\/07\/calendrier-liturgique.jpg\",\"contentUrl\":\"https:\/\/blog.holyart.it\/fr\/wp-content\/uploads\/sites\/14\/2021\/07\/calendrier-liturgique.jpg\",\"width\":1000,\"height\":666,\"caption\":\"calendrier liturgique\"},{\"@type\":\"BreadcrumbList\",\"@id\":\"https:\/\/blog.holyart.it\/fr\/accessoires-pour-la-liturgie\/lannee-liturgique-eclaircissons-les-choses\/#breadcrumb\",\"itemListElement\":[{\"@type\":\"ListItem\",\"position\":1,\"name\":\"Homepage\",\"item\":\"https:\/\/blog.holyart.it\/fr\/\"},{\"@type\":\"ListItem\",\"position\":2,\"name\":\"Liturgie\",\"item\":\"https:\/\/blog.holyart.it\/fr\/accessoires-pour-la-liturgie\/\"},{\"@type\":\"ListItem\",\"position\":3,\"name\":\"L&#8217;ann\u00e9e liturgique : \u00e9claircissons les choses\"}]},{\"@type\":\"WebSite\",\"@id\":\"https:\/\/blog.holyart.it\/fr\/#website\",\"url\":\"https:\/\/blog.holyart.it\/fr\/\",\"name\":\"Holyart.fr Blog\",\"description\":\"Holyblog\",\"publisher\":{\"@id\":\"https:\/\/blog.holyart.it\/fr\/#organization\"},\"potentialAction\":[{\"@type\":\"SearchAction\",\"target\":{\"@type\":\"EntryPoint\",\"urlTemplate\":\"https:\/\/blog.holyart.it\/fr\/?s={search_term_string}\"},\"query-input\":{\"@type\":\"PropertyValueSpecification\",\"valueRequired\":true,\"valueName\":\"search_term_string\"}}],\"inLanguage\":\"fr-FR\"},{\"@type\":\"Organization\",\"@id\":\"https:\/\/blog.holyart.it\/fr\/#organization\",\"name\":\"Holyart.fr Blog\",\"url\":\"https:\/\/blog.holyart.it\/fr\/\",\"logo\":{\"@type\":\"ImageObject\",\"inLanguage\":\"fr-FR\",\"@id\":\"https:\/\/blog.holyart.it\/fr\/#\/schema\/logo\/image\/\",\"url\":\"https:\/\/blog.holyart.it\/fr\/wp-content\/uploads\/sites\/14\/2022\/12\/Holyart_Blog_Logo.jpg\",\"contentUrl\":\"https:\/\/blog.holyart.it\/fr\/wp-content\/uploads\/sites\/14\/2022\/12\/Holyart_Blog_Logo.jpg\",\"width\":300,\"height\":50,\"caption\":\"Holyart.fr Blog\"},\"image\":{\"@id\":\"https:\/\/blog.holyart.it\/fr\/#\/schema\/logo\/image\/\"}},{\"@type\":\"Person\",\"@id\":\"https:\/\/blog.holyart.it\/fr\/#\/schema\/person\/0a7b686e5af0f856ec1e390dd0baecda\",\"name\":\"Redazione\",\"image\":{\"@type\":\"ImageObject\",\"inLanguage\":\"fr-FR\",\"@id\":\"https:\/\/blog.holyart.it\/fr\/#\/schema\/person\/image\/\",\"url\":\"https:\/\/secure.gravatar.com\/avatar\/f477da817f43e50d0af36abecd33e3edf826c68299714bdc1057dff3b113f516?s=96&d=mm&r=g\",\"contentUrl\":\"https:\/\/secure.gravatar.com\/avatar\/f477da817f43e50d0af36abecd33e3edf826c68299714bdc1057dff3b113f516?s=96&d=mm&r=g\",\"caption\":\"Redazione\"},\"url\":\"https:\/\/blog.holyart.it\/fr\/author\/admin\/\"}]}<\/script>\n<!-- \/ Yoast SEO plugin. -->","yoast_head_json":{"title":"L'ann\u00e9e liturgique : \u00e9claircissons les choses - Holyart.fr Blog","description":"Les temps liturgiques de l\u2019\u00e9glise catholique sont les saisons dans lesquelles est subdivis\u00e9e l\u2019ann\u00e9e liturgique. D\u00e9couvrons-les ensembles.","robots":{"index":"index","follow":"follow","max-snippet":"max-snippet:-1","max-image-preview":"max-image-preview:large","max-video-preview":"max-video-preview:-1"},"canonical":"https:\/\/blog.holyart.it\/fr\/accessoires-pour-la-liturgie\/lannee-liturgique-eclaircissons-les-choses\/","og_locale":"fr_FR","og_type":"article","og_title":"L'ann\u00e9e liturgique : \u00e9claircissons les choses - Holyart.fr Blog","og_description":"Les temps liturgiques de l\u2019\u00e9glise catholique sont les saisons dans lesquelles est subdivis\u00e9e l\u2019ann\u00e9e liturgique. D\u00e9couvrons-les ensembles.","og_url":"https:\/\/blog.holyart.it\/fr\/accessoires-pour-la-liturgie\/lannee-liturgique-eclaircissons-les-choses\/","og_site_name":"Holyart.fr Blog","article_published_time":"2021-07-29T05:17:40+00:00","article_modified_time":"2023-10-03T12:41:52+00:00","og_image":[{"width":1000,"height":666,"url":"https:\/\/blog.holyart.it\/fr\/wp-content\/uploads\/sites\/14\/2021\/07\/calendrier-liturgique.jpg","type":"image\/jpeg"}],"author":"Redazione","twitter_card":"summary_large_image","twitter_misc":{"\u00c9crit par":"Redazione","Dur\u00e9e de lecture estim\u00e9e":"13 minutes"},"schema":{"@context":"https:\/\/schema.org","@graph":[{"@type":"Article","@id":"https:\/\/blog.holyart.it\/fr\/accessoires-pour-la-liturgie\/lannee-liturgique-eclaircissons-les-choses\/#article","isPartOf":{"@id":"https:\/\/blog.holyart.it\/fr\/accessoires-pour-la-liturgie\/lannee-liturgique-eclaircissons-les-choses\/"},"author":{"name":"Redazione","@id":"https:\/\/blog.holyart.it\/fr\/#\/schema\/person\/0a7b686e5af0f856ec1e390dd0baecda"},"headline":"L&rsquo;ann\u00e9e liturgique : \u00e9claircissons les choses","datePublished":"2021-07-29T05:17:40+00:00","dateModified":"2023-10-03T12:41:52+00:00","mainEntityOfPage":{"@id":"https:\/\/blog.holyart.it\/fr\/accessoires-pour-la-liturgie\/lannee-liturgique-eclaircissons-les-choses\/"},"wordCount":2567,"publisher":{"@id":"https:\/\/blog.holyart.it\/fr\/#organization"},"image":{"@id":"https:\/\/blog.holyart.it\/fr\/accessoires-pour-la-liturgie\/lannee-liturgique-eclaircissons-les-choses\/#primaryimage"},"thumbnailUrl":"https:\/\/blog.holyart.it\/fr\/wp-content\/uploads\/sites\/14\/2021\/07\/calendrier-liturgique.jpg","articleSection":["Liturgie"],"inLanguage":"fr-FR"},{"@type":"WebPage","@id":"https:\/\/blog.holyart.it\/fr\/accessoires-pour-la-liturgie\/lannee-liturgique-eclaircissons-les-choses\/","url":"https:\/\/blog.holyart.it\/fr\/accessoires-pour-la-liturgie\/lannee-liturgique-eclaircissons-les-choses\/","name":"L'ann\u00e9e liturgique : \u00e9claircissons les choses - Holyart.fr Blog","isPartOf":{"@id":"https:\/\/blog.holyart.it\/fr\/#website"},"primaryImageOfPage":{"@id":"https:\/\/blog.holyart.it\/fr\/accessoires-pour-la-liturgie\/lannee-liturgique-eclaircissons-les-choses\/#primaryimage"},"image":{"@id":"https:\/\/blog.holyart.it\/fr\/accessoires-pour-la-liturgie\/lannee-liturgique-eclaircissons-les-choses\/#primaryimage"},"thumbnailUrl":"https:\/\/blog.holyart.it\/fr\/wp-content\/uploads\/sites\/14\/2021\/07\/calendrier-liturgique.jpg","datePublished":"2021-07-29T05:17:40+00:00","dateModified":"2023-10-03T12:41:52+00:00","description":"Les temps liturgiques de l\u2019\u00e9glise catholique sont les saisons dans lesquelles est subdivis\u00e9e l\u2019ann\u00e9e liturgique. D\u00e9couvrons-les ensembles.","breadcrumb":{"@id":"https:\/\/blog.holyart.it\/fr\/accessoires-pour-la-liturgie\/lannee-liturgique-eclaircissons-les-choses\/#breadcrumb"},"inLanguage":"fr-FR","potentialAction":[{"@type":"ReadAction","target":["https:\/\/blog.holyart.it\/fr\/accessoires-pour-la-liturgie\/lannee-liturgique-eclaircissons-les-choses\/"]}]},{"@type":"ImageObject","inLanguage":"fr-FR","@id":"https:\/\/blog.holyart.it\/fr\/accessoires-pour-la-liturgie\/lannee-liturgique-eclaircissons-les-choses\/#primaryimage","url":"https:\/\/blog.holyart.it\/fr\/wp-content\/uploads\/sites\/14\/2021\/07\/calendrier-liturgique.jpg","contentUrl":"https:\/\/blog.holyart.it\/fr\/wp-content\/uploads\/sites\/14\/2021\/07\/calendrier-liturgique.jpg","width":1000,"height":666,"caption":"calendrier liturgique"},{"@type":"BreadcrumbList","@id":"https:\/\/blog.holyart.it\/fr\/accessoires-pour-la-liturgie\/lannee-liturgique-eclaircissons-les-choses\/#breadcrumb","itemListElement":[{"@type":"ListItem","position":1,"name":"Homepage","item":"https:\/\/blog.holyart.it\/fr\/"},{"@type":"ListItem","position":2,"name":"Liturgie","item":"https:\/\/blog.holyart.it\/fr\/accessoires-pour-la-liturgie\/"},{"@type":"ListItem","position":3,"name":"L&#8217;ann\u00e9e liturgique : \u00e9claircissons les choses"}]},{"@type":"WebSite","@id":"https:\/\/blog.holyart.it\/fr\/#website","url":"https:\/\/blog.holyart.it\/fr\/","name":"Holyart.fr Blog","description":"Holyblog","publisher":{"@id":"https:\/\/blog.holyart.it\/fr\/#organization"},"potentialAction":[{"@type":"SearchAction","target":{"@type":"EntryPoint","urlTemplate":"https:\/\/blog.holyart.it\/fr\/?s={search_term_string}"},"query-input":{"@type":"PropertyValueSpecification","valueRequired":true,"valueName":"search_term_string"}}],"inLanguage":"fr-FR"},{"@type":"Organization","@id":"https:\/\/blog.holyart.it\/fr\/#organization","name":"Holyart.fr Blog","url":"https:\/\/blog.holyart.it\/fr\/","logo":{"@type":"ImageObject","inLanguage":"fr-FR","@id":"https:\/\/blog.holyart.it\/fr\/#\/schema\/logo\/image\/","url":"https:\/\/blog.holyart.it\/fr\/wp-content\/uploads\/sites\/14\/2022\/12\/Holyart_Blog_Logo.jpg","contentUrl":"https:\/\/blog.holyart.it\/fr\/wp-content\/uploads\/sites\/14\/2022\/12\/Holyart_Blog_Logo.jpg","width":300,"height":50,"caption":"Holyart.fr Blog"},"image":{"@id":"https:\/\/blog.holyart.it\/fr\/#\/schema\/logo\/image\/"}},{"@type":"Person","@id":"https:\/\/blog.holyart.it\/fr\/#\/schema\/person\/0a7b686e5af0f856ec1e390dd0baecda","name":"Redazione","image":{"@type":"ImageObject","inLanguage":"fr-FR","@id":"https:\/\/blog.holyart.it\/fr\/#\/schema\/person\/image\/","url":"https:\/\/secure.gravatar.com\/avatar\/f477da817f43e50d0af36abecd33e3edf826c68299714bdc1057dff3b113f516?s=96&d=mm&r=g","contentUrl":"https:\/\/secure.gravatar.com\/avatar\/f477da817f43e50d0af36abecd33e3edf826c68299714bdc1057dff3b113f516?s=96&d=mm&r=g","caption":"Redazione"},"url":"https:\/\/blog.holyart.it\/fr\/author\/admin\/"}]}},"_links":{"self":[{"href":"https:\/\/blog.holyart.it\/fr\/wp-json\/wp\/v2\/posts\/3264","targetHints":{"allow":["GET"]}}],"collection":[{"href":"https:\/\/blog.holyart.it\/fr\/wp-json\/wp\/v2\/posts"}],"about":[{"href":"https:\/\/blog.holyart.it\/fr\/wp-json\/wp\/v2\/types\/post"}],"author":[{"embeddable":true,"href":"https:\/\/blog.holyart.it\/fr\/wp-json\/wp\/v2\/users\/1"}],"replies":[{"embeddable":true,"href":"https:\/\/blog.holyart.it\/fr\/wp-json\/wp\/v2\/comments?post=3264"}],"version-history":[{"count":1,"href":"https:\/\/blog.holyart.it\/fr\/wp-json\/wp\/v2\/posts\/3264\/revisions"}],"predecessor-version":[{"id":6644,"href":"https:\/\/blog.holyart.it\/fr\/wp-json\/wp\/v2\/posts\/3264\/revisions\/6644"}],"wp:featuredmedia":[{"embeddable":true,"href":"https:\/\/blog.holyart.it\/fr\/wp-json\/wp\/v2\/media\/3265"}],"wp:attachment":[{"href":"https:\/\/blog.holyart.it\/fr\/wp-json\/wp\/v2\/media?parent=3264"}],"wp:term":[{"taxonomy":"category","embeddable":true,"href":"https:\/\/blog.holyart.it\/fr\/wp-json\/wp\/v2\/categories?post=3264"},{"taxonomy":"post_tag","embeddable":true,"href":"https:\/\/blog.holyart.it\/fr\/wp-json\/wp\/v2\/tags?post=3264"}],"curies":[{"name":"wp","href":"https:\/\/api.w.org\/{rel}","templated":true}]}}