{"id":3196,"date":"2021-07-13T15:48:13","date_gmt":"2021-07-13T13:48:13","guid":{"rendered":"https:\/\/blog.holyart.it\/fr\/?p=3196"},"modified":"2025-02-04T14:21:32","modified_gmt":"2025-02-04T13:21:32","slug":"la-cene-de-leonard-de-vinci-histoire-dun-chef-doeuvre","status":"publish","type":"post","link":"https:\/\/blog.holyart.it\/fr\/articles-religieux\/la-cene-de-leonard-de-vinci-histoire-dun-chef-doeuvre\/","title":{"rendered":"La C\u00e8ne de L\u00e9onard de Vinci : histoire d\u2019un chef d\u2019\u0153uvre"},"content":{"rendered":"<h4 style=\"text-align: center;\"><em>La C\u00e8ne de L\u00e9onard de Vinci, dans le couvent de Santa Maria delle Grazie, est une des \u0153uvres les plus c\u00e9l\u00e8bres au monde, riche en significations religieuses et artistiques.\u00a0<\/em><\/h4>\n\n<p>La <strong>C\u00e8ne de L\u00e9onard de Vinci<\/strong> est une des \u0153uvres d\u2019art \u2013 chr\u00e9tienne et non \u2013 des plus c\u00e9l\u00e8bres au monde. Connue \u00e9galement sous le nom de <strong>C\u00e9nacle<\/strong>, cette \u0153uvre fut peinte par L\u00e9onard entre <strong>1495<\/strong> et <strong>1499<\/strong>, dans le r\u00e9fectoire du <strong>couvent Santa Maria delle Grazie \u00e0 Milan<\/strong>, sur commande de Ludovic le More. Le sujet repr\u00e9sent\u00e9 est la C\u00e8ne que nous rappelons le Jeudi Saint, avec <a href=\"https:\/\/www.holyart.fr\/produits\/statues-sacre-coeur-de-jesus.php\"><strong>J\u00e9sus au centre<\/strong><\/a>, entour\u00e9 des douze ap\u00f4tres. Le moment de l\u2019Institution de l\u2019Eucharistie n\u2019est pas repr\u00e9sent\u00e9, ni celui du Lavement des Pieds, mais le moment suivant les mots de J\u00e9sus \u00ab\u00a0il en a un parmi vous qui me trahira\u00a0\u00bb.<\/p>\n<p>L&rsquo;\u0153uvre marque un grand <strong>changement dans l\u2019histoire de l\u2019art<\/strong>, gr\u00e2ce au style expressif que L\u00e9onard choisit pour le sujet : la sacralit\u00e9 du moment est exprim\u00e9e sous la dimension la plus <strong>humaine<\/strong>, \u00e0 travers les <strong>expressions boulevers\u00e9es<\/strong> de chaque ap\u00f4tre. Les copies et les <a href=\"https:\/\/www.holyart.fr\/articles-religieux\/tableaux-gravures-manuscrit-enlumine\/tableau-derniere-cene-cadre-dore-27x20-cm\"><strong>tableaux de la C\u00e8ne<\/strong><\/a>, un sujet tr\u00e8s appr\u00e9ci\u00e9, sont vraiment nombreux. Beaucoup d\u2019artistes ont r\u00e9interpr\u00e9t\u00e9 l\u2019\u0153uvre ou bien s\u2019en sont inspir\u00e9s : la C\u00e8ne de L\u00e9onard est entr\u00e9e dans l\u2019imaginaire et dans les maisons de beaucoup de personnes avec cadres et impressions.<\/p>\n<div class=\"link-article\">\n<p><img loading=\"lazy\" decoding=\"async\" class=\"alignleft size-full wp-image-3200\" src=\"https:\/\/blog.holyart.it\/fr\/wp-content\/uploads\/sites\/14\/2021\/07\/anges-de-raffaello.jpg\" alt=\"anges de raffaello\" width=\"150\" height=\"99\" data-kale-share-title=\"La C\u00e8ne de L\u00e9onard de Vinci : histoire d\u2019un chef d\u2019\u0153uvre\" data-kale-share-url=\"https:\/\/blog.holyart.it\/fr\/articles-religieux\/la-cene-de-leonard-de-vinci-histoire-dun-chef-doeuvre\/\" \/><\/p>\n<div class=\"leggi-anche\">Lire aussi :<\/div>\n<p><strong><a href=\"https:\/\/www.holyart.fr\/blog\/articles-religieux\/5-tableaux-images-religieux-a-chez-soi\/\">5 tableaux et images religieux \u00e0 avoir chez soi<\/a><\/strong><br \/>\nDepuis les origines du Christianisme, l\u2019homme toujours senti le besoin de repr\u00e9senter de mani\u00e8re visible l\u2019objet de sa d\u00e9votion.<\/p>\n<\/div>\n<p>La <strong>technique<\/strong> choisie par L\u00e9onard fut un exemple de son <strong>exp\u00e9rimentation<\/strong>, m\u00eame si elle se r\u00e9v\u00e9la <strong>d\u00e9sastreuse<\/strong> : n\u2019ayant pas suivi les techniques traditionnelles de la fresque, la peinture, d\u00e9j\u00e0 apr\u00e8s quelques dizaines d\u2019ann\u00e9es, commen\u00e7a \u00e0 se d\u00e9grader. De nombreux artistes, pas tous des experts, s\u2019occup\u00e8rent de retoucher des parties de la peinture. Pour cette raison, la C\u00e8ne est une des \u0153uvres les plus restaur\u00e9es de tous les temps et pr\u00e9sente diff\u00e9rents niveaux de modifications.<\/p>\n<p>Outre les interventions de restauration, la C\u00e8ne a \u00e9t\u00e9 le sujet de nombreuses <strong>interpr\u00e9tations concernant sa signification<\/strong>, dont certaines sont <strong>controvers\u00e9es<\/strong> <strong>et<\/strong> <strong>infond\u00e9es<\/strong>. Un exemple est l\u2019id\u00e9e qui a donn\u00e9 vie au roman \u00ab\u00a0Da Vinci Code\u00a0\u00bb de l\u2019\u00e9crivain Dan Brown. Cette interpr\u00e9tation soutenait que le disciple \u00e0 c\u00f4t\u00e9 de J\u00e9sus \u00e9tait en r\u00e9alit\u00e9 <a href=\"https:\/\/www.holyart.fr\/articles-religieux\/statues\/statues-en-bois-peint\/statue-sainte-marie-madeleine-avec-vase-donguent-bois-peint-val-gardena\"><strong>Marie Madeleine<\/strong><\/a> et que, par le biais de cette \u0153uvre, passait le message qu\u2019elle ait \u00e9t\u00e9 l\u2019amant de Christ.<\/p>\n<h2>La C\u00e8ne : o\u00f9 se trouve-t-elle<\/h2>\n<p>La C\u00e8ne de L\u00e9onard se trouve dans le <strong>r\u00e9fectoire<\/strong> du couvent Santa Maria delle Grazie \u00e0 Milan. L\u2019\u00e9glise du couvent avait \u00e9t\u00e9 choisie comme lieu pour la c\u00e9l\u00e9bration de la Messe de la famille Sforza. L\u00e9onard, comme \u00e0 son habitude, fit de <strong>nombreuses \u00e9tudes<\/strong> avant de r\u00e9aliser l\u2019\u0153uvre \u2013 \u00e0 la Pinacoth\u00e8que de Brera est conserv\u00e9, par exemple, le dessin pr\u00e9paratoire pour la T\u00eate de Christ. Les interventions de restauration et de modification n\u2019ont pas \u00e9t\u00e9 les seules op\u00e9rations de sauvetage de l\u2019\u0153uvre : pendant la <strong>Deuxi\u00e8me Guerre Mondiale<\/strong>, l\u2019\u0153uvre fut en effet prot\u00e9g\u00e9e avec des sacs de sable plac\u00e9s sur un \u00e9chafaudage afin qu\u2019elle s\u2019en sorte le plus indemne possible des <strong>bombardements<\/strong>. Maintenant le r\u00e9fectoire est le lieu d\u2019exposition de la C\u00e8ne.<\/p>\n<p style=\"text-align: center;\"><div class=\"sp-styles-warning\" style=\"width: 450px; background-color: #FFF; color: #F00; border: 1px solid #F00; padding: 10px; font-size: 14px;\">\n\t\t\t<span style=\"font-weight: bold;\">Warning: The stylesheets were not loaded!<\/span> \n\t\t\tYou will need to change the <i>Load stylesheets<\/i> setting from <i>Automatically<\/i> to <i>On homepage<\/i> or <i>On all pages<\/i>. \n\t\t\tYou can set that <a style=\"text-decoration: underline; color: #F00;\" href=\"https:\/\/blog.holyart.it\/fr\/wp-admin\/admin.php?page=sliderpro-settings\">here<\/a>.\n\t\t\t<\/div>\r\n<div id=\"slider-pro-44\" class=\"slider-pro sp-no-js\" style=\"width: 500px; height: 500px;\">\r\n\t<div class=\"sp-slides\">\r\n\t\t\r\n\t\t<div class=\"sp-slide\">\r\n\t\t\t<img loading=\"lazy\" decoding=\"async\" class=\"sp-image\" src=\"https:\/\/blog.holyart.it\/fr\/wp-content\/uploads\/sites\/14\/2021\/07\/scene-de-la-cene-en-resine.jpg\" alt=\"scene de la cene en resine\" width=\"500\" height=\"500\" \/>\r\n\t\t\t<div class=\"sp-thumbnail\"><img decoding=\"async\" src=\"https:\/\/blog.holyart.it\/fr\/wp-content\/uploads\/sites\/14\/2021\/07\/scene-de-la-cene-en-resine-150x150.jpg\" alt=\"scene de la cene en resine\" \/>\r\n\t\t\t<\/div>\r\n\t\t\t<div class=\"sp-caption\">Sc\u00e8ne de la C\u00e8ne en r\u00e9sine 9 cm. Santons en r\u00e9sine repr\u00e9sentant la c\u00e8ne avec J\u00e9sus, les douze ap\u00f4tres et la table du dernier d\u00eener.Hauteur r\u00e9elle maximale des santons : 10 cm.\nScene de la cene en resine <br \/><strong><a href=\"https:\/\/www.holyart.fr\/occasions-speciales\/paques-et-careme\/icones-tableaux-bas-reliefs\/scene-de-la-cene-en-resine-9-cm\">Acheter sur Holyart<\/a><\/strong><\/div>\r\n\t\t<\/div>\r\n\t\t<div class=\"sp-slide\">\r\n\t\t\t<img loading=\"lazy\" decoding=\"async\" class=\"sp-image\" src=\"https:\/\/blog.holyart.it\/fr\/wp-content\/uploads\/sites\/14\/2021\/07\/etable-style-arabe-creche-fontanini.jpg\" alt=\"etable style arabe creche fontanini\" width=\"500\" height=\"500\" \/>\r\n\t\t\t<div class=\"sp-thumbnail\"><img decoding=\"async\" src=\"https:\/\/blog.holyart.it\/fr\/wp-content\/uploads\/sites\/14\/2021\/07\/etable-style-arabe-creche-fontanini-150x150.jpg\" alt=\"etable style arabe creche fontanini\" \/>\r\n\t\t\t<\/div>\r\n\t\t\t<div class=\"sp-caption\">\u00c9table style arabe cr\u00e8che Fontanini 12 cm. \u00c9table pour la cr\u00e8che de no\u00ebl r\u00e9alis\u00e9e en Italie par l'usine Fontanini. Indiqu\u00e9e pour les figurines Fontanini de 12 cm.\nEtable style arabe creche fontanini <br \/><strong><a href=\"https:\/\/www.holyart.fr\/noel\/creches-noel\/creche-fontanini\/etable-style-arabe-creche-fontanini-12-cm\">Acheter sur Holyart<\/a><\/strong><\/div>\r\n\t\t<\/div>\r\n\t\t<div class=\"sp-slide\">\r\n\t\t\t<img loading=\"lazy\" decoding=\"async\" class=\"sp-image\" src=\"https:\/\/blog.holyart.it\/fr\/wp-content\/uploads\/sites\/14\/2021\/07\/lanterne-plastique-lumiere-blanche-creche.jpg\" alt=\"lanterne plastique lumiere blanche creche\" width=\"500\" height=\"500\" \/>\r\n\t\t\t<div class=\"sp-thumbnail\"><img decoding=\"async\" src=\"https:\/\/blog.holyart.it\/fr\/wp-content\/uploads\/sites\/14\/2021\/07\/lanterne-plastique-lumiere-blanche.jpg\" alt=\"lanterne plastique lumiere blanche\" \/>\r\n\t\t\t<\/div>\r\n\t\t\t<div class=\"sp-caption\">Lanterne plastique lumi\u00e8re blanche de 2,5 cm d'hauteur. Lumi\u00e8re pour d\u00e9corer la cr\u00e8che de Noel \u00e0 bas voltage.\nLanterne plastique lumiere blanche<br \/><strong><a href=\"https:\/\/www.holyart.fr\/noel\/bricolage-de-noel-et-accessoires\/lanternes-et-lumieres\/lanterne-plastique-lumiere-blanche-h-2-5-cm\">Acheter sur Holyart<\/a><\/strong><\/div>\r\n\t\t<\/div>\r\n\t\t<div class=\"sp-slide\">\r\n\t\t\t<img loading=\"lazy\" decoding=\"async\" class=\"sp-image\" src=\"https:\/\/blog.holyart.it\/fr\/wp-content\/uploads\/sites\/14\/2021\/07\/icone-derniere-cene.jpg\" alt=\"icone derniere cene\" width=\"500\" height=\"500\" \/>\r\n\t\t\t<div class=\"sp-thumbnail\"><img decoding=\"async\" src=\"https:\/\/blog.holyart.it\/fr\/wp-content\/uploads\/sites\/14\/2021\/07\/icone-derniere-cene-150x150.jpg\" alt=\"icone derniere cene\" \/>\r\n\t\t\t<\/div>\r\n\t\t\t<div class=\"sp-caption\">Affichez la C\u00e8ne chez vous ! Visitez notre site et d\u00e9couvrez tous nos articles repr\u00e9sentant l\u2019une des \u0153uvres les plus connues de l\u2019histoire ! \n<br \/><strong><a href=\"https:\/\/www.holyart.fr\/recherche?query=cene+promo&amp;sortRating=desc&amp;productsPerPage=120&amp;followSearch=9072\">Acheter sur Holyart<\/a><\/strong><\/div>\r\n\t\t<\/div>\r\n\t<\/div>\r\n<\/div><\/p>\n<h3>C\u00e8ne de L\u00e9onard : analyses<\/h3>\n<p>Les nombreuses analyses men\u00e9es au cours des ann\u00e9es ont produit <strong>diff\u00e9rentes interpr\u00e9tations des personnages et de leurs caract\u00e9ristiques<\/strong>. Une des premi\u00e8res choses \u00e0 souligner est la dimension <strong>humaine<\/strong> de la repr\u00e9sentation. J\u00e9sus est repr\u00e9sent\u00e9 sans aur\u00e9ole et se diff\u00e9rencie des ap\u00f4tres uniquement pour la position centrale et isol\u00e9e. L\u2019expression sur le visage de J\u00e9sus est riche de signification : les yeux baiss\u00e9s, les l\u00e8vres entrouvertes \u00e0 t\u00e9moigner la <strong>souffrance pour l\u2019annonce<\/strong> qu\u2019il vient de faire \u00e0 ses amis. Les positions des ap\u00f4tres expriment <strong>l\u2019agitation et le bouleversement du moment<\/strong>. La structure de l\u2019\u0153uvre est encadr\u00e9e par la ligne horizontale de la table, sur laquelle on peut voir de la nourriture et de la vaisselle tr\u00e8s d\u00e9taill\u00e9es, et par l\u2019architecture en arri\u00e8re-plan. Les ap\u00f4tres sont distribu\u00e9s en <strong>groupes de trois<\/strong> et chacun d\u2019entre eux est caract\u00e9ris\u00e9 de mani\u00e8re diff\u00e9rente gr\u00e2ce \u00e0 sa position.<\/p>\n<h2>Les ap\u00f4tres dans la C\u00e8ne<\/h2>\n<p>Dans l\u2019\u0153uvre, le groupe sur l\u2019extr\u00eame gauche est compos\u00e9 par <strong>Barth\u00e9lemy, Jacques le Mineur et Andr\u00e9<\/strong>. Les deux premiers se penchent vers J\u00e9sus avec fougue, tandis que le troisi\u00e8me l\u00e8ve ses mains. Les \u00e9motions sont v\u00e9hicul\u00e9es par leurs positions, gr\u00e2ce aux \u00e9tudes effectu\u00e9s par L\u00e9onard sur le corps humain et sur l\u2019expressivit\u00e9 des gestes.<\/p>\n<p>Dans le deuxi\u00e8me groupe sur la gauche, nous retrouvons <strong>Judas, Pierre et Jean<\/strong>. Jude se reconna\u00eet par la bourse de monnaie qu\u2019il tient en main et, dans l\u2019agitation, il est repr\u00e9sent\u00e9 lorsqu\u2019il fait tomber la sali\u00e8re en reculant. Pierre a un couteau en main, symbole de son caract\u00e8re imp\u00e9tueux et pr\u00e9sage de l\u2019\u00e9pisode o\u00f9 il coupera l\u2019oreille du serviteur du grand pr\u00eatre dans le jardin de Geths\u00e9mani. Il est pench\u00e9 en avant vers Jean, et il le touche avec une main pour qu\u2019il demande \u00e0 J\u00e9sus qui sera le tra\u00eetre. Jean, repr\u00e9sent\u00e9 avec des traits d\u00e9licats et gentils, \u00e9coute les mots de Pierre, la t\u00eate pench\u00e9e vers lui.<\/p>\n<p>Dans le premier groupe sur la droite, \u00e0 c\u00f4t\u00e9 de J\u00e9sus, il y a <strong>Thomas, Jacques le Majeur et Philippe<\/strong>. La figure de Thomas est enti\u00e8rement mise au deuxi\u00e8me plan et, selon certaines hypoth\u00e8ses, il a \u00e9t\u00e9 ajout\u00e9 par la suite par rapport au projet initial. Jacques le Majeur est repr\u00e9sent\u00e9 avec une expression forte et sa position donne l\u2019id\u00e9e d\u2019un mouvement soudain. Philippe porte ses mains \u00e0 la poitrine dans un geste afflig\u00e9.<\/p>\n<p>Les trois derniers ap\u00f4tres, <strong>Matthieu, Thadd\u00e9e et Simon<\/strong>, sont repr\u00e9sent\u00e9s en train de se confronter entre eux avec animation, touch\u00e9s par la nouvelle \u00e0 peine re\u00e7ue.<\/p>\n<h2>La Lavande des Pieds<\/h2>\n<p>L&rsquo;\u0153uvre de L\u00e9onard est significative \u00e9galement par le choix du moment de la C\u00e8ne \u00e0 repr\u00e9senter. La c\u00e8ne est interrompue en effet par un \u00e9v\u00e9nement encore plus important que la r\u00e9v\u00e9lation du tra\u00eetre : celui de la <a href=\"https:\/\/www.holyart.fr\/occasions-speciales\/paques-et-careme\/icones-tableaux-bas-reliefs\/scene-vie-de-christ-lavement-des-pieds-9-cm\"><strong>lavande des pieds<\/strong><\/a>. La C\u00e8ne de L\u00e9onard est l\u2019image qui nous vient \u00e0 l\u2019esprit quand nous pensons au Jeudi Saint, mais c\u2019est la lavande des pieds qui est mise en sc\u00e8ne lors des c\u00e9l\u00e9brations du Jeudi Saint \u2013 m\u00eame si cela n\u2019aura pas lieu cette ann\u00e9e.<\/p>\n<p style=\"text-align: center;\"><div class=\"sp-styles-warning\" style=\"width: 450px; background-color: #FFF; color: #F00; border: 1px solid #F00; padding: 10px; font-size: 14px;\">\n\t\t\t<span style=\"font-weight: bold;\">Warning: The stylesheets were not loaded!<\/span> \n\t\t\tYou will need to change the <i>Load stylesheets<\/i> setting from <i>Automatically<\/i> to <i>On homepage<\/i> or <i>On all pages<\/i>. \n\t\t\tYou can set that <a style=\"text-decoration: underline; color: #F00;\" href=\"https:\/\/blog.holyart.it\/fr\/wp-admin\/admin.php?page=sliderpro-settings\">here<\/a>.\n\t\t\t<\/div>\r\n<div id=\"slider-pro-45\" class=\"slider-pro sp-no-js\" style=\"width: 500px; height: 500px;\">\r\n\t<div class=\"sp-slides\">\r\n\t\t\r\n\t\t<div class=\"sp-slide\">\r\n\t\t\t<img loading=\"lazy\" decoding=\"async\" class=\"sp-image\" src=\"https:\/\/blog.holyart.it\/fr\/wp-content\/uploads\/sites\/14\/2021\/07\/cene-nappe-doree-resine.jpg\" alt=\"cene nappe doree resine\" width=\"500\" height=\"500\" \/>\r\n\t\t\t<div class=\"sp-thumbnail\"><img decoding=\"async\" src=\"https:\/\/blog.holyart.it\/fr\/wp-content\/uploads\/sites\/14\/2021\/07\/cene-nappe-doree-resine-150x150.jpg\" alt=\"cene nappe doree resine\" \/>\r\n\t\t\t<\/div>\r\n\t\t\t<div class=\"sp-caption\">C\u00e8ne nappe dor\u00e9e r\u00e9sine 15x28x10 cm. Repr\u00e9sentation de la C\u00e8ne avec J\u00e9sus b\u00e9nissant vin et pain, les ap\u00f4tres autour de lui et d'une table immacul\u00e9e avec nappe aux franges dor\u00e9es.<br \/><strong><a href=\"https:\/\/www.holyart.fr\/articles-religieux\/statues\/statues-en-resine-et-pvc\/cene-nappe-doree-resine-15x30x10-cm\">Acheter sur Holyart<\/a><\/strong><\/div>\r\n\t\t<\/div>\r\n\t\t<div class=\"sp-slide\">\r\n\t\t\t<img loading=\"lazy\" decoding=\"async\" class=\"sp-image\" src=\"https:\/\/blog.holyart.it\/fr\/wp-content\/uploads\/sites\/14\/2021\/07\/cadre-cene-colore-bi-lamine.jpg\" alt=\"cadre cene colore bi-lamine\" width=\"500\" height=\"500\" \/>\r\n\t\t\t<div class=\"sp-thumbnail\"><img decoding=\"async\" src=\"https:\/\/blog.holyart.it\/fr\/wp-content\/uploads\/sites\/14\/2021\/07\/cadre-cene-colore-bi-lamine-150x150.jpg\" alt=\"cadre cene colore bi-lamine\" \/>\r\n\t\t\t<\/div>\r\n\t\t\t<div class=\"sp-caption\">Repr\u00e9sentation d'auteur de la C\u00e8ne, format 7,5x15 cm, r\u00e9alis\u00e9e en bi-lamin\u00e9 color\u00e9 avec d\u00e9tails dor\u00e9s sur un \u00e9l\u00e9gant support en bois massif. <br \/><strong><a href=\"https:\/\/www.holyart.fr\/articles-religieux\/bas-reliefs\/bas-reliefs-en-argent\/cadre-cene-colore-bi-lamine-support-bois-massif-7-5x15-cm\">Acheter sur Holyart<\/a><\/strong><\/div>\r\n\t\t<\/div>\r\n\t\t<div class=\"sp-slide\">\r\n\t\t\t<img loading=\"lazy\" decoding=\"async\" class=\"sp-image\" src=\"https:\/\/blog.holyart.it\/fr\/wp-content\/uploads\/sites\/14\/2021\/07\/planche-la-cene-impression-pere-rupnik.jpg\" alt=\"planche la cene impression pere rupnik\" width=\"500\" height=\"500\" \/>\r\n\t\t\t<div class=\"sp-thumbnail\"><img decoding=\"async\" src=\"https:\/\/blog.holyart.it\/fr\/wp-content\/uploads\/sites\/14\/2021\/07\/planche-la-cene-impression-pere-rupnik-150x150.jpg\" alt=\"planche la cene impression pere rupnik\" \/>\r\n\t\t\t<\/div>\r\n\t\t\t<div class=\"sp-caption\">Planche La C\u00e8ne impression P\u00e8re Rupnik 20x30 cm. Planche en bois avec impression appliqu\u00e9e \"La C\u00e8ne\" de Rupnik, p\u00e8re j\u00e9suite slov\u00e8ne.\nCadre en bois travaill\u00e9 de mani\u00e8re artisanale avec impression or \u00e0 chaud de 20x28,5 cm. <br \/><strong><a href=\"https:\/\/www.holyart.fr\/articles-religieux\/tableaux-gravures-manuscrit-enlumine\/planche-la-cene-impression-pere-rupnik-20x30-cm\">Acheter sur Holyart<\/a><\/strong><\/div>\r\n\t\t<\/div>\r\n\t\t<div class=\"sp-slide\">\r\n\t\t\t<img loading=\"lazy\" decoding=\"async\" class=\"sp-image\" src=\"https:\/\/blog.holyart.it\/fr\/wp-content\/uploads\/sites\/14\/2021\/07\/tapisserie-inspiree-la-cene.jpg\" alt=\"tapisserie inspiree la cene\" width=\"500\" height=\"500\" \/>\r\n\t\t\t<div class=\"sp-thumbnail\"><img decoding=\"async\" src=\"https:\/\/blog.holyart.it\/fr\/wp-content\/uploads\/sites\/14\/2021\/07\/tapisserie-inspiree-la-cene-150x150.jpg\" alt=\"tapisserie inspiree la cene\" \/>\r\n\t\t\t<\/div>\r\n\t\t\t<div class=\"sp-caption\">Tapisserie inspir\u00e9e de la 'C\u00e8ne' de L\u00e9onard De Vinci 65x110 cm. Tapisserie inspir\u00e9e de la 'C\u00e8ne' de De Vinci, copie d'une tapisserie flamande, pr\u00e9sentant un dessin exclusif et un raffin\u00e9 tissage Jacquard. <br \/><strong><a href=\"https:\/\/www.holyart.fr\/articles-religieux\/tapisseries-religieuses\/tapisserie-inspiree-de-la-cene-de-leonard-de-vinci-65x110-cm\">Acheter sur Holyart<\/a><\/strong><\/div>\r\n\t\t<\/div>\r\n\t\t<div class=\"sp-slide\">\r\n\t\t\t<img loading=\"lazy\" decoding=\"async\" class=\"sp-image\" src=\"https:\/\/blog.holyart.it\/fr\/wp-content\/uploads\/sites\/14\/2021\/07\/icone-imprimee-grece-cene.jpg\" alt=\"icone imprimee grece cene\" width=\"500\" height=\"500\" \/>\r\n\t\t\t<div class=\"sp-thumbnail\"><img decoding=\"async\" src=\"https:\/\/blog.holyart.it\/fr\/wp-content\/uploads\/sites\/14\/2021\/07\/icone-imprimee-grece-cene-150x150.jpg\" alt=\"icone imprimee grece cene\" \/>\r\n\t\t\t<\/div>\r\n\t\t\t<div class=\"sp-caption\">Ic\u00f4ne imprim\u00e9e Gr\u00e8ce C\u00e8ne finitions \u00e0 main. Ic\u00f4ne grecque s\u00e9rigraphi\u00e9e avec image de la C\u00e8ne avec finitions faites main.<br \/><strong><a href=\"https:\/\/www.holyart.fr\/articles-religieux\/icones-religieuses\/icones-grecques\/icone-imprimee-grece-cene-finitions-a-main\">Acheter sur Holyart<\/a><\/strong><\/div>\r\n\t\t<\/div>\r\n\t\t<div class=\"sp-slide\">\r\n\t\t\t<img loading=\"lazy\" decoding=\"async\" class=\"sp-image\" src=\"https:\/\/blog.holyart.it\/fr\/wp-content\/uploads\/sites\/14\/2021\/07\/bas-relief-cene-bois-valgardena.jpg\" alt=\"bas-relief cene bois valgardena\" width=\"500\" height=\"500\" \/>\r\n\t\t\t<div class=\"sp-thumbnail\"><img decoding=\"async\" src=\"https:\/\/blog.holyart.it\/fr\/wp-content\/uploads\/sites\/14\/2021\/07\/bas-relief-cene-bois-valgardena-150x150.jpg\" alt=\"bas-relief cene bois valgardena\" \/>\r\n\t\t\t<\/div>\r\n\t\t\t<div class=\"sp-caption\">Repr\u00e9sentation en bas-relief de la C\u00e8ne de L\u00e9onard de Vinci, r\u00e9alis\u00e9e \u00e0 la main en bois d'\u00e9rable par les artisans de la Valgardena.\nSculpture avec finition patin\u00e9e multinuance: le bas-relief est recouvert d'une patine couleur noisette avec d\u00e9tails aux nuances vari\u00e9es.<br \/><strong><a href=\"https:\/\/www.holyart.fr\/articles-religieux\/bas-reliefs\/bas-reliefs-varies\/bas-relief-cene-bois-valgardena-patine-multinuance\">Acheter sur Holyart<\/a><\/strong><\/div>\r\n\t\t<\/div>\r\n\t<\/div>\r\n<\/div><\/p>\n","protected":false},"excerpt":{"rendered":"<p>La C\u00e8ne de L\u00e9onard de Vinci, dans le couvent de Santa Maria delle Grazie, est une des \u0153uvres les plus c\u00e9l\u00e8bres au monde, riche en significations religieuses et artistiques.\u00a0 La C\u00e8ne de L\u00e9onard de Vinci est une des \u0153uvres d\u2019art \u2013 chr\u00e9tienne et non \u2013&hellip;<\/p>\n","protected":false},"author":1,"featured_media":3197,"comment_status":"closed","ping_status":"open","sticky":false,"template":"","format":"standard","meta":{"_acf_changed":false,"footnotes":""},"categories":[8],"tags":[],"class_list":["post-3196","post","type-post","status-publish","format-standard","has-post-thumbnail","hentry","category-articles-religieux"],"acf":[],"yoast_head":"<!-- This site is optimized with the Yoast SEO plugin v26.6 - https:\/\/yoast.com\/wordpress\/plugins\/seo\/ -->\n<title>La C\u00e8ne de L\u00e9onard de Vinci : histoire d\u2019un chef d\u2019\u0153uvre - Holyart.fr Blog<\/title>\n<meta name=\"description\" content=\"La C\u00e8ne de L\u00e9onard de Vinci est une des \u0153uvres les plus c\u00e9l\u00e8bres au monde, riche en significations religieuses et artistiques.\u00a0\" \/>\n<meta name=\"robots\" content=\"index, follow, max-snippet:-1, max-image-preview:large, max-video-preview:-1\" \/>\n<link rel=\"canonical\" href=\"https:\/\/blog.holyart.it\/fr\/articles-religieux\/la-cene-de-leonard-de-vinci-histoire-dun-chef-doeuvre\/\" \/>\n<meta property=\"og:locale\" content=\"fr_FR\" \/>\n<meta property=\"og:type\" content=\"article\" \/>\n<meta property=\"og:title\" content=\"La C\u00e8ne de L\u00e9onard de Vinci : histoire d\u2019un chef d\u2019\u0153uvre - Holyart.fr Blog\" \/>\n<meta property=\"og:description\" content=\"La C\u00e8ne de L\u00e9onard de Vinci est une des \u0153uvres les plus c\u00e9l\u00e8bres au monde, riche en significations religieuses et artistiques.\u00a0\" \/>\n<meta property=\"og:url\" content=\"https:\/\/blog.holyart.it\/fr\/articles-religieux\/la-cene-de-leonard-de-vinci-histoire-dun-chef-doeuvre\/\" \/>\n<meta property=\"og:site_name\" content=\"Holyart.fr Blog\" \/>\n<meta property=\"article:published_time\" content=\"2021-07-13T13:48:13+00:00\" \/>\n<meta property=\"article:modified_time\" content=\"2025-02-04T13:21:32+00:00\" \/>\n<meta property=\"og:image\" content=\"https:\/\/blog.holyart.it\/fr\/wp-content\/uploads\/sites\/14\/2021\/07\/La-Cene.jpeg\" \/>\n\t<meta property=\"og:image:width\" content=\"1000\" \/>\n\t<meta property=\"og:image:height\" content=\"666\" \/>\n\t<meta property=\"og:image:type\" content=\"image\/jpeg\" \/>\n<meta name=\"author\" content=\"Redazione\" \/>\n<meta name=\"twitter:card\" content=\"summary_large_image\" \/>\n<meta name=\"twitter:label1\" content=\"\u00c9crit par\" \/>\n\t<meta name=\"twitter:data1\" content=\"Redazione\" \/>\n\t<meta name=\"twitter:label2\" content=\"Dur\u00e9e de lecture estim\u00e9e\" \/>\n\t<meta name=\"twitter:data2\" content=\"6 minutes\" \/>\n<script type=\"application\/ld+json\" class=\"yoast-schema-graph\">{\"@context\":\"https:\/\/schema.org\",\"@graph\":[{\"@type\":\"Article\",\"@id\":\"https:\/\/blog.holyart.it\/fr\/articles-religieux\/la-cene-de-leonard-de-vinci-histoire-dun-chef-doeuvre\/#article\",\"isPartOf\":{\"@id\":\"https:\/\/blog.holyart.it\/fr\/articles-religieux\/la-cene-de-leonard-de-vinci-histoire-dun-chef-doeuvre\/\"},\"author\":{\"name\":\"Redazione\",\"@id\":\"https:\/\/blog.holyart.it\/fr\/#\/schema\/person\/0a7b686e5af0f856ec1e390dd0baecda\"},\"headline\":\"La C\u00e8ne de L\u00e9onard de Vinci : histoire d\u2019un chef d\u2019\u0153uvre\",\"datePublished\":\"2021-07-13T13:48:13+00:00\",\"dateModified\":\"2025-02-04T13:21:32+00:00\",\"mainEntityOfPage\":{\"@id\":\"https:\/\/blog.holyart.it\/fr\/articles-religieux\/la-cene-de-leonard-de-vinci-histoire-dun-chef-doeuvre\/\"},\"wordCount\":1230,\"publisher\":{\"@id\":\"https:\/\/blog.holyart.it\/fr\/#organization\"},\"image\":{\"@id\":\"https:\/\/blog.holyart.it\/fr\/articles-religieux\/la-cene-de-leonard-de-vinci-histoire-dun-chef-doeuvre\/#primaryimage\"},\"thumbnailUrl\":\"https:\/\/blog.holyart.it\/fr\/wp-content\/uploads\/sites\/14\/2021\/07\/La-Cene.jpeg\",\"articleSection\":[\"Religion\"],\"inLanguage\":\"fr-FR\"},{\"@type\":\"WebPage\",\"@id\":\"https:\/\/blog.holyart.it\/fr\/articles-religieux\/la-cene-de-leonard-de-vinci-histoire-dun-chef-doeuvre\/\",\"url\":\"https:\/\/blog.holyart.it\/fr\/articles-religieux\/la-cene-de-leonard-de-vinci-histoire-dun-chef-doeuvre\/\",\"name\":\"La C\u00e8ne de L\u00e9onard de Vinci : histoire d\u2019un chef d\u2019\u0153uvre - Holyart.fr Blog\",\"isPartOf\":{\"@id\":\"https:\/\/blog.holyart.it\/fr\/#website\"},\"primaryImageOfPage\":{\"@id\":\"https:\/\/blog.holyart.it\/fr\/articles-religieux\/la-cene-de-leonard-de-vinci-histoire-dun-chef-doeuvre\/#primaryimage\"},\"image\":{\"@id\":\"https:\/\/blog.holyart.it\/fr\/articles-religieux\/la-cene-de-leonard-de-vinci-histoire-dun-chef-doeuvre\/#primaryimage\"},\"thumbnailUrl\":\"https:\/\/blog.holyart.it\/fr\/wp-content\/uploads\/sites\/14\/2021\/07\/La-Cene.jpeg\",\"datePublished\":\"2021-07-13T13:48:13+00:00\",\"dateModified\":\"2025-02-04T13:21:32+00:00\",\"description\":\"La C\u00e8ne de L\u00e9onard de Vinci est une des \u0153uvres les plus c\u00e9l\u00e8bres au monde, riche en significations religieuses et artistiques.\u00a0\",\"breadcrumb\":{\"@id\":\"https:\/\/blog.holyart.it\/fr\/articles-religieux\/la-cene-de-leonard-de-vinci-histoire-dun-chef-doeuvre\/#breadcrumb\"},\"inLanguage\":\"fr-FR\",\"potentialAction\":[{\"@type\":\"ReadAction\",\"target\":[\"https:\/\/blog.holyart.it\/fr\/articles-religieux\/la-cene-de-leonard-de-vinci-histoire-dun-chef-doeuvre\/\"]}]},{\"@type\":\"ImageObject\",\"inLanguage\":\"fr-FR\",\"@id\":\"https:\/\/blog.holyart.it\/fr\/articles-religieux\/la-cene-de-leonard-de-vinci-histoire-dun-chef-doeuvre\/#primaryimage\",\"url\":\"https:\/\/blog.holyart.it\/fr\/wp-content\/uploads\/sites\/14\/2021\/07\/La-Cene.jpeg\",\"contentUrl\":\"https:\/\/blog.holyart.it\/fr\/wp-content\/uploads\/sites\/14\/2021\/07\/La-Cene.jpeg\",\"width\":1000,\"height\":666,\"caption\":\"La Cene\"},{\"@type\":\"BreadcrumbList\",\"@id\":\"https:\/\/blog.holyart.it\/fr\/articles-religieux\/la-cene-de-leonard-de-vinci-histoire-dun-chef-doeuvre\/#breadcrumb\",\"itemListElement\":[{\"@type\":\"ListItem\",\"position\":1,\"name\":\"Homepage\",\"item\":\"https:\/\/blog.holyart.it\/fr\/\"},{\"@type\":\"ListItem\",\"position\":2,\"name\":\"Religion\",\"item\":\"https:\/\/blog.holyart.it\/fr\/articles-religieux\/\"},{\"@type\":\"ListItem\",\"position\":3,\"name\":\"La C\u00e8ne de L\u00e9onard de Vinci : histoire d\u2019un chef d\u2019\u0153uvre\"}]},{\"@type\":\"WebSite\",\"@id\":\"https:\/\/blog.holyart.it\/fr\/#website\",\"url\":\"https:\/\/blog.holyart.it\/fr\/\",\"name\":\"Holyart.fr Blog\",\"description\":\"Holyblog\",\"publisher\":{\"@id\":\"https:\/\/blog.holyart.it\/fr\/#organization\"},\"potentialAction\":[{\"@type\":\"SearchAction\",\"target\":{\"@type\":\"EntryPoint\",\"urlTemplate\":\"https:\/\/blog.holyart.it\/fr\/?s={search_term_string}\"},\"query-input\":{\"@type\":\"PropertyValueSpecification\",\"valueRequired\":true,\"valueName\":\"search_term_string\"}}],\"inLanguage\":\"fr-FR\"},{\"@type\":\"Organization\",\"@id\":\"https:\/\/blog.holyart.it\/fr\/#organization\",\"name\":\"Holyart.fr Blog\",\"url\":\"https:\/\/blog.holyart.it\/fr\/\",\"logo\":{\"@type\":\"ImageObject\",\"inLanguage\":\"fr-FR\",\"@id\":\"https:\/\/blog.holyart.it\/fr\/#\/schema\/logo\/image\/\",\"url\":\"https:\/\/blog.holyart.it\/fr\/wp-content\/uploads\/sites\/14\/2022\/12\/Holyart_Blog_Logo.jpg\",\"contentUrl\":\"https:\/\/blog.holyart.it\/fr\/wp-content\/uploads\/sites\/14\/2022\/12\/Holyart_Blog_Logo.jpg\",\"width\":300,\"height\":50,\"caption\":\"Holyart.fr Blog\"},\"image\":{\"@id\":\"https:\/\/blog.holyart.it\/fr\/#\/schema\/logo\/image\/\"}},{\"@type\":\"Person\",\"@id\":\"https:\/\/blog.holyart.it\/fr\/#\/schema\/person\/0a7b686e5af0f856ec1e390dd0baecda\",\"name\":\"Redazione\",\"image\":{\"@type\":\"ImageObject\",\"inLanguage\":\"fr-FR\",\"@id\":\"https:\/\/blog.holyart.it\/fr\/#\/schema\/person\/image\/\",\"url\":\"https:\/\/secure.gravatar.com\/avatar\/f477da817f43e50d0af36abecd33e3edf826c68299714bdc1057dff3b113f516?s=96&d=mm&r=g\",\"contentUrl\":\"https:\/\/secure.gravatar.com\/avatar\/f477da817f43e50d0af36abecd33e3edf826c68299714bdc1057dff3b113f516?s=96&d=mm&r=g\",\"caption\":\"Redazione\"},\"url\":\"https:\/\/blog.holyart.it\/fr\/author\/admin\/\"}]}<\/script>\n<!-- \/ Yoast SEO plugin. -->","yoast_head_json":{"title":"La C\u00e8ne de L\u00e9onard de Vinci : histoire d\u2019un chef d\u2019\u0153uvre - Holyart.fr Blog","description":"La C\u00e8ne de L\u00e9onard de Vinci est une des \u0153uvres les plus c\u00e9l\u00e8bres au monde, riche en significations religieuses et artistiques.\u00a0","robots":{"index":"index","follow":"follow","max-snippet":"max-snippet:-1","max-image-preview":"max-image-preview:large","max-video-preview":"max-video-preview:-1"},"canonical":"https:\/\/blog.holyart.it\/fr\/articles-religieux\/la-cene-de-leonard-de-vinci-histoire-dun-chef-doeuvre\/","og_locale":"fr_FR","og_type":"article","og_title":"La C\u00e8ne de L\u00e9onard de Vinci : histoire d\u2019un chef d\u2019\u0153uvre - Holyart.fr Blog","og_description":"La C\u00e8ne de L\u00e9onard de Vinci est une des \u0153uvres les plus c\u00e9l\u00e8bres au monde, riche en significations religieuses et artistiques.\u00a0","og_url":"https:\/\/blog.holyart.it\/fr\/articles-religieux\/la-cene-de-leonard-de-vinci-histoire-dun-chef-doeuvre\/","og_site_name":"Holyart.fr Blog","article_published_time":"2021-07-13T13:48:13+00:00","article_modified_time":"2025-02-04T13:21:32+00:00","og_image":[{"width":1000,"height":666,"url":"https:\/\/blog.holyart.it\/fr\/wp-content\/uploads\/sites\/14\/2021\/07\/La-Cene.jpeg","type":"image\/jpeg"}],"author":"Redazione","twitter_card":"summary_large_image","twitter_misc":{"\u00c9crit par":"Redazione","Dur\u00e9e de lecture estim\u00e9e":"6 minutes"},"schema":{"@context":"https:\/\/schema.org","@graph":[{"@type":"Article","@id":"https:\/\/blog.holyart.it\/fr\/articles-religieux\/la-cene-de-leonard-de-vinci-histoire-dun-chef-doeuvre\/#article","isPartOf":{"@id":"https:\/\/blog.holyart.it\/fr\/articles-religieux\/la-cene-de-leonard-de-vinci-histoire-dun-chef-doeuvre\/"},"author":{"name":"Redazione","@id":"https:\/\/blog.holyart.it\/fr\/#\/schema\/person\/0a7b686e5af0f856ec1e390dd0baecda"},"headline":"La C\u00e8ne de L\u00e9onard de Vinci : histoire d\u2019un chef d\u2019\u0153uvre","datePublished":"2021-07-13T13:48:13+00:00","dateModified":"2025-02-04T13:21:32+00:00","mainEntityOfPage":{"@id":"https:\/\/blog.holyart.it\/fr\/articles-religieux\/la-cene-de-leonard-de-vinci-histoire-dun-chef-doeuvre\/"},"wordCount":1230,"publisher":{"@id":"https:\/\/blog.holyart.it\/fr\/#organization"},"image":{"@id":"https:\/\/blog.holyart.it\/fr\/articles-religieux\/la-cene-de-leonard-de-vinci-histoire-dun-chef-doeuvre\/#primaryimage"},"thumbnailUrl":"https:\/\/blog.holyart.it\/fr\/wp-content\/uploads\/sites\/14\/2021\/07\/La-Cene.jpeg","articleSection":["Religion"],"inLanguage":"fr-FR"},{"@type":"WebPage","@id":"https:\/\/blog.holyart.it\/fr\/articles-religieux\/la-cene-de-leonard-de-vinci-histoire-dun-chef-doeuvre\/","url":"https:\/\/blog.holyart.it\/fr\/articles-religieux\/la-cene-de-leonard-de-vinci-histoire-dun-chef-doeuvre\/","name":"La C\u00e8ne de L\u00e9onard de Vinci : histoire d\u2019un chef d\u2019\u0153uvre - Holyart.fr Blog","isPartOf":{"@id":"https:\/\/blog.holyart.it\/fr\/#website"},"primaryImageOfPage":{"@id":"https:\/\/blog.holyart.it\/fr\/articles-religieux\/la-cene-de-leonard-de-vinci-histoire-dun-chef-doeuvre\/#primaryimage"},"image":{"@id":"https:\/\/blog.holyart.it\/fr\/articles-religieux\/la-cene-de-leonard-de-vinci-histoire-dun-chef-doeuvre\/#primaryimage"},"thumbnailUrl":"https:\/\/blog.holyart.it\/fr\/wp-content\/uploads\/sites\/14\/2021\/07\/La-Cene.jpeg","datePublished":"2021-07-13T13:48:13+00:00","dateModified":"2025-02-04T13:21:32+00:00","description":"La C\u00e8ne de L\u00e9onard de Vinci est une des \u0153uvres les plus c\u00e9l\u00e8bres au monde, riche en significations religieuses et artistiques.\u00a0","breadcrumb":{"@id":"https:\/\/blog.holyart.it\/fr\/articles-religieux\/la-cene-de-leonard-de-vinci-histoire-dun-chef-doeuvre\/#breadcrumb"},"inLanguage":"fr-FR","potentialAction":[{"@type":"ReadAction","target":["https:\/\/blog.holyart.it\/fr\/articles-religieux\/la-cene-de-leonard-de-vinci-histoire-dun-chef-doeuvre\/"]}]},{"@type":"ImageObject","inLanguage":"fr-FR","@id":"https:\/\/blog.holyart.it\/fr\/articles-religieux\/la-cene-de-leonard-de-vinci-histoire-dun-chef-doeuvre\/#primaryimage","url":"https:\/\/blog.holyart.it\/fr\/wp-content\/uploads\/sites\/14\/2021\/07\/La-Cene.jpeg","contentUrl":"https:\/\/blog.holyart.it\/fr\/wp-content\/uploads\/sites\/14\/2021\/07\/La-Cene.jpeg","width":1000,"height":666,"caption":"La Cene"},{"@type":"BreadcrumbList","@id":"https:\/\/blog.holyart.it\/fr\/articles-religieux\/la-cene-de-leonard-de-vinci-histoire-dun-chef-doeuvre\/#breadcrumb","itemListElement":[{"@type":"ListItem","position":1,"name":"Homepage","item":"https:\/\/blog.holyart.it\/fr\/"},{"@type":"ListItem","position":2,"name":"Religion","item":"https:\/\/blog.holyart.it\/fr\/articles-religieux\/"},{"@type":"ListItem","position":3,"name":"La C\u00e8ne de L\u00e9onard de Vinci : histoire d\u2019un chef d\u2019\u0153uvre"}]},{"@type":"WebSite","@id":"https:\/\/blog.holyart.it\/fr\/#website","url":"https:\/\/blog.holyart.it\/fr\/","name":"Holyart.fr Blog","description":"Holyblog","publisher":{"@id":"https:\/\/blog.holyart.it\/fr\/#organization"},"potentialAction":[{"@type":"SearchAction","target":{"@type":"EntryPoint","urlTemplate":"https:\/\/blog.holyart.it\/fr\/?s={search_term_string}"},"query-input":{"@type":"PropertyValueSpecification","valueRequired":true,"valueName":"search_term_string"}}],"inLanguage":"fr-FR"},{"@type":"Organization","@id":"https:\/\/blog.holyart.it\/fr\/#organization","name":"Holyart.fr Blog","url":"https:\/\/blog.holyart.it\/fr\/","logo":{"@type":"ImageObject","inLanguage":"fr-FR","@id":"https:\/\/blog.holyart.it\/fr\/#\/schema\/logo\/image\/","url":"https:\/\/blog.holyart.it\/fr\/wp-content\/uploads\/sites\/14\/2022\/12\/Holyart_Blog_Logo.jpg","contentUrl":"https:\/\/blog.holyart.it\/fr\/wp-content\/uploads\/sites\/14\/2022\/12\/Holyart_Blog_Logo.jpg","width":300,"height":50,"caption":"Holyart.fr Blog"},"image":{"@id":"https:\/\/blog.holyart.it\/fr\/#\/schema\/logo\/image\/"}},{"@type":"Person","@id":"https:\/\/blog.holyart.it\/fr\/#\/schema\/person\/0a7b686e5af0f856ec1e390dd0baecda","name":"Redazione","image":{"@type":"ImageObject","inLanguage":"fr-FR","@id":"https:\/\/blog.holyart.it\/fr\/#\/schema\/person\/image\/","url":"https:\/\/secure.gravatar.com\/avatar\/f477da817f43e50d0af36abecd33e3edf826c68299714bdc1057dff3b113f516?s=96&d=mm&r=g","contentUrl":"https:\/\/secure.gravatar.com\/avatar\/f477da817f43e50d0af36abecd33e3edf826c68299714bdc1057dff3b113f516?s=96&d=mm&r=g","caption":"Redazione"},"url":"https:\/\/blog.holyart.it\/fr\/author\/admin\/"}]}},"_links":{"self":[{"href":"https:\/\/blog.holyart.it\/fr\/wp-json\/wp\/v2\/posts\/3196","targetHints":{"allow":["GET"]}}],"collection":[{"href":"https:\/\/blog.holyart.it\/fr\/wp-json\/wp\/v2\/posts"}],"about":[{"href":"https:\/\/blog.holyart.it\/fr\/wp-json\/wp\/v2\/types\/post"}],"author":[{"embeddable":true,"href":"https:\/\/blog.holyart.it\/fr\/wp-json\/wp\/v2\/users\/1"}],"replies":[{"embeddable":true,"href":"https:\/\/blog.holyart.it\/fr\/wp-json\/wp\/v2\/comments?post=3196"}],"version-history":[{"count":1,"href":"https:\/\/blog.holyart.it\/fr\/wp-json\/wp\/v2\/posts\/3196\/revisions"}],"predecessor-version":[{"id":6153,"href":"https:\/\/blog.holyart.it\/fr\/wp-json\/wp\/v2\/posts\/3196\/revisions\/6153"}],"wp:featuredmedia":[{"embeddable":true,"href":"https:\/\/blog.holyart.it\/fr\/wp-json\/wp\/v2\/media\/3197"}],"wp:attachment":[{"href":"https:\/\/blog.holyart.it\/fr\/wp-json\/wp\/v2\/media?parent=3196"}],"wp:term":[{"taxonomy":"category","embeddable":true,"href":"https:\/\/blog.holyart.it\/fr\/wp-json\/wp\/v2\/categories?post=3196"},{"taxonomy":"post_tag","embeddable":true,"href":"https:\/\/blog.holyart.it\/fr\/wp-json\/wp\/v2\/tags?post=3196"}],"curies":[{"name":"wp","href":"https:\/\/api.w.org\/{rel}","templated":true}]}}