{"id":3175,"date":"2021-07-06T09:30:59","date_gmt":"2021-07-06T07:30:59","guid":{"rendered":"https:\/\/blog.holyart.it\/fr\/?p=3175"},"modified":"2021-07-06T16:28:03","modified_gmt":"2021-07-06T14:28:03","slug":"operation-mato-grosso-laventure-de-jeunes-volontaires-qui-amena-a-un-projet-de-grande-valeur","status":"publish","type":"post","link":"https:\/\/blog.holyart.it\/fr\/articles-religieux\/operation-mato-grosso-laventure-de-jeunes-volontaires-qui-amena-a-un-projet-de-grande-valeur\/","title":{"rendered":"Op\u00e9ration Mato Grosso : l&rsquo;aventure de jeunes volontaires qui amena \u00e0 un projet de grande valeur"},"content":{"rendered":"<h4 style=\"text-align: center;\"><em>L&rsquo;Op\u00e9ration Mato Grosso aide des communaut\u00e9s du monde entier \u00e0 travers ses jeunes volontaires. Et dans certaines r\u00e9alit\u00e9s qui lui sont li\u00e9es, des magnifiques \u0153uvres d\u2019art sacr\u00e9 voient le jour.<\/em><\/h4>\n\n<p>Un <strong>mouvement de jeunes missionnaires<\/strong> qui se d\u00e9dient aux autres, une <strong>association de b\u00e9n\u00e9volat<\/strong> qui permet \u00e0 des communaut\u00e9s en difficult\u00e9 de se relever et d\u2019am\u00e9liorer leur qualit\u00e9 de vie. Voil\u00e0 ce que <strong>Op\u00e9ration Mato Gros<\/strong>so signifie. Les groupes de l\u2019OMG s\u2019occupent de l\u2019\u00e9ducation des jeunes \u00e0 travers le <strong>service<\/strong> et la <strong>mission<\/strong> dans diff\u00e9rentes parties du monde. Souvent les missions de l\u2019OMG ont amen\u00e9 \u00e0 de grands changements et renouvellements pour les volontaires comme pour les communaut\u00e9s aid\u00e9es. Dans certains cas, de v\u00e9ritables <strong>r\u00e9alit\u00e9s de travail<\/strong> ont vu le jour, permettant \u00e0 de nombreux jeunes de se construire un futur l\u00e0 o\u00f9 il ne semblait pas possible.<\/p>\n<h2>L\u2019histoire de l\u2019Op\u00e9ration Mato Grosso<\/h2>\n<p>L&rsquo;OMG nait officiellement en <strong>1967<\/strong>, avec la premi\u00e8re mission au Br\u00e9sil. P\u00e8re <strong>Ugo de Censi<\/strong>, animateur des oratoires de l\u2019\u00c9milie-Romagne et de la Lombardie, avait remarqu\u00e9 que certains de ses jeunes avaient besoin d\u2019une occasion pour mettre en \u0153uvre leur Foi. Gr\u00e2ce \u00e0 la collaboration de son ami P\u00e8re Pedro, missionnaire au Br\u00e9sil, un premier groupe de jeunes se rendit cette ann\u00e9e-l\u00e0 dans le <strong>Mato Grosso<\/strong>. C\u2019est l\u00e0 que tout commen\u00e7a. Au d\u00e9but, ce furent les pr\u00eatres qui invit\u00e8rent les jeunes pour faire grandir le projet, mais bient\u00f4t <strong>les jeunes choisirent eux-m\u00eames de devenir protagonistes<\/strong>. Aujourd\u2019hui l\u2019Op\u00e9ration Mato Grosso a plus de 50 ans d\u2019histoire et est pr\u00e9sente dans plus de 60 communaut\u00e9s au P\u00e9rou, 17 en \u00c9quateur, 10 en Bolivie et 12 au Br\u00e9sil.<\/p>\n<h2>Les activit\u00e9s dans les missions<\/h2>\n<p>Les jeunes volontaires de l\u2019OMG sont form\u00e9s avec des <strong>parcours \u00e9ducatifs<\/strong> en Italie pour ensuite partir et se mettre au service des communaut\u00e9s qui en ont besoin. Leur travail est gratuit et est rendu possible par un r\u00e9seau de partisans qui se sont rapproch\u00e9s de cette cause au cours des ann\u00e9es. Pendant leur mission, <strong>les activit\u00e9s entreprises sont nombreuses<\/strong> ; voici les principaux domaines dans lesquels les b\u00e9n\u00e9voles op\u00e8rent :<\/p>\n<ul>\n<li>\u00e9ducatif (\u00e9coles, instruction, formation, remise \u00e0 niveau professionnelle, b\u00e9n\u00e9volat)<\/li>\n<\/ul>\n<ul>\n<li>religieux (cat\u00e9ch\u00e8se, oratoire, retraites spirituelles, sacrements, s\u00e9minaires)<\/li>\n<li>assistance et d\u00e9veloppement (construction de maison pour les personnes \u00e2g\u00e9es)<\/li>\n<li>d\u00e9veloppement des infrastructures (irrigation, eau potable, routes, centrales hydro\u00e9lectriques, \u00e9coles)<\/li>\n<li>de travail (laboratoires de menuiserie, m\u00e9canique, \u00e9lectrotechnique, plomberie)<\/li>\n<li>art (laboratoires de restauration, art de la verrerie, art de la sculpture du bois et de la pierre, tissus, tapis et v\u00eatements en alpaga, coop\u00e9ratives)<\/li>\n<li>sanitaire (h\u00f4pitaux, postes sanitaires dans les villages les plus \u00e9loign\u00e9s, prise en charge de patients chroniques, distribution des m\u00e9dicaments)<\/li>\n<li>sanitaire d\u2019assistance (maisons de repos pour personnes \u00e2g\u00e9es non autosuffisantes, maisons de r\u00e9sidence pour personnes handicap\u00e9es non autosuffisantes, maisons pour mineurs abandonn\u00e9s, cr\u00e8ches)<\/li>\n<li>tourisme (refuges, \u00e9cole des guides de haute montagne, trekking et VTT)<\/li>\n<li>arch\u00e9ologie (projets de fouilles et valorisation des sites arch\u00e9ologiques)<\/li>\n<li>agriculture (d\u00e9veloppement de nouvelles semences et fertilisants)<\/li>\n<\/ul>\n<ul>\n<li>pastoralisme (\u00e9levage de bovins pour la production de lait et produits d\u00e9riv\u00e9s).<\/li>\n<\/ul>\n<h2>Artesanos don Bosco : l\u2019\u00e9cole et la coop\u00e9rative au P\u00e9rou<\/h2>\n<p>Les communaut\u00e9s andines de <strong>Chacas<\/strong> et <strong>Llamellin<\/strong> sont des lieux o\u00f9 l\u2019Op\u00e9ration Mato Grosso a eu un r\u00f4le important. Ici, gr\u00e2ce \u00e0 l\u2019OMG, est n\u00e9e une <strong>\u00e9cole<\/strong> <strong>de<\/strong> <strong>menuiserie<\/strong>, qui a permis aux jeunes locaux d\u2019apprendre le m\u00e9tier afin de produire des meubles, des <strong>\u0153uvres<\/strong> <strong>d\u2019art<\/strong> <strong>sacr\u00e9<\/strong> et d\u2019autres objets en bois. \u00c0 la fin du parcours de formation, chaque \u00e9tudiant re\u00e7oit une bo\u00eete \u00e0 outils avec ce qu\u2019il lui faut pour exercer sa profession. De nombreux \u00e9tudiants de cette \u00e9cole d\u00e9cident de travailler pour la coop\u00e9rative <strong>Artesanos<\/strong> <strong>don<\/strong> <strong>Bosco<\/strong>, cr\u00e9\u00e9e justement pour leur donner l\u2019opportunit\u00e9 de <strong>se<\/strong> <strong>construire<\/strong> <strong>une<\/strong> <strong>vie<\/strong> dans leur terre natale. Maintenant beaucoup de ces jeunes peuvent se permettre de fonder une famille et de vivre de leur travail. Le reste de la zone a \u00e9galement profit\u00e9 de ce changement : les routes sont entretenues pour permettre le transport des mat\u00e9riaux et des produits ; la population recommence \u00e0 aimer la terre qui avant lui paraissait difficile \u00e0 cultiver.<\/p>\n<div class=\"link-article\">\n<p><img loading=\"lazy\" decoding=\"async\" class=\"alignleft size-full wp-image-3176\" src=\"https:\/\/blog.holyart.it\/fr\/wp-content\/uploads\/sites\/14\/2021\/07\/histoire-don-bosco.jpg\" alt=\"histoire don bosco\" width=\"150\" height=\"99\" data-kale-share-title=\"Op\u00e9ration Mato Grosso : l\u2019aventure de jeunes volontaires qui amena \u00e0 un projet de grande valeur\" data-kale-share-url=\"https:\/\/blog.holyart.it\/fr\/?p=3175\" \/><\/p>\n<div class=\"leggi-anche\">Lire aussi :<\/div>\n<p><strong><a href=\"https:\/\/www.holyart.fr\/blog\/articles-religieux\/lhistoire-de-don-bosco\/\">L\u2019histoire de Don Bosco<\/a><\/strong><br \/>\nParmi tous les saints et les bienheureux v\u00e9n\u00e9r\u00e9s par l\u2019\u00e9glise catholique, Saint Jean Bosco occupe une place tout \u00e0 fait sp\u00e9ciale.<\/p>\n<\/div>\n<h2>Les \u0153uvres de Mato Grosso sur Holyart<\/h2>\n<p>Les sculpteurs d\u2019Artesanos don Bosco produisent, <strong>enti\u00e8rement \u00e0 la main<\/strong>, de magnifiques <a href=\"https:\/\/www.holyart.fr\/articles-religieux\/bas-reliefs\/bas-reliefs-varies?46%5B%5D=2565&amp;p_min=&amp;p_max=\"><strong>bas-reliefs religieux<\/strong><\/a> et des <a href=\"https:\/\/www.holyart.fr\/articles-religieux\/crucifix\/crucifix-en-bois\"><strong>crucifix<\/strong> <strong>en<\/strong> <strong>bois<\/strong><\/a> disponibles \u00e0 la vente sur Holyart. Le bois utilis\u00e9 arrive de Lima : il est amen\u00e9 dans les Andes, o\u00f9 se trouvent les ateliers, \u00e0 une altitude comprise entre 2800 et 3600 m\u00e8tres. Le mat\u00e9riel est ensuite laiss\u00e9 s\u00e9cher pendant une ou plusieurs ann\u00e9es, en fonction de son \u00e9paisseur. Quand l\u2019humidit\u00e9 atteint 12-13%, le bois est pr\u00eat pour \u00eatre travaill\u00e9. Le seul moment o\u00f9 des machines sont utilis\u00e9es est la d\u00e9coupe. Les <strong>dessinateurs<\/strong> transf\u00e8rent les images sur la planche en bois et les <strong>sculpteurs<\/strong> s\u2019occupent de faire \u00e9merger du bloc de bois l\u2019image sacr\u00e9e, d\u2019abord en l\u2019esquissant et ensuite en la peaufinant m\u00e9ticuleusement dans le moindre d\u00e9tail. Les figures sont d\u00e9finies \u00e0 l\u2019aide de gouges, marteaux et ciseaux ; ensuite, pour les \u0153uvres qui le pr\u00e9voient, on passe \u00e0 la <strong>coloration \u00e0 l\u2019huile<\/strong>. Souvent, \u00e0 la fin, l\u2019artiste signe son \u0153uvre \u00e0 l\u2019arri\u00e8re, avec son nom et le lieu o\u00f9 l\u2019\u0153uvre est n\u00e9e : chaque pi\u00e8ce porte la marque personnelle de qui l\u2019a r\u00e9alis\u00e9e.<\/p>\n<p style=\"text-align: center;\"><div class=\"sp-styles-warning\" style=\"width: 450px; background-color: #FFF; color: #F00; border: 1px solid #F00; padding: 10px; font-size: 14px;\">\n\t\t\t<span style=\"font-weight: bold;\">Warning: The stylesheets were not loaded!<\/span> \n\t\t\tYou will need to change the <i>Load stylesheets<\/i> setting from <i>Automatically<\/i> to <i>On homepage<\/i> or <i>On all pages<\/i>. \n\t\t\tYou can set that <a style=\"text-decoration: underline; color: #F00;\" href=\"https:\/\/blog.holyart.it\/fr\/wp-admin\/admin.php?page=sliderpro-settings\">here<\/a>.\n\t\t\t<\/div>\r\n<div id=\"slider-pro-43\" class=\"slider-pro sp-no-js\" style=\"width: 500px; height: 500px;\">\r\n\t<div class=\"sp-slides\">\r\n\t\t\r\n\t\t<div class=\"sp-slide\">\r\n\t\t\t<img loading=\"lazy\" decoding=\"async\" class=\"sp-image\" src=\"https:\/\/blog.holyart.it\/fr\/wp-content\/uploads\/sites\/14\/2021\/07\/sainte-famille-en-lenga.jpg\" alt=\"sainte famille en lenga\" width=\"500\" height=\"500\" \/>\r\n\t\t\t<div class=\"sp-thumbnail\"><img decoding=\"async\" src=\"https:\/\/blog.holyart.it\/fr\/wp-content\/uploads\/sites\/14\/2021\/07\/sainte-famille-en-lenga-150x150.jpg\" alt=\"Sainte Famille en lenga \" \/>\r\n\t\t\t<\/div>\r\n\t\t\t<div class=\"sp-caption\">Bas-relief repr\u00e9sentant la Sainte Famille en bois de lenga (h\u00eatre blanc), sculpt\u00e9 \u00e0 la main et peint avec couleurs \u00e0 l'huile au P\u00e9rou par des artisans locaux.\nSainte Famille en lenga <br \/><strong><a href=\"https:\/\/www.holyart.fr\/articles-religieux\/bas-reliefs\/bas-reliefs-varies\/sainte-famille-en-lenga-et-couleurs-a-lhuile-30x20x5-cm-mato-grosso\">Acheter sur Holyart<\/a><\/strong><\/div>\r\n\t\t<\/div>\r\n\t\t<div class=\"sp-slide\">\r\n\t\t\t<img loading=\"lazy\" decoding=\"async\" class=\"sp-image\" src=\"https:\/\/blog.holyart.it\/fr\/wp-content\/uploads\/sites\/14\/2021\/07\/crucifix-sainte-vierge.jpg\" alt=\"crucifix sainte vierge\" width=\"500\" height=\"500\" \/>\r\n\t\t\t<div class=\"sp-thumbnail\"><img decoding=\"async\" src=\"https:\/\/blog.holyart.it\/fr\/wp-content\/uploads\/sites\/14\/2021\/07\/crucifix-sainte-vierge-150x150.jpg\" alt=\"crucifix sainte vierge\" \/>\r\n\t\t\t<\/div>\r\n\t\t\t<div class=\"sp-caption\">Crucifix en h\u00eatre blanc (lenga), sculpt\u00e9 \u00e0 la main par des artisans p\u00e9ruviens et peint avec couleurs \u00e0 l'huile, repr\u00e9sentant la Vierge qui soutient le corps de Christ sur la croix.\nCrucifix Sainte Vierge <br \/><strong><a href=\"https:\/\/www.holyart.fr\/articles-religieux\/crucifix\/crucifix-en-bois\/crucifix-sainte-vierge-soutenant-christ-bois-couleurs-a-lhuile-35x25x5-cm-mato-grosso\">Acheter sur Holyart<\/a><\/strong><\/div>\r\n\t\t<\/div>\r\n\t\t<div class=\"sp-slide\">\r\n\t\t\t<img loading=\"lazy\" decoding=\"async\" class=\"sp-image\" src=\"https:\/\/blog.holyart.it\/fr\/wp-content\/uploads\/sites\/14\/2021\/07\/bas-relief-sainte-famille.jpg\" alt=\"bas-relief sainte famille\" width=\"500\" height=\"500\" \/>\r\n\t\t\t<div class=\"sp-thumbnail\"><img decoding=\"async\" src=\"https:\/\/blog.holyart.it\/fr\/wp-content\/uploads\/sites\/14\/2021\/07\/bas-relief-sainte-famille-150x150.jpg\" alt=\"bas-relief sainte famille\" \/>\r\n\t\t\t<\/div>\r\n\t\t\t<div class=\"sp-caption\">Bas-relief sculpt\u00e9 \u00e0 la main en bois de lenga (h\u00eatre blanc) et noyer au P\u00e9rou, repr\u00e9sentant la Sainte Famille.\nBas-relief Sainte Famille<br \/><strong><a href=\"https:\/\/www.holyart.fr\/articles-religieux\/bas-reliefs\/bas-reliefs-varies\/bas-relief-sainte-famille-en-lenga-et-noyer-30x20x5-cm-mato-grosso\">Acheter sur Holyart<\/a><\/strong><\/div>\r\n\t\t<\/div>\r\n\t\t<div class=\"sp-slide\">\r\n\t\t\t<img loading=\"lazy\" decoding=\"async\" class=\"sp-image\" src=\"https:\/\/blog.holyart.it\/fr\/wp-content\/uploads\/sites\/14\/2021\/07\/crucifix-en-lenga-christ-et-vierge.jpg\" alt=\"crucifix en lenga christ et vierge\" width=\"500\" height=\"500\" \/>\r\n\t\t\t<div class=\"sp-thumbnail\"><img decoding=\"async\" src=\"https:\/\/blog.holyart.it\/fr\/wp-content\/uploads\/sites\/14\/2021\/07\/crucifix-en-lenga-christ-et-vierge-150x150.jpg\" alt=\"crucifix en lenga christ et vierge\" \/>\r\n\t\t\t<\/div>\r\n\t\t\t<div class=\"sp-caption\">Crucifix en h\u00eatre blanc (lenga), sculpt\u00e9 \u00e0 la main par des artisans p\u00e9ruviens et travaill\u00e9 ensuite avec finition en cire pour les effets d'ombre.\nCrucifix en lenga Christ et Vierge <br \/><strong><a href=\"https:\/\/www.holyart.fr\/articles-religieux\/crucifix\/crucifix-en-bois\/crucifix-en-lenga-christ-et-vierge-50x35x5-cm-mato-grosso\">Acheter sur Holyart<\/a><\/strong><\/div>\r\n\t\t<\/div>\r\n\t<\/div>\r\n<\/div><\/p>\n","protected":false},"excerpt":{"rendered":"<p>L&rsquo;Op\u00e9ration Mato Grosso aide des communaut\u00e9s du monde entier \u00e0 travers ses jeunes volontaires. Et dans certaines r\u00e9alit\u00e9s qui lui sont li\u00e9es, des magnifiques \u0153uvres d\u2019art sacr\u00e9 voient le jour. Un mouvement de jeunes missionnaires qui se d\u00e9dient aux autres, une association de b\u00e9n\u00e9volat qui&hellip;<\/p>\n","protected":false},"author":1,"featured_media":3178,"comment_status":"closed","ping_status":"open","sticky":false,"template":"","format":"standard","meta":{"_acf_changed":false,"footnotes":""},"categories":[8],"tags":[],"class_list":["post-3175","post","type-post","status-publish","format-standard","has-post-thumbnail","hentry","category-articles-religieux"],"acf":[],"yoast_head":"<!-- This site is optimized with the Yoast SEO plugin v26.6 - https:\/\/yoast.com\/wordpress\/plugins\/seo\/ -->\n<title>Op\u00e9ration Mato Grosso : l&#039;aventure de jeunes volontaires qui amena \u00e0 un projet de grande valeur<\/title>\n<meta name=\"description\" content=\"L&#039;Op\u00e9ration Mato Grosso aide des communaut\u00e9s du monde entier. Et dans certaines r\u00e9alit\u00e9s des magnifiques \u0153uvres d\u2019art sacr\u00e9 voient le jour.\" \/>\n<meta name=\"robots\" content=\"index, follow, max-snippet:-1, max-image-preview:large, max-video-preview:-1\" \/>\n<link rel=\"canonical\" href=\"https:\/\/blog.holyart.it\/fr\/articles-religieux\/operation-mato-grosso-laventure-de-jeunes-volontaires-qui-amena-a-un-projet-de-grande-valeur\/\" \/>\n<meta property=\"og:locale\" content=\"fr_FR\" \/>\n<meta property=\"og:type\" content=\"article\" \/>\n<meta property=\"og:title\" content=\"Op\u00e9ration Mato Grosso : l&#039;aventure de jeunes volontaires qui amena \u00e0 un projet de grande valeur\" \/>\n<meta property=\"og:description\" content=\"L&#039;Op\u00e9ration Mato Grosso aide des communaut\u00e9s du monde entier. Et dans certaines r\u00e9alit\u00e9s des magnifiques \u0153uvres d\u2019art sacr\u00e9 voient le jour.\" \/>\n<meta property=\"og:url\" content=\"https:\/\/blog.holyart.it\/fr\/articles-religieux\/operation-mato-grosso-laventure-de-jeunes-volontaires-qui-amena-a-un-projet-de-grande-valeur\/\" \/>\n<meta property=\"og:site_name\" content=\"Holyart.fr Blog\" \/>\n<meta property=\"article:published_time\" content=\"2021-07-06T07:30:59+00:00\" \/>\n<meta property=\"article:modified_time\" content=\"2021-07-06T14:28:03+00:00\" \/>\n<meta property=\"og:image\" content=\"https:\/\/blog.holyart.it\/fr\/wp-content\/uploads\/sites\/14\/2021\/07\/operation-mato-grosso.jpeg\" \/>\n\t<meta property=\"og:image:width\" content=\"1000\" \/>\n\t<meta property=\"og:image:height\" content=\"666\" \/>\n\t<meta property=\"og:image:type\" content=\"image\/jpeg\" \/>\n<meta name=\"author\" content=\"Redazione\" \/>\n<meta name=\"twitter:card\" content=\"summary_large_image\" \/>\n<meta name=\"twitter:label1\" content=\"\u00c9crit par\" \/>\n\t<meta name=\"twitter:data1\" content=\"Redazione\" \/>\n\t<meta name=\"twitter:label2\" content=\"Dur\u00e9e de lecture estim\u00e9e\" \/>\n\t<meta name=\"twitter:data2\" content=\"5 minutes\" \/>\n<script type=\"application\/ld+json\" class=\"yoast-schema-graph\">{\"@context\":\"https:\/\/schema.org\",\"@graph\":[{\"@type\":\"Article\",\"@id\":\"https:\/\/blog.holyart.it\/fr\/articles-religieux\/operation-mato-grosso-laventure-de-jeunes-volontaires-qui-amena-a-un-projet-de-grande-valeur\/#article\",\"isPartOf\":{\"@id\":\"https:\/\/blog.holyart.it\/fr\/articles-religieux\/operation-mato-grosso-laventure-de-jeunes-volontaires-qui-amena-a-un-projet-de-grande-valeur\/\"},\"author\":{\"name\":\"Redazione\",\"@id\":\"https:\/\/blog.holyart.it\/fr\/#\/schema\/person\/0a7b686e5af0f856ec1e390dd0baecda\"},\"headline\":\"Op\u00e9ration Mato Grosso : l&rsquo;aventure de jeunes volontaires qui amena \u00e0 un projet de grande valeur\",\"datePublished\":\"2021-07-06T07:30:59+00:00\",\"dateModified\":\"2021-07-06T14:28:03+00:00\",\"mainEntityOfPage\":{\"@id\":\"https:\/\/blog.holyart.it\/fr\/articles-religieux\/operation-mato-grosso-laventure-de-jeunes-volontaires-qui-amena-a-un-projet-de-grande-valeur\/\"},\"wordCount\":1010,\"publisher\":{\"@id\":\"https:\/\/blog.holyart.it\/fr\/#organization\"},\"image\":{\"@id\":\"https:\/\/blog.holyart.it\/fr\/articles-religieux\/operation-mato-grosso-laventure-de-jeunes-volontaires-qui-amena-a-un-projet-de-grande-valeur\/#primaryimage\"},\"thumbnailUrl\":\"https:\/\/blog.holyart.it\/fr\/wp-content\/uploads\/sites\/14\/2021\/07\/operation-mato-grosso.jpeg\",\"articleSection\":[\"Religion\"],\"inLanguage\":\"fr-FR\"},{\"@type\":\"WebPage\",\"@id\":\"https:\/\/blog.holyart.it\/fr\/articles-religieux\/operation-mato-grosso-laventure-de-jeunes-volontaires-qui-amena-a-un-projet-de-grande-valeur\/\",\"url\":\"https:\/\/blog.holyart.it\/fr\/articles-religieux\/operation-mato-grosso-laventure-de-jeunes-volontaires-qui-amena-a-un-projet-de-grande-valeur\/\",\"name\":\"Op\u00e9ration Mato Grosso : l'aventure de jeunes volontaires qui amena \u00e0 un projet de grande valeur\",\"isPartOf\":{\"@id\":\"https:\/\/blog.holyart.it\/fr\/#website\"},\"primaryImageOfPage\":{\"@id\":\"https:\/\/blog.holyart.it\/fr\/articles-religieux\/operation-mato-grosso-laventure-de-jeunes-volontaires-qui-amena-a-un-projet-de-grande-valeur\/#primaryimage\"},\"image\":{\"@id\":\"https:\/\/blog.holyart.it\/fr\/articles-religieux\/operation-mato-grosso-laventure-de-jeunes-volontaires-qui-amena-a-un-projet-de-grande-valeur\/#primaryimage\"},\"thumbnailUrl\":\"https:\/\/blog.holyart.it\/fr\/wp-content\/uploads\/sites\/14\/2021\/07\/operation-mato-grosso.jpeg\",\"datePublished\":\"2021-07-06T07:30:59+00:00\",\"dateModified\":\"2021-07-06T14:28:03+00:00\",\"description\":\"L'Op\u00e9ration Mato Grosso aide des communaut\u00e9s du monde entier. Et dans certaines r\u00e9alit\u00e9s des magnifiques \u0153uvres d\u2019art sacr\u00e9 voient le jour.\",\"breadcrumb\":{\"@id\":\"https:\/\/blog.holyart.it\/fr\/articles-religieux\/operation-mato-grosso-laventure-de-jeunes-volontaires-qui-amena-a-un-projet-de-grande-valeur\/#breadcrumb\"},\"inLanguage\":\"fr-FR\",\"potentialAction\":[{\"@type\":\"ReadAction\",\"target\":[\"https:\/\/blog.holyart.it\/fr\/articles-religieux\/operation-mato-grosso-laventure-de-jeunes-volontaires-qui-amena-a-un-projet-de-grande-valeur\/\"]}]},{\"@type\":\"ImageObject\",\"inLanguage\":\"fr-FR\",\"@id\":\"https:\/\/blog.holyart.it\/fr\/articles-religieux\/operation-mato-grosso-laventure-de-jeunes-volontaires-qui-amena-a-un-projet-de-grande-valeur\/#primaryimage\",\"url\":\"https:\/\/blog.holyart.it\/fr\/wp-content\/uploads\/sites\/14\/2021\/07\/operation-mato-grosso.jpeg\",\"contentUrl\":\"https:\/\/blog.holyart.it\/fr\/wp-content\/uploads\/sites\/14\/2021\/07\/operation-mato-grosso.jpeg\",\"width\":1000,\"height\":666,\"caption\":\"operation mato grosso\"},{\"@type\":\"BreadcrumbList\",\"@id\":\"https:\/\/blog.holyart.it\/fr\/articles-religieux\/operation-mato-grosso-laventure-de-jeunes-volontaires-qui-amena-a-un-projet-de-grande-valeur\/#breadcrumb\",\"itemListElement\":[{\"@type\":\"ListItem\",\"position\":1,\"name\":\"Homepage\",\"item\":\"https:\/\/blog.holyart.it\/fr\/\"},{\"@type\":\"ListItem\",\"position\":2,\"name\":\"Religion\",\"item\":\"https:\/\/blog.holyart.it\/fr\/articles-religieux\/\"},{\"@type\":\"ListItem\",\"position\":3,\"name\":\"Op\u00e9ration Mato Grosso : l&#8217;aventure de jeunes volontaires qui amena \u00e0 un projet de grande valeur\"}]},{\"@type\":\"WebSite\",\"@id\":\"https:\/\/blog.holyart.it\/fr\/#website\",\"url\":\"https:\/\/blog.holyart.it\/fr\/\",\"name\":\"Holyart.fr Blog\",\"description\":\"Holyblog\",\"publisher\":{\"@id\":\"https:\/\/blog.holyart.it\/fr\/#organization\"},\"potentialAction\":[{\"@type\":\"SearchAction\",\"target\":{\"@type\":\"EntryPoint\",\"urlTemplate\":\"https:\/\/blog.holyart.it\/fr\/?s={search_term_string}\"},\"query-input\":{\"@type\":\"PropertyValueSpecification\",\"valueRequired\":true,\"valueName\":\"search_term_string\"}}],\"inLanguage\":\"fr-FR\"},{\"@type\":\"Organization\",\"@id\":\"https:\/\/blog.holyart.it\/fr\/#organization\",\"name\":\"Holyart.fr Blog\",\"url\":\"https:\/\/blog.holyart.it\/fr\/\",\"logo\":{\"@type\":\"ImageObject\",\"inLanguage\":\"fr-FR\",\"@id\":\"https:\/\/blog.holyart.it\/fr\/#\/schema\/logo\/image\/\",\"url\":\"https:\/\/blog.holyart.it\/fr\/wp-content\/uploads\/sites\/14\/2022\/12\/Holyart_Blog_Logo.jpg\",\"contentUrl\":\"https:\/\/blog.holyart.it\/fr\/wp-content\/uploads\/sites\/14\/2022\/12\/Holyart_Blog_Logo.jpg\",\"width\":300,\"height\":50,\"caption\":\"Holyart.fr Blog\"},\"image\":{\"@id\":\"https:\/\/blog.holyart.it\/fr\/#\/schema\/logo\/image\/\"}},{\"@type\":\"Person\",\"@id\":\"https:\/\/blog.holyart.it\/fr\/#\/schema\/person\/0a7b686e5af0f856ec1e390dd0baecda\",\"name\":\"Redazione\",\"image\":{\"@type\":\"ImageObject\",\"inLanguage\":\"fr-FR\",\"@id\":\"https:\/\/blog.holyart.it\/fr\/#\/schema\/person\/image\/\",\"url\":\"https:\/\/secure.gravatar.com\/avatar\/f477da817f43e50d0af36abecd33e3edf826c68299714bdc1057dff3b113f516?s=96&d=mm&r=g\",\"contentUrl\":\"https:\/\/secure.gravatar.com\/avatar\/f477da817f43e50d0af36abecd33e3edf826c68299714bdc1057dff3b113f516?s=96&d=mm&r=g\",\"caption\":\"Redazione\"},\"url\":\"https:\/\/blog.holyart.it\/fr\/author\/admin\/\"}]}<\/script>\n<!-- \/ Yoast SEO plugin. -->","yoast_head_json":{"title":"Op\u00e9ration Mato Grosso : l'aventure de jeunes volontaires qui amena \u00e0 un projet de grande valeur","description":"L'Op\u00e9ration Mato Grosso aide des communaut\u00e9s du monde entier. Et dans certaines r\u00e9alit\u00e9s des magnifiques \u0153uvres d\u2019art sacr\u00e9 voient le jour.","robots":{"index":"index","follow":"follow","max-snippet":"max-snippet:-1","max-image-preview":"max-image-preview:large","max-video-preview":"max-video-preview:-1"},"canonical":"https:\/\/blog.holyart.it\/fr\/articles-religieux\/operation-mato-grosso-laventure-de-jeunes-volontaires-qui-amena-a-un-projet-de-grande-valeur\/","og_locale":"fr_FR","og_type":"article","og_title":"Op\u00e9ration Mato Grosso : l'aventure de jeunes volontaires qui amena \u00e0 un projet de grande valeur","og_description":"L'Op\u00e9ration Mato Grosso aide des communaut\u00e9s du monde entier. Et dans certaines r\u00e9alit\u00e9s des magnifiques \u0153uvres d\u2019art sacr\u00e9 voient le jour.","og_url":"https:\/\/blog.holyart.it\/fr\/articles-religieux\/operation-mato-grosso-laventure-de-jeunes-volontaires-qui-amena-a-un-projet-de-grande-valeur\/","og_site_name":"Holyart.fr Blog","article_published_time":"2021-07-06T07:30:59+00:00","article_modified_time":"2021-07-06T14:28:03+00:00","og_image":[{"width":1000,"height":666,"url":"https:\/\/blog.holyart.it\/fr\/wp-content\/uploads\/sites\/14\/2021\/07\/operation-mato-grosso.jpeg","type":"image\/jpeg"}],"author":"Redazione","twitter_card":"summary_large_image","twitter_misc":{"\u00c9crit par":"Redazione","Dur\u00e9e de lecture estim\u00e9e":"5 minutes"},"schema":{"@context":"https:\/\/schema.org","@graph":[{"@type":"Article","@id":"https:\/\/blog.holyart.it\/fr\/articles-religieux\/operation-mato-grosso-laventure-de-jeunes-volontaires-qui-amena-a-un-projet-de-grande-valeur\/#article","isPartOf":{"@id":"https:\/\/blog.holyart.it\/fr\/articles-religieux\/operation-mato-grosso-laventure-de-jeunes-volontaires-qui-amena-a-un-projet-de-grande-valeur\/"},"author":{"name":"Redazione","@id":"https:\/\/blog.holyart.it\/fr\/#\/schema\/person\/0a7b686e5af0f856ec1e390dd0baecda"},"headline":"Op\u00e9ration Mato Grosso : l&rsquo;aventure de jeunes volontaires qui amena \u00e0 un projet de grande valeur","datePublished":"2021-07-06T07:30:59+00:00","dateModified":"2021-07-06T14:28:03+00:00","mainEntityOfPage":{"@id":"https:\/\/blog.holyart.it\/fr\/articles-religieux\/operation-mato-grosso-laventure-de-jeunes-volontaires-qui-amena-a-un-projet-de-grande-valeur\/"},"wordCount":1010,"publisher":{"@id":"https:\/\/blog.holyart.it\/fr\/#organization"},"image":{"@id":"https:\/\/blog.holyart.it\/fr\/articles-religieux\/operation-mato-grosso-laventure-de-jeunes-volontaires-qui-amena-a-un-projet-de-grande-valeur\/#primaryimage"},"thumbnailUrl":"https:\/\/blog.holyart.it\/fr\/wp-content\/uploads\/sites\/14\/2021\/07\/operation-mato-grosso.jpeg","articleSection":["Religion"],"inLanguage":"fr-FR"},{"@type":"WebPage","@id":"https:\/\/blog.holyart.it\/fr\/articles-religieux\/operation-mato-grosso-laventure-de-jeunes-volontaires-qui-amena-a-un-projet-de-grande-valeur\/","url":"https:\/\/blog.holyart.it\/fr\/articles-religieux\/operation-mato-grosso-laventure-de-jeunes-volontaires-qui-amena-a-un-projet-de-grande-valeur\/","name":"Op\u00e9ration Mato Grosso : l'aventure de jeunes volontaires qui amena \u00e0 un projet de grande valeur","isPartOf":{"@id":"https:\/\/blog.holyart.it\/fr\/#website"},"primaryImageOfPage":{"@id":"https:\/\/blog.holyart.it\/fr\/articles-religieux\/operation-mato-grosso-laventure-de-jeunes-volontaires-qui-amena-a-un-projet-de-grande-valeur\/#primaryimage"},"image":{"@id":"https:\/\/blog.holyart.it\/fr\/articles-religieux\/operation-mato-grosso-laventure-de-jeunes-volontaires-qui-amena-a-un-projet-de-grande-valeur\/#primaryimage"},"thumbnailUrl":"https:\/\/blog.holyart.it\/fr\/wp-content\/uploads\/sites\/14\/2021\/07\/operation-mato-grosso.jpeg","datePublished":"2021-07-06T07:30:59+00:00","dateModified":"2021-07-06T14:28:03+00:00","description":"L'Op\u00e9ration Mato Grosso aide des communaut\u00e9s du monde entier. Et dans certaines r\u00e9alit\u00e9s des magnifiques \u0153uvres d\u2019art sacr\u00e9 voient le jour.","breadcrumb":{"@id":"https:\/\/blog.holyart.it\/fr\/articles-religieux\/operation-mato-grosso-laventure-de-jeunes-volontaires-qui-amena-a-un-projet-de-grande-valeur\/#breadcrumb"},"inLanguage":"fr-FR","potentialAction":[{"@type":"ReadAction","target":["https:\/\/blog.holyart.it\/fr\/articles-religieux\/operation-mato-grosso-laventure-de-jeunes-volontaires-qui-amena-a-un-projet-de-grande-valeur\/"]}]},{"@type":"ImageObject","inLanguage":"fr-FR","@id":"https:\/\/blog.holyart.it\/fr\/articles-religieux\/operation-mato-grosso-laventure-de-jeunes-volontaires-qui-amena-a-un-projet-de-grande-valeur\/#primaryimage","url":"https:\/\/blog.holyart.it\/fr\/wp-content\/uploads\/sites\/14\/2021\/07\/operation-mato-grosso.jpeg","contentUrl":"https:\/\/blog.holyart.it\/fr\/wp-content\/uploads\/sites\/14\/2021\/07\/operation-mato-grosso.jpeg","width":1000,"height":666,"caption":"operation mato grosso"},{"@type":"BreadcrumbList","@id":"https:\/\/blog.holyart.it\/fr\/articles-religieux\/operation-mato-grosso-laventure-de-jeunes-volontaires-qui-amena-a-un-projet-de-grande-valeur\/#breadcrumb","itemListElement":[{"@type":"ListItem","position":1,"name":"Homepage","item":"https:\/\/blog.holyart.it\/fr\/"},{"@type":"ListItem","position":2,"name":"Religion","item":"https:\/\/blog.holyart.it\/fr\/articles-religieux\/"},{"@type":"ListItem","position":3,"name":"Op\u00e9ration Mato Grosso : l&#8217;aventure de jeunes volontaires qui amena \u00e0 un projet de grande valeur"}]},{"@type":"WebSite","@id":"https:\/\/blog.holyart.it\/fr\/#website","url":"https:\/\/blog.holyart.it\/fr\/","name":"Holyart.fr Blog","description":"Holyblog","publisher":{"@id":"https:\/\/blog.holyart.it\/fr\/#organization"},"potentialAction":[{"@type":"SearchAction","target":{"@type":"EntryPoint","urlTemplate":"https:\/\/blog.holyart.it\/fr\/?s={search_term_string}"},"query-input":{"@type":"PropertyValueSpecification","valueRequired":true,"valueName":"search_term_string"}}],"inLanguage":"fr-FR"},{"@type":"Organization","@id":"https:\/\/blog.holyart.it\/fr\/#organization","name":"Holyart.fr Blog","url":"https:\/\/blog.holyart.it\/fr\/","logo":{"@type":"ImageObject","inLanguage":"fr-FR","@id":"https:\/\/blog.holyart.it\/fr\/#\/schema\/logo\/image\/","url":"https:\/\/blog.holyart.it\/fr\/wp-content\/uploads\/sites\/14\/2022\/12\/Holyart_Blog_Logo.jpg","contentUrl":"https:\/\/blog.holyart.it\/fr\/wp-content\/uploads\/sites\/14\/2022\/12\/Holyart_Blog_Logo.jpg","width":300,"height":50,"caption":"Holyart.fr Blog"},"image":{"@id":"https:\/\/blog.holyart.it\/fr\/#\/schema\/logo\/image\/"}},{"@type":"Person","@id":"https:\/\/blog.holyart.it\/fr\/#\/schema\/person\/0a7b686e5af0f856ec1e390dd0baecda","name":"Redazione","image":{"@type":"ImageObject","inLanguage":"fr-FR","@id":"https:\/\/blog.holyart.it\/fr\/#\/schema\/person\/image\/","url":"https:\/\/secure.gravatar.com\/avatar\/f477da817f43e50d0af36abecd33e3edf826c68299714bdc1057dff3b113f516?s=96&d=mm&r=g","contentUrl":"https:\/\/secure.gravatar.com\/avatar\/f477da817f43e50d0af36abecd33e3edf826c68299714bdc1057dff3b113f516?s=96&d=mm&r=g","caption":"Redazione"},"url":"https:\/\/blog.holyart.it\/fr\/author\/admin\/"}]}},"_links":{"self":[{"href":"https:\/\/blog.holyart.it\/fr\/wp-json\/wp\/v2\/posts\/3175","targetHints":{"allow":["GET"]}}],"collection":[{"href":"https:\/\/blog.holyart.it\/fr\/wp-json\/wp\/v2\/posts"}],"about":[{"href":"https:\/\/blog.holyart.it\/fr\/wp-json\/wp\/v2\/types\/post"}],"author":[{"embeddable":true,"href":"https:\/\/blog.holyart.it\/fr\/wp-json\/wp\/v2\/users\/1"}],"replies":[{"embeddable":true,"href":"https:\/\/blog.holyart.it\/fr\/wp-json\/wp\/v2\/comments?post=3175"}],"version-history":[{"count":0,"href":"https:\/\/blog.holyart.it\/fr\/wp-json\/wp\/v2\/posts\/3175\/revisions"}],"wp:featuredmedia":[{"embeddable":true,"href":"https:\/\/blog.holyart.it\/fr\/wp-json\/wp\/v2\/media\/3178"}],"wp:attachment":[{"href":"https:\/\/blog.holyart.it\/fr\/wp-json\/wp\/v2\/media?parent=3175"}],"wp:term":[{"taxonomy":"category","embeddable":true,"href":"https:\/\/blog.holyart.it\/fr\/wp-json\/wp\/v2\/categories?post=3175"},{"taxonomy":"post_tag","embeddable":true,"href":"https:\/\/blog.holyart.it\/fr\/wp-json\/wp\/v2\/tags?post=3175"}],"curies":[{"name":"wp","href":"https:\/\/api.w.org\/{rel}","templated":true}]}}