{"id":317,"date":"2017-03-16T17:18:47","date_gmt":"2017-03-16T16:18:47","guid":{"rendered":"https:\/\/blog.holyart.it\/fr\/?p=317"},"modified":"2017-03-16T17:19:05","modified_gmt":"2017-03-16T16:19:05","slug":"freres-hospitaliers-freres-de-lordre-hospitalier-de-saint-jean-de-dieu","status":"publish","type":"post","link":"https:\/\/blog.holyart.it\/fr\/monasteres\/freres-hospitaliers-freres-de-lordre-hospitalier-de-saint-jean-de-dieu\/","title":{"rendered":"Les Fr\u00e8res hospitaliers : les Fr\u00e8res de l\u2019ordre hospitalier de Saint Jean de Dieu"},"content":{"rendered":"<p><strong>Fr\u00e8res hospitaliers<\/strong> est le terme populaire pour d\u00e9signer les fr\u00e8res appartenant \u00e0 l\u2019<strong>Ordre hospitalier de Saint Jean de Dieu<\/strong>. La phrase r\u00e9currente avec laquelle Saint Jean de Dieu, fondateur de l\u2019ordre, et ses premiers compagnons accompagnaient leur \u0153uvre de mis\u00e9ricorde \u00e9tait\u00a0: \u00ab\u00a0Faites du bien \u00e0 vous-m\u00eame, fr\u00e8res, par amour de Dieu\u00a0\u00bb<\/p>\n<p>Les Fr\u00e8res de la Charit\u00e9 naissent et existent depuis toujours en tant qu\u2019<strong>ordre hospitalier<\/strong>, d\u00e9vou\u00e9 en particulier \u00e0 la cause des plus d\u00e9munis, des pauvres, des malades et des prostitu\u00e9es.<\/p>\n<p>Ce mouvement naquit sous une forme la\u00efque en Espagne dans la premi\u00e8re moiti\u00e9 du XVI si\u00e8cle et devint bient\u00f4t une communaut\u00e9 religieuse. En plus de se d\u00e9dier aux moins fortun\u00e9s, les fr\u00e8res de l\u2019ordre, comme dans beaucoup d\u2019autres <span style=\"color: #0000ff;\"><strong><a style=\"color: #0000ff;\" href=\"https:\/\/www.holyart.fr\/produits-des-monasteres\">monast\u00e8res<\/a><\/strong><\/span>, suivent les r\u00e8gles de la pauvret\u00e9, de la chastet\u00e9 et de l\u2019ob\u00e9issance enseign\u00e9es par Saint Augustin.<\/p>\n<p>Les Fr\u00e8res de Saint Jean de Dieu s\u2019install\u00e8rent bient\u00f4t aussi en dehors de l\u2019Espagne, en Europe et dans les terres de Mission. Libres de tout lien territorial, ils se rendaient partout o\u00f9 il y en avait le besoin\u00a0: sur les champs de bataille, sur les navires qui traversaient les oc\u00e9ans, jusqu\u2019aux derni\u00e8res fronti\u00e8res du monde.<\/p>\n<p>La mission des Fr\u00e8res hospitaliers \u00e9tait et reste toujours celle d\u2019assister toute personne ayant besoin d\u2019aide, sans aucune distinction ethnique, sociale et religieuse.<\/p>\n<p><strong>Saint Jean de Dieu<\/strong> avait conduit une vie aventureuse avant de trouver la Foi. Il avait \u00e9t\u00e9 berger, mercenaire, ma\u00e7on, libraire, toujours en voyage entre l\u2019Espagne et le Portugal, sans racine, sans domicile. En 1538, apr\u00e8s avoir entendu un sermon de Saint Jean d\u2019Avila \u00e0 Grenade, il se rendit compte qu\u2019il devait d\u00e9dier sa vie aux autres. Sa ferveur initiale fut telle que, pris pour un fou, il fut enferm\u00e9 dans un h\u00f4pital, mais cela ne fit que renforcer sa d\u00e9termination de se mettre au service des pauvres et des infirmes. Selon Lombroso, c\u2019est \u00e0 lui qu\u2019on doit la cr\u00e9ations des premiers h\u00f4pitaux modernes, o\u00f9 les patients sont r\u00e9partis en fonction de leur maladie et besoins. Dans ces structures, les fr\u00e8res de l\u2019Ordre n\u2019assistaient pas uniquement les malades, mais \u00e9tudiaient \u00e9galement la m\u00e9decine et la chirurgie, en acqu\u00e9rant les connaissances n\u00e9cessaires pour apporter un r\u00e9el soulagement aux souffrants.<\/p>\n","protected":false},"excerpt":{"rendered":"<p>Fr\u00e8res hospitaliers est le terme populaire pour d\u00e9signer les fr\u00e8res appartenant \u00e0 l\u2019Ordre hospitalier de Saint Jean de Dieu. La phrase r\u00e9currente avec laquelle Saint Jean de Dieu, fondateur de l\u2019ordre, et ses premiers compagnons accompagnaient leur \u0153uvre de mis\u00e9ricorde \u00e9tait\u00a0: \u00ab\u00a0Faites du bien \u00e0&hellip;<\/p>\n","protected":false},"author":1,"featured_media":318,"comment_status":"closed","ping_status":"open","sticky":false,"template":"","format":"standard","meta":{"_acf_changed":false,"footnotes":""},"categories":[11],"tags":[],"class_list":["post-317","post","type-post","status-publish","format-standard","has-post-thumbnail","hentry","category-monasteres"],"acf":[],"yoast_head":"<!-- This site is optimized with the Yoast SEO plugin v26.6 - https:\/\/yoast.com\/wordpress\/plugins\/seo\/ -->\n<title>Les Fr\u00e8res hospitaliers: l\u2019ordre hospitalier de Saint Jean de Dieu<\/title>\n<meta name=\"description\" content=\"Fr\u00e8res hospitaliers est le terme populaire pour d\u00e9signer les fr\u00e8res appartenant \u00e0 l\u2019Ordre hospitalier de Saint Jean de Dieu.\" \/>\n<meta name=\"robots\" content=\"index, follow, max-snippet:-1, max-image-preview:large, max-video-preview:-1\" \/>\n<link rel=\"canonical\" href=\"https:\/\/blog.holyart.it\/fr\/monasteres\/freres-hospitaliers-freres-de-lordre-hospitalier-de-saint-jean-de-dieu\/\" \/>\n<meta property=\"og:locale\" content=\"fr_FR\" \/>\n<meta property=\"og:type\" content=\"article\" \/>\n<meta property=\"og:title\" content=\"Les Fr\u00e8res hospitaliers: l\u2019ordre hospitalier de Saint Jean de Dieu\" \/>\n<meta property=\"og:description\" content=\"Fr\u00e8res hospitaliers est le terme populaire pour d\u00e9signer les fr\u00e8res appartenant \u00e0 l\u2019Ordre hospitalier de Saint Jean de Dieu.\" \/>\n<meta property=\"og:url\" content=\"https:\/\/blog.holyart.it\/fr\/monasteres\/freres-hospitaliers-freres-de-lordre-hospitalier-de-saint-jean-de-dieu\/\" \/>\n<meta property=\"og:site_name\" content=\"Holyart.fr Blog\" \/>\n<meta property=\"article:published_time\" content=\"2017-03-16T16:18:47+00:00\" \/>\n<meta property=\"article:modified_time\" content=\"2017-03-16T16:19:05+00:00\" \/>\n<meta property=\"og:image\" content=\"https:\/\/blog.holyart.it\/fr\/wp-content\/uploads\/sites\/14\/2017\/03\/Les-Fr\u00e8res-hospitaliers.jpg\" \/>\n\t<meta property=\"og:image:width\" content=\"1000\" \/>\n\t<meta property=\"og:image:height\" content=\"667\" \/>\n\t<meta property=\"og:image:type\" content=\"image\/jpeg\" \/>\n<meta name=\"author\" content=\"Redazione\" \/>\n<meta name=\"twitter:card\" content=\"summary_large_image\" \/>\n<meta name=\"twitter:label1\" content=\"\u00c9crit par\" \/>\n\t<meta name=\"twitter:data1\" content=\"Redazione\" \/>\n\t<meta name=\"twitter:label2\" content=\"Dur\u00e9e de lecture estim\u00e9e\" \/>\n\t<meta name=\"twitter:data2\" content=\"2 minutes\" \/>\n<script type=\"application\/ld+json\" class=\"yoast-schema-graph\">{\"@context\":\"https:\/\/schema.org\",\"@graph\":[{\"@type\":\"Article\",\"@id\":\"https:\/\/blog.holyart.it\/fr\/monasteres\/freres-hospitaliers-freres-de-lordre-hospitalier-de-saint-jean-de-dieu\/#article\",\"isPartOf\":{\"@id\":\"https:\/\/blog.holyart.it\/fr\/monasteres\/freres-hospitaliers-freres-de-lordre-hospitalier-de-saint-jean-de-dieu\/\"},\"author\":{\"name\":\"Redazione\",\"@id\":\"https:\/\/blog.holyart.it\/fr\/#\/schema\/person\/0a7b686e5af0f856ec1e390dd0baecda\"},\"headline\":\"Les Fr\u00e8res hospitaliers : les Fr\u00e8res de l\u2019ordre hospitalier de Saint Jean de Dieu\",\"datePublished\":\"2017-03-16T16:18:47+00:00\",\"dateModified\":\"2017-03-16T16:19:05+00:00\",\"mainEntityOfPage\":{\"@id\":\"https:\/\/blog.holyart.it\/fr\/monasteres\/freres-hospitaliers-freres-de-lordre-hospitalier-de-saint-jean-de-dieu\/\"},\"wordCount\":432,\"publisher\":{\"@id\":\"https:\/\/blog.holyart.it\/fr\/#organization\"},\"image\":{\"@id\":\"https:\/\/blog.holyart.it\/fr\/monasteres\/freres-hospitaliers-freres-de-lordre-hospitalier-de-saint-jean-de-dieu\/#primaryimage\"},\"thumbnailUrl\":\"https:\/\/blog.holyart.it\/fr\/wp-content\/uploads\/sites\/14\/2017\/03\/Les-Fr\u00e8res-hospitaliers.jpg\",\"articleSection\":[\"Monast\u00e8res et confr\u00e9ries\"],\"inLanguage\":\"fr-FR\"},{\"@type\":\"WebPage\",\"@id\":\"https:\/\/blog.holyart.it\/fr\/monasteres\/freres-hospitaliers-freres-de-lordre-hospitalier-de-saint-jean-de-dieu\/\",\"url\":\"https:\/\/blog.holyart.it\/fr\/monasteres\/freres-hospitaliers-freres-de-lordre-hospitalier-de-saint-jean-de-dieu\/\",\"name\":\"Les Fr\u00e8res hospitaliers: l\u2019ordre hospitalier de Saint Jean de Dieu\",\"isPartOf\":{\"@id\":\"https:\/\/blog.holyart.it\/fr\/#website\"},\"primaryImageOfPage\":{\"@id\":\"https:\/\/blog.holyart.it\/fr\/monasteres\/freres-hospitaliers-freres-de-lordre-hospitalier-de-saint-jean-de-dieu\/#primaryimage\"},\"image\":{\"@id\":\"https:\/\/blog.holyart.it\/fr\/monasteres\/freres-hospitaliers-freres-de-lordre-hospitalier-de-saint-jean-de-dieu\/#primaryimage\"},\"thumbnailUrl\":\"https:\/\/blog.holyart.it\/fr\/wp-content\/uploads\/sites\/14\/2017\/03\/Les-Fr\u00e8res-hospitaliers.jpg\",\"datePublished\":\"2017-03-16T16:18:47+00:00\",\"dateModified\":\"2017-03-16T16:19:05+00:00\",\"description\":\"Fr\u00e8res hospitaliers est le terme populaire pour d\u00e9signer les fr\u00e8res appartenant \u00e0 l\u2019Ordre hospitalier de Saint Jean de Dieu.\",\"breadcrumb\":{\"@id\":\"https:\/\/blog.holyart.it\/fr\/monasteres\/freres-hospitaliers-freres-de-lordre-hospitalier-de-saint-jean-de-dieu\/#breadcrumb\"},\"inLanguage\":\"fr-FR\",\"potentialAction\":[{\"@type\":\"ReadAction\",\"target\":[\"https:\/\/blog.holyart.it\/fr\/monasteres\/freres-hospitaliers-freres-de-lordre-hospitalier-de-saint-jean-de-dieu\/\"]}]},{\"@type\":\"ImageObject\",\"inLanguage\":\"fr-FR\",\"@id\":\"https:\/\/blog.holyart.it\/fr\/monasteres\/freres-hospitaliers-freres-de-lordre-hospitalier-de-saint-jean-de-dieu\/#primaryimage\",\"url\":\"https:\/\/blog.holyart.it\/fr\/wp-content\/uploads\/sites\/14\/2017\/03\/Les-Fr\u00e8res-hospitaliers.jpg\",\"contentUrl\":\"https:\/\/blog.holyart.it\/fr\/wp-content\/uploads\/sites\/14\/2017\/03\/Les-Fr\u00e8res-hospitaliers.jpg\",\"width\":1000,\"height\":667,\"caption\":\"Les Fr\u00e8res hospitaliers\"},{\"@type\":\"BreadcrumbList\",\"@id\":\"https:\/\/blog.holyart.it\/fr\/monasteres\/freres-hospitaliers-freres-de-lordre-hospitalier-de-saint-jean-de-dieu\/#breadcrumb\",\"itemListElement\":[{\"@type\":\"ListItem\",\"position\":1,\"name\":\"Homepage\",\"item\":\"https:\/\/blog.holyart.it\/fr\/\"},{\"@type\":\"ListItem\",\"position\":2,\"name\":\"Monast\u00e8res et confr\u00e9ries\",\"item\":\"https:\/\/blog.holyart.it\/fr\/monasteres\/\"},{\"@type\":\"ListItem\",\"position\":3,\"name\":\"Les Fr\u00e8res hospitaliers : les Fr\u00e8res de l\u2019ordre hospitalier de Saint Jean de Dieu\"}]},{\"@type\":\"WebSite\",\"@id\":\"https:\/\/blog.holyart.it\/fr\/#website\",\"url\":\"https:\/\/blog.holyart.it\/fr\/\",\"name\":\"Holyart.fr Blog\",\"description\":\"Holyblog\",\"publisher\":{\"@id\":\"https:\/\/blog.holyart.it\/fr\/#organization\"},\"potentialAction\":[{\"@type\":\"SearchAction\",\"target\":{\"@type\":\"EntryPoint\",\"urlTemplate\":\"https:\/\/blog.holyart.it\/fr\/?s={search_term_string}\"},\"query-input\":{\"@type\":\"PropertyValueSpecification\",\"valueRequired\":true,\"valueName\":\"search_term_string\"}}],\"inLanguage\":\"fr-FR\"},{\"@type\":\"Organization\",\"@id\":\"https:\/\/blog.holyart.it\/fr\/#organization\",\"name\":\"Holyart.fr Blog\",\"url\":\"https:\/\/blog.holyart.it\/fr\/\",\"logo\":{\"@type\":\"ImageObject\",\"inLanguage\":\"fr-FR\",\"@id\":\"https:\/\/blog.holyart.it\/fr\/#\/schema\/logo\/image\/\",\"url\":\"https:\/\/blog.holyart.it\/fr\/wp-content\/uploads\/sites\/14\/2022\/12\/Holyart_Blog_Logo.jpg\",\"contentUrl\":\"https:\/\/blog.holyart.it\/fr\/wp-content\/uploads\/sites\/14\/2022\/12\/Holyart_Blog_Logo.jpg\",\"width\":300,\"height\":50,\"caption\":\"Holyart.fr Blog\"},\"image\":{\"@id\":\"https:\/\/blog.holyart.it\/fr\/#\/schema\/logo\/image\/\"}},{\"@type\":\"Person\",\"@id\":\"https:\/\/blog.holyart.it\/fr\/#\/schema\/person\/0a7b686e5af0f856ec1e390dd0baecda\",\"name\":\"Redazione\",\"image\":{\"@type\":\"ImageObject\",\"inLanguage\":\"fr-FR\",\"@id\":\"https:\/\/blog.holyart.it\/fr\/#\/schema\/person\/image\/\",\"url\":\"https:\/\/secure.gravatar.com\/avatar\/f477da817f43e50d0af36abecd33e3edf826c68299714bdc1057dff3b113f516?s=96&d=mm&r=g\",\"contentUrl\":\"https:\/\/secure.gravatar.com\/avatar\/f477da817f43e50d0af36abecd33e3edf826c68299714bdc1057dff3b113f516?s=96&d=mm&r=g\",\"caption\":\"Redazione\"},\"url\":\"https:\/\/blog.holyart.it\/fr\/author\/admin\/\"}]}<\/script>\n<!-- \/ Yoast SEO plugin. -->","yoast_head_json":{"title":"Les Fr\u00e8res hospitaliers: l\u2019ordre hospitalier de Saint Jean de Dieu","description":"Fr\u00e8res hospitaliers est le terme populaire pour d\u00e9signer les fr\u00e8res appartenant \u00e0 l\u2019Ordre hospitalier de Saint Jean de Dieu.","robots":{"index":"index","follow":"follow","max-snippet":"max-snippet:-1","max-image-preview":"max-image-preview:large","max-video-preview":"max-video-preview:-1"},"canonical":"https:\/\/blog.holyart.it\/fr\/monasteres\/freres-hospitaliers-freres-de-lordre-hospitalier-de-saint-jean-de-dieu\/","og_locale":"fr_FR","og_type":"article","og_title":"Les Fr\u00e8res hospitaliers: l\u2019ordre hospitalier de Saint Jean de Dieu","og_description":"Fr\u00e8res hospitaliers est le terme populaire pour d\u00e9signer les fr\u00e8res appartenant \u00e0 l\u2019Ordre hospitalier de Saint Jean de Dieu.","og_url":"https:\/\/blog.holyart.it\/fr\/monasteres\/freres-hospitaliers-freres-de-lordre-hospitalier-de-saint-jean-de-dieu\/","og_site_name":"Holyart.fr Blog","article_published_time":"2017-03-16T16:18:47+00:00","article_modified_time":"2017-03-16T16:19:05+00:00","og_image":[{"width":1000,"height":667,"url":"https:\/\/blog.holyart.it\/fr\/wp-content\/uploads\/sites\/14\/2017\/03\/Les-Fr\u00e8res-hospitaliers.jpg","type":"image\/jpeg"}],"author":"Redazione","twitter_card":"summary_large_image","twitter_misc":{"\u00c9crit par":"Redazione","Dur\u00e9e de lecture estim\u00e9e":"2 minutes"},"schema":{"@context":"https:\/\/schema.org","@graph":[{"@type":"Article","@id":"https:\/\/blog.holyart.it\/fr\/monasteres\/freres-hospitaliers-freres-de-lordre-hospitalier-de-saint-jean-de-dieu\/#article","isPartOf":{"@id":"https:\/\/blog.holyart.it\/fr\/monasteres\/freres-hospitaliers-freres-de-lordre-hospitalier-de-saint-jean-de-dieu\/"},"author":{"name":"Redazione","@id":"https:\/\/blog.holyart.it\/fr\/#\/schema\/person\/0a7b686e5af0f856ec1e390dd0baecda"},"headline":"Les Fr\u00e8res hospitaliers : les Fr\u00e8res de l\u2019ordre hospitalier de Saint Jean de Dieu","datePublished":"2017-03-16T16:18:47+00:00","dateModified":"2017-03-16T16:19:05+00:00","mainEntityOfPage":{"@id":"https:\/\/blog.holyart.it\/fr\/monasteres\/freres-hospitaliers-freres-de-lordre-hospitalier-de-saint-jean-de-dieu\/"},"wordCount":432,"publisher":{"@id":"https:\/\/blog.holyart.it\/fr\/#organization"},"image":{"@id":"https:\/\/blog.holyart.it\/fr\/monasteres\/freres-hospitaliers-freres-de-lordre-hospitalier-de-saint-jean-de-dieu\/#primaryimage"},"thumbnailUrl":"https:\/\/blog.holyart.it\/fr\/wp-content\/uploads\/sites\/14\/2017\/03\/Les-Fr\u00e8res-hospitaliers.jpg","articleSection":["Monast\u00e8res et confr\u00e9ries"],"inLanguage":"fr-FR"},{"@type":"WebPage","@id":"https:\/\/blog.holyart.it\/fr\/monasteres\/freres-hospitaliers-freres-de-lordre-hospitalier-de-saint-jean-de-dieu\/","url":"https:\/\/blog.holyart.it\/fr\/monasteres\/freres-hospitaliers-freres-de-lordre-hospitalier-de-saint-jean-de-dieu\/","name":"Les Fr\u00e8res hospitaliers: l\u2019ordre hospitalier de Saint Jean de Dieu","isPartOf":{"@id":"https:\/\/blog.holyart.it\/fr\/#website"},"primaryImageOfPage":{"@id":"https:\/\/blog.holyart.it\/fr\/monasteres\/freres-hospitaliers-freres-de-lordre-hospitalier-de-saint-jean-de-dieu\/#primaryimage"},"image":{"@id":"https:\/\/blog.holyart.it\/fr\/monasteres\/freres-hospitaliers-freres-de-lordre-hospitalier-de-saint-jean-de-dieu\/#primaryimage"},"thumbnailUrl":"https:\/\/blog.holyart.it\/fr\/wp-content\/uploads\/sites\/14\/2017\/03\/Les-Fr\u00e8res-hospitaliers.jpg","datePublished":"2017-03-16T16:18:47+00:00","dateModified":"2017-03-16T16:19:05+00:00","description":"Fr\u00e8res hospitaliers est le terme populaire pour d\u00e9signer les fr\u00e8res appartenant \u00e0 l\u2019Ordre hospitalier de Saint Jean de Dieu.","breadcrumb":{"@id":"https:\/\/blog.holyart.it\/fr\/monasteres\/freres-hospitaliers-freres-de-lordre-hospitalier-de-saint-jean-de-dieu\/#breadcrumb"},"inLanguage":"fr-FR","potentialAction":[{"@type":"ReadAction","target":["https:\/\/blog.holyart.it\/fr\/monasteres\/freres-hospitaliers-freres-de-lordre-hospitalier-de-saint-jean-de-dieu\/"]}]},{"@type":"ImageObject","inLanguage":"fr-FR","@id":"https:\/\/blog.holyart.it\/fr\/monasteres\/freres-hospitaliers-freres-de-lordre-hospitalier-de-saint-jean-de-dieu\/#primaryimage","url":"https:\/\/blog.holyart.it\/fr\/wp-content\/uploads\/sites\/14\/2017\/03\/Les-Fr\u00e8res-hospitaliers.jpg","contentUrl":"https:\/\/blog.holyart.it\/fr\/wp-content\/uploads\/sites\/14\/2017\/03\/Les-Fr\u00e8res-hospitaliers.jpg","width":1000,"height":667,"caption":"Les Fr\u00e8res hospitaliers"},{"@type":"BreadcrumbList","@id":"https:\/\/blog.holyart.it\/fr\/monasteres\/freres-hospitaliers-freres-de-lordre-hospitalier-de-saint-jean-de-dieu\/#breadcrumb","itemListElement":[{"@type":"ListItem","position":1,"name":"Homepage","item":"https:\/\/blog.holyart.it\/fr\/"},{"@type":"ListItem","position":2,"name":"Monast\u00e8res et confr\u00e9ries","item":"https:\/\/blog.holyart.it\/fr\/monasteres\/"},{"@type":"ListItem","position":3,"name":"Les Fr\u00e8res hospitaliers : les Fr\u00e8res de l\u2019ordre hospitalier de Saint Jean de Dieu"}]},{"@type":"WebSite","@id":"https:\/\/blog.holyart.it\/fr\/#website","url":"https:\/\/blog.holyart.it\/fr\/","name":"Holyart.fr Blog","description":"Holyblog","publisher":{"@id":"https:\/\/blog.holyart.it\/fr\/#organization"},"potentialAction":[{"@type":"SearchAction","target":{"@type":"EntryPoint","urlTemplate":"https:\/\/blog.holyart.it\/fr\/?s={search_term_string}"},"query-input":{"@type":"PropertyValueSpecification","valueRequired":true,"valueName":"search_term_string"}}],"inLanguage":"fr-FR"},{"@type":"Organization","@id":"https:\/\/blog.holyart.it\/fr\/#organization","name":"Holyart.fr Blog","url":"https:\/\/blog.holyart.it\/fr\/","logo":{"@type":"ImageObject","inLanguage":"fr-FR","@id":"https:\/\/blog.holyart.it\/fr\/#\/schema\/logo\/image\/","url":"https:\/\/blog.holyart.it\/fr\/wp-content\/uploads\/sites\/14\/2022\/12\/Holyart_Blog_Logo.jpg","contentUrl":"https:\/\/blog.holyart.it\/fr\/wp-content\/uploads\/sites\/14\/2022\/12\/Holyart_Blog_Logo.jpg","width":300,"height":50,"caption":"Holyart.fr Blog"},"image":{"@id":"https:\/\/blog.holyart.it\/fr\/#\/schema\/logo\/image\/"}},{"@type":"Person","@id":"https:\/\/blog.holyart.it\/fr\/#\/schema\/person\/0a7b686e5af0f856ec1e390dd0baecda","name":"Redazione","image":{"@type":"ImageObject","inLanguage":"fr-FR","@id":"https:\/\/blog.holyart.it\/fr\/#\/schema\/person\/image\/","url":"https:\/\/secure.gravatar.com\/avatar\/f477da817f43e50d0af36abecd33e3edf826c68299714bdc1057dff3b113f516?s=96&d=mm&r=g","contentUrl":"https:\/\/secure.gravatar.com\/avatar\/f477da817f43e50d0af36abecd33e3edf826c68299714bdc1057dff3b113f516?s=96&d=mm&r=g","caption":"Redazione"},"url":"https:\/\/blog.holyart.it\/fr\/author\/admin\/"}]}},"_links":{"self":[{"href":"https:\/\/blog.holyart.it\/fr\/wp-json\/wp\/v2\/posts\/317","targetHints":{"allow":["GET"]}}],"collection":[{"href":"https:\/\/blog.holyart.it\/fr\/wp-json\/wp\/v2\/posts"}],"about":[{"href":"https:\/\/blog.holyart.it\/fr\/wp-json\/wp\/v2\/types\/post"}],"author":[{"embeddable":true,"href":"https:\/\/blog.holyart.it\/fr\/wp-json\/wp\/v2\/users\/1"}],"replies":[{"embeddable":true,"href":"https:\/\/blog.holyart.it\/fr\/wp-json\/wp\/v2\/comments?post=317"}],"version-history":[{"count":0,"href":"https:\/\/blog.holyart.it\/fr\/wp-json\/wp\/v2\/posts\/317\/revisions"}],"wp:featuredmedia":[{"embeddable":true,"href":"https:\/\/blog.holyart.it\/fr\/wp-json\/wp\/v2\/media\/318"}],"wp:attachment":[{"href":"https:\/\/blog.holyart.it\/fr\/wp-json\/wp\/v2\/media?parent=317"}],"wp:term":[{"taxonomy":"category","embeddable":true,"href":"https:\/\/blog.holyart.it\/fr\/wp-json\/wp\/v2\/categories?post=317"},{"taxonomy":"post_tag","embeddable":true,"href":"https:\/\/blog.holyart.it\/fr\/wp-json\/wp\/v2\/tags?post=317"}],"curies":[{"name":"wp","href":"https:\/\/api.w.org\/{rel}","templated":true}]}}