{"id":3108,"date":"2021-06-16T17:40:06","date_gmt":"2021-06-16T15:40:06","guid":{"rendered":"https:\/\/blog.holyart.it\/fr\/?p=3108"},"modified":"2024-05-06T17:14:25","modified_gmt":"2024-05-06T15:14:25","slug":"saint-matthieu-lapotre-qui-prit-la-place-de-judas-iscariote","status":"publish","type":"post","link":"https:\/\/blog.holyart.it\/fr\/saints-et-bienheureux\/saint-matthieu-lapotre-qui-prit-la-place-de-judas-iscariote\/","title":{"rendered":"Saint Matthieu : l\u2019ap\u00f4tre qui prit la place de Judas Iscariote"},"content":{"rendered":"<h4 style=\"text-align: center;\"><em>Saint Matthieu ap\u00f4tre, protecteur des ing\u00e9nieurs et des bouchers, fut le seul \u00e0 ne pas \u00eatre choisi par J\u00e9sus, mais par les ap\u00f4tres. Apprenons \u00e0 mieux le conna\u00eetre.<\/em><\/h4>\n\n<p>Le\u00a0<strong>14 mai <\/strong>on f\u00eate Saint Matthieu, le douzi\u00e8me ap\u00f4tre. Un ap\u00f4tre atypique, puisqu\u2019il fut le seul \u00e0 ne pas \u00eatre choisi par J\u00e9sus, mais par les autres ap\u00f4tres apr\u00e8s la mort de ce dernier. En effet, la trahison et le suicide tragique de <strong>Judas Iscariote<\/strong> avaient laiss\u00e9 une place vacante parmi les ap\u00f4tres, qui devaient absolument \u00eatre douze, afin de symboliser <strong>les douze tribus d\u2019Isra\u00ebl<\/strong>.<\/p>\n<p>Ainsi, dans les jours qui suivirent l\u2019<strong>Ascension<\/strong>, les ap\u00f4tres et les disciples de J\u00e9sus se r\u00e9unirent afin d\u2019\u00e9lire le nouvel ap\u00f4tre. Saint Matthieu fut choisi parmi cent-vingt grands fid\u00e8les de J\u00e9sus, avec un autre homme, Joseph, appel\u00e9 Barsabas, et fut ensuite tir\u00e9 au sort comme nouvel ap\u00f4tre. Cette histoire est racont\u00e9e dans le livre des <em>Actes des Ap\u00f4tres<\/em>\u00a01,21-22.<\/p>\n<p>Avant cela, il \u00e9tait un <strong>disciple<\/strong> de J\u00e9sus, qui le suivait partout et il \u00e9tait d\u00e9j\u00e0 \u00e0 ses c\u00f4t\u00e9s quand il fut <strong>baptis\u00e9 par Jean le Baptiste<\/strong>\u00a0et ne le quitta jamais.<\/p>\n<p>D\u2019ailleurs, Matthieu semblait depuis toujours destin\u00e9 \u00e0 rester \u00e0 c\u00f4t\u00e9 du fils de Dieu puisque son nom d\u00e9rive en effet de\u00a0<em>Mattathias<\/em>, qui signifie \u00ab\u00a0Don de Dieu\u00a0\u00bb.<\/p>\n<div class=\"link-product\">\n<div class=\"blocco-immagine\"><img loading=\"lazy\" decoding=\"async\" class=\"alignnone size-full wp-image-3113\" src=\"https:\/\/blog.holyart.it\/fr\/wp-content\/uploads\/sites\/14\/2021\/06\/bapteme-de-jesus.jpg\" alt=\"bapteme de jesus\" width=\"100\" height=\"100\" data-kale-share-title=\"Saint Matthieu : l\u2019ap\u00f4tre qui prit la place de Judas Iscariote\" data-kale-share-url=\"https:\/\/blog.holyart.it\/fr\/saints-et-bienheureux\/saint-matthieu-lapotre-qui-prit-la-place-de-judas-iscariote\/\" \/><\/div>\n<div class=\"blocco-contenuto\">\n<div class=\"blocco-acquista\">Acheter sur Holyart:<\/div>\n<div class=\"blocco-titolo\"><a href=\"https:\/\/www.holyart.fr\/articles-religieux\/icones-religieuses\/icones-roumaines-peintes\/bapteme-de-jesus\">Bapt\u00eame de J\u00e9sus<\/a><\/div>\n<div class=\"blocco-descrizione\">Ic\u00f4ne bapt\u00eame de J\u00e9sus dans le d\u00e9sert<\/div>\n<\/div>\n<\/div>\n<h2>L\u2019histoire de Saint Matthieu<\/h2>\n<p>Paradoxalement, on ne sait quasi rien sur l\u2019ap\u00f4tre Matthieu avant sa nomination. Peu de temps apr\u00e8s avoir \u00e9t\u00e9 tir\u00e9 au sort, il serait parti, comme les autres ap\u00f4tres qui n\u2019\u00e9taient plus les bienvenus \u00e0 J\u00e9rusalem, pour aller pr\u00eacher la Parole de J\u00e9sus. Des sources vagues et contradictoires le d\u00e9crivent en voyage dans les terres de l\u2019<strong>\u00c9thiopie<\/strong>, jusqu\u2019aux territoires peupl\u00e9s par les cannibales.<\/p>\n<p>Sa <strong>mort<\/strong> advint \u00e0 S\u00e9bastopol, o\u00f9 il fut enterr\u00e9 dans le temple du Soleil ou, selon d\u2019autres r\u00e9cits, il subit le <strong>martyr<\/strong> \u00e0 J\u00e9rusalem, o\u00f9 il fut lapid\u00e9 et ensuite d\u00e9capit\u00e9 avec une <strong>hallebarde<\/strong>. Ce d\u00e9tail justifierait le fait que le Saint soit souvent repr\u00e9sent\u00e9 avec cette arme en main. Mais il n\u2019y a pas d\u2019informations certaines.<\/p>\n<p>Ce qui est certain, par contre, c\u2019est que Saint Matthieu \u00e9tait pr\u00e9sent \u00e0 la <strong>Pentec\u00f4te,<\/strong> la descente du Saint Esprit sur les Ap\u00f4tres. Il s\u2019agit d\u2019un des moments les plus hauts de l\u2019histoire de l\u2019\u00c9glise, voire, dans un sens, son v\u00e9ritable <strong>d\u00e9but<\/strong>. En effet, ce fut gr\u00e2ce \u00e0 l\u2019effusion du Saint Esprit, envoy\u00e9 par J\u00e9sus \u00e0 ses disciples sous forme de langues de feu, qu\u2019ils commenc\u00e8rent \u00e0 voyager et pr\u00eacher l\u2019\u00c9vangile.<\/p>\n<div class=\"link-product\">\n<div class=\"blocco-immagine\"><img loading=\"lazy\" decoding=\"async\" class=\"alignnone size-full wp-image-3115\" src=\"https:\/\/blog.holyart.it\/fr\/wp-content\/uploads\/sites\/14\/2021\/06\/bas-relief-cene-argent-et-couleurs.jpg\" alt=\"bas-relief cene argent et couleurs\" width=\"100\" height=\"100\" data-kale-share-title=\"Saint Matthieu : l\u2019ap\u00f4tre qui prit la place de Judas Iscariote\" data-kale-share-url=\"https:\/\/blog.holyart.it\/fr\/saints-et-bienheureux\/saint-matthieu-lapotre-qui-prit-la-place-de-judas-iscariote\/\" \/><\/div>\n<div class=\"blocco-contenuto\">\n<div class=\"blocco-acquista\">Acheter sur Holyart:<\/div>\n<div class=\"blocco-titolo\"><a href=\"https:\/\/www.holyart.fr\/articles-religieux\/bas-reliefs\/bas-reliefs-en-argent\/bas-relief-cene-argent-et-couleurs\">Bas relief C\u00e8ne argent et couleurs<\/a><\/div>\n<div class=\"blocco-descrizione\">R\u00e9alis\u00e9 en argent 925<\/div>\n<\/div>\n<\/div>\n<p>La Pentec\u00f4te juive tombait le cinquanti\u00e8me jour \u00e0 partir du jour apr\u00e8s le samedi de P\u00e2ques. Il s\u2019agissait d\u2019une f\u00eate sacr\u00e9e, mais aussi agricole, connue comme <em>f\u00eate des moissons et des pr\u00e9mices<\/em>. Elle pr\u00e9voyait un p\u00e8lerinage \u00e0 J\u00e9rusalem et l\u2019offrande sacrificielle de pain lev\u00e9 aux pr\u00eatres du Temples.<\/p>\n<p>Dans les <em>Actes de Ap\u00f4tres<\/em> (Actes 2,1-11), on lit que le jour de la f\u00eate de Pentec\u00f4te, tous les disciples de J\u00e9sus s\u2019\u00e9taient r\u00e9unis \u00e0 J\u00e9rusalem, tous au m\u00eame endroit. \u00ab <em>Le jour de la Pentec\u00f4te, ils \u00e9taient tous ensemble dans le m\u00eame lieu. Tout \u00e0 coup il vint du ciel un bruit comme celui d\u2019un vent imp\u00e9tueux, et il remplit toute la maison o\u00f9 ils \u00e9taient assis. Des langues, semblables \u00e0 des langues de feu, leur apparurent, s\u00e9par\u00e9es les unes des autres, et se pos\u00e8rent sur chacun d\u2019eux. Et ils furent tous remplis du Saint-Esprit, et se mirent \u00e0 parler en d\u2019autres langues, selon que l\u2019Esprit leur donnait de s\u2019exprimer<\/em>\u00a0\u00bb (Actes 2,1-4).<\/p>\n<p>Une grande foule fut attir\u00e9e par ce vacarme et accourut sur le lieu o\u00f9 les disciples \u00e9taient r\u00e9unis. En les entendant parler dans tant de langues diff\u00e9rentes, ils en furent tr\u00e8s surpris. <strong>Saint Pierre<\/strong>\u00a0et les Ap\u00f4tres s\u2019avanc\u00e8rent, en rappelant \u00e0 tout le monde les <strong>anciennes proph\u00e9ties<\/strong>, et dirent que cet \u00e9v\u00e9nement miraculeux \u00e9tait l\u2019\u0153uvre de J\u00e9sus, \u00ab\u00a0<em>Seigneur et Messie<\/em>\u00a0\u00bb envoy\u00e9 par Dieu et ressuscit\u00e9 du royaume des morts. Beaucoup de personnes <strong>se convertirent<\/strong> \u00e0 l\u2019instant et demand\u00e8rent \u00e0 \u00eatre baptis\u00e9es, comme les exhortait \u00e0 faire Pierre\u00a0: \u00ab\u00a0<em>Repentez-vous, et que chacun de vous soit baptis\u00e9 au nom de J\u00e9sus-Christ, pour le pardon de vos p\u00e9ch\u00e9s\u00a0; et vous recevrez le don du Saint-Esprit. Car la promesse est pour vous, pour vos enfants, et pour tous ceux qui sont au loin, en aussi grand nombre que le Seigneur notre Dieu les appellera<\/em>\u00a0\u00bb (Actes 2, 38-39).<\/p>\n<div class=\"link-article\">\n<p><img loading=\"lazy\" decoding=\"async\" class=\"alignleft size-full wp-image-3116\" src=\"https:\/\/blog.holyart.it\/fr\/wp-content\/uploads\/sites\/14\/2021\/06\/Baldaquin-de-Saint-Pierre.jpg\" alt=\"Baldaquin de Saint Pierre\" width=\"150\" height=\"97\" data-kale-share-title=\"Saint Matthieu : l\u2019ap\u00f4tre qui prit la place de Judas Iscariote\" data-kale-share-url=\"https:\/\/blog.holyart.it\/fr\/saints-et-bienheureux\/saint-matthieu-lapotre-qui-prit-la-place-de-judas-iscariote\/\" \/><\/p>\n<div class=\"leggi-anche\">Lire aussi :<\/div>\n<p><strong><a href=\"https:\/\/www.holyart.fr\/blog\/articles-religieux\/histoire-du-baldaquin-de-saint-pierre\/\">Histoire du Baldaquin de Saint Pierre<\/a><\/strong><br \/>\nLe Baldaquin de Saint Pierre est un des monuments les plus spectaculaires qui puissent \u00eatre admir\u00e9s en la Basilique de Saint Pierre.<\/p>\n<\/div>\n<p>Ainsi les <strong>ap\u00f4tres,<\/strong> et Saint Matthieu parmi eux, commenc\u00e8rent \u00e0 <strong>pr\u00eacher l\u2019\u00c9vangile.<\/strong> Beaucoup de personnes se r\u00e9unirent afin de les \u00e9couter et d\u2019apprendre d\u2019eux comment s\u2019adresser \u00e0 Dieu et le miracle du partage du pain et de la pri\u00e8re. Ainsi naquit le premier noyau de l\u2019\u00e9glise chr\u00e9tienne.<\/p>\n<p>Comme pour beaucoup d\u2019autres Saints, les <strong>reliques<\/strong> de Saint Matthieu sont conserv\u00e9es dans diff\u00e9rentes \u00e9glises et villes. Une partie est \u00e0 Tr\u00e8ves, ville allemande dont il est le Saint Patron, et o\u00f9 s\u2019\u00e9rige une basilique d\u00e9di\u00e9e \u00e0 son culte. Dans la basilique de Sainte Justine de Padoue il y a \u00e9galement certaines reliques de Saint Matthieu, contenues dans une arche en marbre dans le transept. Dans la m\u00eame Basilique sont \u00e9galement conserv\u00e9es les reliques de Saint Luc \u00c9vang\u00e9liste. D\u2019autres reliques du Saint seraient conserv\u00e9es \u00e0 Rome dans la Basilique de Sainte-Marie-Majeure, o\u00f9 elles auraient \u00e9t\u00e9 amen\u00e9es par Saint H\u00e9l\u00e8ne, m\u00e8re de l\u2019empereur Constantin, mais il y a le doute qu\u2019il puisse s\u2019agir de celles de <strong>Saint Matthieu \u00e9v\u00eaque de J\u00e9rusalem.<\/strong><\/p>\n<p>\u00c0 Saint Matthieu a \u00e9galement \u00e9t\u00e9 attribu\u00e9 un <strong>\u00e9vangile apocryphe<\/strong>.<\/p>\n<div class=\"link-product\">\n<div class=\"blocco-immagine\"><img loading=\"lazy\" decoding=\"async\" class=\"alignnone size-full wp-image-3119\" src=\"https:\/\/blog.holyart.it\/fr\/wp-content\/uploads\/sites\/14\/2021\/06\/reliquaire-bicolore.jpg\" alt=\"reliquaire bicolore\" width=\"100\" height=\"100\" data-kale-share-title=\"Saint Matthieu : l\u2019ap\u00f4tre qui prit la place de Judas Iscariote\" data-kale-share-url=\"https:\/\/blog.holyart.it\/fr\/saints-et-bienheureux\/saint-matthieu-lapotre-qui-prit-la-place-de-judas-iscariote\/\" \/><\/div>\n<div class=\"blocco-contenuto\">\n<div class=\"blocco-acquista\">Acheter sur Holyart:<\/div>\n<div class=\"blocco-titolo\"><a href=\"https:\/\/www.holyart.fr\/accessoires-pour-la-liturgie\/ostensoirs-reliquaires-trones\/ostensoirs-reliquaires-en-metal\/reliquaire-bicolore\">Reliquaire bicolore<\/a><\/div>\n<div class=\"blocco-descrizione\">Reliquaire sur base pour la v\u00e9n\u00e9ration<\/div>\n<\/div>\n<\/div>\n<h2>Matthieu, ap\u00f4tre apr\u00e8s la trahison de Judas<\/h2>\n<p>Donc, m\u00eame s\u2019il a \u00e9t\u00e9 tir\u00e9 au sort apr\u00e8s la mort de J\u00e9sus, nous ne pouvons certainement pas consid\u00e9rer Saint Matthieu comme un ap\u00f4tre moins important que les autres. Sa participation \u00e0 la vie du Seigneur, sa pr\u00e9sence constante \u00e0 ses c\u00f4t\u00e9s, font de sa \u00ab\u00a0promotion\u00a0\u00bb au rang d\u2019Ap\u00f4tre une simple confirmation d\u2019une vie d\u00e9di\u00e9e \u00e0 la foi. En outre, il a \u00e9t\u00e9 investi en personne par le feu du Saint Esprit pendant la f\u00eate de la Pentec\u00f4te. Il est \u00e9galement probable qu\u2019il \u00e9tait un des septante-deux disciples envoy\u00e9s par J\u00e9sus \u00ab\u00a0<em>comme des brebis au milieu des loups\u00a0<\/em>\u00bb (Matthieu 10,16) pour qu\u2019ils pr\u00e9parent son arriv\u00e9e dans les villages et dans les terres vers lesquelles il se dirigeait.<\/p>\n<p>Mais comment se place sa figure par rapport \u00e0 <strong>Judas Iscariote\u00a0<\/strong>?<\/p>\n<p>Judas ne jouissait pas d\u2019une grande popularit\u00e9 d\u00e9j\u00e0 avant sa trahison. En r\u00e9alit\u00e9, en lisant les \u00c9vangiles, nous trouvons souvent des jugements plut\u00f4t n\u00e9gatifs \u00e0 son sujet, voire des accusations d\u2019\u00eatre cupide, peu honn\u00eate dans son r\u00f4le de tr\u00e9sorier des ap\u00f4tres, et carr\u00e9ment un voleur. Il est difficile de comprendre combien de cette vision n\u00e9gative de Judas Iscariote soit \u00e0 attribuer \u00e0 ce qu\u2019il a fait, \u00e0 son r\u00f4le dans l\u2019arrestation, dans la Passion et dans la mort de J\u00e9sus. S\u2019il \u00e9tait vraiment si antipathique et mis\u00e9rable, pourquoi le Sauveur l\u2019aurait voulu \u00e0 ses c\u00f4t\u00e9s\u00a0? Peut-\u00eatre J\u00e9sus savait, dans son infinie sagesse, qu\u2019il fallait pr\u00e9cis\u00e9ment un homme comme Judas pour que tout s\u2019accomplisse.<\/p>\n<p>Reste le fait que Judas ne survit pas son Ma\u00eetre. Apr\u00e8s l\u2019avoir fait arr\u00eat\u00e9, il regretta tout de suite son acte et, rong\u00e9 par la culpabilit\u00e9, se pendit.<\/p>\n<p>Le fait que Saint Matthieu ait pris sa place a gu\u00e9ri d\u2019une certaine mani\u00e8re la plaie ouverte, en rendant son int\u00e9grit\u00e9 au coll\u00e8ge de Ap\u00f4tres et en leur pr\u00e9parant le terrain pour le destin qui les attendait.<\/p>\n<p>&nbsp;<\/p>\n","protected":false},"excerpt":{"rendered":"<p>Saint Matthieu ap\u00f4tre, protecteur des ing\u00e9nieurs et des bouchers, fut le seul \u00e0 ne pas \u00eatre choisi par J\u00e9sus, mais par les ap\u00f4tres. Apprenons \u00e0 mieux le conna\u00eetre. Le\u00a014 mai on f\u00eate Saint Matthieu, le douzi\u00e8me ap\u00f4tre. Un ap\u00f4tre atypique, puisqu\u2019il fut le seul \u00e0&hellip;<\/p>\n","protected":false},"author":1,"featured_media":3111,"comment_status":"closed","ping_status":"open","sticky":false,"template":"","format":"standard","meta":{"_acf_changed":false,"footnotes":""},"categories":[7],"tags":[],"class_list":["post-3108","post","type-post","status-publish","format-standard","has-post-thumbnail","hentry","category-saints-et-bienheureux"],"acf":[],"yoast_head":"<!-- This site is optimized with the Yoast SEO plugin v26.6 - https:\/\/yoast.com\/wordpress\/plugins\/seo\/ -->\n<title>Saint Matthieu : l\u2019ap\u00f4tre qui prit la place de Judas Iscariote - Holyart.fr Blog<\/title>\n<meta name=\"description\" content=\"Saint Matthieu ap\u00f4tre, protecteur des ing\u00e9nieurs et des bouchers, fut le seul \u00e0 ne pas \u00eatre choisi par J\u00e9sus, mais par les ap\u00f4tres. Apprenons \u00e0 mieux le conna\u00eetre.\" \/>\n<meta name=\"robots\" content=\"index, follow, max-snippet:-1, max-image-preview:large, max-video-preview:-1\" \/>\n<link rel=\"canonical\" href=\"https:\/\/blog.holyart.it\/fr\/saints-et-bienheureux\/saint-matthieu-lapotre-qui-prit-la-place-de-judas-iscariote\/\" \/>\n<meta property=\"og:locale\" content=\"fr_FR\" \/>\n<meta property=\"og:type\" content=\"article\" \/>\n<meta property=\"og:title\" content=\"Saint Matthieu : l\u2019ap\u00f4tre qui prit la place de Judas Iscariote - Holyart.fr Blog\" \/>\n<meta property=\"og:description\" content=\"Saint Matthieu ap\u00f4tre, protecteur des ing\u00e9nieurs et des bouchers, fut le seul \u00e0 ne pas \u00eatre choisi par J\u00e9sus, mais par les ap\u00f4tres. Apprenons \u00e0 mieux le conna\u00eetre.\" \/>\n<meta property=\"og:url\" content=\"https:\/\/blog.holyart.it\/fr\/saints-et-bienheureux\/saint-matthieu-lapotre-qui-prit-la-place-de-judas-iscariote\/\" \/>\n<meta property=\"og:site_name\" content=\"Holyart.fr Blog\" \/>\n<meta property=\"article:published_time\" content=\"2021-06-16T15:40:06+00:00\" \/>\n<meta property=\"article:modified_time\" content=\"2024-05-06T15:14:25+00:00\" \/>\n<meta property=\"og:image\" content=\"https:\/\/blog.holyart.it\/fr\/wp-content\/uploads\/sites\/14\/2021\/06\/Saint-Matthieu.jpg\" \/>\n\t<meta property=\"og:image:width\" content=\"1000\" \/>\n\t<meta property=\"og:image:height\" content=\"666\" \/>\n\t<meta property=\"og:image:type\" content=\"image\/jpeg\" \/>\n<meta name=\"author\" content=\"Redazione\" \/>\n<meta name=\"twitter:card\" content=\"summary_large_image\" \/>\n<meta name=\"twitter:label1\" content=\"\u00c9crit par\" \/>\n\t<meta name=\"twitter:data1\" content=\"Redazione\" \/>\n\t<meta name=\"twitter:label2\" content=\"Dur\u00e9e de lecture estim\u00e9e\" \/>\n\t<meta name=\"twitter:data2\" content=\"8 minutes\" \/>\n<script type=\"application\/ld+json\" class=\"yoast-schema-graph\">{\"@context\":\"https:\/\/schema.org\",\"@graph\":[{\"@type\":\"Article\",\"@id\":\"https:\/\/blog.holyart.it\/fr\/saints-et-bienheureux\/saint-matthieu-lapotre-qui-prit-la-place-de-judas-iscariote\/#article\",\"isPartOf\":{\"@id\":\"https:\/\/blog.holyart.it\/fr\/saints-et-bienheureux\/saint-matthieu-lapotre-qui-prit-la-place-de-judas-iscariote\/\"},\"author\":{\"name\":\"Redazione\",\"@id\":\"https:\/\/blog.holyart.it\/fr\/#\/schema\/person\/0a7b686e5af0f856ec1e390dd0baecda\"},\"headline\":\"Saint Matthieu : l\u2019ap\u00f4tre qui prit la place de Judas Iscariote\",\"datePublished\":\"2021-06-16T15:40:06+00:00\",\"dateModified\":\"2024-05-06T15:14:25+00:00\",\"mainEntityOfPage\":{\"@id\":\"https:\/\/blog.holyart.it\/fr\/saints-et-bienheureux\/saint-matthieu-lapotre-qui-prit-la-place-de-judas-iscariote\/\"},\"wordCount\":1467,\"publisher\":{\"@id\":\"https:\/\/blog.holyart.it\/fr\/#organization\"},\"image\":{\"@id\":\"https:\/\/blog.holyart.it\/fr\/saints-et-bienheureux\/saint-matthieu-lapotre-qui-prit-la-place-de-judas-iscariote\/#primaryimage\"},\"thumbnailUrl\":\"https:\/\/blog.holyart.it\/fr\/wp-content\/uploads\/sites\/14\/2021\/06\/Saint-Matthieu.jpg\",\"articleSection\":[\"Saints et Bienheureux\"],\"inLanguage\":\"fr-FR\"},{\"@type\":\"WebPage\",\"@id\":\"https:\/\/blog.holyart.it\/fr\/saints-et-bienheureux\/saint-matthieu-lapotre-qui-prit-la-place-de-judas-iscariote\/\",\"url\":\"https:\/\/blog.holyart.it\/fr\/saints-et-bienheureux\/saint-matthieu-lapotre-qui-prit-la-place-de-judas-iscariote\/\",\"name\":\"Saint Matthieu : l\u2019ap\u00f4tre qui prit la place de Judas Iscariote - Holyart.fr Blog\",\"isPartOf\":{\"@id\":\"https:\/\/blog.holyart.it\/fr\/#website\"},\"primaryImageOfPage\":{\"@id\":\"https:\/\/blog.holyart.it\/fr\/saints-et-bienheureux\/saint-matthieu-lapotre-qui-prit-la-place-de-judas-iscariote\/#primaryimage\"},\"image\":{\"@id\":\"https:\/\/blog.holyart.it\/fr\/saints-et-bienheureux\/saint-matthieu-lapotre-qui-prit-la-place-de-judas-iscariote\/#primaryimage\"},\"thumbnailUrl\":\"https:\/\/blog.holyart.it\/fr\/wp-content\/uploads\/sites\/14\/2021\/06\/Saint-Matthieu.jpg\",\"datePublished\":\"2021-06-16T15:40:06+00:00\",\"dateModified\":\"2024-05-06T15:14:25+00:00\",\"description\":\"Saint Matthieu ap\u00f4tre, protecteur des ing\u00e9nieurs et des bouchers, fut le seul \u00e0 ne pas \u00eatre choisi par J\u00e9sus, mais par les ap\u00f4tres. Apprenons \u00e0 mieux le conna\u00eetre.\",\"breadcrumb\":{\"@id\":\"https:\/\/blog.holyart.it\/fr\/saints-et-bienheureux\/saint-matthieu-lapotre-qui-prit-la-place-de-judas-iscariote\/#breadcrumb\"},\"inLanguage\":\"fr-FR\",\"potentialAction\":[{\"@type\":\"ReadAction\",\"target\":[\"https:\/\/blog.holyart.it\/fr\/saints-et-bienheureux\/saint-matthieu-lapotre-qui-prit-la-place-de-judas-iscariote\/\"]}]},{\"@type\":\"ImageObject\",\"inLanguage\":\"fr-FR\",\"@id\":\"https:\/\/blog.holyart.it\/fr\/saints-et-bienheureux\/saint-matthieu-lapotre-qui-prit-la-place-de-judas-iscariote\/#primaryimage\",\"url\":\"https:\/\/blog.holyart.it\/fr\/wp-content\/uploads\/sites\/14\/2021\/06\/Saint-Matthieu.jpg\",\"contentUrl\":\"https:\/\/blog.holyart.it\/fr\/wp-content\/uploads\/sites\/14\/2021\/06\/Saint-Matthieu.jpg\",\"width\":1000,\"height\":666,\"caption\":\"Saint Matthieu\"},{\"@type\":\"BreadcrumbList\",\"@id\":\"https:\/\/blog.holyart.it\/fr\/saints-et-bienheureux\/saint-matthieu-lapotre-qui-prit-la-place-de-judas-iscariote\/#breadcrumb\",\"itemListElement\":[{\"@type\":\"ListItem\",\"position\":1,\"name\":\"Homepage\",\"item\":\"https:\/\/blog.holyart.it\/fr\/\"},{\"@type\":\"ListItem\",\"position\":2,\"name\":\"Saints et Bienheureux\",\"item\":\"https:\/\/blog.holyart.it\/fr\/saints-et-bienheureux\/\"},{\"@type\":\"ListItem\",\"position\":3,\"name\":\"Saint Matthieu : l\u2019ap\u00f4tre qui prit la place de Judas Iscariote\"}]},{\"@type\":\"WebSite\",\"@id\":\"https:\/\/blog.holyart.it\/fr\/#website\",\"url\":\"https:\/\/blog.holyart.it\/fr\/\",\"name\":\"Holyart.fr Blog\",\"description\":\"Holyblog\",\"publisher\":{\"@id\":\"https:\/\/blog.holyart.it\/fr\/#organization\"},\"potentialAction\":[{\"@type\":\"SearchAction\",\"target\":{\"@type\":\"EntryPoint\",\"urlTemplate\":\"https:\/\/blog.holyart.it\/fr\/?s={search_term_string}\"},\"query-input\":{\"@type\":\"PropertyValueSpecification\",\"valueRequired\":true,\"valueName\":\"search_term_string\"}}],\"inLanguage\":\"fr-FR\"},{\"@type\":\"Organization\",\"@id\":\"https:\/\/blog.holyart.it\/fr\/#organization\",\"name\":\"Holyart.fr Blog\",\"url\":\"https:\/\/blog.holyart.it\/fr\/\",\"logo\":{\"@type\":\"ImageObject\",\"inLanguage\":\"fr-FR\",\"@id\":\"https:\/\/blog.holyart.it\/fr\/#\/schema\/logo\/image\/\",\"url\":\"https:\/\/blog.holyart.it\/fr\/wp-content\/uploads\/sites\/14\/2022\/12\/Holyart_Blog_Logo.jpg\",\"contentUrl\":\"https:\/\/blog.holyart.it\/fr\/wp-content\/uploads\/sites\/14\/2022\/12\/Holyart_Blog_Logo.jpg\",\"width\":300,\"height\":50,\"caption\":\"Holyart.fr Blog\"},\"image\":{\"@id\":\"https:\/\/blog.holyart.it\/fr\/#\/schema\/logo\/image\/\"}},{\"@type\":\"Person\",\"@id\":\"https:\/\/blog.holyart.it\/fr\/#\/schema\/person\/0a7b686e5af0f856ec1e390dd0baecda\",\"name\":\"Redazione\",\"image\":{\"@type\":\"ImageObject\",\"inLanguage\":\"fr-FR\",\"@id\":\"https:\/\/blog.holyart.it\/fr\/#\/schema\/person\/image\/\",\"url\":\"https:\/\/secure.gravatar.com\/avatar\/f477da817f43e50d0af36abecd33e3edf826c68299714bdc1057dff3b113f516?s=96&d=mm&r=g\",\"contentUrl\":\"https:\/\/secure.gravatar.com\/avatar\/f477da817f43e50d0af36abecd33e3edf826c68299714bdc1057dff3b113f516?s=96&d=mm&r=g\",\"caption\":\"Redazione\"},\"url\":\"https:\/\/blog.holyart.it\/fr\/author\/admin\/\"}]}<\/script>\n<!-- \/ Yoast SEO plugin. -->","yoast_head_json":{"title":"Saint Matthieu : l\u2019ap\u00f4tre qui prit la place de Judas Iscariote - Holyart.fr Blog","description":"Saint Matthieu ap\u00f4tre, protecteur des ing\u00e9nieurs et des bouchers, fut le seul \u00e0 ne pas \u00eatre choisi par J\u00e9sus, mais par les ap\u00f4tres. Apprenons \u00e0 mieux le conna\u00eetre.","robots":{"index":"index","follow":"follow","max-snippet":"max-snippet:-1","max-image-preview":"max-image-preview:large","max-video-preview":"max-video-preview:-1"},"canonical":"https:\/\/blog.holyart.it\/fr\/saints-et-bienheureux\/saint-matthieu-lapotre-qui-prit-la-place-de-judas-iscariote\/","og_locale":"fr_FR","og_type":"article","og_title":"Saint Matthieu : l\u2019ap\u00f4tre qui prit la place de Judas Iscariote - Holyart.fr Blog","og_description":"Saint Matthieu ap\u00f4tre, protecteur des ing\u00e9nieurs et des bouchers, fut le seul \u00e0 ne pas \u00eatre choisi par J\u00e9sus, mais par les ap\u00f4tres. Apprenons \u00e0 mieux le conna\u00eetre.","og_url":"https:\/\/blog.holyart.it\/fr\/saints-et-bienheureux\/saint-matthieu-lapotre-qui-prit-la-place-de-judas-iscariote\/","og_site_name":"Holyart.fr Blog","article_published_time":"2021-06-16T15:40:06+00:00","article_modified_time":"2024-05-06T15:14:25+00:00","og_image":[{"width":1000,"height":666,"url":"https:\/\/blog.holyart.it\/fr\/wp-content\/uploads\/sites\/14\/2021\/06\/Saint-Matthieu.jpg","type":"image\/jpeg"}],"author":"Redazione","twitter_card":"summary_large_image","twitter_misc":{"\u00c9crit par":"Redazione","Dur\u00e9e de lecture estim\u00e9e":"8 minutes"},"schema":{"@context":"https:\/\/schema.org","@graph":[{"@type":"Article","@id":"https:\/\/blog.holyart.it\/fr\/saints-et-bienheureux\/saint-matthieu-lapotre-qui-prit-la-place-de-judas-iscariote\/#article","isPartOf":{"@id":"https:\/\/blog.holyart.it\/fr\/saints-et-bienheureux\/saint-matthieu-lapotre-qui-prit-la-place-de-judas-iscariote\/"},"author":{"name":"Redazione","@id":"https:\/\/blog.holyart.it\/fr\/#\/schema\/person\/0a7b686e5af0f856ec1e390dd0baecda"},"headline":"Saint Matthieu : l\u2019ap\u00f4tre qui prit la place de Judas Iscariote","datePublished":"2021-06-16T15:40:06+00:00","dateModified":"2024-05-06T15:14:25+00:00","mainEntityOfPage":{"@id":"https:\/\/blog.holyart.it\/fr\/saints-et-bienheureux\/saint-matthieu-lapotre-qui-prit-la-place-de-judas-iscariote\/"},"wordCount":1467,"publisher":{"@id":"https:\/\/blog.holyart.it\/fr\/#organization"},"image":{"@id":"https:\/\/blog.holyart.it\/fr\/saints-et-bienheureux\/saint-matthieu-lapotre-qui-prit-la-place-de-judas-iscariote\/#primaryimage"},"thumbnailUrl":"https:\/\/blog.holyart.it\/fr\/wp-content\/uploads\/sites\/14\/2021\/06\/Saint-Matthieu.jpg","articleSection":["Saints et Bienheureux"],"inLanguage":"fr-FR"},{"@type":"WebPage","@id":"https:\/\/blog.holyart.it\/fr\/saints-et-bienheureux\/saint-matthieu-lapotre-qui-prit-la-place-de-judas-iscariote\/","url":"https:\/\/blog.holyart.it\/fr\/saints-et-bienheureux\/saint-matthieu-lapotre-qui-prit-la-place-de-judas-iscariote\/","name":"Saint Matthieu : l\u2019ap\u00f4tre qui prit la place de Judas Iscariote - Holyart.fr Blog","isPartOf":{"@id":"https:\/\/blog.holyart.it\/fr\/#website"},"primaryImageOfPage":{"@id":"https:\/\/blog.holyart.it\/fr\/saints-et-bienheureux\/saint-matthieu-lapotre-qui-prit-la-place-de-judas-iscariote\/#primaryimage"},"image":{"@id":"https:\/\/blog.holyart.it\/fr\/saints-et-bienheureux\/saint-matthieu-lapotre-qui-prit-la-place-de-judas-iscariote\/#primaryimage"},"thumbnailUrl":"https:\/\/blog.holyart.it\/fr\/wp-content\/uploads\/sites\/14\/2021\/06\/Saint-Matthieu.jpg","datePublished":"2021-06-16T15:40:06+00:00","dateModified":"2024-05-06T15:14:25+00:00","description":"Saint Matthieu ap\u00f4tre, protecteur des ing\u00e9nieurs et des bouchers, fut le seul \u00e0 ne pas \u00eatre choisi par J\u00e9sus, mais par les ap\u00f4tres. Apprenons \u00e0 mieux le conna\u00eetre.","breadcrumb":{"@id":"https:\/\/blog.holyart.it\/fr\/saints-et-bienheureux\/saint-matthieu-lapotre-qui-prit-la-place-de-judas-iscariote\/#breadcrumb"},"inLanguage":"fr-FR","potentialAction":[{"@type":"ReadAction","target":["https:\/\/blog.holyart.it\/fr\/saints-et-bienheureux\/saint-matthieu-lapotre-qui-prit-la-place-de-judas-iscariote\/"]}]},{"@type":"ImageObject","inLanguage":"fr-FR","@id":"https:\/\/blog.holyart.it\/fr\/saints-et-bienheureux\/saint-matthieu-lapotre-qui-prit-la-place-de-judas-iscariote\/#primaryimage","url":"https:\/\/blog.holyart.it\/fr\/wp-content\/uploads\/sites\/14\/2021\/06\/Saint-Matthieu.jpg","contentUrl":"https:\/\/blog.holyart.it\/fr\/wp-content\/uploads\/sites\/14\/2021\/06\/Saint-Matthieu.jpg","width":1000,"height":666,"caption":"Saint Matthieu"},{"@type":"BreadcrumbList","@id":"https:\/\/blog.holyart.it\/fr\/saints-et-bienheureux\/saint-matthieu-lapotre-qui-prit-la-place-de-judas-iscariote\/#breadcrumb","itemListElement":[{"@type":"ListItem","position":1,"name":"Homepage","item":"https:\/\/blog.holyart.it\/fr\/"},{"@type":"ListItem","position":2,"name":"Saints et Bienheureux","item":"https:\/\/blog.holyart.it\/fr\/saints-et-bienheureux\/"},{"@type":"ListItem","position":3,"name":"Saint Matthieu : l\u2019ap\u00f4tre qui prit la place de Judas Iscariote"}]},{"@type":"WebSite","@id":"https:\/\/blog.holyart.it\/fr\/#website","url":"https:\/\/blog.holyart.it\/fr\/","name":"Holyart.fr Blog","description":"Holyblog","publisher":{"@id":"https:\/\/blog.holyart.it\/fr\/#organization"},"potentialAction":[{"@type":"SearchAction","target":{"@type":"EntryPoint","urlTemplate":"https:\/\/blog.holyart.it\/fr\/?s={search_term_string}"},"query-input":{"@type":"PropertyValueSpecification","valueRequired":true,"valueName":"search_term_string"}}],"inLanguage":"fr-FR"},{"@type":"Organization","@id":"https:\/\/blog.holyart.it\/fr\/#organization","name":"Holyart.fr Blog","url":"https:\/\/blog.holyart.it\/fr\/","logo":{"@type":"ImageObject","inLanguage":"fr-FR","@id":"https:\/\/blog.holyart.it\/fr\/#\/schema\/logo\/image\/","url":"https:\/\/blog.holyart.it\/fr\/wp-content\/uploads\/sites\/14\/2022\/12\/Holyart_Blog_Logo.jpg","contentUrl":"https:\/\/blog.holyart.it\/fr\/wp-content\/uploads\/sites\/14\/2022\/12\/Holyart_Blog_Logo.jpg","width":300,"height":50,"caption":"Holyart.fr Blog"},"image":{"@id":"https:\/\/blog.holyart.it\/fr\/#\/schema\/logo\/image\/"}},{"@type":"Person","@id":"https:\/\/blog.holyart.it\/fr\/#\/schema\/person\/0a7b686e5af0f856ec1e390dd0baecda","name":"Redazione","image":{"@type":"ImageObject","inLanguage":"fr-FR","@id":"https:\/\/blog.holyart.it\/fr\/#\/schema\/person\/image\/","url":"https:\/\/secure.gravatar.com\/avatar\/f477da817f43e50d0af36abecd33e3edf826c68299714bdc1057dff3b113f516?s=96&d=mm&r=g","contentUrl":"https:\/\/secure.gravatar.com\/avatar\/f477da817f43e50d0af36abecd33e3edf826c68299714bdc1057dff3b113f516?s=96&d=mm&r=g","caption":"Redazione"},"url":"https:\/\/blog.holyart.it\/fr\/author\/admin\/"}]}},"_links":{"self":[{"href":"https:\/\/blog.holyart.it\/fr\/wp-json\/wp\/v2\/posts\/3108","targetHints":{"allow":["GET"]}}],"collection":[{"href":"https:\/\/blog.holyart.it\/fr\/wp-json\/wp\/v2\/posts"}],"about":[{"href":"https:\/\/blog.holyart.it\/fr\/wp-json\/wp\/v2\/types\/post"}],"author":[{"embeddable":true,"href":"https:\/\/blog.holyart.it\/fr\/wp-json\/wp\/v2\/users\/1"}],"replies":[{"embeddable":true,"href":"https:\/\/blog.holyart.it\/fr\/wp-json\/wp\/v2\/comments?post=3108"}],"version-history":[{"count":1,"href":"https:\/\/blog.holyart.it\/fr\/wp-json\/wp\/v2\/posts\/3108\/revisions"}],"predecessor-version":[{"id":6275,"href":"https:\/\/blog.holyart.it\/fr\/wp-json\/wp\/v2\/posts\/3108\/revisions\/6275"}],"wp:featuredmedia":[{"embeddable":true,"href":"https:\/\/blog.holyart.it\/fr\/wp-json\/wp\/v2\/media\/3111"}],"wp:attachment":[{"href":"https:\/\/blog.holyart.it\/fr\/wp-json\/wp\/v2\/media?parent=3108"}],"wp:term":[{"taxonomy":"category","embeddable":true,"href":"https:\/\/blog.holyart.it\/fr\/wp-json\/wp\/v2\/categories?post=3108"},{"taxonomy":"post_tag","embeddable":true,"href":"https:\/\/blog.holyart.it\/fr\/wp-json\/wp\/v2\/tags?post=3108"}],"curies":[{"name":"wp","href":"https:\/\/api.w.org\/{rel}","templated":true}]}}