{"id":307,"date":"2017-03-08T16:40:31","date_gmt":"2017-03-08T15:40:31","guid":{"rendered":"https:\/\/blog.holyart.it\/fr\/?p=307"},"modified":"2018-08-03T12:29:46","modified_gmt":"2018-08-03T10:29:46","slug":"couleurs-liturgie-catholique-signification","status":"publish","type":"post","link":"https:\/\/blog.holyart.it\/fr\/accessoires-pour-la-liturgie\/couleurs-liturgie-catholique-signification\/","title":{"rendered":"Les couleurs dans la liturgie catholique et leur signification"},"content":{"rendered":"<p>Les <span style=\"color: #0000ff;\"><strong><a style=\"color: #0000ff;\" href=\"https:\/\/www.holyart.fr\/accessoires-pour-la-liturgie\/vetements-liturgiques-et-linges-dautel\">v\u00eatements liturgiques des pr\u00eatres catholiques<\/a><\/strong><\/span> pendant les c\u00e9l\u00e9brations religieuses se d\u00e9clinent dans une gamme de couleurs ayant une signification symbolique tr\u00e8s pr\u00e9cise.<\/p>\n<p>Les <strong>couleurs des habits liturgiques<\/strong> tels que la chape, la chasuble, la dalmatique et l\u2019\u00e9tole <strong>renvoient \u00e0 une p\u00e9riode liturgique<\/strong> ou \u00e0 une occasion sp\u00e9cifique. Les couleurs liturgiques ont \u00e9t\u00e9 codifi\u00e9es par Paul VI dans le Rite romain en 1969 et elles sont quatre\u00a0: le <strong>blanc<\/strong>, le <strong>vert<\/strong>, le <strong>rouge<\/strong> et le <strong>violet<\/strong>. \u00c0 ces couleurs s\u2019en ajoutent d\u2019autres, comme le rose, le bleu clair, l\u2019or et le noir, utilis\u00e9s dans les v\u00eatements liturgiques uniquement pour des occasions tr\u00e8s sp\u00e9cifique ou comme alternative aux couleurs canoniques. Examinons-les un \u00e0 la fois.<\/p>\n<figure id=\"attachment_509\" aria-describedby=\"caption-attachment-509\" style=\"width: 300px\" class=\"wp-caption alignright\"><img loading=\"lazy\" decoding=\"async\" class=\"size-medium wp-image-509\" src=\"https:\/\/blog.holyart.it\/fr\/wp-content\/uploads\/sites\/14\/2017\/03\/chasuble-300x300.jpg\" alt=\"chasubles\" width=\"300\" height=\"300\" \/><figcaption id=\"caption-attachment-509\" class=\"wp-caption-text\"><center><span style=\"color: #0000ff;\"><a href=\"https:\/\/www.holyart.fr\/accessoires-pour-la-liturgie\/vetements-liturgiques-et-linges-dautel\/chasubles\/chasuble-100-laine-col-et-bande-appliquee-tissu-avec-dessin-en-relief\"><button class=\"bottoneacquista\" style=\"vertical-align: middle;\">Acheter sur Holyart<\/button><\/a><\/center><\/figcaption><\/figure>\n<p><strong>Le blanc symbolise la joie et la puret\u00e9 d\u00e9rivant de la Foi<\/strong>. C\u2019est l\u2019une des couleurs liturgiques les plus fr\u00e9quente dans les ornements liturgiques utilis\u00e9s tous les jours par les pr\u00eatres, quel que soit la p\u00e9riode liturgique et la f\u00eate \u00e0 c\u00e9l\u00e9brer. Le blanc est li\u00e9 en particulier \u00e0 l\u2019adoration de Christ et de la Vierge, aux f\u00eates de No\u00ebl et de P\u00e2ques. Cette couleur liturgique <strong>symbolise \u00e9galement la r\u00e9surrection<\/strong>, le Christ ressuscit\u00e9 dans l\u2019exultation de la Foi.<\/p>\n<p>Apr\u00e8s le blanc, la couleur la plus utilis\u00e9e pendant les messes du dimanche et des jours de la semaine, en dehors de f\u00eates bien d\u00e9finies, est <strong>le vert, symbole d\u2019espoir, de constance et d\u2019\u00e9coute pers\u00e9v\u00e9rante<\/strong>. Il accompagne le chemin quotidien des pr\u00eatres et des fid\u00e8les qui s\u2019adressent \u00e0 eux.<\/p>\n<p><strong>Le violet rappelle la p\u00e9nitence, l\u2019attente et le deuil<\/strong>. Cette couleur liturgique est utilis\u00e9e en particulier pendant l\u2019Avent et le Car\u00eame. Les ornements liturgiques violets caract\u00e9risent les messes pour les d\u00e9funts, o\u00f9 ils peuvent \u00eatre remplac\u00e9s par des v\u00eatements liturgiques de couleur <strong>noir<\/strong>.<\/p>\n<p><strong>Le rouge symbolise la passion de Christ <\/strong>et le sang vers\u00e9 dans son martyre et dans celui des saints. Pour cette raison, cette couleur est utilis\u00e9e pour les v\u00eatements liturgiques le dimanche des Rameaux, le Vendredi Saint, pour la Pentec\u00f4te, les c\u00e9l\u00e9brations d\u00e9di\u00e9es \u00e0 la Passion du Seigneur, les f\u00eates des Ap\u00f4tres, des \u00c9vang\u00e9listes et des Saints Martyres.<\/p>\n<p>En ce qui concerne les couleurs liturgiques non codifi\u00e9es, le <strong>bleu clair <\/strong>est utilis\u00e9 surtout pour les c\u00e9l\u00e9brations en l\u2019honneur de la <strong>Sainte Vierge<\/strong>, en particulier dans les pays de culture espagnole et portugaise\u00a0; le <strong>rose<\/strong> inspire <strong>joie<\/strong> et <strong>solennit\u00e9<\/strong> pour le troisi\u00e8me dimanche de l\u2019Avent et le quatri\u00e8me dimanche de Car\u00eame\u00a0; enfin, l\u2019<strong>or<\/strong> symbolise la <strong>royaut\u00e9<\/strong> et peut remplacer toutes les couleurs \u00e0 toutes les occasions, m\u00eame s\u2019il n\u2019est normalement utilis\u00e9 que pour certaines Solennit\u00e9s de grande importance.<\/p>\n","protected":false},"excerpt":{"rendered":"<p>Les v\u00eatements liturgiques des pr\u00eatres catholiques pendant les c\u00e9l\u00e9brations religieuses se d\u00e9clinent dans une gamme de couleurs ayant une signification symbolique tr\u00e8s pr\u00e9cise. Les couleurs des habits liturgiques tels que la chape, la chasuble, la dalmatique et l\u2019\u00e9tole renvoient \u00e0 une p\u00e9riode liturgique ou \u00e0&hellip;<\/p>\n","protected":false},"author":1,"featured_media":308,"comment_status":"closed","ping_status":"open","sticky":false,"template":"","format":"standard","meta":{"_acf_changed":false,"footnotes":""},"categories":[4],"tags":[],"class_list":["post-307","post","type-post","status-publish","format-standard","has-post-thumbnail","hentry","category-accessoires-pour-la-liturgie"],"acf":[],"yoast_head":"<!-- This site is optimized with the Yoast SEO plugin v26.6 - https:\/\/yoast.com\/wordpress\/plugins\/seo\/ -->\n<title>Les couleurs dans la liturgie catholique et leur signification<\/title>\n<meta name=\"description\" content=\"Les couleurs des habits liturgiques renvoient \u00e0 une p\u00e9riode liturgique ou \u00e0 une occasion sp\u00e9cifique. une signification symbolique tr\u00e8s pr\u00e9cise.\" \/>\n<meta name=\"robots\" content=\"index, follow, max-snippet:-1, max-image-preview:large, max-video-preview:-1\" \/>\n<link rel=\"canonical\" href=\"https:\/\/blog.holyart.it\/fr\/accessoires-pour-la-liturgie\/couleurs-liturgie-catholique-signification\/\" \/>\n<meta property=\"og:locale\" content=\"fr_FR\" \/>\n<meta property=\"og:type\" content=\"article\" \/>\n<meta property=\"og:title\" content=\"Les couleurs dans la liturgie catholique et leur signification\" \/>\n<meta property=\"og:description\" content=\"Les couleurs des habits liturgiques renvoient \u00e0 une p\u00e9riode liturgique ou \u00e0 une occasion sp\u00e9cifique. une signification symbolique tr\u00e8s pr\u00e9cise.\" \/>\n<meta property=\"og:url\" content=\"https:\/\/blog.holyart.it\/fr\/accessoires-pour-la-liturgie\/couleurs-liturgie-catholique-signification\/\" \/>\n<meta property=\"og:site_name\" content=\"Holyart.fr Blog\" \/>\n<meta property=\"article:published_time\" content=\"2017-03-08T15:40:31+00:00\" \/>\n<meta property=\"article:modified_time\" content=\"2018-08-03T10:29:46+00:00\" \/>\n<meta property=\"og:image\" content=\"https:\/\/blog.holyart.it\/fr\/wp-content\/uploads\/sites\/14\/2017\/03\/Les-couleurs-dans-la-liturgie-catholique.jpg\" \/>\n\t<meta property=\"og:image:width\" content=\"1000\" \/>\n\t<meta property=\"og:image:height\" content=\"667\" \/>\n\t<meta property=\"og:image:type\" content=\"image\/jpeg\" \/>\n<meta name=\"author\" content=\"Redazione\" \/>\n<meta name=\"twitter:card\" content=\"summary_large_image\" \/>\n<meta name=\"twitter:label1\" content=\"\u00c9crit par\" \/>\n\t<meta name=\"twitter:data1\" content=\"Redazione\" \/>\n\t<meta name=\"twitter:label2\" content=\"Dur\u00e9e de lecture estim\u00e9e\" \/>\n\t<meta name=\"twitter:data2\" content=\"2 minutes\" \/>\n<script type=\"application\/ld+json\" class=\"yoast-schema-graph\">{\"@context\":\"https:\/\/schema.org\",\"@graph\":[{\"@type\":\"Article\",\"@id\":\"https:\/\/blog.holyart.it\/fr\/accessoires-pour-la-liturgie\/couleurs-liturgie-catholique-signification\/#article\",\"isPartOf\":{\"@id\":\"https:\/\/blog.holyart.it\/fr\/accessoires-pour-la-liturgie\/couleurs-liturgie-catholique-signification\/\"},\"author\":{\"name\":\"Redazione\",\"@id\":\"https:\/\/blog.holyart.it\/fr\/#\/schema\/person\/0a7b686e5af0f856ec1e390dd0baecda\"},\"headline\":\"Les couleurs dans la liturgie catholique et leur signification\",\"datePublished\":\"2017-03-08T15:40:31+00:00\",\"dateModified\":\"2018-08-03T10:29:46+00:00\",\"mainEntityOfPage\":{\"@id\":\"https:\/\/blog.holyart.it\/fr\/accessoires-pour-la-liturgie\/couleurs-liturgie-catholique-signification\/\"},\"wordCount\":507,\"publisher\":{\"@id\":\"https:\/\/blog.holyart.it\/fr\/#organization\"},\"image\":{\"@id\":\"https:\/\/blog.holyart.it\/fr\/accessoires-pour-la-liturgie\/couleurs-liturgie-catholique-signification\/#primaryimage\"},\"thumbnailUrl\":\"https:\/\/blog.holyart.it\/fr\/wp-content\/uploads\/sites\/14\/2017\/03\/Les-couleurs-dans-la-liturgie-catholique.jpg\",\"articleSection\":[\"Liturgie\"],\"inLanguage\":\"fr-FR\"},{\"@type\":\"WebPage\",\"@id\":\"https:\/\/blog.holyart.it\/fr\/accessoires-pour-la-liturgie\/couleurs-liturgie-catholique-signification\/\",\"url\":\"https:\/\/blog.holyart.it\/fr\/accessoires-pour-la-liturgie\/couleurs-liturgie-catholique-signification\/\",\"name\":\"Les couleurs dans la liturgie catholique et leur signification\",\"isPartOf\":{\"@id\":\"https:\/\/blog.holyart.it\/fr\/#website\"},\"primaryImageOfPage\":{\"@id\":\"https:\/\/blog.holyart.it\/fr\/accessoires-pour-la-liturgie\/couleurs-liturgie-catholique-signification\/#primaryimage\"},\"image\":{\"@id\":\"https:\/\/blog.holyart.it\/fr\/accessoires-pour-la-liturgie\/couleurs-liturgie-catholique-signification\/#primaryimage\"},\"thumbnailUrl\":\"https:\/\/blog.holyart.it\/fr\/wp-content\/uploads\/sites\/14\/2017\/03\/Les-couleurs-dans-la-liturgie-catholique.jpg\",\"datePublished\":\"2017-03-08T15:40:31+00:00\",\"dateModified\":\"2018-08-03T10:29:46+00:00\",\"description\":\"Les couleurs des habits liturgiques renvoient \u00e0 une p\u00e9riode liturgique ou \u00e0 une occasion sp\u00e9cifique. une signification symbolique tr\u00e8s pr\u00e9cise.\",\"breadcrumb\":{\"@id\":\"https:\/\/blog.holyart.it\/fr\/accessoires-pour-la-liturgie\/couleurs-liturgie-catholique-signification\/#breadcrumb\"},\"inLanguage\":\"fr-FR\",\"potentialAction\":[{\"@type\":\"ReadAction\",\"target\":[\"https:\/\/blog.holyart.it\/fr\/accessoires-pour-la-liturgie\/couleurs-liturgie-catholique-signification\/\"]}]},{\"@type\":\"ImageObject\",\"inLanguage\":\"fr-FR\",\"@id\":\"https:\/\/blog.holyart.it\/fr\/accessoires-pour-la-liturgie\/couleurs-liturgie-catholique-signification\/#primaryimage\",\"url\":\"https:\/\/blog.holyart.it\/fr\/wp-content\/uploads\/sites\/14\/2017\/03\/Les-couleurs-dans-la-liturgie-catholique.jpg\",\"contentUrl\":\"https:\/\/blog.holyart.it\/fr\/wp-content\/uploads\/sites\/14\/2017\/03\/Les-couleurs-dans-la-liturgie-catholique.jpg\",\"width\":1000,\"height\":667,\"caption\":\"Les couleurs dans la liturgie catholique\"},{\"@type\":\"BreadcrumbList\",\"@id\":\"https:\/\/blog.holyart.it\/fr\/accessoires-pour-la-liturgie\/couleurs-liturgie-catholique-signification\/#breadcrumb\",\"itemListElement\":[{\"@type\":\"ListItem\",\"position\":1,\"name\":\"Homepage\",\"item\":\"https:\/\/blog.holyart.it\/fr\/\"},{\"@type\":\"ListItem\",\"position\":2,\"name\":\"Liturgie\",\"item\":\"https:\/\/blog.holyart.it\/fr\/accessoires-pour-la-liturgie\/\"},{\"@type\":\"ListItem\",\"position\":3,\"name\":\"Les couleurs dans la liturgie catholique et leur signification\"}]},{\"@type\":\"WebSite\",\"@id\":\"https:\/\/blog.holyart.it\/fr\/#website\",\"url\":\"https:\/\/blog.holyart.it\/fr\/\",\"name\":\"Holyart.fr Blog\",\"description\":\"Holyblog\",\"publisher\":{\"@id\":\"https:\/\/blog.holyart.it\/fr\/#organization\"},\"potentialAction\":[{\"@type\":\"SearchAction\",\"target\":{\"@type\":\"EntryPoint\",\"urlTemplate\":\"https:\/\/blog.holyart.it\/fr\/?s={search_term_string}\"},\"query-input\":{\"@type\":\"PropertyValueSpecification\",\"valueRequired\":true,\"valueName\":\"search_term_string\"}}],\"inLanguage\":\"fr-FR\"},{\"@type\":\"Organization\",\"@id\":\"https:\/\/blog.holyart.it\/fr\/#organization\",\"name\":\"Holyart.fr Blog\",\"url\":\"https:\/\/blog.holyart.it\/fr\/\",\"logo\":{\"@type\":\"ImageObject\",\"inLanguage\":\"fr-FR\",\"@id\":\"https:\/\/blog.holyart.it\/fr\/#\/schema\/logo\/image\/\",\"url\":\"https:\/\/blog.holyart.it\/fr\/wp-content\/uploads\/sites\/14\/2022\/12\/Holyart_Blog_Logo.jpg\",\"contentUrl\":\"https:\/\/blog.holyart.it\/fr\/wp-content\/uploads\/sites\/14\/2022\/12\/Holyart_Blog_Logo.jpg\",\"width\":300,\"height\":50,\"caption\":\"Holyart.fr Blog\"},\"image\":{\"@id\":\"https:\/\/blog.holyart.it\/fr\/#\/schema\/logo\/image\/\"}},{\"@type\":\"Person\",\"@id\":\"https:\/\/blog.holyart.it\/fr\/#\/schema\/person\/0a7b686e5af0f856ec1e390dd0baecda\",\"name\":\"Redazione\",\"image\":{\"@type\":\"ImageObject\",\"inLanguage\":\"fr-FR\",\"@id\":\"https:\/\/blog.holyart.it\/fr\/#\/schema\/person\/image\/\",\"url\":\"https:\/\/secure.gravatar.com\/avatar\/f477da817f43e50d0af36abecd33e3edf826c68299714bdc1057dff3b113f516?s=96&d=mm&r=g\",\"contentUrl\":\"https:\/\/secure.gravatar.com\/avatar\/f477da817f43e50d0af36abecd33e3edf826c68299714bdc1057dff3b113f516?s=96&d=mm&r=g\",\"caption\":\"Redazione\"},\"url\":\"https:\/\/blog.holyart.it\/fr\/author\/admin\/\"}]}<\/script>\n<!-- \/ Yoast SEO plugin. -->","yoast_head_json":{"title":"Les couleurs dans la liturgie catholique et leur signification","description":"Les couleurs des habits liturgiques renvoient \u00e0 une p\u00e9riode liturgique ou \u00e0 une occasion sp\u00e9cifique. une signification symbolique tr\u00e8s pr\u00e9cise.","robots":{"index":"index","follow":"follow","max-snippet":"max-snippet:-1","max-image-preview":"max-image-preview:large","max-video-preview":"max-video-preview:-1"},"canonical":"https:\/\/blog.holyart.it\/fr\/accessoires-pour-la-liturgie\/couleurs-liturgie-catholique-signification\/","og_locale":"fr_FR","og_type":"article","og_title":"Les couleurs dans la liturgie catholique et leur signification","og_description":"Les couleurs des habits liturgiques renvoient \u00e0 une p\u00e9riode liturgique ou \u00e0 une occasion sp\u00e9cifique. une signification symbolique tr\u00e8s pr\u00e9cise.","og_url":"https:\/\/blog.holyart.it\/fr\/accessoires-pour-la-liturgie\/couleurs-liturgie-catholique-signification\/","og_site_name":"Holyart.fr Blog","article_published_time":"2017-03-08T15:40:31+00:00","article_modified_time":"2018-08-03T10:29:46+00:00","og_image":[{"width":1000,"height":667,"url":"https:\/\/blog.holyart.it\/fr\/wp-content\/uploads\/sites\/14\/2017\/03\/Les-couleurs-dans-la-liturgie-catholique.jpg","type":"image\/jpeg"}],"author":"Redazione","twitter_card":"summary_large_image","twitter_misc":{"\u00c9crit par":"Redazione","Dur\u00e9e de lecture estim\u00e9e":"2 minutes"},"schema":{"@context":"https:\/\/schema.org","@graph":[{"@type":"Article","@id":"https:\/\/blog.holyart.it\/fr\/accessoires-pour-la-liturgie\/couleurs-liturgie-catholique-signification\/#article","isPartOf":{"@id":"https:\/\/blog.holyart.it\/fr\/accessoires-pour-la-liturgie\/couleurs-liturgie-catholique-signification\/"},"author":{"name":"Redazione","@id":"https:\/\/blog.holyart.it\/fr\/#\/schema\/person\/0a7b686e5af0f856ec1e390dd0baecda"},"headline":"Les couleurs dans la liturgie catholique et leur signification","datePublished":"2017-03-08T15:40:31+00:00","dateModified":"2018-08-03T10:29:46+00:00","mainEntityOfPage":{"@id":"https:\/\/blog.holyart.it\/fr\/accessoires-pour-la-liturgie\/couleurs-liturgie-catholique-signification\/"},"wordCount":507,"publisher":{"@id":"https:\/\/blog.holyart.it\/fr\/#organization"},"image":{"@id":"https:\/\/blog.holyart.it\/fr\/accessoires-pour-la-liturgie\/couleurs-liturgie-catholique-signification\/#primaryimage"},"thumbnailUrl":"https:\/\/blog.holyart.it\/fr\/wp-content\/uploads\/sites\/14\/2017\/03\/Les-couleurs-dans-la-liturgie-catholique.jpg","articleSection":["Liturgie"],"inLanguage":"fr-FR"},{"@type":"WebPage","@id":"https:\/\/blog.holyart.it\/fr\/accessoires-pour-la-liturgie\/couleurs-liturgie-catholique-signification\/","url":"https:\/\/blog.holyart.it\/fr\/accessoires-pour-la-liturgie\/couleurs-liturgie-catholique-signification\/","name":"Les couleurs dans la liturgie catholique et leur signification","isPartOf":{"@id":"https:\/\/blog.holyart.it\/fr\/#website"},"primaryImageOfPage":{"@id":"https:\/\/blog.holyart.it\/fr\/accessoires-pour-la-liturgie\/couleurs-liturgie-catholique-signification\/#primaryimage"},"image":{"@id":"https:\/\/blog.holyart.it\/fr\/accessoires-pour-la-liturgie\/couleurs-liturgie-catholique-signification\/#primaryimage"},"thumbnailUrl":"https:\/\/blog.holyart.it\/fr\/wp-content\/uploads\/sites\/14\/2017\/03\/Les-couleurs-dans-la-liturgie-catholique.jpg","datePublished":"2017-03-08T15:40:31+00:00","dateModified":"2018-08-03T10:29:46+00:00","description":"Les couleurs des habits liturgiques renvoient \u00e0 une p\u00e9riode liturgique ou \u00e0 une occasion sp\u00e9cifique. une signification symbolique tr\u00e8s pr\u00e9cise.","breadcrumb":{"@id":"https:\/\/blog.holyart.it\/fr\/accessoires-pour-la-liturgie\/couleurs-liturgie-catholique-signification\/#breadcrumb"},"inLanguage":"fr-FR","potentialAction":[{"@type":"ReadAction","target":["https:\/\/blog.holyart.it\/fr\/accessoires-pour-la-liturgie\/couleurs-liturgie-catholique-signification\/"]}]},{"@type":"ImageObject","inLanguage":"fr-FR","@id":"https:\/\/blog.holyart.it\/fr\/accessoires-pour-la-liturgie\/couleurs-liturgie-catholique-signification\/#primaryimage","url":"https:\/\/blog.holyart.it\/fr\/wp-content\/uploads\/sites\/14\/2017\/03\/Les-couleurs-dans-la-liturgie-catholique.jpg","contentUrl":"https:\/\/blog.holyart.it\/fr\/wp-content\/uploads\/sites\/14\/2017\/03\/Les-couleurs-dans-la-liturgie-catholique.jpg","width":1000,"height":667,"caption":"Les couleurs dans la liturgie catholique"},{"@type":"BreadcrumbList","@id":"https:\/\/blog.holyart.it\/fr\/accessoires-pour-la-liturgie\/couleurs-liturgie-catholique-signification\/#breadcrumb","itemListElement":[{"@type":"ListItem","position":1,"name":"Homepage","item":"https:\/\/blog.holyart.it\/fr\/"},{"@type":"ListItem","position":2,"name":"Liturgie","item":"https:\/\/blog.holyart.it\/fr\/accessoires-pour-la-liturgie\/"},{"@type":"ListItem","position":3,"name":"Les couleurs dans la liturgie catholique et leur signification"}]},{"@type":"WebSite","@id":"https:\/\/blog.holyart.it\/fr\/#website","url":"https:\/\/blog.holyart.it\/fr\/","name":"Holyart.fr Blog","description":"Holyblog","publisher":{"@id":"https:\/\/blog.holyart.it\/fr\/#organization"},"potentialAction":[{"@type":"SearchAction","target":{"@type":"EntryPoint","urlTemplate":"https:\/\/blog.holyart.it\/fr\/?s={search_term_string}"},"query-input":{"@type":"PropertyValueSpecification","valueRequired":true,"valueName":"search_term_string"}}],"inLanguage":"fr-FR"},{"@type":"Organization","@id":"https:\/\/blog.holyart.it\/fr\/#organization","name":"Holyart.fr Blog","url":"https:\/\/blog.holyart.it\/fr\/","logo":{"@type":"ImageObject","inLanguage":"fr-FR","@id":"https:\/\/blog.holyart.it\/fr\/#\/schema\/logo\/image\/","url":"https:\/\/blog.holyart.it\/fr\/wp-content\/uploads\/sites\/14\/2022\/12\/Holyart_Blog_Logo.jpg","contentUrl":"https:\/\/blog.holyart.it\/fr\/wp-content\/uploads\/sites\/14\/2022\/12\/Holyart_Blog_Logo.jpg","width":300,"height":50,"caption":"Holyart.fr Blog"},"image":{"@id":"https:\/\/blog.holyart.it\/fr\/#\/schema\/logo\/image\/"}},{"@type":"Person","@id":"https:\/\/blog.holyart.it\/fr\/#\/schema\/person\/0a7b686e5af0f856ec1e390dd0baecda","name":"Redazione","image":{"@type":"ImageObject","inLanguage":"fr-FR","@id":"https:\/\/blog.holyart.it\/fr\/#\/schema\/person\/image\/","url":"https:\/\/secure.gravatar.com\/avatar\/f477da817f43e50d0af36abecd33e3edf826c68299714bdc1057dff3b113f516?s=96&d=mm&r=g","contentUrl":"https:\/\/secure.gravatar.com\/avatar\/f477da817f43e50d0af36abecd33e3edf826c68299714bdc1057dff3b113f516?s=96&d=mm&r=g","caption":"Redazione"},"url":"https:\/\/blog.holyart.it\/fr\/author\/admin\/"}]}},"_links":{"self":[{"href":"https:\/\/blog.holyart.it\/fr\/wp-json\/wp\/v2\/posts\/307","targetHints":{"allow":["GET"]}}],"collection":[{"href":"https:\/\/blog.holyart.it\/fr\/wp-json\/wp\/v2\/posts"}],"about":[{"href":"https:\/\/blog.holyart.it\/fr\/wp-json\/wp\/v2\/types\/post"}],"author":[{"embeddable":true,"href":"https:\/\/blog.holyart.it\/fr\/wp-json\/wp\/v2\/users\/1"}],"replies":[{"embeddable":true,"href":"https:\/\/blog.holyart.it\/fr\/wp-json\/wp\/v2\/comments?post=307"}],"version-history":[{"count":0,"href":"https:\/\/blog.holyart.it\/fr\/wp-json\/wp\/v2\/posts\/307\/revisions"}],"wp:featuredmedia":[{"embeddable":true,"href":"https:\/\/blog.holyart.it\/fr\/wp-json\/wp\/v2\/media\/308"}],"wp:attachment":[{"href":"https:\/\/blog.holyart.it\/fr\/wp-json\/wp\/v2\/media?parent=307"}],"wp:term":[{"taxonomy":"category","embeddable":true,"href":"https:\/\/blog.holyart.it\/fr\/wp-json\/wp\/v2\/categories?post=307"},{"taxonomy":"post_tag","embeddable":true,"href":"https:\/\/blog.holyart.it\/fr\/wp-json\/wp\/v2\/tags?post=307"}],"curies":[{"name":"wp","href":"https:\/\/api.w.org\/{rel}","templated":true}]}}