{"id":304,"date":"2017-03-06T16:32:55","date_gmt":"2017-03-06T15:32:55","guid":{"rendered":"https:\/\/blog.holyart.it\/fr\/?p=304"},"modified":"2017-03-16T17:28:04","modified_gmt":"2017-03-16T16:28:04","slug":"grand-maitre-de-spiritualite-saint-francois-de-sales","status":"publish","type":"post","link":"https:\/\/blog.holyart.it\/fr\/saints-et-bienheureux\/grand-maitre-de-spiritualite-saint-francois-de-sales\/","title":{"rendered":"Le grand ma\u00eetre de spiritualit\u00e9 : Saint Fran\u00e7ois de Sales"},"content":{"rendered":"<p><strong>Saint Protecteur des Journalistes<\/strong>, grande figure de la Contre-R\u00e9forme et de la croyance catholique fran\u00e7aise, <span style=\"color: #0000ff;\"><strong><a style=\"color: #0000ff;\" href=\"https:\/\/www.holyart.fr\/articles-religieux\/medailles-confreries-et-associations\/medaillon-confrerie-laiton-st-francois-de-sales\">Saint Fran\u00e7ois de Sales<\/a><\/strong><\/span> fut, en plus d\u2019un c\u00e9l\u00e8bre docteur de l\u2019\u00c9glise, un homme de son temps.<\/p>\n<p>N\u00e9 en 1567 et \u00e9lev\u00e9 dans une famille de l\u2019ancienne noblesse savoyarde, il jouit de tous les privil\u00e8ges que sa naissance lui offrent, en vivant entre la France et l\u2019Italie et en \u00e9tudiant dans les \u00e9coles et les universit\u00e9s les plus prestigieuses.<\/p>\n<p>Malgr\u00e9 les innombrables possibilit\u00e9s que sa position et son nom lui auraient garanti, il pr\u00e9f\u00e9ra suivre sa vocation religieuse. Une fois devenu pr\u00eatre, il se d\u00e9dia tout de suite \u00e0 pr\u00eacher contre la R\u00e9forme protestante.<\/p>\n<p>Il choisit volontairement de s\u2019\u00e9tablir \u00e0 Gen\u00e8ve, <strong>symbole du Calvinisme<\/strong> et si\u00e8ge principale des r\u00e9formateurs, et devint en quelques ann\u00e9es seulement \u00e9v\u00eaque de la ville. Sa m\u00e9thode \u00e9tait bas\u00e9e avant tout sur le <strong>dialogue<\/strong> et sur la conviction que la <strong>pr\u00e9sence divine<\/strong> habitait chaque homme, en supportant ses actions. C\u00e9l\u00e8bres, surtout pendant les premi\u00e8res ann\u00e9es de sa pr\u00e9dication, les \u00ab\u00a0manifestes\u00a0\u00bb qu\u2019il affichait dans des endroits publiques et les pamphlets qu\u2019il glissait sous les portes pour atteindre, gr\u00e2ce \u00e0 la parole \u00e9crite, les fid\u00e8les qu\u2019il ne pouvait pas atteindre par la voix.<\/p>\n<p>Ce fut cette utilisation nouvelle et insolite de la communication \u00e9crite qui le en fit le saint patron des journalistes et des \u00e9crivains. Il fut l\u2019auteur d\u2019importantes \u0153uvres religieuses, consid\u00e9r\u00e9es encore aujourd\u2019hui comme des textes fondamentaux de l\u2019\u00c9glise, des textes comme l\u2019\u00a0\u00ab\u00a0Introduction \u00e0 la vie d\u00e9vote\u00a0\u00bb et le \u00ab\u00a0Trait\u00e9 de l\u2019amour de Dieu\u00a0\u00bb. Son id\u00e9e de l\u2019amour de Dieu fut \u00e0 la base de toute sa pr\u00e9dication et de son \u0153uvre, et elle lui permit de reconvertir au catholicisme beaucoup de huguenots et de calvinistes. Il fut donc un des principaux repr\u00e9sentants de l\u2019Humanisme chr\u00e9tien. <strong>Il fut b\u00e9atifi\u00e9 en 1661<\/strong>, moins de 40 ans apr\u00e8s sa mort, et fut source d\u2019inspiration pour plusieurs congr\u00e9gations, comme tout d\u2019abord la <strong>Famille Sal\u00e9sienne cr\u00e9\u00e9e par Saint Jean Bosco<\/strong>, consacr\u00e9e \u00e0 l\u2019\u00e9ducation des jeunes, surtout ceux des classes les plus pauvres.<\/p>\n","protected":false},"excerpt":{"rendered":"<p>Saint Protecteur des Journalistes, grande figure de la Contre-R\u00e9forme et de la croyance catholique fran\u00e7aise, Saint Fran\u00e7ois de Sales fut, en plus d\u2019un c\u00e9l\u00e8bre docteur de l\u2019\u00c9glise, un homme de son temps. N\u00e9 en 1567 et \u00e9lev\u00e9 dans une famille de l\u2019ancienne noblesse savoyarde, il&hellip;<\/p>\n","protected":false},"author":1,"featured_media":305,"comment_status":"closed","ping_status":"open","sticky":false,"template":"","format":"standard","meta":{"_acf_changed":false,"footnotes":""},"categories":[7],"tags":[],"class_list":["post-304","post","type-post","status-publish","format-standard","has-post-thumbnail","hentry","category-saints-et-bienheureux"],"acf":[],"yoast_head":"<!-- This site is optimized with the Yoast SEO plugin v26.6 - https:\/\/yoast.com\/wordpress\/plugins\/seo\/ -->\n<title>Le grand ma\u00eetre de spiritualit\u00e9 : Saint Fran\u00e7ois de Sales<\/title>\n<meta name=\"description\" content=\"Saint Protecteur des Journalistes, figure de la Contre-R\u00e9forme et de la croyance catholique fran\u00e7aise, Saint Fran\u00e7ois de Sales fut, un homme de son temps.\" \/>\n<meta name=\"robots\" content=\"index, follow, max-snippet:-1, max-image-preview:large, max-video-preview:-1\" \/>\n<link rel=\"canonical\" href=\"https:\/\/blog.holyart.it\/fr\/saints-et-bienheureux\/grand-maitre-de-spiritualite-saint-francois-de-sales\/\" \/>\n<meta property=\"og:locale\" content=\"fr_FR\" \/>\n<meta property=\"og:type\" content=\"article\" \/>\n<meta property=\"og:title\" content=\"Le grand ma\u00eetre de spiritualit\u00e9 : Saint Fran\u00e7ois de Sales\" \/>\n<meta property=\"og:description\" content=\"Saint Protecteur des Journalistes, figure de la Contre-R\u00e9forme et de la croyance catholique fran\u00e7aise, Saint Fran\u00e7ois de Sales fut, un homme de son temps.\" \/>\n<meta property=\"og:url\" content=\"https:\/\/blog.holyart.it\/fr\/saints-et-bienheureux\/grand-maitre-de-spiritualite-saint-francois-de-sales\/\" \/>\n<meta property=\"og:site_name\" content=\"Holyart.fr Blog\" \/>\n<meta property=\"article:published_time\" content=\"2017-03-06T15:32:55+00:00\" \/>\n<meta property=\"article:modified_time\" content=\"2017-03-16T16:28:04+00:00\" \/>\n<meta property=\"og:image\" content=\"https:\/\/blog.holyart.it\/fr\/wp-content\/uploads\/sites\/14\/2017\/03\/Saint-Fran\u00e7ois-de-Sales.jpg\" \/>\n\t<meta property=\"og:image:width\" content=\"1000\" \/>\n\t<meta property=\"og:image:height\" content=\"666\" \/>\n\t<meta property=\"og:image:type\" content=\"image\/jpeg\" \/>\n<meta name=\"author\" content=\"Redazione\" \/>\n<meta name=\"twitter:card\" content=\"summary_large_image\" \/>\n<meta name=\"twitter:label1\" content=\"\u00c9crit par\" \/>\n\t<meta name=\"twitter:data1\" content=\"Redazione\" \/>\n\t<meta name=\"twitter:label2\" content=\"Dur\u00e9e de lecture estim\u00e9e\" \/>\n\t<meta name=\"twitter:data2\" content=\"2 minutes\" \/>\n<script type=\"application\/ld+json\" class=\"yoast-schema-graph\">{\"@context\":\"https:\/\/schema.org\",\"@graph\":[{\"@type\":\"Article\",\"@id\":\"https:\/\/blog.holyart.it\/fr\/saints-et-bienheureux\/grand-maitre-de-spiritualite-saint-francois-de-sales\/#article\",\"isPartOf\":{\"@id\":\"https:\/\/blog.holyart.it\/fr\/saints-et-bienheureux\/grand-maitre-de-spiritualite-saint-francois-de-sales\/\"},\"author\":{\"name\":\"Redazione\",\"@id\":\"https:\/\/blog.holyart.it\/fr\/#\/schema\/person\/0a7b686e5af0f856ec1e390dd0baecda\"},\"headline\":\"Le grand ma\u00eetre de spiritualit\u00e9 : Saint Fran\u00e7ois de Sales\",\"datePublished\":\"2017-03-06T15:32:55+00:00\",\"dateModified\":\"2017-03-16T16:28:04+00:00\",\"mainEntityOfPage\":{\"@id\":\"https:\/\/blog.holyart.it\/fr\/saints-et-bienheureux\/grand-maitre-de-spiritualite-saint-francois-de-sales\/\"},\"wordCount\":400,\"publisher\":{\"@id\":\"https:\/\/blog.holyart.it\/fr\/#organization\"},\"image\":{\"@id\":\"https:\/\/blog.holyart.it\/fr\/saints-et-bienheureux\/grand-maitre-de-spiritualite-saint-francois-de-sales\/#primaryimage\"},\"thumbnailUrl\":\"https:\/\/blog.holyart.it\/fr\/wp-content\/uploads\/sites\/14\/2017\/03\/Saint-Fran\u00e7ois-de-Sales.jpg\",\"articleSection\":[\"Saints et Bienheureux\"],\"inLanguage\":\"fr-FR\"},{\"@type\":\"WebPage\",\"@id\":\"https:\/\/blog.holyart.it\/fr\/saints-et-bienheureux\/grand-maitre-de-spiritualite-saint-francois-de-sales\/\",\"url\":\"https:\/\/blog.holyart.it\/fr\/saints-et-bienheureux\/grand-maitre-de-spiritualite-saint-francois-de-sales\/\",\"name\":\"Le grand ma\u00eetre de spiritualit\u00e9 : Saint Fran\u00e7ois de Sales\",\"isPartOf\":{\"@id\":\"https:\/\/blog.holyart.it\/fr\/#website\"},\"primaryImageOfPage\":{\"@id\":\"https:\/\/blog.holyart.it\/fr\/saints-et-bienheureux\/grand-maitre-de-spiritualite-saint-francois-de-sales\/#primaryimage\"},\"image\":{\"@id\":\"https:\/\/blog.holyart.it\/fr\/saints-et-bienheureux\/grand-maitre-de-spiritualite-saint-francois-de-sales\/#primaryimage\"},\"thumbnailUrl\":\"https:\/\/blog.holyart.it\/fr\/wp-content\/uploads\/sites\/14\/2017\/03\/Saint-Fran\u00e7ois-de-Sales.jpg\",\"datePublished\":\"2017-03-06T15:32:55+00:00\",\"dateModified\":\"2017-03-16T16:28:04+00:00\",\"description\":\"Saint Protecteur des Journalistes, figure de la Contre-R\u00e9forme et de la croyance catholique fran\u00e7aise, Saint Fran\u00e7ois de Sales fut, un homme de son temps.\",\"breadcrumb\":{\"@id\":\"https:\/\/blog.holyart.it\/fr\/saints-et-bienheureux\/grand-maitre-de-spiritualite-saint-francois-de-sales\/#breadcrumb\"},\"inLanguage\":\"fr-FR\",\"potentialAction\":[{\"@type\":\"ReadAction\",\"target\":[\"https:\/\/blog.holyart.it\/fr\/saints-et-bienheureux\/grand-maitre-de-spiritualite-saint-francois-de-sales\/\"]}]},{\"@type\":\"ImageObject\",\"inLanguage\":\"fr-FR\",\"@id\":\"https:\/\/blog.holyart.it\/fr\/saints-et-bienheureux\/grand-maitre-de-spiritualite-saint-francois-de-sales\/#primaryimage\",\"url\":\"https:\/\/blog.holyart.it\/fr\/wp-content\/uploads\/sites\/14\/2017\/03\/Saint-Fran\u00e7ois-de-Sales.jpg\",\"contentUrl\":\"https:\/\/blog.holyart.it\/fr\/wp-content\/uploads\/sites\/14\/2017\/03\/Saint-Fran\u00e7ois-de-Sales.jpg\",\"width\":1000,\"height\":666,\"caption\":\"Saint Fran\u00e7ois de Sales\"},{\"@type\":\"BreadcrumbList\",\"@id\":\"https:\/\/blog.holyart.it\/fr\/saints-et-bienheureux\/grand-maitre-de-spiritualite-saint-francois-de-sales\/#breadcrumb\",\"itemListElement\":[{\"@type\":\"ListItem\",\"position\":1,\"name\":\"Homepage\",\"item\":\"https:\/\/blog.holyart.it\/fr\/\"},{\"@type\":\"ListItem\",\"position\":2,\"name\":\"Saints et Bienheureux\",\"item\":\"https:\/\/blog.holyart.it\/fr\/saints-et-bienheureux\/\"},{\"@type\":\"ListItem\",\"position\":3,\"name\":\"Le grand ma\u00eetre de spiritualit\u00e9 : Saint Fran\u00e7ois de Sales\"}]},{\"@type\":\"WebSite\",\"@id\":\"https:\/\/blog.holyart.it\/fr\/#website\",\"url\":\"https:\/\/blog.holyart.it\/fr\/\",\"name\":\"Holyart.fr Blog\",\"description\":\"Holyblog\",\"publisher\":{\"@id\":\"https:\/\/blog.holyart.it\/fr\/#organization\"},\"potentialAction\":[{\"@type\":\"SearchAction\",\"target\":{\"@type\":\"EntryPoint\",\"urlTemplate\":\"https:\/\/blog.holyart.it\/fr\/?s={search_term_string}\"},\"query-input\":{\"@type\":\"PropertyValueSpecification\",\"valueRequired\":true,\"valueName\":\"search_term_string\"}}],\"inLanguage\":\"fr-FR\"},{\"@type\":\"Organization\",\"@id\":\"https:\/\/blog.holyart.it\/fr\/#organization\",\"name\":\"Holyart.fr Blog\",\"url\":\"https:\/\/blog.holyart.it\/fr\/\",\"logo\":{\"@type\":\"ImageObject\",\"inLanguage\":\"fr-FR\",\"@id\":\"https:\/\/blog.holyart.it\/fr\/#\/schema\/logo\/image\/\",\"url\":\"https:\/\/blog.holyart.it\/fr\/wp-content\/uploads\/sites\/14\/2022\/12\/Holyart_Blog_Logo.jpg\",\"contentUrl\":\"https:\/\/blog.holyart.it\/fr\/wp-content\/uploads\/sites\/14\/2022\/12\/Holyart_Blog_Logo.jpg\",\"width\":300,\"height\":50,\"caption\":\"Holyart.fr Blog\"},\"image\":{\"@id\":\"https:\/\/blog.holyart.it\/fr\/#\/schema\/logo\/image\/\"}},{\"@type\":\"Person\",\"@id\":\"https:\/\/blog.holyart.it\/fr\/#\/schema\/person\/0a7b686e5af0f856ec1e390dd0baecda\",\"name\":\"Redazione\",\"image\":{\"@type\":\"ImageObject\",\"inLanguage\":\"fr-FR\",\"@id\":\"https:\/\/blog.holyart.it\/fr\/#\/schema\/person\/image\/\",\"url\":\"https:\/\/secure.gravatar.com\/avatar\/f477da817f43e50d0af36abecd33e3edf826c68299714bdc1057dff3b113f516?s=96&d=mm&r=g\",\"contentUrl\":\"https:\/\/secure.gravatar.com\/avatar\/f477da817f43e50d0af36abecd33e3edf826c68299714bdc1057dff3b113f516?s=96&d=mm&r=g\",\"caption\":\"Redazione\"},\"url\":\"https:\/\/blog.holyart.it\/fr\/author\/admin\/\"}]}<\/script>\n<!-- \/ Yoast SEO plugin. -->","yoast_head_json":{"title":"Le grand ma\u00eetre de spiritualit\u00e9 : Saint Fran\u00e7ois de Sales","description":"Saint Protecteur des Journalistes, figure de la Contre-R\u00e9forme et de la croyance catholique fran\u00e7aise, Saint Fran\u00e7ois de Sales fut, un homme de son temps.","robots":{"index":"index","follow":"follow","max-snippet":"max-snippet:-1","max-image-preview":"max-image-preview:large","max-video-preview":"max-video-preview:-1"},"canonical":"https:\/\/blog.holyart.it\/fr\/saints-et-bienheureux\/grand-maitre-de-spiritualite-saint-francois-de-sales\/","og_locale":"fr_FR","og_type":"article","og_title":"Le grand ma\u00eetre de spiritualit\u00e9 : Saint Fran\u00e7ois de Sales","og_description":"Saint Protecteur des Journalistes, figure de la Contre-R\u00e9forme et de la croyance catholique fran\u00e7aise, Saint Fran\u00e7ois de Sales fut, un homme de son temps.","og_url":"https:\/\/blog.holyart.it\/fr\/saints-et-bienheureux\/grand-maitre-de-spiritualite-saint-francois-de-sales\/","og_site_name":"Holyart.fr Blog","article_published_time":"2017-03-06T15:32:55+00:00","article_modified_time":"2017-03-16T16:28:04+00:00","og_image":[{"width":1000,"height":666,"url":"https:\/\/blog.holyart.it\/fr\/wp-content\/uploads\/sites\/14\/2017\/03\/Saint-Fran\u00e7ois-de-Sales.jpg","type":"image\/jpeg"}],"author":"Redazione","twitter_card":"summary_large_image","twitter_misc":{"\u00c9crit par":"Redazione","Dur\u00e9e de lecture estim\u00e9e":"2 minutes"},"schema":{"@context":"https:\/\/schema.org","@graph":[{"@type":"Article","@id":"https:\/\/blog.holyart.it\/fr\/saints-et-bienheureux\/grand-maitre-de-spiritualite-saint-francois-de-sales\/#article","isPartOf":{"@id":"https:\/\/blog.holyart.it\/fr\/saints-et-bienheureux\/grand-maitre-de-spiritualite-saint-francois-de-sales\/"},"author":{"name":"Redazione","@id":"https:\/\/blog.holyart.it\/fr\/#\/schema\/person\/0a7b686e5af0f856ec1e390dd0baecda"},"headline":"Le grand ma\u00eetre de spiritualit\u00e9 : Saint Fran\u00e7ois de Sales","datePublished":"2017-03-06T15:32:55+00:00","dateModified":"2017-03-16T16:28:04+00:00","mainEntityOfPage":{"@id":"https:\/\/blog.holyart.it\/fr\/saints-et-bienheureux\/grand-maitre-de-spiritualite-saint-francois-de-sales\/"},"wordCount":400,"publisher":{"@id":"https:\/\/blog.holyart.it\/fr\/#organization"},"image":{"@id":"https:\/\/blog.holyart.it\/fr\/saints-et-bienheureux\/grand-maitre-de-spiritualite-saint-francois-de-sales\/#primaryimage"},"thumbnailUrl":"https:\/\/blog.holyart.it\/fr\/wp-content\/uploads\/sites\/14\/2017\/03\/Saint-Fran\u00e7ois-de-Sales.jpg","articleSection":["Saints et Bienheureux"],"inLanguage":"fr-FR"},{"@type":"WebPage","@id":"https:\/\/blog.holyart.it\/fr\/saints-et-bienheureux\/grand-maitre-de-spiritualite-saint-francois-de-sales\/","url":"https:\/\/blog.holyart.it\/fr\/saints-et-bienheureux\/grand-maitre-de-spiritualite-saint-francois-de-sales\/","name":"Le grand ma\u00eetre de spiritualit\u00e9 : Saint Fran\u00e7ois de Sales","isPartOf":{"@id":"https:\/\/blog.holyart.it\/fr\/#website"},"primaryImageOfPage":{"@id":"https:\/\/blog.holyart.it\/fr\/saints-et-bienheureux\/grand-maitre-de-spiritualite-saint-francois-de-sales\/#primaryimage"},"image":{"@id":"https:\/\/blog.holyart.it\/fr\/saints-et-bienheureux\/grand-maitre-de-spiritualite-saint-francois-de-sales\/#primaryimage"},"thumbnailUrl":"https:\/\/blog.holyart.it\/fr\/wp-content\/uploads\/sites\/14\/2017\/03\/Saint-Fran\u00e7ois-de-Sales.jpg","datePublished":"2017-03-06T15:32:55+00:00","dateModified":"2017-03-16T16:28:04+00:00","description":"Saint Protecteur des Journalistes, figure de la Contre-R\u00e9forme et de la croyance catholique fran\u00e7aise, Saint Fran\u00e7ois de Sales fut, un homme de son temps.","breadcrumb":{"@id":"https:\/\/blog.holyart.it\/fr\/saints-et-bienheureux\/grand-maitre-de-spiritualite-saint-francois-de-sales\/#breadcrumb"},"inLanguage":"fr-FR","potentialAction":[{"@type":"ReadAction","target":["https:\/\/blog.holyart.it\/fr\/saints-et-bienheureux\/grand-maitre-de-spiritualite-saint-francois-de-sales\/"]}]},{"@type":"ImageObject","inLanguage":"fr-FR","@id":"https:\/\/blog.holyart.it\/fr\/saints-et-bienheureux\/grand-maitre-de-spiritualite-saint-francois-de-sales\/#primaryimage","url":"https:\/\/blog.holyart.it\/fr\/wp-content\/uploads\/sites\/14\/2017\/03\/Saint-Fran\u00e7ois-de-Sales.jpg","contentUrl":"https:\/\/blog.holyart.it\/fr\/wp-content\/uploads\/sites\/14\/2017\/03\/Saint-Fran\u00e7ois-de-Sales.jpg","width":1000,"height":666,"caption":"Saint Fran\u00e7ois de Sales"},{"@type":"BreadcrumbList","@id":"https:\/\/blog.holyart.it\/fr\/saints-et-bienheureux\/grand-maitre-de-spiritualite-saint-francois-de-sales\/#breadcrumb","itemListElement":[{"@type":"ListItem","position":1,"name":"Homepage","item":"https:\/\/blog.holyart.it\/fr\/"},{"@type":"ListItem","position":2,"name":"Saints et Bienheureux","item":"https:\/\/blog.holyart.it\/fr\/saints-et-bienheureux\/"},{"@type":"ListItem","position":3,"name":"Le grand ma\u00eetre de spiritualit\u00e9 : Saint Fran\u00e7ois de Sales"}]},{"@type":"WebSite","@id":"https:\/\/blog.holyart.it\/fr\/#website","url":"https:\/\/blog.holyart.it\/fr\/","name":"Holyart.fr Blog","description":"Holyblog","publisher":{"@id":"https:\/\/blog.holyart.it\/fr\/#organization"},"potentialAction":[{"@type":"SearchAction","target":{"@type":"EntryPoint","urlTemplate":"https:\/\/blog.holyart.it\/fr\/?s={search_term_string}"},"query-input":{"@type":"PropertyValueSpecification","valueRequired":true,"valueName":"search_term_string"}}],"inLanguage":"fr-FR"},{"@type":"Organization","@id":"https:\/\/blog.holyart.it\/fr\/#organization","name":"Holyart.fr Blog","url":"https:\/\/blog.holyart.it\/fr\/","logo":{"@type":"ImageObject","inLanguage":"fr-FR","@id":"https:\/\/blog.holyart.it\/fr\/#\/schema\/logo\/image\/","url":"https:\/\/blog.holyart.it\/fr\/wp-content\/uploads\/sites\/14\/2022\/12\/Holyart_Blog_Logo.jpg","contentUrl":"https:\/\/blog.holyart.it\/fr\/wp-content\/uploads\/sites\/14\/2022\/12\/Holyart_Blog_Logo.jpg","width":300,"height":50,"caption":"Holyart.fr Blog"},"image":{"@id":"https:\/\/blog.holyart.it\/fr\/#\/schema\/logo\/image\/"}},{"@type":"Person","@id":"https:\/\/blog.holyart.it\/fr\/#\/schema\/person\/0a7b686e5af0f856ec1e390dd0baecda","name":"Redazione","image":{"@type":"ImageObject","inLanguage":"fr-FR","@id":"https:\/\/blog.holyart.it\/fr\/#\/schema\/person\/image\/","url":"https:\/\/secure.gravatar.com\/avatar\/f477da817f43e50d0af36abecd33e3edf826c68299714bdc1057dff3b113f516?s=96&d=mm&r=g","contentUrl":"https:\/\/secure.gravatar.com\/avatar\/f477da817f43e50d0af36abecd33e3edf826c68299714bdc1057dff3b113f516?s=96&d=mm&r=g","caption":"Redazione"},"url":"https:\/\/blog.holyart.it\/fr\/author\/admin\/"}]}},"_links":{"self":[{"href":"https:\/\/blog.holyart.it\/fr\/wp-json\/wp\/v2\/posts\/304","targetHints":{"allow":["GET"]}}],"collection":[{"href":"https:\/\/blog.holyart.it\/fr\/wp-json\/wp\/v2\/posts"}],"about":[{"href":"https:\/\/blog.holyart.it\/fr\/wp-json\/wp\/v2\/types\/post"}],"author":[{"embeddable":true,"href":"https:\/\/blog.holyart.it\/fr\/wp-json\/wp\/v2\/users\/1"}],"replies":[{"embeddable":true,"href":"https:\/\/blog.holyart.it\/fr\/wp-json\/wp\/v2\/comments?post=304"}],"version-history":[{"count":0,"href":"https:\/\/blog.holyart.it\/fr\/wp-json\/wp\/v2\/posts\/304\/revisions"}],"wp:featuredmedia":[{"embeddable":true,"href":"https:\/\/blog.holyart.it\/fr\/wp-json\/wp\/v2\/media\/305"}],"wp:attachment":[{"href":"https:\/\/blog.holyart.it\/fr\/wp-json\/wp\/v2\/media?parent=304"}],"wp:term":[{"taxonomy":"category","embeddable":true,"href":"https:\/\/blog.holyart.it\/fr\/wp-json\/wp\/v2\/categories?post=304"},{"taxonomy":"post_tag","embeddable":true,"href":"https:\/\/blog.holyart.it\/fr\/wp-json\/wp\/v2\/tags?post=304"}],"curies":[{"name":"wp","href":"https:\/\/api.w.org\/{rel}","templated":true}]}}