{"id":2937,"date":"2021-05-13T14:33:13","date_gmt":"2021-05-13T12:33:13","guid":{"rendered":"https:\/\/blog.holyart.it\/fr\/?p=2937"},"modified":"2022-10-18T12:17:37","modified_gmt":"2022-10-18T10:17:37","slug":"cadre-sainte-famille-un-symbole-a-garder-chez-soi","status":"publish","type":"post","link":"https:\/\/blog.holyart.it\/fr\/articles-religieux\/cadre-sainte-famille-un-symbole-a-garder-chez-soi\/","title":{"rendered":"Cadre Sainte Famille : un symbole \u00e0 garder chez soi"},"content":{"rendered":"<h4 style=\"text-align: center;\"><em>La Sainte Famille, mod\u00e8le id\u00e9al de chaque m\u00e9nage, incarnation d\u2019amour, mis\u00e9ricorde, humilit\u00e9. Garder un cadre de la Sainte Famille chez soi est un signe de d\u00e9votion, mais \u00e9galement un moyen de r\u00e9confort \u00e0 tout moment.<\/em><\/h4>\n\n<p>Du point de vue de l\u2019\u00c9glise catholique, la Sainte Famille repr\u00e9sente depuis toujours le point de r\u00e9f\u00e9rence vers lequel chaque famille devrait se tourner. Il ne s\u2019agit pas uniquement d\u2019une repr\u00e9sentation symbolique, de l\u2019id\u00e9alisation iconique d\u2019un m\u00e9nage, compos\u00e9 d\u2019un p\u00e8re aimable et protecteur, d\u2019une m\u00e8re tr\u00e8s douce et d\u2019un enfant innocent, mais un exemple vif et actuel. Avec la Sainte Famille de Nazareth, constitu\u00e9e de Marie, Saint Joseph et du petit J\u00e9sus, nait la famille chr\u00e9tienne telle que nous la connaissons et nous la concevons. Chaque geste, chaque acte consomm\u00e9 au sein de ce groupe qui partage la vie de tous les jours, avec ses douleurs, ses probl\u00e8mes et ses n\u00e9cessit\u00e9s, mais \u00e9galement ses joies, assume la dignit\u00e9 et l\u2019importance d\u2019un sacrement, du moment que l\u2019Enfant n\u2019est pas un simple nouveau-n\u00e9, mais Dieu qui s\u2019est fait homme. Le soin que les parents lui r\u00e9serve, la protection qui l\u2019entoure, l\u2019amour qui lie Joseph et Marie est une anticipation de l\u2019amour immense et infini de Dieu.<\/p>\n<p>La d\u00e9finition m\u00eame de Sainte Famille d\u00e9signe la valeur de ceux qui la compose. Tous les \u00e9l\u00e9ments de ce m\u00e9nage sont <a href=\"https:\/\/www.holyart.fr\/articles-religieux\/statues\"><strong>Saints<\/strong><\/a>, bien que pour des raisons diff\u00e9rentes. <strong>J\u00e9sus<\/strong> est Saint car Fils de Dieu, la <strong>Vierge Marie<\/strong> car choisie par Dieu en personne pour porter dans son ventre le Sauveur, <a href=\"https:\/\/www.holyart.fr\/produits\/statues-saint-joseph.php\"><strong>Saint Joseph<\/strong><\/a> car il a accept\u00e9 de s\u2019occuper d\u2019une \u00e9pouse \u00ab\u00a0incommode\u00a0\u00bb et d\u2019un fils qui n\u2019\u00e9tait pas le sien. Un homme, une femme et un enfant, tous saints si pris s\u00e9par\u00e9ment, mais encore plus saints dans leur union unique, irr\u00e9p\u00e9tible, et toutefois digne de repr\u00e9senter un exemple pour tous.<\/p>\n<div class=\"link-product\">\n<div class=\"blocco-immagine\"><img loading=\"lazy\" decoding=\"async\" class=\"alignnone size-full wp-image-2939\" src=\"https:\/\/blog.holyart.it\/fr\/wp-content\/uploads\/sites\/14\/2021\/05\/statue-sainte-vierge-platre.jpg\" alt=\"statue sainte vierge platre\" width=\"100\" height=\"100\" data-kale-share-title=\"Cadre Sainte Famille : un symbole \u00e0 garder chez soi\" data-kale-share-url=\"https:\/\/blog.holyart.it\/fr\/?p=2937\" \/><\/div>\n<div class=\"blocco-contenuto\">\n<div class=\"blocco-acquista\">Acheter sur Holyart:<\/div>\n<div class=\"blocco-titolo\"><a href=\"https:\/\/www.holyart.fr\/produits\/statues-vierge-marie.php\">Statues de la Vierge Marie<\/a><\/div>\n<div class=\"blocco-descrizione\">Vous pouvez choisir diff\u00e9rentes types de statues<\/div>\n<\/div>\n<\/div>\n<p>Dans cette acception d\u2019amour et de saintet\u00e9, la Sainte Famille est le symbole par excellence de la <a href=\"https:\/\/www.holyart.fr\/noel\"><strong>No\u00ebl<\/strong><\/a> \u00e0 peine pass\u00e9e. Nous avons d\u00e9di\u00e9 un article\u00a0sp\u00e9cifique quant au choix entre la construction d\u2019une Cr\u00e8che enti\u00e8re ou plut\u00f4t d\u2019une simple Nativit\u00e9, repr\u00e9sent\u00e9e par la Sainte Famille, pr\u00e9cis\u00e9ment, avec l\u2019\u00e2ne et le b\u0153uf. Cela parce que c\u2019est la pr\u00e9sence de J\u00e9sus, Marie et Joseph dans la cabane qui exprime de la mani\u00e8re la plus vraie et authentique le sens d\u2019<strong>union et<\/strong> d\u2019<strong>amour<\/strong> dont les F\u00eates devraient \u00eatre impr\u00e9gn\u00e9es, cette chaleur qui unit parents et amis proches et lointains dans ces jours uniques et sp\u00e9ciaux.<\/p>\n<p>C\u2019est pr\u00e9cis\u00e9ment pour ces raisons que la Sainte Famille devrait \u00eatre pr\u00e9sente dans nos maisons non seulement \u00e0 No\u00ebl, mais tous les jours de l\u2019an. Ce n\u2019est pas un hasard si nous avons cit\u00e9 <strong>les ic\u00f4nes, les statuettes et les bas-reliefs<\/strong> qui la repr\u00e9sentent parmi les objets sacr\u00e9s qu\u2019il est normal de trouver dans chaque maison. En effet, un cadre de la Sainte Famille repr\u00e9sente de mani\u00e8re univoque la <strong>foi concr\u00e8te<\/strong> de qui habite la maison et l\u2019<strong>appartenance \u00e0 Dieu<\/strong>. En outre, comme tous les autres objets sacr\u00e9s, la pr\u00e9sence d\u2019une repr\u00e9sentation de tout genre de la Sainte Famille <strong>prot\u00e8ge la maison du d\u00e9mon<\/strong>, aide qui est anim\u00e9 par une foi authentique \u00e0 le combattre et \u00e0 le vaincre.<\/p>\n<div class=\"link-article\">\n<p><img loading=\"lazy\" decoding=\"async\" class=\"alignleft size-full wp-image-2940\" src=\"https:\/\/blog.holyart.it\/fr\/wp-content\/uploads\/sites\/14\/2021\/05\/objets-sacr\u00e9s.jpg\" alt=\"objets sacr\u00e9s\" width=\"150\" height=\"99\" data-kale-share-title=\"Cadre Sainte Famille : un symbole \u00e0 garder chez soi\" data-kale-share-url=\"https:\/\/blog.holyart.it\/fr\/?p=2937\" \/><\/p>\n<div class=\"leggi-anche\">Lire aussi :<\/div>\n<p><strong><a href=\"https:\/\/www.holyart.fr\/blog\/articles-religieux\/5-objets-sacres-ne-peuvent-pas-manquer-dans-votre-maison\/\">5 objets sacr\u00e9s qui ne peuvent pas manquer dans votre maison<\/a><\/strong><br \/>\nDes objets sacr\u00e9s qu\u2019il est normal de trouver dans chaque maison, m\u00eame dans celles habit\u00e9es par des familles qui ne sont pas pratiquantes.<\/p>\n<\/div>\n<p>&nbsp;<\/p>\n<p>Mais comment choisir son cadre de la Sainte Famille\u00a0?<\/p>\n<p>Cela d\u00e9pend d\u2019o\u00f9 nous avons l\u2019intention de le placer, dans quelle pi\u00e8ce de la maison et, par cons\u00e9quent, du style m\u00eame de la maison, du mobilier et du go\u00fbt personnel. Dans le catalogue Holyart, dans la section \u201ccadre Sainte Famille\u201d, vous en trouverez de toutes les dimensions, mat\u00e9riaux et styles. Choisissez celui qui s\u2019adapte le plus \u00e0 vous !<\/p>\n<p style=\"text-align: center;\"><div class=\"sp-styles-warning\" style=\"width: 450px; background-color: #FFF; color: #F00; border: 1px solid #F00; padding: 10px; font-size: 14px;\">\n\t\t\t<span style=\"font-weight: bold;\">Warning: The stylesheets were not loaded!<\/span> \n\t\t\tYou will need to change the <i>Load stylesheets<\/i> setting from <i>Automatically<\/i> to <i>On homepage<\/i> or <i>On all pages<\/i>. \n\t\t\tYou can set that <a style=\"text-decoration: underline; color: #F00;\" href=\"https:\/\/blog.holyart.it\/fr\/wp-admin\/admin.php?page=sliderpro-settings\">here<\/a>.\n\t\t\t<\/div>\r\n<div id=\"slider-pro-37\" class=\"slider-pro sp-no-js\" style=\"width: 500px; height: 500px;\">\r\n\t<div class=\"sp-slides\">\r\n\t\t\r\n\t\t<div class=\"sp-slide\">\r\n\t\t\t<img loading=\"lazy\" decoding=\"async\" class=\"sp-image\" src=\"https:\/\/blog.holyart.it\/fr\/wp-content\/uploads\/sites\/14\/2021\/05\/Id\u00e9e-cadeau-cadre.jpg\" alt=\"Id\u00e9e cadeau cadre\" width=\"500\" height=\"500\" \/>\r\n\t\t\t<div class=\"sp-thumbnail\"><img decoding=\"async\" src=\"https:\/\/blog.holyart.it\/fr\/wp-content\/uploads\/sites\/14\/2021\/05\/idee-cadeau-cadre-joie-familiale-1.jpg\" alt=\"idee cadeau cadre joie familiale\" \/>\r\n\t\t\t<\/div>\r\n\t\t\t<div class=\"sp-caption\">Id\u00e9e cadeau cadre Joie Familiale<br \/><strong><a href=\"https:\/\/www.holyart.fr\/articles-religieux\/cadeaux-et-souvenirs-pour-les-occasions-speciales\/idee-cadeau-cadre-joie-familiale-de-verther-16x16-cm-argent\">Acheter sur Holyart<\/a><\/strong><\/div>\r\n\t\t<\/div>\r\n\t\t<div class=\"sp-slide\">\r\n\t\t\t<img loading=\"lazy\" decoding=\"async\" class=\"sp-image\" src=\"https:\/\/blog.holyart.it\/fr\/wp-content\/uploads\/sites\/14\/2021\/05\/Bonbonni\u00e8re-coeur.jpg\" alt=\"Bonbonni\u00e8re coeur\" width=\"500\" height=\"500\" \/>\r\n\t\t\t<div class=\"sp-thumbnail\"><img decoding=\"async\" src=\"https:\/\/blog.holyart.it\/fr\/wp-content\/uploads\/sites\/14\/2021\/05\/bonbonniere-coeur-sainte-famille-1.jpg\" alt=\"bonbonniere coeur sainte famille\" \/>\r\n\t\t\t<\/div>\r\n\t\t\t<div class=\"sp-caption\">Bonbonni\u00e8re coeur Sainte Famille<br \/><strong><a href=\"https:\/\/www.holyart.fr\/articles-religieux\/cadeaux-et-souvenirs-pour-les-occasions-speciales\/bonbonniere-coeur-sainte-famille-5x5-cm\">Acheter sur Holyart<\/a><\/strong><\/div>\r\n\t\t<\/div>\r\n\t\t<div class=\"sp-slide\">\r\n\t\t\t<img loading=\"lazy\" decoding=\"async\" class=\"sp-image\" src=\"https:\/\/blog.holyart.it\/fr\/wp-content\/uploads\/sites\/14\/2021\/05\/Porte-photo-Sainte-Famille.jpg\" alt=\"Porte-photo Sainte Famille\" width=\"500\" height=\"500\" \/>\r\n\t\t\t<div class=\"sp-thumbnail\"><img decoding=\"async\" src=\"https:\/\/blog.holyart.it\/fr\/wp-content\/uploads\/sites\/14\/2021\/05\/porte-photo-sainte-famille-stylisee-1.jpg\" alt=\"porte-photo sainte famille stylisee\" \/>\r\n\t\t\t<\/div>\r\n\t\t\t<div class=\"sp-caption\">Porte-photo Sainte Famille<br \/><strong><a href=\"https:\/\/www.holyart.fr\/articles-religieux\/cadeaux-et-souvenirs-pour-les-occasions-speciales\/porte-photo-sainte-famille-stylisee-feuille-argent-25x20-cm\">Acheter sur Holyart<\/a><\/strong><\/div>\r\n\t\t<\/div>\r\n\t<\/div>\r\n<\/div><\/p>\n<p>Par exemple, vous pourriez choisir une \u00e9l\u00e9gante <a href=\"https:\/\/www.holyart.fr\/articles-religieux\/bas-reliefs\/bas-reliefs-varies\/sainte-famille-aurora-gold-argile-refractaire\"><strong>Sainte Famille Aurora Gold en argile r\u00e9fractaire<\/strong><\/a>. Il s\u2019agit d\u2019une repr\u00e9sentation stylis\u00e9e de la Sainte Famille, r\u00e9alis\u00e9e \u00e0 la main en argile r\u00e9fractaire blanche. La glaise est avant tout travaill\u00e9e avec moulage \u00e0 la main et ensuite cuite \u00e0 plus de 1000\u00b0C. La finition et la r\u00e9alisation sont 100% artisanales afin de lui conf\u00e9rer des lignes essentielles et expressives en m\u00eame temps. C\u2019est un produit de haute qualit\u00e9, Made in Italy, du Centre C\u00e9ramiques Ave de Loppiano (Florence).<\/p>\n<p>Une autre proposition qui combine go\u00fbt classique et lignes modernes est le <a href=\"https:\/\/www.holyart.fr\/articles-religieux\/cadeaux-et-souvenirs-pour-les-occasions-speciales\/cadre-joie-familiale-27x27-cm-cristaux\"><strong>Cadre Joie Familiale 27&#215;27 cm cristaux<\/strong><\/a>, une pr\u00e9cieuse impression \u00e0 l\u2019aquarelle de 27&#215;27 cm. Renferm\u00e9 dans un encadrement en bois et avec des cristaux d\u00e9coratifs plac\u00e9s sur le verre, le cadre repr\u00e9sente avec des couleurs d\u00e9licates les visages de J\u00e9sus, Joseph et Marie. R\u00e9alis\u00e9 \u00e0 la main en Italie, ce cadre de la Sainte Famille est particuli\u00e8rement adapt\u00e9 comme id\u00e9e-cadeaux.<\/p>\n<p>Dans un style bien plus traditionnel, il y a le <a href=\"https:\/\/www.holyart.fr\/articles-religieux\/tableaux-gravures-manuscrit-enlumine\/cadre-sur-toile-sainte-famille-avec-lys-25x20-cm\"><strong>Cadre sur toile Sainte Famille avec lys 25&#215;20 cm<\/strong><\/a>. Il s\u2019agit de la reproduction d\u2019un sujet classique provenant des archives de Fratelli Bonella, c\u00e9l\u00e8bre maison d\u2019\u00e9dition d\u2019images sacr\u00e9es fond\u00e9e au d\u00e9but du si\u00e8cle par les Fr\u00e8res Egidio et Aristide Bonella. Elle repr\u00e9sente Joseph et Marie qui prient aux c\u00f4t\u00e9s d\u2019un Enfant J\u00e9sus b\u00e9nissant entour\u00e9 de lys. L\u2019effet pictural de la toile exalte la mysticit\u00e9 du sujet, en faisant une v\u00e9ritable \u0153uvre d\u2019Art Sacr\u00e9 adapt\u00e9e pour \u00eatre suspendue telle quelle ou encadr\u00e9e.<\/p>\n<p>Plus moderne, mais adapt\u00e9 \u00e9galement \u00e0 une maison au design classique, le <a href=\"https:\/\/www.holyart.fr\/articles-religieux\/cadeaux-et-souvenirs-pour-les-occasions-speciales\/cadre-argent-bilamine-sainte-famille-6-5x5-cm\"><strong>Cadre bilamin\u00e9 Sainte Famille 6,5&#215;5 cm<\/strong><\/a>\u00a0qui montre les figures en bas-relief de la Sainte Famille dans un encadrement ovale d\u00e9cor\u00e9 de fleurs et de branches. Les mat\u00e9riaux sont le bois et l\u2019aluminium avec des d\u00e9tails couleur or. Pourvu d\u2019un support pour le poser sur un meuble, ce petit cadre de la Sainte Famille est id\u00e9al comme souvenir ou id\u00e9e-cadeau pour un Mariage. Il a \u00e9t\u00e9 r\u00e9alis\u00e9 en Italie par une entreprise historique du secteur.<\/p>\n<p>Toujours moderne, mais dans le respect de la tradition, le <a href=\"https:\/\/www.holyart.fr\/articles-religieux\/cadeaux-et-souvenirs-pour-les-occasions-speciales\/cadre-tete-de-lit-ste-famille-resine-coloree-40x80-cm\"><strong>Cadre Sainte Famille argent color\u00e9 et bois bicolore<\/strong><\/a>\u00a0peut \u00eatre suspendu ou pos\u00e9, puisque pourvu d\u2019un pied d\u2019appui.<\/p>\n<p>Le cadre, aux lignes modernes, se compose de deux planches en bois fa\u00e7onn\u00e9, une blanche et une grise tourterelle, et par une plaque argent\u00e9e color\u00e9e avec l\u2019image de la Sainte Famille. La plaque est r\u00e9alis\u00e9e en m\u00e9tal avec bain d\u2019argent.<\/p>\n<figure id=\"attachment_2943\" aria-describedby=\"caption-attachment-2943\" style=\"width: 1000px\" class=\"wp-caption aligncenter\"><img loading=\"lazy\" decoding=\"async\" class=\"wp-image-2943 size-full\" src=\"https:\/\/blog.holyart.it\/fr\/wp-content\/uploads\/sites\/14\/2021\/05\/cadre-sainte-famille-1.jpg\" alt=\"cadre sainte famille\" width=\"1000\" height=\"666\" data-kale-share-title=\"Cadre Sainte Famille : un symbole \u00e0 garder chez soi\" data-kale-share-url=\"https:\/\/blog.holyart.it\/fr\/articles-religieux\/cadre-sainte-famille-un-symbole-a-garder-chez-soi\/\" \/><figcaption id=\"caption-attachment-2943\" class=\"wp-caption-text\"><center><a href=\"https:\/\/www.holyart.fr\/articles-religieux\/cadeaux-et-souvenirs-pour-les-occasions-speciales\/cadre-ste-famille-argent-colore-et-bords-arrondis\"><strong>Cliquez ici pour acheter la Sainte Famille de la photo!<\/strong><\/a><\/center><\/figcaption><\/figure>\n<p>Il s\u2019agit d\u2019un article manufactur\u00e9 de grande valeur, r\u00e9alis\u00e9 en Italie, id\u00e9al comme pr\u00e9sent pour des occasions importantes comme un mariage ou un bapt\u00eame.<\/p>\n<p>Et pour les plus petits\u00a0? Il n\u2019est jamais trop t\u00f4t pour transmettre aux enfants le sens profond de la famille, et non seulement \u00e0 No\u00ebl. Ce <a href=\"https:\/\/www.holyart.fr\/articles-religieux\/bas-reliefs\/bas-reliefs-varies\/cadre-religieux-nativite-bois-colore\"><strong>Cadre religieux Nativit\u00e9 bois color\u00e9\u00a0aux couleurs vives<\/strong><\/a> peut se r\u00e9v\u00e9ler un cadeau id\u00e9al pour eux. Le cadre est r\u00e9alis\u00e9 en bois, sur fond bleu, et repr\u00e9sente la Nativit\u00e9 avec des traits enfantins et d\u00e9licats. Parfait comme d\u00e9coration pour une chambre d\u2019enfant ou comme id\u00e9e-cadeau pour bapt\u00eames, anniversaires ou toute autre occasion sp\u00e9ciale, il peut \u00eatre accroch\u00e9 au mur ou pos\u00e9 sur un meuble gr\u00e2ce \u00e0 son pied d\u2019appui amovible.<\/p>\n","protected":false},"excerpt":{"rendered":"<p>La Sainte Famille, mod\u00e8le id\u00e9al de chaque m\u00e9nage, incarnation d\u2019amour, mis\u00e9ricorde, humilit\u00e9. Garder un cadre de la Sainte Famille chez soi est un signe de d\u00e9votion, mais \u00e9galement un moyen de r\u00e9confort \u00e0 tout moment. Du point de vue de l\u2019\u00c9glise catholique, la Sainte Famille&hellip;<\/p>\n","protected":false},"author":1,"featured_media":2938,"comment_status":"closed","ping_status":"open","sticky":false,"template":"","format":"standard","meta":{"_acf_changed":false,"footnotes":""},"categories":[8],"tags":[],"class_list":["post-2937","post","type-post","status-publish","format-standard","has-post-thumbnail","hentry","category-articles-religieux"],"acf":[],"yoast_head":"<!-- This site is optimized with the Yoast SEO plugin v26.6 - https:\/\/yoast.com\/wordpress\/plugins\/seo\/ -->\n<title>Cadre Sainte Famille : un symbole \u00e0 garder chez soi - Holyart.fr Blog<\/title>\n<meta name=\"description\" content=\"La Sainte Famille incarnation d\u2019amour et mis\u00e9ricorde. Garder un cadre de la Sainte Famille chez soi est un signe de d\u00e9votion et r\u00e9confort \u00e0 tout moment.\" \/>\n<meta name=\"robots\" content=\"index, follow, max-snippet:-1, max-image-preview:large, max-video-preview:-1\" \/>\n<link rel=\"canonical\" href=\"https:\/\/blog.holyart.it\/fr\/articles-religieux\/cadre-sainte-famille-un-symbole-a-garder-chez-soi\/\" \/>\n<meta property=\"og:locale\" content=\"fr_FR\" \/>\n<meta property=\"og:type\" content=\"article\" \/>\n<meta property=\"og:title\" content=\"Cadre Sainte Famille : un symbole \u00e0 garder chez soi - Holyart.fr Blog\" \/>\n<meta property=\"og:description\" content=\"La Sainte Famille incarnation d\u2019amour et mis\u00e9ricorde. Garder un cadre de la Sainte Famille chez soi est un signe de d\u00e9votion et r\u00e9confort \u00e0 tout moment.\" \/>\n<meta property=\"og:url\" content=\"https:\/\/blog.holyart.it\/fr\/articles-religieux\/cadre-sainte-famille-un-symbole-a-garder-chez-soi\/\" \/>\n<meta property=\"og:site_name\" content=\"Holyart.fr Blog\" \/>\n<meta property=\"article:published_time\" content=\"2021-05-13T12:33:13+00:00\" \/>\n<meta property=\"article:modified_time\" content=\"2022-10-18T10:17:37+00:00\" \/>\n<meta property=\"og:image\" content=\"https:\/\/blog.holyart.it\/fr\/wp-content\/uploads\/sites\/14\/2021\/05\/cadre-sainte-famille.jpg\" \/>\n\t<meta property=\"og:image:width\" content=\"1000\" \/>\n\t<meta property=\"og:image:height\" content=\"666\" \/>\n\t<meta property=\"og:image:type\" content=\"image\/jpeg\" \/>\n<meta name=\"author\" content=\"Redazione\" \/>\n<meta name=\"twitter:card\" content=\"summary_large_image\" \/>\n<meta name=\"twitter:label1\" content=\"\u00c9crit par\" \/>\n\t<meta name=\"twitter:data1\" content=\"Redazione\" \/>\n\t<meta name=\"twitter:label2\" content=\"Dur\u00e9e de lecture estim\u00e9e\" \/>\n\t<meta name=\"twitter:data2\" content=\"7 minutes\" \/>\n<script type=\"application\/ld+json\" class=\"yoast-schema-graph\">{\"@context\":\"https:\/\/schema.org\",\"@graph\":[{\"@type\":\"Article\",\"@id\":\"https:\/\/blog.holyart.it\/fr\/articles-religieux\/cadre-sainte-famille-un-symbole-a-garder-chez-soi\/#article\",\"isPartOf\":{\"@id\":\"https:\/\/blog.holyart.it\/fr\/articles-religieux\/cadre-sainte-famille-un-symbole-a-garder-chez-soi\/\"},\"author\":{\"name\":\"Redazione\",\"@id\":\"https:\/\/blog.holyart.it\/fr\/#\/schema\/person\/0a7b686e5af0f856ec1e390dd0baecda\"},\"headline\":\"Cadre Sainte Famille : un symbole \u00e0 garder chez soi\",\"datePublished\":\"2021-05-13T12:33:13+00:00\",\"dateModified\":\"2022-10-18T10:17:37+00:00\",\"mainEntityOfPage\":{\"@id\":\"https:\/\/blog.holyart.it\/fr\/articles-religieux\/cadre-sainte-famille-un-symbole-a-garder-chez-soi\/\"},\"wordCount\":1379,\"publisher\":{\"@id\":\"https:\/\/blog.holyart.it\/fr\/#organization\"},\"image\":{\"@id\":\"https:\/\/blog.holyart.it\/fr\/articles-religieux\/cadre-sainte-famille-un-symbole-a-garder-chez-soi\/#primaryimage\"},\"thumbnailUrl\":\"https:\/\/blog.holyart.it\/fr\/wp-content\/uploads\/sites\/14\/2021\/05\/cadre-sainte-famille.jpg\",\"articleSection\":[\"Religion\"],\"inLanguage\":\"fr-FR\"},{\"@type\":\"WebPage\",\"@id\":\"https:\/\/blog.holyart.it\/fr\/articles-religieux\/cadre-sainte-famille-un-symbole-a-garder-chez-soi\/\",\"url\":\"https:\/\/blog.holyart.it\/fr\/articles-religieux\/cadre-sainte-famille-un-symbole-a-garder-chez-soi\/\",\"name\":\"Cadre Sainte Famille : un symbole \u00e0 garder chez soi - Holyart.fr Blog\",\"isPartOf\":{\"@id\":\"https:\/\/blog.holyart.it\/fr\/#website\"},\"primaryImageOfPage\":{\"@id\":\"https:\/\/blog.holyart.it\/fr\/articles-religieux\/cadre-sainte-famille-un-symbole-a-garder-chez-soi\/#primaryimage\"},\"image\":{\"@id\":\"https:\/\/blog.holyart.it\/fr\/articles-religieux\/cadre-sainte-famille-un-symbole-a-garder-chez-soi\/#primaryimage\"},\"thumbnailUrl\":\"https:\/\/blog.holyart.it\/fr\/wp-content\/uploads\/sites\/14\/2021\/05\/cadre-sainte-famille.jpg\",\"datePublished\":\"2021-05-13T12:33:13+00:00\",\"dateModified\":\"2022-10-18T10:17:37+00:00\",\"description\":\"La Sainte Famille incarnation d\u2019amour et mis\u00e9ricorde. Garder un cadre de la Sainte Famille chez soi est un signe de d\u00e9votion et r\u00e9confort \u00e0 tout moment.\",\"breadcrumb\":{\"@id\":\"https:\/\/blog.holyart.it\/fr\/articles-religieux\/cadre-sainte-famille-un-symbole-a-garder-chez-soi\/#breadcrumb\"},\"inLanguage\":\"fr-FR\",\"potentialAction\":[{\"@type\":\"ReadAction\",\"target\":[\"https:\/\/blog.holyart.it\/fr\/articles-religieux\/cadre-sainte-famille-un-symbole-a-garder-chez-soi\/\"]}]},{\"@type\":\"ImageObject\",\"inLanguage\":\"fr-FR\",\"@id\":\"https:\/\/blog.holyart.it\/fr\/articles-religieux\/cadre-sainte-famille-un-symbole-a-garder-chez-soi\/#primaryimage\",\"url\":\"https:\/\/blog.holyart.it\/fr\/wp-content\/uploads\/sites\/14\/2021\/05\/cadre-sainte-famille.jpg\",\"contentUrl\":\"https:\/\/blog.holyart.it\/fr\/wp-content\/uploads\/sites\/14\/2021\/05\/cadre-sainte-famille.jpg\",\"width\":1000,\"height\":666,\"caption\":\"cadre sainte famille\"},{\"@type\":\"BreadcrumbList\",\"@id\":\"https:\/\/blog.holyart.it\/fr\/articles-religieux\/cadre-sainte-famille-un-symbole-a-garder-chez-soi\/#breadcrumb\",\"itemListElement\":[{\"@type\":\"ListItem\",\"position\":1,\"name\":\"Homepage\",\"item\":\"https:\/\/blog.holyart.it\/fr\/\"},{\"@type\":\"ListItem\",\"position\":2,\"name\":\"Religion\",\"item\":\"https:\/\/blog.holyart.it\/fr\/articles-religieux\/\"},{\"@type\":\"ListItem\",\"position\":3,\"name\":\"Cadre Sainte Famille : un symbole \u00e0 garder chez soi\"}]},{\"@type\":\"WebSite\",\"@id\":\"https:\/\/blog.holyart.it\/fr\/#website\",\"url\":\"https:\/\/blog.holyart.it\/fr\/\",\"name\":\"Holyart.fr Blog\",\"description\":\"Holyblog\",\"publisher\":{\"@id\":\"https:\/\/blog.holyart.it\/fr\/#organization\"},\"potentialAction\":[{\"@type\":\"SearchAction\",\"target\":{\"@type\":\"EntryPoint\",\"urlTemplate\":\"https:\/\/blog.holyart.it\/fr\/?s={search_term_string}\"},\"query-input\":{\"@type\":\"PropertyValueSpecification\",\"valueRequired\":true,\"valueName\":\"search_term_string\"}}],\"inLanguage\":\"fr-FR\"},{\"@type\":\"Organization\",\"@id\":\"https:\/\/blog.holyart.it\/fr\/#organization\",\"name\":\"Holyart.fr Blog\",\"url\":\"https:\/\/blog.holyart.it\/fr\/\",\"logo\":{\"@type\":\"ImageObject\",\"inLanguage\":\"fr-FR\",\"@id\":\"https:\/\/blog.holyart.it\/fr\/#\/schema\/logo\/image\/\",\"url\":\"https:\/\/blog.holyart.it\/fr\/wp-content\/uploads\/sites\/14\/2022\/12\/Holyart_Blog_Logo.jpg\",\"contentUrl\":\"https:\/\/blog.holyart.it\/fr\/wp-content\/uploads\/sites\/14\/2022\/12\/Holyart_Blog_Logo.jpg\",\"width\":300,\"height\":50,\"caption\":\"Holyart.fr Blog\"},\"image\":{\"@id\":\"https:\/\/blog.holyart.it\/fr\/#\/schema\/logo\/image\/\"}},{\"@type\":\"Person\",\"@id\":\"https:\/\/blog.holyart.it\/fr\/#\/schema\/person\/0a7b686e5af0f856ec1e390dd0baecda\",\"name\":\"Redazione\",\"image\":{\"@type\":\"ImageObject\",\"inLanguage\":\"fr-FR\",\"@id\":\"https:\/\/blog.holyart.it\/fr\/#\/schema\/person\/image\/\",\"url\":\"https:\/\/secure.gravatar.com\/avatar\/f477da817f43e50d0af36abecd33e3edf826c68299714bdc1057dff3b113f516?s=96&d=mm&r=g\",\"contentUrl\":\"https:\/\/secure.gravatar.com\/avatar\/f477da817f43e50d0af36abecd33e3edf826c68299714bdc1057dff3b113f516?s=96&d=mm&r=g\",\"caption\":\"Redazione\"},\"url\":\"https:\/\/blog.holyart.it\/fr\/author\/admin\/\"}]}<\/script>\n<!-- \/ Yoast SEO plugin. -->","yoast_head_json":{"title":"Cadre Sainte Famille : un symbole \u00e0 garder chez soi - Holyart.fr Blog","description":"La Sainte Famille incarnation d\u2019amour et mis\u00e9ricorde. Garder un cadre de la Sainte Famille chez soi est un signe de d\u00e9votion et r\u00e9confort \u00e0 tout moment.","robots":{"index":"index","follow":"follow","max-snippet":"max-snippet:-1","max-image-preview":"max-image-preview:large","max-video-preview":"max-video-preview:-1"},"canonical":"https:\/\/blog.holyart.it\/fr\/articles-religieux\/cadre-sainte-famille-un-symbole-a-garder-chez-soi\/","og_locale":"fr_FR","og_type":"article","og_title":"Cadre Sainte Famille : un symbole \u00e0 garder chez soi - Holyart.fr Blog","og_description":"La Sainte Famille incarnation d\u2019amour et mis\u00e9ricorde. Garder un cadre de la Sainte Famille chez soi est un signe de d\u00e9votion et r\u00e9confort \u00e0 tout moment.","og_url":"https:\/\/blog.holyart.it\/fr\/articles-religieux\/cadre-sainte-famille-un-symbole-a-garder-chez-soi\/","og_site_name":"Holyart.fr Blog","article_published_time":"2021-05-13T12:33:13+00:00","article_modified_time":"2022-10-18T10:17:37+00:00","og_image":[{"width":1000,"height":666,"url":"https:\/\/blog.holyart.it\/fr\/wp-content\/uploads\/sites\/14\/2021\/05\/cadre-sainte-famille.jpg","type":"image\/jpeg"}],"author":"Redazione","twitter_card":"summary_large_image","twitter_misc":{"\u00c9crit par":"Redazione","Dur\u00e9e de lecture estim\u00e9e":"7 minutes"},"schema":{"@context":"https:\/\/schema.org","@graph":[{"@type":"Article","@id":"https:\/\/blog.holyart.it\/fr\/articles-religieux\/cadre-sainte-famille-un-symbole-a-garder-chez-soi\/#article","isPartOf":{"@id":"https:\/\/blog.holyart.it\/fr\/articles-religieux\/cadre-sainte-famille-un-symbole-a-garder-chez-soi\/"},"author":{"name":"Redazione","@id":"https:\/\/blog.holyart.it\/fr\/#\/schema\/person\/0a7b686e5af0f856ec1e390dd0baecda"},"headline":"Cadre Sainte Famille : un symbole \u00e0 garder chez soi","datePublished":"2021-05-13T12:33:13+00:00","dateModified":"2022-10-18T10:17:37+00:00","mainEntityOfPage":{"@id":"https:\/\/blog.holyart.it\/fr\/articles-religieux\/cadre-sainte-famille-un-symbole-a-garder-chez-soi\/"},"wordCount":1379,"publisher":{"@id":"https:\/\/blog.holyart.it\/fr\/#organization"},"image":{"@id":"https:\/\/blog.holyart.it\/fr\/articles-religieux\/cadre-sainte-famille-un-symbole-a-garder-chez-soi\/#primaryimage"},"thumbnailUrl":"https:\/\/blog.holyart.it\/fr\/wp-content\/uploads\/sites\/14\/2021\/05\/cadre-sainte-famille.jpg","articleSection":["Religion"],"inLanguage":"fr-FR"},{"@type":"WebPage","@id":"https:\/\/blog.holyart.it\/fr\/articles-religieux\/cadre-sainte-famille-un-symbole-a-garder-chez-soi\/","url":"https:\/\/blog.holyart.it\/fr\/articles-religieux\/cadre-sainte-famille-un-symbole-a-garder-chez-soi\/","name":"Cadre Sainte Famille : un symbole \u00e0 garder chez soi - Holyart.fr Blog","isPartOf":{"@id":"https:\/\/blog.holyart.it\/fr\/#website"},"primaryImageOfPage":{"@id":"https:\/\/blog.holyart.it\/fr\/articles-religieux\/cadre-sainte-famille-un-symbole-a-garder-chez-soi\/#primaryimage"},"image":{"@id":"https:\/\/blog.holyart.it\/fr\/articles-religieux\/cadre-sainte-famille-un-symbole-a-garder-chez-soi\/#primaryimage"},"thumbnailUrl":"https:\/\/blog.holyart.it\/fr\/wp-content\/uploads\/sites\/14\/2021\/05\/cadre-sainte-famille.jpg","datePublished":"2021-05-13T12:33:13+00:00","dateModified":"2022-10-18T10:17:37+00:00","description":"La Sainte Famille incarnation d\u2019amour et mis\u00e9ricorde. Garder un cadre de la Sainte Famille chez soi est un signe de d\u00e9votion et r\u00e9confort \u00e0 tout moment.","breadcrumb":{"@id":"https:\/\/blog.holyart.it\/fr\/articles-religieux\/cadre-sainte-famille-un-symbole-a-garder-chez-soi\/#breadcrumb"},"inLanguage":"fr-FR","potentialAction":[{"@type":"ReadAction","target":["https:\/\/blog.holyart.it\/fr\/articles-religieux\/cadre-sainte-famille-un-symbole-a-garder-chez-soi\/"]}]},{"@type":"ImageObject","inLanguage":"fr-FR","@id":"https:\/\/blog.holyart.it\/fr\/articles-religieux\/cadre-sainte-famille-un-symbole-a-garder-chez-soi\/#primaryimage","url":"https:\/\/blog.holyart.it\/fr\/wp-content\/uploads\/sites\/14\/2021\/05\/cadre-sainte-famille.jpg","contentUrl":"https:\/\/blog.holyart.it\/fr\/wp-content\/uploads\/sites\/14\/2021\/05\/cadre-sainte-famille.jpg","width":1000,"height":666,"caption":"cadre sainte famille"},{"@type":"BreadcrumbList","@id":"https:\/\/blog.holyart.it\/fr\/articles-religieux\/cadre-sainte-famille-un-symbole-a-garder-chez-soi\/#breadcrumb","itemListElement":[{"@type":"ListItem","position":1,"name":"Homepage","item":"https:\/\/blog.holyart.it\/fr\/"},{"@type":"ListItem","position":2,"name":"Religion","item":"https:\/\/blog.holyart.it\/fr\/articles-religieux\/"},{"@type":"ListItem","position":3,"name":"Cadre Sainte Famille : un symbole \u00e0 garder chez soi"}]},{"@type":"WebSite","@id":"https:\/\/blog.holyart.it\/fr\/#website","url":"https:\/\/blog.holyart.it\/fr\/","name":"Holyart.fr Blog","description":"Holyblog","publisher":{"@id":"https:\/\/blog.holyart.it\/fr\/#organization"},"potentialAction":[{"@type":"SearchAction","target":{"@type":"EntryPoint","urlTemplate":"https:\/\/blog.holyart.it\/fr\/?s={search_term_string}"},"query-input":{"@type":"PropertyValueSpecification","valueRequired":true,"valueName":"search_term_string"}}],"inLanguage":"fr-FR"},{"@type":"Organization","@id":"https:\/\/blog.holyart.it\/fr\/#organization","name":"Holyart.fr Blog","url":"https:\/\/blog.holyart.it\/fr\/","logo":{"@type":"ImageObject","inLanguage":"fr-FR","@id":"https:\/\/blog.holyart.it\/fr\/#\/schema\/logo\/image\/","url":"https:\/\/blog.holyart.it\/fr\/wp-content\/uploads\/sites\/14\/2022\/12\/Holyart_Blog_Logo.jpg","contentUrl":"https:\/\/blog.holyart.it\/fr\/wp-content\/uploads\/sites\/14\/2022\/12\/Holyart_Blog_Logo.jpg","width":300,"height":50,"caption":"Holyart.fr Blog"},"image":{"@id":"https:\/\/blog.holyart.it\/fr\/#\/schema\/logo\/image\/"}},{"@type":"Person","@id":"https:\/\/blog.holyart.it\/fr\/#\/schema\/person\/0a7b686e5af0f856ec1e390dd0baecda","name":"Redazione","image":{"@type":"ImageObject","inLanguage":"fr-FR","@id":"https:\/\/blog.holyart.it\/fr\/#\/schema\/person\/image\/","url":"https:\/\/secure.gravatar.com\/avatar\/f477da817f43e50d0af36abecd33e3edf826c68299714bdc1057dff3b113f516?s=96&d=mm&r=g","contentUrl":"https:\/\/secure.gravatar.com\/avatar\/f477da817f43e50d0af36abecd33e3edf826c68299714bdc1057dff3b113f516?s=96&d=mm&r=g","caption":"Redazione"},"url":"https:\/\/blog.holyart.it\/fr\/author\/admin\/"}]}},"_links":{"self":[{"href":"https:\/\/blog.holyart.it\/fr\/wp-json\/wp\/v2\/posts\/2937","targetHints":{"allow":["GET"]}}],"collection":[{"href":"https:\/\/blog.holyart.it\/fr\/wp-json\/wp\/v2\/posts"}],"about":[{"href":"https:\/\/blog.holyart.it\/fr\/wp-json\/wp\/v2\/types\/post"}],"author":[{"embeddable":true,"href":"https:\/\/blog.holyart.it\/fr\/wp-json\/wp\/v2\/users\/1"}],"replies":[{"embeddable":true,"href":"https:\/\/blog.holyart.it\/fr\/wp-json\/wp\/v2\/comments?post=2937"}],"version-history":[{"count":0,"href":"https:\/\/blog.holyart.it\/fr\/wp-json\/wp\/v2\/posts\/2937\/revisions"}],"wp:featuredmedia":[{"embeddable":true,"href":"https:\/\/blog.holyart.it\/fr\/wp-json\/wp\/v2\/media\/2938"}],"wp:attachment":[{"href":"https:\/\/blog.holyart.it\/fr\/wp-json\/wp\/v2\/media?parent=2937"}],"wp:term":[{"taxonomy":"category","embeddable":true,"href":"https:\/\/blog.holyart.it\/fr\/wp-json\/wp\/v2\/categories?post=2937"},{"taxonomy":"post_tag","embeddable":true,"href":"https:\/\/blog.holyart.it\/fr\/wp-json\/wp\/v2\/tags?post=2937"}],"curies":[{"name":"wp","href":"https:\/\/api.w.org\/{rel}","templated":true}]}}