{"id":2930,"date":"2021-05-11T13:03:24","date_gmt":"2021-05-11T11:03:24","guid":{"rendered":"https:\/\/blog.holyart.it\/fr\/?p=2930"},"modified":"2022-09-07T17:04:01","modified_gmt":"2022-09-07T15:04:01","slug":"la-signification-de-la-mitre","status":"publish","type":"post","link":"https:\/\/blog.holyart.it\/fr\/accessoires-pour-la-liturgie\/la-signification-de-la-mitre\/","title":{"rendered":"La signification de la Mitre"},"content":{"rendered":"<h4 style=\"text-align: center;\"><em>Qu\u2019est-ce que le bizarre couvre-chef port\u00e9 par les \u00e9v\u00eaques \u00e0 diff\u00e9rents moments de la Liturgie, la Mitre, signifie ? D\u00e9couvrons l\u2019origine et la signification la plus profonde de cet \u00e9l\u00e9ment indispensable et pr\u00e9cieux.<\/em><\/h4>\n\n<p>Il est arriv\u00e9 \u00e0 tout le monde de voir, au cours d\u2019une c\u00e9l\u00e9bration solennelle, un \u00c9v\u00eaque porter un \u00e9trange chapeau \u00e0 la forme allong\u00e9e, qui se termine par deux pointes. Pape Fran\u00e7ois lui-m\u00eame, dans les occasions liturgiques qu\u2019il pr\u00e9side, ne porte pas son habituelle calotte blanche, mais il est c\u00f4toy\u00e9 par deux c\u00e9r\u00e9moniaires charg\u00e9s de poser sur sa t\u00eate le curieux couvre-chef et de le retirer en fonction des diff\u00e9rents moments de la c\u00e9l\u00e9bration.<\/p>\n<p>Il s\u2019agit de la <a href=\"https:\/\/www.holyart.fr\/accessoires-pour-la-liturgie\/attributs-episcopaux\"><strong>mitre<\/strong><\/a>.<\/p>\n<p>Il apparait tout de suite \u00e9vident que nous ne parlons pas d\u2019un commun chapeau, surtout car la mitre, surtout la mitre papale, est brod\u00e9e de fils d\u2019or et enrichie de d\u00e9corations \u00e9labor\u00e9es, voire m\u00eame de pierres pr\u00e9cieuses.<\/p>\n<h2>Mais o\u00f9 est n\u00e9 cet \u00e9trange chapeau\u00a0?<\/h2>\n<p>Le mot <strong>mitre<\/strong> d\u00e9rive du <strong>grec<\/strong>\u00a0\u03bc\u03af\u03c4\u03c1\u03b1, m\u00edtra, \u00ab\u00a0bande\u00a0\u00bb, \u00ab\u00a0bandeau pour la t\u00eate\u00a0\u00bb, \u00ab\u00a0turban\u00a0\u00bb. Il est probable que cet ornement d\u00e9rive d\u2019un bandeau en tissu utilis\u00e9 dans l\u2019ancienne Gr\u00e8ce par les guerriers, qui a \u00e9volu\u00e9 ensuite en un bandeau ornemental que les femmes portaient autour du front. Les experts affirment que m\u00eame en \u00e9poque pr\u00e9chr\u00e9tienne il existait un couvre-chef sacerdotal d\u2019o\u00f9 la mitre d\u00e9riverait, probablement un mod\u00e8le sp\u00e9cifique des pr\u00eatres d\u00e9vou\u00e9s \u00e0 Mitre, justement, divinit\u00e9 persienne ador\u00e9e \u00e9galement dans l\u2019Empire romain.<\/p>\n<p>La\u00a0<strong>mitre <\/strong>est utilis\u00e9e au sein de l\u2019\u00e9glise catholique comme \u00e9l\u00e9ment vestimentaire caract\u00e9ristique du clerg\u00e9 depuis le V si\u00e8cle. Dans un premier temps, elle \u00e9tait probablement un accessoire non-liturgique que le Pape portait durant les cort\u00e8ges solennels. Ensuite, le Souverain Pontife adopta comme couvre-chef caract\u00e9ristique la <strong>tiare<\/strong>, symbole de l\u2019autorit\u00e9 pontificale, qui continuera \u00e0 \u00eatre utilis\u00e9e jusqu\u2019au pontificat de Paul VI (1963-1978).<\/p>\n<p>Apr\u00e8s le X si\u00e8cle, les \u00c9v\u00eaques aussi commenc\u00e8rent \u00e0 porter la mitre selon les sources litt\u00e9raires et iconographiques, mais il faudra attendre le XII si\u00e8cle pour que ce couvre-chef connaisse sa forme actuelle.<\/p>\n<p>La mitre est aujourd\u2019hui la coiffe la plus importante et la plus solennelle de l\u2019\u00e9glise catholique, puisqu\u2019il repr\u00e9sente la <strong>splendeur de la saintet\u00e9<\/strong> incarn\u00e9e par l\u2019\u00c9v\u00eaque, sa dignit\u00e9 et son autorit\u00e9.<\/p>\n<h2>Quelle forme a la Mitre ?<\/h2>\n<p>La mitre que nous avons l\u2019habitude de voir sur la t\u00eate des \u00c9v\u00eaques et du Pape pr\u00e9sente une forme qui rappelle un peu celle d\u2019un soufflet. Elle est en effet allong\u00e9e et se termine par une double pointe.<br \/>\nLe couvre-chef est compos\u00e9 de deux morceaux de tissu rigide de forme triangulaire, partiellement unis sur les c\u00f4t\u00e9s, de mani\u00e8re \u00e0 former deux pointes. Ces pointes, appel\u00e9es <em>titres<\/em> ou <em>cornes<\/em>, ne sont pas des \u00e9l\u00e9ments fortuits : elles repr\u00e9sentent en effet l\u2019<a href=\"https:\/\/www.holyart.fr\/articles-religieux\/livres-sacres\"><strong>Ancien et le Nouveau Testament<\/strong><\/a>.<\/p>\n<div class=\"link-product\">\n<div class=\"blocco-immagine\"><img loading=\"lazy\" decoding=\"async\" class=\"alignnone size-full wp-image-2931\" src=\"https:\/\/blog.holyart.it\/fr\/wp-content\/uploads\/sites\/14\/2021\/05\/mitre-brodee-a-la-machine-pure-laine.jpg\" alt=\"mitre brodee a la machine pure laine\" width=\"100\" height=\"100\" data-kale-share-title=\"La signification de la Mitre\" data-kale-share-url=\"https:\/\/blog.holyart.it\/fr\/?p=2930\" \/><\/div>\n<div class=\"blocco-contenuto\">\n<div class=\"blocco-acquista\">Acheter sur Holyart:<\/div>\n<div class=\"blocco-titolo\"><a href=\"https:\/\/www.holyart.fr\/accessoires-pour-la-liturgie\/attributs-episcopaux\">Attributs \u00e9piscopaux<\/a><\/div>\n<div class=\"blocco-descrizione\">Attributs \u00e9piscopaux pour c\u00e9l\u00e9brations solennelles<\/div>\n<\/div>\n<\/div>\n<p>Dans l\u2019antiquit\u00e9, la mitre \u00e9tait plus semblable \u00e0 un <strong>c\u00f4ne<\/strong>, ensuite \u00e0 un <strong>bonnet<\/strong> attach\u00e9 sous le menton et suffisamment \u00e9cras\u00e9 au milieu pour former deux cornes. Les rubans servaient pour l\u2019attacher sous le menton et ils d\u00e9vinrent ensuite les deux longues <strong>bandes<\/strong> qui pendent \u00e0 l\u2019arri\u00e8re de la mitre actuelle sur les \u00e9paules de la personne qui la porte, les <em>fanons<\/em>, tandis que les <strong>cornes<\/strong> connurent d\u2019abord une forme arrondie, ensuite pointue et prirent donc le nom de <em>cornes<\/em>.<\/p>\n<p>Les mitres \u00e9taient auparavant d\u00e9cor\u00e9es de nombreux <strong>\u00e9l\u00e9ments pr\u00e9cieux<\/strong>, tellement qu\u2019elles finirent par faire partie du tr\u00e9sor liturgique de nombreuses \u00e9glises. Certaines \u00e9taient tellement d\u00e9cor\u00e9es de gemmes, de broderies dor\u00e9es et argent\u00e9es, voire m\u00eame de plumes, qu\u2019elles devenaient tr\u00e8s lourdes\u00a0 \u00e0 porter\u00a0!<\/p>\n<p>Il existe <strong>trois diff\u00e9rents types de mitres<\/strong>, codifi\u00e9s au temps de Pape Gr\u00e9goire X (1271) et diff\u00e9renci\u00e9es selon leur utilisation et leurs \u00e9l\u00e9ments d\u00e9coratifs\u00a0:<\/p>\n<ul>\n<li><em>Mitre auriphrygiate <\/em>: utilis\u00e9e surtout lors des processions, elle est r\u00e9alis\u00e9e en tissu lamin\u00e9 d\u2019or ou en soie blanche tiss\u00e9e d\u2019or. La doublure est en soie rouge, sans d\u00e9corations, exception faite pour les perles ;<\/li>\n<li><em>Mitre orfray\u00e9e <\/em>: c\u2019est la mitre r\u00e9serv\u00e9e aux c\u00e9l\u00e9brations les plus solennelles, toujours en tissu lamin\u00e9 d\u2019or ou argent, soie blanche et doublure en soie rouge, et enrichie de pr\u00e9cieuses broderies et de pierres pr\u00e9cieuses ;<\/li>\n<li><em>Mitre simple <\/em>: elle est utilis\u00e9e en-dehors des c\u00e9l\u00e9brations, et en p\u00e9riode de deuil et p\u00e9nitence, et elle change en fonction si c\u2019est le Pape \u00e0 la porter (en tissu d\u2019argent avec bords et fanons d\u00e9cor\u00e9s avec frises dor\u00e9es), les cardinaux (en soie blanche damass\u00e9e avec fanons orn\u00e9s de blanc) ou les \u00e9v\u00eaques (en soie ou tissu blanc, avec franges rouges qui constituent les bords des fanons).<\/li>\n<\/ul>\n<p>Celle-ci \u00e9tant la seule diff\u00e9renciation de la mitre, qui, contrairement aux autres ornements liturgiques, <strong>ne change pas de couleur <\/strong>en fonction du calendrier liturgique.<\/p>\n<p>En 2005, Pape Beno\u00eet XVI a voulu \u00e9liminer <strong>les symboles qui apparaissaient sur la tiare pontificale<\/strong>, le <em>trir\u00e8gne<\/em> (il s\u2019agissait de trois couronnes qui symbolisaient le triple pouvoir du Pape : Pouvoir des Clefs, Docteur supr\u00eame de l\u2019\u00c9glise, Vicaire de Christ) de l\u2019h\u00e9raldique eccl\u00e9siastique \u00e9galement.<br \/>\nDepuis lors, la mitre papale est caract\u00e9ris\u00e9e par trois bandes dor\u00e9es horizontales, qui rappellent les trois couronnes de la tiare.<\/p>\n<h2>Quand la mitre est-elle port\u00e9e ?<\/h2>\n<p>La mitre doit \u00eatre port\u00e9e \u00e0 six moments diff\u00e9rents de la Messe\u00a0:<\/p>\n<ul>\n<li>procession d\u2019entr\u00e9e ;<\/li>\n<li>proclamation des lectures (pas l\u2019\u00c9vangile) ;<\/li>\n<li>hom\u00e9lie ;<\/li>\n<li>administration du Sacrement ;<\/li>\n<li>b\u00e9n\u00e9diction finale ;<\/li>\n<li>procession de cong\u00e9.<\/li>\n<\/ul>\n<p>Les Abb\u00e9s aussi peuvent porter la mitre, par volont\u00e9 de Pape Urbain II \u00e0 l\u2019\u00e9poque du Troisi\u00e8me Concile de Melfi (1089). Au cours des si\u00e8cles, cette utilisation fut octroy\u00e9e aux presbyt\u00e8res titulaires d\u2019\u00e9glises importantes, aux pr\u00e9v\u00f4ts, aux canoniques du Chapitre de certaines cath\u00e9drales et \u00e9galement aux abbesses de certains couvents et aux la\u00efques m\u00e9ritants.<\/p>\n<h2>L&rsquo;ordination \u00e9piscopale<\/h2>\n<p>Quand un \u00c9v\u00eaque est ordonn\u00e9, on lui remet les <strong>attributs \u00e9piscopaux<\/strong> : la <strong>bague<\/strong>, la <a href=\"https:\/\/www.holyart.fr\/accessoires-pour-la-liturgie\/attributs-episcopaux?sorter_id=0&amp;39%5B%5D=1599&amp;p_min=&amp;p_max=\"><strong>crosse<\/strong><\/a> et, justement, la <strong>mitre<\/strong>.<br \/>\nCette derni\u00e8re est, comme nous l\u2019avons d\u00e9j\u00e0 mentionn\u00e9, un symbole de <strong>dignit\u00e9, autorit\u00e9 et saintet\u00e9<\/strong>.<br \/>\nLa bague \u00e9piscopale symbolise par contre la loyaut\u00e9 de l\u2019\u00c9v\u00eaque \u00e0 son dioc\u00e8se et \u00e0 l\u2019\u00c9glise en g\u00e9n\u00e9ral, tandis que la crosse renvoie \u00e0 l\u2019image de J\u00e9sus en tant que \u00ab\u00a0<strong>bon Pasteur<\/strong>\u00a0\u00bb et indique la fonction de soin du peuple chr\u00e9tien de la part du nouvel \u00c9v\u00eaque.<\/p>\n<div class=\"link-product\">\n<div class=\"blocco-immagine\"><img loading=\"lazy\" decoding=\"async\" class=\"alignnone size-full wp-image-2932\" src=\"https:\/\/blog.holyart.it\/fr\/wp-content\/uploads\/sites\/14\/2021\/05\/anneau-episcopal-en-argent.jpg\" alt=\"anneau episcopal en argent\" width=\"100\" height=\"100\" data-kale-share-title=\"La signification de la Mitre\" data-kale-share-url=\"https:\/\/blog.holyart.it\/fr\/?p=2930\" \/><\/div>\n<div class=\"blocco-contenuto\">\n<div class=\"blocco-acquista\">Acheter sur Holyart:<\/div>\n<div class=\"blocco-titolo\"><a href=\"https:\/\/www.holyart.fr\/accessoires-pour-la-liturgie\/attributs-episcopaux?sorter_id=0&amp;39%5B%5D=1600&amp;p_min=&amp;p_max=\">Anneau \u00e9piscopal<\/a><\/div>\n<div class=\"blocco-descrizione\">Anneaux pastorals pour les c\u00e9l\u00e9brations solennelles<\/div>\n<\/div>\n<\/div>\n","protected":false},"excerpt":{"rendered":"<p>Qu\u2019est-ce que le bizarre couvre-chef port\u00e9 par les \u00e9v\u00eaques \u00e0 diff\u00e9rents moments de la Liturgie, la Mitre, signifie ? D\u00e9couvrons l\u2019origine et la signification la plus profonde de cet \u00e9l\u00e9ment indispensable et pr\u00e9cieux. Il est arriv\u00e9 \u00e0 tout le monde de voir, au cours d\u2019une&hellip;<\/p>\n","protected":false},"author":1,"featured_media":2935,"comment_status":"closed","ping_status":"open","sticky":false,"template":"","format":"standard","meta":{"_acf_changed":false,"footnotes":""},"categories":[4],"tags":[],"class_list":["post-2930","post","type-post","status-publish","format-standard","has-post-thumbnail","hentry","category-accessoires-pour-la-liturgie"],"acf":[],"yoast_head":"<!-- This site is optimized with the Yoast SEO plugin v26.6 - https:\/\/yoast.com\/wordpress\/plugins\/seo\/ -->\n<title>La signification de la Mitre - Holyart.fr Blog<\/title>\n<meta name=\"description\" content=\"Qu\u2019est-ce que la Mitre signifie ? D\u00e9couvrons l\u2019origine et la signification la plus profonde de cet \u00e9l\u00e9ment indispensable et pr\u00e9cieux.\" \/>\n<meta name=\"robots\" content=\"index, follow, max-snippet:-1, max-image-preview:large, max-video-preview:-1\" \/>\n<link rel=\"canonical\" href=\"https:\/\/blog.holyart.it\/fr\/accessoires-pour-la-liturgie\/la-signification-de-la-mitre\/\" \/>\n<meta property=\"og:locale\" content=\"fr_FR\" \/>\n<meta property=\"og:type\" content=\"article\" \/>\n<meta property=\"og:title\" content=\"La signification de la Mitre - Holyart.fr Blog\" \/>\n<meta property=\"og:description\" content=\"Qu\u2019est-ce que la Mitre signifie ? D\u00e9couvrons l\u2019origine et la signification la plus profonde de cet \u00e9l\u00e9ment indispensable et pr\u00e9cieux.\" \/>\n<meta property=\"og:url\" content=\"https:\/\/blog.holyart.it\/fr\/accessoires-pour-la-liturgie\/la-signification-de-la-mitre\/\" \/>\n<meta property=\"og:site_name\" content=\"Holyart.fr Blog\" \/>\n<meta property=\"article:published_time\" content=\"2021-05-11T11:03:24+00:00\" \/>\n<meta property=\"article:modified_time\" content=\"2022-09-07T15:04:01+00:00\" \/>\n<meta property=\"og:image\" content=\"https:\/\/blog.holyart.it\/fr\/wp-content\/uploads\/sites\/14\/2021\/05\/la-mitre.jpg\" \/>\n\t<meta property=\"og:image:width\" content=\"768\" \/>\n\t<meta property=\"og:image:height\" content=\"511\" \/>\n\t<meta property=\"og:image:type\" content=\"image\/jpeg\" \/>\n<meta name=\"author\" content=\"Redazione\" \/>\n<meta name=\"twitter:card\" content=\"summary_large_image\" \/>\n<meta name=\"twitter:label1\" content=\"\u00c9crit par\" \/>\n\t<meta name=\"twitter:data1\" content=\"Redazione\" \/>\n\t<meta name=\"twitter:label2\" content=\"Dur\u00e9e de lecture estim\u00e9e\" \/>\n\t<meta name=\"twitter:data2\" content=\"6 minutes\" \/>\n<script type=\"application\/ld+json\" class=\"yoast-schema-graph\">{\"@context\":\"https:\/\/schema.org\",\"@graph\":[{\"@type\":\"Article\",\"@id\":\"https:\/\/blog.holyart.it\/fr\/accessoires-pour-la-liturgie\/la-signification-de-la-mitre\/#article\",\"isPartOf\":{\"@id\":\"https:\/\/blog.holyart.it\/fr\/accessoires-pour-la-liturgie\/la-signification-de-la-mitre\/\"},\"author\":{\"name\":\"Redazione\",\"@id\":\"https:\/\/blog.holyart.it\/fr\/#\/schema\/person\/0a7b686e5af0f856ec1e390dd0baecda\"},\"headline\":\"La signification de la Mitre\",\"datePublished\":\"2021-05-11T11:03:24+00:00\",\"dateModified\":\"2022-09-07T15:04:01+00:00\",\"mainEntityOfPage\":{\"@id\":\"https:\/\/blog.holyart.it\/fr\/accessoires-pour-la-liturgie\/la-signification-de-la-mitre\/\"},\"wordCount\":1187,\"publisher\":{\"@id\":\"https:\/\/blog.holyart.it\/fr\/#organization\"},\"image\":{\"@id\":\"https:\/\/blog.holyart.it\/fr\/accessoires-pour-la-liturgie\/la-signification-de-la-mitre\/#primaryimage\"},\"thumbnailUrl\":\"https:\/\/blog.holyart.it\/fr\/wp-content\/uploads\/sites\/14\/2021\/05\/la-mitre.jpg\",\"articleSection\":[\"Liturgie\"],\"inLanguage\":\"fr-FR\"},{\"@type\":\"WebPage\",\"@id\":\"https:\/\/blog.holyart.it\/fr\/accessoires-pour-la-liturgie\/la-signification-de-la-mitre\/\",\"url\":\"https:\/\/blog.holyart.it\/fr\/accessoires-pour-la-liturgie\/la-signification-de-la-mitre\/\",\"name\":\"La signification de la Mitre - Holyart.fr Blog\",\"isPartOf\":{\"@id\":\"https:\/\/blog.holyart.it\/fr\/#website\"},\"primaryImageOfPage\":{\"@id\":\"https:\/\/blog.holyart.it\/fr\/accessoires-pour-la-liturgie\/la-signification-de-la-mitre\/#primaryimage\"},\"image\":{\"@id\":\"https:\/\/blog.holyart.it\/fr\/accessoires-pour-la-liturgie\/la-signification-de-la-mitre\/#primaryimage\"},\"thumbnailUrl\":\"https:\/\/blog.holyart.it\/fr\/wp-content\/uploads\/sites\/14\/2021\/05\/la-mitre.jpg\",\"datePublished\":\"2021-05-11T11:03:24+00:00\",\"dateModified\":\"2022-09-07T15:04:01+00:00\",\"description\":\"Qu\u2019est-ce que la Mitre signifie ? D\u00e9couvrons l\u2019origine et la signification la plus profonde de cet \u00e9l\u00e9ment indispensable et pr\u00e9cieux.\",\"breadcrumb\":{\"@id\":\"https:\/\/blog.holyart.it\/fr\/accessoires-pour-la-liturgie\/la-signification-de-la-mitre\/#breadcrumb\"},\"inLanguage\":\"fr-FR\",\"potentialAction\":[{\"@type\":\"ReadAction\",\"target\":[\"https:\/\/blog.holyart.it\/fr\/accessoires-pour-la-liturgie\/la-signification-de-la-mitre\/\"]}]},{\"@type\":\"ImageObject\",\"inLanguage\":\"fr-FR\",\"@id\":\"https:\/\/blog.holyart.it\/fr\/accessoires-pour-la-liturgie\/la-signification-de-la-mitre\/#primaryimage\",\"url\":\"https:\/\/blog.holyart.it\/fr\/wp-content\/uploads\/sites\/14\/2021\/05\/la-mitre.jpg\",\"contentUrl\":\"https:\/\/blog.holyart.it\/fr\/wp-content\/uploads\/sites\/14\/2021\/05\/la-mitre.jpg\",\"width\":768,\"height\":511,\"caption\":\"la mitre\"},{\"@type\":\"BreadcrumbList\",\"@id\":\"https:\/\/blog.holyart.it\/fr\/accessoires-pour-la-liturgie\/la-signification-de-la-mitre\/#breadcrumb\",\"itemListElement\":[{\"@type\":\"ListItem\",\"position\":1,\"name\":\"Homepage\",\"item\":\"https:\/\/blog.holyart.it\/fr\/\"},{\"@type\":\"ListItem\",\"position\":2,\"name\":\"Liturgie\",\"item\":\"https:\/\/blog.holyart.it\/fr\/accessoires-pour-la-liturgie\/\"},{\"@type\":\"ListItem\",\"position\":3,\"name\":\"La signification de la Mitre\"}]},{\"@type\":\"WebSite\",\"@id\":\"https:\/\/blog.holyart.it\/fr\/#website\",\"url\":\"https:\/\/blog.holyart.it\/fr\/\",\"name\":\"Holyart.fr Blog\",\"description\":\"Holyblog\",\"publisher\":{\"@id\":\"https:\/\/blog.holyart.it\/fr\/#organization\"},\"potentialAction\":[{\"@type\":\"SearchAction\",\"target\":{\"@type\":\"EntryPoint\",\"urlTemplate\":\"https:\/\/blog.holyart.it\/fr\/?s={search_term_string}\"},\"query-input\":{\"@type\":\"PropertyValueSpecification\",\"valueRequired\":true,\"valueName\":\"search_term_string\"}}],\"inLanguage\":\"fr-FR\"},{\"@type\":\"Organization\",\"@id\":\"https:\/\/blog.holyart.it\/fr\/#organization\",\"name\":\"Holyart.fr Blog\",\"url\":\"https:\/\/blog.holyart.it\/fr\/\",\"logo\":{\"@type\":\"ImageObject\",\"inLanguage\":\"fr-FR\",\"@id\":\"https:\/\/blog.holyart.it\/fr\/#\/schema\/logo\/image\/\",\"url\":\"https:\/\/blog.holyart.it\/fr\/wp-content\/uploads\/sites\/14\/2022\/12\/Holyart_Blog_Logo.jpg\",\"contentUrl\":\"https:\/\/blog.holyart.it\/fr\/wp-content\/uploads\/sites\/14\/2022\/12\/Holyart_Blog_Logo.jpg\",\"width\":300,\"height\":50,\"caption\":\"Holyart.fr Blog\"},\"image\":{\"@id\":\"https:\/\/blog.holyart.it\/fr\/#\/schema\/logo\/image\/\"}},{\"@type\":\"Person\",\"@id\":\"https:\/\/blog.holyart.it\/fr\/#\/schema\/person\/0a7b686e5af0f856ec1e390dd0baecda\",\"name\":\"Redazione\",\"image\":{\"@type\":\"ImageObject\",\"inLanguage\":\"fr-FR\",\"@id\":\"https:\/\/blog.holyart.it\/fr\/#\/schema\/person\/image\/\",\"url\":\"https:\/\/secure.gravatar.com\/avatar\/f477da817f43e50d0af36abecd33e3edf826c68299714bdc1057dff3b113f516?s=96&d=mm&r=g\",\"contentUrl\":\"https:\/\/secure.gravatar.com\/avatar\/f477da817f43e50d0af36abecd33e3edf826c68299714bdc1057dff3b113f516?s=96&d=mm&r=g\",\"caption\":\"Redazione\"},\"url\":\"https:\/\/blog.holyart.it\/fr\/author\/admin\/\"}]}<\/script>\n<!-- \/ Yoast SEO plugin. -->","yoast_head_json":{"title":"La signification de la Mitre - Holyart.fr Blog","description":"Qu\u2019est-ce que la Mitre signifie ? D\u00e9couvrons l\u2019origine et la signification la plus profonde de cet \u00e9l\u00e9ment indispensable et pr\u00e9cieux.","robots":{"index":"index","follow":"follow","max-snippet":"max-snippet:-1","max-image-preview":"max-image-preview:large","max-video-preview":"max-video-preview:-1"},"canonical":"https:\/\/blog.holyart.it\/fr\/accessoires-pour-la-liturgie\/la-signification-de-la-mitre\/","og_locale":"fr_FR","og_type":"article","og_title":"La signification de la Mitre - Holyart.fr Blog","og_description":"Qu\u2019est-ce que la Mitre signifie ? D\u00e9couvrons l\u2019origine et la signification la plus profonde de cet \u00e9l\u00e9ment indispensable et pr\u00e9cieux.","og_url":"https:\/\/blog.holyart.it\/fr\/accessoires-pour-la-liturgie\/la-signification-de-la-mitre\/","og_site_name":"Holyart.fr Blog","article_published_time":"2021-05-11T11:03:24+00:00","article_modified_time":"2022-09-07T15:04:01+00:00","og_image":[{"width":768,"height":511,"url":"https:\/\/blog.holyart.it\/fr\/wp-content\/uploads\/sites\/14\/2021\/05\/la-mitre.jpg","type":"image\/jpeg"}],"author":"Redazione","twitter_card":"summary_large_image","twitter_misc":{"\u00c9crit par":"Redazione","Dur\u00e9e de lecture estim\u00e9e":"6 minutes"},"schema":{"@context":"https:\/\/schema.org","@graph":[{"@type":"Article","@id":"https:\/\/blog.holyart.it\/fr\/accessoires-pour-la-liturgie\/la-signification-de-la-mitre\/#article","isPartOf":{"@id":"https:\/\/blog.holyart.it\/fr\/accessoires-pour-la-liturgie\/la-signification-de-la-mitre\/"},"author":{"name":"Redazione","@id":"https:\/\/blog.holyart.it\/fr\/#\/schema\/person\/0a7b686e5af0f856ec1e390dd0baecda"},"headline":"La signification de la Mitre","datePublished":"2021-05-11T11:03:24+00:00","dateModified":"2022-09-07T15:04:01+00:00","mainEntityOfPage":{"@id":"https:\/\/blog.holyart.it\/fr\/accessoires-pour-la-liturgie\/la-signification-de-la-mitre\/"},"wordCount":1187,"publisher":{"@id":"https:\/\/blog.holyart.it\/fr\/#organization"},"image":{"@id":"https:\/\/blog.holyart.it\/fr\/accessoires-pour-la-liturgie\/la-signification-de-la-mitre\/#primaryimage"},"thumbnailUrl":"https:\/\/blog.holyart.it\/fr\/wp-content\/uploads\/sites\/14\/2021\/05\/la-mitre.jpg","articleSection":["Liturgie"],"inLanguage":"fr-FR"},{"@type":"WebPage","@id":"https:\/\/blog.holyart.it\/fr\/accessoires-pour-la-liturgie\/la-signification-de-la-mitre\/","url":"https:\/\/blog.holyart.it\/fr\/accessoires-pour-la-liturgie\/la-signification-de-la-mitre\/","name":"La signification de la Mitre - Holyart.fr Blog","isPartOf":{"@id":"https:\/\/blog.holyart.it\/fr\/#website"},"primaryImageOfPage":{"@id":"https:\/\/blog.holyart.it\/fr\/accessoires-pour-la-liturgie\/la-signification-de-la-mitre\/#primaryimage"},"image":{"@id":"https:\/\/blog.holyart.it\/fr\/accessoires-pour-la-liturgie\/la-signification-de-la-mitre\/#primaryimage"},"thumbnailUrl":"https:\/\/blog.holyart.it\/fr\/wp-content\/uploads\/sites\/14\/2021\/05\/la-mitre.jpg","datePublished":"2021-05-11T11:03:24+00:00","dateModified":"2022-09-07T15:04:01+00:00","description":"Qu\u2019est-ce que la Mitre signifie ? D\u00e9couvrons l\u2019origine et la signification la plus profonde de cet \u00e9l\u00e9ment indispensable et pr\u00e9cieux.","breadcrumb":{"@id":"https:\/\/blog.holyart.it\/fr\/accessoires-pour-la-liturgie\/la-signification-de-la-mitre\/#breadcrumb"},"inLanguage":"fr-FR","potentialAction":[{"@type":"ReadAction","target":["https:\/\/blog.holyart.it\/fr\/accessoires-pour-la-liturgie\/la-signification-de-la-mitre\/"]}]},{"@type":"ImageObject","inLanguage":"fr-FR","@id":"https:\/\/blog.holyart.it\/fr\/accessoires-pour-la-liturgie\/la-signification-de-la-mitre\/#primaryimage","url":"https:\/\/blog.holyart.it\/fr\/wp-content\/uploads\/sites\/14\/2021\/05\/la-mitre.jpg","contentUrl":"https:\/\/blog.holyart.it\/fr\/wp-content\/uploads\/sites\/14\/2021\/05\/la-mitre.jpg","width":768,"height":511,"caption":"la mitre"},{"@type":"BreadcrumbList","@id":"https:\/\/blog.holyart.it\/fr\/accessoires-pour-la-liturgie\/la-signification-de-la-mitre\/#breadcrumb","itemListElement":[{"@type":"ListItem","position":1,"name":"Homepage","item":"https:\/\/blog.holyart.it\/fr\/"},{"@type":"ListItem","position":2,"name":"Liturgie","item":"https:\/\/blog.holyart.it\/fr\/accessoires-pour-la-liturgie\/"},{"@type":"ListItem","position":3,"name":"La signification de la Mitre"}]},{"@type":"WebSite","@id":"https:\/\/blog.holyart.it\/fr\/#website","url":"https:\/\/blog.holyart.it\/fr\/","name":"Holyart.fr Blog","description":"Holyblog","publisher":{"@id":"https:\/\/blog.holyart.it\/fr\/#organization"},"potentialAction":[{"@type":"SearchAction","target":{"@type":"EntryPoint","urlTemplate":"https:\/\/blog.holyart.it\/fr\/?s={search_term_string}"},"query-input":{"@type":"PropertyValueSpecification","valueRequired":true,"valueName":"search_term_string"}}],"inLanguage":"fr-FR"},{"@type":"Organization","@id":"https:\/\/blog.holyart.it\/fr\/#organization","name":"Holyart.fr Blog","url":"https:\/\/blog.holyart.it\/fr\/","logo":{"@type":"ImageObject","inLanguage":"fr-FR","@id":"https:\/\/blog.holyart.it\/fr\/#\/schema\/logo\/image\/","url":"https:\/\/blog.holyart.it\/fr\/wp-content\/uploads\/sites\/14\/2022\/12\/Holyart_Blog_Logo.jpg","contentUrl":"https:\/\/blog.holyart.it\/fr\/wp-content\/uploads\/sites\/14\/2022\/12\/Holyart_Blog_Logo.jpg","width":300,"height":50,"caption":"Holyart.fr Blog"},"image":{"@id":"https:\/\/blog.holyart.it\/fr\/#\/schema\/logo\/image\/"}},{"@type":"Person","@id":"https:\/\/blog.holyart.it\/fr\/#\/schema\/person\/0a7b686e5af0f856ec1e390dd0baecda","name":"Redazione","image":{"@type":"ImageObject","inLanguage":"fr-FR","@id":"https:\/\/blog.holyart.it\/fr\/#\/schema\/person\/image\/","url":"https:\/\/secure.gravatar.com\/avatar\/f477da817f43e50d0af36abecd33e3edf826c68299714bdc1057dff3b113f516?s=96&d=mm&r=g","contentUrl":"https:\/\/secure.gravatar.com\/avatar\/f477da817f43e50d0af36abecd33e3edf826c68299714bdc1057dff3b113f516?s=96&d=mm&r=g","caption":"Redazione"},"url":"https:\/\/blog.holyart.it\/fr\/author\/admin\/"}]}},"_links":{"self":[{"href":"https:\/\/blog.holyart.it\/fr\/wp-json\/wp\/v2\/posts\/2930","targetHints":{"allow":["GET"]}}],"collection":[{"href":"https:\/\/blog.holyart.it\/fr\/wp-json\/wp\/v2\/posts"}],"about":[{"href":"https:\/\/blog.holyart.it\/fr\/wp-json\/wp\/v2\/types\/post"}],"author":[{"embeddable":true,"href":"https:\/\/blog.holyart.it\/fr\/wp-json\/wp\/v2\/users\/1"}],"replies":[{"embeddable":true,"href":"https:\/\/blog.holyart.it\/fr\/wp-json\/wp\/v2\/comments?post=2930"}],"version-history":[{"count":0,"href":"https:\/\/blog.holyart.it\/fr\/wp-json\/wp\/v2\/posts\/2930\/revisions"}],"wp:featuredmedia":[{"embeddable":true,"href":"https:\/\/blog.holyart.it\/fr\/wp-json\/wp\/v2\/media\/2935"}],"wp:attachment":[{"href":"https:\/\/blog.holyart.it\/fr\/wp-json\/wp\/v2\/media?parent=2930"}],"wp:term":[{"taxonomy":"category","embeddable":true,"href":"https:\/\/blog.holyart.it\/fr\/wp-json\/wp\/v2\/categories?post=2930"},{"taxonomy":"post_tag","embeddable":true,"href":"https:\/\/blog.holyart.it\/fr\/wp-json\/wp\/v2\/tags?post=2930"}],"curies":[{"name":"wp","href":"https:\/\/api.w.org\/{rel}","templated":true}]}}