{"id":2917,"date":"2021-05-06T09:33:46","date_gmt":"2021-05-06T07:33:46","guid":{"rendered":"https:\/\/blog.holyart.it\/fr\/?p=2917"},"modified":"2022-10-17T16:05:19","modified_gmt":"2022-10-17T14:05:19","slug":"saint-gregoire-lilluminateur","status":"publish","type":"post","link":"https:\/\/blog.holyart.it\/fr\/saints-et-bienheureux\/saint-gregoire-lilluminateur\/","title":{"rendered":"Saint Gr\u00e9goire : l\u2019Illuminateur"},"content":{"rendered":"<h4 style=\"text-align: center;\"><em>Gr\u00e9goire I l\u2019Illuminateur, ap\u00f4tre des arm\u00e9niens, v\u00e9n\u00e9r\u00e9 par l\u2019\u00e9glise copte et orthodoxe, est c\u00e9l\u00e8bre en Italie pour une raison tr\u00e8s particuli\u00e8re. D\u00e9couvrons laquelle.<\/em><\/h4>\n\n<p>Saint Gr\u00e9goire, dit l\u2019Illuminateur, est celui qui amena l\u2019Arm\u00e9nie \u00e0 embrasser la religion chr\u00e9tienne \u00e0 travers une longue et difficile campagne d\u2019\u00e9vang\u00e9lisation qu\u2019il conduisit pour plusieurs ann\u00e9es, en se heurtant \u00e0 des nombreux seigneurs locaux encore fid\u00e8les \u00e0 la religion pa\u00efenne. Pour cette raison, il est honor\u00e9 en tant que <strong>fondateur et Saint Patron de l\u2019\u00c9glise Apostolique Arm\u00e9nienne<\/strong> et est f\u00eat\u00e9 par les arm\u00e9niens lors de trois f\u00eates liturgiques. En particulier, l\u2019\u00e9glise arm\u00e9nienne le f\u00eate le <strong>9 juin<\/strong>. Les autres \u00e9glises c\u00e9l\u00e8brent sa m\u00e9moire le <strong>30 septembre<\/strong>. Dans l\u2019iconographie traditionnelle, son embl\u00e8me est la crosse \u00e9piscopale. L\u2019\u00c9glise arm\u00e9nienne s\u2019est toujours distingu\u00e9e dans sa constante loyaut\u00e9 \u00e0 Rome, malgr\u00e9 les innombrables pers\u00e9cutions et tentatives de l\u2019\u00e9radiquer, notamment par le r\u00e9gime sovi\u00e9tique, et malgr\u00e9 les influences des \u00c9glises orthodoxes. C\u2019est \u00e0 Gr\u00e9goire I en particulier que nous devons la force de cette \u00e9glise nationale.<\/p>\n<div class=\"link-product\">\n<div class=\"blocco-immagine\"><img loading=\"lazy\" decoding=\"async\" class=\"alignnone size-full wp-image-2919\" src=\"https:\/\/blog.holyart.it\/fr\/wp-content\/uploads\/sites\/14\/2021\/05\/crosse-pastorale.jpg\" alt=\"crosse pastorale\" width=\"100\" height=\"100\" data-kale-share-title=\"Saint Gr\u00e9goire : l\u2019Illuminateur\" data-kale-share-url=\"https:\/\/blog.holyart.it\/fr\/?p=2917\" \/><\/div>\n<div class=\"blocco-contenuto\">\n<div class=\"blocco-acquista\">Acheter sur Holyart:<\/div>\n<div class=\"blocco-titolo\"><a href=\"https:\/\/www.holyart.fr\/accessoires-pour-la-liturgie\/attributs-episcopaux\/crosse-pastorale-aves-raisin-argentee\">Crosse Pastorale<\/a><\/div>\n<div class=\"blocco-descrizione\">Le b\u00e2ton et le bout recourb\u00e9 sont en laiton argent\u00e9<\/div>\n<\/div>\n<\/div>\n<p>Il fut l\u2019auteur de <strong>trente canons disciplinaires et moraux<\/strong> ajout\u00e9s \u00e0 la r\u00e9daction arm\u00e9nienne des codes du Concile de Nic\u00e9e. Des nombreuses pri\u00e8res du br\u00e9viaire arm\u00e9nien et une vingtaine d\u2019hom\u00e9lies sont \u00e9galement attribu\u00e9es au saint, m\u00eame s\u2019il s\u2019agit, fort probablement, d\u2019\u00e9crits plus r\u00e9cents inspir\u00e9s par des originaux r\u00e9dig\u00e9s par lui.<\/p>\n<p>Ses <strong>reliques<\/strong> sont conserv\u00e9es dans diff\u00e9rents lieux de culte. En particulier, sa main droite se trouve \u00e0 Etchmiadzin et est utilis\u00e9e pour b\u00e9nir chaque nouveau <em>Katholikos<\/em>, i.e. chaque nouveau patriarche de l\u2019\u00e9glise (le terme <em>Katholikos<\/em> d\u00e9finit le chef de certaines \u00e9glises qui se sont d\u00e9velopp\u00e9es en dehors de l\u2019Empire romain), tandis que la main gauche est \u00e0 Sis. Le cr\u00e2ne de <strong>Saint Gr\u00e9goire<\/strong>, vol\u00e9 \u00e0 Constantinople pour le sauver de la destruction, est conserv\u00e9 dans l\u2019\u00e9glise de Saint Gr\u00e9goire d\u2019Arm\u00e9nie, \u00e0 Naples, dans un splendide reliquaire en argent que l\u2019abbesse Anna Maria Ruffo fit r\u00e9aliser express\u00e9ment en 1788 par une importante manufacture napolitaine. \u00c0 Nard\u00f2 aussi le saint est v\u00e9n\u00e9r\u00e9 comme Saint Patron apr\u00e8s qu\u2019un de ses miracles sauva la ville du tremblement de terre du f\u00e9vrier 1743. Dans la Cath\u00e9drale de Nard\u00f2 il y a un buste en argent et une relique de l\u2019avant-bras du Saint.<\/p>\n<h2>Histoire<\/h2>\n<p>Gr\u00e9goire \u00e9tait n\u00e9 au sein d\u2019une dynastie royale des Arsacides. Son p\u00e8re, Anak, tua le roi arm\u00e9nien Khostroe I, en obligeant la famille enti\u00e8re \u00e0 fuir le pays et \u00e0 chercher refuge en Cappadoce. La m\u00e8re de Gr\u00e9goire, Okohe, fut vraisemblablement la premi\u00e8re inspiration de sa vocation religieuse. \u00c0 C\u00e9sar\u00e9e, o\u00f9 la famille s\u2019\u00e9tait \u00e9tablie, Gr\u00e9goire commen\u00e7a \u00e0 \u00e9tudier aupr\u00e8s d\u2019Eutalio, un noble converti au christianisme. Il maria Mariam, une noble dame, et d\u2019elle eut deux fils, Vrtanes et Aristakes. Mais il d\u00e9cida ensuite de retourner en Arm\u00e9nie et d\u2019amener le message chr\u00e9tien dans sa terre d\u2019origine. \u00c0 l\u2019\u00e9poque, r\u00e9gnait sur l\u2019Arm\u00e9nie le Roi Tiridate III, fils du souverain tu\u00e9 par son p\u00e8re, qui consid\u00e9r\u00e9 les chr\u00e9tiens des fauteurs de r\u00e9voltes et perturbateurs de la soci\u00e9t\u00e9. Bient\u00f4t le roi commen\u00e7a \u00e0 pers\u00e9cuter les chr\u00e9tiens en Arm\u00e9nie, surtout les missionnaires qui cr\u00e9aient des pros\u00e9lytes. Le pr\u00eacheur Gr\u00e9goire, qui jouissait d\u2019un remarquable nombre de disciples, fut emprisonn\u00e9 par son ordre dans la forteresse-prison de Khor Virap (<em>puits profond<\/em>), dans la ville d\u2019Arta\u0161at. Ici Gr\u00e9goire resta enferm\u00e9 pendant treize ans, en subissant des tortures de tous les genres.<\/p>\n<div class=\"link-product\">\n<div class=\"blocco-immagine\"><img loading=\"lazy\" decoding=\"async\" class=\"alignnone size-full wp-image-2922\" src=\"https:\/\/blog.holyart.it\/fr\/wp-content\/uploads\/sites\/14\/2021\/05\/saint-gregoire-bois.jpg\" alt=\"saint gregoire bois\" width=\"100\" height=\"100\" data-kale-share-title=\"Saint Gr\u00e9goire : l\u2019Illuminateur\" data-kale-share-url=\"https:\/\/blog.holyart.it\/fr\/saints-et-bienheureux\/saint-gregoire-lilluminateur\/\" \/><\/div>\n<div class=\"blocco-contenuto\">\n<div class=\"blocco-acquista\">Acheter sur Holyart:<\/div>\n<div class=\"blocco-titolo\"><a href=\"https:\/\/www.holyart.fr\/articles-religieux\/statues\/statues-en-bois-peint\/saint-gregoire-avec-colombe-bois-colore-val-gardena\">Saint Gr\u00e9goire<\/a><\/div>\n<div class=\"blocco-descrizione\">Saint Gr\u00e9goire sculpt\u00e9 en bois<\/div>\n<\/div>\n<\/div>\n<p>Apr\u00e8s des ann\u00e9es de pers\u00e9cutions contre les chr\u00e9tiens, on raconte que le roi ait contract\u00e9 une maladie terrible, dont les causes restaient myst\u00e9rieuses pour tous les m\u00e9decins de la cour et aucun traitement ne r\u00e9sultait efficace. Ensuite, une nuit, la soeur du souverain vit en r\u00eave un pr\u00eacheur prisonnier dot\u00e9 de pouvoirs miraculeux, qui aurait pu sauver son fr\u00e8re. Elle courut aupr\u00e8s de Tiridate, qui au d\u00e9but ignora ses mots, mais, \u00e9puis\u00e9 par la maladie, accepta ensuite de lib\u00e9rer Gr\u00e9goire. La l\u00e9gende veut que gr\u00e2ce \u00e0 l\u2019intercession du Saint le roi gu\u00e9rit compl\u00e8tement et se convertit au christianisme. Ensuite, en 301, Tiridate rendu le Christianisme la religion d\u2019\u00e9tat, en d\u00e9fiant l\u2019Empire romain qui occupait encore les territoires voisins. Gr\u00e9goire eut un r\u00f4le fondamentale dans la conversion et dans l\u2019\u00e9vang\u00e9lisation du pays. Il convertit les temples en \u00e9glises et fut \u00e9lu pasteur supr\u00eame d\u2019Arm\u00e9nie. Dans la ville de C\u00e9sar\u00e9e, o\u00f9 il avait grandi en exil, il fut consacr\u00e9 par l\u2019\u00e9v\u00eaque L\u00e9once et prit possession de l\u2019ancien si\u00e8ge \u00e9piscopal d\u2019Astisat. D\u2019ici il continua son \u0153uvre d\u2019\u00e9vang\u00e9lisation, en consacrant des nouveaux \u00e9v\u00eaques et pr\u00eatres et en les envoyant \u00e0 travers le pays. Ses deux fils Aristakes et Vertanes aussi le rejoignirent afin de l\u2019aider et le deuxi\u00e8me pris sa place en tant que chef de l\u2019\u00e9glise arm\u00e9nienne \u00e0 sa mort, qui advint en 328 lors que le saint se trouvait dans un ermitage.<\/p>\n<h2>L\u2019\u00e9glise de Saint Gr\u00e9goire d\u2019Arm\u00e9nie \u00e0 Naples<\/h2>\n<p>Revenons-en \u00e0 l\u2019introduction de notre article. Qu\u2019est-ce qui lie Saint Gr\u00e9goire l\u2019Illuminateur \u00e0 notre pays et en particulier \u00e0 la ville de Naples\u00a0? En parlant des reliques de Saint Gr\u00e9goire, nous avons d\u00e9j\u00e0 rappel\u00e9 comment son cr\u00e2ne fut sauv\u00e9 de la folie iconoclaste \u00e0 Constantinople et amen\u00e9 dans l\u2019\u00e9glise qui lui est d\u00e9di\u00e9e \u00e0 Naples, et il est encore aujourd\u2019hui conserv\u00e9 dans le reliquaire en argent fait r\u00e9alis\u00e9 express\u00e9ment par l\u2019abbesse Anna Maria Ruffo. L\u2019\u00e9glise surgit dans la rue homonyme, entre le decumanus majeur et l\u2019inf\u00e9rieur du centre historique, et t\u00e9moigne comment d\u00e9j\u00e0 en 930 la ville vantait la pr\u00e9sence de moines arriv\u00e9s d\u2019Orient. Il semblerait que l\u2019\u00e9glise ait \u00e9t\u00e9 construite \u00e0 cette date sur les ruines d\u2019un temple de C\u00e9r\u00e8s, et o\u00f9 \u00e9t\u00e9 d\u00e9j\u00e0 surgi le monast\u00e8re voulu par H\u00e9l\u00e8ne de Constantinople, m\u00e8re de Constantin.<br \/>\n<img loading=\"lazy\" decoding=\"async\" class=\"aligncenter size-full wp-image-2925\" src=\"https:\/\/blog.holyart.it\/fr\/wp-content\/uploads\/sites\/14\/2021\/05\/\u00c9glise-de-San-Gregorio-Armeno.jpg\" alt=\"\" width=\"1000\" height=\"661\" data-kale-share-title=\"Saint Gr\u00e9goire : l\u2019Illuminateur\" data-kale-share-url=\"https:\/\/blog.holyart.it\/fr\/saints-et-bienheureux\/saint-gregoire-lilluminateur\/\" \/><br \/>\nEnsuite, quelques nonnes guid\u00e9es par Sainte Patricia amen\u00e8rent ici les reliques de Saint Gr\u00e9goire l\u2019Illuminateur, patriarche d\u2019Arm\u00e9nie, et pour cela, en 1205, l\u2019\u00e9glise fut d\u00e9di\u00e9 \u00e0 notre saint. Dans ce complexe s\u2019\u00e9tablit ensuite une communaut\u00e9 de moniales b\u00e9n\u00e9dictines qui pendant des si\u00e8cles v\u00e9curent une vie profond\u00e9ment ancr\u00e9e dans le tissu urbain, comme le voulait leur ordre. Toutefois, en 1566, il fut \u00e9tabli pour elles l\u2019obligation de la cl\u00f4ture. Dans la m\u00eame p\u00e9riode, l\u2019\u00e9glise fut reconstruite enti\u00e8rement, s\u00e9par\u00e9e du monast\u00e8re, et enrichie d\u2019un clocher. Elle fut \u00e9galement d\u00e9cor\u00e9e de splendides \u0153uvres dans le style du <strong>baroque oriental<\/strong>, comme le <strong>d\u00f4me de majolique<\/strong> et le <strong>clo\u00eetre monumental<\/strong>. Ensuite, vers 1745, des nouvelles interventions de r\u00e9novation rapproch\u00e8rent l\u2019\u00e9glise au go\u00fbt <strong>rococo<\/strong>, comme les pr\u00e9cieuses gravures au plafond de la nef, les grilles du ch\u0153ur, les stucs et les dorures.<\/p>\n<div class=\"link-product\">\n<div class=\"blocco-immagine\"><img loading=\"lazy\" decoding=\"async\" class=\"alignnone size-full wp-image-2927\" src=\"https:\/\/blog.holyart.it\/fr\/wp-content\/uploads\/sites\/14\/2021\/05\/statue-sainte-patricia.jpg\" alt=\"statue sainte patricia\" width=\"100\" height=\"100\" data-kale-share-title=\"Saint Gr\u00e9goire : l\u2019Illuminateur\" data-kale-share-url=\"https:\/\/blog.holyart.it\/fr\/saints-et-bienheureux\/saint-gregoire-lilluminateur\/\" \/><\/div>\n<div class=\"blocco-contenuto\">\n<div class=\"blocco-acquista\">Acheter sur Holyart:<\/div>\n<div class=\"blocco-titolo\"><a href=\"https:\/\/www.holyart.fr\/articles-religieux\/statues\/statues-en-resine-et-pvc\">Statues religieuses<\/a><\/div>\n<div class=\"blocco-descrizione\">Vaste choix de statues des Saints en plusieurs tailles<\/div>\n<\/div>\n<\/div>\n<p>Depuis le d\u00e9but du XX si\u00e8cle, elle fut administr\u00e9e par les <strong>S\u0153urs Crucifi\u00e9es Adoratrices de l\u2019Eucharistie<\/strong>, qui habitent le couvent \u00e0 c\u00f4t\u00e9. Outre le cr\u00e2ne de Saint Gr\u00e9goire et d\u2019autres reliques de l\u2019Illuminateur, l\u2019\u00e9glise accueille \u00e9galement le corps de <strong>Sainte Patricia<\/strong>, amen\u00e9 ici apr\u00e8s l\u2019Unit\u00e9 d\u2019Italie. Sainte Patricia \u00e9tait une religieuse byzantine morte tr\u00e8s jeune, descendante de Constantin et Sainte Patronne de Naples. Son culte c\u00e9l\u00e8bre le miracle de la liqu\u00e9faction du sang, qui selon la tradition advient le mardi et en particulier le jour de la f\u00eate de Sainte Patricia, le 25 ao\u00fbt.<\/p>\n<p>Le complexe monastique de Saint-Gr\u00e9goire-l\u2019Arm\u00e9nien est encore aujourd\u2019hui l\u2019un des plus grands de la ville.<\/p>\n<h2>Via San Gregorio Armeno \u00e0 Naples<\/h2>\n<p>L\u2019\u00e9glise de Saint Gr\u00e9goire surgit dans une rue du centre historique qui porte le nom du m\u00eame saint et qui est c\u00e9l\u00e8bre dans le monde entier pour une particularit\u00e9. Elle accueille les magasins et les ateliers des artisans qui r\u00e9alisent les santons et tous les accessoires pour cr\u00e8che les plus c\u00e9l\u00e8bres. L\u2019activit\u00e9 de ces ateliers commence au d\u00e9but du mois de novembre et continue jusqu\u2019au 6 janvier. C\u2019est ici que nait la <a href=\"https:\/\/www.holyart.fr\/noel\/creches-noel\/creche-napolitaine\"><strong>cr\u00e8che napolitaine<\/strong><\/a> comme nous la connaissons, avec ses figurines, ses personnages particuliers et uniques, qui chaque ann\u00e9e se renouvellent avec l\u2019ajout de nouveaux personnages, souvent pris du monde sportif, de la politique ou du spectacle. Un m\u00e9lange de sacr\u00e9 et profane, d\u2019ancien et moderne, qui perdure au long des si\u00e8cles, en donnant vie \u00e0 une tradition unique, l\u00e9gendaire.<\/p>\n<div class=\"link-article\">\n<p><img loading=\"lazy\" decoding=\"async\" class=\"alignleft size-full wp-image-2928\" src=\"https:\/\/blog.holyart.it\/fr\/wp-content\/uploads\/sites\/14\/2021\/05\/Les-santons-en-mouvement-de-la-creche-napolitaine.jpg\" alt=\"Les santons en mouvement de la creche napolitaine\" width=\"150\" height=\"99\" data-kale-share-title=\"Saint Gr\u00e9goire : l\u2019Illuminateur\" data-kale-share-url=\"https:\/\/blog.holyart.it\/fr\/saints-et-bienheureux\/saint-gregoire-lilluminateur\/\" \/><\/p>\n<div class=\"leggi-anche\">Lire aussi :<\/div>\n<p><strong><a href=\"https:\/\/www.holyart.fr\/blog\/noel\/les-santons-en-mouvement-de-la-creche-napolitaine\/\">Les santons en mouvement de la cr\u00e8che napolitaine<\/a><\/strong><br \/>\nLa Cr\u00e8che est une des plus c\u00e9l\u00e8bres et des plus r\u00e9pandues des traditions li\u00e9es \u00e0 la No\u00ebl.<\/p>\n<\/div>\n<p>Via San Gregorio Armeno est une rue \u00e9troite, un\u00a0<em>stenoporo<\/em>, comme l\u2019on d\u00e9finit les rues typiques de l\u2019urbanistique grecque omnipr\u00e9sentes dans le centre historique de Naples. En particulier, cette rue relie perpendiculairement deux des rues principales du c\u0153ur de Naples, Via dei Tribunali et Spaccanapoli. L\u2019\u00e9glise de Saint Gr\u00e9goire l\u2019Arm\u00e9nien surgit plus ou moins au milieu et a donn\u00e9 son nom \u00e0 la rue, qui pr\u00e9c\u00e9demment s\u2019appelait Via\u00a0San Liguoro. Nous avons d\u00e9j\u00e0 mentionn\u00e9 le fait que, dans le pass\u00e9, o\u00f9 a \u00e9t\u00e9 \u00e9rig\u00e9e la premi\u00e8re \u00e9glise surgissait un temple d\u00e9di\u00e9 \u00e0 la d\u00e9esse C\u00e9r\u00e8s. A cette divinit\u00e9 particuli\u00e8re de la fertilit\u00e9 et des r\u00e9coltes, le peuple pr\u00e9sentaient en offrande des <a href=\"https:\/\/www.holyart.fr\/noel\/santons-animes-creche-de-noel\"><strong>statuettes en terre<\/strong> <strong>cuite<\/strong><\/a>, qui \u00e9taient r\u00e9alis\u00e9es dans les boutiques artisanales d\u00e9j\u00e0 pr\u00e9sentes dans cette m\u00eame rue. La tradition des ma\u00eetres artisans de cr\u00e8che pourrait d\u00e9river en partie de cela. Ensuite les boutiques qui produisaient les statuettes pour C\u00e9r\u00e8s se seraient transform\u00e9es en ateliers qui produisent les santons pour la cr\u00e8che napolitaine, n\u00e9e autour de 1700. Mais il est probable que les artisans de cr\u00e8che aient choisi de r\u00e9aliser leurs cr\u00e9ations et de les exposer dans cette rue en particulier afin de perp\u00e9trer d\u2019un c\u00f4t\u00e9 la tradition pa\u00efenne de C\u00e9r\u00e8s, mais aussi pour la d\u00e9votion qui s\u2019\u00e9tait d\u00e9velopp\u00e9e entretemps autour de <strong>Saint Gr\u00e9goire et Sainte Patricia<\/strong>. En effet, pendant de nombreux si\u00e8cles les fid\u00e8les qui avaient re\u00e7u une gr\u00e2ce d\u2019un de ces deux saints continu\u00e8rent d\u2019amener \u00e0 l\u2019\u00e9glise de Saint Gr\u00e9goire des statuettes qui repr\u00e9sentaient <strong>l\u2019homme ou la femme miracul\u00e9s<\/strong>.<\/p>\n<p>\u00c0 cette \u00e9poque de l\u2019ann\u00e9e, Via San Gregorio Armeno est d\u00e9j\u00e0 en \u00e9bullition en vue des festivit\u00e9s de No\u00ebl en approche. Nous verrons ce que les artisans de cr\u00e8che inventeront cette ann\u00e9e pour nous \u00e9pater !<\/p>\n","protected":false},"excerpt":{"rendered":"<p>Gr\u00e9goire I l\u2019Illuminateur, ap\u00f4tre des arm\u00e9niens, v\u00e9n\u00e9r\u00e9 par l\u2019\u00e9glise copte et orthodoxe, est c\u00e9l\u00e8bre en Italie pour une raison tr\u00e8s particuli\u00e8re. D\u00e9couvrons laquelle. Saint Gr\u00e9goire, dit l\u2019Illuminateur, est celui qui amena l\u2019Arm\u00e9nie \u00e0 embrasser la religion chr\u00e9tienne \u00e0 travers une longue et difficile campagne d\u2019\u00e9vang\u00e9lisation&hellip;<\/p>\n","protected":false},"author":1,"featured_media":2920,"comment_status":"closed","ping_status":"open","sticky":false,"template":"","format":"standard","meta":{"_acf_changed":false,"footnotes":""},"categories":[7],"tags":[],"class_list":["post-2917","post","type-post","status-publish","format-standard","has-post-thumbnail","hentry","category-saints-et-bienheureux"],"acf":[],"yoast_head":"<!-- This site is optimized with the Yoast SEO plugin v26.6 - https:\/\/yoast.com\/wordpress\/plugins\/seo\/ -->\n<title>Saint Gr\u00e9goire : l\u2019Illuminateur - Holyart.fr Blog<\/title>\n<meta name=\"description\" content=\"Gr\u00e9goire I l\u2019Illuminateur v\u00e9n\u00e9r\u00e9 par l\u2019\u00e9glise copte et orthodoxe, est c\u00e9l\u00e8bre en Italie pour une raison tr\u00e8s particuli\u00e8re. D\u00e9couvrons laquelle.\" \/>\n<meta name=\"robots\" content=\"index, follow, max-snippet:-1, max-image-preview:large, max-video-preview:-1\" \/>\n<link rel=\"canonical\" href=\"https:\/\/blog.holyart.it\/fr\/saints-et-bienheureux\/saint-gregoire-lilluminateur\/\" \/>\n<meta property=\"og:locale\" content=\"fr_FR\" \/>\n<meta property=\"og:type\" content=\"article\" \/>\n<meta property=\"og:title\" content=\"Saint Gr\u00e9goire : l\u2019Illuminateur - Holyart.fr Blog\" \/>\n<meta property=\"og:description\" content=\"Gr\u00e9goire I l\u2019Illuminateur v\u00e9n\u00e9r\u00e9 par l\u2019\u00e9glise copte et orthodoxe, est c\u00e9l\u00e8bre en Italie pour une raison tr\u00e8s particuli\u00e8re. D\u00e9couvrons laquelle.\" \/>\n<meta property=\"og:url\" content=\"https:\/\/blog.holyart.it\/fr\/saints-et-bienheureux\/saint-gregoire-lilluminateur\/\" \/>\n<meta property=\"og:site_name\" content=\"Holyart.fr Blog\" \/>\n<meta property=\"article:published_time\" content=\"2021-05-06T07:33:46+00:00\" \/>\n<meta property=\"article:modified_time\" content=\"2022-10-17T14:05:19+00:00\" \/>\n<meta property=\"og:image\" content=\"https:\/\/blog.holyart.it\/fr\/wp-content\/uploads\/sites\/14\/2021\/05\/Saint-Gregoire-dArmenie.jpg\" \/>\n\t<meta property=\"og:image:width\" content=\"1000\" \/>\n\t<meta property=\"og:image:height\" content=\"666\" \/>\n\t<meta property=\"og:image:type\" content=\"image\/jpeg\" \/>\n<meta name=\"author\" content=\"Redazione\" \/>\n<meta name=\"twitter:card\" content=\"summary_large_image\" \/>\n<meta name=\"twitter:label1\" content=\"\u00c9crit par\" \/>\n\t<meta name=\"twitter:data1\" content=\"Redazione\" \/>\n\t<meta name=\"twitter:label2\" content=\"Dur\u00e9e de lecture estim\u00e9e\" \/>\n\t<meta name=\"twitter:data2\" content=\"10 minutes\" \/>\n<script type=\"application\/ld+json\" class=\"yoast-schema-graph\">{\"@context\":\"https:\/\/schema.org\",\"@graph\":[{\"@type\":\"Article\",\"@id\":\"https:\/\/blog.holyart.it\/fr\/saints-et-bienheureux\/saint-gregoire-lilluminateur\/#article\",\"isPartOf\":{\"@id\":\"https:\/\/blog.holyart.it\/fr\/saints-et-bienheureux\/saint-gregoire-lilluminateur\/\"},\"author\":{\"name\":\"Redazione\",\"@id\":\"https:\/\/blog.holyart.it\/fr\/#\/schema\/person\/0a7b686e5af0f856ec1e390dd0baecda\"},\"headline\":\"Saint Gr\u00e9goire : l\u2019Illuminateur\",\"datePublished\":\"2021-05-06T07:33:46+00:00\",\"dateModified\":\"2022-10-17T14:05:19+00:00\",\"mainEntityOfPage\":{\"@id\":\"https:\/\/blog.holyart.it\/fr\/saints-et-bienheureux\/saint-gregoire-lilluminateur\/\"},\"wordCount\":1984,\"publisher\":{\"@id\":\"https:\/\/blog.holyart.it\/fr\/#organization\"},\"image\":{\"@id\":\"https:\/\/blog.holyart.it\/fr\/saints-et-bienheureux\/saint-gregoire-lilluminateur\/#primaryimage\"},\"thumbnailUrl\":\"https:\/\/blog.holyart.it\/fr\/wp-content\/uploads\/sites\/14\/2021\/05\/Saint-Gregoire-dArmenie.jpg\",\"articleSection\":[\"Saints et Bienheureux\"],\"inLanguage\":\"fr-FR\"},{\"@type\":\"WebPage\",\"@id\":\"https:\/\/blog.holyart.it\/fr\/saints-et-bienheureux\/saint-gregoire-lilluminateur\/\",\"url\":\"https:\/\/blog.holyart.it\/fr\/saints-et-bienheureux\/saint-gregoire-lilluminateur\/\",\"name\":\"Saint Gr\u00e9goire : l\u2019Illuminateur - Holyart.fr Blog\",\"isPartOf\":{\"@id\":\"https:\/\/blog.holyart.it\/fr\/#website\"},\"primaryImageOfPage\":{\"@id\":\"https:\/\/blog.holyart.it\/fr\/saints-et-bienheureux\/saint-gregoire-lilluminateur\/#primaryimage\"},\"image\":{\"@id\":\"https:\/\/blog.holyart.it\/fr\/saints-et-bienheureux\/saint-gregoire-lilluminateur\/#primaryimage\"},\"thumbnailUrl\":\"https:\/\/blog.holyart.it\/fr\/wp-content\/uploads\/sites\/14\/2021\/05\/Saint-Gregoire-dArmenie.jpg\",\"datePublished\":\"2021-05-06T07:33:46+00:00\",\"dateModified\":\"2022-10-17T14:05:19+00:00\",\"description\":\"Gr\u00e9goire I l\u2019Illuminateur v\u00e9n\u00e9r\u00e9 par l\u2019\u00e9glise copte et orthodoxe, est c\u00e9l\u00e8bre en Italie pour une raison tr\u00e8s particuli\u00e8re. D\u00e9couvrons laquelle.\",\"breadcrumb\":{\"@id\":\"https:\/\/blog.holyart.it\/fr\/saints-et-bienheureux\/saint-gregoire-lilluminateur\/#breadcrumb\"},\"inLanguage\":\"fr-FR\",\"potentialAction\":[{\"@type\":\"ReadAction\",\"target\":[\"https:\/\/blog.holyart.it\/fr\/saints-et-bienheureux\/saint-gregoire-lilluminateur\/\"]}]},{\"@type\":\"ImageObject\",\"inLanguage\":\"fr-FR\",\"@id\":\"https:\/\/blog.holyart.it\/fr\/saints-et-bienheureux\/saint-gregoire-lilluminateur\/#primaryimage\",\"url\":\"https:\/\/blog.holyart.it\/fr\/wp-content\/uploads\/sites\/14\/2021\/05\/Saint-Gregoire-dArmenie.jpg\",\"contentUrl\":\"https:\/\/blog.holyart.it\/fr\/wp-content\/uploads\/sites\/14\/2021\/05\/Saint-Gregoire-dArmenie.jpg\",\"width\":1000,\"height\":666,\"caption\":\"Saint Gregoire d'Armenie\"},{\"@type\":\"BreadcrumbList\",\"@id\":\"https:\/\/blog.holyart.it\/fr\/saints-et-bienheureux\/saint-gregoire-lilluminateur\/#breadcrumb\",\"itemListElement\":[{\"@type\":\"ListItem\",\"position\":1,\"name\":\"Homepage\",\"item\":\"https:\/\/blog.holyart.it\/fr\/\"},{\"@type\":\"ListItem\",\"position\":2,\"name\":\"Saints et Bienheureux\",\"item\":\"https:\/\/blog.holyart.it\/fr\/saints-et-bienheureux\/\"},{\"@type\":\"ListItem\",\"position\":3,\"name\":\"Saint Gr\u00e9goire : l\u2019Illuminateur\"}]},{\"@type\":\"WebSite\",\"@id\":\"https:\/\/blog.holyart.it\/fr\/#website\",\"url\":\"https:\/\/blog.holyart.it\/fr\/\",\"name\":\"Holyart.fr Blog\",\"description\":\"Holyblog\",\"publisher\":{\"@id\":\"https:\/\/blog.holyart.it\/fr\/#organization\"},\"potentialAction\":[{\"@type\":\"SearchAction\",\"target\":{\"@type\":\"EntryPoint\",\"urlTemplate\":\"https:\/\/blog.holyart.it\/fr\/?s={search_term_string}\"},\"query-input\":{\"@type\":\"PropertyValueSpecification\",\"valueRequired\":true,\"valueName\":\"search_term_string\"}}],\"inLanguage\":\"fr-FR\"},{\"@type\":\"Organization\",\"@id\":\"https:\/\/blog.holyart.it\/fr\/#organization\",\"name\":\"Holyart.fr Blog\",\"url\":\"https:\/\/blog.holyart.it\/fr\/\",\"logo\":{\"@type\":\"ImageObject\",\"inLanguage\":\"fr-FR\",\"@id\":\"https:\/\/blog.holyart.it\/fr\/#\/schema\/logo\/image\/\",\"url\":\"https:\/\/blog.holyart.it\/fr\/wp-content\/uploads\/sites\/14\/2022\/12\/Holyart_Blog_Logo.jpg\",\"contentUrl\":\"https:\/\/blog.holyart.it\/fr\/wp-content\/uploads\/sites\/14\/2022\/12\/Holyart_Blog_Logo.jpg\",\"width\":300,\"height\":50,\"caption\":\"Holyart.fr Blog\"},\"image\":{\"@id\":\"https:\/\/blog.holyart.it\/fr\/#\/schema\/logo\/image\/\"}},{\"@type\":\"Person\",\"@id\":\"https:\/\/blog.holyart.it\/fr\/#\/schema\/person\/0a7b686e5af0f856ec1e390dd0baecda\",\"name\":\"Redazione\",\"image\":{\"@type\":\"ImageObject\",\"inLanguage\":\"fr-FR\",\"@id\":\"https:\/\/blog.holyart.it\/fr\/#\/schema\/person\/image\/\",\"url\":\"https:\/\/secure.gravatar.com\/avatar\/f477da817f43e50d0af36abecd33e3edf826c68299714bdc1057dff3b113f516?s=96&d=mm&r=g\",\"contentUrl\":\"https:\/\/secure.gravatar.com\/avatar\/f477da817f43e50d0af36abecd33e3edf826c68299714bdc1057dff3b113f516?s=96&d=mm&r=g\",\"caption\":\"Redazione\"},\"url\":\"https:\/\/blog.holyart.it\/fr\/author\/admin\/\"}]}<\/script>\n<!-- \/ Yoast SEO plugin. -->","yoast_head_json":{"title":"Saint Gr\u00e9goire : l\u2019Illuminateur - Holyart.fr Blog","description":"Gr\u00e9goire I l\u2019Illuminateur v\u00e9n\u00e9r\u00e9 par l\u2019\u00e9glise copte et orthodoxe, est c\u00e9l\u00e8bre en Italie pour une raison tr\u00e8s particuli\u00e8re. D\u00e9couvrons laquelle.","robots":{"index":"index","follow":"follow","max-snippet":"max-snippet:-1","max-image-preview":"max-image-preview:large","max-video-preview":"max-video-preview:-1"},"canonical":"https:\/\/blog.holyart.it\/fr\/saints-et-bienheureux\/saint-gregoire-lilluminateur\/","og_locale":"fr_FR","og_type":"article","og_title":"Saint Gr\u00e9goire : l\u2019Illuminateur - Holyart.fr Blog","og_description":"Gr\u00e9goire I l\u2019Illuminateur v\u00e9n\u00e9r\u00e9 par l\u2019\u00e9glise copte et orthodoxe, est c\u00e9l\u00e8bre en Italie pour une raison tr\u00e8s particuli\u00e8re. D\u00e9couvrons laquelle.","og_url":"https:\/\/blog.holyart.it\/fr\/saints-et-bienheureux\/saint-gregoire-lilluminateur\/","og_site_name":"Holyart.fr Blog","article_published_time":"2021-05-06T07:33:46+00:00","article_modified_time":"2022-10-17T14:05:19+00:00","og_image":[{"width":1000,"height":666,"url":"https:\/\/blog.holyart.it\/fr\/wp-content\/uploads\/sites\/14\/2021\/05\/Saint-Gregoire-dArmenie.jpg","type":"image\/jpeg"}],"author":"Redazione","twitter_card":"summary_large_image","twitter_misc":{"\u00c9crit par":"Redazione","Dur\u00e9e de lecture estim\u00e9e":"10 minutes"},"schema":{"@context":"https:\/\/schema.org","@graph":[{"@type":"Article","@id":"https:\/\/blog.holyart.it\/fr\/saints-et-bienheureux\/saint-gregoire-lilluminateur\/#article","isPartOf":{"@id":"https:\/\/blog.holyart.it\/fr\/saints-et-bienheureux\/saint-gregoire-lilluminateur\/"},"author":{"name":"Redazione","@id":"https:\/\/blog.holyart.it\/fr\/#\/schema\/person\/0a7b686e5af0f856ec1e390dd0baecda"},"headline":"Saint Gr\u00e9goire : l\u2019Illuminateur","datePublished":"2021-05-06T07:33:46+00:00","dateModified":"2022-10-17T14:05:19+00:00","mainEntityOfPage":{"@id":"https:\/\/blog.holyart.it\/fr\/saints-et-bienheureux\/saint-gregoire-lilluminateur\/"},"wordCount":1984,"publisher":{"@id":"https:\/\/blog.holyart.it\/fr\/#organization"},"image":{"@id":"https:\/\/blog.holyart.it\/fr\/saints-et-bienheureux\/saint-gregoire-lilluminateur\/#primaryimage"},"thumbnailUrl":"https:\/\/blog.holyart.it\/fr\/wp-content\/uploads\/sites\/14\/2021\/05\/Saint-Gregoire-dArmenie.jpg","articleSection":["Saints et Bienheureux"],"inLanguage":"fr-FR"},{"@type":"WebPage","@id":"https:\/\/blog.holyart.it\/fr\/saints-et-bienheureux\/saint-gregoire-lilluminateur\/","url":"https:\/\/blog.holyart.it\/fr\/saints-et-bienheureux\/saint-gregoire-lilluminateur\/","name":"Saint Gr\u00e9goire : l\u2019Illuminateur - Holyart.fr Blog","isPartOf":{"@id":"https:\/\/blog.holyart.it\/fr\/#website"},"primaryImageOfPage":{"@id":"https:\/\/blog.holyart.it\/fr\/saints-et-bienheureux\/saint-gregoire-lilluminateur\/#primaryimage"},"image":{"@id":"https:\/\/blog.holyart.it\/fr\/saints-et-bienheureux\/saint-gregoire-lilluminateur\/#primaryimage"},"thumbnailUrl":"https:\/\/blog.holyart.it\/fr\/wp-content\/uploads\/sites\/14\/2021\/05\/Saint-Gregoire-dArmenie.jpg","datePublished":"2021-05-06T07:33:46+00:00","dateModified":"2022-10-17T14:05:19+00:00","description":"Gr\u00e9goire I l\u2019Illuminateur v\u00e9n\u00e9r\u00e9 par l\u2019\u00e9glise copte et orthodoxe, est c\u00e9l\u00e8bre en Italie pour une raison tr\u00e8s particuli\u00e8re. D\u00e9couvrons laquelle.","breadcrumb":{"@id":"https:\/\/blog.holyart.it\/fr\/saints-et-bienheureux\/saint-gregoire-lilluminateur\/#breadcrumb"},"inLanguage":"fr-FR","potentialAction":[{"@type":"ReadAction","target":["https:\/\/blog.holyart.it\/fr\/saints-et-bienheureux\/saint-gregoire-lilluminateur\/"]}]},{"@type":"ImageObject","inLanguage":"fr-FR","@id":"https:\/\/blog.holyart.it\/fr\/saints-et-bienheureux\/saint-gregoire-lilluminateur\/#primaryimage","url":"https:\/\/blog.holyart.it\/fr\/wp-content\/uploads\/sites\/14\/2021\/05\/Saint-Gregoire-dArmenie.jpg","contentUrl":"https:\/\/blog.holyart.it\/fr\/wp-content\/uploads\/sites\/14\/2021\/05\/Saint-Gregoire-dArmenie.jpg","width":1000,"height":666,"caption":"Saint Gregoire d'Armenie"},{"@type":"BreadcrumbList","@id":"https:\/\/blog.holyart.it\/fr\/saints-et-bienheureux\/saint-gregoire-lilluminateur\/#breadcrumb","itemListElement":[{"@type":"ListItem","position":1,"name":"Homepage","item":"https:\/\/blog.holyart.it\/fr\/"},{"@type":"ListItem","position":2,"name":"Saints et Bienheureux","item":"https:\/\/blog.holyart.it\/fr\/saints-et-bienheureux\/"},{"@type":"ListItem","position":3,"name":"Saint Gr\u00e9goire : l\u2019Illuminateur"}]},{"@type":"WebSite","@id":"https:\/\/blog.holyart.it\/fr\/#website","url":"https:\/\/blog.holyart.it\/fr\/","name":"Holyart.fr Blog","description":"Holyblog","publisher":{"@id":"https:\/\/blog.holyart.it\/fr\/#organization"},"potentialAction":[{"@type":"SearchAction","target":{"@type":"EntryPoint","urlTemplate":"https:\/\/blog.holyart.it\/fr\/?s={search_term_string}"},"query-input":{"@type":"PropertyValueSpecification","valueRequired":true,"valueName":"search_term_string"}}],"inLanguage":"fr-FR"},{"@type":"Organization","@id":"https:\/\/blog.holyart.it\/fr\/#organization","name":"Holyart.fr Blog","url":"https:\/\/blog.holyart.it\/fr\/","logo":{"@type":"ImageObject","inLanguage":"fr-FR","@id":"https:\/\/blog.holyart.it\/fr\/#\/schema\/logo\/image\/","url":"https:\/\/blog.holyart.it\/fr\/wp-content\/uploads\/sites\/14\/2022\/12\/Holyart_Blog_Logo.jpg","contentUrl":"https:\/\/blog.holyart.it\/fr\/wp-content\/uploads\/sites\/14\/2022\/12\/Holyart_Blog_Logo.jpg","width":300,"height":50,"caption":"Holyart.fr Blog"},"image":{"@id":"https:\/\/blog.holyart.it\/fr\/#\/schema\/logo\/image\/"}},{"@type":"Person","@id":"https:\/\/blog.holyart.it\/fr\/#\/schema\/person\/0a7b686e5af0f856ec1e390dd0baecda","name":"Redazione","image":{"@type":"ImageObject","inLanguage":"fr-FR","@id":"https:\/\/blog.holyart.it\/fr\/#\/schema\/person\/image\/","url":"https:\/\/secure.gravatar.com\/avatar\/f477da817f43e50d0af36abecd33e3edf826c68299714bdc1057dff3b113f516?s=96&d=mm&r=g","contentUrl":"https:\/\/secure.gravatar.com\/avatar\/f477da817f43e50d0af36abecd33e3edf826c68299714bdc1057dff3b113f516?s=96&d=mm&r=g","caption":"Redazione"},"url":"https:\/\/blog.holyart.it\/fr\/author\/admin\/"}]}},"_links":{"self":[{"href":"https:\/\/blog.holyart.it\/fr\/wp-json\/wp\/v2\/posts\/2917","targetHints":{"allow":["GET"]}}],"collection":[{"href":"https:\/\/blog.holyart.it\/fr\/wp-json\/wp\/v2\/posts"}],"about":[{"href":"https:\/\/blog.holyart.it\/fr\/wp-json\/wp\/v2\/types\/post"}],"author":[{"embeddable":true,"href":"https:\/\/blog.holyart.it\/fr\/wp-json\/wp\/v2\/users\/1"}],"replies":[{"embeddable":true,"href":"https:\/\/blog.holyart.it\/fr\/wp-json\/wp\/v2\/comments?post=2917"}],"version-history":[{"count":0,"href":"https:\/\/blog.holyart.it\/fr\/wp-json\/wp\/v2\/posts\/2917\/revisions"}],"wp:featuredmedia":[{"embeddable":true,"href":"https:\/\/blog.holyart.it\/fr\/wp-json\/wp\/v2\/media\/2920"}],"wp:attachment":[{"href":"https:\/\/blog.holyart.it\/fr\/wp-json\/wp\/v2\/media?parent=2917"}],"wp:term":[{"taxonomy":"category","embeddable":true,"href":"https:\/\/blog.holyart.it\/fr\/wp-json\/wp\/v2\/categories?post=2917"},{"taxonomy":"post_tag","embeddable":true,"href":"https:\/\/blog.holyart.it\/fr\/wp-json\/wp\/v2\/tags?post=2917"}],"curies":[{"name":"wp","href":"https:\/\/api.w.org\/{rel}","templated":true}]}}