{"id":2843,"date":"2021-04-15T10:35:16","date_gmt":"2021-04-15T08:35:16","guid":{"rendered":"https:\/\/blog.holyart.it\/fr\/?p=2843"},"modified":"2023-05-16T11:40:37","modified_gmt":"2023-05-16T09:40:37","slug":"notre-dame-de-fatima-penitence-et-priere-sont-le-salut","status":"publish","type":"post","link":"https:\/\/blog.holyart.it\/fr\/occasions-speciales\/notre-dame-de-fatima-penitence-et-priere-sont-le-salut\/","title":{"rendered":"Notre-Dame de Fatima : p\u00e9nitence et pri\u00e8re sont le salut"},"content":{"rendered":"<h4 style=\"text-align: center;\"><em>Le 13 Mai nous f\u00eatons Notre-Dame de Fatima. Son invitation \u00e0 la p\u00e9nitence et \u00e0 la pri\u00e8re en tant qu\u2019instruments de salut est aujourd\u2019hui plus actuelle que jamais.<\/em><\/h4>\n\n<p>La f\u00eate d\u00e9di\u00e9e \u00e0 Notre-Dame de Fatima a \u00e9t\u00e9 rendue universelle en 2000 par <a href=\"https:\/\/www.holyart.fr\/occasions-speciales\/jean-paul-ii\"><strong>Pape Jean-Paul II<\/strong><\/a>. \u00c0 l\u2019occasion de cette m\u00eame visite \u00e0 Fatima, le Pape b\u00e9atifia Jacinta e Francisco, deux des trois t\u00e9moins qui assist\u00e8rent aux apparitions, morts encore enfants. La tradition veut que la Sainte Vierge apparut \u00e0 eux et \u00e0 la petite L\u00facia Dos Santos au moins six fois, en communiquant des messages importants et pr\u00e9cieux pour le monde entier. Dans une p\u00e9riode o\u00f9 l\u2019humanit\u00e9 \u00e9tait menac\u00e9e par la guerre et par d\u2019autres terribles calamit\u00e9s, Notre-Dame de Fatima offrit \u00e0 trois enfants innocents un message d\u2019espoir.<\/p>\n<p><strong>P\u00e9nitence, R\u00e9citation du Rosaire et Cons\u00e9cration au C\u0153ur Immacul\u00e9 de Marie<\/strong>, voil\u00e0 ce qui aurait sauv\u00e9 le monde et toutes les \u00e2mes des p\u00e9cheurs.<\/p>\n<div class=\"link-article\">\n<p><img loading=\"lazy\" decoding=\"async\" class=\"alignleft size-full wp-image-2846\" src=\"https:\/\/blog.holyart.it\/fr\/wp-content\/uploads\/sites\/14\/2021\/04\/Notre-Dame-de-F\u00e1tima.jpg\" alt=\"Notre-Dame de F\u00e1tima\" width=\"150\" height=\"100\" data-kale-share-title=\"Notre-Dame de Fatima : p\u00e9nitence et pri\u00e8re sont le salut\" data-kale-share-url=\"https:\/\/blog.holyart.it\/fr\/occasions-speciales\/notre-dame-de-fatima-penitence-et-priere-sont-le-salut\/\" \/><\/p>\n<div class=\"leggi-anche\">Lire aussi :<\/div>\n<p><strong><a href=\"https:\/\/www.holyart.fr\/blog\/saints-et-bienheureux\/dame-de-fatima\/\">Notre-Dame de F\u00e1tima<\/a><\/strong><br \/>\nNotre-Dame de F\u00e1tima est un des noms sous lequel est connue et ador\u00e9e dans le monde entier la Sainte Vierge, M\u00e8re de Dieu.<\/p>\n<\/div>\n<p>Celles de Fatima ne sont s\u00fbrement pas les seules <strong>apparitions mariales<\/strong> reconnues officiellement par l\u2019\u00c9glise Catholique, mais elles sont parmi les plus c\u00e9l\u00e8bres. D\u2019autres \u00e9galement reconnues sont, pour n\u2019en citer que quelques-unes, celles de <a href=\"https:\/\/www.holyart.fr\/produits\/statues-notre-dame-de-guadeloupe.php\"><strong>Notre-Dame de Guadalupe<\/strong><\/a>, advenue au Mexique en 1531, celles de <strong>Notre-Dame de La Salette<\/strong> et de <a href=\"https:\/\/www.holyart.fr\/produits\/statues-notre-dame-de-lourdes.php\"><strong>Notre-Dame de Lourdes<\/strong><\/a>, advenues en France respectivement en 1846 et 1858. Pour d\u2019autres apparitions mariales le culte a \u00e9t\u00e9 autoris\u00e9, m\u00eame s\u2019il n\u2019y a pas encore eu une reconnaissance officielle.<\/p>\n<p>Mais qu\u2019entendons-nous pour <strong>apparition mariale<\/strong> ? Une apparition mariale a lieu quand Marie, m\u00e8re de J\u00e9sus, se pr\u00e9sente \u00e0 une ou plusieurs personnes, en s\u2019adressant \u00e0 eux par des mots ou des gestes. Dans certains cas, les t\u00e9moins affirment avoir uniquement entendu la voix de la Vierge et, dans ce cas de figure, on parle de <strong>locutions<\/strong>.<\/p>\n<p>Ce n\u2019est pas ce qui est arriv\u00e9 \u00e0 Fatima.<\/p>\n<h2>Histoire de Notre-Dame de Fatima<\/h2>\n<p>Le <strong>13 mai 1917<\/strong>, dans un lumineux dimanche de printemps, trois jeunes bergers d\u2019Aljustrel, une petite fraction \u00e0 un kilom\u00e8tre et demi de Fatima, surveillaient les troupeaux de leurs familles, comme tous les jours. Puisque la m\u00e9t\u00e9o \u00e9tait si belle, ils s\u2019\u00e9taient aventur\u00e9s jusqu\u2019\u00e0 <strong>Cova da Iria<\/strong>, un bassin verdoyant aux pieds d\u2019un rocher. Il s\u2019agissait de <strong>L\u00facia dos Santos<\/strong> (10 ans), de sa cousine <strong>Jacinta Marto<\/strong> (7 ans) avec son grand fr\u00e8re <strong>Francisco<\/strong> (9 ans).<\/p>\n<p>Berc\u00e9s par la douceur de la journ\u00e9e, les enfants jouaient insouciants dans la verdure, quand tout d\u2019un coup dans le ciel brill\u00e8rent des <strong>lumi\u00e8res \u00e9blouissantes<\/strong>, comme des \u00e9clairs d\u2019un orage estivale. Pourtant le ciel \u00e9tait limpide, sans un nuage. Les trois jeunes se d\u00e9p\u00each\u00e8rent de rassembler les moutons, mais, lorsqu\u2019ils descendaient la pente, une lumi\u00e8re plus forte que les autres illumina un grand ch\u00eane vert peu distant. Ce fut \u00e0 ce moment-l\u00e0 que, envelopp\u00e9e de lumi\u00e8re, ils virent la <strong>Dame<\/strong>. C\u2019est ainsi qu\u2019ils la d\u00e9finirent dans leur r\u00e9cit, car ils n\u2019\u00e9taient que trois enfants \u00e9lev\u00e9s \u00e0 la campagne, et cette magnifique femme habill\u00e9e en blanc qui flottait au-dessus des branches du ch\u00eane, resplendissant comme une \u00e9toile, avec de splendides roses qui ornaient ses pieds, devait surement \u00eatre une Dame. Une Dame gentille, puisqu\u2019avec la voix la plus suave du monde elle leur dit : <em>\u00ab\u00a0N\u2019ayez pas peur, je ne vous ferai aucun mal<\/em>\u00a0\u00bb. Sa robe semblait elle-m\u00eame faite de lumi\u00e8re, tellement elle \u00e9tait blanche, immacul\u00e9e comme de la neige fra\u00eeche. Un cordon d\u2019or lui servait de ceinture, sur ses \u00e9paules et sur sa t\u00eate elle portait un voile brod\u00e9 d\u2019or, royal, qui l\u2019enveloppait jusqu\u2019aux pieds. Elle tenait les mains sur sa poitrine, comme si elle priait, et, entre ses doigts, un <a href=\"https:\/\/www.holyart.fr\/articles-religieux\/chapelets-et-etuis-a-chapelet\"><strong>Chapelet<\/strong><\/a> scintillant.<\/p>\n<div class=\"link-product\">\n<div class=\"blocco-immagine\"><img loading=\"lazy\" decoding=\"async\" class=\"alignnone size-full wp-image-2850\" src=\"https:\/\/blog.holyart.it\/fr\/wp-content\/uploads\/sites\/14\/2021\/04\/vierge-de-fatima.jpg\" alt=\"vierge de fatima\" width=\"100\" height=\"100\" data-kale-share-title=\"Notre-Dame de Fatima : p\u00e9nitence et pri\u00e8re sont le salut\" data-kale-share-url=\"https:\/\/blog.holyart.it\/fr\/occasions-speciales\/notre-dame-de-fatima-penitence-et-priere-sont-le-salut\/\" \/><\/div>\n<div class=\"blocco-contenuto\">\n<div class=\"blocco-acquista\">Acheter sur Holyart:<\/div>\n<div class=\"blocco-titolo\"><a href=\"https:\/\/www.holyart.fr\/articles-religieux\/statues\/statues-en-bois-peint\/vierge-de-fatima-30cm\">Vierge de Fatima<\/a><\/div>\n<div class=\"blocco-descrizione\">Statue en bois r\u00e9alis\u00e9e et peint \u00e0 la main<\/div>\n<\/div>\n<\/div>\n<p>Apr\u00e8s la surprise initiale, les trois enfants, qui \u00e9taient \u00e9duqu\u00e9s, mais \u00e9galement curieux de conna\u00eetre cette magnifique Dame, lui adress\u00e8rent la parole. Ce fut L\u00facia, la plus grande, qui parla, en lui demandant d\u2019o\u00f9 Elle venait.<\/p>\n<p><em>\u00ab\u00a0Je viens du Ciel\u00a0\u00bb<\/em> fut sa r\u00e9ponse, qui emplit les petits de stupeur et de r\u00e9v\u00e9rence.<\/p>\n<p>Excit\u00e9s, ils lui demand\u00e8rent pourquoi donc Elle \u00e9tait venue \u00e0 Cova da Iria et Elle, tr\u00e8s gentiment, leur expliqua qu\u2019Elle \u00e9tait venu justement pour les conna\u00eetre et qu\u2019elle <strong>souhaitait qu\u2019ils reviennent le m\u00eame jour \u00e0 la m\u00eame heure et au m\u00eame endroit pour les six mois \u00e0 suivre<\/strong>.<\/p>\n<p>Les enfants, de plus en plus \u00e9merveill\u00e9s, heureux qu\u2019une si belle et noble Dame leur pr\u00eate tant d\u2019attention, demand\u00e8rent si eux aussi pourraient aller au ciel.<\/p>\n<p>Elle r\u00e9pondit que oui, s\u2019ils allaient r\u00e9citer le Rosaire.<\/p>\n<div class=\"link-product\">\n<div class=\"blocco-immagine\"><img loading=\"lazy\" decoding=\"async\" class=\"size-full wp-image-2848 alignnone\" src=\"https:\/\/blog.holyart.it\/fr\/wp-content\/uploads\/sites\/14\/2021\/04\/chapelet-notre-dame-de-fatima.jpg\" alt=\"chapelet notre-dame de fatima\" width=\"100\" height=\"100\" data-kale-share-title=\"Notre-Dame de Fatima : p\u00e9nitence et pri\u00e8re sont le salut\" data-kale-share-url=\"https:\/\/blog.holyart.it\/fr\/occasions-speciales\/notre-dame-de-fatima-penitence-et-priere-sont-le-salut\/\" \/><\/div>\n<div class=\"blocco-contenuto\">\n<div class=\"blocco-acquista\">Acheter sur Holyart:<\/div>\n<div class=\"blocco-titolo\"><a href=\"https:\/\/www.holyart.fr\/articles-religieux\/chapelets-et-etuis-a-chapelet\/chapelets-argent\/chapelet-notre-dame-de-fatima-centenaire-de-lapparition-argent\">Chapelet Notre-Dame de Fatima<\/a><\/div>\n<div class=\"blocco-descrizione\">Chapelet Notre-Dame de Fatima centenaire de l&rsquo;apparition<\/div>\n<\/div>\n<\/div>\n<p>Elle les pr\u00e9vint \u00e9galement qu\u2019ils allaient souffrir beaucoup, car supporter avec patience et courage les souffrances que Dieu d\u00e9cidait d\u2019envoyer \u00e0 chacun \u00e9tait le seul moyen pour se racheter des p\u00e9ch\u00e9s des hommes qui l\u2019offensaient autant. Mais s\u2019ils acceptaient de porter leur propre fardeau et s\u2019ils r\u00e9citaient le Rosaire, Dieu serait tellement content qu\u2019il enverrait Sa Gr\u00e2ce non seulement \u00e0 eux, mais \u00e0 tous les p\u00e9cheurs aussi. Cela dit, elle commen\u00e7a \u00e0 monter au ciel et disparut.<\/p>\n<p>Les enfants rentr\u00e8rent chez eux, en jurant qu\u2019ils n\u2019auraient racont\u00e9 \u00e0 personne\u00a0 cette rencontre prodigieuse, mais Jacinta laissa \u00e9chapper la v\u00e9rit\u00e9. Les familles et le village entier accueillir ce r\u00e9cit avec des attitudes discordantes, mais le fait est qu\u2019au rendez-vous suivant, le <strong>13 juin<\/strong>, une petite foule se rendit avec les enfants \u00e0 Cova da Iria, qui pouss\u00e9 par la curiosit\u00e9, qui par le d\u00e9sir de les d\u00e9mentir, qui par une foi authentique. Ils r\u00e9cit\u00e8rent le <strong>Rosaire<\/strong> et la Dame apparut. Elle recommanda \u00e0 la petite L\u00facia d\u2019<strong>apprendre \u00e0 lire et \u00e0 \u00e9crire<\/strong>. Elle lui dit qu\u2019elle aurait v\u00e9cu longtemps, afin de faire conna\u00eetre et aimer son C\u0153ur Immacul\u00e9. Elle dit \u00e9galement \u00e0 Jacinta et \u00e0 Francisco qu\u2019<strong>ils seraient bient\u00f4t all\u00e9s au ciel<\/strong>.<\/p>\n<p>Mais elle ne se limita pas \u00e0 cela. Elle lamenta les infinies douleurs que son <strong>C\u0153ur Immacul\u00e9<\/strong> devait subir \u00e0 cause des p\u00e9ch\u00e9s des hommes et, de nouveau, elle recommanda \u00e0 tous ceux pr\u00e9sents de r\u00e9p\u00e9ter la pratique du Rosaire tous les jours.<\/p>\n<p>Le <strong>13 juillet <\/strong>la troisi\u00e8me apparition eut lieu.<\/p>\n<p>Cette fois-ci, plus de 2000 personnes accompagn\u00e8rent les enfants, malgr\u00e9 la <strong>d\u00e9rision et les accusations de mensonge<\/strong> qui leur avaient \u00e9t\u00e9 lanc\u00e9es tout au long du mois.<\/p>\n<p>Apr\u00e8s l\u2019habituel Rosaire, la Dame apparut comme promis. L\u00facia Lui demanda alors de se manifester d\u2019une mani\u00e8re quelconque, afin de convaincre les pr\u00e9sents de son identit\u00e9. Elle promit que si les enfants continuaient de Lui rendre visite tous les mois, en octobre Elle allait accomplir un <strong>miracle<\/strong> afin de dissiper les doutes m\u00eame des plus sceptiques. Apr\u00e8s, de ses mains ouvertes, jaillit un <strong>rayon de lumi\u00e8re<\/strong> et les trois enfants eurent une vision fugace des tourments auxquels \u00e9taient destin\u00e9s les p\u00e9cheurs.<\/p>\n<p>Elle demanda ensuite que la <strong>Russie<\/strong> accueille la d\u00e9votion de son C\u0153ur Immacul\u00e9 et pratique la communion r\u00e9paratrice des premiers samedis de cinq mois. Cela am\u00e8nerait la <strong>paix dans le monde<\/strong>. Elle rappela de r\u00e9citer le Rosaire en ins\u00e9rant \u00e0 la fin de chaque dizainier l\u2019invocation : <em>\u00ab\u00a0\u00d4 mon J\u00e9sus, pardonnez-nous nos p\u00e9ch\u00e9s, pr\u00e9servez-nous du feu de l\u2019enfer et conduisez au ciel toutes les \u00e2mes, sp\u00e9cialement celles qui ont le plus besoin de Votre mis\u00e9ricorde<\/em>\u00a0\u00bb.<\/p>\n<p>Mais \u00e0 cette occasion, la Dame r\u00e9v\u00e9la \u00e9galement <strong>trois messages r\u00e9serv\u00e9s<\/strong>, en imposant aux trois t\u00e9moins de ne pas les r\u00e9v\u00e9ler. Ce sont les <strong>trois secrets de Fatima<\/strong>.<em>\u00a0<\/em><\/p>\n<div class=\"link-article\">\n<p><img loading=\"lazy\" decoding=\"async\" class=\"alignleft size-full wp-image-2853\" src=\"https:\/\/blog.holyart.it\/fr\/wp-content\/uploads\/sites\/14\/2021\/04\/sacr\u00e9-coeur-de-maria.jpg\" alt=\"sacr\u00e9 coeur de maria\" width=\"150\" height=\"99\" data-kale-share-title=\"Notre-Dame de Fatima : p\u00e9nitence et pri\u00e8re sont le salut\" data-kale-share-url=\"https:\/\/blog.holyart.it\/fr\/occasions-speciales\/notre-dame-de-fatima-penitence-et-priere-sont-le-salut\/\" \/><\/p>\n<div class=\"leggi-anche\">Lire aussi :<\/div>\n<p><strong><a href=\"https:\/\/www.holyart.fr\/blog\/articles-religieux\/coeur-immacule-de-marie\/\">Le C\u0153ur Immacul\u00e9 de Marie<\/a><\/strong><br \/>\n\u00c0 cette occasion qui comme tous ses pr\u00e9d\u00e9cesseurs est un grand partisan de l\u2019amour pour la Vierge Marie<\/p>\n<\/div>\n<p>Le <strong>13 ao\u00fbt 1917<\/strong> la Dame ne se pr\u00e9senta pas.<\/p>\n<p>L\u00facia, Jacinta e Francisco avaient en effet \u00e9t\u00e9 pi\u00e9g\u00e9s et <strong>emprisonn\u00e9s<\/strong> par le maire d\u2019Aljustrel, puisqu\u2019ils n\u2019avaient pas voulu abjurer les apparitions.<\/p>\n<p>La Vierge leur apparut toutefois le <strong>19 ao\u00fbt<\/strong> \u00e0 Valinhos et, \u00e0 cette occasion, Elle demanda qu\u2019ils fassent construire une <strong>chapelle<\/strong> \u00e0 l\u2019endroit des apparitions. Pour le faire, ils auraient utilis\u00e9 les nombreuses offrandes des fid\u00e8les. Naquit ainsi le premier noyau du futur <strong>Sanctuaire de Notre-Dame de Fatima<\/strong>.<\/p>\n<p>Le <strong>13 septembre<\/strong>, il y avait une foule de 30.000 personnes qui accompagnait les enfants. La Dame leur rappela le miracle qui aurait eu lieu le 13 octobre et ensuite monta au ciel dans une sph\u00e8re de lumi\u00e8re.<\/p>\n<p>70.000 personnes arriv\u00e8rent de tous les coins du Portugal afin d\u2019assister au miracle que la Vierge avait promis d\u2019accomplir le <strong>13 octobre<\/strong> et, avec eux, des journalistes et des photographes de chaque pays.<\/p>\n<p>C\u2019\u00e9tait une journ\u00e9e sombre et pluvieuse. La Dame apparut et se pr\u00e9senta comme la <strong>Dame du Rosaire<\/strong>. Elle r\u00e9p\u00e9ta son souhait d\u2019avoir une <strong>chapelle<\/strong> \u00e9rig\u00e9e en son nom et ordonna que tout le monde r\u00e9cite le Rosaire chaque jour, afin d\u2019assurer la fin de la guerre. Elle ouvra ensuite ses mains et un rayon de lumi\u00e8re en jaillit, en illuminant le ciel. Les trois enfants virent l\u2019<strong>Enfant J\u00e9sus<\/strong>, <strong>Saint<\/strong> <strong>Joseph<\/strong> et <strong>Marie<\/strong>, puis un homme qui <strong>b\u00e9nissait le monde<\/strong>, <strong>Notre-Dame des Douleurs<\/strong> et, pour finir, <strong>Notre-Dame du Mont-Carmel <\/strong>avec le scapulaire en main.<\/p>\n<p>Ensuite il y eut le <strong>miracle<\/strong> que tout le monde attendait : le soleil apparut dans le ciel et il \u00e9tait un disque d\u2019argent mat, qui ne chauffait pas, ne projetait pas d\u2019ombre, comme quand il y a une \u00e9clipse. Il semblait frissonner, danser dans le ciel, devenir par moments plus grand et par moments plus petit, en projetant des rayons multicolores, devant les regards abasourdis de toutes les personnes pr\u00e9sentes. Tout le monde le vit et cria au miracle.<\/p>\n<div class=\"link-product\">\n<div class=\"blocco-immagine\"><img loading=\"lazy\" decoding=\"async\" class=\"alignnone size-full wp-image-2855\" src=\"https:\/\/blog.holyart.it\/fr\/wp-content\/uploads\/sites\/14\/2021\/04\/notre-dame-du-carmel.jpg\" alt=\"notre-dame du carmel\" width=\"100\" height=\"100\" data-kale-share-title=\"Notre-Dame de Fatima : p\u00e9nitence et pri\u00e8re sont le salut\" data-kale-share-url=\"https:\/\/blog.holyart.it\/fr\/occasions-speciales\/notre-dame-de-fatima-penitence-et-priere-sont-le-salut\/\" \/><\/div>\n<div class=\"blocco-contenuto\">\n<div class=\"blocco-acquista\">Acheter sur Holyart:<\/div>\n<div class=\"blocco-titolo\"><a href=\"https:\/\/www.holyart.fr\/articles-religieux\/statues\/statues-en-bois-peint\/notre-dame-du-carmel-50-cm-pate-bois-fin.-speciale\">Notre Dame du Carmel<\/a><\/div>\n<div class=\"blocco-descrizione\">Statue r\u00e9alis\u00e9e en p\u00e2te \u00e0 bois et yeux en cristal<\/div>\n<\/div>\n<\/div>\n<h2>Les trois bergers de Fatima<\/h2>\n<p>C\u2019\u00e9tait donc L\u00facia qui s\u2019adressait \u00e0 la Dame lors des apparitions.<\/p>\n<p>Jacinta la voyait et l\u2019entendait, Francisco la voyait seulement.<\/p>\n<p>Comme pr\u00e9dit par la Dame, Francisco et Jacinta moururent quelques ann\u00e9es plus tard, \u00e0 cause de l\u2019\u00e9pid\u00e9mie de la grippe espagnole. Jacinta en particulier endura une longue agonie, qu\u2019elle accepta avec joie et courage, comme lui avait recommand\u00e9 de faire la Vierge.<\/p>\n<p>L\u00facia, par contre, entra dans l\u2019ordre des Carm\u00e9lites d\u00e9chauss\u00e9es et, comme promis \u00e0 la Sainte Vierge, \u00e9crivit dans ses <strong>M\u00e9moires<\/strong> tout ce qui \u00e9tait arriv\u00e9 \u00e0 Fatima pendant ces ann\u00e9es-l\u00e0.<\/p>\n<div class=\"link-product\">\n<div class=\"blocco-immagine\"><img loading=\"lazy\" decoding=\"async\" class=\"alignnone size-full wp-image-2856\" src=\"https:\/\/blog.holyart.it\/fr\/wp-content\/uploads\/sites\/14\/2021\/04\/bergers-de-fatima-statues.jpg\" alt=\"bergers de fatima statues\" width=\"100\" height=\"100\" data-kale-share-title=\"Notre-Dame de Fatima : p\u00e9nitence et pri\u00e8re sont le salut\" data-kale-share-url=\"https:\/\/blog.holyart.it\/fr\/occasions-speciales\/notre-dame-de-fatima-penitence-et-priere-sont-le-salut\/\" \/><\/div>\n<div class=\"blocco-contenuto\">\n<div class=\"blocco-acquista\">Acheter sur Holyart:<\/div>\n<div class=\"blocco-titolo\"><a href=\"https:\/\/www.holyart.fr\/articles-religieux\/statues\/statues-en-fibre-de-verre\/bergers-de-fatima-statues-35-cm-marbre-reconstitue\">Bergers de Fatima<\/a><\/div>\n<div class=\"blocco-descrizione\">Statues des 3 bergers de Fatima r\u00e9alis\u00e9es en marbre<\/div>\n<\/div>\n<\/div>\n<p>Le <strong>culte de Notre-Dame de Fatima<\/strong> fut reconnu et l\u00e9gitim\u00e9 par l\u2019\u00c9glise en 1930.<\/p>\n<h2>Les secrets de Fatima<\/h2>\n<p>R\u00e9v\u00e9l\u00e9s par la Sainte Vierge aux trois jeunes bergers \u00e0 l\u2019occasion de l\u2019apparition du 13 juillet 1917, les <strong>trois secrets de Fatima<\/strong> rest\u00e8rent tr\u00e8s longtemps un myst\u00e8re. L\u00facia r\u00e9v\u00e9la les deux premiers uniquement en 1941, tandis que le troisi\u00e8me ne sera divulgu\u00e9 qu\u2019en 2000.<\/p>\n<p>Voici les trois secrets :<\/p>\n<ul>\n<li>Le <strong>salut des \u00e2mes<\/strong> (\u00e0 travers la vision de l\u2019enfer) ;<\/li>\n<li>La <strong>d\u00e9votion au C\u0153ur Immacul\u00e9 de Marie <\/strong>(pour sauver les \u00e2mes des p\u00e9cheurs)\u00a0;<\/li>\n<li><strong>P\u00e9nitence et sacrifice des martyrs <\/strong>de l\u2019\u00c9glise.<\/li>\n<\/ul>\n<p>Bien que nous puissions consid\u00e9rer le message de Notre-Dame de Fatima comme une <strong>invitation <\/strong>g\u00e9n\u00e9rale<strong> \u00e0 la p\u00e9nitence et \u00e0 la pri\u00e8re<\/strong>, ces secrets rel\u00e8vent la r\u00e9v\u00e9lation et l\u2019approfondissent, d\u2019une certaine mani\u00e8re. L\u00facia en personne expliqua qu\u2019en r\u00e9alit\u00e9 il s\u2019agit d\u2019un <strong>seul et unique secret r\u00e9v\u00e9l\u00e9 \u00e0 trois moments diff\u00e9rents<\/strong>.<\/p>\n<p>En 1941, L\u00facia r\u00e9v\u00e9la \u00e0 l\u2019\u00e9v\u00eaque de Leiria, monseigneur Jos\u00e9 Alves Correira de Silva <strong>les deux premi\u00e8res parties du secret<\/strong>. Elles furent ensuite rendues publiques en 1942, \u00e0 l\u2019occasion de la cons\u00e9cration du monde au <strong>C\u0153ur Immacul\u00e9 de Marie<\/strong>.<\/p>\n<p>Le 3 janvier 1944, L\u00facia \u00e9crit <strong>la troisi\u00e8me partie<\/strong> et la confia \u00e0 l\u2019\u00e9v\u00eaque afin qu\u2019il la livre \u00e0 Pape Pie XI, avec la recommandation qu\u2019elle ne soit lue et diffus\u00e9e qu\u2019en 1960. Ainsi que la Dame l\u2019avait recommand\u00e9.<\/p>\n<p>Pape Jean XXIII lut le troisi\u00e8me secret de Fatima en ao\u00fbt 1959, mais il ne le r\u00e9v\u00e9la pas. Il fallut attendre l\u2019accession de <strong>Jean-Paul II<\/strong> qui, \u00e0 l\u2019occasion de la b\u00e9atification de Jacinta et de Francisco le 13 mai 2000, rendit public le troisi\u00e8me secret.<\/p>\n<p>Voici les trois secrets comme L\u00facia les a \u00e9crits.<\/p>\n<h3>Premier et deuxi\u00e8me Secret de Fatima<\/h3>\n<p><em>\u00ab[&#8230;] une grande <strong>mer de feu<\/strong>, qui paraissait se trouver sous la terre et, plong\u00e9s dans ce feu, les d\u00e9mons et les \u00e2mes, comme s&rsquo;ils \u00e9taient des braises transparentes, noires ou bronz\u00e9es, avec une forme humaine. Ils flottaient dans cet incendie<\/em> <em>[\u2026] Les d\u00e9mons se distinguaient par leurs formes horribles et d\u00e9go\u00fbtantes d&rsquo;animaux \u00e9pouvantables et inconnus, mais transparents et noirs. Cette vision dura un moment, gr\u00e2ce \u00e0 notre bonne M\u00e8re du Ciel qui auparavant nous avait pr\u00e9venus, nous promettant de nous emmener au Ciel (\u00e0 la premi\u00e8re apparition). Autrement, je crois que nous serions morts d&rsquo;\u00e9pouvante et de peur<\/em><em>.\u00bb<\/em><\/p>\n<p>[&#8230;]<\/p>\n<p><em>\u00ab<\/em> <em>Vous avez<\/em><em> vu l\u2019enfer o\u00f9 vont les \u00e2mes des pauvres p\u00e9cheurs. Afin de les sauver, Dieu veut \u00e9tablir dans le monde la <strong>d\u00e9votion \u00e0 mon C\u0153ur Immacul\u00e9<\/strong>. Si vous faites ce que je vous dis, beaucoup d\u2019\u00e2mes seront sauv\u00e9es et vous aurez la paix. La guerre va se terminer. Mais, si on ne cesse d\u2019<strong>offenser Dieu<\/strong>, sous le r\u00e8gne de Pie XI, il en commencera une autre, pire encore. Lorsque vous verrez une nuit \u00e9clair\u00e9e par une lumi\u00e8re inconnue, sachez que c\u2019est le grand signe que Dieu vous donne, qu\u2019<strong>Il va punir le monde de ses crimes<\/strong>, par le moyen de la guerre, de la famine et de pers\u00e9cutions contre l\u2019\u00c9glise et le Saint-P\u00e8re. Afin de l\u2019emp\u00eacher, Je viendrai demander la <strong>cons\u00e9cration de la Russie \u00e0 mon C\u0153ur Immacul\u00e9 et la Communion r\u00e9paratrice des premiers samedis<\/strong>. Si l\u2019on r\u00e9pond \u00e0 mes demandes, la Russie se convertira et on aura la paix. Sinon, elle r\u00e9pandra ses erreurs \u00e0 travers le monde, provoquant des guerres et des pers\u00e9cutions contre l\u2019\u00c9glise. Les bons seront martyris\u00e9s, le Saint-P\u00e8re aura beaucoup \u00e0 souffrir, plusieurs nations seront an\u00e9anties. A la fin, mon C\u0153ur Immacul\u00e9 triomphera. Le Saint-P\u00e8re me consacrera la Russie qui se convertira, et <strong>un certain temps de paix sera accord\u00e9 au monde<\/strong>.\u00a0\u00bb<\/em><\/p>\n<p>Soeur L\u00facia identifia le conflit annonc\u00e9 avec la Deuxi\u00e8me Guerre Mondiale :<\/p>\n<p><em>\u00ab Une guerre ath\u00e9e contre la foi, contre Dieu, contre le peuple de Dieu. Une guerre qui voulait exterminer le juda\u00efsme \u00e0 partir duquel J\u00e9sus-Christ, la Vierge Marie et les Ap\u00f4tres qui ont transmis la parole de Dieu et le don de la foi, l&rsquo;esp\u00e9rance et la charit\u00e9, le peuple \u00e9lu de Dieu, choisis d\u00e8s le commencement: \u00ab le salut vient des Juifs\u00a0\u00bb. \u00bb<\/em><\/p>\n<h3>Troisi\u00e8me Secret de Fatima<\/h3>\n<p><em>\u00ab\u00a0Apr\u00e8s les deux parties que j&rsquo;ai d\u00e9j\u00e0 expos\u00e9es, nous v\u00eemes \u00e0 gauche de Notre-Dame, un peu plus haut, <strong>un Ange avec une \u00e9p\u00e9e de feu<\/strong> \u00e0 la main gauche\u202f; elle scintillait, \u00e9mettait des flammes qui paraissaient devoir incendier le monde\u202f; mais elles s&rsquo;\u00e9teignaient au contact de l&rsquo;\u00e9clat que, de sa main droite, Notre-Dame faisait jaillir vers lui\u202f: l&rsquo;Ange, d\u00e9signant la terre de sa main droite, dit d&rsquo;une voix forte\u202f: <\/em><strong>P\u00e9nitence, P\u00e9nitence, P\u00e9nitence\u202f! <\/strong><em>Et nous v\u00eemes dans une lumi\u00e8re immense qui est Dieu, (\u00ab quelque chose de semblable \u00e0 l\u2019image que renvoie un miroir quand une personne passe devant\u00a0\u00bb)<\/em><strong> un \u00c9v\u00eaque v\u00eatu de Blanc<\/strong><em>, (nous e\u00fbmes le pressentiment que c\u2019\u00e9tait le Saint-P\u00e8re)<\/em> <em>avec p<\/em><em>lusieurs autres <strong>\u00c9v\u00eaques, Pr\u00eatres, religieux et religieuses qui gravissaient une montagne escarp\u00e9e<\/strong>, au sommet de laquelle \u00e9tait une grande Croix de troncs bruts comme si elle \u00e9tait en ch\u00eane-li\u00e8ge avec l&rsquo;\u00e9corce\u202f; le Saint-P\u00e8re, avant d&rsquo;y arriver, traversa une grande ville \u00e0 moiti\u00e9 en ruine et, \u00e0 moiti\u00e9 tremblant, d&rsquo;un pas vacillant, <strong>afflig\u00e9 de douleur et de peine<\/strong>, il priait pour les \u00e2mes des cadavres qu&rsquo;il trouvait sur son chemin\u202f; parvenu au sommet de la montagne, prostern\u00e9 \u00e0 genoux au pied de la grande Croix, il fut tu\u00e9 par un groupe de soldats qui lui tir\u00e8rent plusieurs coups et des fl\u00e8ches, et de la m\u00eame mani\u00e8re <strong>moururent les uns apr\u00e8s les autres les \u00c9v\u00eaques, Pr\u00eatres, religieux et religieuses<\/strong>, et divers la\u00efcs, des messieurs et des dames de rangs et de conditions diff\u00e9rentes. Sous les deux bras de la Croix, il y avait deux Anges, chacun avec un vase de cristal \u00e0 la main, dans lequel ils <strong>recueillaient le sang des Martyrs<\/strong>, et avec lequel ils arrosaient les \u00e2mes qui s&rsquo;approchaient de Dieu<\/em>.\u00a0\u00bb<\/p>\n<h2>Sanctuaire de Fatima<\/h2>\n<p>Le sanctuaire de Fatima est un des plus importants sanctuaires mariaux au monde. Il a \u00e9t\u00e9 \u00e9rig\u00e9 \u00e0 Cova da Iria, exactement o\u00f9 la Dame apparut \u00e0 L\u00facia, Jacinta et Francisco. Ainsi l\u2019avait demand\u00e9 la Vierge en personne.<\/p>\n<p><strong>Pape Paul VI<\/strong> le visita pour la premi\u00e8re fois le 13 mai 1967, mais ce fut surtout <strong>Pape Jean-Paul II<\/strong> qui se rendit en p\u00e9lerinage dans ce lieu auquel il \u00e9tait particuli\u00e8rement li\u00e9. Il y s\u2019y rendit trois fois : en 1982, en 1991 et enfin en 2000. En 1982, il y offrit le projectile auquel il avait \u00e9chapp\u00e9 l\u2019ann\u00e9e pr\u00e9c\u00e9dente. Ce projectile fut ensuite serti dans la couronne de Notre-Dame de Fatima. <strong>Pape Beno\u00eet XVI<\/strong> se rendit au Portugal aussi en 2010.<\/p>\n<p>La construction est en style <strong>n\u00e9o-baroque<\/strong>, entour\u00e9e par une ample colonnade et pr\u00e9c\u00e9d\u00e9e par une grande esplanade. Son clocher mesure 65 m\u00e8tres de haut. \u00c0 l\u2019int\u00e9rieur sont conserv\u00e9es les reliques des trois voyants\u00a0: \u00e0 Jacinta et \u00e0 Francisco Marto, d\u00e9c\u00e9d\u00e9s respectivement en 1920 et en 1919, b\u00e9atifi\u00e9s par Pape Jean-Paul II et canonis\u00e9s par Pape Fran\u00e7ois, s\u2019ajoute \u00e9galement L\u00facia en 2005.<\/p>\n<p>Une statue en bois qui repr\u00e9sente la Sainte Vierge est plac\u00e9e dans la chapelle des apparitions, le choeur du Sanctuaire.<\/p>\n<p>Le 13 mai 2017, <strong>Pape Fran\u00e7ois<\/strong> a c\u00e9l\u00e9br\u00e9 dans le Sanctuaire le centenaire des apparitions. Voici ce qu\u2019il a \u00e9crit \u00e0 propos de Notre-Dame de Fatima dans un tweet de 2019 : <em>\u00ab\u00a0Bienheureuse Vierge Marie de Fatima, nous sommes certains que chacun de nous est pr\u00e9cieux \u00e0 tes yeux et que rien de ce qui habite nos c\u0153urs ne t\u2019est \u00e9tranger. Garde notre vie entre tes bras, guide-nous tous sur le chemin de la saintet\u00e9\u00a0\u00bb<\/em>.<\/p>\n<div class=\"link-article\">\n<p><img loading=\"lazy\" decoding=\"async\" class=\"alignleft size-full wp-image-2857\" src=\"https:\/\/blog.holyart.it\/fr\/wp-content\/uploads\/sites\/14\/2021\/04\/Le-centenaire-de-Fatima.jpg\" alt=\"Le centenaire de Fatima\" width=\"150\" height=\"99\" data-kale-share-title=\"Notre-Dame de Fatima : p\u00e9nitence et pri\u00e8re sont le salut\" data-kale-share-url=\"https:\/\/blog.holyart.it\/fr\/occasions-speciales\/notre-dame-de-fatima-penitence-et-priere-sont-le-salut\/\" \/><\/p>\n<div class=\"leggi-anche\">Lire aussi :<\/div>\n<p><strong><a href=\"https:\/\/www.holyart.fr\/blog\/saints-et-bienheureux\/centenaire-de-fatima\/\">Le centenaire de Fatima<\/a><\/strong><br \/>\nLe centenaire de la premi\u00e8re apparition de la Vierge Marie aux trois jeunes bergers Fran\u00e7ois, Jacinthe et Lucie.<\/p>\n<\/div>\n","protected":false},"excerpt":{"rendered":"<p>Le 13 Mai nous f\u00eatons Notre-Dame de Fatima. Son invitation \u00e0 la p\u00e9nitence et \u00e0 la pri\u00e8re en tant qu\u2019instruments de salut est aujourd\u2019hui plus actuelle que jamais. La f\u00eate d\u00e9di\u00e9e \u00e0 Notre-Dame de Fatima a \u00e9t\u00e9 rendue universelle en 2000 par Pape Jean-Paul II.&hellip;<\/p>\n","protected":false},"author":1,"featured_media":2844,"comment_status":"closed","ping_status":"open","sticky":false,"template":"","format":"standard","meta":{"_acf_changed":false,"footnotes":""},"categories":[12],"tags":[],"class_list":["post-2843","post","type-post","status-publish","format-standard","has-post-thumbnail","hentry","category-occasions-speciales"],"acf":[],"yoast_head":"<!-- This site is optimized with the Yoast SEO plugin v26.6 - https:\/\/yoast.com\/wordpress\/plugins\/seo\/ -->\n<title>Notre-Dame de Fatima : p\u00e9nitence et pri\u00e8re sont le salut - Holyart.fr Blog<\/title>\n<meta name=\"description\" content=\"Le 13 Mai nous f\u00eatons Notre-Dame de Fatima. Son invitation \u00e0 la p\u00e9nitence et \u00e0 la pri\u00e8re en tant qu\u2019instruments de salut est aujourd\u2019hui \u00e9galement actuelle.\" \/>\n<meta name=\"robots\" content=\"index, follow, max-snippet:-1, max-image-preview:large, max-video-preview:-1\" \/>\n<link rel=\"canonical\" href=\"https:\/\/blog.holyart.it\/fr\/occasions-speciales\/notre-dame-de-fatima-penitence-et-priere-sont-le-salut\/\" \/>\n<meta property=\"og:locale\" content=\"fr_FR\" \/>\n<meta property=\"og:type\" content=\"article\" \/>\n<meta property=\"og:title\" content=\"Notre-Dame de Fatima : p\u00e9nitence et pri\u00e8re sont le salut - Holyart.fr Blog\" \/>\n<meta property=\"og:description\" content=\"Le 13 Mai nous f\u00eatons Notre-Dame de Fatima. Son invitation \u00e0 la p\u00e9nitence et \u00e0 la pri\u00e8re en tant qu\u2019instruments de salut est aujourd\u2019hui \u00e9galement actuelle.\" \/>\n<meta property=\"og:url\" content=\"https:\/\/blog.holyart.it\/fr\/occasions-speciales\/notre-dame-de-fatima-penitence-et-priere-sont-le-salut\/\" \/>\n<meta property=\"og:site_name\" content=\"Holyart.fr Blog\" \/>\n<meta property=\"article:published_time\" content=\"2021-04-15T08:35:16+00:00\" \/>\n<meta property=\"article:modified_time\" content=\"2023-05-16T09:40:37+00:00\" \/>\n<meta property=\"og:image\" content=\"https:\/\/blog.holyart.it\/fr\/wp-content\/uploads\/sites\/14\/2021\/04\/statues-de-berger.jpg\" \/>\n\t<meta property=\"og:image:width\" content=\"1000\" \/>\n\t<meta property=\"og:image:height\" content=\"664\" \/>\n\t<meta property=\"og:image:type\" content=\"image\/jpeg\" \/>\n<meta name=\"author\" content=\"Redazione\" \/>\n<meta name=\"twitter:card\" content=\"summary_large_image\" \/>\n<meta name=\"twitter:label1\" content=\"\u00c9crit par\" \/>\n\t<meta name=\"twitter:data1\" content=\"Redazione\" \/>\n\t<meta name=\"twitter:label2\" content=\"Dur\u00e9e de lecture estim\u00e9e\" \/>\n\t<meta name=\"twitter:data2\" content=\"16 minutes\" \/>\n<script type=\"application\/ld+json\" class=\"yoast-schema-graph\">{\"@context\":\"https:\/\/schema.org\",\"@graph\":[{\"@type\":\"Article\",\"@id\":\"https:\/\/blog.holyart.it\/fr\/occasions-speciales\/notre-dame-de-fatima-penitence-et-priere-sont-le-salut\/#article\",\"isPartOf\":{\"@id\":\"https:\/\/blog.holyart.it\/fr\/occasions-speciales\/notre-dame-de-fatima-penitence-et-priere-sont-le-salut\/\"},\"author\":{\"name\":\"Redazione\",\"@id\":\"https:\/\/blog.holyart.it\/fr\/#\/schema\/person\/0a7b686e5af0f856ec1e390dd0baecda\"},\"headline\":\"Notre-Dame de Fatima : p\u00e9nitence et pri\u00e8re sont le salut\",\"datePublished\":\"2021-04-15T08:35:16+00:00\",\"dateModified\":\"2023-05-16T09:40:37+00:00\",\"mainEntityOfPage\":{\"@id\":\"https:\/\/blog.holyart.it\/fr\/occasions-speciales\/notre-dame-de-fatima-penitence-et-priere-sont-le-salut\/\"},\"wordCount\":3303,\"publisher\":{\"@id\":\"https:\/\/blog.holyart.it\/fr\/#organization\"},\"image\":{\"@id\":\"https:\/\/blog.holyart.it\/fr\/occasions-speciales\/notre-dame-de-fatima-penitence-et-priere-sont-le-salut\/#primaryimage\"},\"thumbnailUrl\":\"https:\/\/blog.holyart.it\/fr\/wp-content\/uploads\/sites\/14\/2021\/04\/statues-de-berger.jpg\",\"articleSection\":[\"Occasions sp\u00e9ciales\"],\"inLanguage\":\"fr-FR\"},{\"@type\":\"WebPage\",\"@id\":\"https:\/\/blog.holyart.it\/fr\/occasions-speciales\/notre-dame-de-fatima-penitence-et-priere-sont-le-salut\/\",\"url\":\"https:\/\/blog.holyart.it\/fr\/occasions-speciales\/notre-dame-de-fatima-penitence-et-priere-sont-le-salut\/\",\"name\":\"Notre-Dame de Fatima : p\u00e9nitence et pri\u00e8re sont le salut - Holyart.fr Blog\",\"isPartOf\":{\"@id\":\"https:\/\/blog.holyart.it\/fr\/#website\"},\"primaryImageOfPage\":{\"@id\":\"https:\/\/blog.holyart.it\/fr\/occasions-speciales\/notre-dame-de-fatima-penitence-et-priere-sont-le-salut\/#primaryimage\"},\"image\":{\"@id\":\"https:\/\/blog.holyart.it\/fr\/occasions-speciales\/notre-dame-de-fatima-penitence-et-priere-sont-le-salut\/#primaryimage\"},\"thumbnailUrl\":\"https:\/\/blog.holyart.it\/fr\/wp-content\/uploads\/sites\/14\/2021\/04\/statues-de-berger.jpg\",\"datePublished\":\"2021-04-15T08:35:16+00:00\",\"dateModified\":\"2023-05-16T09:40:37+00:00\",\"description\":\"Le 13 Mai nous f\u00eatons Notre-Dame de Fatima. Son invitation \u00e0 la p\u00e9nitence et \u00e0 la pri\u00e8re en tant qu\u2019instruments de salut est aujourd\u2019hui \u00e9galement actuelle.\",\"breadcrumb\":{\"@id\":\"https:\/\/blog.holyart.it\/fr\/occasions-speciales\/notre-dame-de-fatima-penitence-et-priere-sont-le-salut\/#breadcrumb\"},\"inLanguage\":\"fr-FR\",\"potentialAction\":[{\"@type\":\"ReadAction\",\"target\":[\"https:\/\/blog.holyart.it\/fr\/occasions-speciales\/notre-dame-de-fatima-penitence-et-priere-sont-le-salut\/\"]}]},{\"@type\":\"ImageObject\",\"inLanguage\":\"fr-FR\",\"@id\":\"https:\/\/blog.holyart.it\/fr\/occasions-speciales\/notre-dame-de-fatima-penitence-et-priere-sont-le-salut\/#primaryimage\",\"url\":\"https:\/\/blog.holyart.it\/fr\/wp-content\/uploads\/sites\/14\/2021\/04\/statues-de-berger.jpg\",\"contentUrl\":\"https:\/\/blog.holyart.it\/fr\/wp-content\/uploads\/sites\/14\/2021\/04\/statues-de-berger.jpg\",\"width\":1000,\"height\":664,\"caption\":\"statues de berger\"},{\"@type\":\"BreadcrumbList\",\"@id\":\"https:\/\/blog.holyart.it\/fr\/occasions-speciales\/notre-dame-de-fatima-penitence-et-priere-sont-le-salut\/#breadcrumb\",\"itemListElement\":[{\"@type\":\"ListItem\",\"position\":1,\"name\":\"Homepage\",\"item\":\"https:\/\/blog.holyart.it\/fr\/\"},{\"@type\":\"ListItem\",\"position\":2,\"name\":\"Occasions sp\u00e9ciales\",\"item\":\"https:\/\/blog.holyart.it\/fr\/occasions-speciales\/\"},{\"@type\":\"ListItem\",\"position\":3,\"name\":\"Notre-Dame de Fatima : p\u00e9nitence et pri\u00e8re sont le salut\"}]},{\"@type\":\"WebSite\",\"@id\":\"https:\/\/blog.holyart.it\/fr\/#website\",\"url\":\"https:\/\/blog.holyart.it\/fr\/\",\"name\":\"Holyart.fr Blog\",\"description\":\"Holyblog\",\"publisher\":{\"@id\":\"https:\/\/blog.holyart.it\/fr\/#organization\"},\"potentialAction\":[{\"@type\":\"SearchAction\",\"target\":{\"@type\":\"EntryPoint\",\"urlTemplate\":\"https:\/\/blog.holyart.it\/fr\/?s={search_term_string}\"},\"query-input\":{\"@type\":\"PropertyValueSpecification\",\"valueRequired\":true,\"valueName\":\"search_term_string\"}}],\"inLanguage\":\"fr-FR\"},{\"@type\":\"Organization\",\"@id\":\"https:\/\/blog.holyart.it\/fr\/#organization\",\"name\":\"Holyart.fr Blog\",\"url\":\"https:\/\/blog.holyart.it\/fr\/\",\"logo\":{\"@type\":\"ImageObject\",\"inLanguage\":\"fr-FR\",\"@id\":\"https:\/\/blog.holyart.it\/fr\/#\/schema\/logo\/image\/\",\"url\":\"https:\/\/blog.holyart.it\/fr\/wp-content\/uploads\/sites\/14\/2022\/12\/Holyart_Blog_Logo.jpg\",\"contentUrl\":\"https:\/\/blog.holyart.it\/fr\/wp-content\/uploads\/sites\/14\/2022\/12\/Holyart_Blog_Logo.jpg\",\"width\":300,\"height\":50,\"caption\":\"Holyart.fr Blog\"},\"image\":{\"@id\":\"https:\/\/blog.holyart.it\/fr\/#\/schema\/logo\/image\/\"}},{\"@type\":\"Person\",\"@id\":\"https:\/\/blog.holyart.it\/fr\/#\/schema\/person\/0a7b686e5af0f856ec1e390dd0baecda\",\"name\":\"Redazione\",\"image\":{\"@type\":\"ImageObject\",\"inLanguage\":\"fr-FR\",\"@id\":\"https:\/\/blog.holyart.it\/fr\/#\/schema\/person\/image\/\",\"url\":\"https:\/\/secure.gravatar.com\/avatar\/f477da817f43e50d0af36abecd33e3edf826c68299714bdc1057dff3b113f516?s=96&d=mm&r=g\",\"contentUrl\":\"https:\/\/secure.gravatar.com\/avatar\/f477da817f43e50d0af36abecd33e3edf826c68299714bdc1057dff3b113f516?s=96&d=mm&r=g\",\"caption\":\"Redazione\"},\"url\":\"https:\/\/blog.holyart.it\/fr\/author\/admin\/\"}]}<\/script>\n<!-- \/ Yoast SEO plugin. -->","yoast_head_json":{"title":"Notre-Dame de Fatima : p\u00e9nitence et pri\u00e8re sont le salut - Holyart.fr Blog","description":"Le 13 Mai nous f\u00eatons Notre-Dame de Fatima. Son invitation \u00e0 la p\u00e9nitence et \u00e0 la pri\u00e8re en tant qu\u2019instruments de salut est aujourd\u2019hui \u00e9galement actuelle.","robots":{"index":"index","follow":"follow","max-snippet":"max-snippet:-1","max-image-preview":"max-image-preview:large","max-video-preview":"max-video-preview:-1"},"canonical":"https:\/\/blog.holyart.it\/fr\/occasions-speciales\/notre-dame-de-fatima-penitence-et-priere-sont-le-salut\/","og_locale":"fr_FR","og_type":"article","og_title":"Notre-Dame de Fatima : p\u00e9nitence et pri\u00e8re sont le salut - Holyart.fr Blog","og_description":"Le 13 Mai nous f\u00eatons Notre-Dame de Fatima. Son invitation \u00e0 la p\u00e9nitence et \u00e0 la pri\u00e8re en tant qu\u2019instruments de salut est aujourd\u2019hui \u00e9galement actuelle.","og_url":"https:\/\/blog.holyart.it\/fr\/occasions-speciales\/notre-dame-de-fatima-penitence-et-priere-sont-le-salut\/","og_site_name":"Holyart.fr Blog","article_published_time":"2021-04-15T08:35:16+00:00","article_modified_time":"2023-05-16T09:40:37+00:00","og_image":[{"width":1000,"height":664,"url":"https:\/\/blog.holyart.it\/fr\/wp-content\/uploads\/sites\/14\/2021\/04\/statues-de-berger.jpg","type":"image\/jpeg"}],"author":"Redazione","twitter_card":"summary_large_image","twitter_misc":{"\u00c9crit par":"Redazione","Dur\u00e9e de lecture estim\u00e9e":"16 minutes"},"schema":{"@context":"https:\/\/schema.org","@graph":[{"@type":"Article","@id":"https:\/\/blog.holyart.it\/fr\/occasions-speciales\/notre-dame-de-fatima-penitence-et-priere-sont-le-salut\/#article","isPartOf":{"@id":"https:\/\/blog.holyart.it\/fr\/occasions-speciales\/notre-dame-de-fatima-penitence-et-priere-sont-le-salut\/"},"author":{"name":"Redazione","@id":"https:\/\/blog.holyart.it\/fr\/#\/schema\/person\/0a7b686e5af0f856ec1e390dd0baecda"},"headline":"Notre-Dame de Fatima : p\u00e9nitence et pri\u00e8re sont le salut","datePublished":"2021-04-15T08:35:16+00:00","dateModified":"2023-05-16T09:40:37+00:00","mainEntityOfPage":{"@id":"https:\/\/blog.holyart.it\/fr\/occasions-speciales\/notre-dame-de-fatima-penitence-et-priere-sont-le-salut\/"},"wordCount":3303,"publisher":{"@id":"https:\/\/blog.holyart.it\/fr\/#organization"},"image":{"@id":"https:\/\/blog.holyart.it\/fr\/occasions-speciales\/notre-dame-de-fatima-penitence-et-priere-sont-le-salut\/#primaryimage"},"thumbnailUrl":"https:\/\/blog.holyart.it\/fr\/wp-content\/uploads\/sites\/14\/2021\/04\/statues-de-berger.jpg","articleSection":["Occasions sp\u00e9ciales"],"inLanguage":"fr-FR"},{"@type":"WebPage","@id":"https:\/\/blog.holyart.it\/fr\/occasions-speciales\/notre-dame-de-fatima-penitence-et-priere-sont-le-salut\/","url":"https:\/\/blog.holyart.it\/fr\/occasions-speciales\/notre-dame-de-fatima-penitence-et-priere-sont-le-salut\/","name":"Notre-Dame de Fatima : p\u00e9nitence et pri\u00e8re sont le salut - Holyart.fr Blog","isPartOf":{"@id":"https:\/\/blog.holyart.it\/fr\/#website"},"primaryImageOfPage":{"@id":"https:\/\/blog.holyart.it\/fr\/occasions-speciales\/notre-dame-de-fatima-penitence-et-priere-sont-le-salut\/#primaryimage"},"image":{"@id":"https:\/\/blog.holyart.it\/fr\/occasions-speciales\/notre-dame-de-fatima-penitence-et-priere-sont-le-salut\/#primaryimage"},"thumbnailUrl":"https:\/\/blog.holyart.it\/fr\/wp-content\/uploads\/sites\/14\/2021\/04\/statues-de-berger.jpg","datePublished":"2021-04-15T08:35:16+00:00","dateModified":"2023-05-16T09:40:37+00:00","description":"Le 13 Mai nous f\u00eatons Notre-Dame de Fatima. Son invitation \u00e0 la p\u00e9nitence et \u00e0 la pri\u00e8re en tant qu\u2019instruments de salut est aujourd\u2019hui \u00e9galement actuelle.","breadcrumb":{"@id":"https:\/\/blog.holyart.it\/fr\/occasions-speciales\/notre-dame-de-fatima-penitence-et-priere-sont-le-salut\/#breadcrumb"},"inLanguage":"fr-FR","potentialAction":[{"@type":"ReadAction","target":["https:\/\/blog.holyart.it\/fr\/occasions-speciales\/notre-dame-de-fatima-penitence-et-priere-sont-le-salut\/"]}]},{"@type":"ImageObject","inLanguage":"fr-FR","@id":"https:\/\/blog.holyart.it\/fr\/occasions-speciales\/notre-dame-de-fatima-penitence-et-priere-sont-le-salut\/#primaryimage","url":"https:\/\/blog.holyart.it\/fr\/wp-content\/uploads\/sites\/14\/2021\/04\/statues-de-berger.jpg","contentUrl":"https:\/\/blog.holyart.it\/fr\/wp-content\/uploads\/sites\/14\/2021\/04\/statues-de-berger.jpg","width":1000,"height":664,"caption":"statues de berger"},{"@type":"BreadcrumbList","@id":"https:\/\/blog.holyart.it\/fr\/occasions-speciales\/notre-dame-de-fatima-penitence-et-priere-sont-le-salut\/#breadcrumb","itemListElement":[{"@type":"ListItem","position":1,"name":"Homepage","item":"https:\/\/blog.holyart.it\/fr\/"},{"@type":"ListItem","position":2,"name":"Occasions sp\u00e9ciales","item":"https:\/\/blog.holyart.it\/fr\/occasions-speciales\/"},{"@type":"ListItem","position":3,"name":"Notre-Dame de Fatima : p\u00e9nitence et pri\u00e8re sont le salut"}]},{"@type":"WebSite","@id":"https:\/\/blog.holyart.it\/fr\/#website","url":"https:\/\/blog.holyart.it\/fr\/","name":"Holyart.fr Blog","description":"Holyblog","publisher":{"@id":"https:\/\/blog.holyart.it\/fr\/#organization"},"potentialAction":[{"@type":"SearchAction","target":{"@type":"EntryPoint","urlTemplate":"https:\/\/blog.holyart.it\/fr\/?s={search_term_string}"},"query-input":{"@type":"PropertyValueSpecification","valueRequired":true,"valueName":"search_term_string"}}],"inLanguage":"fr-FR"},{"@type":"Organization","@id":"https:\/\/blog.holyart.it\/fr\/#organization","name":"Holyart.fr Blog","url":"https:\/\/blog.holyart.it\/fr\/","logo":{"@type":"ImageObject","inLanguage":"fr-FR","@id":"https:\/\/blog.holyart.it\/fr\/#\/schema\/logo\/image\/","url":"https:\/\/blog.holyart.it\/fr\/wp-content\/uploads\/sites\/14\/2022\/12\/Holyart_Blog_Logo.jpg","contentUrl":"https:\/\/blog.holyart.it\/fr\/wp-content\/uploads\/sites\/14\/2022\/12\/Holyart_Blog_Logo.jpg","width":300,"height":50,"caption":"Holyart.fr Blog"},"image":{"@id":"https:\/\/blog.holyart.it\/fr\/#\/schema\/logo\/image\/"}},{"@type":"Person","@id":"https:\/\/blog.holyart.it\/fr\/#\/schema\/person\/0a7b686e5af0f856ec1e390dd0baecda","name":"Redazione","image":{"@type":"ImageObject","inLanguage":"fr-FR","@id":"https:\/\/blog.holyart.it\/fr\/#\/schema\/person\/image\/","url":"https:\/\/secure.gravatar.com\/avatar\/f477da817f43e50d0af36abecd33e3edf826c68299714bdc1057dff3b113f516?s=96&d=mm&r=g","contentUrl":"https:\/\/secure.gravatar.com\/avatar\/f477da817f43e50d0af36abecd33e3edf826c68299714bdc1057dff3b113f516?s=96&d=mm&r=g","caption":"Redazione"},"url":"https:\/\/blog.holyart.it\/fr\/author\/admin\/"}]}},"_links":{"self":[{"href":"https:\/\/blog.holyart.it\/fr\/wp-json\/wp\/v2\/posts\/2843","targetHints":{"allow":["GET"]}}],"collection":[{"href":"https:\/\/blog.holyart.it\/fr\/wp-json\/wp\/v2\/posts"}],"about":[{"href":"https:\/\/blog.holyart.it\/fr\/wp-json\/wp\/v2\/types\/post"}],"author":[{"embeddable":true,"href":"https:\/\/blog.holyart.it\/fr\/wp-json\/wp\/v2\/users\/1"}],"replies":[{"embeddable":true,"href":"https:\/\/blog.holyart.it\/fr\/wp-json\/wp\/v2\/comments?post=2843"}],"version-history":[{"count":1,"href":"https:\/\/blog.holyart.it\/fr\/wp-json\/wp\/v2\/posts\/2843\/revisions"}],"predecessor-version":[{"id":6283,"href":"https:\/\/blog.holyart.it\/fr\/wp-json\/wp\/v2\/posts\/2843\/revisions\/6283"}],"wp:featuredmedia":[{"embeddable":true,"href":"https:\/\/blog.holyart.it\/fr\/wp-json\/wp\/v2\/media\/2844"}],"wp:attachment":[{"href":"https:\/\/blog.holyart.it\/fr\/wp-json\/wp\/v2\/media?parent=2843"}],"wp:term":[{"taxonomy":"category","embeddable":true,"href":"https:\/\/blog.holyart.it\/fr\/wp-json\/wp\/v2\/categories?post=2843"},{"taxonomy":"post_tag","embeddable":true,"href":"https:\/\/blog.holyart.it\/fr\/wp-json\/wp\/v2\/tags?post=2843"}],"curies":[{"name":"wp","href":"https:\/\/api.w.org\/{rel}","templated":true}]}}