{"id":2829,"date":"2021-04-13T10:41:01","date_gmt":"2021-04-13T08:41:01","guid":{"rendered":"https:\/\/blog.holyart.it\/fr\/?p=2829"},"modified":"2024-07-15T15:49:47","modified_gmt":"2024-07-15T13:49:47","slug":"sainte-claire-embrassa-la-pauvrete-sur-les-traces-de-saint-francois","status":"publish","type":"post","link":"https:\/\/blog.holyart.it\/fr\/saints-et-bienheureux\/sainte-claire-embrassa-la-pauvrete-sur-les-traces-de-saint-francois\/","title":{"rendered":"Sainte Claire embrassa la pauvret\u00e9, sur les traces de Saint Fran\u00e7ois"},"content":{"rendered":"<h4 style=\"text-align: center;\"><em>Sainte Claire suivit l\u2019exemple de Saint Fran\u00e7ois, en renon\u00e7ant \u00e0 tous ses biens et en sacrifiant sa jeune vie \u00e0 J\u00e9sus. Le 11 ao\u00fbt, nous f\u00eatons cette femme exceptionnelle.<\/em><\/h4>\n\n<p>Il est rare d\u2019entendre nommer Sainte Claire d\u2019Assise sans qu\u2019elle soit associ\u00e9e au nom de son concitoyen et grand ami <strong>Saint Fran\u00e7ois<\/strong>.<\/p>\n<p>Les deux jeunes furent en effet li\u00e9s par une <strong>amiti\u00e9 si tendre et si profonde<\/strong> qu\u2019elle devint partie int\u00e9grante de leur processus de foi et de leur mission dans cette terre. De ce lien si sp\u00e9cial, qui <em>faisait sourire Dieu<\/em>, nous vous l\u2019avons d\u00e9j\u00e0 racont\u00e9 en parlant de la Journ\u00e9e Mondiale de l\u2019Amiti\u00e9, f\u00eat\u00e9e le 30 juillet.<\/p>\n<p>Mais Sainte Claire m\u00e9rite d\u2019\u00eatre rappel\u00e9e et c\u00e9l\u00e9br\u00e9e non seulement en vertu de son lien unique et sp\u00e9cial avec le petit pauvre d\u2019Assise. Le <strong>courage et l\u2019esprit de sacrifice<\/strong> d\u00e9montr\u00e9s par cette jeune fille qui d\u00e9cida d\u2019abandonner tous les privil\u00e8ges que sa naissance illustre lui aurait garanti afin d\u2019embrasser un style de vie \u00e0 la limite de l\u2019indigence, sont \u00e0 admirer, au-del\u00e0 de l\u2019inspiration qui les a encourag\u00e9s. Cette jeune fille, appartenant \u00e0 une des familles les plus riches et en vue d\u2019Assise, arriva \u00e0 supplier en personne pape Gr\u00e9goire IX afin d\u2019obtenir le \u00ab\u00a0<strong>privil\u00e8ge de la pauvret\u00e9<\/strong>\u00a0\u00bb.<\/p>\n<div class=\"link-product\">\n<div class=\"blocco-immagine\"><img loading=\"lazy\" decoding=\"async\" class=\"size-full wp-image-2833 alignnone\" src=\"https:\/\/blog.holyart.it\/fr\/wp-content\/uploads\/sites\/14\/2021\/04\/croix-de-lamitie-argent.jpg\" alt=\"croix de lamitie argent\" width=\"100\" height=\"100\" data-kale-share-title=\"Sainte Claire embrassa la pauvret\u00e9, sur les traces de Saint Fran\u00e7ois\" data-kale-share-url=\"https:\/\/blog.holyart.it\/fr\/articles-religieux\/sainte-claire-embrassa-la-pauvrete-sur-les-traces-de-saint-francois\/\" \/><\/div>\n<div class=\"blocco-contenuto\">\n<div class=\"blocco-acquista\">Acheter sur Holyart:<\/div>\n<div class=\"blocco-titolo\"><a href=\"https:\/\/www.holyart.fr\/articles-religieux\/bijoux-religieux\/pendentifs-croix-et-broches\/croix-de-lamitie-argent-925-avec-caoutchouc\">Croix de l&rsquo;Amiti\u00e9 argent<\/a><\/div>\n<div class=\"blocco-descrizione\">Pendentif r\u00e9alis\u00e9e en argent 925 par des professionnels<\/div>\n<\/div>\n<\/div>\n<p>Cette d\u00e9termination, cette volont\u00e9 de d\u00e9dier son existence \u00e0 une valeur spirituelle transcendent, en imitant J\u00e9sus jusqu\u2019\u00e0 se sentir une seule et unique chose avec lui, sont des m\u00e9rites que Sainte Claire a su gagner \u00e0 elle seule.<\/p>\n<p>Ceci pour rappeler que il y a eu beaucoup de femmes qui ont chang\u00e9 l\u2019\u00e9glise et le monde, sans n\u00e9cessairement l\u2019aide des hommes. Sainte Claire, fondatrice des Clarisses, devenue Sainte Protectrice de la t\u00e9l\u00e9vision et des t\u00e9l\u00e9communications, m\u00e9rite d\u2019\u00eatre consid\u00e9r\u00e9e comme une d\u2019entre elles. Concernant ce patronat si particulier, qui lui a \u00e9t\u00e9 attribu\u00e9 en 1958 par pape Pie XII, il nait de la l\u00e9gende selon laquelle Sainte Claire ne peut pas participer \u00e0 la messe de No\u00ebl c\u00e9l\u00e9br\u00e9e par Saint Fran\u00e7ois, car indispos\u00e9e. La messe lui serait apparue comme une vision et, avec elle, m\u00eame un ange qui lui amena l\u2019Eucharistie qu\u2019elle n\u2019aurait pas re\u00e7u autrement.<\/p>\n<h2>Sainte Claire et sa rencontre avec Saint Fran\u00e7ois<\/h2>\n<p>Il reste tout de m\u00eame vrai que ce qui suscita en elle la ferveur religieuse et la r\u00e9bellion contre le futur ais\u00e9 que sa famille lui avait destin\u00e9 fut quasi surement le geste de ce gar\u00e7on hors du commun qui, pendant l\u2019hiver de 1206, scandalisa Assise en se d\u00e9shabillant de ses riches habits au Palace \u00e9piscopale, afin de les rendre \u00e0 son p\u00e8re, Pietro di Bernardone.<\/p>\n<p>Le gar\u00e7on \u00e9tait <strong>Saint Fran\u00e7ois<\/strong>, et Claire n\u2019avait que douze ans, mais nous aimons penser que ce jour-l\u00e0, devant cet acte inconcevable effectu\u00e9 devant tous les nobles d\u2019Ombrie, la graine de la saintet\u00e9 ait pris en elle. En tout cas, elle n\u2019oublia surement pas ce gar\u00e7on, qu\u2019elle continua de suivre de loin, gr\u00e2ce aux comptes rendus de Rufin, un des jeunes qui suivit Fran\u00e7ois, qui \u00e9tait \u00e9galement un cousin de la jeune fille.<\/p>\n<div class=\"link-product\">\n<div class=\"blocco-immagine\"><img loading=\"lazy\" decoding=\"async\" class=\"alignnone size-full wp-image-2834\" src=\"https:\/\/blog.holyart.it\/fr\/wp-content\/uploads\/sites\/14\/2021\/04\/saint-francois-dassise.jpg\" alt=\"saint francois dassise\" width=\"100\" height=\"100\" data-kale-share-title=\"Sainte Claire embrassa la pauvret\u00e9, sur les traces de Saint Fran\u00e7ois\" data-kale-share-url=\"https:\/\/blog.holyart.it\/fr\/articles-religieux\/sainte-claire-embrassa-la-pauvrete-sur-les-traces-de-saint-francois\/\" \/><\/div>\n<div class=\"blocco-contenuto\">\n<div class=\"blocco-acquista\">Acheter sur Holyart:<\/div>\n<div class=\"blocco-titolo\"><a href=\"https:\/\/www.holyart.fr\/articles-religieux\/statues\/statues-en-bois-peint\/saint-francois-dassise-avec-animaux-bois-val-gardena\">Saint Fran\u00e7ois d&rsquo;Assise<\/a><\/div>\n<div class=\"blocco-descrizione\">Statue peinte \u00e0 la main avec couleurs \u00e0 l&rsquo;huile<\/div>\n<\/div>\n<\/div>\n<p><a href=\"https:\/\/www.holyart.fr\/articles-religieux\/statues\/statues-en-bois-peint\/statue-sainte-claire-dassise-avec-ostensoir-bois-peint-val-gardena\"><strong>Sainte Claire<\/strong><\/a> m\u00fbrit son choix de vie et de foi au cours des sept ann\u00e9es qui suivirent. Nous ne pouvons surement pas parler d\u2019un acte irr\u00e9fl\u00e9chi ou dict\u00e9 par simple \u00e9mulation ! Nous ne savons pas grand-chose de sa vie pendant ces ann\u00e9es, \u00e0 part qu\u2019elle \u00e9tait une jeune fille timide, port\u00e9e vers la vie contemplative, et qui apprit t\u00f4t le don de la charit\u00e9 gr\u00e2ce \u00e0 sa m\u00e8re.<\/p>\n<p>Le jeune Fran\u00e7ois lui fournit surement le mod\u00e8le de vie et de vocation spirituelle qu\u2019elle d\u00e9cida enfin d\u2019embrasser. \u00c0 dix-huit ans \u00e0 peine, Claire se rendit aupr\u00e8s de lui \u00e0 la recherche d\u2019un conseil, et Fran\u00e7ois fut heureux de l\u2019aider \u00e0 fuir sa maison et sa famille, le soir du <strong>Dimanche des Rameaux<\/strong> en 1211. Entre les murs d\u00e9labr\u00e9s et pourtant respirant la spiritualit\u00e9 de la Portioncule, Fran\u00e7ois lui coupa les cheveux et lui offrit l\u2019habit de ses fr\u00e8res franciscains. Avec moins de clameur par rapport \u00e0 son ami, mais avec le m\u00eame courage, elle fit son choix de vie et de foi.<\/p>\n<p>Pendant quelques temps, Claire dut fuir les insistances de sa famille qui la voulait de retour \u00e0 la maison. Elle se r\u00e9fugia dans le monast\u00e8re b\u00e9n\u00e9dictin de <strong>San Paolo della Abbadesse<\/strong>, \u00e0 Bastia Umbra. On raconte que ses parents tent\u00e8rent m\u00eame de la kidnapper, surtout apr\u00e8s que sa s\u0153ur Catherine d\u00e9cida d\u2019imiter son geste et de la suivre en devenant Agn\u00e8s d\u2019Assise. Ensemble elles se d\u00e9plac\u00e8rent \u00e0 <strong>Saint-Ange de Panzo<\/strong>, toujours poursuivies par leur famille, mais aucune menace, aucune flatterie ne sut convaincre les deux jeunes s\u0153urs \u00e0 revenir sur leur d\u00e9cision.<\/p>\n<p>Entretemps, Fran\u00e7ois et ses fr\u00e8res \u00e9taient en train de pr\u00e9parer un logement pour Claire et Agn\u00e8s dans l\u2019<strong>\u00c9glise de Saint-Damien<\/strong>, o\u00f9 \u00e9tait conserv\u00e9 le crucifix devant lequel le jeune Saint avait rencontr\u00e9 sa conversion. C\u2019\u00e9tait en effet devant ce m\u00eame crucifix que Fran\u00e7ois avait re\u00e7u par le Seigneur l\u2019appel \u00e0 travailler pour renouveler Son \u00e9glise.<\/p>\n<div class=\"link-product\">\n<div class=\"blocco-immagine\"><img loading=\"lazy\" decoding=\"async\" class=\"alignnone size-full wp-image-2835\" src=\"https:\/\/blog.holyart.it\/fr\/wp-content\/uploads\/sites\/14\/2021\/04\/crucifix-de-st-damien-sur-bois.jpg\" alt=\"crucifix de st-damien sur bois\" width=\"100\" height=\"100\" data-kale-share-title=\"Sainte Claire embrassa la pauvret\u00e9, sur les traces de Saint Fran\u00e7ois\" data-kale-share-url=\"https:\/\/blog.holyart.it\/fr\/articles-religieux\/sainte-claire-embrassa-la-pauvrete-sur-les-traces-de-saint-francois\/\" \/><\/div>\n<div class=\"blocco-contenuto\">\n<div class=\"blocco-acquista\">Acheter sur Holyart:<\/div>\n<div class=\"blocco-titolo\"><a href=\"https:\/\/www.holyart.fr\/articles-religieux\/crucifix\/crucifix-en-bois\/crucifix-de-st-damien-imprime-sur-bois\">Crucifix de St Damien<\/a><\/div>\n<div class=\"blocco-descrizione\">Crucifix mural r\u00e9alis\u00e9 de mani\u00e8re artisanale en Italie<\/div>\n<\/div>\n<\/div>\n<p>Dans l\u2019\u00e9glise de Saint-Damien, Sainte Claire fonda les \u00ab\u00a0<strong>Pauvres Dames de Saint Damian<\/strong>\u00a0\u00bb, le future Ordre des Clarisses.<\/p>\n<h2>Le lien qui unissait Sait Fran\u00e7ois et Sainte Claire<\/h2>\n<p>Claire et Fran\u00e7ois \u00e9taient li\u00e9s par une amiti\u00e9 profonde, qui n\u2019avait rien de l\u2019amour charnel qui peut unir un homme et une femme. Une <strong>affinit\u00e9<\/strong> <strong>\u00e9lective<\/strong>, un lien spirituel fait d\u2019estime, respect et constante incitation r\u00e9ciproque.<\/p>\n<p>Ensemble, ces deux magnifiques jeunes <strong>regardaient dans la m\u00eame direction<\/strong>, et dans cette direction ils poursuivaient, anim\u00e9s par la volont\u00e9 commune d\u2019<strong>imiter et de se rapprocher de Christ <\/strong>un jour apr\u00e8s l\u2019autre, un pas \u00e0 la fois.<br \/>\nSi regarder dans la m\u00eame direction signifie s\u2019aimer, alors Fran\u00e7ois et Claire s\u2019aim\u00e8rent, surement, d\u2019une mani\u00e8re unique et sp\u00e9ciale.<\/p>\n<p>Ce fut pour Claire que Fran\u00e7ois entonna son Cantique des cr\u00e9atures\u00a0dans l\u2019\u00e9glise de San Damiano, peu avant de mourir. Le Cantique est en m\u00eame temps , o\u00f9 l\u2019amour est celui pour toutes les cr\u00e9atures de Dieu, que Fran\u00e7ois et Claire partageaient.<\/p>\n<div class=\"link-article\">\n<p><img loading=\"lazy\" decoding=\"async\" class=\"alignleft size-full wp-image-2838\" src=\"https:\/\/blog.holyart.it\/fr\/wp-content\/uploads\/sites\/14\/2021\/04\/cantique-des-creatures.jpg\" alt=\"cantique des creatures\" width=\"150\" height=\"99\" data-kale-share-title=\"Sainte Claire embrassa la pauvret\u00e9, sur les traces de Saint Fran\u00e7ois\" data-kale-share-url=\"https:\/\/blog.holyart.it\/fr\/articles-religieux\/sainte-claire-embrassa-la-pauvrete-sur-les-traces-de-saint-francois\/\" \/><\/p>\n<div class=\"leggi-anche\">Lire aussi :<\/div>\n<p><strong><a href=\"https:\/\/www.holyart.fr\/blog\/saints-et-bienheureux\/le-cantique-des-creatures-de-saint-francois\/\">Le cantique des cr\u00e9atures de Saint Fran\u00e7ois<\/a><\/strong><br \/>\nSaint Fran\u00e7ois d\u2019Assise est un des saints les plus aim\u00e9s de l\u2019\u00c9glise. Le Cantique des cr\u00e9atures, une pri\u00e8re qui est un po\u00e8me d\u2019amour.<\/p>\n<\/div>\n<p>Une amiti\u00e9 spirituelle donc, faite de <strong>partage de chaque chose<\/strong>, de la pauvret\u00e9 \u00e0 la d\u00e9votion, et, enfin, jusqu\u2019au <strong>chemin vers la saintet\u00e9<\/strong>.<\/p>\n<h2>L&rsquo;ordre des Clarisses<\/h2>\n<p>C\u2019est apr\u00e8s la mort de Sainte Claire que les \u00ab\u00a0Pauvres Dames recluses de Saint Damien\u00a0\u00bb d\u00e9virent les <strong>Clarisses<\/strong>. L\u2019histoire de l\u2019ordre ne fut pas toujours facile. \u00c0 cette \u00e9poque-l\u00e0, on consid\u00e9rait que le seul moyen que les femmes avaient pour vivre leur spiritualit\u00e9 et d\u00e9dier leur vie \u00e0 Dieu \u00e9tait la <strong>cl\u00f4ture<\/strong>, en pri\u00e8re et en p\u00e9nitence, compl\u00e8tement d\u00e9tach\u00e9es du monde. Mais pour pouvoir se permettre de vivre de cette mani\u00e8re, il fallait qu\u2019elles per\u00e7oivent une rente quelconque.<\/p>\n<div class=\"link-product\">\n<div class=\"blocco-immagine\"><img loading=\"lazy\" decoding=\"async\" class=\"alignnone size-full wp-image-2839\" src=\"https:\/\/blog.holyart.it\/fr\/wp-content\/uploads\/sites\/14\/2021\/04\/tapisserie-sainte-claire-50x40-cm.jpg\" alt=\"tapisserie sainte claire 50x40 cm\" width=\"100\" height=\"100\" data-kale-share-title=\"Sainte Claire embrassa la pauvret\u00e9, sur les traces de Saint Fran\u00e7ois\" data-kale-share-url=\"https:\/\/blog.holyart.it\/fr\/articles-religieux\/sainte-claire-embrassa-la-pauvrete-sur-les-traces-de-saint-francois\/\" \/><\/div>\n<div class=\"blocco-contenuto\">\n<div class=\"blocco-acquista\">Acheter sur Holyart:<\/div>\n<div class=\"blocco-titolo\"><a href=\"https:\/\/www.holyart.fr\/articles-religieux\/tapisseries-religieuses\/tapisserie-sainte-claire-50x40-cm\">Tapisserie Sainte Claire<\/a><\/div>\n<div class=\"blocco-descrizione\">Tapisserie en tissu Jacquard fini \u00e0 la main<\/div>\n<\/div>\n<\/div>\n<p>Claire, qui se sentait partie int\u00e9grante de l\u2019ordre franciscain, ne pouvait surement pas accepter de manquer \u00e0 la <strong>r\u00e8gle de la Pauvret\u00e9<\/strong> embrass\u00e9e par son ma\u00eetre et ami. En 1228, elle obtint de pape Gr\u00e9goire la bulle appel\u00e9e \u00ab\u00a0<strong>Privil\u00e8ge de la pauvret\u00e9<\/strong>\u00a0\u00bb, en vertu de laquelle elle et ses s\u0153urs pouvaient choisir de ne rien poss\u00e9der et de vivre de l\u2019aum\u00f4ne. Mais Claire d\u00fbt lutter pendant toute sa vie pour d\u00e9fendre ce privil\u00e8ge.<\/p>\n<p>Pendant longtemps, les monast\u00e8res des Pauvres Dames, ou Cordeli\u00e8res, n\u00e9s en s\u2019inspirant de celui qui \u00e9tait n\u00e9 \u00e0 Saint-Damien, suivirent la r\u00e8gle impos\u00e9e par le <strong>Cardinal Hugolin d\u2019Agnani<\/strong>, qui exigeait que les Dames fassent directement r\u00e9f\u00e9rence au Saint-Si\u00e8ge et non pas \u00e0 l\u2019\u00e9v\u00eaque, et qui pr\u00e9voyait des normes tr\u00e8s rigoureuses parmi lesquelles une <strong>cl\u00f4ture tr\u00e8s rigide<\/strong>, qui ne pouvait \u00eatre viol\u00e9e m\u00eame pas apr\u00e8s la mort. En effet, les Dames devaient \u00eatre enterr\u00e9es dans l\u2019enceinte du monast\u00e8re o\u00f9 elles avaient v\u00e9cu.<\/p>\n<p>Pour le Couvent de Saint-Damien, <strong>Claire \u00e9crit sa propre r\u00e8gle<\/strong>, qui emp\u00eachait \u00e0 ses cons\u0153urs d\u2019accepter donations et rentes, mais, apr\u00e8s sa mort, de nombreux monast\u00e8res ne la suivirent plus.<\/p>\n<p>Pape Urbain IV, en 1263, \u00e9crit une nouvelle R\u00e8gle, la premi\u00e8re \u00e9crite par un pape pour un ordre f\u00e9minin, en uniformisant la juridiction de tous les monast\u00e8res des Dames ou S\u0153urs Pauvres, qui \u00e0 partir de ce moment-l\u00e0 d\u00e9virent <strong>Clarisses<\/strong>.<\/p>\n<p>Celui des Clarisses est devenu ensuite le mod\u00e8le de vie pour toutes les <strong>moniales clo\u00eetr\u00e9es<\/strong>, m\u00eame celles appartenant \u00e0 d\u2019autres ordres.<\/p>\n<h2>Basilique de Sainte Claire<\/h2>\n<p>Claire mourut le 11 ao\u00fbt 1253 et, peu apr\u00e8s sa mort, on commen\u00e7a \u00e0 penser \u00e0 la n\u00e9cessit\u00e9 d\u2019\u00e9riger <strong>une \u00e9glise qui lui soit d\u00e9di\u00e9e<\/strong>. Les travaux de construction furent commenc\u00e9s pr\u00e8s de l\u2019\u00e9glise de Saint Georges, o\u00f9 la Sainte avait \u00e9t\u00e9 enterr\u00e9e de mani\u00e8re provisoire. Outre la Basilique qui lui est d\u00e9di\u00e9e, on voulut construire \u00e9galement un couvent pour les Clarisses de Saint-Damien. La Basilique de Sainte Claire est en pierre de Subasio, travaill\u00e9e en bandes roses et blanches. Le plafond est soutenu par des grands arcs-boutants. Avec sa nef unique et la galerie qui parcourt le p\u00e9rim\u00e8tre \u00e0 l\u2019int\u00e9rieur, elle ressemble beaucoup \u00e0 l\u2019\u00e9glise sup\u00e9rieure de Saint Fran\u00e7ois. La Basilique de Sainte Claire d\u2019Assise fut consacr\u00e9e le 6 septembre 1265 par Pape Cl\u00e9ment IV.<\/p>\n<div class=\"link-article\">\n<p><img loading=\"lazy\" decoding=\"async\" class=\"alignleft size-full wp-image-2840\" src=\"https:\/\/blog.holyart.it\/fr\/wp-content\/uploads\/sites\/14\/2021\/04\/Crucifix-de-Saint-Damien-1.jpg\" alt=\"Crucifix de Saint-Damien\" width=\"150\" height=\"99\" data-kale-share-title=\"Sainte Claire embrassa la pauvret\u00e9, sur les traces de Saint Fran\u00e7ois\" data-kale-share-url=\"https:\/\/blog.holyart.it\/fr\/articles-religieux\/sainte-claire-embrassa-la-pauvrete-sur-les-traces-de-saint-francois\/\" \/><\/p>\n<div class=\"leggi-anche\">Lire aussi :<\/div>\n<p><strong><a href=\"https:\/\/www.holyart.fr\/blog\/saints-et-bienheureux\/crucifix-de-saint-damien\/\">Crucifix de Saint-Damien<\/a><\/strong><br \/>\nLe crucifix de Saint-Damien est celui devant lequel saint Fran\u00e7ois avait l\u2019intention de prier<\/p>\n<\/div>\n<p>Dans la chapelle de Saint Georges, \u00e0 l\u2019int\u00e9rieur de la Basilique, en plus des reliques de Sainte Claire, on y conserve encore le Crucifix de Saint Damien, qui inspira Saint Fran\u00e7ois et qui eut un r\u00f4le important dans cette histoire d\u2019amiti\u00e9 et de foi.<\/p>\n","protected":false},"excerpt":{"rendered":"<p>Sainte Claire suivit l\u2019exemple de Saint Fran\u00e7ois, en renon\u00e7ant \u00e0 tous ses biens et en sacrifiant sa jeune vie \u00e0 J\u00e9sus. Le 11 ao\u00fbt, nous f\u00eatons cette femme exceptionnelle. Il est rare d\u2019entendre nommer Sainte Claire d\u2019Assise sans qu\u2019elle soit associ\u00e9e au nom de son&hellip;<\/p>\n","protected":false},"author":1,"featured_media":2830,"comment_status":"closed","ping_status":"open","sticky":false,"template":"","format":"standard","meta":{"_acf_changed":false,"footnotes":""},"categories":[7],"tags":[],"class_list":["post-2829","post","type-post","status-publish","format-standard","has-post-thumbnail","hentry","category-saints-et-bienheureux"],"acf":[],"yoast_head":"<!-- This site is optimized with the Yoast SEO plugin v26.6 - https:\/\/yoast.com\/wordpress\/plugins\/seo\/ -->\n<title>Sainte Claire embrassa la pauvret\u00e9, sur les traces de Saint Fran\u00e7ois<\/title>\n<meta name=\"description\" content=\"Sainte Claire suivit l\u2019exemple de Saint Fran\u00e7ois, en renon\u00e7ant \u00e0 tous ses biens et en sacrifiant sa jeune vie \u00e0 J\u00e9sus.\" \/>\n<meta name=\"robots\" content=\"index, follow, max-snippet:-1, max-image-preview:large, max-video-preview:-1\" \/>\n<link rel=\"canonical\" href=\"https:\/\/blog.holyart.it\/fr\/saints-et-bienheureux\/sainte-claire-embrassa-la-pauvrete-sur-les-traces-de-saint-francois\/\" \/>\n<meta property=\"og:locale\" content=\"fr_FR\" \/>\n<meta property=\"og:type\" content=\"article\" \/>\n<meta property=\"og:title\" content=\"Sainte Claire embrassa la pauvret\u00e9, sur les traces de Saint Fran\u00e7ois\" \/>\n<meta property=\"og:description\" content=\"Sainte Claire suivit l\u2019exemple de Saint Fran\u00e7ois, en renon\u00e7ant \u00e0 tous ses biens et en sacrifiant sa jeune vie \u00e0 J\u00e9sus.\" \/>\n<meta property=\"og:url\" content=\"https:\/\/blog.holyart.it\/fr\/saints-et-bienheureux\/sainte-claire-embrassa-la-pauvrete-sur-les-traces-de-saint-francois\/\" \/>\n<meta property=\"og:site_name\" content=\"Holyart.fr Blog\" \/>\n<meta property=\"article:published_time\" content=\"2021-04-13T08:41:01+00:00\" \/>\n<meta property=\"article:modified_time\" content=\"2024-07-15T13:49:47+00:00\" \/>\n<meta property=\"og:image\" content=\"https:\/\/blog.holyart.it\/fr\/wp-content\/uploads\/sites\/14\/2021\/04\/Claire-dAssise.jpeg\" \/>\n\t<meta property=\"og:image:width\" content=\"1000\" \/>\n\t<meta property=\"og:image:height\" content=\"662\" \/>\n\t<meta property=\"og:image:type\" content=\"image\/jpeg\" \/>\n<meta name=\"author\" content=\"Redazione\" \/>\n<meta name=\"twitter:card\" content=\"summary_large_image\" \/>\n<meta name=\"twitter:label1\" content=\"\u00c9crit par\" \/>\n\t<meta name=\"twitter:data1\" content=\"Redazione\" \/>\n\t<meta name=\"twitter:label2\" content=\"Dur\u00e9e de lecture estim\u00e9e\" \/>\n\t<meta name=\"twitter:data2\" content=\"10 minutes\" \/>\n<script type=\"application\/ld+json\" class=\"yoast-schema-graph\">{\"@context\":\"https:\/\/schema.org\",\"@graph\":[{\"@type\":\"Article\",\"@id\":\"https:\/\/blog.holyart.it\/fr\/saints-et-bienheureux\/sainte-claire-embrassa-la-pauvrete-sur-les-traces-de-saint-francois\/#article\",\"isPartOf\":{\"@id\":\"https:\/\/blog.holyart.it\/fr\/saints-et-bienheureux\/sainte-claire-embrassa-la-pauvrete-sur-les-traces-de-saint-francois\/\"},\"author\":{\"name\":\"Redazione\",\"@id\":\"https:\/\/blog.holyart.it\/fr\/#\/schema\/person\/0a7b686e5af0f856ec1e390dd0baecda\"},\"headline\":\"Sainte Claire embrassa la pauvret\u00e9, sur les traces de Saint Fran\u00e7ois\",\"datePublished\":\"2021-04-13T08:41:01+00:00\",\"dateModified\":\"2024-07-15T13:49:47+00:00\",\"mainEntityOfPage\":{\"@id\":\"https:\/\/blog.holyart.it\/fr\/saints-et-bienheureux\/sainte-claire-embrassa-la-pauvrete-sur-les-traces-de-saint-francois\/\"},\"wordCount\":1857,\"publisher\":{\"@id\":\"https:\/\/blog.holyart.it\/fr\/#organization\"},\"image\":{\"@id\":\"https:\/\/blog.holyart.it\/fr\/saints-et-bienheureux\/sainte-claire-embrassa-la-pauvrete-sur-les-traces-de-saint-francois\/#primaryimage\"},\"thumbnailUrl\":\"https:\/\/blog.holyart.it\/fr\/wp-content\/uploads\/sites\/14\/2021\/04\/Claire-dAssise.jpeg\",\"articleSection\":[\"Saints et Bienheureux\"],\"inLanguage\":\"fr-FR\"},{\"@type\":\"WebPage\",\"@id\":\"https:\/\/blog.holyart.it\/fr\/saints-et-bienheureux\/sainte-claire-embrassa-la-pauvrete-sur-les-traces-de-saint-francois\/\",\"url\":\"https:\/\/blog.holyart.it\/fr\/saints-et-bienheureux\/sainte-claire-embrassa-la-pauvrete-sur-les-traces-de-saint-francois\/\",\"name\":\"Sainte Claire embrassa la pauvret\u00e9, sur les traces de Saint Fran\u00e7ois\",\"isPartOf\":{\"@id\":\"https:\/\/blog.holyart.it\/fr\/#website\"},\"primaryImageOfPage\":{\"@id\":\"https:\/\/blog.holyart.it\/fr\/saints-et-bienheureux\/sainte-claire-embrassa-la-pauvrete-sur-les-traces-de-saint-francois\/#primaryimage\"},\"image\":{\"@id\":\"https:\/\/blog.holyart.it\/fr\/saints-et-bienheureux\/sainte-claire-embrassa-la-pauvrete-sur-les-traces-de-saint-francois\/#primaryimage\"},\"thumbnailUrl\":\"https:\/\/blog.holyart.it\/fr\/wp-content\/uploads\/sites\/14\/2021\/04\/Claire-dAssise.jpeg\",\"datePublished\":\"2021-04-13T08:41:01+00:00\",\"dateModified\":\"2024-07-15T13:49:47+00:00\",\"description\":\"Sainte Claire suivit l\u2019exemple de Saint Fran\u00e7ois, en renon\u00e7ant \u00e0 tous ses biens et en sacrifiant sa jeune vie \u00e0 J\u00e9sus.\",\"breadcrumb\":{\"@id\":\"https:\/\/blog.holyart.it\/fr\/saints-et-bienheureux\/sainte-claire-embrassa-la-pauvrete-sur-les-traces-de-saint-francois\/#breadcrumb\"},\"inLanguage\":\"fr-FR\",\"potentialAction\":[{\"@type\":\"ReadAction\",\"target\":[\"https:\/\/blog.holyart.it\/fr\/saints-et-bienheureux\/sainte-claire-embrassa-la-pauvrete-sur-les-traces-de-saint-francois\/\"]}]},{\"@type\":\"ImageObject\",\"inLanguage\":\"fr-FR\",\"@id\":\"https:\/\/blog.holyart.it\/fr\/saints-et-bienheureux\/sainte-claire-embrassa-la-pauvrete-sur-les-traces-de-saint-francois\/#primaryimage\",\"url\":\"https:\/\/blog.holyart.it\/fr\/wp-content\/uploads\/sites\/14\/2021\/04\/Claire-dAssise.jpeg\",\"contentUrl\":\"https:\/\/blog.holyart.it\/fr\/wp-content\/uploads\/sites\/14\/2021\/04\/Claire-dAssise.jpeg\",\"width\":1000,\"height\":662,\"caption\":\"Claire d'Assise\"},{\"@type\":\"BreadcrumbList\",\"@id\":\"https:\/\/blog.holyart.it\/fr\/saints-et-bienheureux\/sainte-claire-embrassa-la-pauvrete-sur-les-traces-de-saint-francois\/#breadcrumb\",\"itemListElement\":[{\"@type\":\"ListItem\",\"position\":1,\"name\":\"Homepage\",\"item\":\"https:\/\/blog.holyart.it\/fr\/\"},{\"@type\":\"ListItem\",\"position\":2,\"name\":\"Saints et Bienheureux\",\"item\":\"https:\/\/blog.holyart.it\/fr\/saints-et-bienheureux\/\"},{\"@type\":\"ListItem\",\"position\":3,\"name\":\"Sainte Claire embrassa la pauvret\u00e9, sur les traces de Saint Fran\u00e7ois\"}]},{\"@type\":\"WebSite\",\"@id\":\"https:\/\/blog.holyart.it\/fr\/#website\",\"url\":\"https:\/\/blog.holyart.it\/fr\/\",\"name\":\"Holyart.fr Blog\",\"description\":\"Holyblog\",\"publisher\":{\"@id\":\"https:\/\/blog.holyart.it\/fr\/#organization\"},\"potentialAction\":[{\"@type\":\"SearchAction\",\"target\":{\"@type\":\"EntryPoint\",\"urlTemplate\":\"https:\/\/blog.holyart.it\/fr\/?s={search_term_string}\"},\"query-input\":{\"@type\":\"PropertyValueSpecification\",\"valueRequired\":true,\"valueName\":\"search_term_string\"}}],\"inLanguage\":\"fr-FR\"},{\"@type\":\"Organization\",\"@id\":\"https:\/\/blog.holyart.it\/fr\/#organization\",\"name\":\"Holyart.fr Blog\",\"url\":\"https:\/\/blog.holyart.it\/fr\/\",\"logo\":{\"@type\":\"ImageObject\",\"inLanguage\":\"fr-FR\",\"@id\":\"https:\/\/blog.holyart.it\/fr\/#\/schema\/logo\/image\/\",\"url\":\"https:\/\/blog.holyart.it\/fr\/wp-content\/uploads\/sites\/14\/2022\/12\/Holyart_Blog_Logo.jpg\",\"contentUrl\":\"https:\/\/blog.holyart.it\/fr\/wp-content\/uploads\/sites\/14\/2022\/12\/Holyart_Blog_Logo.jpg\",\"width\":300,\"height\":50,\"caption\":\"Holyart.fr Blog\"},\"image\":{\"@id\":\"https:\/\/blog.holyart.it\/fr\/#\/schema\/logo\/image\/\"}},{\"@type\":\"Person\",\"@id\":\"https:\/\/blog.holyart.it\/fr\/#\/schema\/person\/0a7b686e5af0f856ec1e390dd0baecda\",\"name\":\"Redazione\",\"image\":{\"@type\":\"ImageObject\",\"inLanguage\":\"fr-FR\",\"@id\":\"https:\/\/blog.holyart.it\/fr\/#\/schema\/person\/image\/\",\"url\":\"https:\/\/secure.gravatar.com\/avatar\/f477da817f43e50d0af36abecd33e3edf826c68299714bdc1057dff3b113f516?s=96&d=mm&r=g\",\"contentUrl\":\"https:\/\/secure.gravatar.com\/avatar\/f477da817f43e50d0af36abecd33e3edf826c68299714bdc1057dff3b113f516?s=96&d=mm&r=g\",\"caption\":\"Redazione\"},\"url\":\"https:\/\/blog.holyart.it\/fr\/author\/admin\/\"}]}<\/script>\n<!-- \/ Yoast SEO plugin. -->","yoast_head_json":{"title":"Sainte Claire embrassa la pauvret\u00e9, sur les traces de Saint Fran\u00e7ois","description":"Sainte Claire suivit l\u2019exemple de Saint Fran\u00e7ois, en renon\u00e7ant \u00e0 tous ses biens et en sacrifiant sa jeune vie \u00e0 J\u00e9sus.","robots":{"index":"index","follow":"follow","max-snippet":"max-snippet:-1","max-image-preview":"max-image-preview:large","max-video-preview":"max-video-preview:-1"},"canonical":"https:\/\/blog.holyart.it\/fr\/saints-et-bienheureux\/sainte-claire-embrassa-la-pauvrete-sur-les-traces-de-saint-francois\/","og_locale":"fr_FR","og_type":"article","og_title":"Sainte Claire embrassa la pauvret\u00e9, sur les traces de Saint Fran\u00e7ois","og_description":"Sainte Claire suivit l\u2019exemple de Saint Fran\u00e7ois, en renon\u00e7ant \u00e0 tous ses biens et en sacrifiant sa jeune vie \u00e0 J\u00e9sus.","og_url":"https:\/\/blog.holyart.it\/fr\/saints-et-bienheureux\/sainte-claire-embrassa-la-pauvrete-sur-les-traces-de-saint-francois\/","og_site_name":"Holyart.fr Blog","article_published_time":"2021-04-13T08:41:01+00:00","article_modified_time":"2024-07-15T13:49:47+00:00","og_image":[{"width":1000,"height":662,"url":"https:\/\/blog.holyart.it\/fr\/wp-content\/uploads\/sites\/14\/2021\/04\/Claire-dAssise.jpeg","type":"image\/jpeg"}],"author":"Redazione","twitter_card":"summary_large_image","twitter_misc":{"\u00c9crit par":"Redazione","Dur\u00e9e de lecture estim\u00e9e":"10 minutes"},"schema":{"@context":"https:\/\/schema.org","@graph":[{"@type":"Article","@id":"https:\/\/blog.holyart.it\/fr\/saints-et-bienheureux\/sainte-claire-embrassa-la-pauvrete-sur-les-traces-de-saint-francois\/#article","isPartOf":{"@id":"https:\/\/blog.holyart.it\/fr\/saints-et-bienheureux\/sainte-claire-embrassa-la-pauvrete-sur-les-traces-de-saint-francois\/"},"author":{"name":"Redazione","@id":"https:\/\/blog.holyart.it\/fr\/#\/schema\/person\/0a7b686e5af0f856ec1e390dd0baecda"},"headline":"Sainte Claire embrassa la pauvret\u00e9, sur les traces de Saint Fran\u00e7ois","datePublished":"2021-04-13T08:41:01+00:00","dateModified":"2024-07-15T13:49:47+00:00","mainEntityOfPage":{"@id":"https:\/\/blog.holyart.it\/fr\/saints-et-bienheureux\/sainte-claire-embrassa-la-pauvrete-sur-les-traces-de-saint-francois\/"},"wordCount":1857,"publisher":{"@id":"https:\/\/blog.holyart.it\/fr\/#organization"},"image":{"@id":"https:\/\/blog.holyart.it\/fr\/saints-et-bienheureux\/sainte-claire-embrassa-la-pauvrete-sur-les-traces-de-saint-francois\/#primaryimage"},"thumbnailUrl":"https:\/\/blog.holyart.it\/fr\/wp-content\/uploads\/sites\/14\/2021\/04\/Claire-dAssise.jpeg","articleSection":["Saints et Bienheureux"],"inLanguage":"fr-FR"},{"@type":"WebPage","@id":"https:\/\/blog.holyart.it\/fr\/saints-et-bienheureux\/sainte-claire-embrassa-la-pauvrete-sur-les-traces-de-saint-francois\/","url":"https:\/\/blog.holyart.it\/fr\/saints-et-bienheureux\/sainte-claire-embrassa-la-pauvrete-sur-les-traces-de-saint-francois\/","name":"Sainte Claire embrassa la pauvret\u00e9, sur les traces de Saint Fran\u00e7ois","isPartOf":{"@id":"https:\/\/blog.holyart.it\/fr\/#website"},"primaryImageOfPage":{"@id":"https:\/\/blog.holyart.it\/fr\/saints-et-bienheureux\/sainte-claire-embrassa-la-pauvrete-sur-les-traces-de-saint-francois\/#primaryimage"},"image":{"@id":"https:\/\/blog.holyart.it\/fr\/saints-et-bienheureux\/sainte-claire-embrassa-la-pauvrete-sur-les-traces-de-saint-francois\/#primaryimage"},"thumbnailUrl":"https:\/\/blog.holyart.it\/fr\/wp-content\/uploads\/sites\/14\/2021\/04\/Claire-dAssise.jpeg","datePublished":"2021-04-13T08:41:01+00:00","dateModified":"2024-07-15T13:49:47+00:00","description":"Sainte Claire suivit l\u2019exemple de Saint Fran\u00e7ois, en renon\u00e7ant \u00e0 tous ses biens et en sacrifiant sa jeune vie \u00e0 J\u00e9sus.","breadcrumb":{"@id":"https:\/\/blog.holyart.it\/fr\/saints-et-bienheureux\/sainte-claire-embrassa-la-pauvrete-sur-les-traces-de-saint-francois\/#breadcrumb"},"inLanguage":"fr-FR","potentialAction":[{"@type":"ReadAction","target":["https:\/\/blog.holyart.it\/fr\/saints-et-bienheureux\/sainte-claire-embrassa-la-pauvrete-sur-les-traces-de-saint-francois\/"]}]},{"@type":"ImageObject","inLanguage":"fr-FR","@id":"https:\/\/blog.holyart.it\/fr\/saints-et-bienheureux\/sainte-claire-embrassa-la-pauvrete-sur-les-traces-de-saint-francois\/#primaryimage","url":"https:\/\/blog.holyart.it\/fr\/wp-content\/uploads\/sites\/14\/2021\/04\/Claire-dAssise.jpeg","contentUrl":"https:\/\/blog.holyart.it\/fr\/wp-content\/uploads\/sites\/14\/2021\/04\/Claire-dAssise.jpeg","width":1000,"height":662,"caption":"Claire d'Assise"},{"@type":"BreadcrumbList","@id":"https:\/\/blog.holyart.it\/fr\/saints-et-bienheureux\/sainte-claire-embrassa-la-pauvrete-sur-les-traces-de-saint-francois\/#breadcrumb","itemListElement":[{"@type":"ListItem","position":1,"name":"Homepage","item":"https:\/\/blog.holyart.it\/fr\/"},{"@type":"ListItem","position":2,"name":"Saints et Bienheureux","item":"https:\/\/blog.holyart.it\/fr\/saints-et-bienheureux\/"},{"@type":"ListItem","position":3,"name":"Sainte Claire embrassa la pauvret\u00e9, sur les traces de Saint Fran\u00e7ois"}]},{"@type":"WebSite","@id":"https:\/\/blog.holyart.it\/fr\/#website","url":"https:\/\/blog.holyart.it\/fr\/","name":"Holyart.fr Blog","description":"Holyblog","publisher":{"@id":"https:\/\/blog.holyart.it\/fr\/#organization"},"potentialAction":[{"@type":"SearchAction","target":{"@type":"EntryPoint","urlTemplate":"https:\/\/blog.holyart.it\/fr\/?s={search_term_string}"},"query-input":{"@type":"PropertyValueSpecification","valueRequired":true,"valueName":"search_term_string"}}],"inLanguage":"fr-FR"},{"@type":"Organization","@id":"https:\/\/blog.holyart.it\/fr\/#organization","name":"Holyart.fr Blog","url":"https:\/\/blog.holyart.it\/fr\/","logo":{"@type":"ImageObject","inLanguage":"fr-FR","@id":"https:\/\/blog.holyart.it\/fr\/#\/schema\/logo\/image\/","url":"https:\/\/blog.holyart.it\/fr\/wp-content\/uploads\/sites\/14\/2022\/12\/Holyart_Blog_Logo.jpg","contentUrl":"https:\/\/blog.holyart.it\/fr\/wp-content\/uploads\/sites\/14\/2022\/12\/Holyart_Blog_Logo.jpg","width":300,"height":50,"caption":"Holyart.fr Blog"},"image":{"@id":"https:\/\/blog.holyart.it\/fr\/#\/schema\/logo\/image\/"}},{"@type":"Person","@id":"https:\/\/blog.holyart.it\/fr\/#\/schema\/person\/0a7b686e5af0f856ec1e390dd0baecda","name":"Redazione","image":{"@type":"ImageObject","inLanguage":"fr-FR","@id":"https:\/\/blog.holyart.it\/fr\/#\/schema\/person\/image\/","url":"https:\/\/secure.gravatar.com\/avatar\/f477da817f43e50d0af36abecd33e3edf826c68299714bdc1057dff3b113f516?s=96&d=mm&r=g","contentUrl":"https:\/\/secure.gravatar.com\/avatar\/f477da817f43e50d0af36abecd33e3edf826c68299714bdc1057dff3b113f516?s=96&d=mm&r=g","caption":"Redazione"},"url":"https:\/\/blog.holyart.it\/fr\/author\/admin\/"}]}},"_links":{"self":[{"href":"https:\/\/blog.holyart.it\/fr\/wp-json\/wp\/v2\/posts\/2829","targetHints":{"allow":["GET"]}}],"collection":[{"href":"https:\/\/blog.holyart.it\/fr\/wp-json\/wp\/v2\/posts"}],"about":[{"href":"https:\/\/blog.holyart.it\/fr\/wp-json\/wp\/v2\/types\/post"}],"author":[{"embeddable":true,"href":"https:\/\/blog.holyart.it\/fr\/wp-json\/wp\/v2\/users\/1"}],"replies":[{"embeddable":true,"href":"https:\/\/blog.holyart.it\/fr\/wp-json\/wp\/v2\/comments?post=2829"}],"version-history":[{"count":1,"href":"https:\/\/blog.holyart.it\/fr\/wp-json\/wp\/v2\/posts\/2829\/revisions"}],"predecessor-version":[{"id":6736,"href":"https:\/\/blog.holyart.it\/fr\/wp-json\/wp\/v2\/posts\/2829\/revisions\/6736"}],"wp:featuredmedia":[{"embeddable":true,"href":"https:\/\/blog.holyart.it\/fr\/wp-json\/wp\/v2\/media\/2830"}],"wp:attachment":[{"href":"https:\/\/blog.holyart.it\/fr\/wp-json\/wp\/v2\/media?parent=2829"}],"wp:term":[{"taxonomy":"category","embeddable":true,"href":"https:\/\/blog.holyart.it\/fr\/wp-json\/wp\/v2\/categories?post=2829"},{"taxonomy":"post_tag","embeddable":true,"href":"https:\/\/blog.holyart.it\/fr\/wp-json\/wp\/v2\/tags?post=2829"}],"curies":[{"name":"wp","href":"https:\/\/api.w.org\/{rel}","templated":true}]}}