{"id":279,"date":"2017-12-13T11:16:19","date_gmt":"2017-12-13T10:16:19","guid":{"rendered":"https:\/\/blog.holyart.it\/fr\/?p=279"},"modified":"2018-02-09T16:12:16","modified_gmt":"2018-02-09T15:12:16","slug":"vierge-immaculee-symbole-e-redemption","status":"publish","type":"post","link":"https:\/\/blog.holyart.it\/fr\/saints-et-bienheureux\/vierge-immaculee-symbole-e-redemption\/","title":{"rendered":"La Vierge immacul\u00e9e comme symbole e la R\u00e9demption"},"content":{"rendered":"<p>La <strong>Vierge immacul\u00e9e<\/strong> est une d\u00e9nomination de la Sainte Vierge qui souligne le fait qu\u2019elle n\u2019a pas \u00e9t\u00e9 tach\u00e9e par le p\u00e9ch\u00e9 originel depuis sa conception. La <span style=\"color: #0000ff;\"><strong><a style=\"color: #0000ff;\" href=\"http:\/\/www.holyart.fr\/produits\/statues-vierge-marie.php\">Vierge immacul\u00e9e<\/a><\/strong><\/span> est donc n\u00e9e sans p\u00e9ch\u00e9 originel, \u00e0 diff\u00e9rence des autres \u00eatres humains, comme le soutien l\u2019\u00c9glise.<\/p>\n<p>Sa conception a \u00e9t\u00e9 normale, comme celle de toute autre fille, mais dans le sein de sa m\u00e8re le p\u00e9ch\u00e9 originel ne lui a pas \u00e9t\u00e9 transmis. <strong>Marie est n\u00e9e enti\u00e8rement sainte, b\u00e9nite, immunis\u00e9e contre le mal<\/strong>.<\/p>\n<p>Dieu voulait ainsi cr\u00e9er une m\u00e8re parfaite et sans p\u00e9ch\u00e9, dans le ventre de laquelle d\u00e9poser son Fils. Le <strong>Saint Esprit<\/strong> est descendu sur elle \u00a0la rendant une femme nouvelle, unique, destin\u00e9e au Salut du monde.<\/p>\n<p><strong>La Vierge immacul\u00e9e est le symbole de la R\u00e9demption, <\/strong>elle est la premi\u00e8re r\u00e9dim\u00e9e par volont\u00e9 divine. Elle est la nouvelle Eve, le nouveau d\u00e9but de la communion et de l\u2019amour avec Dieu, perturb\u00e9 par l\u2019acte de d\u00e9sob\u00e9issance perp\u00e9tr\u00e9 dans l\u2019Eden, le renouv\u00e8lement d\u2019un lien dissous par le p\u00e9ch\u00e9, mais jamais reni\u00e9.<\/p>\n<p>La <strong>Vierge immacul\u00e9e<\/strong> repr\u00e9sente dans son \u00eatre le symbole de la volont\u00e9 du P\u00e8re de sauver tous les hommes gr\u00e2ce \u00e0 son Fils, devenu homme. <strong>L\u2019Immacul\u00e9e conception de Marie est l\u2019aube d\u2019un nouveau monde.<\/strong><\/p>\n<p><strong>\u00a0<\/strong>La <strong>Vierge Immacul\u00e9e<\/strong> repr\u00e9sente la <strong>perfection absolue<\/strong> incarn\u00e9e dans une cr\u00e9ature humaine : douceur infinie, bont\u00e9, beaut\u00e9. Ceci en fait l\u2019interm\u00e9diaire privil\u00e9gi\u00e9 entre les hommes et Dieu.<\/p>\n<p>\u00c0 elle, <strong>porteuse d\u2019amour et de gr\u00e2ce<\/strong>, s\u2019adressent les fid\u00e8les \u00e0 la recherche de r\u00e9confort et de s\u00e9curit\u00e9, de consolation et de v\u00e9rit\u00e9, dans chaque \u00e9poque sem\u00e9e de doutes, de corruption, de d\u00e9sespoir. Dans son \u00eatre symbole de sacrifice et d\u2019abn\u00e9gation totale \u00e0 la volont\u00e9 de Dieu, la <strong>Vierge Immacul\u00e9e <\/strong>incarne l\u2019<strong>Amour immense et d\u00e9sint\u00e9ress\u00e9<\/strong> et indique le chemin pour le salut \u00e0 tous ceux qui lui adressent leurs pri\u00e8res.<\/p>\n<p>Pie IX institua le dogme de l\u2019<strong>Immacul\u00e9e conception <\/strong>en 1854 et depuis elle est f\u00eat\u00e9e le 8 d\u00e9cembre. La d\u00e9votion \u00e0 la <strong>Vierge immacul\u00e9e<\/strong> se relie \u00e0 plusieurs apparitions, parmi lesquelles figure celles de Lourdes.<\/p>\n","protected":false},"excerpt":{"rendered":"<p>La Vierge immacul\u00e9e est une d\u00e9nomination de la Sainte Vierge qui souligne le fait qu\u2019elle n\u2019a pas \u00e9t\u00e9 tach\u00e9e par le p\u00e9ch\u00e9 originel depuis sa conception. La Vierge immacul\u00e9e est donc n\u00e9e sans p\u00e9ch\u00e9 originel, \u00e0 diff\u00e9rence des autres \u00eatres humains, comme le soutien l\u2019\u00c9glise.&hellip;<\/p>\n","protected":false},"author":1,"featured_media":281,"comment_status":"closed","ping_status":"open","sticky":false,"template":"","format":"standard","meta":{"_acf_changed":false,"footnotes":""},"categories":[7],"tags":[],"class_list":["post-279","post","type-post","status-publish","format-standard","has-post-thumbnail","hentry","category-saints-et-bienheureux"],"acf":[],"yoast_head":"<!-- This site is optimized with the Yoast SEO plugin v26.6 - https:\/\/yoast.com\/wordpress\/plugins\/seo\/ -->\n<title>La Vierge immacul\u00e9e comme symbole e la R\u00e9demption<\/title>\n<meta name=\"description\" content=\"La Vierge immacul\u00e9e est une d\u00e9nomination de la Sainte Vierge qui souligne le fait qu\u2019elle n\u2019a pas \u00e9t\u00e9 tach\u00e9e par le p\u00e9ch\u00e9 originel depuis sa conception.\" \/>\n<meta name=\"robots\" content=\"index, follow, max-snippet:-1, max-image-preview:large, max-video-preview:-1\" \/>\n<link rel=\"canonical\" href=\"https:\/\/blog.holyart.it\/fr\/saints-et-bienheureux\/vierge-immaculee-symbole-e-redemption\/\" \/>\n<meta property=\"og:locale\" content=\"fr_FR\" \/>\n<meta property=\"og:type\" content=\"article\" \/>\n<meta property=\"og:title\" content=\"La Vierge immacul\u00e9e comme symbole e la R\u00e9demption\" \/>\n<meta property=\"og:description\" content=\"La Vierge immacul\u00e9e est une d\u00e9nomination de la Sainte Vierge qui souligne le fait qu\u2019elle n\u2019a pas \u00e9t\u00e9 tach\u00e9e par le p\u00e9ch\u00e9 originel depuis sa conception.\" \/>\n<meta property=\"og:url\" content=\"https:\/\/blog.holyart.it\/fr\/saints-et-bienheureux\/vierge-immaculee-symbole-e-redemption\/\" \/>\n<meta property=\"og:site_name\" content=\"Holyart.fr Blog\" \/>\n<meta property=\"article:published_time\" content=\"2017-12-13T10:16:19+00:00\" \/>\n<meta property=\"article:modified_time\" content=\"2018-02-09T15:12:16+00:00\" \/>\n<meta property=\"og:image\" content=\"https:\/\/blog.holyart.it\/fr\/wp-content\/uploads\/sites\/14\/2017\/02\/Vierge-immacul\u00e9e.jpg\" \/>\n\t<meta property=\"og:image:width\" content=\"1000\" \/>\n\t<meta property=\"og:image:height\" content=\"667\" \/>\n\t<meta property=\"og:image:type\" content=\"image\/jpeg\" \/>\n<meta name=\"author\" content=\"Redazione\" \/>\n<meta name=\"twitter:card\" content=\"summary_large_image\" \/>\n<meta name=\"twitter:label1\" content=\"\u00c9crit par\" \/>\n\t<meta name=\"twitter:data1\" content=\"Redazione\" \/>\n\t<meta name=\"twitter:label2\" content=\"Dur\u00e9e de lecture estim\u00e9e\" \/>\n\t<meta name=\"twitter:data2\" content=\"2 minutes\" \/>\n<script type=\"application\/ld+json\" class=\"yoast-schema-graph\">{\"@context\":\"https:\/\/schema.org\",\"@graph\":[{\"@type\":\"Article\",\"@id\":\"https:\/\/blog.holyart.it\/fr\/saints-et-bienheureux\/vierge-immaculee-symbole-e-redemption\/#article\",\"isPartOf\":{\"@id\":\"https:\/\/blog.holyart.it\/fr\/saints-et-bienheureux\/vierge-immaculee-symbole-e-redemption\/\"},\"author\":{\"name\":\"Redazione\",\"@id\":\"https:\/\/blog.holyart.it\/fr\/#\/schema\/person\/0a7b686e5af0f856ec1e390dd0baecda\"},\"headline\":\"La Vierge immacul\u00e9e comme symbole e la R\u00e9demption\",\"datePublished\":\"2017-12-13T10:16:19+00:00\",\"dateModified\":\"2018-02-09T15:12:16+00:00\",\"mainEntityOfPage\":{\"@id\":\"https:\/\/blog.holyart.it\/fr\/saints-et-bienheureux\/vierge-immaculee-symbole-e-redemption\/\"},\"wordCount\":410,\"publisher\":{\"@id\":\"https:\/\/blog.holyart.it\/fr\/#organization\"},\"image\":{\"@id\":\"https:\/\/blog.holyart.it\/fr\/saints-et-bienheureux\/vierge-immaculee-symbole-e-redemption\/#primaryimage\"},\"thumbnailUrl\":\"https:\/\/blog.holyart.it\/fr\/wp-content\/uploads\/sites\/14\/2017\/02\/Vierge-immacul\u00e9e.jpg\",\"articleSection\":[\"Saints et Bienheureux\"],\"inLanguage\":\"fr-FR\"},{\"@type\":\"WebPage\",\"@id\":\"https:\/\/blog.holyart.it\/fr\/saints-et-bienheureux\/vierge-immaculee-symbole-e-redemption\/\",\"url\":\"https:\/\/blog.holyart.it\/fr\/saints-et-bienheureux\/vierge-immaculee-symbole-e-redemption\/\",\"name\":\"La Vierge immacul\u00e9e comme symbole e la R\u00e9demption\",\"isPartOf\":{\"@id\":\"https:\/\/blog.holyart.it\/fr\/#website\"},\"primaryImageOfPage\":{\"@id\":\"https:\/\/blog.holyart.it\/fr\/saints-et-bienheureux\/vierge-immaculee-symbole-e-redemption\/#primaryimage\"},\"image\":{\"@id\":\"https:\/\/blog.holyart.it\/fr\/saints-et-bienheureux\/vierge-immaculee-symbole-e-redemption\/#primaryimage\"},\"thumbnailUrl\":\"https:\/\/blog.holyart.it\/fr\/wp-content\/uploads\/sites\/14\/2017\/02\/Vierge-immacul\u00e9e.jpg\",\"datePublished\":\"2017-12-13T10:16:19+00:00\",\"dateModified\":\"2018-02-09T15:12:16+00:00\",\"description\":\"La Vierge immacul\u00e9e est une d\u00e9nomination de la Sainte Vierge qui souligne le fait qu\u2019elle n\u2019a pas \u00e9t\u00e9 tach\u00e9e par le p\u00e9ch\u00e9 originel depuis sa conception.\",\"breadcrumb\":{\"@id\":\"https:\/\/blog.holyart.it\/fr\/saints-et-bienheureux\/vierge-immaculee-symbole-e-redemption\/#breadcrumb\"},\"inLanguage\":\"fr-FR\",\"potentialAction\":[{\"@type\":\"ReadAction\",\"target\":[\"https:\/\/blog.holyart.it\/fr\/saints-et-bienheureux\/vierge-immaculee-symbole-e-redemption\/\"]}]},{\"@type\":\"ImageObject\",\"inLanguage\":\"fr-FR\",\"@id\":\"https:\/\/blog.holyart.it\/fr\/saints-et-bienheureux\/vierge-immaculee-symbole-e-redemption\/#primaryimage\",\"url\":\"https:\/\/blog.holyart.it\/fr\/wp-content\/uploads\/sites\/14\/2017\/02\/Vierge-immacul\u00e9e.jpg\",\"contentUrl\":\"https:\/\/blog.holyart.it\/fr\/wp-content\/uploads\/sites\/14\/2017\/02\/Vierge-immacul\u00e9e.jpg\",\"width\":1000,\"height\":667,\"caption\":\"Vierge immacul\u00e9e\"},{\"@type\":\"BreadcrumbList\",\"@id\":\"https:\/\/blog.holyart.it\/fr\/saints-et-bienheureux\/vierge-immaculee-symbole-e-redemption\/#breadcrumb\",\"itemListElement\":[{\"@type\":\"ListItem\",\"position\":1,\"name\":\"Homepage\",\"item\":\"https:\/\/blog.holyart.it\/fr\/\"},{\"@type\":\"ListItem\",\"position\":2,\"name\":\"Saints et Bienheureux\",\"item\":\"https:\/\/blog.holyart.it\/fr\/saints-et-bienheureux\/\"},{\"@type\":\"ListItem\",\"position\":3,\"name\":\"La Vierge immacul\u00e9e comme symbole e la R\u00e9demption\"}]},{\"@type\":\"WebSite\",\"@id\":\"https:\/\/blog.holyart.it\/fr\/#website\",\"url\":\"https:\/\/blog.holyart.it\/fr\/\",\"name\":\"Holyart.fr Blog\",\"description\":\"Holyblog\",\"publisher\":{\"@id\":\"https:\/\/blog.holyart.it\/fr\/#organization\"},\"potentialAction\":[{\"@type\":\"SearchAction\",\"target\":{\"@type\":\"EntryPoint\",\"urlTemplate\":\"https:\/\/blog.holyart.it\/fr\/?s={search_term_string}\"},\"query-input\":{\"@type\":\"PropertyValueSpecification\",\"valueRequired\":true,\"valueName\":\"search_term_string\"}}],\"inLanguage\":\"fr-FR\"},{\"@type\":\"Organization\",\"@id\":\"https:\/\/blog.holyart.it\/fr\/#organization\",\"name\":\"Holyart.fr Blog\",\"url\":\"https:\/\/blog.holyart.it\/fr\/\",\"logo\":{\"@type\":\"ImageObject\",\"inLanguage\":\"fr-FR\",\"@id\":\"https:\/\/blog.holyart.it\/fr\/#\/schema\/logo\/image\/\",\"url\":\"https:\/\/blog.holyart.it\/fr\/wp-content\/uploads\/sites\/14\/2022\/12\/Holyart_Blog_Logo.jpg\",\"contentUrl\":\"https:\/\/blog.holyart.it\/fr\/wp-content\/uploads\/sites\/14\/2022\/12\/Holyart_Blog_Logo.jpg\",\"width\":300,\"height\":50,\"caption\":\"Holyart.fr Blog\"},\"image\":{\"@id\":\"https:\/\/blog.holyart.it\/fr\/#\/schema\/logo\/image\/\"}},{\"@type\":\"Person\",\"@id\":\"https:\/\/blog.holyart.it\/fr\/#\/schema\/person\/0a7b686e5af0f856ec1e390dd0baecda\",\"name\":\"Redazione\",\"image\":{\"@type\":\"ImageObject\",\"inLanguage\":\"fr-FR\",\"@id\":\"https:\/\/blog.holyart.it\/fr\/#\/schema\/person\/image\/\",\"url\":\"https:\/\/secure.gravatar.com\/avatar\/f477da817f43e50d0af36abecd33e3edf826c68299714bdc1057dff3b113f516?s=96&d=mm&r=g\",\"contentUrl\":\"https:\/\/secure.gravatar.com\/avatar\/f477da817f43e50d0af36abecd33e3edf826c68299714bdc1057dff3b113f516?s=96&d=mm&r=g\",\"caption\":\"Redazione\"},\"url\":\"https:\/\/blog.holyart.it\/fr\/author\/admin\/\"}]}<\/script>\n<!-- \/ Yoast SEO plugin. -->","yoast_head_json":{"title":"La Vierge immacul\u00e9e comme symbole e la R\u00e9demption","description":"La Vierge immacul\u00e9e est une d\u00e9nomination de la Sainte Vierge qui souligne le fait qu\u2019elle n\u2019a pas \u00e9t\u00e9 tach\u00e9e par le p\u00e9ch\u00e9 originel depuis sa conception.","robots":{"index":"index","follow":"follow","max-snippet":"max-snippet:-1","max-image-preview":"max-image-preview:large","max-video-preview":"max-video-preview:-1"},"canonical":"https:\/\/blog.holyart.it\/fr\/saints-et-bienheureux\/vierge-immaculee-symbole-e-redemption\/","og_locale":"fr_FR","og_type":"article","og_title":"La Vierge immacul\u00e9e comme symbole e la R\u00e9demption","og_description":"La Vierge immacul\u00e9e est une d\u00e9nomination de la Sainte Vierge qui souligne le fait qu\u2019elle n\u2019a pas \u00e9t\u00e9 tach\u00e9e par le p\u00e9ch\u00e9 originel depuis sa conception.","og_url":"https:\/\/blog.holyart.it\/fr\/saints-et-bienheureux\/vierge-immaculee-symbole-e-redemption\/","og_site_name":"Holyart.fr Blog","article_published_time":"2017-12-13T10:16:19+00:00","article_modified_time":"2018-02-09T15:12:16+00:00","og_image":[{"width":1000,"height":667,"url":"https:\/\/blog.holyart.it\/fr\/wp-content\/uploads\/sites\/14\/2017\/02\/Vierge-immacul\u00e9e.jpg","type":"image\/jpeg"}],"author":"Redazione","twitter_card":"summary_large_image","twitter_misc":{"\u00c9crit par":"Redazione","Dur\u00e9e de lecture estim\u00e9e":"2 minutes"},"schema":{"@context":"https:\/\/schema.org","@graph":[{"@type":"Article","@id":"https:\/\/blog.holyart.it\/fr\/saints-et-bienheureux\/vierge-immaculee-symbole-e-redemption\/#article","isPartOf":{"@id":"https:\/\/blog.holyart.it\/fr\/saints-et-bienheureux\/vierge-immaculee-symbole-e-redemption\/"},"author":{"name":"Redazione","@id":"https:\/\/blog.holyart.it\/fr\/#\/schema\/person\/0a7b686e5af0f856ec1e390dd0baecda"},"headline":"La Vierge immacul\u00e9e comme symbole e la R\u00e9demption","datePublished":"2017-12-13T10:16:19+00:00","dateModified":"2018-02-09T15:12:16+00:00","mainEntityOfPage":{"@id":"https:\/\/blog.holyart.it\/fr\/saints-et-bienheureux\/vierge-immaculee-symbole-e-redemption\/"},"wordCount":410,"publisher":{"@id":"https:\/\/blog.holyart.it\/fr\/#organization"},"image":{"@id":"https:\/\/blog.holyart.it\/fr\/saints-et-bienheureux\/vierge-immaculee-symbole-e-redemption\/#primaryimage"},"thumbnailUrl":"https:\/\/blog.holyart.it\/fr\/wp-content\/uploads\/sites\/14\/2017\/02\/Vierge-immacul\u00e9e.jpg","articleSection":["Saints et Bienheureux"],"inLanguage":"fr-FR"},{"@type":"WebPage","@id":"https:\/\/blog.holyart.it\/fr\/saints-et-bienheureux\/vierge-immaculee-symbole-e-redemption\/","url":"https:\/\/blog.holyart.it\/fr\/saints-et-bienheureux\/vierge-immaculee-symbole-e-redemption\/","name":"La Vierge immacul\u00e9e comme symbole e la R\u00e9demption","isPartOf":{"@id":"https:\/\/blog.holyart.it\/fr\/#website"},"primaryImageOfPage":{"@id":"https:\/\/blog.holyart.it\/fr\/saints-et-bienheureux\/vierge-immaculee-symbole-e-redemption\/#primaryimage"},"image":{"@id":"https:\/\/blog.holyart.it\/fr\/saints-et-bienheureux\/vierge-immaculee-symbole-e-redemption\/#primaryimage"},"thumbnailUrl":"https:\/\/blog.holyart.it\/fr\/wp-content\/uploads\/sites\/14\/2017\/02\/Vierge-immacul\u00e9e.jpg","datePublished":"2017-12-13T10:16:19+00:00","dateModified":"2018-02-09T15:12:16+00:00","description":"La Vierge immacul\u00e9e est une d\u00e9nomination de la Sainte Vierge qui souligne le fait qu\u2019elle n\u2019a pas \u00e9t\u00e9 tach\u00e9e par le p\u00e9ch\u00e9 originel depuis sa conception.","breadcrumb":{"@id":"https:\/\/blog.holyart.it\/fr\/saints-et-bienheureux\/vierge-immaculee-symbole-e-redemption\/#breadcrumb"},"inLanguage":"fr-FR","potentialAction":[{"@type":"ReadAction","target":["https:\/\/blog.holyart.it\/fr\/saints-et-bienheureux\/vierge-immaculee-symbole-e-redemption\/"]}]},{"@type":"ImageObject","inLanguage":"fr-FR","@id":"https:\/\/blog.holyart.it\/fr\/saints-et-bienheureux\/vierge-immaculee-symbole-e-redemption\/#primaryimage","url":"https:\/\/blog.holyart.it\/fr\/wp-content\/uploads\/sites\/14\/2017\/02\/Vierge-immacul\u00e9e.jpg","contentUrl":"https:\/\/blog.holyart.it\/fr\/wp-content\/uploads\/sites\/14\/2017\/02\/Vierge-immacul\u00e9e.jpg","width":1000,"height":667,"caption":"Vierge immacul\u00e9e"},{"@type":"BreadcrumbList","@id":"https:\/\/blog.holyart.it\/fr\/saints-et-bienheureux\/vierge-immaculee-symbole-e-redemption\/#breadcrumb","itemListElement":[{"@type":"ListItem","position":1,"name":"Homepage","item":"https:\/\/blog.holyart.it\/fr\/"},{"@type":"ListItem","position":2,"name":"Saints et Bienheureux","item":"https:\/\/blog.holyart.it\/fr\/saints-et-bienheureux\/"},{"@type":"ListItem","position":3,"name":"La Vierge immacul\u00e9e comme symbole e la R\u00e9demption"}]},{"@type":"WebSite","@id":"https:\/\/blog.holyart.it\/fr\/#website","url":"https:\/\/blog.holyart.it\/fr\/","name":"Holyart.fr Blog","description":"Holyblog","publisher":{"@id":"https:\/\/blog.holyart.it\/fr\/#organization"},"potentialAction":[{"@type":"SearchAction","target":{"@type":"EntryPoint","urlTemplate":"https:\/\/blog.holyart.it\/fr\/?s={search_term_string}"},"query-input":{"@type":"PropertyValueSpecification","valueRequired":true,"valueName":"search_term_string"}}],"inLanguage":"fr-FR"},{"@type":"Organization","@id":"https:\/\/blog.holyart.it\/fr\/#organization","name":"Holyart.fr Blog","url":"https:\/\/blog.holyart.it\/fr\/","logo":{"@type":"ImageObject","inLanguage":"fr-FR","@id":"https:\/\/blog.holyart.it\/fr\/#\/schema\/logo\/image\/","url":"https:\/\/blog.holyart.it\/fr\/wp-content\/uploads\/sites\/14\/2022\/12\/Holyart_Blog_Logo.jpg","contentUrl":"https:\/\/blog.holyart.it\/fr\/wp-content\/uploads\/sites\/14\/2022\/12\/Holyart_Blog_Logo.jpg","width":300,"height":50,"caption":"Holyart.fr Blog"},"image":{"@id":"https:\/\/blog.holyart.it\/fr\/#\/schema\/logo\/image\/"}},{"@type":"Person","@id":"https:\/\/blog.holyart.it\/fr\/#\/schema\/person\/0a7b686e5af0f856ec1e390dd0baecda","name":"Redazione","image":{"@type":"ImageObject","inLanguage":"fr-FR","@id":"https:\/\/blog.holyart.it\/fr\/#\/schema\/person\/image\/","url":"https:\/\/secure.gravatar.com\/avatar\/f477da817f43e50d0af36abecd33e3edf826c68299714bdc1057dff3b113f516?s=96&d=mm&r=g","contentUrl":"https:\/\/secure.gravatar.com\/avatar\/f477da817f43e50d0af36abecd33e3edf826c68299714bdc1057dff3b113f516?s=96&d=mm&r=g","caption":"Redazione"},"url":"https:\/\/blog.holyart.it\/fr\/author\/admin\/"}]}},"_links":{"self":[{"href":"https:\/\/blog.holyart.it\/fr\/wp-json\/wp\/v2\/posts\/279","targetHints":{"allow":["GET"]}}],"collection":[{"href":"https:\/\/blog.holyart.it\/fr\/wp-json\/wp\/v2\/posts"}],"about":[{"href":"https:\/\/blog.holyart.it\/fr\/wp-json\/wp\/v2\/types\/post"}],"author":[{"embeddable":true,"href":"https:\/\/blog.holyart.it\/fr\/wp-json\/wp\/v2\/users\/1"}],"replies":[{"embeddable":true,"href":"https:\/\/blog.holyart.it\/fr\/wp-json\/wp\/v2\/comments?post=279"}],"version-history":[{"count":0,"href":"https:\/\/blog.holyart.it\/fr\/wp-json\/wp\/v2\/posts\/279\/revisions"}],"wp:featuredmedia":[{"embeddable":true,"href":"https:\/\/blog.holyart.it\/fr\/wp-json\/wp\/v2\/media\/281"}],"wp:attachment":[{"href":"https:\/\/blog.holyart.it\/fr\/wp-json\/wp\/v2\/media?parent=279"}],"wp:term":[{"taxonomy":"category","embeddable":true,"href":"https:\/\/blog.holyart.it\/fr\/wp-json\/wp\/v2\/categories?post=279"},{"taxonomy":"post_tag","embeddable":true,"href":"https:\/\/blog.holyart.it\/fr\/wp-json\/wp\/v2\/tags?post=279"}],"curies":[{"name":"wp","href":"https:\/\/api.w.org\/{rel}","templated":true}]}}