{"id":2739,"date":"2021-03-23T12:26:40","date_gmt":"2021-03-23T11:26:40","guid":{"rendered":"https:\/\/blog.holyart.it\/fr\/?p=2739"},"modified":"2025-08-26T12:12:57","modified_gmt":"2025-08-26T10:12:57","slug":"de-la-couverture-du-calice-au-caporal-toutes-les-toiles-de-la-liturgie","status":"publish","type":"post","link":"https:\/\/blog.holyart.it\/fr\/accessoires-pour-la-liturgie\/de-la-couverture-du-calice-au-caporal-toutes-les-toiles-de-la-liturgie\/","title":{"rendered":"De la couverture du calice au corporal, toutes les toiles de la liturgie"},"content":{"rendered":"<h4 style=\"text-align: center;\"><em>Les linges d\u2019autel sont un accessoire toujours pr\u00e9sent lors des c\u00e9l\u00e9brations religieuses. Apprenons \u00e0 mieux les conna\u00eetre et d\u00e9couvrons ensemble combien ils peuvent \u00eatre beaux.<\/em><\/h4>\n\n<p>Parfois nous prenons pour acquis certains objets qui appartiennent au c\u00e9r\u00e9monial de la Messe, mais qui passent peut-\u00eatre un peu au second-plan par rapport \u00e0 d\u2019autres objets liturgiques, comme le calice ou la pat\u00e8ne, et au mobilier d\u2019\u00e9glise en g\u00e9n\u00e9ral.<\/p>\n<p>Il s\u2019agit des <strong>linges d\u2019autel<\/strong>.<\/p>\n<p>Confectionn\u00e9s en <strong>tissu<\/strong>, ce sont g\u00e9n\u00e9ralement <strong>quatre pi\u00e8ces assorties entre elles<\/strong>\u00a0: le <strong>corporal<\/strong>, la <strong>pale<\/strong>, le <strong>purificatoire<\/strong> et le <strong>manuterge<\/strong>.<br \/>\nIl y a ensuite d\u2019autres objets liturgiques en tissu qui peuvent \u00eatre assortis \u00e0 ces quatre, comme la nappe d\u2019autel, l\u2019amict et d\u2019autres encore.<\/p>\n<p>Voici dans le d\u00e9tail de quoi il s\u2019agit :<\/p>\n<ul>\n<li><strong>Corporal<\/strong> : il s\u2019agit d\u2019un tissu de forme carr\u00e9e un peu rigide, habituellement confectionn\u00e9 en lin amidonn\u00e9, mais, comme nous le verrons, en d\u2019autres tissus aussi\u00a0; il est utilis\u00e9 repli\u00e9 pendant la c\u00e9l\u00e9bration de la Messe pour couvrir le calice, tandis que pendant l\u2019Offertoire il est \u00e9tal\u00e9 sur l\u2019autel pour y d\u00e9poser la pat\u00e8ne et le calice de l\u2019Eucharistie\u00a0; son nom d\u00e9rive du fait qu\u2019il \u00ab\u00a0soutient\u00a0\u00bb le corps de Christ ;<\/li>\n<li><strong>Pale : <\/strong>c\u2019est un carr\u00e9 de tissu, g\u00e9n\u00e9ralement blanc et amidonn\u00e9, mais elle peut avoir une consistance rigide ou souple ; elle est utilis\u00e9e pour couvrir le calice, sur lequel est pos\u00e9 \u00e9galement le corporal repli\u00e9 et la pat\u00e8ne, de cette mani\u00e8re on \u00e9vite que poussi\u00e8re ou insectes aillent contaminer leur contenu avant la Cons\u00e9cration\u00a0;<\/li>\n<li><strong>Manuterge<\/strong> : un essuie rectangulaire blanc de dimensions vari\u00e9es, utilis\u00e9 par le pr\u00eatre avant la Messe et apr\u00e8s l\u2019Offertoire pour le <em>Lavage des mains<\/em> ;<\/li>\n<li><strong>Purificatoire<\/strong> : il s\u2019agit d\u2019un rectangle de tissu aux dimensions vari\u00e9es, utilis\u00e9 par le pr\u00eatre pendant la c\u00e9l\u00e9bration liturgique pour nettoyer la pat\u00e8ne avant d\u2019y d\u00e9poser l\u2019hostie, pour nettoyer le calice avant de le remplir et pour l\u2019essuyer \u00e0 la fin de la communion, pour s\u2019essuyer les l\u00e8vres apr\u00e8s avoir bu.<\/li>\n<\/ul>\n<p>Ces ornements liturgiques, en raison de l\u2019importance qu\u2019ils assument dans la c\u00e9l\u00e9bration liturgique, ne peuvent pas \u00eatre de simples morceaux de tissu. Ils doivent \u00eatre de qualit\u00e9, confectionn\u00e9s avec des <strong>tissus pr\u00e9cieux<\/strong>, ou du moins avec soin.<\/p>\n<p>Les <strong>couleurs du linge d\u2019autel<\/strong> sont \u00e9galement tr\u00e8s importantes. Nous nous sommes attard\u00e9s dans un <u>article pr\u00e9c\u00e9dent<\/u> sur l\u2019importance des couleurs dans la liturgie catholique et leur signification\u00a0. Les v\u00eatements liturgiques des pr\u00eatres catholiques lors des c\u00e9l\u00e9brations liturgiques et les nombreux ornements sacr\u00e9s utilis\u00e9s par eux se d\u00e9clinent selon une gamme de couleur qui a une signification symbolique tr\u00e8s pr\u00e9cise. Les couleurs liturgiques principales, codifi\u00e9es dans le Rite romain en 1969, sont quatre\u00a0: <strong>blanc<\/strong>, <strong>vert<\/strong>, <strong>rouge<\/strong> et <strong>violet<\/strong>.<\/p>\n<div class=\"link-article\">\n<p><img loading=\"lazy\" decoding=\"async\" class=\"alignleft size-full wp-image-2744\" src=\"https:\/\/blog.holyart.it\/fr\/wp-content\/uploads\/sites\/14\/2021\/03\/Les-couleurs-dans-la-liturgie-catholique.jpg\" alt=\"Les couleurs dans la liturgie catholique\" width=\"150\" height=\"100\" data-kale-share-title=\"Les linges d\u2019autel sont un accessoire toujours pr\u00e9sent lors des c\u00e9l\u00e9brations religieuses.\" data-kale-share-url=\"https:\/\/blog.holyart.it\/fr\/articles-religieux\/les-linges-dautel-sont-un-accessoire-toujours-present-lors-des-celebrations-religieuses\/\" \/><\/p>\n<div class=\"leggi-anche\">Lire aussi :<\/div>\n<p><strong><a href=\"https:\/\/www.holyart.fr\/blog\/accessoires-pour-la-liturgie\/couleurs-liturgie-catholique-signification\/\">Les couleurs dans la liturgie catholique<\/a><\/strong><br \/>\nEn parlant de v\u00eatements liturgiques, chaque couleur a une occasion sp\u00e9cifique d&rsquo;utilisation. D\u00e9couvrons le sens que prend chaque couleur.<\/p>\n<\/div>\n<p>Le <strong>blanc <\/strong>symbolise la <strong>joie<\/strong> et la <strong>puret\u00e9<\/strong> <strong>d\u00e9coulant de la Foi et de la R\u00e9surrection<\/strong>, il est li\u00e9 en particulier \u00e0 l\u2019adoration de J\u00e9sus et de la Sainte Vierge. Il est utilis\u00e9 pratiquement <strong>tous les jours<\/strong>, ind\u00e9pendamment du temps liturgique et de la festivit\u00e9 en cours.<br \/>\nLe<strong> vert <\/strong>est symbole d\u2019<strong>esp\u00e9rance<\/strong>, <strong>constance<\/strong> et <strong>\u00e9coute<\/strong>.<br \/>\nLe <strong>violet <\/strong>symbolise <strong>p\u00e9nitence<\/strong>, <strong>attente<\/strong> et <strong>deuil<\/strong> et est donc utilis\u00e9 pendant l\u2019<strong>Avent<\/strong> et le <strong>Car\u00eame<\/strong>, ou pour les Messes pour les d\u00e9funts.<br \/>\nLe <strong>rouge <\/strong>symbolise la <strong>passion de Christ<\/strong> et est utilis\u00e9 pour les v\u00eatements liturgiques le <strong>dimanche des Rameaux<\/strong>, le <strong>Vendredi Saint<\/strong>, la <strong>Pentec\u00f4te<\/strong> et ainsi de suite.<br \/>\nD\u2019autres couleurs qui n\u2019ont pas \u00e9t\u00e9 codifi\u00e9es apparaissent aussi dans les v\u00eatements liturgiques et \u00e9galement dans les linges d\u2019autel, ou du moins dans leurs d\u00e9corations et broderies, comme le <strong>bleu ciel<\/strong>, couleur Mariale par excellence, ou l\u2019<strong>or<\/strong>, qui symbolise la <strong>royaut\u00e9<\/strong>.<\/p>\n<p>Voici quelques informations de plus sur les <a href=\"https:\/\/www.holyart.fr\/accessoires-pour-la-liturgie\/vetements-liturgiques-et-linges-dautel\/linges-dautel\"><strong>linges d\u2019autel<\/strong><\/a> que vous pouvez trouver sur notre magasin en ligne. Tous les \u00e9l\u00e9ments sont disponibles en set ou s\u00e9par\u00e9ment.<\/p>\n<h2>Les tissus des linges d\u2019autel<\/h2>\n<p>Autrefois, le linge d\u2019autel \u00e9tait principalement en lin, la fibre naturelle la plus r\u00e9sistante qui existe. Aujourd\u2019hui, on trouve du linge d\u2019autel confectionn\u00e9 avec de nombreux autres types de tissu, chacun avec ses propres caract\u00e9ristiques.<\/p>\n<h3>Lin<\/h3>\n<p>Encore tr\u00e8s utilis\u00e9, il est l\u00e9ger et toujours \u00e9l\u00e9gant. Parmi ses avantages, il y a le fait qu\u2019il s\u00e8che tr\u00e8s rapidement et cela permet des lavages fr\u00e9quents sans le risque qu\u2019il ne s\u2019ab\u00eeme. La trame r\u00e9guli\u00e8re le rend particuli\u00e8rement adapt\u00e9 pour la broderie au point de croix et d\u2019autres broderies n\u00e9cessitant le comptage des fils, ce qui repr\u00e9sente \u00e9galement un bel avantage pour r\u00e9aliser les pr\u00e9cieuses d\u00e9corations du linge d\u2019autel.<\/p>\n<h3>Coton<\/h3>\n<p>Doux et avec une grande capacit\u00e9 d\u2019absorption, le coton aussi est particuli\u00e8rement indiqu\u00e9 pour essuyer correctement les mains du pr\u00eatre et le calice. \u00c0 l\u2019aspect brillant, il peut \u00eatre lav\u00e9 \u00e0 la main ou en machine sans probl\u00e8mes particuliers.<\/p>\n<h3>Polyester mixte coton<\/h3>\n<p>Certains linges d\u2019autel modernes sont r\u00e9alis\u00e9s en partie en polyester et en partie en coton. Le polyester est tr\u00e8s r\u00e9sistant, surtout aux lac\u00e9rations et \u00e0 l\u2019abrasion, et ne demande pas beaucoup de soins. Il poss\u00e8de \u00e9galement l\u2019avantage d\u2019\u00eatre plut\u00f4t \u00e9lastique et ne se froisse pas.<\/p>\n<h3>Soie, satin et tissus pr\u00e9cieux<\/h3>\n<p>Depuis l\u2019antiquit\u00e9, les tissus pr\u00e9cieux comme la soie et le satin sont \u00e9galement utilis\u00e9s pour les v\u00eatements liturgiques et le linge d\u2019autel. Il s\u2019agit de tissus lisses, doux au toucher, brillants, qui communiquent imm\u00e9diatement l\u2019\u00e9l\u00e9gance et le raffinement du produit. \u00c0 la diff\u00e9rence des pr\u00e9c\u00e9dents tissu, par contre, ils sont tous tr\u00e8s d\u00e9licats et n\u00e9cessitent plus d\u2019attention afin de pr\u00e9server leurs brillance et souplesse caract\u00e9ristiques.<\/p>\n<p style=\"text-align: center;\"><div class=\"sp-styles-warning\" style=\"width: 450px; background-color: #FFF; color: #F00; border: 1px solid #F00; padding: 10px; font-size: 14px;\">\n\t\t\t<span style=\"font-weight: bold;\">Warning: The stylesheets were not loaded!<\/span> \n\t\t\tYou will need to change the <i>Load stylesheets<\/i> setting from <i>Automatically<\/i> to <i>On homepage<\/i> or <i>On all pages<\/i>. \n\t\t\tYou can set that <a style=\"text-decoration: underline; color: #F00;\" href=\"https:\/\/blog.holyart.it\/fr\/wp-admin\/admin.php?page=sliderpro-settings\">here<\/a>.\n\t\t\t<\/div>\r\n<div id=\"slider-pro-36\" class=\"slider-pro sp-no-js\" style=\"width: 500px; height: 500px;\">\r\n\t<div class=\"sp-slides\">\r\n\t\t\r\n\t\t<div class=\"sp-slide\">\r\n\t\t\t<img loading=\"lazy\" decoding=\"async\" class=\"sp-image\" src=\"https:\/\/blog.holyart.it\/fr\/wp-content\/uploads\/sites\/14\/2021\/04\/voile-de-calice-tissu-coupe-au-laser.jpg\" alt=\"voile de calice tissu coupe au laser\" width=\"500\" height=\"500\" \/>\r\n\t\t\t<div class=\"sp-thumbnail\"><img decoding=\"async\" src=\"https:\/\/blog.holyart.it\/fr\/wp-content\/uploads\/sites\/14\/2021\/04\/voile-de-calice-tissu-coupe-au-laser-150x150.jpg\" \/>\r\n\t\t\t<\/div>\r\n\t\t\t<div class=\"sp-caption\">Voile de calice tissu coup\u00e9 au laser<br \/><strong><a href=\"https:\/\/www.holyart.fr\/accessoires-pour-la-liturgie\/vetements-liturgiques-et-linges-dautel\/linges-dautel\/voile-de-calice-tissu-coupe-au-laser\">Acheter sur Holyart<\/a><\/strong><\/div>\r\n\t\t<\/div>\r\n\t\t<div class=\"sp-slide\">\r\n\t\t\t<img loading=\"lazy\" decoding=\"async\" class=\"sp-image\" src=\"https:\/\/blog.holyart.it\/fr\/wp-content\/uploads\/sites\/14\/2021\/04\/pale-mariale-en-satin-brode-main.jpg\" alt=\"pale mariale en satin brode main\" width=\"500\" height=\"500\" \/>\r\n\t\t\t<div class=\"sp-thumbnail\"><img decoding=\"async\" src=\"https:\/\/blog.holyart.it\/fr\/wp-content\/uploads\/sites\/14\/2021\/04\/pale-mariale-en-satin-brode-main-150x150.jpg\" \/>\r\n\t\t\t<\/div>\r\n\t\t\t<div class=\"sp-caption\">Pale Mariale en satin brod\u00e9 main<br \/><strong><a href=\"https:\/\/www.holyart.fr\/accessoires-pour-la-liturgie\/vetements-liturgiques-et-linges-dautel\/linges-dautel\/pale-mariale-en-satin-brode-main\">Acheter sur Holyart<\/a><\/strong><\/div>\r\n\t\t<\/div>\r\n\t\t<div class=\"sp-slide\">\r\n\t\t\t<img loading=\"lazy\" decoding=\"async\" class=\"sp-image\" src=\"https:\/\/blog.holyart.it\/fr\/wp-content\/uploads\/sites\/14\/2021\/04\/service-linge-autel-coton-broderie-croix-blanche-argent.jpg\" alt=\"service linge autel coton broderie croix blanche argent\" width=\"500\" height=\"500\" \/>\r\n\t\t\t<div class=\"sp-thumbnail\"><img decoding=\"async\" src=\"https:\/\/blog.holyart.it\/fr\/wp-content\/uploads\/sites\/14\/2021\/04\/service-linge-autel-coton-broderie-croix-blanche-argent-150x150.jpg\" \/>\r\n\t\t\t<\/div>\r\n\t\t\t<div class=\"sp-caption\">Service linge autel coton broderie croix blanche argent <br \/><strong><a href=\"https:\/\/www.holyart.fr\/accessoires-pour-la-liturgie\/vetements-liturgiques-et-linges-dautel\/linges-dautel\/service-linge-autel-coton-broderie-croix-blanche-argent\">Acheter sur Holyart<\/a><\/strong><\/div>\r\n\t\t<\/div>\r\n\t\t<div class=\"sp-slide\">\r\n\t\t\t<img loading=\"lazy\" decoding=\"async\" class=\"sp-image\" src=\"https:\/\/blog.holyart.it\/fr\/wp-content\/uploads\/sites\/14\/2021\/04\/linge-dautel-pain-et-poisson.jpg\" alt=\"linge dautel pain et poisson\" width=\"500\" height=\"500\" \/>\r\n\t\t\t<div class=\"sp-thumbnail\"><img decoding=\"async\" src=\"https:\/\/blog.holyart.it\/fr\/wp-content\/uploads\/sites\/14\/2021\/04\/linge-dautel-pain-et-poisson-150x150.jpg\" \/>\r\n\t\t\t<\/div>\r\n\t\t\t<div class=\"sp-caption\">Linge d'autel pain et poisson 100% lin<br \/><strong><a href=\"https:\/\/www.holyart.fr\/accessoires-pour-la-liturgie\/vetements-liturgiques-et-linges-dautel\/linges-dautel\/linge-dautel-pain-et-poisson-100-lin\">Acheter sur Holyart<\/a><\/strong><\/div>\r\n\t\t<\/div>\r\n\t<\/div>\r\n<\/div><\/p>\n<h2>D\u00e9corations et types de broderies pour le linge d\u2019autel<\/h2>\n<p>Les diff\u00e9rents mod\u00e8les de linge d\u2019autel se diff\u00e9rencient \u00e9galement par le type de d\u00e9coration avec laquelle ils sont embellis.<\/p>\n<p>Tout d\u2019abord l\u2019<strong>ourlet<\/strong>, qui peut \u00eatre <strong>\u00e0 jour<\/strong> ou <strong>simple<\/strong>, r\u00e9alis\u00e9 \u00e0 la main ou \u00e0 la machine.<\/p>\n<p>Les <strong>broderies<\/strong> aussi peuvent \u00eatre r\u00e9alis\u00e9es <strong>\u00e0 la machine<\/strong> ou <strong>\u00e0 la main<\/strong>, selon le raffinement de l\u2019article, mais aussi selon le sujet repr\u00e9sent\u00e9. Il y a des mod\u00e8les de linge d\u2019autel d\u00e9cor\u00e9s avec des dessins simples tels que des petites croix blanches sur fond blanc ou des dessins plus \u00e9labor\u00e9s. G\u00e9n\u00e9ralement, les broderies repr\u00e9sentent les <strong>symboles de la liturgie<\/strong> : la croix, le calice, le raisin, les \u00e9pis, l\u2019Eucharistie, le symbole IHS dor\u00e9, la colombe ou bien des symboles mariaux. Les diff\u00e9rentes symbolismes s\u2019adaptent parfaitement \u00e0 la sensibilit\u00e9 et aux pr\u00e9f\u00e9rences de chacun et au temps liturgique.<\/p>\n<h2>La pale<\/h2>\n<p>Parmi les \u00e9l\u00e9ments qui composent le linge d\u2019autel, la <strong>pale<\/strong> m\u00e9rite un approfondissement ult\u00e9rieur.<\/p>\n<div class=\"link-product\">\n<div class=\"blocco-immagine\"><img loading=\"lazy\" decoding=\"async\" class=\"size-full wp-image-2746 alignnone\" src=\"https:\/\/blog.holyart.it\/fr\/wp-content\/uploads\/sites\/14\/2021\/03\/pale-pour-calice-motif-croix-sur-tissu-brocart-jaune.jpg\" alt=\"pale pour calice motif croix sur tissu brocart jaune\" width=\"100\" height=\"100\" data-kale-share-title=\"De la couverture du calice au caporal, toutes les toiles de la liturgie\" data-kale-share-url=\"https:\/\/blog.holyart.it\/fr\/articles-religieux\/les-linges-dautel-sont-un-accessoire-toujours-present-lors-des-celebrations-religieuses\/\" \/><\/div>\n<div class=\"blocco-contenuto\">\n<div class=\"blocco-acquista\">Acheter sur Holyart:<\/div>\n<div class=\"blocco-titolo\"><a href=\"https:\/\/www.holyart.fr\/accessoires-pour-la-liturgie\/vetements-liturgiques-et-linges-dautel\/linges-dautel\/pale-pour-calice-motif-croix-sur-tissu-brocart-jaune\">Pale pour calice motif croix<\/a><\/div>\n<div class=\"blocco-descrizione\">Brod\u00e9 en fil dor\u00e9 et fini avec une dentelle dor\u00e9e<\/div>\n<\/div>\n<\/div>\n<p>La pale peut \u00eatre de deux <strong>formes diff\u00e9rentes<\/strong> : ronde ou carr\u00e9e. En outre, elle peut \u00eatre r\u00e9alis\u00e9e avec un <strong>tissu plus ou moins rigide<\/strong>, comme le lin amidonn\u00e9 ou le polyester.<\/p>\n<p>Certains mod\u00e8les ont m\u00eame \u00e0 l\u2019int\u00e9rieur un <strong>carton<\/strong> ou un petit panneau en plastique, qui permet \u00e0 la pale de rester rigide. Le carton peut \u00eatre retir\u00e9 gr\u00e2ce \u00e0 des ouvertures bien pratiques pour rendre le lavage plus simple. Dans certaines pales avec des d\u00e9corations importantes, le carton ne peut pas \u00eatre retir\u00e9 afin d\u2019\u00e9viter d\u2019ab\u00eemer l\u2019objet.<\/p>\n<p>Une autre particularit\u00e9, pr\u00e9sente uniquement dans certains mod\u00e8les, est le <strong>coin plastifi\u00e9<\/strong>. Certains mod\u00e8les ont en effet un des coins recouvert de plastique. Cela permet au c\u00e9l\u00e9brant de prendre la pale en main sans que le tissu ne se salisse ou qu\u2019il s\u2019use avec le temps.<\/p>\n<p>Certaines pales sont d\u00e9cid\u00e9ment plus pr\u00e9cieuses que d\u2019autres, non seulement pour la <strong>vari\u00e9t\u00e9 de tissu<\/strong> utilis\u00e9e, mais surtout pour les <strong>broderies bien plus \u00e9labor\u00e9es et r\u00e9alis\u00e9es exclusivement \u00e0 la main<\/strong>.<br \/>\nCette gamme de produit, en raison de sa valeur, peut devenir \u00e9galement une <strong>id\u00e9e-cadeau<\/strong> pour une occasion sp\u00e9ciale : un s\u00e9minariste qui devient pr\u00eatre, un pr\u00eatre qui f\u00eate un anniversaire particulier et ainsi de suite.<\/p>\n","protected":false},"excerpt":{"rendered":"<p>Les linges d\u2019autel sont un accessoire toujours pr\u00e9sent lors des c\u00e9l\u00e9brations religieuses. Apprenons \u00e0 mieux les conna\u00eetre et d\u00e9couvrons ensemble combien ils peuvent \u00eatre beaux. Parfois nous prenons pour acquis certains objets qui appartiennent au c\u00e9r\u00e9monial de la Messe, mais qui passent peut-\u00eatre un peu&hellip;<\/p>\n","protected":false},"author":1,"featured_media":2743,"comment_status":"closed","ping_status":"open","sticky":false,"template":"","format":"standard","meta":{"_acf_changed":false,"footnotes":""},"categories":[4],"tags":[],"class_list":["post-2739","post","type-post","status-publish","format-standard","has-post-thumbnail","hentry","category-accessoires-pour-la-liturgie"],"acf":[],"yoast_head":"<!-- This site is optimized with the Yoast SEO plugin v26.6 - https:\/\/yoast.com\/wordpress\/plugins\/seo\/ -->\n<title>De la couverture du calice au corporal, toutes les toiles de la liturgie<\/title>\n<meta name=\"description\" content=\"Les linges d\u2019autel sont un accessoire pr\u00e9sent lors des c\u00e9l\u00e9brations religieuses. Apprenons \u00e0 conna\u00eetre et d\u00e9couvrons combien ils peuvent \u00eatre beaux.\" \/>\n<meta name=\"robots\" content=\"index, follow, max-snippet:-1, max-image-preview:large, max-video-preview:-1\" \/>\n<link rel=\"canonical\" href=\"https:\/\/blog.holyart.it\/fr\/accessoires-pour-la-liturgie\/de-la-couverture-du-calice-au-caporal-toutes-les-toiles-de-la-liturgie\/\" \/>\n<meta property=\"og:locale\" content=\"fr_FR\" \/>\n<meta property=\"og:type\" content=\"article\" \/>\n<meta property=\"og:title\" content=\"De la couverture du calice au corporal, toutes les toiles de la liturgie\" \/>\n<meta property=\"og:description\" content=\"Les linges d\u2019autel sont un accessoire pr\u00e9sent lors des c\u00e9l\u00e9brations religieuses. Apprenons \u00e0 conna\u00eetre et d\u00e9couvrons combien ils peuvent \u00eatre beaux.\" \/>\n<meta property=\"og:url\" content=\"https:\/\/blog.holyart.it\/fr\/accessoires-pour-la-liturgie\/de-la-couverture-du-calice-au-caporal-toutes-les-toiles-de-la-liturgie\/\" \/>\n<meta property=\"og:site_name\" content=\"Holyart.fr Blog\" \/>\n<meta property=\"article:published_time\" content=\"2021-03-23T11:26:40+00:00\" \/>\n<meta property=\"article:modified_time\" content=\"2025-08-26T10:12:57+00:00\" \/>\n<meta property=\"og:image\" content=\"https:\/\/blog.holyart.it\/fr\/wp-content\/uploads\/sites\/14\/2021\/03\/services-de-masse.jpg\" \/>\n\t<meta property=\"og:image:width\" content=\"1000\" \/>\n\t<meta property=\"og:image:height\" content=\"666\" \/>\n\t<meta property=\"og:image:type\" content=\"image\/jpeg\" \/>\n<meta name=\"author\" content=\"Redazione\" \/>\n<meta name=\"twitter:card\" content=\"summary_large_image\" \/>\n<meta name=\"twitter:label1\" content=\"\u00c9crit par\" \/>\n\t<meta name=\"twitter:data1\" content=\"Redazione\" \/>\n\t<meta name=\"twitter:label2\" content=\"Dur\u00e9e de lecture estim\u00e9e\" \/>\n\t<meta name=\"twitter:data2\" content=\"8 minutes\" \/>\n<script type=\"application\/ld+json\" class=\"yoast-schema-graph\">{\"@context\":\"https:\/\/schema.org\",\"@graph\":[{\"@type\":\"Article\",\"@id\":\"https:\/\/blog.holyart.it\/fr\/accessoires-pour-la-liturgie\/de-la-couverture-du-calice-au-caporal-toutes-les-toiles-de-la-liturgie\/#article\",\"isPartOf\":{\"@id\":\"https:\/\/blog.holyart.it\/fr\/accessoires-pour-la-liturgie\/de-la-couverture-du-calice-au-caporal-toutes-les-toiles-de-la-liturgie\/\"},\"author\":{\"name\":\"Redazione\",\"@id\":\"https:\/\/blog.holyart.it\/fr\/#\/schema\/person\/0a7b686e5af0f856ec1e390dd0baecda\"},\"headline\":\"De la couverture du calice au corporal, toutes les toiles de la liturgie\",\"datePublished\":\"2021-03-23T11:26:40+00:00\",\"dateModified\":\"2025-08-26T10:12:57+00:00\",\"mainEntityOfPage\":{\"@id\":\"https:\/\/blog.holyart.it\/fr\/accessoires-pour-la-liturgie\/de-la-couverture-du-calice-au-caporal-toutes-les-toiles-de-la-liturgie\/\"},\"wordCount\":1515,\"publisher\":{\"@id\":\"https:\/\/blog.holyart.it\/fr\/#organization\"},\"image\":{\"@id\":\"https:\/\/blog.holyart.it\/fr\/accessoires-pour-la-liturgie\/de-la-couverture-du-calice-au-caporal-toutes-les-toiles-de-la-liturgie\/#primaryimage\"},\"thumbnailUrl\":\"https:\/\/blog.holyart.it\/fr\/wp-content\/uploads\/sites\/14\/2021\/03\/services-de-masse.jpg\",\"articleSection\":[\"Liturgie\"],\"inLanguage\":\"fr-FR\"},{\"@type\":\"WebPage\",\"@id\":\"https:\/\/blog.holyart.it\/fr\/accessoires-pour-la-liturgie\/de-la-couverture-du-calice-au-caporal-toutes-les-toiles-de-la-liturgie\/\",\"url\":\"https:\/\/blog.holyart.it\/fr\/accessoires-pour-la-liturgie\/de-la-couverture-du-calice-au-caporal-toutes-les-toiles-de-la-liturgie\/\",\"name\":\"De la couverture du calice au corporal, toutes les toiles de la liturgie\",\"isPartOf\":{\"@id\":\"https:\/\/blog.holyart.it\/fr\/#website\"},\"primaryImageOfPage\":{\"@id\":\"https:\/\/blog.holyart.it\/fr\/accessoires-pour-la-liturgie\/de-la-couverture-du-calice-au-caporal-toutes-les-toiles-de-la-liturgie\/#primaryimage\"},\"image\":{\"@id\":\"https:\/\/blog.holyart.it\/fr\/accessoires-pour-la-liturgie\/de-la-couverture-du-calice-au-caporal-toutes-les-toiles-de-la-liturgie\/#primaryimage\"},\"thumbnailUrl\":\"https:\/\/blog.holyart.it\/fr\/wp-content\/uploads\/sites\/14\/2021\/03\/services-de-masse.jpg\",\"datePublished\":\"2021-03-23T11:26:40+00:00\",\"dateModified\":\"2025-08-26T10:12:57+00:00\",\"description\":\"Les linges d\u2019autel sont un accessoire pr\u00e9sent lors des c\u00e9l\u00e9brations religieuses. Apprenons \u00e0 conna\u00eetre et d\u00e9couvrons combien ils peuvent \u00eatre beaux.\",\"breadcrumb\":{\"@id\":\"https:\/\/blog.holyart.it\/fr\/accessoires-pour-la-liturgie\/de-la-couverture-du-calice-au-caporal-toutes-les-toiles-de-la-liturgie\/#breadcrumb\"},\"inLanguage\":\"fr-FR\",\"potentialAction\":[{\"@type\":\"ReadAction\",\"target\":[\"https:\/\/blog.holyart.it\/fr\/accessoires-pour-la-liturgie\/de-la-couverture-du-calice-au-caporal-toutes-les-toiles-de-la-liturgie\/\"]}]},{\"@type\":\"ImageObject\",\"inLanguage\":\"fr-FR\",\"@id\":\"https:\/\/blog.holyart.it\/fr\/accessoires-pour-la-liturgie\/de-la-couverture-du-calice-au-caporal-toutes-les-toiles-de-la-liturgie\/#primaryimage\",\"url\":\"https:\/\/blog.holyart.it\/fr\/wp-content\/uploads\/sites\/14\/2021\/03\/services-de-masse.jpg\",\"contentUrl\":\"https:\/\/blog.holyart.it\/fr\/wp-content\/uploads\/sites\/14\/2021\/03\/services-de-masse.jpg\",\"width\":1000,\"height\":666,\"caption\":\"services de masse\"},{\"@type\":\"BreadcrumbList\",\"@id\":\"https:\/\/blog.holyart.it\/fr\/accessoires-pour-la-liturgie\/de-la-couverture-du-calice-au-caporal-toutes-les-toiles-de-la-liturgie\/#breadcrumb\",\"itemListElement\":[{\"@type\":\"ListItem\",\"position\":1,\"name\":\"Homepage\",\"item\":\"https:\/\/blog.holyart.it\/fr\/\"},{\"@type\":\"ListItem\",\"position\":2,\"name\":\"Liturgie\",\"item\":\"https:\/\/blog.holyart.it\/fr\/accessoires-pour-la-liturgie\/\"},{\"@type\":\"ListItem\",\"position\":3,\"name\":\"De la couverture du calice au corporal, toutes les toiles de la liturgie\"}]},{\"@type\":\"WebSite\",\"@id\":\"https:\/\/blog.holyart.it\/fr\/#website\",\"url\":\"https:\/\/blog.holyart.it\/fr\/\",\"name\":\"Holyart.fr Blog\",\"description\":\"Holyblog\",\"publisher\":{\"@id\":\"https:\/\/blog.holyart.it\/fr\/#organization\"},\"potentialAction\":[{\"@type\":\"SearchAction\",\"target\":{\"@type\":\"EntryPoint\",\"urlTemplate\":\"https:\/\/blog.holyart.it\/fr\/?s={search_term_string}\"},\"query-input\":{\"@type\":\"PropertyValueSpecification\",\"valueRequired\":true,\"valueName\":\"search_term_string\"}}],\"inLanguage\":\"fr-FR\"},{\"@type\":\"Organization\",\"@id\":\"https:\/\/blog.holyart.it\/fr\/#organization\",\"name\":\"Holyart.fr Blog\",\"url\":\"https:\/\/blog.holyart.it\/fr\/\",\"logo\":{\"@type\":\"ImageObject\",\"inLanguage\":\"fr-FR\",\"@id\":\"https:\/\/blog.holyart.it\/fr\/#\/schema\/logo\/image\/\",\"url\":\"https:\/\/blog.holyart.it\/fr\/wp-content\/uploads\/sites\/14\/2022\/12\/Holyart_Blog_Logo.jpg\",\"contentUrl\":\"https:\/\/blog.holyart.it\/fr\/wp-content\/uploads\/sites\/14\/2022\/12\/Holyart_Blog_Logo.jpg\",\"width\":300,\"height\":50,\"caption\":\"Holyart.fr Blog\"},\"image\":{\"@id\":\"https:\/\/blog.holyart.it\/fr\/#\/schema\/logo\/image\/\"}},{\"@type\":\"Person\",\"@id\":\"https:\/\/blog.holyart.it\/fr\/#\/schema\/person\/0a7b686e5af0f856ec1e390dd0baecda\",\"name\":\"Redazione\",\"image\":{\"@type\":\"ImageObject\",\"inLanguage\":\"fr-FR\",\"@id\":\"https:\/\/blog.holyart.it\/fr\/#\/schema\/person\/image\/\",\"url\":\"https:\/\/secure.gravatar.com\/avatar\/f477da817f43e50d0af36abecd33e3edf826c68299714bdc1057dff3b113f516?s=96&d=mm&r=g\",\"contentUrl\":\"https:\/\/secure.gravatar.com\/avatar\/f477da817f43e50d0af36abecd33e3edf826c68299714bdc1057dff3b113f516?s=96&d=mm&r=g\",\"caption\":\"Redazione\"},\"url\":\"https:\/\/blog.holyart.it\/fr\/author\/admin\/\"}]}<\/script>\n<!-- \/ Yoast SEO plugin. -->","yoast_head_json":{"title":"De la couverture du calice au corporal, toutes les toiles de la liturgie","description":"Les linges d\u2019autel sont un accessoire pr\u00e9sent lors des c\u00e9l\u00e9brations religieuses. Apprenons \u00e0 conna\u00eetre et d\u00e9couvrons combien ils peuvent \u00eatre beaux.","robots":{"index":"index","follow":"follow","max-snippet":"max-snippet:-1","max-image-preview":"max-image-preview:large","max-video-preview":"max-video-preview:-1"},"canonical":"https:\/\/blog.holyart.it\/fr\/accessoires-pour-la-liturgie\/de-la-couverture-du-calice-au-caporal-toutes-les-toiles-de-la-liturgie\/","og_locale":"fr_FR","og_type":"article","og_title":"De la couverture du calice au corporal, toutes les toiles de la liturgie","og_description":"Les linges d\u2019autel sont un accessoire pr\u00e9sent lors des c\u00e9l\u00e9brations religieuses. Apprenons \u00e0 conna\u00eetre et d\u00e9couvrons combien ils peuvent \u00eatre beaux.","og_url":"https:\/\/blog.holyart.it\/fr\/accessoires-pour-la-liturgie\/de-la-couverture-du-calice-au-caporal-toutes-les-toiles-de-la-liturgie\/","og_site_name":"Holyart.fr Blog","article_published_time":"2021-03-23T11:26:40+00:00","article_modified_time":"2025-08-26T10:12:57+00:00","og_image":[{"width":1000,"height":666,"url":"https:\/\/blog.holyart.it\/fr\/wp-content\/uploads\/sites\/14\/2021\/03\/services-de-masse.jpg","type":"image\/jpeg"}],"author":"Redazione","twitter_card":"summary_large_image","twitter_misc":{"\u00c9crit par":"Redazione","Dur\u00e9e de lecture estim\u00e9e":"8 minutes"},"schema":{"@context":"https:\/\/schema.org","@graph":[{"@type":"Article","@id":"https:\/\/blog.holyart.it\/fr\/accessoires-pour-la-liturgie\/de-la-couverture-du-calice-au-caporal-toutes-les-toiles-de-la-liturgie\/#article","isPartOf":{"@id":"https:\/\/blog.holyart.it\/fr\/accessoires-pour-la-liturgie\/de-la-couverture-du-calice-au-caporal-toutes-les-toiles-de-la-liturgie\/"},"author":{"name":"Redazione","@id":"https:\/\/blog.holyart.it\/fr\/#\/schema\/person\/0a7b686e5af0f856ec1e390dd0baecda"},"headline":"De la couverture du calice au corporal, toutes les toiles de la liturgie","datePublished":"2021-03-23T11:26:40+00:00","dateModified":"2025-08-26T10:12:57+00:00","mainEntityOfPage":{"@id":"https:\/\/blog.holyart.it\/fr\/accessoires-pour-la-liturgie\/de-la-couverture-du-calice-au-caporal-toutes-les-toiles-de-la-liturgie\/"},"wordCount":1515,"publisher":{"@id":"https:\/\/blog.holyart.it\/fr\/#organization"},"image":{"@id":"https:\/\/blog.holyart.it\/fr\/accessoires-pour-la-liturgie\/de-la-couverture-du-calice-au-caporal-toutes-les-toiles-de-la-liturgie\/#primaryimage"},"thumbnailUrl":"https:\/\/blog.holyart.it\/fr\/wp-content\/uploads\/sites\/14\/2021\/03\/services-de-masse.jpg","articleSection":["Liturgie"],"inLanguage":"fr-FR"},{"@type":"WebPage","@id":"https:\/\/blog.holyart.it\/fr\/accessoires-pour-la-liturgie\/de-la-couverture-du-calice-au-caporal-toutes-les-toiles-de-la-liturgie\/","url":"https:\/\/blog.holyart.it\/fr\/accessoires-pour-la-liturgie\/de-la-couverture-du-calice-au-caporal-toutes-les-toiles-de-la-liturgie\/","name":"De la couverture du calice au corporal, toutes les toiles de la liturgie","isPartOf":{"@id":"https:\/\/blog.holyart.it\/fr\/#website"},"primaryImageOfPage":{"@id":"https:\/\/blog.holyart.it\/fr\/accessoires-pour-la-liturgie\/de-la-couverture-du-calice-au-caporal-toutes-les-toiles-de-la-liturgie\/#primaryimage"},"image":{"@id":"https:\/\/blog.holyart.it\/fr\/accessoires-pour-la-liturgie\/de-la-couverture-du-calice-au-caporal-toutes-les-toiles-de-la-liturgie\/#primaryimage"},"thumbnailUrl":"https:\/\/blog.holyart.it\/fr\/wp-content\/uploads\/sites\/14\/2021\/03\/services-de-masse.jpg","datePublished":"2021-03-23T11:26:40+00:00","dateModified":"2025-08-26T10:12:57+00:00","description":"Les linges d\u2019autel sont un accessoire pr\u00e9sent lors des c\u00e9l\u00e9brations religieuses. Apprenons \u00e0 conna\u00eetre et d\u00e9couvrons combien ils peuvent \u00eatre beaux.","breadcrumb":{"@id":"https:\/\/blog.holyart.it\/fr\/accessoires-pour-la-liturgie\/de-la-couverture-du-calice-au-caporal-toutes-les-toiles-de-la-liturgie\/#breadcrumb"},"inLanguage":"fr-FR","potentialAction":[{"@type":"ReadAction","target":["https:\/\/blog.holyart.it\/fr\/accessoires-pour-la-liturgie\/de-la-couverture-du-calice-au-caporal-toutes-les-toiles-de-la-liturgie\/"]}]},{"@type":"ImageObject","inLanguage":"fr-FR","@id":"https:\/\/blog.holyart.it\/fr\/accessoires-pour-la-liturgie\/de-la-couverture-du-calice-au-caporal-toutes-les-toiles-de-la-liturgie\/#primaryimage","url":"https:\/\/blog.holyart.it\/fr\/wp-content\/uploads\/sites\/14\/2021\/03\/services-de-masse.jpg","contentUrl":"https:\/\/blog.holyart.it\/fr\/wp-content\/uploads\/sites\/14\/2021\/03\/services-de-masse.jpg","width":1000,"height":666,"caption":"services de masse"},{"@type":"BreadcrumbList","@id":"https:\/\/blog.holyart.it\/fr\/accessoires-pour-la-liturgie\/de-la-couverture-du-calice-au-caporal-toutes-les-toiles-de-la-liturgie\/#breadcrumb","itemListElement":[{"@type":"ListItem","position":1,"name":"Homepage","item":"https:\/\/blog.holyart.it\/fr\/"},{"@type":"ListItem","position":2,"name":"Liturgie","item":"https:\/\/blog.holyart.it\/fr\/accessoires-pour-la-liturgie\/"},{"@type":"ListItem","position":3,"name":"De la couverture du calice au corporal, toutes les toiles de la liturgie"}]},{"@type":"WebSite","@id":"https:\/\/blog.holyart.it\/fr\/#website","url":"https:\/\/blog.holyart.it\/fr\/","name":"Holyart.fr Blog","description":"Holyblog","publisher":{"@id":"https:\/\/blog.holyart.it\/fr\/#organization"},"potentialAction":[{"@type":"SearchAction","target":{"@type":"EntryPoint","urlTemplate":"https:\/\/blog.holyart.it\/fr\/?s={search_term_string}"},"query-input":{"@type":"PropertyValueSpecification","valueRequired":true,"valueName":"search_term_string"}}],"inLanguage":"fr-FR"},{"@type":"Organization","@id":"https:\/\/blog.holyart.it\/fr\/#organization","name":"Holyart.fr Blog","url":"https:\/\/blog.holyart.it\/fr\/","logo":{"@type":"ImageObject","inLanguage":"fr-FR","@id":"https:\/\/blog.holyart.it\/fr\/#\/schema\/logo\/image\/","url":"https:\/\/blog.holyart.it\/fr\/wp-content\/uploads\/sites\/14\/2022\/12\/Holyart_Blog_Logo.jpg","contentUrl":"https:\/\/blog.holyart.it\/fr\/wp-content\/uploads\/sites\/14\/2022\/12\/Holyart_Blog_Logo.jpg","width":300,"height":50,"caption":"Holyart.fr Blog"},"image":{"@id":"https:\/\/blog.holyart.it\/fr\/#\/schema\/logo\/image\/"}},{"@type":"Person","@id":"https:\/\/blog.holyart.it\/fr\/#\/schema\/person\/0a7b686e5af0f856ec1e390dd0baecda","name":"Redazione","image":{"@type":"ImageObject","inLanguage":"fr-FR","@id":"https:\/\/blog.holyart.it\/fr\/#\/schema\/person\/image\/","url":"https:\/\/secure.gravatar.com\/avatar\/f477da817f43e50d0af36abecd33e3edf826c68299714bdc1057dff3b113f516?s=96&d=mm&r=g","contentUrl":"https:\/\/secure.gravatar.com\/avatar\/f477da817f43e50d0af36abecd33e3edf826c68299714bdc1057dff3b113f516?s=96&d=mm&r=g","caption":"Redazione"},"url":"https:\/\/blog.holyart.it\/fr\/author\/admin\/"}]}},"_links":{"self":[{"href":"https:\/\/blog.holyart.it\/fr\/wp-json\/wp\/v2\/posts\/2739","targetHints":{"allow":["GET"]}}],"collection":[{"href":"https:\/\/blog.holyart.it\/fr\/wp-json\/wp\/v2\/posts"}],"about":[{"href":"https:\/\/blog.holyart.it\/fr\/wp-json\/wp\/v2\/types\/post"}],"author":[{"embeddable":true,"href":"https:\/\/blog.holyart.it\/fr\/wp-json\/wp\/v2\/users\/1"}],"replies":[{"embeddable":true,"href":"https:\/\/blog.holyart.it\/fr\/wp-json\/wp\/v2\/comments?post=2739"}],"version-history":[{"count":3,"href":"https:\/\/blog.holyart.it\/fr\/wp-json\/wp\/v2\/posts\/2739\/revisions"}],"predecessor-version":[{"id":10964,"href":"https:\/\/blog.holyart.it\/fr\/wp-json\/wp\/v2\/posts\/2739\/revisions\/10964"}],"wp:featuredmedia":[{"embeddable":true,"href":"https:\/\/blog.holyart.it\/fr\/wp-json\/wp\/v2\/media\/2743"}],"wp:attachment":[{"href":"https:\/\/blog.holyart.it\/fr\/wp-json\/wp\/v2\/media?parent=2739"}],"wp:term":[{"taxonomy":"category","embeddable":true,"href":"https:\/\/blog.holyart.it\/fr\/wp-json\/wp\/v2\/categories?post=2739"},{"taxonomy":"post_tag","embeddable":true,"href":"https:\/\/blog.holyart.it\/fr\/wp-json\/wp\/v2\/tags?post=2739"}],"curies":[{"name":"wp","href":"https:\/\/api.w.org\/{rel}","templated":true}]}}