{"id":2726,"date":"2021-03-18T09:35:56","date_gmt":"2021-03-18T08:35:56","guid":{"rendered":"https:\/\/blog.holyart.it\/fr\/?p=2726"},"modified":"2022-08-18T15:04:27","modified_gmt":"2022-08-18T13:04:27","slug":"lhistoire-dadam-et-deve","status":"publish","type":"post","link":"https:\/\/blog.holyart.it\/fr\/articles-religieux\/lhistoire-dadam-et-deve\/","title":{"rendered":"L\u2019histoire d\u2019Adam et d\u2019\u00c8ve"},"content":{"rendered":"<h4 style=\"text-align: center;\"><em>Qui ne connait pas l\u2019histoire d\u2019Adam et d\u2019\u00c8ve, le premier homme et la premi\u00e8re femme ? Mais sommes-nous s\u00fbrs de la conna\u00eetre vraiment ? Souvenons-nous ensemble de l\u2019histoire de toutes les histoires.<\/em><\/h4>\n\n<p>\u00c8ve et Adam sont consid\u00e9r\u00e9s par les catholiques comme les <strong>anc\u00eatres de tout le genre humain<\/strong>. Leur histoire nous est racont\u00e9e d\u00e8s notre enfance et elle est belle et terrible en m\u00eame temps, car elle raconte l\u2019immense amour de Dieu, qui choisit de cr\u00e9er ces deux cr\u00e9atures sp\u00e9ciales pour leur faire don du merveilleux monde qui vient de na\u00eetre de ses mains, mais elle raconte aussi le <strong>p\u00e9ch\u00e9 originel<\/strong> et comment le premier homme et la premi\u00e8re femme d\u00e9\u00e7urent leur P\u00e8re, en m\u00e9ritant d\u2019\u00eatre chass\u00e9s de Son <strong>Paradis<\/strong>.<\/p>\n<p>Mais l\u2019histoire d\u2019Adam et d\u2019\u00c8ve cache en elle des significations bien plus profondes, qui m\u00e9ritent s\u00fbrement un examen plus approfondi. Il nous suffira de penser au fait qu\u2019accepter leur existence signifie reconna\u00eetre que <strong>toute l\u2019humanit\u00e9 descend du m\u00eame couple<\/strong> et que nous sommes tous donc une seule et unique grande famille. Un concept non n\u00e9gligeable, surtout \u00e0 une \u00e9poque o\u00f9 l\u2019amour, la fraternit\u00e9 et la mis\u00e9ricorde sont constamment mis en question.<\/p>\n<p>Cela vaut donc la peine de s\u2019attarder un instant sur cette histoire ancienne et fascinante, sur les significations qu\u2019elle cache et qui sont \u00e0 la base de la doctrine catholique depuis ses origines. Des concepts comme le <strong>p\u00e9ch\u00e9 originel<\/strong> et la <strong>pomme du p\u00e9ch\u00e9<\/strong> ont conditionn\u00e9 et contr\u00f4l\u00e9 la vie d\u2019innombrables hommes et femmes au cours des mill\u00e9naires pass\u00e9s et encore aujourd\u2019hui nous vivons l\u2019h\u00e9ritage de ce couple, de cette stigmatisation qui a marqu\u00e9 l\u2019humanit\u00e9 enti\u00e8re et que seul le <strong>sacrifice de J\u00e9sus<\/strong> a pu remettre en discussion.<\/p>\n<div class=\"link-product\">\n<div class=\"blocco-immagine\"><img loading=\"lazy\" decoding=\"async\" class=\"alignnone size-full wp-image-2728\" src=\"https:\/\/blog.holyart.it\/fr\/wp-content\/uploads\/sites\/14\/2021\/04\/tapisserie-creation-dadam.jpg\" alt=\"tapisserie creation dadam\" width=\"100\" height=\"100\" data-kale-share-title=\"L\u2019histoire d\u2019Adam et d\u2019\u00c8ve\" data-kale-share-url=\"https:\/\/blog.holyart.it\/fr\/?p=2726\" \/><\/div>\n<div class=\"blocco-contenuto\">\n<div class=\"blocco-acquista\">Acheter sur Holyart:<\/div>\n<div class=\"blocco-titolo\"><a href=\"https:\/\/www.holyart.fr\/articles-religieux\/tapisseries-religieuses\/tapisserie-creation-dadam-70x130-cm\">Tapisserie Cr\u00e9ation d&rsquo;Adam<\/a><\/div>\n<div class=\"blocco-descrizione\">Tapisserie en tissu Jacquard fini \u00e0 la main<\/div>\n<\/div>\n<\/div>\n<h2>La cr\u00e9ation d\u2019Adam et d\u2019\u00c8ve<\/h2>\n<p><strong>La v\u00e9ritable histoire d\u2019Adam et d\u2019\u00c8ve est racont\u00e9e dans la Bible<\/strong>, plus pr\u00e9cis\u00e9ment dans le livre de la <strong>Gen\u00e8se<\/strong>.<\/p>\n<p>Dans ce livre, on d\u00e9crit les jours de la <strong>Cr\u00e9ation<\/strong>, quand Dieu voulut donner vie au monde que nous connaissons et \u00e0 tout ce qui le peuple. En cinq jours, Il cr\u00e9a le ciel, la terre, la lumi\u00e8re, les \u00e9toiles, tous les poissons, les oiseaux et les autres animaux.<\/p>\n<p>Le sixi\u00e8me jour, Il d\u00e9cida de cr\u00e9er l\u2019Homme.<\/p>\n<p>\u00ab<em>\u00a0Puis Dieu dit: Faisons l&rsquo;homme \u00e0 notre image, selon notre ressemblance, et qu&rsquo;il domine sur les poissons de la mer, sur les oiseaux du ciel, sur le b\u00e9tail, sur toute la terre, et sur tous les reptiles qui rampent sur la terre. Dieu cr\u00e9a l&rsquo;homme \u00e0 son image, il le cr\u00e9a \u00e0 l&rsquo;image de Dieu, <strong>il cr\u00e9a l&rsquo;homme et la femme<\/strong>. Dieu les b\u00e9nit, et Dieu leur dit: Soyez f\u00e9conds, multipliez, remplissez la terre, et l&rsquo;assujettissez; et dominez sur les poissons de la mer, sur les oiseaux du ciel, et sur tout animal qui se meut sur la terre\u00a0<\/em>\u00bb (Gen\u00e8se 1, 26-28).<\/p>\n<p>Il existe toutefois dans la Bible une deuxi\u00e8me version de ce m\u00eame \u00e9pisode\u00a0:<\/p>\n<p>\u00ab\u00a0<em>Et l&rsquo;homme donna des noms \u00e0 tout le b\u00e9tail, aux oiseaux du ciel et \u00e0 tous les animaux des champs; mais, pour l&rsquo;homme, il ne trouva point d&rsquo;aide semblable \u00e0 lui. Alors l&rsquo;Eternel Dieu fit tomber un profond sommeil sur l&rsquo;homme, qui s&rsquo;endormit; il prit une de ses c\u00f4tes, et referma la chair \u00e0 sa place.<\/em> <strong><em>L&rsquo;Eternel Dieu forma une femme de la c\u00f4te qu&rsquo;il avait prise de l&rsquo;homme<\/em><\/strong><em>, et il l&rsquo;amena vers l&rsquo;homme<\/em>\u00a0\u00bb (Gen\u00e8se 2, 20-22).<\/p>\n<p>Ces deux versions sont d\u00e9finies, respectivement, <strong>Source sacerdotale<\/strong> et <strong>Source Jahviste<\/strong> et se relient \u00e0 l\u2019hypoth\u00e8se documentaire, formul\u00e9e par l\u2019expert biblique allemand Julius Wellhausen, selon lequel les premiers cinq livres de la Bible, le <strong>Pentateuque<\/strong> (Torah pour les juifs), i.e. Gen\u00e8se, Exode, L\u00e9vitique, Nombres et Deut\u00e9ronome, ne furent pas \u00e9crit uniquement par Mo\u00efse, mais par quatre auteurs plausibles, dont les initiales composent le sigle JEDP.<\/p>\n<p>Comme nous pouvons le voir, les deux r\u00e9cits de la Cr\u00e9ation du premier homme et de la premi\u00e8re femme pr\u00e9sentent des diff\u00e9rences substantielles. Dans le premier, Dieu a cr\u00e9\u00e9 Adam et \u00c8ve en m\u00eame temps, tous les deux \u00e0 son image, et Il les a rendu ma\u00eetres du <strong>Paradis<\/strong> terrestre. Dans le deuxi\u00e8me, par contre, Adam a \u00e9t\u00e9 cr\u00e9\u00e9 en premier et Dieu n\u2019a attribu\u00e9 la domination des choses et des animaux qu\u2019Il avait cr\u00e9\u00e9s qu\u2019\u00e0 lui. La femme est arriv\u00e9e par apr\u00e8s. Naturellement, ce n\u2019est pas ici le lieu pour approfondir ces deux points de vue, mais les implications que les deux interpr\u00e9tations ont eu dans l\u2019histoire de l\u2019\u00c9glise et de l\u2019humanit\u00e9, surtout en ce qui concerne le rapport entre hommes et femmes, sont \u00e9vidents.<\/p>\n<h2>L\u2019histoire d\u2019Adam et d\u2019\u00c8ve pour enfants<\/h2>\n<p>Au-del\u00e0 des interpr\u00e9tations acad\u00e9miques et des \u00e9tudes de biblistes c\u00e9l\u00e8bres, comment pourrions-nous raconter l\u2019histoire d\u2019Adam et d\u2019\u00c8ve de mani\u00e8re simple ? Par exemple, si nous devions la raconter \u00e0 des enfants, comment pourrions-nous nous y prendre\u00a0? Ce qui devra \u00e9merger de ce r\u00e9cit aux yeux des plus petits sera le <strong>grand amour de Dieu<\/strong>, qui a cr\u00e9\u00e9 un monde merveilleux pour en faire cadeau aux hommes et aux femmes. Il sera fondamental que les enfants comprennent que, puisque tout ce qui les entourent est le fruit de cet amour, il est leur devoir de <strong>le respecter et de le prot\u00e9ger<\/strong>, d\u2019en profiter et de ne jamais, mais alors jamais le donner pour acquis, comme cela advient trop souvent. Ensuite, il sera surement utile de leur faire comprendre la gravit\u00e9 de la <strong>d\u00e9sob\u00e9issance d\u2019Adam et d\u2019\u00c8ve<\/strong>, qui ont mang\u00e9 la pomme malgr\u00e9 le fait que Dieu leur ait command\u00e9 de ne pas le faire, en les laissant toutefois libres de se nourrir de tous les autres fruits, magnifiques et savoureux, qui abondaient dans le Jardin d\u2019\u00c9den. Afin de souligner ce point, il pourra \u00eatre utile de tracer une comparaison avec les d\u00e9sob\u00e9issances des enfants m\u00eame, qui fuient aux devoirs et aux recommandations des parents. . Devoirs et recommandations prononc\u00e9s toujours et uniquement <strong>pour leur propre bien-\u00eatre<\/strong>. Encore, il sera important de leur sugg\u00e9rer le <strong>concept de libre arbitre<\/strong> : Dieu a laiss\u00e9 \u00e0 Adam et \u00e0 \u00c8ve le choix de faire tout ce qu\u2019ils voulaient, m\u00eame le choix de l\u2019aimer ou pas. Il ne les a oblig\u00e9 \u00e0 rien faire\u00a0; tout ce qu\u2019Il a fait pour eux a \u00e9t\u00e9 un don merveilleux et, malgr\u00e9 cela, ils l\u2019ont d\u00e9\u00e7u avec leur ingratitude. Le r\u00e9cit pourrait plus ou moins \u00eatre ainsi :<\/p>\n<p><em>Dieu est si bon qu\u2019Il a d\u00e9cid\u00e9 un jour de cr\u00e9er un jardin merveilleux. Il le remplit de plantes, fleurs et animaux de tous les genres et, au-dessus de lui, Il \u00e9tala le ciel, avec le soleil, la lune et les \u00e9toiles. Quand il eut fini, Il cr\u00e9a le premier homme, Adam, et la premi\u00e8re femme, \u00c8ve, et Il voulut leur offrir ce Paradis terrestre. Adam et \u00c8ve \u00e9taient libres d\u2019aller o\u00f9 ils le voulaient, dans ce monde o\u00f9 n\u2019existaient point de douleur, de maladies, ou de mort, et de manger tous les fruits qui naissaient sur les arbres du jardin, exception faite pour les pommes de l\u2019arbre qui poussait au centre de ce dernier.<\/em><br \/>\n<em>Malgr\u00e9 les recommandations de Dieu, \u00c8ve se laissa tenter par un mauvais serpent, qui lui dit que les fruits de ce grand arbre lui aurait permis de comprendre la diff\u00e9rence entre le bien et le mal. \u00c8ve pris un fruit de l\u2019arbre d\u00e9fendu, le mangea et l\u2019offrit \u00e0 Adam.\u00a0<\/em><br \/>\n<em>Dieu d\u00e9couvrit tout de suite leur d\u00e9sob\u00e9issance, et en souffrit \u00e9norm\u00e9ment. Il avait fait tout pour eux, Il avait cr\u00e9\u00e9 un paradis et l\u2019avait donn\u00e9 dans rien demander en retour. Par punition, Il les chassa du Paradis terrestre et les condamna \u00e0 la douleur et \u00e0 la mort, eux et toutes leur descendance.<\/em><\/p>\n<div class=\"link-article\">\n<p><img loading=\"lazy\" decoding=\"async\" class=\"alignleft size-full wp-image-2729\" src=\"https:\/\/blog.holyart.it\/fr\/wp-content\/uploads\/sites\/14\/2021\/04\/libre-arbitre.jpg\" alt=\"libre arbitre\" width=\"150\" height=\"99\" data-kale-share-title=\"L\u2019histoire d\u2019Adam et d\u2019\u00c8ve\" data-kale-share-url=\"https:\/\/blog.holyart.it\/fr\/?p=2726\" \/><\/p>\n<div class=\"leggi-anche\">Lire aussi :<\/div>\n<p><strong><a href=\"https:\/\/www.holyart.fr\/blog\/articles-religieux\/quest-ce-que-le-libre-arbitre-et-sa-signification\/\">Qu\u2019est-ce que le libre arbitre et sa signification<\/a><\/strong><br \/>\nRed\u00e9couvrons ce concept philosophique et th\u00e9ologique qui a tant influenc\u00e9 l\u2019histoire de la pens\u00e9e \u00e9thique et religieuse humaine.<\/p>\n<\/div>\n<h2>Adam et \u00c8ve : l\u2019histoire de la pomme et du p\u00e9ch\u00e9 originel<\/h2>\n<p>L\u2019histoire de la pomme, le fruit d\u00e9fendu qui aurait rendu Adam et \u00c8ve \u00e9gaux \u00e0 Dieu, en leur donnant la <strong>connaissance du bien et du mal<\/strong>, n\u2019est pas qu\u2019une histoire pour enfants. Au contraire, elle est \u00e0 la base de la religion catholique. En effet, la cons\u00e9quence du <strong>p\u00e9ch\u00e9 originel<\/strong> a \u00e9t\u00e9 la chute de l\u2019homme, la rupture de l\u2019alliance tacite entre lui et Dieu, dont les effets se r\u00e9percutent depuis des mill\u00e9naires sur l\u2019humanit\u00e9 enti\u00e8re. C\u2019est de cet acte de d\u00e9sob\u00e9issance pr\u00e9cis que tous les maux de l\u2019homme d\u00e9coulent. Avant cela, l\u2019homme \u00e9tait parfait, immune aux maladies et aux blessures, immortel, heureux.<\/p>\n<p>Cet acte nait de la volont\u00e9 de l\u2019homme de pouvoir <strong>d\u00e9cider tout seul ce qui est bien et ce qui est mal<\/strong>, au lieu de faire confiance \u00e0 l\u2019infinie sagesse et \u00e0 l\u2019amour sans limite de Dieu.<\/p>\n<p>Le r\u00e9cit du p\u00e9ch\u00e9 originel, de la tentation de la part du serpent au geste d\u2019\u00c8ve de prendre la pomme de l\u2019arbre et de l\u2019offrir \u00e0 Adam (arbre qui ne doit pas \u00eatre confondu avec l\u2019arbre de la vie, sur lequel vous trouverez plus d\u2019informations dans l\u2019<a href=\"https:\/\/www.holyart.fr\/blog\/articles-religieux\/signification-de-larbre-de-vie\/\"><strong>article d\u00e9di\u00e9 \u00e0 la signification de l\u2019arbre de la vie<\/strong><\/a>), est impr\u00e9gn\u00e9 de r\u00e9f\u00e9rences \u00e0 d\u2019innombrables r\u00e9cits religieux pr\u00e9c\u00e9dents. C\u2019est int\u00e9ressant comment les mots du serpent tentateur sont suffisants \u00e0 installer dans la premi\u00e8re femme la graine du <strong>doute<\/strong>, la conviction que l\u2019ordre de Dieu de ne pas manger les fruit de l\u2019arbre a \u00e9t\u00e9 injuste. Surtout le fait que la promesse du serpent, qui dit \u00e0 \u00c8ve qu\u2019en mangeant la pomme d\u00e9fendue Adam et elle obtiendront la connaissance du bien et du mal, en devenant en pratique comme Dieu, soit si irr\u00e9sistible, donne mati\u00e8re \u00e0 r\u00e9fl\u00e9chir.<\/p>\n<div class=\"link-article\">\n<p><img loading=\"lazy\" decoding=\"async\" class=\"alignleft size-full wp-image-2732\" src=\"https:\/\/blog.holyart.it\/fr\/wp-content\/uploads\/sites\/14\/2021\/03\/Larbre-de-vie-1.jpg\" alt=\"Larbre de vie\" width=\"150\" height=\"99\" data-kale-share-title=\"L\u2019histoire d\u2019Adam et d\u2019\u00c8ve\" data-kale-share-url=\"https:\/\/blog.holyart.it\/fr\/articles-religieux\/lhistoire-dadam-et-deve\/\" \/><\/p>\n<div class=\"leggi-anche\">Lire aussi :<\/div>\n<p><strong><a href=\"https:\/\/www.holyart.fr\/blog\/articles-religieux\/signification-de-larbre-de-vie\/\">La signification de l\u2019Arbre de la vie<\/a><\/strong><br \/>\nToutes les religions, d\u00e8s les origines de l\u2019histoire humaine, sont li\u00e9es d\u2019une mani\u00e8re ou d\u2019une autres aux arbres.<\/p>\n<\/div>\n<h2>Adam et \u00c8ve chass\u00e9s du paradis<\/h2>\n<p>Apr\u00e8s que la pomme ait \u00e9t\u00e9 cueillie et go\u00fbt\u00e9e, toutefois, la premi\u00e8re et unique chose dont Adam et \u00c8ve deviennent conscients est leur propre nudit\u00e9.<br \/>\nLa <strong>honte<\/strong> est le premier sentiment n\u00e9gatif ressenti par le premier homme et la premi\u00e8re femme, un instant apr\u00e8s leur chute.<br \/>\nAyant tout de suite d\u00e9couvert leur d\u00e9sob\u00e9issance, Dieu invoque les trois coupables, qui tentent de se disculper en se bl\u00e2mant l\u2019un l\u2019autre.<\/p>\n<div class=\"link-product\">\n<div class=\"blocco-immagine\"><img loading=\"lazy\" decoding=\"async\" class=\"size-full wp-image-2735 alignnone\" src=\"https:\/\/blog.holyart.it\/fr\/wp-content\/uploads\/sites\/14\/2021\/03\/serpent-dans-un-panier-creche-bois.jpg\" alt=\"serpent dans un panier creche bois\" width=\"100\" height=\"100\" data-kale-share-title=\"L\u2019histoire d\u2019Adam et d\u2019\u00c8ve\" data-kale-share-url=\"https:\/\/blog.holyart.it\/fr\/articles-religieux\/lhistoire-dadam-et-deve\/\" \/><\/div>\n<div class=\"blocco-contenuto\">\n<div class=\"blocco-acquista\">Acheter sur Holyart:<\/div>\n<div class=\"blocco-titolo\"><a href=\"https:\/\/www.holyart.fr\/noel\/creches-noel\/creche-noel-val-gardena\/serpent-dans-un-panier-creche-original-comete-bois-peint-val-gardena-12-cm\">Serpent dans un panier cr\u00e8che<\/a><\/div>\n<div class=\"blocco-descrizione\">Figurine en bois d&rsquo;\u00e9rable peint avec couleurs \u00e0 l&rsquo;huile.<\/div>\n<\/div>\n<\/div>\n<p>La punition de Dieu les frappe tous, le serpent en premier, qui est maudit, ensuite la femme, \u00c8ve, condamn\u00e9e aux souffrances de l\u2019accouchement et \u00e0 \u00eatre soumise \u00e0 l\u2019homme, et enfin Adam, condamn\u00e9 \u00e0 devoir sortir avec fatigue et sueur les fruits de la terre qui, jusqu\u2019\u00e0 ce moment-l\u00e0, avait \u00e9t\u00e9 prodigue et g\u00e9n\u00e9reuse avec lui. Enfin, et cela est certainement le pire des maux d\u00e9riv\u00e9s de cet acte irr\u00e9fl\u00e9chi, Die condamna l\u2019homme et la femme, et avec eux toute leur descendance, \u00e0 la <strong>mort physique<\/strong>, l\u00e0 o\u00f9 avant ils \u00e9taient immortels. Il faudra attendre des milliers d\u2019ann\u00e9es, et l\u2019avent de J\u00e9sus-Christ, pour que cette terrible rupture puisse conna\u00eetre l\u2019espoir d\u2019une r\u00e9conciliation. En J\u00e9sus, les fils d\u2019Adam connaissent la possibilit\u00e9 du rachat, le mirage de la vie \u00e9ternelle \u00e0 la fin des temps, mais seulement pour ceux qui auront su la m\u00e9riter.<\/p>\n<h2>Qui \u00e9taient les fils d\u2019Adam et d\u2019\u00c8ve<\/h2>\n<p>Une fois chass\u00e9s de l\u2019\u00c9den, Adam et \u00c8ve eurent plusieurs fils, de 14 \u00e0 140, selon la tradition. Les seuls trois cit\u00e9s dans la Bible sont toutefois <strong>Ca\u00efn, Abel et Seth<\/strong>. Ca\u00efn maria la s\u0153ur jumelle d\u2019Abel, Kalmana, et Abel la s\u0153ur jumelle de Ca\u00efn, D\u00e9borah. Ensuite, \u00e0 la mort d\u2019Abel, Ca\u00efn, son meurtrier, \u00e9pousa la s\u0153ur Awan, avec laquelle il eut un fils, H\u00e9noch. Seth maria la s\u0153ur Az\u00fbr\u00e2, qui donna naissance \u00e0 \u00c9nosh, lign\u00e9e dans laquelle No\u00e9 et ses enfants sont n\u00e9s. Les descendants de Ca\u00efn, par contre, d\u00e9vinrent nomades et \u00e9leveurs de b\u00e9tails et apprirent l\u2019art de forger les m\u00e9taux, en se distinguant par contre par la violence et la pratique de la polygamie.<\/p>\n","protected":false},"excerpt":{"rendered":"<p>Qui ne connait pas l\u2019histoire d\u2019Adam et d\u2019\u00c8ve, le premier homme et la premi\u00e8re femme ? Mais sommes-nous s\u00fbrs de la conna\u00eetre vraiment ? Souvenons-nous ensemble de l\u2019histoire de toutes les histoires. \u00c8ve et Adam sont consid\u00e9r\u00e9s par les catholiques comme les anc\u00eatres de tout&hellip;<\/p>\n","protected":false},"author":1,"featured_media":2727,"comment_status":"closed","ping_status":"open","sticky":false,"template":"","format":"standard","meta":{"_acf_changed":false,"footnotes":""},"categories":[8],"tags":[],"class_list":["post-2726","post","type-post","status-publish","format-standard","has-post-thumbnail","hentry","category-articles-religieux"],"acf":[],"yoast_head":"<!-- This site is optimized with the Yoast SEO plugin v26.6 - https:\/\/yoast.com\/wordpress\/plugins\/seo\/ -->\n<title>L\u2019histoire d\u2019Adam et d\u2019\u00c8ve - Holyart.fr Blog<\/title>\n<meta name=\"description\" content=\"Qui ne connait pas l\u2019histoire d\u2019Adam et d\u2019\u00c8ve, le premier homme et la premi\u00e8re femme ? Souvenons-nous ensemble de l\u2019histoire de toutes les histoires.\" \/>\n<meta name=\"robots\" content=\"index, follow, max-snippet:-1, max-image-preview:large, max-video-preview:-1\" \/>\n<link rel=\"canonical\" href=\"https:\/\/blog.holyart.it\/fr\/articles-religieux\/lhistoire-dadam-et-deve\/\" \/>\n<meta property=\"og:locale\" content=\"fr_FR\" \/>\n<meta property=\"og:type\" content=\"article\" \/>\n<meta property=\"og:title\" content=\"L\u2019histoire d\u2019Adam et d\u2019\u00c8ve - Holyart.fr Blog\" \/>\n<meta property=\"og:description\" content=\"Qui ne connait pas l\u2019histoire d\u2019Adam et d\u2019\u00c8ve, le premier homme et la premi\u00e8re femme ? Souvenons-nous ensemble de l\u2019histoire de toutes les histoires.\" \/>\n<meta property=\"og:url\" content=\"https:\/\/blog.holyart.it\/fr\/articles-religieux\/lhistoire-dadam-et-deve\/\" \/>\n<meta property=\"og:site_name\" content=\"Holyart.fr Blog\" \/>\n<meta property=\"article:published_time\" content=\"2021-03-18T08:35:56+00:00\" \/>\n<meta property=\"article:modified_time\" content=\"2022-08-18T13:04:27+00:00\" \/>\n<meta property=\"og:image\" content=\"https:\/\/blog.holyart.it\/fr\/wp-content\/uploads\/sites\/14\/2021\/04\/L\u2019histoire-d\u2019Adam-et-d\u2019eve.jpg\" \/>\n\t<meta property=\"og:image:width\" content=\"1000\" \/>\n\t<meta property=\"og:image:height\" content=\"666\" \/>\n\t<meta property=\"og:image:type\" content=\"image\/jpeg\" \/>\n<meta name=\"author\" content=\"Redazione\" \/>\n<meta name=\"twitter:card\" content=\"summary_large_image\" \/>\n<meta name=\"twitter:label1\" content=\"\u00c9crit par\" \/>\n\t<meta name=\"twitter:data1\" content=\"Redazione\" \/>\n\t<meta name=\"twitter:label2\" content=\"Dur\u00e9e de lecture estim\u00e9e\" \/>\n\t<meta name=\"twitter:data2\" content=\"11 minutes\" \/>\n<script type=\"application\/ld+json\" class=\"yoast-schema-graph\">{\"@context\":\"https:\/\/schema.org\",\"@graph\":[{\"@type\":\"Article\",\"@id\":\"https:\/\/blog.holyart.it\/fr\/articles-religieux\/lhistoire-dadam-et-deve\/#article\",\"isPartOf\":{\"@id\":\"https:\/\/blog.holyart.it\/fr\/articles-religieux\/lhistoire-dadam-et-deve\/\"},\"author\":{\"name\":\"Redazione\",\"@id\":\"https:\/\/blog.holyart.it\/fr\/#\/schema\/person\/0a7b686e5af0f856ec1e390dd0baecda\"},\"headline\":\"L\u2019histoire d\u2019Adam et d\u2019\u00c8ve\",\"datePublished\":\"2021-03-18T08:35:56+00:00\",\"dateModified\":\"2022-08-18T13:04:27+00:00\",\"mainEntityOfPage\":{\"@id\":\"https:\/\/blog.holyart.it\/fr\/articles-religieux\/lhistoire-dadam-et-deve\/\"},\"wordCount\":2221,\"publisher\":{\"@id\":\"https:\/\/blog.holyart.it\/fr\/#organization\"},\"image\":{\"@id\":\"https:\/\/blog.holyart.it\/fr\/articles-religieux\/lhistoire-dadam-et-deve\/#primaryimage\"},\"thumbnailUrl\":\"https:\/\/blog.holyart.it\/fr\/wp-content\/uploads\/sites\/14\/2021\/04\/L\u2019histoire-d\u2019Adam-et-d\u2019eve.jpg\",\"articleSection\":[\"Religion\"],\"inLanguage\":\"fr-FR\"},{\"@type\":\"WebPage\",\"@id\":\"https:\/\/blog.holyart.it\/fr\/articles-religieux\/lhistoire-dadam-et-deve\/\",\"url\":\"https:\/\/blog.holyart.it\/fr\/articles-religieux\/lhistoire-dadam-et-deve\/\",\"name\":\"L\u2019histoire d\u2019Adam et d\u2019\u00c8ve - Holyart.fr Blog\",\"isPartOf\":{\"@id\":\"https:\/\/blog.holyart.it\/fr\/#website\"},\"primaryImageOfPage\":{\"@id\":\"https:\/\/blog.holyart.it\/fr\/articles-religieux\/lhistoire-dadam-et-deve\/#primaryimage\"},\"image\":{\"@id\":\"https:\/\/blog.holyart.it\/fr\/articles-religieux\/lhistoire-dadam-et-deve\/#primaryimage\"},\"thumbnailUrl\":\"https:\/\/blog.holyart.it\/fr\/wp-content\/uploads\/sites\/14\/2021\/04\/L\u2019histoire-d\u2019Adam-et-d\u2019eve.jpg\",\"datePublished\":\"2021-03-18T08:35:56+00:00\",\"dateModified\":\"2022-08-18T13:04:27+00:00\",\"description\":\"Qui ne connait pas l\u2019histoire d\u2019Adam et d\u2019\u00c8ve, le premier homme et la premi\u00e8re femme ? Souvenons-nous ensemble de l\u2019histoire de toutes les histoires.\",\"breadcrumb\":{\"@id\":\"https:\/\/blog.holyart.it\/fr\/articles-religieux\/lhistoire-dadam-et-deve\/#breadcrumb\"},\"inLanguage\":\"fr-FR\",\"potentialAction\":[{\"@type\":\"ReadAction\",\"target\":[\"https:\/\/blog.holyart.it\/fr\/articles-religieux\/lhistoire-dadam-et-deve\/\"]}]},{\"@type\":\"ImageObject\",\"inLanguage\":\"fr-FR\",\"@id\":\"https:\/\/blog.holyart.it\/fr\/articles-religieux\/lhistoire-dadam-et-deve\/#primaryimage\",\"url\":\"https:\/\/blog.holyart.it\/fr\/wp-content\/uploads\/sites\/14\/2021\/04\/L\u2019histoire-d\u2019Adam-et-d\u2019eve.jpg\",\"contentUrl\":\"https:\/\/blog.holyart.it\/fr\/wp-content\/uploads\/sites\/14\/2021\/04\/L\u2019histoire-d\u2019Adam-et-d\u2019eve.jpg\",\"width\":1000,\"height\":666,\"caption\":\"L\u2019histoire d\u2019Adam et d\u2019eve\"},{\"@type\":\"BreadcrumbList\",\"@id\":\"https:\/\/blog.holyart.it\/fr\/articles-religieux\/lhistoire-dadam-et-deve\/#breadcrumb\",\"itemListElement\":[{\"@type\":\"ListItem\",\"position\":1,\"name\":\"Homepage\",\"item\":\"https:\/\/blog.holyart.it\/fr\/\"},{\"@type\":\"ListItem\",\"position\":2,\"name\":\"Religion\",\"item\":\"https:\/\/blog.holyart.it\/fr\/articles-religieux\/\"},{\"@type\":\"ListItem\",\"position\":3,\"name\":\"L\u2019histoire d\u2019Adam et d\u2019\u00c8ve\"}]},{\"@type\":\"WebSite\",\"@id\":\"https:\/\/blog.holyart.it\/fr\/#website\",\"url\":\"https:\/\/blog.holyart.it\/fr\/\",\"name\":\"Holyart.fr Blog\",\"description\":\"Holyblog\",\"publisher\":{\"@id\":\"https:\/\/blog.holyart.it\/fr\/#organization\"},\"potentialAction\":[{\"@type\":\"SearchAction\",\"target\":{\"@type\":\"EntryPoint\",\"urlTemplate\":\"https:\/\/blog.holyart.it\/fr\/?s={search_term_string}\"},\"query-input\":{\"@type\":\"PropertyValueSpecification\",\"valueRequired\":true,\"valueName\":\"search_term_string\"}}],\"inLanguage\":\"fr-FR\"},{\"@type\":\"Organization\",\"@id\":\"https:\/\/blog.holyart.it\/fr\/#organization\",\"name\":\"Holyart.fr Blog\",\"url\":\"https:\/\/blog.holyart.it\/fr\/\",\"logo\":{\"@type\":\"ImageObject\",\"inLanguage\":\"fr-FR\",\"@id\":\"https:\/\/blog.holyart.it\/fr\/#\/schema\/logo\/image\/\",\"url\":\"https:\/\/blog.holyart.it\/fr\/wp-content\/uploads\/sites\/14\/2022\/12\/Holyart_Blog_Logo.jpg\",\"contentUrl\":\"https:\/\/blog.holyart.it\/fr\/wp-content\/uploads\/sites\/14\/2022\/12\/Holyart_Blog_Logo.jpg\",\"width\":300,\"height\":50,\"caption\":\"Holyart.fr Blog\"},\"image\":{\"@id\":\"https:\/\/blog.holyart.it\/fr\/#\/schema\/logo\/image\/\"}},{\"@type\":\"Person\",\"@id\":\"https:\/\/blog.holyart.it\/fr\/#\/schema\/person\/0a7b686e5af0f856ec1e390dd0baecda\",\"name\":\"Redazione\",\"image\":{\"@type\":\"ImageObject\",\"inLanguage\":\"fr-FR\",\"@id\":\"https:\/\/blog.holyart.it\/fr\/#\/schema\/person\/image\/\",\"url\":\"https:\/\/secure.gravatar.com\/avatar\/f477da817f43e50d0af36abecd33e3edf826c68299714bdc1057dff3b113f516?s=96&d=mm&r=g\",\"contentUrl\":\"https:\/\/secure.gravatar.com\/avatar\/f477da817f43e50d0af36abecd33e3edf826c68299714bdc1057dff3b113f516?s=96&d=mm&r=g\",\"caption\":\"Redazione\"},\"url\":\"https:\/\/blog.holyart.it\/fr\/author\/admin\/\"}]}<\/script>\n<!-- \/ Yoast SEO plugin. -->","yoast_head_json":{"title":"L\u2019histoire d\u2019Adam et d\u2019\u00c8ve - Holyart.fr Blog","description":"Qui ne connait pas l\u2019histoire d\u2019Adam et d\u2019\u00c8ve, le premier homme et la premi\u00e8re femme ? Souvenons-nous ensemble de l\u2019histoire de toutes les histoires.","robots":{"index":"index","follow":"follow","max-snippet":"max-snippet:-1","max-image-preview":"max-image-preview:large","max-video-preview":"max-video-preview:-1"},"canonical":"https:\/\/blog.holyart.it\/fr\/articles-religieux\/lhistoire-dadam-et-deve\/","og_locale":"fr_FR","og_type":"article","og_title":"L\u2019histoire d\u2019Adam et d\u2019\u00c8ve - Holyart.fr Blog","og_description":"Qui ne connait pas l\u2019histoire d\u2019Adam et d\u2019\u00c8ve, le premier homme et la premi\u00e8re femme ? Souvenons-nous ensemble de l\u2019histoire de toutes les histoires.","og_url":"https:\/\/blog.holyart.it\/fr\/articles-religieux\/lhistoire-dadam-et-deve\/","og_site_name":"Holyart.fr Blog","article_published_time":"2021-03-18T08:35:56+00:00","article_modified_time":"2022-08-18T13:04:27+00:00","og_image":[{"width":1000,"height":666,"url":"https:\/\/blog.holyart.it\/fr\/wp-content\/uploads\/sites\/14\/2021\/04\/L\u2019histoire-d\u2019Adam-et-d\u2019eve.jpg","type":"image\/jpeg"}],"author":"Redazione","twitter_card":"summary_large_image","twitter_misc":{"\u00c9crit par":"Redazione","Dur\u00e9e de lecture estim\u00e9e":"11 minutes"},"schema":{"@context":"https:\/\/schema.org","@graph":[{"@type":"Article","@id":"https:\/\/blog.holyart.it\/fr\/articles-religieux\/lhistoire-dadam-et-deve\/#article","isPartOf":{"@id":"https:\/\/blog.holyart.it\/fr\/articles-religieux\/lhistoire-dadam-et-deve\/"},"author":{"name":"Redazione","@id":"https:\/\/blog.holyart.it\/fr\/#\/schema\/person\/0a7b686e5af0f856ec1e390dd0baecda"},"headline":"L\u2019histoire d\u2019Adam et d\u2019\u00c8ve","datePublished":"2021-03-18T08:35:56+00:00","dateModified":"2022-08-18T13:04:27+00:00","mainEntityOfPage":{"@id":"https:\/\/blog.holyart.it\/fr\/articles-religieux\/lhistoire-dadam-et-deve\/"},"wordCount":2221,"publisher":{"@id":"https:\/\/blog.holyart.it\/fr\/#organization"},"image":{"@id":"https:\/\/blog.holyart.it\/fr\/articles-religieux\/lhistoire-dadam-et-deve\/#primaryimage"},"thumbnailUrl":"https:\/\/blog.holyart.it\/fr\/wp-content\/uploads\/sites\/14\/2021\/04\/L\u2019histoire-d\u2019Adam-et-d\u2019eve.jpg","articleSection":["Religion"],"inLanguage":"fr-FR"},{"@type":"WebPage","@id":"https:\/\/blog.holyart.it\/fr\/articles-religieux\/lhistoire-dadam-et-deve\/","url":"https:\/\/blog.holyart.it\/fr\/articles-religieux\/lhistoire-dadam-et-deve\/","name":"L\u2019histoire d\u2019Adam et d\u2019\u00c8ve - Holyart.fr Blog","isPartOf":{"@id":"https:\/\/blog.holyart.it\/fr\/#website"},"primaryImageOfPage":{"@id":"https:\/\/blog.holyart.it\/fr\/articles-religieux\/lhistoire-dadam-et-deve\/#primaryimage"},"image":{"@id":"https:\/\/blog.holyart.it\/fr\/articles-religieux\/lhistoire-dadam-et-deve\/#primaryimage"},"thumbnailUrl":"https:\/\/blog.holyart.it\/fr\/wp-content\/uploads\/sites\/14\/2021\/04\/L\u2019histoire-d\u2019Adam-et-d\u2019eve.jpg","datePublished":"2021-03-18T08:35:56+00:00","dateModified":"2022-08-18T13:04:27+00:00","description":"Qui ne connait pas l\u2019histoire d\u2019Adam et d\u2019\u00c8ve, le premier homme et la premi\u00e8re femme ? Souvenons-nous ensemble de l\u2019histoire de toutes les histoires.","breadcrumb":{"@id":"https:\/\/blog.holyart.it\/fr\/articles-religieux\/lhistoire-dadam-et-deve\/#breadcrumb"},"inLanguage":"fr-FR","potentialAction":[{"@type":"ReadAction","target":["https:\/\/blog.holyart.it\/fr\/articles-religieux\/lhistoire-dadam-et-deve\/"]}]},{"@type":"ImageObject","inLanguage":"fr-FR","@id":"https:\/\/blog.holyart.it\/fr\/articles-religieux\/lhistoire-dadam-et-deve\/#primaryimage","url":"https:\/\/blog.holyart.it\/fr\/wp-content\/uploads\/sites\/14\/2021\/04\/L\u2019histoire-d\u2019Adam-et-d\u2019eve.jpg","contentUrl":"https:\/\/blog.holyart.it\/fr\/wp-content\/uploads\/sites\/14\/2021\/04\/L\u2019histoire-d\u2019Adam-et-d\u2019eve.jpg","width":1000,"height":666,"caption":"L\u2019histoire d\u2019Adam et d\u2019eve"},{"@type":"BreadcrumbList","@id":"https:\/\/blog.holyart.it\/fr\/articles-religieux\/lhistoire-dadam-et-deve\/#breadcrumb","itemListElement":[{"@type":"ListItem","position":1,"name":"Homepage","item":"https:\/\/blog.holyart.it\/fr\/"},{"@type":"ListItem","position":2,"name":"Religion","item":"https:\/\/blog.holyart.it\/fr\/articles-religieux\/"},{"@type":"ListItem","position":3,"name":"L\u2019histoire d\u2019Adam et d\u2019\u00c8ve"}]},{"@type":"WebSite","@id":"https:\/\/blog.holyart.it\/fr\/#website","url":"https:\/\/blog.holyart.it\/fr\/","name":"Holyart.fr Blog","description":"Holyblog","publisher":{"@id":"https:\/\/blog.holyart.it\/fr\/#organization"},"potentialAction":[{"@type":"SearchAction","target":{"@type":"EntryPoint","urlTemplate":"https:\/\/blog.holyart.it\/fr\/?s={search_term_string}"},"query-input":{"@type":"PropertyValueSpecification","valueRequired":true,"valueName":"search_term_string"}}],"inLanguage":"fr-FR"},{"@type":"Organization","@id":"https:\/\/blog.holyart.it\/fr\/#organization","name":"Holyart.fr Blog","url":"https:\/\/blog.holyart.it\/fr\/","logo":{"@type":"ImageObject","inLanguage":"fr-FR","@id":"https:\/\/blog.holyart.it\/fr\/#\/schema\/logo\/image\/","url":"https:\/\/blog.holyart.it\/fr\/wp-content\/uploads\/sites\/14\/2022\/12\/Holyart_Blog_Logo.jpg","contentUrl":"https:\/\/blog.holyart.it\/fr\/wp-content\/uploads\/sites\/14\/2022\/12\/Holyart_Blog_Logo.jpg","width":300,"height":50,"caption":"Holyart.fr Blog"},"image":{"@id":"https:\/\/blog.holyart.it\/fr\/#\/schema\/logo\/image\/"}},{"@type":"Person","@id":"https:\/\/blog.holyart.it\/fr\/#\/schema\/person\/0a7b686e5af0f856ec1e390dd0baecda","name":"Redazione","image":{"@type":"ImageObject","inLanguage":"fr-FR","@id":"https:\/\/blog.holyart.it\/fr\/#\/schema\/person\/image\/","url":"https:\/\/secure.gravatar.com\/avatar\/f477da817f43e50d0af36abecd33e3edf826c68299714bdc1057dff3b113f516?s=96&d=mm&r=g","contentUrl":"https:\/\/secure.gravatar.com\/avatar\/f477da817f43e50d0af36abecd33e3edf826c68299714bdc1057dff3b113f516?s=96&d=mm&r=g","caption":"Redazione"},"url":"https:\/\/blog.holyart.it\/fr\/author\/admin\/"}]}},"_links":{"self":[{"href":"https:\/\/blog.holyart.it\/fr\/wp-json\/wp\/v2\/posts\/2726","targetHints":{"allow":["GET"]}}],"collection":[{"href":"https:\/\/blog.holyart.it\/fr\/wp-json\/wp\/v2\/posts"}],"about":[{"href":"https:\/\/blog.holyart.it\/fr\/wp-json\/wp\/v2\/types\/post"}],"author":[{"embeddable":true,"href":"https:\/\/blog.holyart.it\/fr\/wp-json\/wp\/v2\/users\/1"}],"replies":[{"embeddable":true,"href":"https:\/\/blog.holyart.it\/fr\/wp-json\/wp\/v2\/comments?post=2726"}],"version-history":[{"count":0,"href":"https:\/\/blog.holyart.it\/fr\/wp-json\/wp\/v2\/posts\/2726\/revisions"}],"wp:featuredmedia":[{"embeddable":true,"href":"https:\/\/blog.holyart.it\/fr\/wp-json\/wp\/v2\/media\/2727"}],"wp:attachment":[{"href":"https:\/\/blog.holyart.it\/fr\/wp-json\/wp\/v2\/media?parent=2726"}],"wp:term":[{"taxonomy":"category","embeddable":true,"href":"https:\/\/blog.holyart.it\/fr\/wp-json\/wp\/v2\/categories?post=2726"},{"taxonomy":"post_tag","embeddable":true,"href":"https:\/\/blog.holyart.it\/fr\/wp-json\/wp\/v2\/tags?post=2726"}],"curies":[{"name":"wp","href":"https:\/\/api.w.org\/{rel}","templated":true}]}}