{"id":2712,"date":"2021-03-16T16:16:56","date_gmt":"2021-03-16T15:16:56","guid":{"rendered":"https:\/\/blog.holyart.it\/fr\/?p=2712"},"modified":"2024-07-02T17:15:31","modified_gmt":"2024-07-02T15:15:31","slug":"saint-dominique-de-guzman-et-la-remise-du-rosaire","status":"publish","type":"post","link":"https:\/\/blog.holyart.it\/fr\/saints-et-bienheureux\/saint-dominique-de-guzman-et-la-remise-du-rosaire\/","title":{"rendered":"Saint Dominique de Guzm\u00e1n et la remise du rosaire"},"content":{"rendered":"<h4 style=\"text-align: center;\"><em>Saint Dominique de Guzm\u00e1n, le saint amoureux de Christ, v\u00e9cut sa vie en se partageant entre pr\u00e9dication et pri\u00e8re. Opposant f\u00e9roce de l\u2019h\u00e9r\u00e9sie, il re\u00e7ut de la Vierge Marie le Saint Rosaire en tant qu\u2019arme de pri\u00e8re et de pr\u00e9dication.<\/em><\/h4>\n\n<p><strong><em>Doux comme une maman, fort comme un diamant. <\/em><\/strong>C\u2019est ainsi que Jean-Baptiste Henri Lacordaire, restaurateur de l\u2019ordre dominicain en France apr\u00e8s la R\u00e9volution un des plus grands exposants du catholicisme lib\u00e9rale du XIX si\u00e8cle, d\u00e9finit Saint Dominique de Guzm\u00e1n, p\u00e8re fondateur des fr\u00e8res dominicains.<\/p>\n<div class=\"link-product\">\n<div class=\"blocco-immagine\"><img loading=\"lazy\" decoding=\"async\" class=\"alignnone size-full wp-image-2717\" src=\"https:\/\/blog.holyart.it\/fr\/wp-content\/uploads\/sites\/14\/2021\/04\/saint-dominique-bethleem-1.jpg\" alt=\"saint dominique bethleem\" width=\"100\" height=\"100\" data-kale-share-title=\"Saint Dominique de Guzm\u00e1n et la remise du rosaire\" data-kale-share-url=\"https:\/\/blog.holyart.it\/fr\/articles-religieux\/saint-dominique-de-guzman-et-la-remise-du-rosaire\/\" \/><\/div>\n<div class=\"blocco-contenuto\">\n<div class=\"blocco-acquista\">Acheter sur Holyart:<\/div>\n<div class=\"blocco-titolo\"><a href=\"https:\/\/www.holyart.fr\/articles-religieux\/statues\/statues-en-bois-peint\/saint-dominique-46-cm-bois-bethleem\">Saint Dominique<\/a><\/div>\n<div class=\"blocco-descrizione\">Statue de haute qualit\u00e9 et unique elle est r\u00e9alis\u00e9e \u00e0 la main<\/div>\n<\/div>\n<\/div>\n<p>Ce saint devait en effet \u00eatre un homme tr\u00e8s singulier, dot\u00e9 d\u2019un <strong>grand charme<\/strong>, g\u00e9nial et dot\u00e9 d\u2019un amour br\u00fblant et d\u2019une vigueur spirituelle dignes d\u2019un ap\u00f4tre. Il se tournait toujours avec le plus <strong>tendre amour<\/strong> vers ses confr\u00e8res, ces Dominicains qu\u2019il voulut r\u00e9unir autour de lui afin de s\u2019entourer d\u2019autres qui comme lui aimeraient le Christ et se d\u00e9dieraient avant tout \u00e0 vivre dans Sa contemplation.<br \/>\nCependant, il fut en m\u00eame temps un fier <strong>d\u00e9fenseur de la Parole parmi les h\u00e9r\u00e9tiques<\/strong>, qu\u2019il essaya toujours de convertir avec d\u00e9bats et persuasion, \u00e0 une \u00e9poque o\u00f9 recourir \u00e0 la violence et \u00e0 la torture \u00e9tait monnaie courante.<\/p>\n<p>Mais ce qui animait Saint Dominique de Guzm\u00e1n \u00e9tait l\u2019<strong>amour<\/strong>, la <strong>passion<\/strong>. Toujours P\u00e8re Lacordaire dira des premiers dominicains qu\u2019ils \u00e9taient des <em>\u00e2mes passionn\u00e9es<\/em>, qui \u00ab\u00a0<em>aimaient Dieu, ils l\u2019aimaient vraiment. Ils aimaient leur prochain plus qu\u2019eux-m\u00eames<\/em>\u00a0\u00bb. Arm\u00e9s de cet amour, de cet enthousiasme, les fr\u00e8res blancs &#8211; de la couleur de leur habit &#8211; de Saint Dominique parcoururent l\u2019Europe enti\u00e8re afin de pr\u00eacher la V\u00e9rit\u00e9.<\/p>\n<p>Un autre trait fondamental des dominicains, et de leur fondateur avant tout, fut la <strong>d\u00e9votion extraordinaire \u00e0 la Sainte Vierge<\/strong>. Marie en personne apparut \u00e0 Saint Dominique en lui indiquant le Sainte Rosaire comme l\u2019arme la plus efficace contre les h\u00e9r\u00e9sies des Cathares et des Albigeois. De nouveau aucune violence, aucune pr\u00e9varication, mais la pri\u00e8re la plus ch\u00e8re \u00e0 la M\u00e8re du Sauveur en tant qu\u2019instrument de foi et de conversion.<\/p>\n<p>Apprenons \u00e0 mieux conna\u00eetre ce saint extraordinaire et son lien unique et sp\u00e9cial avec le Saint Rosaire.<\/p>\n<div class=\"link-product\">\n<div class=\"blocco-immagine\"><img loading=\"lazy\" decoding=\"async\" class=\"alignnone size-full wp-image-2719\" src=\"https:\/\/blog.holyart.it\/fr\/wp-content\/uploads\/sites\/14\/2021\/03\/chapelet-grains-decores-vierge-a-lenfant.jpg\" alt=\"chapelet grains decores vierge a lenfant\" width=\"100\" height=\"100\" data-kale-share-title=\"Saint Dominique de Guzm\u00e1n et la remise du rosaire\" data-kale-share-url=\"https:\/\/blog.holyart.it\/fr\/articles-religieux\/saint-dominique-de-guzman-et-la-remise-du-rosaire\/\" \/><\/div>\n<div class=\"blocco-contenuto\">\n<div class=\"blocco-acquista\">Acheter sur Holyart:<\/div>\n<div class=\"blocco-titolo\"><a href=\"https:\/\/www.holyart.fr\/articles-religieux\/chapelets-et-etuis-a-chapelet\">Chapelets et \u00e9tuis \u00e0 chapelet<\/a><\/div>\n<div class=\"blocco-descrizione\">Vaste s\u00e9lection de chapelets en diff\u00e9rents mat\u00e9riaux<\/div>\n<\/div>\n<\/div>\n<h2>L\u2019histoire du saint<\/h2>\n<p>Saint Dominique de Guzm\u00e1n naquit en 1170 \u00e0 Caleruega, dans les montagnes de la Vieille-Castille, en Espagne. On ne sait pas grand-chose \u00e0 propos de sa jeunesse, si ce n\u2019est qu\u2019il fut instruit aux arts lib\u00e9raux et \u00e0 la th\u00e9ologie. Il d\u00e9montra d\u00e8s son plus jeune \u00e2ge une grande piti\u00e9, tant que, perturb\u00e9 par la mis\u00e8re \u00e0 laquelle les guerres et les famines avaient condamn\u00e9 beaucoup de gens, il vendit tous ses biens, m\u00eame ses livres et ses parchemins, afin d\u2019aider les pauvres. On raconte qu\u2019il \u00e9tait un jeune de tr\u00e8s bel aspect, avec des mains longues et \u00e9l\u00e9gantes et une voix forte et musicale, qu\u2019il inspirait sympathie et s\u00e9r\u00e9nit\u00e9. Voil\u00e0 ce qui conqu\u00e9rait en premier ceux qui entraient en contact avec lui.<\/p>\n<p>Apr\u00e8s ses \u00e9tudes, il fut ordonn\u00e9 pr\u00eatre et entra parmi les canoniques r\u00e9guliers de la cath\u00e9drale d\u2019Osma.<\/p>\n<p>Bient\u00f4t il sut se faire remarquer par ses sup\u00e9rieurs et, en 1203, l\u2019\u00e9v\u00eaque d\u2019Osma, <strong>Diego de Acebo<\/strong>, voulut l\u2019amener avec lui pour une mission diplomatique de la plus haute importance et d\u00e9licatesse au Danemark. Ainsi, au milieu des chr\u00e9tiens nordiques et des h\u00e9r\u00e9tiques cathares du nord de la France, le jeune d\u00e9couvrit sa <strong>vocation de missionnaire<\/strong>. Avec l\u2019\u00e9v\u00eaque et ami Diego, il voyagea jusqu\u2019\u00e0 Rome afin de demander au Pape la licence pour pouvoir se d\u00e9dier \u00e0 l\u2019\u00e9vang\u00e9lisation des pa\u00efens de l\u2019Europe Nord Orientale.<br \/>\nLe Saint-P\u00e8re devina le potentiel de cet ap\u00f4tre z\u00e9l\u00e9 et enthousiaste de la Parole de Christ et d\u00e9cida d\u2019employer ses dons de pr\u00eacheur dans le Languedoc, menac\u00e9e par l\u2019<strong>h\u00e9r\u00e9sie cathare<\/strong>.<\/p>\n<div class=\"link-article\">\n<p><img loading=\"lazy\" decoding=\"async\" class=\"size-full wp-image-2721 alignleft\" src=\"https:\/\/blog.holyart.it\/fr\/wp-content\/uploads\/sites\/14\/2021\/03\/Saint-Paul-de-Tarse.jpg\" alt=\"Saint Paul de Tarse\" width=\"150\" height=\"100\" data-kale-share-title=\"Saint Dominique de Guzm\u00e1n et la remise du rosaire\" data-kale-share-url=\"https:\/\/blog.holyart.it\/fr\/articles-religieux\/saint-dominique-de-guzman-et-la-remise-du-rosaire\/\" \/><\/p>\n<div class=\"leggi-anche\">Lire aussi :<\/div>\n<p><strong><a href=\"https:\/\/www.holyart.fr\/blog\/saints-et-bienheureux\/saint-paul-de-tarse-histoire-dun-missionnaire\/\">Saint Paul de Tarse : histoire d\u2019un missionnaire<\/a><\/strong><br \/>\nSaint Paul de Tarse peut \u00eatre consid\u00e9r\u00e9 comme le premier grand missionnaire de l\u2019\u00e9glise chr\u00e9tienne.<\/p>\n<\/div>\n<p>Saint Dominique d\u00e9montra une <strong>approche nouvelle \u00e0 l\u2019h\u00e9r\u00e9sie<\/strong>. Il essaya de comprendre les raisons des h\u00e9r\u00e9tiques, leur pens\u00e9e, et adopta sous certains aspects leur style de vie rigoureux et aust\u00e8re, qui tant alimentait leur popularit\u00e9 aupr\u00e8s des classes les plus pauvres, surtout en comparaison aux fastes et aux exc\u00e8s de certains hauts pr\u00e9lats catholiques.<\/p>\n<p>Son apostolat se distingua \u00e9galement par sa <strong>m\u00e9thode de pr\u00e9dication<\/strong>, bas\u00e9e sur des d\u00e9bats publics et des entretiens personnels, des discours passionn\u00e9s, des \u0153uvres de persuasion, auxquels il associait toujours pri\u00e8re et p\u00e9nitence \u00e9galement. Devenu <strong>pr\u00eacheur officiel de la dioc\u00e8se de Toulouse<\/strong>, il commen\u00e7a \u00e9galement \u00e0 songer \u00e0 la possibilit\u00e9 de r\u00e9unir autour de lui un groupe de jeunes tout aussi enthousiastes et passionn\u00e9s que lui afin de poursuivre la <strong>Pr\u00e9dication<\/strong> de mani\u00e8re stable et organis\u00e9e. En premier, Saint Dominique accueillit les <strong>femmes<\/strong> qui avaient abandonn\u00e9 le catharisme, en formant une communaut\u00e9 de dominicaines d\u00e9vou\u00e9es \u00e0 la <strong>vie contemplative<\/strong>, mais aussi \u00e0 la \u00ab\u00a0Sainte Pr\u00e9dication\u00a0\u00bb, puisque leurs pri\u00e8res auraient bient\u00f4t servi pour soutenir et encourager leurs fr\u00e8res pr\u00eacheurs. Les hommes aussi s\u2019unirent \u00e0 lui, malgr\u00e9 le fait qu\u2019il \u00e9tait difficile de suivre ses id\u00e9aux en raison du style de vie aust\u00e8re et rigoureux, et ce fut ainsi que l\u2019<strong>Ordre des pr\u00eacheurs <\/strong>vit le jour. L\u2019Ordre, approuv\u00e9 par Pape Innocent III en 1216, prit le nom d\u2019\u00a0\u00ab\u00a0Ordre des Fr\u00e8res Pr\u00eacheurs\u00a0\u00bb. \u00c0 la base de l\u2019Ordre\u00a0: pr\u00e9dication, \u00e9tude, pauvret\u00e9, vie commune, exp\u00e9ditions missionnaires.<\/p>\n<p>Les Fr\u00e8res Pr\u00eacheurs commenc\u00e8rent bient\u00f4t \u00e0 voyager \u00e0 travers l\u2019Europe, en pr\u00eachant, mais aussi en participant \u00e0 la vie culturelle et th\u00e9ologique, surtout dans les grandes <strong>villes universitaires comme Paris et Bologne<\/strong>.<\/p>\n<p>Saint Dominique de Guzm\u00e1n mourut \u00e0 <strong>Bologne<\/strong> le 6 ao\u00fbt 1221, entour\u00e9 par l\u2019amour de ses fr\u00e8res. Il fut canonis\u00e9 en 1234.<\/p>\n<h2>La remise du Rosaire de la part de la Sainte Vierge<\/h2>\n<p>Nous avons d\u00e9j\u00e0 mentionn\u00e9 la <strong>d\u00e9votion mariale<\/strong> de Saint Dominique de Guzm\u00e1n et l\u2019apparition de la Vierge dont il aurait \u00e9t\u00e9 protagoniste. \u00c0 cet \u00e9poque, le Saint vivait \u00e0 Toulouse et s\u2019effor\u00e7ait de trouver un moyen pour combattre l\u2019h\u00e9r\u00e9sie des Albigeois sans devoir recourir \u00e0 la violence. Alain de La Roche, un autre dominicain devenu c\u00e9l\u00e8bre pour sa d\u00e9votion particuli\u00e8re au Rosaire, nous raconte que, pendant la pr\u00e9dication, le Saint fut captur\u00e9 par des pirates qui l\u2019amen\u00e8rent sur leur navire. Le m\u00eame bateau fut surpris par une temp\u00eate et ce fut \u00e0 ce moment-l\u00e0 que la Vierge se manifesta \u00e0 Dominique, en lui indiquant le Saint Rosaire en tant que seul et unique salut contre le naufrage et la mort d\u2019eux tous. Le Saint communiqua aux pirates cet avertissement et eux accept\u00e8rent : la temp\u00eate se calma aussit\u00f4t. Les pirates furent les premiers membres de la <strong>Confr\u00e9rie du Rosaire<\/strong>, la demeure de la Vierge Marie sur terre.<\/p>\n<div class=\"link-article\">\n<p><img loading=\"lazy\" decoding=\"async\" class=\"size-full wp-image-2722 alignleft\" src=\"https:\/\/blog.holyart.it\/fr\/wp-content\/uploads\/sites\/14\/2021\/03\/Le-Mouvement-Dominicain-du-Rosaire.jpg\" alt=\"Le Mouvement Dominicain du Rosaire\" width=\"150\" height=\"99\" data-kale-share-title=\"Saint Dominique de Guzm\u00e1n et la remise du rosaire\" data-kale-share-url=\"https:\/\/blog.holyart.it\/fr\/articles-religieux\/saint-dominique-de-guzman-et-la-remise-du-rosaire\/\" \/><\/p>\n<div class=\"leggi-anche\">Lire aussi :<\/div>\n<p><strong><a href=\"https:\/\/www.holyart.fr\/blog\/monasteres\/mouvement-dominicain-rosaire\/\">Le Mouvement Dominicain du Rosaire<\/a><\/strong><br \/>\nLe Mouvement Dominicain du Rosaire exprime en m\u00eame temps le d\u00e9sir de d\u00e9votion au Saint Rosaire<\/p>\n<\/div>\n<p>La morale de cette histoire est claire : par volont\u00e9 de la Sainte Vierge, le Rosaire n\u2019\u00e9tait pas uniquement un <strong>instrument de salut personnel<\/strong>, mais \u00e9galement une <strong>arme de pri\u00e8re communautaire<\/strong>. \u00ab\u00a0<em>S\u2019ils accueilleront ce dernier Refuge de Mis\u00e9ricorde de mon Rosaire, ils ne seront pas engloutis par les eaux et par l\u2019enfer\u00a0!<\/em>\u00a0\u00bb, ainsi la Vierge aurait parl\u00e9 \u00e0 Saint Dominique, toujours selon Alain, et il est clair que cette mise en garde ne concernait pas uniquement les pirates, et ne fait pas uniquement r\u00e9f\u00e9rence au naufrage. Pour le jeune Saint engag\u00e9 \u00e0 combattre l\u2019h\u00e9r\u00e9sie cathare, il parut tout de suite \u00e9vident que la voie du Rosaire lui avait \u00e9t\u00e9 montr\u00e9e par la Vierge pour combattre les ennemis de l\u2019\u00c9glise et les h\u00e9r\u00e9tiques avec l\u2019arme la plus forte et efficace possible.<\/p>\n<p>Suite \u00e0 cette exp\u00e9rience mystique de Saint Dominique, le Rosaire prit la forme que nous lui connaissons encore aujourd\u2019hui et que nous pratiquons, avec le r\u00f4le central de la Vierge Marie et le mouvement circulaire qui exprime le parcours spirituel du fid\u00e8le, son mouvement progressif vers Dieu. Avec Saint Dominique et son Ordre de fr\u00e8res pr\u00eacheurs, le Rosaire devint un <strong>instrument de m\u00e9ditation et de pri\u00e8re personnelle et communautaire<\/strong>, mais aussi un <strong>moyen de pr\u00e9dication<\/strong>.<\/p>\n<h2>Les origines de l\u2019ordre dominicain<\/h2>\n<p>L&rsquo;<strong>Ordre des Fr\u00e8res Pr\u00eacheurs <\/strong>naquit gr\u00e2ce aux hommes r\u00e9unit autour de Saint Dominique de Guzm\u00e1n lors de son apostolat en Languedoc.<\/p>\n<div class=\"link-product\">\n<div class=\"blocco-immagine\"><img loading=\"lazy\" decoding=\"async\" class=\"alignnone size-full wp-image-2724\" src=\"https:\/\/blog.holyart.it\/fr\/wp-content\/uploads\/sites\/14\/2021\/03\/tapisserie-st-dominique.jpg\" alt=\"tapisserie st dominique\" width=\"100\" height=\"100\" data-kale-share-title=\"Saint Dominique de Guzm\u00e1n et la remise du rosaire\" data-kale-share-url=\"https:\/\/blog.holyart.it\/fr\/articles-religieux\/saint-dominique-de-guzman-et-la-remise-du-rosaire\/\" \/><\/div>\n<div class=\"blocco-contenuto\">\n<div class=\"blocco-acquista\">Acheter sur Holyart:<\/div>\n<div class=\"blocco-titolo\"><a href=\"https:\/\/www.holyart.fr\/articles-religieux\/tapisseries-religieuses\/tapisserie-st-dominique-40x30-cm\">Tapisserie St Dominique<\/a><\/div>\n<div class=\"blocco-descrizione\">Tapisserie avec image de Saint Dominique en tissu Jacquard fini \u00e0 la main<\/div>\n<\/div>\n<\/div>\n<p>En 1216, le Saint-P\u00e8re signa l\u2019approbation officielle et d\u00e9finitive de la <strong>fondation de l\u2019Ordre<\/strong>. Apr\u00e8s un d\u00e9but difficile, d\u00fb \u00e0 l\u2019hostilit\u00e9 du clerg\u00e9 local et \u00e0 la m\u00e9fiance envers le nouvel Ordre, les dominicains commenc\u00e8rent \u00e0 \u00eatre bien accueillis et appr\u00e9ci\u00e9s partout. Malgr\u00e9 le fait qu\u2019ils ne vivaient que d\u2019aum\u00f4ne, beaucoup d\u2019entre eux recevaient d\u2019importantes donations par des partisans et des sympathisants.<br \/>\nEn 1218, une <strong>bulle papale<\/strong> d\u00e9cr\u00e9ta que tous les pr\u00e9lats devaient offrir assistance aux pr\u00eacheurs dominicains.<br \/>\nLes deux premiers <strong>Chapitres G\u00e9n\u00e9raux<\/strong> eurent lieu \u00e0 Bologne en 1220 et 1221, et entra\u00een\u00e8rent la r\u00e9daction de la Magna Carta de l\u2019ordre.<br \/>\nSelon cette derni\u00e8re, les fr\u00e8res dominicains devaient baser leur parcours de vie et de foi sur les suivants piliers : <strong>pr\u00e9dication<\/strong>, <strong>\u00e9tude<\/strong> \u2013 \u00e0 exercer <em>de jour et de nuit<\/em> \u2013, <strong>pauvret\u00e9<\/strong>, <strong>vie<\/strong> <strong>commune<\/strong>, <strong>voyages<\/strong> et exp\u00e9ditions missionnaires.<\/p>\n<p>Encore aujourd\u2019hui, les Dominicains vivent quotidiennement leur <strong>recherche de la v\u00e9rit\u00e9<\/strong> et de l\u2019<strong>intimit\u00e9 avec J\u00e9sus<\/strong>. Le <strong>Rosaire<\/strong> reste un des instruments majeurs de foi et de recherche m\u00e9ditative, ainsi que l\u2019<strong>amour pour la Vierge Marie<\/strong>.<\/p>\n<p>Le Mouvement Dominicain du Rosaire, ou Confr\u00e9rie du Saint Rosaire, continue depuis des si\u00e8cle \u00e0 accueillir tous ceux qui souhaitent mieux conna\u00eetre ou apprendre \u00e0 pratiquer cette forme de d\u00e9votion. Le Mouvement organise des occasions de pri\u00e8re commune et de rencontre, des p\u00e8lerinages \u00e0 des sanctuaires et des conf\u00e9rences finalis\u00e9es \u00e0 la r\u00e9flexion sur les myst\u00e8res du Saint Rosaire.<\/p>\n","protected":false},"excerpt":{"rendered":"<p>Saint Dominique de Guzm\u00e1n, le saint amoureux de Christ, v\u00e9cut sa vie en se partageant entre pr\u00e9dication et pri\u00e8re. Opposant f\u00e9roce de l\u2019h\u00e9r\u00e9sie, il re\u00e7ut de la Vierge Marie le Saint Rosaire en tant qu\u2019arme de pri\u00e8re et de pr\u00e9dication. Doux comme une maman, fort&hellip;<\/p>\n","protected":false},"author":1,"featured_media":2715,"comment_status":"closed","ping_status":"open","sticky":false,"template":"","format":"standard","meta":{"_acf_changed":false,"footnotes":""},"categories":[7],"tags":[],"class_list":["post-2712","post","type-post","status-publish","format-standard","has-post-thumbnail","hentry","category-saints-et-bienheureux"],"acf":[],"yoast_head":"<!-- This site is optimized with the Yoast SEO plugin v26.6 - https:\/\/yoast.com\/wordpress\/plugins\/seo\/ -->\n<title>Saint Dominique de Guzm\u00e1n et la remise du rosaire - Holyart.fr Blog<\/title>\n<meta name=\"description\" content=\"Saint Dominique de Guzm\u00e1n v\u00e9cut sa vie en se partageant entre pr\u00e9dication et pri\u00e8re. Opposant de l\u2019h\u00e9r\u00e9sie, il re\u00e7ut de la Vierge Marie le Saint Rosaire.\" \/>\n<meta name=\"robots\" content=\"index, follow, max-snippet:-1, max-image-preview:large, max-video-preview:-1\" \/>\n<link rel=\"canonical\" href=\"https:\/\/blog.holyart.it\/fr\/saints-et-bienheureux\/saint-dominique-de-guzman-et-la-remise-du-rosaire\/\" \/>\n<meta property=\"og:locale\" content=\"fr_FR\" \/>\n<meta property=\"og:type\" content=\"article\" \/>\n<meta property=\"og:title\" content=\"Saint Dominique de Guzm\u00e1n et la remise du rosaire - Holyart.fr Blog\" \/>\n<meta property=\"og:description\" content=\"Saint Dominique de Guzm\u00e1n v\u00e9cut sa vie en se partageant entre pr\u00e9dication et pri\u00e8re. Opposant de l\u2019h\u00e9r\u00e9sie, il re\u00e7ut de la Vierge Marie le Saint Rosaire.\" \/>\n<meta property=\"og:url\" content=\"https:\/\/blog.holyart.it\/fr\/saints-et-bienheureux\/saint-dominique-de-guzman-et-la-remise-du-rosaire\/\" \/>\n<meta property=\"og:site_name\" content=\"Holyart.fr Blog\" \/>\n<meta property=\"article:published_time\" content=\"2021-03-16T15:16:56+00:00\" \/>\n<meta property=\"article:modified_time\" content=\"2024-07-02T15:15:31+00:00\" \/>\n<meta property=\"og:image\" content=\"https:\/\/blog.holyart.it\/fr\/wp-content\/uploads\/sites\/14\/2021\/04\/Saint-Dominique-de-Guzman.jpeg\" \/>\n\t<meta property=\"og:image:width\" content=\"1000\" \/>\n\t<meta property=\"og:image:height\" content=\"667\" \/>\n\t<meta property=\"og:image:type\" content=\"image\/jpeg\" \/>\n<meta name=\"author\" content=\"Redazione\" \/>\n<meta name=\"twitter:card\" content=\"summary_large_image\" \/>\n<meta name=\"twitter:label1\" content=\"\u00c9crit par\" \/>\n\t<meta name=\"twitter:data1\" content=\"Redazione\" \/>\n\t<meta name=\"twitter:label2\" content=\"Dur\u00e9e de lecture estim\u00e9e\" \/>\n\t<meta name=\"twitter:data2\" content=\"10 minutes\" \/>\n<script type=\"application\/ld+json\" class=\"yoast-schema-graph\">{\"@context\":\"https:\/\/schema.org\",\"@graph\":[{\"@type\":\"Article\",\"@id\":\"https:\/\/blog.holyart.it\/fr\/saints-et-bienheureux\/saint-dominique-de-guzman-et-la-remise-du-rosaire\/#article\",\"isPartOf\":{\"@id\":\"https:\/\/blog.holyart.it\/fr\/saints-et-bienheureux\/saint-dominique-de-guzman-et-la-remise-du-rosaire\/\"},\"author\":{\"name\":\"Redazione\",\"@id\":\"https:\/\/blog.holyart.it\/fr\/#\/schema\/person\/0a7b686e5af0f856ec1e390dd0baecda\"},\"headline\":\"Saint Dominique de Guzm\u00e1n et la remise du rosaire\",\"datePublished\":\"2021-03-16T15:16:56+00:00\",\"dateModified\":\"2024-07-02T15:15:31+00:00\",\"mainEntityOfPage\":{\"@id\":\"https:\/\/blog.holyart.it\/fr\/saints-et-bienheureux\/saint-dominique-de-guzman-et-la-remise-du-rosaire\/\"},\"wordCount\":1858,\"publisher\":{\"@id\":\"https:\/\/blog.holyart.it\/fr\/#organization\"},\"image\":{\"@id\":\"https:\/\/blog.holyart.it\/fr\/saints-et-bienheureux\/saint-dominique-de-guzman-et-la-remise-du-rosaire\/#primaryimage\"},\"thumbnailUrl\":\"https:\/\/blog.holyart.it\/fr\/wp-content\/uploads\/sites\/14\/2021\/04\/Saint-Dominique-de-Guzman.jpeg\",\"articleSection\":[\"Saints et Bienheureux\"],\"inLanguage\":\"fr-FR\"},{\"@type\":\"WebPage\",\"@id\":\"https:\/\/blog.holyart.it\/fr\/saints-et-bienheureux\/saint-dominique-de-guzman-et-la-remise-du-rosaire\/\",\"url\":\"https:\/\/blog.holyart.it\/fr\/saints-et-bienheureux\/saint-dominique-de-guzman-et-la-remise-du-rosaire\/\",\"name\":\"Saint Dominique de Guzm\u00e1n et la remise du rosaire - Holyart.fr Blog\",\"isPartOf\":{\"@id\":\"https:\/\/blog.holyart.it\/fr\/#website\"},\"primaryImageOfPage\":{\"@id\":\"https:\/\/blog.holyart.it\/fr\/saints-et-bienheureux\/saint-dominique-de-guzman-et-la-remise-du-rosaire\/#primaryimage\"},\"image\":{\"@id\":\"https:\/\/blog.holyart.it\/fr\/saints-et-bienheureux\/saint-dominique-de-guzman-et-la-remise-du-rosaire\/#primaryimage\"},\"thumbnailUrl\":\"https:\/\/blog.holyart.it\/fr\/wp-content\/uploads\/sites\/14\/2021\/04\/Saint-Dominique-de-Guzman.jpeg\",\"datePublished\":\"2021-03-16T15:16:56+00:00\",\"dateModified\":\"2024-07-02T15:15:31+00:00\",\"description\":\"Saint Dominique de Guzm\u00e1n v\u00e9cut sa vie en se partageant entre pr\u00e9dication et pri\u00e8re. Opposant de l\u2019h\u00e9r\u00e9sie, il re\u00e7ut de la Vierge Marie le Saint Rosaire.\",\"breadcrumb\":{\"@id\":\"https:\/\/blog.holyart.it\/fr\/saints-et-bienheureux\/saint-dominique-de-guzman-et-la-remise-du-rosaire\/#breadcrumb\"},\"inLanguage\":\"fr-FR\",\"potentialAction\":[{\"@type\":\"ReadAction\",\"target\":[\"https:\/\/blog.holyart.it\/fr\/saints-et-bienheureux\/saint-dominique-de-guzman-et-la-remise-du-rosaire\/\"]}]},{\"@type\":\"ImageObject\",\"inLanguage\":\"fr-FR\",\"@id\":\"https:\/\/blog.holyart.it\/fr\/saints-et-bienheureux\/saint-dominique-de-guzman-et-la-remise-du-rosaire\/#primaryimage\",\"url\":\"https:\/\/blog.holyart.it\/fr\/wp-content\/uploads\/sites\/14\/2021\/04\/Saint-Dominique-de-Guzman.jpeg\",\"contentUrl\":\"https:\/\/blog.holyart.it\/fr\/wp-content\/uploads\/sites\/14\/2021\/04\/Saint-Dominique-de-Guzman.jpeg\",\"width\":1000,\"height\":667,\"caption\":\"Saint Dominique de Guzman\"},{\"@type\":\"BreadcrumbList\",\"@id\":\"https:\/\/blog.holyart.it\/fr\/saints-et-bienheureux\/saint-dominique-de-guzman-et-la-remise-du-rosaire\/#breadcrumb\",\"itemListElement\":[{\"@type\":\"ListItem\",\"position\":1,\"name\":\"Homepage\",\"item\":\"https:\/\/blog.holyart.it\/fr\/\"},{\"@type\":\"ListItem\",\"position\":2,\"name\":\"Saints et Bienheureux\",\"item\":\"https:\/\/blog.holyart.it\/fr\/saints-et-bienheureux\/\"},{\"@type\":\"ListItem\",\"position\":3,\"name\":\"Saint Dominique de Guzm\u00e1n et la remise du rosaire\"}]},{\"@type\":\"WebSite\",\"@id\":\"https:\/\/blog.holyart.it\/fr\/#website\",\"url\":\"https:\/\/blog.holyart.it\/fr\/\",\"name\":\"Holyart.fr Blog\",\"description\":\"Holyblog\",\"publisher\":{\"@id\":\"https:\/\/blog.holyart.it\/fr\/#organization\"},\"potentialAction\":[{\"@type\":\"SearchAction\",\"target\":{\"@type\":\"EntryPoint\",\"urlTemplate\":\"https:\/\/blog.holyart.it\/fr\/?s={search_term_string}\"},\"query-input\":{\"@type\":\"PropertyValueSpecification\",\"valueRequired\":true,\"valueName\":\"search_term_string\"}}],\"inLanguage\":\"fr-FR\"},{\"@type\":\"Organization\",\"@id\":\"https:\/\/blog.holyart.it\/fr\/#organization\",\"name\":\"Holyart.fr Blog\",\"url\":\"https:\/\/blog.holyart.it\/fr\/\",\"logo\":{\"@type\":\"ImageObject\",\"inLanguage\":\"fr-FR\",\"@id\":\"https:\/\/blog.holyart.it\/fr\/#\/schema\/logo\/image\/\",\"url\":\"https:\/\/blog.holyart.it\/fr\/wp-content\/uploads\/sites\/14\/2022\/12\/Holyart_Blog_Logo.jpg\",\"contentUrl\":\"https:\/\/blog.holyart.it\/fr\/wp-content\/uploads\/sites\/14\/2022\/12\/Holyart_Blog_Logo.jpg\",\"width\":300,\"height\":50,\"caption\":\"Holyart.fr Blog\"},\"image\":{\"@id\":\"https:\/\/blog.holyart.it\/fr\/#\/schema\/logo\/image\/\"}},{\"@type\":\"Person\",\"@id\":\"https:\/\/blog.holyart.it\/fr\/#\/schema\/person\/0a7b686e5af0f856ec1e390dd0baecda\",\"name\":\"Redazione\",\"image\":{\"@type\":\"ImageObject\",\"inLanguage\":\"fr-FR\",\"@id\":\"https:\/\/blog.holyart.it\/fr\/#\/schema\/person\/image\/\",\"url\":\"https:\/\/secure.gravatar.com\/avatar\/f477da817f43e50d0af36abecd33e3edf826c68299714bdc1057dff3b113f516?s=96&d=mm&r=g\",\"contentUrl\":\"https:\/\/secure.gravatar.com\/avatar\/f477da817f43e50d0af36abecd33e3edf826c68299714bdc1057dff3b113f516?s=96&d=mm&r=g\",\"caption\":\"Redazione\"},\"url\":\"https:\/\/blog.holyart.it\/fr\/author\/admin\/\"}]}<\/script>\n<!-- \/ Yoast SEO plugin. -->","yoast_head_json":{"title":"Saint Dominique de Guzm\u00e1n et la remise du rosaire - Holyart.fr Blog","description":"Saint Dominique de Guzm\u00e1n v\u00e9cut sa vie en se partageant entre pr\u00e9dication et pri\u00e8re. Opposant de l\u2019h\u00e9r\u00e9sie, il re\u00e7ut de la Vierge Marie le Saint Rosaire.","robots":{"index":"index","follow":"follow","max-snippet":"max-snippet:-1","max-image-preview":"max-image-preview:large","max-video-preview":"max-video-preview:-1"},"canonical":"https:\/\/blog.holyart.it\/fr\/saints-et-bienheureux\/saint-dominique-de-guzman-et-la-remise-du-rosaire\/","og_locale":"fr_FR","og_type":"article","og_title":"Saint Dominique de Guzm\u00e1n et la remise du rosaire - Holyart.fr Blog","og_description":"Saint Dominique de Guzm\u00e1n v\u00e9cut sa vie en se partageant entre pr\u00e9dication et pri\u00e8re. Opposant de l\u2019h\u00e9r\u00e9sie, il re\u00e7ut de la Vierge Marie le Saint Rosaire.","og_url":"https:\/\/blog.holyart.it\/fr\/saints-et-bienheureux\/saint-dominique-de-guzman-et-la-remise-du-rosaire\/","og_site_name":"Holyart.fr Blog","article_published_time":"2021-03-16T15:16:56+00:00","article_modified_time":"2024-07-02T15:15:31+00:00","og_image":[{"width":1000,"height":667,"url":"https:\/\/blog.holyart.it\/fr\/wp-content\/uploads\/sites\/14\/2021\/04\/Saint-Dominique-de-Guzman.jpeg","type":"image\/jpeg"}],"author":"Redazione","twitter_card":"summary_large_image","twitter_misc":{"\u00c9crit par":"Redazione","Dur\u00e9e de lecture estim\u00e9e":"10 minutes"},"schema":{"@context":"https:\/\/schema.org","@graph":[{"@type":"Article","@id":"https:\/\/blog.holyart.it\/fr\/saints-et-bienheureux\/saint-dominique-de-guzman-et-la-remise-du-rosaire\/#article","isPartOf":{"@id":"https:\/\/blog.holyart.it\/fr\/saints-et-bienheureux\/saint-dominique-de-guzman-et-la-remise-du-rosaire\/"},"author":{"name":"Redazione","@id":"https:\/\/blog.holyart.it\/fr\/#\/schema\/person\/0a7b686e5af0f856ec1e390dd0baecda"},"headline":"Saint Dominique de Guzm\u00e1n et la remise du rosaire","datePublished":"2021-03-16T15:16:56+00:00","dateModified":"2024-07-02T15:15:31+00:00","mainEntityOfPage":{"@id":"https:\/\/blog.holyart.it\/fr\/saints-et-bienheureux\/saint-dominique-de-guzman-et-la-remise-du-rosaire\/"},"wordCount":1858,"publisher":{"@id":"https:\/\/blog.holyart.it\/fr\/#organization"},"image":{"@id":"https:\/\/blog.holyart.it\/fr\/saints-et-bienheureux\/saint-dominique-de-guzman-et-la-remise-du-rosaire\/#primaryimage"},"thumbnailUrl":"https:\/\/blog.holyart.it\/fr\/wp-content\/uploads\/sites\/14\/2021\/04\/Saint-Dominique-de-Guzman.jpeg","articleSection":["Saints et Bienheureux"],"inLanguage":"fr-FR"},{"@type":"WebPage","@id":"https:\/\/blog.holyart.it\/fr\/saints-et-bienheureux\/saint-dominique-de-guzman-et-la-remise-du-rosaire\/","url":"https:\/\/blog.holyart.it\/fr\/saints-et-bienheureux\/saint-dominique-de-guzman-et-la-remise-du-rosaire\/","name":"Saint Dominique de Guzm\u00e1n et la remise du rosaire - Holyart.fr Blog","isPartOf":{"@id":"https:\/\/blog.holyart.it\/fr\/#website"},"primaryImageOfPage":{"@id":"https:\/\/blog.holyart.it\/fr\/saints-et-bienheureux\/saint-dominique-de-guzman-et-la-remise-du-rosaire\/#primaryimage"},"image":{"@id":"https:\/\/blog.holyart.it\/fr\/saints-et-bienheureux\/saint-dominique-de-guzman-et-la-remise-du-rosaire\/#primaryimage"},"thumbnailUrl":"https:\/\/blog.holyart.it\/fr\/wp-content\/uploads\/sites\/14\/2021\/04\/Saint-Dominique-de-Guzman.jpeg","datePublished":"2021-03-16T15:16:56+00:00","dateModified":"2024-07-02T15:15:31+00:00","description":"Saint Dominique de Guzm\u00e1n v\u00e9cut sa vie en se partageant entre pr\u00e9dication et pri\u00e8re. Opposant de l\u2019h\u00e9r\u00e9sie, il re\u00e7ut de la Vierge Marie le Saint Rosaire.","breadcrumb":{"@id":"https:\/\/blog.holyart.it\/fr\/saints-et-bienheureux\/saint-dominique-de-guzman-et-la-remise-du-rosaire\/#breadcrumb"},"inLanguage":"fr-FR","potentialAction":[{"@type":"ReadAction","target":["https:\/\/blog.holyart.it\/fr\/saints-et-bienheureux\/saint-dominique-de-guzman-et-la-remise-du-rosaire\/"]}]},{"@type":"ImageObject","inLanguage":"fr-FR","@id":"https:\/\/blog.holyart.it\/fr\/saints-et-bienheureux\/saint-dominique-de-guzman-et-la-remise-du-rosaire\/#primaryimage","url":"https:\/\/blog.holyart.it\/fr\/wp-content\/uploads\/sites\/14\/2021\/04\/Saint-Dominique-de-Guzman.jpeg","contentUrl":"https:\/\/blog.holyart.it\/fr\/wp-content\/uploads\/sites\/14\/2021\/04\/Saint-Dominique-de-Guzman.jpeg","width":1000,"height":667,"caption":"Saint Dominique de Guzman"},{"@type":"BreadcrumbList","@id":"https:\/\/blog.holyart.it\/fr\/saints-et-bienheureux\/saint-dominique-de-guzman-et-la-remise-du-rosaire\/#breadcrumb","itemListElement":[{"@type":"ListItem","position":1,"name":"Homepage","item":"https:\/\/blog.holyart.it\/fr\/"},{"@type":"ListItem","position":2,"name":"Saints et Bienheureux","item":"https:\/\/blog.holyart.it\/fr\/saints-et-bienheureux\/"},{"@type":"ListItem","position":3,"name":"Saint Dominique de Guzm\u00e1n et la remise du rosaire"}]},{"@type":"WebSite","@id":"https:\/\/blog.holyart.it\/fr\/#website","url":"https:\/\/blog.holyart.it\/fr\/","name":"Holyart.fr Blog","description":"Holyblog","publisher":{"@id":"https:\/\/blog.holyart.it\/fr\/#organization"},"potentialAction":[{"@type":"SearchAction","target":{"@type":"EntryPoint","urlTemplate":"https:\/\/blog.holyart.it\/fr\/?s={search_term_string}"},"query-input":{"@type":"PropertyValueSpecification","valueRequired":true,"valueName":"search_term_string"}}],"inLanguage":"fr-FR"},{"@type":"Organization","@id":"https:\/\/blog.holyart.it\/fr\/#organization","name":"Holyart.fr Blog","url":"https:\/\/blog.holyart.it\/fr\/","logo":{"@type":"ImageObject","inLanguage":"fr-FR","@id":"https:\/\/blog.holyart.it\/fr\/#\/schema\/logo\/image\/","url":"https:\/\/blog.holyart.it\/fr\/wp-content\/uploads\/sites\/14\/2022\/12\/Holyart_Blog_Logo.jpg","contentUrl":"https:\/\/blog.holyart.it\/fr\/wp-content\/uploads\/sites\/14\/2022\/12\/Holyart_Blog_Logo.jpg","width":300,"height":50,"caption":"Holyart.fr Blog"},"image":{"@id":"https:\/\/blog.holyart.it\/fr\/#\/schema\/logo\/image\/"}},{"@type":"Person","@id":"https:\/\/blog.holyart.it\/fr\/#\/schema\/person\/0a7b686e5af0f856ec1e390dd0baecda","name":"Redazione","image":{"@type":"ImageObject","inLanguage":"fr-FR","@id":"https:\/\/blog.holyart.it\/fr\/#\/schema\/person\/image\/","url":"https:\/\/secure.gravatar.com\/avatar\/f477da817f43e50d0af36abecd33e3edf826c68299714bdc1057dff3b113f516?s=96&d=mm&r=g","contentUrl":"https:\/\/secure.gravatar.com\/avatar\/f477da817f43e50d0af36abecd33e3edf826c68299714bdc1057dff3b113f516?s=96&d=mm&r=g","caption":"Redazione"},"url":"https:\/\/blog.holyart.it\/fr\/author\/admin\/"}]}},"_links":{"self":[{"href":"https:\/\/blog.holyart.it\/fr\/wp-json\/wp\/v2\/posts\/2712","targetHints":{"allow":["GET"]}}],"collection":[{"href":"https:\/\/blog.holyart.it\/fr\/wp-json\/wp\/v2\/posts"}],"about":[{"href":"https:\/\/blog.holyart.it\/fr\/wp-json\/wp\/v2\/types\/post"}],"author":[{"embeddable":true,"href":"https:\/\/blog.holyart.it\/fr\/wp-json\/wp\/v2\/users\/1"}],"replies":[{"embeddable":true,"href":"https:\/\/blog.holyart.it\/fr\/wp-json\/wp\/v2\/comments?post=2712"}],"version-history":[{"count":1,"href":"https:\/\/blog.holyart.it\/fr\/wp-json\/wp\/v2\/posts\/2712\/revisions"}],"predecessor-version":[{"id":6721,"href":"https:\/\/blog.holyart.it\/fr\/wp-json\/wp\/v2\/posts\/2712\/revisions\/6721"}],"wp:featuredmedia":[{"embeddable":true,"href":"https:\/\/blog.holyart.it\/fr\/wp-json\/wp\/v2\/media\/2715"}],"wp:attachment":[{"href":"https:\/\/blog.holyart.it\/fr\/wp-json\/wp\/v2\/media?parent=2712"}],"wp:term":[{"taxonomy":"category","embeddable":true,"href":"https:\/\/blog.holyart.it\/fr\/wp-json\/wp\/v2\/categories?post=2712"},{"taxonomy":"post_tag","embeddable":true,"href":"https:\/\/blog.holyart.it\/fr\/wp-json\/wp\/v2\/tags?post=2712"}],"curies":[{"name":"wp","href":"https:\/\/api.w.org\/{rel}","templated":true}]}}