{"id":2637,"date":"2021-03-02T15:57:43","date_gmt":"2021-03-02T14:57:43","guid":{"rendered":"https:\/\/blog.holyart.it\/fr\/?p=2637"},"modified":"2021-04-08T17:48:58","modified_gmt":"2021-04-08T15:48:58","slug":"le-benevolat-dans-leglise-catholique-au-temps-du-covid","status":"publish","type":"post","link":"https:\/\/blog.holyart.it\/fr\/articles-religieux\/le-benevolat-dans-leglise-catholique-au-temps-du-covid\/","title":{"rendered":"Le b\u00e9n\u00e9volat dans l\u2019\u00c9glise Catholique au temps du Covid"},"content":{"rendered":"<h4 style=\"text-align: center;\">Le Covid-19 a enclench\u00e9 une urgence sanitaire sans pr\u00e9c\u00e9dents pour le monde moderne. D\u00e9couvrons comment l\u2019\u00c9glise catholique s\u2019est engag\u00e9e contre cette calamit\u00e9 et comme elle continue sa bataille en premi\u00e8re ligne dans cette nouvelle phase.<\/h4>\n\n<p>Il y a des situations dans la vie d\u2019une communaut\u00e9, aussi grande ou petite qu\u2019elle soit, qui ne peuvent \u00eatre d\u00e9finies si ce n\u2019est avec le terme de <strong>calamit\u00e9<\/strong>. Si nous cherchions la signification de ce mot sur le dictionnaire, nous y trouverions cette d\u00e9finition\u00a0: <em>Grave m\u00e9saventure, \u00e9v\u00e9nement funeste qui touche de nombreuses personnes, voire une communaut\u00e9 enti\u00e8re, en impliquant des mesures sp\u00e9ciales<\/em>.<em><br \/>\n<\/em>Il n\u2019y a pas besoin de consulter un dictionnaire pour nous rendre compte que la pand\u00e9mie de Covid-19 qui a envahi le monde entier et notre pays avec une violence particuli\u00e8re dans les derniers mois rentre \u00e0 tous les effets dans cette d\u00e9finition. Une <em>grave m\u00e9saventure<\/em>, qui a amen\u00e9 \u00a0la mort de milliers de personnes, \u00e0 la destruction de familles, qui ont \u00e9t\u00e9 litt\u00e9ralement d\u00e9cim\u00e9es, d\u00e9membr\u00e9es, sans m\u00eame la consolation d\u2019un dernier adieu. Inutile de faire les comptes, vu que des gens continuent de d\u00e9c\u00e9der, m\u00eame si avec une fr\u00e9quence mineure, du moins en Italie. Une <em>m\u00e9saventure<\/em> qui a n\u00e9cessit\u00e9 \u00a0l\u2019intervention de l\u2019\u00c9tat et de chaque organe de pouvoir possible, afin d\u2019introduire des <em>mesures sp\u00e9ciales<\/em> qui ont d\u00e9boussol\u00e9 et modifi\u00e9 les habitudes de vie de chaque membre de notre soci\u00e9t\u00e9, hommes, femmes et enfants, en bouleversant une existence faite de travail, \u00e9cole, occasions de rencontre, que nous donnions probablement un peu trop pour acquis.<\/p>\n<h2>Le b\u00e9n\u00e9volat catholique dans la phase 1<\/h2>\n<p>Afin de faire face \u00e0 cette calamit\u00e9, l\u2019<strong>\u00c9glise<\/strong> aussi s\u2019est organis\u00e9e d\u00e8s le d\u00e9but, touch\u00e9e dans son essence m\u00eame par l\u2019impossibilit\u00e9 de c\u00e9l\u00e9brer la Messe, de recueillir dans ses espaces consacr\u00e9s et non consacr\u00e9s tous ceux qui en elle trouvaient habituellement de l\u2019aide et du r\u00e9confort. Comme il est normal dans des situations d\u2019urgence, les premiers destinataires de ces aides mat\u00e9rielles, mais \u00e9galement spirituelles, ont \u00e9t\u00e9 <strong>les plus n\u00e9cessiteux et les plus vuln\u00e9rables<\/strong>, au nom d\u2019une <strong>charit\u00e9<\/strong> qui, nous ne nous lasserons jamais de le r\u00e9p\u00e9ter, n\u2019est pas uniquement d\u2019offrir de l\u2019argent en aum\u00f4ne. La <strong>Charit\u00e9 chr\u00e9tienne<\/strong>\u00a0implique la volont\u00e9 d\u2019accueillir, d\u2019offrir son temps et son \u00e9nergie au prochain, le fait de se mettre au service des autres, des pauvres, des moins chanceux, dans une \u00e9mulation de Christ et de qui, comme lui, a sacrifi\u00e9 sa propre vie pour un bien sup\u00e9rieur, pour un d\u00e9sir de justice inexprimable. Pensons \u00e0 <strong>M\u00e8re Teresa de Calcutta<\/strong>, un des exemples les plus brillants de la charit\u00e9 chr\u00e9tienne de notre temps, mais pensons \u00e9galement \u00e0 tous les b\u00e9n\u00e9voles qui en Italie et dans le monde entier s\u2019engagent pour faire la diff\u00e9rence dans des situations de malaise, pauvret\u00e9, maladie, guerre, injustice sociale.<\/p>\n<div class=\"link-article\">\n<p><img loading=\"lazy\" decoding=\"async\" class=\"alignleft size-full wp-image-2648\" src=\"https:\/\/blog.holyart.it\/fr\/wp-content\/uploads\/sites\/14\/2021\/03\/M\u00e8re-Teresa-de-Calcutta.jpg\" alt=\"M\u00e8re Teresa de Calcutta\" width=\"150\" height=\"99\" data-kale-share-title=\"Le b\u00e9n\u00e9volat dans l\u2019\u00c9glise Catholique au temps du Covid\" data-kale-share-url=\"https:\/\/blog.holyart.it\/fr\/articles-religieux\/le-benevolat-dans-leglise-catholique-au-temps-du-covid\/\" \/><\/p>\n<div class=\"leggi-anche\">Lire aussi :<\/div>\n<p><strong><a href=\"https:\/\/www.holyart.fr\/blog\/saints-et-bienheureux\/lhistoire-de-mere-teresa-de-calcutta\/\">L\u2019histoire de M\u00e8re Teresa de Calcutta<\/a><\/strong><br \/>\nDe M\u00e8re Teresa de Calcutta on s\u2019en souvient toujours comme de quelqu\u2019un dot\u00e9e d\u2019une volont\u00e9 d\u2019aider les derniers et les pauvres.<\/p>\n<\/div>\n<p>Pendant l\u2019urgence Covid-19, les b\u00e9n\u00e9voles n\u2019ont pas manqu\u00e9, et heureusement. Pensons aux nombreux m\u00e9decins, aux infirmiers, aux s\u0153urs et aux pr\u00eatres qui se sont occup\u00e9s d\u2019<strong>assister les malades<\/strong>, en mettant leur propre vie en danger, et en la perdant, tr\u00e8s souvent. Mais le b\u00e9n\u00e9volat ne s\u2019est jamais arr\u00eat\u00e9 \u00e0 cause de \u00e7a. La calamit\u00e9, outre des malades, a cr\u00e9\u00e9 toute une nouvelle s\u00e9rie de n\u00e9cessiteux, des <strong>personnes \u00e2g\u00e9es abandonn\u00e9es<\/strong> \u00e0 elles-m\u00eames, dans les maisons de repos et, encore plus, dans leurs propres habitations, sans aide, sans personne pour s\u2019occuper de leurs besoins primaires, des courses aux soins, \u00e0 une simple \u00e9coute. Avec eux, les nombreuses personnes qui ont <strong>perdu leur travail<\/strong>, ou qui se sont retrouv\u00e9es \u00e0 affronter la pand\u00e9mie sans \u00e9conomies suffisantes pour se maintenir et maintenir sa propre famille. Certaines dioc\u00e8ses ont mis \u00e0 disposition <strong>des lits et des structures<\/strong> pour accueillir ceux qui ne pouvaient pas passer la quarantaine dans leur propre maison, ou ceux qui, sortis de l\u2019h\u00f4pital, ne pouvaient quand m\u00eame pas \u00eatre laiss\u00e9s seuls.<\/p>\n<p>L\u2019aide que les b\u00e9n\u00e9voles catholiques ont donn\u00e9 \u00e0 ces personnes plus faibles et expos\u00e9es pendant la phase 1, quand m\u00eame sortir de chez soi pour faire ses courses \u00e9tait devenu prohib\u00e9, a \u00e9t\u00e9 d\u2019importance primaire sur un plan pratique, mais aussi <strong>psychologique<\/strong> et <strong>humain<\/strong>.<\/p>\n<p>Mais ce n\u2019est pas encore fini.<\/p>\n<h2>Les b\u00e9n\u00e9voles aujourd\u2019hui<\/h2>\n<p>Lentement, p\u00e9niblement, notre pays a commenc\u00e9 \u00e0 \u00e9merger de l\u2019enfer de la phase 1. Une meilleure connaissance du virus, la capacit\u00e9 de pr\u00e9venir la contamination et de soigner de mani\u00e8re plus rapide \u00a0et correcte les malades par rapport \u00e0 la presque totale ignorance et incapacit\u00e9 des premi\u00e8res semaines, a fait en sorte que, petit \u00e0 petit, on puisse tenter de revenir \u00e0 la vie d\u2019avant. Il est pr\u00e9matur\u00e9 de parler d\u2019un retour \u00e0 la normale, puisque la menace du Covid-19 est encore terriblement r\u00e9elle, et demande dans cette phase une s\u00e9rie de restrictions et de r\u00e8gles afin de contingenter l\u2019affluence des fid\u00e8les \u00e0 l\u2019int\u00e9rieur des lieux de culte et, en g\u00e9n\u00e9ral, des espaces li\u00e9s \u00e0 l\u2019\u00c9glise, comme les oratoires et les camps d\u2019\u00e9t\u00e9.<\/p>\n<p><strong>Distanciation, <a href=\"https:\/\/www.holyart.fr\/accessoires-pour-la-liturgie\/equipements-de-protection-et-de-securite\">dispositifs de protection<\/a>, \u00e9chelonnement, contr\u00f4le <\/strong>sont devenus les mots d\u2019ordre essentiels pour acc\u00e9der aux \u00e9glises comme \u00e0 tout autre lieu public. Afin d\u2019ob\u00e9ir \u00e0 ces nouvelles dispositions, outre \u00e0 la collaboration de la Police Locale et de la Protection Civile, il faut l\u2019<strong>engagement de b\u00e9n\u00e9voles <\/strong>qui contr\u00f4lent l\u2019affluence aux lieux de culte et de r\u00e9union, l\u2019entr\u00e9e et la sortie des fid\u00e8les de l\u2019\u00e9glise lors de la Messe ou d\u2019autres c\u00e9r\u00e9monies, comme les <a href=\"https:\/\/www.holyart.fr\/articles-religieux\/articles-funeraires\"><strong>fun\u00e9railles<\/strong><\/a>, qui peuvent enfin \u00eatre c\u00e9l\u00e9br\u00e9es de nouveau.<\/p>\n<div class=\"link-article\">\n<p><img loading=\"lazy\" decoding=\"async\" class=\"alignleft size-full wp-image-2641\" src=\"https:\/\/blog.holyart.it\/fr\/wp-content\/uploads\/sites\/14\/2021\/03\/dispositifs-de-protection.jpg\" alt=\"dispositifs de protection\" width=\"150\" height=\"99\" data-kale-share-title=\"Le b\u00e9n\u00e9volat dans l\u2019\u00c9glise Catholique au temps du Covid\" data-kale-share-url=\"https:\/\/blog.holyart.it\/fr\/articles-religieux\/le-benevolat-dans-leglise-catholique-au-temps-du-covid\/\" \/><\/p>\n<div class=\"leggi-anche\">Lire aussi :<\/div>\n<p><strong><a href=\"https:\/\/www.holyart.fr\/blog\/articles-religieux\/coronavirus-dispositifs-pour-celebrer-la-sainte-messe-en-toute-securite\/\">Coronavirus : dispositifs pour c\u00e9l\u00e9brer la Sainte Messe en toute s\u00e9curit\u00e9<\/a><\/strong><br \/>\nLes dispositifs de protection indispensables pour pr\u00eatres et fid\u00e8les.<\/p>\n<\/div>\n<p>L\u2019aide des b\u00e9n\u00e9voles est n\u00e9cessaire dans de nombreux cas de figure, en tant que personnes de r\u00e9f\u00e9rence aussi pour <strong>jeunes<\/strong> et <strong>enfants<\/strong> dans les <strong>oratoires<\/strong>, dans les <strong>camps<\/strong> <strong>d\u2019\u00e9t\u00e9<\/strong> et autres <strong>activit\u00e9s<\/strong>. Les b\u00e9n\u00e9voles doivent offrir un service de liaison et d\u2019information, en plus de l\u2019animation pour les jeunes qui pourront maintenant \u00e9tudier ensemble et jouer en plein air et dans des espaces d\u00e9di\u00e9s.<\/p>\n<p>Il est fondamental de s\u2019informer sur les <strong>lignes directrices<\/strong> d\u00e9finies par les diff\u00e9rentes R\u00e9gions concernant les camps d\u2019\u00e9t\u00e9 et les activit\u00e9s qui concernent les enfants et les jeunes pendant ces mois \u00e0 venir. Durant cette phase, les b\u00e9n\u00e9voles, form\u00e9s de mani\u00e8re appropri\u00e9e, pourront remplacer ou aider les op\u00e9rateurs d\u00e9j\u00e0 actifs dans les diff\u00e9rents milieux. Il sera indispensable que tout le personnel soit inform\u00e9 sur les <strong>normes de pr\u00e9vention Covid-19<\/strong>. Leur t\u00e2che sera \u00e9galement celle de garantir le respect des normes par les enfants, comme par exemple le <strong>lavage des mains \u00e0 chaque entr\u00e9e<\/strong> et la <strong>distanciation<\/strong> n\u00e9cessaire.<\/p>\n<div class=\"link-product\">\n<div class=\"blocco-immagine\"><img loading=\"lazy\" decoding=\"async\" class=\"size-full wp-image-2642 alignnone\" src=\"https:\/\/blog.holyart.it\/fr\/wp-content\/uploads\/sites\/14\/2021\/03\/distributeur-pour-desinfectant-mains-forex-et-plexiglas.jpg\" alt=\"distributeur pour desinfectant mains forex et plexiglas\" width=\"100\" height=\"100\" data-kale-share-title=\"Le b\u00e9n\u00e9volat dans l\u2019\u00c9glise Catholique au temps du Covid\" data-kale-share-url=\"https:\/\/blog.holyart.it\/fr\/articles-religieux\/le-benevolat-dans-leglise-catholique-au-temps-du-covid\/\" \/><\/div>\n<div class=\"blocco-contenuto\">\n<div class=\"blocco-acquista\">Acheter sur Holyart:<\/div>\n<div class=\"blocco-titolo\"><a href=\"https:\/\/www.holyart.fr\/accessoires-pour-la-liturgie\/equipements-de-protection-et-de-securite\/distributeur-pour-desinfectant-mains-forex-et-plexiglas\">Distributeur pour d\u00e9sinfectant\u00a0<\/a><\/div>\n<div class=\"blocco-descrizione\">Pi\u00e8ce int\u00e9grante du mobilier des lieux publiques<\/div>\n<\/div>\n<\/div>\n<p>Les enfants seront divis\u00e9s en <strong>petits groupes<\/strong>, selon leur \u00e2ge par exemple (enfance, \u00e9cole primaire, \u00e9cole secondaire), en donnant espace et priorit\u00e9 aux enfants handicap\u00e9s ou provenant de familles faibles ou avec parents qui n\u2019ont pas la possibilit\u00e9 de s\u2019en occuper. Dans tous les cas, le nombre d\u2019enfants admis devra \u00eatre d\u00e9fini sur base des <strong>espaces \u00e0 disposition<\/strong> et du <strong>nombre d\u2019animateurs-\u00e9ducateurs<\/strong> disponibles. Un op\u00e9rateur tous les 4-5 enfants devrait \u00eatre un bon compromis.<\/p>\n<p>Les op\u00e9rateurs devront conna\u00eetre au pr\u00e9alable les <strong>espaces disponibles<\/strong> afin de programmer les activit\u00e9s. De tels espaces devront \u00eatre <strong>assainis<\/strong> avec la fr\u00e9quence ad\u00e9quate \u00e0 leur utilisation.<\/p>\n<p>Ce sera aux b\u00e9n\u00e9voles et aux op\u00e9rateurs de s\u2019assurer que les jeunes respectent les mesures d\u2019hygi\u00e8ne et de comportement, en tenant compte \u00e9galement de leur \u00e2ge et de leur degr\u00e9 d\u2019autonomie. Il pourra \u00eatre opportun de transformer certaines habitudes, comme le fait de se laver les mains fr\u00e9quemment, de ne pas tousser ou \u00e9ternuer sans protection, de garder une distance physique d\u2019au moins un m\u00e8tre entre chaque personne, de ne pas se toucher le visage avec les mains, dans une sorte de <strong>jeu<\/strong>, afin d\u2019y impliquer m\u00eame les plus petits.<\/p>\n<h2>Accessoires n\u00e9cessaires aux b\u00e9n\u00e9voles des camps d\u2019\u00e9t\u00e9, oratoires et autres activit\u00e9s<\/h2>\n<p>Comme pour l\u2019acc\u00e8s aux \u00e9glises, les oratoires et les autres lieux de rencontre pour les jeunes devront \u00e9galement \u00eatre \u00e9quip\u00e9s de <strong>distributeurs de gel hydroalcoolique r\u00e9glementaires<\/strong> pour l\u2019hygi\u00e8ne des mains, en particulier aux endroits d\u2019entr\u00e9e et de sortie.<\/p>\n<div class=\"link-product\">\n<div class=\"blocco-immagine\"><img loading=\"lazy\" decoding=\"async\" class=\"size-full wp-image-2643 alignnone\" src=\"https:\/\/blog.holyart.it\/fr\/wp-content\/uploads\/sites\/14\/2021\/03\/desinfectant-spray-professionnel-alcor.jpg\" alt=\"desinfectant spray professionnel alcor\" width=\"100\" height=\"100\" data-kale-share-title=\"Le b\u00e9n\u00e9volat dans l\u2019\u00c9glise Catholique au temps du Covid\" data-kale-share-url=\"https:\/\/blog.holyart.it\/fr\/articles-religieux\/le-benevolat-dans-leglise-catholique-au-temps-du-covid\/\" \/><\/div>\n<div class=\"blocco-contenuto\">\n<div class=\"blocco-acquista\">Acheter sur Holyart:<\/div>\n<div class=\"blocco-titolo\"><a href=\"https:\/\/www.holyart.fr\/accessoires-pour-la-liturgie\/equipements-de-protection-et-de-securite\/desinfectant-spray-professionnel-alcor-750-ml\">D\u00e9sinfectant Spray professionnel Alcor<\/a><\/div>\n<div class=\"blocco-descrizione\">D\u00e9tergent spray efficace sans \u00eatre agressif<\/div>\n<\/div>\n<\/div>\n<p>Les <strong>jouets<\/strong> et les <strong>jeux<\/strong> en plein air devront \u00e9galement \u00eatre assainis et d\u00e9sinfect\u00e9s avec des produits ad\u00e9quats, lorsqu\u2019ils sont utilis\u00e9s par des groupes diff\u00e9rents de jeunes, tout comme les espaces communs qui, comme nous l\u2019avons d\u00e9j\u00e0 mentionn\u00e9, devront \u00eatre nettoy\u00e9s tous les jours et d\u00e9sinfect\u00e9s souvent avec des d\u00e9tergents efficaces.<\/p>\n<p>Ces normes hygi\u00e9niques doivent toutefois \u00eatre associ\u00e9es, comme toujours, avec l\u2019utilisation de <strong>dispositifs de s\u00e9curit\u00e9 de base<\/strong>\u00a0comme les immanquables <strong>masques<\/strong>.<\/p>\n<div class=\"link-product\">\n<div class=\"blocco-immagine\"><img loading=\"lazy\" decoding=\"async\" class=\"size-full wp-image-2644 alignnone\" src=\"https:\/\/blog.holyart.it\/fr\/wp-content\/uploads\/sites\/14\/2021\/03\/masque-en-tissu-reutilisable-bord-violet.jpg\" alt=\"masque en tissu reutilisable bord violet\" width=\"100\" height=\"100\" data-kale-share-title=\"Le b\u00e9n\u00e9volat dans l\u2019\u00c9glise Catholique au temps du Covid\" data-kale-share-url=\"https:\/\/blog.holyart.it\/fr\/articles-religieux\/le-benevolat-dans-leglise-catholique-au-temps-du-covid\/\" \/><\/div>\n<div class=\"blocco-contenuto\">\n<div class=\"blocco-acquista\">Acheter sur Holyart:<\/div>\n<div class=\"blocco-titolo\"><a href=\"https:\/\/www.holyart.fr\/accessoires-pour-la-liturgie\/equipements-de-protection-et-de-securite\/masque-en-tissu-reutilisable-bord-violet\">Masque en tissu r\u00e9utilisable bord violet<\/a><\/div>\n<div class=\"blocco-descrizione\">Fibre de bambou \u00e0 l&rsquo;int\u00e9rieur et polyester \u00e0 l&rsquo;ext\u00e9rieur.<\/div>\n<\/div>\n<\/div>\n<p>En vue de la r\u00e9ouverture des oratoires et des camps d\u2019\u00e9t\u00e9, Holyart a pens\u00e9 \u00e0 r\u00e9aliser \u00e9galement des <strong>gilets<\/strong> afin de rendre les op\u00e9rateurs et les b\u00e9n\u00e9voles plus facilement identifiables. Ces gilets sont de couleur bleue et sur chacun est imprim\u00e9 le logo Holyart et l\u2019inscription B\u00c9N\u00c9VOLE en diff\u00e9rentes langues.<\/p>\n","protected":false},"excerpt":{"rendered":"<p>Le Covid-19 a enclench\u00e9 une urgence sanitaire sans pr\u00e9c\u00e9dents pour le monde moderne. D\u00e9couvrons comment l\u2019\u00c9glise catholique s\u2019est engag\u00e9e contre cette calamit\u00e9 et comme elle continue sa bataille en premi\u00e8re ligne dans cette nouvelle phase. Il y a des situations dans la vie d\u2019une communaut\u00e9,&hellip;<\/p>\n","protected":false},"author":1,"featured_media":2639,"comment_status":"closed","ping_status":"open","sticky":false,"template":"","format":"standard","meta":{"_acf_changed":false,"footnotes":""},"categories":[8],"tags":[],"class_list":["post-2637","post","type-post","status-publish","format-standard","has-post-thumbnail","hentry","category-articles-religieux"],"acf":[],"yoast_head":"<!-- This site is optimized with the Yoast SEO plugin v26.6 - https:\/\/yoast.com\/wordpress\/plugins\/seo\/ -->\n<title>Le b\u00e9n\u00e9volat dans l\u2019\u00c9glise Catholique au temps du Covid - Holyart.fr Blog<\/title>\n<meta name=\"description\" content=\"D\u00e9couvrons comment l\u2019\u00c9glise catholique s\u2019est engag\u00e9e contre cette calamit\u00e9 et comme elle continue sa bataille en premi\u00e8re ligne dans cette nouvelle phase.\" \/>\n<meta name=\"robots\" content=\"index, follow, max-snippet:-1, max-image-preview:large, max-video-preview:-1\" \/>\n<link rel=\"canonical\" href=\"https:\/\/blog.holyart.it\/fr\/articles-religieux\/le-benevolat-dans-leglise-catholique-au-temps-du-covid\/\" \/>\n<meta property=\"og:locale\" content=\"fr_FR\" \/>\n<meta property=\"og:type\" content=\"article\" \/>\n<meta property=\"og:title\" content=\"Le b\u00e9n\u00e9volat dans l\u2019\u00c9glise Catholique au temps du Covid - Holyart.fr Blog\" \/>\n<meta property=\"og:description\" content=\"D\u00e9couvrons comment l\u2019\u00c9glise catholique s\u2019est engag\u00e9e contre cette calamit\u00e9 et comme elle continue sa bataille en premi\u00e8re ligne dans cette nouvelle phase.\" \/>\n<meta property=\"og:url\" content=\"https:\/\/blog.holyart.it\/fr\/articles-religieux\/le-benevolat-dans-leglise-catholique-au-temps-du-covid\/\" \/>\n<meta property=\"og:site_name\" content=\"Holyart.fr Blog\" \/>\n<meta property=\"article:published_time\" content=\"2021-03-02T14:57:43+00:00\" \/>\n<meta property=\"article:modified_time\" content=\"2021-04-08T15:48:58+00:00\" \/>\n<meta property=\"og:image\" content=\"https:\/\/blog.holyart.it\/fr\/wp-content\/uploads\/sites\/14\/2021\/03\/benevolat-de-leglise-catholique-de-Covid.jpg\" \/>\n\t<meta property=\"og:image:width\" content=\"1000\" \/>\n\t<meta property=\"og:image:height\" content=\"666\" \/>\n\t<meta property=\"og:image:type\" content=\"image\/jpeg\" \/>\n<meta name=\"author\" content=\"Redazione\" \/>\n<meta name=\"twitter:card\" content=\"summary_large_image\" \/>\n<meta name=\"twitter:label1\" content=\"\u00c9crit par\" \/>\n\t<meta name=\"twitter:data1\" content=\"Redazione\" \/>\n\t<meta name=\"twitter:label2\" content=\"Dur\u00e9e de lecture estim\u00e9e\" \/>\n\t<meta name=\"twitter:data2\" content=\"9 minutes\" \/>\n<script type=\"application\/ld+json\" class=\"yoast-schema-graph\">{\"@context\":\"https:\/\/schema.org\",\"@graph\":[{\"@type\":\"Article\",\"@id\":\"https:\/\/blog.holyart.it\/fr\/articles-religieux\/le-benevolat-dans-leglise-catholique-au-temps-du-covid\/#article\",\"isPartOf\":{\"@id\":\"https:\/\/blog.holyart.it\/fr\/articles-religieux\/le-benevolat-dans-leglise-catholique-au-temps-du-covid\/\"},\"author\":{\"name\":\"Redazione\",\"@id\":\"https:\/\/blog.holyart.it\/fr\/#\/schema\/person\/0a7b686e5af0f856ec1e390dd0baecda\"},\"headline\":\"Le b\u00e9n\u00e9volat dans l\u2019\u00c9glise Catholique au temps du Covid\",\"datePublished\":\"2021-03-02T14:57:43+00:00\",\"dateModified\":\"2021-04-08T15:48:58+00:00\",\"mainEntityOfPage\":{\"@id\":\"https:\/\/blog.holyart.it\/fr\/articles-religieux\/le-benevolat-dans-leglise-catholique-au-temps-du-covid\/\"},\"wordCount\":1758,\"publisher\":{\"@id\":\"https:\/\/blog.holyart.it\/fr\/#organization\"},\"image\":{\"@id\":\"https:\/\/blog.holyart.it\/fr\/articles-religieux\/le-benevolat-dans-leglise-catholique-au-temps-du-covid\/#primaryimage\"},\"thumbnailUrl\":\"https:\/\/blog.holyart.it\/fr\/wp-content\/uploads\/sites\/14\/2021\/03\/benevolat-de-leglise-catholique-de-Covid.jpg\",\"articleSection\":[\"Religion\"],\"inLanguage\":\"fr-FR\"},{\"@type\":\"WebPage\",\"@id\":\"https:\/\/blog.holyart.it\/fr\/articles-religieux\/le-benevolat-dans-leglise-catholique-au-temps-du-covid\/\",\"url\":\"https:\/\/blog.holyart.it\/fr\/articles-religieux\/le-benevolat-dans-leglise-catholique-au-temps-du-covid\/\",\"name\":\"Le b\u00e9n\u00e9volat dans l\u2019\u00c9glise Catholique au temps du Covid - Holyart.fr Blog\",\"isPartOf\":{\"@id\":\"https:\/\/blog.holyart.it\/fr\/#website\"},\"primaryImageOfPage\":{\"@id\":\"https:\/\/blog.holyart.it\/fr\/articles-religieux\/le-benevolat-dans-leglise-catholique-au-temps-du-covid\/#primaryimage\"},\"image\":{\"@id\":\"https:\/\/blog.holyart.it\/fr\/articles-religieux\/le-benevolat-dans-leglise-catholique-au-temps-du-covid\/#primaryimage\"},\"thumbnailUrl\":\"https:\/\/blog.holyart.it\/fr\/wp-content\/uploads\/sites\/14\/2021\/03\/benevolat-de-leglise-catholique-de-Covid.jpg\",\"datePublished\":\"2021-03-02T14:57:43+00:00\",\"dateModified\":\"2021-04-08T15:48:58+00:00\",\"description\":\"D\u00e9couvrons comment l\u2019\u00c9glise catholique s\u2019est engag\u00e9e contre cette calamit\u00e9 et comme elle continue sa bataille en premi\u00e8re ligne dans cette nouvelle phase.\",\"breadcrumb\":{\"@id\":\"https:\/\/blog.holyart.it\/fr\/articles-religieux\/le-benevolat-dans-leglise-catholique-au-temps-du-covid\/#breadcrumb\"},\"inLanguage\":\"fr-FR\",\"potentialAction\":[{\"@type\":\"ReadAction\",\"target\":[\"https:\/\/blog.holyart.it\/fr\/articles-religieux\/le-benevolat-dans-leglise-catholique-au-temps-du-covid\/\"]}]},{\"@type\":\"ImageObject\",\"inLanguage\":\"fr-FR\",\"@id\":\"https:\/\/blog.holyart.it\/fr\/articles-religieux\/le-benevolat-dans-leglise-catholique-au-temps-du-covid\/#primaryimage\",\"url\":\"https:\/\/blog.holyart.it\/fr\/wp-content\/uploads\/sites\/14\/2021\/03\/benevolat-de-leglise-catholique-de-Covid.jpg\",\"contentUrl\":\"https:\/\/blog.holyart.it\/fr\/wp-content\/uploads\/sites\/14\/2021\/03\/benevolat-de-leglise-catholique-de-Covid.jpg\",\"width\":1000,\"height\":666,\"caption\":\"benevolat de l'eglise catholique de Covid\"},{\"@type\":\"BreadcrumbList\",\"@id\":\"https:\/\/blog.holyart.it\/fr\/articles-religieux\/le-benevolat-dans-leglise-catholique-au-temps-du-covid\/#breadcrumb\",\"itemListElement\":[{\"@type\":\"ListItem\",\"position\":1,\"name\":\"Homepage\",\"item\":\"https:\/\/blog.holyart.it\/fr\/\"},{\"@type\":\"ListItem\",\"position\":2,\"name\":\"Religion\",\"item\":\"https:\/\/blog.holyart.it\/fr\/articles-religieux\/\"},{\"@type\":\"ListItem\",\"position\":3,\"name\":\"Le b\u00e9n\u00e9volat dans l\u2019\u00c9glise Catholique au temps du Covid\"}]},{\"@type\":\"WebSite\",\"@id\":\"https:\/\/blog.holyart.it\/fr\/#website\",\"url\":\"https:\/\/blog.holyart.it\/fr\/\",\"name\":\"Holyart.fr Blog\",\"description\":\"Holyblog\",\"publisher\":{\"@id\":\"https:\/\/blog.holyart.it\/fr\/#organization\"},\"potentialAction\":[{\"@type\":\"SearchAction\",\"target\":{\"@type\":\"EntryPoint\",\"urlTemplate\":\"https:\/\/blog.holyart.it\/fr\/?s={search_term_string}\"},\"query-input\":{\"@type\":\"PropertyValueSpecification\",\"valueRequired\":true,\"valueName\":\"search_term_string\"}}],\"inLanguage\":\"fr-FR\"},{\"@type\":\"Organization\",\"@id\":\"https:\/\/blog.holyart.it\/fr\/#organization\",\"name\":\"Holyart.fr Blog\",\"url\":\"https:\/\/blog.holyart.it\/fr\/\",\"logo\":{\"@type\":\"ImageObject\",\"inLanguage\":\"fr-FR\",\"@id\":\"https:\/\/blog.holyart.it\/fr\/#\/schema\/logo\/image\/\",\"url\":\"https:\/\/blog.holyart.it\/fr\/wp-content\/uploads\/sites\/14\/2022\/12\/Holyart_Blog_Logo.jpg\",\"contentUrl\":\"https:\/\/blog.holyart.it\/fr\/wp-content\/uploads\/sites\/14\/2022\/12\/Holyart_Blog_Logo.jpg\",\"width\":300,\"height\":50,\"caption\":\"Holyart.fr Blog\"},\"image\":{\"@id\":\"https:\/\/blog.holyart.it\/fr\/#\/schema\/logo\/image\/\"}},{\"@type\":\"Person\",\"@id\":\"https:\/\/blog.holyart.it\/fr\/#\/schema\/person\/0a7b686e5af0f856ec1e390dd0baecda\",\"name\":\"Redazione\",\"image\":{\"@type\":\"ImageObject\",\"inLanguage\":\"fr-FR\",\"@id\":\"https:\/\/blog.holyart.it\/fr\/#\/schema\/person\/image\/\",\"url\":\"https:\/\/secure.gravatar.com\/avatar\/f477da817f43e50d0af36abecd33e3edf826c68299714bdc1057dff3b113f516?s=96&d=mm&r=g\",\"contentUrl\":\"https:\/\/secure.gravatar.com\/avatar\/f477da817f43e50d0af36abecd33e3edf826c68299714bdc1057dff3b113f516?s=96&d=mm&r=g\",\"caption\":\"Redazione\"},\"url\":\"https:\/\/blog.holyart.it\/fr\/author\/admin\/\"}]}<\/script>\n<!-- \/ Yoast SEO plugin. -->","yoast_head_json":{"title":"Le b\u00e9n\u00e9volat dans l\u2019\u00c9glise Catholique au temps du Covid - Holyart.fr Blog","description":"D\u00e9couvrons comment l\u2019\u00c9glise catholique s\u2019est engag\u00e9e contre cette calamit\u00e9 et comme elle continue sa bataille en premi\u00e8re ligne dans cette nouvelle phase.","robots":{"index":"index","follow":"follow","max-snippet":"max-snippet:-1","max-image-preview":"max-image-preview:large","max-video-preview":"max-video-preview:-1"},"canonical":"https:\/\/blog.holyart.it\/fr\/articles-religieux\/le-benevolat-dans-leglise-catholique-au-temps-du-covid\/","og_locale":"fr_FR","og_type":"article","og_title":"Le b\u00e9n\u00e9volat dans l\u2019\u00c9glise Catholique au temps du Covid - Holyart.fr Blog","og_description":"D\u00e9couvrons comment l\u2019\u00c9glise catholique s\u2019est engag\u00e9e contre cette calamit\u00e9 et comme elle continue sa bataille en premi\u00e8re ligne dans cette nouvelle phase.","og_url":"https:\/\/blog.holyart.it\/fr\/articles-religieux\/le-benevolat-dans-leglise-catholique-au-temps-du-covid\/","og_site_name":"Holyart.fr Blog","article_published_time":"2021-03-02T14:57:43+00:00","article_modified_time":"2021-04-08T15:48:58+00:00","og_image":[{"width":1000,"height":666,"url":"https:\/\/blog.holyart.it\/fr\/wp-content\/uploads\/sites\/14\/2021\/03\/benevolat-de-leglise-catholique-de-Covid.jpg","type":"image\/jpeg"}],"author":"Redazione","twitter_card":"summary_large_image","twitter_misc":{"\u00c9crit par":"Redazione","Dur\u00e9e de lecture estim\u00e9e":"9 minutes"},"schema":{"@context":"https:\/\/schema.org","@graph":[{"@type":"Article","@id":"https:\/\/blog.holyart.it\/fr\/articles-religieux\/le-benevolat-dans-leglise-catholique-au-temps-du-covid\/#article","isPartOf":{"@id":"https:\/\/blog.holyart.it\/fr\/articles-religieux\/le-benevolat-dans-leglise-catholique-au-temps-du-covid\/"},"author":{"name":"Redazione","@id":"https:\/\/blog.holyart.it\/fr\/#\/schema\/person\/0a7b686e5af0f856ec1e390dd0baecda"},"headline":"Le b\u00e9n\u00e9volat dans l\u2019\u00c9glise Catholique au temps du Covid","datePublished":"2021-03-02T14:57:43+00:00","dateModified":"2021-04-08T15:48:58+00:00","mainEntityOfPage":{"@id":"https:\/\/blog.holyart.it\/fr\/articles-religieux\/le-benevolat-dans-leglise-catholique-au-temps-du-covid\/"},"wordCount":1758,"publisher":{"@id":"https:\/\/blog.holyart.it\/fr\/#organization"},"image":{"@id":"https:\/\/blog.holyart.it\/fr\/articles-religieux\/le-benevolat-dans-leglise-catholique-au-temps-du-covid\/#primaryimage"},"thumbnailUrl":"https:\/\/blog.holyart.it\/fr\/wp-content\/uploads\/sites\/14\/2021\/03\/benevolat-de-leglise-catholique-de-Covid.jpg","articleSection":["Religion"],"inLanguage":"fr-FR"},{"@type":"WebPage","@id":"https:\/\/blog.holyart.it\/fr\/articles-religieux\/le-benevolat-dans-leglise-catholique-au-temps-du-covid\/","url":"https:\/\/blog.holyart.it\/fr\/articles-religieux\/le-benevolat-dans-leglise-catholique-au-temps-du-covid\/","name":"Le b\u00e9n\u00e9volat dans l\u2019\u00c9glise Catholique au temps du Covid - Holyart.fr Blog","isPartOf":{"@id":"https:\/\/blog.holyart.it\/fr\/#website"},"primaryImageOfPage":{"@id":"https:\/\/blog.holyart.it\/fr\/articles-religieux\/le-benevolat-dans-leglise-catholique-au-temps-du-covid\/#primaryimage"},"image":{"@id":"https:\/\/blog.holyart.it\/fr\/articles-religieux\/le-benevolat-dans-leglise-catholique-au-temps-du-covid\/#primaryimage"},"thumbnailUrl":"https:\/\/blog.holyart.it\/fr\/wp-content\/uploads\/sites\/14\/2021\/03\/benevolat-de-leglise-catholique-de-Covid.jpg","datePublished":"2021-03-02T14:57:43+00:00","dateModified":"2021-04-08T15:48:58+00:00","description":"D\u00e9couvrons comment l\u2019\u00c9glise catholique s\u2019est engag\u00e9e contre cette calamit\u00e9 et comme elle continue sa bataille en premi\u00e8re ligne dans cette nouvelle phase.","breadcrumb":{"@id":"https:\/\/blog.holyart.it\/fr\/articles-religieux\/le-benevolat-dans-leglise-catholique-au-temps-du-covid\/#breadcrumb"},"inLanguage":"fr-FR","potentialAction":[{"@type":"ReadAction","target":["https:\/\/blog.holyart.it\/fr\/articles-religieux\/le-benevolat-dans-leglise-catholique-au-temps-du-covid\/"]}]},{"@type":"ImageObject","inLanguage":"fr-FR","@id":"https:\/\/blog.holyart.it\/fr\/articles-religieux\/le-benevolat-dans-leglise-catholique-au-temps-du-covid\/#primaryimage","url":"https:\/\/blog.holyart.it\/fr\/wp-content\/uploads\/sites\/14\/2021\/03\/benevolat-de-leglise-catholique-de-Covid.jpg","contentUrl":"https:\/\/blog.holyart.it\/fr\/wp-content\/uploads\/sites\/14\/2021\/03\/benevolat-de-leglise-catholique-de-Covid.jpg","width":1000,"height":666,"caption":"benevolat de l'eglise catholique de Covid"},{"@type":"BreadcrumbList","@id":"https:\/\/blog.holyart.it\/fr\/articles-religieux\/le-benevolat-dans-leglise-catholique-au-temps-du-covid\/#breadcrumb","itemListElement":[{"@type":"ListItem","position":1,"name":"Homepage","item":"https:\/\/blog.holyart.it\/fr\/"},{"@type":"ListItem","position":2,"name":"Religion","item":"https:\/\/blog.holyart.it\/fr\/articles-religieux\/"},{"@type":"ListItem","position":3,"name":"Le b\u00e9n\u00e9volat dans l\u2019\u00c9glise Catholique au temps du Covid"}]},{"@type":"WebSite","@id":"https:\/\/blog.holyart.it\/fr\/#website","url":"https:\/\/blog.holyart.it\/fr\/","name":"Holyart.fr Blog","description":"Holyblog","publisher":{"@id":"https:\/\/blog.holyart.it\/fr\/#organization"},"potentialAction":[{"@type":"SearchAction","target":{"@type":"EntryPoint","urlTemplate":"https:\/\/blog.holyart.it\/fr\/?s={search_term_string}"},"query-input":{"@type":"PropertyValueSpecification","valueRequired":true,"valueName":"search_term_string"}}],"inLanguage":"fr-FR"},{"@type":"Organization","@id":"https:\/\/blog.holyart.it\/fr\/#organization","name":"Holyart.fr Blog","url":"https:\/\/blog.holyart.it\/fr\/","logo":{"@type":"ImageObject","inLanguage":"fr-FR","@id":"https:\/\/blog.holyart.it\/fr\/#\/schema\/logo\/image\/","url":"https:\/\/blog.holyart.it\/fr\/wp-content\/uploads\/sites\/14\/2022\/12\/Holyart_Blog_Logo.jpg","contentUrl":"https:\/\/blog.holyart.it\/fr\/wp-content\/uploads\/sites\/14\/2022\/12\/Holyart_Blog_Logo.jpg","width":300,"height":50,"caption":"Holyart.fr Blog"},"image":{"@id":"https:\/\/blog.holyart.it\/fr\/#\/schema\/logo\/image\/"}},{"@type":"Person","@id":"https:\/\/blog.holyart.it\/fr\/#\/schema\/person\/0a7b686e5af0f856ec1e390dd0baecda","name":"Redazione","image":{"@type":"ImageObject","inLanguage":"fr-FR","@id":"https:\/\/blog.holyart.it\/fr\/#\/schema\/person\/image\/","url":"https:\/\/secure.gravatar.com\/avatar\/f477da817f43e50d0af36abecd33e3edf826c68299714bdc1057dff3b113f516?s=96&d=mm&r=g","contentUrl":"https:\/\/secure.gravatar.com\/avatar\/f477da817f43e50d0af36abecd33e3edf826c68299714bdc1057dff3b113f516?s=96&d=mm&r=g","caption":"Redazione"},"url":"https:\/\/blog.holyart.it\/fr\/author\/admin\/"}]}},"_links":{"self":[{"href":"https:\/\/blog.holyart.it\/fr\/wp-json\/wp\/v2\/posts\/2637","targetHints":{"allow":["GET"]}}],"collection":[{"href":"https:\/\/blog.holyart.it\/fr\/wp-json\/wp\/v2\/posts"}],"about":[{"href":"https:\/\/blog.holyart.it\/fr\/wp-json\/wp\/v2\/types\/post"}],"author":[{"embeddable":true,"href":"https:\/\/blog.holyart.it\/fr\/wp-json\/wp\/v2\/users\/1"}],"replies":[{"embeddable":true,"href":"https:\/\/blog.holyart.it\/fr\/wp-json\/wp\/v2\/comments?post=2637"}],"version-history":[{"count":0,"href":"https:\/\/blog.holyart.it\/fr\/wp-json\/wp\/v2\/posts\/2637\/revisions"}],"wp:featuredmedia":[{"embeddable":true,"href":"https:\/\/blog.holyart.it\/fr\/wp-json\/wp\/v2\/media\/2639"}],"wp:attachment":[{"href":"https:\/\/blog.holyart.it\/fr\/wp-json\/wp\/v2\/media?parent=2637"}],"wp:term":[{"taxonomy":"category","embeddable":true,"href":"https:\/\/blog.holyart.it\/fr\/wp-json\/wp\/v2\/categories?post=2637"},{"taxonomy":"post_tag","embeddable":true,"href":"https:\/\/blog.holyart.it\/fr\/wp-json\/wp\/v2\/tags?post=2637"}],"curies":[{"name":"wp","href":"https:\/\/api.w.org\/{rel}","templated":true}]}}