{"id":261,"date":"2017-01-30T16:32:18","date_gmt":"2017-01-30T15:32:18","guid":{"rendered":"https:\/\/blog.holyart.it\/fr\/?p=261"},"modified":"2017-01-27T16:32:41","modified_gmt":"2017-01-27T15:32:41","slug":"valeur-de-crosse-episcopale-symbolisme-catholique","status":"publish","type":"post","link":"https:\/\/blog.holyart.it\/fr\/accessoires-pour-la-liturgie\/valeur-de-crosse-episcopale-symbolisme-catholique\/","title":{"rendered":"La valeur de le b\u00e2ton pastoral dans le symbolisme catholique"},"content":{"rendered":"<p>Le\u00a0<span style=\"color: #0000ff;\"><strong><a style=\"color: #0000ff;\" href=\"http:\/\/www.holyart.fr\/accessoires-pour-la-liturgie\/attributs-episcopaux\">b\u00e2ton pastoral<\/a><\/strong><\/span>\u00a0est un symbole du pouvoir eccl\u00e9siastique qui d\u00e9signe habituellement le r\u00f4le d\u2019\u00e9v\u00eaque ou d\u2019abb\u00e9. Il s\u2019agit d\u2019<strong>une longue perche<\/strong> avec une extr\u00e9mit\u00e9 recourb\u00e9e ou une spirale (crosseron) fix\u00e9e au support gr\u00e2ce \u00e0 une douille et \u00e0 un n\u0153ud.<\/p>\n<p>La\u00a0<strong>crosse \u00e9piscopale<\/strong>\u00a0symbolise un sceptre, un objet solennel, mais ses origines sont humbles\u00a0: le terme d\u00e9rive en effet de\u00a0 \u2018baculus pastoralis\u2019, le <strong>b\u00e2ton du pasteur <\/strong>(ou houlette). Avec ce b\u00e2ton \u00e0 l\u2019extr\u00e9mit\u00e9 recourb\u00e9e, le berger pouvait saisir le b\u00e9tail sans le blesser. Il s\u2019agit donc d\u2019un b\u00e2ton symbolique : la partie droite se r\u00e9f\u00e8re \u00e0 la bonne gouvernance eccl\u00e9siastique, \u00e0 <strong>la volont\u00e9 de conduire le troupeau des fid\u00e8les au salut <\/strong>; l\u2019extr\u00e9mit\u00e9 pointue devrait servir \u00e0 \u00e9peronner les paresseux et les imp\u00e9nitents\u00a0; la partie recourb\u00e9e, elle, \u00e0 attirer les p\u00eacheurs repentis et les \u00e9gar\u00e9s.<\/p>\n<p>La <strong>crosse \u00e9piscopale<\/strong> reprend donc le symbolisme \u00e9vang\u00e9lique de <strong>J\u00e9sus \u00ab\u00a0Bon Pasteur\u00a0\u00bb<\/strong>. En le saisissant au moment de l\u2019investiture, l\u2019\u00e9v\u00eaque accepte son r\u00f4le de guide et de protecteur du peuple chr\u00e9tien.<\/p>\n<p>Les <strong>crosses \u00e9piscopales<\/strong> ont connu une in\u00e9vitable \u00e9volution artistique au cour des si\u00e8cles. L\u2019extr\u00e9mit\u00e9 recourb\u00e9e, simple et \u00e9pur\u00e9e au d\u00e9but, prend de plus en plus la forme en volute et commence \u00e0 \u00eatre d\u00e9cor\u00e9e d\u2019incisions, d\u2019\u00e9mail, de marqueteries, en plus des pierres pr\u00e9cieuses et des cristaux. \u00a0Les <strong>crosses \u00e9piscopales<\/strong> sont r\u00e9alis\u00e9es dans diff\u00e9rents mat\u00e9riaux : <strong>bois, ivoire, os, bronze, cuivre dor\u00e9, argent, filigrane<\/strong>.<\/p>\n<p>L\u2019\u00e9v\u00eaque utilise une crosse pendant la Messe, en particulier pendant la Procession d\u2019entr\u00e9e, la Proclamation de l\u2019\u00c9vangile, l\u2019Hom\u00e9lie, l\u2019Administration des Sacrements, la B\u00e9n\u00e9diction finale et la Procession de fin.<\/p>\n<p>L\u2019\u00c9v\u00eaque peut utiliser la crosse \u00e9piscopale uniquement dans son dioc\u00e8se, puisqu\u2019elle repr\u00e9sente le lien tr\u00e8s fort entre le pasteur et son troupeau.<\/p>\n","protected":false},"excerpt":{"rendered":"<p>Le\u00a0b\u00e2ton pastoral\u00a0est un symbole du pouvoir eccl\u00e9siastique qui d\u00e9signe habituellement le r\u00f4le d\u2019\u00e9v\u00eaque ou d\u2019abb\u00e9. Il s\u2019agit d\u2019une longue perche avec une extr\u00e9mit\u00e9 recourb\u00e9e ou une spirale (crosseron) fix\u00e9e au support gr\u00e2ce \u00e0 une douille et \u00e0 un n\u0153ud. La\u00a0crosse \u00e9piscopale\u00a0symbolise un sceptre, un objet&hellip;<\/p>\n","protected":false},"author":1,"featured_media":262,"comment_status":"closed","ping_status":"open","sticky":false,"template":"","format":"standard","meta":{"_acf_changed":false,"footnotes":""},"categories":[4],"tags":[],"class_list":["post-261","post","type-post","status-publish","format-standard","has-post-thumbnail","hentry","category-accessoires-pour-la-liturgie"],"acf":[],"yoast_head":"<!-- This site is optimized with the Yoast SEO plugin v26.6 - https:\/\/yoast.com\/wordpress\/plugins\/seo\/ -->\n<title>La valeur de le b\u00e2ton pastoral dans le symbolisme catholique<\/title>\n<meta name=\"description\" content=\"Le b\u00e2ton pastoral est un symbole du pouvoir eccl\u00e9siastique qui d\u00e9signe le r\u00f4le d\u2019\u00e9v\u00eaque ou d\u2019abb\u00e9. Il s\u2019agit d\u2019une longue perche avec extr\u00e9mit\u00e9 recourb\u00e9e\" \/>\n<meta name=\"robots\" content=\"index, follow, max-snippet:-1, max-image-preview:large, max-video-preview:-1\" \/>\n<link rel=\"canonical\" href=\"https:\/\/blog.holyart.it\/fr\/accessoires-pour-la-liturgie\/valeur-de-crosse-episcopale-symbolisme-catholique\/\" \/>\n<meta property=\"og:locale\" content=\"fr_FR\" \/>\n<meta property=\"og:type\" content=\"article\" \/>\n<meta property=\"og:title\" content=\"La valeur de le b\u00e2ton pastoral dans le symbolisme catholique\" \/>\n<meta property=\"og:description\" content=\"Le b\u00e2ton pastoral est un symbole du pouvoir eccl\u00e9siastique qui d\u00e9signe le r\u00f4le d\u2019\u00e9v\u00eaque ou d\u2019abb\u00e9. Il s\u2019agit d\u2019une longue perche avec extr\u00e9mit\u00e9 recourb\u00e9e\" \/>\n<meta property=\"og:url\" content=\"https:\/\/blog.holyart.it\/fr\/accessoires-pour-la-liturgie\/valeur-de-crosse-episcopale-symbolisme-catholique\/\" \/>\n<meta property=\"og:site_name\" content=\"Holyart.fr Blog\" \/>\n<meta property=\"article:published_time\" content=\"2017-01-30T15:32:18+00:00\" \/>\n<meta property=\"og:image\" content=\"https:\/\/blog.holyart.it\/fr\/wp-content\/uploads\/sites\/14\/2017\/01\/B\u00e2ton-pastoral.jpg\" \/>\n\t<meta property=\"og:image:width\" content=\"1000\" \/>\n\t<meta property=\"og:image:height\" content=\"666\" \/>\n\t<meta property=\"og:image:type\" content=\"image\/jpeg\" \/>\n<meta name=\"author\" content=\"Redazione\" \/>\n<meta name=\"twitter:card\" content=\"summary_large_image\" \/>\n<meta name=\"twitter:label1\" content=\"\u00c9crit par\" \/>\n\t<meta name=\"twitter:data1\" content=\"Redazione\" \/>\n\t<meta name=\"twitter:label2\" content=\"Dur\u00e9e de lecture estim\u00e9e\" \/>\n\t<meta name=\"twitter:data2\" content=\"2 minutes\" \/>\n<script type=\"application\/ld+json\" class=\"yoast-schema-graph\">{\"@context\":\"https:\/\/schema.org\",\"@graph\":[{\"@type\":\"Article\",\"@id\":\"https:\/\/blog.holyart.it\/fr\/accessoires-pour-la-liturgie\/valeur-de-crosse-episcopale-symbolisme-catholique\/#article\",\"isPartOf\":{\"@id\":\"https:\/\/blog.holyart.it\/fr\/accessoires-pour-la-liturgie\/valeur-de-crosse-episcopale-symbolisme-catholique\/\"},\"author\":{\"name\":\"Redazione\",\"@id\":\"https:\/\/blog.holyart.it\/fr\/#\/schema\/person\/0a7b686e5af0f856ec1e390dd0baecda\"},\"headline\":\"La valeur de le b\u00e2ton pastoral dans le symbolisme catholique\",\"datePublished\":\"2017-01-30T15:32:18+00:00\",\"mainEntityOfPage\":{\"@id\":\"https:\/\/blog.holyart.it\/fr\/accessoires-pour-la-liturgie\/valeur-de-crosse-episcopale-symbolisme-catholique\/\"},\"wordCount\":354,\"publisher\":{\"@id\":\"https:\/\/blog.holyart.it\/fr\/#organization\"},\"image\":{\"@id\":\"https:\/\/blog.holyart.it\/fr\/accessoires-pour-la-liturgie\/valeur-de-crosse-episcopale-symbolisme-catholique\/#primaryimage\"},\"thumbnailUrl\":\"https:\/\/blog.holyart.it\/fr\/wp-content\/uploads\/sites\/14\/2017\/01\/B\u00e2ton-pastoral.jpg\",\"articleSection\":[\"Liturgie\"],\"inLanguage\":\"fr-FR\"},{\"@type\":\"WebPage\",\"@id\":\"https:\/\/blog.holyart.it\/fr\/accessoires-pour-la-liturgie\/valeur-de-crosse-episcopale-symbolisme-catholique\/\",\"url\":\"https:\/\/blog.holyart.it\/fr\/accessoires-pour-la-liturgie\/valeur-de-crosse-episcopale-symbolisme-catholique\/\",\"name\":\"La valeur de le b\u00e2ton pastoral dans le symbolisme catholique\",\"isPartOf\":{\"@id\":\"https:\/\/blog.holyart.it\/fr\/#website\"},\"primaryImageOfPage\":{\"@id\":\"https:\/\/blog.holyart.it\/fr\/accessoires-pour-la-liturgie\/valeur-de-crosse-episcopale-symbolisme-catholique\/#primaryimage\"},\"image\":{\"@id\":\"https:\/\/blog.holyart.it\/fr\/accessoires-pour-la-liturgie\/valeur-de-crosse-episcopale-symbolisme-catholique\/#primaryimage\"},\"thumbnailUrl\":\"https:\/\/blog.holyart.it\/fr\/wp-content\/uploads\/sites\/14\/2017\/01\/B\u00e2ton-pastoral.jpg\",\"datePublished\":\"2017-01-30T15:32:18+00:00\",\"description\":\"Le b\u00e2ton pastoral est un symbole du pouvoir eccl\u00e9siastique qui d\u00e9signe le r\u00f4le d\u2019\u00e9v\u00eaque ou d\u2019abb\u00e9. Il s\u2019agit d\u2019une longue perche avec extr\u00e9mit\u00e9 recourb\u00e9e\",\"breadcrumb\":{\"@id\":\"https:\/\/blog.holyart.it\/fr\/accessoires-pour-la-liturgie\/valeur-de-crosse-episcopale-symbolisme-catholique\/#breadcrumb\"},\"inLanguage\":\"fr-FR\",\"potentialAction\":[{\"@type\":\"ReadAction\",\"target\":[\"https:\/\/blog.holyart.it\/fr\/accessoires-pour-la-liturgie\/valeur-de-crosse-episcopale-symbolisme-catholique\/\"]}]},{\"@type\":\"ImageObject\",\"inLanguage\":\"fr-FR\",\"@id\":\"https:\/\/blog.holyart.it\/fr\/accessoires-pour-la-liturgie\/valeur-de-crosse-episcopale-symbolisme-catholique\/#primaryimage\",\"url\":\"https:\/\/blog.holyart.it\/fr\/wp-content\/uploads\/sites\/14\/2017\/01\/B\u00e2ton-pastoral.jpg\",\"contentUrl\":\"https:\/\/blog.holyart.it\/fr\/wp-content\/uploads\/sites\/14\/2017\/01\/B\u00e2ton-pastoral.jpg\",\"width\":1000,\"height\":666,\"caption\":\"B\u00e2ton pastoral\"},{\"@type\":\"BreadcrumbList\",\"@id\":\"https:\/\/blog.holyart.it\/fr\/accessoires-pour-la-liturgie\/valeur-de-crosse-episcopale-symbolisme-catholique\/#breadcrumb\",\"itemListElement\":[{\"@type\":\"ListItem\",\"position\":1,\"name\":\"Homepage\",\"item\":\"https:\/\/blog.holyart.it\/fr\/\"},{\"@type\":\"ListItem\",\"position\":2,\"name\":\"Liturgie\",\"item\":\"https:\/\/blog.holyart.it\/fr\/accessoires-pour-la-liturgie\/\"},{\"@type\":\"ListItem\",\"position\":3,\"name\":\"La valeur de le b\u00e2ton pastoral dans le symbolisme catholique\"}]},{\"@type\":\"WebSite\",\"@id\":\"https:\/\/blog.holyart.it\/fr\/#website\",\"url\":\"https:\/\/blog.holyart.it\/fr\/\",\"name\":\"Holyart.fr Blog\",\"description\":\"Holyblog\",\"publisher\":{\"@id\":\"https:\/\/blog.holyart.it\/fr\/#organization\"},\"potentialAction\":[{\"@type\":\"SearchAction\",\"target\":{\"@type\":\"EntryPoint\",\"urlTemplate\":\"https:\/\/blog.holyart.it\/fr\/?s={search_term_string}\"},\"query-input\":{\"@type\":\"PropertyValueSpecification\",\"valueRequired\":true,\"valueName\":\"search_term_string\"}}],\"inLanguage\":\"fr-FR\"},{\"@type\":\"Organization\",\"@id\":\"https:\/\/blog.holyart.it\/fr\/#organization\",\"name\":\"Holyart.fr Blog\",\"url\":\"https:\/\/blog.holyart.it\/fr\/\",\"logo\":{\"@type\":\"ImageObject\",\"inLanguage\":\"fr-FR\",\"@id\":\"https:\/\/blog.holyart.it\/fr\/#\/schema\/logo\/image\/\",\"url\":\"https:\/\/blog.holyart.it\/fr\/wp-content\/uploads\/sites\/14\/2022\/12\/Holyart_Blog_Logo.jpg\",\"contentUrl\":\"https:\/\/blog.holyart.it\/fr\/wp-content\/uploads\/sites\/14\/2022\/12\/Holyart_Blog_Logo.jpg\",\"width\":300,\"height\":50,\"caption\":\"Holyart.fr Blog\"},\"image\":{\"@id\":\"https:\/\/blog.holyart.it\/fr\/#\/schema\/logo\/image\/\"}},{\"@type\":\"Person\",\"@id\":\"https:\/\/blog.holyart.it\/fr\/#\/schema\/person\/0a7b686e5af0f856ec1e390dd0baecda\",\"name\":\"Redazione\",\"image\":{\"@type\":\"ImageObject\",\"inLanguage\":\"fr-FR\",\"@id\":\"https:\/\/blog.holyart.it\/fr\/#\/schema\/person\/image\/\",\"url\":\"https:\/\/secure.gravatar.com\/avatar\/f477da817f43e50d0af36abecd33e3edf826c68299714bdc1057dff3b113f516?s=96&d=mm&r=g\",\"contentUrl\":\"https:\/\/secure.gravatar.com\/avatar\/f477da817f43e50d0af36abecd33e3edf826c68299714bdc1057dff3b113f516?s=96&d=mm&r=g\",\"caption\":\"Redazione\"},\"url\":\"https:\/\/blog.holyart.it\/fr\/author\/admin\/\"}]}<\/script>\n<!-- \/ Yoast SEO plugin. -->","yoast_head_json":{"title":"La valeur de le b\u00e2ton pastoral dans le symbolisme catholique","description":"Le b\u00e2ton pastoral est un symbole du pouvoir eccl\u00e9siastique qui d\u00e9signe le r\u00f4le d\u2019\u00e9v\u00eaque ou d\u2019abb\u00e9. Il s\u2019agit d\u2019une longue perche avec extr\u00e9mit\u00e9 recourb\u00e9e","robots":{"index":"index","follow":"follow","max-snippet":"max-snippet:-1","max-image-preview":"max-image-preview:large","max-video-preview":"max-video-preview:-1"},"canonical":"https:\/\/blog.holyart.it\/fr\/accessoires-pour-la-liturgie\/valeur-de-crosse-episcopale-symbolisme-catholique\/","og_locale":"fr_FR","og_type":"article","og_title":"La valeur de le b\u00e2ton pastoral dans le symbolisme catholique","og_description":"Le b\u00e2ton pastoral est un symbole du pouvoir eccl\u00e9siastique qui d\u00e9signe le r\u00f4le d\u2019\u00e9v\u00eaque ou d\u2019abb\u00e9. Il s\u2019agit d\u2019une longue perche avec extr\u00e9mit\u00e9 recourb\u00e9e","og_url":"https:\/\/blog.holyart.it\/fr\/accessoires-pour-la-liturgie\/valeur-de-crosse-episcopale-symbolisme-catholique\/","og_site_name":"Holyart.fr Blog","article_published_time":"2017-01-30T15:32:18+00:00","og_image":[{"width":1000,"height":666,"url":"https:\/\/blog.holyart.it\/fr\/wp-content\/uploads\/sites\/14\/2017\/01\/B\u00e2ton-pastoral.jpg","type":"image\/jpeg"}],"author":"Redazione","twitter_card":"summary_large_image","twitter_misc":{"\u00c9crit par":"Redazione","Dur\u00e9e de lecture estim\u00e9e":"2 minutes"},"schema":{"@context":"https:\/\/schema.org","@graph":[{"@type":"Article","@id":"https:\/\/blog.holyart.it\/fr\/accessoires-pour-la-liturgie\/valeur-de-crosse-episcopale-symbolisme-catholique\/#article","isPartOf":{"@id":"https:\/\/blog.holyart.it\/fr\/accessoires-pour-la-liturgie\/valeur-de-crosse-episcopale-symbolisme-catholique\/"},"author":{"name":"Redazione","@id":"https:\/\/blog.holyart.it\/fr\/#\/schema\/person\/0a7b686e5af0f856ec1e390dd0baecda"},"headline":"La valeur de le b\u00e2ton pastoral dans le symbolisme catholique","datePublished":"2017-01-30T15:32:18+00:00","mainEntityOfPage":{"@id":"https:\/\/blog.holyart.it\/fr\/accessoires-pour-la-liturgie\/valeur-de-crosse-episcopale-symbolisme-catholique\/"},"wordCount":354,"publisher":{"@id":"https:\/\/blog.holyart.it\/fr\/#organization"},"image":{"@id":"https:\/\/blog.holyart.it\/fr\/accessoires-pour-la-liturgie\/valeur-de-crosse-episcopale-symbolisme-catholique\/#primaryimage"},"thumbnailUrl":"https:\/\/blog.holyart.it\/fr\/wp-content\/uploads\/sites\/14\/2017\/01\/B\u00e2ton-pastoral.jpg","articleSection":["Liturgie"],"inLanguage":"fr-FR"},{"@type":"WebPage","@id":"https:\/\/blog.holyart.it\/fr\/accessoires-pour-la-liturgie\/valeur-de-crosse-episcopale-symbolisme-catholique\/","url":"https:\/\/blog.holyart.it\/fr\/accessoires-pour-la-liturgie\/valeur-de-crosse-episcopale-symbolisme-catholique\/","name":"La valeur de le b\u00e2ton pastoral dans le symbolisme catholique","isPartOf":{"@id":"https:\/\/blog.holyart.it\/fr\/#website"},"primaryImageOfPage":{"@id":"https:\/\/blog.holyart.it\/fr\/accessoires-pour-la-liturgie\/valeur-de-crosse-episcopale-symbolisme-catholique\/#primaryimage"},"image":{"@id":"https:\/\/blog.holyart.it\/fr\/accessoires-pour-la-liturgie\/valeur-de-crosse-episcopale-symbolisme-catholique\/#primaryimage"},"thumbnailUrl":"https:\/\/blog.holyart.it\/fr\/wp-content\/uploads\/sites\/14\/2017\/01\/B\u00e2ton-pastoral.jpg","datePublished":"2017-01-30T15:32:18+00:00","description":"Le b\u00e2ton pastoral est un symbole du pouvoir eccl\u00e9siastique qui d\u00e9signe le r\u00f4le d\u2019\u00e9v\u00eaque ou d\u2019abb\u00e9. Il s\u2019agit d\u2019une longue perche avec extr\u00e9mit\u00e9 recourb\u00e9e","breadcrumb":{"@id":"https:\/\/blog.holyart.it\/fr\/accessoires-pour-la-liturgie\/valeur-de-crosse-episcopale-symbolisme-catholique\/#breadcrumb"},"inLanguage":"fr-FR","potentialAction":[{"@type":"ReadAction","target":["https:\/\/blog.holyart.it\/fr\/accessoires-pour-la-liturgie\/valeur-de-crosse-episcopale-symbolisme-catholique\/"]}]},{"@type":"ImageObject","inLanguage":"fr-FR","@id":"https:\/\/blog.holyart.it\/fr\/accessoires-pour-la-liturgie\/valeur-de-crosse-episcopale-symbolisme-catholique\/#primaryimage","url":"https:\/\/blog.holyart.it\/fr\/wp-content\/uploads\/sites\/14\/2017\/01\/B\u00e2ton-pastoral.jpg","contentUrl":"https:\/\/blog.holyart.it\/fr\/wp-content\/uploads\/sites\/14\/2017\/01\/B\u00e2ton-pastoral.jpg","width":1000,"height":666,"caption":"B\u00e2ton pastoral"},{"@type":"BreadcrumbList","@id":"https:\/\/blog.holyart.it\/fr\/accessoires-pour-la-liturgie\/valeur-de-crosse-episcopale-symbolisme-catholique\/#breadcrumb","itemListElement":[{"@type":"ListItem","position":1,"name":"Homepage","item":"https:\/\/blog.holyart.it\/fr\/"},{"@type":"ListItem","position":2,"name":"Liturgie","item":"https:\/\/blog.holyart.it\/fr\/accessoires-pour-la-liturgie\/"},{"@type":"ListItem","position":3,"name":"La valeur de le b\u00e2ton pastoral dans le symbolisme catholique"}]},{"@type":"WebSite","@id":"https:\/\/blog.holyart.it\/fr\/#website","url":"https:\/\/blog.holyart.it\/fr\/","name":"Holyart.fr Blog","description":"Holyblog","publisher":{"@id":"https:\/\/blog.holyart.it\/fr\/#organization"},"potentialAction":[{"@type":"SearchAction","target":{"@type":"EntryPoint","urlTemplate":"https:\/\/blog.holyart.it\/fr\/?s={search_term_string}"},"query-input":{"@type":"PropertyValueSpecification","valueRequired":true,"valueName":"search_term_string"}}],"inLanguage":"fr-FR"},{"@type":"Organization","@id":"https:\/\/blog.holyart.it\/fr\/#organization","name":"Holyart.fr Blog","url":"https:\/\/blog.holyart.it\/fr\/","logo":{"@type":"ImageObject","inLanguage":"fr-FR","@id":"https:\/\/blog.holyart.it\/fr\/#\/schema\/logo\/image\/","url":"https:\/\/blog.holyart.it\/fr\/wp-content\/uploads\/sites\/14\/2022\/12\/Holyart_Blog_Logo.jpg","contentUrl":"https:\/\/blog.holyart.it\/fr\/wp-content\/uploads\/sites\/14\/2022\/12\/Holyart_Blog_Logo.jpg","width":300,"height":50,"caption":"Holyart.fr Blog"},"image":{"@id":"https:\/\/blog.holyart.it\/fr\/#\/schema\/logo\/image\/"}},{"@type":"Person","@id":"https:\/\/blog.holyart.it\/fr\/#\/schema\/person\/0a7b686e5af0f856ec1e390dd0baecda","name":"Redazione","image":{"@type":"ImageObject","inLanguage":"fr-FR","@id":"https:\/\/blog.holyart.it\/fr\/#\/schema\/person\/image\/","url":"https:\/\/secure.gravatar.com\/avatar\/f477da817f43e50d0af36abecd33e3edf826c68299714bdc1057dff3b113f516?s=96&d=mm&r=g","contentUrl":"https:\/\/secure.gravatar.com\/avatar\/f477da817f43e50d0af36abecd33e3edf826c68299714bdc1057dff3b113f516?s=96&d=mm&r=g","caption":"Redazione"},"url":"https:\/\/blog.holyart.it\/fr\/author\/admin\/"}]}},"_links":{"self":[{"href":"https:\/\/blog.holyart.it\/fr\/wp-json\/wp\/v2\/posts\/261","targetHints":{"allow":["GET"]}}],"collection":[{"href":"https:\/\/blog.holyart.it\/fr\/wp-json\/wp\/v2\/posts"}],"about":[{"href":"https:\/\/blog.holyart.it\/fr\/wp-json\/wp\/v2\/types\/post"}],"author":[{"embeddable":true,"href":"https:\/\/blog.holyart.it\/fr\/wp-json\/wp\/v2\/users\/1"}],"replies":[{"embeddable":true,"href":"https:\/\/blog.holyart.it\/fr\/wp-json\/wp\/v2\/comments?post=261"}],"version-history":[{"count":0,"href":"https:\/\/blog.holyart.it\/fr\/wp-json\/wp\/v2\/posts\/261\/revisions"}],"wp:featuredmedia":[{"embeddable":true,"href":"https:\/\/blog.holyart.it\/fr\/wp-json\/wp\/v2\/media\/262"}],"wp:attachment":[{"href":"https:\/\/blog.holyart.it\/fr\/wp-json\/wp\/v2\/media?parent=261"}],"wp:term":[{"taxonomy":"category","embeddable":true,"href":"https:\/\/blog.holyart.it\/fr\/wp-json\/wp\/v2\/categories?post=261"},{"taxonomy":"post_tag","embeddable":true,"href":"https:\/\/blog.holyart.it\/fr\/wp-json\/wp\/v2\/tags?post=261"}],"curies":[{"name":"wp","href":"https:\/\/api.w.org\/{rel}","templated":true}]}}