{"id":2602,"date":"2021-05-04T09:33:31","date_gmt":"2021-05-04T07:33:31","guid":{"rendered":"https:\/\/blog.holyart.it\/fr\/?p=2602"},"modified":"2023-07-17T12:36:02","modified_gmt":"2023-07-17T10:36:02","slug":"deve-a-marie-la-figure-de-la-mere-dans-la-bible","status":"publish","type":"post","link":"https:\/\/blog.holyart.it\/fr\/articles-religieux\/deve-a-marie-la-figure-de-la-mere-dans-la-bible\/","title":{"rendered":"D\u2019\u00c8ve \u00e0 Marie : la figure de la M\u00e8re dans la Bible"},"content":{"rendered":"<h4><em>La m\u00e8re, pilier de chaque famille , coeur et source de vie pour ceux qui gravitent autour d\u2019elle. Et pourtant parfois nous la donnons pour acquise.<\/em><\/h4>\n\n<p>Nous devrions nous rappeler tous les jours ce que signifie \u00eatre m\u00e8re. Mais nous ne le pouvons pas, tout simplement. Seule une m\u00e8re peut conna\u00eetre la port\u00e9e de l\u2019amour que l\u2019on peut adresser uniquement \u00e0 la personne que l\u2019on a port\u00e9 dans son ventre pendant neuf mois, et que l\u2019on a g\u00e9n\u00e9r\u00e9, avec une douleur infinie et une joie sans limites.<\/p>\n<p><em>\u00ab\u00a0Individu\u00a0\u00bb signifie \u00ab\u00a0qui ne peut pas se partager\u00bb. Les m\u00e8res, en revanche, se \u00ab\u00a0partagent\u00a0\u00bb, \u00e0 partir du moment o\u00f9 elles portent un enfant pour le mettre au monde et l\u2019\u00e9lever\u00a0\u00bb<\/em>. Ce sont les mots de <a href=\"https:\/\/www.holyart.fr\/occasions-speciales\/pape-francois\"><strong>Pape Fran\u00e7ois<\/strong><\/a> et ils d\u00e9finissent de mani\u00e8re tr\u00e8s claire ce qu\u2019est une <strong>m\u00e8re<\/strong>\u00a0: une personne qui renonce \u00e0 sa propre individualit\u00e9, qui prend sur elle non seulement l\u2019engagement de g\u00e9n\u00e9rer une nouvelle vie mais \u00e9galement d\u2019en prendre soin, pour toujours, avec tendresse et d\u00e9vouement, en s\u2019appropriant les joies et les douleurs d\u2019une autre personne. Cela demande beaucoup, beaucoup d\u2019<strong>amour<\/strong>, beaucoup d\u2019<strong>esprit de sacrifice<\/strong>, et c\u2019est \u00e7a la raison pour laquelle \u00e7a brise le c\u0153ur de voir des m\u00e8res abandonn\u00e9es, donn\u00e9es pour acquises, oubli\u00e9es par leurs enfants qui, trop pris par leur vie de tous les jours, oublient \u00e0 qui ils doivent tout ce qu\u2019ils ont, tout ce qu\u2019ils sont.<\/p>\n<p>Pape Fran\u00e7ois reconnait la <strong>valeur des m\u00e8res<\/strong> de toutes les m\u00e8res, \u00e0 partir de Marie, M\u00e8re de J\u00e9sus, la m\u00e8re de toutes les m\u00e8res, centre de la vie de l\u2019\u00e9glise. Le Saint-P\u00e8re affirme, entre autres, qu\u2019<em>\u00ab\u00a0une soci\u00e9t\u00e9 sans m\u00e8res serait une soci\u00e9t\u00e9 inhumaine, parce que les m\u00e8res savent t\u00e9moigner toujours, m\u00eame dans les pires moments, de la tendresse, du d\u00e9vouement, de la force morale.\u00a0\u00bb<\/em><\/p>\n<p>Le mois de mai a d\u00e9but\u00e9, le <strong>mois marial<\/strong> par excellence, et, pas de hasard, c\u2019est \u00e9galement le mois de la F\u00eate des M\u00e8res, v\u00e9ritable c\u0153ur du mois marial. Cette ann\u00e9e elle tombe le 10 mai. Une belle occasion pour f\u00eater toutes les m\u00e8res d\u2019Italie qui, dans cette derni\u00e8re p\u00e9riode difficile, ont d\u00fb se charger encore plus que d\u2019habitude du soin et de la s\u00e9curit\u00e9 de leurs enfants et de toutes la famille. Ce n\u2019est pas un hasard, donc, si cette f\u00eate tombe au mois de Mai, <a href=\"https:\/\/www.holyart.fr\/produits\/statues-vierge-marie.php\"><strong>mois d\u00e9di\u00e9 \u00e0 la Sainte Vierge<\/strong><\/a>, la plus sp\u00e9ciale de toutes les m\u00e8res, comme nous l\u2019avons d\u00e9j\u00e0 approfondi dans un <a href=\"https:\/\/www.holyart.fr\/blog\/articles-religieux\/la-fete-des-meres-au-coeur-du-mois-marial\/\"><strong><u>pr\u00e9c\u00e9dent article<\/u>.<\/strong><\/a><\/p>\n<div class=\"link-article\">\n<p><img loading=\"lazy\" decoding=\"async\" class=\"alignleft size-full wp-image-2606\" src=\"https:\/\/blog.holyart.it\/fr\/wp-content\/uploads\/sites\/14\/2021\/05\/Fete-des-meres.jpg\" alt=\"Fete-des-meres\" width=\"150\" height=\"99\" data-kale-share-title=\"D\u2019\u00c8ve \u00e0 Marie : la figure de la M\u00e8re dans la Bible\" data-kale-share-url=\"https:\/\/blog.holyart.it\/fr\/?p=2602\" \/><\/p>\n<div class=\"leggi-anche\">Lire aussi :<\/div>\n<p><strong><a href=\"https:\/\/www.holyart.fr\/blog\/articles-religieux\/la-fete-des-meres-au-coeur-du-mois-marial\/\">La F\u00eate des m\u00e8res au coeur du mois marial<\/a><\/strong><br \/>\nLe 12 mai, en Italie, nous f\u00eatons toutes les mamans. Une f\u00eate tendre, douce, qui voit pour protagonistes surtout les enfants&#8230;<\/p>\n<\/div>\n<h2>Maternit\u00e9 dans les textes sacr\u00e9s<\/h2>\n<p>Au-del\u00e0 de Marie, ils existent d\u2019autres figures de m\u00e8res pr\u00e9sentes dans les textes sacr\u00e9s. Nous souhaitons donc nous attarder sur ces derni\u00e8res afin de comprendre comment le concept de maternit\u00e9 s\u2019est d\u00e9velopp\u00e9 dans le temps, au sein du Christianisme, mais pas seulement. Les changements sociaux, les transformations li\u00e9es aux \u00e9v\u00e9nements historiques ont amen\u00e9 \u00e0 une \u00e9mancipation progressive de la femme par rapport au pass\u00e9, et \u00e0 un changement radical dans la perception des r\u00f4les au sein de la famille aussi. Toutefois, il y a des aspects de l\u2019\u00eatre femme et m\u00e8re qui n\u2019ont pas chang\u00e9, d\u2019autres ont in\u00e9vitablement \u00e9volu\u00e9.<\/p>\n<p>Dans la <strong>culture juive<\/strong>, la maternit\u00e9 repr\u00e9sentait la plus grande aspiration et la totale r\u00e9alisation pour une femme. \u00catre <strong>st\u00e9rile<\/strong> \u00e9tait consid\u00e9r\u00e9 comme la plus grande malchance possible. Les m\u00e8res \u00e9taient respect\u00e9es et tenues en grande consid\u00e9ration. Elles prenaient le plus grand soin de leurs enfants en les allaitant pendant deux ,voire m\u00eame trois ans ou plus, et pour leur bien elles savaient s\u2019imposer sur leur mari, en s\u2019opposant m\u00eame \u00e0 sa volont\u00e9. Pensons \u00e0 Sarah, femme d\u2019Abraham et m\u00e8re d\u2019Isaac, qui obligea le mari \u00e0 chasser l\u2019esclave Agar de laquelle il avait eu un fils, quand ce dernier avait commencer \u00e0 maltraiter son demi-fr\u00e8re (Gen\u00e8se 21\u00a0:8,9). La Bible nous raconte que Dieu en personne prit la d\u00e9fense de la femme et intima \u00e0 Abraham de faire ce qu\u2019elle lui avait demand\u00e9.<\/p>\n<p>En g\u00e9n\u00e9ral, dans toutes les Saintes \u00c9critures, les commandements demandant <strong>le respect et l\u2019amour dus \u00e0 sa propre m\u00e8re<\/strong> se r\u00e9p\u00e8tent : \u00ab\u00a0<em>Honore ton p\u00e8re et ta m\u00e8re<\/em>\u00a0\u00bb (Exode 20\u00a0:12\u00a0; Deut 5\u00a0:16)\u00a0; \u00ab\u00a0<em>Celui qui frappera son p\u00e8re ou sa m\u00e8re sera puni de mort<\/em>\u00a0\u00bb (Exode 21\u00a0:15)\u00a0; \u00ab\u00a0<em>Ne m\u00e9prise pas ta m\u00e8re, quand elle est devenue vieille<\/em>\u00a0\u00bb (Proverbes 23\u00a0:22), et ainsi de suite.<\/p>\n<p>Mais faisons un pas en arri\u00e8re et examinant certaines figures de m\u00e8res dans les Saintes \u00c9critures, en commen\u00e7ant par \u00c8ve, m\u00e8re de tous les hommes.<\/p>\n<h2>\u00c8ve : m\u00e8re de tous les vivants<\/h2>\n<p>\u00c8ve fut la premi\u00e8re femme cr\u00e9\u00e9e par Dieu dans le Paradis Terrestre. N\u00e9e avec Adam de la terre, ou de sa c\u00f4te, selon les deux versions de la Gen\u00e8se, elle fut cr\u00e9\u00e9e afin de l\u2019aider, le soutenir, l\u2019aimer. Au d\u00e9but, elle fut simplement appel\u00e9e \u00ab\u00a0femme\u00a0\u00bb (<em>\u2018i\u0161\u0161h\u0101h<\/em>, forme f\u00e9minine d\u2019<em>\u2018i\u0161h<\/em>, \u00ab\u00a0homme\u00a0\u00bb). Apr\u00e8s le p\u00e9ch\u00e9 originel et l\u2019expulsion du <a href=\"https:\/\/www.holyart.fr\/blog\/articles-religieux\/le-jardin-deden-dans-la-genese\/\"><strong>jardin d&rsquo;Eden<\/strong><\/a>, Adam l\u2019appellera \u00c8ve, de <em>hawwah<\/em>, \u00ab\u00a0vivante\u00a0\u00bb ou \u00ab\u00a0qui provoque la vie\u00a0\u00bb.<\/p>\n<p>Quand Adam et elle furent chass\u00e9s du Paradis Terrestre, \u00c8ve fut maudite par Dieu\u00a0: \u00ab\u00a0<em>J\u2019augmenterai la souffrance de tes grossesses, tu enfanteras avec douleur<\/em>\u00a0\u00bb (Gen\u00e8se 3,16).<\/p>\n<p>La mal\u00e9diction de Dieu concerne donc la grossesse et l\u2019\u00eatre m\u00e8re. Encore aujourd\u2019hui, les femmes juives cherchent \u00e0 r\u00e9parer la faute d\u2019\u00c8ve avec des gestes rituels, comme par exemple l\u2019allumage des bougies avant le Shabbat.<\/p>\n<div class=\"link-article\">\n<p><img loading=\"lazy\" decoding=\"async\" class=\"alignleft size-full wp-image-2610\" src=\"https:\/\/blog.holyart.it\/fr\/wp-content\/uploads\/sites\/14\/2021\/05\/arbre-de-vie.jpg\" alt=\"arbre de vie\" width=\"150\" height=\"99\" data-kale-share-title=\"D\u2019\u00c8ve \u00e0 Marie : la figure de la M\u00e8re dans la Bible\" data-kale-share-url=\"https:\/\/blog.holyart.it\/fr\/?p=2602\" \/><\/p>\n<div class=\"leggi-anche\">Lire aussi :<\/div>\n<p><strong><a href=\"https:\/\/www.holyart.fr\/blog\/articles-religieux\/le-jardin-deden-dans-la-genese\/\">Le jardin d\u2019\u00c9den dans la Gen\u00e8se<\/a><\/strong><br \/>\nLe jardin d\u2019\u00c9den repr\u00e9sente le premier immense don que Dieu fit \u00e0 l\u2019homme et \u00e0 la femme. Perdu suite au P\u00e9ch\u00e9 originel, il reste un lieu&#8230;<\/p>\n<\/div>\n<h2>Bethsab\u00e9e : femme et m\u00e8re de roi<\/h2>\n<p>Bethsab\u00e9e fut la femme de Roi David, auquel elle donna trois fils, dont le grand Salomon. Le premier fils mourut \u00e0 la naissance.<\/p>\n<p>La Bible raconte que <a href=\"https:\/\/www.holyart.fr\/articles-religieux\/dvd-religieux\/david-et-bethsabee\"><strong>David tomba amoureux de Bethsab\u00e9e<\/strong><\/a> en la voyant prendre un bain nue. Malgr\u00e9 le fait qu\u2019elle \u00e9tait mari\u00e9e \u00e0 un de ses officiers, Urie, le Roi la s\u00e9duisit. Quand la femme tomba enceinte, David tenta d\u2019abord de faire croire \u00e0 Urie que l\u2019enfant \u00e9tait \u00e0 lui, mais ensuite, craignant d\u2019\u00eatre d\u00e9couvert, il commanda \u00e0 l\u2019officier sup\u00e9rieur d\u2019envoyer Urie combattre en premi\u00e8re ligne, o\u00f9 il mourra.<\/p>\n<p>Dieu punit la m\u00e9chancet\u00e9 de David en faisant mourir le fils n\u00e9 de son rapport avec Bethsab\u00e9e, mais il leur conc\u00e9da ensuite deux autres fils, Salomon, un des plus grands rois d\u2019Isra\u00ebl, et Nathan. Salomon tint toujours en grande estime sa m\u00e8re Bethsab\u00e9e, tant qu\u2019il \u00e9coutait ses conseils m\u00eame en mati\u00e8re de politique. Comme quand Adonias, demi-fr\u00e8re de Salomon et lui aussi pr\u00e9tendant au tr\u00f4ne contre Salomon, demanda \u00e0 Bethsab\u00e9e d\u2019interc\u00e9der aupr\u00e8s du fils sa demande en mariage pour Abisag la Sunammite.<\/p>\n<p>Bethsab\u00e9e se rendit aupr\u00e8s de son fils pour lui parler en faveur d\u2019Adonias. Et voici ce qui arriva\u00a0: \u00ab\u00a0Bethsab\u00e9e se rendit aupr\u00e8s du roi Salomon, pour lui parler en faveur d\u2019Adonias. Le roi se leva pour aller \u00e0 sa rencontre,\u00a0 il se prosterna devant elle,\u00a0 et il s\u2019assit sur son tr\u00f4ne. On pla\u00e7a un si\u00e8ge pour la m\u00e8re du roi, et elle s\u2019assit \u00e0 sa droite. Puis elle dit\u00a0: \u00ab\u00a0J\u2019ai une petite demande \u00e0 te faire\u00a0: ne me la refuse pas\u00a0!\u00a0\u00bb. Et le roi lui dit\u00a0:\u00a0\u00ab\u00a0Demande, ma m\u00e8re, car je ne refuserai pas\u00a0\u00bb.\u00a0\u00bb (1 Rois 2\u00a0:19,20)<\/p>\n<div class=\"link-product\">\n<div class=\"blocco-immagine\"><img loading=\"lazy\" decoding=\"async\" class=\"size-full wp-image-2617 alignnone\" src=\"https:\/\/blog.holyart.it\/fr\/wp-content\/uploads\/sites\/14\/2021\/05\/David-et-Bethsab\u00e9e-1.jpg\" alt=\"David et Bethsab\u00e9e\" width=\"100\" height=\"100\" data-kale-share-title=\"D\u2019\u00c8ve \u00e0 Marie : la figure de la M\u00e8re dans la Bible\" data-kale-share-url=\"https:\/\/blog.holyart.it\/fr\/?p=2602\" \/><\/div>\n<div class=\"blocco-contenuto\">\n<div class=\"blocco-acquista\">Acheter sur Holyart:<\/div>\n<div class=\"blocco-titolo\"><a href=\"https:\/\/www.holyart.fr\/articles-religieux\/dvd-religieux\/david-et-bethsabee\">David et Bethsab\u00e9e<\/a><\/div>\n<div class=\"blocco-descrizione\">David et Bethsab\u00e9e DVD.<\/div>\n<\/div>\n<\/div>\n<h2>Jocabed : la m\u00e8re courageuse de Mo\u00efse<\/h2>\n<p>Nous avons d\u00e9j\u00e0 dit combien la maternit\u00e9 \u00e9tait importante et pr\u00e9cieuse pour les femmes juives. Si importantes qu\u2019elles \u00e9taient dispos\u00e9es \u00e0 <strong>risquer tout<\/strong> afin de sauver leurs propres enfants du danger. Jocabed, femme de Amram, fut la m\u00e8re de <a href=\"https:\/\/www.holyart.fr\/articles-religieux\/dvd-religieux\/histoire-de-mose\"><strong>Mo\u00efse<\/strong><\/a>, Aaron et Myriam.<\/p>\n<p>Quand le pharaon donna l\u2019ordre de noyer tous les nouveaux-n\u00e9s juifs de sexe masculin, Jocabed enferma le petit Mo\u00efse d\u2019\u00e0 peine trois mois dans un panier recouvert de bitume, et elle le confia au Nil afin de le sauver. Le petit fut ensuite trouv\u00e9 par la princesse Bithiah qui l\u2019\u00e9leva comme son fils.<\/p>\n<p>Mais ici, ce que nous souhaitons souligner c\u2019est l\u2019amour d\u00e9sesp\u00e9r\u00e9 d\u2019une m\u00e8re qui, afin de sauver son enfant, est pr\u00eate \u00e0 renoncer \u00e0 lui.<\/p>\n<p>C\u2019est poignant de voir la pr\u00e9occupation de Jocabed qui pr\u00e9pare le panier pour le petit de mani\u00e8re \u00e0 ce qu\u2019il reste bien au sec et intact, et qui s\u2019assure qu\u2019il soit trouv\u00e9 en le suivant le long du cours d\u2019eau.<\/p>\n<p>Symbole de toutes les <strong>m\u00e8res courageuses<\/strong>, Jocabed est \u00e9galement un exemple de <strong>sacrifice absolu<\/strong>, comme seul celui d\u2019une m\u00e8re peut l\u2019\u00eatre.<\/p>\n<h2>\u00c9lisabeth : m\u00e8re en \u00e2ge adulte<\/h2>\n<p>\u00c9lisabeth \u00e9tait une des filles d\u2019Aaron et fut la femme de Saint Zacharie et cousine de Marie. Elle \u00e9tait une femme pieuse, cultiv\u00e9e et appartenait \u00e0 la caste sacerdotale, mais, malheureusement, elle \u00e9tait <strong>st\u00e9rile<\/strong>, et cette condition \u00e9tait pour elle encore plus humiliante et intol\u00e9rable justement parce qu\u2019elle \u00e9tait fille et femme de pr\u00eatres. Dieu lui conc\u00e9da le <strong>miracle d\u2019un enfant<\/strong>, malgr\u00e9 sa st\u00e9rilit\u00e9 et son \u00e2ge avanc\u00e9.<\/p>\n<p>Un ange se pr\u00e9senta en effet \u00e0 son mari Zacharie et lui annon\u00e7a que sa femme aurait donn\u00e9 le jour \u00e0 un enfant auquel il aurait donn\u00e9 le nom de Jean. Jean le Baptiste \u00e9tait ainsi n\u00e9.<\/p>\n<p>Quand \u00c9lisabeth \u00e9tait d\u00e9j\u00e0 au sixi\u00e8me mois de grossesse, Marie aussi, sa cousine et encore vierge, tomba enceinte. Et quand Marie rendit visite \u00e0 sa cousine, elle et l\u2019enfant qu\u2019elle portait dans son ventre, exult\u00e8rent car ils reconnurent en Marie la m\u00e8re du Messie.<\/p>\n<div class=\"link-product\">\n<div class=\"blocco-immagine\"><img loading=\"lazy\" decoding=\"async\" class=\"alignnone size-full wp-image-2620\" src=\"https:\/\/blog.holyart.it\/fr\/wp-content\/uploads\/sites\/14\/2021\/05\/Sainte-Elisabeth.jpg\" alt=\"Sainte Elisabeth\" width=\"100\" height=\"100\" data-kale-share-title=\"D\u2019\u00c8ve \u00e0 Marie : la figure de la M\u00e8re dans la Bible\" data-kale-share-url=\"https:\/\/blog.holyart.it\/fr\/?p=2602\" \/><\/div>\n<div class=\"blocco-contenuto\">\n<div class=\"blocco-acquista\">Acheter sur Holyart:<\/div>\n<div class=\"blocco-titolo\"><a href=\"https:\/\/www.holyart.fr\/articles-religieux\/statues\/statues-en-bois-peint\/sainte-elisabeth-avec-pain-peinte-bois-erable-val-gardena\">Sainte Elisabeth Val Gardena<\/a><\/div>\n<div class=\"blocco-descrizione\">Sculpt\u00e9e et peinte \u00e0 la main dans le Val Gardena (Italie)<\/div>\n<\/div>\n<\/div>\n<h2>Marie : la m\u00e8re \u00e9lue<\/h2>\n<p>Et venons ainsi \u00e0 Marie, <strong>m\u00e8re par excellence<\/strong>, centre de l\u2019\u00c9glise selon le Pape. En elle, nous retrouvons toutes les caract\u00e9ristiques que nous avons soulign\u00e9es pour une m\u00e8re : <strong>tendresse<\/strong>, <strong>sacrifice<\/strong>, <strong>capacit\u00e9 de s\u2019annuler par amour<\/strong>, de supporter toute <strong>douleur<\/strong> afin de rester aux c\u00f4t\u00e9s du Fils jusqu\u2019\u00e0 la fin\u00a0? Marie a v\u00e9cu sur sa propre peau, dans son c\u0153ur, la Passion de J\u00e9sus, chaque blessure inflig\u00e9e \u00e0 lui l\u2019a frapp\u00e9e aussi, multipli\u00e9e mille fois par l\u2019amour qu\u2019elle \u00e9prouvait pour lui, et qui, toutefois, ne fut pas suffisant pour le sauver, pour le pr\u00e9server du mal. Marie qui ne se limita pas \u00e0 se soumettre \u00e0 la volont\u00e9 de Dieu, mais qui choisit de faire Sa volont\u00e9, se rendant dispos\u00e9e \u00e0 \u00eatre Son instrument. Plus que quiconque Marie sacrifia sa propre vie \u00e0 sa mission et sa mission \u00e9tait son Fils, au nom duquel elle renon\u00e7a \u00e0 tout le reste. Cette figure de m\u00e8re d\u00e9chir\u00e9e par la souffrance inflig\u00e9e \u00e0 la chair de sa chair, femme extraordinaire, symbole et incarnation de l\u2019espoir de l\u2019\u00c9glise, maintient encore aujourd\u2019hui son r\u00f4le de <a href=\"https:\/\/www.holyart.fr\/articles-religieux\/tapisseries-religieuses\/tapisserie-vierge-misericordieuse-cadre-passants-50x40-cm\"><strong>M\u00e8re mis\u00e9ricordieuse<\/strong><\/a> et infiniment aimante, qui interc\u00e8de pour les hommes aupr\u00e8s de Dieu et veille sur tous ses fils dans les moments les plus difficiles.<\/p>\n<div class=\"link-product\">\n<div class=\"blocco-immagine\"><img loading=\"lazy\" decoding=\"async\" class=\"alignnone size-full wp-image-2622\" src=\"https:\/\/blog.holyart.it\/fr\/wp-content\/uploads\/sites\/14\/2021\/05\/M\u00e8re-mis\u00e9ricordieuse.jpg\" alt=\"M\u00e8re mis\u00e9ricordieuse\" width=\"100\" height=\"100\" data-kale-share-title=\"D\u2019\u00c8ve \u00e0 Marie : la figure de la M\u00e8re dans la Bible\" data-kale-share-url=\"https:\/\/blog.holyart.it\/fr\/?p=2602\" \/><\/div>\n<div class=\"blocco-contenuto\">\n<div class=\"blocco-acquista\">Acheter sur Holyart:<\/div>\n<div class=\"blocco-titolo\"><a href=\"https:\/\/www.holyart.fr\/articles-religieux\/tapisseries-religieuses\/tapisserie-vierge-misericordieuse-cadre-passants-50x40-cm\">Tapisserie Vierge Mis\u00e9ricordieuse<\/a><\/div>\n<div class=\"blocco-descrizione\">Cadre passants 50&#215;40 cm<\/div>\n<\/div>\n<\/div>\n<p><em>\u00ab\u00a0Nous ne sommes pas orphelins, nous sommes fils de l\u2019\u00c9glise, nous sommes fils de la Vierge, et nous sommes fils de nos m\u00e8res<\/em>\u00a0\u00bb\u00a0: avec cette phrase de Pape Fran\u00e7ois nous concluons cet article sur la figure de la M\u00e8re dans la Bible.<\/p>\n","protected":false},"excerpt":{"rendered":"<p>La m\u00e8re, pilier de chaque famille , coeur et source de vie pour ceux qui gravitent autour d\u2019elle. Et pourtant parfois nous la donnons pour acquise. Nous devrions nous rappeler tous les jours ce que signifie \u00eatre m\u00e8re. Mais nous ne le pouvons pas, tout&hellip;<\/p>\n","protected":false},"author":1,"featured_media":2603,"comment_status":"closed","ping_status":"open","sticky":false,"template":"","format":"standard","meta":{"_acf_changed":false,"footnotes":""},"categories":[8],"tags":[],"class_list":["post-2602","post","type-post","status-publish","format-standard","has-post-thumbnail","hentry","category-articles-religieux"],"acf":[],"yoast_head":"<!-- This site is optimized with the Yoast SEO plugin v26.6 - https:\/\/yoast.com\/wordpress\/plugins\/seo\/ -->\n<title>D\u2019\u00c8ve \u00e0 Marie : la figure de la M\u00e8re dans la Bible - Holyart.fr Blog<\/title>\n<meta name=\"description\" content=\"La m\u00e8re, pilier de chaque famille , coeur et source de vie pour ceux qui gravitent autour d\u2019elle. Et pourtant parfois nous la donnons pour acquise.\" \/>\n<meta name=\"robots\" content=\"index, follow, max-snippet:-1, max-image-preview:large, max-video-preview:-1\" \/>\n<link rel=\"canonical\" href=\"https:\/\/blog.holyart.it\/fr\/articles-religieux\/deve-a-marie-la-figure-de-la-mere-dans-la-bible\/\" \/>\n<meta property=\"og:locale\" content=\"fr_FR\" \/>\n<meta property=\"og:type\" content=\"article\" \/>\n<meta property=\"og:title\" content=\"D\u2019\u00c8ve \u00e0 Marie : la figure de la M\u00e8re dans la Bible - Holyart.fr Blog\" \/>\n<meta property=\"og:description\" content=\"La m\u00e8re, pilier de chaque famille , coeur et source de vie pour ceux qui gravitent autour d\u2019elle. Et pourtant parfois nous la donnons pour acquise.\" \/>\n<meta property=\"og:url\" content=\"https:\/\/blog.holyart.it\/fr\/articles-religieux\/deve-a-marie-la-figure-de-la-mere-dans-la-bible\/\" \/>\n<meta property=\"og:site_name\" content=\"Holyart.fr Blog\" \/>\n<meta property=\"article:published_time\" content=\"2021-05-04T07:33:31+00:00\" \/>\n<meta property=\"article:modified_time\" content=\"2023-07-17T10:36:02+00:00\" \/>\n<meta property=\"og:image\" content=\"https:\/\/blog.holyart.it\/fr\/wp-content\/uploads\/sites\/14\/2021\/04\/mere-de-Picasso.jpg\" \/>\n\t<meta property=\"og:image:width\" content=\"1000\" \/>\n\t<meta property=\"og:image:height\" content=\"666\" \/>\n\t<meta property=\"og:image:type\" content=\"image\/jpeg\" \/>\n<meta name=\"author\" content=\"Redazione\" \/>\n<meta name=\"twitter:card\" content=\"summary_large_image\" \/>\n<meta name=\"twitter:label1\" content=\"\u00c9crit par\" \/>\n\t<meta name=\"twitter:data1\" content=\"Redazione\" \/>\n\t<meta name=\"twitter:label2\" content=\"Dur\u00e9e de lecture estim\u00e9e\" \/>\n\t<meta name=\"twitter:data2\" content=\"11 minutes\" \/>\n<script type=\"application\/ld+json\" class=\"yoast-schema-graph\">{\"@context\":\"https:\/\/schema.org\",\"@graph\":[{\"@type\":\"Article\",\"@id\":\"https:\/\/blog.holyart.it\/fr\/articles-religieux\/deve-a-marie-la-figure-de-la-mere-dans-la-bible\/#article\",\"isPartOf\":{\"@id\":\"https:\/\/blog.holyart.it\/fr\/articles-religieux\/deve-a-marie-la-figure-de-la-mere-dans-la-bible\/\"},\"author\":{\"name\":\"Redazione\",\"@id\":\"https:\/\/blog.holyart.it\/fr\/#\/schema\/person\/0a7b686e5af0f856ec1e390dd0baecda\"},\"headline\":\"D\u2019\u00c8ve \u00e0 Marie : la figure de la M\u00e8re dans la Bible\",\"datePublished\":\"2021-05-04T07:33:31+00:00\",\"dateModified\":\"2023-07-17T10:36:02+00:00\",\"mainEntityOfPage\":{\"@id\":\"https:\/\/blog.holyart.it\/fr\/articles-religieux\/deve-a-marie-la-figure-de-la-mere-dans-la-bible\/\"},\"wordCount\":2098,\"publisher\":{\"@id\":\"https:\/\/blog.holyart.it\/fr\/#organization\"},\"image\":{\"@id\":\"https:\/\/blog.holyart.it\/fr\/articles-religieux\/deve-a-marie-la-figure-de-la-mere-dans-la-bible\/#primaryimage\"},\"thumbnailUrl\":\"https:\/\/blog.holyart.it\/fr\/wp-content\/uploads\/sites\/14\/2021\/04\/mere-de-Picasso.jpg\",\"articleSection\":[\"Religion\"],\"inLanguage\":\"fr-FR\"},{\"@type\":\"WebPage\",\"@id\":\"https:\/\/blog.holyart.it\/fr\/articles-religieux\/deve-a-marie-la-figure-de-la-mere-dans-la-bible\/\",\"url\":\"https:\/\/blog.holyart.it\/fr\/articles-religieux\/deve-a-marie-la-figure-de-la-mere-dans-la-bible\/\",\"name\":\"D\u2019\u00c8ve \u00e0 Marie : la figure de la M\u00e8re dans la Bible - Holyart.fr Blog\",\"isPartOf\":{\"@id\":\"https:\/\/blog.holyart.it\/fr\/#website\"},\"primaryImageOfPage\":{\"@id\":\"https:\/\/blog.holyart.it\/fr\/articles-religieux\/deve-a-marie-la-figure-de-la-mere-dans-la-bible\/#primaryimage\"},\"image\":{\"@id\":\"https:\/\/blog.holyart.it\/fr\/articles-religieux\/deve-a-marie-la-figure-de-la-mere-dans-la-bible\/#primaryimage\"},\"thumbnailUrl\":\"https:\/\/blog.holyart.it\/fr\/wp-content\/uploads\/sites\/14\/2021\/04\/mere-de-Picasso.jpg\",\"datePublished\":\"2021-05-04T07:33:31+00:00\",\"dateModified\":\"2023-07-17T10:36:02+00:00\",\"description\":\"La m\u00e8re, pilier de chaque famille , coeur et source de vie pour ceux qui gravitent autour d\u2019elle. Et pourtant parfois nous la donnons pour acquise.\",\"breadcrumb\":{\"@id\":\"https:\/\/blog.holyart.it\/fr\/articles-religieux\/deve-a-marie-la-figure-de-la-mere-dans-la-bible\/#breadcrumb\"},\"inLanguage\":\"fr-FR\",\"potentialAction\":[{\"@type\":\"ReadAction\",\"target\":[\"https:\/\/blog.holyart.it\/fr\/articles-religieux\/deve-a-marie-la-figure-de-la-mere-dans-la-bible\/\"]}]},{\"@type\":\"ImageObject\",\"inLanguage\":\"fr-FR\",\"@id\":\"https:\/\/blog.holyart.it\/fr\/articles-religieux\/deve-a-marie-la-figure-de-la-mere-dans-la-bible\/#primaryimage\",\"url\":\"https:\/\/blog.holyart.it\/fr\/wp-content\/uploads\/sites\/14\/2021\/04\/mere-de-Picasso.jpg\",\"contentUrl\":\"https:\/\/blog.holyart.it\/fr\/wp-content\/uploads\/sites\/14\/2021\/04\/mere-de-Picasso.jpg\",\"width\":1000,\"height\":666,\"caption\":\"mere de Picasso\"},{\"@type\":\"BreadcrumbList\",\"@id\":\"https:\/\/blog.holyart.it\/fr\/articles-religieux\/deve-a-marie-la-figure-de-la-mere-dans-la-bible\/#breadcrumb\",\"itemListElement\":[{\"@type\":\"ListItem\",\"position\":1,\"name\":\"Homepage\",\"item\":\"https:\/\/blog.holyart.it\/fr\/\"},{\"@type\":\"ListItem\",\"position\":2,\"name\":\"Religion\",\"item\":\"https:\/\/blog.holyart.it\/fr\/articles-religieux\/\"},{\"@type\":\"ListItem\",\"position\":3,\"name\":\"D\u2019\u00c8ve \u00e0 Marie : la figure de la M\u00e8re dans la Bible\"}]},{\"@type\":\"WebSite\",\"@id\":\"https:\/\/blog.holyart.it\/fr\/#website\",\"url\":\"https:\/\/blog.holyart.it\/fr\/\",\"name\":\"Holyart.fr Blog\",\"description\":\"Holyblog\",\"publisher\":{\"@id\":\"https:\/\/blog.holyart.it\/fr\/#organization\"},\"potentialAction\":[{\"@type\":\"SearchAction\",\"target\":{\"@type\":\"EntryPoint\",\"urlTemplate\":\"https:\/\/blog.holyart.it\/fr\/?s={search_term_string}\"},\"query-input\":{\"@type\":\"PropertyValueSpecification\",\"valueRequired\":true,\"valueName\":\"search_term_string\"}}],\"inLanguage\":\"fr-FR\"},{\"@type\":\"Organization\",\"@id\":\"https:\/\/blog.holyart.it\/fr\/#organization\",\"name\":\"Holyart.fr Blog\",\"url\":\"https:\/\/blog.holyart.it\/fr\/\",\"logo\":{\"@type\":\"ImageObject\",\"inLanguage\":\"fr-FR\",\"@id\":\"https:\/\/blog.holyart.it\/fr\/#\/schema\/logo\/image\/\",\"url\":\"https:\/\/blog.holyart.it\/fr\/wp-content\/uploads\/sites\/14\/2022\/12\/Holyart_Blog_Logo.jpg\",\"contentUrl\":\"https:\/\/blog.holyart.it\/fr\/wp-content\/uploads\/sites\/14\/2022\/12\/Holyart_Blog_Logo.jpg\",\"width\":300,\"height\":50,\"caption\":\"Holyart.fr Blog\"},\"image\":{\"@id\":\"https:\/\/blog.holyart.it\/fr\/#\/schema\/logo\/image\/\"}},{\"@type\":\"Person\",\"@id\":\"https:\/\/blog.holyart.it\/fr\/#\/schema\/person\/0a7b686e5af0f856ec1e390dd0baecda\",\"name\":\"Redazione\",\"image\":{\"@type\":\"ImageObject\",\"inLanguage\":\"fr-FR\",\"@id\":\"https:\/\/blog.holyart.it\/fr\/#\/schema\/person\/image\/\",\"url\":\"https:\/\/secure.gravatar.com\/avatar\/f477da817f43e50d0af36abecd33e3edf826c68299714bdc1057dff3b113f516?s=96&d=mm&r=g\",\"contentUrl\":\"https:\/\/secure.gravatar.com\/avatar\/f477da817f43e50d0af36abecd33e3edf826c68299714bdc1057dff3b113f516?s=96&d=mm&r=g\",\"caption\":\"Redazione\"},\"url\":\"https:\/\/blog.holyart.it\/fr\/author\/admin\/\"}]}<\/script>\n<!-- \/ Yoast SEO plugin. -->","yoast_head_json":{"title":"D\u2019\u00c8ve \u00e0 Marie : la figure de la M\u00e8re dans la Bible - Holyart.fr Blog","description":"La m\u00e8re, pilier de chaque famille , coeur et source de vie pour ceux qui gravitent autour d\u2019elle. Et pourtant parfois nous la donnons pour acquise.","robots":{"index":"index","follow":"follow","max-snippet":"max-snippet:-1","max-image-preview":"max-image-preview:large","max-video-preview":"max-video-preview:-1"},"canonical":"https:\/\/blog.holyart.it\/fr\/articles-religieux\/deve-a-marie-la-figure-de-la-mere-dans-la-bible\/","og_locale":"fr_FR","og_type":"article","og_title":"D\u2019\u00c8ve \u00e0 Marie : la figure de la M\u00e8re dans la Bible - Holyart.fr Blog","og_description":"La m\u00e8re, pilier de chaque famille , coeur et source de vie pour ceux qui gravitent autour d\u2019elle. Et pourtant parfois nous la donnons pour acquise.","og_url":"https:\/\/blog.holyart.it\/fr\/articles-religieux\/deve-a-marie-la-figure-de-la-mere-dans-la-bible\/","og_site_name":"Holyart.fr Blog","article_published_time":"2021-05-04T07:33:31+00:00","article_modified_time":"2023-07-17T10:36:02+00:00","og_image":[{"width":1000,"height":666,"url":"https:\/\/blog.holyart.it\/fr\/wp-content\/uploads\/sites\/14\/2021\/04\/mere-de-Picasso.jpg","type":"image\/jpeg"}],"author":"Redazione","twitter_card":"summary_large_image","twitter_misc":{"\u00c9crit par":"Redazione","Dur\u00e9e de lecture estim\u00e9e":"11 minutes"},"schema":{"@context":"https:\/\/schema.org","@graph":[{"@type":"Article","@id":"https:\/\/blog.holyart.it\/fr\/articles-religieux\/deve-a-marie-la-figure-de-la-mere-dans-la-bible\/#article","isPartOf":{"@id":"https:\/\/blog.holyart.it\/fr\/articles-religieux\/deve-a-marie-la-figure-de-la-mere-dans-la-bible\/"},"author":{"name":"Redazione","@id":"https:\/\/blog.holyart.it\/fr\/#\/schema\/person\/0a7b686e5af0f856ec1e390dd0baecda"},"headline":"D\u2019\u00c8ve \u00e0 Marie : la figure de la M\u00e8re dans la Bible","datePublished":"2021-05-04T07:33:31+00:00","dateModified":"2023-07-17T10:36:02+00:00","mainEntityOfPage":{"@id":"https:\/\/blog.holyart.it\/fr\/articles-religieux\/deve-a-marie-la-figure-de-la-mere-dans-la-bible\/"},"wordCount":2098,"publisher":{"@id":"https:\/\/blog.holyart.it\/fr\/#organization"},"image":{"@id":"https:\/\/blog.holyart.it\/fr\/articles-religieux\/deve-a-marie-la-figure-de-la-mere-dans-la-bible\/#primaryimage"},"thumbnailUrl":"https:\/\/blog.holyart.it\/fr\/wp-content\/uploads\/sites\/14\/2021\/04\/mere-de-Picasso.jpg","articleSection":["Religion"],"inLanguage":"fr-FR"},{"@type":"WebPage","@id":"https:\/\/blog.holyart.it\/fr\/articles-religieux\/deve-a-marie-la-figure-de-la-mere-dans-la-bible\/","url":"https:\/\/blog.holyart.it\/fr\/articles-religieux\/deve-a-marie-la-figure-de-la-mere-dans-la-bible\/","name":"D\u2019\u00c8ve \u00e0 Marie : la figure de la M\u00e8re dans la Bible - Holyart.fr Blog","isPartOf":{"@id":"https:\/\/blog.holyart.it\/fr\/#website"},"primaryImageOfPage":{"@id":"https:\/\/blog.holyart.it\/fr\/articles-religieux\/deve-a-marie-la-figure-de-la-mere-dans-la-bible\/#primaryimage"},"image":{"@id":"https:\/\/blog.holyart.it\/fr\/articles-religieux\/deve-a-marie-la-figure-de-la-mere-dans-la-bible\/#primaryimage"},"thumbnailUrl":"https:\/\/blog.holyart.it\/fr\/wp-content\/uploads\/sites\/14\/2021\/04\/mere-de-Picasso.jpg","datePublished":"2021-05-04T07:33:31+00:00","dateModified":"2023-07-17T10:36:02+00:00","description":"La m\u00e8re, pilier de chaque famille , coeur et source de vie pour ceux qui gravitent autour d\u2019elle. Et pourtant parfois nous la donnons pour acquise.","breadcrumb":{"@id":"https:\/\/blog.holyart.it\/fr\/articles-religieux\/deve-a-marie-la-figure-de-la-mere-dans-la-bible\/#breadcrumb"},"inLanguage":"fr-FR","potentialAction":[{"@type":"ReadAction","target":["https:\/\/blog.holyart.it\/fr\/articles-religieux\/deve-a-marie-la-figure-de-la-mere-dans-la-bible\/"]}]},{"@type":"ImageObject","inLanguage":"fr-FR","@id":"https:\/\/blog.holyart.it\/fr\/articles-religieux\/deve-a-marie-la-figure-de-la-mere-dans-la-bible\/#primaryimage","url":"https:\/\/blog.holyart.it\/fr\/wp-content\/uploads\/sites\/14\/2021\/04\/mere-de-Picasso.jpg","contentUrl":"https:\/\/blog.holyart.it\/fr\/wp-content\/uploads\/sites\/14\/2021\/04\/mere-de-Picasso.jpg","width":1000,"height":666,"caption":"mere de Picasso"},{"@type":"BreadcrumbList","@id":"https:\/\/blog.holyart.it\/fr\/articles-religieux\/deve-a-marie-la-figure-de-la-mere-dans-la-bible\/#breadcrumb","itemListElement":[{"@type":"ListItem","position":1,"name":"Homepage","item":"https:\/\/blog.holyart.it\/fr\/"},{"@type":"ListItem","position":2,"name":"Religion","item":"https:\/\/blog.holyart.it\/fr\/articles-religieux\/"},{"@type":"ListItem","position":3,"name":"D\u2019\u00c8ve \u00e0 Marie : la figure de la M\u00e8re dans la Bible"}]},{"@type":"WebSite","@id":"https:\/\/blog.holyart.it\/fr\/#website","url":"https:\/\/blog.holyart.it\/fr\/","name":"Holyart.fr Blog","description":"Holyblog","publisher":{"@id":"https:\/\/blog.holyart.it\/fr\/#organization"},"potentialAction":[{"@type":"SearchAction","target":{"@type":"EntryPoint","urlTemplate":"https:\/\/blog.holyart.it\/fr\/?s={search_term_string}"},"query-input":{"@type":"PropertyValueSpecification","valueRequired":true,"valueName":"search_term_string"}}],"inLanguage":"fr-FR"},{"@type":"Organization","@id":"https:\/\/blog.holyart.it\/fr\/#organization","name":"Holyart.fr Blog","url":"https:\/\/blog.holyart.it\/fr\/","logo":{"@type":"ImageObject","inLanguage":"fr-FR","@id":"https:\/\/blog.holyart.it\/fr\/#\/schema\/logo\/image\/","url":"https:\/\/blog.holyart.it\/fr\/wp-content\/uploads\/sites\/14\/2022\/12\/Holyart_Blog_Logo.jpg","contentUrl":"https:\/\/blog.holyart.it\/fr\/wp-content\/uploads\/sites\/14\/2022\/12\/Holyart_Blog_Logo.jpg","width":300,"height":50,"caption":"Holyart.fr Blog"},"image":{"@id":"https:\/\/blog.holyart.it\/fr\/#\/schema\/logo\/image\/"}},{"@type":"Person","@id":"https:\/\/blog.holyart.it\/fr\/#\/schema\/person\/0a7b686e5af0f856ec1e390dd0baecda","name":"Redazione","image":{"@type":"ImageObject","inLanguage":"fr-FR","@id":"https:\/\/blog.holyart.it\/fr\/#\/schema\/person\/image\/","url":"https:\/\/secure.gravatar.com\/avatar\/f477da817f43e50d0af36abecd33e3edf826c68299714bdc1057dff3b113f516?s=96&d=mm&r=g","contentUrl":"https:\/\/secure.gravatar.com\/avatar\/f477da817f43e50d0af36abecd33e3edf826c68299714bdc1057dff3b113f516?s=96&d=mm&r=g","caption":"Redazione"},"url":"https:\/\/blog.holyart.it\/fr\/author\/admin\/"}]}},"_links":{"self":[{"href":"https:\/\/blog.holyart.it\/fr\/wp-json\/wp\/v2\/posts\/2602","targetHints":{"allow":["GET"]}}],"collection":[{"href":"https:\/\/blog.holyart.it\/fr\/wp-json\/wp\/v2\/posts"}],"about":[{"href":"https:\/\/blog.holyart.it\/fr\/wp-json\/wp\/v2\/types\/post"}],"author":[{"embeddable":true,"href":"https:\/\/blog.holyart.it\/fr\/wp-json\/wp\/v2\/users\/1"}],"replies":[{"embeddable":true,"href":"https:\/\/blog.holyart.it\/fr\/wp-json\/wp\/v2\/comments?post=2602"}],"version-history":[{"count":1,"href":"https:\/\/blog.holyart.it\/fr\/wp-json\/wp\/v2\/posts\/2602\/revisions"}],"predecessor-version":[{"id":6097,"href":"https:\/\/blog.holyart.it\/fr\/wp-json\/wp\/v2\/posts\/2602\/revisions\/6097"}],"wp:featuredmedia":[{"embeddable":true,"href":"https:\/\/blog.holyart.it\/fr\/wp-json\/wp\/v2\/media\/2603"}],"wp:attachment":[{"href":"https:\/\/blog.holyart.it\/fr\/wp-json\/wp\/v2\/media?parent=2602"}],"wp:term":[{"taxonomy":"category","embeddable":true,"href":"https:\/\/blog.holyart.it\/fr\/wp-json\/wp\/v2\/categories?post=2602"},{"taxonomy":"post_tag","embeddable":true,"href":"https:\/\/blog.holyart.it\/fr\/wp-json\/wp\/v2\/tags?post=2602"}],"curies":[{"name":"wp","href":"https:\/\/api.w.org\/{rel}","templated":true}]}}