{"id":2534,"date":"2021-02-16T15:37:09","date_gmt":"2021-02-16T14:37:09","guid":{"rendered":"https:\/\/blog.holyart.it\/fr\/?p=2534"},"modified":"2022-08-22T15:16:50","modified_gmt":"2022-08-22T13:16:50","slug":"larbre-de-la-vie-existe-t-il-vraiment","status":"publish","type":"post","link":"https:\/\/blog.holyart.it\/fr\/articles-religieux\/larbre-de-la-vie-existe-t-il-vraiment\/","title":{"rendered":"L&rsquo;Arbre de la Vie : existe-t-il vraiment ?"},"content":{"rendered":"<h4 style=\"text-align: center;\"><em>L\u2019arbre de la vie est cit\u00e9 dans les Saintes \u00c9critures, de la Gen\u00e8se \u00e0 l\u2019Apocalypse, comme symbole de la vie par excellence. Mais existe-t-il vraiment un arbre si sp\u00e9cial ?<\/em><\/h4>\n<p>Depuis toujours les hommes attribuent \u00e0 certains arbres une valeur symbolique et religieuse. Il suffit de penser \u00e0 toutes les religions qui les ont plac\u00e9s au centre de leur panth\u00e9on. Comprendre les raisons de ce lien profond entre l\u2019homme et les arbres n\u2019est pas facile. Cela nait probablement du fait que, depuis l\u2019Antiquit\u00e9, les hommes cherchaient dans les arbres <strong>un abris et une protection<\/strong>, en finissant par les investir du r\u00f4le de g\u00e9ants protecteurs, savants, amis. La forme m\u00eame de l\u2019arbre s\u00fbrement, son d\u00e9veloppement vertical, a contribu\u00e9 \u00e0 renforcer ce lien spirituel. L\u2019arbre <strong>unit le ciel \u00e0 la terre<\/strong>, le monde des dieux \u00e0 celui des hommes, et en le faisant il devient une divinit\u00e9 lui-m\u00eame et, en tant que telle, porteur de r\u00e9ponse \u00e0 toutes les questions, \u00e0 toutes les contradictions qui dominent la vie des hommes depuis toujours\u00a0: le Bien et le Mal, la Vie et la Mort, la Connaissance, la Transmutation, l\u2019Humain et le Divin.<\/p>\n<div class=\"link-article\">\n<p><img loading=\"lazy\" decoding=\"async\" class=\"alignleft size-full wp-image-2536\" src=\"https:\/\/blog.holyart.it\/fr\/wp-content\/uploads\/sites\/14\/2021\/03\/albero-della-vita-1.jpg\" alt=\"Arbre vie\" width=\"150\" height=\"99\" data-kale-share-title=\"L\u2019Arbre de la Vie : existe-t-il vraiment ?\" data-kale-share-url=\"https:\/\/blog.holyart.it\/fr\/?p=2534\" \/><\/p>\n<div class=\"leggi-anche\">Lire aussi :<\/div>\n<p><strong><a href=\"https:\/\/www.holyart.fr\/blog\/articles-religieux\/le-jardin-deden-dans-la-genese\/\">Le jardin d\u2019\u00c9den dans la Gen\u00e8se<\/a><\/strong><br \/>\nLe jardin d\u2019\u00c9den repr\u00e9sente le premier immense don que Dieu fit \u00e0 l\u2019homme et \u00e0 la femme. D\u00e9couvrons-en plus \u00e0 son sujet.<\/p>\n<\/div>\n<p>De nombreuses anciennes religions parlent d\u2019un <strong>axe cosmique<\/strong> autour duquel se serait form\u00e9 l\u2019univers entier, et qui unit, en les traversant, ciel, terre et monde souterrain. Un axe qui souvent prend la forme d\u2019un arbre.<\/p>\n<p>En tout cas, en d\u00e9pit de l\u2019interpr\u00e9tation que nous lui attribuons, la mythologie li\u00e9e aux arbres, en g\u00e9n\u00e9ral, et \u00e0 l\u2019arbre de la vie en particulier est fascinante et puisent ses racines \u2013 c\u2019est le cas de le dire\u2026 \u2013 dans les origines m\u00eames de l\u2019histoire humaine.<\/p>\n<p>Dans un article pr\u00e9c\u00e9dent, nous nous sommes attard\u00e9s sur la signification de l\u2019arbre de la vie dans le contexte chr\u00e9tien. Nous avons examin\u00e9 comment il est cit\u00e9 dans les textes sacr\u00e9s et comment son symbolisme revient dans la culture juive et, ensuite, dans la culture chr\u00e9tienne. Selon la Bible, il surgissait au milieu du <strong>jardin d\u2019\u00c9den<\/strong>, \u00e0 c\u00f4t\u00e9 de l\u2019arbre de la connaissance du bien et du mal.<\/p>\n<div class=\"link-article\">\n<p><img loading=\"lazy\" decoding=\"async\" class=\"alignleft size-full wp-image-2537\" src=\"https:\/\/blog.holyart.it\/fr\/wp-content\/uploads\/sites\/14\/2021\/03\/Larbre-de-vie.jpg\" alt=\"Larbre de vie\" width=\"150\" height=\"99\" data-kale-share-title=\"L\u2019Arbre de la Vie : existe-t-il vraiment ?\" data-kale-share-url=\"https:\/\/blog.holyart.it\/fr\/?p=2534\" \/><\/p>\n<div class=\"leggi-anche\">Lire aussi :<\/div>\n<p><strong><a href=\"https:\/\/www.holyart.fr\/blog\/articles-religieux\/signification-de-larbre-de-vie\/\">La signification de l\u2019Arbre de la vie<\/a><\/strong><br \/>\nToutes les religions, d\u00e8s les origines de l\u2019histoire humaine, sont li\u00e9es d\u2019une mani\u00e8re ou d\u2019une autres aux arbres<\/p>\n<\/div>\n<p>C\u2019\u00e9tait gr\u00e2ce \u00e0 ses fruits qu\u2019Adam et \u00c8ve \u00e9taient immortels, insensibles au passage du temps, \u00e0 la vieillesse et aux maladies. Avec le p\u00e9ch\u00e9 originel, Adam et \u00c8ve perdent le droit de se nourrir des fruits de cet arbre miraculeux. Dans cette partie de l\u2019histoire aussi demeure un symbolisme profond\u00a0: en mangeant les fruits de l\u2019arbre de la connaissance du bien et du mal, le premier homme et la premi\u00e8re femme ont perdu le droit de jouir des b\u00e9n\u00e9fices de l\u2019arbre de la vie. Leur p\u00e9ch\u00e9 a \u00e9t\u00e9 dict\u00e9 <strong>par l\u2019orgueil et l\u2019arrogance<\/strong>. La connaissance du bien et du mal leur a fait perdre l\u2019innocence, en les rendant conscients de tous ces sentiments et ces d\u00e9sirs qu\u2019ils n\u2019\u00e9prouvaient pas avant, pour le simple fait que dans le Paradis Terrestre ils avaient tout ce dont ils avaient besoin pour \u00eatre heureux, complets. L\u2019homme n\u2019\u00e9tait pas pr\u00eat \u00e0 faire face \u00e0 ces sentiments, \u00e0 ces \u00e9motions, \u00e0 ces besoins\u00a0: haine, mensonge, honte, envie, chantage, guerre.<\/p>\n<p>Cependant, malgr\u00e9 l\u2019expulsion du Paradis Terrestre, l\u2019arbre de la vie reste dans les textes sacr\u00e9s comme <strong>promesse de salut et d\u2019espoir de r\u00e9conciliation avec Dieu<\/strong>, qui continue de promettre ses fruits comme r\u00e9compense \u00e0 ceux qui sauront suivre le droit chemin. L\u2019<a href=\"https:\/\/www.holyart.fr\/noel\/avent\"><strong>avent de Christ<\/strong><\/a>, le nouvel Adam, le Fils qui, au lieu de d\u00e9fier par orgueil la volont\u00e9 du P\u00e8re, se soumet \u00e0 elle jusqu\u2019\u00e0 ses cons\u00e9quences extr\u00eames, repr\u00e9sente un tournant fondamental pour l\u2019histoire spirituelle de l\u2019homme. Et voici que la <a href=\"https:\/\/www.holyart.fr\/articles-religieux\/crucifix\"><strong>Croix<\/strong><\/a> sur laquelle J\u00e9sus meure pour le salut de tous devient le nouvel arbre de la vie, symbole d\u2019un salut promis \u00e0 tous ceux qui sauront suivre l\u2019exemple de Christ.<\/p>\n<p style=\"text-align: center;\"><div class=\"sp-styles-warning\" style=\"width: 450px; background-color: #FFF; color: #F00; border: 1px solid #F00; padding: 10px; font-size: 14px;\">\n\t\t\t<span style=\"font-weight: bold;\">Warning: The stylesheets were not loaded!<\/span> \n\t\t\tYou will need to change the <i>Load stylesheets<\/i> setting from <i>Automatically<\/i> to <i>On homepage<\/i> or <i>On all pages<\/i>. \n\t\t\tYou can set that <a style=\"text-decoration: underline; color: #F00;\" href=\"https:\/\/blog.holyart.it\/fr\/wp-admin\/admin.php?page=sliderpro-settings\">here<\/a>.\n\t\t\t<\/div>\r\n<div id=\"slider-pro-32\" class=\"slider-pro sp-no-js\" style=\"width: 500px; height: 500px;\">\r\n\t<div class=\"sp-slides\">\r\n\t\t\r\n\t\t<div class=\"sp-slide\">\r\n\t\t\t<img loading=\"lazy\" decoding=\"async\" class=\"sp-image\" src=\"https:\/\/blog.holyart.it\/fr\/wp-content\/uploads\/sites\/14\/2021\/03\/boucles-oreilles-arbre-de-la-vie.jpg\" alt=\"boucles oreilles arbre de la vie\" width=\"500\" height=\"500\" \/>\r\n\t\t\t<div class=\"sp-thumbnail\"><img decoding=\"async\" src=\"https:\/\/blog.holyart.it\/fr\/wp-content\/uploads\/sites\/14\/2021\/03\/boucles-oreilles-arbre-de-la-vie-150x150.jpg\" \/>\r\n\t\t\t<\/div>\r\n\t\t\t<div class=\"sp-caption\">Boucles oreilles en argent 925 AMEN ange et Arbre de la Vie<br \/><strong><a href=\"https:\/\/www.holyart.fr\/articles-religieux\/bijoux-religieux\/pendentifs-croix-et-broches\/boucles-oreilles-en-argent-925-amen-ange-et-arbre-de-la-vie\">Acheter sur Holyart<\/a><\/strong><\/div>\r\n\t\t<\/div>\r\n\t\t<div class=\"sp-slide\">\r\n\t\t\t<img loading=\"lazy\" decoding=\"async\" class=\"sp-image\" src=\"https:\/\/blog.holyart.it\/fr\/wp-content\/uploads\/sites\/14\/2021\/03\/bo\u00eete-de-faveur-darbre.jpg\" alt=\"bo\u00eete de faveur d&#039;arbre\" width=\"500\" height=\"500\" \/>\r\n\t\t\t<div class=\"sp-thumbnail\"><img decoding=\"async\" src=\"https:\/\/blog.holyart.it\/fr\/wp-content\/uploads\/sites\/14\/2021\/03\/bo\u00eete-de-faveur-darbre-150x150.jpg\" \/>\r\n\t\t\t<\/div>\r\n\t\t\t<div class=\"sp-caption\">Bonbonni\u00e8re Arbre de la Vie<br \/><strong><a href=\"https:\/\/www.holyart.fr\/articles-religieux\/cadeaux-et-souvenirs-pour-les-occasions-speciales\/bonbonniere-arbre-de-la-vie-communion-10-cm\">Acheter sur Holyart<\/a><\/strong><\/div>\r\n\t\t<\/div>\r\n\t\t<div class=\"sp-slide\">\r\n\t\t\t<img loading=\"lazy\" decoding=\"async\" class=\"sp-image\" src=\"https:\/\/blog.holyart.it\/fr\/wp-content\/uploads\/sites\/14\/2021\/03\/collier-amen-arbre-de-la-vie.jpg\" alt=\"collier amen arbre de la vie\" width=\"500\" height=\"500\" \/>\r\n\t\t\t<div class=\"sp-thumbnail\"><img decoding=\"async\" src=\"https:\/\/blog.holyart.it\/fr\/wp-content\/uploads\/sites\/14\/2021\/03\/collier-amen-arbre-de-la-vie-150x150.jpg\" \/>\r\n\t\t\t<\/div>\r\n\t\t\t<div class=\"sp-caption\">Collier Amen Arbre de la Vie argent 925<br \/><strong><a href=\"https:\/\/www.holyart.fr\/articles-religieux\/bijoux-religieux\/pendentifs-croix-et-broches\/collier-amen-arbre-de-la-vie-argent-925-long\">Acheter sur Holyart<\/a><\/strong><\/div>\r\n\t\t<\/div>\r\n\t\t<div class=\"sp-slide\">\r\n\t\t\t<img loading=\"lazy\" decoding=\"async\" class=\"sp-image\" src=\"https:\/\/blog.holyart.it\/fr\/wp-content\/uploads\/sites\/14\/2021\/03\/croix-arbre-de-vie-bois.jpg\" alt=\"croix arbre de vie bois\" width=\"500\" height=\"500\" \/>\r\n\t\t\t<div class=\"sp-thumbnail\"><img decoding=\"async\" src=\"https:\/\/blog.holyart.it\/fr\/wp-content\/uploads\/sites\/14\/2021\/03\/croix-arbre-de-vie-bois-150x150.jpg\" \/>\r\n\t\t\t<\/div>\r\n\t\t\t<div class=\"sp-caption\">Croix Arbre de Vie Ambiente Design bois Val Gardena<br \/><strong><a href=\"https:\/\/www.holyart.fr\/articles-religieux\/crucifix\/crucifix-en-bois\/croix-arbre-de-vie-ambiente-design-bois-val-gardena-cire-fil-or\">Acheter sur Holyart<\/a><\/strong><\/div>\r\n\t\t<\/div>\r\n\t\t<div class=\"sp-slide\">\r\n\t\t\t<img loading=\"lazy\" decoding=\"async\" class=\"sp-image\" src=\"https:\/\/blog.holyart.it\/fr\/wp-content\/uploads\/sites\/14\/2021\/03\/dizainier-chapelet-arbre-de-la-vie.jpg\" alt=\"dizainier chapelet arbre de la vie\" width=\"500\" height=\"500\" \/>\r\n\t\t\t<div class=\"sp-thumbnail\"><img decoding=\"async\" src=\"https:\/\/blog.holyart.it\/fr\/wp-content\/uploads\/sites\/14\/2021\/03\/dizainier-chapelet-arbre-de-la-vie-150x150.jpg\" \/>\r\n\t\t\t<\/div>\r\n\t\t\t<div class=\"sp-caption\">Dizainier chapelet avec grains en bois et arbre de la vie<br \/><strong><a href=\"https:\/\/www.holyart.fr\/articles-religieux\/chapelets-et-etuis-a-chapelet\/dizainiers\/dizainier-chapelet-avec-grains-en-bois-et-arbre-de-la-vie\">Acheter sur Holyart<\/a><\/strong><\/div>\r\n\t\t<\/div>\r\n\t\t<div class=\"sp-slide\">\r\n\t\t\t<img loading=\"lazy\" decoding=\"async\" class=\"sp-image\" src=\"https:\/\/blog.holyart.it\/fr\/wp-content\/uploads\/sites\/14\/2021\/03\/icone-impression-arbre-de-la-vie.jpg\" alt=\"icone impression arbre de la vie\" width=\"500\" height=\"500\" \/>\r\n\t\t\t<div class=\"sp-thumbnail\"><img decoding=\"async\" src=\"https:\/\/blog.holyart.it\/fr\/wp-content\/uploads\/sites\/14\/2021\/03\/icone-impression-arbre-de-la-vie-150x150.jpg\" \/>\r\n\t\t\t<\/div>\r\n\t\t\t<div class=\"sp-caption\">Ic\u00f4ne impression Arbre de la vie<br \/><strong><a href=\"https:\/\/www.holyart.fr\/articles-religieux\/icones-religieuses\/icones-grecques\/icone-impression-14x10-cm-arbre-de-la-vie\">Acheter sur Holyart<\/a><\/strong><\/div>\r\n\t\t<\/div>\r\n\t<\/div>\r\n<\/div><\/p>\n<p>Le symbolisme de l\u2019arbre reste une constante pour les croyants, et il est encore aujourd\u2019hui tr\u00e8s r\u00e9pandu. La philosophie New Age l\u2019a relanc\u00e9, en r\u00e9cup\u00e9rant surtout des aspects folkloriques et mythologiques, mais l\u2019essence de la tradition chr\u00e9tienne continue de le rendre un symbole tr\u00e8s cher et utilis\u00e9. Par exemple, le <a href=\"https:\/\/www.holyart.fr\/articles-religieux\/cadeaux-et-souvenirs-pour-les-occasions-speciales\/bonbonniere-arbre-de-la-vie-communion-10-cm\"><strong><u>souvenir en forme d\u2019arbre de la vie<\/u><\/strong><\/a> est tr\u00e8s appr\u00e9ci\u00e9 et utilis\u00e9 surtout pour la Premi\u00e8re Communion et le Bapt\u00eame, tandis que porter un <a href=\"https:\/\/www.holyart.fr\/articles-religieux\/bijoux-religieux\"><strong><u>bijou qui repr\u00e9sente ce symbole<\/u><\/strong><\/a> particulier, comme un <a href=\"https:\/\/www.holyart.fr\/articles-religieux\/bijoux-religieux\/pendentifs-croix-et-broches\/collier-amen-arbre-de-la-vie-argent-925-long\"><strong><u>collier arbre de la vie<\/u><\/strong><\/a> ou un <a href=\"https:\/\/www.holyart.fr\/articles-religieux\/bracelets-religieux\/bracelets-amen\/bracelet-amen-argent-925-arbre-de-la-vie-rhodie-et-rose\"><strong><u>bracelet arbre de la vie<\/u><\/strong><\/a>, est un moyen pour manifester sa foi en cet arbre mystique et en tout ce qu\u2019il repr\u00e9sente. Offrir un bijou qui le repr\u00e9sente est un v\u0153ux de vie prosp\u00e8re et heureuse, avec des racines solides, au feuillage luxuriant, intense et riche en bons fruits. Pour les femmes, il devient \u00e9galement un symbole de f\u00e9condit\u00e9. Offert \u00e0 un enfant nouveau-n\u00e9, il devient un moyen pour c\u00e9l\u00e9brer une nouvelle vie qui vient de commencer.<\/p>\n<h2>Le \u00ab\u00a0v\u00e9ritable\u00a0\u00bb arbre de la vie<\/h2>\n<p>Mais existe-t-il un v\u00e9ritable arbre de la vie quelque part dans le monde\u00a0? Au milieu du d\u00e9sert du Bahre\u00efn, pas trop loin de Dj\u00e9bel ad Dukhan (Montagne de Fum\u00e9e) et \u00e0 40 km de Manama, surgit un arbre ancien. Il semblerait qu\u2019il soit l\u00e0 depuis plus de quatre cents ans, pouss\u00e9 dans une terre st\u00e9rile, d\u00e9sertique, d\u00e9pourvue de v\u00e9g\u00e9tation.<\/p>\n<figure id=\"attachment_2544\" aria-describedby=\"caption-attachment-2544\" style=\"width: 800px\" class=\"wp-caption aligncenter\"><img loading=\"lazy\" decoding=\"async\" class=\"wp-image-2544 size-full\" src=\"https:\/\/blog.holyart.it\/fr\/wp-content\/uploads\/sites\/14\/2021\/03\/larbre-de-vie-existe-vraiment.jpg\" alt=\"l'arbre de vie existe vraiment\" width=\"800\" height=\"600\" data-kale-share-title=\"L\u2019Arbre de la Vie : existe-t-il vraiment ?\" data-kale-share-url=\"https:\/\/blog.holyart.it\/fr\/?p=2534\" \/><figcaption id=\"caption-attachment-2544\" class=\"wp-caption-text\"><center>L&rsquo;arbre de vie du d\u00e9sert du Bahre\u00efn<\/center><\/figcaption><\/figure>\n<p>Et pourtant il vit et il prosp\u00e8re, et a d\u00e9pass\u00e9 les dix m\u00e8tres de hauteur, tant qu\u2019il a m\u00e9rit\u00e9 la r\u00e9putation d\u2019arbre l\u00e9gendaire et a rendu l\u2019oasis dans laquelle il surgit un des endroits les plus mystiques au monde. Les habitants de la r\u00e9gion lui ont donn\u00e9 le nom de<em> Shajarat-al-Hayat<\/em>, \u00ab\u00a0arbre de la vie\u00a0\u00bb, et croient que l\u2019arbre ait \u00e9t\u00e9 plant\u00e9 en 1583 afin d\u2019indiquer l\u2019endroit o\u00f9 \u00e0 l\u2019origine s\u2019\u00e9tendait le Paradis Terrestre. Une affirmation audacieuse, en consid\u00e9rant que de nos jours la zone est compl\u00e8tement d\u00e9sertique\u00a0! Mais certains tests auraient d\u00e9montr\u00e9 que, \u00e0 une \u00e9poque tr\u00e8s recul\u00e9e, cette r\u00e9gion \u00e9tait riche en eau et qu\u2019il s\u2019y \u00e9tendait une immense oasis luxuriante et peupl\u00e9e d\u2019une multitude d\u2019animaux de tous les genres.<br \/>\nL\u2019arbre en question est un\u00a0<em>Prosopis cineraria<\/em>, un arbuste capable de survivre dans des conditions plus qu\u2019hostiles, gr\u00e2ce \u00e0 ses racines qui peuvent descendre jusqu\u2019\u00e0 50 m\u00e8tres de profondeur. Cela lui permet de se nourrir m\u00eame dans un terrain aride et st\u00e9rile. Avec sa r\u00e9sine, on produit de la gomme, des bougies et des parfums. Il est visit\u00e9 par plus de 50.000 touristes par an, tellement qu\u2019il a \u00e9t\u00e9 n\u00e9cessaire de le prot\u00e9ger afin d\u2019\u00e9viter qu\u2019il ne soit endommag\u00e9 par des vandales. En effet, de nombreux visiteurs avaient pris la mauvaise habitude de lui arracher des feuilles et des petites branches pour les ramener avec eux comme porte-bonheur ou souvenir, ou ils s\u2019amusaient \u00e0 laisser leur message grav\u00e9 sur le tronc s\u00e9culaire. Pour le moment,\u00a0<em>Shajarat-al-Hayat<\/em>\u00a0semble \u00eatre en pleine forme avec ses amples branches inextricables, ses feuilles color\u00e9es qui vont du vert au marron dans des splendides et vives nuances, son tronc majestueux. Et c\u2019est ainsi depuis plus de quatre cents ans, et nous esp\u00e9rons qu\u2019il puisse continuer \u00e0 bien se porter pendant encore tr\u00e8s longtemps.<\/p>\n<p>&nbsp;<\/p>\n","protected":false},"excerpt":{"rendered":"<p>L\u2019arbre de la vie est cit\u00e9 dans les Saintes \u00c9critures, de la Gen\u00e8se \u00e0 l\u2019Apocalypse, comme symbole de la vie par excellence. Mais existe-t-il vraiment un arbre si sp\u00e9cial ? Depuis toujours les hommes attribuent \u00e0 certains arbres une valeur symbolique et religieuse. Il suffit&hellip;<\/p>\n","protected":false},"author":1,"featured_media":2535,"comment_status":"closed","ping_status":"open","sticky":false,"template":"","format":"standard","meta":{"_acf_changed":false,"footnotes":""},"categories":[8],"tags":[],"class_list":["post-2534","post","type-post","status-publish","format-standard","has-post-thumbnail","hentry","category-articles-religieux"],"acf":[],"yoast_head":"<!-- This site is optimized with the Yoast SEO plugin v26.6 - https:\/\/yoast.com\/wordpress\/plugins\/seo\/ -->\n<title>L&#039;Arbre de la Vie : existe-t-il vraiment ? - Holyart.fr Blog<\/title>\n<meta name=\"description\" content=\"L\u2019arbre de la vie est cit\u00e9 dans les Saintes \u00c9critures, de la Gen\u00e8se \u00e0 l\u2019Apocalypse, comme symbole de la vie par excellence.\" \/>\n<meta name=\"robots\" content=\"index, follow, max-snippet:-1, max-image-preview:large, max-video-preview:-1\" \/>\n<link rel=\"canonical\" href=\"https:\/\/blog.holyart.it\/fr\/articles-religieux\/larbre-de-la-vie-existe-t-il-vraiment\/\" \/>\n<meta property=\"og:locale\" content=\"fr_FR\" \/>\n<meta property=\"og:type\" content=\"article\" \/>\n<meta property=\"og:title\" content=\"L&#039;Arbre de la Vie : existe-t-il vraiment ? - Holyart.fr Blog\" \/>\n<meta property=\"og:description\" content=\"L\u2019arbre de la vie est cit\u00e9 dans les Saintes \u00c9critures, de la Gen\u00e8se \u00e0 l\u2019Apocalypse, comme symbole de la vie par excellence.\" \/>\n<meta property=\"og:url\" content=\"https:\/\/blog.holyart.it\/fr\/articles-religieux\/larbre-de-la-vie-existe-t-il-vraiment\/\" \/>\n<meta property=\"og:site_name\" content=\"Holyart.fr Blog\" \/>\n<meta property=\"article:published_time\" content=\"2021-02-16T14:37:09+00:00\" \/>\n<meta property=\"article:modified_time\" content=\"2022-08-22T13:16:50+00:00\" \/>\n<meta property=\"og:image\" content=\"https:\/\/blog.holyart.it\/fr\/wp-content\/uploads\/sites\/14\/2021\/03\/Arbre-de-la-Vie.jpg\" \/>\n\t<meta property=\"og:image:width\" content=\"1000\" \/>\n\t<meta property=\"og:image:height\" content=\"666\" \/>\n\t<meta property=\"og:image:type\" content=\"image\/jpeg\" \/>\n<meta name=\"author\" content=\"Redazione\" \/>\n<meta name=\"twitter:card\" content=\"summary_large_image\" \/>\n<meta name=\"twitter:label1\" content=\"\u00c9crit par\" \/>\n\t<meta name=\"twitter:data1\" content=\"Redazione\" \/>\n\t<meta name=\"twitter:label2\" content=\"Dur\u00e9e de lecture estim\u00e9e\" \/>\n\t<meta name=\"twitter:data2\" content=\"7 minutes\" \/>\n<script type=\"application\/ld+json\" class=\"yoast-schema-graph\">{\"@context\":\"https:\/\/schema.org\",\"@graph\":[{\"@type\":\"Article\",\"@id\":\"https:\/\/blog.holyart.it\/fr\/articles-religieux\/larbre-de-la-vie-existe-t-il-vraiment\/#article\",\"isPartOf\":{\"@id\":\"https:\/\/blog.holyart.it\/fr\/articles-religieux\/larbre-de-la-vie-existe-t-il-vraiment\/\"},\"author\":{\"name\":\"Redazione\",\"@id\":\"https:\/\/blog.holyart.it\/fr\/#\/schema\/person\/0a7b686e5af0f856ec1e390dd0baecda\"},\"headline\":\"L&rsquo;Arbre de la Vie : existe-t-il vraiment ?\",\"datePublished\":\"2021-02-16T14:37:09+00:00\",\"dateModified\":\"2022-08-22T13:16:50+00:00\",\"mainEntityOfPage\":{\"@id\":\"https:\/\/blog.holyart.it\/fr\/articles-religieux\/larbre-de-la-vie-existe-t-il-vraiment\/\"},\"wordCount\":1362,\"publisher\":{\"@id\":\"https:\/\/blog.holyart.it\/fr\/#organization\"},\"image\":{\"@id\":\"https:\/\/blog.holyart.it\/fr\/articles-religieux\/larbre-de-la-vie-existe-t-il-vraiment\/#primaryimage\"},\"thumbnailUrl\":\"https:\/\/blog.holyart.it\/fr\/wp-content\/uploads\/sites\/14\/2021\/03\/Arbre-de-la-Vie.jpg\",\"articleSection\":[\"Religion\"],\"inLanguage\":\"fr-FR\"},{\"@type\":\"WebPage\",\"@id\":\"https:\/\/blog.holyart.it\/fr\/articles-religieux\/larbre-de-la-vie-existe-t-il-vraiment\/\",\"url\":\"https:\/\/blog.holyart.it\/fr\/articles-religieux\/larbre-de-la-vie-existe-t-il-vraiment\/\",\"name\":\"L'Arbre de la Vie : existe-t-il vraiment ? - Holyart.fr Blog\",\"isPartOf\":{\"@id\":\"https:\/\/blog.holyart.it\/fr\/#website\"},\"primaryImageOfPage\":{\"@id\":\"https:\/\/blog.holyart.it\/fr\/articles-religieux\/larbre-de-la-vie-existe-t-il-vraiment\/#primaryimage\"},\"image\":{\"@id\":\"https:\/\/blog.holyart.it\/fr\/articles-religieux\/larbre-de-la-vie-existe-t-il-vraiment\/#primaryimage\"},\"thumbnailUrl\":\"https:\/\/blog.holyart.it\/fr\/wp-content\/uploads\/sites\/14\/2021\/03\/Arbre-de-la-Vie.jpg\",\"datePublished\":\"2021-02-16T14:37:09+00:00\",\"dateModified\":\"2022-08-22T13:16:50+00:00\",\"description\":\"L\u2019arbre de la vie est cit\u00e9 dans les Saintes \u00c9critures, de la Gen\u00e8se \u00e0 l\u2019Apocalypse, comme symbole de la vie par excellence.\",\"breadcrumb\":{\"@id\":\"https:\/\/blog.holyart.it\/fr\/articles-religieux\/larbre-de-la-vie-existe-t-il-vraiment\/#breadcrumb\"},\"inLanguage\":\"fr-FR\",\"potentialAction\":[{\"@type\":\"ReadAction\",\"target\":[\"https:\/\/blog.holyart.it\/fr\/articles-religieux\/larbre-de-la-vie-existe-t-il-vraiment\/\"]}]},{\"@type\":\"ImageObject\",\"inLanguage\":\"fr-FR\",\"@id\":\"https:\/\/blog.holyart.it\/fr\/articles-religieux\/larbre-de-la-vie-existe-t-il-vraiment\/#primaryimage\",\"url\":\"https:\/\/blog.holyart.it\/fr\/wp-content\/uploads\/sites\/14\/2021\/03\/Arbre-de-la-Vie.jpg\",\"contentUrl\":\"https:\/\/blog.holyart.it\/fr\/wp-content\/uploads\/sites\/14\/2021\/03\/Arbre-de-la-Vie.jpg\",\"width\":1000,\"height\":666,\"caption\":\"Arbre de la Vie\"},{\"@type\":\"BreadcrumbList\",\"@id\":\"https:\/\/blog.holyart.it\/fr\/articles-religieux\/larbre-de-la-vie-existe-t-il-vraiment\/#breadcrumb\",\"itemListElement\":[{\"@type\":\"ListItem\",\"position\":1,\"name\":\"Homepage\",\"item\":\"https:\/\/blog.holyart.it\/fr\/\"},{\"@type\":\"ListItem\",\"position\":2,\"name\":\"Religion\",\"item\":\"https:\/\/blog.holyart.it\/fr\/articles-religieux\/\"},{\"@type\":\"ListItem\",\"position\":3,\"name\":\"L&#8217;Arbre de la Vie : existe-t-il vraiment ?\"}]},{\"@type\":\"WebSite\",\"@id\":\"https:\/\/blog.holyart.it\/fr\/#website\",\"url\":\"https:\/\/blog.holyart.it\/fr\/\",\"name\":\"Holyart.fr Blog\",\"description\":\"Holyblog\",\"publisher\":{\"@id\":\"https:\/\/blog.holyart.it\/fr\/#organization\"},\"potentialAction\":[{\"@type\":\"SearchAction\",\"target\":{\"@type\":\"EntryPoint\",\"urlTemplate\":\"https:\/\/blog.holyart.it\/fr\/?s={search_term_string}\"},\"query-input\":{\"@type\":\"PropertyValueSpecification\",\"valueRequired\":true,\"valueName\":\"search_term_string\"}}],\"inLanguage\":\"fr-FR\"},{\"@type\":\"Organization\",\"@id\":\"https:\/\/blog.holyart.it\/fr\/#organization\",\"name\":\"Holyart.fr Blog\",\"url\":\"https:\/\/blog.holyart.it\/fr\/\",\"logo\":{\"@type\":\"ImageObject\",\"inLanguage\":\"fr-FR\",\"@id\":\"https:\/\/blog.holyart.it\/fr\/#\/schema\/logo\/image\/\",\"url\":\"https:\/\/blog.holyart.it\/fr\/wp-content\/uploads\/sites\/14\/2022\/12\/Holyart_Blog_Logo.jpg\",\"contentUrl\":\"https:\/\/blog.holyart.it\/fr\/wp-content\/uploads\/sites\/14\/2022\/12\/Holyart_Blog_Logo.jpg\",\"width\":300,\"height\":50,\"caption\":\"Holyart.fr Blog\"},\"image\":{\"@id\":\"https:\/\/blog.holyart.it\/fr\/#\/schema\/logo\/image\/\"}},{\"@type\":\"Person\",\"@id\":\"https:\/\/blog.holyart.it\/fr\/#\/schema\/person\/0a7b686e5af0f856ec1e390dd0baecda\",\"name\":\"Redazione\",\"image\":{\"@type\":\"ImageObject\",\"inLanguage\":\"fr-FR\",\"@id\":\"https:\/\/blog.holyart.it\/fr\/#\/schema\/person\/image\/\",\"url\":\"https:\/\/secure.gravatar.com\/avatar\/f477da817f43e50d0af36abecd33e3edf826c68299714bdc1057dff3b113f516?s=96&d=mm&r=g\",\"contentUrl\":\"https:\/\/secure.gravatar.com\/avatar\/f477da817f43e50d0af36abecd33e3edf826c68299714bdc1057dff3b113f516?s=96&d=mm&r=g\",\"caption\":\"Redazione\"},\"url\":\"https:\/\/blog.holyart.it\/fr\/author\/admin\/\"}]}<\/script>\n<!-- \/ Yoast SEO plugin. -->","yoast_head_json":{"title":"L'Arbre de la Vie : existe-t-il vraiment ? - Holyart.fr Blog","description":"L\u2019arbre de la vie est cit\u00e9 dans les Saintes \u00c9critures, de la Gen\u00e8se \u00e0 l\u2019Apocalypse, comme symbole de la vie par excellence.","robots":{"index":"index","follow":"follow","max-snippet":"max-snippet:-1","max-image-preview":"max-image-preview:large","max-video-preview":"max-video-preview:-1"},"canonical":"https:\/\/blog.holyart.it\/fr\/articles-religieux\/larbre-de-la-vie-existe-t-il-vraiment\/","og_locale":"fr_FR","og_type":"article","og_title":"L'Arbre de la Vie : existe-t-il vraiment ? - Holyart.fr Blog","og_description":"L\u2019arbre de la vie est cit\u00e9 dans les Saintes \u00c9critures, de la Gen\u00e8se \u00e0 l\u2019Apocalypse, comme symbole de la vie par excellence.","og_url":"https:\/\/blog.holyart.it\/fr\/articles-religieux\/larbre-de-la-vie-existe-t-il-vraiment\/","og_site_name":"Holyart.fr Blog","article_published_time":"2021-02-16T14:37:09+00:00","article_modified_time":"2022-08-22T13:16:50+00:00","og_image":[{"width":1000,"height":666,"url":"https:\/\/blog.holyart.it\/fr\/wp-content\/uploads\/sites\/14\/2021\/03\/Arbre-de-la-Vie.jpg","type":"image\/jpeg"}],"author":"Redazione","twitter_card":"summary_large_image","twitter_misc":{"\u00c9crit par":"Redazione","Dur\u00e9e de lecture estim\u00e9e":"7 minutes"},"schema":{"@context":"https:\/\/schema.org","@graph":[{"@type":"Article","@id":"https:\/\/blog.holyart.it\/fr\/articles-religieux\/larbre-de-la-vie-existe-t-il-vraiment\/#article","isPartOf":{"@id":"https:\/\/blog.holyart.it\/fr\/articles-religieux\/larbre-de-la-vie-existe-t-il-vraiment\/"},"author":{"name":"Redazione","@id":"https:\/\/blog.holyart.it\/fr\/#\/schema\/person\/0a7b686e5af0f856ec1e390dd0baecda"},"headline":"L&rsquo;Arbre de la Vie : existe-t-il vraiment ?","datePublished":"2021-02-16T14:37:09+00:00","dateModified":"2022-08-22T13:16:50+00:00","mainEntityOfPage":{"@id":"https:\/\/blog.holyart.it\/fr\/articles-religieux\/larbre-de-la-vie-existe-t-il-vraiment\/"},"wordCount":1362,"publisher":{"@id":"https:\/\/blog.holyart.it\/fr\/#organization"},"image":{"@id":"https:\/\/blog.holyart.it\/fr\/articles-religieux\/larbre-de-la-vie-existe-t-il-vraiment\/#primaryimage"},"thumbnailUrl":"https:\/\/blog.holyart.it\/fr\/wp-content\/uploads\/sites\/14\/2021\/03\/Arbre-de-la-Vie.jpg","articleSection":["Religion"],"inLanguage":"fr-FR"},{"@type":"WebPage","@id":"https:\/\/blog.holyart.it\/fr\/articles-religieux\/larbre-de-la-vie-existe-t-il-vraiment\/","url":"https:\/\/blog.holyart.it\/fr\/articles-religieux\/larbre-de-la-vie-existe-t-il-vraiment\/","name":"L'Arbre de la Vie : existe-t-il vraiment ? - Holyart.fr Blog","isPartOf":{"@id":"https:\/\/blog.holyart.it\/fr\/#website"},"primaryImageOfPage":{"@id":"https:\/\/blog.holyart.it\/fr\/articles-religieux\/larbre-de-la-vie-existe-t-il-vraiment\/#primaryimage"},"image":{"@id":"https:\/\/blog.holyart.it\/fr\/articles-religieux\/larbre-de-la-vie-existe-t-il-vraiment\/#primaryimage"},"thumbnailUrl":"https:\/\/blog.holyart.it\/fr\/wp-content\/uploads\/sites\/14\/2021\/03\/Arbre-de-la-Vie.jpg","datePublished":"2021-02-16T14:37:09+00:00","dateModified":"2022-08-22T13:16:50+00:00","description":"L\u2019arbre de la vie est cit\u00e9 dans les Saintes \u00c9critures, de la Gen\u00e8se \u00e0 l\u2019Apocalypse, comme symbole de la vie par excellence.","breadcrumb":{"@id":"https:\/\/blog.holyart.it\/fr\/articles-religieux\/larbre-de-la-vie-existe-t-il-vraiment\/#breadcrumb"},"inLanguage":"fr-FR","potentialAction":[{"@type":"ReadAction","target":["https:\/\/blog.holyart.it\/fr\/articles-religieux\/larbre-de-la-vie-existe-t-il-vraiment\/"]}]},{"@type":"ImageObject","inLanguage":"fr-FR","@id":"https:\/\/blog.holyart.it\/fr\/articles-religieux\/larbre-de-la-vie-existe-t-il-vraiment\/#primaryimage","url":"https:\/\/blog.holyart.it\/fr\/wp-content\/uploads\/sites\/14\/2021\/03\/Arbre-de-la-Vie.jpg","contentUrl":"https:\/\/blog.holyart.it\/fr\/wp-content\/uploads\/sites\/14\/2021\/03\/Arbre-de-la-Vie.jpg","width":1000,"height":666,"caption":"Arbre de la Vie"},{"@type":"BreadcrumbList","@id":"https:\/\/blog.holyart.it\/fr\/articles-religieux\/larbre-de-la-vie-existe-t-il-vraiment\/#breadcrumb","itemListElement":[{"@type":"ListItem","position":1,"name":"Homepage","item":"https:\/\/blog.holyart.it\/fr\/"},{"@type":"ListItem","position":2,"name":"Religion","item":"https:\/\/blog.holyart.it\/fr\/articles-religieux\/"},{"@type":"ListItem","position":3,"name":"L&#8217;Arbre de la Vie : existe-t-il vraiment ?"}]},{"@type":"WebSite","@id":"https:\/\/blog.holyart.it\/fr\/#website","url":"https:\/\/blog.holyart.it\/fr\/","name":"Holyart.fr Blog","description":"Holyblog","publisher":{"@id":"https:\/\/blog.holyart.it\/fr\/#organization"},"potentialAction":[{"@type":"SearchAction","target":{"@type":"EntryPoint","urlTemplate":"https:\/\/blog.holyart.it\/fr\/?s={search_term_string}"},"query-input":{"@type":"PropertyValueSpecification","valueRequired":true,"valueName":"search_term_string"}}],"inLanguage":"fr-FR"},{"@type":"Organization","@id":"https:\/\/blog.holyart.it\/fr\/#organization","name":"Holyart.fr Blog","url":"https:\/\/blog.holyart.it\/fr\/","logo":{"@type":"ImageObject","inLanguage":"fr-FR","@id":"https:\/\/blog.holyart.it\/fr\/#\/schema\/logo\/image\/","url":"https:\/\/blog.holyart.it\/fr\/wp-content\/uploads\/sites\/14\/2022\/12\/Holyart_Blog_Logo.jpg","contentUrl":"https:\/\/blog.holyart.it\/fr\/wp-content\/uploads\/sites\/14\/2022\/12\/Holyart_Blog_Logo.jpg","width":300,"height":50,"caption":"Holyart.fr Blog"},"image":{"@id":"https:\/\/blog.holyart.it\/fr\/#\/schema\/logo\/image\/"}},{"@type":"Person","@id":"https:\/\/blog.holyart.it\/fr\/#\/schema\/person\/0a7b686e5af0f856ec1e390dd0baecda","name":"Redazione","image":{"@type":"ImageObject","inLanguage":"fr-FR","@id":"https:\/\/blog.holyart.it\/fr\/#\/schema\/person\/image\/","url":"https:\/\/secure.gravatar.com\/avatar\/f477da817f43e50d0af36abecd33e3edf826c68299714bdc1057dff3b113f516?s=96&d=mm&r=g","contentUrl":"https:\/\/secure.gravatar.com\/avatar\/f477da817f43e50d0af36abecd33e3edf826c68299714bdc1057dff3b113f516?s=96&d=mm&r=g","caption":"Redazione"},"url":"https:\/\/blog.holyart.it\/fr\/author\/admin\/"}]}},"_links":{"self":[{"href":"https:\/\/blog.holyart.it\/fr\/wp-json\/wp\/v2\/posts\/2534","targetHints":{"allow":["GET"]}}],"collection":[{"href":"https:\/\/blog.holyart.it\/fr\/wp-json\/wp\/v2\/posts"}],"about":[{"href":"https:\/\/blog.holyart.it\/fr\/wp-json\/wp\/v2\/types\/post"}],"author":[{"embeddable":true,"href":"https:\/\/blog.holyart.it\/fr\/wp-json\/wp\/v2\/users\/1"}],"replies":[{"embeddable":true,"href":"https:\/\/blog.holyart.it\/fr\/wp-json\/wp\/v2\/comments?post=2534"}],"version-history":[{"count":0,"href":"https:\/\/blog.holyart.it\/fr\/wp-json\/wp\/v2\/posts\/2534\/revisions"}],"wp:featuredmedia":[{"embeddable":true,"href":"https:\/\/blog.holyart.it\/fr\/wp-json\/wp\/v2\/media\/2535"}],"wp:attachment":[{"href":"https:\/\/blog.holyart.it\/fr\/wp-json\/wp\/v2\/media?parent=2534"}],"wp:term":[{"taxonomy":"category","embeddable":true,"href":"https:\/\/blog.holyart.it\/fr\/wp-json\/wp\/v2\/categories?post=2534"},{"taxonomy":"post_tag","embeddable":true,"href":"https:\/\/blog.holyart.it\/fr\/wp-json\/wp\/v2\/tags?post=2534"}],"curies":[{"name":"wp","href":"https:\/\/api.w.org\/{rel}","templated":true}]}}