{"id":252,"date":"2017-01-18T15:13:21","date_gmt":"2017-01-18T14:13:21","guid":{"rendered":"https:\/\/blog.holyart.it\/fr\/?p=252"},"modified":"2017-01-25T15:13:41","modified_gmt":"2017-01-25T14:13:41","slug":"carillons-deglise-pendant-celebrations-religieuses","status":"publish","type":"post","link":"https:\/\/blog.holyart.it\/fr\/accessoires-pour-la-liturgie\/carillons-deglise-pendant-celebrations-religieuses\/","title":{"rendered":"Les carillons d\u2019\u00e9glise pendant les c\u00e9l\u00e9brations religieuses"},"content":{"rendered":"<p>L\u2019utilisation de <span style=\"color: #0000ff;\"><strong><a style=\"color: #0000ff;\" href=\"http:\/\/www.holyart.fr\/accessoires-pour-la-liturgie\/clochettes-et-carillons-deglise\">clochettes et de carillons d\u2019\u00e9glise<\/a><\/strong><\/span> pendant les <strong>c\u00e9l\u00e9brations religieuses<\/strong> a des origines tr\u00e8s ancienne.<\/p>\n<p>Les <strong>clochettes<\/strong> \u00e9taient s\u00fbrement connues et utilis\u00e9es par tous les peuples de l\u2019antiquit\u00e9 et ont \u00e9t\u00e9 retrouv\u00e9es m\u00eame dans des tombes pr\u00e9historiques.<\/p>\n<p>Les origines des <strong>clochettes d\u2019\u00e9glise<\/strong>, encore utilis\u00e9es de nos jours pour les c\u00e9r\u00e9monies religieuses, doivent probablement \u00eatre recherch\u00e9es dans la culture h\u00e9bra\u00efque, o\u00f9 le <strong>Grand Pr\u00eatre<\/strong> portait un <strong>ornement liturgique<\/strong> d\u00e9cor\u00e9 de 72 clochettes d\u2019or altern\u00e9es \u00e0 des grenades color\u00e9es.<\/p>\n<p>Des <strong>clochettes<\/strong> ont \u00e9t\u00e9 retrouv\u00e9es dans les catacombes chr\u00e9tiennes, m\u00eame si elles n\u2019avaient probablement pas encore un <strong>usage liturgique<\/strong> bien d\u00e9fini.<\/p>\n<p>Les <strong>clochettes<\/strong> et les <strong>carillons d\u2019\u00e9glise<\/strong> sont utilis\u00e9s pour annoncer et souligner certains passages de la c\u00e9l\u00e9bration particuli\u00e8rement importants. On les sonne par exemple deux fois au moment de la cons\u00e9cration du Corps et du Sang du Christ et \u00e0 leur pr\u00e9sentation aux fid\u00e8les apr\u00e8s l\u2019Agnus Dei.<\/p>\n<p>Les <strong>clochettes d\u2019\u00e9glise<\/strong> peuvent \u00eatre des objets d\u2019une exquise finition artistique. Elles sont souvent <strong>r\u00e9alis\u00e9es par des artisans<\/strong> et <strong>finement d\u00e9cor\u00e9es<\/strong>. \u00a0D\u2019habitude, elles sont en fusion de laiton, mais, surtout dans le pass\u00e9, elles \u00e9taient \u00e9galement fabriqu\u00e9es en or et en argent.<\/p>\n<p>Une des caract\u00e9ristiques propres aux <strong>clochettes d\u2019\u00e9glise<\/strong> est qu\u2019elles produisent des sons diff\u00e9rents en fonction de leur r\u00e9alisation. Pendant le Rite tridentin les <strong>carillons liturgiques<\/strong> sont sonn\u00e9s par un enfant de ch\u0153ur afin de souligner certains passages de la c\u00e9l\u00e9bration comme le Sanctus, le Quam Obliationem, le Domine, non sum dignus.<\/p>\n<p>En plus des <strong>clochettes liturgiques<\/strong>, dans une \u00e9glise on peut \u00e9galement trouver une <strong>cloche de sacristie<\/strong>. D\u2019habitude il s\u2019agit d\u2019une simple cloche pendue au-dessus de la porte de la sacristie avec un son particuli\u00e8rement vif. On la sonne \u00e0 chaque fois que la c\u00e9l\u00e9bration liturgique est sur le point de commencer.<\/p>\n","protected":false},"excerpt":{"rendered":"<p>L\u2019utilisation de clochettes et de carillons d\u2019\u00e9glise pendant les c\u00e9l\u00e9brations religieuses a des origines tr\u00e8s ancienne. Les clochettes \u00e9taient s\u00fbrement connues et utilis\u00e9es par tous les peuples de l\u2019antiquit\u00e9 et ont \u00e9t\u00e9 retrouv\u00e9es m\u00eame dans des tombes pr\u00e9historiques. Les origines des clochettes d\u2019\u00e9glise, encore utilis\u00e9es&hellip;<\/p>\n","protected":false},"author":1,"featured_media":253,"comment_status":"closed","ping_status":"open","sticky":false,"template":"","format":"standard","meta":{"_acf_changed":false,"footnotes":""},"categories":[4],"tags":[],"class_list":["post-252","post","type-post","status-publish","format-standard","has-post-thumbnail","hentry","category-accessoires-pour-la-liturgie"],"acf":[],"yoast_head":"<!-- This site is optimized with the Yoast SEO plugin v26.6 - https:\/\/yoast.com\/wordpress\/plugins\/seo\/ -->\n<title>Les carillons d\u2019\u00e9glise pendant les c\u00e9l\u00e9brations religieuses<\/title>\n<meta name=\"description\" content=\"Les carillons d\u2019\u00e9glise peuvent \u00eatre des objets d\u2019une exquise finition artistique. Elles sont souvent r\u00e9alis\u00e9es par des artisans et finement d\u00e9cor\u00e9es.\" \/>\n<meta name=\"robots\" content=\"index, follow, max-snippet:-1, max-image-preview:large, max-video-preview:-1\" \/>\n<link rel=\"canonical\" href=\"https:\/\/blog.holyart.it\/fr\/accessoires-pour-la-liturgie\/carillons-deglise-pendant-celebrations-religieuses\/\" \/>\n<meta property=\"og:locale\" content=\"fr_FR\" \/>\n<meta property=\"og:type\" content=\"article\" \/>\n<meta property=\"og:title\" content=\"Les carillons d\u2019\u00e9glise pendant les c\u00e9l\u00e9brations religieuses\" \/>\n<meta property=\"og:description\" content=\"Les carillons d\u2019\u00e9glise peuvent \u00eatre des objets d\u2019une exquise finition artistique. Elles sont souvent r\u00e9alis\u00e9es par des artisans et finement d\u00e9cor\u00e9es.\" \/>\n<meta property=\"og:url\" content=\"https:\/\/blog.holyart.it\/fr\/accessoires-pour-la-liturgie\/carillons-deglise-pendant-celebrations-religieuses\/\" \/>\n<meta property=\"og:site_name\" content=\"Holyart.fr Blog\" \/>\n<meta property=\"article:published_time\" content=\"2017-01-18T14:13:21+00:00\" \/>\n<meta property=\"article:modified_time\" content=\"2017-01-25T14:13:41+00:00\" \/>\n<meta property=\"og:image\" content=\"https:\/\/blog.holyart.it\/fr\/wp-content\/uploads\/sites\/14\/2017\/01\/Clochettes-et-carillons-d\u2019\u00e9glise.jpg\" \/>\n\t<meta property=\"og:image:width\" content=\"1000\" \/>\n\t<meta property=\"og:image:height\" content=\"667\" \/>\n\t<meta property=\"og:image:type\" content=\"image\/jpeg\" \/>\n<meta name=\"author\" content=\"Redazione\" \/>\n<meta name=\"twitter:card\" content=\"summary_large_image\" \/>\n<meta name=\"twitter:label1\" content=\"\u00c9crit par\" \/>\n\t<meta name=\"twitter:data1\" content=\"Redazione\" \/>\n\t<meta name=\"twitter:label2\" content=\"Dur\u00e9e de lecture estim\u00e9e\" \/>\n\t<meta name=\"twitter:data2\" content=\"2 minutes\" \/>\n<script type=\"application\/ld+json\" class=\"yoast-schema-graph\">{\"@context\":\"https:\/\/schema.org\",\"@graph\":[{\"@type\":\"Article\",\"@id\":\"https:\/\/blog.holyart.it\/fr\/accessoires-pour-la-liturgie\/carillons-deglise-pendant-celebrations-religieuses\/#article\",\"isPartOf\":{\"@id\":\"https:\/\/blog.holyart.it\/fr\/accessoires-pour-la-liturgie\/carillons-deglise-pendant-celebrations-religieuses\/\"},\"author\":{\"name\":\"Redazione\",\"@id\":\"https:\/\/blog.holyart.it\/fr\/#\/schema\/person\/0a7b686e5af0f856ec1e390dd0baecda\"},\"headline\":\"Les carillons d\u2019\u00e9glise pendant les c\u00e9l\u00e9brations religieuses\",\"datePublished\":\"2017-01-18T14:13:21+00:00\",\"dateModified\":\"2017-01-25T14:13:41+00:00\",\"mainEntityOfPage\":{\"@id\":\"https:\/\/blog.holyart.it\/fr\/accessoires-pour-la-liturgie\/carillons-deglise-pendant-celebrations-religieuses\/\"},\"wordCount\":357,\"publisher\":{\"@id\":\"https:\/\/blog.holyart.it\/fr\/#organization\"},\"image\":{\"@id\":\"https:\/\/blog.holyart.it\/fr\/accessoires-pour-la-liturgie\/carillons-deglise-pendant-celebrations-religieuses\/#primaryimage\"},\"thumbnailUrl\":\"https:\/\/blog.holyart.it\/fr\/wp-content\/uploads\/sites\/14\/2017\/01\/Clochettes-et-carillons-d\u2019\u00e9glise.jpg\",\"articleSection\":[\"Liturgie\"],\"inLanguage\":\"fr-FR\"},{\"@type\":\"WebPage\",\"@id\":\"https:\/\/blog.holyart.it\/fr\/accessoires-pour-la-liturgie\/carillons-deglise-pendant-celebrations-religieuses\/\",\"url\":\"https:\/\/blog.holyart.it\/fr\/accessoires-pour-la-liturgie\/carillons-deglise-pendant-celebrations-religieuses\/\",\"name\":\"Les carillons d\u2019\u00e9glise pendant les c\u00e9l\u00e9brations religieuses\",\"isPartOf\":{\"@id\":\"https:\/\/blog.holyart.it\/fr\/#website\"},\"primaryImageOfPage\":{\"@id\":\"https:\/\/blog.holyart.it\/fr\/accessoires-pour-la-liturgie\/carillons-deglise-pendant-celebrations-religieuses\/#primaryimage\"},\"image\":{\"@id\":\"https:\/\/blog.holyart.it\/fr\/accessoires-pour-la-liturgie\/carillons-deglise-pendant-celebrations-religieuses\/#primaryimage\"},\"thumbnailUrl\":\"https:\/\/blog.holyart.it\/fr\/wp-content\/uploads\/sites\/14\/2017\/01\/Clochettes-et-carillons-d\u2019\u00e9glise.jpg\",\"datePublished\":\"2017-01-18T14:13:21+00:00\",\"dateModified\":\"2017-01-25T14:13:41+00:00\",\"description\":\"Les carillons d\u2019\u00e9glise peuvent \u00eatre des objets d\u2019une exquise finition artistique. Elles sont souvent r\u00e9alis\u00e9es par des artisans et finement d\u00e9cor\u00e9es.\",\"breadcrumb\":{\"@id\":\"https:\/\/blog.holyart.it\/fr\/accessoires-pour-la-liturgie\/carillons-deglise-pendant-celebrations-religieuses\/#breadcrumb\"},\"inLanguage\":\"fr-FR\",\"potentialAction\":[{\"@type\":\"ReadAction\",\"target\":[\"https:\/\/blog.holyart.it\/fr\/accessoires-pour-la-liturgie\/carillons-deglise-pendant-celebrations-religieuses\/\"]}]},{\"@type\":\"ImageObject\",\"inLanguage\":\"fr-FR\",\"@id\":\"https:\/\/blog.holyart.it\/fr\/accessoires-pour-la-liturgie\/carillons-deglise-pendant-celebrations-religieuses\/#primaryimage\",\"url\":\"https:\/\/blog.holyart.it\/fr\/wp-content\/uploads\/sites\/14\/2017\/01\/Clochettes-et-carillons-d\u2019\u00e9glise.jpg\",\"contentUrl\":\"https:\/\/blog.holyart.it\/fr\/wp-content\/uploads\/sites\/14\/2017\/01\/Clochettes-et-carillons-d\u2019\u00e9glise.jpg\",\"width\":1000,\"height\":667,\"caption\":\"Clochettes et carillons d\u2019\u00e9glise\"},{\"@type\":\"BreadcrumbList\",\"@id\":\"https:\/\/blog.holyart.it\/fr\/accessoires-pour-la-liturgie\/carillons-deglise-pendant-celebrations-religieuses\/#breadcrumb\",\"itemListElement\":[{\"@type\":\"ListItem\",\"position\":1,\"name\":\"Homepage\",\"item\":\"https:\/\/blog.holyart.it\/fr\/\"},{\"@type\":\"ListItem\",\"position\":2,\"name\":\"Liturgie\",\"item\":\"https:\/\/blog.holyart.it\/fr\/accessoires-pour-la-liturgie\/\"},{\"@type\":\"ListItem\",\"position\":3,\"name\":\"Les carillons d\u2019\u00e9glise pendant les c\u00e9l\u00e9brations religieuses\"}]},{\"@type\":\"WebSite\",\"@id\":\"https:\/\/blog.holyart.it\/fr\/#website\",\"url\":\"https:\/\/blog.holyart.it\/fr\/\",\"name\":\"Holyart.fr Blog\",\"description\":\"Holyblog\",\"publisher\":{\"@id\":\"https:\/\/blog.holyart.it\/fr\/#organization\"},\"potentialAction\":[{\"@type\":\"SearchAction\",\"target\":{\"@type\":\"EntryPoint\",\"urlTemplate\":\"https:\/\/blog.holyart.it\/fr\/?s={search_term_string}\"},\"query-input\":{\"@type\":\"PropertyValueSpecification\",\"valueRequired\":true,\"valueName\":\"search_term_string\"}}],\"inLanguage\":\"fr-FR\"},{\"@type\":\"Organization\",\"@id\":\"https:\/\/blog.holyart.it\/fr\/#organization\",\"name\":\"Holyart.fr Blog\",\"url\":\"https:\/\/blog.holyart.it\/fr\/\",\"logo\":{\"@type\":\"ImageObject\",\"inLanguage\":\"fr-FR\",\"@id\":\"https:\/\/blog.holyart.it\/fr\/#\/schema\/logo\/image\/\",\"url\":\"https:\/\/blog.holyart.it\/fr\/wp-content\/uploads\/sites\/14\/2022\/12\/Holyart_Blog_Logo.jpg\",\"contentUrl\":\"https:\/\/blog.holyart.it\/fr\/wp-content\/uploads\/sites\/14\/2022\/12\/Holyart_Blog_Logo.jpg\",\"width\":300,\"height\":50,\"caption\":\"Holyart.fr Blog\"},\"image\":{\"@id\":\"https:\/\/blog.holyart.it\/fr\/#\/schema\/logo\/image\/\"}},{\"@type\":\"Person\",\"@id\":\"https:\/\/blog.holyart.it\/fr\/#\/schema\/person\/0a7b686e5af0f856ec1e390dd0baecda\",\"name\":\"Redazione\",\"image\":{\"@type\":\"ImageObject\",\"inLanguage\":\"fr-FR\",\"@id\":\"https:\/\/blog.holyart.it\/fr\/#\/schema\/person\/image\/\",\"url\":\"https:\/\/secure.gravatar.com\/avatar\/f477da817f43e50d0af36abecd33e3edf826c68299714bdc1057dff3b113f516?s=96&d=mm&r=g\",\"contentUrl\":\"https:\/\/secure.gravatar.com\/avatar\/f477da817f43e50d0af36abecd33e3edf826c68299714bdc1057dff3b113f516?s=96&d=mm&r=g\",\"caption\":\"Redazione\"},\"url\":\"https:\/\/blog.holyart.it\/fr\/author\/admin\/\"}]}<\/script>\n<!-- \/ Yoast SEO plugin. -->","yoast_head_json":{"title":"Les carillons d\u2019\u00e9glise pendant les c\u00e9l\u00e9brations religieuses","description":"Les carillons d\u2019\u00e9glise peuvent \u00eatre des objets d\u2019une exquise finition artistique. Elles sont souvent r\u00e9alis\u00e9es par des artisans et finement d\u00e9cor\u00e9es.","robots":{"index":"index","follow":"follow","max-snippet":"max-snippet:-1","max-image-preview":"max-image-preview:large","max-video-preview":"max-video-preview:-1"},"canonical":"https:\/\/blog.holyart.it\/fr\/accessoires-pour-la-liturgie\/carillons-deglise-pendant-celebrations-religieuses\/","og_locale":"fr_FR","og_type":"article","og_title":"Les carillons d\u2019\u00e9glise pendant les c\u00e9l\u00e9brations religieuses","og_description":"Les carillons d\u2019\u00e9glise peuvent \u00eatre des objets d\u2019une exquise finition artistique. Elles sont souvent r\u00e9alis\u00e9es par des artisans et finement d\u00e9cor\u00e9es.","og_url":"https:\/\/blog.holyart.it\/fr\/accessoires-pour-la-liturgie\/carillons-deglise-pendant-celebrations-religieuses\/","og_site_name":"Holyart.fr Blog","article_published_time":"2017-01-18T14:13:21+00:00","article_modified_time":"2017-01-25T14:13:41+00:00","og_image":[{"width":1000,"height":667,"url":"https:\/\/blog.holyart.it\/fr\/wp-content\/uploads\/sites\/14\/2017\/01\/Clochettes-et-carillons-d\u2019\u00e9glise.jpg","type":"image\/jpeg"}],"author":"Redazione","twitter_card":"summary_large_image","twitter_misc":{"\u00c9crit par":"Redazione","Dur\u00e9e de lecture estim\u00e9e":"2 minutes"},"schema":{"@context":"https:\/\/schema.org","@graph":[{"@type":"Article","@id":"https:\/\/blog.holyart.it\/fr\/accessoires-pour-la-liturgie\/carillons-deglise-pendant-celebrations-religieuses\/#article","isPartOf":{"@id":"https:\/\/blog.holyart.it\/fr\/accessoires-pour-la-liturgie\/carillons-deglise-pendant-celebrations-religieuses\/"},"author":{"name":"Redazione","@id":"https:\/\/blog.holyart.it\/fr\/#\/schema\/person\/0a7b686e5af0f856ec1e390dd0baecda"},"headline":"Les carillons d\u2019\u00e9glise pendant les c\u00e9l\u00e9brations religieuses","datePublished":"2017-01-18T14:13:21+00:00","dateModified":"2017-01-25T14:13:41+00:00","mainEntityOfPage":{"@id":"https:\/\/blog.holyart.it\/fr\/accessoires-pour-la-liturgie\/carillons-deglise-pendant-celebrations-religieuses\/"},"wordCount":357,"publisher":{"@id":"https:\/\/blog.holyart.it\/fr\/#organization"},"image":{"@id":"https:\/\/blog.holyart.it\/fr\/accessoires-pour-la-liturgie\/carillons-deglise-pendant-celebrations-religieuses\/#primaryimage"},"thumbnailUrl":"https:\/\/blog.holyart.it\/fr\/wp-content\/uploads\/sites\/14\/2017\/01\/Clochettes-et-carillons-d\u2019\u00e9glise.jpg","articleSection":["Liturgie"],"inLanguage":"fr-FR"},{"@type":"WebPage","@id":"https:\/\/blog.holyart.it\/fr\/accessoires-pour-la-liturgie\/carillons-deglise-pendant-celebrations-religieuses\/","url":"https:\/\/blog.holyart.it\/fr\/accessoires-pour-la-liturgie\/carillons-deglise-pendant-celebrations-religieuses\/","name":"Les carillons d\u2019\u00e9glise pendant les c\u00e9l\u00e9brations religieuses","isPartOf":{"@id":"https:\/\/blog.holyart.it\/fr\/#website"},"primaryImageOfPage":{"@id":"https:\/\/blog.holyart.it\/fr\/accessoires-pour-la-liturgie\/carillons-deglise-pendant-celebrations-religieuses\/#primaryimage"},"image":{"@id":"https:\/\/blog.holyart.it\/fr\/accessoires-pour-la-liturgie\/carillons-deglise-pendant-celebrations-religieuses\/#primaryimage"},"thumbnailUrl":"https:\/\/blog.holyart.it\/fr\/wp-content\/uploads\/sites\/14\/2017\/01\/Clochettes-et-carillons-d\u2019\u00e9glise.jpg","datePublished":"2017-01-18T14:13:21+00:00","dateModified":"2017-01-25T14:13:41+00:00","description":"Les carillons d\u2019\u00e9glise peuvent \u00eatre des objets d\u2019une exquise finition artistique. Elles sont souvent r\u00e9alis\u00e9es par des artisans et finement d\u00e9cor\u00e9es.","breadcrumb":{"@id":"https:\/\/blog.holyart.it\/fr\/accessoires-pour-la-liturgie\/carillons-deglise-pendant-celebrations-religieuses\/#breadcrumb"},"inLanguage":"fr-FR","potentialAction":[{"@type":"ReadAction","target":["https:\/\/blog.holyart.it\/fr\/accessoires-pour-la-liturgie\/carillons-deglise-pendant-celebrations-religieuses\/"]}]},{"@type":"ImageObject","inLanguage":"fr-FR","@id":"https:\/\/blog.holyart.it\/fr\/accessoires-pour-la-liturgie\/carillons-deglise-pendant-celebrations-religieuses\/#primaryimage","url":"https:\/\/blog.holyart.it\/fr\/wp-content\/uploads\/sites\/14\/2017\/01\/Clochettes-et-carillons-d\u2019\u00e9glise.jpg","contentUrl":"https:\/\/blog.holyart.it\/fr\/wp-content\/uploads\/sites\/14\/2017\/01\/Clochettes-et-carillons-d\u2019\u00e9glise.jpg","width":1000,"height":667,"caption":"Clochettes et carillons d\u2019\u00e9glise"},{"@type":"BreadcrumbList","@id":"https:\/\/blog.holyart.it\/fr\/accessoires-pour-la-liturgie\/carillons-deglise-pendant-celebrations-religieuses\/#breadcrumb","itemListElement":[{"@type":"ListItem","position":1,"name":"Homepage","item":"https:\/\/blog.holyart.it\/fr\/"},{"@type":"ListItem","position":2,"name":"Liturgie","item":"https:\/\/blog.holyart.it\/fr\/accessoires-pour-la-liturgie\/"},{"@type":"ListItem","position":3,"name":"Les carillons d\u2019\u00e9glise pendant les c\u00e9l\u00e9brations religieuses"}]},{"@type":"WebSite","@id":"https:\/\/blog.holyart.it\/fr\/#website","url":"https:\/\/blog.holyart.it\/fr\/","name":"Holyart.fr Blog","description":"Holyblog","publisher":{"@id":"https:\/\/blog.holyart.it\/fr\/#organization"},"potentialAction":[{"@type":"SearchAction","target":{"@type":"EntryPoint","urlTemplate":"https:\/\/blog.holyart.it\/fr\/?s={search_term_string}"},"query-input":{"@type":"PropertyValueSpecification","valueRequired":true,"valueName":"search_term_string"}}],"inLanguage":"fr-FR"},{"@type":"Organization","@id":"https:\/\/blog.holyart.it\/fr\/#organization","name":"Holyart.fr Blog","url":"https:\/\/blog.holyart.it\/fr\/","logo":{"@type":"ImageObject","inLanguage":"fr-FR","@id":"https:\/\/blog.holyart.it\/fr\/#\/schema\/logo\/image\/","url":"https:\/\/blog.holyart.it\/fr\/wp-content\/uploads\/sites\/14\/2022\/12\/Holyart_Blog_Logo.jpg","contentUrl":"https:\/\/blog.holyart.it\/fr\/wp-content\/uploads\/sites\/14\/2022\/12\/Holyart_Blog_Logo.jpg","width":300,"height":50,"caption":"Holyart.fr Blog"},"image":{"@id":"https:\/\/blog.holyart.it\/fr\/#\/schema\/logo\/image\/"}},{"@type":"Person","@id":"https:\/\/blog.holyart.it\/fr\/#\/schema\/person\/0a7b686e5af0f856ec1e390dd0baecda","name":"Redazione","image":{"@type":"ImageObject","inLanguage":"fr-FR","@id":"https:\/\/blog.holyart.it\/fr\/#\/schema\/person\/image\/","url":"https:\/\/secure.gravatar.com\/avatar\/f477da817f43e50d0af36abecd33e3edf826c68299714bdc1057dff3b113f516?s=96&d=mm&r=g","contentUrl":"https:\/\/secure.gravatar.com\/avatar\/f477da817f43e50d0af36abecd33e3edf826c68299714bdc1057dff3b113f516?s=96&d=mm&r=g","caption":"Redazione"},"url":"https:\/\/blog.holyart.it\/fr\/author\/admin\/"}]}},"_links":{"self":[{"href":"https:\/\/blog.holyart.it\/fr\/wp-json\/wp\/v2\/posts\/252","targetHints":{"allow":["GET"]}}],"collection":[{"href":"https:\/\/blog.holyart.it\/fr\/wp-json\/wp\/v2\/posts"}],"about":[{"href":"https:\/\/blog.holyart.it\/fr\/wp-json\/wp\/v2\/types\/post"}],"author":[{"embeddable":true,"href":"https:\/\/blog.holyart.it\/fr\/wp-json\/wp\/v2\/users\/1"}],"replies":[{"embeddable":true,"href":"https:\/\/blog.holyart.it\/fr\/wp-json\/wp\/v2\/comments?post=252"}],"version-history":[{"count":0,"href":"https:\/\/blog.holyart.it\/fr\/wp-json\/wp\/v2\/posts\/252\/revisions"}],"wp:featuredmedia":[{"embeddable":true,"href":"https:\/\/blog.holyart.it\/fr\/wp-json\/wp\/v2\/media\/253"}],"wp:attachment":[{"href":"https:\/\/blog.holyart.it\/fr\/wp-json\/wp\/v2\/media?parent=252"}],"wp:term":[{"taxonomy":"category","embeddable":true,"href":"https:\/\/blog.holyart.it\/fr\/wp-json\/wp\/v2\/categories?post=252"},{"taxonomy":"post_tag","embeddable":true,"href":"https:\/\/blog.holyart.it\/fr\/wp-json\/wp\/v2\/tags?post=252"}],"curies":[{"name":"wp","href":"https:\/\/api.w.org\/{rel}","templated":true}]}}