{"id":2485,"date":"2021-02-09T09:30:10","date_gmt":"2021-02-09T08:30:10","guid":{"rendered":"https:\/\/blog.holyart.it\/fr\/?p=2485"},"modified":"2026-01-30T15:22:30","modified_gmt":"2026-01-30T14:22:30","slug":"lhistoire-de-don-bosco","status":"publish","type":"post","link":"https:\/\/blog.holyart.it\/fr\/articles-religieux\/lhistoire-de-don-bosco\/","title":{"rendered":"L\u2019histoire de Don Bosco"},"content":{"rendered":"<h4 style=\"text-align: center;\"><em>Parmi tous les saints et les bienheureux v\u00e9n\u00e9r\u00e9s par l\u2019\u00e9glise catholique, Saint Jean Bosco occupe une place tout \u00e0 fait sp\u00e9ciale. Fondateur des Sal\u00e9siens et des Filles de Marie-Auxiliatrice, il cr\u00e9a une nouvelle approche \u00e9ducative destin\u00e9e \u00e0 changer de mani\u00e8re radicale la destin\u00e9e de nombreux jeunes et enfants. D\u00e9couvrons comment.<\/em><\/h4>\n\n<p>Giovanni Melchior Bosco, plus connu comme Don Bosco ou Saint Jean Bosco, savait depuis son enfance qu\u2019il \u00e9tait destin\u00e9 \u00e0 rassembler autour de lui et \u00e0 aider de nombreux jeunes en difficult\u00e9. Peut-\u00eatre il ne pouvait pas comprendre comment d\u00e8s le d\u00e9but, mais il racontait un r\u00eave qu\u2019il fit quand il avait \u00e0 peine neuf ans, dans lequel il se voyait entour\u00e9 d\u2019enfants turbulents, qui riaient et juraient sans retenue. \u00c9nerv\u00e9 par ces blasph\u00e8mes, il les affrontait, en se bagarrant avec les plus agressifs, jusqu\u2019\u00e0 ce qu\u2019un homme apparut, habill\u00e9 d\u2019une somptueuse robe blanche et avec le visage resplendissant. \u00c0 la question du petit Jean Bosco sur qui il \u00e9tait, l\u2019inconnu r\u00e9pondit : \u00ab\u00a0<em>Je suis le Fils de Celle que ta m\u00e8re t\u2019a appris \u00e0 saluer trois fois par jour<\/em>\u00a0\u00bb. Ce fut lui qui r\u00e9v\u00e9la \u00e0 l\u2019enfant qu\u2019un jour il aurait \u00e0 prendre soin des autres\u00a0: \u00ab\u00a0<em>Non pas avec des coups, mais avec la bont\u00e9 et la charit\u00e9 tu devras gagner ces amis \u00e0 toi<\/em>\u00a0\u00bb. Dans le m\u00eame r\u00eave, une femme majestueuse et magnifique apparut \u00e9galement \u00e0 Don Bosco, habill\u00e9e d\u2019une robe qui brillait comme une \u00e9toile. Autour d\u2019elle, de nombreux animaux, qu&rsquo;Elle lui indiqua en disant\u00a0: \u00ab\u00a0<em>Voici ton champs, voici o\u00f9 tu dois travailler. Grandis humble, fort et robuste et ce que maintenant tu verras arriver \u00e0 ces animaux, tu devras le faire pour mes fils\u00a0<\/em>\u00bb. Et au fur et \u00e0 mesure qu\u2019Elle parlait, ces animaux devenaient tous de doux agneaux.<\/p>\n<p>En d\u00e9pit de ce r\u00eave proph\u00e9tique, rien dans la vie du petit Jean Bosco laissait pr\u00e9sager quelle aurait \u00e9t\u00e9 sa destin\u00e9e, comme nous le verrons dans son histoire. Et pourtant, il fonda la congr\u00e9gation des Sal\u00e9siens et des Filles de <a href=\"https:\/\/www.holyart.fr\/articles-religieux\/statues\/statues-en-bois-peint\/vierge-auxiliaire\"><strong>Marie-Auxiliatrice<\/strong><\/a> et il est consid\u00e9r\u00e9 comme l\u2019un des <strong>saints sociaux de Turin<\/strong>.<\/p>\n<div class=\"link-product\">\n<div class=\"blocco-immagine\"><img loading=\"lazy\" decoding=\"async\" class=\"size-full wp-image-2489 alignnone\" src=\"https:\/\/blog.holyart.it\/fr\/wp-content\/uploads\/sites\/14\/2021\/02\/statue-don-bosco.jpg\" alt=\"\" width=\"100\" height=\"100\" data-kale-share-title=\"L\u2019histoire de Don Bosco\" data-kale-share-url=\"https:\/\/blog.holyart.it\/fr\/articles-religieux\/lhistoire-de-don-bosco\/\" \/><\/div>\n<div class=\"blocco-contenuto\">\n<div class=\"blocco-acquista\">Acheter sur Holyart:<\/div>\n<div class=\"blocco-titolo\"><a href=\"https:\/\/www.holyart.fr\/articles-religieux\/statues\/statues-en-resine-et-pvc\/statue-don-bosco-et-d.-savio-30-cm-resine\">Statue Don Bosco<\/a><\/div>\n<div class=\"blocco-descrizione\">Statuette de Don Bosco r\u00e9alis\u00e9e en r\u00e9sine peinte \u00e0 la main<\/div>\n<\/div>\n<\/div>\n<p>D\u00e9j\u00e0 quand il \u00e9tait au s\u00e9minaire, sa devise, \u00e9crite sur un panneau qu\u2019il gardait pendu dans sa chambre, \u00e9tait \u00ab\u00a0Da mihi animas, coetera tolle\u00a0\u00bb, Donne-moi les \u00e2mes et prends tout le reste, une phrase inspir\u00e9e par la Gen\u00e8se : \u00ab\u00a0Le Roi de Sodome dit \u00e0 Abram : \u201c Donne-moi les personnes, et prends pour toi les richesses \u201d\u00a0\u00bb (Gen\u00e8se 14\u00a0:21)<\/p>\n<p>Le message humain et spirituel peut \u00eatre r\u00e9sum\u00e9 en trois mots : <strong>raison, religion, amabilit\u00e9<\/strong>. Ces trois dots \u00e9taient \u00e9galement \u00e0 la base de sa <strong>m\u00e9thode \u00e9ducative pr\u00e9ventive<\/strong>, gr\u00e2ce \u00e0 laquelle d\u2019innombrables enfants et jeunes furent arrach\u00e9s de conditions de vie mis\u00e9rables et purent trouver leur voie dans le monde.<\/p>\n<p>Pape Pie XI le canonisa en 1934 et Jean-Paul II le nomma <strong>p\u00e8re et ma\u00eetre de la jeunesse<\/strong> en 1988. En son honneur, afin de c\u00e9l\u00e9brer les deux cents ans de sa naissance, le 16 ao\u00fbt 2015, un p\u00e8lerinage \u00e0 Rome fut institu\u00e9 et des grandes c\u00e9l\u00e9brations eurent lieu dans toutes les \u00e9glises sal\u00e9siennes d\u2019Italie et du monde entier. Cinq mille jeunes du monde entier se sont r\u00e9unis aux endroits o\u00f9 le Saint v\u00e9cut afin de f\u00eater celui qui est connu comme SYM DON BOSCO. Pour son extraordinaire proximit\u00e9 aux jeunes, il n\u2019est pas rare de trouver dans une \u00e9glise ou une maison, une statue de Don Bosco accompagn\u00e9e d\u2019un enfant.<\/p>\n<p>Mais qui \u00e9tait ce saint qui pendant toute sa vie sut se faire aimer par les jeunes, au point de susciter m\u00eame apr\u00e8s sa mort tant d\u2019affection dans chacun d\u2019eux\u00a0?<\/p>\n<h2>Histoire de Saint Jean Bosco<\/h2>\n<p>Jean Bosco naquit dans une <strong>famille d\u2019agriculteurs<\/strong> dans un hameau au milieu des collines, I Becchi, de Castelnuovo d\u2019Asti, qui aujourd\u2019hui s\u2019appelle Castelnuovo Don Bosco. Son p\u00e8re Francesco mourut de pneumonie quand Jean n\u2019avait que deux ans et il grandit donc avec sa m\u00e8re, Margherita Occhiena, son fr\u00e8re Giuseppe, son demi-fr\u00e8re Antonio et sa grand-m\u00e8re paternelle. C\u2019\u00e9tait des ann\u00e9es difficiles pendant lesquelles la famine et les \u00e9pid\u00e9mies faisaient rage, mais Margherita \u00e9leva ses enfants de la meilleure des mani\u00e8res. Elle \u00e9tait une femme pleine de dignit\u00e9, \u00e0 la morale in\u00e9branlable, qui savait reconna\u00eetre les v\u00e9ritables valeurs, tant qu\u2019elle d\u00e9clara \u00e0 son fils, une fois devenu homme et pr\u00eatre\u00a0: \u00ab\u00a0<em>Si par m\u00e9saventure tu deviendras riche, je ne mettrais jamais les pieds chez toi<\/em>\u00a0\u00bb.<br \/>\nC\u2019est \u00e9galement gr\u00e2ce \u00e0 elle que Jean ressentit t\u00f4t l\u2019envie de d\u00e9dier sa vie \u00e0 Dieu, mais il n\u2019\u00e9tait pas facile pour sa famille de lui garantir les \u00e9tudes n\u00e9cessaires pour pouvoir entrer au s\u00e9minaire. Tous donn\u00e8rent leur contribution, comme sa tante Marianna, s\u0153ur de sa m\u00e8re, qui persuada Don Lacqua, le chapelain qui g\u00e9rait les cours de l\u2019\u00e9cole \u00e9l\u00e9mentaire de la paroisse de Capriglio \u00e0 prendre Jean dans sa classe, m\u00eame s\u2019il venait d\u2019un autre village et si, pour cette raison, il \u00e9tait maltrait\u00e9 par les autres jeunes. Ce fut justement pour fuir aux maltraitances de ces \u00ab\u00a0brutes\u00a0\u00bb que Jean apprit \u00e0 faire des <strong>petits jeux de prestidigitation<\/strong> et m\u00eame des acrobaties, en imitant les saltimbanques qui de temps en temps passaient par le village. Il \u00e9tait si dou\u00e9 que les autres jeunes s\u2019arr\u00eataient enchant\u00e9s \u00e0 le regarder et il en profitait en les persuadant, entre une magie et l\u2019autre, \u00e0 r\u00e9citer le Rosaire, ou il leur r\u00e9p\u00e9tait les <strong>lectures de l\u2019\u00c9vangile<\/strong> qu\u2019il avait entendu ce jour-l\u00e0 et dont il arrivait \u00e0 se souvenir gr\u00e2ce \u00e0 sa m\u00e9moire prodigieuse.<\/p>\n<div class=\"link-article\">\n<p><img loading=\"lazy\" decoding=\"async\" class=\"size-full wp-image-2508 alignleft\" src=\"https:\/\/blog.holyart.it\/fr\/wp-content\/uploads\/sites\/14\/2021\/02\/Comment-r\u00e9citer-un-chapelet.jpg\" alt=\"Comment reciter un chapelet\" width=\"150\" height=\"100\" data-kale-share-title=\"L\u2019histoire de Don Bosco\" data-kale-share-url=\"https:\/\/blog.holyart.it\/fr\/articles-religieux\/lhistoire-de-don-bosco\/\" \/><\/p>\n<div class=\"leggi-anche\">Lire aussi :<\/div>\n<p><strong><a href=\"https:\/\/www.holyart.fr\/blog\/articles-religieux\/reciter-chapelet-10-etapes-fondamentales\/\">Comment r\u00e9citer un chapelet \u2013 les 10 \u00e9tapes fondamentales<\/a><\/strong><br \/>\nUn instrument pr\u00e9cieux pour accompagner la pri\u00e8re du fid\u00e8le, mais aussi pour favoriser sa m\u00e9ditation<\/p>\n<\/div>\n<p>Il savait se faire aimer, Jean Bosco. En parcourant son histoire, il est surprenant de d\u00e9couvrir combien de personnes rest\u00e8rent enchant\u00e9es par son intelligence et par ses mani\u00e8res, jusqu\u2019\u00e0 se sentir pouss\u00e9es \u00e0 l\u2019aider. Comme Luigi et Dorotea Moglia, aupr\u00e8s desquels il travailla comme gar\u00e7on d\u2019\u00e9curie pendant deux ans, quand, afin de le prot\u00e9ger de la malveillance de son demi-fr\u00e8re Antonio, sa m\u00e8re l\u2019envoya vivre loin de la maison. Le couple l\u2019accueillit alors parmi ses travailleurs.<br \/>\nOu\u00a0<strong>Don Giovanni Calosso<\/strong>, pr\u00eatre septuag\u00e9naire chapelain de Morialdo, qui l\u2019accueillit chez lui enfant, lui apprit le latin et, \u00e0 sa mort, voulut lui laisser tous ses biens afin qu\u2019il puisse \u00e9tudier. Jean refusa toutefois cet h\u00e9ritage.<br \/>\nOu encore\u00a0<strong>Giovanni Roberto<\/strong>, couturier et musicien de\u00a0Castelnuovo, qui lui apprit son m\u00e9tier. En effet, outre les jeux de prestidigitation, Jean apprit <strong>diff\u00e9rents m\u00e9tiers<\/strong> qui lui permirent de se maintenir pendant ses \u00e9tudes. Il fut couturier, donc, mais aussi barman, menuisier, cordonnier, forgeron \u00e0 la forge d\u2019Evasio Savio, gar\u00e7on d\u2019\u00e9curie, serveur et pr\u00e9pos\u00e9 \u00e0 l\u2019\u00e9table. Toutes ces connaissances l\u2019auront aid\u00e9 un jour \u00e0 faire entreprendre \u00e0 ses jeunes prot\u00e9g\u00e9s diff\u00e9rentes professions.<\/p>\n<p>Au mois de mars de 1834, une fois termin\u00e9es les \u00e9tudes en Humanit\u00e9 (disciplines humanistiques qui, avec la Rh\u00e9torique, constituaient les bases des \u00e9tudes de l\u2019\u00e9poque), il pensa au d\u00e9but \u00e0 entrer dans un couvent de Franciscains, mais sous le conseil de\u00a0<strong>Don\u00a0Joseph Cafasso<\/strong>, qui deviendra par apr\u00e8s un autre des saints sociaux de Turin, il choisit plut\u00f4t d\u2019entrer au <strong>s\u00e9minaire<\/strong> de Chieri. C\u2019\u00e9tait le 30 octobre 1835. L\u00e0, pendant cinq ans, il \u00e9tudiera la Th\u00e9ologie. Il se lia tout de suite d\u2019amiti\u00e9 avec <strong>Luigi Comollo<\/strong>, un gar\u00e7on physiquement faible, qui \u00e9tait l\u2019objet de moqueries des autres jeunes, mais qui poss\u00e9dait une grande force spirituelle. Malheureusement, Luigi mourut \u00e0 seulement 22 ans et, tout de suite apr\u00e8s sa mort, il apparut \u00e0 Jean et aux autres jeunes du dortoir sous forme de lumi\u00e8re resplendissante. Il semblerait que ce fut gr\u00e2ce \u00e0 lui que Jean ait d\u00e9cid\u00e9 de \u00ab\u00a0<em>mettre le salut \u00e9ternel au-dessus de tout, \u00e0 le consid\u00e9rer comme la seule chose v\u00e9ritablement importante<\/em>\u00a0\u00bb.<\/p>\n<div class=\"link-product\">\n<div class=\"blocco-immagine\"><img loading=\"lazy\" decoding=\"async\" class=\"alignnone size-full wp-image-2509\" src=\"https:\/\/blog.holyart.it\/fr\/wp-content\/uploads\/sites\/14\/2021\/02\/bas-relief-argent-bilamine.jpg\" alt=\"bas-relief argent bilamine\" width=\"100\" height=\"100\" data-kale-share-title=\"L\u2019histoire de Don Bosco\" data-kale-share-url=\"https:\/\/blog.holyart.it\/fr\/articles-religieux\/lhistoire-de-don-bosco\/\" \/><\/div>\n<div class=\"blocco-contenuto\">\n<div class=\"blocco-acquista\">Acheter sur Holyart:<\/div>\n<div class=\"blocco-titolo\"><a href=\"https:\/\/www.holyart.fr\/articles-religieux\/bas-reliefs\/bas-reliefs-en-argent\/bas-relief-argent-bilamine-crucifixion-jesus-christ-10x7-cm\">Bas-relief argent Don Bosco<\/a><\/div>\n<div class=\"blocco-descrizione\">R\u00e9alis\u00e9 et d\u00e9cor\u00e9 en argent bilamin\u00e9 traitement oxydation<\/div>\n<\/div>\n<\/div>\n<h2 id=\"tw-target-text\" class=\"tw-data-text tw-text-large XcVN5d tw-ta\" dir=\"ltr\" data-placeholder=\"Traduzione\"><span lang=\"fr\">Le sacerdoce de Don Bosco<\/span><\/h2>\n<p>Ordonn\u00e9 <strong>pr\u00eatre<\/strong> en juin 1841 dans la Chapelle de l\u2019Archev\u00each\u00e9 de Turin, il refusa de travailler comme instituteur ou chapelain et, toujours en suivant le conseil de Don Joseph Cafasso, il entra au Pensionnat de Turin, o\u00f9 un groupe de jeunes pr\u00eatres \u00e9taient pr\u00e9par\u00e9s par le th\u00e9ologien <strong>Luigi Gaula<\/strong>.<\/p>\n<p>Ce fut \u00e0 Turin que Don Bosco rencontra sa <strong>v\u00e9ritable vocation<\/strong>.<\/p>\n<p>En marchant dans les rues de cette grande ville, il put voir de ses propres yeux dans quelles conditions \u00e9taient oblig\u00e9s de vivre de nombreux enfants et jeunes n\u00e9cessiteux. Issus de familles en difficult\u00e9, orphelins, oblig\u00e9s d\u2019enfreindre la loi d\u00e8s leur plus jeune \u00e2ge, ou \u00e0 se soumettre \u00e0 des travaux inhumains, ils finissaient souvent entre les mains d\u2019adultes sans scrupules qui les engageaient dans des usines ou dans la criminalit\u00e9, en les condamnant \u00e0 finir vite en prison ou \u00e0 une mort pr\u00e9matur\u00e9e. Ce fut \u00e0 eux que Don Bosco s\u2019adressa, en les attirant, comme autrefois il l\u2019avait fait avec les voyous avec ses jeux de prestidigitation et en gagnant leur confiance. Lui et Don Cafasso se rendaient \u00e9galement dans les prisons, en recrutant les petits d\u00e9linquants et en les invitant \u00e0 les rejoindre dans l\u2019<strong>\u00e9glise de Saint-Fran\u00e7ois-de-Sales \u00e0 Valdocco<\/strong>, une fois escompt\u00e9e leur peine.<\/p>\n<p>Nombreux furent les jeunes qui suivirent Don Bosco, et beaucoup d\u2019entre eux ramen\u00e8rent des amis, des fr\u00e8res, une arm\u00e9e de petits malheureux auxquels personne n\u2019avait jamais tendu la main. Ensemble, ils se r\u00e9unirent dans ce qui serait devenu l\u2019<strong>Oratoire de Don Bosco<\/strong>, aupr\u00e8s de la maison de l\u2019oratoire Saint-Fran\u00e7ois-de-Sales.<\/p>\n<div class=\"link-article\">\n<p><img loading=\"lazy\" decoding=\"async\" class=\"alignleft size-full wp-image-2510\" src=\"https:\/\/blog.holyart.it\/fr\/wp-content\/uploads\/sites\/14\/2021\/02\/Saint-Fran\u00e7ois-de-Sales.jpg\" alt=\"Saint Fran\u00e7ois de Sales\" width=\"150\" height=\"99\" data-kale-share-title=\"L\u2019histoire de Don Bosco\" data-kale-share-url=\"https:\/\/blog.holyart.it\/fr\/articles-religieux\/lhistoire-de-don-bosco\/\" \/><\/p>\n<div class=\"leggi-anche\">Lire aussi :<\/div>\n<p><strong><a href=\"https:\/\/www.holyart.fr\/blog\/saints-et-bienheureux\/grand-maitre-de-spiritualite-saint-francois-de-sales\/\">Le grand ma\u00eetre de spiritualit\u00e9 : Saint Fran\u00e7ois de Sales<\/a><\/strong><br \/>\nSaint Protecteur des Journalistes, grande figure de la Contre-R\u00e9forme et de la croyance catholique fran\u00e7aise<\/p>\n<\/div>\n<p>Mais Don Bosco ne se limita pas \u00e0 aider les enfants n\u00e9cessiteux avec nourriture, \u00e9ducation et affection. Il s\u2019engagea \u00e0 garantir plus de <strong>droits \u00e0 ceux qui travaillaient<\/strong>, en accomplissant une \u0153uvre digne d\u2019un syndicaliste acharn\u00e9. Gr\u00e2ce \u00e0 lui, ils commenc\u00e8rent \u00e0 avoir des contrats de travail pour mineurs, des protections sanitaires et m\u00eame une mutuelle sal\u00e9sienne. Les mineurs en prison pouvaient sortir quelques heures chaque jour afin d\u2019apprendre un travail, de mani\u00e8re \u00e0 ne pas retomber dans la criminalit\u00e9 \u00e0 leur sortie.<\/p>\n<p>En 1859, gr\u00e2ce \u00e9galement \u00e0 l\u2019aide d\u2019amis influents, Don Bosco arriva \u00e0 cr\u00e9er dans le quartier Valdocco la <strong>Soci\u00e9t\u00e9 Sal\u00e9sienne<\/strong>, dont la constitution sera approuv\u00e9e par le Saint Si\u00e8ge en 1874. D\u00e8s leurs d\u00e9buts, les sal\u00e9siens d\u00e9di\u00e8rent leurs vies et leurs efforts <strong>\u00e0 l\u2019instruction et \u00e0 l\u2019\u00e9ducation des jeunes<\/strong> \u00e0 travers \u00e9coles, oratoires, centres de formation agricole et professionnelle.<\/p>\n<p>Le <strong>sanctuaire de Marie-Auxiliatrice<\/strong>, \u00e9rig\u00e9 par Don Bosco en 1868 \u00e0 c\u00f4t\u00e9 de l\u2019\u00e9glise de Saint-Fran\u00e7ois-de-Sales devint le centre de leur \u0153uvre. En l\u2019honneur de Marie-Auxiliatrice, Don Bosco fonda \u00e9galement l\u2019Association de Marie-Auxiliatrice (<strong>ADMA<\/strong>), le Groupe de la famille Sal\u00e9sienne, fond\u00e9e afin de promouvoir la v\u00e9n\u00e9ration du Tr\u00e8s Saint Sacrement et de Marie-Auxiliatrice.<\/p>\n<p>De plus, dans son \u0153uvre d\u2019apostolat, Don Bosco ne voulut pas s\u2019arr\u00eater \u00e0 l\u2019Italie. \u00c0 partir de 1875, il organisa diff\u00e9rentes exp\u00e9ditions en <strong>Argentine<\/strong> afin d\u2019apporter de l\u2019aide \u00e9galement aux jeunes qui vivaient l\u00e0-bas, surtout les fils d\u2019\u00e9migrants italiens.<\/p>\n<p>\u00c0 sa <strong>mort<\/strong>, le 31 janvier 1888, il avait 72 ans. Son corps est conserv\u00e9 dans une urne dans le Sanctuaire de Marie-Auxiliatrice.<\/p>\n<h2>La d\u00e9votion \u00e0 Marie Auxiliatrice<\/h2>\n<p>Le 24 mai, on f\u00eate <strong>Marie Auxiliatrice<\/strong>, Secours des Chr\u00e9tiens, d\u00e9j\u00e0 v\u00e9n\u00e9r\u00e9e pour la victoire chr\u00e9tienne contre les turcs \u00e0 L\u00e9pante (1571) et \u00e0 laquelle Pape Pie VII avait adress\u00e9 son remerciement pour la lib\u00e9ration de la captivit\u00e9 napol\u00e9onienne en 1815.<\/p>\n<div class=\"link-article\">\n<p><img loading=\"lazy\" decoding=\"async\" class=\"alignleft size-full wp-image-2512\" src=\"https:\/\/blog.holyart.it\/fr\/wp-content\/uploads\/sites\/14\/2021\/02\/Marie-Auxiliatrice.jpg\" alt=\"Marie Auxiliatrice\" width=\"150\" height=\"100\" data-kale-share-title=\"L\u2019histoire de Don Bosco\" data-kale-share-url=\"https:\/\/blog.holyart.it\/fr\/articles-religieux\/lhistoire-de-don-bosco\/\" \/><\/p>\n<div class=\"leggi-anche\">Lire aussi :<\/div>\n<p><strong><a href=\"https:\/\/www.holyart.fr\/blog\/saints-et-bienheureux\/culte-de-marie-auxiliatrice\/\">Le culte de Marie Auxiliatrice<\/a><\/strong><br \/>\nLa Sainte Vierge est depuis toujours consid\u00e9r\u00e9e comme la m\u00e9diatrice id\u00e9ale entre les hommes et Dieu<\/p>\n<\/div>\n<p>Don Bosco \u00e9tait particuli\u00e8rement li\u00e9 \u00e0 cette f\u00eate. \u00c0 Marie Auxiliatrice il avait en quelque sorte d\u00e9di\u00e9, d\u00e8s le d\u00e9but, son \u0153uvre d\u2019\u00e9ducateur et de r\u00e9formateur. \u00c0 Elle, il voulut d\u00e9dier la basilique de Marie Auxiliatrice, \u00e9rig\u00e9e en \u00e0 peine trois ans, et \u00e0 Elle il d\u00e9dia la plupart des instituts religieux qu\u2019il fonda dans le monde entier, de la Congr\u00e9gation de Saint-Fran\u00e7ois-de-Sales aux Filles de Marie-Auxiliatrice et aux Coop\u00e9rateurs Sal\u00e9siens. Pour cette raison, Marie Auxiliatrice est aujourd\u2019hui \u00e9galement connue comme \u00ab\u00a0<strong>Notre-Dame de Don Bosco<\/strong>\u00a0\u00bb. Un magnifique tableau conserv\u00e9 dans le Sanctuaire qui porte son nom \u00e0 Turin, la repr\u00e9sente en triomphe, suspendue sur un nuage, avec le sceptre en main et l\u2019<a href=\"https:\/\/www.holyart.fr\/articles-religieux\/statues\/statues-enfant-jesus?sorter_id=6&amp;sort=20a\"><strong>Enfant J\u00e9sus<\/strong><\/a> \u00e0 bras, entour\u00e9e par les Ap\u00f4tres et les \u00c9vang\u00e9listes, avec le sanctuaire voulu pour elle par le Saint en arri\u00e8re-plan.<\/p>\n<p>D\u2019Elle Don Bosco disait : \u00ab\u00a0<em>En Marie j\u2019ai pleinement confiance. La <a href=\"https:\/\/www.holyart.fr\/produits\/statues-vierge-marie.php\"><strong>Sainte Vierge<\/strong><\/a> ne laisse jamais les choses \u00e0 moiti\u00e9\u00a0<\/em>\u00bb. Il invitait ses fid\u00e8les \u00e0 l\u2019invoquer avec une oraison jaculatoire particuli\u00e8re, avec laquelle il garantissait que l\u2019on pouvait obtenir des gr\u00e2ces sp\u00e9ciales. Lui-m\u00eame s\u2019adressait souvent \u00e0 Marie Auxiliatrice, surtout quand les choses se compliquaient.<br \/>\nPar ailleurs, qui mieux que la M\u00e8re de toutes les m\u00e8res peut accueillir les supplications de ses enfants et les amener \u00e0 l\u2019oreille de Dieu, en invoquant sa bienveillance\u00a0?<\/p>\n<p>&nbsp;<\/p>\n","protected":false},"excerpt":{"rendered":"<p>Parmi tous les saints et les bienheureux v\u00e9n\u00e9r\u00e9s par l\u2019\u00e9glise catholique, Saint Jean Bosco occupe une place tout \u00e0 fait sp\u00e9ciale. Fondateur des Sal\u00e9siens et des Filles de Marie-Auxiliatrice, il cr\u00e9a une nouvelle approche \u00e9ducative destin\u00e9e \u00e0 changer de mani\u00e8re radicale la destin\u00e9e de nombreux&hellip;<\/p>\n","protected":false},"author":1,"featured_media":2486,"comment_status":"closed","ping_status":"open","sticky":false,"template":"","format":"standard","meta":{"_acf_changed":false,"footnotes":""},"categories":[8],"tags":[],"class_list":["post-2485","post","type-post","status-publish","format-standard","has-post-thumbnail","hentry","category-articles-religieux"],"acf":[],"yoast_head":"<!-- This site is optimized with the Yoast SEO plugin v26.6 - https:\/\/yoast.com\/wordpress\/plugins\/seo\/ -->\n<title>L\u2019histoire de Don Bosco - Holyart.fr Blog<\/title>\n<meta name=\"robots\" content=\"index, follow, max-snippet:-1, max-image-preview:large, max-video-preview:-1\" \/>\n<link rel=\"canonical\" href=\"https:\/\/blog.holyart.it\/fr\/articles-religieux\/lhistoire-de-don-bosco\/\" \/>\n<meta property=\"og:locale\" content=\"fr_FR\" \/>\n<meta property=\"og:type\" content=\"article\" \/>\n<meta property=\"og:title\" content=\"L\u2019histoire de Don Bosco - Holyart.fr Blog\" \/>\n<meta property=\"og:description\" content=\"Parmi tous les saints et les bienheureux v\u00e9n\u00e9r\u00e9s par l\u2019\u00e9glise catholique, Saint Jean Bosco occupe une place tout \u00e0 fait sp\u00e9ciale. Fondateur des Sal\u00e9siens et des Filles de Marie-Auxiliatrice, il cr\u00e9a une nouvelle approche \u00e9ducative destin\u00e9e \u00e0 changer de mani\u00e8re radicale la destin\u00e9e de nombreux&hellip;\" \/>\n<meta property=\"og:url\" content=\"https:\/\/blog.holyart.it\/fr\/articles-religieux\/lhistoire-de-don-bosco\/\" \/>\n<meta property=\"og:site_name\" content=\"Holyart.fr Blog\" \/>\n<meta property=\"article:published_time\" content=\"2021-02-09T08:30:10+00:00\" \/>\n<meta property=\"article:modified_time\" content=\"2026-01-30T14:22:30+00:00\" \/>\n<meta property=\"og:image\" content=\"https:\/\/blog.holyart.it\/fr\/wp-content\/uploads\/sites\/14\/2021\/03\/histoire-don-bosco.jpg\" \/>\n\t<meta property=\"og:image:width\" content=\"1000\" \/>\n\t<meta property=\"og:image:height\" content=\"666\" \/>\n\t<meta property=\"og:image:type\" content=\"image\/jpeg\" \/>\n<meta name=\"author\" content=\"Redazione\" \/>\n<meta name=\"twitter:card\" content=\"summary_large_image\" \/>\n<meta name=\"twitter:label1\" content=\"\u00c9crit par\" \/>\n\t<meta name=\"twitter:data1\" content=\"Redazione\" \/>\n\t<meta name=\"twitter:label2\" content=\"Dur\u00e9e de lecture estim\u00e9e\" \/>\n\t<meta name=\"twitter:data2\" content=\"13 minutes\" \/>\n<script type=\"application\/ld+json\" class=\"yoast-schema-graph\">{\"@context\":\"https:\/\/schema.org\",\"@graph\":[{\"@type\":\"Article\",\"@id\":\"https:\/\/blog.holyart.it\/fr\/articles-religieux\/lhistoire-de-don-bosco\/#article\",\"isPartOf\":{\"@id\":\"https:\/\/blog.holyart.it\/fr\/articles-religieux\/lhistoire-de-don-bosco\/\"},\"author\":{\"name\":\"Redazione\",\"@id\":\"https:\/\/blog.holyart.it\/fr\/#\/schema\/person\/0a7b686e5af0f856ec1e390dd0baecda\"},\"headline\":\"L\u2019histoire de Don Bosco\",\"datePublished\":\"2021-02-09T08:30:10+00:00\",\"dateModified\":\"2026-01-30T14:22:30+00:00\",\"mainEntityOfPage\":{\"@id\":\"https:\/\/blog.holyart.it\/fr\/articles-religieux\/lhistoire-de-don-bosco\/\"},\"wordCount\":2358,\"publisher\":{\"@id\":\"https:\/\/blog.holyart.it\/fr\/#organization\"},\"image\":{\"@id\":\"https:\/\/blog.holyart.it\/fr\/articles-religieux\/lhistoire-de-don-bosco\/#primaryimage\"},\"thumbnailUrl\":\"https:\/\/blog.holyart.it\/fr\/wp-content\/uploads\/sites\/14\/2021\/03\/histoire-don-bosco.jpg\",\"articleSection\":[\"Religion\"],\"inLanguage\":\"fr-FR\"},{\"@type\":\"WebPage\",\"@id\":\"https:\/\/blog.holyart.it\/fr\/articles-religieux\/lhistoire-de-don-bosco\/\",\"url\":\"https:\/\/blog.holyart.it\/fr\/articles-religieux\/lhistoire-de-don-bosco\/\",\"name\":\"L\u2019histoire de Don Bosco - Holyart.fr Blog\",\"isPartOf\":{\"@id\":\"https:\/\/blog.holyart.it\/fr\/#website\"},\"primaryImageOfPage\":{\"@id\":\"https:\/\/blog.holyart.it\/fr\/articles-religieux\/lhistoire-de-don-bosco\/#primaryimage\"},\"image\":{\"@id\":\"https:\/\/blog.holyart.it\/fr\/articles-religieux\/lhistoire-de-don-bosco\/#primaryimage\"},\"thumbnailUrl\":\"https:\/\/blog.holyart.it\/fr\/wp-content\/uploads\/sites\/14\/2021\/03\/histoire-don-bosco.jpg\",\"datePublished\":\"2021-02-09T08:30:10+00:00\",\"dateModified\":\"2026-01-30T14:22:30+00:00\",\"breadcrumb\":{\"@id\":\"https:\/\/blog.holyart.it\/fr\/articles-religieux\/lhistoire-de-don-bosco\/#breadcrumb\"},\"inLanguage\":\"fr-FR\",\"potentialAction\":[{\"@type\":\"ReadAction\",\"target\":[\"https:\/\/blog.holyart.it\/fr\/articles-religieux\/lhistoire-de-don-bosco\/\"]}]},{\"@type\":\"ImageObject\",\"inLanguage\":\"fr-FR\",\"@id\":\"https:\/\/blog.holyart.it\/fr\/articles-religieux\/lhistoire-de-don-bosco\/#primaryimage\",\"url\":\"https:\/\/blog.holyart.it\/fr\/wp-content\/uploads\/sites\/14\/2021\/03\/histoire-don-bosco.jpg\",\"contentUrl\":\"https:\/\/blog.holyart.it\/fr\/wp-content\/uploads\/sites\/14\/2021\/03\/histoire-don-bosco.jpg\",\"width\":1000,\"height\":666,\"caption\":\"histoire don bosco\"},{\"@type\":\"BreadcrumbList\",\"@id\":\"https:\/\/blog.holyart.it\/fr\/articles-religieux\/lhistoire-de-don-bosco\/#breadcrumb\",\"itemListElement\":[{\"@type\":\"ListItem\",\"position\":1,\"name\":\"Homepage\",\"item\":\"https:\/\/blog.holyart.it\/fr\/\"},{\"@type\":\"ListItem\",\"position\":2,\"name\":\"Religion\",\"item\":\"https:\/\/blog.holyart.it\/fr\/articles-religieux\/\"},{\"@type\":\"ListItem\",\"position\":3,\"name\":\"L\u2019histoire de Don Bosco\"}]},{\"@type\":\"WebSite\",\"@id\":\"https:\/\/blog.holyart.it\/fr\/#website\",\"url\":\"https:\/\/blog.holyart.it\/fr\/\",\"name\":\"Holyart.fr Blog\",\"description\":\"Holyblog\",\"publisher\":{\"@id\":\"https:\/\/blog.holyart.it\/fr\/#organization\"},\"potentialAction\":[{\"@type\":\"SearchAction\",\"target\":{\"@type\":\"EntryPoint\",\"urlTemplate\":\"https:\/\/blog.holyart.it\/fr\/?s={search_term_string}\"},\"query-input\":{\"@type\":\"PropertyValueSpecification\",\"valueRequired\":true,\"valueName\":\"search_term_string\"}}],\"inLanguage\":\"fr-FR\"},{\"@type\":\"Organization\",\"@id\":\"https:\/\/blog.holyart.it\/fr\/#organization\",\"name\":\"Holyart.fr Blog\",\"url\":\"https:\/\/blog.holyart.it\/fr\/\",\"logo\":{\"@type\":\"ImageObject\",\"inLanguage\":\"fr-FR\",\"@id\":\"https:\/\/blog.holyart.it\/fr\/#\/schema\/logo\/image\/\",\"url\":\"https:\/\/blog.holyart.it\/fr\/wp-content\/uploads\/sites\/14\/2022\/12\/Holyart_Blog_Logo.jpg\",\"contentUrl\":\"https:\/\/blog.holyart.it\/fr\/wp-content\/uploads\/sites\/14\/2022\/12\/Holyart_Blog_Logo.jpg\",\"width\":300,\"height\":50,\"caption\":\"Holyart.fr Blog\"},\"image\":{\"@id\":\"https:\/\/blog.holyart.it\/fr\/#\/schema\/logo\/image\/\"}},{\"@type\":\"Person\",\"@id\":\"https:\/\/blog.holyart.it\/fr\/#\/schema\/person\/0a7b686e5af0f856ec1e390dd0baecda\",\"name\":\"Redazione\",\"image\":{\"@type\":\"ImageObject\",\"inLanguage\":\"fr-FR\",\"@id\":\"https:\/\/blog.holyart.it\/fr\/#\/schema\/person\/image\/\",\"url\":\"https:\/\/secure.gravatar.com\/avatar\/f477da817f43e50d0af36abecd33e3edf826c68299714bdc1057dff3b113f516?s=96&d=mm&r=g\",\"contentUrl\":\"https:\/\/secure.gravatar.com\/avatar\/f477da817f43e50d0af36abecd33e3edf826c68299714bdc1057dff3b113f516?s=96&d=mm&r=g\",\"caption\":\"Redazione\"},\"url\":\"https:\/\/blog.holyart.it\/fr\/author\/admin\/\"}]}<\/script>\n<!-- \/ Yoast SEO plugin. -->","yoast_head_json":{"title":"L\u2019histoire de Don Bosco - Holyart.fr Blog","robots":{"index":"index","follow":"follow","max-snippet":"max-snippet:-1","max-image-preview":"max-image-preview:large","max-video-preview":"max-video-preview:-1"},"canonical":"https:\/\/blog.holyart.it\/fr\/articles-religieux\/lhistoire-de-don-bosco\/","og_locale":"fr_FR","og_type":"article","og_title":"L\u2019histoire de Don Bosco - Holyart.fr Blog","og_description":"Parmi tous les saints et les bienheureux v\u00e9n\u00e9r\u00e9s par l\u2019\u00e9glise catholique, Saint Jean Bosco occupe une place tout \u00e0 fait sp\u00e9ciale. Fondateur des Sal\u00e9siens et des Filles de Marie-Auxiliatrice, il cr\u00e9a une nouvelle approche \u00e9ducative destin\u00e9e \u00e0 changer de mani\u00e8re radicale la destin\u00e9e de nombreux&hellip;","og_url":"https:\/\/blog.holyart.it\/fr\/articles-religieux\/lhistoire-de-don-bosco\/","og_site_name":"Holyart.fr Blog","article_published_time":"2021-02-09T08:30:10+00:00","article_modified_time":"2026-01-30T14:22:30+00:00","og_image":[{"width":1000,"height":666,"url":"https:\/\/blog.holyart.it\/fr\/wp-content\/uploads\/sites\/14\/2021\/03\/histoire-don-bosco.jpg","type":"image\/jpeg"}],"author":"Redazione","twitter_card":"summary_large_image","twitter_misc":{"\u00c9crit par":"Redazione","Dur\u00e9e de lecture estim\u00e9e":"13 minutes"},"schema":{"@context":"https:\/\/schema.org","@graph":[{"@type":"Article","@id":"https:\/\/blog.holyart.it\/fr\/articles-religieux\/lhistoire-de-don-bosco\/#article","isPartOf":{"@id":"https:\/\/blog.holyart.it\/fr\/articles-religieux\/lhistoire-de-don-bosco\/"},"author":{"name":"Redazione","@id":"https:\/\/blog.holyart.it\/fr\/#\/schema\/person\/0a7b686e5af0f856ec1e390dd0baecda"},"headline":"L\u2019histoire de Don Bosco","datePublished":"2021-02-09T08:30:10+00:00","dateModified":"2026-01-30T14:22:30+00:00","mainEntityOfPage":{"@id":"https:\/\/blog.holyart.it\/fr\/articles-religieux\/lhistoire-de-don-bosco\/"},"wordCount":2358,"publisher":{"@id":"https:\/\/blog.holyart.it\/fr\/#organization"},"image":{"@id":"https:\/\/blog.holyart.it\/fr\/articles-religieux\/lhistoire-de-don-bosco\/#primaryimage"},"thumbnailUrl":"https:\/\/blog.holyart.it\/fr\/wp-content\/uploads\/sites\/14\/2021\/03\/histoire-don-bosco.jpg","articleSection":["Religion"],"inLanguage":"fr-FR"},{"@type":"WebPage","@id":"https:\/\/blog.holyart.it\/fr\/articles-religieux\/lhistoire-de-don-bosco\/","url":"https:\/\/blog.holyart.it\/fr\/articles-religieux\/lhistoire-de-don-bosco\/","name":"L\u2019histoire de Don Bosco - Holyart.fr Blog","isPartOf":{"@id":"https:\/\/blog.holyart.it\/fr\/#website"},"primaryImageOfPage":{"@id":"https:\/\/blog.holyart.it\/fr\/articles-religieux\/lhistoire-de-don-bosco\/#primaryimage"},"image":{"@id":"https:\/\/blog.holyart.it\/fr\/articles-religieux\/lhistoire-de-don-bosco\/#primaryimage"},"thumbnailUrl":"https:\/\/blog.holyart.it\/fr\/wp-content\/uploads\/sites\/14\/2021\/03\/histoire-don-bosco.jpg","datePublished":"2021-02-09T08:30:10+00:00","dateModified":"2026-01-30T14:22:30+00:00","breadcrumb":{"@id":"https:\/\/blog.holyart.it\/fr\/articles-religieux\/lhistoire-de-don-bosco\/#breadcrumb"},"inLanguage":"fr-FR","potentialAction":[{"@type":"ReadAction","target":["https:\/\/blog.holyart.it\/fr\/articles-religieux\/lhistoire-de-don-bosco\/"]}]},{"@type":"ImageObject","inLanguage":"fr-FR","@id":"https:\/\/blog.holyart.it\/fr\/articles-religieux\/lhistoire-de-don-bosco\/#primaryimage","url":"https:\/\/blog.holyart.it\/fr\/wp-content\/uploads\/sites\/14\/2021\/03\/histoire-don-bosco.jpg","contentUrl":"https:\/\/blog.holyart.it\/fr\/wp-content\/uploads\/sites\/14\/2021\/03\/histoire-don-bosco.jpg","width":1000,"height":666,"caption":"histoire don bosco"},{"@type":"BreadcrumbList","@id":"https:\/\/blog.holyart.it\/fr\/articles-religieux\/lhistoire-de-don-bosco\/#breadcrumb","itemListElement":[{"@type":"ListItem","position":1,"name":"Homepage","item":"https:\/\/blog.holyart.it\/fr\/"},{"@type":"ListItem","position":2,"name":"Religion","item":"https:\/\/blog.holyart.it\/fr\/articles-religieux\/"},{"@type":"ListItem","position":3,"name":"L\u2019histoire de Don Bosco"}]},{"@type":"WebSite","@id":"https:\/\/blog.holyart.it\/fr\/#website","url":"https:\/\/blog.holyart.it\/fr\/","name":"Holyart.fr Blog","description":"Holyblog","publisher":{"@id":"https:\/\/blog.holyart.it\/fr\/#organization"},"potentialAction":[{"@type":"SearchAction","target":{"@type":"EntryPoint","urlTemplate":"https:\/\/blog.holyart.it\/fr\/?s={search_term_string}"},"query-input":{"@type":"PropertyValueSpecification","valueRequired":true,"valueName":"search_term_string"}}],"inLanguage":"fr-FR"},{"@type":"Organization","@id":"https:\/\/blog.holyart.it\/fr\/#organization","name":"Holyart.fr Blog","url":"https:\/\/blog.holyart.it\/fr\/","logo":{"@type":"ImageObject","inLanguage":"fr-FR","@id":"https:\/\/blog.holyart.it\/fr\/#\/schema\/logo\/image\/","url":"https:\/\/blog.holyart.it\/fr\/wp-content\/uploads\/sites\/14\/2022\/12\/Holyart_Blog_Logo.jpg","contentUrl":"https:\/\/blog.holyart.it\/fr\/wp-content\/uploads\/sites\/14\/2022\/12\/Holyart_Blog_Logo.jpg","width":300,"height":50,"caption":"Holyart.fr Blog"},"image":{"@id":"https:\/\/blog.holyart.it\/fr\/#\/schema\/logo\/image\/"}},{"@type":"Person","@id":"https:\/\/blog.holyart.it\/fr\/#\/schema\/person\/0a7b686e5af0f856ec1e390dd0baecda","name":"Redazione","image":{"@type":"ImageObject","inLanguage":"fr-FR","@id":"https:\/\/blog.holyart.it\/fr\/#\/schema\/person\/image\/","url":"https:\/\/secure.gravatar.com\/avatar\/f477da817f43e50d0af36abecd33e3edf826c68299714bdc1057dff3b113f516?s=96&d=mm&r=g","contentUrl":"https:\/\/secure.gravatar.com\/avatar\/f477da817f43e50d0af36abecd33e3edf826c68299714bdc1057dff3b113f516?s=96&d=mm&r=g","caption":"Redazione"},"url":"https:\/\/blog.holyart.it\/fr\/author\/admin\/"}]}},"_links":{"self":[{"href":"https:\/\/blog.holyart.it\/fr\/wp-json\/wp\/v2\/posts\/2485","targetHints":{"allow":["GET"]}}],"collection":[{"href":"https:\/\/blog.holyart.it\/fr\/wp-json\/wp\/v2\/posts"}],"about":[{"href":"https:\/\/blog.holyart.it\/fr\/wp-json\/wp\/v2\/types\/post"}],"author":[{"embeddable":true,"href":"https:\/\/blog.holyart.it\/fr\/wp-json\/wp\/v2\/users\/1"}],"replies":[{"embeddable":true,"href":"https:\/\/blog.holyart.it\/fr\/wp-json\/wp\/v2\/comments?post=2485"}],"version-history":[{"count":1,"href":"https:\/\/blog.holyart.it\/fr\/wp-json\/wp\/v2\/posts\/2485\/revisions"}],"predecessor-version":[{"id":11933,"href":"https:\/\/blog.holyart.it\/fr\/wp-json\/wp\/v2\/posts\/2485\/revisions\/11933"}],"wp:featuredmedia":[{"embeddable":true,"href":"https:\/\/blog.holyart.it\/fr\/wp-json\/wp\/v2\/media\/2486"}],"wp:attachment":[{"href":"https:\/\/blog.holyart.it\/fr\/wp-json\/wp\/v2\/media?parent=2485"}],"wp:term":[{"taxonomy":"category","embeddable":true,"href":"https:\/\/blog.holyart.it\/fr\/wp-json\/wp\/v2\/categories?post=2485"},{"taxonomy":"post_tag","embeddable":true,"href":"https:\/\/blog.holyart.it\/fr\/wp-json\/wp\/v2\/tags?post=2485"}],"curies":[{"name":"wp","href":"https:\/\/api.w.org\/{rel}","templated":true}]}}