{"id":2478,"date":"2021-02-04T17:12:32","date_gmt":"2021-02-04T16:12:32","guid":{"rendered":"https:\/\/blog.holyart.it\/fr\/?p=2478"},"modified":"2025-02-12T14:55:42","modified_gmt":"2025-02-12T13:55:42","slug":"mercredi-des-cendres-quest-ce-que-cest","status":"publish","type":"post","link":"https:\/\/blog.holyart.it\/fr\/paques\/mercredi-des-cendres-quest-ce-que-cest\/","title":{"rendered":"Mercredi des Cendres : qu\u2019est-ce que c\u2019est"},"content":{"rendered":"<h4 style=\"text-align: center;\"><em>Carnaval touche \u00e0 sa fin. Apr\u00e8s Mardi gras, il y a le Mercredi des Cendres, qui marque le d\u00e9but du Car\u00eame. Mais d\u2019o\u00f9 provient cette f\u00eate si particuli\u00e8re\u00a0?<\/em><\/h4>\n\n<p>Qu\u2019est-ce que le Mercredi des Cendres ? De quoi d\u00e9rive son dr\u00f4le de nom\u00a0?<br \/>\nNous connaissons tous le <strong>Carnaval<\/strong>, cette p\u00e9riode de f\u00eate pendant laquelle tout est permis (ou presque), o\u00f9 on se d\u00e9guise, on rit et on fait le plein de p\u00e2tisseries typiques et de nourriture savoureuse. Nous savons \u00e9galement que, une fois Carnaval fini, on commence le <strong>Car\u00eame<\/strong>, la p\u00e9riode de p\u00e9nitence et de je\u00fbne que les chr\u00e9tiens vivent en pr\u00e9paration de <a href=\"https:\/\/www.holyart.fr\/occasions-speciales\/paques-et-careme\"><strong>P\u00e2ques<\/strong><\/a>, qui dure quarante jours et d\u00e9bute pr\u00e9cis\u00e9ment avec le Mercredi des cendres pour se conclure la Jeudi Saint.<\/p>\n<p>Le Mercredi des Cendres est donc une sorte de journ\u00e9e charni\u00e8re, un passage important et symbolique qui marque la fin des exc\u00e8s et des bizarreries du Carnaval pour entrer dans un climat d\u2019aust\u00e9rit\u00e9, d\u2019ordre et de rigueur. Et les fid\u00e8les commencent \u00e0 s\u2019immerger tout de suite dans une nouvelle fa\u00e7on d\u2019\u00eatre. Si le Mardi gras repr\u00e9sente la derni\u00e8re occasion pour faire la f\u00eate et manger tous les plats riches et gras qui restent \u00e0 la maison, le Mercredi des Cendres commence avec <strong>je\u00fbne et abstinence de viande<\/strong>. Du reste, dans le nom m\u00eame de carnaval se renferme le sens de cette f\u00eate : il d\u00e9rive du <em>carnem levare<\/em>, \u00ab\u00a0enlever la viande\u00a0\u00bb.<\/p>\n<p>Pas toutes les villes ni les professions de foi ne font co\u00efncider le d\u00e9but du Car\u00eame avec le Mercredi des Cendres. Pour les \u00e9glises catholiques du rite romain et de nombreuses \u00e9glises protestantes il en est ainsi, mais \u00e0 Milan, par exemple, on applique le <strong>rite ambrosien<\/strong>, selon lequel le Car\u00eame est postpos\u00e9 de quatre jours, i.e. le dimanche suivant le mardi gras, tant que dans cette ville on f\u00eate \u00e9galement le <strong>Samedi gras<\/strong>. Les cendres qui caract\u00e9risent cette f\u00eate sont impos\u00e9es le dimanche, ou le lundi, tandis que le je\u00fbne et l\u2019abstinence sont postpos\u00e9s au vendredi suivant.<\/p>\n<p>Mais qu\u2019est-ce qu\u2019on c\u00e9l\u00e8bre en ce jour ?<\/p>\n<h2>Signification du Mercredi des Cendres<\/h2>\n<p>Le Mercredi des Cendres est une c\u00e9l\u00e9bration de <strong>p\u00e9nitence<\/strong> publique. Ou bien, \u00e0 vouloir \u00eatre plus pr\u00e9cis, il repr\u00e9sente le d\u00e9but d\u2019un parcours de renonciation et de sacrifice dans le but d\u2019obtenir la purification le matin de Jeudi Saint.<\/p>\n<p>Le nom de cette r\u00e9currence particuli\u00e8re d\u00e9rive de l\u2019utilisation qui lui est associ\u00e9e des <strong>cendres b\u00e9nites<\/strong>, obtenues des branches d\u2019olivier b\u00e9nits distribu\u00e9s le <strong>Dimanche des Palmiers<\/strong> de l\u2019ann\u00e9e pr\u00e9c\u00e9dente, br\u00fbl\u00e9es ensuite et conserv\u00e9es dans ce but. Ces cendres sont utilis\u00e9es par le pr\u00eatre pour tracer une croix sur la t\u00eate ou le front des fid\u00e8les durant la <a href=\"https:\/\/www.holyart.fr\/accessoires-pour-la-liturgie\"><strong>liturgie<\/strong><\/a> du Mercredi des Cendres.<\/p>\n<div class=\"link-article\">\n<p><img loading=\"lazy\" decoding=\"async\" class=\"alignleft size-full wp-image-2479\" src=\"https:\/\/blog.holyart.it\/fr\/wp-content\/uploads\/sites\/14\/2021\/03\/Rameaux-benits.jpg\" alt=\"Rameaux benits\" width=\"150\" height=\"99\" data-kale-share-title=\"Mercredi des Cendres : qu\u2019est-ce que c\u2019est\" data-kale-share-url=\"https:\/\/blog.holyart.it\/fr\/?p=2478\" \/><\/p>\n<div class=\"leggi-anche\">Lire aussi :<\/div>\n<p><strong><a href=\"https:\/\/www.holyart.fr\/blog\/occasions-speciales\/rameaux-benits-paques-les-garder-ou-les-jeter\/\">Rameaux b\u00e9nits \u00e0 P\u00e2ques : les garder ou les jeter ?<\/a><\/strong><br \/>\nPourquoi avoir choisi l\u2019olivier ? Et que sommes-nous cens\u00e9s faire avec ces rameaux une fois que P\u00e2ques est pass\u00e9e ?<\/p>\n<\/div>\n<h2>Mais pourquoi utilise-t-on des cendres\u00a0?<\/h2>\n<p>Depuis toujours, les cendres sont symbole de <strong>p\u00e9nitence<\/strong> et de la <strong>caducit\u00e9 de la vie sur terre<\/strong>, qui rend indispensable la conversion afin d\u2019obtenir la seule et unique immortalit\u00e9. Ce symbolisme li\u00e9 \u00e0 la <strong>fragilit\u00e9 humaine<\/strong> revient souvent dans la Bible. Pensons \u00e0 Abraham qui s\u2019adresse \u00e0 Dieu avec ces mots : \u00ab\u00a0<em>Voici, j&rsquo;ai os\u00e9 parler au Seigneur, moi qui ne suis que poudre et cendre\u00a0<\/em>\u00bb (Gen 18,27) ou Job qui dit\u00a0: \u00ab\u00a0<em>Dieu m&rsquo;a jet\u00e9 dans la boue, Et je ressemble \u00e0 la poussi\u00e8re et \u00e0 la cendre<\/em>\u00a0\u00bb (Job 30,19), pour ne citer que deux passages.<\/p>\n<p>De la m\u00eame mani\u00e8re, il y a de nombreux passages dans les Saintes \u00c9critures o\u00f9 les cendres sont utilis\u00e9es comme <strong>symbole de p\u00e9nitence<\/strong>. Du reste, les cendres \u00e9taient utilis\u00e9es dans les manifestations de douleur et de contrition m\u00eame dans les civilisation pr\u00e9chr\u00e9tiennes. Dans l\u2019ancienne <strong>Gr\u00e8ce<\/strong>, par exemple, on se saupoudrait la t\u00eate de cendres pour pleurer la mort d\u2019un \u00eatre cher. Au <strong>Moyen Orient<\/strong>, dans l\u2019antiquit\u00e9, pour manifester deuil ou repentance, on se versait des cendres sur la t\u00eate ou on s\u2019asseyait ou on se roulait dans des cendres.<\/p>\n<p>Le <strong>dicton<\/strong> italien \u00ab se r\u00e9pandre la t\u00eate de cendre\u00a0\u00bb nait pr\u00e9cis\u00e9ment de cette tradition et signifie \u00e9prouver du remord ou repentance pour quelque chose.<\/p>\n<p>Dans la <strong>Bible<\/strong>, pensons \u00e0 Mardoch\u00e9e qui pleure le destin de tous les juifs condamn\u00e9s par le cruel Roi Aman\u00a0: \u00ab\u00a0<em>d\u00e9chira ses v\u00eatements, s&rsquo;enveloppa d&rsquo;un sac et se couvrit de cendre. Puis il alla au milieu de la ville en poussant avec force des cris amers<\/em>\u00a0\u00bb (Esther 4,1-2). Mais les habitants de Ninive aussi, qui, convertis par Jonas, s\u2019habillent de sacs, tandis que leur roi s\u2019asseyait dans la cendre (Jonas 3,5-9), ou Judith qui invite le peuple \u00e0 faire p\u00e9nitence pour invoquer l\u2019aide de Dieu contre les envahisseurs\u00a0: \u00ab\u00a0<em>Tous les Isra\u00e9lites de J\u00e9rusalem, hommes, femmes et enfants, se jet\u00e8rent sur le sol devant le Temple, la t\u00eate couverte de cendres, et d\u00e9ploy\u00e8rent leurs sacs devant le Seigneur<\/em>\u00a0\u00bb (Judith 4,11). J\u00e9sus en personne invoque les cendres comme geste de <strong>repentance et contrition<\/strong>\u00a0: \u00ab\u00a0<em>Malheur \u00e0 toi, Chorazin! malheur \u00e0 toi, Bethsa\u00efda! car, si les miracles qui ont \u00e9t\u00e9 faits au milieu de vous avaient \u00e9t\u00e9 faits dans Tyr et dans Sidon, il y a longtemps qu&rsquo;elles se seraient repenties, en prenant le sac et la cendre<\/em>\u00a0\u00bb (Luc 10,13).<\/p>\n<div class=\"link-product\">\n<div class=\"blocco-immagine\"><img loading=\"lazy\" decoding=\"async\" class=\"alignnone size-full wp-image-2492\" src=\"https:\/\/blog.holyart.it\/fr\/wp-content\/uploads\/sites\/14\/2021\/02\/christ-ressuscite.jpg\" alt=\"christ ressuscite\" width=\"100\" height=\"100\" data-kale-share-title=\"Mercredi des Cendres : qu\u2019est-ce que c\u2019est\" data-kale-share-url=\"https:\/\/blog.holyart.it\/fr\/articles-religieux\/mercredi-des-cendres-quest-ce-que-cest\/\" \/><\/div>\n<div class=\"blocco-contenuto\">\n<div class=\"blocco-acquista\">Acheter sur Holyart:<\/div>\n<div class=\"blocco-titolo\"><a href=\"https:\/\/www.holyart.fr\/occasions-speciales\/paques-et-careme\/christ-ressuscite-pretre-et-roi\">CHRIST RESSUSCIT\u00c9<\/a><\/div>\n<div class=\"blocco-descrizione\">Rayon Pascal d\u00e9di\u00e9 au crucifix avec Christ ressuscit\u00e9<\/div>\n<\/div>\n<\/div>\n<p>Au X si\u00e8cle, l\u2019usage de b\u00e9nir les cendres \u00e9tait d\u00e9j\u00e0 r\u00e9pandu. La b\u00e9n\u00e9diction des cendres est un <strong>sacramental<\/strong>, un des actes de cultes institu\u00e9s par le Si\u00e8ge Apostolique dans le but d\u2019obtenir des b\u00e9n\u00e9fices spirituels. Les personnes qui le re\u00e7oivent, le font en invoquant l\u2019esprit de la v\u00e9ritable p\u00e9nitence.<\/p>\n<p>Dans le pass\u00e9, au cours de la liturgie du Mercredi des Cendres, le pr\u00eatre imposait les cendres sur le front des fid\u00e8les en r\u00e9citant cette <strong>formule<\/strong>\u00a0: \u00ab\u00a0<em>Memento, homo, quia pulvis es, et in pulverem reverteris\u00a0\u00bb<\/em>,\u00a0<em>Rappelle-toi que tu es poussi\u00e8re, et tu retourneras dans la poussi\u00e8re<\/em>\u00a0(Gen\u00e8se 3,19).<\/p>\n<p>Avec le <strong>Concile Vatican II<\/strong>, on \u00e9tablit de changer cette formule, qui est toutefois encore utilis\u00e9e dans la forme extraordinaire du rite romain. La <strong>nouvelle formule<\/strong> qui accompagne l\u2019imposition des cendres est : \u00ab <em>P\u00e6nitemini, et credite Evangelio \u00bb,\u00a0R\u00e9pentez-vous et croyez \u00e0 la bonne nouvelle<\/em>\u00a0\u00bb (Marc 1, 15). Cette formule est tir\u00e9e de l\u2019\u00c9vangile de Marc. Voici l\u2019extrait complet : \u00ab\u00a0<em>Apr\u00e8s que Jean eut \u00e9t\u00e9 livr\u00e9, J\u00e9sus alla dans la Galil\u00e9e, pr\u00eachant l&rsquo;Evangile de Dieu.<\/em><em> Il disait: Le temps est accompli, et le royaume de Dieu est proche. Repentez-vous, et croyez \u00e0 la bonne nouvelle<\/em> \u00bb.<\/p>\n<p>Les deux formules sont en r\u00e9alit\u00e9 li\u00e9es en quelque sorte, puisque qui est conscient de la caducit\u00e9 de sa condition humaine, de son destin in\u00e9luctable de devenir poussi\u00e8re, ne peut trouver que dans l\u2019\u00c9vangile et dans sa promesse le salut \u00e9ternel.<\/p>\n<p>La Liturgie du Mercredi des Cendres pr\u00e9voit la <strong>couleur violette<\/strong> pour les ornements sacerdotaux. Le pr\u00eatre c\u00e9l\u00e9brant portera <a href=\"https:\/\/www.holyart.fr\/accessoires-pour-la-liturgie\/vetements-liturgiques-et-linges-dautel\/etoles-liturgiques\/etole-diaconale-croix-polyester\"><strong>\u00e9tole<\/strong><\/a> et chasuble violettes, tandis que le diacre arborera une \u00e9tole diaconale et une dalmatique violettes. La c\u00e9l\u00e9bration liturgique pr\u00e9voit l\u2019imposition des cendres en substitution de l\u2019acte de p\u00e9nitence. Le Pr\u00eatre b\u00e9nit les cendres apr\u00e8s l\u2019Hom\u00e9lie.<\/p>\n<div class=\"link-product\">\n<div class=\"blocco-immagine\"><img loading=\"lazy\" decoding=\"async\" class=\"alignnone size-full wp-image-2483\" src=\"https:\/\/blog.holyart.it\/fr\/wp-content\/uploads\/sites\/14\/2021\/02\/etole-diaconale.jpg\" alt=\"etole diaconale\" width=\"100\" height=\"100\" data-kale-share-title=\"Mercredi des Cendres : qu\u2019est-ce que c\u2019est\" data-kale-share-url=\"https:\/\/blog.holyart.it\/fr\/articles-religieux\/mercredi-des-cendres-quest-ce-que-cest\/\" \/><\/div>\n<div class=\"blocco-contenuto\">\n<div class=\"blocco-acquista\">Acheter sur Holyart:<\/div>\n<div class=\"blocco-titolo\"><a href=\"https:\/\/www.holyart.fr\/accessoires-pour-la-liturgie\/vetements-liturgiques-et-linges-dautel\/etoles-liturgiques\">\u00c9TOLES LITURGIQUES<\/a><\/div>\n<div class=\"blocco-descrizione\">\u00c9toles religieuses pour pr\u00eatre ou pour diacres<\/div>\n<\/div>\n<\/div>\n<h2>Je\u00fbne du Mercredi des Cendres<\/h2>\n<p>Le je\u00fbne revient dans toutes les religions, depuis toujours. M\u00eame de nos jours, les musulmans c\u00e9l\u00e8brent le Ramadan, les juifs le Kippur et les chr\u00e9tiens le Car\u00eame.<\/p>\n<p>Les chr\u00e9tiens pratiquent le je\u00fbne et l\u2019abstinence de viande comme p\u00e9nitence certains jours de l\u2019an, r\u00e9gul\u00e9s par la constitution apostolique<em>\u00a0Paenitemini<\/em>\u00a0du 17 f\u00e9vrier 1966 \u00e9crite par pape Paul VI et d\u00e9taill\u00e9s par le Code de Droit Canonique.<\/p>\n<div class=\"link-article\">\n<p><img loading=\"lazy\" decoding=\"async\" class=\"alignleft size-full wp-image-2491\" src=\"https:\/\/blog.holyart.it\/fr\/wp-content\/uploads\/sites\/14\/2021\/02\/Le-jeune-propose-par-Notre-Dame-de-Medjugorje.jpg\" alt=\"Le jeune propose par Notre Dame de Medjugorje\" width=\"150\" height=\"99\" data-kale-share-title=\"Mercredi des Cendres : qu\u2019est-ce que c\u2019est\" data-kale-share-url=\"https:\/\/blog.holyart.it\/fr\/articles-religieux\/mercredi-des-cendres-quest-ce-que-cest\/\" \/><\/p>\n<div class=\"leggi-anche\">Lire aussi :<\/div>\n<p><strong><a href=\"https:\/\/www.holyart.fr\/blog\/articles-religieux\/le-jeune-propose-par-notre-dame-de-medjugorje\/\">Le je\u00fbne propos\u00e9 par Notre-Dame de Medjugorje<\/a><\/strong><br \/>\nQuelles sont les r\u00e8gles pour se soumettre au je\u00fbne de mani\u00e8re correcte ?<\/p>\n<\/div>\n<p>En particulier, les fid\u00e8les, \u00e0 partir de leurs dix-huit ans jusqu\u2019au soixante, doivent respecter le <strong>je\u00fbne eccl\u00e9siastique <\/strong>et l\u2019abstinence de viande deux fois par an, le <strong>Mercredi des Cendres<\/strong> et le <strong>Vendredi Saint<\/strong>. Le Samedi Saint les deux obligations sont conseill\u00e9es.<\/p>\n<p>Le je\u00fbne ne signifie pas qu\u2019on ne peut rien manger. Un seul repas durant toute la journ\u00e9e est consenti, on peut boire de l\u2019eau et ils existent des exceptions accept\u00e9es pour les malades et pour ceux qui ont des probl\u00e8mes de nature vari\u00e9e.<\/p>\n<p>L&rsquo;usage d\u2019observer le je\u00fbne \u00e0 l\u2019occasion du Mercredi des Cendres remonte \u00e0 Sant Gr\u00e9goire le Grand, VII si\u00e8cle. \u00c0 l\u2019\u00e9poque, le mercredi pr\u00e9c\u00e9dent le 1er dimanche de Car\u00eame \u00e9tait appel\u00e9\u00a0<em>caput ieiunii<\/em>, \u00ab\u00a0d\u00e9but du je\u00fbne\u00a0\u00bb, ou bien\u00a0<em>caput Quadragesimae<\/em>, \u00ab\u00a0d\u00e9but du Car\u00eame\u00a0\u00bb.<\/p>\n<p>L\u2019<strong>abstinence de viande <\/strong>est r\u00e9gul\u00e9e par la constitution apostolique<em>\u00a0Paenitemini<\/em>. L\u2019\u00c9glise catholique impose de ne pas manger de viande dans les jours de je\u00fbne. Le <strong>vendredi<\/strong> est consid\u00e9r\u00e9 comme jour de je\u00fbne, durant lequel il est conc\u00e9d\u00e9 de manger du poisson. Cette r\u00e8gle vaut pour tous les vendredi, y exclus ceux qui tombent l\u2019un des jours de f\u00eate de pr\u00e9cepte, i.e. une des solennit\u00e9s reprises par le calendrier liturgique.<\/p>\n<p>Aujourd\u2019hui, nous pouvons prendre en consid\u00e9ration d\u2019autres formes d\u2019abstinence et de p\u00e9nitence \u00e0 pratiquer pendant le Car\u00eame, en plus du je\u00fbne. Cigarette, t\u00e9l\u00e9vision, boissons alcoolis\u00e9es, mais aussi l\u2019utilisation des social network. Tout ce qui, en somme, comporte un sacrifice de notre part peut devenir un moyen pour manifester notre envie de purification.<\/p>\n<p style=\"text-align: center;\"><div class=\"sp-styles-warning\" style=\"width: 450px; background-color: #FFF; color: #F00; border: 1px solid #F00; padding: 10px; font-size: 14px;\">\n\t\t\t<span style=\"font-weight: bold;\">Warning: The stylesheets were not loaded!<\/span> \n\t\t\tYou will need to change the <i>Load stylesheets<\/i> setting from <i>Automatically<\/i> to <i>On homepage<\/i> or <i>On all pages<\/i>. \n\t\t\tYou can set that <a style=\"text-decoration: underline; color: #F00;\" href=\"https:\/\/blog.holyart.it\/fr\/wp-admin\/admin.php?page=sliderpro-settings\">here<\/a>.\n\t\t\t<\/div>\r\n<div id=\"slider-pro-30\" class=\"slider-pro sp-no-js\" style=\"width: 500px; height: 500px;\">\r\n\t<div class=\"sp-slides\">\r\n\t\t\r\n\t\t<div class=\"sp-slide\">\r\n\t\t\t<img loading=\"lazy\" decoding=\"async\" class=\"sp-image\" src=\"https:\/\/blog.holyart.it\/fr\/wp-content\/uploads\/sites\/14\/2021\/03\/icone-lavage-des-pieds.jpg\" alt=\"icone lavage des pieds\" width=\"500\" height=\"500\" \/>\r\n\t\t\t<div class=\"sp-thumbnail\"><img decoding=\"async\" src=\"https:\/\/blog.holyart.it\/fr\/wp-content\/uploads\/sites\/14\/2021\/03\/icone-lavage-des-pieds-150x150.jpg\" \/>\r\n\t\t\t<\/div>\r\n\t\t\t<div class=\"sp-caption\">Lavage des pieds<br \/><strong><a href=\"https:\/\/www.holyart.fr\/articles-religieux\/icones-religieuses\/icones-roumaines-peintes\/icone-40x60-cm-lavage-des-pieds\">Acheter sur Holyart<\/a><\/strong><\/div>\r\n\t\t<\/div>\r\n\t\t<div class=\"sp-slide\">\r\n\t\t\t<img loading=\"lazy\" decoding=\"async\" class=\"sp-image\" src=\"https:\/\/blog.holyart.it\/fr\/wp-content\/uploads\/sites\/14\/2021\/03\/icone-imprimee-resurrection.jpg\" alt=\"icone imprimee resurrection\" width=\"500\" height=\"500\" \/>\r\n\t\t\t<div class=\"sp-thumbnail\"><img decoding=\"async\" src=\"https:\/\/blog.holyart.it\/fr\/wp-content\/uploads\/sites\/14\/2021\/03\/icone-imprimee-resurrection-150x150.jpg\" \/>\r\n\t\t\t<\/div>\r\n\t\t\t<div class=\"sp-caption\">Ic\u00f4ne imprim\u00e9e r\u00e9surrection<br \/><strong><a href=\"https:\/\/www.holyart.fr\/articles-religieux\/icones-religieuses\/icones-imprimees-sur-bois-et-pierre\/icone-imprimee-resurrection\">Acheter sur Holyart<\/a><\/strong><\/div>\r\n\t\t<\/div>\r\n\t\t<div class=\"sp-slide\">\r\n\t\t\t<img loading=\"lazy\" decoding=\"async\" class=\"sp-image\" src=\"https:\/\/blog.holyart.it\/fr\/wp-content\/uploads\/sites\/14\/2021\/03\/bas-relief-jesus-dans-le-gethsemani.jpg\" alt=\"bas-relief jesus dans le gethsemani\" width=\"500\" height=\"500\" \/>\r\n\t\t\t<div class=\"sp-thumbnail\"><img decoding=\"async\" src=\"https:\/\/blog.holyart.it\/fr\/wp-content\/uploads\/sites\/14\/2021\/03\/bas-relief-jesus-dans-le-gethsemani-150x150.jpg\" \/>\r\n\t\t\t<\/div>\r\n\t\t\t<div class=\"sp-caption\">Bas-relief J\u00e9sus dans le Geths\u00e9mani<br \/><strong><a href=\"https:\/\/www.holyart.fr\/articles-religieux\/bas-reliefs\/bas-reliefs-en-pierre\/bas-relief-jesus-dans-le-gethsemani\">Acheter sur Holyart<\/a><\/strong><\/div>\r\n\t\t<\/div>\r\n\t\t<div class=\"sp-slide\">\r\n\t\t\t<img loading=\"lazy\" decoding=\"async\" class=\"sp-image\" src=\"https:\/\/blog.holyart.it\/fr\/wp-content\/uploads\/sites\/14\/2021\/03\/impression-bois-la-cene-de-da-vinci.jpg\" alt=\"impression bois la cene de da vinci\" width=\"500\" height=\"500\" \/>\r\n\t\t\t<div class=\"sp-thumbnail\"><img decoding=\"async\" src=\"https:\/\/blog.holyart.it\/fr\/wp-content\/uploads\/sites\/14\/2021\/03\/impression-bois-la-cene-de-da-vinci-150x150.jpg\" \/>\r\n\t\t\t<\/div>\r\n\t\t\t<div class=\"sp-caption\">Impression bois La C\u00e8ne de De Vinci<br \/><strong><a href=\"https:\/\/www.holyart.fr\/articles-religieux\/tableaux-gravures-manuscrit-enlumine\/impression-bois-la-cene-de-de-vinci\">Acheter sur Holyart<\/a><\/strong><\/div>\r\n\t\t<\/div>\r\n\t\t<div class=\"sp-slide\">\r\n\t\t\t<img loading=\"lazy\" decoding=\"async\" class=\"sp-image\" src=\"https:\/\/blog.holyart.it\/fr\/wp-content\/uploads\/sites\/14\/2021\/03\/bas-relief-predication-de-levangile.jpg\" alt=\"bas-relief predication de levangile\" width=\"500\" height=\"500\" \/>\r\n\t\t\t<div class=\"sp-thumbnail\"><img decoding=\"async\" src=\"https:\/\/blog.holyart.it\/fr\/wp-content\/uploads\/sites\/14\/2021\/03\/bas-relief-predication-de-levangile-150x150.jpg\" \/>\r\n\t\t\t<\/div>\r\n\t\t\t<div class=\"sp-caption\">Bas-relief pr\u00e9dication de l'Evangile<br \/><strong><a href=\"https:\/\/www.holyart.fr\/articles-religieux\/bas-reliefs\/bas-reliefs-en-pierre\/bas-relief-predication-de-levangile\">Acheter sur Holyart<\/a><\/strong><\/div>\r\n\t\t<\/div>\r\n\t\t<div class=\"sp-slide\">\r\n\t\t\t<img loading=\"lazy\" decoding=\"async\" class=\"sp-image\" src=\"https:\/\/blog.holyart.it\/fr\/wp-content\/uploads\/sites\/14\/2021\/03\/icone-de-la-derniere-cene.jpg\" alt=\"icone de la derniere cene\" width=\"500\" height=\"500\" \/>\r\n\t\t\t<div class=\"sp-thumbnail\"><img decoding=\"async\" src=\"https:\/\/blog.holyart.it\/fr\/wp-content\/uploads\/sites\/14\/2021\/03\/icone-de-la-derniere-cene-150x150.jpg\" \/>\r\n\t\t\t<\/div>\r\n\t\t\t<div class=\"sp-caption\">Ic\u00f4ne de la derni\u00e8re c\u00e8ne<br \/><strong><a href=\"https:\/\/www.holyart.fr\/articles-religieux\/icones-religieuses\/icones-grecques\/icone-de-la-derniere-cene\">Acheter sur Holyart<\/a><\/strong><\/div>\r\n\t\t<\/div>\r\n\t<\/div>\r\n<\/div><\/p>\n","protected":false},"excerpt":{"rendered":"<p>Carnaval touche \u00e0 sa fin. Apr\u00e8s Mardi gras, il y a le Mercredi des Cendres, qui marque le d\u00e9but du Car\u00eame. Mais d\u2019o\u00f9 provient cette f\u00eate si particuli\u00e8re\u00a0? Qu\u2019est-ce que le Mercredi des Cendres ? De quoi d\u00e9rive son dr\u00f4le de nom\u00a0? Nous connaissons tous&hellip;<\/p>\n","protected":false},"author":1,"featured_media":2482,"comment_status":"closed","ping_status":"open","sticky":false,"template":"","format":"standard","meta":{"_acf_changed":false,"footnotes":""},"categories":[14,8],"tags":[],"class_list":["post-2478","post","type-post","status-publish","format-standard","has-post-thumbnail","hentry","category-paques","category-articles-religieux"],"acf":[],"yoast_head":"<!-- This site is optimized with the Yoast SEO plugin v26.6 - https:\/\/yoast.com\/wordpress\/plugins\/seo\/ -->\n<title>Mercredi des Cendres : qu\u2019est-ce que c\u2019est - Holyart.fr Blog<\/title>\n<meta name=\"description\" content=\"Apr\u00e8s Mardi gras, il y a le Mercredi des Cendres, qui marque le d\u00e9but du Car\u00eame. Mais d\u2019o\u00f9 provient cette f\u00eate si particuli\u00e8re\u00a0?\" \/>\n<meta name=\"robots\" content=\"index, follow, max-snippet:-1, max-image-preview:large, max-video-preview:-1\" \/>\n<link rel=\"canonical\" href=\"https:\/\/blog.holyart.it\/fr\/paques\/mercredi-des-cendres-quest-ce-que-cest\/\" \/>\n<meta property=\"og:locale\" content=\"fr_FR\" \/>\n<meta property=\"og:type\" content=\"article\" \/>\n<meta property=\"og:title\" content=\"Mercredi des Cendres : qu\u2019est-ce que c\u2019est - Holyart.fr Blog\" \/>\n<meta property=\"og:description\" content=\"Apr\u00e8s Mardi gras, il y a le Mercredi des Cendres, qui marque le d\u00e9but du Car\u00eame. Mais d\u2019o\u00f9 provient cette f\u00eate si particuli\u00e8re\u00a0?\" \/>\n<meta property=\"og:url\" content=\"https:\/\/blog.holyart.it\/fr\/paques\/mercredi-des-cendres-quest-ce-que-cest\/\" \/>\n<meta property=\"og:site_name\" content=\"Holyart.fr Blog\" \/>\n<meta property=\"article:published_time\" content=\"2021-02-04T16:12:32+00:00\" \/>\n<meta property=\"article:modified_time\" content=\"2025-02-12T13:55:42+00:00\" \/>\n<meta property=\"og:image\" content=\"https:\/\/blog.holyart.it\/fr\/wp-content\/uploads\/sites\/14\/2021\/02\/Mercredi-des-Cendres.jpeg\" \/>\n\t<meta property=\"og:image:width\" content=\"1000\" \/>\n\t<meta property=\"og:image:height\" content=\"666\" \/>\n\t<meta property=\"og:image:type\" content=\"image\/jpeg\" \/>\n<meta name=\"author\" content=\"Redazione\" \/>\n<meta name=\"twitter:card\" content=\"summary_large_image\" \/>\n<meta name=\"twitter:label1\" content=\"\u00c9crit par\" \/>\n\t<meta name=\"twitter:data1\" content=\"Redazione\" \/>\n\t<meta name=\"twitter:label2\" content=\"Dur\u00e9e de lecture estim\u00e9e\" \/>\n\t<meta name=\"twitter:data2\" content=\"9 minutes\" \/>\n<script type=\"application\/ld+json\" class=\"yoast-schema-graph\">{\"@context\":\"https:\/\/schema.org\",\"@graph\":[{\"@type\":\"Article\",\"@id\":\"https:\/\/blog.holyart.it\/fr\/paques\/mercredi-des-cendres-quest-ce-que-cest\/#article\",\"isPartOf\":{\"@id\":\"https:\/\/blog.holyart.it\/fr\/paques\/mercredi-des-cendres-quest-ce-que-cest\/\"},\"author\":{\"name\":\"Redazione\",\"@id\":\"https:\/\/blog.holyart.it\/fr\/#\/schema\/person\/0a7b686e5af0f856ec1e390dd0baecda\"},\"headline\":\"Mercredi des Cendres : qu\u2019est-ce que c\u2019est\",\"datePublished\":\"2021-02-04T16:12:32+00:00\",\"dateModified\":\"2025-02-12T13:55:42+00:00\",\"mainEntityOfPage\":{\"@id\":\"https:\/\/blog.holyart.it\/fr\/paques\/mercredi-des-cendres-quest-ce-que-cest\/\"},\"wordCount\":1742,\"publisher\":{\"@id\":\"https:\/\/blog.holyart.it\/fr\/#organization\"},\"image\":{\"@id\":\"https:\/\/blog.holyart.it\/fr\/paques\/mercredi-des-cendres-quest-ce-que-cest\/#primaryimage\"},\"thumbnailUrl\":\"https:\/\/blog.holyart.it\/fr\/wp-content\/uploads\/sites\/14\/2021\/02\/Mercredi-des-Cendres.jpeg\",\"articleSection\":[\"P\u00e2ques\",\"Religion\"],\"inLanguage\":\"fr-FR\"},{\"@type\":\"WebPage\",\"@id\":\"https:\/\/blog.holyart.it\/fr\/paques\/mercredi-des-cendres-quest-ce-que-cest\/\",\"url\":\"https:\/\/blog.holyart.it\/fr\/paques\/mercredi-des-cendres-quest-ce-que-cest\/\",\"name\":\"Mercredi des Cendres : qu\u2019est-ce que c\u2019est - Holyart.fr Blog\",\"isPartOf\":{\"@id\":\"https:\/\/blog.holyart.it\/fr\/#website\"},\"primaryImageOfPage\":{\"@id\":\"https:\/\/blog.holyart.it\/fr\/paques\/mercredi-des-cendres-quest-ce-que-cest\/#primaryimage\"},\"image\":{\"@id\":\"https:\/\/blog.holyart.it\/fr\/paques\/mercredi-des-cendres-quest-ce-que-cest\/#primaryimage\"},\"thumbnailUrl\":\"https:\/\/blog.holyart.it\/fr\/wp-content\/uploads\/sites\/14\/2021\/02\/Mercredi-des-Cendres.jpeg\",\"datePublished\":\"2021-02-04T16:12:32+00:00\",\"dateModified\":\"2025-02-12T13:55:42+00:00\",\"description\":\"Apr\u00e8s Mardi gras, il y a le Mercredi des Cendres, qui marque le d\u00e9but du Car\u00eame. Mais d\u2019o\u00f9 provient cette f\u00eate si particuli\u00e8re\u00a0?\",\"breadcrumb\":{\"@id\":\"https:\/\/blog.holyart.it\/fr\/paques\/mercredi-des-cendres-quest-ce-que-cest\/#breadcrumb\"},\"inLanguage\":\"fr-FR\",\"potentialAction\":[{\"@type\":\"ReadAction\",\"target\":[\"https:\/\/blog.holyart.it\/fr\/paques\/mercredi-des-cendres-quest-ce-que-cest\/\"]}]},{\"@type\":\"ImageObject\",\"inLanguage\":\"fr-FR\",\"@id\":\"https:\/\/blog.holyart.it\/fr\/paques\/mercredi-des-cendres-quest-ce-que-cest\/#primaryimage\",\"url\":\"https:\/\/blog.holyart.it\/fr\/wp-content\/uploads\/sites\/14\/2021\/02\/Mercredi-des-Cendres.jpeg\",\"contentUrl\":\"https:\/\/blog.holyart.it\/fr\/wp-content\/uploads\/sites\/14\/2021\/02\/Mercredi-des-Cendres.jpeg\",\"width\":1000,\"height\":666,\"caption\":\"Mercredi des Cendres\"},{\"@type\":\"BreadcrumbList\",\"@id\":\"https:\/\/blog.holyart.it\/fr\/paques\/mercredi-des-cendres-quest-ce-que-cest\/#breadcrumb\",\"itemListElement\":[{\"@type\":\"ListItem\",\"position\":1,\"name\":\"Homepage\",\"item\":\"https:\/\/blog.holyart.it\/fr\/\"},{\"@type\":\"ListItem\",\"position\":2,\"name\":\"P\u00e2ques\",\"item\":\"https:\/\/blog.holyart.it\/fr\/paques\/\"},{\"@type\":\"ListItem\",\"position\":3,\"name\":\"Mercredi des Cendres : qu\u2019est-ce que c\u2019est\"}]},{\"@type\":\"WebSite\",\"@id\":\"https:\/\/blog.holyart.it\/fr\/#website\",\"url\":\"https:\/\/blog.holyart.it\/fr\/\",\"name\":\"Holyart.fr Blog\",\"description\":\"Holyblog\",\"publisher\":{\"@id\":\"https:\/\/blog.holyart.it\/fr\/#organization\"},\"potentialAction\":[{\"@type\":\"SearchAction\",\"target\":{\"@type\":\"EntryPoint\",\"urlTemplate\":\"https:\/\/blog.holyart.it\/fr\/?s={search_term_string}\"},\"query-input\":{\"@type\":\"PropertyValueSpecification\",\"valueRequired\":true,\"valueName\":\"search_term_string\"}}],\"inLanguage\":\"fr-FR\"},{\"@type\":\"Organization\",\"@id\":\"https:\/\/blog.holyart.it\/fr\/#organization\",\"name\":\"Holyart.fr Blog\",\"url\":\"https:\/\/blog.holyart.it\/fr\/\",\"logo\":{\"@type\":\"ImageObject\",\"inLanguage\":\"fr-FR\",\"@id\":\"https:\/\/blog.holyart.it\/fr\/#\/schema\/logo\/image\/\",\"url\":\"https:\/\/blog.holyart.it\/fr\/wp-content\/uploads\/sites\/14\/2022\/12\/Holyart_Blog_Logo.jpg\",\"contentUrl\":\"https:\/\/blog.holyart.it\/fr\/wp-content\/uploads\/sites\/14\/2022\/12\/Holyart_Blog_Logo.jpg\",\"width\":300,\"height\":50,\"caption\":\"Holyart.fr Blog\"},\"image\":{\"@id\":\"https:\/\/blog.holyart.it\/fr\/#\/schema\/logo\/image\/\"}},{\"@type\":\"Person\",\"@id\":\"https:\/\/blog.holyart.it\/fr\/#\/schema\/person\/0a7b686e5af0f856ec1e390dd0baecda\",\"name\":\"Redazione\",\"image\":{\"@type\":\"ImageObject\",\"inLanguage\":\"fr-FR\",\"@id\":\"https:\/\/blog.holyart.it\/fr\/#\/schema\/person\/image\/\",\"url\":\"https:\/\/secure.gravatar.com\/avatar\/f477da817f43e50d0af36abecd33e3edf826c68299714bdc1057dff3b113f516?s=96&d=mm&r=g\",\"contentUrl\":\"https:\/\/secure.gravatar.com\/avatar\/f477da817f43e50d0af36abecd33e3edf826c68299714bdc1057dff3b113f516?s=96&d=mm&r=g\",\"caption\":\"Redazione\"},\"url\":\"https:\/\/blog.holyart.it\/fr\/author\/admin\/\"}]}<\/script>\n<!-- \/ Yoast SEO plugin. -->","yoast_head_json":{"title":"Mercredi des Cendres : qu\u2019est-ce que c\u2019est - Holyart.fr Blog","description":"Apr\u00e8s Mardi gras, il y a le Mercredi des Cendres, qui marque le d\u00e9but du Car\u00eame. Mais d\u2019o\u00f9 provient cette f\u00eate si particuli\u00e8re\u00a0?","robots":{"index":"index","follow":"follow","max-snippet":"max-snippet:-1","max-image-preview":"max-image-preview:large","max-video-preview":"max-video-preview:-1"},"canonical":"https:\/\/blog.holyart.it\/fr\/paques\/mercredi-des-cendres-quest-ce-que-cest\/","og_locale":"fr_FR","og_type":"article","og_title":"Mercredi des Cendres : qu\u2019est-ce que c\u2019est - Holyart.fr Blog","og_description":"Apr\u00e8s Mardi gras, il y a le Mercredi des Cendres, qui marque le d\u00e9but du Car\u00eame. Mais d\u2019o\u00f9 provient cette f\u00eate si particuli\u00e8re\u00a0?","og_url":"https:\/\/blog.holyart.it\/fr\/paques\/mercredi-des-cendres-quest-ce-que-cest\/","og_site_name":"Holyart.fr Blog","article_published_time":"2021-02-04T16:12:32+00:00","article_modified_time":"2025-02-12T13:55:42+00:00","og_image":[{"width":1000,"height":666,"url":"https:\/\/blog.holyart.it\/fr\/wp-content\/uploads\/sites\/14\/2021\/02\/Mercredi-des-Cendres.jpeg","type":"image\/jpeg"}],"author":"Redazione","twitter_card":"summary_large_image","twitter_misc":{"\u00c9crit par":"Redazione","Dur\u00e9e de lecture estim\u00e9e":"9 minutes"},"schema":{"@context":"https:\/\/schema.org","@graph":[{"@type":"Article","@id":"https:\/\/blog.holyart.it\/fr\/paques\/mercredi-des-cendres-quest-ce-que-cest\/#article","isPartOf":{"@id":"https:\/\/blog.holyart.it\/fr\/paques\/mercredi-des-cendres-quest-ce-que-cest\/"},"author":{"name":"Redazione","@id":"https:\/\/blog.holyart.it\/fr\/#\/schema\/person\/0a7b686e5af0f856ec1e390dd0baecda"},"headline":"Mercredi des Cendres : qu\u2019est-ce que c\u2019est","datePublished":"2021-02-04T16:12:32+00:00","dateModified":"2025-02-12T13:55:42+00:00","mainEntityOfPage":{"@id":"https:\/\/blog.holyart.it\/fr\/paques\/mercredi-des-cendres-quest-ce-que-cest\/"},"wordCount":1742,"publisher":{"@id":"https:\/\/blog.holyart.it\/fr\/#organization"},"image":{"@id":"https:\/\/blog.holyart.it\/fr\/paques\/mercredi-des-cendres-quest-ce-que-cest\/#primaryimage"},"thumbnailUrl":"https:\/\/blog.holyart.it\/fr\/wp-content\/uploads\/sites\/14\/2021\/02\/Mercredi-des-Cendres.jpeg","articleSection":["P\u00e2ques","Religion"],"inLanguage":"fr-FR"},{"@type":"WebPage","@id":"https:\/\/blog.holyart.it\/fr\/paques\/mercredi-des-cendres-quest-ce-que-cest\/","url":"https:\/\/blog.holyart.it\/fr\/paques\/mercredi-des-cendres-quest-ce-que-cest\/","name":"Mercredi des Cendres : qu\u2019est-ce que c\u2019est - Holyart.fr Blog","isPartOf":{"@id":"https:\/\/blog.holyart.it\/fr\/#website"},"primaryImageOfPage":{"@id":"https:\/\/blog.holyart.it\/fr\/paques\/mercredi-des-cendres-quest-ce-que-cest\/#primaryimage"},"image":{"@id":"https:\/\/blog.holyart.it\/fr\/paques\/mercredi-des-cendres-quest-ce-que-cest\/#primaryimage"},"thumbnailUrl":"https:\/\/blog.holyart.it\/fr\/wp-content\/uploads\/sites\/14\/2021\/02\/Mercredi-des-Cendres.jpeg","datePublished":"2021-02-04T16:12:32+00:00","dateModified":"2025-02-12T13:55:42+00:00","description":"Apr\u00e8s Mardi gras, il y a le Mercredi des Cendres, qui marque le d\u00e9but du Car\u00eame. Mais d\u2019o\u00f9 provient cette f\u00eate si particuli\u00e8re\u00a0?","breadcrumb":{"@id":"https:\/\/blog.holyart.it\/fr\/paques\/mercredi-des-cendres-quest-ce-que-cest\/#breadcrumb"},"inLanguage":"fr-FR","potentialAction":[{"@type":"ReadAction","target":["https:\/\/blog.holyart.it\/fr\/paques\/mercredi-des-cendres-quest-ce-que-cest\/"]}]},{"@type":"ImageObject","inLanguage":"fr-FR","@id":"https:\/\/blog.holyart.it\/fr\/paques\/mercredi-des-cendres-quest-ce-que-cest\/#primaryimage","url":"https:\/\/blog.holyart.it\/fr\/wp-content\/uploads\/sites\/14\/2021\/02\/Mercredi-des-Cendres.jpeg","contentUrl":"https:\/\/blog.holyart.it\/fr\/wp-content\/uploads\/sites\/14\/2021\/02\/Mercredi-des-Cendres.jpeg","width":1000,"height":666,"caption":"Mercredi des Cendres"},{"@type":"BreadcrumbList","@id":"https:\/\/blog.holyart.it\/fr\/paques\/mercredi-des-cendres-quest-ce-que-cest\/#breadcrumb","itemListElement":[{"@type":"ListItem","position":1,"name":"Homepage","item":"https:\/\/blog.holyart.it\/fr\/"},{"@type":"ListItem","position":2,"name":"P\u00e2ques","item":"https:\/\/blog.holyart.it\/fr\/paques\/"},{"@type":"ListItem","position":3,"name":"Mercredi des Cendres : qu\u2019est-ce que c\u2019est"}]},{"@type":"WebSite","@id":"https:\/\/blog.holyart.it\/fr\/#website","url":"https:\/\/blog.holyart.it\/fr\/","name":"Holyart.fr Blog","description":"Holyblog","publisher":{"@id":"https:\/\/blog.holyart.it\/fr\/#organization"},"potentialAction":[{"@type":"SearchAction","target":{"@type":"EntryPoint","urlTemplate":"https:\/\/blog.holyart.it\/fr\/?s={search_term_string}"},"query-input":{"@type":"PropertyValueSpecification","valueRequired":true,"valueName":"search_term_string"}}],"inLanguage":"fr-FR"},{"@type":"Organization","@id":"https:\/\/blog.holyart.it\/fr\/#organization","name":"Holyart.fr Blog","url":"https:\/\/blog.holyart.it\/fr\/","logo":{"@type":"ImageObject","inLanguage":"fr-FR","@id":"https:\/\/blog.holyart.it\/fr\/#\/schema\/logo\/image\/","url":"https:\/\/blog.holyart.it\/fr\/wp-content\/uploads\/sites\/14\/2022\/12\/Holyart_Blog_Logo.jpg","contentUrl":"https:\/\/blog.holyart.it\/fr\/wp-content\/uploads\/sites\/14\/2022\/12\/Holyart_Blog_Logo.jpg","width":300,"height":50,"caption":"Holyart.fr Blog"},"image":{"@id":"https:\/\/blog.holyart.it\/fr\/#\/schema\/logo\/image\/"}},{"@type":"Person","@id":"https:\/\/blog.holyart.it\/fr\/#\/schema\/person\/0a7b686e5af0f856ec1e390dd0baecda","name":"Redazione","image":{"@type":"ImageObject","inLanguage":"fr-FR","@id":"https:\/\/blog.holyart.it\/fr\/#\/schema\/person\/image\/","url":"https:\/\/secure.gravatar.com\/avatar\/f477da817f43e50d0af36abecd33e3edf826c68299714bdc1057dff3b113f516?s=96&d=mm&r=g","contentUrl":"https:\/\/secure.gravatar.com\/avatar\/f477da817f43e50d0af36abecd33e3edf826c68299714bdc1057dff3b113f516?s=96&d=mm&r=g","caption":"Redazione"},"url":"https:\/\/blog.holyart.it\/fr\/author\/admin\/"}]}},"_links":{"self":[{"href":"https:\/\/blog.holyart.it\/fr\/wp-json\/wp\/v2\/posts\/2478","targetHints":{"allow":["GET"]}}],"collection":[{"href":"https:\/\/blog.holyart.it\/fr\/wp-json\/wp\/v2\/posts"}],"about":[{"href":"https:\/\/blog.holyart.it\/fr\/wp-json\/wp\/v2\/types\/post"}],"author":[{"embeddable":true,"href":"https:\/\/blog.holyart.it\/fr\/wp-json\/wp\/v2\/users\/1"}],"replies":[{"embeddable":true,"href":"https:\/\/blog.holyart.it\/fr\/wp-json\/wp\/v2\/comments?post=2478"}],"version-history":[{"count":1,"href":"https:\/\/blog.holyart.it\/fr\/wp-json\/wp\/v2\/posts\/2478\/revisions"}],"predecessor-version":[{"id":5896,"href":"https:\/\/blog.holyart.it\/fr\/wp-json\/wp\/v2\/posts\/2478\/revisions\/5896"}],"wp:featuredmedia":[{"embeddable":true,"href":"https:\/\/blog.holyart.it\/fr\/wp-json\/wp\/v2\/media\/2482"}],"wp:attachment":[{"href":"https:\/\/blog.holyart.it\/fr\/wp-json\/wp\/v2\/media?parent=2478"}],"wp:term":[{"taxonomy":"category","embeddable":true,"href":"https:\/\/blog.holyart.it\/fr\/wp-json\/wp\/v2\/categories?post=2478"},{"taxonomy":"post_tag","embeddable":true,"href":"https:\/\/blog.holyart.it\/fr\/wp-json\/wp\/v2\/tags?post=2478"}],"curies":[{"name":"wp","href":"https:\/\/api.w.org\/{rel}","templated":true}]}}