{"id":2442,"date":"2021-01-26T16:46:02","date_gmt":"2021-01-26T15:46:02","guid":{"rendered":"https:\/\/blog.holyart.it\/fr\/?p=2442"},"modified":"2025-08-29T12:17:36","modified_gmt":"2025-08-29T10:17:36","slug":"saint-patrick-la-fete-curiosites-et-histoire","status":"publish","type":"post","link":"https:\/\/blog.holyart.it\/fr\/articles-religieux\/saint-patrick-la-fete-curiosites-et-histoire\/","title":{"rendered":"Saint Patrick : la f\u00eate, curiosit\u00e9s et histoire"},"content":{"rendered":"<h4 style=\"text-align: center;\"><em>Le 17 mars, on f\u00eate Saint Patrick, Saint Patron d\u2019Irlande. Une f\u00eate remplie de joie, couleurs (surtout le vert) et musique. Mais qui \u00e9tait ce saint toujours autant aim\u00e9 par les irlandais du monde entier\u00a0?<\/em><\/h4>\n\n<p>Saint Patrick, Saint Patron d\u2019Irlande, mais \u00e9galement du Nig\u00e9ria, de Montserrat, New York et Boston, mais aussi Saint Protecteur des ing\u00e9nieurs, doit sa c\u00e9l\u00e9brit\u00e9 \u00e0 la <strong>Saint Patrick&rsquo;s Day<\/strong>, la plus grande f\u00eate nationale d\u2019Irlande, f\u00eat\u00e9e par contre dans le monde entier, partout o\u00f9 il y a une communaut\u00e9 irlandaise. Une f\u00eate joyeuse et remplie de musique et de couleurs, c\u00e9l\u00e9br\u00e9e avec des d\u00e9fil\u00e9s, des concerts, des spectacles pyrotechniques et des soir\u00e9es arros\u00e9es de bi\u00e8re au pub. La couleur dominante est le <strong>vert<\/strong>, car l\u2019Irlande est \u00e9galement connue comme l\u2019<em>\u00eele verte<\/em>. Beaucoup de gens se peignent le visage en vert pour cette occasion ou portent des v\u00eatements ou des chapeaux de cette couleur.<\/p>\n<div class=\"link-article\">\n<p><img loading=\"lazy\" decoding=\"async\" class=\"alignleft size-full wp-image-2446\" src=\"https:\/\/blog.holyart.it\/fr\/wp-content\/uploads\/sites\/14\/2021\/01\/Biere-monastique.jpg\" alt=\"Biere monastique\" width=\"150\" height=\"99\" data-kale-share-title=\"Saint Patrick : la f\u00eate, curiosit\u00e9s et histoire\" data-kale-share-url=\"https:\/\/blog.holyart.it\/fr\/articles-religieux\/saint-patrick-la-fete-curiosites-et-histoire\/\" \/><\/p>\n<div class=\"leggi-anche\">Lire aussi :<\/div>\n<p><strong><a href=\"https:\/\/www.holyart.fr\/blog\/monasteres\/biere-monastique\/\">Bi\u00e8re monastique<\/a><\/strong><br \/>\nLa production de bi\u00e8re dans les monast\u00e8res nait d\u2019exigences tr\u00e8s pratiques et contingentes.<\/p>\n<\/div>\n<p>En outre, un des symboles de Saint Patrick est le <strong>tr\u00e8fle<\/strong>. La l\u00e9gende veut que le Saint, pendant son apostolat, l\u2019utilisait comme exemple afin d\u2019expliquer aux irlandais le concept de Trinit\u00e9. Ce n\u2019est pas un hasard si ceux qui trouve un tr\u00e8fle le jour de la Saint Patrick est destiner \u00e0 avoir le double de chance pour le restant de l\u2019ann\u00e9e.<\/p>\n<p>Qu\u2019est-ce qu\u2019on fait le jour de la Saint Patrick\u00a0? L\u2019id\u00e9al serait de se rendre aux Ch\u00e2teau de Blarney \u00e0 Cork et d\u2019embrasser la Blarney Stone, une pierre situ\u00e9e au sommet d\u2019une haute tour qui conf\u00e8re le don de l\u2019\u00e9loquence \u00e0 qui y pose ses l\u00e8vres. Mais si vous ne pouvez pas vous rendre jusque-l\u00e0, il y a d\u2019autres moyens pour rendre hommage \u00e0 ce saint si sp\u00e9cial. Il suffit d\u00e9j\u00e0 de porter quelque chose de vert et si possible\u2026 d\u2019embrasser un irlandais\u00a0!<\/p>\n<p>Mais qui \u00e9tait-ce Saint Patrick ?<\/p>\n<h2>L\u2019Histoire de Saint Patrick<\/h2>\n<p>Son v\u00e9ritable nom \u00e9tait Maewyin Succat, n\u00e9 dans la Bretagne insulaire romaine entre 385 et 392 apr.-J.C. et appartenant \u00e0 une famille de nobles propri\u00e9taires terriers.<\/p>\n<p>Il avait \u00e0 peine seize ans quand il fut enlev\u00e9 par des pirates irlandais et vendu comme esclave au Roi de Dalriada (ou D\u00e1l Riata ou Dalriata), un r\u00e8gne qui comprenait un partie de l\u2019\u00c9cosse et de l\u2019Irlande dont les habitants \u00e9taient les Scots, \u00ab\u00a0pilleurs\u00a0\u00bb, \u00ab envahisseurs\u00a0\u00bb. Dans les ann\u00e9es pass\u00e9es aupr\u00e8s de ces gens, le jeune apprit la <strong>langue ga\u00e9lique<\/strong> et la <strong>mythologie celtique<\/strong>, qui lui auraient \u00e9t\u00e9 tr\u00e8s utiles ensuite afin de se rapprocher aux peuples d\u2019Irlande. Quand il arriva enfin \u00e0 retourner aupr\u00e8s de sa famille, il avait choisi de <strong>se convertir au christianisme<\/strong> et pronon\u00e7a ses v\u0153ux en devenant d\u2019abord diacre, avec le nom latin de Patrick, et ensuite \u00e9v\u00eaque en 420 apr.-J.C.<\/p>\n<div class=\"link-product\">\n<div class=\"blocco-immagine\"><img loading=\"lazy\" decoding=\"async\" class=\"alignnone size-full wp-image-2448\" src=\"https:\/\/blog.holyart.it\/fr\/wp-content\/uploads\/sites\/14\/2021\/01\/Saint-patrick-statue.jpg\" alt=\"Saint patrick statue\" width=\"100\" height=\"100\" data-kale-share-title=\"Saint Patrick : la f\u00eate, curiosit\u00e9s et histoire\" data-kale-share-url=\"https:\/\/blog.holyart.it\/fr\/articles-religieux\/saint-patrick-la-fete-curiosites-et-histoire\/\" \/><\/div>\n<div class=\"blocco-contenuto\">\n<div class=\"blocco-acquista\">Acheter sur Holyart:<\/div>\n<div class=\"blocco-titolo\"><a href=\"https:\/\/www.holyart.fr\/articles-religieux\/statues\/statues-en-platre\/saint-patrick-20-cm-statue-en-platre\">Saint Patrick statue<\/a><\/div>\n<div class=\"blocco-descrizione\">Statue en pl\u00e2tre peinte \u00e0 la main en Italie<\/div>\n<\/div>\n<\/div>\n<p>Ce fut Pape C\u00e9lestin I qui lui confia la t\u00e2che d\u00e9licate d\u2019<strong>\u00e9vang\u00e9liser l\u2019Irlande <\/strong>et les \u00eeles britanniques. D\u00e9licat car \u00e0 l\u2019\u00e9poque ces terres \u00e9taient pa\u00efennes et peupl\u00e9es de nombreuses tribus diff\u00e9rentes. Saint Patrick ne se d\u00e9couragea pas. Les ann\u00e9es \u00e0 la cour de Muirchu, Roi des D\u00e1l Riata, lui avaient donn\u00e9 les connaissances n\u00e9cessaires pour pouvoir entrer en relation avec les gens qui habitaient ces lieux sauvages. Il commen\u00e7a d\u00e8s le d\u00e9but \u00e0 pr\u00eacher en <strong>ga\u00e9lique<\/strong>, langue locale, et \u00e0 voyager partout en Irlande en promouvant le <strong>Christianisme celtique<\/strong>, qui reprenait des anciennes traditions locales en les d\u00e9clinant en cl\u00e9 catholique. Il suffit de penser \u00e0 la <strong>croix celtique<\/strong>, constitu\u00e9e d\u2019un cercle vide pos\u00e9 sur une croix latine, de mani\u00e8re \u00e0 ce que le centre du cercle co\u00efncide avec le point d\u2019intersection des bras de la croix, et qui se refait probablement \u00e0 la <em>roue solaire<\/em> (ancienne rune du soleil noir) \u00e0 la <em>croix solaire<\/em> (qui repr\u00e9sentait le Soleil et \u00e9tait le symbole du pouvoir) et d\u2019autres symboles pr\u00e9chr\u00e9tiens.<\/p>\n<div class=\"link-article\">\n<p><img loading=\"lazy\" decoding=\"async\" class=\"alignleft size-full wp-image-2449\" src=\"https:\/\/blog.holyart.it\/fr\/wp-content\/uploads\/sites\/14\/2021\/01\/Types-de-Croix-1.jpg\" alt=\"Types de Croix\" width=\"150\" height=\"99\" data-kale-share-title=\"Saint Patrick : la f\u00eate, curiosit\u00e9s et histoire\" data-kale-share-url=\"https:\/\/blog.holyart.it\/fr\/articles-religieux\/saint-patrick-la-fete-curiosites-et-histoire\/\" \/><\/p>\n<div class=\"leggi-anche\">Lire aussi :<\/div>\n<p><strong><a href=\"https:\/\/www.holyart.fr\/blog\/articles-religieux\/types-de-croix-et-leurs-significations\/\">Types de Croix et leurs significations<\/a><\/strong><br \/>\nD\u00e9couvrons ensemble quels sont les diff\u00e9rents types de croix et leur signification symbolique<\/p>\n<\/div>\n<p>Patrick fonda des abbayes et des monast\u00e8res et travailla pour aider <strong>les pauvres et les n\u00e9cessiteux<\/strong>.<\/p>\n<p>Parmi <strong>les l\u00e9gendes et les actes miraculeux<\/strong> qui lui sont attribu\u00e9s, rappelons l\u2019<strong>\u00e9limination des serpents <\/strong>de l\u2019\u00eele verte (on raconte que gr\u00e2ce \u00e0 lui il n\u2019y a plus de serpents en Irlande) et le <strong>mircale de l\u2019aub\u00e9pine<\/strong> (le saint aurait pos\u00e9 sur un buisson de cette plante son manteau pour s\u00e9cher apr\u00e8s l\u2019avoir utiliser comme radeau pour traverser une fleuve et, depuis lors, l\u2019aub\u00e9pine fleurit en hiver).<\/p>\n<p>Sa <em>B\u00e9n\u00e9diction du Voyageur Irlandais<\/em> (Irish journey blessing) est c\u00e9l\u00e8bre encore aujourd\u2019hui\u00a0:<\/p>\n<p><em>May the road rise to meet you,<\/em><br \/>\n<em>may the wind be always at your back,<\/em><br \/>\n<em>may the sun shine warm upon your face,<\/em><br \/>\n<em>and the rains fall soft upon your fields and,<\/em><br \/>\n<em>until we meet again, may God hold you in the palm of His hand.<\/em><\/p>\n<p>\u00ab\u00a0Que la route s&rsquo;ouvre \u00e0 ton approche,<br \/>\nque le vent souffle toujours dans ton dos,<br \/>\nque le soleil inonde et r\u00e9chauffe ton visage,<br \/>\nque la pluie ruisselle dans tes champs,<br \/>\net jusqu&rsquo;\u00e0 notre prochaine rencontre,<br \/>\nque Dieu te garde dans la paume de ses mains.\u00a0\u00bb<\/p>\n<div class=\"link-product\">\n<div class=\"blocco-immagine\"><img loading=\"lazy\" decoding=\"async\" class=\"alignnone size-full wp-image-2450\" src=\"https:\/\/blog.holyart.it\/fr\/wp-content\/uploads\/sites\/14\/2021\/01\/Chapelet-verre-St-Patrick.jpg\" alt=\"Chapelet verre St Patrick\" width=\"100\" height=\"100\" data-kale-share-title=\"Saint Patrick : la f\u00eate, curiosit\u00e9s et histoire\" data-kale-share-url=\"https:\/\/blog.holyart.it\/fr\/articles-religieux\/saint-patrick-la-fete-curiosites-et-histoire\/\" \/><\/div>\n<div class=\"blocco-contenuto\">\n<div class=\"blocco-acquista\">Acheter sur Holyart:<\/div>\n<div class=\"blocco-titolo\"><a href=\"https:\/\/www.holyart.fr\/articles-religieux\/chapelets-et-etuis-a-chapelet\/chapelets-en-verre\/chapelet-verre-st-patrick-grains-en-trefle-8x6-mm\">Chapelet verre St Patrick<\/a><\/div>\n<div class=\"blocco-descrizione\">Chapelet de Saint Patrick grains en verre vert forme de tr\u00e8fle<\/div>\n<\/div>\n<\/div>\n<h2>Quel est le jour de la Saint Patrick<\/h2>\n<p>La plupart des historiens indique le 17 mars 461 apr. J.-C. comme jour de la mort de Saint Patrick. Le Saint serait mort \u00e0 Saul, dans la cont\u00e9e de Down, et aurait \u00e9t\u00e9 transport\u00e9 dans l\u2019actuel. Depuis 1600, le 17 mars on comm\u00e9more l\u2019arriv\u00e9 du christianisme en Irlande gr\u00e2ce au Saint et c\u2019est jour de f\u00eate nationale en R\u00e9publique d\u2019Irlande. C\u2019est une des f\u00eates nationales les plus c\u00e9l\u00e9br\u00e9es au monde.<\/p>\n<figure id=\"attachment_2452\" aria-describedby=\"caption-attachment-2452\" style=\"width: 1000px\" class=\"wp-caption aligncenter\"><img loading=\"lazy\" decoding=\"async\" class=\"wp-image-2452 size-full\" src=\"https:\/\/blog.holyart.it\/fr\/wp-content\/uploads\/sites\/14\/2021\/01\/jour-de-la-saint-patrick-new-york-city.jpg\" alt=\"jour de la saint patrick new york city\" width=\"1000\" height=\"712\" data-kale-share-title=\"Saint Patrick : la f\u00eate, curiosit\u00e9s et histoire\" data-kale-share-url=\"https:\/\/blog.holyart.it\/fr\/articles-religieux\/saint-patrick-la-fete-curiosites-et-histoire\/\" \/><figcaption id=\"caption-attachment-2452\" class=\"wp-caption-text\"><center>F\u00eate de la Saint-Patrick \u00e0 New York<\/center><\/figcaption><\/figure>\n<h2>Pourquoi Saint Patrick est si important en Irlande ?<\/h2>\n<p>Les irlandais f\u00eatent le Saint Patrick&rsquo;s Day, ou St. Paddy&rsquo;s Day (en irlandais : L\u00e1 &lsquo;le P\u00e1draig ou bien L\u00e1 Fh\u00e9ile P\u00e1draig) depuis le IX et le X si\u00e8cle. Sur toute l\u2019\u00eele, mais aussi dans chaque pays du monde qui accueille une communaut\u00e9 irlandaise, de grands d\u00e9fil\u00e9s, des banquets et des danses fr\u00e9n\u00e9tiques ont lieu. La grande protagoniste de cette f\u00eate est la <strong>bi\u00e8re<\/strong>, en particulier la Guinness, typique bi\u00e8re brune irlandaise, utilis\u00e9e \u00e9galement pour pr\u00e9parer le g\u00e2teau <em>Guinness Cake<\/em>, et le <strong>cidre<\/strong> obtenu de la fermentation des pommes. On mange le <em>roast dinner<\/em>, de la viande de b\u0153uf bouillie, servie avec des pommes de terre r\u00f4ties, des petits pois et des carottes, le <em>soda bread<\/em> et l\u2019<em>apple tart<\/em> (tarte aux pommes).<\/p>\n<div class=\"link-product\">\n<div class=\"blocco-immagine\"><img loading=\"lazy\" decoding=\"async\" class=\"alignnone size-full wp-image-2454\" src=\"https:\/\/blog.holyart.it\/fr\/wp-content\/uploads\/sites\/14\/2021\/01\/Biere-trappiste.jpg\" alt=\"Biere trappiste\" width=\"100\" height=\"100\" data-kale-share-title=\"Saint Patrick : la f\u00eate, curiosit\u00e9s et histoire\" data-kale-share-url=\"https:\/\/blog.holyart.it\/fr\/articles-religieux\/saint-patrick-la-fete-curiosites-et-histoire\/\" \/><\/div>\n<div class=\"blocco-contenuto\">\n<div class=\"blocco-acquista\">Acheter sur Holyart:<\/div>\n<div class=\"blocco-titolo\"><a href=\"https:\/\/www.holyart.fr\/produits-des-monasteres\/bieres-trappistes-et-dabbaye\/biere-trappiste-moines-de-labbaye-tre-fontane-75cl\">Bi\u00e8re trappiste<\/a><\/div>\n<div class=\"blocco-descrizione\">Bi\u00e8re trappiste Moines de l&rsquo;Abbaye Tre Fontane 75cl<\/div>\n<\/div>\n<\/div>\n<h2>O\u00f9 se trouve le puits de Saint Patrice ?<\/h2>\n<p>Une autre l\u00e9gende raconte qu\u2019\u00e0 un moment donn\u00e9 Saint Patrick se retira en pri\u00e8re dans l\u2019\u00eele lacustre de Lough Derg, dans le comt\u00e9 irlandais de Donegal. Ici s\u2019ouvrait une caverne si profonde qu\u2019on disait qu\u2019on y avait acc\u00e8s aux portes du Purgatoire. Pour cette raison, ce lieu fut surnomm\u00e9 le <em>Purgatoire de Saint Patrice ou Puits de Saint Patrice<\/em>. La grotte a \u00e9t\u00e9 mur\u00e9e en 1497 et aujourd\u2019hui il y surgit une \u00e9glise, lieu de p\u00e8lerinage p\u00e9nitentiel.<\/p>\n<p>\u00c0 Orvieto, en Italie, Pape Cl\u00e9ment VII ordonna entre 1527 et 1537 la construction du Puits de Saint Patrice. Il s\u2019agit d\u2019un chef d\u2019\u0153uvre d\u2019ing\u00e9nierie r\u00e9alis\u00e9 par Antonio da Sangallo le Jeune comme refuge en cas de si\u00e8ge. En effet, le puits est structur\u00e9 de mani\u00e8re \u00e0 \u00eatre facilement rempli d\u2019eau. Il s\u2019agit d\u2019une structure creus\u00e9e dans tuf qui s\u2019enfonce dans la terre pour 54 m\u00e8tres avec deux rampes d\u2019escaliers h\u00e9lico\u00efdaux \u00e0 sens unique. Son diam\u00e8tre est de 13 m\u00e8tres. Il prend son nom du lieu de retraite du Saint Irlandais.<\/p>\n<p>Aujourd\u2019hui, avec la d\u00e9finition de <em>puits de Saint Patrice<\/em> on entend \u00e9galement une r\u00e9serve infinie de richesse ou bien une entreprise interminable qui consomme temps et \u00e9nergies inutilement.<\/p>\n<p><img loading=\"lazy\" decoding=\"async\" class=\"aligncenter wp-image-11035 size-full\" src=\"https:\/\/blog.holyart.it\/fr\/wp-content\/uploads\/sites\/14\/2021\/01\/puits-de-Saint-Patrice.jpg\" alt=\"puits de Saint Patrice\" width=\"1000\" height=\"666\" data-kale-share-title=\"Saint Patrick : la f\u00eate, curiosit\u00e9s et histoire\" data-kale-share-url=\"https:\/\/blog.holyart.it\/fr\/articles-religieux\/saint-patrick-la-fete-curiosites-et-histoire\/\" \/><\/p>\n","protected":false},"excerpt":{"rendered":"<p>Le 17 mars, on f\u00eate Saint Patrick, Saint Patron d\u2019Irlande. Une f\u00eate remplie de joie, couleurs (surtout le vert) et musique. Mais qui \u00e9tait ce saint toujours autant aim\u00e9 par les irlandais du monde entier\u00a0? Saint Patrick, Saint Patron d\u2019Irlande, mais \u00e9galement du Nig\u00e9ria, de&hellip;<\/p>\n","protected":false},"author":1,"featured_media":2444,"comment_status":"closed","ping_status":"open","sticky":false,"template":"","format":"standard","meta":{"_acf_changed":false,"footnotes":""},"categories":[8],"tags":[],"class_list":["post-2442","post","type-post","status-publish","format-standard","has-post-thumbnail","hentry","category-articles-religieux"],"acf":[],"yoast_head":"<!-- This site is optimized with the Yoast SEO plugin v26.6 - https:\/\/yoast.com\/wordpress\/plugins\/seo\/ -->\n<title>Saint Patrick : la f\u00eate, curiosit\u00e9s et histoire - Holyart.fr Blog<\/title>\n<meta name=\"description\" content=\"Le 17 mars, on f\u00eate Saint Patrick, Saint Patron d\u2019Irlande. Mais qui \u00e9tait ce saint toujours autant aim\u00e9 par les irlandais du monde entier\u00a0?\" \/>\n<meta name=\"robots\" content=\"index, follow, max-snippet:-1, max-image-preview:large, max-video-preview:-1\" \/>\n<link rel=\"canonical\" href=\"https:\/\/blog.holyart.it\/fr\/articles-religieux\/saint-patrick-la-fete-curiosites-et-histoire\/\" \/>\n<meta property=\"og:locale\" content=\"fr_FR\" \/>\n<meta property=\"og:type\" content=\"article\" \/>\n<meta property=\"og:title\" content=\"Saint Patrick : la f\u00eate, curiosit\u00e9s et histoire - Holyart.fr Blog\" \/>\n<meta property=\"og:description\" content=\"Le 17 mars, on f\u00eate Saint Patrick, Saint Patron d\u2019Irlande. Mais qui \u00e9tait ce saint toujours autant aim\u00e9 par les irlandais du monde entier\u00a0?\" \/>\n<meta property=\"og:url\" content=\"https:\/\/blog.holyart.it\/fr\/articles-religieux\/saint-patrick-la-fete-curiosites-et-histoire\/\" \/>\n<meta property=\"og:site_name\" content=\"Holyart.fr Blog\" \/>\n<meta property=\"article:published_time\" content=\"2021-01-26T15:46:02+00:00\" \/>\n<meta property=\"article:modified_time\" content=\"2025-08-29T10:17:36+00:00\" \/>\n<meta property=\"og:image\" content=\"https:\/\/blog.holyart.it\/fr\/wp-content\/uploads\/sites\/14\/2021\/01\/Saint-Patrick.jpg\" \/>\n\t<meta property=\"og:image:width\" content=\"1000\" \/>\n\t<meta property=\"og:image:height\" content=\"666\" \/>\n\t<meta property=\"og:image:type\" content=\"image\/jpeg\" \/>\n<meta name=\"author\" content=\"Redazione\" \/>\n<meta name=\"twitter:card\" content=\"summary_large_image\" \/>\n<meta name=\"twitter:label1\" content=\"\u00c9crit par\" \/>\n\t<meta name=\"twitter:data1\" content=\"Redazione\" \/>\n\t<meta name=\"twitter:label2\" content=\"Dur\u00e9e de lecture estim\u00e9e\" \/>\n\t<meta name=\"twitter:data2\" content=\"9 minutes\" \/>\n<script type=\"application\/ld+json\" class=\"yoast-schema-graph\">{\"@context\":\"https:\/\/schema.org\",\"@graph\":[{\"@type\":\"Article\",\"@id\":\"https:\/\/blog.holyart.it\/fr\/articles-religieux\/saint-patrick-la-fete-curiosites-et-histoire\/#article\",\"isPartOf\":{\"@id\":\"https:\/\/blog.holyart.it\/fr\/articles-religieux\/saint-patrick-la-fete-curiosites-et-histoire\/\"},\"author\":{\"name\":\"Redazione\",\"@id\":\"https:\/\/blog.holyart.it\/fr\/#\/schema\/person\/0a7b686e5af0f856ec1e390dd0baecda\"},\"headline\":\"Saint Patrick : la f\u00eate, curiosit\u00e9s et histoire\",\"datePublished\":\"2021-01-26T15:46:02+00:00\",\"dateModified\":\"2025-08-29T10:17:36+00:00\",\"mainEntityOfPage\":{\"@id\":\"https:\/\/blog.holyart.it\/fr\/articles-religieux\/saint-patrick-la-fete-curiosites-et-histoire\/\"},\"wordCount\":1479,\"publisher\":{\"@id\":\"https:\/\/blog.holyart.it\/fr\/#organization\"},\"image\":{\"@id\":\"https:\/\/blog.holyart.it\/fr\/articles-religieux\/saint-patrick-la-fete-curiosites-et-histoire\/#primaryimage\"},\"thumbnailUrl\":\"https:\/\/blog.holyart.it\/fr\/wp-content\/uploads\/sites\/14\/2021\/01\/Saint-Patrick.jpg\",\"articleSection\":[\"Religion\"],\"inLanguage\":\"fr-FR\"},{\"@type\":\"WebPage\",\"@id\":\"https:\/\/blog.holyart.it\/fr\/articles-religieux\/saint-patrick-la-fete-curiosites-et-histoire\/\",\"url\":\"https:\/\/blog.holyart.it\/fr\/articles-religieux\/saint-patrick-la-fete-curiosites-et-histoire\/\",\"name\":\"Saint Patrick : la f\u00eate, curiosit\u00e9s et histoire - Holyart.fr Blog\",\"isPartOf\":{\"@id\":\"https:\/\/blog.holyart.it\/fr\/#website\"},\"primaryImageOfPage\":{\"@id\":\"https:\/\/blog.holyart.it\/fr\/articles-religieux\/saint-patrick-la-fete-curiosites-et-histoire\/#primaryimage\"},\"image\":{\"@id\":\"https:\/\/blog.holyart.it\/fr\/articles-religieux\/saint-patrick-la-fete-curiosites-et-histoire\/#primaryimage\"},\"thumbnailUrl\":\"https:\/\/blog.holyart.it\/fr\/wp-content\/uploads\/sites\/14\/2021\/01\/Saint-Patrick.jpg\",\"datePublished\":\"2021-01-26T15:46:02+00:00\",\"dateModified\":\"2025-08-29T10:17:36+00:00\",\"description\":\"Le 17 mars, on f\u00eate Saint Patrick, Saint Patron d\u2019Irlande. Mais qui \u00e9tait ce saint toujours autant aim\u00e9 par les irlandais du monde entier\u00a0?\",\"breadcrumb\":{\"@id\":\"https:\/\/blog.holyart.it\/fr\/articles-religieux\/saint-patrick-la-fete-curiosites-et-histoire\/#breadcrumb\"},\"inLanguage\":\"fr-FR\",\"potentialAction\":[{\"@type\":\"ReadAction\",\"target\":[\"https:\/\/blog.holyart.it\/fr\/articles-religieux\/saint-patrick-la-fete-curiosites-et-histoire\/\"]}]},{\"@type\":\"ImageObject\",\"inLanguage\":\"fr-FR\",\"@id\":\"https:\/\/blog.holyart.it\/fr\/articles-religieux\/saint-patrick-la-fete-curiosites-et-histoire\/#primaryimage\",\"url\":\"https:\/\/blog.holyart.it\/fr\/wp-content\/uploads\/sites\/14\/2021\/01\/Saint-Patrick.jpg\",\"contentUrl\":\"https:\/\/blog.holyart.it\/fr\/wp-content\/uploads\/sites\/14\/2021\/01\/Saint-Patrick.jpg\",\"width\":1000,\"height\":666,\"caption\":\"Saint Patrick\"},{\"@type\":\"BreadcrumbList\",\"@id\":\"https:\/\/blog.holyart.it\/fr\/articles-religieux\/saint-patrick-la-fete-curiosites-et-histoire\/#breadcrumb\",\"itemListElement\":[{\"@type\":\"ListItem\",\"position\":1,\"name\":\"Homepage\",\"item\":\"https:\/\/blog.holyart.it\/fr\/\"},{\"@type\":\"ListItem\",\"position\":2,\"name\":\"Religion\",\"item\":\"https:\/\/blog.holyart.it\/fr\/articles-religieux\/\"},{\"@type\":\"ListItem\",\"position\":3,\"name\":\"Saint Patrick : la f\u00eate, curiosit\u00e9s et histoire\"}]},{\"@type\":\"WebSite\",\"@id\":\"https:\/\/blog.holyart.it\/fr\/#website\",\"url\":\"https:\/\/blog.holyart.it\/fr\/\",\"name\":\"Holyart.fr Blog\",\"description\":\"Holyblog\",\"publisher\":{\"@id\":\"https:\/\/blog.holyart.it\/fr\/#organization\"},\"potentialAction\":[{\"@type\":\"SearchAction\",\"target\":{\"@type\":\"EntryPoint\",\"urlTemplate\":\"https:\/\/blog.holyart.it\/fr\/?s={search_term_string}\"},\"query-input\":{\"@type\":\"PropertyValueSpecification\",\"valueRequired\":true,\"valueName\":\"search_term_string\"}}],\"inLanguage\":\"fr-FR\"},{\"@type\":\"Organization\",\"@id\":\"https:\/\/blog.holyart.it\/fr\/#organization\",\"name\":\"Holyart.fr Blog\",\"url\":\"https:\/\/blog.holyart.it\/fr\/\",\"logo\":{\"@type\":\"ImageObject\",\"inLanguage\":\"fr-FR\",\"@id\":\"https:\/\/blog.holyart.it\/fr\/#\/schema\/logo\/image\/\",\"url\":\"https:\/\/blog.holyart.it\/fr\/wp-content\/uploads\/sites\/14\/2022\/12\/Holyart_Blog_Logo.jpg\",\"contentUrl\":\"https:\/\/blog.holyart.it\/fr\/wp-content\/uploads\/sites\/14\/2022\/12\/Holyart_Blog_Logo.jpg\",\"width\":300,\"height\":50,\"caption\":\"Holyart.fr Blog\"},\"image\":{\"@id\":\"https:\/\/blog.holyart.it\/fr\/#\/schema\/logo\/image\/\"}},{\"@type\":\"Person\",\"@id\":\"https:\/\/blog.holyart.it\/fr\/#\/schema\/person\/0a7b686e5af0f856ec1e390dd0baecda\",\"name\":\"Redazione\",\"image\":{\"@type\":\"ImageObject\",\"inLanguage\":\"fr-FR\",\"@id\":\"https:\/\/blog.holyart.it\/fr\/#\/schema\/person\/image\/\",\"url\":\"https:\/\/secure.gravatar.com\/avatar\/f477da817f43e50d0af36abecd33e3edf826c68299714bdc1057dff3b113f516?s=96&d=mm&r=g\",\"contentUrl\":\"https:\/\/secure.gravatar.com\/avatar\/f477da817f43e50d0af36abecd33e3edf826c68299714bdc1057dff3b113f516?s=96&d=mm&r=g\",\"caption\":\"Redazione\"},\"url\":\"https:\/\/blog.holyart.it\/fr\/author\/admin\/\"}]}<\/script>\n<!-- \/ Yoast SEO plugin. -->","yoast_head_json":{"title":"Saint Patrick : la f\u00eate, curiosit\u00e9s et histoire - Holyart.fr Blog","description":"Le 17 mars, on f\u00eate Saint Patrick, Saint Patron d\u2019Irlande. Mais qui \u00e9tait ce saint toujours autant aim\u00e9 par les irlandais du monde entier\u00a0?","robots":{"index":"index","follow":"follow","max-snippet":"max-snippet:-1","max-image-preview":"max-image-preview:large","max-video-preview":"max-video-preview:-1"},"canonical":"https:\/\/blog.holyart.it\/fr\/articles-religieux\/saint-patrick-la-fete-curiosites-et-histoire\/","og_locale":"fr_FR","og_type":"article","og_title":"Saint Patrick : la f\u00eate, curiosit\u00e9s et histoire - Holyart.fr Blog","og_description":"Le 17 mars, on f\u00eate Saint Patrick, Saint Patron d\u2019Irlande. Mais qui \u00e9tait ce saint toujours autant aim\u00e9 par les irlandais du monde entier\u00a0?","og_url":"https:\/\/blog.holyart.it\/fr\/articles-religieux\/saint-patrick-la-fete-curiosites-et-histoire\/","og_site_name":"Holyart.fr Blog","article_published_time":"2021-01-26T15:46:02+00:00","article_modified_time":"2025-08-29T10:17:36+00:00","og_image":[{"width":1000,"height":666,"url":"https:\/\/blog.holyart.it\/fr\/wp-content\/uploads\/sites\/14\/2021\/01\/Saint-Patrick.jpg","type":"image\/jpeg"}],"author":"Redazione","twitter_card":"summary_large_image","twitter_misc":{"\u00c9crit par":"Redazione","Dur\u00e9e de lecture estim\u00e9e":"9 minutes"},"schema":{"@context":"https:\/\/schema.org","@graph":[{"@type":"Article","@id":"https:\/\/blog.holyart.it\/fr\/articles-religieux\/saint-patrick-la-fete-curiosites-et-histoire\/#article","isPartOf":{"@id":"https:\/\/blog.holyart.it\/fr\/articles-religieux\/saint-patrick-la-fete-curiosites-et-histoire\/"},"author":{"name":"Redazione","@id":"https:\/\/blog.holyart.it\/fr\/#\/schema\/person\/0a7b686e5af0f856ec1e390dd0baecda"},"headline":"Saint Patrick : la f\u00eate, curiosit\u00e9s et histoire","datePublished":"2021-01-26T15:46:02+00:00","dateModified":"2025-08-29T10:17:36+00:00","mainEntityOfPage":{"@id":"https:\/\/blog.holyart.it\/fr\/articles-religieux\/saint-patrick-la-fete-curiosites-et-histoire\/"},"wordCount":1479,"publisher":{"@id":"https:\/\/blog.holyart.it\/fr\/#organization"},"image":{"@id":"https:\/\/blog.holyart.it\/fr\/articles-religieux\/saint-patrick-la-fete-curiosites-et-histoire\/#primaryimage"},"thumbnailUrl":"https:\/\/blog.holyart.it\/fr\/wp-content\/uploads\/sites\/14\/2021\/01\/Saint-Patrick.jpg","articleSection":["Religion"],"inLanguage":"fr-FR"},{"@type":"WebPage","@id":"https:\/\/blog.holyart.it\/fr\/articles-religieux\/saint-patrick-la-fete-curiosites-et-histoire\/","url":"https:\/\/blog.holyart.it\/fr\/articles-religieux\/saint-patrick-la-fete-curiosites-et-histoire\/","name":"Saint Patrick : la f\u00eate, curiosit\u00e9s et histoire - Holyart.fr Blog","isPartOf":{"@id":"https:\/\/blog.holyart.it\/fr\/#website"},"primaryImageOfPage":{"@id":"https:\/\/blog.holyart.it\/fr\/articles-religieux\/saint-patrick-la-fete-curiosites-et-histoire\/#primaryimage"},"image":{"@id":"https:\/\/blog.holyart.it\/fr\/articles-religieux\/saint-patrick-la-fete-curiosites-et-histoire\/#primaryimage"},"thumbnailUrl":"https:\/\/blog.holyart.it\/fr\/wp-content\/uploads\/sites\/14\/2021\/01\/Saint-Patrick.jpg","datePublished":"2021-01-26T15:46:02+00:00","dateModified":"2025-08-29T10:17:36+00:00","description":"Le 17 mars, on f\u00eate Saint Patrick, Saint Patron d\u2019Irlande. Mais qui \u00e9tait ce saint toujours autant aim\u00e9 par les irlandais du monde entier\u00a0?","breadcrumb":{"@id":"https:\/\/blog.holyart.it\/fr\/articles-religieux\/saint-patrick-la-fete-curiosites-et-histoire\/#breadcrumb"},"inLanguage":"fr-FR","potentialAction":[{"@type":"ReadAction","target":["https:\/\/blog.holyart.it\/fr\/articles-religieux\/saint-patrick-la-fete-curiosites-et-histoire\/"]}]},{"@type":"ImageObject","inLanguage":"fr-FR","@id":"https:\/\/blog.holyart.it\/fr\/articles-religieux\/saint-patrick-la-fete-curiosites-et-histoire\/#primaryimage","url":"https:\/\/blog.holyart.it\/fr\/wp-content\/uploads\/sites\/14\/2021\/01\/Saint-Patrick.jpg","contentUrl":"https:\/\/blog.holyart.it\/fr\/wp-content\/uploads\/sites\/14\/2021\/01\/Saint-Patrick.jpg","width":1000,"height":666,"caption":"Saint Patrick"},{"@type":"BreadcrumbList","@id":"https:\/\/blog.holyart.it\/fr\/articles-religieux\/saint-patrick-la-fete-curiosites-et-histoire\/#breadcrumb","itemListElement":[{"@type":"ListItem","position":1,"name":"Homepage","item":"https:\/\/blog.holyart.it\/fr\/"},{"@type":"ListItem","position":2,"name":"Religion","item":"https:\/\/blog.holyart.it\/fr\/articles-religieux\/"},{"@type":"ListItem","position":3,"name":"Saint Patrick : la f\u00eate, curiosit\u00e9s et histoire"}]},{"@type":"WebSite","@id":"https:\/\/blog.holyart.it\/fr\/#website","url":"https:\/\/blog.holyart.it\/fr\/","name":"Holyart.fr Blog","description":"Holyblog","publisher":{"@id":"https:\/\/blog.holyart.it\/fr\/#organization"},"potentialAction":[{"@type":"SearchAction","target":{"@type":"EntryPoint","urlTemplate":"https:\/\/blog.holyart.it\/fr\/?s={search_term_string}"},"query-input":{"@type":"PropertyValueSpecification","valueRequired":true,"valueName":"search_term_string"}}],"inLanguage":"fr-FR"},{"@type":"Organization","@id":"https:\/\/blog.holyart.it\/fr\/#organization","name":"Holyart.fr Blog","url":"https:\/\/blog.holyart.it\/fr\/","logo":{"@type":"ImageObject","inLanguage":"fr-FR","@id":"https:\/\/blog.holyart.it\/fr\/#\/schema\/logo\/image\/","url":"https:\/\/blog.holyart.it\/fr\/wp-content\/uploads\/sites\/14\/2022\/12\/Holyart_Blog_Logo.jpg","contentUrl":"https:\/\/blog.holyart.it\/fr\/wp-content\/uploads\/sites\/14\/2022\/12\/Holyart_Blog_Logo.jpg","width":300,"height":50,"caption":"Holyart.fr Blog"},"image":{"@id":"https:\/\/blog.holyart.it\/fr\/#\/schema\/logo\/image\/"}},{"@type":"Person","@id":"https:\/\/blog.holyart.it\/fr\/#\/schema\/person\/0a7b686e5af0f856ec1e390dd0baecda","name":"Redazione","image":{"@type":"ImageObject","inLanguage":"fr-FR","@id":"https:\/\/blog.holyart.it\/fr\/#\/schema\/person\/image\/","url":"https:\/\/secure.gravatar.com\/avatar\/f477da817f43e50d0af36abecd33e3edf826c68299714bdc1057dff3b113f516?s=96&d=mm&r=g","contentUrl":"https:\/\/secure.gravatar.com\/avatar\/f477da817f43e50d0af36abecd33e3edf826c68299714bdc1057dff3b113f516?s=96&d=mm&r=g","caption":"Redazione"},"url":"https:\/\/blog.holyart.it\/fr\/author\/admin\/"}]}},"_links":{"self":[{"href":"https:\/\/blog.holyart.it\/fr\/wp-json\/wp\/v2\/posts\/2442","targetHints":{"allow":["GET"]}}],"collection":[{"href":"https:\/\/blog.holyart.it\/fr\/wp-json\/wp\/v2\/posts"}],"about":[{"href":"https:\/\/blog.holyart.it\/fr\/wp-json\/wp\/v2\/types\/post"}],"author":[{"embeddable":true,"href":"https:\/\/blog.holyart.it\/fr\/wp-json\/wp\/v2\/users\/1"}],"replies":[{"embeddable":true,"href":"https:\/\/blog.holyart.it\/fr\/wp-json\/wp\/v2\/comments?post=2442"}],"version-history":[{"count":4,"href":"https:\/\/blog.holyart.it\/fr\/wp-json\/wp\/v2\/posts\/2442\/revisions"}],"predecessor-version":[{"id":11037,"href":"https:\/\/blog.holyart.it\/fr\/wp-json\/wp\/v2\/posts\/2442\/revisions\/11037"}],"wp:featuredmedia":[{"embeddable":true,"href":"https:\/\/blog.holyart.it\/fr\/wp-json\/wp\/v2\/media\/2444"}],"wp:attachment":[{"href":"https:\/\/blog.holyart.it\/fr\/wp-json\/wp\/v2\/media?parent=2442"}],"wp:term":[{"taxonomy":"category","embeddable":true,"href":"https:\/\/blog.holyart.it\/fr\/wp-json\/wp\/v2\/categories?post=2442"},{"taxonomy":"post_tag","embeddable":true,"href":"https:\/\/blog.holyart.it\/fr\/wp-json\/wp\/v2\/tags?post=2442"}],"curies":[{"name":"wp","href":"https:\/\/api.w.org\/{rel}","templated":true}]}}