{"id":243,"date":"2017-01-04T16:52:43","date_gmt":"2017-01-04T15:52:43","guid":{"rendered":"https:\/\/blog.holyart.it\/fr\/?p=243"},"modified":"2018-07-24T17:00:39","modified_gmt":"2018-07-24T15:00:39","slug":"chape-liturgique-pendant-celebrations","status":"publish","type":"post","link":"https:\/\/blog.holyart.it\/fr\/accessoires-pour-la-liturgie\/chape-liturgique-pendant-celebrations\/","title":{"rendered":"La chape liturgique pendant les c\u00e9l\u00e9brations"},"content":{"rendered":"<p>La <strong>chape liturgique<\/strong> est un v\u00eatement sacerdotal port\u00e9 pendant les c\u00e9l\u00e9brations qui ont lieu en dehors de la Messe et m\u00eame en dehors de l\u2019\u00e9glise.<\/p>\n<p>En effet, pendant la Messe, le c\u00e9l\u00e9brant porte uniquement la <span style=\"color: #0000ff;\"><strong><a style=\"color: #0000ff;\" href=\"https:\/\/www.holyart.fr\/accessoires-pour-la-liturgie\/vetements-liturgiques-et-linges-dautel\/chasubles\">chasuble<\/a><\/strong><\/span>. La <strong>chape liturgique<\/strong> est par contre utilis\u00e9e lors de <strong>processions<\/strong>, <strong>b\u00e9n\u00e9dictions eucharistiques<\/strong>, <strong>V\u00eapres<\/strong> et <strong>Laudes solennelles<\/strong>, <strong>Consistoires<\/strong> pour l\u2019\u00e9lection de nouveaux cardinaux et beaucoup d\u2019autres occasions.<\/p>\n<p>La <span style=\"color: #0000ff;\"><strong><a style=\"color: #0000ff;\" href=\"https:\/\/www.holyart.fr\/accessoires-pour-la-liturgie\/vetements-liturgiques-et-linges-dautel\/chapes-chasubles-romaines-dalmatiques\">chape liturgique<\/a><\/strong><\/span> est une ample cape (\u00e0 plat, elle se pr\u00e9sente comme un demi-cercle avec un rayon allant d\u20191.40 m\u00e8tre \u00e0 1.60), longue presque jusqu\u2019aux pieds et ouverte sur le devant. Les deux pans de la chape sont maintenus sur le devant par des agrafes. Son origine est lointaine et elle d\u00e9rive d\u2019un manteau de pluie, comme l\u2019indique son autre nom, <em>pluvial<\/em>, raison pour laquelle elle pr\u00e9sente \u00e9galement un semblant de capuche, un chaperon \u00e0 capuchon.<\/p>\n<p>La <strong>chape liturgique<\/strong> est port\u00e9e par-dessus l\u2019\u00e9tole et le surplis ou l\u2019aube. Elle peut \u00eatre de diff\u00e9rentes couleurs, selon la c\u00e9l\u00e9bration pour laquelle elle est utilis\u00e9e et selon le calendrier liturgique\u00a0: blanche ou violette pour la Messe de Requiem et pour les c\u00e9r\u00e9monies pour les d\u00e9funts, rouge pour les Messes votives, verte pour les Dimanches et pour les Festifs du Temps ordinaire, bleue claire pour les c\u00e9l\u00e9brations en l\u2019honneur de la Sainte Vierge en Espagne et en Am\u00e9rique du Sud.<\/p>\n<p>S\u2019agissant d\u2019une cape destin\u00e9e aux <strong>occasions solennelles<\/strong>, la chape est toujours d\u00e9cor\u00e9e de <strong>broderies tr\u00e8s riches<\/strong> et embellie d\u2019ourlets et d\u2019<strong>ornements pr\u00e9cieux<\/strong>. Avant le Concile Vatican II et la r\u00e9forme qui s\u2019en suivit, la chape liturgique n\u2019\u00e9tait pas uniquement port\u00e9e par les pr\u00eatres et les \u00e9v\u00eaques, mais aussi par des membres moins \u00e9minents du clerg\u00e9. En particulier, les chantres qui entonnaient les psaumes pendant les V\u00eapres pouvaient rev\u00eatir la chape.<\/p>\n<p>La <strong>chape<\/strong> \u00e9tait \u00e9galement port\u00e9e pour la b\u00e9n\u00e9diction solennelle \u00e0 l\u2019autel, l\u2019absolution au cercueil ou \u00e0 la tombe, l\u2019oraison du Vendredi saint et pour la Veill\u00e9e pascale. Le pr\u00eatre assistant au Pontifical ou \u00e0 la messe pouvaient \u00e9galement la porter.<\/p>\n","protected":false},"excerpt":{"rendered":"<p>La chape liturgique est un v\u00eatement sacerdotal port\u00e9 pendant les c\u00e9l\u00e9brations qui ont lieu en dehors de la Messe et m\u00eame en dehors de l\u2019\u00e9glise. En effet, pendant la Messe, le c\u00e9l\u00e9brant porte uniquement la chasuble. La chape liturgique est par contre utilis\u00e9e lors de&hellip;<\/p>\n","protected":false},"author":1,"featured_media":244,"comment_status":"closed","ping_status":"open","sticky":false,"template":"","format":"standard","meta":{"_acf_changed":false,"footnotes":""},"categories":[4],"tags":[],"class_list":["post-243","post","type-post","status-publish","format-standard","has-post-thumbnail","hentry","category-accessoires-pour-la-liturgie"],"acf":[],"yoast_head":"<!-- This site is optimized with the Yoast SEO plugin v26.6 - https:\/\/yoast.com\/wordpress\/plugins\/seo\/ -->\n<title>La chape liturgique pendant les c\u00e9l\u00e9brations - Holyart.fr Blog<\/title>\n<meta name=\"description\" content=\"La chape liturgique est un v\u00eatement sacerdotal port\u00e9 pendant les c\u00e9l\u00e9brations qui ont lieu en dehors de la Messe et m\u00eame en dehors de l\u2019\u00e9glise.\" \/>\n<meta name=\"robots\" content=\"index, follow, max-snippet:-1, max-image-preview:large, max-video-preview:-1\" \/>\n<link rel=\"canonical\" href=\"https:\/\/blog.holyart.it\/fr\/accessoires-pour-la-liturgie\/chape-liturgique-pendant-celebrations\/\" \/>\n<meta property=\"og:locale\" content=\"fr_FR\" \/>\n<meta property=\"og:type\" content=\"article\" \/>\n<meta property=\"og:title\" content=\"La chape liturgique pendant les c\u00e9l\u00e9brations - Holyart.fr Blog\" \/>\n<meta property=\"og:description\" content=\"La chape liturgique est un v\u00eatement sacerdotal port\u00e9 pendant les c\u00e9l\u00e9brations qui ont lieu en dehors de la Messe et m\u00eame en dehors de l\u2019\u00e9glise.\" \/>\n<meta property=\"og:url\" content=\"https:\/\/blog.holyart.it\/fr\/accessoires-pour-la-liturgie\/chape-liturgique-pendant-celebrations\/\" \/>\n<meta property=\"og:site_name\" content=\"Holyart.fr Blog\" \/>\n<meta property=\"article:published_time\" content=\"2017-01-04T15:52:43+00:00\" \/>\n<meta property=\"article:modified_time\" content=\"2018-07-24T15:00:39+00:00\" \/>\n<meta property=\"og:image\" content=\"https:\/\/blog.holyart.it\/fr\/wp-content\/uploads\/sites\/14\/2017\/01\/Chape-liturgique.jpg\" \/>\n\t<meta property=\"og:image:width\" content=\"1000\" \/>\n\t<meta property=\"og:image:height\" content=\"666\" \/>\n\t<meta property=\"og:image:type\" content=\"image\/jpeg\" \/>\n<meta name=\"author\" content=\"Redazione\" \/>\n<meta name=\"twitter:card\" content=\"summary_large_image\" \/>\n<meta name=\"twitter:label1\" content=\"\u00c9crit par\" \/>\n\t<meta name=\"twitter:data1\" content=\"Redazione\" \/>\n\t<meta name=\"twitter:label2\" content=\"Dur\u00e9e de lecture estim\u00e9e\" \/>\n\t<meta name=\"twitter:data2\" content=\"2 minutes\" \/>\n<script type=\"application\/ld+json\" class=\"yoast-schema-graph\">{\"@context\":\"https:\/\/schema.org\",\"@graph\":[{\"@type\":\"Article\",\"@id\":\"https:\/\/blog.holyart.it\/fr\/accessoires-pour-la-liturgie\/chape-liturgique-pendant-celebrations\/#article\",\"isPartOf\":{\"@id\":\"https:\/\/blog.holyart.it\/fr\/accessoires-pour-la-liturgie\/chape-liturgique-pendant-celebrations\/\"},\"author\":{\"name\":\"Redazione\",\"@id\":\"https:\/\/blog.holyart.it\/fr\/#\/schema\/person\/0a7b686e5af0f856ec1e390dd0baecda\"},\"headline\":\"La chape liturgique pendant les c\u00e9l\u00e9brations\",\"datePublished\":\"2017-01-04T15:52:43+00:00\",\"dateModified\":\"2018-07-24T15:00:39+00:00\",\"mainEntityOfPage\":{\"@id\":\"https:\/\/blog.holyart.it\/fr\/accessoires-pour-la-liturgie\/chape-liturgique-pendant-celebrations\/\"},\"wordCount\":389,\"publisher\":{\"@id\":\"https:\/\/blog.holyart.it\/fr\/#organization\"},\"image\":{\"@id\":\"https:\/\/blog.holyart.it\/fr\/accessoires-pour-la-liturgie\/chape-liturgique-pendant-celebrations\/#primaryimage\"},\"thumbnailUrl\":\"https:\/\/blog.holyart.it\/fr\/wp-content\/uploads\/sites\/14\/2017\/01\/Chape-liturgique.jpg\",\"articleSection\":[\"Liturgie\"],\"inLanguage\":\"fr-FR\"},{\"@type\":\"WebPage\",\"@id\":\"https:\/\/blog.holyart.it\/fr\/accessoires-pour-la-liturgie\/chape-liturgique-pendant-celebrations\/\",\"url\":\"https:\/\/blog.holyart.it\/fr\/accessoires-pour-la-liturgie\/chape-liturgique-pendant-celebrations\/\",\"name\":\"La chape liturgique pendant les c\u00e9l\u00e9brations - Holyart.fr Blog\",\"isPartOf\":{\"@id\":\"https:\/\/blog.holyart.it\/fr\/#website\"},\"primaryImageOfPage\":{\"@id\":\"https:\/\/blog.holyart.it\/fr\/accessoires-pour-la-liturgie\/chape-liturgique-pendant-celebrations\/#primaryimage\"},\"image\":{\"@id\":\"https:\/\/blog.holyart.it\/fr\/accessoires-pour-la-liturgie\/chape-liturgique-pendant-celebrations\/#primaryimage\"},\"thumbnailUrl\":\"https:\/\/blog.holyart.it\/fr\/wp-content\/uploads\/sites\/14\/2017\/01\/Chape-liturgique.jpg\",\"datePublished\":\"2017-01-04T15:52:43+00:00\",\"dateModified\":\"2018-07-24T15:00:39+00:00\",\"description\":\"La chape liturgique est un v\u00eatement sacerdotal port\u00e9 pendant les c\u00e9l\u00e9brations qui ont lieu en dehors de la Messe et m\u00eame en dehors de l\u2019\u00e9glise.\",\"breadcrumb\":{\"@id\":\"https:\/\/blog.holyart.it\/fr\/accessoires-pour-la-liturgie\/chape-liturgique-pendant-celebrations\/#breadcrumb\"},\"inLanguage\":\"fr-FR\",\"potentialAction\":[{\"@type\":\"ReadAction\",\"target\":[\"https:\/\/blog.holyart.it\/fr\/accessoires-pour-la-liturgie\/chape-liturgique-pendant-celebrations\/\"]}]},{\"@type\":\"ImageObject\",\"inLanguage\":\"fr-FR\",\"@id\":\"https:\/\/blog.holyart.it\/fr\/accessoires-pour-la-liturgie\/chape-liturgique-pendant-celebrations\/#primaryimage\",\"url\":\"https:\/\/blog.holyart.it\/fr\/wp-content\/uploads\/sites\/14\/2017\/01\/Chape-liturgique.jpg\",\"contentUrl\":\"https:\/\/blog.holyart.it\/fr\/wp-content\/uploads\/sites\/14\/2017\/01\/Chape-liturgique.jpg\",\"width\":1000,\"height\":666,\"caption\":\"Chape liturgique\"},{\"@type\":\"BreadcrumbList\",\"@id\":\"https:\/\/blog.holyart.it\/fr\/accessoires-pour-la-liturgie\/chape-liturgique-pendant-celebrations\/#breadcrumb\",\"itemListElement\":[{\"@type\":\"ListItem\",\"position\":1,\"name\":\"Homepage\",\"item\":\"https:\/\/blog.holyart.it\/fr\/\"},{\"@type\":\"ListItem\",\"position\":2,\"name\":\"Liturgie\",\"item\":\"https:\/\/blog.holyart.it\/fr\/accessoires-pour-la-liturgie\/\"},{\"@type\":\"ListItem\",\"position\":3,\"name\":\"La chape liturgique pendant les c\u00e9l\u00e9brations\"}]},{\"@type\":\"WebSite\",\"@id\":\"https:\/\/blog.holyart.it\/fr\/#website\",\"url\":\"https:\/\/blog.holyart.it\/fr\/\",\"name\":\"Holyart.fr Blog\",\"description\":\"Holyblog\",\"publisher\":{\"@id\":\"https:\/\/blog.holyart.it\/fr\/#organization\"},\"potentialAction\":[{\"@type\":\"SearchAction\",\"target\":{\"@type\":\"EntryPoint\",\"urlTemplate\":\"https:\/\/blog.holyart.it\/fr\/?s={search_term_string}\"},\"query-input\":{\"@type\":\"PropertyValueSpecification\",\"valueRequired\":true,\"valueName\":\"search_term_string\"}}],\"inLanguage\":\"fr-FR\"},{\"@type\":\"Organization\",\"@id\":\"https:\/\/blog.holyart.it\/fr\/#organization\",\"name\":\"Holyart.fr Blog\",\"url\":\"https:\/\/blog.holyart.it\/fr\/\",\"logo\":{\"@type\":\"ImageObject\",\"inLanguage\":\"fr-FR\",\"@id\":\"https:\/\/blog.holyart.it\/fr\/#\/schema\/logo\/image\/\",\"url\":\"https:\/\/blog.holyart.it\/fr\/wp-content\/uploads\/sites\/14\/2022\/12\/Holyart_Blog_Logo.jpg\",\"contentUrl\":\"https:\/\/blog.holyart.it\/fr\/wp-content\/uploads\/sites\/14\/2022\/12\/Holyart_Blog_Logo.jpg\",\"width\":300,\"height\":50,\"caption\":\"Holyart.fr Blog\"},\"image\":{\"@id\":\"https:\/\/blog.holyart.it\/fr\/#\/schema\/logo\/image\/\"}},{\"@type\":\"Person\",\"@id\":\"https:\/\/blog.holyart.it\/fr\/#\/schema\/person\/0a7b686e5af0f856ec1e390dd0baecda\",\"name\":\"Redazione\",\"image\":{\"@type\":\"ImageObject\",\"inLanguage\":\"fr-FR\",\"@id\":\"https:\/\/blog.holyart.it\/fr\/#\/schema\/person\/image\/\",\"url\":\"https:\/\/secure.gravatar.com\/avatar\/f477da817f43e50d0af36abecd33e3edf826c68299714bdc1057dff3b113f516?s=96&d=mm&r=g\",\"contentUrl\":\"https:\/\/secure.gravatar.com\/avatar\/f477da817f43e50d0af36abecd33e3edf826c68299714bdc1057dff3b113f516?s=96&d=mm&r=g\",\"caption\":\"Redazione\"},\"url\":\"https:\/\/blog.holyart.it\/fr\/author\/admin\/\"}]}<\/script>\n<!-- \/ Yoast SEO plugin. -->","yoast_head_json":{"title":"La chape liturgique pendant les c\u00e9l\u00e9brations - Holyart.fr Blog","description":"La chape liturgique est un v\u00eatement sacerdotal port\u00e9 pendant les c\u00e9l\u00e9brations qui ont lieu en dehors de la Messe et m\u00eame en dehors de l\u2019\u00e9glise.","robots":{"index":"index","follow":"follow","max-snippet":"max-snippet:-1","max-image-preview":"max-image-preview:large","max-video-preview":"max-video-preview:-1"},"canonical":"https:\/\/blog.holyart.it\/fr\/accessoires-pour-la-liturgie\/chape-liturgique-pendant-celebrations\/","og_locale":"fr_FR","og_type":"article","og_title":"La chape liturgique pendant les c\u00e9l\u00e9brations - Holyart.fr Blog","og_description":"La chape liturgique est un v\u00eatement sacerdotal port\u00e9 pendant les c\u00e9l\u00e9brations qui ont lieu en dehors de la Messe et m\u00eame en dehors de l\u2019\u00e9glise.","og_url":"https:\/\/blog.holyart.it\/fr\/accessoires-pour-la-liturgie\/chape-liturgique-pendant-celebrations\/","og_site_name":"Holyart.fr Blog","article_published_time":"2017-01-04T15:52:43+00:00","article_modified_time":"2018-07-24T15:00:39+00:00","og_image":[{"width":1000,"height":666,"url":"https:\/\/blog.holyart.it\/fr\/wp-content\/uploads\/sites\/14\/2017\/01\/Chape-liturgique.jpg","type":"image\/jpeg"}],"author":"Redazione","twitter_card":"summary_large_image","twitter_misc":{"\u00c9crit par":"Redazione","Dur\u00e9e de lecture estim\u00e9e":"2 minutes"},"schema":{"@context":"https:\/\/schema.org","@graph":[{"@type":"Article","@id":"https:\/\/blog.holyart.it\/fr\/accessoires-pour-la-liturgie\/chape-liturgique-pendant-celebrations\/#article","isPartOf":{"@id":"https:\/\/blog.holyart.it\/fr\/accessoires-pour-la-liturgie\/chape-liturgique-pendant-celebrations\/"},"author":{"name":"Redazione","@id":"https:\/\/blog.holyart.it\/fr\/#\/schema\/person\/0a7b686e5af0f856ec1e390dd0baecda"},"headline":"La chape liturgique pendant les c\u00e9l\u00e9brations","datePublished":"2017-01-04T15:52:43+00:00","dateModified":"2018-07-24T15:00:39+00:00","mainEntityOfPage":{"@id":"https:\/\/blog.holyart.it\/fr\/accessoires-pour-la-liturgie\/chape-liturgique-pendant-celebrations\/"},"wordCount":389,"publisher":{"@id":"https:\/\/blog.holyart.it\/fr\/#organization"},"image":{"@id":"https:\/\/blog.holyart.it\/fr\/accessoires-pour-la-liturgie\/chape-liturgique-pendant-celebrations\/#primaryimage"},"thumbnailUrl":"https:\/\/blog.holyart.it\/fr\/wp-content\/uploads\/sites\/14\/2017\/01\/Chape-liturgique.jpg","articleSection":["Liturgie"],"inLanguage":"fr-FR"},{"@type":"WebPage","@id":"https:\/\/blog.holyart.it\/fr\/accessoires-pour-la-liturgie\/chape-liturgique-pendant-celebrations\/","url":"https:\/\/blog.holyart.it\/fr\/accessoires-pour-la-liturgie\/chape-liturgique-pendant-celebrations\/","name":"La chape liturgique pendant les c\u00e9l\u00e9brations - Holyart.fr Blog","isPartOf":{"@id":"https:\/\/blog.holyart.it\/fr\/#website"},"primaryImageOfPage":{"@id":"https:\/\/blog.holyart.it\/fr\/accessoires-pour-la-liturgie\/chape-liturgique-pendant-celebrations\/#primaryimage"},"image":{"@id":"https:\/\/blog.holyart.it\/fr\/accessoires-pour-la-liturgie\/chape-liturgique-pendant-celebrations\/#primaryimage"},"thumbnailUrl":"https:\/\/blog.holyart.it\/fr\/wp-content\/uploads\/sites\/14\/2017\/01\/Chape-liturgique.jpg","datePublished":"2017-01-04T15:52:43+00:00","dateModified":"2018-07-24T15:00:39+00:00","description":"La chape liturgique est un v\u00eatement sacerdotal port\u00e9 pendant les c\u00e9l\u00e9brations qui ont lieu en dehors de la Messe et m\u00eame en dehors de l\u2019\u00e9glise.","breadcrumb":{"@id":"https:\/\/blog.holyart.it\/fr\/accessoires-pour-la-liturgie\/chape-liturgique-pendant-celebrations\/#breadcrumb"},"inLanguage":"fr-FR","potentialAction":[{"@type":"ReadAction","target":["https:\/\/blog.holyart.it\/fr\/accessoires-pour-la-liturgie\/chape-liturgique-pendant-celebrations\/"]}]},{"@type":"ImageObject","inLanguage":"fr-FR","@id":"https:\/\/blog.holyart.it\/fr\/accessoires-pour-la-liturgie\/chape-liturgique-pendant-celebrations\/#primaryimage","url":"https:\/\/blog.holyart.it\/fr\/wp-content\/uploads\/sites\/14\/2017\/01\/Chape-liturgique.jpg","contentUrl":"https:\/\/blog.holyart.it\/fr\/wp-content\/uploads\/sites\/14\/2017\/01\/Chape-liturgique.jpg","width":1000,"height":666,"caption":"Chape liturgique"},{"@type":"BreadcrumbList","@id":"https:\/\/blog.holyart.it\/fr\/accessoires-pour-la-liturgie\/chape-liturgique-pendant-celebrations\/#breadcrumb","itemListElement":[{"@type":"ListItem","position":1,"name":"Homepage","item":"https:\/\/blog.holyart.it\/fr\/"},{"@type":"ListItem","position":2,"name":"Liturgie","item":"https:\/\/blog.holyart.it\/fr\/accessoires-pour-la-liturgie\/"},{"@type":"ListItem","position":3,"name":"La chape liturgique pendant les c\u00e9l\u00e9brations"}]},{"@type":"WebSite","@id":"https:\/\/blog.holyart.it\/fr\/#website","url":"https:\/\/blog.holyart.it\/fr\/","name":"Holyart.fr Blog","description":"Holyblog","publisher":{"@id":"https:\/\/blog.holyart.it\/fr\/#organization"},"potentialAction":[{"@type":"SearchAction","target":{"@type":"EntryPoint","urlTemplate":"https:\/\/blog.holyart.it\/fr\/?s={search_term_string}"},"query-input":{"@type":"PropertyValueSpecification","valueRequired":true,"valueName":"search_term_string"}}],"inLanguage":"fr-FR"},{"@type":"Organization","@id":"https:\/\/blog.holyart.it\/fr\/#organization","name":"Holyart.fr Blog","url":"https:\/\/blog.holyart.it\/fr\/","logo":{"@type":"ImageObject","inLanguage":"fr-FR","@id":"https:\/\/blog.holyart.it\/fr\/#\/schema\/logo\/image\/","url":"https:\/\/blog.holyart.it\/fr\/wp-content\/uploads\/sites\/14\/2022\/12\/Holyart_Blog_Logo.jpg","contentUrl":"https:\/\/blog.holyart.it\/fr\/wp-content\/uploads\/sites\/14\/2022\/12\/Holyart_Blog_Logo.jpg","width":300,"height":50,"caption":"Holyart.fr Blog"},"image":{"@id":"https:\/\/blog.holyart.it\/fr\/#\/schema\/logo\/image\/"}},{"@type":"Person","@id":"https:\/\/blog.holyart.it\/fr\/#\/schema\/person\/0a7b686e5af0f856ec1e390dd0baecda","name":"Redazione","image":{"@type":"ImageObject","inLanguage":"fr-FR","@id":"https:\/\/blog.holyart.it\/fr\/#\/schema\/person\/image\/","url":"https:\/\/secure.gravatar.com\/avatar\/f477da817f43e50d0af36abecd33e3edf826c68299714bdc1057dff3b113f516?s=96&d=mm&r=g","contentUrl":"https:\/\/secure.gravatar.com\/avatar\/f477da817f43e50d0af36abecd33e3edf826c68299714bdc1057dff3b113f516?s=96&d=mm&r=g","caption":"Redazione"},"url":"https:\/\/blog.holyart.it\/fr\/author\/admin\/"}]}},"_links":{"self":[{"href":"https:\/\/blog.holyart.it\/fr\/wp-json\/wp\/v2\/posts\/243","targetHints":{"allow":["GET"]}}],"collection":[{"href":"https:\/\/blog.holyart.it\/fr\/wp-json\/wp\/v2\/posts"}],"about":[{"href":"https:\/\/blog.holyart.it\/fr\/wp-json\/wp\/v2\/types\/post"}],"author":[{"embeddable":true,"href":"https:\/\/blog.holyart.it\/fr\/wp-json\/wp\/v2\/users\/1"}],"replies":[{"embeddable":true,"href":"https:\/\/blog.holyart.it\/fr\/wp-json\/wp\/v2\/comments?post=243"}],"version-history":[{"count":0,"href":"https:\/\/blog.holyart.it\/fr\/wp-json\/wp\/v2\/posts\/243\/revisions"}],"wp:featuredmedia":[{"embeddable":true,"href":"https:\/\/blog.holyart.it\/fr\/wp-json\/wp\/v2\/media\/244"}],"wp:attachment":[{"href":"https:\/\/blog.holyart.it\/fr\/wp-json\/wp\/v2\/media?parent=243"}],"wp:term":[{"taxonomy":"category","embeddable":true,"href":"https:\/\/blog.holyart.it\/fr\/wp-json\/wp\/v2\/categories?post=243"},{"taxonomy":"post_tag","embeddable":true,"href":"https:\/\/blog.holyart.it\/fr\/wp-json\/wp\/v2\/tags?post=243"}],"curies":[{"name":"wp","href":"https:\/\/api.w.org\/{rel}","templated":true}]}}