{"id":2402,"date":"2021-01-19T15:50:23","date_gmt":"2021-01-19T14:50:23","guid":{"rendered":"https:\/\/blog.holyart.it\/fr\/?p=2402"},"modified":"2022-08-18T14:21:24","modified_gmt":"2022-08-18T12:21:24","slug":"le-cantique-des-creatures-de-saint-francois","status":"publish","type":"post","link":"https:\/\/blog.holyart.it\/fr\/saints-et-bienheureux\/le-cantique-des-creatures-de-saint-francois\/","title":{"rendered":"Le cantique des cr\u00e9atures de Saint Fran\u00e7ois"},"content":{"rendered":"<h4 style=\"text-align: center;\"><em>Saint Fran\u00e7ois d\u2019Assise est un des saints les plus aim\u00e9s et les plus v\u00e9n\u00e9r\u00e9s de l\u2019\u00c9glise catholique. Proche des pauvres, fr\u00e8re des derniers, il fit de l\u2019amour pour toutes les cr\u00e9atures de Dieu sa mission de vie et l\u2019embl\u00e8me de sa foi. Le Cantique des cr\u00e9atures de Saint Fran\u00e7ois, une pri\u00e8re qui est \u00e9galement un po\u00e8me d\u2019amour.<\/em><\/h4>\n\n<p>Saint Fran\u00e7ois est consid\u00e9r\u00e9 avec Sainte Catherine de Sienne comme Saint <strong>Patron de l\u2019Italie<\/strong>. Jorge Mario Bergoglio a voulu choisir son pr\u00e9nom, quand il a \u00e9t\u00e9 \u00e9lu Pape en 2013. Le 4 <strong>octobre<\/strong> on c\u00e9l\u00e8bre sa m\u00e9moire. Sa vie, le d\u00e9sir incessant qui le conduisit \u00e0 renier tout ce qui lui appartenait, tout ce qu\u2019il \u00e9tait, au nom de la foi, ont contribu\u00e9 \u00e0 le faire devenir, au cours des si\u00e8cles, une figure embl\u00e9matique, souvent incomprise. Fran\u00e7ois fut s\u00fbrement incompris par ses contemporains, incapables de comprendre comment le riche h\u00e9ritier d\u2019une famille de marchands ombriens puisse renoncer \u00e0 une vie de so\u00fbleries et de plaisirs afin d\u2019embrasser la totale pauvret\u00e9.<\/p>\n<h2>La vie<\/h2>\n<p>Son v\u00e9ritable pr\u00e9nom \u00e9tait Giovanni di Pietro di Bernardone (Assise, 1181 \u2013 Assise, 3 octobre 1226). Son p\u00e8re, Pietro di Bernardone, g\u00e9rait un riche commer\u00e7ant de <strong>tissus pr\u00e9cieux<\/strong>, dont une bonne partie provenaient de la Provence, que l\u2019homme revendait dans le Duch\u00e9 de Spol\u00e8te. Il est raisonnable de penser que l\u2019enfance et la jeunesse de Fran\u00e7ois se pass\u00e8rent dans le confort. Prot\u00e9g\u00e9 de la famille, le gar\u00e7on grandit insouciant, entre les \u00e9tudes maussades et les divertissements avec ses camarades. Il \u00e9tait s\u00fbrement destin\u00e9 \u00e0 \u00e9pauler son p\u00e8re dans l\u2019activit\u00e9 commerciale, mais le destin avait en r\u00e9serve pour lui quelque chose de compl\u00e9tement diff\u00e9rent. Captur\u00e9 pendant la guerre entre Assise et P\u00e9rouse, Fran\u00e7ois connut <strong>l\u2019emprisonnement et la maladie<\/strong>, et c\u2019est probablement \u00e0 cette p\u00e9riode terrible que le jeune commen\u00e7a \u00e0 murir sa conversion. Une fois rentr\u00e9 \u00e0 la maison, en effet, il passa sa convalescence dans les possessions de son p\u00e8re, hors de la ville, loin des so\u00fbleries et des mauvaises habitudes auxquelles il \u00e9tait habitu\u00e9 et <strong>immerg\u00e9 dans la nature<\/strong>. \u00a0Son envie de se battre n\u2019avait toutefois pas disparu, car, une fois gu\u00e9ri, le jeune voulut participer \u00e0 la Croisade de 1203. Il tomba de nouveau malade et dut renoncer \u00e0 son projet, mais un changement profond et inexplicable s\u2019op\u00e9rait d\u00e9j\u00e0 en lui. Soudainement, Fran\u00e7ois sembla \u00eatre cueilli par une <strong>fi\u00e8vre d\u2019amour<\/strong>, qu\u2019il adressait surtout aux pauvres, aux sans d\u00e9fenses, aux \u00e9migrants et aux malades. Il leur donnait ce qu\u2019il avait, les marchandises de son p\u00e8re, mais \u00e9galement les habits qu\u2019il portait, et il n\u2019avait pas peur d\u2019\u00e9treindre et d\u2019embrasser hommes et femmes infects. Il commen\u00e7a \u00e0 \u00e9viter la compagnie des amis et \u00e0 se retirer \u00e0 des <strong>endroits solitaires<\/strong>, et ce fut pendant une de ces occasions, lors qu\u2019il priait dans une petite \u00e9glise de campagne, devant le Crucifix de Saint Damien, que Fran\u00e7ois raconta avoir entendu le Crucifix s\u2019adresser \u00e0 lui avec ces mots\u00a0: \u00ab\u00a0<em>Fran\u00e7ois, va et r\u00e9pare ma maison qui, comme tu peux le voir, est en ruine<\/em>\u00a0\u00bb.<\/p>\n<div class=\"link-article\">\n<p><img loading=\"lazy\" decoding=\"async\" class=\"size-full wp-image-2407 alignleft\" src=\"https:\/\/blog.holyart.it\/fr\/wp-content\/uploads\/sites\/14\/2021\/01\/Crucifix-de-Saint-Damien.jpg\" alt=\"Crucifix de Saint Damien\" width=\"150\" height=\"99\" data-kale-share-title=\"Le cantique des cr\u00e9atures de Saint Fran\u00e7ois\" data-kale-share-url=\"https:\/\/blog.holyart.it\/fr\/articles-religieux\/le-cantique-des-creatures-de-saint-francois\/\" \/><\/p>\n<div class=\"leggi-anche\">Lire aussi :<\/div>\n<p><strong><a href=\"https:\/\/www.holyart.fr\/blog\/saints-et-bienheureux\/crucifix-de-saint-damien\/\">Crucifix de Saint-Damien<\/a><\/strong><br \/>\nLe crucifix de Saint-Damien est une image mondialement connue, le but de p\u00e8lerinage de milliers de fid\u00e8les qui se rendent \u00e0 Assise.<\/p>\n<\/div>\n<p>Croyant que la voix faisait r\u00e9f\u00e9rence \u00e0 la petite \u00e9glise dans laquelle il \u00e9tait en train de prier, le jeune rentra chez lui, vendit les tissus de son p\u00e8re et son cheval et donna l\u2019argent au pr\u00eatre qui la g\u00e9rait, qui toutefois refusa ayant peur d\u2019\u00e9ventuelles repr\u00e9sailles de la part de Pietro Bernardone. Dans une tentative extr\u00eame de ramener son fils \u00e0 la raison, ce dernier le tra\u00eena devant les consuls de la ville, afin qu\u2019il soit jug\u00e9, mais Fran\u00e7ois fit recours \u00e0 l\u2019\u00e9v\u00eaque et devant lui <strong>il renon\u00e7a publiquement aux biens et au nom de sa famille<\/strong>, en se d\u00e9nudant litt\u00e9ralement de tout.<\/p>\n<p>Ce fut ainsi que Fran\u00e7ois embrassa sa nouvelle vie, faite de <strong>pauvret\u00e9<\/strong>, d\u2019aum\u00f4ne, de privations, mais surtout d\u2019un <strong>amour total<\/strong>, d\u2019une union parfaite et id\u00e9ale avec le monde et toutes ses cr\u00e9atures, dans une parfaite harmonie d\u2019esprit. Dans cette nouvelle vision, r\u00e9volutionnaire pour l\u2019\u00e9poque, Fran\u00e7ois s\u2019en remit \u00e0 J\u00e9sus, son exemple et mod\u00e8le, et con\u00e7ut son <strong>Cantique des cr\u00e9atures<\/strong>.<\/p>\n<h2>Le Cantique des cr\u00e9atures<\/h2>\n<p>Le <strong>Cantique des cr\u00e9atures<\/strong>, ou <strong>Cantique de fr\u00e8re Soleil<\/strong>, fut compos\u00e9 par Fran\u00e7ois autour de 1224, seulement deux ans avant sa mort qui eut lieu en 1226. Il s\u2019agit d\u2019un des textes les plus anciens de la litt\u00e9rature italienne, le premier dont on connaisse l\u2019auteur. C\u2019est un po\u00e8me, mais \u00e9galement une pri\u00e8re, qui exprime <strong>l\u2019amour pour la Cr\u00e9ation<\/strong> en tant qu\u2019<strong>amour pour Dieu<\/strong>. Le respect pour la nature et pour les animaux n\u2019avait jamais \u00e9t\u00e9 pris en consid\u00e9ration, ils n\u2019appartenaient pas \u00e0 la mentalit\u00e9 du temps. Fran\u00e7ois en fit le centre de sa po\u00e9sie et de sa foi, en promouvant un sens de <strong>fraternit\u00e9 avec le monde<\/strong> et toutes ses cr\u00e9atures. Le monde entier, en tant que non seulement cr\u00e9\u00e9 par Dieu, mais <strong>reflet de Dieu<\/strong>, m\u00e9rite amour et, en aimant la cr\u00e9ation, l\u2019homme manifeste son amour pour Dieu. Ce n\u2019est pas un hasard si Fran\u00e7ois appelle toutes les cr\u00e9atures \u00ab\u00a0<em>fr\u00e8re<\/em>\u00a0\u00bb et \u00ab\u00a0<em>s\u0153ur<\/em>\u00a0\u00bb, m\u00eame la mort. Tout est bon, car il fait partie de la cr\u00e9ation.<\/p>\n<div class=\"link-product\">\n<div class=\"blocco-immagine\"><img loading=\"lazy\" decoding=\"async\" class=\"alignnone size-full wp-image-2416\" src=\"https:\/\/blog.holyart.it\/fr\/wp-content\/uploads\/sites\/14\/2021\/01\/saint-francois-assis-avec-animaux.jpg\" alt=\"saint francois assis avec animaux\" width=\"100\" height=\"100\" data-kale-share-title=\"Le cantique des cr\u00e9atures de Saint Fran\u00e7ois\" data-kale-share-url=\"https:\/\/blog.holyart.it\/fr\/articles-religieux\/le-cantique-des-creatures-de-saint-francois\/\" \/><\/div>\n<div class=\"blocco-contenuto\">\n<div class=\"blocco-acquista\">Acheter sur Holyart:<\/div>\n<div class=\"blocco-titolo\"><a href=\"https:\/\/www.holyart.fr\/articles-religieux\/statues\/statues-en-resine-et-pvc\/saint-francois-assis-avec-animaux-resine-10x10x5-cm\">Saint Fran\u00e7ois assis avec animaux<\/a><\/div>\n<div class=\"blocco-descrizione\">Statuette r\u00e9alis\u00e9e en r\u00e9sine color\u00e9e dans les tons du marron.<\/div>\n<\/div>\n<\/div>\n<p>Nous ne devons pas penser que le Cantique des cr\u00e9atures soit d\u00e9pourvu de profondeur, une fa\u00e7on simple et na\u00efve d\u2019exprimer sa foi. Au-del\u00e0 de la richesse po\u00e9tique du texte, \u00e9crit en dialecte italien d\u2019Ombrie, avec des influences toscanes et fran\u00e7aises et des latinismes, et de l\u2019usage savant d\u2019assonances et de figures de rh\u00e9torique, qui trahit les \u00e9tudes faites par l\u2019auteur, dans le Cantique Fran\u00e7ois choisit de c\u00e9l\u00e9brer Dieu en partant d\u2019un pr\u00e9requis diff\u00e9rent de celui promu par les docteurs de l\u2019\u00e9glise jusqu\u2019\u00e0 ce moment-l\u00e0. Il laisse de c\u00f4t\u00e9 les dissertations philosophiques et th\u00e9ologiques pour s\u2019abandonner \u00e0 l\u2019<strong>extase mystique <\/strong>sugg\u00e9r\u00e9e par la perception de la r\u00e9alit\u00e9, du fait de vivre immerg\u00e9 en elle, en tant que partie int\u00e9grante de la cr\u00e9ation. Une exp\u00e9rience sensorielle profonde qui, \u00e0 travers la cr\u00e9ation, permet de tendre vers Dieu, Cr\u00e9ateur et P\u00e8re.<\/p>\n<p>Fran\u00e7ois commence son Cantique en pr\u00e9cisant qu\u2019aucun mot de louange prononc\u00e9 par l\u2019homme n\u2019est digne de Dieu, mais il \u00e9l\u00e8ve n\u00e9anmoins son cantique au Cr\u00e9ateur, avec humilit\u00e9 et amour infini, \u00e0 travers le <strong>soleil<\/strong>, la <strong>lune<\/strong>, les <strong>\u00e9toiles<\/strong>, les quatre \u00e9l\u00e9ments fondamentaux, le <strong>vent<\/strong>, l\u2019<strong>eau<\/strong>, le <strong>feu<\/strong> et la <strong>terre<\/strong>, tous vus dans une optique positive. Fran\u00e7ois s\u2019adresse \u00e9galement \u00e0 la mort, qui sera de toute mani\u00e8re b\u00e9nigne pour ceux qui mourront en respectant la volont\u00e9 de Dieu.<\/p>\n<p>Il conclut son po\u00e8me avec une invitation \u00e0 tous les hommes, qui est \u00e9galement une <strong>promesse de salut<\/strong>\u00a0: \u00ab <em>Laudate et benedicete mi&rsquo; Signore&rsquo; et ringratiate et serviateli cum grande humilitate<\/em>\u00a0\u00bb (<em>Louez et b\u00e9nissez mon Seigneur, remerciez-le et servez-le avec grande humilit\u00e9<\/em>).<\/p>\n<h2>Saint Fran\u00e7ois et les animaux<\/h2>\n<p>Dans le <strong>Cantique des cr\u00e9atures <\/strong>Fran\u00e7ois ne parle pas directement aux animaux. Il cite par contre les <strong>fleurs<\/strong>, les <strong>fruits<\/strong>, l\u2019<strong>herbe<\/strong> et <strong>toutes les cr\u00e9atures<\/strong> qui peuplent le monde que Dieu a construit. Fran\u00e7ois dialoguait avec la nature, il sentait qu\u2019elle faisait partie de la cr\u00e9ation et qu\u2019elle \u00e9tait, en tant que telle, soeur de chaque \u00eatre vivant. Nombreuses sont les histoires qui le voyaient protagoniste avec des animaux de tous les genres. Ils percevaient peut-\u00eatre sa bont\u00e9, son sens d\u2019appartenance, qui l\u2019amenait \u00e0 vivre en harmonie et dans le respect d\u2019eux tous. Par ailleurs, le saint \u00e9tait s\u00fbr qu\u2019aucun animal n\u2019aurait jamais pu lui nuire, si lui en premier ne lui faisait aucun mal. Pensons par exemple au loup qui terrorisait les habitants de Gubbio, et qu\u2019il sut apprivoiser avec douceur. Il croyait en la <strong>supr\u00eame<\/strong> <strong>harmonie<\/strong> du Paradis terrestre, et cherchait \u00e0 la retrouver chaque jour dans le monde qui l\u2019entourait et \u00e0 la reconstruire dans la mesure o\u00f9 c\u2019\u00e9tait en son pouvoir. M\u00eame dans les pri\u00e8res du saint on retrouve des li\u00e8vres, des poissons, des agneaux et des oiseaux. Dans de nombreux r\u00e9cits, on racontait que s\u2019il recevait du poisson, des oiseaux ou des agneaux en cadeau pour les manger, il pr\u00e9f\u00e9rait les lib\u00e9rer et les petites cr\u00e9atures restaient alors \u00e0 ses c\u00f4t\u00e9s, sachant combien ce petit homme pouvait \u00eatre bon. Particuli\u00e8rement poignante est la l\u00e9gende relative au 4 octobre, jour o\u00f9 on comm\u00e9more la mort du saint. On raconte que peu avant de mourir, Fran\u00e7ois voulut entonner pour la derni\u00e8re fois le Cantique des Cr\u00e9atures, mais qu\u2019il n\u2019avait plus suffisamment de voix pour le faire. Les <strong>alouettes<\/strong>, messag\u00e8res du matin, lui vinrent en aide, m\u00eame s\u2019il \u00e9tait le soir, et chant\u00e8rent avec lui en l\u2019accompagnant doucement vers la mort.<\/p>\n<div class=\"link-article\">\n<p><img loading=\"lazy\" decoding=\"async\" class=\"size-full wp-image-2410 alignleft\" src=\"https:\/\/blog.holyart.it\/fr\/wp-content\/uploads\/sites\/14\/2021\/01\/Pretre-frere-et-moine.jpg\" alt=\"Pretre, frere et moine\" width=\"150\" height=\"99\" data-kale-share-title=\"Le cantique des cr\u00e9atures de Saint Fran\u00e7ois\" data-kale-share-url=\"https:\/\/blog.holyart.it\/fr\/articles-religieux\/le-cantique-des-creatures-de-saint-francois\/\" \/><\/p>\n<div class=\"leggi-anche\">Lire aussi :<\/div>\n<p><strong><a href=\"https:\/\/www.holyart.fr\/blog\/articles-religieux\/pretre-frere-moine\/\">Pr\u00eatre, fr\u00e8re et moine : trois termes que l\u2019on confond souvent<\/a><\/strong><br \/>\nPuisque ces trois figures de religieux ont beaucoup de choses en commun et que souvent les diff\u00e9rences qui les distinguent sont incertaines.<\/p>\n<\/div>\n<p><strong>L&rsquo;art et l\u2019iconographie<\/strong>\u00a0ont souvent voulut rappeler cet aspect particulier de Saint Fran\u00e7ois. Il apparait toujours dans son <strong>habit marron<\/strong> qui deviendra la caract\u00e9ristique de l\u2019ordre franciscain. Lui, il l\u2019avait choisi car il \u00e9tait humble et rappelait les couleurs de la terre, de laquelle il l\u2019aide \u00e0 se sentir une partie. Dans de nombreuses repr\u00e9sentations, Fran\u00e7ois apparait entour\u00e9 d\u2019animaux, en train d\u2019en prendre soin, ou de les prot\u00e9ger, ou de prier \u00e0 leurs c\u00f4t\u00e9s. Aujourd\u2019hui plus que jamais son exemple d\u2019humilit\u00e9 et d\u2019amour pour la nature, de profond respect pour les animaux devrait guider les actions des hommes afin de garantir un futur aux nouvelles g\u00e9n\u00e9rations et \u00e0 la plan\u00e8te.<\/p>\n<p style=\"text-align: center;\"><div class=\"sp-styles-warning\" style=\"width: 450px; background-color: #FFF; color: #F00; border: 1px solid #F00; padding: 10px; font-size: 14px;\">\n\t\t\t<span style=\"font-weight: bold;\">Warning: The stylesheets were not loaded!<\/span> \n\t\t\tYou will need to change the <i>Load stylesheets<\/i> setting from <i>Automatically<\/i> to <i>On homepage<\/i> or <i>On all pages<\/i>. \n\t\t\tYou can set that <a style=\"text-decoration: underline; color: #F00;\" href=\"https:\/\/blog.holyart.it\/fr\/wp-admin\/admin.php?page=sliderpro-settings\">here<\/a>.\n\t\t\t<\/div>\r\n<div id=\"slider-pro-29\" class=\"slider-pro sp-no-js\" style=\"width: 500px; height: 500px;\">\r\n\t<div class=\"sp-slides\">\r\n\t\t\r\n\t\t<div class=\"sp-slide\">\r\n\t\t\t<img loading=\"lazy\" decoding=\"async\" class=\"sp-image\" src=\"https:\/\/blog.holyart.it\/fr\/wp-content\/uploads\/sites\/14\/2021\/03\/saint-francois-dassise.jpg\" alt=\"saint francois dassise\" width=\"500\" height=\"500\" \/>\r\n\t\t\t<div class=\"sp-thumbnail\"><img decoding=\"async\" src=\"https:\/\/blog.holyart.it\/fr\/wp-content\/uploads\/sites\/14\/2021\/03\/saint-francois-dassise-100x100.jpg\" alt=\"saint francois dassise 100x100\" \/>\r\n\t\t\t<\/div>\r\n\t\t\t<div class=\"sp-caption\">Statue de Saint Fran\u00e7ois fontanini<br \/><strong><a href=\"https:\/\/www.holyart.fr\/articles-religieux\/statues\/statues-en-resine-et-pvc\/saint-francois-dassise-statue-pvc-incassable-16-cm\">Acheter sur Holyart<\/a><\/strong><\/div>\r\n\t\t<\/div>\r\n\t\t<div class=\"sp-slide\">\r\n\t\t\t<img loading=\"lazy\" decoding=\"async\" class=\"sp-image\" src=\"https:\/\/blog.holyart.it\/fr\/wp-content\/uploads\/sites\/14\/2021\/03\/saint-francois-resine-et-tissu.jpg\" alt=\"saint francois resine et tissu\" width=\"500\" height=\"500\" \/>\r\n\t\t\t<div class=\"sp-thumbnail\"><img decoding=\"async\" src=\"https:\/\/blog.holyart.it\/fr\/wp-content\/uploads\/sites\/14\/2021\/03\/saint-francois-resine-et-tissu-100x100.jpg\" alt=\"saint francois resine et tissu 100x100\" \/>\r\n\t\t\t<\/div>\r\n\t\t\t<div class=\"sp-caption\">Saint Fran\u00e7ois resine et tissu<br \/><strong><a href=\"https:\/\/www.holyart.fr\/articles-religieux\/statues\/statues-en-resine-et-pvc\/saint-francois-20-cm-resine-et-tissu\">Acheter sur Holyart<\/a><\/strong><\/div>\r\n\t\t<\/div>\r\n\t\t<div class=\"sp-slide\">\r\n\t\t\t<img loading=\"lazy\" decoding=\"async\" class=\"sp-image\" src=\"https:\/\/blog.holyart.it\/fr\/wp-content\/uploads\/sites\/14\/2021\/03\/saint-francois-bois-peint.jpg\" alt=\"saint francois bois peint\" width=\"500\" height=\"500\" \/>\r\n\t\t\t<div class=\"sp-thumbnail\"><img decoding=\"async\" src=\"https:\/\/blog.holyart.it\/fr\/wp-content\/uploads\/sites\/14\/2021\/03\/saint-francois-bois-peint-100x100.jpg\" alt=\"saint francois bois peint 100x100\" \/>\r\n\t\t\t<\/div>\r\n\t\t\t<div class=\"sp-caption\">Saint Fran\u00e7ois bois peint<br \/><strong><a href=\"https:\/\/www.holyart.fr\/articles-religieux\/statues\/statues-en-bois-peint\/saint-francois-bois-peint-val-gardena-oiseau-livre\">Acheter sur Holyart<\/a><\/strong><\/div>\r\n\t\t<\/div>\r\n\t\t<div class=\"sp-slide\">\r\n\t\t\t<img loading=\"lazy\" decoding=\"async\" class=\"sp-image\" src=\"https:\/\/blog.holyart.it\/fr\/wp-content\/uploads\/sites\/14\/2021\/03\/saint-francois-dassise-porcelaine.jpg\" alt=\"saint francois dassise porcelaine\" width=\"500\" height=\"500\" \/>\r\n\t\t\t<img decoding=\"async\" class=\"sp-thumbnail\" src=\"https:\/\/blog.holyart.it\/fr\/wp-content\/uploads\/sites\/14\/2021\/03\/saint-francois-dassise-porcelaine-100x100.jpg\" alt=\"saint francois dassise porcelaine 100x100\" \/>\r\n\t\t\t<div class=\"sp-caption\">Saint Fran\u00e7ois dassise porcelaine<br \/><strong><a href=\"https:\/\/www.holyart.fr\/articles-religieux\/statues\/statues-en-porcelaine-et-argile\/saint-francois-dassise-avec-habit-noir-porcelaine-10-cm-pinton\">Acheter sur Holyart<\/a><\/strong><\/div>\r\n\t\t<\/div>\r\n\t<\/div>\r\n<\/div><\/p>\n","protected":false},"excerpt":{"rendered":"<p>Saint Fran\u00e7ois d\u2019Assise est un des saints les plus aim\u00e9s et les plus v\u00e9n\u00e9r\u00e9s de l\u2019\u00c9glise catholique. Proche des pauvres, fr\u00e8re des derniers, il fit de l\u2019amour pour toutes les cr\u00e9atures de Dieu sa mission de vie et l\u2019embl\u00e8me de sa foi. Le Cantique des&hellip;<\/p>\n","protected":false},"author":1,"featured_media":2406,"comment_status":"closed","ping_status":"open","sticky":false,"template":"","format":"standard","meta":{"_acf_changed":false,"footnotes":""},"categories":[7],"tags":[],"class_list":["post-2402","post","type-post","status-publish","format-standard","has-post-thumbnail","hentry","category-saints-et-bienheureux"],"acf":[],"yoast_head":"<!-- This site is optimized with the Yoast SEO plugin v26.6 - https:\/\/yoast.com\/wordpress\/plugins\/seo\/ -->\n<title>Le cantique des cr\u00e9atures de Saint Fran\u00e7ois - Holyart.fr Blog<\/title>\n<meta name=\"description\" content=\"Saint Fran\u00e7ois est un des saints plus aim\u00e9s de l\u2019\u00c9glise. Le Cantique des cr\u00e9atures de Saint Fran\u00e7ois, une pri\u00e8re qui est \u00e9galement un po\u00e8me d\u2019amour.\" \/>\n<meta name=\"robots\" content=\"index, follow, max-snippet:-1, max-image-preview:large, max-video-preview:-1\" \/>\n<link rel=\"canonical\" href=\"https:\/\/blog.holyart.it\/fr\/saints-et-bienheureux\/le-cantique-des-creatures-de-saint-francois\/\" \/>\n<meta property=\"og:locale\" content=\"fr_FR\" \/>\n<meta property=\"og:type\" content=\"article\" \/>\n<meta property=\"og:title\" content=\"Le cantique des cr\u00e9atures de Saint Fran\u00e7ois - Holyart.fr Blog\" \/>\n<meta property=\"og:description\" content=\"Saint Fran\u00e7ois est un des saints plus aim\u00e9s de l\u2019\u00c9glise. Le Cantique des cr\u00e9atures de Saint Fran\u00e7ois, une pri\u00e8re qui est \u00e9galement un po\u00e8me d\u2019amour.\" \/>\n<meta property=\"og:url\" content=\"https:\/\/blog.holyart.it\/fr\/saints-et-bienheureux\/le-cantique-des-creatures-de-saint-francois\/\" \/>\n<meta property=\"og:site_name\" content=\"Holyart.fr Blog\" \/>\n<meta property=\"article:published_time\" content=\"2021-01-19T14:50:23+00:00\" \/>\n<meta property=\"article:modified_time\" content=\"2022-08-18T12:21:24+00:00\" \/>\n<meta property=\"og:image\" content=\"https:\/\/blog.holyart.it\/fr\/wp-content\/uploads\/sites\/14\/2021\/01\/Saint-francois.jpg\" \/>\n\t<meta property=\"og:image:width\" content=\"1000\" \/>\n\t<meta property=\"og:image:height\" content=\"666\" \/>\n\t<meta property=\"og:image:type\" content=\"image\/jpeg\" \/>\n<meta name=\"author\" content=\"Redazione\" \/>\n<meta name=\"twitter:card\" content=\"summary_large_image\" \/>\n<meta name=\"twitter:label1\" content=\"\u00c9crit par\" \/>\n\t<meta name=\"twitter:data1\" content=\"Redazione\" \/>\n\t<meta name=\"twitter:label2\" content=\"Dur\u00e9e de lecture estim\u00e9e\" \/>\n\t<meta name=\"twitter:data2\" content=\"9 minutes\" \/>\n<script type=\"application\/ld+json\" class=\"yoast-schema-graph\">{\"@context\":\"https:\/\/schema.org\",\"@graph\":[{\"@type\":\"Article\",\"@id\":\"https:\/\/blog.holyart.it\/fr\/saints-et-bienheureux\/le-cantique-des-creatures-de-saint-francois\/#article\",\"isPartOf\":{\"@id\":\"https:\/\/blog.holyart.it\/fr\/saints-et-bienheureux\/le-cantique-des-creatures-de-saint-francois\/\"},\"author\":{\"name\":\"Redazione\",\"@id\":\"https:\/\/blog.holyart.it\/fr\/#\/schema\/person\/0a7b686e5af0f856ec1e390dd0baecda\"},\"headline\":\"Le cantique des cr\u00e9atures de Saint Fran\u00e7ois\",\"datePublished\":\"2021-01-19T14:50:23+00:00\",\"dateModified\":\"2022-08-18T12:21:24+00:00\",\"mainEntityOfPage\":{\"@id\":\"https:\/\/blog.holyart.it\/fr\/saints-et-bienheureux\/le-cantique-des-creatures-de-saint-francois\/\"},\"wordCount\":1815,\"publisher\":{\"@id\":\"https:\/\/blog.holyart.it\/fr\/#organization\"},\"image\":{\"@id\":\"https:\/\/blog.holyart.it\/fr\/saints-et-bienheureux\/le-cantique-des-creatures-de-saint-francois\/#primaryimage\"},\"thumbnailUrl\":\"https:\/\/blog.holyart.it\/fr\/wp-content\/uploads\/sites\/14\/2021\/01\/Saint-francois.jpg\",\"articleSection\":[\"Saints et Bienheureux\"],\"inLanguage\":\"fr-FR\"},{\"@type\":\"WebPage\",\"@id\":\"https:\/\/blog.holyart.it\/fr\/saints-et-bienheureux\/le-cantique-des-creatures-de-saint-francois\/\",\"url\":\"https:\/\/blog.holyart.it\/fr\/saints-et-bienheureux\/le-cantique-des-creatures-de-saint-francois\/\",\"name\":\"Le cantique des cr\u00e9atures de Saint Fran\u00e7ois - Holyart.fr Blog\",\"isPartOf\":{\"@id\":\"https:\/\/blog.holyart.it\/fr\/#website\"},\"primaryImageOfPage\":{\"@id\":\"https:\/\/blog.holyart.it\/fr\/saints-et-bienheureux\/le-cantique-des-creatures-de-saint-francois\/#primaryimage\"},\"image\":{\"@id\":\"https:\/\/blog.holyart.it\/fr\/saints-et-bienheureux\/le-cantique-des-creatures-de-saint-francois\/#primaryimage\"},\"thumbnailUrl\":\"https:\/\/blog.holyart.it\/fr\/wp-content\/uploads\/sites\/14\/2021\/01\/Saint-francois.jpg\",\"datePublished\":\"2021-01-19T14:50:23+00:00\",\"dateModified\":\"2022-08-18T12:21:24+00:00\",\"description\":\"Saint Fran\u00e7ois est un des saints plus aim\u00e9s de l\u2019\u00c9glise. Le Cantique des cr\u00e9atures de Saint Fran\u00e7ois, une pri\u00e8re qui est \u00e9galement un po\u00e8me d\u2019amour.\",\"breadcrumb\":{\"@id\":\"https:\/\/blog.holyart.it\/fr\/saints-et-bienheureux\/le-cantique-des-creatures-de-saint-francois\/#breadcrumb\"},\"inLanguage\":\"fr-FR\",\"potentialAction\":[{\"@type\":\"ReadAction\",\"target\":[\"https:\/\/blog.holyart.it\/fr\/saints-et-bienheureux\/le-cantique-des-creatures-de-saint-francois\/\"]}]},{\"@type\":\"ImageObject\",\"inLanguage\":\"fr-FR\",\"@id\":\"https:\/\/blog.holyart.it\/fr\/saints-et-bienheureux\/le-cantique-des-creatures-de-saint-francois\/#primaryimage\",\"url\":\"https:\/\/blog.holyart.it\/fr\/wp-content\/uploads\/sites\/14\/2021\/01\/Saint-francois.jpg\",\"contentUrl\":\"https:\/\/blog.holyart.it\/fr\/wp-content\/uploads\/sites\/14\/2021\/01\/Saint-francois.jpg\",\"width\":1000,\"height\":666,\"caption\":\"Saint francois\"},{\"@type\":\"BreadcrumbList\",\"@id\":\"https:\/\/blog.holyart.it\/fr\/saints-et-bienheureux\/le-cantique-des-creatures-de-saint-francois\/#breadcrumb\",\"itemListElement\":[{\"@type\":\"ListItem\",\"position\":1,\"name\":\"Homepage\",\"item\":\"https:\/\/blog.holyart.it\/fr\/\"},{\"@type\":\"ListItem\",\"position\":2,\"name\":\"Saints et Bienheureux\",\"item\":\"https:\/\/blog.holyart.it\/fr\/saints-et-bienheureux\/\"},{\"@type\":\"ListItem\",\"position\":3,\"name\":\"Le cantique des cr\u00e9atures de Saint Fran\u00e7ois\"}]},{\"@type\":\"WebSite\",\"@id\":\"https:\/\/blog.holyart.it\/fr\/#website\",\"url\":\"https:\/\/blog.holyart.it\/fr\/\",\"name\":\"Holyart.fr Blog\",\"description\":\"Holyblog\",\"publisher\":{\"@id\":\"https:\/\/blog.holyart.it\/fr\/#organization\"},\"potentialAction\":[{\"@type\":\"SearchAction\",\"target\":{\"@type\":\"EntryPoint\",\"urlTemplate\":\"https:\/\/blog.holyart.it\/fr\/?s={search_term_string}\"},\"query-input\":{\"@type\":\"PropertyValueSpecification\",\"valueRequired\":true,\"valueName\":\"search_term_string\"}}],\"inLanguage\":\"fr-FR\"},{\"@type\":\"Organization\",\"@id\":\"https:\/\/blog.holyart.it\/fr\/#organization\",\"name\":\"Holyart.fr Blog\",\"url\":\"https:\/\/blog.holyart.it\/fr\/\",\"logo\":{\"@type\":\"ImageObject\",\"inLanguage\":\"fr-FR\",\"@id\":\"https:\/\/blog.holyart.it\/fr\/#\/schema\/logo\/image\/\",\"url\":\"https:\/\/blog.holyart.it\/fr\/wp-content\/uploads\/sites\/14\/2022\/12\/Holyart_Blog_Logo.jpg\",\"contentUrl\":\"https:\/\/blog.holyart.it\/fr\/wp-content\/uploads\/sites\/14\/2022\/12\/Holyart_Blog_Logo.jpg\",\"width\":300,\"height\":50,\"caption\":\"Holyart.fr Blog\"},\"image\":{\"@id\":\"https:\/\/blog.holyart.it\/fr\/#\/schema\/logo\/image\/\"}},{\"@type\":\"Person\",\"@id\":\"https:\/\/blog.holyart.it\/fr\/#\/schema\/person\/0a7b686e5af0f856ec1e390dd0baecda\",\"name\":\"Redazione\",\"image\":{\"@type\":\"ImageObject\",\"inLanguage\":\"fr-FR\",\"@id\":\"https:\/\/blog.holyart.it\/fr\/#\/schema\/person\/image\/\",\"url\":\"https:\/\/secure.gravatar.com\/avatar\/f477da817f43e50d0af36abecd33e3edf826c68299714bdc1057dff3b113f516?s=96&d=mm&r=g\",\"contentUrl\":\"https:\/\/secure.gravatar.com\/avatar\/f477da817f43e50d0af36abecd33e3edf826c68299714bdc1057dff3b113f516?s=96&d=mm&r=g\",\"caption\":\"Redazione\"},\"url\":\"https:\/\/blog.holyart.it\/fr\/author\/admin\/\"}]}<\/script>\n<!-- \/ Yoast SEO plugin. -->","yoast_head_json":{"title":"Le cantique des cr\u00e9atures de Saint Fran\u00e7ois - Holyart.fr Blog","description":"Saint Fran\u00e7ois est un des saints plus aim\u00e9s de l\u2019\u00c9glise. Le Cantique des cr\u00e9atures de Saint Fran\u00e7ois, une pri\u00e8re qui est \u00e9galement un po\u00e8me d\u2019amour.","robots":{"index":"index","follow":"follow","max-snippet":"max-snippet:-1","max-image-preview":"max-image-preview:large","max-video-preview":"max-video-preview:-1"},"canonical":"https:\/\/blog.holyart.it\/fr\/saints-et-bienheureux\/le-cantique-des-creatures-de-saint-francois\/","og_locale":"fr_FR","og_type":"article","og_title":"Le cantique des cr\u00e9atures de Saint Fran\u00e7ois - Holyart.fr Blog","og_description":"Saint Fran\u00e7ois est un des saints plus aim\u00e9s de l\u2019\u00c9glise. Le Cantique des cr\u00e9atures de Saint Fran\u00e7ois, une pri\u00e8re qui est \u00e9galement un po\u00e8me d\u2019amour.","og_url":"https:\/\/blog.holyart.it\/fr\/saints-et-bienheureux\/le-cantique-des-creatures-de-saint-francois\/","og_site_name":"Holyart.fr Blog","article_published_time":"2021-01-19T14:50:23+00:00","article_modified_time":"2022-08-18T12:21:24+00:00","og_image":[{"width":1000,"height":666,"url":"https:\/\/blog.holyart.it\/fr\/wp-content\/uploads\/sites\/14\/2021\/01\/Saint-francois.jpg","type":"image\/jpeg"}],"author":"Redazione","twitter_card":"summary_large_image","twitter_misc":{"\u00c9crit par":"Redazione","Dur\u00e9e de lecture estim\u00e9e":"9 minutes"},"schema":{"@context":"https:\/\/schema.org","@graph":[{"@type":"Article","@id":"https:\/\/blog.holyart.it\/fr\/saints-et-bienheureux\/le-cantique-des-creatures-de-saint-francois\/#article","isPartOf":{"@id":"https:\/\/blog.holyart.it\/fr\/saints-et-bienheureux\/le-cantique-des-creatures-de-saint-francois\/"},"author":{"name":"Redazione","@id":"https:\/\/blog.holyart.it\/fr\/#\/schema\/person\/0a7b686e5af0f856ec1e390dd0baecda"},"headline":"Le cantique des cr\u00e9atures de Saint Fran\u00e7ois","datePublished":"2021-01-19T14:50:23+00:00","dateModified":"2022-08-18T12:21:24+00:00","mainEntityOfPage":{"@id":"https:\/\/blog.holyart.it\/fr\/saints-et-bienheureux\/le-cantique-des-creatures-de-saint-francois\/"},"wordCount":1815,"publisher":{"@id":"https:\/\/blog.holyart.it\/fr\/#organization"},"image":{"@id":"https:\/\/blog.holyart.it\/fr\/saints-et-bienheureux\/le-cantique-des-creatures-de-saint-francois\/#primaryimage"},"thumbnailUrl":"https:\/\/blog.holyart.it\/fr\/wp-content\/uploads\/sites\/14\/2021\/01\/Saint-francois.jpg","articleSection":["Saints et Bienheureux"],"inLanguage":"fr-FR"},{"@type":"WebPage","@id":"https:\/\/blog.holyart.it\/fr\/saints-et-bienheureux\/le-cantique-des-creatures-de-saint-francois\/","url":"https:\/\/blog.holyart.it\/fr\/saints-et-bienheureux\/le-cantique-des-creatures-de-saint-francois\/","name":"Le cantique des cr\u00e9atures de Saint Fran\u00e7ois - Holyart.fr Blog","isPartOf":{"@id":"https:\/\/blog.holyart.it\/fr\/#website"},"primaryImageOfPage":{"@id":"https:\/\/blog.holyart.it\/fr\/saints-et-bienheureux\/le-cantique-des-creatures-de-saint-francois\/#primaryimage"},"image":{"@id":"https:\/\/blog.holyart.it\/fr\/saints-et-bienheureux\/le-cantique-des-creatures-de-saint-francois\/#primaryimage"},"thumbnailUrl":"https:\/\/blog.holyart.it\/fr\/wp-content\/uploads\/sites\/14\/2021\/01\/Saint-francois.jpg","datePublished":"2021-01-19T14:50:23+00:00","dateModified":"2022-08-18T12:21:24+00:00","description":"Saint Fran\u00e7ois est un des saints plus aim\u00e9s de l\u2019\u00c9glise. Le Cantique des cr\u00e9atures de Saint Fran\u00e7ois, une pri\u00e8re qui est \u00e9galement un po\u00e8me d\u2019amour.","breadcrumb":{"@id":"https:\/\/blog.holyart.it\/fr\/saints-et-bienheureux\/le-cantique-des-creatures-de-saint-francois\/#breadcrumb"},"inLanguage":"fr-FR","potentialAction":[{"@type":"ReadAction","target":["https:\/\/blog.holyart.it\/fr\/saints-et-bienheureux\/le-cantique-des-creatures-de-saint-francois\/"]}]},{"@type":"ImageObject","inLanguage":"fr-FR","@id":"https:\/\/blog.holyart.it\/fr\/saints-et-bienheureux\/le-cantique-des-creatures-de-saint-francois\/#primaryimage","url":"https:\/\/blog.holyart.it\/fr\/wp-content\/uploads\/sites\/14\/2021\/01\/Saint-francois.jpg","contentUrl":"https:\/\/blog.holyart.it\/fr\/wp-content\/uploads\/sites\/14\/2021\/01\/Saint-francois.jpg","width":1000,"height":666,"caption":"Saint francois"},{"@type":"BreadcrumbList","@id":"https:\/\/blog.holyart.it\/fr\/saints-et-bienheureux\/le-cantique-des-creatures-de-saint-francois\/#breadcrumb","itemListElement":[{"@type":"ListItem","position":1,"name":"Homepage","item":"https:\/\/blog.holyart.it\/fr\/"},{"@type":"ListItem","position":2,"name":"Saints et Bienheureux","item":"https:\/\/blog.holyart.it\/fr\/saints-et-bienheureux\/"},{"@type":"ListItem","position":3,"name":"Le cantique des cr\u00e9atures de Saint Fran\u00e7ois"}]},{"@type":"WebSite","@id":"https:\/\/blog.holyart.it\/fr\/#website","url":"https:\/\/blog.holyart.it\/fr\/","name":"Holyart.fr Blog","description":"Holyblog","publisher":{"@id":"https:\/\/blog.holyart.it\/fr\/#organization"},"potentialAction":[{"@type":"SearchAction","target":{"@type":"EntryPoint","urlTemplate":"https:\/\/blog.holyart.it\/fr\/?s={search_term_string}"},"query-input":{"@type":"PropertyValueSpecification","valueRequired":true,"valueName":"search_term_string"}}],"inLanguage":"fr-FR"},{"@type":"Organization","@id":"https:\/\/blog.holyart.it\/fr\/#organization","name":"Holyart.fr Blog","url":"https:\/\/blog.holyart.it\/fr\/","logo":{"@type":"ImageObject","inLanguage":"fr-FR","@id":"https:\/\/blog.holyart.it\/fr\/#\/schema\/logo\/image\/","url":"https:\/\/blog.holyart.it\/fr\/wp-content\/uploads\/sites\/14\/2022\/12\/Holyart_Blog_Logo.jpg","contentUrl":"https:\/\/blog.holyart.it\/fr\/wp-content\/uploads\/sites\/14\/2022\/12\/Holyart_Blog_Logo.jpg","width":300,"height":50,"caption":"Holyart.fr Blog"},"image":{"@id":"https:\/\/blog.holyart.it\/fr\/#\/schema\/logo\/image\/"}},{"@type":"Person","@id":"https:\/\/blog.holyart.it\/fr\/#\/schema\/person\/0a7b686e5af0f856ec1e390dd0baecda","name":"Redazione","image":{"@type":"ImageObject","inLanguage":"fr-FR","@id":"https:\/\/blog.holyart.it\/fr\/#\/schema\/person\/image\/","url":"https:\/\/secure.gravatar.com\/avatar\/f477da817f43e50d0af36abecd33e3edf826c68299714bdc1057dff3b113f516?s=96&d=mm&r=g","contentUrl":"https:\/\/secure.gravatar.com\/avatar\/f477da817f43e50d0af36abecd33e3edf826c68299714bdc1057dff3b113f516?s=96&d=mm&r=g","caption":"Redazione"},"url":"https:\/\/blog.holyart.it\/fr\/author\/admin\/"}]}},"_links":{"self":[{"href":"https:\/\/blog.holyart.it\/fr\/wp-json\/wp\/v2\/posts\/2402","targetHints":{"allow":["GET"]}}],"collection":[{"href":"https:\/\/blog.holyart.it\/fr\/wp-json\/wp\/v2\/posts"}],"about":[{"href":"https:\/\/blog.holyart.it\/fr\/wp-json\/wp\/v2\/types\/post"}],"author":[{"embeddable":true,"href":"https:\/\/blog.holyart.it\/fr\/wp-json\/wp\/v2\/users\/1"}],"replies":[{"embeddable":true,"href":"https:\/\/blog.holyart.it\/fr\/wp-json\/wp\/v2\/comments?post=2402"}],"version-history":[{"count":0,"href":"https:\/\/blog.holyart.it\/fr\/wp-json\/wp\/v2\/posts\/2402\/revisions"}],"wp:featuredmedia":[{"embeddable":true,"href":"https:\/\/blog.holyart.it\/fr\/wp-json\/wp\/v2\/media\/2406"}],"wp:attachment":[{"href":"https:\/\/blog.holyart.it\/fr\/wp-json\/wp\/v2\/media?parent=2402"}],"wp:term":[{"taxonomy":"category","embeddable":true,"href":"https:\/\/blog.holyart.it\/fr\/wp-json\/wp\/v2\/categories?post=2402"},{"taxonomy":"post_tag","embeddable":true,"href":"https:\/\/blog.holyart.it\/fr\/wp-json\/wp\/v2\/tags?post=2402"}],"curies":[{"name":"wp","href":"https:\/\/api.w.org\/{rel}","templated":true}]}}