{"id":2349,"date":"2021-01-07T17:46:52","date_gmt":"2021-01-07T16:46:52","guid":{"rendered":"https:\/\/blog.holyart.it\/fr\/?p=2349"},"modified":"2022-10-17T12:47:34","modified_gmt":"2022-10-17T10:47:34","slug":"le-jardin-deden-dans-la-genese","status":"publish","type":"post","link":"https:\/\/blog.holyart.it\/fr\/articles-religieux\/le-jardin-deden-dans-la-genese\/","title":{"rendered":"Le jardin d\u2019\u00c9den dans la Gen\u00e8se"},"content":{"rendered":"<h4 style=\"text-align: center;\"><em>Le jardin d\u2019\u00c9den repr\u00e9sente le premier immense don que Dieu fit \u00e0 l\u2019homme et \u00e0 la femme. Perdu suite au P\u00e9ch\u00e9 originel, il reste un lieu embl\u00e9matique, symbole d\u2019innocence retrouv\u00e9e et d\u2019espoir in\u00e9puisable. D\u00e9couvrons-en plus \u00e0 son sujet.<\/em><\/h4>\n\n<p>Nous avons d\u00e9j\u00e0 eu l\u2019occasion de parler du Jardin d\u2019\u00c9den dans un pr\u00e9c\u00e9dent article d\u00e9di\u00e9 \u00e0 l\u2019histoire d\u2019Adam et d\u2019\u00c8ve. En effet, c\u2019est dans le Jardin d\u2019\u00c9den, appel\u00e9 \u00e9galement le Paradis terrestre, que Dieu cr\u00e9a le premier homme et la premi\u00e8re femme, les anc\u00eatres de toute l\u2019humanit\u00e9. Le Tout Puissant leur fit don de ce lieu merveilleux et de tous les animaux et les plantes qui le peuplaient, afin qu\u2019ils puissent jouir de leurs fruits et vivre dans le bonheur absolu.<\/p>\n<p>Le bonheur absolu, voici une des caract\u00e9ristiques du Jardin d\u2019\u00c9den\u00a0: un lieu de paix, d\u2019harmonie, o\u00f9 toutes les races d\u2019animaux cohabitent de mani\u00e8re pacifique, o\u00f9 aucune fleur n\u2019est v\u00e9n\u00e9neuse. La souffrance y est bannie,\u00a0 ainsi que la fatigue, la maladie, la douleur. La mort ne peut pas entrer dans le Jardin d\u2019\u00c9den, dans lequel fleurit et donne ses fruits, entre autre, l\u2019<strong>arbre de la vie<\/strong>, auquel nous avons d\u00e9di\u00e9 un article entier. Dieu a plac\u00e9 cet arbre miraculeux au milieu du jardin d\u2019\u00c9den, \u00e0 c\u00f4t\u00e9 de l\u2019<strong>arbre de la connaissance du bien et du mal\u00a0<\/strong>; et Adam et \u00c8ve peuvent en manger les fruits \u00e0 sati\u00e9t\u00e9. De cette mani\u00e8re, ils sont immortels, immunis\u00e9s contre le passage du temps, la vieillesse, les maladies et la mort.<\/p>\n<div class=\"link-article\">\n<p><img loading=\"lazy\" decoding=\"async\" class=\"alignleft size-full wp-image-2354\" src=\"https:\/\/blog.holyart.it\/fr\/wp-content\/uploads\/sites\/14\/2021\/03\/La-signification-de-l\u2019Arbre-de-la-vie.jpg\" alt=\"La signification de l\u2019Arbre de la vie\" width=\"150\" height=\"99\" data-kale-share-title=\"Le jardin d\u2019\u00c9den dans la Gen\u00e8se\" data-kale-share-url=\"https:\/\/blog.holyart.it\/fr\/articles-religieux\/le-jardin-deden-dans-la-genese\/\" \/><\/p>\n<div class=\"leggi-anche\">Lire aussi :<\/div>\n<p><strong><a href=\"https:\/\/www.holyart.fr\/blog\/articles-religieux\/signification-de-larbre-de-vie\/\">La signification de l\u2019Arbre de la vie<\/a><\/strong><br \/>\nToutes les religions, d\u00e8s les origines de l\u2019histoire humaine, sont li\u00e9es d\u2019une mani\u00e8re ou d\u2019une autres aux arbres.<\/p>\n<\/div>\n<p>Mais quel est l\u2019<strong>origine du jardin d\u2019\u00c9den <\/strong>? Correspond-il \u00e0 un <strong>lieu g\u00e9ographique r\u00e9el<\/strong> ? Et si oui, o\u00f9 serait-il situ\u00e9\u00a0?<\/p>\n<p>Tout d\u2019abord, analysons les termes. Le mot h\u00e9bra\u00efque \u00ab\u00a0pard\u00e9s\u00a0\u00bb, dont la racine nous renvoie \u00e0 \u00ab\u00a0<em>paradis<\/em>\u00a0\u00bb, signifie \u00ab\u00a0<em>jardin<\/em>\u00a0\u00bb. Le terme compos\u00e9 \u00ab\u00a0Gan \u2018Eden\u00a0\u00bb, \u00ab\u00a0<em>jardin des D\u00e9lices<\/em>\u00a0\u00bb (Gen\u00e8se 2, 8-14) \u00e9tait utilis\u00e9 pour d\u00e9finir le paradis terrestre et le paradis c\u00e9leste en m\u00eame temps. Le mot \u00ab\u00a0\u00c9den\u00a0\u00bb vient par contre du sum\u00e9rien et signifie \u00ab\u00a0<em>steppe, plaine<\/em>\u00a0\u00bb. Certains sp\u00e9cialistes ont suppos\u00e9 que Dieu ait choisi une zone occup\u00e9e par de la v\u00e9g\u00e9tation de la steppe afin d\u2019y faire surgir Son Paradis, son jardin des d\u00e9lices. Une autre th\u00e9orie relie le jardin d\u2019\u00c9den avec une localit\u00e9 plusieurs fois cit\u00e9e dans la Bible, appel\u00e9e \u00c9den, ou \u00c9din. Il s\u2019agissait d\u2019une r\u00e9gion sous la domination des Assyriens, dans la r\u00e9gion du moyen Euphrate, cit\u00e9e \u00e9galement dans de nombreuses sources sum\u00e9riennes.<\/p>\n<p>Quand nous pensons au Paradis terrestre, nous ne devons pas nous imaginer un lieu sauvage et rude. En effet, dans l\u2019antiquit\u00e9, les jardins \u00e9taient des lieux cl\u00f4tur\u00e9s et dans lesquels la v\u00e9g\u00e9tation \u00e9tait r\u00e9gul\u00e9e de mani\u00e8re rationnelle. Le choix donc de cr\u00e9er un jardin et donner vie \u00e0 son int\u00e9rieur au premier homme rentrerait dans le plan pr\u00e9cis de Dieu.<\/p>\n<h2>Mais o\u00f9 se trouvait le Jardin d\u2019\u00c9den?<\/h2>\n<p>En ce qui concerne la <strong>position du jardin d\u2019\u00c9den<\/strong>, dans la Gen\u00e8se nous lisons : \u00ab\u00a0<em>Puis l&rsquo;Eternel Dieu planta un jardin en Eden, du c\u00f4t\u00e9 de l&rsquo;orient, et il y mit l&rsquo;homme qu&rsquo;il avait form\u00e9. [\u2026]Un fleuve sortait d&rsquo;Eden pour arroser le jardin, et de l\u00e0 il se divisait en quatre bras. Le nom du premier est Pischon; c&rsquo;est celui qui entoure tout le pays de Havila, o\u00f9 se trouve l&rsquo;or. L&rsquo;or de ce pays est pur; on y trouve aussi le bdellium et la pierre d&rsquo;onyx.<\/em> <em>Le nom du second fleuve est Guihon; c&rsquo;est celui qui entoure tout le pays de Cusch. <\/em><em>Le nom du troisi\u00e8me est Hidd\u00e9kel; c&rsquo;est celui qui coule \u00e0 l&rsquo;orient de l&rsquo;Assyrie. <\/em><em>Le quatri\u00e8me fleuve, c&rsquo;est l&rsquo;Euphrate.<\/em> \u00bb (Gen\u00e8se 2, 8-14).<\/p>\n<p>Cette description, apparemment tr\u00e8s pr\u00e9cise, en r\u00e9alit\u00e9 contient des r\u00e9f\u00e9rences qui sont quasi s\u00fbrement plus symboliques que g\u00e9ographiques. Cela fait penser, \u00e0 premi\u00e8re vue, que le jardin d\u2019\u00c9den \u00e9tait situ\u00e9 dans une vall\u00e9e fluviale, quelque part en Orient, peut-\u00eatre en <strong>M\u00e9sopotamie<\/strong>, du moins selon la plus part des experts. En effet, la r\u00e9gion, travers\u00e9e par les fleuves Tigre et Euphrate, et qui occupait le territoire o\u00f9 maintenant s\u2019\u00e9tendent Iraq, Syrie, Turquie et Iran, avait une v\u00e9g\u00e9tation par endroits tr\u00e8s luxuriante, gr\u00e2ce aux inondations des deux fleuves, assez pour m\u00e9riter le nom de <em>croissant fertile<\/em>, par endroits typique de la steppe, ce qui nous renvoie au mot d\u00e9j\u00e0 cit\u00e9 d\u2019\u00a0\u00ab\u00a0\u00c9den\u00a0\u00bb.<\/p>\n<p>D\u2019autres \u00e9rudits placent le Paradis terrestre plus au nord, en partant du principe que, si de lui sortaient quatre cours d\u2019eau, leur source devait \u00eatre plac\u00e9e plus au nord par rapport au Tigre et \u00e0 l\u2019Euphrate. Indicativement il s\u2019agirait alors de la <strong>partie septentrionale de l\u2019Arm\u00e9nie<\/strong>.<\/p>\n<div class=\"link-article\">\n<p><img loading=\"lazy\" decoding=\"async\" class=\"alignleft size-full wp-image-2361\" src=\"https:\/\/blog.holyart.it\/fr\/wp-content\/uploads\/sites\/14\/2021\/01\/Arbres-et-plantes-dans-la-tradition-chretienne.jpg\" alt=\"Arbres et plantes dans la tradition chretienne\" width=\"150\" height=\"99\" data-kale-share-title=\"Le jardin d\u2019\u00c9den dans la Gen\u00e8se\" data-kale-share-url=\"https:\/\/blog.holyart.it\/fr\/articles-religieux\/le-jardin-deden-dans-la-genese\/\" \/><\/p>\n<div class=\"leggi-anche\">Lire aussi :<\/div>\n<p><strong><a href=\"https:\/\/www.holyart.fr\/blog\/noel\/arbres-plantes-tradition-chretienne\/\">Arbres et plantes dans la tradition chr\u00e9tienne<\/a><\/strong><br \/>\nDans l\u2019Antiquit\u00e9, la relation entre l\u2019homme et la nature \u00e9tait beaucoup plus \u00e9troite qu\u2019elle ne l\u2019est aujourd\u2019hui.<\/p>\n<\/div>\n<p>Le professeur David Rohl, c\u00e9l\u00e8bre arch\u00e9ologue anglais, apr\u00e8s des ann\u00e9es d\u2019\u00e9tudes, de fouilles et de recherches, a affirm\u00e9 que le Jardin d\u2019\u00c9den \u00e9tait situ\u00e9 dans une vall\u00e9e proche de l\u2019actuelle Tabriz, dans le <strong>nord de l\u2019Iran<\/strong>, sur le haut plateau \u00e0 l\u2019ouest du lac d\u2019Ourmia. Le m\u00eame \u00e9rudit, auteur d\u2019un livre au titre explicatif \u00ab\u00a0<em>La Gen\u00e8se avait raison<\/em>\u00a0\u00bb, soutient que ce qui est racont\u00e9 dans la Gen\u00e8se est tr\u00e8s fiable d\u2019un point de vue historique et g\u00e9ographique. Pour Rohl aussi, donc, le jardin d\u2019\u00c9den surgissait dans l\u2019ancienne Arm\u00e9nie, autour des bassins des lacs de Van et d\u2019Ourmia, dans la m\u00eame r\u00e9gion o\u00f9 s\u2019\u00e9l\u00e8ve le mont Ararat, sur lequel l\u2019arche de No\u00e9 s\u2019arr\u00eata \u00e0 la fin du D\u00e9luge. L\u2019arche serait encore visible, au sommet de ce mont, dans les journ\u00e9es d\u00e9gag\u00e9e\u2026<\/p>\n<p>Il y a \u00e9galement ceux qui pensent que le jardin d\u2019\u00c9den se trouvait dans la <strong>Terre Sainte<\/strong>, la terre d\u2019Isra\u00ebl. Selon cette th\u00e9orie, le fleuve qui coulait dans le Paradis terrestre pour ensuite se diviser une fois sortie de ce dernier, aurait \u00e9t\u00e9 le Jourdain. \u00c0 confirmation de cette hypoth\u00e8se il y a le fait que, \u00e0 cette \u00e9poque lointaine, le cours du fleuve \u00e9tait s\u00fbrement plus long. En particulier, le Jourdain pouvait se trouver au nord de la Galil\u00e9e, \u00e0 la fronti\u00e8re avec la Samarie, au sud du lac de Tib\u00e9riade. Cette zone \u00e9tait dans le pass\u00e9 si importante d\u2019un point de vue strat\u00e9gique et tellement fertile, gr\u00e2ce aux eaux du Jourdain et du fleuve Harod, que les anciens sages juifs avaient l\u2019habitude de dire\u00a0: \u00ab\u00a0<em>Si le Jardin d\u2019\u00c9den est dans la terre d\u2019Isra\u00ebl, alors son portail est Beth-Shean<\/em>\u00a0\u00bb, en r\u00e9f\u00e9rence \u00e0 l\u2019ancienne ville qui surgissait dans cette r\u00e9gion.<\/p>\n<p>D\u2019autres chercheurs placent le Jardin d\u2019\u00c9den en <strong>\u00c9gypte<\/strong> et identifient les quatre fleuves avec le Nil, qui rendait fertile et riche cette terre en courant pour des longues distances en souterrain, pour \u00e9merger seulement \u00e0 certains endroits.<\/p>\n<p>Enfin, certaines interpr\u00e9tations excluent toute implication g\u00e9ographique en consid\u00e9rant le jardin d\u2019\u00c9den uniquement dans la cl\u00e9 de lecture de l\u2019expulsion d\u2019Adam et d\u2019\u00c9ve de ce dernier. Le jardin repr\u00e9senterait la Terre Sainte et le Temple de J\u00e9rusalem, d\u2019o\u00f9 le peuple d\u2019Isra\u00ebl, coupable d\u2019idol\u00e2trie, a \u00e9t\u00e9 chass\u00e9, en perdant sa communion avec Dieu.<\/p>\n<p>Ind\u00e9pendamment de la possibilit\u00e9 ou pas qu\u2019il existe une localisation g\u00e9ographique pour le Jardin d\u2019\u00c9den comme il est d\u00e9crit dans les Saintes \u00c9critures, son importance reste prioritaire pour tout croyant. Tout ce qu\u2019il y est arriv\u00e9, la tentation de la femme, la chute de l\u2019homme, l\u2019expulsion des deux, repr\u00e9sente le d\u00e9but de l\u2019existence de l\u2019humanit\u00e9 comme nous la connaissons, dans une cl\u00e9 th\u00e9ologique qui justifie et explique l\u2019origine de tous les maux. Au moment o\u00f9 \u00c8ve et Adam ont choisi de d\u00e9sob\u00e9ir, en mangeant les fruits de l\u2019arbre de la connaissance du bien et du mal, ils ont perdu le droit de se nourrir de ceux de l\u2019arbre de la vie. Ici demeure la tricherie du Serpent, qui leur avait promis par contre qu\u2019ils auraient \u00e9t\u00e9 \u00e9gaux \u00e0 Dieu.<\/p>\n<p>Il faudra attendre la venue de Christ pour trouver, dans sa Croix, le nouvel Arbre de la Vie, source de salut et de vie \u00e9ternelle.<\/p>\n<div class=\"link-product\">\n<div class=\"blocco-immagine\"><img loading=\"lazy\" decoding=\"async\" class=\"alignnone size-full wp-image-2356\" src=\"https:\/\/blog.holyart.it\/fr\/wp-content\/uploads\/sites\/14\/2021\/03\/icone-de-larbre-de-vie.jpg\" alt=\"icone de l'arbre de vie\" width=\"100\" height=\"100\" data-kale-share-title=\"Le jardin d\u2019\u00c9den dans la Gen\u00e8se\" data-kale-share-url=\"https:\/\/blog.holyart.it\/fr\/articles-religieux\/le-jardin-deden-dans-la-genese\/\" \/><\/div>\n<div class=\"blocco-contenuto\">\n<div class=\"blocco-acquista\">Acheter sur Holyart:<\/div>\n<div class=\"blocco-titolo\"><a href=\"https:\/\/www.holyart.fr\/articles-religieux\/icones-religieuses\/icones-grecques\/larbre-de-la-vie\">L&rsquo;arbre de la vie<\/a><\/div>\n<div class=\"blocco-descrizione\">L&rsquo;arbre de la vie fruit de l&rsquo;humanit\u00e9 et de l&rsquo;\u00e9glise<\/div>\n<\/div>\n<\/div>\n","protected":false},"excerpt":{"rendered":"<p>Le jardin d\u2019\u00c9den repr\u00e9sente le premier immense don que Dieu fit \u00e0 l\u2019homme et \u00e0 la femme. Perdu suite au P\u00e9ch\u00e9 originel, il reste un lieu embl\u00e9matique, symbole d\u2019innocence retrouv\u00e9e et d\u2019espoir in\u00e9puisable. D\u00e9couvrons-en plus \u00e0 son sujet. Nous avons d\u00e9j\u00e0 eu l\u2019occasion de parler&hellip;<\/p>\n","protected":false},"author":1,"featured_media":2350,"comment_status":"closed","ping_status":"open","sticky":false,"template":"","format":"standard","meta":{"_acf_changed":false,"footnotes":""},"categories":[8],"tags":[],"class_list":["post-2349","post","type-post","status-publish","format-standard","has-post-thumbnail","hentry","category-articles-religieux"],"acf":[],"yoast_head":"<!-- This site is optimized with the Yoast SEO plugin v26.6 - https:\/\/yoast.com\/wordpress\/plugins\/seo\/ -->\n<title>Le jardin d\u2019\u00c9den dans la Gen\u00e8se - Holyart.fr Blog<\/title>\n<meta name=\"description\" content=\"Le jardin d\u2019\u00c9den repr\u00e9sente le premier immense don que Dieu fit. Symbole d\u2019innocence retrouv\u00e9e et d\u2019espoir in\u00e9puisable. D\u00e9couvrons-en plus \u00e0 son sujet.\" \/>\n<meta name=\"robots\" content=\"index, follow, max-snippet:-1, max-image-preview:large, max-video-preview:-1\" \/>\n<link rel=\"canonical\" href=\"https:\/\/blog.holyart.it\/fr\/articles-religieux\/le-jardin-deden-dans-la-genese\/\" \/>\n<meta property=\"og:locale\" content=\"fr_FR\" \/>\n<meta property=\"og:type\" content=\"article\" \/>\n<meta property=\"og:title\" content=\"Le jardin d\u2019\u00c9den dans la Gen\u00e8se - Holyart.fr Blog\" \/>\n<meta property=\"og:description\" content=\"Le jardin d\u2019\u00c9den repr\u00e9sente le premier immense don que Dieu fit. Symbole d\u2019innocence retrouv\u00e9e et d\u2019espoir in\u00e9puisable. D\u00e9couvrons-en plus \u00e0 son sujet.\" \/>\n<meta property=\"og:url\" content=\"https:\/\/blog.holyart.it\/fr\/articles-religieux\/le-jardin-deden-dans-la-genese\/\" \/>\n<meta property=\"og:site_name\" content=\"Holyart.fr Blog\" \/>\n<meta property=\"article:published_time\" content=\"2021-01-07T16:46:52+00:00\" \/>\n<meta property=\"article:modified_time\" content=\"2022-10-17T10:47:34+00:00\" \/>\n<meta property=\"og:image\" content=\"https:\/\/blog.holyart.it\/fr\/wp-content\/uploads\/sites\/14\/2021\/03\/arbre-de-vie.jpg\" \/>\n\t<meta property=\"og:image:width\" content=\"1000\" \/>\n\t<meta property=\"og:image:height\" content=\"666\" \/>\n\t<meta property=\"og:image:type\" content=\"image\/jpeg\" \/>\n<meta name=\"author\" content=\"Redazione\" \/>\n<meta name=\"twitter:card\" content=\"summary_large_image\" \/>\n<meta name=\"twitter:label1\" content=\"\u00c9crit par\" \/>\n\t<meta name=\"twitter:data1\" content=\"Redazione\" \/>\n\t<meta name=\"twitter:label2\" content=\"Dur\u00e9e de lecture estim\u00e9e\" \/>\n\t<meta name=\"twitter:data2\" content=\"8 minutes\" \/>\n<script type=\"application\/ld+json\" class=\"yoast-schema-graph\">{\"@context\":\"https:\/\/schema.org\",\"@graph\":[{\"@type\":\"Article\",\"@id\":\"https:\/\/blog.holyart.it\/fr\/articles-religieux\/le-jardin-deden-dans-la-genese\/#article\",\"isPartOf\":{\"@id\":\"https:\/\/blog.holyart.it\/fr\/articles-religieux\/le-jardin-deden-dans-la-genese\/\"},\"author\":{\"name\":\"Redazione\",\"@id\":\"https:\/\/blog.holyart.it\/fr\/#\/schema\/person\/0a7b686e5af0f856ec1e390dd0baecda\"},\"headline\":\"Le jardin d\u2019\u00c9den dans la Gen\u00e8se\",\"datePublished\":\"2021-01-07T16:46:52+00:00\",\"dateModified\":\"2022-10-17T10:47:34+00:00\",\"mainEntityOfPage\":{\"@id\":\"https:\/\/blog.holyart.it\/fr\/articles-religieux\/le-jardin-deden-dans-la-genese\/\"},\"wordCount\":1539,\"publisher\":{\"@id\":\"https:\/\/blog.holyart.it\/fr\/#organization\"},\"image\":{\"@id\":\"https:\/\/blog.holyart.it\/fr\/articles-religieux\/le-jardin-deden-dans-la-genese\/#primaryimage\"},\"thumbnailUrl\":\"https:\/\/blog.holyart.it\/fr\/wp-content\/uploads\/sites\/14\/2021\/03\/arbre-de-vie.jpg\",\"articleSection\":[\"Religion\"],\"inLanguage\":\"fr-FR\"},{\"@type\":\"WebPage\",\"@id\":\"https:\/\/blog.holyart.it\/fr\/articles-religieux\/le-jardin-deden-dans-la-genese\/\",\"url\":\"https:\/\/blog.holyart.it\/fr\/articles-religieux\/le-jardin-deden-dans-la-genese\/\",\"name\":\"Le jardin d\u2019\u00c9den dans la Gen\u00e8se - Holyart.fr Blog\",\"isPartOf\":{\"@id\":\"https:\/\/blog.holyart.it\/fr\/#website\"},\"primaryImageOfPage\":{\"@id\":\"https:\/\/blog.holyart.it\/fr\/articles-religieux\/le-jardin-deden-dans-la-genese\/#primaryimage\"},\"image\":{\"@id\":\"https:\/\/blog.holyart.it\/fr\/articles-religieux\/le-jardin-deden-dans-la-genese\/#primaryimage\"},\"thumbnailUrl\":\"https:\/\/blog.holyart.it\/fr\/wp-content\/uploads\/sites\/14\/2021\/03\/arbre-de-vie.jpg\",\"datePublished\":\"2021-01-07T16:46:52+00:00\",\"dateModified\":\"2022-10-17T10:47:34+00:00\",\"description\":\"Le jardin d\u2019\u00c9den repr\u00e9sente le premier immense don que Dieu fit. Symbole d\u2019innocence retrouv\u00e9e et d\u2019espoir in\u00e9puisable. D\u00e9couvrons-en plus \u00e0 son sujet.\",\"breadcrumb\":{\"@id\":\"https:\/\/blog.holyart.it\/fr\/articles-religieux\/le-jardin-deden-dans-la-genese\/#breadcrumb\"},\"inLanguage\":\"fr-FR\",\"potentialAction\":[{\"@type\":\"ReadAction\",\"target\":[\"https:\/\/blog.holyart.it\/fr\/articles-religieux\/le-jardin-deden-dans-la-genese\/\"]}]},{\"@type\":\"ImageObject\",\"inLanguage\":\"fr-FR\",\"@id\":\"https:\/\/blog.holyart.it\/fr\/articles-religieux\/le-jardin-deden-dans-la-genese\/#primaryimage\",\"url\":\"https:\/\/blog.holyart.it\/fr\/wp-content\/uploads\/sites\/14\/2021\/03\/arbre-de-vie.jpg\",\"contentUrl\":\"https:\/\/blog.holyart.it\/fr\/wp-content\/uploads\/sites\/14\/2021\/03\/arbre-de-vie.jpg\",\"width\":1000,\"height\":666,\"caption\":\"arbre de vie\"},{\"@type\":\"BreadcrumbList\",\"@id\":\"https:\/\/blog.holyart.it\/fr\/articles-religieux\/le-jardin-deden-dans-la-genese\/#breadcrumb\",\"itemListElement\":[{\"@type\":\"ListItem\",\"position\":1,\"name\":\"Homepage\",\"item\":\"https:\/\/blog.holyart.it\/fr\/\"},{\"@type\":\"ListItem\",\"position\":2,\"name\":\"Religion\",\"item\":\"https:\/\/blog.holyart.it\/fr\/articles-religieux\/\"},{\"@type\":\"ListItem\",\"position\":3,\"name\":\"Le jardin d\u2019\u00c9den dans la Gen\u00e8se\"}]},{\"@type\":\"WebSite\",\"@id\":\"https:\/\/blog.holyart.it\/fr\/#website\",\"url\":\"https:\/\/blog.holyart.it\/fr\/\",\"name\":\"Holyart.fr Blog\",\"description\":\"Holyblog\",\"publisher\":{\"@id\":\"https:\/\/blog.holyart.it\/fr\/#organization\"},\"potentialAction\":[{\"@type\":\"SearchAction\",\"target\":{\"@type\":\"EntryPoint\",\"urlTemplate\":\"https:\/\/blog.holyart.it\/fr\/?s={search_term_string}\"},\"query-input\":{\"@type\":\"PropertyValueSpecification\",\"valueRequired\":true,\"valueName\":\"search_term_string\"}}],\"inLanguage\":\"fr-FR\"},{\"@type\":\"Organization\",\"@id\":\"https:\/\/blog.holyart.it\/fr\/#organization\",\"name\":\"Holyart.fr Blog\",\"url\":\"https:\/\/blog.holyart.it\/fr\/\",\"logo\":{\"@type\":\"ImageObject\",\"inLanguage\":\"fr-FR\",\"@id\":\"https:\/\/blog.holyart.it\/fr\/#\/schema\/logo\/image\/\",\"url\":\"https:\/\/blog.holyart.it\/fr\/wp-content\/uploads\/sites\/14\/2022\/12\/Holyart_Blog_Logo.jpg\",\"contentUrl\":\"https:\/\/blog.holyart.it\/fr\/wp-content\/uploads\/sites\/14\/2022\/12\/Holyart_Blog_Logo.jpg\",\"width\":300,\"height\":50,\"caption\":\"Holyart.fr Blog\"},\"image\":{\"@id\":\"https:\/\/blog.holyart.it\/fr\/#\/schema\/logo\/image\/\"}},{\"@type\":\"Person\",\"@id\":\"https:\/\/blog.holyart.it\/fr\/#\/schema\/person\/0a7b686e5af0f856ec1e390dd0baecda\",\"name\":\"Redazione\",\"image\":{\"@type\":\"ImageObject\",\"inLanguage\":\"fr-FR\",\"@id\":\"https:\/\/blog.holyart.it\/fr\/#\/schema\/person\/image\/\",\"url\":\"https:\/\/secure.gravatar.com\/avatar\/f477da817f43e50d0af36abecd33e3edf826c68299714bdc1057dff3b113f516?s=96&d=mm&r=g\",\"contentUrl\":\"https:\/\/secure.gravatar.com\/avatar\/f477da817f43e50d0af36abecd33e3edf826c68299714bdc1057dff3b113f516?s=96&d=mm&r=g\",\"caption\":\"Redazione\"},\"url\":\"https:\/\/blog.holyart.it\/fr\/author\/admin\/\"}]}<\/script>\n<!-- \/ Yoast SEO plugin. -->","yoast_head_json":{"title":"Le jardin d\u2019\u00c9den dans la Gen\u00e8se - Holyart.fr Blog","description":"Le jardin d\u2019\u00c9den repr\u00e9sente le premier immense don que Dieu fit. Symbole d\u2019innocence retrouv\u00e9e et d\u2019espoir in\u00e9puisable. D\u00e9couvrons-en plus \u00e0 son sujet.","robots":{"index":"index","follow":"follow","max-snippet":"max-snippet:-1","max-image-preview":"max-image-preview:large","max-video-preview":"max-video-preview:-1"},"canonical":"https:\/\/blog.holyart.it\/fr\/articles-religieux\/le-jardin-deden-dans-la-genese\/","og_locale":"fr_FR","og_type":"article","og_title":"Le jardin d\u2019\u00c9den dans la Gen\u00e8se - Holyart.fr Blog","og_description":"Le jardin d\u2019\u00c9den repr\u00e9sente le premier immense don que Dieu fit. Symbole d\u2019innocence retrouv\u00e9e et d\u2019espoir in\u00e9puisable. D\u00e9couvrons-en plus \u00e0 son sujet.","og_url":"https:\/\/blog.holyart.it\/fr\/articles-religieux\/le-jardin-deden-dans-la-genese\/","og_site_name":"Holyart.fr Blog","article_published_time":"2021-01-07T16:46:52+00:00","article_modified_time":"2022-10-17T10:47:34+00:00","og_image":[{"width":1000,"height":666,"url":"https:\/\/blog.holyart.it\/fr\/wp-content\/uploads\/sites\/14\/2021\/03\/arbre-de-vie.jpg","type":"image\/jpeg"}],"author":"Redazione","twitter_card":"summary_large_image","twitter_misc":{"\u00c9crit par":"Redazione","Dur\u00e9e de lecture estim\u00e9e":"8 minutes"},"schema":{"@context":"https:\/\/schema.org","@graph":[{"@type":"Article","@id":"https:\/\/blog.holyart.it\/fr\/articles-religieux\/le-jardin-deden-dans-la-genese\/#article","isPartOf":{"@id":"https:\/\/blog.holyart.it\/fr\/articles-religieux\/le-jardin-deden-dans-la-genese\/"},"author":{"name":"Redazione","@id":"https:\/\/blog.holyart.it\/fr\/#\/schema\/person\/0a7b686e5af0f856ec1e390dd0baecda"},"headline":"Le jardin d\u2019\u00c9den dans la Gen\u00e8se","datePublished":"2021-01-07T16:46:52+00:00","dateModified":"2022-10-17T10:47:34+00:00","mainEntityOfPage":{"@id":"https:\/\/blog.holyart.it\/fr\/articles-religieux\/le-jardin-deden-dans-la-genese\/"},"wordCount":1539,"publisher":{"@id":"https:\/\/blog.holyart.it\/fr\/#organization"},"image":{"@id":"https:\/\/blog.holyart.it\/fr\/articles-religieux\/le-jardin-deden-dans-la-genese\/#primaryimage"},"thumbnailUrl":"https:\/\/blog.holyart.it\/fr\/wp-content\/uploads\/sites\/14\/2021\/03\/arbre-de-vie.jpg","articleSection":["Religion"],"inLanguage":"fr-FR"},{"@type":"WebPage","@id":"https:\/\/blog.holyart.it\/fr\/articles-religieux\/le-jardin-deden-dans-la-genese\/","url":"https:\/\/blog.holyart.it\/fr\/articles-religieux\/le-jardin-deden-dans-la-genese\/","name":"Le jardin d\u2019\u00c9den dans la Gen\u00e8se - Holyart.fr Blog","isPartOf":{"@id":"https:\/\/blog.holyart.it\/fr\/#website"},"primaryImageOfPage":{"@id":"https:\/\/blog.holyart.it\/fr\/articles-religieux\/le-jardin-deden-dans-la-genese\/#primaryimage"},"image":{"@id":"https:\/\/blog.holyart.it\/fr\/articles-religieux\/le-jardin-deden-dans-la-genese\/#primaryimage"},"thumbnailUrl":"https:\/\/blog.holyart.it\/fr\/wp-content\/uploads\/sites\/14\/2021\/03\/arbre-de-vie.jpg","datePublished":"2021-01-07T16:46:52+00:00","dateModified":"2022-10-17T10:47:34+00:00","description":"Le jardin d\u2019\u00c9den repr\u00e9sente le premier immense don que Dieu fit. Symbole d\u2019innocence retrouv\u00e9e et d\u2019espoir in\u00e9puisable. D\u00e9couvrons-en plus \u00e0 son sujet.","breadcrumb":{"@id":"https:\/\/blog.holyart.it\/fr\/articles-religieux\/le-jardin-deden-dans-la-genese\/#breadcrumb"},"inLanguage":"fr-FR","potentialAction":[{"@type":"ReadAction","target":["https:\/\/blog.holyart.it\/fr\/articles-religieux\/le-jardin-deden-dans-la-genese\/"]}]},{"@type":"ImageObject","inLanguage":"fr-FR","@id":"https:\/\/blog.holyart.it\/fr\/articles-religieux\/le-jardin-deden-dans-la-genese\/#primaryimage","url":"https:\/\/blog.holyart.it\/fr\/wp-content\/uploads\/sites\/14\/2021\/03\/arbre-de-vie.jpg","contentUrl":"https:\/\/blog.holyart.it\/fr\/wp-content\/uploads\/sites\/14\/2021\/03\/arbre-de-vie.jpg","width":1000,"height":666,"caption":"arbre de vie"},{"@type":"BreadcrumbList","@id":"https:\/\/blog.holyart.it\/fr\/articles-religieux\/le-jardin-deden-dans-la-genese\/#breadcrumb","itemListElement":[{"@type":"ListItem","position":1,"name":"Homepage","item":"https:\/\/blog.holyart.it\/fr\/"},{"@type":"ListItem","position":2,"name":"Religion","item":"https:\/\/blog.holyart.it\/fr\/articles-religieux\/"},{"@type":"ListItem","position":3,"name":"Le jardin d\u2019\u00c9den dans la Gen\u00e8se"}]},{"@type":"WebSite","@id":"https:\/\/blog.holyart.it\/fr\/#website","url":"https:\/\/blog.holyart.it\/fr\/","name":"Holyart.fr Blog","description":"Holyblog","publisher":{"@id":"https:\/\/blog.holyart.it\/fr\/#organization"},"potentialAction":[{"@type":"SearchAction","target":{"@type":"EntryPoint","urlTemplate":"https:\/\/blog.holyart.it\/fr\/?s={search_term_string}"},"query-input":{"@type":"PropertyValueSpecification","valueRequired":true,"valueName":"search_term_string"}}],"inLanguage":"fr-FR"},{"@type":"Organization","@id":"https:\/\/blog.holyart.it\/fr\/#organization","name":"Holyart.fr Blog","url":"https:\/\/blog.holyart.it\/fr\/","logo":{"@type":"ImageObject","inLanguage":"fr-FR","@id":"https:\/\/blog.holyart.it\/fr\/#\/schema\/logo\/image\/","url":"https:\/\/blog.holyart.it\/fr\/wp-content\/uploads\/sites\/14\/2022\/12\/Holyart_Blog_Logo.jpg","contentUrl":"https:\/\/blog.holyart.it\/fr\/wp-content\/uploads\/sites\/14\/2022\/12\/Holyart_Blog_Logo.jpg","width":300,"height":50,"caption":"Holyart.fr Blog"},"image":{"@id":"https:\/\/blog.holyart.it\/fr\/#\/schema\/logo\/image\/"}},{"@type":"Person","@id":"https:\/\/blog.holyart.it\/fr\/#\/schema\/person\/0a7b686e5af0f856ec1e390dd0baecda","name":"Redazione","image":{"@type":"ImageObject","inLanguage":"fr-FR","@id":"https:\/\/blog.holyart.it\/fr\/#\/schema\/person\/image\/","url":"https:\/\/secure.gravatar.com\/avatar\/f477da817f43e50d0af36abecd33e3edf826c68299714bdc1057dff3b113f516?s=96&d=mm&r=g","contentUrl":"https:\/\/secure.gravatar.com\/avatar\/f477da817f43e50d0af36abecd33e3edf826c68299714bdc1057dff3b113f516?s=96&d=mm&r=g","caption":"Redazione"},"url":"https:\/\/blog.holyart.it\/fr\/author\/admin\/"}]}},"_links":{"self":[{"href":"https:\/\/blog.holyart.it\/fr\/wp-json\/wp\/v2\/posts\/2349","targetHints":{"allow":["GET"]}}],"collection":[{"href":"https:\/\/blog.holyart.it\/fr\/wp-json\/wp\/v2\/posts"}],"about":[{"href":"https:\/\/blog.holyart.it\/fr\/wp-json\/wp\/v2\/types\/post"}],"author":[{"embeddable":true,"href":"https:\/\/blog.holyart.it\/fr\/wp-json\/wp\/v2\/users\/1"}],"replies":[{"embeddable":true,"href":"https:\/\/blog.holyart.it\/fr\/wp-json\/wp\/v2\/comments?post=2349"}],"version-history":[{"count":0,"href":"https:\/\/blog.holyart.it\/fr\/wp-json\/wp\/v2\/posts\/2349\/revisions"}],"wp:featuredmedia":[{"embeddable":true,"href":"https:\/\/blog.holyart.it\/fr\/wp-json\/wp\/v2\/media\/2350"}],"wp:attachment":[{"href":"https:\/\/blog.holyart.it\/fr\/wp-json\/wp\/v2\/media?parent=2349"}],"wp:term":[{"taxonomy":"category","embeddable":true,"href":"https:\/\/blog.holyart.it\/fr\/wp-json\/wp\/v2\/categories?post=2349"},{"taxonomy":"post_tag","embeddable":true,"href":"https:\/\/blog.holyart.it\/fr\/wp-json\/wp\/v2\/tags?post=2349"}],"curies":[{"name":"wp","href":"https:\/\/api.w.org\/{rel}","templated":true}]}}