{"id":2307,"date":"2020-12-29T15:59:24","date_gmt":"2020-12-29T14:59:24","guid":{"rendered":"https:\/\/blog.holyart.it\/fr\/?p=2307"},"modified":"2022-10-17T17:20:18","modified_gmt":"2022-10-17T15:20:18","slug":"les-plus-belles-creches-ditalie","status":"publish","type":"post","link":"https:\/\/blog.holyart.it\/fr\/articles-religieux\/les-plus-belles-creches-ditalie\/","title":{"rendered":"Les plus belles cr\u00e8ches d\u2019Italie"},"content":{"rendered":"<h4 style=\"text-align: center;\"><em>No\u00ebl approche et comme chaque ann\u00e9e la tradition s\u00e9culaire de la Cr\u00e8che revient traverser toute la p\u00e9ninsule italienne du Nord au Sud. Voici les plus belles cr\u00e8ches d\u2019Italie m\u00e9ritant d\u2019\u00eatre vues.<\/em><\/h4>\n\n<p>L&rsquo;Italie, est-elle la patrie de la cr\u00e8che ? Au risque de sembler des vantards, la r\u00e9ponse est oui. En effet, ce fut Saint Fran\u00e7ois qui organisa la premi\u00e8re repr\u00e9sentation de la naissance de J\u00e9sus il y a plus de huit-cents ans, \u00e0 Greccio, en province de Rieti. Courait l\u2019an 1223 et, depuis cette date, cette forme de d\u00e9votion n\u00e9e du peuple, mais bient\u00f4t \u00e9rig\u00e9e en v\u00e9ritable forme d\u2019art, appr\u00e9ci\u00e9e, recherch\u00e9e et patronn\u00e9e par les nobles, n\u2019a jamais perdu en popularit\u00e9 dans notre pays. Au contraire, malgr\u00e9 le fait qu\u2019aujourd\u2019hui la cr\u00e8che soit r\u00e9pandue dans tous les pays chr\u00e9tiens, nous pouvons encore vanter la primaut\u00e9 des cr\u00e8ches les plus suggestives et les plus spectaculaires. Les cr\u00e8ches en Italie sont des cr\u00e8ches d\u2019art, des cr\u00e8ches vivantes, des <a href=\"https:\/\/www.holyart.fr\/noel\/creches-noel\"><strong>cr\u00e8ches artisanales<\/strong><\/a>\u00a0: l\u2019art de la cr\u00e8che en Italie a atteint des sommets inaccessibles.<\/p>\n<p>Mais les artisans italiens, tout comme les organisateurs de ces \u00e9v\u00e9nements si particuliers, et les croyants eux-m\u00eames, sont all\u00e9s au-del\u00e0, dans le choix des mat\u00e9riaux et dans les solutions cr\u00e9atives. Parmi les cr\u00e8ches les plus belles d\u2019Italie, figurent, outre les cr\u00e8ches classiques et les <strong>vivantes<\/strong>, les cr\u00e8ches <strong>sculpt\u00e9es dans la glace<\/strong> ou dans le <strong>bois<\/strong>, ou model\u00e9es dans le <strong>sable<\/strong> ou le <strong>sel<\/strong>, voire m\u00eame dans le <strong>pain<\/strong>, des cr\u00e8ches qui <strong>flottent sur des bateaux<\/strong>, voire m\u00eame <strong>submerg\u00e9es<\/strong>, des cr\u00e8ches <strong>m\u00e9caniques<\/strong> d\u2019un r\u00e9alisme impressionnant.<\/p>\n<p>Mais il y a aussi dans notre pays des <a href=\"https:\/\/www.holyart.fr\/noel\/creches-noel\/creches-de-grande-taille\"><strong>cr\u00e8ches de grandes dimensions<\/strong><\/a> avec des sculptures qui atteignent les 3, 4, voire 5 m\u00e8tres de hauteur.<\/p>\n<p>Mais quels sont les plus belles cr\u00e8ches d\u2019Italie\u00a0? Difficile d\u2019exprimer un jugement. Nous allons donc nous limiter \u00e0 \u00e9num\u00e9rer les plus importantes d\u2019un point de vue historique ou qui attirent chaque ann\u00e9e le plus grand nombre de visiteur en raison de leur magie.<\/p>\n<h2>Cr\u00e8ches vivantes<\/h2>\n<h3>Cr\u00e8che vivante de Matera<\/h3>\n<p>\u00c0 partir du 7 d\u00e9cembre, toutes les fins de semaine festives jusqu\u2019\u00e0 l\u2019\u00c9piphanie, <strong>Matera<\/strong> se transforme en un v\u00e9ritable village de l\u2019ancienne Jud\u00e9e. Fort de plus de 300 figurants, la Cr\u00e8ches Vivante dans les Sassi de Matera est certainement une des plus belles et imposante de notre pays. Elle prend vie sur un parcours itin\u00e9rant qui part du Centre Historique et arrive jusqu\u2019\u00e0 Rione Sasso Barisano. L\u2019affluence de visiteurs est telle qu\u2019elle demande une r\u00e9servation et une subdivision des entr\u00e9es par tranches horaires. Une bonne partie de la magie de cette cr\u00e8che d\u00e9rive certainement du contexte exceptionnel dans lequel elle se d\u00e9roule, ces <strong>Sassi<\/strong> d\u00e9clar\u00e9s en 1993 patrimoine mondial de l\u2019humanit\u00e9 UNESCO, qui permettent de recr\u00e9er avec beaucoup de r\u00e9alisme et avec une atmosph\u00e8re captivante et passionnante la cr\u00e8che id\u00e9ale.<\/p>\n<figure id=\"attachment_2318\" aria-describedby=\"caption-attachment-2318\" style=\"width: 1000px\" class=\"wp-caption aligncenter\"><img loading=\"lazy\" decoding=\"async\" class=\"wp-image-2318 size-full\" src=\"https:\/\/blog.holyart.it\/fr\/wp-content\/uploads\/sites\/14\/2021\/03\/cr\u00e8che-vivante-1.jpg\" alt=\"creche vivante\" width=\"1000\" height=\"664\" data-kale-share-title=\"Les plus belles cr\u00e8ches d\u2019Italie\" data-kale-share-url=\"https:\/\/blog.holyart.it\/fr\/articles-religieux\/les-plus-belles-creches-ditalie\/\" \/><figcaption id=\"caption-attachment-2318\" class=\"wp-caption-text\"><strong>Creche vivante de Matera<\/strong><\/figcaption><\/figure>\n<p>\u00c0 <strong>Pietrelcina<\/strong> aussi, le petit village en province de B\u00e9n\u00e9vent cher \u00e0 <a href=\"https:\/\/www.holyart.fr\/occasions-speciales\/padre-pio\"><strong>Padre Pio<\/strong><\/a>, du 27 au 29 d\u00e9cembre, on peut admirer une des cr\u00e8ches vivantes les plus belles d\u2019Italie, tandis que, toujours dans la m\u00eame province, \u00e0 <strong>Baselice<\/strong>, maisons et caves sont ouvertes afin de servir de d\u00e9cor \u00e0 une cr\u00e8che vivante qui implique toute la ville.<\/p>\n<p>Les trulli de\u00a0<strong>Alberobello<\/strong>\u00a0rendent unique la cr\u00e8che vivante qui se tient dans la ville homonyme du 26 au 29 d\u00e9cembre, tandis qu\u2019\u00e0 <strong>Genga<\/strong> c\u2019est l\u2019extraordinaire d\u00e9cor des Grottes de Frasassi qui fait de toile de fond \u00e0 une cr\u00e8che vivante avec 300 personnages. \u00c0 <strong>Tarquinia<\/strong> aussi les figurants costum\u00e9s sont plus de 300 et \u00e0 <strong>Montefiore<\/strong> <strong>Conca<\/strong>, en province de Rimini, le village entier se transforme en une cr\u00e8che jusqu\u2019\u00e0 la fin du mois de d\u00e9cembre<\/p>\n<p>Enfin, mais nous aurions probablement d\u00fb lui d\u00e9dier la primaut\u00e9 des cr\u00e8ches vivantes, \u00e0 <strong>Greccio<\/strong>, en province de Rieti, o\u00f9 Saint Fran\u00e7ois donna vie \u00e0 la premi\u00e8re cr\u00e8che il y a huit-cents ans, se renouvelle chaque ann\u00e9e la magie de la cr\u00e8che vivante qui est aujourd\u2019hui d\u00e9di\u00e9e au Saint d\u2019Assise et \u00e0 son histoire.<\/p>\n<h2>Cr\u00e8ches sculpt\u00e9es et model\u00e9es<\/h2>\n<p>\u00c0 <strong>Rimini<\/strong>, jusqu\u2019au 13 janvier, \u00e0 Marina Centro et Torre Pedrera, les ma\u00eetres de l\u2019Acad\u00e9mie du sable recr\u00e9ent la magie de la cr\u00e8che avec deux mises en sc\u00e8ne. Depuis dix ans, la <strong>cr\u00e8che de sable<\/strong> de Rimini attire habitants et touristes et devient une occasion pour une ville typiquement \u00ab\u00a0estivale\u00a0\u00bb de red\u00e9couvrir un c\u00f4t\u00e9 tout \u00e0 fait hivernal, avec des initiatives et des manifestations qui ont lieu en m\u00eame temps que la cr\u00e8che.<\/p>\n<figure id=\"attachment_2319\" aria-describedby=\"caption-attachment-2319\" style=\"width: 1000px\" class=\"wp-caption aligncenter\"><img loading=\"lazy\" decoding=\"async\" class=\"size-full wp-image-2319\" src=\"https:\/\/blog.holyart.it\/fr\/wp-content\/uploads\/sites\/14\/2021\/03\/creche-de-sable-rimini.jpg\" alt=\"creche de sable rimini\" width=\"1000\" height=\"598\" data-kale-share-title=\"Les plus belles cr\u00e8ches d\u2019Italie\" data-kale-share-url=\"https:\/\/blog.holyart.it\/fr\/articles-religieux\/les-plus-belles-creches-ditalie\/\" \/><figcaption id=\"caption-attachment-2319\" class=\"wp-caption-text\"><strong>Creche de sable Rimini<\/strong><\/figcaption><\/figure>\n<p>L\u2019ann\u00e9e derni\u00e8re, m\u00eame sur la <strong>Place Saint Pierre<\/strong> \u00e0 Rome une <strong>cr\u00e8che de sable<\/strong> de dimensions remarquables a \u00e9t\u00e9 install\u00e9e, tandis que cette ann\u00e9e il a \u00e9t\u00e9 choisi d\u2019y placer une grande <strong>cr\u00e8che en bois<\/strong> d\u2019un r\u00e9alisme exceptionnel, r\u00e9alis\u00e9e \u00e0 <strong>Scurelle<\/strong>, commune de la Valsugana en province de Trente.<\/p>\n<p>\u00c0\u00a0<strong>Olmedo<\/strong>, en province de Sassari, tous les \u00e9l\u00e9ments de la cr\u00e8che, constructions, personnages (environs 160 statues) et d\u00e9cor sont r\u00e9alis\u00e9s avec du <strong>pain<\/strong>. Dans l\u2019\u00e9glise romane de Notre-Dame de Talia, jusqu\u2019\u00e0 l\u2019\u00c9piphanie, il est possible d\u2019admirer cette cr\u00e8che insolite et unique, r\u00e9alis\u00e9e par les ma\u00eetres boulangers d\u2019Olmedo, qui arrive cette ann\u00e9e \u00e0 sa vingt-huiti\u00e8me \u00e9dition.<\/p>\n<p>Une v\u00e9ritable forme d\u2019art est celle repr\u00e9sent\u00e9e par les <a href=\"https:\/\/www.holyart.fr\/articles-religieux\/statues\/statues-en-bois-naturel\"><strong>sculptures en bois<\/strong><\/a> qui constituent la <a href=\"https:\/\/www.holyart.fr\/noel\/creches-noel\/creche-noel-val-gardena\"><strong>cr\u00e8che en Val Gardena<\/strong><\/a>. En particulier, la cr\u00e8che de <strong>Santa Cristina<\/strong>, en province de Bolzano, peut se vanter de statues de plus de deux m\u00e8tres de haut, r\u00e9alis\u00e9es avec un soin des d\u00e9tails tout \u00e0 fait surprenant. Les statues sont sculpt\u00e9es par les meilleurs tailleurs de bois de la vall\u00e9e et, avec les nombreux <strong>march\u00e9s de <a href=\"https:\/\/www.holyart.fr\/noel\">No\u00ebl<\/a><\/strong> qui sont install\u00e9s dans les centres-villes de la Vall\u00e9e, repr\u00e9sente un rendez-vous incontournable pour les passionn\u00e9s de l\u2019atmosph\u00e8re de No\u00ebl.<\/p>\n<p>Dans le Mus\u00e9e du Sel de <strong>Cervia<\/strong>, en province de Ravenne, il est possible d\u2019admirer une <strong>cr\u00e8che de sel r\u00e9alis\u00e9e gr\u00e2ce \u00e0 la cristallisation de cette pr\u00e9cieuse substance<\/strong> par Agostino Finchi, un salinier de grand talent. La cr\u00e8che remonte \u00e0 1992 et est compos\u00e9e par quinze santons de 10 \u00e0 40 centim\u00e8tres.<\/p>\n<p>\u00c0 <strong>Massa Martana<\/strong>, en province de P\u00e9rouse, les santons de la cr\u00e8che sont par contre sculpt\u00e9s grandeur nature dans des <strong>blocs de glace<\/strong>. Le local qui accueille cette grandiose repr\u00e9sentation de la Nativit\u00e9 est maintenu \u00e0 une temp\u00e9rature de -18\u00b0 C et des splendides jeux de lumi\u00e8res illuminent les sculptures.<\/p>\n<h2>Cr\u00e8ches m\u00e9caniques<\/h2>\n<p>Dans la Chiesa dell\u2019Annuniziata \u00e0 <strong>Turin<\/strong>, depuis 1927, il est possible d\u2019admirer une imposante cr\u00e8che m\u00e9canique activ\u00e9 par des sangles, des cha\u00eenes et des poulies. Plus de 200 figurines d\u2019une hauteur allant de 25 \u00e0 90 centim\u00e8tres, sculpt\u00e9es dans les r\u00e8gles de l\u2019art dans le bois du Val Gardena, bougent avec un grand r\u00e9alisme dans un d\u00e9cor aux complexes installations hydrauliques et \u00e9lectriques.<\/p>\n<figure id=\"attachment_2321\" aria-describedby=\"caption-attachment-2321\" style=\"width: 1000px\" class=\"wp-caption aligncenter\"><img loading=\"lazy\" decoding=\"async\" class=\"size-full wp-image-2321\" src=\"https:\/\/blog.holyart.it\/fr\/wp-content\/uploads\/sites\/14\/2020\/12\/berceau-mecanique-turin.jpg\" alt=\"berceau mecanique turin\" width=\"1000\" height=\"666\" data-kale-share-title=\"Les plus belles cr\u00e8ches d\u2019Italie\" data-kale-share-url=\"https:\/\/blog.holyart.it\/fr\/articles-religieux\/les-plus-belles-creches-ditalie\/\" \/><figcaption id=\"caption-attachment-2321\" class=\"wp-caption-text\"><strong>Berceau mecanique de Turin<\/strong><\/figcaption><\/figure>\n<p>Toujours pr\u00e8s de Turin, \u00e0 <strong>Ciri\u00e8<\/strong>, une autre grande cr\u00e8che m\u00e9canique est install\u00e9e dans un paysage enneig\u00e9 qui rappelle les montagnes des Vall\u00e9es de Lanzo.<\/p>\n<p>Depuis plus de quarante ans, la cr\u00e8che m\u00e9canique de <strong>Cavallermaggiorne<\/strong>, pr\u00e8s de Cuneo, permet aux visiteurs de marcher \u00e0 son int\u00e9rieur, dans une installation de plus de 300 m\u00e8tres carr\u00e9s, au milieu de statues historiques qui remontent au XVIII si\u00e8cle et auxquelles chaque ann\u00e9e on ajoute des nouveaux \u00e9l\u00e9ments.<\/p>\n<h2>Cr\u00e8ches de lumi\u00e8re<\/h2>\n<p><strong>Manarola<\/strong>, en province de La Spezia, est c\u00e9l\u00e8bre pour les <strong>dimensions<\/strong> de sa cr\u00e8che (300 personnages dispos\u00e9s sur 4000 m\u00e8tres carr\u00e9s), qui d\u00e9tient le record mondial pour la taille et pour l\u2019incroyable effet des innombrables <a href=\"https:\/\/www.holyart.fr\/noel\/guirlandes-lumineuses-de-noel\"><strong>lumi\u00e8res<\/strong><\/a> qui l\u2019\u00e9clairent (plus de 15000 ampoules). Son cr\u00e9ateur est l\u2019artiste local Mario Andreoli, qui, d\u00e9sormais nonag\u00e9naire, supervise encore les op\u00e9rations pour \u00e9clairer les nuits de Manarola avec son incroyable cr\u00e8che.<\/p>\n<h2>Cr\u00e8ches aquatiques<\/h2>\n<p>Les bateaux et les plateformes flottantes amarr\u00e9es le long des canaux de <strong>Comacchio<\/strong>, en province de Ferrare se transforment chaque ann\u00e9e dans une succession de sc\u00e8nes sacr\u00e9es formant une cr\u00e8che grandiose sur l\u2019eau qui a son coeur au pont monumental de Trepponti, d\u00e9cor\u00e9 d\u2019une pluie de lumi\u00e8res color\u00e9es.<\/p>\n<div class=\"link-article\">\n<p><img loading=\"lazy\" decoding=\"async\" class=\"size-full wp-image-2322 alignleft\" src=\"https:\/\/blog.holyart.it\/fr\/wp-content\/uploads\/sites\/14\/2020\/12\/creche-dans-le-monde.jpg\" alt=\"creche dans le monde\" width=\"150\" height=\"99\" data-kale-share-title=\"Les plus belles cr\u00e8ches d\u2019Italie\" data-kale-share-url=\"https:\/\/blog.holyart.it\/fr\/articles-religieux\/les-plus-belles-creches-ditalie\/\" \/><\/p>\n<div class=\"leggi-anche\">Lire aussi :<\/div>\n<p><strong><a href=\"https:\/\/www.holyart.fr\/blog\/noel\/creche-dans-le-monde-quelques-traditions-que-vous-ne-connaissez-pas\/\">Cr\u00e8che dans le monde<\/a><\/strong><br \/>\nTradition et innovations surprenants, coutumes qui puisent leurs origines dans la nuit des temps et des v\u00e9ritables bizarreries.<\/p>\n<\/div>\n<p>\u00c0 <strong>Cesenatico<\/strong> aussi, il est possible d\u2019admirer une immense cr\u00e8che flottante. Il s\u2019agit de la <strong>Cr\u00e8che de la Marine<\/strong>.<br \/>\nDes statues grandeur nature peuplent les anciennes embarcations de la Marine amarr\u00e9es le long des canaux de l\u2019ancien port et savamment \u00e9clair\u00e9es.<\/p>\n<figure id=\"attachment_2326\" aria-describedby=\"caption-attachment-2326\" style=\"width: 1000px\" class=\"wp-caption aligncenter\"><img loading=\"lazy\" decoding=\"async\" class=\"wp-image-2326 size-full\" src=\"https:\/\/blog.holyart.it\/fr\/wp-content\/uploads\/sites\/14\/2020\/12\/creche-aquatique-a-Cesenatico.jpg\" alt=\"creche aquatique a Cesenatico\" width=\"1000\" height=\"741\" data-kale-share-title=\"Les plus belles cr\u00e8ches d\u2019Italie\" data-kale-share-url=\"https:\/\/blog.holyart.it\/fr\/articles-religieux\/les-plus-belles-creches-ditalie\/\" \/><figcaption id=\"caption-attachment-2326\" class=\"wp-caption-text\"><strong>Cr\u00e8che aquatique \u00e0 Cesenatico<\/strong><\/figcaption><\/figure>\n<p>\u00c0\u00a0<strong>Laveno Mombello<\/strong>, en province de Varese, la cr\u00e8che n\u2019est pas sur l\u2019eau, mais sous l\u2019eau. En effet, une arm\u00e9e de statues grandeur nature est ancr\u00e9e \u00e0 3 m\u00e8tres de profondeur sur des plateformes submerg\u00e9es et \u00e9clair\u00e9es par un syst\u00e8me de lumi\u00e8res f\u00e9\u00e9rique, qui cr\u00e9ent une atmosph\u00e8re tout \u00e0 fait enchant\u00e9e.<\/p>\n<h2>La rue de la Cr\u00e8che<\/h2>\n<p>Via San Gregorio Armeno \u00e0 Naples ne propose pas une seule cr\u00e8che spectaculaire, mais toute une s\u00e9rie. C\u2019est la rue des cr\u00e8ches, o\u00f9 cet art parth\u00e9nop\u00e9en se perp\u00e9tue ann\u00e9e apr\u00e8s ann\u00e9e, en maintenant en vie une tradition s\u00e9culaire et en l\u2019enrichissant \u00e0 chaque fois de nouveaux personnages, souvent un peu d\u00e9routants, comme des hommes politiques, des footballeurs, des hommes et des femmes de spectacle, qui vont agr\u00e9menter les <a href=\"https:\/\/www.holyart.fr\/noel\/creches-noel\/creche-napolitaine?sorter_id=6&amp;sort=20a\"><strong>cr\u00e8ches napolitaines<\/strong><\/a> d\u2019une touche d\u2019ironie.<\/p>\n<figure id=\"attachment_2327\" aria-describedby=\"caption-attachment-2327\" style=\"width: 1000px\" class=\"wp-caption aligncenter\"><img loading=\"lazy\" decoding=\"async\" class=\"size-full wp-image-2327\" src=\"https:\/\/blog.holyart.it\/fr\/wp-content\/uploads\/sites\/14\/2020\/12\/le-chemin-de-la-creche-a-naples.jpg\" alt=\"le chemin de la creche a naples\" width=\"1000\" height=\"664\" data-kale-share-title=\"Les plus belles cr\u00e8ches d\u2019Italie\" data-kale-share-url=\"https:\/\/blog.holyart.it\/fr\/articles-religieux\/les-plus-belles-creches-ditalie\/\" \/><figcaption id=\"caption-attachment-2327\" class=\"wp-caption-text\"><strong>Le chemin de la cr\u00e8che \u00e0 Naples<\/strong><\/figcaption><\/figure>\n<h2>Conclusion<\/h2>\n<p>Que faut-il donc pour r\u00e9aliser une cr\u00e8che spectaculaire ? Beaucoup de travail, beaucoup d\u2019imagination, beaucoup de d\u00e9vouement. Mais cela n\u2019est pas impossible. Au contraire, il est possible de s\u2019inspirer de ces cr\u00e8ches c\u00e9l\u00e8bres et grandioses pour en r\u00e9aliser une vous-m\u00eame, pourquoi pas dans votre jardin, en utilisant des statues pour cr\u00e8che pour ext\u00e9rieur, ou des statues habill\u00e9es avec des tissus en mat\u00e9riaux de r\u00e9cup\u00e9ration. Le r\u00e9sultat ne sera peut-\u00eatre pas aussi incroyable, mais cela pourrait \u00eatre une mani\u00e8re personnelle pour c\u00e9l\u00e9brer No\u00ebl.<\/p>\n","protected":false},"excerpt":{"rendered":"<p>No\u00ebl approche et comme chaque ann\u00e9e la tradition s\u00e9culaire de la Cr\u00e8che revient traverser toute la p\u00e9ninsule italienne du Nord au Sud. Voici les plus belles cr\u00e8ches d\u2019Italie m\u00e9ritant d\u2019\u00eatre vues. L&rsquo;Italie, est-elle la patrie de la cr\u00e8che ? Au risque de sembler des vantards,&hellip;<\/p>\n","protected":false},"author":1,"featured_media":2310,"comment_status":"closed","ping_status":"open","sticky":false,"template":"","format":"standard","meta":{"_acf_changed":false,"footnotes":""},"categories":[8],"tags":[],"class_list":["post-2307","post","type-post","status-publish","format-standard","has-post-thumbnail","hentry","category-articles-religieux"],"acf":[],"yoast_head":"<!-- This site is optimized with the Yoast SEO plugin v26.6 - https:\/\/yoast.com\/wordpress\/plugins\/seo\/ -->\n<title>Les plus belles cr\u00e8ches d\u2019Italie - Holyart.fr Blog<\/title>\n<meta name=\"description\" content=\"No\u00ebl approche et la tradition s\u00e9culaire de la Cr\u00e8che revient traverser toute la p\u00e9ninsule italienne. Voici les plus belles cr\u00e8ches d\u2019Italie.\" \/>\n<meta name=\"robots\" content=\"index, follow, max-snippet:-1, max-image-preview:large, max-video-preview:-1\" \/>\n<link rel=\"canonical\" href=\"https:\/\/blog.holyart.it\/fr\/articles-religieux\/les-plus-belles-creches-ditalie\/\" \/>\n<meta property=\"og:locale\" content=\"fr_FR\" \/>\n<meta property=\"og:type\" content=\"article\" \/>\n<meta property=\"og:title\" content=\"Les plus belles cr\u00e8ches d\u2019Italie - Holyart.fr Blog\" \/>\n<meta property=\"og:description\" content=\"No\u00ebl approche et la tradition s\u00e9culaire de la Cr\u00e8che revient traverser toute la p\u00e9ninsule italienne. Voici les plus belles cr\u00e8ches d\u2019Italie.\" \/>\n<meta property=\"og:url\" content=\"https:\/\/blog.holyart.it\/fr\/articles-religieux\/les-plus-belles-creches-ditalie\/\" \/>\n<meta property=\"og:site_name\" content=\"Holyart.fr Blog\" \/>\n<meta property=\"article:published_time\" content=\"2020-12-29T14:59:24+00:00\" \/>\n<meta property=\"article:modified_time\" content=\"2022-10-17T15:20:18+00:00\" \/>\n<meta property=\"og:image\" content=\"https:\/\/blog.holyart.it\/fr\/wp-content\/uploads\/sites\/14\/2021\/03\/Les-plus-belles-cr\u00e8ches-d\u2019Italie.jpg\" \/>\n\t<meta property=\"og:image:width\" content=\"1000\" \/>\n\t<meta property=\"og:image:height\" content=\"666\" \/>\n\t<meta property=\"og:image:type\" content=\"image\/jpeg\" \/>\n<meta name=\"author\" content=\"Redazione\" \/>\n<meta name=\"twitter:card\" content=\"summary_large_image\" \/>\n<meta name=\"twitter:label1\" content=\"\u00c9crit par\" \/>\n\t<meta name=\"twitter:data1\" content=\"Redazione\" \/>\n\t<meta name=\"twitter:label2\" content=\"Dur\u00e9e de lecture estim\u00e9e\" \/>\n\t<meta name=\"twitter:data2\" content=\"9 minutes\" \/>\n<script type=\"application\/ld+json\" class=\"yoast-schema-graph\">{\"@context\":\"https:\/\/schema.org\",\"@graph\":[{\"@type\":\"Article\",\"@id\":\"https:\/\/blog.holyart.it\/fr\/articles-religieux\/les-plus-belles-creches-ditalie\/#article\",\"isPartOf\":{\"@id\":\"https:\/\/blog.holyart.it\/fr\/articles-religieux\/les-plus-belles-creches-ditalie\/\"},\"author\":{\"name\":\"Redazione\",\"@id\":\"https:\/\/blog.holyart.it\/fr\/#\/schema\/person\/0a7b686e5af0f856ec1e390dd0baecda\"},\"headline\":\"Les plus belles cr\u00e8ches d\u2019Italie\",\"datePublished\":\"2020-12-29T14:59:24+00:00\",\"dateModified\":\"2022-10-17T15:20:18+00:00\",\"mainEntityOfPage\":{\"@id\":\"https:\/\/blog.holyart.it\/fr\/articles-religieux\/les-plus-belles-creches-ditalie\/\"},\"wordCount\":1880,\"publisher\":{\"@id\":\"https:\/\/blog.holyart.it\/fr\/#organization\"},\"image\":{\"@id\":\"https:\/\/blog.holyart.it\/fr\/articles-religieux\/les-plus-belles-creches-ditalie\/#primaryimage\"},\"thumbnailUrl\":\"https:\/\/blog.holyart.it\/fr\/wp-content\/uploads\/sites\/14\/2021\/03\/Les-plus-belles-cr\u00e8ches-d\u2019Italie.jpg\",\"articleSection\":[\"Religion\"],\"inLanguage\":\"fr-FR\"},{\"@type\":\"WebPage\",\"@id\":\"https:\/\/blog.holyart.it\/fr\/articles-religieux\/les-plus-belles-creches-ditalie\/\",\"url\":\"https:\/\/blog.holyart.it\/fr\/articles-religieux\/les-plus-belles-creches-ditalie\/\",\"name\":\"Les plus belles cr\u00e8ches d\u2019Italie - Holyart.fr Blog\",\"isPartOf\":{\"@id\":\"https:\/\/blog.holyart.it\/fr\/#website\"},\"primaryImageOfPage\":{\"@id\":\"https:\/\/blog.holyart.it\/fr\/articles-religieux\/les-plus-belles-creches-ditalie\/#primaryimage\"},\"image\":{\"@id\":\"https:\/\/blog.holyart.it\/fr\/articles-religieux\/les-plus-belles-creches-ditalie\/#primaryimage\"},\"thumbnailUrl\":\"https:\/\/blog.holyart.it\/fr\/wp-content\/uploads\/sites\/14\/2021\/03\/Les-plus-belles-cr\u00e8ches-d\u2019Italie.jpg\",\"datePublished\":\"2020-12-29T14:59:24+00:00\",\"dateModified\":\"2022-10-17T15:20:18+00:00\",\"description\":\"No\u00ebl approche et la tradition s\u00e9culaire de la Cr\u00e8che revient traverser toute la p\u00e9ninsule italienne. Voici les plus belles cr\u00e8ches d\u2019Italie.\",\"breadcrumb\":{\"@id\":\"https:\/\/blog.holyart.it\/fr\/articles-religieux\/les-plus-belles-creches-ditalie\/#breadcrumb\"},\"inLanguage\":\"fr-FR\",\"potentialAction\":[{\"@type\":\"ReadAction\",\"target\":[\"https:\/\/blog.holyart.it\/fr\/articles-religieux\/les-plus-belles-creches-ditalie\/\"]}]},{\"@type\":\"ImageObject\",\"inLanguage\":\"fr-FR\",\"@id\":\"https:\/\/blog.holyart.it\/fr\/articles-religieux\/les-plus-belles-creches-ditalie\/#primaryimage\",\"url\":\"https:\/\/blog.holyart.it\/fr\/wp-content\/uploads\/sites\/14\/2021\/03\/Les-plus-belles-cr\u00e8ches-d\u2019Italie.jpg\",\"contentUrl\":\"https:\/\/blog.holyart.it\/fr\/wp-content\/uploads\/sites\/14\/2021\/03\/Les-plus-belles-cr\u00e8ches-d\u2019Italie.jpg\",\"width\":1000,\"height\":666,\"caption\":\"Les plus belles creches d\u2019Italie\"},{\"@type\":\"BreadcrumbList\",\"@id\":\"https:\/\/blog.holyart.it\/fr\/articles-religieux\/les-plus-belles-creches-ditalie\/#breadcrumb\",\"itemListElement\":[{\"@type\":\"ListItem\",\"position\":1,\"name\":\"Homepage\",\"item\":\"https:\/\/blog.holyart.it\/fr\/\"},{\"@type\":\"ListItem\",\"position\":2,\"name\":\"Religion\",\"item\":\"https:\/\/blog.holyart.it\/fr\/articles-religieux\/\"},{\"@type\":\"ListItem\",\"position\":3,\"name\":\"Les plus belles cr\u00e8ches d\u2019Italie\"}]},{\"@type\":\"WebSite\",\"@id\":\"https:\/\/blog.holyart.it\/fr\/#website\",\"url\":\"https:\/\/blog.holyart.it\/fr\/\",\"name\":\"Holyart.fr Blog\",\"description\":\"Holyblog\",\"publisher\":{\"@id\":\"https:\/\/blog.holyart.it\/fr\/#organization\"},\"potentialAction\":[{\"@type\":\"SearchAction\",\"target\":{\"@type\":\"EntryPoint\",\"urlTemplate\":\"https:\/\/blog.holyart.it\/fr\/?s={search_term_string}\"},\"query-input\":{\"@type\":\"PropertyValueSpecification\",\"valueRequired\":true,\"valueName\":\"search_term_string\"}}],\"inLanguage\":\"fr-FR\"},{\"@type\":\"Organization\",\"@id\":\"https:\/\/blog.holyart.it\/fr\/#organization\",\"name\":\"Holyart.fr Blog\",\"url\":\"https:\/\/blog.holyart.it\/fr\/\",\"logo\":{\"@type\":\"ImageObject\",\"inLanguage\":\"fr-FR\",\"@id\":\"https:\/\/blog.holyart.it\/fr\/#\/schema\/logo\/image\/\",\"url\":\"https:\/\/blog.holyart.it\/fr\/wp-content\/uploads\/sites\/14\/2022\/12\/Holyart_Blog_Logo.jpg\",\"contentUrl\":\"https:\/\/blog.holyart.it\/fr\/wp-content\/uploads\/sites\/14\/2022\/12\/Holyart_Blog_Logo.jpg\",\"width\":300,\"height\":50,\"caption\":\"Holyart.fr Blog\"},\"image\":{\"@id\":\"https:\/\/blog.holyart.it\/fr\/#\/schema\/logo\/image\/\"}},{\"@type\":\"Person\",\"@id\":\"https:\/\/blog.holyart.it\/fr\/#\/schema\/person\/0a7b686e5af0f856ec1e390dd0baecda\",\"name\":\"Redazione\",\"image\":{\"@type\":\"ImageObject\",\"inLanguage\":\"fr-FR\",\"@id\":\"https:\/\/blog.holyart.it\/fr\/#\/schema\/person\/image\/\",\"url\":\"https:\/\/secure.gravatar.com\/avatar\/f477da817f43e50d0af36abecd33e3edf826c68299714bdc1057dff3b113f516?s=96&d=mm&r=g\",\"contentUrl\":\"https:\/\/secure.gravatar.com\/avatar\/f477da817f43e50d0af36abecd33e3edf826c68299714bdc1057dff3b113f516?s=96&d=mm&r=g\",\"caption\":\"Redazione\"},\"url\":\"https:\/\/blog.holyart.it\/fr\/author\/admin\/\"}]}<\/script>\n<!-- \/ Yoast SEO plugin. -->","yoast_head_json":{"title":"Les plus belles cr\u00e8ches d\u2019Italie - Holyart.fr Blog","description":"No\u00ebl approche et la tradition s\u00e9culaire de la Cr\u00e8che revient traverser toute la p\u00e9ninsule italienne. Voici les plus belles cr\u00e8ches d\u2019Italie.","robots":{"index":"index","follow":"follow","max-snippet":"max-snippet:-1","max-image-preview":"max-image-preview:large","max-video-preview":"max-video-preview:-1"},"canonical":"https:\/\/blog.holyart.it\/fr\/articles-religieux\/les-plus-belles-creches-ditalie\/","og_locale":"fr_FR","og_type":"article","og_title":"Les plus belles cr\u00e8ches d\u2019Italie - Holyart.fr Blog","og_description":"No\u00ebl approche et la tradition s\u00e9culaire de la Cr\u00e8che revient traverser toute la p\u00e9ninsule italienne. Voici les plus belles cr\u00e8ches d\u2019Italie.","og_url":"https:\/\/blog.holyart.it\/fr\/articles-religieux\/les-plus-belles-creches-ditalie\/","og_site_name":"Holyart.fr Blog","article_published_time":"2020-12-29T14:59:24+00:00","article_modified_time":"2022-10-17T15:20:18+00:00","og_image":[{"width":1000,"height":666,"url":"https:\/\/blog.holyart.it\/fr\/wp-content\/uploads\/sites\/14\/2021\/03\/Les-plus-belles-cr\u00e8ches-d\u2019Italie.jpg","type":"image\/jpeg"}],"author":"Redazione","twitter_card":"summary_large_image","twitter_misc":{"\u00c9crit par":"Redazione","Dur\u00e9e de lecture estim\u00e9e":"9 minutes"},"schema":{"@context":"https:\/\/schema.org","@graph":[{"@type":"Article","@id":"https:\/\/blog.holyart.it\/fr\/articles-religieux\/les-plus-belles-creches-ditalie\/#article","isPartOf":{"@id":"https:\/\/blog.holyart.it\/fr\/articles-religieux\/les-plus-belles-creches-ditalie\/"},"author":{"name":"Redazione","@id":"https:\/\/blog.holyart.it\/fr\/#\/schema\/person\/0a7b686e5af0f856ec1e390dd0baecda"},"headline":"Les plus belles cr\u00e8ches d\u2019Italie","datePublished":"2020-12-29T14:59:24+00:00","dateModified":"2022-10-17T15:20:18+00:00","mainEntityOfPage":{"@id":"https:\/\/blog.holyart.it\/fr\/articles-religieux\/les-plus-belles-creches-ditalie\/"},"wordCount":1880,"publisher":{"@id":"https:\/\/blog.holyart.it\/fr\/#organization"},"image":{"@id":"https:\/\/blog.holyart.it\/fr\/articles-religieux\/les-plus-belles-creches-ditalie\/#primaryimage"},"thumbnailUrl":"https:\/\/blog.holyart.it\/fr\/wp-content\/uploads\/sites\/14\/2021\/03\/Les-plus-belles-cr\u00e8ches-d\u2019Italie.jpg","articleSection":["Religion"],"inLanguage":"fr-FR"},{"@type":"WebPage","@id":"https:\/\/blog.holyart.it\/fr\/articles-religieux\/les-plus-belles-creches-ditalie\/","url":"https:\/\/blog.holyart.it\/fr\/articles-religieux\/les-plus-belles-creches-ditalie\/","name":"Les plus belles cr\u00e8ches d\u2019Italie - Holyart.fr Blog","isPartOf":{"@id":"https:\/\/blog.holyart.it\/fr\/#website"},"primaryImageOfPage":{"@id":"https:\/\/blog.holyart.it\/fr\/articles-religieux\/les-plus-belles-creches-ditalie\/#primaryimage"},"image":{"@id":"https:\/\/blog.holyart.it\/fr\/articles-religieux\/les-plus-belles-creches-ditalie\/#primaryimage"},"thumbnailUrl":"https:\/\/blog.holyart.it\/fr\/wp-content\/uploads\/sites\/14\/2021\/03\/Les-plus-belles-cr\u00e8ches-d\u2019Italie.jpg","datePublished":"2020-12-29T14:59:24+00:00","dateModified":"2022-10-17T15:20:18+00:00","description":"No\u00ebl approche et la tradition s\u00e9culaire de la Cr\u00e8che revient traverser toute la p\u00e9ninsule italienne. Voici les plus belles cr\u00e8ches d\u2019Italie.","breadcrumb":{"@id":"https:\/\/blog.holyart.it\/fr\/articles-religieux\/les-plus-belles-creches-ditalie\/#breadcrumb"},"inLanguage":"fr-FR","potentialAction":[{"@type":"ReadAction","target":["https:\/\/blog.holyart.it\/fr\/articles-religieux\/les-plus-belles-creches-ditalie\/"]}]},{"@type":"ImageObject","inLanguage":"fr-FR","@id":"https:\/\/blog.holyart.it\/fr\/articles-religieux\/les-plus-belles-creches-ditalie\/#primaryimage","url":"https:\/\/blog.holyart.it\/fr\/wp-content\/uploads\/sites\/14\/2021\/03\/Les-plus-belles-cr\u00e8ches-d\u2019Italie.jpg","contentUrl":"https:\/\/blog.holyart.it\/fr\/wp-content\/uploads\/sites\/14\/2021\/03\/Les-plus-belles-cr\u00e8ches-d\u2019Italie.jpg","width":1000,"height":666,"caption":"Les plus belles creches d\u2019Italie"},{"@type":"BreadcrumbList","@id":"https:\/\/blog.holyart.it\/fr\/articles-religieux\/les-plus-belles-creches-ditalie\/#breadcrumb","itemListElement":[{"@type":"ListItem","position":1,"name":"Homepage","item":"https:\/\/blog.holyart.it\/fr\/"},{"@type":"ListItem","position":2,"name":"Religion","item":"https:\/\/blog.holyart.it\/fr\/articles-religieux\/"},{"@type":"ListItem","position":3,"name":"Les plus belles cr\u00e8ches d\u2019Italie"}]},{"@type":"WebSite","@id":"https:\/\/blog.holyart.it\/fr\/#website","url":"https:\/\/blog.holyart.it\/fr\/","name":"Holyart.fr Blog","description":"Holyblog","publisher":{"@id":"https:\/\/blog.holyart.it\/fr\/#organization"},"potentialAction":[{"@type":"SearchAction","target":{"@type":"EntryPoint","urlTemplate":"https:\/\/blog.holyart.it\/fr\/?s={search_term_string}"},"query-input":{"@type":"PropertyValueSpecification","valueRequired":true,"valueName":"search_term_string"}}],"inLanguage":"fr-FR"},{"@type":"Organization","@id":"https:\/\/blog.holyart.it\/fr\/#organization","name":"Holyart.fr Blog","url":"https:\/\/blog.holyart.it\/fr\/","logo":{"@type":"ImageObject","inLanguage":"fr-FR","@id":"https:\/\/blog.holyart.it\/fr\/#\/schema\/logo\/image\/","url":"https:\/\/blog.holyart.it\/fr\/wp-content\/uploads\/sites\/14\/2022\/12\/Holyart_Blog_Logo.jpg","contentUrl":"https:\/\/blog.holyart.it\/fr\/wp-content\/uploads\/sites\/14\/2022\/12\/Holyart_Blog_Logo.jpg","width":300,"height":50,"caption":"Holyart.fr Blog"},"image":{"@id":"https:\/\/blog.holyart.it\/fr\/#\/schema\/logo\/image\/"}},{"@type":"Person","@id":"https:\/\/blog.holyart.it\/fr\/#\/schema\/person\/0a7b686e5af0f856ec1e390dd0baecda","name":"Redazione","image":{"@type":"ImageObject","inLanguage":"fr-FR","@id":"https:\/\/blog.holyart.it\/fr\/#\/schema\/person\/image\/","url":"https:\/\/secure.gravatar.com\/avatar\/f477da817f43e50d0af36abecd33e3edf826c68299714bdc1057dff3b113f516?s=96&d=mm&r=g","contentUrl":"https:\/\/secure.gravatar.com\/avatar\/f477da817f43e50d0af36abecd33e3edf826c68299714bdc1057dff3b113f516?s=96&d=mm&r=g","caption":"Redazione"},"url":"https:\/\/blog.holyart.it\/fr\/author\/admin\/"}]}},"_links":{"self":[{"href":"https:\/\/blog.holyart.it\/fr\/wp-json\/wp\/v2\/posts\/2307","targetHints":{"allow":["GET"]}}],"collection":[{"href":"https:\/\/blog.holyart.it\/fr\/wp-json\/wp\/v2\/posts"}],"about":[{"href":"https:\/\/blog.holyart.it\/fr\/wp-json\/wp\/v2\/types\/post"}],"author":[{"embeddable":true,"href":"https:\/\/blog.holyart.it\/fr\/wp-json\/wp\/v2\/users\/1"}],"replies":[{"embeddable":true,"href":"https:\/\/blog.holyart.it\/fr\/wp-json\/wp\/v2\/comments?post=2307"}],"version-history":[{"count":0,"href":"https:\/\/blog.holyart.it\/fr\/wp-json\/wp\/v2\/posts\/2307\/revisions"}],"wp:featuredmedia":[{"embeddable":true,"href":"https:\/\/blog.holyart.it\/fr\/wp-json\/wp\/v2\/media\/2310"}],"wp:attachment":[{"href":"https:\/\/blog.holyart.it\/fr\/wp-json\/wp\/v2\/media?parent=2307"}],"wp:term":[{"taxonomy":"category","embeddable":true,"href":"https:\/\/blog.holyart.it\/fr\/wp-json\/wp\/v2\/categories?post=2307"},{"taxonomy":"post_tag","embeddable":true,"href":"https:\/\/blog.holyart.it\/fr\/wp-json\/wp\/v2\/tags?post=2307"}],"curies":[{"name":"wp","href":"https:\/\/api.w.org\/{rel}","templated":true}]}}