{"id":2283,"date":"2020-12-23T15:29:38","date_gmt":"2020-12-23T14:29:38","guid":{"rendered":"https:\/\/blog.holyart.it\/fr\/?p=2283"},"modified":"2022-10-17T16:29:11","modified_gmt":"2022-10-17T14:29:11","slug":"creche-dans-le-monde-quelques-traditions-que-vous-ne-connaissez-pas","status":"publish","type":"post","link":"https:\/\/blog.holyart.it\/fr\/noel\/creche-dans-le-monde-quelques-traditions-que-vous-ne-connaissez-pas\/","title":{"rendered":"Cr\u00e8che dans le monde : quelques traditions que vous ne connaissez pas"},"content":{"rendered":"<h4 style=\"text-align: center;\"><em>La magie de la cr\u00e8che revient nous fasciner chaque ann\u00e9e. Tradition et innovations surprenants, coutumes qui puisent leurs origines dans la nuit des temps et des v\u00e9ritables bizarreries. D\u00e9couvrons ensemble la cr\u00e8che dans le monde et ses curiosit\u00e9s.<\/em><\/h4>\n\n<p>La cr\u00e8che dans le monde est une tradition ancienne et pr\u00e9cieuse, qui chaque ann\u00e9e se renouvelle pendant la p\u00e9riode de No\u00ebl. Il s\u2019agit de la repr\u00e9sentation de la Nativit\u00e9 de Notre Seigneur, et cette coutume a d\u00e9but\u00e9 pr\u00e9cis\u00e9ment dans notre pays, en Italie, <strong>\u00e0 l\u2019\u00e9poque du Moyen \u00c2ge<\/strong>. Bien que les personnages principaux et indispensables pour la mettre en place soient la Sainte Vierge, Saint Joseph, le b\u0153uf et l\u2019\u00e2ne, outre, bien \u00e9videmment, l\u2019Enfant J\u00e9sus, qui est d\u00e9pos\u00e9 dans la mangeoire la nuit de No\u00ebl, et les Rois Mages qui arrivent le jour de l\u2019\u00c9piphanie, d\u00e8s ses origines, la cr\u00e8che s\u2019est enrichie de nombreux autres personnages.<br \/>\nEn particulier les bergers, avec leurs moutons, appel\u00e9s par l\u2019ange et arriv\u00e9s pour adorer le Saint Enfant, et ensuite les paysans, qui amenaient leurs humbles pr\u00e9sents. Au fil des si\u00e8cles et avec l\u2019\u00e9volution de traditions de cr\u00e8che de plus en plus complexes, la cr\u00e8che est devenue une reconstruction plastique de plus en plus riche et soign\u00e9e.<br \/>\nIl suffit de penser \u00e0 la somptueuse <strong>cr\u00e8che napolitaine<\/strong>, n\u00e9e autour de 1700, qui vante un nombre impressionnant de personnages d\u00e9sormais codifi\u00e9s, dont chacun rev\u00eate un valeur symbolique fort pr\u00e9cise. Mais en r\u00e9alit\u00e9 toutes les traditions locales se sont diff\u00e9renci\u00e9es au cours du temps. Aujourd\u2019hui la coutume de la cr\u00e8che n\u2019est pas r\u00e9pandue que dans notre pays, mais \u00e0 travers tout le monde catholique.<br \/>\nEt c\u2019est en effet au niveau des <strong>d\u00e9tails<\/strong> qui se diff\u00e9rencient les diff\u00e9rentes traditions en Italie et la cr\u00e8che dans le monde sur laquelle nous souhaiterions nous attarder.<\/p>\n<h2>La cr\u00e8che napolitaine<\/h2>\n<p>Nous avons d\u00e9j\u00e0 mentionn\u00e9 l\u2019importance de la cr\u00e8che napolitaine dans l\u2019affirmation de cette tradition.<br \/>\nIl ne s\u2019agit pas d\u2019une reconstruction historique de la naissance de J\u00e9sus. En effet, le d\u00e9cor utilis\u00e9 n\u2019est pas la Palestine de l\u2019ann\u00e9e 0, mais la ville de <strong>Naples du XVIII si\u00e8cle<\/strong>, avec des cadres de vie citadine ou, en alternative, un paysage de montagne, qui \u00e9voque un village, mais toujours avec des personnages en habits du XVIII. Si au d\u00e9but la cr\u00e8che napolitaine \u00e9tait une pr\u00e9rogative des familles nobles, il est pourtant vrai que d\u00e8s ses origines cette tradition puisa ses mod\u00e8les logistiques et surtout humains des gens du <strong>peuple<\/strong>.<br \/>\nPour cette raison, la cr\u00e8che napolitaine,\u00a0<em>o\u2019 Presebbio<\/em>, unit spiritualit\u00e9 et r\u00e9alisme, sacr\u00e9 et profane, en mettant en sc\u00e8ne des personnages humbles, pauvres, voire m\u00eame d\u00e9form\u00e9s, dans un th\u00e9\u00e2tre o\u00f9 la composante humaine \u00e9merge et, par moment, pr\u00e9vaut sur la composante religieuse. La cr\u00e8che napolitaine est compos\u00e9e par deux blocs distincts, le <strong>Myst\u00e8re<\/strong> et le <strong>D\u00e9viateur<\/strong>. Le premier est repr\u00e9sent\u00e9 par la cabane, ou l\u2019\u00e9table, ou encore la grotte o\u00f9 nait J\u00e9sus, et les personnages qui le peuplent sont la Sainte Famille, le b\u0153uf, l\u2019\u00e2ne, les anges.<br \/>\nLe D\u00e9viateur, par contre, est un monde vaste o\u00f9 \u00e9voluent bergers et paysans, vendeurs et gitans, poissonniers et joueurs inv\u00e9t\u00e9r\u00e9s. Il y a des tavernes, des \u00e9tals de march\u00e9, des magasins, des animaux, des charrettes, souvent m\u00eame des aper\u00e7us de maisons, cuisines, pi\u00e8ces, qui r\u00e9v\u00e8lent les d\u00e9tails de la vie menue. La cr\u00e8che napolitaine se caract\u00e9rise \u00e9galement par certains <strong>personnages devenus canoniques<\/strong>, chacun desquels incarne un symbole bien pr\u00e9cis :<\/p>\n<ul>\n<li><a href=\"https:\/\/www.holyart.fr\/noel\/creches-noel\/creche-noel-angela-tripi\/berger-benino-avec-chameau-creche-18-cm-tripi\"><strong>Benino<\/strong><\/a>, le berger qui r\u00eave la Cr\u00e8che ;<\/li>\n<li><a href=\"https:\/\/www.holyart.fr\/noel\/creches-noel\/creche-napolitaine\/pecheur-avec-filet-24-cm-creche-napolitaine\"><strong>Le p\u00eacheur<\/strong><\/a>, qui p\u00eache les \u00e2mes ;<\/li>\n<li>Le vendeur de vin, qui symbolise l\u2019Eucharistie ;<\/li>\n<li><a href=\"https:\/\/www.holyart.fr\/noel\/creches-noel\/creche-napolitaine\/vendeur-de-raisin-et-vin-terre-cuite-pour-creche-napolitaine-12-cm\"><strong>Cicci Bacco<\/strong><\/a>, d\u00e9rivation pa\u00efenne du dieu du vin et de l\u2019\u00e9bri\u00e9t\u00e9 ;<\/li>\n<li>Zi\u2019 Vicienzo et zi\u2019 Pascale, i.e. le Carnaval et la Mort ;<\/li>\n<li><a href=\"https:\/\/www.holyart.fr\/noel\/creches-noel\/creche-napolitaine\/gitane-creche-napolitaine-18-cm\"><strong>La tsigane<\/strong><\/a>,\u00a0qui pr\u00e9voit le futur et avec lui la passion de J\u00e9sus ;<\/li>\n<\/ul>\n<p>pour n\u2019en citer que quelques-uns.<\/p>\n<p><img loading=\"lazy\" decoding=\"async\" class=\"aligncenter size-full wp-image-2287\" src=\"https:\/\/blog.holyart.it\/fr\/wp-content\/uploads\/sites\/14\/2021\/01\/Creche-napolitaine.jpg\" alt=\"Cr\u00e8che napolitaine\" width=\"1000\" height=\"666\" data-kale-share-title=\"Cr\u00e8che dans le monde : quelques traditions que vous ne connaissez pas\" data-kale-share-url=\"https:\/\/blog.holyart.it\/fr\/?p=2283\" \/><br \/>\nLes <strong>vendeurs de nourriture<\/strong> aussi, au nombre de douze, symbolisent les mois de l\u2019ann\u00e9e : le boucher repr\u00e9sente Janvier, le vendeur de fromage F\u00e9vrier, celui des poulets Mars, et ainsi de suite.<\/p>\n<p>Mais encore, les <strong>lieux<\/strong> de la cr\u00e8che napolitaine ont une forte valeur symbolique : la rivi\u00e8re repr\u00e9sente le temps qui passe et la barri\u00e8re entre la vie et la mort, la taverne le p\u00e9ch\u00e9, le puits la communication entre haut et bas, ciel et terre.<\/p>\n<h2>La cr\u00e8che pi\u00e9montaise<\/h2>\n<p>Un des protagonistes de la cr\u00e8che pi\u00e9montaise est Gelindo, un berger bourru et un peu maladroit, mais bon et g\u00e9n\u00e9reux au point de c\u00e9der sa cabane \u00e0 Joseph et Maire pour qu\u2019ils puissent y trouver refuge. Il s\u2019agit d\u2019un masque, protagoniste \u00e9galement d\u2019un ancien texte th\u00e9\u00e2tral, premier t\u00e9moin du miracle de la Nativit\u00e9 et symbole de comment J\u00e9sus, d\u00e8s sa naissance, ait pr\u00e9f\u00e9r\u00e9 se r\u00e9v\u00e9ler aux hommes simples et humbles. Gelindo est habituellement repr\u00e9sent\u00e9 avec les habits typiques de Montferrat, en train de jouer de la cornemuse ou de porter un mouton sur ses \u00e9paules. Parfois, \u00e0 ses c\u00f4t\u00e9s, nous retrouvons \u00e9galement sa femme Alinda, sa fille Aurelia et son serviteur Maffeo.<\/p>\n<div class=\"link-product\">\n<div class=\"blocco-immagine\"><img loading=\"lazy\" decoding=\"async\" class=\"alignnone size-thumbnail wp-image-7989\" src=\"https:\/\/blog.holyart.it\/it\/wp-content\/uploads\/sites\/17\/2019\/11\/pastore-150x150.jpg\" alt=\"pastore presepe\" width=\"100\" height=\"100\" \/><\/div>\n<div class=\"blocco-contenuto\">\n<div class=\"blocco-acquista\">Acheter sur Holyart:<\/div>\n<div class=\"blocco-titolo\"><a href=\"https:\/\/www.holyart.fr\/noel\/creches-noel\/creche-napolitaine\/santon-creche-naples-8-cm-hommee-agee-avec-brebis\">Santon cr\u00e8che Naples 8 cm<\/a><\/div>\n<div class=\"blocco-descrizione\">Santon cr\u00e8che Napolitaine de 8 cm, homme \u00e2g\u00e9e ave brebis.<\/div>\n<\/div>\n<\/div>\n<h2>La cr\u00e8che sicilienne<\/h2>\n<p>Dans la cr\u00e8che sicilienne aussi il y a des personnages caract\u00e9ristiques. Rappelons-nous que la tradition de la cr\u00e8che est tr\u00e8s appr\u00e9ci\u00e9e et r\u00e9pandue en Sicile.<br \/>\nLa premi\u00e8re cr\u00e8che document\u00e9e remonte au 1494, \u00e0 Termini Imerese, mais pendant longtemps la r\u00e9alisation des repr\u00e9sentations de la Nativit\u00e9 continu\u00e8rent d\u2019\u00eatre une pr\u00e9rogative des lieux de culte, d\u2019abord, et des familles nobles ensuite, qui aimaient enrichir leurs maisons avec des petits autels priv\u00e9s. Cette \u00ab\u00a0mode\u00a0\u00bb venait de Naples, tout comme plusieurs des influences de la cr\u00e8che sicilienne sont \u00e9videmment d\u00e9riv\u00e9es de la cr\u00e8che parth\u00e9nop\u00e9enne.<br \/>\nLes d\u00e9cors reproduits dans les anciennes cr\u00e8ches siciliennes \u00e9taient des ruines classiques et des paysages bucoliques.<br \/>\nTrapani devint la capitale de l\u2019art de la cr\u00e8che sicilienne, mais Caltagirone accueillit \u00e9galement beaucoup de ma\u00eetres artisans prestigieux \u00e0 partir de 1700.<br \/>\nDeux personnages typiques de la cr\u00e8che sicilienne sont\u00a0<strong>Sbaundatu<\/strong>, ou\u00a0<em>scantatu ra stidda<\/em>, et\u00a0<strong>Zu Innaru<\/strong>\u00a0(<em>Oncle Janvier<\/em> ou<em>\u00a0Gennaietto<\/em>).<br \/>\nLe premier est le berger qui regarde bouche b\u00e9e la Com\u00e8te, empli de stupeur et merveille, et qui parfois l\u2019indique du doigt ; le deuxi\u00e8me est un vieux berger transi de froid, assis devant un feu, avec lequel il se r\u00e9chauffe et qui offre \u00e0 Joseph et \u00e0 Marie d\u2019y faire r\u00e9chauffer le petit J\u00e9sus. Un autre personnage recourant est<strong> Susi Pasturi<\/strong>,<a href=\"https:\/\/www.holyart.fr\/noel\/creches-noel\/creche-noel-angela-tripi\/benino-le-berger-endormi-creche-tripi-30-cm\">\u00a0le berger endormi<\/a> (<em>susirisi<\/em>\u00a0en sicilien signifie se r\u00e9veiller).<\/p>\n<div class=\"link-product\">\n<div class=\"blocco-immagine\"><img loading=\"lazy\" decoding=\"async\" class=\"alignnone wp-image-2291\" src=\"https:\/\/blog.holyart.it\/fr\/wp-content\/uploads\/sites\/14\/2021\/01\/la-statue-emerveillee-pour-la-creche-Angela-Tripi-150x150.jpg\" alt=\"la statue \u00e9merveill\u00e9e pour la cr\u00e8che Angela Tripi\" width=\"100\" height=\"100\" data-kale-share-title=\"Cr\u00e8che dans le monde : quelques traditions que vous ne connaissez pas\" data-kale-share-url=\"https:\/\/blog.holyart.it\/fr\/?p=2283\" \/><\/div>\n<div class=\"blocco-contenuto\">\n<div class=\"blocco-acquista\">Acheter sur Holyart:<\/div>\n<div class=\"blocco-titolo\"><a href=\"https:\/\/www.holyart.fr\/noel\/creches-noel\/creche-noel-angela-tripi\/annonce-aux-bergers-lemerveille-30-cm-atelier-angela-tripi\">l&rsquo;\u00e9merveill\u00e9<\/a><\/div>\n<div class=\"blocco-descrizione\">Annonce aux bergers : l&rsquo;\u00e9merveill\u00e9 30 cm atelier Angela Tripi.<\/div>\n<\/div>\n<\/div>\n<h2>La cr\u00e8che flottante de Cesenatico<\/h2>\n<p>Cesenatico vante une cr\u00e8che tr\u00e8s particuli\u00e8re, non pas pour la pr\u00e9sence de personnages uniques, quand plut\u00f4t pour le fait d\u2019\u00eatre enti\u00e8rement r\u00e9alis\u00e9e sur les bateaux de p\u00eache historiques amarr\u00e9es dans le port-canal. Toutes les statues de cette cr\u00e8che unique en son genre sont r\u00e9alis\u00e9es grandeur nature par des artistes locaux et repr\u00e9sentent une communaut\u00e9 de p\u00eacheurs qui assistent \u00e0 la naissance miraculeuse de J\u00e9sus.<\/p>\n<p><img loading=\"lazy\" decoding=\"async\" class=\"size-full wp-image-2293 aligncenter\" src=\"https:\/\/blog.holyart.it\/fr\/wp-content\/uploads\/sites\/14\/2021\/01\/creche-a-cesenatico.jpg\" alt=\"cr\u00e8che \u00e0 cesenatico\" width=\"1000\" height=\"741\" data-kale-share-title=\"Cr\u00e8che dans le monde : quelques traditions que vous ne connaissez pas\" data-kale-share-url=\"https:\/\/blog.holyart.it\/fr\/?p=2283\" \/><\/p>\n<h2>La cr\u00e8che catalane<\/h2>\n<figure id=\"attachment_2294\" aria-describedby=\"caption-attachment-2294\" style=\"width: 225px\" class=\"wp-caption alignright\"><img loading=\"lazy\" decoding=\"async\" class=\"wp-image-2294 size-medium\" src=\"https:\/\/blog.holyart.it\/fr\/wp-content\/uploads\/sites\/14\/2021\/01\/Creche-catalane-225x300.jpg\" alt=\"Cr\u00e8che catalane\" width=\"225\" height=\"300\" data-kale-share-title=\"Cr\u00e8che dans le monde : quelques traditions que vous ne connaissez pas\" data-kale-share-url=\"https:\/\/blog.holyart.it\/fr\/?p=2283\" \/><figcaption id=\"caption-attachment-2294\" class=\"wp-caption-text\">Figurine de la Nativit\u00e9 catalane \u00ab\u00a0Caganer\u00a0\u00bb<\/figcaption><\/figure>\n<p>En sortant d\u2019Italie et en partant \u00e0 la d\u00e9couverte de la cr\u00e8che dans le monde, nous apprenons que dans la cr\u00e8che catalane il y a une statue un peu insolite.<br \/>\nIl s\u2019agit d\u2019un petit bonhomme habill\u00e9 avec les v\u00eatements folkloriques catalans et un b\u00e9ret sur la t\u00eate, qui, son pantalon baiss\u00e9, est en train d\u2019accomplir ses fonctions corporelles. Mais qu\u2019est-ce qui am\u00e8ne les amants de la cr\u00e8che catalans \u00e0 placer un personnage pareil dans la reconstruction de la Nativit\u00e9 ? Voire m\u00eame, en plein milieu, car s\u2019il est vrai que souvent il est plac\u00e9 dans un coin, il est tout aussi souvent mis bien en vue\u00a0! Ce personnage s\u2019appelle\u00a0<strong>Caganer<\/strong>.\u00a0Il s\u2019agit d\u2019un berger en train de d\u00e9f\u00e9quer, et pour les catalans il est symbole de chance, joie et prosp\u00e9rit\u00e9. Malheur \u00e0 qui ne le met pas dans sa cr\u00e8che ! Cela portera malheur pour toute l\u2019ann\u00e9e \u00e0 venir.<\/p>\n<h2>La cr\u00e8che dans l\u2019Am\u00e9rique du Sud<\/h2>\n<p>\u00c0 propos de pr\u00e9sences insolites dans les cr\u00e8ches du monde, au <strong>P\u00e9rou<\/strong> aussi il y a des personnages, si on peut les appeler ainsi, qu\u2019il n\u2019est pas possible de trouver dans aucun autre pays du monde. Par exemple, \u00e0 la place du b\u0153uf et de l\u2019\u00e2ne traditionnels, dans la cabane de la Sainte Famille, il y a un mouton et un lama ! Oui oui, le laineux animal typique des Andes r\u00e9chauffe l\u2019Enfant J\u00e9sus \u00e0 la place d\u2019un \u00e2ne plus canonique. Il est aussi vrai que les cr\u00e8ches p\u00e9ruviennes sont tr\u00e8s belles et bariol\u00e9es gr\u00e2ce aux personnages habill\u00e9s avec les tr\u00e8s color\u00e9s v\u00eatements traditionnels. Tr\u00e8s souvent la cr\u00e8che est install\u00e9e \u00e0 l\u2019int\u00e9rieur d\u2019une citrouille \u00e9vid\u00e9e, taill\u00e9e et peinte avec les couleurs de la No\u00ebl, d\u2019autres fois dans des petits cano\u00ebs. En alternative, les cr\u00e8ches sont plac\u00e9es en plein air et d\u00e9cor\u00e9es de plantes grasses. Souvent les cr\u00e8ches sud-am\u00e9ricaines unissent des suggestions catholiques avec des r\u00e9miniscences pa\u00efennes et folkloriques.<br \/>\n<img loading=\"lazy\" decoding=\"async\" class=\"alignnone size-full wp-image-2296\" src=\"https:\/\/blog.holyart.it\/fr\/wp-content\/uploads\/sites\/14\/2021\/01\/creche-Peru.jpg\" alt=\"creche Peru\" width=\"1000\" height=\"664\" data-kale-share-title=\"Cr\u00e8che dans le monde : quelques traditions que vous ne connaissez pas\" data-kale-share-url=\"https:\/\/blog.holyart.it\/fr\/?p=2283\" \/>Au <strong>Br\u00e9sil<\/strong>, la cr\u00e8che fut introduites par les\u00a0<em>conquistadores<\/em>, et \u00e9tait initialement construite selon le style espagnol ou portugais, mais bient\u00f4t elle s\u2019enrichit de contaminations indig\u00e8nes et se peupla de personnages mythologiques, comme le <em>g\u00e9nie malin<\/em> ou la <em>mule sans t\u00eate<\/em>. En <strong>\u00c9quateur<\/strong> et en <strong>Bolivie<\/strong>, les cr\u00e8ches sont install\u00e9es sur plusieurs \u00e9tages et ici aussi la chr\u00e9tient\u00e9 et le paganisme se m\u00e9langent dans une vision qui montre \u00e0 la fois la Nativit\u00e9 et des \u00e9l\u00e9ments des cultes pa\u00efens locaux.<br \/>\nAu <strong>Paraguay<\/strong> ne pas faire la cr\u00e8che dans sa maison porte malheur, donc tout le monde en fait une\u00a0: on d\u00e9pose des grains de riz sur une table humide et, quand le riz germe, on cr\u00e9e un paysage avec cailloux, animaux de ouate, \u00e9clats de verre color\u00e9. Tout autour, on place des past\u00e8ques, des melons, des fleurs de coco et d\u2019ananas.<br \/>\nAu <strong>Mexique<\/strong>, les santons sont blancs et dor\u00e9s, richement d\u00e9cor\u00e9s avec des couvre-chefs traditionnels, des fleurs et des \u00e9pingles qui repr\u00e9sentent les \u00e9pines des p\u00e9ch\u00e9s.<\/p>\n<h2>La cr\u00e8che polonaise<\/h2>\n<p>La cr\u00e8che polonaise ou\u00a0<em>szopka<\/em>\u00a0est tr\u00e8s diff\u00e9rente de celle que nous connaissons et repr\u00e9sente une tradition tr\u00e8s importante pour le pays. Les polonais ne reconstruisent pas la Nativit\u00e9 en la pla\u00e7ant dans un d\u00e9cor naturaliste, mais r\u00e9alisent des <strong>complexes architectures en papier d\u2019aluminium tr\u00e8s color\u00e9<\/strong>. Habituellement, le centre de la cr\u00e8che est la cath\u00e9drale, mais ils peuvent y avoir \u00e9galement d\u2019autres nombreux b\u00e2timents \u00e0 la structure compliqu\u00e9e et qui parfois atteignent m\u00eame plusieurs m\u00e8tres de hauteur.<br \/>\nLa r\u00e9alisation de ces cr\u00e8ches est une passion pour beaucoup de polonais, et implique souvent tous les membres de la famille avec des techniques qui se transmettent de g\u00e9n\u00e9ration en g\u00e9n\u00e9ration.<\/p>\n<p><img loading=\"lazy\" decoding=\"async\" class=\"alignnone size-full wp-image-2298\" src=\"https:\/\/blog.holyart.it\/fr\/wp-content\/uploads\/sites\/14\/2021\/01\/Creche-polonaise.jpg\" alt=\"Cr\u00e8che polonaise\" width=\"1024\" height=\"683\" data-kale-share-title=\"Cr\u00e8che dans le monde : quelques traditions que vous ne connaissez pas\" data-kale-share-url=\"https:\/\/blog.holyart.it\/fr\/?p=2283\" \/><\/p>\n<h2>La cr\u00e8che proven\u00e7ale<\/h2>\n<figure id=\"attachment_2299\" aria-describedby=\"caption-attachment-2299\" style=\"width: 300px\" class=\"wp-caption alignright\"><img loading=\"lazy\" decoding=\"async\" class=\"wp-image-2299 size-medium\" src=\"https:\/\/blog.holyart.it\/fr\/wp-content\/uploads\/sites\/14\/2021\/01\/creche-provence-300x225.jpg\" alt=\"cr\u00e8che provence\" width=\"300\" height=\"225\" data-kale-share-title=\"Cr\u00e8che dans le monde : quelques traditions que vous ne connaissez pas\" data-kale-share-url=\"https:\/\/blog.holyart.it\/fr\/?p=2283\" \/><figcaption id=\"caption-attachment-2299\" class=\"wp-caption-text\"><center>Exemple typique de Santos<\/center><\/figcaption><\/figure>\n<p>La cr\u00e8che proven\u00e7ale ne respecte surement pas le d\u00e9cor canonique que nous pourrions nous attendre pour la Nativit\u00e9. Comme dans la cr\u00e8che napolitaine ou sicilienne, elle imite en effet les paysages et les formes architecturales typiques du territoire. En outre, il y a un soin particulier dans la r\u00e9alisation des <strong>santons<\/strong>.<\/p>\n<p>Le\u00a0<em>Syndicat National des Santonniers<\/em>, avec son si\u00e8ge \u00e0 Marseille est un organisme de repr\u00e9sentation qui recueille et pr\u00e9serve les fabricants de santons pour cr\u00e8che proven\u00e7aux, les\u00a0<em>santonniers<\/em>.<br \/>\nLes\u00a0<em>santons<\/em>\u00a0sont fa\u00e7onn\u00e9s en argile et ne repr\u00e9sentent pas uniquement les personnages typiques de la cr\u00e8che, mais aussi les figures typiques du folklore proven\u00e7al, comme les gitans, les joueurs de cornemuse et ainsi de suite. Entre la fin novembre et l\u2019\u00c9piphanie, dans diff\u00e9rentes villes de la Provence, se d\u00e9roulent des foires d\u00e9di\u00e9es aux <em>santons.\u00a0<\/em>Marseille accueille la plus ancienne et spectaculaire de ces foires. Les santons ont pris pied en France durant la R\u00e9volution, quand les lieux de culte \u00e9taient ferm\u00e9s et restait uniquement sa propre maison pour manifester la d\u00e9votion de la famille.<\/p>\n<h2>La cr\u00e8che africaine<\/h2>\n<p>Les premiers missionnaires qui \u00e9vang\u00e9lis\u00e8rent l\u2019Afrique essay\u00e8rent d\u2019introduire, parmi les autres formes de d\u00e9votion, la cr\u00e8che. Mais il n\u2019\u00e9tait pas simple de convaincre les indig\u00e8nes que ces figures en pl\u00e2tre, toutes blanches, repr\u00e9sentaient J\u00e9sus et la <a href=\"https:\/\/www.holyart.fr\/noel\/nativite\"><strong>Sainte Famille<\/strong><\/a>.\u00a0\u00a0<img loading=\"lazy\" decoding=\"async\" class=\"alignleft size-medium wp-image-2301\" src=\"https:\/\/blog.holyart.it\/fr\/wp-content\/uploads\/sites\/14\/2021\/01\/Creche-africaine-300x225.jpg\" alt=\"\" width=\"300\" height=\"225\" data-kale-share-title=\"Cr\u00e8che dans le monde : quelques traditions que vous ne connaissez pas\" data-kale-share-url=\"https:\/\/blog.holyart.it\/fr\/?p=2283\" \/><br \/>\nPar la suite, quand en Afrique aussi on commen\u00e7a \u00e0 produire des cr\u00e8ches, les figurines \u00e9taient souvent fa\u00e7onn\u00e9es dans la glaise, sculpt\u00e9es dans l\u2019\u00e9b\u00e8ne ou coul\u00e9es en bronze, tandis que J\u00e9sus \u00e9tait fait d\u2019ivoire, de mani\u00e8re \u00e0 ressortir le plus possible. Naturellement, l\u2019aspect des santons aussi se refaisait aux <strong>hommes et aux coutumes locaux<\/strong>. Les Rois Mages \u00e9taient r\u00e9alis\u00e9s \u00e0 l\u2019image des \u00e9minences locales, comme les chefs de village et les bergers portaient des instruments musicaux et des ustensiles locaux. <a href=\"https:\/\/www.holyart.fr\/noel\/animaux-pour-la-creche\">Les animaux typiques de la cr\u00e8che<\/a> europ\u00e9enne \u00e9taient remplac\u00e9s par ceux pr\u00e9sents dans la savane.<\/p>\n<h2>La cr\u00e8che en Asie<\/h2>\n<p>En Asie aussi les repr\u00e9sentations des cr\u00e8ches furents introduites par les missionnaires, avec plus ou moins de succ\u00e8s. Les mat\u00e9riaux et m\u00eame les caract\u00e9ristiques des personnages et des animaux d\u00e9pendent des zones. Les premi\u00e8res cr\u00e8ches furent construites en bois et bambou, et les figurines avaient des traits orientaux.<\/p>\n<p>&nbsp;<\/p>\n<p>&nbsp;<\/p>\n<p>&nbsp;<\/p>\n<p>&nbsp;<\/p>\n","protected":false},"excerpt":{"rendered":"<p>La magie de la cr\u00e8che revient nous fasciner chaque ann\u00e9e. Tradition et innovations surprenants, coutumes qui puisent leurs origines dans la nuit des temps et des v\u00e9ritables bizarreries. D\u00e9couvrons ensemble la cr\u00e8che dans le monde et ses curiosit\u00e9s. La cr\u00e8che dans le monde est une&hellip;<\/p>\n","protected":false},"author":1,"featured_media":2284,"comment_status":"closed","ping_status":"open","sticky":false,"template":"","format":"standard","meta":{"_acf_changed":false,"footnotes":""},"categories":[10],"tags":[],"class_list":["post-2283","post","type-post","status-publish","format-standard","has-post-thumbnail","hentry","category-noel"],"acf":[],"yoast_head":"<!-- This site is optimized with the Yoast SEO plugin v26.6 - https:\/\/yoast.com\/wordpress\/plugins\/seo\/ -->\n<title>Cr\u00e8che dans le monde : quelques traditions que vous ne connaissez pas<\/title>\n<meta name=\"description\" content=\"Tradition et innovations surprenants, coutumes qui puisent leurs origines dans la nuit des temps et des v\u00e9ritables bizarreries.\" \/>\n<meta name=\"robots\" content=\"index, follow, max-snippet:-1, max-image-preview:large, max-video-preview:-1\" \/>\n<link rel=\"canonical\" href=\"https:\/\/blog.holyart.it\/fr\/noel\/creche-dans-le-monde-quelques-traditions-que-vous-ne-connaissez-pas\/\" \/>\n<meta property=\"og:locale\" content=\"fr_FR\" \/>\n<meta property=\"og:type\" content=\"article\" \/>\n<meta property=\"og:title\" content=\"Cr\u00e8che dans le monde : quelques traditions que vous ne connaissez pas\" \/>\n<meta property=\"og:description\" content=\"Tradition et innovations surprenants, coutumes qui puisent leurs origines dans la nuit des temps et des v\u00e9ritables bizarreries.\" \/>\n<meta property=\"og:url\" content=\"https:\/\/blog.holyart.it\/fr\/noel\/creche-dans-le-monde-quelques-traditions-que-vous-ne-connaissez-pas\/\" \/>\n<meta property=\"og:site_name\" content=\"Holyart.fr Blog\" \/>\n<meta property=\"article:published_time\" content=\"2020-12-23T14:29:38+00:00\" \/>\n<meta property=\"article:modified_time\" content=\"2022-10-17T14:29:11+00:00\" \/>\n<meta property=\"og:image\" content=\"https:\/\/blog.holyart.it\/fr\/wp-content\/uploads\/sites\/14\/2021\/01\/creche-dans-le-monde.jpg\" \/>\n\t<meta property=\"og:image:width\" content=\"1000\" \/>\n\t<meta property=\"og:image:height\" content=\"666\" \/>\n\t<meta property=\"og:image:type\" content=\"image\/jpeg\" \/>\n<meta name=\"author\" content=\"Redazione\" \/>\n<meta name=\"twitter:card\" content=\"summary_large_image\" \/>\n<meta name=\"twitter:label1\" content=\"\u00c9crit par\" \/>\n\t<meta name=\"twitter:data1\" content=\"Redazione\" \/>\n\t<meta name=\"twitter:label2\" content=\"Dur\u00e9e de lecture estim\u00e9e\" \/>\n\t<meta name=\"twitter:data2\" content=\"12 minutes\" \/>\n<script type=\"application\/ld+json\" class=\"yoast-schema-graph\">{\"@context\":\"https:\/\/schema.org\",\"@graph\":[{\"@type\":\"Article\",\"@id\":\"https:\/\/blog.holyart.it\/fr\/noel\/creche-dans-le-monde-quelques-traditions-que-vous-ne-connaissez-pas\/#article\",\"isPartOf\":{\"@id\":\"https:\/\/blog.holyart.it\/fr\/noel\/creche-dans-le-monde-quelques-traditions-que-vous-ne-connaissez-pas\/\"},\"author\":{\"name\":\"Redazione\",\"@id\":\"https:\/\/blog.holyart.it\/fr\/#\/schema\/person\/0a7b686e5af0f856ec1e390dd0baecda\"},\"headline\":\"Cr\u00e8che dans le monde : quelques traditions que vous ne connaissez pas\",\"datePublished\":\"2020-12-23T14:29:38+00:00\",\"dateModified\":\"2022-10-17T14:29:11+00:00\",\"mainEntityOfPage\":{\"@id\":\"https:\/\/blog.holyart.it\/fr\/noel\/creche-dans-le-monde-quelques-traditions-que-vous-ne-connaissez-pas\/\"},\"wordCount\":2483,\"publisher\":{\"@id\":\"https:\/\/blog.holyart.it\/fr\/#organization\"},\"image\":{\"@id\":\"https:\/\/blog.holyart.it\/fr\/noel\/creche-dans-le-monde-quelques-traditions-que-vous-ne-connaissez-pas\/#primaryimage\"},\"thumbnailUrl\":\"https:\/\/blog.holyart.it\/fr\/wp-content\/uploads\/sites\/14\/2021\/01\/creche-dans-le-monde.jpg\",\"articleSection\":[\"No\u00ebl\"],\"inLanguage\":\"fr-FR\"},{\"@type\":\"WebPage\",\"@id\":\"https:\/\/blog.holyart.it\/fr\/noel\/creche-dans-le-monde-quelques-traditions-que-vous-ne-connaissez-pas\/\",\"url\":\"https:\/\/blog.holyart.it\/fr\/noel\/creche-dans-le-monde-quelques-traditions-que-vous-ne-connaissez-pas\/\",\"name\":\"Cr\u00e8che dans le monde : quelques traditions que vous ne connaissez pas\",\"isPartOf\":{\"@id\":\"https:\/\/blog.holyart.it\/fr\/#website\"},\"primaryImageOfPage\":{\"@id\":\"https:\/\/blog.holyart.it\/fr\/noel\/creche-dans-le-monde-quelques-traditions-que-vous-ne-connaissez-pas\/#primaryimage\"},\"image\":{\"@id\":\"https:\/\/blog.holyart.it\/fr\/noel\/creche-dans-le-monde-quelques-traditions-que-vous-ne-connaissez-pas\/#primaryimage\"},\"thumbnailUrl\":\"https:\/\/blog.holyart.it\/fr\/wp-content\/uploads\/sites\/14\/2021\/01\/creche-dans-le-monde.jpg\",\"datePublished\":\"2020-12-23T14:29:38+00:00\",\"dateModified\":\"2022-10-17T14:29:11+00:00\",\"description\":\"Tradition et innovations surprenants, coutumes qui puisent leurs origines dans la nuit des temps et des v\u00e9ritables bizarreries.\",\"breadcrumb\":{\"@id\":\"https:\/\/blog.holyart.it\/fr\/noel\/creche-dans-le-monde-quelques-traditions-que-vous-ne-connaissez-pas\/#breadcrumb\"},\"inLanguage\":\"fr-FR\",\"potentialAction\":[{\"@type\":\"ReadAction\",\"target\":[\"https:\/\/blog.holyart.it\/fr\/noel\/creche-dans-le-monde-quelques-traditions-que-vous-ne-connaissez-pas\/\"]}]},{\"@type\":\"ImageObject\",\"inLanguage\":\"fr-FR\",\"@id\":\"https:\/\/blog.holyart.it\/fr\/noel\/creche-dans-le-monde-quelques-traditions-que-vous-ne-connaissez-pas\/#primaryimage\",\"url\":\"https:\/\/blog.holyart.it\/fr\/wp-content\/uploads\/sites\/14\/2021\/01\/creche-dans-le-monde.jpg\",\"contentUrl\":\"https:\/\/blog.holyart.it\/fr\/wp-content\/uploads\/sites\/14\/2021\/01\/creche-dans-le-monde.jpg\",\"width\":1000,\"height\":666,\"caption\":\"cr\u00e8che dans le monde\"},{\"@type\":\"BreadcrumbList\",\"@id\":\"https:\/\/blog.holyart.it\/fr\/noel\/creche-dans-le-monde-quelques-traditions-que-vous-ne-connaissez-pas\/#breadcrumb\",\"itemListElement\":[{\"@type\":\"ListItem\",\"position\":1,\"name\":\"Homepage\",\"item\":\"https:\/\/blog.holyart.it\/fr\/\"},{\"@type\":\"ListItem\",\"position\":2,\"name\":\"No\u00ebl\",\"item\":\"https:\/\/blog.holyart.it\/fr\/noel\/\"},{\"@type\":\"ListItem\",\"position\":3,\"name\":\"Cr\u00e8che dans le monde : quelques traditions que vous ne connaissez pas\"}]},{\"@type\":\"WebSite\",\"@id\":\"https:\/\/blog.holyart.it\/fr\/#website\",\"url\":\"https:\/\/blog.holyart.it\/fr\/\",\"name\":\"Holyart.fr Blog\",\"description\":\"Holyblog\",\"publisher\":{\"@id\":\"https:\/\/blog.holyart.it\/fr\/#organization\"},\"potentialAction\":[{\"@type\":\"SearchAction\",\"target\":{\"@type\":\"EntryPoint\",\"urlTemplate\":\"https:\/\/blog.holyart.it\/fr\/?s={search_term_string}\"},\"query-input\":{\"@type\":\"PropertyValueSpecification\",\"valueRequired\":true,\"valueName\":\"search_term_string\"}}],\"inLanguage\":\"fr-FR\"},{\"@type\":\"Organization\",\"@id\":\"https:\/\/blog.holyart.it\/fr\/#organization\",\"name\":\"Holyart.fr Blog\",\"url\":\"https:\/\/blog.holyart.it\/fr\/\",\"logo\":{\"@type\":\"ImageObject\",\"inLanguage\":\"fr-FR\",\"@id\":\"https:\/\/blog.holyart.it\/fr\/#\/schema\/logo\/image\/\",\"url\":\"https:\/\/blog.holyart.it\/fr\/wp-content\/uploads\/sites\/14\/2022\/12\/Holyart_Blog_Logo.jpg\",\"contentUrl\":\"https:\/\/blog.holyart.it\/fr\/wp-content\/uploads\/sites\/14\/2022\/12\/Holyart_Blog_Logo.jpg\",\"width\":300,\"height\":50,\"caption\":\"Holyart.fr Blog\"},\"image\":{\"@id\":\"https:\/\/blog.holyart.it\/fr\/#\/schema\/logo\/image\/\"}},{\"@type\":\"Person\",\"@id\":\"https:\/\/blog.holyart.it\/fr\/#\/schema\/person\/0a7b686e5af0f856ec1e390dd0baecda\",\"name\":\"Redazione\",\"image\":{\"@type\":\"ImageObject\",\"inLanguage\":\"fr-FR\",\"@id\":\"https:\/\/blog.holyart.it\/fr\/#\/schema\/person\/image\/\",\"url\":\"https:\/\/secure.gravatar.com\/avatar\/f477da817f43e50d0af36abecd33e3edf826c68299714bdc1057dff3b113f516?s=96&d=mm&r=g\",\"contentUrl\":\"https:\/\/secure.gravatar.com\/avatar\/f477da817f43e50d0af36abecd33e3edf826c68299714bdc1057dff3b113f516?s=96&d=mm&r=g\",\"caption\":\"Redazione\"},\"url\":\"https:\/\/blog.holyart.it\/fr\/author\/admin\/\"}]}<\/script>\n<!-- \/ Yoast SEO plugin. -->","yoast_head_json":{"title":"Cr\u00e8che dans le monde : quelques traditions que vous ne connaissez pas","description":"Tradition et innovations surprenants, coutumes qui puisent leurs origines dans la nuit des temps et des v\u00e9ritables bizarreries.","robots":{"index":"index","follow":"follow","max-snippet":"max-snippet:-1","max-image-preview":"max-image-preview:large","max-video-preview":"max-video-preview:-1"},"canonical":"https:\/\/blog.holyart.it\/fr\/noel\/creche-dans-le-monde-quelques-traditions-que-vous-ne-connaissez-pas\/","og_locale":"fr_FR","og_type":"article","og_title":"Cr\u00e8che dans le monde : quelques traditions que vous ne connaissez pas","og_description":"Tradition et innovations surprenants, coutumes qui puisent leurs origines dans la nuit des temps et des v\u00e9ritables bizarreries.","og_url":"https:\/\/blog.holyart.it\/fr\/noel\/creche-dans-le-monde-quelques-traditions-que-vous-ne-connaissez-pas\/","og_site_name":"Holyart.fr Blog","article_published_time":"2020-12-23T14:29:38+00:00","article_modified_time":"2022-10-17T14:29:11+00:00","og_image":[{"width":1000,"height":666,"url":"https:\/\/blog.holyart.it\/fr\/wp-content\/uploads\/sites\/14\/2021\/01\/creche-dans-le-monde.jpg","type":"image\/jpeg"}],"author":"Redazione","twitter_card":"summary_large_image","twitter_misc":{"\u00c9crit par":"Redazione","Dur\u00e9e de lecture estim\u00e9e":"12 minutes"},"schema":{"@context":"https:\/\/schema.org","@graph":[{"@type":"Article","@id":"https:\/\/blog.holyart.it\/fr\/noel\/creche-dans-le-monde-quelques-traditions-que-vous-ne-connaissez-pas\/#article","isPartOf":{"@id":"https:\/\/blog.holyart.it\/fr\/noel\/creche-dans-le-monde-quelques-traditions-que-vous-ne-connaissez-pas\/"},"author":{"name":"Redazione","@id":"https:\/\/blog.holyart.it\/fr\/#\/schema\/person\/0a7b686e5af0f856ec1e390dd0baecda"},"headline":"Cr\u00e8che dans le monde : quelques traditions que vous ne connaissez pas","datePublished":"2020-12-23T14:29:38+00:00","dateModified":"2022-10-17T14:29:11+00:00","mainEntityOfPage":{"@id":"https:\/\/blog.holyart.it\/fr\/noel\/creche-dans-le-monde-quelques-traditions-que-vous-ne-connaissez-pas\/"},"wordCount":2483,"publisher":{"@id":"https:\/\/blog.holyart.it\/fr\/#organization"},"image":{"@id":"https:\/\/blog.holyart.it\/fr\/noel\/creche-dans-le-monde-quelques-traditions-que-vous-ne-connaissez-pas\/#primaryimage"},"thumbnailUrl":"https:\/\/blog.holyart.it\/fr\/wp-content\/uploads\/sites\/14\/2021\/01\/creche-dans-le-monde.jpg","articleSection":["No\u00ebl"],"inLanguage":"fr-FR"},{"@type":"WebPage","@id":"https:\/\/blog.holyart.it\/fr\/noel\/creche-dans-le-monde-quelques-traditions-que-vous-ne-connaissez-pas\/","url":"https:\/\/blog.holyart.it\/fr\/noel\/creche-dans-le-monde-quelques-traditions-que-vous-ne-connaissez-pas\/","name":"Cr\u00e8che dans le monde : quelques traditions que vous ne connaissez pas","isPartOf":{"@id":"https:\/\/blog.holyart.it\/fr\/#website"},"primaryImageOfPage":{"@id":"https:\/\/blog.holyart.it\/fr\/noel\/creche-dans-le-monde-quelques-traditions-que-vous-ne-connaissez-pas\/#primaryimage"},"image":{"@id":"https:\/\/blog.holyart.it\/fr\/noel\/creche-dans-le-monde-quelques-traditions-que-vous-ne-connaissez-pas\/#primaryimage"},"thumbnailUrl":"https:\/\/blog.holyart.it\/fr\/wp-content\/uploads\/sites\/14\/2021\/01\/creche-dans-le-monde.jpg","datePublished":"2020-12-23T14:29:38+00:00","dateModified":"2022-10-17T14:29:11+00:00","description":"Tradition et innovations surprenants, coutumes qui puisent leurs origines dans la nuit des temps et des v\u00e9ritables bizarreries.","breadcrumb":{"@id":"https:\/\/blog.holyart.it\/fr\/noel\/creche-dans-le-monde-quelques-traditions-que-vous-ne-connaissez-pas\/#breadcrumb"},"inLanguage":"fr-FR","potentialAction":[{"@type":"ReadAction","target":["https:\/\/blog.holyart.it\/fr\/noel\/creche-dans-le-monde-quelques-traditions-que-vous-ne-connaissez-pas\/"]}]},{"@type":"ImageObject","inLanguage":"fr-FR","@id":"https:\/\/blog.holyart.it\/fr\/noel\/creche-dans-le-monde-quelques-traditions-que-vous-ne-connaissez-pas\/#primaryimage","url":"https:\/\/blog.holyart.it\/fr\/wp-content\/uploads\/sites\/14\/2021\/01\/creche-dans-le-monde.jpg","contentUrl":"https:\/\/blog.holyart.it\/fr\/wp-content\/uploads\/sites\/14\/2021\/01\/creche-dans-le-monde.jpg","width":1000,"height":666,"caption":"cr\u00e8che dans le monde"},{"@type":"BreadcrumbList","@id":"https:\/\/blog.holyart.it\/fr\/noel\/creche-dans-le-monde-quelques-traditions-que-vous-ne-connaissez-pas\/#breadcrumb","itemListElement":[{"@type":"ListItem","position":1,"name":"Homepage","item":"https:\/\/blog.holyart.it\/fr\/"},{"@type":"ListItem","position":2,"name":"No\u00ebl","item":"https:\/\/blog.holyart.it\/fr\/noel\/"},{"@type":"ListItem","position":3,"name":"Cr\u00e8che dans le monde : quelques traditions que vous ne connaissez pas"}]},{"@type":"WebSite","@id":"https:\/\/blog.holyart.it\/fr\/#website","url":"https:\/\/blog.holyart.it\/fr\/","name":"Holyart.fr Blog","description":"Holyblog","publisher":{"@id":"https:\/\/blog.holyart.it\/fr\/#organization"},"potentialAction":[{"@type":"SearchAction","target":{"@type":"EntryPoint","urlTemplate":"https:\/\/blog.holyart.it\/fr\/?s={search_term_string}"},"query-input":{"@type":"PropertyValueSpecification","valueRequired":true,"valueName":"search_term_string"}}],"inLanguage":"fr-FR"},{"@type":"Organization","@id":"https:\/\/blog.holyart.it\/fr\/#organization","name":"Holyart.fr Blog","url":"https:\/\/blog.holyart.it\/fr\/","logo":{"@type":"ImageObject","inLanguage":"fr-FR","@id":"https:\/\/blog.holyart.it\/fr\/#\/schema\/logo\/image\/","url":"https:\/\/blog.holyart.it\/fr\/wp-content\/uploads\/sites\/14\/2022\/12\/Holyart_Blog_Logo.jpg","contentUrl":"https:\/\/blog.holyart.it\/fr\/wp-content\/uploads\/sites\/14\/2022\/12\/Holyart_Blog_Logo.jpg","width":300,"height":50,"caption":"Holyart.fr Blog"},"image":{"@id":"https:\/\/blog.holyart.it\/fr\/#\/schema\/logo\/image\/"}},{"@type":"Person","@id":"https:\/\/blog.holyart.it\/fr\/#\/schema\/person\/0a7b686e5af0f856ec1e390dd0baecda","name":"Redazione","image":{"@type":"ImageObject","inLanguage":"fr-FR","@id":"https:\/\/blog.holyart.it\/fr\/#\/schema\/person\/image\/","url":"https:\/\/secure.gravatar.com\/avatar\/f477da817f43e50d0af36abecd33e3edf826c68299714bdc1057dff3b113f516?s=96&d=mm&r=g","contentUrl":"https:\/\/secure.gravatar.com\/avatar\/f477da817f43e50d0af36abecd33e3edf826c68299714bdc1057dff3b113f516?s=96&d=mm&r=g","caption":"Redazione"},"url":"https:\/\/blog.holyart.it\/fr\/author\/admin\/"}]}},"_links":{"self":[{"href":"https:\/\/blog.holyart.it\/fr\/wp-json\/wp\/v2\/posts\/2283","targetHints":{"allow":["GET"]}}],"collection":[{"href":"https:\/\/blog.holyart.it\/fr\/wp-json\/wp\/v2\/posts"}],"about":[{"href":"https:\/\/blog.holyart.it\/fr\/wp-json\/wp\/v2\/types\/post"}],"author":[{"embeddable":true,"href":"https:\/\/blog.holyart.it\/fr\/wp-json\/wp\/v2\/users\/1"}],"replies":[{"embeddable":true,"href":"https:\/\/blog.holyart.it\/fr\/wp-json\/wp\/v2\/comments?post=2283"}],"version-history":[{"count":0,"href":"https:\/\/blog.holyart.it\/fr\/wp-json\/wp\/v2\/posts\/2283\/revisions"}],"wp:featuredmedia":[{"embeddable":true,"href":"https:\/\/blog.holyart.it\/fr\/wp-json\/wp\/v2\/media\/2284"}],"wp:attachment":[{"href":"https:\/\/blog.holyart.it\/fr\/wp-json\/wp\/v2\/media?parent=2283"}],"wp:term":[{"taxonomy":"category","embeddable":true,"href":"https:\/\/blog.holyart.it\/fr\/wp-json\/wp\/v2\/categories?post=2283"},{"taxonomy":"post_tag","embeddable":true,"href":"https:\/\/blog.holyart.it\/fr\/wp-json\/wp\/v2\/tags?post=2283"}],"curies":[{"name":"wp","href":"https:\/\/api.w.org\/{rel}","templated":true}]}}