{"id":2237,"date":"2020-11-18T16:30:52","date_gmt":"2020-11-18T15:30:52","guid":{"rendered":"https:\/\/blog.holyart.it\/fr\/?p=2237"},"modified":"2021-12-07T12:38:01","modified_gmt":"2021-12-07T11:38:01","slug":"lorigine-des-boules-de-noel","status":"publish","type":"post","link":"https:\/\/blog.holyart.it\/fr\/noel\/lorigine-des-boules-de-noel\/","title":{"rendered":"L\u2019origine des boules de No\u00ebl"},"content":{"rendered":"<h4 style=\"text-align: center;\"><em>Les boules de No\u00ebl : une tradition qui appartient \u00e0 notre imaginaire depuis toujours. Des objets uniques, d\u00e9licats et magiques, h\u00e9ritage d\u2019une tradition s\u00e9culaire et myst\u00e9rieuse, ignor\u00e9e par la plupart des gens. D\u00e9couvrons ensemble l\u2019origine des boules de No\u00ebl.<\/em><\/h4>\n<h2>Les origines du Sapin de No\u00ebl<\/h2>\n\n<p>L\u2019usage de d\u00e9corer un arbre tr\u00e8s sp\u00e9cial pour c\u00e9l\u00e9brer la No\u00ebl a des origines tr\u00e8s anciennes.<\/p>\n<p>D\u00e9j\u00e0 les <strong>peuples pr\u00e9chr\u00e9tiens<\/strong> du nord pendaient des couronnes de sempervirents et de houx aux portes de leurs maisons, \u00e0 l\u2019occasion du Solstice d\u2019Hiver, afin de garder les mauvais esprits hors de leur maison, et d\u00e9coraient l\u2019int\u00e9rieur des habitations avec des <a href=\"https:\/\/www.holyart.fr\/blog\/noel\/arbres-plantes-tradition-chretienne\/\"><strong>branches de pin<\/strong><\/a>, de gui et encore de houx.<\/p>\n<p>Dans l\u2019<strong>ancienne Rome<\/strong>, on adornait les temples avec des sapins pendant les <strong>Saturnales<\/strong>, des c\u00e9l\u00e9brations en l\u2019honneur de Saturne qui tombaient pendant le Solstice d\u2019hiver, \u00e0 partir du 17 d\u00e9cembre. \u00c0 Rome, on utilisait surtout le sapin blanc, <strong>symbole de vie \u00e9ternelle<\/strong> et de proximit\u00e9 \u00e0 Dieu.<br \/>\nUn autre culte tr\u00e8s r\u00e9pandu \u00e0 Rome, et bien avant en Orient, en particulier en Syrie et en \u00c9gypte, \u00e9tait le culte du \u00ab\u00a0<strong>Sol Invictus\u00a0<\/strong>\u00bb. Les pr\u00eatres qui lui \u00e9taient d\u00e9vou\u00e9s se retiraient dans des sanctuaires sp\u00e9ciaux et sortaient \u00e0 minuit en annon\u00e7ant que la Vierge avait accouch\u00e9 le Soleil. \u00c0 Rome ce culte du \u00ab\u00a0soleil qui nait\u00a0\u00bb \u00e9tait li\u00e9 \u00e0 celui du dieu Mithra. Les anciens romains consid\u00e9raient donc les jours avant et apr\u00e8s le Solstice d\u2019hiver d\u00e9di\u00e9s \u00e0 la renaissance du Soleil. En plus de d\u00e9corer les temples et les maisons avec des branches de sapin blanc, les romains f\u00eataient avec des banquets et des sacrifices en l\u2019honneur de Saturne. En effet, les ressemblances avec notre fa\u00e7on de c\u00e9l\u00e9brer No\u00ebl se remarquent facilement.<\/p>\n<p>Les <strong>Celtes<\/strong> aussi f\u00eataient le Solstice d\u2019Hiver en banquetant et en se r\u00e9unissant autour du feu. C\u2019\u00e9tait la f\u00eate de Yule et dans ce cas-ci \u00e9galement on utilisait des d\u00e9corations faites avec des branches de sempervirents, qui symbolisaient la lutte et la r\u00e9sistance contre les menaces de l\u2019hiver.<\/p>\n<p>Dans le <strong>Moyen \u00c2ge chr\u00e9tien<\/strong>, on commen\u00e7a, \u00e0 l\u2019occasion de la No\u00ebl, \u00e0 exposer sur les esplanades des \u00e9glises, ou \u00e0 l\u2019int\u00e9rieur des \u00e9glises m\u00eame, ou encore sur la place du village, des arbres entier, m\u00eame si dans un premier temps il ne s\u2019agissait pas n\u00e9cessairement de sapins ou de sempervirents, m\u00eame si ces arbres en particulier s\u2019affirm\u00e8rent assez rapidement. Souvent, surtout dans le nord de l\u2019Europe, on utilisait des cerisiers ou de l\u2019aub\u00e9pine, qui, pouss\u00e9s \u00e0 l\u2019int\u00e9rieur, fleurissaient dans la p\u00e9riode de No\u00ebl. Dans certains village, au lieu d\u2019utiliser un vrai arbre, on \u00e9rigeait des pyramides de bois, qui \u00e9taient ensuite d\u00e9cor\u00e9es de papier, pommes et bougies. Qu\u2019il s\u2019agisse de vrais arbres, de branches ou de pyramides de bois, ces <a href=\"https:\/\/www.holyart.fr\/noel\/sapins-de-noel\"><strong>sapins de No\u00ebl<\/strong><\/a> primitifs \u00e9taient d\u00e9cor\u00e9s avec des fruits, surtout des pommes rouges, et, ensuite, avec des hosties consacr\u00e9es, des confiseries, des rubans en tissu, des petits bibelots. En Allemagne, il y avait l\u2019usage de d\u00e9corer les sapins de No\u00ebl avec du pain d\u2019\u00e9pices et des pommes couvertes d\u2019or, et d\u2019autres confiseries app\u00e9tissantes, outre des roses d\u00e9coup\u00e9es dans du papier multicolore, des gaufrettes, des feuilles d\u2019or. Avec l\u2019invention du gla\u00e7age, des confiseries d\u00e9cor\u00e9es avec du gla\u00e7age de diff\u00e9rentes couleurs commenc\u00e8rent \u00e9galement \u00e0 \u00eatre utilis\u00e9es comme d\u00e9corations. Un autre ornement tr\u00e8s r\u00e9pandu \u00e9tait les noix color\u00e9es ou dor\u00e9es, ou les pommes de pin.<\/p>\n<h2>Les pommes rouges anc\u00eatres des boules de No\u00ebl<\/h2>\n<p>Le choix des <strong>pommes<\/strong> <strong>rouges<\/strong> comme d\u00e9coration de No\u00ebl \u00e9tait d\u00fb d\u2019un c\u00f4t\u00e9 au fait que leur couleur brillante se d\u00e9marquait de mani\u00e8re agr\u00e9able sur le vert du sapin. Le vert-pin et le rouge-pomme sont en effet devenus dans la m\u00e9moire collective les couleurs de la No\u00ebl par excellence.<\/p>\n<figure id=\"attachment_2239\" aria-describedby=\"caption-attachment-2239\" style=\"width: 960px\" class=\"wp-caption aligncenter\"><img loading=\"lazy\" decoding=\"async\" class=\"wp-image-2239 size-full\" src=\"https:\/\/blog.holyart.it\/fr\/wp-content\/uploads\/sites\/14\/2020\/11\/boules-de-noel.jpg\" alt=\"boules de noel\" width=\"960\" height=\"638\" data-kale-share-title=\"L\u2019origine des boules de No\u00ebl\" data-kale-share-url=\"https:\/\/blog.holyart.it\/fr\/?p=2237\" \/><figcaption id=\"caption-attachment-2239\" class=\"wp-caption-text\"><center>Boules de No\u00ebl \u2013 Des origines \u00e0 nos jours<\/center><\/figcaption><\/figure>\n<p>L\u2019autre raison qui explique le choix des pommes rouges \u00e9tait un renvoi \u00e0 l\u2019arbre de la Connaissance du Bien et du Mal de l\u2019\u00c9den. La pomme rappelait le <em>fruit prohib\u00e9<\/em>, symbole du p\u00e9ch\u00e9 originel d\u2019Adam et \u00c8ve. Le 24 d\u00e9cembre, dans l\u2019antiquit\u00e9, on c\u00e9l\u00e9brait le <strong>jour d\u2019Adam et d\u2019\u00c8ve<\/strong>. Dans les jours pr\u00e9c\u00e9dant cette f\u00eate d\u00e9sormais d\u00e9chue, on mettait en sc\u00e8ne dans les villages et dans les villes des repr\u00e9sentations th\u00e9\u00e2trales particuli\u00e8res\u00a0: les \u0152uvres miraculeuses, ou \u0152uvres myst\u00e9rieuses. Ces spectacles servaient \u00e0 communiquer aux gens ordinaires, qui souvent ne savait pas lire, les v\u00e9rit\u00e9s religieuses contenues dans la Bible. Une \u0153uvre miraculeuse en particulier, l\u2019\u00ab\u00a0<strong>\u0152uvre du Paradis<\/strong>\u00a0\u00bb, racontait l\u2019expulsion d\u2019Adam et d\u2019\u00c8ve du Jardin d\u2019\u00c9den. Le d\u00e9cor de cette \u0152uvre particuli\u00e8re montrait au centre un arbre sempervirent, qui symbolisait l\u2019immortalit\u00e9, depuis les branches duquel pendaient des pommes rouges, le fruit prohib\u00e9, symbole du p\u00e9ch\u00e9 originel. D\u2019ici se diffusa l\u2019usage de mettre dans les jardins, sur les places et ensuite dans les maisons ce qu\u2019on appelait l\u2019\u00ab\u00a0arbre du Paradis\u00a0\u00bb, avec donc des pommes qui pendaient de ses branches. D\u2019une part, elles symbolisaient la tentation d\u2019Adam, de l\u2019autre la mort du p\u00e9ch\u00e9 gr\u00e2ce \u00e0 la naissance de J\u00e9sus \u00e0 No\u00ebl, qui transformait l\u2019Arbre du P\u00e9ch\u00e9 en <a href=\"https:\/\/www.holyart.fr\/blog\/articles-religieux\/signification-de-larbre-de-vie\/\"><strong>Arbre de la Vie<\/strong><\/a>. Adam et \u00c8ve, qui symbolisaient l\u2019humanit\u00e9 enti\u00e8re, se retrouvaient pardonn\u00e9s et r\u00e9concili\u00e9s dans la lumi\u00e8re de l\u2019Arbre de la Vie gr\u00e2ce \u00e0 la venue au monde de J\u00e9sus-Christ.<\/p>\n<p>Encore <strong>aujourd\u2019hui<\/strong>, dans certains pays, on utilise des pommes comme d\u00e9corations de No\u00ebl. En Pologne, le Sapin de No\u00ebl est d\u00e9cor\u00e9 de pommes, oranges, bonbons, chocolats emball\u00e9s dans du papier color\u00e9, noix emball\u00e9es dans du papier d\u2019aluminium. En Italie, en particulier en Haute Adige, les sapins sont d\u00e9cor\u00e9s de pommes rouges au naturel, mais aussi de pommes avec des jolis n\u0153uds, recouvertes de sucre, laqu\u00e9es, caram\u00e9lis\u00e9es. La maison aussi est d\u00e9cor\u00e9e d\u2019ornements traditionnels et originaux r\u00e9alis\u00e9s avec des pommes. En outre, de tr\u00e8s nombreuses recettes de la p\u00e9riode de No\u00ebl sont \u00e0 base de pommes. Au Pays de Galles, est encore tr\u00e8s r\u00e9pandu\u00a0le \u00ab\u00a0Calennig\u00a0\u00bb, une d\u00e9coration expos\u00e9e dans les maisons ou offerte aux amis en signe de bon augure pour l\u2019ann\u00e9e \u00e0 venir. Elle est r\u00e9alis\u00e9e avec une pomme pos\u00e9e sur un tr\u00e9pied fait de branches et transperc\u00e9e par beaucoup de clous de girofle. Sur le haut, o\u00f9 se trouve la queue, il y a une petite branche de buis, orn\u00e9 de grains de raisin comme s\u2019ils \u00e9taient ses fruits.<\/p>\n<h2>Les premi\u00e8res boules de No\u00ebl<\/h2>\n<p>Avec le temps, de nombreuses autres fa\u00e7ons de d\u00e9corer le sapin se sont diffus\u00e9es, des <a href=\"https:\/\/www.holyart.fr\/noel\/decorations-sapin-de-noel\"><strong>d\u00e9corations pour Sapin de No\u00ebl<\/strong><\/a> de tout genre, des <a href=\"https:\/\/www.holyart.fr\/noel\/decorations-sapin-de-noel\/boules-de-noel\"><strong>boules de No\u00ebl<\/strong><\/a> faites \u00e0 la main, jusqu\u2019aux guirlandes lumineuses modernes.<\/p>\n<figure id=\"attachment_2240\" aria-describedby=\"caption-attachment-2240\" style=\"width: 500px\" class=\"wp-caption alignright\"><img loading=\"lazy\" decoding=\"async\" class=\"wp-image-2240 size-full\" src=\"https:\/\/blog.holyart.it\/fr\/wp-content\/uploads\/sites\/14\/2020\/11\/boule-de-no\u00ebl-en-verre-80-mm.jpg\" alt=\"boule de no\u00ebl en verre 80 mm\" width=\"500\" height=\"500\" data-kale-share-title=\"L\u2019origine des boules de No\u00ebl\" data-kale-share-url=\"https:\/\/blog.holyart.it\/fr\/?p=2237\" \/><figcaption id=\"caption-attachment-2240\" class=\"wp-caption-text\"><center><a href=\"https:\/\/www.holyart.fr\/noel\/decorations-sapin-de-noel\/boules-de-noel\/ornement-noel-en-verre-bordeaux-argent-80-mm\"><strong>Boules de No\u00ebl faites \u00e0 la main<\/strong><\/a><\/center><\/figcaption><\/figure>\n<p>Mais ce sera en France, en particulier dans les Vosges du Nord, dans la Lorraine fran\u00e7aise, que naitront les premiers ornements en verre, produits par des habiles ma\u00eetres vitriers, qui seront \u00e0 l\u2019origine de nos boules de No\u00ebl.<\/p>\n<p>Voil\u00e0 comment cela s\u2019est pass\u00e9. L\u2019hiver de 1858 en France \u00e9tait particuli\u00e8rement rude et la r\u00e9colte des pommes rouges n\u2019avait pas \u00e9t\u00e9 bonne. Il y avait peu de pommes, m\u00eame pas suffisantes pour la subsistance des gens de ces zones, et il y en avait certainement pas assez pour <a href=\"https:\/\/www.holyart.fr\/noel\/decorations-sapin-de-noel\/decorations-sapin-bois-et-pvc\"><strong>d\u00e9corer le Sapin de No\u00ebl<\/strong><\/a>. Ce fut \u00e0 ce moment-l\u00e0 qu\u2019un artisan du petit village de Goetzenbruck, qui accueillait depuis le d\u00e9but de 1700 une usine sp\u00e9cialis\u00e9e dans la production de verres pour horloges, eut une id\u00e9e originale. Etant donn\u00e9 que dans la fabrication de verres pour horloge le verre \u00e9tait coup\u00e9 en boules qui \u00e9taient ensuite souffl\u00e9es, ce monsieur pensa que l\u2019on pouvait \u00e9galement souffler les boules de verre pour obtenir de scintillantes d\u00e9corations pour le Sapin de No\u00ebl du village. Son id\u00e9e connu un succ\u00e8s imm\u00e9diat, et \u00e0 Goetzenbruck on commen\u00e7a tout de suite \u00e0 produire, en plus des verres optiques, des boules en verre pour le Sapin de No\u00ebl qui bient\u00f4t furent export\u00e9es dans le monde entier.<br \/>\nLa production continua sans rel\u00e2che jusqu\u2019aux ann\u00e9es Soixante du si\u00e8cle dernier, quand les d\u00e9corations en plastique commenc\u00e8rent \u00e0 s\u2019affirmer.<\/p>\n<p>Ensuite, en 1999, dans le village voisin de Meisenthal, on recommen\u00e7a \u00e0 souffler des boules de No\u00ebl traditionnelles. Encore aujourd\u2019hui, le Centre Internationale de l\u2019Art du Verre (CIAV) de Meisenthal promeut cet art ancien et fascinant, en recueillant autour de lui et en soutenant, outre les artisans fid\u00e8les \u00e0 la tradition, les artistes et les dessinateurs aussi qui inventent des nouvelles boules et d\u00e9corations pour Sapins modernes.<\/p>\n<p>&nbsp;<\/p>\n<p>&nbsp;<\/p>\n","protected":false},"excerpt":{"rendered":"<p>Les boules de No\u00ebl : une tradition qui appartient \u00e0 notre imaginaire depuis toujours. Des objets uniques, d\u00e9licats et magiques, h\u00e9ritage d\u2019une tradition s\u00e9culaire et myst\u00e9rieuse, ignor\u00e9e par la plupart des gens. D\u00e9couvrons ensemble l\u2019origine des boules de No\u00ebl. Les origines du Sapin de No\u00ebl&hellip;<\/p>\n","protected":false},"author":1,"featured_media":2238,"comment_status":"closed","ping_status":"open","sticky":false,"template":"","format":"standard","meta":{"_acf_changed":false,"footnotes":""},"categories":[10],"tags":[],"class_list":["post-2237","post","type-post","status-publish","format-standard","has-post-thumbnail","hentry","category-noel"],"acf":[],"yoast_head":"<!-- This site is optimized with the Yoast SEO plugin v26.6 - https:\/\/yoast.com\/wordpress\/plugins\/seo\/ -->\n<title>L\u2019origine des boules de No\u00ebl - Holyart.fr Blog<\/title>\n<meta name=\"description\" content=\"Les boules de No\u00ebl : une tradition qui appartient \u00e0 notre imaginaire depuis toujours. D\u00e9couvrons ensemble l\u2019origine des boules de No\u00ebl.\" \/>\n<meta name=\"robots\" content=\"index, follow, max-snippet:-1, max-image-preview:large, max-video-preview:-1\" \/>\n<link rel=\"canonical\" href=\"https:\/\/blog.holyart.it\/fr\/noel\/lorigine-des-boules-de-noel\/\" \/>\n<meta property=\"og:locale\" content=\"fr_FR\" \/>\n<meta property=\"og:type\" content=\"article\" \/>\n<meta property=\"og:title\" content=\"L\u2019origine des boules de No\u00ebl - Holyart.fr Blog\" \/>\n<meta property=\"og:description\" content=\"Les boules de No\u00ebl : une tradition qui appartient \u00e0 notre imaginaire depuis toujours. D\u00e9couvrons ensemble l\u2019origine des boules de No\u00ebl.\" \/>\n<meta property=\"og:url\" content=\"https:\/\/blog.holyart.it\/fr\/noel\/lorigine-des-boules-de-noel\/\" \/>\n<meta property=\"og:site_name\" content=\"Holyart.fr Blog\" \/>\n<meta property=\"article:published_time\" content=\"2020-11-18T15:30:52+00:00\" \/>\n<meta property=\"article:modified_time\" content=\"2021-12-07T11:38:01+00:00\" \/>\n<meta property=\"og:image\" content=\"https:\/\/blog.holyart.it\/fr\/wp-content\/uploads\/sites\/14\/2020\/11\/histoire-de-boules-de-Noel.jpg\" \/>\n\t<meta property=\"og:image:width\" content=\"1000\" \/>\n\t<meta property=\"og:image:height\" content=\"666\" \/>\n\t<meta property=\"og:image:type\" content=\"image\/jpeg\" \/>\n<meta name=\"author\" content=\"Redazione\" \/>\n<meta name=\"twitter:card\" content=\"summary_large_image\" \/>\n<meta name=\"twitter:label1\" content=\"\u00c9crit par\" \/>\n\t<meta name=\"twitter:data1\" content=\"Redazione\" \/>\n\t<meta name=\"twitter:label2\" content=\"Dur\u00e9e de lecture estim\u00e9e\" \/>\n\t<meta name=\"twitter:data2\" content=\"8 minutes\" \/>\n<script type=\"application\/ld+json\" class=\"yoast-schema-graph\">{\"@context\":\"https:\/\/schema.org\",\"@graph\":[{\"@type\":\"Article\",\"@id\":\"https:\/\/blog.holyart.it\/fr\/noel\/lorigine-des-boules-de-noel\/#article\",\"isPartOf\":{\"@id\":\"https:\/\/blog.holyart.it\/fr\/noel\/lorigine-des-boules-de-noel\/\"},\"author\":{\"name\":\"Redazione\",\"@id\":\"https:\/\/blog.holyart.it\/fr\/#\/schema\/person\/0a7b686e5af0f856ec1e390dd0baecda\"},\"headline\":\"L\u2019origine des boules de No\u00ebl\",\"datePublished\":\"2020-11-18T15:30:52+00:00\",\"dateModified\":\"2021-12-07T11:38:01+00:00\",\"mainEntityOfPage\":{\"@id\":\"https:\/\/blog.holyart.it\/fr\/noel\/lorigine-des-boules-de-noel\/\"},\"wordCount\":1616,\"publisher\":{\"@id\":\"https:\/\/blog.holyart.it\/fr\/#organization\"},\"image\":{\"@id\":\"https:\/\/blog.holyart.it\/fr\/noel\/lorigine-des-boules-de-noel\/#primaryimage\"},\"thumbnailUrl\":\"https:\/\/blog.holyart.it\/fr\/wp-content\/uploads\/sites\/14\/2020\/11\/histoire-de-boules-de-Noel.jpg\",\"articleSection\":[\"No\u00ebl\"],\"inLanguage\":\"fr-FR\"},{\"@type\":\"WebPage\",\"@id\":\"https:\/\/blog.holyart.it\/fr\/noel\/lorigine-des-boules-de-noel\/\",\"url\":\"https:\/\/blog.holyart.it\/fr\/noel\/lorigine-des-boules-de-noel\/\",\"name\":\"L\u2019origine des boules de No\u00ebl - Holyart.fr Blog\",\"isPartOf\":{\"@id\":\"https:\/\/blog.holyart.it\/fr\/#website\"},\"primaryImageOfPage\":{\"@id\":\"https:\/\/blog.holyart.it\/fr\/noel\/lorigine-des-boules-de-noel\/#primaryimage\"},\"image\":{\"@id\":\"https:\/\/blog.holyart.it\/fr\/noel\/lorigine-des-boules-de-noel\/#primaryimage\"},\"thumbnailUrl\":\"https:\/\/blog.holyart.it\/fr\/wp-content\/uploads\/sites\/14\/2020\/11\/histoire-de-boules-de-Noel.jpg\",\"datePublished\":\"2020-11-18T15:30:52+00:00\",\"dateModified\":\"2021-12-07T11:38:01+00:00\",\"description\":\"Les boules de No\u00ebl : une tradition qui appartient \u00e0 notre imaginaire depuis toujours. D\u00e9couvrons ensemble l\u2019origine des boules de No\u00ebl.\",\"breadcrumb\":{\"@id\":\"https:\/\/blog.holyart.it\/fr\/noel\/lorigine-des-boules-de-noel\/#breadcrumb\"},\"inLanguage\":\"fr-FR\",\"potentialAction\":[{\"@type\":\"ReadAction\",\"target\":[\"https:\/\/blog.holyart.it\/fr\/noel\/lorigine-des-boules-de-noel\/\"]}]},{\"@type\":\"ImageObject\",\"inLanguage\":\"fr-FR\",\"@id\":\"https:\/\/blog.holyart.it\/fr\/noel\/lorigine-des-boules-de-noel\/#primaryimage\",\"url\":\"https:\/\/blog.holyart.it\/fr\/wp-content\/uploads\/sites\/14\/2020\/11\/histoire-de-boules-de-Noel.jpg\",\"contentUrl\":\"https:\/\/blog.holyart.it\/fr\/wp-content\/uploads\/sites\/14\/2020\/11\/histoire-de-boules-de-Noel.jpg\",\"width\":1000,\"height\":666,\"caption\":\"histoire de boules de No\u00ebl\"},{\"@type\":\"BreadcrumbList\",\"@id\":\"https:\/\/blog.holyart.it\/fr\/noel\/lorigine-des-boules-de-noel\/#breadcrumb\",\"itemListElement\":[{\"@type\":\"ListItem\",\"position\":1,\"name\":\"Homepage\",\"item\":\"https:\/\/blog.holyart.it\/fr\/\"},{\"@type\":\"ListItem\",\"position\":2,\"name\":\"No\u00ebl\",\"item\":\"https:\/\/blog.holyart.it\/fr\/noel\/\"},{\"@type\":\"ListItem\",\"position\":3,\"name\":\"L\u2019origine des boules de No\u00ebl\"}]},{\"@type\":\"WebSite\",\"@id\":\"https:\/\/blog.holyart.it\/fr\/#website\",\"url\":\"https:\/\/blog.holyart.it\/fr\/\",\"name\":\"Holyart.fr Blog\",\"description\":\"Holyblog\",\"publisher\":{\"@id\":\"https:\/\/blog.holyart.it\/fr\/#organization\"},\"potentialAction\":[{\"@type\":\"SearchAction\",\"target\":{\"@type\":\"EntryPoint\",\"urlTemplate\":\"https:\/\/blog.holyart.it\/fr\/?s={search_term_string}\"},\"query-input\":{\"@type\":\"PropertyValueSpecification\",\"valueRequired\":true,\"valueName\":\"search_term_string\"}}],\"inLanguage\":\"fr-FR\"},{\"@type\":\"Organization\",\"@id\":\"https:\/\/blog.holyart.it\/fr\/#organization\",\"name\":\"Holyart.fr Blog\",\"url\":\"https:\/\/blog.holyart.it\/fr\/\",\"logo\":{\"@type\":\"ImageObject\",\"inLanguage\":\"fr-FR\",\"@id\":\"https:\/\/blog.holyart.it\/fr\/#\/schema\/logo\/image\/\",\"url\":\"https:\/\/blog.holyart.it\/fr\/wp-content\/uploads\/sites\/14\/2022\/12\/Holyart_Blog_Logo.jpg\",\"contentUrl\":\"https:\/\/blog.holyart.it\/fr\/wp-content\/uploads\/sites\/14\/2022\/12\/Holyart_Blog_Logo.jpg\",\"width\":300,\"height\":50,\"caption\":\"Holyart.fr Blog\"},\"image\":{\"@id\":\"https:\/\/blog.holyart.it\/fr\/#\/schema\/logo\/image\/\"}},{\"@type\":\"Person\",\"@id\":\"https:\/\/blog.holyart.it\/fr\/#\/schema\/person\/0a7b686e5af0f856ec1e390dd0baecda\",\"name\":\"Redazione\",\"image\":{\"@type\":\"ImageObject\",\"inLanguage\":\"fr-FR\",\"@id\":\"https:\/\/blog.holyart.it\/fr\/#\/schema\/person\/image\/\",\"url\":\"https:\/\/secure.gravatar.com\/avatar\/f477da817f43e50d0af36abecd33e3edf826c68299714bdc1057dff3b113f516?s=96&d=mm&r=g\",\"contentUrl\":\"https:\/\/secure.gravatar.com\/avatar\/f477da817f43e50d0af36abecd33e3edf826c68299714bdc1057dff3b113f516?s=96&d=mm&r=g\",\"caption\":\"Redazione\"},\"url\":\"https:\/\/blog.holyart.it\/fr\/author\/admin\/\"}]}<\/script>\n<!-- \/ Yoast SEO plugin. -->","yoast_head_json":{"title":"L\u2019origine des boules de No\u00ebl - Holyart.fr Blog","description":"Les boules de No\u00ebl : une tradition qui appartient \u00e0 notre imaginaire depuis toujours. D\u00e9couvrons ensemble l\u2019origine des boules de No\u00ebl.","robots":{"index":"index","follow":"follow","max-snippet":"max-snippet:-1","max-image-preview":"max-image-preview:large","max-video-preview":"max-video-preview:-1"},"canonical":"https:\/\/blog.holyart.it\/fr\/noel\/lorigine-des-boules-de-noel\/","og_locale":"fr_FR","og_type":"article","og_title":"L\u2019origine des boules de No\u00ebl - Holyart.fr Blog","og_description":"Les boules de No\u00ebl : une tradition qui appartient \u00e0 notre imaginaire depuis toujours. D\u00e9couvrons ensemble l\u2019origine des boules de No\u00ebl.","og_url":"https:\/\/blog.holyart.it\/fr\/noel\/lorigine-des-boules-de-noel\/","og_site_name":"Holyart.fr Blog","article_published_time":"2020-11-18T15:30:52+00:00","article_modified_time":"2021-12-07T11:38:01+00:00","og_image":[{"width":1000,"height":666,"url":"https:\/\/blog.holyart.it\/fr\/wp-content\/uploads\/sites\/14\/2020\/11\/histoire-de-boules-de-Noel.jpg","type":"image\/jpeg"}],"author":"Redazione","twitter_card":"summary_large_image","twitter_misc":{"\u00c9crit par":"Redazione","Dur\u00e9e de lecture estim\u00e9e":"8 minutes"},"schema":{"@context":"https:\/\/schema.org","@graph":[{"@type":"Article","@id":"https:\/\/blog.holyart.it\/fr\/noel\/lorigine-des-boules-de-noel\/#article","isPartOf":{"@id":"https:\/\/blog.holyart.it\/fr\/noel\/lorigine-des-boules-de-noel\/"},"author":{"name":"Redazione","@id":"https:\/\/blog.holyart.it\/fr\/#\/schema\/person\/0a7b686e5af0f856ec1e390dd0baecda"},"headline":"L\u2019origine des boules de No\u00ebl","datePublished":"2020-11-18T15:30:52+00:00","dateModified":"2021-12-07T11:38:01+00:00","mainEntityOfPage":{"@id":"https:\/\/blog.holyart.it\/fr\/noel\/lorigine-des-boules-de-noel\/"},"wordCount":1616,"publisher":{"@id":"https:\/\/blog.holyart.it\/fr\/#organization"},"image":{"@id":"https:\/\/blog.holyart.it\/fr\/noel\/lorigine-des-boules-de-noel\/#primaryimage"},"thumbnailUrl":"https:\/\/blog.holyart.it\/fr\/wp-content\/uploads\/sites\/14\/2020\/11\/histoire-de-boules-de-Noel.jpg","articleSection":["No\u00ebl"],"inLanguage":"fr-FR"},{"@type":"WebPage","@id":"https:\/\/blog.holyart.it\/fr\/noel\/lorigine-des-boules-de-noel\/","url":"https:\/\/blog.holyart.it\/fr\/noel\/lorigine-des-boules-de-noel\/","name":"L\u2019origine des boules de No\u00ebl - Holyart.fr Blog","isPartOf":{"@id":"https:\/\/blog.holyart.it\/fr\/#website"},"primaryImageOfPage":{"@id":"https:\/\/blog.holyart.it\/fr\/noel\/lorigine-des-boules-de-noel\/#primaryimage"},"image":{"@id":"https:\/\/blog.holyart.it\/fr\/noel\/lorigine-des-boules-de-noel\/#primaryimage"},"thumbnailUrl":"https:\/\/blog.holyart.it\/fr\/wp-content\/uploads\/sites\/14\/2020\/11\/histoire-de-boules-de-Noel.jpg","datePublished":"2020-11-18T15:30:52+00:00","dateModified":"2021-12-07T11:38:01+00:00","description":"Les boules de No\u00ebl : une tradition qui appartient \u00e0 notre imaginaire depuis toujours. D\u00e9couvrons ensemble l\u2019origine des boules de No\u00ebl.","breadcrumb":{"@id":"https:\/\/blog.holyart.it\/fr\/noel\/lorigine-des-boules-de-noel\/#breadcrumb"},"inLanguage":"fr-FR","potentialAction":[{"@type":"ReadAction","target":["https:\/\/blog.holyart.it\/fr\/noel\/lorigine-des-boules-de-noel\/"]}]},{"@type":"ImageObject","inLanguage":"fr-FR","@id":"https:\/\/blog.holyart.it\/fr\/noel\/lorigine-des-boules-de-noel\/#primaryimage","url":"https:\/\/blog.holyart.it\/fr\/wp-content\/uploads\/sites\/14\/2020\/11\/histoire-de-boules-de-Noel.jpg","contentUrl":"https:\/\/blog.holyart.it\/fr\/wp-content\/uploads\/sites\/14\/2020\/11\/histoire-de-boules-de-Noel.jpg","width":1000,"height":666,"caption":"histoire de boules de No\u00ebl"},{"@type":"BreadcrumbList","@id":"https:\/\/blog.holyart.it\/fr\/noel\/lorigine-des-boules-de-noel\/#breadcrumb","itemListElement":[{"@type":"ListItem","position":1,"name":"Homepage","item":"https:\/\/blog.holyart.it\/fr\/"},{"@type":"ListItem","position":2,"name":"No\u00ebl","item":"https:\/\/blog.holyart.it\/fr\/noel\/"},{"@type":"ListItem","position":3,"name":"L\u2019origine des boules de No\u00ebl"}]},{"@type":"WebSite","@id":"https:\/\/blog.holyart.it\/fr\/#website","url":"https:\/\/blog.holyart.it\/fr\/","name":"Holyart.fr Blog","description":"Holyblog","publisher":{"@id":"https:\/\/blog.holyart.it\/fr\/#organization"},"potentialAction":[{"@type":"SearchAction","target":{"@type":"EntryPoint","urlTemplate":"https:\/\/blog.holyart.it\/fr\/?s={search_term_string}"},"query-input":{"@type":"PropertyValueSpecification","valueRequired":true,"valueName":"search_term_string"}}],"inLanguage":"fr-FR"},{"@type":"Organization","@id":"https:\/\/blog.holyart.it\/fr\/#organization","name":"Holyart.fr Blog","url":"https:\/\/blog.holyart.it\/fr\/","logo":{"@type":"ImageObject","inLanguage":"fr-FR","@id":"https:\/\/blog.holyart.it\/fr\/#\/schema\/logo\/image\/","url":"https:\/\/blog.holyart.it\/fr\/wp-content\/uploads\/sites\/14\/2022\/12\/Holyart_Blog_Logo.jpg","contentUrl":"https:\/\/blog.holyart.it\/fr\/wp-content\/uploads\/sites\/14\/2022\/12\/Holyart_Blog_Logo.jpg","width":300,"height":50,"caption":"Holyart.fr Blog"},"image":{"@id":"https:\/\/blog.holyart.it\/fr\/#\/schema\/logo\/image\/"}},{"@type":"Person","@id":"https:\/\/blog.holyart.it\/fr\/#\/schema\/person\/0a7b686e5af0f856ec1e390dd0baecda","name":"Redazione","image":{"@type":"ImageObject","inLanguage":"fr-FR","@id":"https:\/\/blog.holyart.it\/fr\/#\/schema\/person\/image\/","url":"https:\/\/secure.gravatar.com\/avatar\/f477da817f43e50d0af36abecd33e3edf826c68299714bdc1057dff3b113f516?s=96&d=mm&r=g","contentUrl":"https:\/\/secure.gravatar.com\/avatar\/f477da817f43e50d0af36abecd33e3edf826c68299714bdc1057dff3b113f516?s=96&d=mm&r=g","caption":"Redazione"},"url":"https:\/\/blog.holyart.it\/fr\/author\/admin\/"}]}},"_links":{"self":[{"href":"https:\/\/blog.holyart.it\/fr\/wp-json\/wp\/v2\/posts\/2237","targetHints":{"allow":["GET"]}}],"collection":[{"href":"https:\/\/blog.holyart.it\/fr\/wp-json\/wp\/v2\/posts"}],"about":[{"href":"https:\/\/blog.holyart.it\/fr\/wp-json\/wp\/v2\/types\/post"}],"author":[{"embeddable":true,"href":"https:\/\/blog.holyart.it\/fr\/wp-json\/wp\/v2\/users\/1"}],"replies":[{"embeddable":true,"href":"https:\/\/blog.holyart.it\/fr\/wp-json\/wp\/v2\/comments?post=2237"}],"version-history":[{"count":0,"href":"https:\/\/blog.holyart.it\/fr\/wp-json\/wp\/v2\/posts\/2237\/revisions"}],"wp:featuredmedia":[{"embeddable":true,"href":"https:\/\/blog.holyart.it\/fr\/wp-json\/wp\/v2\/media\/2238"}],"wp:attachment":[{"href":"https:\/\/blog.holyart.it\/fr\/wp-json\/wp\/v2\/media?parent=2237"}],"wp:term":[{"taxonomy":"category","embeddable":true,"href":"https:\/\/blog.holyart.it\/fr\/wp-json\/wp\/v2\/categories?post=2237"},{"taxonomy":"post_tag","embeddable":true,"href":"https:\/\/blog.holyart.it\/fr\/wp-json\/wp\/v2\/tags?post=2237"}],"curies":[{"name":"wp","href":"https:\/\/api.w.org\/{rel}","templated":true}]}}