{"id":2154,"date":"2020-09-23T15:47:48","date_gmt":"2020-09-23T13:47:48","guid":{"rendered":"https:\/\/blog.holyart.it\/fr\/?p=2154"},"modified":"2022-10-11T16:04:25","modified_gmt":"2022-10-11T14:04:25","slug":"creche-avec-traits-denfants","status":"publish","type":"post","link":"https:\/\/blog.holyart.it\/fr\/noel\/creche-avec-traits-denfants\/","title":{"rendered":"Cr\u00e8che avec traits d\u2019enfants"},"content":{"rendered":"<p>Les enfants modernes sont, sous certains aspects, bien plus inform\u00e9s que ceux d\u2019il y a quelques ann\u00e9es. Constamment bombard\u00e9s d\u2019inputs m\u00e9diatiques et informatiques, submerg\u00e9s de publicit\u00e9s plus ou moins mensong\u00e8res, ils sont conditionn\u00e9s par des st\u00e9r\u00e9otypes qui les veulent homologu\u00e9s \u00e0 des mod\u00e8les comportementaux pr\u00e9\u00e9tablis, avec des rythmes de vie qui trop souvent contrastent avec le besoin de libert\u00e9 typique de l\u2019enfance. Des enfants rendus adultes trop t\u00f4t et, en m\u00eame temps, trop souvent g\u00e2t\u00e9s par une g\u00e9n\u00e9ration qui s\u2019efforce de compenser le manque de temps avec des concessions aux caprices et des cadeaux.<\/p>\n<p>Mais il n\u2019en est pas toujours ainsi. Et il ne devrait pas l\u2019\u00eatre<strong>. Et la No\u00ebl peut \u00eatre une splendide occasion pour s\u2019approcher de ses enfants<\/strong>, pour partager avec eux chaque instant de cette F\u00eate merveilleuse et si importante pour les croyants.<\/p>\n<p>C\u2019est un acte d\u00fb \u00e0 nos petits, plus que les cadeaux, qu\u2019ils recevront surement : faire de la No\u00ebl et de la pr\u00e9paration \u00e0 la No\u00ebl un moment de communion spirituelle et de partage. Parce que la No\u00ebl ne soit pas pour eux que des vitrines d\u00e9cor\u00e9es, des luminaires \u00e9tincelantes, des p\u00e2tisseries d\u00e9bordantes de g\u00e2teaux color\u00e9s et des magasins de jouets remplis de merveilles. Afin qu\u2019il comprenne qu\u2019il n\u2019est pas si escompt\u00e9 de recevoir des cadeaux, que l\u2019\u00e9ternel \u00ab\u00a0si tu seras sage, tu auras\u2026\u00a0\u00bb a toujours de la valeur, ou en tout cas c\u2019est ainsi que cela devrait \u00eatre.<\/p>\n<p>Mais comment faire comprendre \u00e0 nos enfants hyper-technologiques la v\u00e9ritable signification de la No\u00ebl ?<\/p>\n<p>Ce n\u2019est pas si difficile. Apr\u00e8s tout, <a href=\"https:\/\/www.holyart.fr\/noel\"><strong>No\u00ebl<\/strong><\/a> est une f\u00eate qui c\u00e9l\u00e8bre la naissance d\u2019un Enfant tr\u00e8s tr\u00e8s sp\u00e9cial et, dans un certain sens, cela rend tous les enfants du monde un peu protagonistes de la F\u00eate.<\/p>\n<p>Nous pouvons commencer notre parcours de rapprochement \u00e0 la No\u00ebl pour les enfants en le c\u00e9l\u00e9brant avec eux gr\u00e2ce \u00e0 un beau <strong>calendrier de l\u2019Avent<\/strong>. C\u2019est la p\u00e9riode id\u00e9ale pour rallumer dans les petits (mais dans les grands aussi\u2026) l\u2019esprit de No\u00ebl et sa magie ; ou bien nous pouvons acheter une <strong>Couronne de l\u2019Avent<\/strong> et faire allumer \u00e0 nos petits les bougies, semaine apr\u00e8s semaine, et chaque fois leur raconter quelque chose concernant J\u00e9sus, sa naissance miraculeuse, l\u2019amour immense de sa maman et de Saint Joseph, qui ont d\u00e9fi\u00e9 tant de p\u00e9rils et les rigueurs de l\u2019hiver uniquement pour s\u2019assurer qu\u2019Il puisse na\u00eetre dans cette nuit magique. Apr\u00e8s tout, l\u2019histoire de l\u2019Enfant J\u00e9sus est un magnifique conte de f\u00e9e et nous pouvons le raconter \u00e0 nos enfants en tant que tel, un morceau \u00e0 la fois, en les guidant \u00e0 travers <strong>un parcours de foi qui est aussi et surtout un voyage merveilleux<\/strong>. L\u2019important est de ne pas en raconter une version trop mielleuse. L\u2019histoire de Marie et Joseph, leur fantastique voyage, les infinis rejets re\u00e7us de tous, dans cette nuit froide, est \u00e9galement une vicissitude \u00e9difiante, qui peut apprendre \u00e0 nos enfants l\u2019importance de la g\u00e9n\u00e9rosit\u00e9, de l\u2019accueil, dans un monde de plus en plus aride et \u00e9go\u00efste.<\/p>\n<p>Raconter l\u2019histoire de Marie et Joseph peut \u00eatre une occasion pour d\u00e9montrer aux enfants le pouvoir de l\u2019amour dont les parents sont capables, pr\u00eats \u00e0 d\u00e9fier n\u2019importe quel danger afin de garantir la s\u00e9curit\u00e9 de leurs enfants, afin de leur garantir un futur. Une histoire terriblement actuelle, aujourd\u2019hui plus que jamais.<\/p>\n<p>Racontons \u00e0 nos enfants la naissance d\u2019un enfant qui n\u2019avait rien, qui tremblait \u00e0 cause du froid dans une mangeoire, r\u00e9chauff\u00e9 par la chaleur d\u2019un b\u0153uf et d\u2019un \u00e2ne, et par l\u2019amour immense de sa maman et son papa. Un amour capable de transformer une cabane glac\u00e9e dans un lieu accueillant, chaleureux, un endroit tellement palpitant d\u2019amour qu\u2019il a attir\u00e9 tous ceux qui passaient par l\u00e0 dans cette nuit si sp\u00e9ciale.<\/p>\n<p>Racontons comment les vagissements du petit J\u00e9sus attir\u00e8rent peu \u00e0 peu plein de personnes, des pauvres gens, les humbles parmi les humbles, \u00e9gar\u00e9s dans une nuit trop profonde, trop froide, agriculteurs, bergers, mendiants, qui laissant \u00e0 c\u00f4t\u00e9 de la mangeoire ce qu\u2019ils avaient, de dons pauvres, mais faits avec le coeur, du pain, des fruits, ce qui pouvait sustenter les parents \u00e9puis\u00e9s.<\/p>\n<p>La magie de No\u00ebl se r\u00e9sume \u00e0 cela, \u00e0 ce sens d\u2019attente, \u00e0 cet Amour qui se propage autour d\u2019un enfant qui brille dans une mangeoire, dans une cabane sombre, et avec sa lumi\u00e8re r\u00e9chauffe le monde.<\/p>\n<p>Une autre fa\u00e7on pour rapprocher les enfants de la No\u00ebl et en vivre la magie avec eux peut \u00eatre l\u2019id\u00e9e de les amener voir un <strong>spectacle de No\u00ebl<\/strong>, ou mieux encore, de les faire participer \u00e0 une <strong>repr\u00e9sentation de No\u00ebl<\/strong>, peut-\u00eatre \u00e0 l\u2019\u00e9cole. Aujourd\u2019hui, il est difficile de combiner les professions de foi de tout le monde. Nous sommes devenus un pays cosmopolite et m\u00eame l\u2019\u00e9cole peine \u00e0 vivre avec son temps. Mais dans certains instituts, il est encore d\u2019usage d\u2019organiser de petites initiatives \u00e0 l\u2019occasion de la No\u00ebl et accompagner nos enfants dans une telle exp\u00e9rience peut \u00eatre une merveilleuse mani\u00e8re pour les faire arriver \u00e0 cette F\u00eate avec le bon \u00e9tat d\u2019esprit.<\/p>\n<p>De plus, il y a de nombreux <strong>livres<\/strong> que nous pouvons lire avec eux, certains uniquement avec des images, pour les plus petits, d\u2019autres avec des textes et des histoires magnifiques li\u00e9es \u00e0 l\u2019esprit de No\u00ebl et, naturellement, il y a aussi des <strong>films<\/strong> que nous pouvons regarder avec eux.<\/p>\n<p>Le plus important est de leur transmettre le sens de magie et d\u2019attente qui caract\u00e9rise cette f\u00eate.<\/p>\n<p>Bergers, agriculteurs, anges, Rois Mages, tous ont fini par accourir \u00e0 la cabane pour la m\u00eame raison : c\u00e9l\u00e9brer la naissance de J\u00e9sus, le Sauveur du monde, l\u2019enfant miraculeux venu amener joie, lumi\u00e8re et espoir \u00e0 tous les hommes, peu importe qu\u2019ils soient rois ou vagabonds.<\/p>\n<h2>Les cr\u00e8ches pour enfants de Holyart<\/h2>\n<p>La cr\u00e8che aussi peut \u00eatre un moyen efficace pour faire comprendre \u00e0 nos enfants le myst\u00e8re de la naissance de J\u00e9sus. Et qu\u2019y a-t-il de mieux qu\u2019une cr\u00e8che adapt\u00e9e aux enfants\u00a0? Ou, mieux encore, d\u2019une cr\u00e8che dont les personnages ont des traits d\u2019enfants tendres et joufflus, charmants et souriants\u00a0?<\/p>\n<p>Holyart a pens\u00e9 \u00e0 vous, avec une vaste gamme de cr\u00e8ches parfaites pour la chambre des enfants, <strong>des cr\u00e8ches pour enfants, adapt\u00e9es aux enfants<\/strong>, mais tellement belles que les adultes aussi vont les trouver irr\u00e9sistibles.<\/p>\n<p><strong>Les cr\u00e8ches du Val Gardena<\/strong>, r\u00e9alis\u00e9es \u00e0 la main en bois, se pr\u00eatent particuli\u00e8rement aux versions adapt\u00e9es aux enfants. Holyart propose une magnifique <a href=\"https:\/\/www.holyart.fr\/noel\/creches-noel\/creche-noel-val-gardena\/creche-enfants-bois-avec-aimants\"><strong>Cr\u00e8che des enfants du Val Gardena<\/strong><\/a> compos\u00e9e de 20 santons, tous en bois travaill\u00e9 \u00e0 la main et peint avec des couleurs resplendissantes. Les figurines ont une hauteur de 10 cm et repr\u00e9sentent tous les personnages traditionnels de la cr\u00e8che, de J\u00e9sus, Joseph et Marie aux Rois Mages, du b\u0153uf et de l\u2019\u00e2ne aux bergers, mais <strong>tous avec des traits tendres et joufflus<\/strong>. M\u00eame les moutons sont rondelets et avec des jolies frimousses ! Un aimant \u00e0 la base du col permet de tourner les t\u00eates dans la direction souhait\u00e9e et m\u00eame de les \u00e9changer d\u2019un personnage \u00e0 l\u2019autre. <strong>Une cr\u00e8che qui devient \u00e9galement un jeu\u00a0: que d\u00e9sirer de plus pour un enfant\u00a0?<\/strong><\/p>\n<div class=\"link-product\">\n<div class=\"blocco-immagine\"><img loading=\"lazy\" decoding=\"async\" class=\"alignnone size-full wp-image-2156\" src=\"https:\/\/blog.holyart.it\/fr\/wp-content\/uploads\/sites\/14\/2020\/11\/val-gardena.jpg\" alt=\"val gardena\" width=\"100\" height=\"100\" data-kale-share-title=\"Cr\u00e8che avec traits d\u2019enfants\" data-kale-share-url=\"https:\/\/blog.holyart.it\/fr\/?p=2154\" \/><\/div>\n<div class=\"blocco-contenuto\">\n<div class=\"blocco-acquista\">Acheter sur Holyart:<\/div>\n<div class=\"blocco-titolo\"><a href=\"https:\/\/www.holyart.fr\/noel\/creches-noel\/creche-noel-val-gardena\/creche-enfants-bois-avec-aimants\">Cr\u00e8che Enfants bois avec aimants<\/a><\/div>\n<div class=\"blocco-descrizione\">20 figurines en bois faites \u00e0 la main<\/div>\n<\/div>\n<\/div>\n<p>Ou bien vous pourriez choisir une <a href=\"https:\/\/www.holyart.fr\/noel\/creches-noel\/creches-resine-et-tissu\/creche-enfants-resine-13-cm\"><strong>cr\u00e8che en r\u00e9sine<\/strong><\/a> avec des santons de 13 cm environ, tous peints \u00e0 la main. Dans ce cas-ci \u00e9galement il y a les 11 figurines typiques de la Cr\u00e8che, mais repr\u00e9sent\u00e9es avec les tendres traits d\u2019enfants joufflus aux v\u00eatements color\u00e9s.<\/p>\n<p>Dans une autre magnifique <strong>Cr\u00e8che en r\u00e9sine de 13 pi\u00e8ces <\/strong>en plus des personnages traditionnels repr\u00e9sent\u00e9s comme des enfants, il y a des animaux rigolos et attendrissants\u00a0:\u00a0 le b\u0153uf, l\u2019\u00e2ne, le mouton et m\u00eame le chameau. Dans ce cas-ci aussi, les santons qui mesures 4 cm de hauteur sont peints \u00e0 la mains avec des couleurs d\u00e9licates.<\/p>\n<p>Holyart vous propose aussi une <strong>Cr\u00e8che pour enfants tr\u00e8s belle avec des pr\u00e9cieuses finitions dor\u00e9es<\/strong> sur 11 santons de 7 cm. En r\u00e9sine peinte, ils repr\u00e9sentent tous les personnages traditionnels de la Cr\u00e8che, l\u2019ange et les animaux avec des petits d\u00e9tails en or.<\/p>\n<p>Un univers attendrissant et adorable, qui embellira votre maison, enrichira la No\u00ebl et guidera vos enfants \u00e0 la d\u00e9couverte de ce voyage merveilleux\u00a0!<\/p>\n","protected":false},"excerpt":{"rendered":"<p>Les enfants modernes sont, sous certains aspects, bien plus inform\u00e9s que ceux d\u2019il y a quelques ann\u00e9es. Constamment bombard\u00e9s d\u2019inputs m\u00e9diatiques et informatiques, submerg\u00e9s de publicit\u00e9s plus ou moins mensong\u00e8res, ils sont conditionn\u00e9s par des st\u00e9r\u00e9otypes qui les veulent homologu\u00e9s \u00e0 des mod\u00e8les comportementaux pr\u00e9\u00e9tablis,&hellip;<\/p>\n","protected":false},"author":1,"featured_media":2155,"comment_status":"closed","ping_status":"open","sticky":false,"template":"","format":"standard","meta":{"_acf_changed":false,"footnotes":""},"categories":[10],"tags":[],"class_list":["post-2154","post","type-post","status-publish","format-standard","has-post-thumbnail","hentry","category-noel"],"acf":[],"yoast_head":"<!-- This site is optimized with the Yoast SEO plugin v26.6 - https:\/\/yoast.com\/wordpress\/plugins\/seo\/ -->\n<title>Cr\u00e8che avec traits d\u2019enfants - Holyart.fr Blog<\/title>\n<meta name=\"description\" content=\"La No\u00ebl peut \u00eatre une splendide occasion pour s&#039;approcher de ses enfants, pour partager avec eux chaque instant de cette F\u00eate merveilleuse...\" \/>\n<meta name=\"robots\" content=\"index, follow, max-snippet:-1, max-image-preview:large, max-video-preview:-1\" \/>\n<link rel=\"canonical\" href=\"https:\/\/blog.holyart.it\/fr\/noel\/creche-avec-traits-denfants\/\" \/>\n<meta property=\"og:locale\" content=\"fr_FR\" \/>\n<meta property=\"og:type\" content=\"article\" \/>\n<meta property=\"og:title\" content=\"Cr\u00e8che avec traits d\u2019enfants - Holyart.fr Blog\" \/>\n<meta property=\"og:description\" content=\"La No\u00ebl peut \u00eatre une splendide occasion pour s&#039;approcher de ses enfants, pour partager avec eux chaque instant de cette F\u00eate merveilleuse...\" \/>\n<meta property=\"og:url\" content=\"https:\/\/blog.holyart.it\/fr\/noel\/creche-avec-traits-denfants\/\" \/>\n<meta property=\"og:site_name\" content=\"Holyart.fr Blog\" \/>\n<meta property=\"article:published_time\" content=\"2020-09-23T13:47:48+00:00\" \/>\n<meta property=\"article:modified_time\" content=\"2022-10-11T14:04:25+00:00\" \/>\n<meta property=\"og:image\" content=\"https:\/\/blog.holyart.it\/fr\/wp-content\/uploads\/sites\/14\/2020\/11\/Statue-Presepe-bambini.jpg\" \/>\n\t<meta property=\"og:image:width\" content=\"1000\" \/>\n\t<meta property=\"og:image:height\" content=\"666\" \/>\n\t<meta property=\"og:image:type\" content=\"image\/jpeg\" \/>\n<meta name=\"author\" content=\"Redazione\" \/>\n<meta name=\"twitter:card\" content=\"summary_large_image\" \/>\n<meta name=\"twitter:label1\" content=\"\u00c9crit par\" \/>\n\t<meta name=\"twitter:data1\" content=\"Redazione\" \/>\n\t<meta name=\"twitter:label2\" content=\"Dur\u00e9e de lecture estim\u00e9e\" \/>\n\t<meta name=\"twitter:data2\" content=\"8 minutes\" \/>\n<script type=\"application\/ld+json\" class=\"yoast-schema-graph\">{\"@context\":\"https:\/\/schema.org\",\"@graph\":[{\"@type\":\"Article\",\"@id\":\"https:\/\/blog.holyart.it\/fr\/noel\/creche-avec-traits-denfants\/#article\",\"isPartOf\":{\"@id\":\"https:\/\/blog.holyart.it\/fr\/noel\/creche-avec-traits-denfants\/\"},\"author\":{\"name\":\"Redazione\",\"@id\":\"https:\/\/blog.holyart.it\/fr\/#\/schema\/person\/0a7b686e5af0f856ec1e390dd0baecda\"},\"headline\":\"Cr\u00e8che avec traits d\u2019enfants\",\"datePublished\":\"2020-09-23T13:47:48+00:00\",\"dateModified\":\"2022-10-11T14:04:25+00:00\",\"mainEntityOfPage\":{\"@id\":\"https:\/\/blog.holyart.it\/fr\/noel\/creche-avec-traits-denfants\/\"},\"wordCount\":1533,\"publisher\":{\"@id\":\"https:\/\/blog.holyart.it\/fr\/#organization\"},\"image\":{\"@id\":\"https:\/\/blog.holyart.it\/fr\/noel\/creche-avec-traits-denfants\/#primaryimage\"},\"thumbnailUrl\":\"https:\/\/blog.holyart.it\/fr\/wp-content\/uploads\/sites\/14\/2020\/11\/Statue-Presepe-bambini.jpg\",\"articleSection\":[\"No\u00ebl\"],\"inLanguage\":\"fr-FR\"},{\"@type\":\"WebPage\",\"@id\":\"https:\/\/blog.holyart.it\/fr\/noel\/creche-avec-traits-denfants\/\",\"url\":\"https:\/\/blog.holyart.it\/fr\/noel\/creche-avec-traits-denfants\/\",\"name\":\"Cr\u00e8che avec traits d\u2019enfants - Holyart.fr Blog\",\"isPartOf\":{\"@id\":\"https:\/\/blog.holyart.it\/fr\/#website\"},\"primaryImageOfPage\":{\"@id\":\"https:\/\/blog.holyart.it\/fr\/noel\/creche-avec-traits-denfants\/#primaryimage\"},\"image\":{\"@id\":\"https:\/\/blog.holyart.it\/fr\/noel\/creche-avec-traits-denfants\/#primaryimage\"},\"thumbnailUrl\":\"https:\/\/blog.holyart.it\/fr\/wp-content\/uploads\/sites\/14\/2020\/11\/Statue-Presepe-bambini.jpg\",\"datePublished\":\"2020-09-23T13:47:48+00:00\",\"dateModified\":\"2022-10-11T14:04:25+00:00\",\"description\":\"La No\u00ebl peut \u00eatre une splendide occasion pour s'approcher de ses enfants, pour partager avec eux chaque instant de cette F\u00eate merveilleuse...\",\"breadcrumb\":{\"@id\":\"https:\/\/blog.holyart.it\/fr\/noel\/creche-avec-traits-denfants\/#breadcrumb\"},\"inLanguage\":\"fr-FR\",\"potentialAction\":[{\"@type\":\"ReadAction\",\"target\":[\"https:\/\/blog.holyart.it\/fr\/noel\/creche-avec-traits-denfants\/\"]}]},{\"@type\":\"ImageObject\",\"inLanguage\":\"fr-FR\",\"@id\":\"https:\/\/blog.holyart.it\/fr\/noel\/creche-avec-traits-denfants\/#primaryimage\",\"url\":\"https:\/\/blog.holyart.it\/fr\/wp-content\/uploads\/sites\/14\/2020\/11\/Statue-Presepe-bambini.jpg\",\"contentUrl\":\"https:\/\/blog.holyart.it\/fr\/wp-content\/uploads\/sites\/14\/2020\/11\/Statue-Presepe-bambini.jpg\",\"width\":1000,\"height\":666,\"caption\":\"Statue Presepe bambini\"},{\"@type\":\"BreadcrumbList\",\"@id\":\"https:\/\/blog.holyart.it\/fr\/noel\/creche-avec-traits-denfants\/#breadcrumb\",\"itemListElement\":[{\"@type\":\"ListItem\",\"position\":1,\"name\":\"Homepage\",\"item\":\"https:\/\/blog.holyart.it\/fr\/\"},{\"@type\":\"ListItem\",\"position\":2,\"name\":\"No\u00ebl\",\"item\":\"https:\/\/blog.holyart.it\/fr\/noel\/\"},{\"@type\":\"ListItem\",\"position\":3,\"name\":\"Cr\u00e8che avec traits d\u2019enfants\"}]},{\"@type\":\"WebSite\",\"@id\":\"https:\/\/blog.holyart.it\/fr\/#website\",\"url\":\"https:\/\/blog.holyart.it\/fr\/\",\"name\":\"Holyart.fr Blog\",\"description\":\"Holyblog\",\"publisher\":{\"@id\":\"https:\/\/blog.holyart.it\/fr\/#organization\"},\"potentialAction\":[{\"@type\":\"SearchAction\",\"target\":{\"@type\":\"EntryPoint\",\"urlTemplate\":\"https:\/\/blog.holyart.it\/fr\/?s={search_term_string}\"},\"query-input\":{\"@type\":\"PropertyValueSpecification\",\"valueRequired\":true,\"valueName\":\"search_term_string\"}}],\"inLanguage\":\"fr-FR\"},{\"@type\":\"Organization\",\"@id\":\"https:\/\/blog.holyart.it\/fr\/#organization\",\"name\":\"Holyart.fr Blog\",\"url\":\"https:\/\/blog.holyart.it\/fr\/\",\"logo\":{\"@type\":\"ImageObject\",\"inLanguage\":\"fr-FR\",\"@id\":\"https:\/\/blog.holyart.it\/fr\/#\/schema\/logo\/image\/\",\"url\":\"https:\/\/blog.holyart.it\/fr\/wp-content\/uploads\/sites\/14\/2022\/12\/Holyart_Blog_Logo.jpg\",\"contentUrl\":\"https:\/\/blog.holyart.it\/fr\/wp-content\/uploads\/sites\/14\/2022\/12\/Holyart_Blog_Logo.jpg\",\"width\":300,\"height\":50,\"caption\":\"Holyart.fr Blog\"},\"image\":{\"@id\":\"https:\/\/blog.holyart.it\/fr\/#\/schema\/logo\/image\/\"}},{\"@type\":\"Person\",\"@id\":\"https:\/\/blog.holyart.it\/fr\/#\/schema\/person\/0a7b686e5af0f856ec1e390dd0baecda\",\"name\":\"Redazione\",\"image\":{\"@type\":\"ImageObject\",\"inLanguage\":\"fr-FR\",\"@id\":\"https:\/\/blog.holyart.it\/fr\/#\/schema\/person\/image\/\",\"url\":\"https:\/\/secure.gravatar.com\/avatar\/f477da817f43e50d0af36abecd33e3edf826c68299714bdc1057dff3b113f516?s=96&d=mm&r=g\",\"contentUrl\":\"https:\/\/secure.gravatar.com\/avatar\/f477da817f43e50d0af36abecd33e3edf826c68299714bdc1057dff3b113f516?s=96&d=mm&r=g\",\"caption\":\"Redazione\"},\"url\":\"https:\/\/blog.holyart.it\/fr\/author\/admin\/\"}]}<\/script>\n<!-- \/ Yoast SEO plugin. -->","yoast_head_json":{"title":"Cr\u00e8che avec traits d\u2019enfants - Holyart.fr Blog","description":"La No\u00ebl peut \u00eatre une splendide occasion pour s'approcher de ses enfants, pour partager avec eux chaque instant de cette F\u00eate merveilleuse...","robots":{"index":"index","follow":"follow","max-snippet":"max-snippet:-1","max-image-preview":"max-image-preview:large","max-video-preview":"max-video-preview:-1"},"canonical":"https:\/\/blog.holyart.it\/fr\/noel\/creche-avec-traits-denfants\/","og_locale":"fr_FR","og_type":"article","og_title":"Cr\u00e8che avec traits d\u2019enfants - Holyart.fr Blog","og_description":"La No\u00ebl peut \u00eatre une splendide occasion pour s'approcher de ses enfants, pour partager avec eux chaque instant de cette F\u00eate merveilleuse...","og_url":"https:\/\/blog.holyart.it\/fr\/noel\/creche-avec-traits-denfants\/","og_site_name":"Holyart.fr Blog","article_published_time":"2020-09-23T13:47:48+00:00","article_modified_time":"2022-10-11T14:04:25+00:00","og_image":[{"width":1000,"height":666,"url":"https:\/\/blog.holyart.it\/fr\/wp-content\/uploads\/sites\/14\/2020\/11\/Statue-Presepe-bambini.jpg","type":"image\/jpeg"}],"author":"Redazione","twitter_card":"summary_large_image","twitter_misc":{"\u00c9crit par":"Redazione","Dur\u00e9e de lecture estim\u00e9e":"8 minutes"},"schema":{"@context":"https:\/\/schema.org","@graph":[{"@type":"Article","@id":"https:\/\/blog.holyart.it\/fr\/noel\/creche-avec-traits-denfants\/#article","isPartOf":{"@id":"https:\/\/blog.holyart.it\/fr\/noel\/creche-avec-traits-denfants\/"},"author":{"name":"Redazione","@id":"https:\/\/blog.holyart.it\/fr\/#\/schema\/person\/0a7b686e5af0f856ec1e390dd0baecda"},"headline":"Cr\u00e8che avec traits d\u2019enfants","datePublished":"2020-09-23T13:47:48+00:00","dateModified":"2022-10-11T14:04:25+00:00","mainEntityOfPage":{"@id":"https:\/\/blog.holyart.it\/fr\/noel\/creche-avec-traits-denfants\/"},"wordCount":1533,"publisher":{"@id":"https:\/\/blog.holyart.it\/fr\/#organization"},"image":{"@id":"https:\/\/blog.holyart.it\/fr\/noel\/creche-avec-traits-denfants\/#primaryimage"},"thumbnailUrl":"https:\/\/blog.holyart.it\/fr\/wp-content\/uploads\/sites\/14\/2020\/11\/Statue-Presepe-bambini.jpg","articleSection":["No\u00ebl"],"inLanguage":"fr-FR"},{"@type":"WebPage","@id":"https:\/\/blog.holyart.it\/fr\/noel\/creche-avec-traits-denfants\/","url":"https:\/\/blog.holyart.it\/fr\/noel\/creche-avec-traits-denfants\/","name":"Cr\u00e8che avec traits d\u2019enfants - Holyart.fr Blog","isPartOf":{"@id":"https:\/\/blog.holyart.it\/fr\/#website"},"primaryImageOfPage":{"@id":"https:\/\/blog.holyart.it\/fr\/noel\/creche-avec-traits-denfants\/#primaryimage"},"image":{"@id":"https:\/\/blog.holyart.it\/fr\/noel\/creche-avec-traits-denfants\/#primaryimage"},"thumbnailUrl":"https:\/\/blog.holyart.it\/fr\/wp-content\/uploads\/sites\/14\/2020\/11\/Statue-Presepe-bambini.jpg","datePublished":"2020-09-23T13:47:48+00:00","dateModified":"2022-10-11T14:04:25+00:00","description":"La No\u00ebl peut \u00eatre une splendide occasion pour s'approcher de ses enfants, pour partager avec eux chaque instant de cette F\u00eate merveilleuse...","breadcrumb":{"@id":"https:\/\/blog.holyart.it\/fr\/noel\/creche-avec-traits-denfants\/#breadcrumb"},"inLanguage":"fr-FR","potentialAction":[{"@type":"ReadAction","target":["https:\/\/blog.holyart.it\/fr\/noel\/creche-avec-traits-denfants\/"]}]},{"@type":"ImageObject","inLanguage":"fr-FR","@id":"https:\/\/blog.holyart.it\/fr\/noel\/creche-avec-traits-denfants\/#primaryimage","url":"https:\/\/blog.holyart.it\/fr\/wp-content\/uploads\/sites\/14\/2020\/11\/Statue-Presepe-bambini.jpg","contentUrl":"https:\/\/blog.holyart.it\/fr\/wp-content\/uploads\/sites\/14\/2020\/11\/Statue-Presepe-bambini.jpg","width":1000,"height":666,"caption":"Statue Presepe bambini"},{"@type":"BreadcrumbList","@id":"https:\/\/blog.holyart.it\/fr\/noel\/creche-avec-traits-denfants\/#breadcrumb","itemListElement":[{"@type":"ListItem","position":1,"name":"Homepage","item":"https:\/\/blog.holyart.it\/fr\/"},{"@type":"ListItem","position":2,"name":"No\u00ebl","item":"https:\/\/blog.holyart.it\/fr\/noel\/"},{"@type":"ListItem","position":3,"name":"Cr\u00e8che avec traits d\u2019enfants"}]},{"@type":"WebSite","@id":"https:\/\/blog.holyart.it\/fr\/#website","url":"https:\/\/blog.holyart.it\/fr\/","name":"Holyart.fr Blog","description":"Holyblog","publisher":{"@id":"https:\/\/blog.holyart.it\/fr\/#organization"},"potentialAction":[{"@type":"SearchAction","target":{"@type":"EntryPoint","urlTemplate":"https:\/\/blog.holyart.it\/fr\/?s={search_term_string}"},"query-input":{"@type":"PropertyValueSpecification","valueRequired":true,"valueName":"search_term_string"}}],"inLanguage":"fr-FR"},{"@type":"Organization","@id":"https:\/\/blog.holyart.it\/fr\/#organization","name":"Holyart.fr Blog","url":"https:\/\/blog.holyart.it\/fr\/","logo":{"@type":"ImageObject","inLanguage":"fr-FR","@id":"https:\/\/blog.holyart.it\/fr\/#\/schema\/logo\/image\/","url":"https:\/\/blog.holyart.it\/fr\/wp-content\/uploads\/sites\/14\/2022\/12\/Holyart_Blog_Logo.jpg","contentUrl":"https:\/\/blog.holyart.it\/fr\/wp-content\/uploads\/sites\/14\/2022\/12\/Holyart_Blog_Logo.jpg","width":300,"height":50,"caption":"Holyart.fr Blog"},"image":{"@id":"https:\/\/blog.holyart.it\/fr\/#\/schema\/logo\/image\/"}},{"@type":"Person","@id":"https:\/\/blog.holyart.it\/fr\/#\/schema\/person\/0a7b686e5af0f856ec1e390dd0baecda","name":"Redazione","image":{"@type":"ImageObject","inLanguage":"fr-FR","@id":"https:\/\/blog.holyart.it\/fr\/#\/schema\/person\/image\/","url":"https:\/\/secure.gravatar.com\/avatar\/f477da817f43e50d0af36abecd33e3edf826c68299714bdc1057dff3b113f516?s=96&d=mm&r=g","contentUrl":"https:\/\/secure.gravatar.com\/avatar\/f477da817f43e50d0af36abecd33e3edf826c68299714bdc1057dff3b113f516?s=96&d=mm&r=g","caption":"Redazione"},"url":"https:\/\/blog.holyart.it\/fr\/author\/admin\/"}]}},"_links":{"self":[{"href":"https:\/\/blog.holyart.it\/fr\/wp-json\/wp\/v2\/posts\/2154","targetHints":{"allow":["GET"]}}],"collection":[{"href":"https:\/\/blog.holyart.it\/fr\/wp-json\/wp\/v2\/posts"}],"about":[{"href":"https:\/\/blog.holyart.it\/fr\/wp-json\/wp\/v2\/types\/post"}],"author":[{"embeddable":true,"href":"https:\/\/blog.holyart.it\/fr\/wp-json\/wp\/v2\/users\/1"}],"replies":[{"embeddable":true,"href":"https:\/\/blog.holyart.it\/fr\/wp-json\/wp\/v2\/comments?post=2154"}],"version-history":[{"count":0,"href":"https:\/\/blog.holyart.it\/fr\/wp-json\/wp\/v2\/posts\/2154\/revisions"}],"wp:featuredmedia":[{"embeddable":true,"href":"https:\/\/blog.holyart.it\/fr\/wp-json\/wp\/v2\/media\/2155"}],"wp:attachment":[{"href":"https:\/\/blog.holyart.it\/fr\/wp-json\/wp\/v2\/media?parent=2154"}],"wp:term":[{"taxonomy":"category","embeddable":true,"href":"https:\/\/blog.holyart.it\/fr\/wp-json\/wp\/v2\/categories?post=2154"},{"taxonomy":"post_tag","embeddable":true,"href":"https:\/\/blog.holyart.it\/fr\/wp-json\/wp\/v2\/tags?post=2154"}],"curies":[{"name":"wp","href":"https:\/\/api.w.org\/{rel}","templated":true}]}}