{"id":2144,"date":"2020-09-16T16:12:56","date_gmt":"2020-09-16T14:12:56","guid":{"rendered":"https:\/\/blog.holyart.it\/fr\/?p=2144"},"modified":"2022-10-17T12:25:24","modified_gmt":"2022-10-17T10:25:24","slug":"5-statues-religieuses-en-platre-pour-votre-eglise","status":"publish","type":"post","link":"https:\/\/blog.holyart.it\/fr\/articles-religieux\/5-statues-religieuses-en-platre-pour-votre-eglise\/","title":{"rendered":"5 statues religieuses en pl\u00e2tre pour votre \u00e9glise"},"content":{"rendered":"<h4 style=\"text-align: center;\"><em>Pourquoi les statues religieuses en pl\u00e2tre que nous trouvons \u00e0 l\u2019\u00e9glise ne doivent pas \u00eatre consid\u00e9r\u00e9es comme objet d\u2019idol\u00e2trie, mais partie int\u00e9grante de la profession de foi de chaque chr\u00e9tien\u00a0?<\/em><\/h4>\n\n<p>Nous avons l\u2019habitude de voir dans nos \u00e9glises des statues religieuses en pl\u00e2tre qui repr\u00e9sentent J\u00e9sus, <a href=\"https:\/\/www.holyart.fr\/produits\/statues-vierge-marie.php\"><strong>la Vierge<\/strong><\/a>, les saints et les <a href=\"https:\/\/www.holyart.fr\/articles-religieux\/anges\"><strong>anges<\/strong><\/a>. Dans un <a href=\"https:\/\/www.holyart.fr\/blog\/articles-religieux\/mobilier-deglise-meubles-typiques-de-toutes-eglises-chretiennes\/\"><strong>article pr\u00e9c\u00e9dent d\u00e9di\u00e9 au mobilier d\u2019\u00e9glise<\/strong><\/a>, nous avons expliqu\u00e9 comment tout ce qui fait partie de l\u2019aspect d\u2019une \u00e9glise, \u00e0 l\u2019ext\u00e9rieur, mais surtout \u00e0 l\u2019int\u00e9rieur, est un \u00e9l\u00e9ment essentiel du d\u00e9cor n\u00e9cessaire pour accueillir au mieux les rites qui y sont c\u00e9l\u00e9br\u00e9s. Il ne s\u2019agit pas uniquement d\u2019\u00e9l\u00e9ments d\u2019ameublement, comme autels, ambons, prie-Dieu, fonts baptismaux, tabernacles, croix d\u2019autel, b\u00e9nitiers, chacun desquels a quand m\u00eame une utilisation pratique et religieuse d\u00e9finie. Le discours est encore plus ample et concerne chaque \u00e9l\u00e9ment architectural et d\u00e9coratif, de la r\u00e9partition de l\u2019espace au nombre de colonnes, jusqu\u2019\u00e0 la dimension m\u00eame de la porte d\u2019entr\u00e9e. Cela parce que l\u2019\u00e9glise est le lieu destin\u00e9 \u00e0 servir de <strong>d\u00e9cor \u00e0 la <\/strong><a href=\"https:\/\/www.holyart.fr\/accessoires-pour-la-liturgie\"><strong>Liturgie<\/strong><\/a> et, en tant que tel, elle doit \u00eatre une expression de <strong>solennit\u00e9<\/strong> <strong>et<\/strong> de <strong>sacralit\u00e9<\/strong>. Cette solennit\u00e9 est transmise aux fid\u00e8les qui s\u2019y rassemblent avec des modalit\u00e9s qui ont \u00e9volu\u00e9 avec le temps au cours des si\u00e8cles. Si autrefois le moyen le plus r\u00e9current pour d\u00e9montrer aux chr\u00e9tiens l\u2019importance et la dimension sacr\u00e9e du lieu de culte \u00e9tait d\u2019exhiber richesse et opulence, avec l\u2019usage de mat\u00e9riaux de valeur et de d\u00e9corations pr\u00e9cieuses, aujourd\u2019hui il y a d\u2019autres approches, qui visent moins \u00e0 susciter de la stupeur et une crainte r\u00e9v\u00e9rencielle et plus \u00e0 une dimension stimulant le dialogue avec l\u2019individu et avec la communaut\u00e9 r\u00e9unie.<\/p>\n<p>Dans ce sc\u00e9nario de suggestion religieuse, se situent \u00e9galement les <a href=\"https:\/\/www.holyart.fr\/articles-religieux\/statues\"><strong>statues religieuses<\/strong><\/a>, qui m\u00e9ritent toutefois un discours plus approfondi. En effet, les statues religieuses en pl\u00e2tre, r\u00e9sine, fibre de verre, mais encore avant en bois et pierre, ont fait pendant longtemps l\u2019objet de vives discussions, voire m\u00eame de controverses, au sein de l\u2019\u00e9glise m\u00eame. Pourquoi ? Pourtant il est \u00e9vident que les vierges en pl\u00e2tre, plut\u00f4t que les statues en pl\u00e2tre qui repr\u00e9sentent le Sauveur aident la pri\u00e8re d\u2019une mani\u00e8re extr\u00eamement efficace. Qui ne conserve pas dans son c\u0153ur un souvenir d\u2019enfance d\u2019une statue en particulier aupr\u00e8s de laquelle il aimait prier, ou o\u00f9 il ne manquait pas d\u2019allumer une bougie\u00a0?<\/p>\n<p>Et pourtant, encore aujourd\u2019hui, les f\u00e9roces pol\u00e9miques concernant l\u2019adoration r\u00e9serv\u00e9es aux statues de saints et bienheureux ne manquent pas. La raison est simple, m\u00eame si ce n\u2019est pas ici le lieu pour nous immerger dans des dissertations th\u00e9ologiques. Dans le L\u00e9vitique, nous lisons : \u00ab\u00a0<em>Vous ne vous tournerez point vers les idoles, et vous ne vous ferez point des dieux de fonte<\/em>\u00a0\u00bb (L\u00e9vitique 19,4). Voici la question qui a divis\u00e9 en deux l\u2019\u00e9glise pendant tr\u00e8s longtemps. Quand la v\u00e9n\u00e9ration d\u2019une statue qui repr\u00e9sente J\u00e9sus ou la Vierge ou un saint peut se transformer en idol\u00e2trie\u00a0?<\/p>\n<p>En r\u00e9alit\u00e9, les chr\u00e9tiens ont r\u00e9pondu assez t\u00f4t \u00e0 cette interrogation et sans se d\u00e9tacher des Saintes \u00c9critures. En effet, dans l\u2019<strong>Ancien Testament<\/strong>, il y a des nombreux extraits qui font comprendre comment Dieu ne voyait pas d\u2019un mauvais \u0153il la cr\u00e9ation d\u2019images et de symboles qui suscitaient en qui les contemplaient une foi et un transport religieux m\u00eame sup\u00e9rieur. Avec l\u2019avent de <strong>J\u00e9sus Sauveur<\/strong>, ensuite, cette pr\u00e9rogative de cr\u00e9er des repr\u00e9sentations figuratives en support \u00e0 la pri\u00e8re a augment\u00e9 encore plus. En devenant homme, J\u00e9sus a donn\u00e9 en effet une image physique, incarn\u00e9e, d\u2019un Dieu qui avant \u00e9tait invisible. C\u2019est lui-m\u00eame qui l\u2019affirme lors qu\u2019il dit\u00a0: \u00ab\u00a0<em>Celui qui me voit, voit celui qui m&rsquo;a envoy\u00e9<\/em>\u00a0\u00bb (Jean 12,45).<\/p>\n<p>Apr\u00e8s tant de discussions et de sp\u00e9culations, qui ont eu lieu aux cours des Conciles historiques, aujourd\u2019hui dans le <strong>Cat\u00e9chisme de l\u2019\u00c9glise Catholique<\/strong>, nous lisons : \u00ab\u00a0<em>Le culte chr\u00e9tien des images n&rsquo;est pas contraire au premier commandement qui proscrit les idoles. En effet, \u00abl&rsquo;honneur rendu \u00e0 une image remonte au mod\u00e8le original\u00bb, et \u00abquiconque v\u00e9n\u00e8re une image, v\u00e9n\u00e8re en elle la personne qui y est d\u00e9peinte\u00bb. L&rsquo;honneur rendu aux saintes images est une \u00abv\u00e9n\u00e9ration respectueuse\u00bb, non une adoration qui ne convient qu&rsquo;\u00e0 Dieu seul<\/em>\u00a0\u00bb (CCC, n. 2132).<\/p>\n<p>La diff\u00e9rence se trouve dans les termes. \u00c9tant donn\u00e9 que pour le christianisme, l\u2019<strong><em>adoration<\/em><\/strong> est une pr\u00e9rogative de Dieu \u00e0 Lui seul, la <strong><em>v\u00e9n\u00e9ration<\/em><\/strong> d\u2019une statue qui n\u2019a que la valeur symbolique d\u2019\u00e9voquer en qui s\u2019adresse \u00e0 elle le v\u00e9ritable objectif de la pri\u00e8re, n\u2019est pas de l\u2019idol\u00e2trie.<\/p>\n<p>\u00c0 la diff\u00e9rence des <strong>cultes pa\u00efens<\/strong>, dans lesquels on croyait que les divinit\u00e9s demeuraient \u00e0 l\u2019int\u00e9rieur des simulacres qui leur \u00e9taient d\u00e9di\u00e9s, dans la <strong>religion chr\u00e9tienne<\/strong> il y a toujours la conscience que l\u2019on se trouve face \u00e0 des repr\u00e9sentations mat\u00e9rielles de pr\u00e9sences qui restent ineffables.<\/p>\n<p>Cela nous permet, quand nous entrons dans une \u00e9glise, de pouvoir nous attarder avec le regard sur ces repr\u00e9sentations qui \u00e9voquent en nous tout l\u2019<strong>espoir du salut<\/strong>, toute la stupeur et le d\u00e9sir religieux apport\u00e9 par le Verbe incarn\u00e9. Voil\u00e0, dans cette acception, la v\u00e9n\u00e9ration des statues religieuses n\u2019est pas uniquement permise, mais m\u00eame souhaitable.<\/p>\n<p>Lors de certaines r\u00e9currences, de plus, comme des <a href=\"https:\/\/www.holyart.fr\/blog\/saints-et-bienheureux\/difference-entre-veneration-devotion-adoration\/\"><strong>f\u00eates religieuses particuli\u00e8res<\/strong><\/a>, ou encore dans le contexte des <strong>processions<\/strong>, ou d\u2019autres formes de <strong>d\u00e9votion<\/strong> <strong>populaire<\/strong>, si r\u00e9pandues surtout en Italie, les statues en pl\u00e2tre deviennent protagonistes actives de la liturgie, en permettant \u00e0 tous d\u2019acc\u00e9der et de participer d\u2019une mani\u00e8re encore plus directe et enthousiaste \u00e0 la pri\u00e8re collective.<\/p>\n<h2>Mais comment doit \u00eatre une statue en pl\u00e2tre pour exprimer au mieux son r\u00f4le\u00a0?<\/h2>\n<p>Afin d\u2019accomplir au mieux leur t\u00e2che de rapprocher les fid\u00e8les du divin, les statues religieuses doivent \u00eatre bien r\u00e9alis\u00e9es, soign\u00e9es dans les d\u00e9tails, transmettre un sens de beaut\u00e9 et de s\u00e9r\u00e9nit\u00e9. En particulier, les Vierges en pl\u00e2tre, mais aussi les repr\u00e9sentations de Christ en Bon Pasteur, ou celles des anges, plus elles seront agr\u00e9ables et suaves \u00e0 la vue, plus elles constitueront un instrument d\u2019\u00e9l\u00e9vation spirituelle pour ceux qui s\u2019attardent \u00e0 les contempler.<\/p>\n<p>Il y a des statues et des <a href=\"https:\/\/www.holyart.fr\/articles-religieux\/statues\/statues-en-platre\"><strong>statuettes en pl\u00e2tre<\/strong><\/a> de toutes les dimensions, adapt\u00e9es \u00e0 tous les contextes. En d\u00e9pit de ce que l\u2019on peut penser, une statue en pl\u00e2tre peut \u00eatre \u00e9galement plac\u00e9e en ext\u00e9rieur, puisque le mat\u00e9riel dont elle est r\u00e9alis\u00e9e se pr\u00eate facilement \u00e0 \u00eatre imperm\u00e9abilis\u00e9. Pour cette raison, il n\u2019est pas rare de trouver une Vierge en pl\u00e2tre ou une autre statue religieuse m\u00eame dans les jardins ou dans les \u00e9dicules expos\u00e9es en plein air.<\/p>\n<p>Dans notre magasin en ligne, vous trouverez des statues et des statuettes de toute dimension et style. Nous vous en proposons quelques-unes des plus demand\u00e9es par les \u00e9glises, choisies pour leurs dimensions remarquables (entre 70 et 100 cm), mais aussi pour la pr\u00e9cision de leur r\u00e9alisation, strictement artisanale, et pour la beaut\u00e9 des sujets repr\u00e9sent\u00e9s.<\/p>\n<p>Feuilletez notre Galerie d\u2019images\u00a0!<\/p>\n<p style=\"text-align: center;\"><div class=\"sp-styles-warning\" style=\"width: 450px; background-color: #FFF; color: #F00; border: 1px solid #F00; padding: 10px; font-size: 14px;\">\n\t\t\t<span style=\"font-weight: bold;\">Warning: The stylesheets were not loaded!<\/span> \n\t\t\tYou will need to change the <i>Load stylesheets<\/i> setting from <i>Automatically<\/i> to <i>On homepage<\/i> or <i>On all pages<\/i>. \n\t\t\tYou can set that <a style=\"text-decoration: underline; color: #F00;\" href=\"https:\/\/blog.holyart.it\/fr\/wp-admin\/admin.php?page=sliderpro-settings\">here<\/a>.\n\t\t\t<\/div>\r\n<div id=\"slider-pro-26\" class=\"slider-pro sp-no-js\" style=\"width: 500px; height: 500px;\">\r\n\t<div class=\"sp-slides\">\r\n\t\t\r\n\t\t<div class=\"sp-slide\">\r\n\t\t\t<img loading=\"lazy\" decoding=\"async\" class=\"sp-image\" src=\"https:\/\/blog.holyart.it\/fr\/wp-content\/uploads\/sites\/14\/2020\/11\/Sacre-Coeur-de-Jesus-statue-80-cm-platre-nacre.jpg\" alt=\"Sacre-Coeur de Jesus statue 80 cm platre nacre\" width=\"500\" height=\"500\" \/>\r\n\t\t\t<div class=\"sp-thumbnail\"><img decoding=\"async\" src=\"https:\/\/blog.holyart.it\/fr\/wp-content\/uploads\/sites\/14\/2020\/11\/Sacre-Coeur-de-Jesus-statue-80-cm-platre-nacre-150x150.jpg\" \/>\r\n\t\t\t<\/div>\r\n\t\t\t<div class=\"sp-caption\">Sacr\u00e9-Coeur de J\u00e9sus statue 80 cm pl\u00e2tre nacr\u00e9<br \/><strong><a href=\"https:\/\/www.holyart.fr\/articles-religieux\/statues\/statues-en-platre\/sacre-coeur-de-jesus-statue-80-cm-platre-nacre\">Acheter sur Holyart<\/a><\/strong><\/div>\r\n\t\t<\/div>\r\n\t\t<div class=\"sp-slide\">\r\n\t\t\t<img loading=\"lazy\" decoding=\"async\" class=\"sp-image\" src=\"https:\/\/blog.holyart.it\/fr\/wp-content\/uploads\/sites\/14\/2020\/11\/Statue-Sainte-Rose-Mystique-platre-nacre-70-cm.jpg\" alt=\"Statue Sainte Rose Mystique platre nacre 70 cm\" width=\"500\" height=\"500\" \/>\r\n\t\t\t<div class=\"sp-thumbnail\"><img decoding=\"async\" src=\"https:\/\/blog.holyart.it\/fr\/wp-content\/uploads\/sites\/14\/2020\/11\/Statue-Sainte-Rose-Mystique-platre-nacre-70-cm-150x150.jpg\" \/>\r\n\t\t\t<\/div>\r\n\t\t\t<div class=\"sp-caption\">Statue Sainte Rose Mystique pl\u00e2tre nacr\u00e9 70 cm<br \/><strong><a href=\"https:\/\/www.holyart.fr\/articles-religieux\/statues\/statues-en-platre\/statue-sainte-rose-mystique-platre-nacre-70-cm\">Acheter sur Holyart<\/a><\/strong><\/div>\r\n\t\t<\/div>\r\n\t\t<div class=\"sp-slide\">\r\n\t\t\t<img loading=\"lazy\" decoding=\"async\" class=\"sp-image\" src=\"https:\/\/blog.holyart.it\/fr\/wp-content\/uploads\/sites\/14\/2020\/11\/Notre-Dame-de-Lourdes-platre-nacre-80-cm.jpg\" alt=\"Notre-Dame de Lourdes platre nacre 80 cm\" width=\"500\" height=\"500\" \/>\r\n\t\t\t<img decoding=\"async\" class=\"sp-thumbnail\" src=\"https:\/\/blog.holyart.it\/fr\/wp-content\/uploads\/sites\/14\/2020\/11\/Notre-Dame-de-Lourdes-platre-nacre-80-cm-150x150.jpg\" \/>\r\n\t\t\t<div class=\"sp-caption\">Notre-Dame de Lourdes pl\u00e2tre nacr\u00e9 80 cm<br \/><strong><a href=\"https:\/\/www.holyart.fr\/articles-religieux\/statues\/statues-en-platre\/notre-dame-de-lourdes-platre-nacre-80-cm\">Acheter sur Holyart<\/a><\/strong><\/div>\r\n\t\t<\/div>\r\n\t\t<div class=\"sp-slide\">\r\n\t\t\t<img loading=\"lazy\" decoding=\"async\" class=\"sp-image\" src=\"https:\/\/blog.holyart.it\/fr\/wp-content\/uploads\/sites\/14\/2020\/11\/Statue-Christ-Misericordieux-platre-nacre-90-cm.jpg\" alt=\"Statue Christ Misericordieux platre nacre 90 cm\" width=\"500\" height=\"500\" \/>\r\n\t\t\t<div class=\"sp-thumbnail\"><img decoding=\"async\" src=\"https:\/\/blog.holyart.it\/fr\/wp-content\/uploads\/sites\/14\/2020\/11\/Statue-Christ-Misericordieux-platre-nacre-90-cm-150x150.jpg\" \/>\r\n\t\t\t<\/div>\r\n\t\t\t<div class=\"sp-caption\">Statue Christ Mis\u00e9ricordieux pl\u00e2tre nacr\u00e9 90 cm<br \/><strong><a href=\"https:\/\/www.holyart.fr\/articles-religieux\/statues\/statues-en-platre\/statue-christ-misericordieux-platre-nacre-90-cm\">Acheter sur Holyart<\/a><\/strong><\/div>\r\n\t\t<\/div>\r\n\t\t<div class=\"sp-slide\">\r\n\t\t\t<img loading=\"lazy\" decoding=\"async\" class=\"sp-image\" src=\"https:\/\/blog.holyart.it\/fr\/wp-content\/uploads\/sites\/14\/2020\/11\/Saint-Michel-100-cm-statue-en-pl\u00e2tre.jpg\" alt=\"Saint Michel 100 cm statue en pl\u00e2tre\" width=\"500\" height=\"500\" \/>\r\n\t\t\t<div class=\"sp-thumbnail\"><img decoding=\"async\" src=\"https:\/\/blog.holyart.it\/fr\/wp-content\/uploads\/sites\/14\/2020\/11\/Saint-Michel-100-cm-statue-en-pl\u00e2tre-150x150.jpg\" \/>\r\n\t\t\t<\/div>\r\n\t\t\t<div class=\"sp-caption\">Saint Michel 100 cm statue en pl\u00e2tre<br \/><strong><a href=\"https:\/\/www.holyart.fr\/articles-religieux\/statues\/statues-en-platre\/saint-michel-100-cm-statue-en-platre\">Acheter sur Holyart<\/a><\/strong><\/div>\r\n\t\t<\/div>\r\n\t<\/div>\r\n<\/div><\/p>\n","protected":false},"excerpt":{"rendered":"<p>Pourquoi les statues religieuses en pl\u00e2tre que nous trouvons \u00e0 l\u2019\u00e9glise ne doivent pas \u00eatre consid\u00e9r\u00e9es comme objet d\u2019idol\u00e2trie, mais partie int\u00e9grante de la profession de foi de chaque chr\u00e9tien\u00a0? Nous avons l\u2019habitude de voir dans nos \u00e9glises des statues religieuses en pl\u00e2tre qui repr\u00e9sentent&hellip;<\/p>\n","protected":false},"author":1,"featured_media":2145,"comment_status":"closed","ping_status":"open","sticky":false,"template":"","format":"standard","meta":{"_acf_changed":false,"footnotes":""},"categories":[8],"tags":[],"class_list":["post-2144","post","type-post","status-publish","format-standard","has-post-thumbnail","hentry","category-articles-religieux"],"acf":[],"yoast_head":"<!-- This site is optimized with the Yoast SEO plugin v26.6 - https:\/\/yoast.com\/wordpress\/plugins\/seo\/ -->\n<title>5 statues religieuses en pl\u00e2tre pour votre \u00e9glise - Holyart.fr Blog<\/title>\n<meta name=\"description\" content=\"Les statues religieuses que nous trouvons \u00e0 l\u2019\u00e9glise doivent pas \u00eatre consid\u00e9r\u00e9es comme partie int\u00e9grante de la profession de foi de chaque chr\u00e9tien\" \/>\n<meta name=\"robots\" content=\"index, follow, max-snippet:-1, max-image-preview:large, max-video-preview:-1\" \/>\n<link rel=\"canonical\" href=\"https:\/\/blog.holyart.it\/fr\/articles-religieux\/5-statues-religieuses-en-platre-pour-votre-eglise\/\" \/>\n<meta property=\"og:locale\" content=\"fr_FR\" \/>\n<meta property=\"og:type\" content=\"article\" \/>\n<meta property=\"og:title\" content=\"5 statues religieuses en pl\u00e2tre pour votre \u00e9glise - Holyart.fr Blog\" \/>\n<meta property=\"og:description\" content=\"Les statues religieuses que nous trouvons \u00e0 l\u2019\u00e9glise doivent pas \u00eatre consid\u00e9r\u00e9es comme partie int\u00e9grante de la profession de foi de chaque chr\u00e9tien\" \/>\n<meta property=\"og:url\" content=\"https:\/\/blog.holyart.it\/fr\/articles-religieux\/5-statues-religieuses-en-platre-pour-votre-eglise\/\" \/>\n<meta property=\"og:site_name\" content=\"Holyart.fr Blog\" \/>\n<meta property=\"article:published_time\" content=\"2020-09-16T14:12:56+00:00\" \/>\n<meta property=\"article:modified_time\" content=\"2022-10-17T10:25:24+00:00\" \/>\n<meta property=\"og:image\" content=\"https:\/\/blog.holyart.it\/fr\/wp-content\/uploads\/sites\/14\/2020\/11\/5-statues-religieuses-en-platre-pour-votre-eglise.jpg\" \/>\n\t<meta property=\"og:image:width\" content=\"1280\" \/>\n\t<meta property=\"og:image:height\" content=\"856\" \/>\n\t<meta property=\"og:image:type\" content=\"image\/jpeg\" \/>\n<meta name=\"author\" content=\"Redazione\" \/>\n<meta name=\"twitter:card\" content=\"summary_large_image\" \/>\n<meta name=\"twitter:label1\" content=\"\u00c9crit par\" \/>\n\t<meta name=\"twitter:data1\" content=\"Redazione\" \/>\n\t<meta name=\"twitter:label2\" content=\"Dur\u00e9e de lecture estim\u00e9e\" \/>\n\t<meta name=\"twitter:data2\" content=\"7 minutes\" \/>\n<script type=\"application\/ld+json\" class=\"yoast-schema-graph\">{\"@context\":\"https:\/\/schema.org\",\"@graph\":[{\"@type\":\"Article\",\"@id\":\"https:\/\/blog.holyart.it\/fr\/articles-religieux\/5-statues-religieuses-en-platre-pour-votre-eglise\/#article\",\"isPartOf\":{\"@id\":\"https:\/\/blog.holyart.it\/fr\/articles-religieux\/5-statues-religieuses-en-platre-pour-votre-eglise\/\"},\"author\":{\"name\":\"Redazione\",\"@id\":\"https:\/\/blog.holyart.it\/fr\/#\/schema\/person\/0a7b686e5af0f856ec1e390dd0baecda\"},\"headline\":\"5 statues religieuses en pl\u00e2tre pour votre \u00e9glise\",\"datePublished\":\"2020-09-16T14:12:56+00:00\",\"dateModified\":\"2022-10-17T10:25:24+00:00\",\"mainEntityOfPage\":{\"@id\":\"https:\/\/blog.holyart.it\/fr\/articles-religieux\/5-statues-religieuses-en-platre-pour-votre-eglise\/\"},\"wordCount\":1328,\"publisher\":{\"@id\":\"https:\/\/blog.holyart.it\/fr\/#organization\"},\"image\":{\"@id\":\"https:\/\/blog.holyart.it\/fr\/articles-religieux\/5-statues-religieuses-en-platre-pour-votre-eglise\/#primaryimage\"},\"thumbnailUrl\":\"https:\/\/blog.holyart.it\/fr\/wp-content\/uploads\/sites\/14\/2020\/11\/5-statues-religieuses-en-platre-pour-votre-eglise.jpg\",\"articleSection\":[\"Religion\"],\"inLanguage\":\"fr-FR\"},{\"@type\":\"WebPage\",\"@id\":\"https:\/\/blog.holyart.it\/fr\/articles-religieux\/5-statues-religieuses-en-platre-pour-votre-eglise\/\",\"url\":\"https:\/\/blog.holyart.it\/fr\/articles-religieux\/5-statues-religieuses-en-platre-pour-votre-eglise\/\",\"name\":\"5 statues religieuses en pl\u00e2tre pour votre \u00e9glise - Holyart.fr Blog\",\"isPartOf\":{\"@id\":\"https:\/\/blog.holyart.it\/fr\/#website\"},\"primaryImageOfPage\":{\"@id\":\"https:\/\/blog.holyart.it\/fr\/articles-religieux\/5-statues-religieuses-en-platre-pour-votre-eglise\/#primaryimage\"},\"image\":{\"@id\":\"https:\/\/blog.holyart.it\/fr\/articles-religieux\/5-statues-religieuses-en-platre-pour-votre-eglise\/#primaryimage\"},\"thumbnailUrl\":\"https:\/\/blog.holyart.it\/fr\/wp-content\/uploads\/sites\/14\/2020\/11\/5-statues-religieuses-en-platre-pour-votre-eglise.jpg\",\"datePublished\":\"2020-09-16T14:12:56+00:00\",\"dateModified\":\"2022-10-17T10:25:24+00:00\",\"description\":\"Les statues religieuses que nous trouvons \u00e0 l\u2019\u00e9glise doivent pas \u00eatre consid\u00e9r\u00e9es comme partie int\u00e9grante de la profession de foi de chaque chr\u00e9tien\",\"breadcrumb\":{\"@id\":\"https:\/\/blog.holyart.it\/fr\/articles-religieux\/5-statues-religieuses-en-platre-pour-votre-eglise\/#breadcrumb\"},\"inLanguage\":\"fr-FR\",\"potentialAction\":[{\"@type\":\"ReadAction\",\"target\":[\"https:\/\/blog.holyart.it\/fr\/articles-religieux\/5-statues-religieuses-en-platre-pour-votre-eglise\/\"]}]},{\"@type\":\"ImageObject\",\"inLanguage\":\"fr-FR\",\"@id\":\"https:\/\/blog.holyart.it\/fr\/articles-religieux\/5-statues-religieuses-en-platre-pour-votre-eglise\/#primaryimage\",\"url\":\"https:\/\/blog.holyart.it\/fr\/wp-content\/uploads\/sites\/14\/2020\/11\/5-statues-religieuses-en-platre-pour-votre-eglise.jpg\",\"contentUrl\":\"https:\/\/blog.holyart.it\/fr\/wp-content\/uploads\/sites\/14\/2020\/11\/5-statues-religieuses-en-platre-pour-votre-eglise.jpg\",\"width\":1280,\"height\":856,\"caption\":\"5 statues religieuses en platre pour votre eglise\"},{\"@type\":\"BreadcrumbList\",\"@id\":\"https:\/\/blog.holyart.it\/fr\/articles-religieux\/5-statues-religieuses-en-platre-pour-votre-eglise\/#breadcrumb\",\"itemListElement\":[{\"@type\":\"ListItem\",\"position\":1,\"name\":\"Homepage\",\"item\":\"https:\/\/blog.holyart.it\/fr\/\"},{\"@type\":\"ListItem\",\"position\":2,\"name\":\"Religion\",\"item\":\"https:\/\/blog.holyart.it\/fr\/articles-religieux\/\"},{\"@type\":\"ListItem\",\"position\":3,\"name\":\"5 statues religieuses en pl\u00e2tre pour votre \u00e9glise\"}]},{\"@type\":\"WebSite\",\"@id\":\"https:\/\/blog.holyart.it\/fr\/#website\",\"url\":\"https:\/\/blog.holyart.it\/fr\/\",\"name\":\"Holyart.fr Blog\",\"description\":\"Holyblog\",\"publisher\":{\"@id\":\"https:\/\/blog.holyart.it\/fr\/#organization\"},\"potentialAction\":[{\"@type\":\"SearchAction\",\"target\":{\"@type\":\"EntryPoint\",\"urlTemplate\":\"https:\/\/blog.holyart.it\/fr\/?s={search_term_string}\"},\"query-input\":{\"@type\":\"PropertyValueSpecification\",\"valueRequired\":true,\"valueName\":\"search_term_string\"}}],\"inLanguage\":\"fr-FR\"},{\"@type\":\"Organization\",\"@id\":\"https:\/\/blog.holyart.it\/fr\/#organization\",\"name\":\"Holyart.fr Blog\",\"url\":\"https:\/\/blog.holyart.it\/fr\/\",\"logo\":{\"@type\":\"ImageObject\",\"inLanguage\":\"fr-FR\",\"@id\":\"https:\/\/blog.holyart.it\/fr\/#\/schema\/logo\/image\/\",\"url\":\"https:\/\/blog.holyart.it\/fr\/wp-content\/uploads\/sites\/14\/2022\/12\/Holyart_Blog_Logo.jpg\",\"contentUrl\":\"https:\/\/blog.holyart.it\/fr\/wp-content\/uploads\/sites\/14\/2022\/12\/Holyart_Blog_Logo.jpg\",\"width\":300,\"height\":50,\"caption\":\"Holyart.fr Blog\"},\"image\":{\"@id\":\"https:\/\/blog.holyart.it\/fr\/#\/schema\/logo\/image\/\"}},{\"@type\":\"Person\",\"@id\":\"https:\/\/blog.holyart.it\/fr\/#\/schema\/person\/0a7b686e5af0f856ec1e390dd0baecda\",\"name\":\"Redazione\",\"image\":{\"@type\":\"ImageObject\",\"inLanguage\":\"fr-FR\",\"@id\":\"https:\/\/blog.holyart.it\/fr\/#\/schema\/person\/image\/\",\"url\":\"https:\/\/secure.gravatar.com\/avatar\/f477da817f43e50d0af36abecd33e3edf826c68299714bdc1057dff3b113f516?s=96&d=mm&r=g\",\"contentUrl\":\"https:\/\/secure.gravatar.com\/avatar\/f477da817f43e50d0af36abecd33e3edf826c68299714bdc1057dff3b113f516?s=96&d=mm&r=g\",\"caption\":\"Redazione\"},\"url\":\"https:\/\/blog.holyart.it\/fr\/author\/admin\/\"}]}<\/script>\n<!-- \/ Yoast SEO plugin. -->","yoast_head_json":{"title":"5 statues religieuses en pl\u00e2tre pour votre \u00e9glise - Holyart.fr Blog","description":"Les statues religieuses que nous trouvons \u00e0 l\u2019\u00e9glise doivent pas \u00eatre consid\u00e9r\u00e9es comme partie int\u00e9grante de la profession de foi de chaque chr\u00e9tien","robots":{"index":"index","follow":"follow","max-snippet":"max-snippet:-1","max-image-preview":"max-image-preview:large","max-video-preview":"max-video-preview:-1"},"canonical":"https:\/\/blog.holyart.it\/fr\/articles-religieux\/5-statues-religieuses-en-platre-pour-votre-eglise\/","og_locale":"fr_FR","og_type":"article","og_title":"5 statues religieuses en pl\u00e2tre pour votre \u00e9glise - Holyart.fr Blog","og_description":"Les statues religieuses que nous trouvons \u00e0 l\u2019\u00e9glise doivent pas \u00eatre consid\u00e9r\u00e9es comme partie int\u00e9grante de la profession de foi de chaque chr\u00e9tien","og_url":"https:\/\/blog.holyart.it\/fr\/articles-religieux\/5-statues-religieuses-en-platre-pour-votre-eglise\/","og_site_name":"Holyart.fr Blog","article_published_time":"2020-09-16T14:12:56+00:00","article_modified_time":"2022-10-17T10:25:24+00:00","og_image":[{"width":1280,"height":856,"url":"https:\/\/blog.holyart.it\/fr\/wp-content\/uploads\/sites\/14\/2020\/11\/5-statues-religieuses-en-platre-pour-votre-eglise.jpg","type":"image\/jpeg"}],"author":"Redazione","twitter_card":"summary_large_image","twitter_misc":{"\u00c9crit par":"Redazione","Dur\u00e9e de lecture estim\u00e9e":"7 minutes"},"schema":{"@context":"https:\/\/schema.org","@graph":[{"@type":"Article","@id":"https:\/\/blog.holyart.it\/fr\/articles-religieux\/5-statues-religieuses-en-platre-pour-votre-eglise\/#article","isPartOf":{"@id":"https:\/\/blog.holyart.it\/fr\/articles-religieux\/5-statues-religieuses-en-platre-pour-votre-eglise\/"},"author":{"name":"Redazione","@id":"https:\/\/blog.holyart.it\/fr\/#\/schema\/person\/0a7b686e5af0f856ec1e390dd0baecda"},"headline":"5 statues religieuses en pl\u00e2tre pour votre \u00e9glise","datePublished":"2020-09-16T14:12:56+00:00","dateModified":"2022-10-17T10:25:24+00:00","mainEntityOfPage":{"@id":"https:\/\/blog.holyart.it\/fr\/articles-religieux\/5-statues-religieuses-en-platre-pour-votre-eglise\/"},"wordCount":1328,"publisher":{"@id":"https:\/\/blog.holyart.it\/fr\/#organization"},"image":{"@id":"https:\/\/blog.holyart.it\/fr\/articles-religieux\/5-statues-religieuses-en-platre-pour-votre-eglise\/#primaryimage"},"thumbnailUrl":"https:\/\/blog.holyart.it\/fr\/wp-content\/uploads\/sites\/14\/2020\/11\/5-statues-religieuses-en-platre-pour-votre-eglise.jpg","articleSection":["Religion"],"inLanguage":"fr-FR"},{"@type":"WebPage","@id":"https:\/\/blog.holyart.it\/fr\/articles-religieux\/5-statues-religieuses-en-platre-pour-votre-eglise\/","url":"https:\/\/blog.holyart.it\/fr\/articles-religieux\/5-statues-religieuses-en-platre-pour-votre-eglise\/","name":"5 statues religieuses en pl\u00e2tre pour votre \u00e9glise - Holyart.fr Blog","isPartOf":{"@id":"https:\/\/blog.holyart.it\/fr\/#website"},"primaryImageOfPage":{"@id":"https:\/\/blog.holyart.it\/fr\/articles-religieux\/5-statues-religieuses-en-platre-pour-votre-eglise\/#primaryimage"},"image":{"@id":"https:\/\/blog.holyart.it\/fr\/articles-religieux\/5-statues-religieuses-en-platre-pour-votre-eglise\/#primaryimage"},"thumbnailUrl":"https:\/\/blog.holyart.it\/fr\/wp-content\/uploads\/sites\/14\/2020\/11\/5-statues-religieuses-en-platre-pour-votre-eglise.jpg","datePublished":"2020-09-16T14:12:56+00:00","dateModified":"2022-10-17T10:25:24+00:00","description":"Les statues religieuses que nous trouvons \u00e0 l\u2019\u00e9glise doivent pas \u00eatre consid\u00e9r\u00e9es comme partie int\u00e9grante de la profession de foi de chaque chr\u00e9tien","breadcrumb":{"@id":"https:\/\/blog.holyart.it\/fr\/articles-religieux\/5-statues-religieuses-en-platre-pour-votre-eglise\/#breadcrumb"},"inLanguage":"fr-FR","potentialAction":[{"@type":"ReadAction","target":["https:\/\/blog.holyart.it\/fr\/articles-religieux\/5-statues-religieuses-en-platre-pour-votre-eglise\/"]}]},{"@type":"ImageObject","inLanguage":"fr-FR","@id":"https:\/\/blog.holyart.it\/fr\/articles-religieux\/5-statues-religieuses-en-platre-pour-votre-eglise\/#primaryimage","url":"https:\/\/blog.holyart.it\/fr\/wp-content\/uploads\/sites\/14\/2020\/11\/5-statues-religieuses-en-platre-pour-votre-eglise.jpg","contentUrl":"https:\/\/blog.holyart.it\/fr\/wp-content\/uploads\/sites\/14\/2020\/11\/5-statues-religieuses-en-platre-pour-votre-eglise.jpg","width":1280,"height":856,"caption":"5 statues religieuses en platre pour votre eglise"},{"@type":"BreadcrumbList","@id":"https:\/\/blog.holyart.it\/fr\/articles-religieux\/5-statues-religieuses-en-platre-pour-votre-eglise\/#breadcrumb","itemListElement":[{"@type":"ListItem","position":1,"name":"Homepage","item":"https:\/\/blog.holyart.it\/fr\/"},{"@type":"ListItem","position":2,"name":"Religion","item":"https:\/\/blog.holyart.it\/fr\/articles-religieux\/"},{"@type":"ListItem","position":3,"name":"5 statues religieuses en pl\u00e2tre pour votre \u00e9glise"}]},{"@type":"WebSite","@id":"https:\/\/blog.holyart.it\/fr\/#website","url":"https:\/\/blog.holyart.it\/fr\/","name":"Holyart.fr Blog","description":"Holyblog","publisher":{"@id":"https:\/\/blog.holyart.it\/fr\/#organization"},"potentialAction":[{"@type":"SearchAction","target":{"@type":"EntryPoint","urlTemplate":"https:\/\/blog.holyart.it\/fr\/?s={search_term_string}"},"query-input":{"@type":"PropertyValueSpecification","valueRequired":true,"valueName":"search_term_string"}}],"inLanguage":"fr-FR"},{"@type":"Organization","@id":"https:\/\/blog.holyart.it\/fr\/#organization","name":"Holyart.fr Blog","url":"https:\/\/blog.holyart.it\/fr\/","logo":{"@type":"ImageObject","inLanguage":"fr-FR","@id":"https:\/\/blog.holyart.it\/fr\/#\/schema\/logo\/image\/","url":"https:\/\/blog.holyart.it\/fr\/wp-content\/uploads\/sites\/14\/2022\/12\/Holyart_Blog_Logo.jpg","contentUrl":"https:\/\/blog.holyart.it\/fr\/wp-content\/uploads\/sites\/14\/2022\/12\/Holyart_Blog_Logo.jpg","width":300,"height":50,"caption":"Holyart.fr Blog"},"image":{"@id":"https:\/\/blog.holyart.it\/fr\/#\/schema\/logo\/image\/"}},{"@type":"Person","@id":"https:\/\/blog.holyart.it\/fr\/#\/schema\/person\/0a7b686e5af0f856ec1e390dd0baecda","name":"Redazione","image":{"@type":"ImageObject","inLanguage":"fr-FR","@id":"https:\/\/blog.holyart.it\/fr\/#\/schema\/person\/image\/","url":"https:\/\/secure.gravatar.com\/avatar\/f477da817f43e50d0af36abecd33e3edf826c68299714bdc1057dff3b113f516?s=96&d=mm&r=g","contentUrl":"https:\/\/secure.gravatar.com\/avatar\/f477da817f43e50d0af36abecd33e3edf826c68299714bdc1057dff3b113f516?s=96&d=mm&r=g","caption":"Redazione"},"url":"https:\/\/blog.holyart.it\/fr\/author\/admin\/"}]}},"_links":{"self":[{"href":"https:\/\/blog.holyart.it\/fr\/wp-json\/wp\/v2\/posts\/2144","targetHints":{"allow":["GET"]}}],"collection":[{"href":"https:\/\/blog.holyart.it\/fr\/wp-json\/wp\/v2\/posts"}],"about":[{"href":"https:\/\/blog.holyart.it\/fr\/wp-json\/wp\/v2\/types\/post"}],"author":[{"embeddable":true,"href":"https:\/\/blog.holyart.it\/fr\/wp-json\/wp\/v2\/users\/1"}],"replies":[{"embeddable":true,"href":"https:\/\/blog.holyart.it\/fr\/wp-json\/wp\/v2\/comments?post=2144"}],"version-history":[{"count":0,"href":"https:\/\/blog.holyart.it\/fr\/wp-json\/wp\/v2\/posts\/2144\/revisions"}],"wp:featuredmedia":[{"embeddable":true,"href":"https:\/\/blog.holyart.it\/fr\/wp-json\/wp\/v2\/media\/2145"}],"wp:attachment":[{"href":"https:\/\/blog.holyart.it\/fr\/wp-json\/wp\/v2\/media?parent=2144"}],"wp:term":[{"taxonomy":"category","embeddable":true,"href":"https:\/\/blog.holyart.it\/fr\/wp-json\/wp\/v2\/categories?post=2144"},{"taxonomy":"post_tag","embeddable":true,"href":"https:\/\/blog.holyart.it\/fr\/wp-json\/wp\/v2\/tags?post=2144"}],"curies":[{"name":"wp","href":"https:\/\/api.w.org\/{rel}","templated":true}]}}