{"id":2136,"date":"2020-09-09T15:56:54","date_gmt":"2020-09-09T13:56:54","guid":{"rendered":"https:\/\/blog.holyart.it\/fr\/?p=2136"},"modified":"2022-10-17T10:51:58","modified_gmt":"2022-10-17T08:51:58","slug":"10-voiles-de-lutrin-pour-votre-eglise","status":"publish","type":"post","link":"https:\/\/blog.holyart.it\/fr\/accessoires-pour-la-liturgie\/10-voiles-de-lutrin-pour-votre-eglise\/","title":{"rendered":"10 voiles de lutrin pour votre \u00e9glise"},"content":{"rendered":"<h4 style=\"text-align: center;\"><em>Le voile de lutrin en tissu, une pi\u00e8ce de mobilier liturgique apparemment simple, mais qui cache en soi une vaste gamme de significations tout sauf banaux. D\u00e9couvrons-les ensemble.<\/em><\/h4>\n\n<p>Rien dans la liturgie n\u2019est laiss\u00e9 au hasard. Chaque geste, chaque mot, chaque objet contribuent \u00e0 cr\u00e9er le contexte c\u00e9l\u00e9brait \u00e0 l\u2019int\u00e9rieur duquel le pr\u00eatre et les fid\u00e8les \u00e9voluent en poursuivant le m\u00eame myst\u00e8re, simplement de deux points de vue diff\u00e9rents. Il n\u2019y a que cette tendance commune vers le myst\u00e8re par excellence qui rend possible le renouvellement, jour apr\u00e8s jour, messe apr\u00e8s messe, du sens de religiosit\u00e9 typique de la foi chr\u00e9tienne. Mais, pour faire en sorte que ce rituel commun soit vraiment efficace, il faut que tout ce qui le compose joue son r\u00f4le au mieux.<\/p>\n<p>Pour cette raison, le mobilier d\u2019\u00e9glise et les accessoires liturgiques sont si pr\u00e9cieux et importants. Leurs formes fixes, codifi\u00e9es au cours du temps, font partie int\u00e9grante de l\u2019expression religieuse, pas moins que les formules liturgiques, les pri\u00e8res et les gestes qui composent le rituel. Et, tout comme les mots et les gestes, le <a href=\"https:\/\/www.holyart.fr\/accessoires-pour-la-liturgie\/mobilier-deglise\"><strong>mobilier d\u2019\u00e9glise<\/strong><\/a> aussi a tendance \u00e0 \u00eatre le plus possible simple et reconnaissable, accessible \u00e0 tous, justement parce que dans leur simplicit\u00e9 r\u00e9side l\u2019efficacit\u00e9 du message chr\u00e9tien.<\/p>\n<p>De cette mani\u00e8re, un objet apparemment banal, comme un <a href=\"https:\/\/www.holyart.fr\/accessoires-pour-la-liturgie\/vetements-liturgiques-et-linges-dautel\/voiles-de-lutrin\"><strong>voile de lutrin<\/strong><\/a>, assume un r\u00f4le de premi\u00e8re importance, il est pr\u00e9cieux, n\u00e9cessaire pour que le rite s\u2019accomplisse de la meilleure des mani\u00e8res. Le voile de lutrin sert, comme son nom l\u2019indique, pour recouvrir et d\u00e9corer le lutrin sur lequel sont pos\u00e9s les textes sacr\u00e9s pendant la messe et les diff\u00e9rentes c\u00e9l\u00e9brations. Il peut \u00e9galement \u00eatre utilis\u00e9 pour d\u00e9corer l\u2019ambon, la structure sur\u00e9lev\u00e9e depuis laquelle est diffus\u00e9e la Parole de Dieu.<\/p>\n<div class=\"link-article\">\n<p><img loading=\"lazy\" decoding=\"async\" class=\"alignnone size-full wp-image-2138\" src=\"https:\/\/blog.holyart.it\/fr\/wp-content\/uploads\/sites\/14\/2020\/11\/Pupitres-et-lutrin-768x511.jpg\" alt=\"Pupitres-et-lutrin-768x511\" width=\"150\" height=\"99\" data-kale-share-title=\"10 voiles de lutrin pour votre \u00e9glise\" data-kale-share-url=\"https:\/\/blog.holyart.it\/fr\/?p=2136\" \/><\/p>\n<div class=\"leggi-anche\">Lire aussi :<\/div>\n<p><strong><a href=\"https:\/\/www.holyart.fr\/blog\/articles-religieux\/pupitres-et-lutrin-en-plexiglas-ou-en-bois-votre-confort-na-pas-de-prix\/\">Pupitres et lutrin en plexiglas ou en bois ?<\/a><\/strong><br \/>\nQui n\u2019a jamais \u00e9t\u00e9 fascin\u00e9 par un lutrin en bois, qui soutient un livre volumineux et ancien ?<\/p>\n<\/div>\n<p>Comme depuis toujours pour tout le mobilier d\u2019\u00e9glise, la richesse de la coupe et des d\u00e9corations, le choix du tissu, les mat\u00e9riaux pr\u00e9cieux, utilis\u00e9s pour r\u00e9aliser un voile de lutrin brod\u00e9 ou un voile pour ambon, font partie du rituel, en exaltent l\u2019importance, la solennit\u00e9, la noblesse, au-del\u00e0 de toute expression symbolique.<br \/>\nLa r\u00e9alisation m\u00eame du voile de lutrin, qui suit des dessins traditionnels, simples et pourtant rendus complexes par la valeur qui leur a \u00e9t\u00e9 attribu\u00e9e au cours du temps, conf\u00e8re \u00e0 cet objet une signification th\u00e9ologique pr\u00e9cise.<\/p>\n<p>Bien \u00e9videmment, comme pour tout le mobilier liturgique, si autrefois m\u00eame les voiles de lutrin \u00e9taient consid\u00e9r\u00e9s comme des objets pr\u00e9cieux, qui demandaient l\u2019utilisation de mat\u00e9riaux de valeur pour \u00eatre confectionn\u00e9s, aujourd\u2019hui on trouve facilement des voiles de lutrin \u00e9conomiques \u00e9galement, en tissu synth\u00e9tique, qui maintiennent toutefois toute la valeur spirituelle de laquelle ces objets doivent \u00eatre investis. Pensons par exemple au <em>voile de lutrin franciscain<\/em>, simple, souvent d\u00e9pourvu de d\u00e9corations, ou qui pr\u00e9sente au plus les symboles de l\u2019Ordre franciscain, comme le Tau ou le bras de Christ qui croise celui <a href=\"https:\/\/www.holyart.fr\/blog\/articles-religieux\/pretre-frere-moine\/\"><strong>habill\u00e9 de l\u2019habit typique de l\u2019Ordre<\/strong><\/a> avec une croix rayonnante en arri\u00e8re-plan, brod\u00e9s ou imprim\u00e9s.<\/p>\n<p>Le <strong>Chemin N\u00e9ocat\u00e9chum\u00e9nal<\/strong> aussi, toujours attentif aux symboles et aux objets, a relanc\u00e9 l\u2019importance du voile de lutrin non seulement en tant que pi\u00e8ce de mobilier liturgique dans les \u00e9glises, mais \u00e9galement en tant qu\u2019accessoire pr\u00e9cieux dans la maison de chaque fid\u00e8le, afin de mieux conserver les Saintes \u00c9critures. Rappelons que le Chemin N\u00e9ocat\u00e9chum\u00e9nal nait en Espagne en 1964, en tant qu\u2019instrument pour rallumer la foi en ceux qui l\u2019avait perdue, ou en ceux qui n\u2019ont pas pu, pour des raisons diverses et vari\u00e9es, la cultiver de mani\u00e8re ad\u00e9quate.<\/p>\n<p>Ce mouvement s\u2019inspirait de l\u2019\u00e9glise primitive et s\u2019adressait, au d\u00e9but, aux \u00e9migrants, gitans, vagabonds, prostitu\u00e9es, immigr\u00e9s, souvent analphab\u00e8tes, afin de leur amener le message d\u2019espoir de Christ ressuscit\u00e9. Aujourd\u2019hui, le Chemin N\u00e9ocat\u00e9chum\u00e9nal a \u00e9t\u00e9 officiellement reconnu par <a href=\"https:\/\/www.holyart.fr\/occasions-speciales\/jean-paul-ii\"><strong>Jean-Paul II<\/strong><\/a> et, ensuite, \u00e9galement pas Beno\u00eet XVI, et compte de plus en plus de disciples. Son but est de diffuser une nouvelle approche qui permette de vivre l\u2019\u00c9vangile avec profondeur, mais \u00e9galement de mani\u00e8re compatible avec les exigences des temps modernes.<\/p>\n<p>Avec cette finalit\u00e9, le Chemin N\u00e9ocat\u00e9chum\u00e9nal est devenu un instrument qui soutient et assiste les paroisses dans l\u2019\u0153uvre de r\u00e9cup\u00e9ration de ceux qui se sont \u00e9loign\u00e9s de la foi ou qui ne s\u2019en sont jamais approch\u00e9s, mais aimeraient le faire, comme ceux qui ont \u00e9t\u00e9 baptis\u00e9s, mais se sont ensuite \u00e9loign\u00e9s de l\u2019\u00e9glise, mais aussi les pr\u00eatres qui souhaitent enrichir leur propre parcours spirituel. Le voile de lutrin n\u00e9ocat\u00e9chum\u00e9nal devient dans ce contexte un instrument de valorisation des <a href=\"https:\/\/www.holyart.fr\/articles-religieux\/livres-sacres\/\"><strong>textes sacr\u00e9s<\/strong><\/a>, mais \u00e9galement de rapprochement aux Saintes \u00c9critures, par sa valeur symbolique et son lien fort avec la tradition, mais aussi par les stimulations visuelles qu\u2019il peut offrir.<\/p>\n<p>Naturellement le voile de lutrin aussi, comme tous les ornements liturgiques et les accessoires en tissu utilis\u00e9s dans une \u00e9glise, suit le <strong>symbolisme des couleurs liturgiques<\/strong> et est remplac\u00e9 en fonction de la p\u00e9riode du calendrier liturgique dans laquelle on se trouve. Voici un bref sch\u00e9ma pour d\u00e9chiffrer les couleurs du voile de lutrin dans les diff\u00e9rentes occasions :<\/p>\n<ul>\n<li><a href=\"https:\/\/www.holyart.fr\/accessoires-pour-la-liturgie\/vetements-liturgiques-et-linges-dautel\/voiles-de-lutrin?sorter_id=0&amp;12%5B%5D=36&amp;p_min=&amp;p_max=\"><strong>voile de lutrin rouge<\/strong>\u00a0<\/a>: il est utilis\u00e9 \u00e0 l\u2019occasion du Dimanche des Rameaux, le Vendredi saint, pour la Pentec\u00f4te, pour la F\u00eate de la Passion de Notre Seigneur, pendant les F\u00eates d\u00e9di\u00e9es aux martyrs, ap\u00f4tres et \u00e9vang\u00e9listes, pour la c\u00e9l\u00e9bration du sacrement de la Confirmation, pendant le Chemin de Croix. On pourra \u00e9ventuellement utiliser un voile de lutrin rouge aussi pour les Messes votives au Saint Esprit.<\/li>\n<li><a href=\"https:\/\/www.holyart.fr\/accessoires-pour-la-liturgie\/vetements-liturgiques-et-linges-dautel\/voiles-de-lutrin?sorter_id=0&amp;12%5B%5D=80&amp;12%5B%5D=29&amp;p_min=&amp;p_max=\"><strong>Voile de lutrin blanc ou couleur ivoire<\/strong><\/a><strong> : <\/strong>le blanc est une couleur associ\u00e9e aux solennit\u00e9s importantes, comme <a href=\"https:\/\/www.holyart.fr\/noel\"><strong>No\u00ebl<\/strong><\/a>, <a href=\"https:\/\/www.holyart.fr\/occasions-speciales\/paques-et-careme\"><strong>P\u00e2ques<\/strong><\/a>, le Jeudi saint. Le voile de lutrin blanc sera \u00e9galement utilis\u00e9 \u00e0 l\u2019occasion de la c\u00e9l\u00e9bration des Sacrements, Bapt\u00eames, Communions, Mariages, Extr\u00eame Onction, l\u2019ordination d\u2019un pr\u00eatre et, en g\u00e9n\u00e9ral, pendant l\u2019Adoration Eucharistique.<\/li>\n<li><a href=\"https:\/\/www.holyart.fr\/accessoires-pour-la-liturgie\/vetements-liturgiques-et-linges-dautel\/voiles-de-lutrin?sorter_id=0&amp;12%5B%5D=41&amp;p_min=&amp;p_max=\"><strong>Voile de lutrin violet<\/strong><\/a><strong> : <\/strong>la couleur violette est utilis\u00e9e par l\u2019\u00e9glise pendant le Car\u00eame, l\u2019Avent, le Samedi saint. Elle peut \u00e9galement \u00eatre utilis\u00e9e pour la <a href=\"https:\/\/www.holyart.fr\/articles-religieux\/articles-funeraires\"><strong>Comm\u00e9moration des d\u00e9funts<\/strong><\/a>, les funerailles et les messes de Requiem.<\/li>\n<li><a href=\"https:\/\/www.holyart.fr\/accessoires-pour-la-liturgie\/vetements-liturgiques-et-linges-dautel\/voiles-de-lutrin?sorter_id=0&amp;72%5B%5D=2155&amp;p_min=&amp;p_max=\"><strong>Voile de lutrin marial<\/strong><\/a><strong>:<\/strong>\u00a0malgr\u00e9 le fait que la couleur associ\u00e9e \u00e0 Marie et utilis\u00e9e lors des messes qui lui sont d\u00e9di\u00e9es soit le blanc, elle est parfois remplac\u00e9e par le bleu ciel, surtout dans certains pays (Espagne, Am\u00e9rique du Sud). Souvent les voiles de lutrin mariaux sont brod\u00e9s avec des symboles en or et bleu ciel, qui rappellent la Vierge.<\/li>\n<li><a href=\"https:\/\/www.holyart.fr\/accessoires-pour-la-liturgie\/vetements-liturgiques-et-linges-dautel\/voiles-de-lutrin?sorter_id=0&amp;12%5B%5D=78&amp;p_min=&amp;p_max=\"><strong>Voile de lutrin rose<\/strong><\/a><strong> :<\/strong>\u00a0la couleur rose caract\u00e9rise les c\u00e9l\u00e9brations du Troisi\u00e8me dimanche d\u2019<a href=\"https:\/\/www.holyart.fr\/noel\/avent\"><strong>Avent<\/strong><\/a> et du Quatri\u00e8me dimanche de Car\u00eame. Elle est souvent remplac\u00e9e par le violet.<\/li>\n<\/ul>\n<div class=\"link-product\">\n<div class=\"blocco-immagine\"><img loading=\"lazy\" decoding=\"async\" class=\"alignnone size-full wp-image-2141\" src=\"https:\/\/blog.holyart.it\/fr\/wp-content\/uploads\/sites\/14\/2020\/11\/voiles-de-lutrin-eglise.jpg\" alt=\"voiles de lutrin eglise\" width=\"100\" height=\"100\" data-kale-share-title=\"10 voiles de lutrin pour votre \u00e9glise\" data-kale-share-url=\"https:\/\/blog.holyart.it\/fr\/?p=2136\" \/><\/div>\n<div class=\"blocco-contenuto\">\n<div class=\"blocco-acquista\">Acheter sur Holyart:<\/div>\n<div class=\"blocco-titolo\"><a href=\"https:\/\/www.holyart.fr\/accessoires-pour-la-liturgie\/vetements-liturgiques-et-linges-dautel\/voiles-de-lutrin\">Voiles de lutrin<\/a><\/div>\n<div class=\"blocco-descrizione\">Disponibles dans les 4 couleurs liturgiques<\/div>\n<\/div>\n<\/div>\n<p>Justement parce que le voile de lutrin est une pi\u00e8ce de <a href=\"https:\/\/www.holyart.fr\/accessoires-pour-la-liturgie\/mobilier-deglise\"><strong>mobilier d\u2019\u00e9glise<\/strong><\/a> si importante et pr\u00e9cieuse, il est fondamental d\u2019en trouver un adapt\u00e9 pour chaque occasion. Ci-dessous nous vous en conseillons dix, que vous pourrez trouver dans notre site en ligne. Des produits de qualit\u00e9, tous r\u00e9alis\u00e9s par des entreprises italiennes avec des tissus s\u00e9lectionn\u00e9s, enrichis de d\u00e9corations et de broderies, les rendant des objets d\u2019une grande valeur et \u00e9l\u00e9gance.<\/p>\n","protected":false},"excerpt":{"rendered":"<p>Le voile de lutrin en tissu, une pi\u00e8ce de mobilier liturgique apparemment simple, mais qui cache en soi une vaste gamme de significations tout sauf banaux. D\u00e9couvrons-les ensemble. Rien dans la liturgie n\u2019est laiss\u00e9 au hasard. Chaque geste, chaque mot, chaque objet contribuent \u00e0 cr\u00e9er&hellip;<\/p>\n","protected":false},"author":1,"featured_media":2137,"comment_status":"closed","ping_status":"open","sticky":false,"template":"","format":"standard","meta":{"_acf_changed":false,"footnotes":""},"categories":[4,8],"tags":[],"class_list":["post-2136","post","type-post","status-publish","format-standard","has-post-thumbnail","hentry","category-accessoires-pour-la-liturgie","category-articles-religieux"],"acf":[],"yoast_head":"<!-- This site is optimized with the Yoast SEO plugin v26.6 - https:\/\/yoast.com\/wordpress\/plugins\/seo\/ -->\n<title>10 voiles de lutrin pour votre \u00e9glise - Holyart.fr Blog<\/title>\n<meta name=\"description\" content=\"Le voile de lutrin en tissu, une pi\u00e8ce de mobilier liturgique apparemment simple, mais qui cache en soi une vaste gamme de significations tout sauf banaux.\" \/>\n<meta name=\"robots\" content=\"index, follow, max-snippet:-1, max-image-preview:large, max-video-preview:-1\" \/>\n<link rel=\"canonical\" href=\"https:\/\/blog.holyart.it\/fr\/accessoires-pour-la-liturgie\/10-voiles-de-lutrin-pour-votre-eglise\/\" \/>\n<meta property=\"og:locale\" content=\"fr_FR\" \/>\n<meta property=\"og:type\" content=\"article\" \/>\n<meta property=\"og:title\" content=\"10 voiles de lutrin pour votre \u00e9glise - Holyart.fr Blog\" \/>\n<meta property=\"og:description\" content=\"Le voile de lutrin en tissu, une pi\u00e8ce de mobilier liturgique apparemment simple, mais qui cache en soi une vaste gamme de significations tout sauf banaux.\" \/>\n<meta property=\"og:url\" content=\"https:\/\/blog.holyart.it\/fr\/accessoires-pour-la-liturgie\/10-voiles-de-lutrin-pour-votre-eglise\/\" \/>\n<meta property=\"og:site_name\" content=\"Holyart.fr Blog\" \/>\n<meta property=\"article:published_time\" content=\"2020-09-09T13:56:54+00:00\" \/>\n<meta property=\"article:modified_time\" content=\"2022-10-17T08:51:58+00:00\" \/>\n<meta property=\"og:image\" content=\"https:\/\/blog.holyart.it\/fr\/wp-content\/uploads\/sites\/14\/2020\/11\/voiles-de-lutrin-pour-votre-eglise.jpg\" \/>\n\t<meta property=\"og:image:width\" content=\"1000\" \/>\n\t<meta property=\"og:image:height\" content=\"666\" \/>\n\t<meta property=\"og:image:type\" content=\"image\/jpeg\" \/>\n<meta name=\"author\" content=\"Redazione\" \/>\n<meta name=\"twitter:card\" content=\"summary_large_image\" \/>\n<meta name=\"twitter:label1\" content=\"\u00c9crit par\" \/>\n\t<meta name=\"twitter:data1\" content=\"Redazione\" \/>\n\t<meta name=\"twitter:label2\" content=\"Dur\u00e9e de lecture estim\u00e9e\" \/>\n\t<meta name=\"twitter:data2\" content=\"7 minutes\" \/>\n<script type=\"application\/ld+json\" class=\"yoast-schema-graph\">{\"@context\":\"https:\/\/schema.org\",\"@graph\":[{\"@type\":\"Article\",\"@id\":\"https:\/\/blog.holyart.it\/fr\/accessoires-pour-la-liturgie\/10-voiles-de-lutrin-pour-votre-eglise\/#article\",\"isPartOf\":{\"@id\":\"https:\/\/blog.holyart.it\/fr\/accessoires-pour-la-liturgie\/10-voiles-de-lutrin-pour-votre-eglise\/\"},\"author\":{\"name\":\"Redazione\",\"@id\":\"https:\/\/blog.holyart.it\/fr\/#\/schema\/person\/0a7b686e5af0f856ec1e390dd0baecda\"},\"headline\":\"10 voiles de lutrin pour votre \u00e9glise\",\"datePublished\":\"2020-09-09T13:56:54+00:00\",\"dateModified\":\"2022-10-17T08:51:58+00:00\",\"mainEntityOfPage\":{\"@id\":\"https:\/\/blog.holyart.it\/fr\/accessoires-pour-la-liturgie\/10-voiles-de-lutrin-pour-votre-eglise\/\"},\"wordCount\":1356,\"publisher\":{\"@id\":\"https:\/\/blog.holyart.it\/fr\/#organization\"},\"image\":{\"@id\":\"https:\/\/blog.holyart.it\/fr\/accessoires-pour-la-liturgie\/10-voiles-de-lutrin-pour-votre-eglise\/#primaryimage\"},\"thumbnailUrl\":\"https:\/\/blog.holyart.it\/fr\/wp-content\/uploads\/sites\/14\/2020\/11\/voiles-de-lutrin-pour-votre-eglise.jpg\",\"articleSection\":[\"Liturgie\",\"Religion\"],\"inLanguage\":\"fr-FR\"},{\"@type\":\"WebPage\",\"@id\":\"https:\/\/blog.holyart.it\/fr\/accessoires-pour-la-liturgie\/10-voiles-de-lutrin-pour-votre-eglise\/\",\"url\":\"https:\/\/blog.holyart.it\/fr\/accessoires-pour-la-liturgie\/10-voiles-de-lutrin-pour-votre-eglise\/\",\"name\":\"10 voiles de lutrin pour votre \u00e9glise - Holyart.fr Blog\",\"isPartOf\":{\"@id\":\"https:\/\/blog.holyart.it\/fr\/#website\"},\"primaryImageOfPage\":{\"@id\":\"https:\/\/blog.holyart.it\/fr\/accessoires-pour-la-liturgie\/10-voiles-de-lutrin-pour-votre-eglise\/#primaryimage\"},\"image\":{\"@id\":\"https:\/\/blog.holyart.it\/fr\/accessoires-pour-la-liturgie\/10-voiles-de-lutrin-pour-votre-eglise\/#primaryimage\"},\"thumbnailUrl\":\"https:\/\/blog.holyart.it\/fr\/wp-content\/uploads\/sites\/14\/2020\/11\/voiles-de-lutrin-pour-votre-eglise.jpg\",\"datePublished\":\"2020-09-09T13:56:54+00:00\",\"dateModified\":\"2022-10-17T08:51:58+00:00\",\"description\":\"Le voile de lutrin en tissu, une pi\u00e8ce de mobilier liturgique apparemment simple, mais qui cache en soi une vaste gamme de significations tout sauf banaux.\",\"breadcrumb\":{\"@id\":\"https:\/\/blog.holyart.it\/fr\/accessoires-pour-la-liturgie\/10-voiles-de-lutrin-pour-votre-eglise\/#breadcrumb\"},\"inLanguage\":\"fr-FR\",\"potentialAction\":[{\"@type\":\"ReadAction\",\"target\":[\"https:\/\/blog.holyart.it\/fr\/accessoires-pour-la-liturgie\/10-voiles-de-lutrin-pour-votre-eglise\/\"]}]},{\"@type\":\"ImageObject\",\"inLanguage\":\"fr-FR\",\"@id\":\"https:\/\/blog.holyart.it\/fr\/accessoires-pour-la-liturgie\/10-voiles-de-lutrin-pour-votre-eglise\/#primaryimage\",\"url\":\"https:\/\/blog.holyart.it\/fr\/wp-content\/uploads\/sites\/14\/2020\/11\/voiles-de-lutrin-pour-votre-eglise.jpg\",\"contentUrl\":\"https:\/\/blog.holyart.it\/fr\/wp-content\/uploads\/sites\/14\/2020\/11\/voiles-de-lutrin-pour-votre-eglise.jpg\",\"width\":1000,\"height\":666,\"caption\":\"voiles de lutrin pour votre eglise\"},{\"@type\":\"BreadcrumbList\",\"@id\":\"https:\/\/blog.holyart.it\/fr\/accessoires-pour-la-liturgie\/10-voiles-de-lutrin-pour-votre-eglise\/#breadcrumb\",\"itemListElement\":[{\"@type\":\"ListItem\",\"position\":1,\"name\":\"Homepage\",\"item\":\"https:\/\/blog.holyart.it\/fr\/\"},{\"@type\":\"ListItem\",\"position\":2,\"name\":\"Liturgie\",\"item\":\"https:\/\/blog.holyart.it\/fr\/accessoires-pour-la-liturgie\/\"},{\"@type\":\"ListItem\",\"position\":3,\"name\":\"10 voiles de lutrin pour votre \u00e9glise\"}]},{\"@type\":\"WebSite\",\"@id\":\"https:\/\/blog.holyart.it\/fr\/#website\",\"url\":\"https:\/\/blog.holyart.it\/fr\/\",\"name\":\"Holyart.fr Blog\",\"description\":\"Holyblog\",\"publisher\":{\"@id\":\"https:\/\/blog.holyart.it\/fr\/#organization\"},\"potentialAction\":[{\"@type\":\"SearchAction\",\"target\":{\"@type\":\"EntryPoint\",\"urlTemplate\":\"https:\/\/blog.holyart.it\/fr\/?s={search_term_string}\"},\"query-input\":{\"@type\":\"PropertyValueSpecification\",\"valueRequired\":true,\"valueName\":\"search_term_string\"}}],\"inLanguage\":\"fr-FR\"},{\"@type\":\"Organization\",\"@id\":\"https:\/\/blog.holyart.it\/fr\/#organization\",\"name\":\"Holyart.fr Blog\",\"url\":\"https:\/\/blog.holyart.it\/fr\/\",\"logo\":{\"@type\":\"ImageObject\",\"inLanguage\":\"fr-FR\",\"@id\":\"https:\/\/blog.holyart.it\/fr\/#\/schema\/logo\/image\/\",\"url\":\"https:\/\/blog.holyart.it\/fr\/wp-content\/uploads\/sites\/14\/2022\/12\/Holyart_Blog_Logo.jpg\",\"contentUrl\":\"https:\/\/blog.holyart.it\/fr\/wp-content\/uploads\/sites\/14\/2022\/12\/Holyart_Blog_Logo.jpg\",\"width\":300,\"height\":50,\"caption\":\"Holyart.fr Blog\"},\"image\":{\"@id\":\"https:\/\/blog.holyart.it\/fr\/#\/schema\/logo\/image\/\"}},{\"@type\":\"Person\",\"@id\":\"https:\/\/blog.holyart.it\/fr\/#\/schema\/person\/0a7b686e5af0f856ec1e390dd0baecda\",\"name\":\"Redazione\",\"image\":{\"@type\":\"ImageObject\",\"inLanguage\":\"fr-FR\",\"@id\":\"https:\/\/blog.holyart.it\/fr\/#\/schema\/person\/image\/\",\"url\":\"https:\/\/secure.gravatar.com\/avatar\/f477da817f43e50d0af36abecd33e3edf826c68299714bdc1057dff3b113f516?s=96&d=mm&r=g\",\"contentUrl\":\"https:\/\/secure.gravatar.com\/avatar\/f477da817f43e50d0af36abecd33e3edf826c68299714bdc1057dff3b113f516?s=96&d=mm&r=g\",\"caption\":\"Redazione\"},\"url\":\"https:\/\/blog.holyart.it\/fr\/author\/admin\/\"}]}<\/script>\n<!-- \/ Yoast SEO plugin. -->","yoast_head_json":{"title":"10 voiles de lutrin pour votre \u00e9glise - Holyart.fr Blog","description":"Le voile de lutrin en tissu, une pi\u00e8ce de mobilier liturgique apparemment simple, mais qui cache en soi une vaste gamme de significations tout sauf banaux.","robots":{"index":"index","follow":"follow","max-snippet":"max-snippet:-1","max-image-preview":"max-image-preview:large","max-video-preview":"max-video-preview:-1"},"canonical":"https:\/\/blog.holyart.it\/fr\/accessoires-pour-la-liturgie\/10-voiles-de-lutrin-pour-votre-eglise\/","og_locale":"fr_FR","og_type":"article","og_title":"10 voiles de lutrin pour votre \u00e9glise - Holyart.fr Blog","og_description":"Le voile de lutrin en tissu, une pi\u00e8ce de mobilier liturgique apparemment simple, mais qui cache en soi une vaste gamme de significations tout sauf banaux.","og_url":"https:\/\/blog.holyart.it\/fr\/accessoires-pour-la-liturgie\/10-voiles-de-lutrin-pour-votre-eglise\/","og_site_name":"Holyart.fr Blog","article_published_time":"2020-09-09T13:56:54+00:00","article_modified_time":"2022-10-17T08:51:58+00:00","og_image":[{"width":1000,"height":666,"url":"https:\/\/blog.holyart.it\/fr\/wp-content\/uploads\/sites\/14\/2020\/11\/voiles-de-lutrin-pour-votre-eglise.jpg","type":"image\/jpeg"}],"author":"Redazione","twitter_card":"summary_large_image","twitter_misc":{"\u00c9crit par":"Redazione","Dur\u00e9e de lecture estim\u00e9e":"7 minutes"},"schema":{"@context":"https:\/\/schema.org","@graph":[{"@type":"Article","@id":"https:\/\/blog.holyart.it\/fr\/accessoires-pour-la-liturgie\/10-voiles-de-lutrin-pour-votre-eglise\/#article","isPartOf":{"@id":"https:\/\/blog.holyart.it\/fr\/accessoires-pour-la-liturgie\/10-voiles-de-lutrin-pour-votre-eglise\/"},"author":{"name":"Redazione","@id":"https:\/\/blog.holyart.it\/fr\/#\/schema\/person\/0a7b686e5af0f856ec1e390dd0baecda"},"headline":"10 voiles de lutrin pour votre \u00e9glise","datePublished":"2020-09-09T13:56:54+00:00","dateModified":"2022-10-17T08:51:58+00:00","mainEntityOfPage":{"@id":"https:\/\/blog.holyart.it\/fr\/accessoires-pour-la-liturgie\/10-voiles-de-lutrin-pour-votre-eglise\/"},"wordCount":1356,"publisher":{"@id":"https:\/\/blog.holyart.it\/fr\/#organization"},"image":{"@id":"https:\/\/blog.holyart.it\/fr\/accessoires-pour-la-liturgie\/10-voiles-de-lutrin-pour-votre-eglise\/#primaryimage"},"thumbnailUrl":"https:\/\/blog.holyart.it\/fr\/wp-content\/uploads\/sites\/14\/2020\/11\/voiles-de-lutrin-pour-votre-eglise.jpg","articleSection":["Liturgie","Religion"],"inLanguage":"fr-FR"},{"@type":"WebPage","@id":"https:\/\/blog.holyart.it\/fr\/accessoires-pour-la-liturgie\/10-voiles-de-lutrin-pour-votre-eglise\/","url":"https:\/\/blog.holyart.it\/fr\/accessoires-pour-la-liturgie\/10-voiles-de-lutrin-pour-votre-eglise\/","name":"10 voiles de lutrin pour votre \u00e9glise - Holyart.fr Blog","isPartOf":{"@id":"https:\/\/blog.holyart.it\/fr\/#website"},"primaryImageOfPage":{"@id":"https:\/\/blog.holyart.it\/fr\/accessoires-pour-la-liturgie\/10-voiles-de-lutrin-pour-votre-eglise\/#primaryimage"},"image":{"@id":"https:\/\/blog.holyart.it\/fr\/accessoires-pour-la-liturgie\/10-voiles-de-lutrin-pour-votre-eglise\/#primaryimage"},"thumbnailUrl":"https:\/\/blog.holyart.it\/fr\/wp-content\/uploads\/sites\/14\/2020\/11\/voiles-de-lutrin-pour-votre-eglise.jpg","datePublished":"2020-09-09T13:56:54+00:00","dateModified":"2022-10-17T08:51:58+00:00","description":"Le voile de lutrin en tissu, une pi\u00e8ce de mobilier liturgique apparemment simple, mais qui cache en soi une vaste gamme de significations tout sauf banaux.","breadcrumb":{"@id":"https:\/\/blog.holyart.it\/fr\/accessoires-pour-la-liturgie\/10-voiles-de-lutrin-pour-votre-eglise\/#breadcrumb"},"inLanguage":"fr-FR","potentialAction":[{"@type":"ReadAction","target":["https:\/\/blog.holyart.it\/fr\/accessoires-pour-la-liturgie\/10-voiles-de-lutrin-pour-votre-eglise\/"]}]},{"@type":"ImageObject","inLanguage":"fr-FR","@id":"https:\/\/blog.holyart.it\/fr\/accessoires-pour-la-liturgie\/10-voiles-de-lutrin-pour-votre-eglise\/#primaryimage","url":"https:\/\/blog.holyart.it\/fr\/wp-content\/uploads\/sites\/14\/2020\/11\/voiles-de-lutrin-pour-votre-eglise.jpg","contentUrl":"https:\/\/blog.holyart.it\/fr\/wp-content\/uploads\/sites\/14\/2020\/11\/voiles-de-lutrin-pour-votre-eglise.jpg","width":1000,"height":666,"caption":"voiles de lutrin pour votre eglise"},{"@type":"BreadcrumbList","@id":"https:\/\/blog.holyart.it\/fr\/accessoires-pour-la-liturgie\/10-voiles-de-lutrin-pour-votre-eglise\/#breadcrumb","itemListElement":[{"@type":"ListItem","position":1,"name":"Homepage","item":"https:\/\/blog.holyart.it\/fr\/"},{"@type":"ListItem","position":2,"name":"Liturgie","item":"https:\/\/blog.holyart.it\/fr\/accessoires-pour-la-liturgie\/"},{"@type":"ListItem","position":3,"name":"10 voiles de lutrin pour votre \u00e9glise"}]},{"@type":"WebSite","@id":"https:\/\/blog.holyart.it\/fr\/#website","url":"https:\/\/blog.holyart.it\/fr\/","name":"Holyart.fr Blog","description":"Holyblog","publisher":{"@id":"https:\/\/blog.holyart.it\/fr\/#organization"},"potentialAction":[{"@type":"SearchAction","target":{"@type":"EntryPoint","urlTemplate":"https:\/\/blog.holyart.it\/fr\/?s={search_term_string}"},"query-input":{"@type":"PropertyValueSpecification","valueRequired":true,"valueName":"search_term_string"}}],"inLanguage":"fr-FR"},{"@type":"Organization","@id":"https:\/\/blog.holyart.it\/fr\/#organization","name":"Holyart.fr Blog","url":"https:\/\/blog.holyart.it\/fr\/","logo":{"@type":"ImageObject","inLanguage":"fr-FR","@id":"https:\/\/blog.holyart.it\/fr\/#\/schema\/logo\/image\/","url":"https:\/\/blog.holyart.it\/fr\/wp-content\/uploads\/sites\/14\/2022\/12\/Holyart_Blog_Logo.jpg","contentUrl":"https:\/\/blog.holyart.it\/fr\/wp-content\/uploads\/sites\/14\/2022\/12\/Holyart_Blog_Logo.jpg","width":300,"height":50,"caption":"Holyart.fr Blog"},"image":{"@id":"https:\/\/blog.holyart.it\/fr\/#\/schema\/logo\/image\/"}},{"@type":"Person","@id":"https:\/\/blog.holyart.it\/fr\/#\/schema\/person\/0a7b686e5af0f856ec1e390dd0baecda","name":"Redazione","image":{"@type":"ImageObject","inLanguage":"fr-FR","@id":"https:\/\/blog.holyart.it\/fr\/#\/schema\/person\/image\/","url":"https:\/\/secure.gravatar.com\/avatar\/f477da817f43e50d0af36abecd33e3edf826c68299714bdc1057dff3b113f516?s=96&d=mm&r=g","contentUrl":"https:\/\/secure.gravatar.com\/avatar\/f477da817f43e50d0af36abecd33e3edf826c68299714bdc1057dff3b113f516?s=96&d=mm&r=g","caption":"Redazione"},"url":"https:\/\/blog.holyart.it\/fr\/author\/admin\/"}]}},"_links":{"self":[{"href":"https:\/\/blog.holyart.it\/fr\/wp-json\/wp\/v2\/posts\/2136","targetHints":{"allow":["GET"]}}],"collection":[{"href":"https:\/\/blog.holyart.it\/fr\/wp-json\/wp\/v2\/posts"}],"about":[{"href":"https:\/\/blog.holyart.it\/fr\/wp-json\/wp\/v2\/types\/post"}],"author":[{"embeddable":true,"href":"https:\/\/blog.holyart.it\/fr\/wp-json\/wp\/v2\/users\/1"}],"replies":[{"embeddable":true,"href":"https:\/\/blog.holyart.it\/fr\/wp-json\/wp\/v2\/comments?post=2136"}],"version-history":[{"count":0,"href":"https:\/\/blog.holyart.it\/fr\/wp-json\/wp\/v2\/posts\/2136\/revisions"}],"wp:featuredmedia":[{"embeddable":true,"href":"https:\/\/blog.holyart.it\/fr\/wp-json\/wp\/v2\/media\/2137"}],"wp:attachment":[{"href":"https:\/\/blog.holyart.it\/fr\/wp-json\/wp\/v2\/media?parent=2136"}],"wp:term":[{"taxonomy":"category","embeddable":true,"href":"https:\/\/blog.holyart.it\/fr\/wp-json\/wp\/v2\/categories?post=2136"},{"taxonomy":"post_tag","embeddable":true,"href":"https:\/\/blog.holyart.it\/fr\/wp-json\/wp\/v2\/tags?post=2136"}],"curies":[{"name":"wp","href":"https:\/\/api.w.org\/{rel}","templated":true}]}}