{"id":2104,"date":"2020-08-08T16:11:29","date_gmt":"2020-08-08T14:11:29","guid":{"rendered":"https:\/\/blog.holyart.it\/fr\/?p=2104"},"modified":"2023-07-27T14:24:17","modified_gmt":"2023-07-27T12:24:17","slug":"la-hierarchie-ecclesiastique-dans-leglise-catholique","status":"publish","type":"post","link":"https:\/\/blog.holyart.it\/fr\/accessoires-pour-la-liturgie\/la-hierarchie-ecclesiastique-dans-leglise-catholique\/","title":{"rendered":"La hi\u00e9rarchie eccl\u00e9siastique dans l\u2019\u00c9glise Catholique"},"content":{"rendered":"<h4 style=\"text-align: center;\"><em>L\u2019\u00e9glise est une institution tr\u00e8s vaste et complexe. En tant que telle, elle a besoin d\u2019une hi\u00e9rarchie bien d\u00e9finie qui a pris forme avec le temps. D\u00e9couvrons quelque chose de plus sur la hi\u00e9rarchie eccl\u00e9siastique dans l\u2019\u00c9glise Catholique.<\/em><\/h4>\n\n<p>Qu\u2019entendons-nous par hi\u00e9rarchie eccl\u00e9siastique ? Quand J\u00e9sus a fond\u00e9 l\u2019\u00e9glise, le mod\u00e8le duquel il est parti a \u00e9t\u00e9 celui de la communaut\u00e9 compos\u00e9e par Lui, ses ap\u00f4tres et les diff\u00e9rents disciples. Dans une certaine mesure, cette premi\u00e8re d\u00e9finition hi\u00e9rarchique est rest\u00e9e \u00e0 la base de la hi\u00e9rarchie de l\u2019\u00e9glise catholique comme nous la connaissons.<\/p>\n<p>Le <strong>Pape<\/strong>, \u00e9v\u00eaque de Rome, est le successeur de Saint Pierre, d\u00e9sign\u00e9 par J\u00e9sus en tant que ma\u00eetre et fondateur de l\u2019\u00c9glise Catholique.<\/p>\n<p>Les <strong>\u00c9v\u00eaques<\/strong>, \u00e9lus par le Pape, sont les successeurs des ap\u00f4tres.<\/p>\n<p>Bien \u00e9videmment, au fur et \u00e0 mesure que la Parole de Dieu se r\u00e9pandait dans le monde et, avec elle, l\u2019\u00e9glise, il a \u00e9t\u00e9 n\u00e9cessaire de cr\u00e9er une organisation hi\u00e9rarchique qui puisse assurer un contr\u00f4le capillaire sur le territoire et permettre d\u2019atteindre un nombre de plus en plus vaste de fid\u00e8les.<\/p>\n<p>La hi\u00e9rarchie eccl\u00e9siastique catholique comme nous la connaissons aujourd\u2019hui est le fruit d\u2019innombrables conciles et d\u00e9lib\u00e9rations. Au cours des si\u00e8cles, ayant pris part aux vicissitudes humaines, l\u2019\u00e9glise a d\u00fb d\u00e9finir une s\u00e9rie de figures cl\u00e9s, de <strong>charges eccl\u00e9siastiques<\/strong>, qui soutient le Pape et les \u00c9v\u00eaques dans leur t\u00e2che de direction et soin du peuple de Christ. Le mot <em>hi\u00e9rarchie<\/em> d\u00e9rive de deux mots grecs \u00ab\u00a0hier\u00f3s\u00a0\u00bb, <em>sacr\u00e9<\/em>, et \u00ab\u00a0arche\u00eda\u00a0\u00bb, <em>commandement<\/em>.<\/p>\n<p>La hi\u00e9rarchie de l\u2019\u00e9glise se base fondamentalement sur la facult\u00e9 au moins, de la part des ordonn\u00e9s de diff\u00e9rent niveau, d\u2019<strong>administrer ou pas les Sacrements <\/strong>et sur le pouvoir d\u2019intervenir au niveau juridictionnel, en nommant par exemple un nouvel \u00e9v\u00eaque ou en attribuant une paroisse \u00e0 un pr\u00eatre.<\/p>\n<p>Pour la premi\u00e8re question, on parle de \u00ab\u00a0potestas ordinis\u00a0\u00bb, <em>pouvoir d\u2019Ordre<\/em>, et pour la deuxi\u00e8me de \u00ab\u00a0potestas iurisdictionis\u00a0\u00bb, <em>pouvoir de juridiction<\/em>.<\/p>\n<p>Dans un article pr\u00e9c\u00e9dent d\u00e9di\u00e9 aux diacres, nous avons d\u00e9j\u00e0 expliqu\u00e9 comme le Concile Vatican II, convoqu\u00e9 par Pape Jean XXIII en 1962 et dont le travail s\u2019est prolong\u00e9 jusqu\u2019au 1965 sous le guide de Pape Paul VI, ait d\u00e9fini l\u2019organisation moderne de l\u2019\u00c9glise et de l\u2019ordre eccl\u00e9siastique. Le clerg\u00e9 comme nous le connaissons, et qui comprend tous ceux qui ont re\u00e7u l\u2019Ordination, est compos\u00e9 de <strong>trois degr\u00e9s eccl\u00e9siastiques principaux<\/strong>\u00a0: les <strong>\u00c9v\u00eaques<\/strong>, les <strong>Presbytres <\/strong>et les <strong>Diacres<\/strong>, qui constituent <strong>l\u2019\u00e9chelle hi\u00e9rarchique de l\u2019\u00e9glise<\/strong>.<\/p>\n<div class=\"link-article\">\n<p><img loading=\"lazy\" decoding=\"async\" class=\"alignnone size-full wp-image-2107\" src=\"https:\/\/blog.holyart.it\/fr\/wp-content\/uploads\/sites\/14\/2020\/10\/Comment-devenir-diacre-fonctions-et-formation.jpg\" alt=\"Comment devenir diacre fonctions et formation\" width=\"150\" height=\"99\" data-kale-share-title=\"La hi\u00e9rarchie eccl\u00e9siastique dans l\u2019\u00c9glise Catholique\" data-kale-share-url=\"https:\/\/blog.holyart.it\/fr\/?p=2104\" \/><\/p>\n<div class=\"leggi-anche\">Lire aussi :<\/div>\n<p><strong><a href=\"https:\/\/www.holyart.fr\/blog\/articles-religieux\/comment-devenir-diacre-fonctions-et-formation\/\">Comment devenir diacre : fonctions et formation<\/a><\/strong><br \/>\nQui est le diacre et que fait-il ? Comment devenir diacre ? D\u00e9couvrons quelque chose de plus sur cette figure&#8230;<\/p>\n<\/div>\n<h2>Premier niveau<\/h2>\n<p>Au sommet de la hi\u00e9rarchie eccl\u00e9siastique, nous avons d\u00e9j\u00e0 indiqu\u00e9 le <strong>Pape<\/strong> en tant qu\u2019\u00c9v\u00eaque de Rome et chef supr\u00eame de l\u2019\u00c9glise. Sa charge est \u00e0 vie.<\/p>\n<p>Apr\u00e8s lui, par importance, nous retrouvons les <strong>Cardinaux<\/strong>. En effet, les autres <strong>\u00e9v\u00eaques<\/strong> sont consid\u00e9r\u00e9s comme \u00e9tant les successeurs des ap\u00f4tres et sont nomm\u00e9s par le Pape, mais certains parmi eux peuvent \u00eatre \u00e9lev\u00e9s \u00e0 la charge de <strong>Cardinaux<\/strong>, toujours par sa volont\u00e9.<\/p>\n<h2>Quelle est la diff\u00e9rence entre \u00e9v\u00eaque et cardinal ?<\/h2>\n<div class=\"link-product\">\n<div class=\"blocco-immagine\"><img loading=\"lazy\" decoding=\"async\" class=\"alignnone size-full wp-image-2108\" src=\"https:\/\/blog.holyart.it\/fr\/wp-content\/uploads\/sites\/14\/2020\/10\/dalmatiques.jpg\" alt=\"dalmatiques\" width=\"100\" height=\"100\" data-kale-share-title=\"La hi\u00e9rarchie eccl\u00e9siastique dans l\u2019\u00c9glise Catholique\" data-kale-share-url=\"https:\/\/blog.holyart.it\/fr\/?p=2104\" \/><\/div>\n<div class=\"blocco-contenuto\">\n<div class=\"blocco-acquista\">Acheter sur Holyart:<\/div>\n<div class=\"blocco-titolo\"><a href=\"https:\/\/www.holyart.fr\/accessoires-pour-la-liturgie\/vetements-liturgiques-et-linges-dautel\">V\u00eatements liturgiques et linges d&rsquo;autel<\/a><\/div>\n<div class=\"blocco-descrizione\">Chasubles, \u00e9toles, linges d&rsquo;autel, voiles de lutrin &#8230;<\/div>\n<\/div>\n<\/div>\n<p>Les <strong>Cardinaux<\/strong> doivent aider le Pape \u00e0 administrer l\u2019\u00e9glise. Pour le faire ils sont r\u00e9unis dans le Coll\u00e8ge des Cardinaux ou Coll\u00e8ge Sacr\u00e9. Ils doivent en outre participer au conclave, i.e. l\u2019\u00e9lection du nouveau Pape. La couleur qui caract\u00e9rise les cardinaux est le <strong>rouge<\/strong> <strong>pourpre<\/strong> et le terme avec lequel on s\u2019adresse \u00e0 eux est <em>Votre \u00c9minence<\/em>.<\/p>\n<p>Les <strong>\u00c9v\u00eaques<\/strong>, par contre, obtiennent leur charge \u00e0 travers l\u2019<strong>ordination \u00e9piscopale<\/strong>. Les \u00c9v\u00eaques, tout comme les presbytres et les cardinaux, prennent leur retraite \u00e0 75 ans. Leurs charges sont de conduire le <strong>dioc\u00e8se<\/strong>, les \u00ab\u00a0<em>portions du peuple de Dieu<\/em>\u00a0\u00bb, c\u2019est-\u00e0-dire les unit\u00e9s territoriales et administratives qui composent l\u2019\u00e9glise, ordonner les pr\u00eatres et les diacres et administrer le Sacrement de la Confirmation. Les \u00e9v\u00eaques peuvent en outre administrer <strong>tous les Sacrements<\/strong>, y compris l\u2019Ordination religieuse. La couleur qui les caract\u00e9rise est le <strong>violet<\/strong>, et ils peuvent \u00eatre appel\u00e9s <em>Monseigneur<\/em> ou <em>Votre Excellence<\/em>.<\/p>\n<h2>Quelle est la diff\u00e9rence entre \u00e9v\u00eaque et archev\u00eaque ?<\/h2>\n<p>Un simple \u00e9v\u00eaque gouverne un dioc\u00e8se. Un <strong>archev\u00eaque<\/strong> est l\u2019\u00e9v\u00eaque d\u2019un <strong>archidioc\u00e8se<\/strong>, c\u2019est-\u00e0-dire le dioc\u00e8se \u00e0 la t\u00eate d\u2019une <strong>province eccl\u00e9siastique<\/strong> form\u00e9 de plusieurs dioc\u00e8ses. Si l\u2019archev\u00eaque est \u00e9galement chef de la province eccl\u00e9siastique, il assume le nom de <strong>m\u00e9tropolite<\/strong>, ou \u00e9v\u00eaque m\u00e9tropolitain. Le charge d\u2019archev\u00eaque peut \u00eatre m\u00eame uniquement honorifique.<\/p>\n<h2>Deuxi\u00e8me niveau<\/h2>\n<p>Au deuxi\u00e8me niveau, nous trouvons les <strong>Presbytres<\/strong>, i.e. les <strong>pr\u00eatres<\/strong>, dit \u00e9galement <strong>cur\u00e9s<\/strong> si li\u00e9s \u00e0 une paroisse en particulier. La paroisse aussi est une unit\u00e9 administrative de l\u2019\u00c9glise.<\/p>\n<p>Plusieurs paroisses composent un vicariat et un pr\u00eatre peut \u00e9galement assumer la charge de <strong>vicaire<\/strong>, coordinateur de toutes les paroisses du territoire. Les presbytres aussi prennent leur retraite \u00e0 75 ans. Les pr\u00eatres peuvent administrer tous les sacrements, \u00e0 l\u2019exclusion de l\u2019ordination religieuse, donner la b\u00e9n\u00e9diction eucharistique et administrer l\u2019Eucharistie aux fid\u00e8les.<\/p>\n<h2>Troisi\u00e8me niveau<\/h2>\n<p>Pour finir, au dernier niveau de la hi\u00e9rarchie eccl\u00e9siastique, il y a les Diacres, qui assistent pr\u00eatres et \u00e9v\u00eaques pendant les c\u00e9r\u00e9monies. <a href=\"https:\/\/www.holyart.fr\/blog\/occasions-speciales\/le-bapteme-le-sens-les-symboles-et-comment-lorganiser\/\"><strong>Ils peuvent administrer uniquement le Sacrement du Bapt\u00eame<\/strong><\/a>, et celui du mariage avec une procuration sp\u00e9cifique. Ils pr\u00eachent la Parole de Dieu et pr\u00eatent service aupr\u00e8s des communaut\u00e9s paroissiales. Ils peuvent \u00eatre mari\u00e9s et avoir des enfants.<\/p>\n<h2>Autres titres eccl\u00e9siastiques<\/h2>\n<p>Ils existent d\u2019autres titres eccl\u00e9siastiques et charges plus ou moins sp\u00e9cifiques g\u00e9n\u00e9ralement assum\u00e9es par des hommes qui d\u00e9tiennent d\u00e9j\u00e0 une position dans la hi\u00e9rarchie eccl\u00e9siastique.<\/p>\n<p>Le <strong>Nonce apostolique<\/strong>, par exemple, est une sorte d\u2019ambassadeur, puisqu\u2019il repr\u00e9sente le Saint Si\u00e8ge dans un \u00c9tat.<\/p>\n<p>Le\u00a0<strong>Primat de l\u2019\u00e9glise <\/strong>est par contre une charge honorifique attribu\u00e9e \u00e0 un \u00e9v\u00eaque ou \u00e0 un archev\u00eaque qui pr\u00e9side un dioc\u00e8se ou un archidioc\u00e8se particuli\u00e8rement ancienne et prestigieuses.<\/p>\n<p>Le <strong>Vicariat g\u00e9n\u00e9ral<\/strong> est une figure qui peut repr\u00e9senter l\u2019\u00e9v\u00eaque dans la gestion des rapports entre paroisses et vicariats, les diff\u00e9rents districts dans lesquels est subdivis\u00e9e le dioc\u00e8se d\u2019un point de vue territorial, et dans les questions qui impliquent les administrations locales, l\u2019administration des biens eccl\u00e9siastique et les questions juridiques.<\/p>\n<p><img loading=\"lazy\" decoding=\"async\" class=\"aligncenter size-full wp-image-2106\" src=\"https:\/\/blog.holyart.it\/fr\/wp-content\/uploads\/sites\/14\/2020\/10\/Titres-eccl\u00e9siastiques.jpg\" alt=\"Titres eccl\u00e9siastiques\" width=\"1000\" height=\"666\" data-kale-share-title=\"La hi\u00e9rarchie eccl\u00e9siastique dans l\u2019\u00c9glise Catholique\" data-kale-share-url=\"https:\/\/blog.holyart.it\/fr\/?p=2104\" \/><\/p>\n<h2>Habits et couleurs des diff\u00e9rents degr\u00e9s du clerg\u00e9<\/h2>\n<p>Bien \u00e9videmment, en fonction du niveau d\u2019appartenance et des t\u00e2ches attribu\u00e9es aux diff\u00e9rents hommes d\u2019\u00e9glise, il y a des habits et des ornements liturgiques qui doivent \u00eatre port\u00e9s.<\/p>\n<div class=\"link-article\">\n<p><img loading=\"lazy\" decoding=\"async\" class=\"alignnone size-full wp-image-2109\" src=\"https:\/\/blog.holyart.it\/fr\/wp-content\/uploads\/sites\/14\/2020\/10\/Habillement-clerge.jpg\" alt=\"Habillement clerge\" width=\"150\" height=\"99\" data-kale-share-title=\"La hi\u00e9rarchie eccl\u00e9siastique dans l\u2019\u00c9glise Catholique\" data-kale-share-url=\"https:\/\/blog.holyart.it\/fr\/?p=2104\" \/><\/p>\n<div class=\"leggi-anche\">Lire aussi :<\/div>\n<p><strong><a href=\"https:\/\/www.holyart.fr\/blog\/articles-religieux\/habillement-clerge-la-simple-elegance-du-clergyman\/\">Habillement clerg\u00e9 : la simple \u00e9l\u00e9gance du clergyman<\/a><\/strong><br \/>\nSimplicit\u00e9 et sobri\u00e9t\u00e9 : voici comment on s\u2019attend qu\u2019un pr\u00eatre s\u2019habille. Des v\u00eatements pratiques, qui nous permettent de l\u2019identifier&#8230;<\/p>\n<\/div>\n<p>L\u2019<strong>habit eccl\u00e9siastique<\/strong> est en effet une obligation \u00e9tablie par le code de droit canonique et, depuis 1983, la Conf\u00e9rence \u00c9piscopale Italienne a d\u00e9cr\u00e9t\u00e9 l\u2019obligation de la <strong>soutane<\/strong> ou du <a href=\"https:\/\/www.holyart.fr\/accessoires-pour-la-liturgie\/habits-clerge\/chemises-clergyman\"><strong>clergyman<\/strong><\/a> pour tous les membres du clerg\u00e9. Les presbytres peuvent porter simplement la soutane ou, comme alternative, le clergyman, \u00e9ventuellement accompagn\u00e9s d\u2019autres accessoires et v\u00eatements. En particulier, la <strong>ceinture de soutane<\/strong> est un accessoire qui permet d\u2019identifier, gr\u00e2ce \u00e0 sa <strong>couleur<\/strong>, le niveau auquel appartient l\u2019homme d\u2019\u00e9glise : elle sera noire pour les simples pr\u00eatres, violet fonc\u00e9 pour un \u00e9v\u00eaque et en g\u00e9n\u00e9ral pour les autres pr\u00e9lats, violet fonc\u00e9 marbr\u00e9 pour le Nonce Apostolique, rouge marbr\u00e9 pour un Cardinal, blanc marbr\u00e9 avec les franges dor\u00e9es pour le Pape.<\/p>\n<div class=\"link-product\">\n<div class=\"blocco-immagine\"><img loading=\"lazy\" decoding=\"async\" class=\"alignnone size-full wp-image-2110\" src=\"https:\/\/blog.holyart.it\/fr\/wp-content\/uploads\/sites\/14\/2020\/10\/Chapes.jpg\" alt=\"Chapes\" width=\"100\" height=\"100\" data-kale-share-title=\"La hi\u00e9rarchie eccl\u00e9siastique dans l\u2019\u00c9glise Catholique\" data-kale-share-url=\"https:\/\/blog.holyart.it\/fr\/?p=2104\" \/><\/div>\n<div class=\"blocco-contenuto\">\n<div class=\"blocco-acquista\">Acheter sur Holyart:<\/div>\n<div class=\"blocco-titolo\"><a href=\"https:\/\/www.holyart.fr\/accessoires-pour-la-liturgie\/vetements-liturgiques-et-linges-dautel\/chapes-chasubles-romaines-dalmatique\">Chapes, Chasubles Romaines, Dalmatiques<\/a><\/div>\n<div class=\"blocco-descrizione\">Parements r\u00e9alis\u00e9es \u00e0 la main en Italie ou en Pologne<\/div>\n<\/div>\n<\/div>\n<p>Le <strong>saturne<\/strong> aussi, typique chapeau noir que les presbytres portent avec la soutane est orn\u00e9 de glands qui changent de couleur en fonction des degr\u00e9s religieux de la personne qui le porte : verts pour les \u00e9v\u00eaques, rouges pour les cardinaux, rouges avec des d\u00e9corations dor\u00e9es pour le Pape.<\/p>\n<p>La <strong>p\u00e8lerine<\/strong>, ancienne pi\u00e8ce d\u2019habit des p\u00e8lerins, est devenue avec le temps un habit eccl\u00e9siastique r\u00e9serv\u00e9 aux \u00e9v\u00eaques. Il s\u2019agit d\u2019une courte cape ouverte sur le devant. La p\u00e8lerine est noire avec les bords et la doublure cramoisi pour les \u00e9v\u00eaques, avec les bords et la doublure rouge vif pour les cardinaux et blanche pour le Pape. L\u2019alternative \u00e0 la p\u00e8lerine est la <strong>mosette<\/strong>, une cape courte, ferm\u00e9e par des boutons sur le devant, toujours r\u00e9serv\u00e9e aux hauts pr\u00e9lats.<\/p>\n<p>Il y a ensuite la <strong>chape<\/strong>, un ample manteau avec un long chaperon, arrivant presque aux pieds, ouvert sur le devant. Elle est port\u00e9e par les \u00e9v\u00eaques et les presbytres pendant les c\u00e9l\u00e9brations solennelles en dehors de la messe et est ferm\u00e9e au niveau de la poitrine par une attache qui varie selon le degr\u00e9 eccl\u00e9siastique.<\/p>\n<p>Les diacres portent par contre la <a href=\"https:\/\/www.holyart.fr\/accessoires-pour-la-liturgie\/vetements-liturgiques-et-linges-dautel\/chapes-chasubles-romaines-dalmatiques\"><strong>dalmatique<\/strong><\/a>, une longue aube aux manches larges, mais elle peut \u00eatre \u00e9galement port\u00e9e par un \u00e9v\u00eaque, sous <a href=\"https:\/\/www.holyart.fr\/accessoires-pour-la-liturgie\/vetements-liturgiques-et-linges-dautel\/chasubles\"><strong>la<\/strong> <strong>chasuble ou la chasuble romaine<\/strong><\/a>.<\/p>\n","protected":false},"excerpt":{"rendered":"<p>L\u2019\u00e9glise est une institution tr\u00e8s vaste et complexe. En tant que telle, elle a besoin d\u2019une hi\u00e9rarchie bien d\u00e9finie qui a pris forme avec le temps. D\u00e9couvrons quelque chose de plus sur la hi\u00e9rarchie eccl\u00e9siastique dans l\u2019\u00c9glise Catholique. Qu\u2019entendons-nous par hi\u00e9rarchie eccl\u00e9siastique ? Quand J\u00e9sus&hellip;<\/p>\n","protected":false},"author":1,"featured_media":2105,"comment_status":"closed","ping_status":"open","sticky":false,"template":"","format":"standard","meta":{"_acf_changed":false,"footnotes":""},"categories":[4,8],"tags":[],"class_list":["post-2104","post","type-post","status-publish","format-standard","has-post-thumbnail","hentry","category-accessoires-pour-la-liturgie","category-articles-religieux"],"acf":[],"yoast_head":"<!-- This site is optimized with the Yoast SEO plugin v26.6 - https:\/\/yoast.com\/wordpress\/plugins\/seo\/ -->\n<title>La hi\u00e9rarchie eccl\u00e9siastique dans l\u2019\u00c9glise Catholique - Holyart.fr Blog<\/title>\n<meta name=\"description\" content=\"L\u2019\u00e9glise est une institution tr\u00e8s vaste et complexe. En tant que telle, elle a besoin d\u2019une hi\u00e9rarchie bien d\u00e9finie qui a pris forme avec le temps.\" \/>\n<meta name=\"robots\" content=\"index, follow, max-snippet:-1, max-image-preview:large, max-video-preview:-1\" \/>\n<link rel=\"canonical\" href=\"https:\/\/blog.holyart.it\/fr\/accessoires-pour-la-liturgie\/la-hierarchie-ecclesiastique-dans-leglise-catholique\/\" \/>\n<meta property=\"og:locale\" content=\"fr_FR\" \/>\n<meta property=\"og:type\" content=\"article\" \/>\n<meta property=\"og:title\" content=\"La hi\u00e9rarchie eccl\u00e9siastique dans l\u2019\u00c9glise Catholique - Holyart.fr Blog\" \/>\n<meta property=\"og:description\" content=\"L\u2019\u00e9glise est une institution tr\u00e8s vaste et complexe. En tant que telle, elle a besoin d\u2019une hi\u00e9rarchie bien d\u00e9finie qui a pris forme avec le temps.\" \/>\n<meta property=\"og:url\" content=\"https:\/\/blog.holyart.it\/fr\/accessoires-pour-la-liturgie\/la-hierarchie-ecclesiastique-dans-leglise-catholique\/\" \/>\n<meta property=\"og:site_name\" content=\"Holyart.fr Blog\" \/>\n<meta property=\"article:published_time\" content=\"2020-08-08T14:11:29+00:00\" \/>\n<meta property=\"article:modified_time\" content=\"2023-07-27T12:24:17+00:00\" \/>\n<meta property=\"og:image\" content=\"https:\/\/blog.holyart.it\/fr\/wp-content\/uploads\/sites\/14\/2020\/10\/hierarchie-ecclesiastique.jpg\" \/>\n\t<meta property=\"og:image:width\" content=\"1000\" \/>\n\t<meta property=\"og:image:height\" content=\"666\" \/>\n\t<meta property=\"og:image:type\" content=\"image\/jpeg\" \/>\n<meta name=\"author\" content=\"Redazione\" \/>\n<meta name=\"twitter:card\" content=\"summary_large_image\" \/>\n<meta name=\"twitter:label1\" content=\"\u00c9crit par\" \/>\n\t<meta name=\"twitter:data1\" content=\"Redazione\" \/>\n\t<meta name=\"twitter:label2\" content=\"Dur\u00e9e de lecture estim\u00e9e\" \/>\n\t<meta name=\"twitter:data2\" content=\"9 minutes\" \/>\n<script type=\"application\/ld+json\" class=\"yoast-schema-graph\">{\"@context\":\"https:\/\/schema.org\",\"@graph\":[{\"@type\":\"Article\",\"@id\":\"https:\/\/blog.holyart.it\/fr\/accessoires-pour-la-liturgie\/la-hierarchie-ecclesiastique-dans-leglise-catholique\/#article\",\"isPartOf\":{\"@id\":\"https:\/\/blog.holyart.it\/fr\/accessoires-pour-la-liturgie\/la-hierarchie-ecclesiastique-dans-leglise-catholique\/\"},\"author\":{\"name\":\"Redazione\",\"@id\":\"https:\/\/blog.holyart.it\/fr\/#\/schema\/person\/0a7b686e5af0f856ec1e390dd0baecda\"},\"headline\":\"La hi\u00e9rarchie eccl\u00e9siastique dans l\u2019\u00c9glise Catholique\",\"datePublished\":\"2020-08-08T14:11:29+00:00\",\"dateModified\":\"2023-07-27T12:24:17+00:00\",\"mainEntityOfPage\":{\"@id\":\"https:\/\/blog.holyart.it\/fr\/accessoires-pour-la-liturgie\/la-hierarchie-ecclesiastique-dans-leglise-catholique\/\"},\"wordCount\":1669,\"publisher\":{\"@id\":\"https:\/\/blog.holyart.it\/fr\/#organization\"},\"image\":{\"@id\":\"https:\/\/blog.holyart.it\/fr\/accessoires-pour-la-liturgie\/la-hierarchie-ecclesiastique-dans-leglise-catholique\/#primaryimage\"},\"thumbnailUrl\":\"https:\/\/blog.holyart.it\/fr\/wp-content\/uploads\/sites\/14\/2020\/10\/hierarchie-ecclesiastique.jpg\",\"articleSection\":[\"Liturgie\",\"Religion\"],\"inLanguage\":\"fr-FR\"},{\"@type\":\"WebPage\",\"@id\":\"https:\/\/blog.holyart.it\/fr\/accessoires-pour-la-liturgie\/la-hierarchie-ecclesiastique-dans-leglise-catholique\/\",\"url\":\"https:\/\/blog.holyart.it\/fr\/accessoires-pour-la-liturgie\/la-hierarchie-ecclesiastique-dans-leglise-catholique\/\",\"name\":\"La hi\u00e9rarchie eccl\u00e9siastique dans l\u2019\u00c9glise Catholique - Holyart.fr Blog\",\"isPartOf\":{\"@id\":\"https:\/\/blog.holyart.it\/fr\/#website\"},\"primaryImageOfPage\":{\"@id\":\"https:\/\/blog.holyart.it\/fr\/accessoires-pour-la-liturgie\/la-hierarchie-ecclesiastique-dans-leglise-catholique\/#primaryimage\"},\"image\":{\"@id\":\"https:\/\/blog.holyart.it\/fr\/accessoires-pour-la-liturgie\/la-hierarchie-ecclesiastique-dans-leglise-catholique\/#primaryimage\"},\"thumbnailUrl\":\"https:\/\/blog.holyart.it\/fr\/wp-content\/uploads\/sites\/14\/2020\/10\/hierarchie-ecclesiastique.jpg\",\"datePublished\":\"2020-08-08T14:11:29+00:00\",\"dateModified\":\"2023-07-27T12:24:17+00:00\",\"description\":\"L\u2019\u00e9glise est une institution tr\u00e8s vaste et complexe. En tant que telle, elle a besoin d\u2019une hi\u00e9rarchie bien d\u00e9finie qui a pris forme avec le temps.\",\"breadcrumb\":{\"@id\":\"https:\/\/blog.holyart.it\/fr\/accessoires-pour-la-liturgie\/la-hierarchie-ecclesiastique-dans-leglise-catholique\/#breadcrumb\"},\"inLanguage\":\"fr-FR\",\"potentialAction\":[{\"@type\":\"ReadAction\",\"target\":[\"https:\/\/blog.holyart.it\/fr\/accessoires-pour-la-liturgie\/la-hierarchie-ecclesiastique-dans-leglise-catholique\/\"]}]},{\"@type\":\"ImageObject\",\"inLanguage\":\"fr-FR\",\"@id\":\"https:\/\/blog.holyart.it\/fr\/accessoires-pour-la-liturgie\/la-hierarchie-ecclesiastique-dans-leglise-catholique\/#primaryimage\",\"url\":\"https:\/\/blog.holyart.it\/fr\/wp-content\/uploads\/sites\/14\/2020\/10\/hierarchie-ecclesiastique.jpg\",\"contentUrl\":\"https:\/\/blog.holyart.it\/fr\/wp-content\/uploads\/sites\/14\/2020\/10\/hierarchie-ecclesiastique.jpg\",\"width\":1000,\"height\":666,\"caption\":\"hierarchie ecclesiastique\"},{\"@type\":\"BreadcrumbList\",\"@id\":\"https:\/\/blog.holyart.it\/fr\/accessoires-pour-la-liturgie\/la-hierarchie-ecclesiastique-dans-leglise-catholique\/#breadcrumb\",\"itemListElement\":[{\"@type\":\"ListItem\",\"position\":1,\"name\":\"Homepage\",\"item\":\"https:\/\/blog.holyart.it\/fr\/\"},{\"@type\":\"ListItem\",\"position\":2,\"name\":\"Liturgie\",\"item\":\"https:\/\/blog.holyart.it\/fr\/accessoires-pour-la-liturgie\/\"},{\"@type\":\"ListItem\",\"position\":3,\"name\":\"La hi\u00e9rarchie eccl\u00e9siastique dans l\u2019\u00c9glise Catholique\"}]},{\"@type\":\"WebSite\",\"@id\":\"https:\/\/blog.holyart.it\/fr\/#website\",\"url\":\"https:\/\/blog.holyart.it\/fr\/\",\"name\":\"Holyart.fr Blog\",\"description\":\"Holyblog\",\"publisher\":{\"@id\":\"https:\/\/blog.holyart.it\/fr\/#organization\"},\"potentialAction\":[{\"@type\":\"SearchAction\",\"target\":{\"@type\":\"EntryPoint\",\"urlTemplate\":\"https:\/\/blog.holyart.it\/fr\/?s={search_term_string}\"},\"query-input\":{\"@type\":\"PropertyValueSpecification\",\"valueRequired\":true,\"valueName\":\"search_term_string\"}}],\"inLanguage\":\"fr-FR\"},{\"@type\":\"Organization\",\"@id\":\"https:\/\/blog.holyart.it\/fr\/#organization\",\"name\":\"Holyart.fr Blog\",\"url\":\"https:\/\/blog.holyart.it\/fr\/\",\"logo\":{\"@type\":\"ImageObject\",\"inLanguage\":\"fr-FR\",\"@id\":\"https:\/\/blog.holyart.it\/fr\/#\/schema\/logo\/image\/\",\"url\":\"https:\/\/blog.holyart.it\/fr\/wp-content\/uploads\/sites\/14\/2022\/12\/Holyart_Blog_Logo.jpg\",\"contentUrl\":\"https:\/\/blog.holyart.it\/fr\/wp-content\/uploads\/sites\/14\/2022\/12\/Holyart_Blog_Logo.jpg\",\"width\":300,\"height\":50,\"caption\":\"Holyart.fr Blog\"},\"image\":{\"@id\":\"https:\/\/blog.holyart.it\/fr\/#\/schema\/logo\/image\/\"}},{\"@type\":\"Person\",\"@id\":\"https:\/\/blog.holyart.it\/fr\/#\/schema\/person\/0a7b686e5af0f856ec1e390dd0baecda\",\"name\":\"Redazione\",\"image\":{\"@type\":\"ImageObject\",\"inLanguage\":\"fr-FR\",\"@id\":\"https:\/\/blog.holyart.it\/fr\/#\/schema\/person\/image\/\",\"url\":\"https:\/\/secure.gravatar.com\/avatar\/f477da817f43e50d0af36abecd33e3edf826c68299714bdc1057dff3b113f516?s=96&d=mm&r=g\",\"contentUrl\":\"https:\/\/secure.gravatar.com\/avatar\/f477da817f43e50d0af36abecd33e3edf826c68299714bdc1057dff3b113f516?s=96&d=mm&r=g\",\"caption\":\"Redazione\"},\"url\":\"https:\/\/blog.holyart.it\/fr\/author\/admin\/\"}]}<\/script>\n<!-- \/ Yoast SEO plugin. -->","yoast_head_json":{"title":"La hi\u00e9rarchie eccl\u00e9siastique dans l\u2019\u00c9glise Catholique - Holyart.fr Blog","description":"L\u2019\u00e9glise est une institution tr\u00e8s vaste et complexe. En tant que telle, elle a besoin d\u2019une hi\u00e9rarchie bien d\u00e9finie qui a pris forme avec le temps.","robots":{"index":"index","follow":"follow","max-snippet":"max-snippet:-1","max-image-preview":"max-image-preview:large","max-video-preview":"max-video-preview:-1"},"canonical":"https:\/\/blog.holyart.it\/fr\/accessoires-pour-la-liturgie\/la-hierarchie-ecclesiastique-dans-leglise-catholique\/","og_locale":"fr_FR","og_type":"article","og_title":"La hi\u00e9rarchie eccl\u00e9siastique dans l\u2019\u00c9glise Catholique - Holyart.fr Blog","og_description":"L\u2019\u00e9glise est une institution tr\u00e8s vaste et complexe. En tant que telle, elle a besoin d\u2019une hi\u00e9rarchie bien d\u00e9finie qui a pris forme avec le temps.","og_url":"https:\/\/blog.holyart.it\/fr\/accessoires-pour-la-liturgie\/la-hierarchie-ecclesiastique-dans-leglise-catholique\/","og_site_name":"Holyart.fr Blog","article_published_time":"2020-08-08T14:11:29+00:00","article_modified_time":"2023-07-27T12:24:17+00:00","og_image":[{"width":1000,"height":666,"url":"https:\/\/blog.holyart.it\/fr\/wp-content\/uploads\/sites\/14\/2020\/10\/hierarchie-ecclesiastique.jpg","type":"image\/jpeg"}],"author":"Redazione","twitter_card":"summary_large_image","twitter_misc":{"\u00c9crit par":"Redazione","Dur\u00e9e de lecture estim\u00e9e":"9 minutes"},"schema":{"@context":"https:\/\/schema.org","@graph":[{"@type":"Article","@id":"https:\/\/blog.holyart.it\/fr\/accessoires-pour-la-liturgie\/la-hierarchie-ecclesiastique-dans-leglise-catholique\/#article","isPartOf":{"@id":"https:\/\/blog.holyart.it\/fr\/accessoires-pour-la-liturgie\/la-hierarchie-ecclesiastique-dans-leglise-catholique\/"},"author":{"name":"Redazione","@id":"https:\/\/blog.holyart.it\/fr\/#\/schema\/person\/0a7b686e5af0f856ec1e390dd0baecda"},"headline":"La hi\u00e9rarchie eccl\u00e9siastique dans l\u2019\u00c9glise Catholique","datePublished":"2020-08-08T14:11:29+00:00","dateModified":"2023-07-27T12:24:17+00:00","mainEntityOfPage":{"@id":"https:\/\/blog.holyart.it\/fr\/accessoires-pour-la-liturgie\/la-hierarchie-ecclesiastique-dans-leglise-catholique\/"},"wordCount":1669,"publisher":{"@id":"https:\/\/blog.holyart.it\/fr\/#organization"},"image":{"@id":"https:\/\/blog.holyart.it\/fr\/accessoires-pour-la-liturgie\/la-hierarchie-ecclesiastique-dans-leglise-catholique\/#primaryimage"},"thumbnailUrl":"https:\/\/blog.holyart.it\/fr\/wp-content\/uploads\/sites\/14\/2020\/10\/hierarchie-ecclesiastique.jpg","articleSection":["Liturgie","Religion"],"inLanguage":"fr-FR"},{"@type":"WebPage","@id":"https:\/\/blog.holyart.it\/fr\/accessoires-pour-la-liturgie\/la-hierarchie-ecclesiastique-dans-leglise-catholique\/","url":"https:\/\/blog.holyart.it\/fr\/accessoires-pour-la-liturgie\/la-hierarchie-ecclesiastique-dans-leglise-catholique\/","name":"La hi\u00e9rarchie eccl\u00e9siastique dans l\u2019\u00c9glise Catholique - Holyart.fr Blog","isPartOf":{"@id":"https:\/\/blog.holyart.it\/fr\/#website"},"primaryImageOfPage":{"@id":"https:\/\/blog.holyart.it\/fr\/accessoires-pour-la-liturgie\/la-hierarchie-ecclesiastique-dans-leglise-catholique\/#primaryimage"},"image":{"@id":"https:\/\/blog.holyart.it\/fr\/accessoires-pour-la-liturgie\/la-hierarchie-ecclesiastique-dans-leglise-catholique\/#primaryimage"},"thumbnailUrl":"https:\/\/blog.holyart.it\/fr\/wp-content\/uploads\/sites\/14\/2020\/10\/hierarchie-ecclesiastique.jpg","datePublished":"2020-08-08T14:11:29+00:00","dateModified":"2023-07-27T12:24:17+00:00","description":"L\u2019\u00e9glise est une institution tr\u00e8s vaste et complexe. En tant que telle, elle a besoin d\u2019une hi\u00e9rarchie bien d\u00e9finie qui a pris forme avec le temps.","breadcrumb":{"@id":"https:\/\/blog.holyart.it\/fr\/accessoires-pour-la-liturgie\/la-hierarchie-ecclesiastique-dans-leglise-catholique\/#breadcrumb"},"inLanguage":"fr-FR","potentialAction":[{"@type":"ReadAction","target":["https:\/\/blog.holyart.it\/fr\/accessoires-pour-la-liturgie\/la-hierarchie-ecclesiastique-dans-leglise-catholique\/"]}]},{"@type":"ImageObject","inLanguage":"fr-FR","@id":"https:\/\/blog.holyart.it\/fr\/accessoires-pour-la-liturgie\/la-hierarchie-ecclesiastique-dans-leglise-catholique\/#primaryimage","url":"https:\/\/blog.holyart.it\/fr\/wp-content\/uploads\/sites\/14\/2020\/10\/hierarchie-ecclesiastique.jpg","contentUrl":"https:\/\/blog.holyart.it\/fr\/wp-content\/uploads\/sites\/14\/2020\/10\/hierarchie-ecclesiastique.jpg","width":1000,"height":666,"caption":"hierarchie ecclesiastique"},{"@type":"BreadcrumbList","@id":"https:\/\/blog.holyart.it\/fr\/accessoires-pour-la-liturgie\/la-hierarchie-ecclesiastique-dans-leglise-catholique\/#breadcrumb","itemListElement":[{"@type":"ListItem","position":1,"name":"Homepage","item":"https:\/\/blog.holyart.it\/fr\/"},{"@type":"ListItem","position":2,"name":"Liturgie","item":"https:\/\/blog.holyart.it\/fr\/accessoires-pour-la-liturgie\/"},{"@type":"ListItem","position":3,"name":"La hi\u00e9rarchie eccl\u00e9siastique dans l\u2019\u00c9glise Catholique"}]},{"@type":"WebSite","@id":"https:\/\/blog.holyart.it\/fr\/#website","url":"https:\/\/blog.holyart.it\/fr\/","name":"Holyart.fr Blog","description":"Holyblog","publisher":{"@id":"https:\/\/blog.holyart.it\/fr\/#organization"},"potentialAction":[{"@type":"SearchAction","target":{"@type":"EntryPoint","urlTemplate":"https:\/\/blog.holyart.it\/fr\/?s={search_term_string}"},"query-input":{"@type":"PropertyValueSpecification","valueRequired":true,"valueName":"search_term_string"}}],"inLanguage":"fr-FR"},{"@type":"Organization","@id":"https:\/\/blog.holyart.it\/fr\/#organization","name":"Holyart.fr Blog","url":"https:\/\/blog.holyart.it\/fr\/","logo":{"@type":"ImageObject","inLanguage":"fr-FR","@id":"https:\/\/blog.holyart.it\/fr\/#\/schema\/logo\/image\/","url":"https:\/\/blog.holyart.it\/fr\/wp-content\/uploads\/sites\/14\/2022\/12\/Holyart_Blog_Logo.jpg","contentUrl":"https:\/\/blog.holyart.it\/fr\/wp-content\/uploads\/sites\/14\/2022\/12\/Holyart_Blog_Logo.jpg","width":300,"height":50,"caption":"Holyart.fr Blog"},"image":{"@id":"https:\/\/blog.holyart.it\/fr\/#\/schema\/logo\/image\/"}},{"@type":"Person","@id":"https:\/\/blog.holyart.it\/fr\/#\/schema\/person\/0a7b686e5af0f856ec1e390dd0baecda","name":"Redazione","image":{"@type":"ImageObject","inLanguage":"fr-FR","@id":"https:\/\/blog.holyart.it\/fr\/#\/schema\/person\/image\/","url":"https:\/\/secure.gravatar.com\/avatar\/f477da817f43e50d0af36abecd33e3edf826c68299714bdc1057dff3b113f516?s=96&d=mm&r=g","contentUrl":"https:\/\/secure.gravatar.com\/avatar\/f477da817f43e50d0af36abecd33e3edf826c68299714bdc1057dff3b113f516?s=96&d=mm&r=g","caption":"Redazione"},"url":"https:\/\/blog.holyart.it\/fr\/author\/admin\/"}]}},"_links":{"self":[{"href":"https:\/\/blog.holyart.it\/fr\/wp-json\/wp\/v2\/posts\/2104","targetHints":{"allow":["GET"]}}],"collection":[{"href":"https:\/\/blog.holyart.it\/fr\/wp-json\/wp\/v2\/posts"}],"about":[{"href":"https:\/\/blog.holyart.it\/fr\/wp-json\/wp\/v2\/types\/post"}],"author":[{"embeddable":true,"href":"https:\/\/blog.holyart.it\/fr\/wp-json\/wp\/v2\/users\/1"}],"replies":[{"embeddable":true,"href":"https:\/\/blog.holyart.it\/fr\/wp-json\/wp\/v2\/comments?post=2104"}],"version-history":[{"count":1,"href":"https:\/\/blog.holyart.it\/fr\/wp-json\/wp\/v2\/posts\/2104\/revisions"}],"predecessor-version":[{"id":6866,"href":"https:\/\/blog.holyart.it\/fr\/wp-json\/wp\/v2\/posts\/2104\/revisions\/6866"}],"wp:featuredmedia":[{"embeddable":true,"href":"https:\/\/blog.holyart.it\/fr\/wp-json\/wp\/v2\/media\/2105"}],"wp:attachment":[{"href":"https:\/\/blog.holyart.it\/fr\/wp-json\/wp\/v2\/media?parent=2104"}],"wp:term":[{"taxonomy":"category","embeddable":true,"href":"https:\/\/blog.holyart.it\/fr\/wp-json\/wp\/v2\/categories?post=2104"},{"taxonomy":"post_tag","embeddable":true,"href":"https:\/\/blog.holyart.it\/fr\/wp-json\/wp\/v2\/tags?post=2104"}],"curies":[{"name":"wp","href":"https:\/\/api.w.org\/{rel}","templated":true}]}}