{"id":2028,"date":"2020-05-12T15:54:11","date_gmt":"2020-05-12T13:54:11","guid":{"rendered":"https:\/\/blog.holyart.it\/fr\/?p=2028"},"modified":"2025-05-19T14:37:07","modified_gmt":"2025-05-19T12:37:07","slug":"la-fete-des-meres-au-coeur-du-mois-marial","status":"publish","type":"post","link":"https:\/\/blog.holyart.it\/fr\/articles-religieux\/la-fete-des-meres-au-coeur-du-mois-marial\/","title":{"rendered":"La F\u00eate des m\u00e8res au coeur du mois marial"},"content":{"rendered":"<h4 style=\"text-align: center;\"><em>Le 12 mai, en Italie, nous f\u00eatons toutes les mamans. Une f\u00eate tendre, douce, qui voit pour protagonistes surtout les enfants, mais pas seulement. Mai mois des mamans, mai mois des roses, mais surtout mai est le mois d\u00e9di\u00e9 \u00e0 la Sainte Vierge, la plus sp\u00e9ciale de toutes les mamans.<\/em><\/h4>\n\n<p>La f\u00eate des m\u00e8res est c\u00e9l\u00e9br\u00e9e dans des nombreux pays. Il s\u2019agit d\u2019une f\u00eate civile, d\u00e9di\u00e9e \u00e0 la figure de la m\u00e8re, dans ses aspects priv\u00e9s et sociaux. Malgr\u00e9 le fait que la date des festivit\u00e9s change de pays en pays, quasi partout la f\u00eate de la m\u00e8re est c\u00e9l\u00e9br\u00e9e pendant le <strong>mois de mai<\/strong>. Uniquement dans certains pays balkaniques, arabes et quelques autres encore, la f\u00eate est au mois de mars. Les raisons de ce choix principalement printanier sont \u00e0 rechercher dans la c\u00e9l\u00e9bration du <strong>cycle de la renaissance naturelle<\/strong> apr\u00e8s un long hiver. On f\u00eate donc le principe vital, le retour \u00e0 la vie et son triomphe, les fleurs et les fruits du printemps. En effet, une \u00e9tude plus approfondie nous montrerait comment les festivit\u00e9s pour la f\u00eate des m\u00e8res d\u00e9rivent des anciens cultes pa\u00efens datant de la naissance m\u00eame de l\u2019humanit\u00e9.<\/p>\n<p>En Italie, la f\u00eate des m\u00e8res tombe le <strong>deuxi\u00e8me dimanche de mai<\/strong>. Cette ann\u00e9e, ce sera donc <strong>le<\/strong> <strong>12 mai<\/strong>.<\/p>\n<p>La f\u00eate des m\u00e8res est une occasion pour remercier la personne qui nous a donn\u00e9 la vie et qui prend soin de nous chaque jour depuis le premier instant de notre conception. C\u2019est une f\u00eate tr\u00e8s ressentie, surtout par les enfants, qui s\u2019appliquent pour offrir quelque chose de merveilleux, souvent r\u00e9alis\u00e9 avec leurs propres mains, probablement \u00e0 l\u2019\u00e9cole, \u00e0 leurs mamans. En plus des dessins et d\u2019autres petits travaux manuels, les petits \u00e9noncent des po\u00e9sies ou chantent des chansons. Cependant, m\u00eame les adultes ne renoncent pas \u00e0 honorer leur m\u00e8re dans ce jour sp\u00e9cial avec des fleurs, des cadeaux ou simplement avec leur pr\u00e9sence, don encore plus pr\u00e9cieux et rare par ces temps vou\u00e9s \u00e0 la fr\u00e9n\u00e9sie perp\u00e9tuelle et au manque chronique de temps pour tout ce qui compte vraiment.<\/p>\n<h2>Mais quelles sont les origines de la f\u00eate des m\u00e8res ?<\/h2>\n<p>En Italie, ce fut un pr\u00eatre,\u00a0<strong>Don Otello Migliosi<\/strong>, \u00e0 c\u00e9l\u00e9brer en premier cette r\u00e9currence en 1957 dans le village ombrien de Tordibetto. En r\u00e9alit\u00e9, l\u2019ann\u00e9e pr\u00e9c\u00e9dente, Raul Zaccari, s\u00e9nateur et bourgmestre de Bordighera, avait organis\u00e9 une f\u00eate sp\u00e9cialement d\u00e9di\u00e9e \u00e0 toutes les mamans au Th\u00e9\u00e2tre Zeni, une f\u00eate qui se d\u00e9roula par la suite au Palais du Parc. L\u2019initiative connut un succ\u00e8s imm\u00e9diat et se r\u00e9pandit dans tout le pays, en devenant un rendez-vous fixe pour <strong>le deuxi\u00e8me dimanche de mai<\/strong>.<\/p>\n<p>Au <strong>Royaume Uni<\/strong>, en 1700, le quatri\u00e8me dimanche de Car\u00eame, on c\u00e9l\u00e9brait le Mother\u2019s Day, pendant lequel tous les enfants qui travaillaient pour gagner leur vie pouvaient rester \u00e0 la maison pour un jour avec leur m\u00e8re. Aux <strong>\u00c9tats<\/strong> <strong>Unis<\/strong>, ce fut Anna Jarvis \u00e0 f\u00eater pour la premi\u00e8re fois sa propre m\u00e8re, une activiste en faveur de la paix, en 1908, en donnant ainsi vie au Mother\u2019s Day, qui se diffusa rapidement et devint tr\u00e8s populaire. En mai 1914, par ordre de\u00a0Woodrow Wilson, pr\u00e9sident des \u00c9tats Unis de l\u2019\u00e9poque, elle devint une f\u00eate officielle. Ensuite, la f\u00eate d\u00e9barqua dans de nombreux pays europ\u00e9ens, mais pas seulement.<\/p>\n<h2>Mai mois marial<\/h2>\n<p>Nous avons d\u00e9j\u00e0 mentionn\u00e9 le symbolisme de la renaissance et du cycle de la vie li\u00e9 \u00e0 cette r\u00e9currence, mais pour les chr\u00e9tiens il y a autre chose qui contribue \u00e0 rendre ce jour et, en g\u00e9n\u00e9ral, ce mois une v\u00e9ritable c\u00e9l\u00e9bration de la figure maternelle. En effet, mai a depuis toujours \u00e9t\u00e9 le mois consacr\u00e9 \u00e0 <strong>Marie, m\u00e8re de J\u00e9sus<\/strong>.<\/p>\n<p>La tradition qui associe la Vierge au mois de mai n\u2019a aucune base dans les Saintes \u00c9critures. Elle a pris pied et s\u2019est d\u00e9velopp\u00e9e au cours des si\u00e8cles avec une succession d\u2019initiatives et de c\u00e9l\u00e9brations.<\/p>\n<p>Ce fut seulement le 29 avril 1965 que\u00a0<strong>Pape Paul VI<\/strong>\u00a0consacra officiellement ce mois \u00e0 la figure de Marie avec l\u2019encyclique\u00a0<strong>Mense Maio<\/strong>, qui \u00e9nonce : \u00ab\u00a0<em>C<\/em><em>&lsquo;est le mois o\u00f9, dans les sanctuaires comme dans les foyers, l&rsquo;hommage de la pri\u00e8re et de la v\u00e9n\u00e9ration monte des c\u0153urs chr\u00e9tiens avec plus de ferveur et d&rsquo;affection. C&rsquo;est aussi le mois o\u00f9 du tr\u00f4ne de la M\u00e8re de Dieu se r\u00e9pandent plus largement sur nous les dons de la mis\u00e9ricorde divine.\u00a0\u00bb<\/em><\/p>\n<p>Auparavant,\u00a0<strong>Annibale Dionisi<\/strong>, un j\u00e9suite v\u00e9cu dans la patience, la pauvret\u00e9 et la douceur, \u00e0 cheval entre le XVII et le XVIII si\u00e8cle, associa le mois de Mai \u00e0 Marie, en invitant les fid\u00e8les \u00e0 lui rendre hommage avec des \u00ab\u00a0fleurs de vertu\u00a0\u00bb. Le choix de mais est probablement li\u00e9, du moins en partie, \u00e0 la r\u00e9putation de ce mois qui voit renaitre la nature et les fleurs, fleurs qui depuis toujours rappellent l\u2019image de la Vierge.<\/p>\n<p>Mais d\u00e9j\u00e0 au <strong>Moyen \u00c2ge<\/strong>, les philosophes de Chartres et Alphonse X dit le Savant, roi de Castille et L\u00e9on, c\u00e9l\u00e9braient Marie comme\u00a0: \u00ab\u00a0<em>Rose parmi le roses, fleur parmi les fleurs, femme parmi les femmes, unique dame, lumi\u00e8re des saints et des cieux<\/em>\u00a0\u00bb. Le dominicain <strong>Henri Suso de Constance<\/strong>, v\u00e9cu entre 1295 et 1366, parlait ainsi de la Sainte Vierge\u00a0: \u00ab\u00a0<em>B\u00e9nite sois-tu, aurore naissante, et b\u00e9nite soit la prairie fleurie de roses rouges de ton beau visage, orn\u00e9 avec la fleur rouge rubis de l\u2019\u00c9ternelle Sagesse\u00a0!<\/em>\u00a0\u00bb<\/p>\n<p>Toujours au <strong>Moyen \u00c2ge<\/strong> naquit la tradition du <strong>Chapelet<\/strong> en tant qu\u2019objet de d\u00e9votion par excellence d\u00e9di\u00e9 \u00e0 Marie. L\u2019origine du Chapelet est \u00e0 rechercher dans l\u2019usage de d\u00e9corer les statues de la Sainte Vierge avec des guirlandes de fleurs, en particulier de roses, pendant le mois de mai.<\/p>\n<p>Au XVI si\u00e8cle, <strong>Saint Philippe N\u00e9ri<\/strong> invitait les enfants sous sa garde \u00e0 d\u00e9corer de fleurs l\u2019image de Marie et \u00e0 chanter ses louanges. En 1677, la confr\u00e9rie d\u00e9nomm\u00e9e <strong>Comunella<\/strong> institua l\u2019usage de d\u00e9dier le mois de mai aux louanges d\u00e9di\u00e9es \u00e0 la Vierge\u00a0: \u00ab<em>\u00a0\u00e9tant arriv\u00e9es les f\u00eates de mai et ayant nous entendu le jour avant de nombreux s\u00e9culaire qui commen\u00e7aient \u00e0 chanter le mois de mai et \u00e0 f\u00eater les cr\u00e9atures aim\u00e9es par eux, nous \u00e9tabl\u00eemes de vouloir le chanter aussi \u00e0 la Tr\u00e8s Sainte Vierge Marie\u2026\u00a0<\/em>\u00bb.<\/p>\n<h2>Marie maman de toutes les mamans<\/h2>\n<p>Qui mieux de la Sainte Vierge peut incarner l\u2019id\u00e9al de <strong>maman de toutes les mamans<\/strong> ? Une m\u00e8re souffre et prie sans arr\u00eat pour ses enfants, elle participe \u00e0 leurs triomphes et \u00e0 leurs souffrances, qui la tourmentent avec la m\u00eame intensit\u00e9 avec laquelle ils sont tourment\u00e9s. Aucune douleur est comparable \u00e0 la douleur d\u2019une m\u00e8re et, de la m\u00eame mani\u00e8re, aucune mis\u00e9ricorde ne peut \u00eatre comparable \u00e0 la sienne.<\/p>\n<p>Marie a souffert dans sa chaire et dans son \u00e2me la Passion de Son seul et unique fils et ainsi chaque m\u00e8re souffre pour le fruit de son ventre, chaque jour, \u00e0 chaque coin du monde.<\/p>\n<p>Non seulement. <a href=\"https:\/\/www.holyart.fr\/produits\/statues-vierge-marie.php\"><strong>La Vierge est m\u00e8re de nous tous<\/strong><\/a>, de chaque homme et femme n\u00e9s apr\u00e8s elle. Son amour, et ainsi sa souffrance, sont strictement li\u00e9s \u00e0 l\u2019existence de l\u2019humanit\u00e9. \u00c0 elle nous devons la plus douce des intercessions, sa piti\u00e9 qui nous \u00e9l\u00e8ve face au P\u00e8re, qui se fait interm\u00e9diaire de nos pri\u00e8res, de nos douleurs. Personne ne nous aime autant qu\u2019elle, avec l\u2019amour parfait et sp\u00e9cial d\u2019un M\u00e8re.<\/p>\n<h2>Cadeaux pour la f\u00eate des m\u00e8res<\/h2>\n<p><a href=\"https:\/\/www.holyart.fr\"><strong>Holyart<\/strong><\/a> vous propose <strong>5 produits<\/strong> de son catalogue \u00e0 offrir \u00e0 l\u2019occasion de la f\u00eate des m\u00e8res.<\/p>\n<p>Afin de rappeler que mai est le mois des roses, en plus du mois d\u00e9di\u00e9 \u00e0 la Vierge, une excellente id\u00e9e-cadeau pourrait \u00eatre les <a href=\"https:\/\/www.holyart.fr\/occasions-speciales\/notre-dame-de-medjugorje\/chapelets-et-boite-chapelets\"><strong>colliers chapelet de Medjugorje<\/strong><\/a>, d\u00e9cor\u00e9s de roses en c\u00e9ramique et grains en cristal (regardez notre galerie photos !). Les grains en forme de rose sont en c\u00e9ramique cuite \u00e0 basse temp\u00e9rature et chacun d\u2019entre eux est ins\u00e9r\u00e9 au milieu de deux grains en cristal. Les colliers ont \u00e9t\u00e9 r\u00e9alis\u00e9s \u00e0 la main \u00e0 Medjugorje.<\/p>\n<div class=\"link-article\">\n<p><img loading=\"lazy\" decoding=\"async\" class=\"alignnone size-full wp-image-2030\" src=\"https:\/\/blog.holyart.it\/fr\/wp-content\/uploads\/sites\/14\/2020\/05\/Ange-Gardien.jpg\" alt=\"Ange Gardien\" width=\"150\" height=\"99\" \/><\/p>\n<div class=\"leggi-anche\">Lire aussi :<\/div>\n<p><strong><a href=\"https:\/\/www.holyart.fr\/blog\/articles-religieux\/ange-gardien-quil-10-choses-a-savoir\/\">Qui est votre Ange Gardien et ce qu\u2019il fait<\/a><\/strong><br \/>\nSelon la tradition chr\u00e9tienne, chacun de nous a un Ange Gardien, qui l\u2019accompagne du moment de sa naissance<\/p>\n<\/div>\n<p>Sinon pourquoi ne pas offrir \u00e0 votre maman la <a href=\"https:\/\/www.holyart.fr\/occasions-speciales\/bapteme\/ange-gardien\"><strong>statuette d\u2019un ange<\/strong>\u00a0<\/a>? Cela pourra \u00eatre un moyen tr\u00e8s gentil pour lui faire comprendre que nous la consid\u00e9rons comme un ange, notre ange, et cela peut \u00e9galement \u00eatre de bon augure pour elle, de mani\u00e8re \u00e0 ce que son ange gardien reste toujours \u00e0 ses c\u00f4t\u00e9s et veille sur elle, exactement comme elle veille sur nous.<\/p>\n<p>Et pourquoi ne pas lui donner un splendide <a href=\"https:\/\/www.holyart.fr\/articles-religieux\/crucifix\/crucifix-en-plexiglass-et-verre\"><strong>crucifix en verre de Murano<\/strong>\u00a0<\/a>? Il s\u2019agit d\u2019objets vraiment splendides, r\u00e9alis\u00e9s selon un art ancien et fascinant. Non seulement des objets de d\u00e9votion, mais de v\u00e9ritables <a href=\"https:\/\/www.holyart.fr\/blog\/articles-religieux\/5-objets-sacres-ne-peuvent-pas-manquer-dans-votre-maison\/\"><strong>compl\u00e9ments d\u2019ameublement qui infuseront beaut\u00e9 et \u00e9l\u00e9gance \u00e0 chaque maison<\/strong><\/a>.<\/p>\n<div class=\"link-article\">\n<p><img loading=\"lazy\" decoding=\"async\" class=\"alignnone size-full wp-image-2031\" src=\"https:\/\/blog.holyart.it\/fr\/wp-content\/uploads\/sites\/14\/2020\/05\/Bijoux-en-Verre-de-Murano.jpg\" alt=\"Bijoux en Verre de Murano\" width=\"150\" height=\"99\" \/><\/p>\n<div class=\"leggi-anche\">Lire aussi :<\/div>\n<p><strong><a href=\"https:\/\/www.holyart.fr\/blog\/articles-religieux\/bijoux-en-verre-de-murano-fabrication-et-caracteristiques\/\">Bijoux en Verre de Murano : fabrication et caract\u00e9ristiques<\/a><\/strong><br \/>\nMurano, une \u00eele charmante qui garde depuis des si\u00e8cles le secret d\u2019une fabrication artisanale unique et inimitable.<\/p>\n<\/div>\n<p>Toujours \u00e0 porter, <a href=\"https:\/\/www.holyart.fr\/articles-religieux\/pendentifs-tau-medailles-scapulaires\/pendentif-tau\"><strong>nous pouvons offrir \u00e0 notre maman un beau pendentif tau<\/strong><\/a>. Nous avons d\u00e9j\u00e0 parl\u00e9 de la croix en Tau, dans un article d\u00e9di\u00e9 aux diff\u00e9rents types de crucifix. Il est un symbole du salut et de l\u2019amour de Dieu pour les hommes. Dans le catalogue Holyart, vous trouverez des pendentifs en forme de Tau en bois, c\u00e9ramique ou m\u00e9tal, de nombreuses couleurs et r\u00e9alis\u00e9s de mani\u00e8re artisanale.<\/p>\n<p>Sinon nous pouvions offrir \u00e0 notre maman un beau <a href=\"https:\/\/www.holyart.fr\/articles-religieux\/porte-cles\"><strong>porte-cl\u00e9s religieux<\/strong><\/a> avec l\u2019image de la Vierge.<\/p>\n<p>Il y en a de magnifiques, en acier ou en zamak, avec l\u2019effigie de <a href=\"https:\/\/www.holyart.fr\/occasions-speciales\/notre-dame-de-medjugorje\/\"><strong>Notre-Dame de Medjugorje<\/strong><\/a> ou de <strong>Notre-Dame de Lourdes<\/strong>, mais aussi en bois du Val Gardena, comme le tr\u00e8s beau porte-cl\u00e9s avec buste de la Vierge \u00e0 l\u2019Enfant, ou en cuir ou en zamak galvanis\u00e9 effet vieilli et \u00e9mail.<\/p>\n<p style=\"text-align: center;\"><div class=\"sp-styles-warning\" style=\"width: 450px; background-color: #FFF; color: #F00; border: 1px solid #F00; padding: 10px; font-size: 14px;\">\n\t\t\t<span style=\"font-weight: bold;\">Warning: The stylesheets were not loaded!<\/span> \n\t\t\tYou will need to change the <i>Load stylesheets<\/i> setting from <i>Automatically<\/i> to <i>On homepage<\/i> or <i>On all pages<\/i>. \n\t\t\tYou can set that <a style=\"text-decoration: underline; color: #F00;\" href=\"https:\/\/blog.holyart.it\/fr\/wp-admin\/admin.php?page=sliderpro-settings\">here<\/a>.\n\t\t\t<\/div>\r\n<div id=\"slider-pro-24\" class=\"slider-pro sp-no-js\" style=\"width: 500px; height: 500px;\">\r\n\t<div class=\"sp-slides\">\r\n\t\t\r\n\t\t<div class=\"sp-slide\">\r\n\t\t\t<img loading=\"lazy\" decoding=\"async\" class=\"sp-image\" src=\"https:\/\/blog.holyart.it\/fr\/wp-content\/uploads\/sites\/14\/2020\/05\/Collier-chapelet-Medjugorje.jpg\" alt=\"Collier chapelet Medjugorje\" width=\"500\" height=\"500\" \/>\r\n\t\t\t<div class=\"sp-thumbnail\"><img decoding=\"async\" src=\"https:\/\/blog.holyart.it\/fr\/wp-content\/uploads\/sites\/14\/2020\/05\/Collier-chapelet-Medjugorje-150x150-1-150x150.jpg\" alt=\"Collier chapelet Medjugorje - 150x150\" \/>\r\n\t\t\t<\/div>\r\n\t\t\t<div class=\"sp-caption\">Collier chapelet Medjugorje roses c\u00e9ramique grains cristal rouge <br \/><strong><a href=\"https:\/\/www.holyart.fr\/occasions-speciales\/notre-dame-de-medjugorje\/chapelets-et-boite-chapelets\/collier-chapelet-medjugorje-roses-ceramique-grains-cristal-rouge\">Acheter sur Holyart<\/a><\/strong><\/div>\r\n\t\t<\/div>\r\n\t\t<div class=\"sp-slide\">\r\n\t\t\t<img loading=\"lazy\" decoding=\"async\" class=\"sp-image\" src=\"https:\/\/blog.holyart.it\/fr\/wp-content\/uploads\/sites\/14\/2020\/05\/Ange-ami-en-argile-r\u00e9fractaire.jpg\" alt=\"Ange ami en argile r\u00e9fractaire\" width=\"500\" height=\"500\" \/>\r\n\t\t\t<div class=\"sp-thumbnail\"><img decoding=\"async\" src=\"https:\/\/blog.holyart.it\/fr\/wp-content\/uploads\/sites\/14\/2020\/05\/Ange-ami-en-argile-r\u00e9fractaire-150x150-1.jpg\" alt=\"Ange ami en argile r\u00e9fractaire - 150x150\" \/>\r\n\t\t\t<\/div>\r\n\t\t\t<div class=\"sp-caption\">Ange ami en argile r\u00e9fractaire <br \/><strong><a href=\"https:\/\/www.holyart.fr\/articles-religieux\/anges\/ange-ami-en-argile-refractaire\">Acheter sur Holyart<\/a><\/strong><\/div>\r\n\t\t<\/div>\r\n\t\t<div class=\"sp-slide\">\r\n\t\t\t<img loading=\"lazy\" decoding=\"async\" class=\"sp-image\" src=\"https:\/\/blog.holyart.it\/fr\/wp-content\/uploads\/sites\/14\/2020\/05\/Tau-pendentif-coeurs-rouges.jpg\" alt=\"Tau pendentif coeurs rouges\" width=\"500\" height=\"500\" \/>\r\n\t\t\t<div class=\"sp-thumbnail\"><img decoding=\"async\" src=\"https:\/\/blog.holyart.it\/fr\/wp-content\/uploads\/sites\/14\/2020\/05\/Tau-pendentif-coeurs-rouges-150x150.jpg\" \/>\r\n\t\t\t<\/div>\r\n\t\t\t<div class=\"sp-caption\">Tau pendentif coeurs rouges <br \/><strong><a href=\"https:\/\/www.holyart.fr\/articles-religieux\/pendentifs-tau-medailles-scapulaires\/pendentif-tau\/tau-pendentif-coeurs-rouges\">Acheter sur Holyart<\/a><\/strong><\/div>\r\n\t\t<\/div>\r\n\t\t<div class=\"sp-slide\">\r\n\t\t\t<img loading=\"lazy\" decoding=\"async\" class=\"sp-image\" src=\"https:\/\/blog.holyart.it\/fr\/wp-content\/uploads\/sites\/14\/2020\/05\/Porte-clefs-cuir-Vierge-Miraculeuse-fleur.jpg\" alt=\"Porte-clefs cuir Vierge Miraculeuse fleur\" width=\"500\" height=\"500\" \/>\r\n\t\t\t<div class=\"sp-thumbnail\"><img decoding=\"async\" src=\"https:\/\/blog.holyart.it\/fr\/wp-content\/uploads\/sites\/14\/2020\/05\/Porte-clefs-cuir-Vierge-Miraculeuse-fleur-150x150-1.jpg\" alt=\"Porte-clefs cuir Vierge Miraculeuse fleur-150x150\" \/>\r\n\t\t\t<\/div>\r\n\t\t\t<div class=\"sp-caption\">Porte-clefs cuir Vierge Miraculeuse fleur <br \/><strong><a href=\"https:\/\/www.holyart.fr\/articles-religieux\/porte-cles\/porte-clefs-cuir-vierge-miraculeuse-fleur\">Acheter sur Holyart<\/a><\/strong><\/div>\r\n\t\t<\/div>\r\n\t<\/div>\r\n<\/div><\/p>\n","protected":false},"excerpt":{"rendered":"<p>Le 12 mai, en Italie, nous f\u00eatons toutes les mamans. Une f\u00eate tendre, douce, qui voit pour protagonistes surtout les enfants, mais pas seulement. Mai mois des mamans, mai mois des roses, mais surtout mai est le mois d\u00e9di\u00e9 \u00e0 la Sainte Vierge, la plus&hellip;<\/p>\n","protected":false},"author":1,"featured_media":2029,"comment_status":"closed","ping_status":"open","sticky":false,"template":"","format":"standard","meta":{"_acf_changed":false,"footnotes":""},"categories":[12,8],"tags":[],"class_list":["post-2028","post","type-post","status-publish","format-standard","has-post-thumbnail","hentry","category-occasions-speciales","category-articles-religieux"],"acf":[],"yoast_head":"<!-- This site is optimized with the Yoast SEO plugin v26.6 - https:\/\/yoast.com\/wordpress\/plugins\/seo\/ -->\n<title>La F\u00eate des m\u00e8res au coeur du mois marial - Holyart.fr Blog<\/title>\n<meta name=\"description\" content=\"Le 12 mai, en Italie, nous f\u00eatons toutes les mamans. Une f\u00eate tendre, douce, qui voit pour protagonistes surtout les enfants, mais pas seulement.\" \/>\n<meta name=\"robots\" content=\"index, follow, max-snippet:-1, max-image-preview:large, max-video-preview:-1\" \/>\n<link rel=\"canonical\" href=\"https:\/\/blog.holyart.it\/fr\/articles-religieux\/la-fete-des-meres-au-coeur-du-mois-marial\/\" \/>\n<meta property=\"og:locale\" content=\"fr_FR\" \/>\n<meta property=\"og:type\" content=\"article\" \/>\n<meta property=\"og:title\" content=\"La F\u00eate des m\u00e8res au coeur du mois marial - Holyart.fr Blog\" \/>\n<meta property=\"og:description\" content=\"Le 12 mai, en Italie, nous f\u00eatons toutes les mamans. Une f\u00eate tendre, douce, qui voit pour protagonistes surtout les enfants, mais pas seulement.\" \/>\n<meta property=\"og:url\" content=\"https:\/\/blog.holyart.it\/fr\/articles-religieux\/la-fete-des-meres-au-coeur-du-mois-marial\/\" \/>\n<meta property=\"og:site_name\" content=\"Holyart.fr Blog\" \/>\n<meta property=\"article:published_time\" content=\"2020-05-12T13:54:11+00:00\" \/>\n<meta property=\"article:modified_time\" content=\"2025-05-19T12:37:07+00:00\" \/>\n<meta property=\"og:image\" content=\"https:\/\/blog.holyart.it\/fr\/wp-content\/uploads\/sites\/14\/2020\/05\/La-Fete-des-meres-au-coeur-du-mois-marial.jpg\" \/>\n\t<meta property=\"og:image:width\" content=\"1000\" \/>\n\t<meta property=\"og:image:height\" content=\"666\" \/>\n\t<meta property=\"og:image:type\" content=\"image\/jpeg\" \/>\n<meta name=\"author\" content=\"Redazione\" \/>\n<meta name=\"twitter:card\" content=\"summary_large_image\" \/>\n<meta name=\"twitter:label1\" content=\"\u00c9crit par\" \/>\n\t<meta name=\"twitter:data1\" content=\"Redazione\" \/>\n\t<meta name=\"twitter:label2\" content=\"Dur\u00e9e de lecture estim\u00e9e\" \/>\n\t<meta name=\"twitter:data2\" content=\"9 minutes\" \/>\n<script type=\"application\/ld+json\" class=\"yoast-schema-graph\">{\"@context\":\"https:\/\/schema.org\",\"@graph\":[{\"@type\":\"Article\",\"@id\":\"https:\/\/blog.holyart.it\/fr\/articles-religieux\/la-fete-des-meres-au-coeur-du-mois-marial\/#article\",\"isPartOf\":{\"@id\":\"https:\/\/blog.holyart.it\/fr\/articles-religieux\/la-fete-des-meres-au-coeur-du-mois-marial\/\"},\"author\":{\"name\":\"Redazione\",\"@id\":\"https:\/\/blog.holyart.it\/fr\/#\/schema\/person\/0a7b686e5af0f856ec1e390dd0baecda\"},\"headline\":\"La F\u00eate des m\u00e8res au coeur du mois marial\",\"datePublished\":\"2020-05-12T13:54:11+00:00\",\"dateModified\":\"2025-05-19T12:37:07+00:00\",\"mainEntityOfPage\":{\"@id\":\"https:\/\/blog.holyart.it\/fr\/articles-religieux\/la-fete-des-meres-au-coeur-du-mois-marial\/\"},\"wordCount\":1807,\"publisher\":{\"@id\":\"https:\/\/blog.holyart.it\/fr\/#organization\"},\"image\":{\"@id\":\"https:\/\/blog.holyart.it\/fr\/articles-religieux\/la-fete-des-meres-au-coeur-du-mois-marial\/#primaryimage\"},\"thumbnailUrl\":\"https:\/\/blog.holyart.it\/fr\/wp-content\/uploads\/sites\/14\/2020\/05\/La-Fete-des-meres-au-coeur-du-mois-marial.jpg\",\"articleSection\":[\"Occasions sp\u00e9ciales\",\"Religion\"],\"inLanguage\":\"fr-FR\"},{\"@type\":\"WebPage\",\"@id\":\"https:\/\/blog.holyart.it\/fr\/articles-religieux\/la-fete-des-meres-au-coeur-du-mois-marial\/\",\"url\":\"https:\/\/blog.holyart.it\/fr\/articles-religieux\/la-fete-des-meres-au-coeur-du-mois-marial\/\",\"name\":\"La F\u00eate des m\u00e8res au coeur du mois marial - Holyart.fr Blog\",\"isPartOf\":{\"@id\":\"https:\/\/blog.holyart.it\/fr\/#website\"},\"primaryImageOfPage\":{\"@id\":\"https:\/\/blog.holyart.it\/fr\/articles-religieux\/la-fete-des-meres-au-coeur-du-mois-marial\/#primaryimage\"},\"image\":{\"@id\":\"https:\/\/blog.holyart.it\/fr\/articles-religieux\/la-fete-des-meres-au-coeur-du-mois-marial\/#primaryimage\"},\"thumbnailUrl\":\"https:\/\/blog.holyart.it\/fr\/wp-content\/uploads\/sites\/14\/2020\/05\/La-Fete-des-meres-au-coeur-du-mois-marial.jpg\",\"datePublished\":\"2020-05-12T13:54:11+00:00\",\"dateModified\":\"2025-05-19T12:37:07+00:00\",\"description\":\"Le 12 mai, en Italie, nous f\u00eatons toutes les mamans. Une f\u00eate tendre, douce, qui voit pour protagonistes surtout les enfants, mais pas seulement.\",\"breadcrumb\":{\"@id\":\"https:\/\/blog.holyart.it\/fr\/articles-religieux\/la-fete-des-meres-au-coeur-du-mois-marial\/#breadcrumb\"},\"inLanguage\":\"fr-FR\",\"potentialAction\":[{\"@type\":\"ReadAction\",\"target\":[\"https:\/\/blog.holyart.it\/fr\/articles-religieux\/la-fete-des-meres-au-coeur-du-mois-marial\/\"]}]},{\"@type\":\"ImageObject\",\"inLanguage\":\"fr-FR\",\"@id\":\"https:\/\/blog.holyart.it\/fr\/articles-religieux\/la-fete-des-meres-au-coeur-du-mois-marial\/#primaryimage\",\"url\":\"https:\/\/blog.holyart.it\/fr\/wp-content\/uploads\/sites\/14\/2020\/05\/La-Fete-des-meres-au-coeur-du-mois-marial.jpg\",\"contentUrl\":\"https:\/\/blog.holyart.it\/fr\/wp-content\/uploads\/sites\/14\/2020\/05\/La-Fete-des-meres-au-coeur-du-mois-marial.jpg\",\"width\":1000,\"height\":666,\"caption\":\"La Fete des meres au coeur du mois marial\"},{\"@type\":\"BreadcrumbList\",\"@id\":\"https:\/\/blog.holyart.it\/fr\/articles-religieux\/la-fete-des-meres-au-coeur-du-mois-marial\/#breadcrumb\",\"itemListElement\":[{\"@type\":\"ListItem\",\"position\":1,\"name\":\"Homepage\",\"item\":\"https:\/\/blog.holyart.it\/fr\/\"},{\"@type\":\"ListItem\",\"position\":2,\"name\":\"Religion\",\"item\":\"https:\/\/blog.holyart.it\/fr\/articles-religieux\/\"},{\"@type\":\"ListItem\",\"position\":3,\"name\":\"La F\u00eate des m\u00e8res au coeur du mois marial\"}]},{\"@type\":\"WebSite\",\"@id\":\"https:\/\/blog.holyart.it\/fr\/#website\",\"url\":\"https:\/\/blog.holyart.it\/fr\/\",\"name\":\"Holyart.fr Blog\",\"description\":\"Holyblog\",\"publisher\":{\"@id\":\"https:\/\/blog.holyart.it\/fr\/#organization\"},\"potentialAction\":[{\"@type\":\"SearchAction\",\"target\":{\"@type\":\"EntryPoint\",\"urlTemplate\":\"https:\/\/blog.holyart.it\/fr\/?s={search_term_string}\"},\"query-input\":{\"@type\":\"PropertyValueSpecification\",\"valueRequired\":true,\"valueName\":\"search_term_string\"}}],\"inLanguage\":\"fr-FR\"},{\"@type\":\"Organization\",\"@id\":\"https:\/\/blog.holyart.it\/fr\/#organization\",\"name\":\"Holyart.fr Blog\",\"url\":\"https:\/\/blog.holyart.it\/fr\/\",\"logo\":{\"@type\":\"ImageObject\",\"inLanguage\":\"fr-FR\",\"@id\":\"https:\/\/blog.holyart.it\/fr\/#\/schema\/logo\/image\/\",\"url\":\"https:\/\/blog.holyart.it\/fr\/wp-content\/uploads\/sites\/14\/2022\/12\/Holyart_Blog_Logo.jpg\",\"contentUrl\":\"https:\/\/blog.holyart.it\/fr\/wp-content\/uploads\/sites\/14\/2022\/12\/Holyart_Blog_Logo.jpg\",\"width\":300,\"height\":50,\"caption\":\"Holyart.fr Blog\"},\"image\":{\"@id\":\"https:\/\/blog.holyart.it\/fr\/#\/schema\/logo\/image\/\"}},{\"@type\":\"Person\",\"@id\":\"https:\/\/blog.holyart.it\/fr\/#\/schema\/person\/0a7b686e5af0f856ec1e390dd0baecda\",\"name\":\"Redazione\",\"image\":{\"@type\":\"ImageObject\",\"inLanguage\":\"fr-FR\",\"@id\":\"https:\/\/blog.holyart.it\/fr\/#\/schema\/person\/image\/\",\"url\":\"https:\/\/secure.gravatar.com\/avatar\/f477da817f43e50d0af36abecd33e3edf826c68299714bdc1057dff3b113f516?s=96&d=mm&r=g\",\"contentUrl\":\"https:\/\/secure.gravatar.com\/avatar\/f477da817f43e50d0af36abecd33e3edf826c68299714bdc1057dff3b113f516?s=96&d=mm&r=g\",\"caption\":\"Redazione\"},\"url\":\"https:\/\/blog.holyart.it\/fr\/author\/admin\/\"}]}<\/script>\n<!-- \/ Yoast SEO plugin. -->","yoast_head_json":{"title":"La F\u00eate des m\u00e8res au coeur du mois marial - Holyart.fr Blog","description":"Le 12 mai, en Italie, nous f\u00eatons toutes les mamans. Une f\u00eate tendre, douce, qui voit pour protagonistes surtout les enfants, mais pas seulement.","robots":{"index":"index","follow":"follow","max-snippet":"max-snippet:-1","max-image-preview":"max-image-preview:large","max-video-preview":"max-video-preview:-1"},"canonical":"https:\/\/blog.holyart.it\/fr\/articles-religieux\/la-fete-des-meres-au-coeur-du-mois-marial\/","og_locale":"fr_FR","og_type":"article","og_title":"La F\u00eate des m\u00e8res au coeur du mois marial - Holyart.fr Blog","og_description":"Le 12 mai, en Italie, nous f\u00eatons toutes les mamans. Une f\u00eate tendre, douce, qui voit pour protagonistes surtout les enfants, mais pas seulement.","og_url":"https:\/\/blog.holyart.it\/fr\/articles-religieux\/la-fete-des-meres-au-coeur-du-mois-marial\/","og_site_name":"Holyart.fr Blog","article_published_time":"2020-05-12T13:54:11+00:00","article_modified_time":"2025-05-19T12:37:07+00:00","og_image":[{"width":1000,"height":666,"url":"https:\/\/blog.holyart.it\/fr\/wp-content\/uploads\/sites\/14\/2020\/05\/La-Fete-des-meres-au-coeur-du-mois-marial.jpg","type":"image\/jpeg"}],"author":"Redazione","twitter_card":"summary_large_image","twitter_misc":{"\u00c9crit par":"Redazione","Dur\u00e9e de lecture estim\u00e9e":"9 minutes"},"schema":{"@context":"https:\/\/schema.org","@graph":[{"@type":"Article","@id":"https:\/\/blog.holyart.it\/fr\/articles-religieux\/la-fete-des-meres-au-coeur-du-mois-marial\/#article","isPartOf":{"@id":"https:\/\/blog.holyart.it\/fr\/articles-religieux\/la-fete-des-meres-au-coeur-du-mois-marial\/"},"author":{"name":"Redazione","@id":"https:\/\/blog.holyart.it\/fr\/#\/schema\/person\/0a7b686e5af0f856ec1e390dd0baecda"},"headline":"La F\u00eate des m\u00e8res au coeur du mois marial","datePublished":"2020-05-12T13:54:11+00:00","dateModified":"2025-05-19T12:37:07+00:00","mainEntityOfPage":{"@id":"https:\/\/blog.holyart.it\/fr\/articles-religieux\/la-fete-des-meres-au-coeur-du-mois-marial\/"},"wordCount":1807,"publisher":{"@id":"https:\/\/blog.holyart.it\/fr\/#organization"},"image":{"@id":"https:\/\/blog.holyart.it\/fr\/articles-religieux\/la-fete-des-meres-au-coeur-du-mois-marial\/#primaryimage"},"thumbnailUrl":"https:\/\/blog.holyart.it\/fr\/wp-content\/uploads\/sites\/14\/2020\/05\/La-Fete-des-meres-au-coeur-du-mois-marial.jpg","articleSection":["Occasions sp\u00e9ciales","Religion"],"inLanguage":"fr-FR"},{"@type":"WebPage","@id":"https:\/\/blog.holyart.it\/fr\/articles-religieux\/la-fete-des-meres-au-coeur-du-mois-marial\/","url":"https:\/\/blog.holyart.it\/fr\/articles-religieux\/la-fete-des-meres-au-coeur-du-mois-marial\/","name":"La F\u00eate des m\u00e8res au coeur du mois marial - Holyart.fr Blog","isPartOf":{"@id":"https:\/\/blog.holyart.it\/fr\/#website"},"primaryImageOfPage":{"@id":"https:\/\/blog.holyart.it\/fr\/articles-religieux\/la-fete-des-meres-au-coeur-du-mois-marial\/#primaryimage"},"image":{"@id":"https:\/\/blog.holyart.it\/fr\/articles-religieux\/la-fete-des-meres-au-coeur-du-mois-marial\/#primaryimage"},"thumbnailUrl":"https:\/\/blog.holyart.it\/fr\/wp-content\/uploads\/sites\/14\/2020\/05\/La-Fete-des-meres-au-coeur-du-mois-marial.jpg","datePublished":"2020-05-12T13:54:11+00:00","dateModified":"2025-05-19T12:37:07+00:00","description":"Le 12 mai, en Italie, nous f\u00eatons toutes les mamans. Une f\u00eate tendre, douce, qui voit pour protagonistes surtout les enfants, mais pas seulement.","breadcrumb":{"@id":"https:\/\/blog.holyart.it\/fr\/articles-religieux\/la-fete-des-meres-au-coeur-du-mois-marial\/#breadcrumb"},"inLanguage":"fr-FR","potentialAction":[{"@type":"ReadAction","target":["https:\/\/blog.holyart.it\/fr\/articles-religieux\/la-fete-des-meres-au-coeur-du-mois-marial\/"]}]},{"@type":"ImageObject","inLanguage":"fr-FR","@id":"https:\/\/blog.holyart.it\/fr\/articles-religieux\/la-fete-des-meres-au-coeur-du-mois-marial\/#primaryimage","url":"https:\/\/blog.holyart.it\/fr\/wp-content\/uploads\/sites\/14\/2020\/05\/La-Fete-des-meres-au-coeur-du-mois-marial.jpg","contentUrl":"https:\/\/blog.holyart.it\/fr\/wp-content\/uploads\/sites\/14\/2020\/05\/La-Fete-des-meres-au-coeur-du-mois-marial.jpg","width":1000,"height":666,"caption":"La Fete des meres au coeur du mois marial"},{"@type":"BreadcrumbList","@id":"https:\/\/blog.holyart.it\/fr\/articles-religieux\/la-fete-des-meres-au-coeur-du-mois-marial\/#breadcrumb","itemListElement":[{"@type":"ListItem","position":1,"name":"Homepage","item":"https:\/\/blog.holyart.it\/fr\/"},{"@type":"ListItem","position":2,"name":"Religion","item":"https:\/\/blog.holyart.it\/fr\/articles-religieux\/"},{"@type":"ListItem","position":3,"name":"La F\u00eate des m\u00e8res au coeur du mois marial"}]},{"@type":"WebSite","@id":"https:\/\/blog.holyart.it\/fr\/#website","url":"https:\/\/blog.holyart.it\/fr\/","name":"Holyart.fr Blog","description":"Holyblog","publisher":{"@id":"https:\/\/blog.holyart.it\/fr\/#organization"},"potentialAction":[{"@type":"SearchAction","target":{"@type":"EntryPoint","urlTemplate":"https:\/\/blog.holyart.it\/fr\/?s={search_term_string}"},"query-input":{"@type":"PropertyValueSpecification","valueRequired":true,"valueName":"search_term_string"}}],"inLanguage":"fr-FR"},{"@type":"Organization","@id":"https:\/\/blog.holyart.it\/fr\/#organization","name":"Holyart.fr Blog","url":"https:\/\/blog.holyart.it\/fr\/","logo":{"@type":"ImageObject","inLanguage":"fr-FR","@id":"https:\/\/blog.holyart.it\/fr\/#\/schema\/logo\/image\/","url":"https:\/\/blog.holyart.it\/fr\/wp-content\/uploads\/sites\/14\/2022\/12\/Holyart_Blog_Logo.jpg","contentUrl":"https:\/\/blog.holyart.it\/fr\/wp-content\/uploads\/sites\/14\/2022\/12\/Holyart_Blog_Logo.jpg","width":300,"height":50,"caption":"Holyart.fr Blog"},"image":{"@id":"https:\/\/blog.holyart.it\/fr\/#\/schema\/logo\/image\/"}},{"@type":"Person","@id":"https:\/\/blog.holyart.it\/fr\/#\/schema\/person\/0a7b686e5af0f856ec1e390dd0baecda","name":"Redazione","image":{"@type":"ImageObject","inLanguage":"fr-FR","@id":"https:\/\/blog.holyart.it\/fr\/#\/schema\/person\/image\/","url":"https:\/\/secure.gravatar.com\/avatar\/f477da817f43e50d0af36abecd33e3edf826c68299714bdc1057dff3b113f516?s=96&d=mm&r=g","contentUrl":"https:\/\/secure.gravatar.com\/avatar\/f477da817f43e50d0af36abecd33e3edf826c68299714bdc1057dff3b113f516?s=96&d=mm&r=g","caption":"Redazione"},"url":"https:\/\/blog.holyart.it\/fr\/author\/admin\/"}]}},"_links":{"self":[{"href":"https:\/\/blog.holyart.it\/fr\/wp-json\/wp\/v2\/posts\/2028","targetHints":{"allow":["GET"]}}],"collection":[{"href":"https:\/\/blog.holyart.it\/fr\/wp-json\/wp\/v2\/posts"}],"about":[{"href":"https:\/\/blog.holyart.it\/fr\/wp-json\/wp\/v2\/types\/post"}],"author":[{"embeddable":true,"href":"https:\/\/blog.holyart.it\/fr\/wp-json\/wp\/v2\/users\/1"}],"replies":[{"embeddable":true,"href":"https:\/\/blog.holyart.it\/fr\/wp-json\/wp\/v2\/comments?post=2028"}],"version-history":[{"count":1,"href":"https:\/\/blog.holyart.it\/fr\/wp-json\/wp\/v2\/posts\/2028\/revisions"}],"predecessor-version":[{"id":10429,"href":"https:\/\/blog.holyart.it\/fr\/wp-json\/wp\/v2\/posts\/2028\/revisions\/10429"}],"wp:featuredmedia":[{"embeddable":true,"href":"https:\/\/blog.holyart.it\/fr\/wp-json\/wp\/v2\/media\/2029"}],"wp:attachment":[{"href":"https:\/\/blog.holyart.it\/fr\/wp-json\/wp\/v2\/media?parent=2028"}],"wp:term":[{"taxonomy":"category","embeddable":true,"href":"https:\/\/blog.holyart.it\/fr\/wp-json\/wp\/v2\/categories?post=2028"},{"taxonomy":"post_tag","embeddable":true,"href":"https:\/\/blog.holyart.it\/fr\/wp-json\/wp\/v2\/tags?post=2028"}],"curies":[{"name":"wp","href":"https:\/\/api.w.org\/{rel}","templated":true}]}}