{"id":2022,"date":"2020-04-22T14:45:57","date_gmt":"2020-04-22T12:45:57","guid":{"rendered":"https:\/\/blog.holyart.it\/fr\/?p=2022"},"modified":"2024-04-30T14:11:16","modified_gmt":"2024-04-30T12:11:16","slug":"mai-mois-de-la-vierge-comment-celebrer-le-mois-marial","status":"publish","type":"post","link":"https:\/\/blog.holyart.it\/fr\/articles-religieux\/mai-mois-de-la-vierge-comment-celebrer-le-mois-marial\/","title":{"rendered":"Mai, mois de la Vierge : comment c\u00e9l\u00e9brer le mois marial"},"content":{"rendered":"<h4 style=\"text-align: center;\"><em>Mai est le mois consacr\u00e9 \u00e0 la Sainte Vierge.\u00a0 Des pri\u00e8res sp\u00e9ciales, des actes de d\u00e9votions et la F\u00eate des M\u00e8res qui, non pas par hasard, tombe au mois de mai. D\u00e9couvrons mai, le mois de la Vierge.<\/em><\/h4>\n\n<p>Nous avons d\u00e9j\u00e0 approfondi dans un autre article d\u00e9di\u00e9 \u00e0 la <strong>F\u00eate des M\u00e8res<\/strong> les raisons historiques qui ont fait que le mois de mai soit consacr\u00e9, depuis l&rsquo;antiquit\u00e9, \u00e0 la M\u00e8re de J\u00e9sus.<\/p>\n<p>Ces raisons trouvent leurs racines dans des traditions pr\u00e9-chr\u00e9tiennes, comme le culte pa\u00efen d&rsquo;anciennes divinit\u00e9s grecques et romaines pr\u00e9pos\u00e9es \u00e0 la fertilit\u00e9, \u00e0 la f\u00e9condit\u00e9 et au retour \u00e0 la vie. Pensons par exemple \u00e0 Pers\u00e9phone, fille unique de Zeus et de D\u00e9m\u00e9ter, connue comme Proserpine chez les Romains.<\/p>\n<p>Enlev\u00e9e par Had\u00e8s, seigneur de l&rsquo;Au-del\u00e0, qui voulut en faire son \u00e9pouse, elle fut tromp\u00e9e par lui et oblig\u00e9e \u00e0 passer dans son r\u00e8gne des t\u00e9n\u00e8bres une p\u00e9riode qui co\u00efncidait pour les anciens avec la saison automnal et hivernale, quand la terre est froide et d\u00e9pouill\u00e9e. Mais elle pouvait retourner sur Terre pendant le restant du temps et avec elle le printemps revenait, avec sa chaleur, ses couleurs et ses fleurs luxuriantes.<\/p>\n<p>Les romains adoraient \u00e9galement Ma\u00efa, m\u00e8re d&rsquo;Herm\u00e8s, une des Pl\u00e9iades, \u00e9tait la d\u00e9esse de la f\u00e9condit\u00e9 et du r\u00e9veil de la nature au printemps. De son pr\u00e9nom d\u00e9rive le mot \u00ab\u00a0Mai\u00a0\u00bb.<br \/>\nLes f\u00eates d\u00e9di\u00e9es aux divinit\u00e9s f\u00e9minines de ce genre se sont transform\u00e9es au cours des si\u00e8cles en des c\u00e9l\u00e9brations d\u00e9di\u00e9es \u00e0 la Vierge, des formes de d\u00e9votion populaire qui, avec le temps, ont \u00e9t\u00e9 en grande partie accept\u00e9es et reconnues par l&rsquo;\u00c9glise.<\/p>\n<h2>Mai mois de la Vierge pourquoi<\/h2>\n<p>Donc Mai est le mois li\u00e9 au symbolisme de la renaissance et du cycle de la vie. Il n&rsquo;y a aucune mention dans les Saintes \u00c9critures qui puisse le lier d&rsquo;aucune mani\u00e8re \u00e0 Marie. Et pourtant tout le monde reconna\u00eet l&rsquo;association mois de mai et mois de la Vierge. Voyons pourquoi.<\/p>\n<p>Mai a toujours \u00e9t\u00e9 associ\u00e9 \u00e0 l&rsquo;<strong>Amour<\/strong> aussi. Dans le pass\u00e9, accrocher un \u00ab\u00a0maggio\u00a0\u00bb (<em>mai<\/em> en italien) \u00e0 la porte de la fille dont on \u00e9tait amoureux, \u00e9quivalait \u00e0 lui dire\u00a0: \u00ab\u00a0<em>Tu est belle comme une fleur\u00a0\u00bb<\/em>, mais aussi\u00a0: \u00ab\u00a0<em>Mon c\u0153ur fleurit pour toi<\/em>\u00a0\u00bb.<\/p>\n<p>Autour du XIII si\u00e8cle, une nouvelle forme d&rsquo;amour et de d\u00e9votion commen\u00e7a \u00e0 prendre racine en Europe\u00a0: le sens de l&rsquo;honneur d\u00fb aux femmes, du respect qu&rsquo;il fallait leur d\u00e9montrer, qu&rsquo;elles m\u00e9ritaient. Dans cette nouvelle vision de la femme, la Vierge se pla\u00e7ait comme id\u00e9al et exemple de perfection auquel tous, hommes et femmes, devaient faire r\u00e9f\u00e9rence. <strong>Alphonse X, roi de Castille et L\u00e9on,<\/strong> d\u00e9dia \u00e0 la Vierge les <em>Cantitigas de Santa Maria<\/em>, la plus importante r\u00e9colte de chants monodiques qui parlaient de la Vierge et de ses miracles. Dans la Cantiga num\u00e9ro 10, on lit\u00a0:<\/p>\n<p>Rosa das rosas e Fror das frores,<\/p>\n<p>Dona das donas, Sennor das sennores.<\/p>\n<p>Rose des roses et fleur des fleurs,<br \/>\n<em>Dame de toutes les Dames, Seigneur des Seigneurs<\/em><\/p>\n<p>Ainsi la Vierge est d\u00e9finie par Alphonse qui la reconna\u00eet comme \u00e9tant encore plus puissante que les rois de son temps\u00a0!<\/p>\n<div class=\"link-product\">\n<div class=\"blocco-immagine\"><img loading=\"lazy\" decoding=\"async\" class=\"alignnone size-full wp-image-2024\" src=\"https:\/\/blog.holyart.it\/fr\/wp-content\/uploads\/sites\/14\/2020\/05\/Chapelets-et-bo\u00eete-chapelets.jpg\" alt=\"v\" width=\"100\" height=\"100\" \/><\/div>\n<div class=\"blocco-contenuto\">\n<div class=\"blocco-acquista\">Acheter sur Holyart:<\/div>\n<div class=\"blocco-titolo\"><a href=\"https:\/\/www.holyart.fr\/occasions-speciales\/notre-dame-de-medjugorje\/chapelets-et-boite-chapelets\">Chapelets et bo\u00eete chapelets<\/a><\/div>\n<div class=\"blocco-descrizione\">Chapelets avec images de la Vierge de Medjugorje<\/div>\n<\/div>\n<\/div>\n<p>Au d\u00e9but du XIV si\u00e8cle, le mystique <strong>Henri Suso de Constance<\/strong> \u00e9crit dans son <em>Livre de l&rsquo;\u00e9ternelle sagesse,<\/em> en s&rsquo;adressant \u00e0 la Vierge\u00a0: \u00ab\u00a0<em>Soyez b\u00e9nite, aurore naissante, au-dessus de toutes les cr\u00e9atures, et b\u00e9ni soit le pr\u00e9 fleuri de roses rouges de votre beau visage, orn\u00e9 de la fleur rouge rubis de l&rsquo;\u00c9ternelle Sagesse<\/em>\u00a0\u00bb.<\/p>\n<p>Au <strong>Moyen \u00c2ge<\/strong>, on commence \u00e0 accrocher des branches fleuries non seulement \u00e0 la porte de la femme aim\u00e9e, mais aussi aux statues de la Sainte Vierge. En particulier des guirlandes de roses, fleur typique du mois de mai. Et ainsi n\u00e9 la tradition du Rosaire, perp\u00e9tu\u00e9e \u00e9galement par <strong>Saint Philippe N\u00e9ri<\/strong>, qui au XVI si\u00e8cle invitait les enfants sous sa garde \u00e0 orner de roses l&rsquo;image de Marie.<\/p>\n<p>Ce n&rsquo;est que le\u00a029 avril 1965 que le mois de mai est officiellement consacr\u00e9 \u00e0 la Vierge avec l&rsquo;encyclique <strong>Mense Maio<\/strong> de <strong>Pape Paul VI<\/strong>, o\u00f9 on lit entre autres\u00a0: \u00ab\u00a0<em>C&rsquo;est le mois o\u00f9, dans les sanctuaires comme dans les foyers, l&rsquo;hommage de la pri\u00e8re et de la v\u00e9n\u00e9ration monte des c\u0153urs chr\u00e9tiens avec plus de ferveur et d&rsquo;affection. C&rsquo;est aussi le mois o\u00f9 du tr\u00f4ne de la M\u00e8re de Dieu se\u00a0 r\u00e9pandent plus largement sur nous les dons de la mis\u00e9ricorde divine\u00a0\u00bb.<\/em><\/p>\n<div class=\"link-article\">\n<p><img loading=\"lazy\" decoding=\"async\" class=\"alignnone size-full wp-image-2025\" src=\"https:\/\/blog.holyart.it\/fr\/wp-content\/uploads\/sites\/14\/2020\/05\/padre-pio.jpg\" alt=\"padre-pio\" width=\"150\" height=\"99\" \/><\/p>\n<div class=\"leggi-anche\">Lire aussi :<\/div>\n<p><strong><a href=\"https:\/\/www.holyart.fr\/blog\/saints-et-bienheureux\/padre-pio-priere-preferee\/\">Padre Pio et sa pri\u00e8re pr\u00e9f\u00e9r\u00e9e<\/a><\/strong><br \/>\nSon existence ax\u00e9e sur la pri\u00e8re, le sacrifice et le total d\u00e9vouement aux autres est un fait&#8230;<\/p>\n<\/div>\n<p>Au mois de mai de 1912 <strong><a href=\"https:\/\/www.holyart.fr\/occasions-speciales\/padre-pio\">Padre Pio de Pietrelcina<\/a><\/strong>, qui \u00e9tait amoureux de la Vierge, \u00e9crivait \u00e0 son professeur, en parlant du mois de mai\u00a0: \u00ab\u00a0<em>Mon p\u00e8re, comment ce mois pr\u00eache bien la douceur et la beaut\u00e9 de Marie\u00a0! Mon esprit \u00e0 la seule pens\u00e9e des innombrables b\u00e9n\u00e9fices que cette ch\u00e8re petite maman a donn\u00e9 pour moi me fait honte de ma personne, n&rsquo;ayant jamais regard\u00e9 avec suffisamment d&rsquo;amour le c\u0153ur d&rsquo;elle et sa main, qui avec tant de bont\u00e9 les accorait. Pauvre petite Maman, combien m&rsquo;aime-t-elle. Je l&rsquo;ai constat\u00e9 de nouveau au tout d\u00e9but de ce beau mois. Avec combien de soin m&rsquo;a-t-elle accompagn\u00e9 \u00e0 l&rsquo;autel ce matin. J&rsquo;ai eu l&rsquo;impression qu&rsquo;elle n&rsquo;avait autre chose \u00e0 penser qu&rsquo;\u00e0 moi rien qu&rsquo;en m&#8217;emplissant le c\u0153ur entier de sainte affection<\/em>\u00a0\u00bb.<\/p>\n<h2>Pri\u00e8res \u00e0 la Vierge au mois de mai<\/h2>\n<p>Les pri\u00e8res du mois marial sont innombrables, puisque la d\u00e9votion vou\u00e9e \u00e0 la M\u00e8re de Dieu en ce mois s&rsquo;est amplement d\u00e9velopp\u00e9e au cours des si\u00e8cles. Pensons au <strong>Chapelet du mois de Mai \u00e0 la Vierge<\/strong>, le chapelet \u00e0 r\u00e9citer chaque jour pour demander \u00e0 Marie de nous donner amour, force dans la foi et pardon des p\u00e9ch\u00e9s.<\/p>\n<p>Les \u00ab<strong>\u00a0fioretti\u00a0<\/strong>\u00bb, des v\u0153ux offerts \u00e0 la Vierge, sont une pratique de d\u00e9votion tr\u00e8s r\u00e9pandue au mois de mai. Il s&rsquo;agit de petits sacrifices, engagements, bons propos offerts \u00e0 la Vierge Marie comme si on lui offrait une fleur. Un signe de notre amour pour elle et pour son Fils J\u00e9sus.<\/p>\n<p>Naturellement, le <strong>Chapelet<\/strong> est la meilleure expression de d\u00e9votion qui puisse \u00eatre pratiqu\u00e9e au mois de mai.<\/p>\n<p>R\u00e9cit\u00e9 chaque jour, il aide \u00e0 cr\u00e9er un rapport sp\u00e9cial avec Marie, \u00e0 nous faire sentir plus proches d&rsquo;elle et de J\u00e9sus. En outre, r\u00e9citer le Chapelet chaque jour au mois de mai garantit b\u00e9n\u00e9dictions et b\u00e9n\u00e9fices pour nous et nos \u00eatres chers. Selon la tradition, Saint Dominique Guzman, fondateur de l&rsquo;Ordre Dominicain, re\u00e7ut de la Vierge en personne le premier Chapelet en 1214, en tant qu&rsquo;instrument pour la conversion des non-croyants et des p\u00e9cheurs. La Vierge se pr\u00e9senta \u00e0 lui avec un bouquet de 150 roses et lui dit qu&rsquo;elle souhaitait \u00eatre orn\u00e9e avec une pri\u00e8re qui pr\u00e9voyait 150 Je Vous salue Marie altern\u00e9es au Notre P\u00e8re. En \u00e9change, la Vierge s&rsquo;engagea \u00e0 exaucer 15 promesses, une par chaque dizaine r\u00e9cit\u00e9e, en d\u00e9clarant son engagement dans la protection des \u00e2mes et des familles de ses disciples.<\/p>\n<p>En alternative, on peut r\u00e9citer une <strong>oraison jaculatoire<\/strong>. Il s&rsquo;agit d&rsquo;une br\u00e8ve pri\u00e8re r\u00e9cit\u00e9e habituellement par c\u0153ur, de haute voix ou mentalement. Typique de la d\u00e9votion populaire, elle est souvent en vers rim\u00e9s et son contenu est simple et clair. L&rsquo;\u00e9noncer all\u00e8ge les peines souffertes par les \u00e2mes du Purgatoire. Saint Philippe N\u00e9ri aimait beaucoup les oraisons jaculatoires et invitait ses jeunes \u00e0 en r\u00e9citer chaque jour, m\u00eame pour trouver consolation et soulagement aux impi\u00e9t\u00e9s du monde. On trouve des nombreuses oraisons jaculatoires desquelles s&rsquo;inspirer.<\/p>\n<h2>Le mois marial expliqu\u00e9 aux enfants<\/h2>\n<p>Comment pouvons-nous parler aux plus petits de mai comme du mois d\u00e9di\u00e9 \u00e0 la Vierge\u00a0? Est-il sens\u00e9 de leur imposer de r\u00e9citer le Chapelet ou d&rsquo;autres pri\u00e8res du mois de mai\u00a0? Bien s\u00fbr, m\u00eame s&rsquo;il faut leur pr\u00e9senter les choses de mani\u00e8re \u00e0 ce qu&rsquo;elles soient faciles \u00e0 comprendre. Les enfants sont toujours contents et bien dispos\u00e9s quand il s&rsquo;agit d&rsquo;apprendre de nouvelles choses, surtout si elles sont proches de leur sensibilit\u00e9.<\/p>\n<p>Il faudra avant tout leur expliquer que le mois de mai est d\u00e9di\u00e9 \u00e0 Marie, maman de J\u00e9sus, car c&rsquo;est le mois des fleurs, celui o\u00f9 la nature rena\u00eet \u00e0 une nouvelle vie apr\u00e8s les rigueurs de l&rsquo;hiver. Et Marie, Vierge et M\u00e8re, fille de son propre Fils, est la plus belle de toutes les fleurs, la premi\u00e8re \u00e0 \u00e9clore apr\u00e8s la R\u00e9surrection de Christ, gr\u00e2ce \u00e0 Sa promesse de salut pour tous les hommes. Au contraire, la Vierge, libre du p\u00e9ch\u00e9 originel et de tout faute, est elle-m\u00eame le symbole de cette promesse de pardon et amour, une fleur merveilleuse donn\u00e9e par Dieu au monde en tant que signe de Son infinie bont\u00e9.<\/p>\n<p>Nous pouvons ensuite expliquer aux enfants comment nait la pri\u00e8re du Rosaire, d\u00e9votion marial par excellence. La fleur la plus caract\u00e9ristique du mois de mai est la rose et dans le temps les enfants comme eux mettaient des <strong><a href=\"https:\/\/www.holyart.fr\/occasions-speciales\/notre-dame-de-medjugorje\/bracelets-dizainiers\">couronnes de roses<\/a><\/strong> sur les statues de la Vierge. Chaque rose symbolisait une pri\u00e8re et il s&rsquo;agissait de pri\u00e8res magnifiques et tr\u00e8s parfum\u00e9es, dignes de Marie. De ces roses sont n\u00e9s les grains du chapelet.<\/p>\n<p>De plus, surtout pour les plus jeunes enfants, nous devons leur rappeler que la Vierge n\u2019est pas uniquement la maman de J\u00e9sus, mais la maman de nous tous, la plus belle, la plus douce et la plus aimable, constamment tourn\u00e9e vers tous ses enfants pour les prot\u00e9ger, les consoler et prendre soin d&rsquo;eux, m\u00eame dans les moments les plus difficiles.<\/p>\n<h2>Les articles d\u00e9di\u00e9s \u00e0 Marie dans le catalogue Holyart<\/h2>\n<p>Le catalogue Holyart est riche en articles de tout genre qui peuvent vous \u00eatre utiles pour c\u00e9l\u00e9brer le mois de la Vierge au mieux. En particulier, vous y trouverez des <a href=\"https:\/\/www.holyart.fr\/produits\/statues-vierge-marie.php\"><strong>statues de la Vierge<\/strong><\/a>, de toutes les dimensions et en mat\u00e9riaux vari\u00e9s, adapt\u00e9es pour la maison ou le jardin, en bois, r\u00e9sine, pierre, poudre de marbre, et dans toutes les nombreuses d\u00e9clinaisons de la Vierge\u00a0: Notre-Dame de Medjugorje, de Lourdes, de Fatima, Notre-Dame de la Paix, Notre-Dame de Gr\u00e2ce, Vierge Immacul\u00e9e et ainsi de suite.<\/p>\n<div class=\"link-product\">\n<div class=\"blocco-immagine\"><img loading=\"lazy\" decoding=\"async\" class=\"alignnone size-full wp-image-2026\" src=\"https:\/\/blog.holyart.it\/fr\/wp-content\/uploads\/sites\/14\/2020\/05\/Statue-Marie-Rose-Mystique-en-pl\u00e2tre-nacre-50-cm.jpg\" alt=\"Statue Marie Rose Mystique en pl\u00e2tre nacre 50 cm\" width=\"100\" height=\"100\" \/><\/div>\n<div class=\"blocco-contenuto\">\n<div class=\"blocco-acquista\">Acheter sur Holyart:<\/div>\n<div class=\"blocco-titolo\"><a href=\"https:\/\/www.holyart.fr\/articles-religieux\/statues\/statues-en-platre\/statue-marie-rose-mystique-en-platre-nacre-50-cm\">Statue Marie Rose Mystique en pl\u00e2tre nacr\u00e9 50 cm<\/a><\/div>\n<div class=\"blocco-descrizione\">Produite et peinte \u00e0 la main en Italie<\/div>\n<\/div>\n<\/div>\n<p>Naturellement, <strong><a href=\"https:\/\/www.holyart.fr\/articles-religieux\/chapelets-et-etuis-a-chapelet\">notre site offre un tr\u00e8s vaste choix de chapelets<\/a><\/strong> de tout genre et mat\u00e9riel, en argent avec cristaux Swarovski, en filigrane, avec grains en corail, perles d&rsquo;eau douce, pierres semi-pr\u00e9cieuses. Il y a aussi de nombreux <strong>bijoux<\/strong>, en particulier des bracelets et des bagues, mais aussi des colliers et m\u00eame des boutons de manchettes d\u00e9di\u00e9s au culte de la Vierge. Dans ce cas-ci aussi, vous trouverez une ample gamme d&rsquo;articles adapt\u00e9s \u00e0 chaque occasion et budget. Et pour finir nous vous proposons des <strong><a href=\"https:\/\/www.holyart.fr\/articles-religieux\/icones-religieuses\">ic\u00f4nes religieuses<\/a><\/strong>, <strong><a href=\"https:\/\/www.holyart.fr\/articles-religieux\/tableaux-gravures-manuscrit-enlumine\">des tableaux et des impressions<\/a><\/strong>, plein de mod\u00e8les diff\u00e9rents pour c\u00e9l\u00e9brer la pr\u00e9sence de la Vierge Marie dans notre vie et dans notre maison, non seulement pendant le mois qui lui est d\u00e9di\u00e9, mais tous les jours.<\/p>\n","protected":false},"excerpt":{"rendered":"<p>Mai est le mois consacr\u00e9 \u00e0 la Sainte Vierge.\u00a0 Des pri\u00e8res sp\u00e9ciales, des actes de d\u00e9votions et la F\u00eate des M\u00e8res qui, non pas par hasard, tombe au mois de mai. D\u00e9couvrons mai, le mois de la Vierge. Nous avons d\u00e9j\u00e0 approfondi dans un autre&hellip;<\/p>\n","protected":false},"author":1,"featured_media":2023,"comment_status":"closed","ping_status":"open","sticky":false,"template":"","format":"standard","meta":{"_acf_changed":false,"footnotes":""},"categories":[8,7],"tags":[],"class_list":["post-2022","post","type-post","status-publish","format-standard","has-post-thumbnail","hentry","category-articles-religieux","category-saints-et-bienheureux"],"acf":[],"yoast_head":"<!-- This site is optimized with the Yoast SEO plugin v26.6 - https:\/\/yoast.com\/wordpress\/plugins\/seo\/ -->\n<title>Mai, mois de la Vierge : comment c\u00e9l\u00e9brer le mois marial - Holyart.fr Blog<\/title>\n<meta name=\"description\" content=\"Mai est le mois consacr\u00e9 \u00e0 la Sainte Vierge.\u00a0 Des pri\u00e8res sp\u00e9ciales, des actes de d\u00e9votions et la F\u00eate des M\u00e8res. D\u00e9couvrons mai, le mois de la Vierge.\" \/>\n<meta name=\"robots\" content=\"index, follow, max-snippet:-1, max-image-preview:large, max-video-preview:-1\" \/>\n<link rel=\"canonical\" href=\"https:\/\/blog.holyart.it\/fr\/articles-religieux\/mai-mois-de-la-vierge-comment-celebrer-le-mois-marial\/\" \/>\n<meta property=\"og:locale\" content=\"fr_FR\" \/>\n<meta property=\"og:type\" content=\"article\" \/>\n<meta property=\"og:title\" content=\"Mai, mois de la Vierge : comment c\u00e9l\u00e9brer le mois marial - Holyart.fr Blog\" \/>\n<meta property=\"og:description\" content=\"Mai est le mois consacr\u00e9 \u00e0 la Sainte Vierge.\u00a0 Des pri\u00e8res sp\u00e9ciales, des actes de d\u00e9votions et la F\u00eate des M\u00e8res. D\u00e9couvrons mai, le mois de la Vierge.\" \/>\n<meta property=\"og:url\" content=\"https:\/\/blog.holyart.it\/fr\/articles-religieux\/mai-mois-de-la-vierge-comment-celebrer-le-mois-marial\/\" \/>\n<meta property=\"og:site_name\" content=\"Holyart.fr Blog\" \/>\n<meta property=\"article:published_time\" content=\"2020-04-22T12:45:57+00:00\" \/>\n<meta property=\"article:modified_time\" content=\"2024-04-30T12:11:16+00:00\" \/>\n<meta property=\"og:image\" content=\"https:\/\/blog.holyart.it\/fr\/wp-content\/uploads\/sites\/14\/2020\/05\/mois-de-la-Vierge.jpg\" \/>\n\t<meta property=\"og:image:width\" content=\"1000\" \/>\n\t<meta property=\"og:image:height\" content=\"666\" \/>\n\t<meta property=\"og:image:type\" content=\"image\/jpeg\" \/>\n<meta name=\"author\" content=\"Redazione\" \/>\n<meta name=\"twitter:card\" content=\"summary_large_image\" \/>\n<meta name=\"twitter:label1\" content=\"\u00c9crit par\" \/>\n\t<meta name=\"twitter:data1\" content=\"Redazione\" \/>\n\t<meta name=\"twitter:label2\" content=\"Dur\u00e9e de lecture estim\u00e9e\" \/>\n\t<meta name=\"twitter:data2\" content=\"10 minutes\" \/>\n<script type=\"application\/ld+json\" class=\"yoast-schema-graph\">{\"@context\":\"https:\/\/schema.org\",\"@graph\":[{\"@type\":\"Article\",\"@id\":\"https:\/\/blog.holyart.it\/fr\/articles-religieux\/mai-mois-de-la-vierge-comment-celebrer-le-mois-marial\/#article\",\"isPartOf\":{\"@id\":\"https:\/\/blog.holyart.it\/fr\/articles-religieux\/mai-mois-de-la-vierge-comment-celebrer-le-mois-marial\/\"},\"author\":{\"name\":\"Redazione\",\"@id\":\"https:\/\/blog.holyart.it\/fr\/#\/schema\/person\/0a7b686e5af0f856ec1e390dd0baecda\"},\"headline\":\"Mai, mois de la Vierge : comment c\u00e9l\u00e9brer le mois marial\",\"datePublished\":\"2020-04-22T12:45:57+00:00\",\"dateModified\":\"2024-04-30T12:11:16+00:00\",\"mainEntityOfPage\":{\"@id\":\"https:\/\/blog.holyart.it\/fr\/articles-religieux\/mai-mois-de-la-vierge-comment-celebrer-le-mois-marial\/\"},\"wordCount\":1989,\"publisher\":{\"@id\":\"https:\/\/blog.holyart.it\/fr\/#organization\"},\"image\":{\"@id\":\"https:\/\/blog.holyart.it\/fr\/articles-religieux\/mai-mois-de-la-vierge-comment-celebrer-le-mois-marial\/#primaryimage\"},\"thumbnailUrl\":\"https:\/\/blog.holyart.it\/fr\/wp-content\/uploads\/sites\/14\/2020\/05\/mois-de-la-Vierge.jpg\",\"articleSection\":[\"Religion\",\"Saints et Bienheureux\"],\"inLanguage\":\"fr-FR\"},{\"@type\":\"WebPage\",\"@id\":\"https:\/\/blog.holyart.it\/fr\/articles-religieux\/mai-mois-de-la-vierge-comment-celebrer-le-mois-marial\/\",\"url\":\"https:\/\/blog.holyart.it\/fr\/articles-religieux\/mai-mois-de-la-vierge-comment-celebrer-le-mois-marial\/\",\"name\":\"Mai, mois de la Vierge : comment c\u00e9l\u00e9brer le mois marial - Holyart.fr Blog\",\"isPartOf\":{\"@id\":\"https:\/\/blog.holyart.it\/fr\/#website\"},\"primaryImageOfPage\":{\"@id\":\"https:\/\/blog.holyart.it\/fr\/articles-religieux\/mai-mois-de-la-vierge-comment-celebrer-le-mois-marial\/#primaryimage\"},\"image\":{\"@id\":\"https:\/\/blog.holyart.it\/fr\/articles-religieux\/mai-mois-de-la-vierge-comment-celebrer-le-mois-marial\/#primaryimage\"},\"thumbnailUrl\":\"https:\/\/blog.holyart.it\/fr\/wp-content\/uploads\/sites\/14\/2020\/05\/mois-de-la-Vierge.jpg\",\"datePublished\":\"2020-04-22T12:45:57+00:00\",\"dateModified\":\"2024-04-30T12:11:16+00:00\",\"description\":\"Mai est le mois consacr\u00e9 \u00e0 la Sainte Vierge.\u00a0 Des pri\u00e8res sp\u00e9ciales, des actes de d\u00e9votions et la F\u00eate des M\u00e8res. D\u00e9couvrons mai, le mois de la Vierge.\",\"breadcrumb\":{\"@id\":\"https:\/\/blog.holyart.it\/fr\/articles-religieux\/mai-mois-de-la-vierge-comment-celebrer-le-mois-marial\/#breadcrumb\"},\"inLanguage\":\"fr-FR\",\"potentialAction\":[{\"@type\":\"ReadAction\",\"target\":[\"https:\/\/blog.holyart.it\/fr\/articles-religieux\/mai-mois-de-la-vierge-comment-celebrer-le-mois-marial\/\"]}]},{\"@type\":\"ImageObject\",\"inLanguage\":\"fr-FR\",\"@id\":\"https:\/\/blog.holyart.it\/fr\/articles-religieux\/mai-mois-de-la-vierge-comment-celebrer-le-mois-marial\/#primaryimage\",\"url\":\"https:\/\/blog.holyart.it\/fr\/wp-content\/uploads\/sites\/14\/2020\/05\/mois-de-la-Vierge.jpg\",\"contentUrl\":\"https:\/\/blog.holyart.it\/fr\/wp-content\/uploads\/sites\/14\/2020\/05\/mois-de-la-Vierge.jpg\",\"width\":1000,\"height\":666,\"caption\":\"mois de la Vierge\"},{\"@type\":\"BreadcrumbList\",\"@id\":\"https:\/\/blog.holyart.it\/fr\/articles-religieux\/mai-mois-de-la-vierge-comment-celebrer-le-mois-marial\/#breadcrumb\",\"itemListElement\":[{\"@type\":\"ListItem\",\"position\":1,\"name\":\"Homepage\",\"item\":\"https:\/\/blog.holyart.it\/fr\/\"},{\"@type\":\"ListItem\",\"position\":2,\"name\":\"Religion\",\"item\":\"https:\/\/blog.holyart.it\/fr\/articles-religieux\/\"},{\"@type\":\"ListItem\",\"position\":3,\"name\":\"Mai, mois de la Vierge : comment c\u00e9l\u00e9brer le mois marial\"}]},{\"@type\":\"WebSite\",\"@id\":\"https:\/\/blog.holyart.it\/fr\/#website\",\"url\":\"https:\/\/blog.holyart.it\/fr\/\",\"name\":\"Holyart.fr Blog\",\"description\":\"Holyblog\",\"publisher\":{\"@id\":\"https:\/\/blog.holyart.it\/fr\/#organization\"},\"potentialAction\":[{\"@type\":\"SearchAction\",\"target\":{\"@type\":\"EntryPoint\",\"urlTemplate\":\"https:\/\/blog.holyart.it\/fr\/?s={search_term_string}\"},\"query-input\":{\"@type\":\"PropertyValueSpecification\",\"valueRequired\":true,\"valueName\":\"search_term_string\"}}],\"inLanguage\":\"fr-FR\"},{\"@type\":\"Organization\",\"@id\":\"https:\/\/blog.holyart.it\/fr\/#organization\",\"name\":\"Holyart.fr Blog\",\"url\":\"https:\/\/blog.holyart.it\/fr\/\",\"logo\":{\"@type\":\"ImageObject\",\"inLanguage\":\"fr-FR\",\"@id\":\"https:\/\/blog.holyart.it\/fr\/#\/schema\/logo\/image\/\",\"url\":\"https:\/\/blog.holyart.it\/fr\/wp-content\/uploads\/sites\/14\/2022\/12\/Holyart_Blog_Logo.jpg\",\"contentUrl\":\"https:\/\/blog.holyart.it\/fr\/wp-content\/uploads\/sites\/14\/2022\/12\/Holyart_Blog_Logo.jpg\",\"width\":300,\"height\":50,\"caption\":\"Holyart.fr Blog\"},\"image\":{\"@id\":\"https:\/\/blog.holyart.it\/fr\/#\/schema\/logo\/image\/\"}},{\"@type\":\"Person\",\"@id\":\"https:\/\/blog.holyart.it\/fr\/#\/schema\/person\/0a7b686e5af0f856ec1e390dd0baecda\",\"name\":\"Redazione\",\"image\":{\"@type\":\"ImageObject\",\"inLanguage\":\"fr-FR\",\"@id\":\"https:\/\/blog.holyart.it\/fr\/#\/schema\/person\/image\/\",\"url\":\"https:\/\/secure.gravatar.com\/avatar\/f477da817f43e50d0af36abecd33e3edf826c68299714bdc1057dff3b113f516?s=96&d=mm&r=g\",\"contentUrl\":\"https:\/\/secure.gravatar.com\/avatar\/f477da817f43e50d0af36abecd33e3edf826c68299714bdc1057dff3b113f516?s=96&d=mm&r=g\",\"caption\":\"Redazione\"},\"url\":\"https:\/\/blog.holyart.it\/fr\/author\/admin\/\"}]}<\/script>\n<!-- \/ Yoast SEO plugin. -->","yoast_head_json":{"title":"Mai, mois de la Vierge : comment c\u00e9l\u00e9brer le mois marial - Holyart.fr Blog","description":"Mai est le mois consacr\u00e9 \u00e0 la Sainte Vierge.\u00a0 Des pri\u00e8res sp\u00e9ciales, des actes de d\u00e9votions et la F\u00eate des M\u00e8res. D\u00e9couvrons mai, le mois de la Vierge.","robots":{"index":"index","follow":"follow","max-snippet":"max-snippet:-1","max-image-preview":"max-image-preview:large","max-video-preview":"max-video-preview:-1"},"canonical":"https:\/\/blog.holyart.it\/fr\/articles-religieux\/mai-mois-de-la-vierge-comment-celebrer-le-mois-marial\/","og_locale":"fr_FR","og_type":"article","og_title":"Mai, mois de la Vierge : comment c\u00e9l\u00e9brer le mois marial - Holyart.fr Blog","og_description":"Mai est le mois consacr\u00e9 \u00e0 la Sainte Vierge.\u00a0 Des pri\u00e8res sp\u00e9ciales, des actes de d\u00e9votions et la F\u00eate des M\u00e8res. D\u00e9couvrons mai, le mois de la Vierge.","og_url":"https:\/\/blog.holyart.it\/fr\/articles-religieux\/mai-mois-de-la-vierge-comment-celebrer-le-mois-marial\/","og_site_name":"Holyart.fr Blog","article_published_time":"2020-04-22T12:45:57+00:00","article_modified_time":"2024-04-30T12:11:16+00:00","og_image":[{"width":1000,"height":666,"url":"https:\/\/blog.holyart.it\/fr\/wp-content\/uploads\/sites\/14\/2020\/05\/mois-de-la-Vierge.jpg","type":"image\/jpeg"}],"author":"Redazione","twitter_card":"summary_large_image","twitter_misc":{"\u00c9crit par":"Redazione","Dur\u00e9e de lecture estim\u00e9e":"10 minutes"},"schema":{"@context":"https:\/\/schema.org","@graph":[{"@type":"Article","@id":"https:\/\/blog.holyart.it\/fr\/articles-religieux\/mai-mois-de-la-vierge-comment-celebrer-le-mois-marial\/#article","isPartOf":{"@id":"https:\/\/blog.holyart.it\/fr\/articles-religieux\/mai-mois-de-la-vierge-comment-celebrer-le-mois-marial\/"},"author":{"name":"Redazione","@id":"https:\/\/blog.holyart.it\/fr\/#\/schema\/person\/0a7b686e5af0f856ec1e390dd0baecda"},"headline":"Mai, mois de la Vierge : comment c\u00e9l\u00e9brer le mois marial","datePublished":"2020-04-22T12:45:57+00:00","dateModified":"2024-04-30T12:11:16+00:00","mainEntityOfPage":{"@id":"https:\/\/blog.holyart.it\/fr\/articles-religieux\/mai-mois-de-la-vierge-comment-celebrer-le-mois-marial\/"},"wordCount":1989,"publisher":{"@id":"https:\/\/blog.holyart.it\/fr\/#organization"},"image":{"@id":"https:\/\/blog.holyart.it\/fr\/articles-religieux\/mai-mois-de-la-vierge-comment-celebrer-le-mois-marial\/#primaryimage"},"thumbnailUrl":"https:\/\/blog.holyart.it\/fr\/wp-content\/uploads\/sites\/14\/2020\/05\/mois-de-la-Vierge.jpg","articleSection":["Religion","Saints et Bienheureux"],"inLanguage":"fr-FR"},{"@type":"WebPage","@id":"https:\/\/blog.holyart.it\/fr\/articles-religieux\/mai-mois-de-la-vierge-comment-celebrer-le-mois-marial\/","url":"https:\/\/blog.holyart.it\/fr\/articles-religieux\/mai-mois-de-la-vierge-comment-celebrer-le-mois-marial\/","name":"Mai, mois de la Vierge : comment c\u00e9l\u00e9brer le mois marial - Holyart.fr Blog","isPartOf":{"@id":"https:\/\/blog.holyart.it\/fr\/#website"},"primaryImageOfPage":{"@id":"https:\/\/blog.holyart.it\/fr\/articles-religieux\/mai-mois-de-la-vierge-comment-celebrer-le-mois-marial\/#primaryimage"},"image":{"@id":"https:\/\/blog.holyart.it\/fr\/articles-religieux\/mai-mois-de-la-vierge-comment-celebrer-le-mois-marial\/#primaryimage"},"thumbnailUrl":"https:\/\/blog.holyart.it\/fr\/wp-content\/uploads\/sites\/14\/2020\/05\/mois-de-la-Vierge.jpg","datePublished":"2020-04-22T12:45:57+00:00","dateModified":"2024-04-30T12:11:16+00:00","description":"Mai est le mois consacr\u00e9 \u00e0 la Sainte Vierge.\u00a0 Des pri\u00e8res sp\u00e9ciales, des actes de d\u00e9votions et la F\u00eate des M\u00e8res. D\u00e9couvrons mai, le mois de la Vierge.","breadcrumb":{"@id":"https:\/\/blog.holyart.it\/fr\/articles-religieux\/mai-mois-de-la-vierge-comment-celebrer-le-mois-marial\/#breadcrumb"},"inLanguage":"fr-FR","potentialAction":[{"@type":"ReadAction","target":["https:\/\/blog.holyart.it\/fr\/articles-religieux\/mai-mois-de-la-vierge-comment-celebrer-le-mois-marial\/"]}]},{"@type":"ImageObject","inLanguage":"fr-FR","@id":"https:\/\/blog.holyart.it\/fr\/articles-religieux\/mai-mois-de-la-vierge-comment-celebrer-le-mois-marial\/#primaryimage","url":"https:\/\/blog.holyart.it\/fr\/wp-content\/uploads\/sites\/14\/2020\/05\/mois-de-la-Vierge.jpg","contentUrl":"https:\/\/blog.holyart.it\/fr\/wp-content\/uploads\/sites\/14\/2020\/05\/mois-de-la-Vierge.jpg","width":1000,"height":666,"caption":"mois de la Vierge"},{"@type":"BreadcrumbList","@id":"https:\/\/blog.holyart.it\/fr\/articles-religieux\/mai-mois-de-la-vierge-comment-celebrer-le-mois-marial\/#breadcrumb","itemListElement":[{"@type":"ListItem","position":1,"name":"Homepage","item":"https:\/\/blog.holyart.it\/fr\/"},{"@type":"ListItem","position":2,"name":"Religion","item":"https:\/\/blog.holyart.it\/fr\/articles-religieux\/"},{"@type":"ListItem","position":3,"name":"Mai, mois de la Vierge : comment c\u00e9l\u00e9brer le mois marial"}]},{"@type":"WebSite","@id":"https:\/\/blog.holyart.it\/fr\/#website","url":"https:\/\/blog.holyart.it\/fr\/","name":"Holyart.fr Blog","description":"Holyblog","publisher":{"@id":"https:\/\/blog.holyart.it\/fr\/#organization"},"potentialAction":[{"@type":"SearchAction","target":{"@type":"EntryPoint","urlTemplate":"https:\/\/blog.holyart.it\/fr\/?s={search_term_string}"},"query-input":{"@type":"PropertyValueSpecification","valueRequired":true,"valueName":"search_term_string"}}],"inLanguage":"fr-FR"},{"@type":"Organization","@id":"https:\/\/blog.holyart.it\/fr\/#organization","name":"Holyart.fr Blog","url":"https:\/\/blog.holyart.it\/fr\/","logo":{"@type":"ImageObject","inLanguage":"fr-FR","@id":"https:\/\/blog.holyart.it\/fr\/#\/schema\/logo\/image\/","url":"https:\/\/blog.holyart.it\/fr\/wp-content\/uploads\/sites\/14\/2022\/12\/Holyart_Blog_Logo.jpg","contentUrl":"https:\/\/blog.holyart.it\/fr\/wp-content\/uploads\/sites\/14\/2022\/12\/Holyart_Blog_Logo.jpg","width":300,"height":50,"caption":"Holyart.fr Blog"},"image":{"@id":"https:\/\/blog.holyart.it\/fr\/#\/schema\/logo\/image\/"}},{"@type":"Person","@id":"https:\/\/blog.holyart.it\/fr\/#\/schema\/person\/0a7b686e5af0f856ec1e390dd0baecda","name":"Redazione","image":{"@type":"ImageObject","inLanguage":"fr-FR","@id":"https:\/\/blog.holyart.it\/fr\/#\/schema\/person\/image\/","url":"https:\/\/secure.gravatar.com\/avatar\/f477da817f43e50d0af36abecd33e3edf826c68299714bdc1057dff3b113f516?s=96&d=mm&r=g","contentUrl":"https:\/\/secure.gravatar.com\/avatar\/f477da817f43e50d0af36abecd33e3edf826c68299714bdc1057dff3b113f516?s=96&d=mm&r=g","caption":"Redazione"},"url":"https:\/\/blog.holyart.it\/fr\/author\/admin\/"}]}},"_links":{"self":[{"href":"https:\/\/blog.holyart.it\/fr\/wp-json\/wp\/v2\/posts\/2022","targetHints":{"allow":["GET"]}}],"collection":[{"href":"https:\/\/blog.holyart.it\/fr\/wp-json\/wp\/v2\/posts"}],"about":[{"href":"https:\/\/blog.holyart.it\/fr\/wp-json\/wp\/v2\/types\/post"}],"author":[{"embeddable":true,"href":"https:\/\/blog.holyart.it\/fr\/wp-json\/wp\/v2\/users\/1"}],"replies":[{"embeddable":true,"href":"https:\/\/blog.holyart.it\/fr\/wp-json\/wp\/v2\/comments?post=2022"}],"version-history":[{"count":1,"href":"https:\/\/blog.holyart.it\/fr\/wp-json\/wp\/v2\/posts\/2022\/revisions"}],"predecessor-version":[{"id":8178,"href":"https:\/\/blog.holyart.it\/fr\/wp-json\/wp\/v2\/posts\/2022\/revisions\/8178"}],"wp:featuredmedia":[{"embeddable":true,"href":"https:\/\/blog.holyart.it\/fr\/wp-json\/wp\/v2\/media\/2023"}],"wp:attachment":[{"href":"https:\/\/blog.holyart.it\/fr\/wp-json\/wp\/v2\/media?parent=2022"}],"wp:term":[{"taxonomy":"category","embeddable":true,"href":"https:\/\/blog.holyart.it\/fr\/wp-json\/wp\/v2\/categories?post=2022"},{"taxonomy":"post_tag","embeddable":true,"href":"https:\/\/blog.holyart.it\/fr\/wp-json\/wp\/v2\/tags?post=2022"}],"curies":[{"name":"wp","href":"https:\/\/api.w.org\/{rel}","templated":true}]}}