{"id":1974,"date":"2020-03-04T11:00:38","date_gmt":"2020-03-04T10:00:38","guid":{"rendered":"https:\/\/blog.holyart.it\/fr\/?p=1974"},"modified":"2020-09-22T11:20:57","modified_gmt":"2020-09-22T09:20:57","slug":"les-miracles-de-saint-gerard-majella","status":"publish","type":"post","link":"https:\/\/blog.holyart.it\/fr\/articles-religieux\/les-miracles-de-saint-gerard-majella\/","title":{"rendered":"Les miracles de Saint G\u00e9rard Majella"},"content":{"rendered":"<h4 style=\"text-align: center;\" align=\"center\"><em>Les miracles de Saint G\u00e9rard Majella ont fait conna\u00eetre l&rsquo;histoire humaine et spirituelle de ce jeune exceptionnel dans le monde entier. D\u00e9couvrons quelque chose en plus sur le Saint Patron de la Basilicate, protecteur des femmes enceintes, des m\u00e8res de famille et des enfants.<span lang=\"FR\">\u00a0<\/span><\/em><\/h4>\n\n<p class=\"Corpodeltesto\"><span lang=\"FR\">G\u00e9rard Majella naquit dans une famille modeste de Muro Lucano, en province de Potenza, en 1726. Son p\u00e8re \u00e9tait un tailleur et mourut t\u00f4t, en le laissant avec sa m\u00e8re, femme pieuse qui lui transmit la conscience de l&rsquo;amour de Dieu pour toutes ses cr\u00e9atures. <\/span><\/p>\n<p class=\"Corpodeltesto\"><span lang=\"FR\">Pendant quelques temps, G\u00e9rard, dans son jeune \u00e2ge, travailla au service de l&rsquo;\u00e9v\u00eaque Lacedonia, Claudio Albini, un homme autoritaire et despotique, que l&rsquo;enfant sut toutefois apprendre \u00e0 conna\u00eetre et \u00e0 appr\u00e9cier. D&rsquo;ailleurs, de G\u00e9rard aussi on disait qu&rsquo;il \u00e9tait un peu excentrique, sans rien, un bon \u00e0 rien, destin\u00e9 \u00e0 \u00e9chouer dans chaque travaille qu&rsquo;il aurait essay\u00e9 d&rsquo;entreprendre.<\/span><\/p>\n<h2>Saint G\u00e9rard et la vocation religieuse<\/h2>\n<p class=\"Corpodeltesto\"><span lang=\"FR\">Toutefois, d\u00e8s son jeune \u00e2ge, G\u00e9rard avait ressenti la vocation religieuse, qui l\u2019exhortait \u00e0 trouver son propre chemin dans le monde. Il tenta au d\u00e9but d&rsquo;\u00eatre admis au couvent des <b>fr\u00e8res capucins<\/b> de sa ville, mais sa sant\u00e9 fragile poussa les fr\u00e8res \u00e0 refuser sa requ\u00eate. Sans se laisser d\u00e9courager, en 1748, G\u00e9rard entra en contact avec un groupe de pr\u00eatres r\u00e9demptoristes. <\/span><\/p>\n<div class=\"link-article\">\n<p><img loading=\"lazy\" decoding=\"async\" class=\"alignnone size-thumbnail wp-image-1976\" src=\"https:\/\/blog.holyart.it\/fr\/wp-content\/uploads\/sites\/14\/2020\/04\/padre-pio-150x99.jpg\" alt=\"padre pio\" width=\"150\" height=\"99\" \/><\/p>\n<div class=\"leggi-anche\">Lire aussi :<\/div>\n<p><strong><a href=\"https:\/\/www.holyart.fr\/blog\/saints-et-bienheureux\/padre-pio-lordre-freres-mineurs-capucins\/\">Padre Pio et l\u2019ordre des Fr\u00e8res Mineurs Capucins<\/a><\/strong><br \/>\nQu\u2019est-ce qui rend Padre Pio un personnage si v\u00e9n\u00e9r\u00e9 et c\u00e9l\u00e9br\u00e9 d\u00e9j\u00e0 pendant son existence et, pourtant, \u00e9galement si controvers\u00e9 ?<\/p>\n<\/div>\n<p class=\"Corpodeltesto\"><span lang=\"FR\">Ces pr\u00eatres appartenaient \u00e0 la <b>Congr\u00e9gation R\u00e9demptoriste<\/b> fond\u00e9e par Saint Alphonse Marie de Liguori en 1732, occup\u00e9e dans des \u0153uvres d&rsquo;\u00e9vang\u00e9lisation missionnaire. Les pr\u00eatres r\u00e9demptoristes souhaitaient le myst\u00e8re de la <b>r\u00e9demption et du salut mis\u00e9ricordieux<\/b> de Dieu en J\u00e9sus et vivaient dans l&rsquo;imitation de J\u00e9sus et de ses disciples. G\u00e9rard d\u00e9cida de s&rsquo;unir \u00e0 eux, et pour ce faire, il fugua en \u00e9chappant par la fen\u00eatre avec un drap. Il laissa une note \u00e0 sa m\u00e8re: \u00ab\u00a0<i>M\u00e8re, pardonnez-moi, je vais me faire saint\u00a0<\/i>\u00bb.<\/span><\/p>\n<p class=\"Corpodeltesto\"><span lang=\"FR\">Apr\u00e8s de nombreuses insistances, dues toujours \u00e0 la crainte qu&rsquo;un certain style de vie pouvait s&rsquo;av\u00e9rer trop risqu\u00e9 pour sa sant\u00e9 fragile, G\u00e9rard r\u00e9ussit \u00e0 se faire accueillir dans la Congr\u00e9gation et le 16 juillet 1752, f\u00eate du R\u00e9dempteur, il pronon\u00e7a ses v\u0153ux solennels. Il commen\u00e7a ensuite \u00e0 se d\u00e9placer d&rsquo;un couvent \u00e0 l&rsquo;autre, en tant que Fr\u00e8re inutile, et s&rsquo;engagea dans diff\u00e9rents travaux\u00a0: jardinier, sacristain, concierge, cuisinier, gar\u00e7on d&rsquo;\u00e9curie. Il d\u00e9montra partout un esprit joyeux et une volont\u00e9 infatigable, outre \u00e0 l&rsquo;ob\u00e9issance, la mortification et la d\u00e9votion. Il offrait aux pauvres tout ce qu&rsquo;il avait avec joie et amour et commen\u00e7a \u00e0 \u00eatre aim\u00e9 partout. Il affrontait la vie avec h\u00e9ro\u00efsme, patience et tol\u00e9rance, m\u00eame quand il fut accus\u00e9 \u00e0 tort d&rsquo;avoir eu une relation illicite avec une fille (ce sera ensuite l&rsquo;accusatrice en personne \u00e0 le disculper), et quand la tuberculose l\u2019oblige\u00e2t \u00e0 rester au lit. Sur la porte de cellule, il fit \u00e9crire\u00a0: \u00ab\u00a0<i>Ici on fait la volont\u00e9 de Dieu, comme Dieu le veut, et aussi longtemps qu&rsquo;il le veut<\/i>\u00a0\u00bb.<\/span><\/p>\n<p class=\"Corpodeltesto\"><span lang=\"FR\">Il mourut en 1755, \u00e0 29 ans \u00e0 peine, apr\u00e8s quelques ann\u00e9es seulement de vie religieuse, mais suffisantes pour faire en sorte que, en 1893, Pape L\u00e9on XIII le b\u00e9atifia et Pape Pie X le sanctifia en 1904. Saint G\u00e9rard Majella devint le saint <a href=\"https:\/\/www.holyart.fr\/blog\/articles-religieux\/y-un-ange-gardien-dans-la-chambre-de-votre-enfant\/\"><b>patron des femmes enceintes et des enfants<\/b><\/a>. Son existence fut caract\u00e9ris\u00e9e par l&rsquo;ob\u00e9issance, l&rsquo;humiliation et la fatigue, par la volont\u00e9 de vivre en Christ et pour Christ, en faisant chaque jour, avec joie, Sa volont\u00e9. Ceux qui le connurent racont\u00e8rent des gu\u00e9risons inexplicables advenues gr\u00e2ce \u00e0 lui, et bient\u00f4t sa r\u00e9putation de thaumaturge, gu\u00e9risseur du corps et de l&rsquo;\u00e2me, se diffusa.<\/span><\/p>\n<p class=\"Corpodeltesto\"><span lang=\"FR\">\u00c0 Materdomini, partie de la commune de Capos\u00e8le (Avellino), surgit le <b>sanctuaire de Saint G\u00e9rard Majella<\/b>, d\u00e9di\u00e9 \u00e9galement \u00e0 Marie Sainte Mater Domini. Le sanctuaire s&rsquo;\u00e9rige \u00e0 un endroit connu pour les apparitions de la Vierge \u00e0 l\u2019\u00e9poque m\u00e9di\u00e9vale. Apr\u00e8s que le 16 octobre 1755, dans le Coll\u00e8ge des P\u00e8res R\u00e9demptoristes surgit \u00e0 c\u00f4t\u00e9 de la chapelle d\u00e9di\u00e9e \u00e0 la Vierge, mourut Saint G\u00e9rard Majella, on d\u00e9cida d&rsquo;associer le culte du Saint \u00e0 celui de la Mater Domini.<\/span><\/p>\n<p class=\"Corpodeltesto\"><span lang=\"FR\">Le Saint est f\u00eat\u00e9 le <b>16 octobre<\/b>, jour de sa mort.<\/span><\/p>\n<h2>Miracles de Saint G\u00e9rard<\/h2>\n<p class=\"Corpodeltesto\"><span lang=\"FR\">D\u00e8s son enfance, Saint G\u00e9rard aimait trouver refuge dans les lieux de culte. La chapelle de la Vierge \u00e0 Capodigiano lui \u00e9tait particuli\u00e8rement cher. Ici G\u00e9rard, encore petit, racontait recevoir de temps en temps un <b>petit pain blanc<\/b> du fils de la myst\u00e9rieuse belle Dame, qui se d\u00e9tachait de la m\u00e8re pour aller pr\u00e8s de lui. Une fois grandi, le saint comprit que cet enfant \u00e9tait J\u00e9sus.<\/span><\/p>\n<div class=\"link-product\">\n<div class=\"blocco-immagine\"><img loading=\"lazy\" decoding=\"async\" class=\"alignnone size-full wp-image-1977\" src=\"https:\/\/blog.holyart.it\/fr\/wp-content\/uploads\/sites\/14\/2020\/04\/Saint-Gerard.jpg\" alt=\"Saint Gerard\" width=\"100\" height=\"100\" \/><\/div>\n<div class=\"blocco-contenuto\">\n<div class=\"blocco-acquista\">Acheter sur Holyart:<\/div>\n<div class=\"blocco-titolo\"><a href=\"https:\/\/www.holyart.fr\/articles-religieux\/statues\/statues-en-platre?sorter_id=5&amp;sort=20a\">Plus de statues r\u00e9alis\u00e9es en pl\u00e2tre par un artisan Italien et peintes \u00e0 la main<\/a><\/div>\n<\/div>\n<\/div>\n<p class=\"Corpodeltesto\"><span lang=\"FR\">G\u00e9rard continua de subir la solennit\u00e9 du pain liturgique et des hosties consacr\u00e9es. \u00c0 huit ans il tenta d&rsquo;obtenir <a href=\"https:\/\/www.holyart.fr\/occasions-speciales\/premiere-communion-profession-de-foi\"><span class=\"CollegamentoInternet\"><b>la Premi\u00e8re Communion<\/b><\/span><\/a>, malgr\u00e9 le fait qu&rsquo;il \u00e9tait encore trop jeune. Le pr\u00eatre l&rsquo;\u00e9loigna, mais cette nuit-l\u00e0 l&rsquo;enfant raconta avoir re\u00e7u la visite de Saint Michel Archange, qui se rendit aupr\u00e8s de lui pour lui offrir l&rsquo;<b>Eucharistie<\/b> qu&rsquo;il d\u00e9sirait tant.<\/span><\/p>\n<p class=\"Corpodeltesto\"><span lang=\"FR\">Un autre miracle advenu quand le Saint \u00e9tait encore tr\u00e8s jeune fut celui de la <b>meule de foin en feu<\/b>. \u00c0 cette \u00e9poque-l\u00e0, G\u00e9rard, qui avait r\u00e9cemment perdu son p\u00e8re, travaillait comme apprenti chez un tailleur, Martino Pannuto, dans l&rsquo;atelier duquel il subissait sans arr\u00eat des brimades des autres apprentis. Une nuit, <b>une meule de foin prit feu<\/b> et G\u00e9rard, qui \u00e9tait \u00e0 l&rsquo;int\u00e9rieur avec le fils cadet de son employeur, fit le signe de la croix et marmonna une pri\u00e8re. Les flammes s&rsquo;\u00e9teignirent tout de suite.<\/span><\/p>\n<p class=\"Corpodeltesto\"><span lang=\"FR\">Pendant les trois ans o\u00f9 il pr\u00eata service aupr\u00e8s de Monseigneur Claudio Albini, \u00c9v\u00eaque de Lacedonia, G\u00e9rard subit les mortifications et les ch\u00e2timents que le s\u00e9v\u00e8re pr\u00e9lat lui infligeait pour chaque moindre faute. Un jour, lors qu&rsquo;il prenait de l&rsquo;eau au <b>puit<\/b>, les cl\u00e9s de la maison de son ma\u00eetre y tomb\u00e8rent. Au lieu de se d\u00e9sesp\u00e9rer en pensant au ch\u00e2timent qu&rsquo;il en aurait suivi, le gar\u00e7on courut dans l&rsquo;\u00e9glise plus proche, prit une statuette de l&rsquo;Enfant J\u00e9sus et l&rsquo;immergea dans le puits. Quand il sortit l&rsquo;ic\u00f4ne du puits, elle serrait les cl\u00e9s perdues dans ses mains.<\/span><\/p>\n<p class=\"Corpodeltesto\"><span lang=\"FR\">Avant sa fuite avec les pr\u00eatres r\u00e9demptoristes, pendant qu&rsquo;il travaillait en tant que tailleur, G\u00e9rard se rendait souvent pour dialoguer avec J\u00e9sus devant le <a href=\"https:\/\/www.holyart.fr\/accessoires-pour-la-liturgie\/mobilier-deglise\/tabernacles\"><span class=\"CollegamentoInternet\"><b>tabernacle<\/b><\/span><\/a>. Le surnom affectueux qu&rsquo;il adressait au Sauveur \u00e9tait <i>pazzerello<\/i> (petit fou) car il avait d\u00e9cid\u00e9 de rester enferm\u00e9 dans cet espace si \u00e9troit par amour des hommes.<\/span><\/p>\n<p class=\"Corpodeltesto\"><span lang=\"FR\">Encourag\u00e9 par les autres villageois \u00e0 se trouver une femme \u00e0 marier, le jeune G\u00e9rard sauta sur l&rsquo;estrade qui d\u00e9filait en procession le troisi\u00e8me dimanche de Mai et enfila sa bague au doigt de la Vierge. De cette mani\u00e8re il d\u00e9montra vouloir se consacrer \u00e0 elle avec un <b>v\u0153u de chastet\u00e9<\/b>. Quelques temps apr\u00e8s, toutefois, une jeune fille, Nerea Caggiano, qu&rsquo;il avait aid\u00e9 dans un moment de besoin, l&rsquo;accusa d&rsquo;avoir une relation illicite avec Nicoletta Cappucci, s\u00e9duite et abandonn\u00e9e par un noble d\u00e9bauch\u00e9. Nerea accusa publiquement G\u00e9rard m\u00eame aupr\u00e8s d&rsquo;Alphonse Marie de Liguori. Convoqu\u00e9 par ses sup\u00e9rieurs et invit\u00e9 \u00e0 se disculper, le jeune n&rsquo;ouvra pas la bouche. Il subit en silence toutes les accusations et le ch\u00e2timent, qui pr\u00e9voyait de ne pas pouvoir recevoir l&rsquo;Eucharistie et de rester isol\u00e9. G\u00e9rard fit tout cela pour rester fid\u00e8le \u00e0 la r\u00e8gle qui lui imposait de souffrir en silence n&rsquo;importe quelle mortification. Troubl\u00e9e par son humilit\u00e9 et son acceptation de la volont\u00e9 de Dieu, Nerea se convertit et le disculpa enti\u00e8rement.<\/span><\/p>\n<p class=\"Corpodeltesto\"><span lang=\"FR\">G\u00e9rard \u00e9tait c\u00e9l\u00e8bre \u00e9galement en tant que <b>scrutateur de c\u0153urs<\/b>, capable de trouver le bien cach\u00e9 dans l&rsquo;\u00e2me des hommes m\u00eames les plus insoup\u00e7onnables, comme il arriva avec le garde-chasse du duc de Bovino, qui tabassa \u00e0 mort le jeune saint, qui subit tous les coups sans jamais se plaindre, pour ensuite se repentir en larmes et le suivre au couvent pour d\u00e9marrer une nouvelle vie.<br \/>\nM\u00eame un p\u00e9cheur inv\u00e9t\u00e9r\u00e9, incapable de changer de vie et de renoncer aux plaisirs de la chaire, fut convaincu quand il vit G\u00e9rard soulever un crucifix qui commen\u00e7a \u00e0 suinter de sang, pour ensuite se transformer en l&rsquo;Enfant J\u00e9sus.<\/span><\/p>\n<p class=\"Corpodeltesto\"><span lang=\"FR\">Les miracles de G\u00e9rard furent nombreux et vari\u00e9s. Ici nous souhaitons en rappeler un en particulier, celui du <b>mouchoir de Saint G\u00e9rard Majella<\/b> qui fit en sorte que le Saint devint le protecteur des femmes enceintes et des enfants.<br \/>\nOn raconte que lors que le jeune religieux se trouvait \u00e0 Oliveto Citra pour des raisons de sant\u00e9, il rendit visite \u00e0 la famille Pirofalo. Au moment o\u00f9 il sortait, il fut poursuivi par la plus petite des leurs filles, qui voulait lui rendre le mouchoir qu&rsquo;il avait oubli\u00e9. Le jeune lui sourit et lui dit de le garder, qu&rsquo;un jour il lui serait utile.<br \/>\nDes ann\u00e9es apr\u00e8s, cette m\u00eame petite fille, une fois grandie, faillit mourir en couche. En se rappelant les mots de G\u00e9rard, elle demanda \u00e0 ce qu&rsquo;on lui ram\u00e8ne le mouchoir qu&rsquo;il lui avait donn\u00e9. Les femmes qui \u00e9taient avec elle le lui \u00e9tal\u00e8rent sur le ventre. Les douleurs cess\u00e8rent tout de suite et l&rsquo;enfant naquit sain et sauf. Depuis lors, Saint G\u00e9rard est invoqu\u00e9 par les femmes enceintes et le sanctuaire de Materdomini est d\u00e9cor\u00e9 par d&rsquo;innombrables n\u0153uds color\u00e9s qui rappellent les grossesses ayant abouti sans probl\u00e8mes gr\u00e2ce \u00e0 sa protection.<\/span><\/p>\n<h2>Pri\u00e8re \u00e0 Saint G\u00e9rard Majelle<\/h2>\n<p class=\"Corpodeltesto\"><span lang=\"FR\">Aujourd&rsquo;hui, le 16 octobre au Sanctuaire de Materdomini on r\u00e9cite l&rsquo;acte de confiance des m\u00e8res de famille et des enfants \u00e0 la Vierge et \u00e0 Saint G\u00e9rard. Le voici ci-dessous, en rappelant qu&rsquo;il existe aussi une <b>neuvaine<\/b> qui lui est d\u00e9di\u00e9e.<\/span><\/p>\n<p class=\"Corpodeltesto\"><i><span lang=\"FR\">\u00d4 Saint G\u00e9rard, d\u00e8s l&rsquo;\u00e2ge le plus tendre, vous avez compris le tr\u00e9sor renferm\u00e9 dans la d\u00e9votion \u00e0 la Reine du Ciel, et, par votre fid\u00e9lit\u00e9 \u00e0 la servir, vous avez m\u00e9rit\u00e9 de vivre et de mourir sous sa maternelle protection. Obtenez-moi, pour la M\u00e8re de Dieu, un tendre amour qui m&rsquo;encha\u00eene \u00e0 son service, et une confiance illimit\u00e9e qui, sans cesse, me fasse implorer sa bont\u00e9. Gr\u00e2ce \u00e0 cette fid\u00e9lit\u00e9 dans le service de ma c\u00e9leste M\u00e8re, je pourrai m&rsquo;\u00e9crier avec saint Bernard :\u00a0\u00bbVous \u00eates, \u00f4 Marie, l&rsquo;Arche b\u00e9nie dans laquelle j&rsquo;\u00e9vite le naufrage\u00a0\u00bb, l&rsquo;\u00e9toile qui me guide au milieu des t\u00e9n\u00e8bres, la ros\u00e9e qui adoucit mes peines, la nacelle du salut qui me d\u00e9posera au port de la bienheureuse \u00e9ternit\u00e9. Amen. <\/span><\/i><\/p>\n<p class=\"Corpodeltesto\"><span class=\"Enfasi\"><span lang=\"FR\" style=\"font-style: normal;\">Et voici la pri\u00e8re \u00e0 Saint G\u00e9rard pour une m\u00e8re en danger.<\/span><\/span><\/p>\n<p class=\"Corpodeltesto\"><span class=\"Enfasi\"><span lang=\"FR\">Dieu tout-puissant et \u00e9ternel, qui, par l&rsquo;op\u00e9ration du Saint-Esprit, avez pr\u00e9par\u00e9 le corps et l&rsquo;\u00e2me de la glorieuse Vierge Marie, M\u00e8re de Dieu, pour \u00eatre une demeure digne de votre Fils, et qui, par le m\u00eame Saint-Esprit, avez sanctifi\u00e9 saint Jean-Baptiste avant sa naissance ; agr\u00e9ez la pri\u00e8re d&rsquo;une pauvre m\u00e8re qui vous supplie par l&rsquo;intercession de saint G\u00e9rard, votre fid\u00e8le serviteur, de la prot\u00e9ger de tout danger et de b\u00e9nir l&rsquo;enfant de ses larmes, afin que, secouru par votre main toute-puissante, il puisse recevoir la gr\u00e2ce du saint bapt\u00eame. Faites aussi qu&rsquo;apr\u00e8s une vie chr\u00e9tienne et sainte, nous parvenions ensemble \u00e0 la vie \u00e9ternelle. Amen ! <\/span><\/span><\/p>\n","protected":false},"excerpt":{"rendered":"<p>Les miracles de Saint G\u00e9rard Majella ont fait conna\u00eetre l&rsquo;histoire humaine et spirituelle de ce jeune exceptionnel dans le monde entier. D\u00e9couvrons quelque chose en plus sur le Saint Patron de la Basilicate, protecteur des femmes enceintes, des m\u00e8res de famille et des enfants.\u00a0 G\u00e9rard&hellip;<\/p>\n","protected":false},"author":1,"featured_media":1975,"comment_status":"closed","ping_status":"open","sticky":false,"template":"","format":"standard","meta":{"_acf_changed":false,"footnotes":""},"categories":[8,7],"tags":[],"class_list":["post-1974","post","type-post","status-publish","format-standard","has-post-thumbnail","hentry","category-articles-religieux","category-saints-et-bienheureux"],"acf":[],"yoast_head":"<!-- This site is optimized with the Yoast SEO plugin v26.6 - https:\/\/yoast.com\/wordpress\/plugins\/seo\/ -->\n<title>Les miracles de Saint G\u00e9rard Majella - Holyart.fr Blog<\/title>\n<meta name=\"description\" content=\"Les miracles de Saint G\u00e9rard Majella ont fait conna\u00eetre l&#039;histoire humaine et spirituelle de ce jeune exceptionnel dans le monde entier.\" \/>\n<meta name=\"robots\" content=\"index, follow, max-snippet:-1, max-image-preview:large, max-video-preview:-1\" \/>\n<link rel=\"canonical\" href=\"https:\/\/blog.holyart.it\/fr\/articles-religieux\/les-miracles-de-saint-gerard-majella\/\" \/>\n<meta property=\"og:locale\" content=\"fr_FR\" \/>\n<meta property=\"og:type\" content=\"article\" \/>\n<meta property=\"og:title\" content=\"Les miracles de Saint G\u00e9rard Majella - Holyart.fr Blog\" \/>\n<meta property=\"og:description\" content=\"Les miracles de Saint G\u00e9rard Majella ont fait conna\u00eetre l&#039;histoire humaine et spirituelle de ce jeune exceptionnel dans le monde entier.\" \/>\n<meta property=\"og:url\" content=\"https:\/\/blog.holyart.it\/fr\/articles-religieux\/les-miracles-de-saint-gerard-majella\/\" \/>\n<meta property=\"og:site_name\" content=\"Holyart.fr Blog\" \/>\n<meta property=\"article:published_time\" content=\"2020-03-04T10:00:38+00:00\" \/>\n<meta property=\"article:modified_time\" content=\"2020-09-22T09:20:57+00:00\" \/>\n<meta property=\"og:image\" content=\"https:\/\/blog.holyart.it\/fr\/wp-content\/uploads\/sites\/14\/2020\/04\/Les-miracles-de-Saint-Gerard-Majella.jpg\" \/>\n\t<meta property=\"og:image:width\" content=\"1000\" \/>\n\t<meta property=\"og:image:height\" content=\"666\" \/>\n\t<meta property=\"og:image:type\" content=\"image\/jpeg\" \/>\n<meta name=\"author\" content=\"Redazione\" \/>\n<meta name=\"twitter:card\" content=\"summary_large_image\" \/>\n<meta name=\"twitter:label1\" content=\"\u00c9crit par\" \/>\n\t<meta name=\"twitter:data1\" content=\"Redazione\" \/>\n\t<meta name=\"twitter:label2\" content=\"Dur\u00e9e de lecture estim\u00e9e\" \/>\n\t<meta name=\"twitter:data2\" content=\"10 minutes\" \/>\n<script type=\"application\/ld+json\" class=\"yoast-schema-graph\">{\"@context\":\"https:\/\/schema.org\",\"@graph\":[{\"@type\":\"Article\",\"@id\":\"https:\/\/blog.holyart.it\/fr\/articles-religieux\/les-miracles-de-saint-gerard-majella\/#article\",\"isPartOf\":{\"@id\":\"https:\/\/blog.holyart.it\/fr\/articles-religieux\/les-miracles-de-saint-gerard-majella\/\"},\"author\":{\"name\":\"Redazione\",\"@id\":\"https:\/\/blog.holyart.it\/fr\/#\/schema\/person\/0a7b686e5af0f856ec1e390dd0baecda\"},\"headline\":\"Les miracles de Saint G\u00e9rard Majella\",\"datePublished\":\"2020-03-04T10:00:38+00:00\",\"dateModified\":\"2020-09-22T09:20:57+00:00\",\"mainEntityOfPage\":{\"@id\":\"https:\/\/blog.holyart.it\/fr\/articles-religieux\/les-miracles-de-saint-gerard-majella\/\"},\"wordCount\":2040,\"publisher\":{\"@id\":\"https:\/\/blog.holyart.it\/fr\/#organization\"},\"image\":{\"@id\":\"https:\/\/blog.holyart.it\/fr\/articles-religieux\/les-miracles-de-saint-gerard-majella\/#primaryimage\"},\"thumbnailUrl\":\"https:\/\/blog.holyart.it\/fr\/wp-content\/uploads\/sites\/14\/2020\/04\/Les-miracles-de-Saint-Gerard-Majella.jpg\",\"articleSection\":[\"Religion\",\"Saints et Bienheureux\"],\"inLanguage\":\"fr-FR\"},{\"@type\":\"WebPage\",\"@id\":\"https:\/\/blog.holyart.it\/fr\/articles-religieux\/les-miracles-de-saint-gerard-majella\/\",\"url\":\"https:\/\/blog.holyart.it\/fr\/articles-religieux\/les-miracles-de-saint-gerard-majella\/\",\"name\":\"Les miracles de Saint G\u00e9rard Majella - Holyart.fr Blog\",\"isPartOf\":{\"@id\":\"https:\/\/blog.holyart.it\/fr\/#website\"},\"primaryImageOfPage\":{\"@id\":\"https:\/\/blog.holyart.it\/fr\/articles-religieux\/les-miracles-de-saint-gerard-majella\/#primaryimage\"},\"image\":{\"@id\":\"https:\/\/blog.holyart.it\/fr\/articles-religieux\/les-miracles-de-saint-gerard-majella\/#primaryimage\"},\"thumbnailUrl\":\"https:\/\/blog.holyart.it\/fr\/wp-content\/uploads\/sites\/14\/2020\/04\/Les-miracles-de-Saint-Gerard-Majella.jpg\",\"datePublished\":\"2020-03-04T10:00:38+00:00\",\"dateModified\":\"2020-09-22T09:20:57+00:00\",\"description\":\"Les miracles de Saint G\u00e9rard Majella ont fait conna\u00eetre l'histoire humaine et spirituelle de ce jeune exceptionnel dans le monde entier.\",\"breadcrumb\":{\"@id\":\"https:\/\/blog.holyart.it\/fr\/articles-religieux\/les-miracles-de-saint-gerard-majella\/#breadcrumb\"},\"inLanguage\":\"fr-FR\",\"potentialAction\":[{\"@type\":\"ReadAction\",\"target\":[\"https:\/\/blog.holyart.it\/fr\/articles-religieux\/les-miracles-de-saint-gerard-majella\/\"]}]},{\"@type\":\"ImageObject\",\"inLanguage\":\"fr-FR\",\"@id\":\"https:\/\/blog.holyart.it\/fr\/articles-religieux\/les-miracles-de-saint-gerard-majella\/#primaryimage\",\"url\":\"https:\/\/blog.holyart.it\/fr\/wp-content\/uploads\/sites\/14\/2020\/04\/Les-miracles-de-Saint-Gerard-Majella.jpg\",\"contentUrl\":\"https:\/\/blog.holyart.it\/fr\/wp-content\/uploads\/sites\/14\/2020\/04\/Les-miracles-de-Saint-Gerard-Majella.jpg\",\"width\":1000,\"height\":666,\"caption\":\"Les miracles de Saint Gerard Majella\"},{\"@type\":\"BreadcrumbList\",\"@id\":\"https:\/\/blog.holyart.it\/fr\/articles-religieux\/les-miracles-de-saint-gerard-majella\/#breadcrumb\",\"itemListElement\":[{\"@type\":\"ListItem\",\"position\":1,\"name\":\"Homepage\",\"item\":\"https:\/\/blog.holyart.it\/fr\/\"},{\"@type\":\"ListItem\",\"position\":2,\"name\":\"Religion\",\"item\":\"https:\/\/blog.holyart.it\/fr\/articles-religieux\/\"},{\"@type\":\"ListItem\",\"position\":3,\"name\":\"Les miracles de Saint G\u00e9rard Majella\"}]},{\"@type\":\"WebSite\",\"@id\":\"https:\/\/blog.holyart.it\/fr\/#website\",\"url\":\"https:\/\/blog.holyart.it\/fr\/\",\"name\":\"Holyart.fr Blog\",\"description\":\"Holyblog\",\"publisher\":{\"@id\":\"https:\/\/blog.holyart.it\/fr\/#organization\"},\"potentialAction\":[{\"@type\":\"SearchAction\",\"target\":{\"@type\":\"EntryPoint\",\"urlTemplate\":\"https:\/\/blog.holyart.it\/fr\/?s={search_term_string}\"},\"query-input\":{\"@type\":\"PropertyValueSpecification\",\"valueRequired\":true,\"valueName\":\"search_term_string\"}}],\"inLanguage\":\"fr-FR\"},{\"@type\":\"Organization\",\"@id\":\"https:\/\/blog.holyart.it\/fr\/#organization\",\"name\":\"Holyart.fr Blog\",\"url\":\"https:\/\/blog.holyart.it\/fr\/\",\"logo\":{\"@type\":\"ImageObject\",\"inLanguage\":\"fr-FR\",\"@id\":\"https:\/\/blog.holyart.it\/fr\/#\/schema\/logo\/image\/\",\"url\":\"https:\/\/blog.holyart.it\/fr\/wp-content\/uploads\/sites\/14\/2022\/12\/Holyart_Blog_Logo.jpg\",\"contentUrl\":\"https:\/\/blog.holyart.it\/fr\/wp-content\/uploads\/sites\/14\/2022\/12\/Holyart_Blog_Logo.jpg\",\"width\":300,\"height\":50,\"caption\":\"Holyart.fr Blog\"},\"image\":{\"@id\":\"https:\/\/blog.holyart.it\/fr\/#\/schema\/logo\/image\/\"}},{\"@type\":\"Person\",\"@id\":\"https:\/\/blog.holyart.it\/fr\/#\/schema\/person\/0a7b686e5af0f856ec1e390dd0baecda\",\"name\":\"Redazione\",\"image\":{\"@type\":\"ImageObject\",\"inLanguage\":\"fr-FR\",\"@id\":\"https:\/\/blog.holyart.it\/fr\/#\/schema\/person\/image\/\",\"url\":\"https:\/\/secure.gravatar.com\/avatar\/f477da817f43e50d0af36abecd33e3edf826c68299714bdc1057dff3b113f516?s=96&d=mm&r=g\",\"contentUrl\":\"https:\/\/secure.gravatar.com\/avatar\/f477da817f43e50d0af36abecd33e3edf826c68299714bdc1057dff3b113f516?s=96&d=mm&r=g\",\"caption\":\"Redazione\"},\"url\":\"https:\/\/blog.holyart.it\/fr\/author\/admin\/\"}]}<\/script>\n<!-- \/ Yoast SEO plugin. -->","yoast_head_json":{"title":"Les miracles de Saint G\u00e9rard Majella - Holyart.fr Blog","description":"Les miracles de Saint G\u00e9rard Majella ont fait conna\u00eetre l'histoire humaine et spirituelle de ce jeune exceptionnel dans le monde entier.","robots":{"index":"index","follow":"follow","max-snippet":"max-snippet:-1","max-image-preview":"max-image-preview:large","max-video-preview":"max-video-preview:-1"},"canonical":"https:\/\/blog.holyart.it\/fr\/articles-religieux\/les-miracles-de-saint-gerard-majella\/","og_locale":"fr_FR","og_type":"article","og_title":"Les miracles de Saint G\u00e9rard Majella - Holyart.fr Blog","og_description":"Les miracles de Saint G\u00e9rard Majella ont fait conna\u00eetre l'histoire humaine et spirituelle de ce jeune exceptionnel dans le monde entier.","og_url":"https:\/\/blog.holyart.it\/fr\/articles-religieux\/les-miracles-de-saint-gerard-majella\/","og_site_name":"Holyart.fr Blog","article_published_time":"2020-03-04T10:00:38+00:00","article_modified_time":"2020-09-22T09:20:57+00:00","og_image":[{"width":1000,"height":666,"url":"https:\/\/blog.holyart.it\/fr\/wp-content\/uploads\/sites\/14\/2020\/04\/Les-miracles-de-Saint-Gerard-Majella.jpg","type":"image\/jpeg"}],"author":"Redazione","twitter_card":"summary_large_image","twitter_misc":{"\u00c9crit par":"Redazione","Dur\u00e9e de lecture estim\u00e9e":"10 minutes"},"schema":{"@context":"https:\/\/schema.org","@graph":[{"@type":"Article","@id":"https:\/\/blog.holyart.it\/fr\/articles-religieux\/les-miracles-de-saint-gerard-majella\/#article","isPartOf":{"@id":"https:\/\/blog.holyart.it\/fr\/articles-religieux\/les-miracles-de-saint-gerard-majella\/"},"author":{"name":"Redazione","@id":"https:\/\/blog.holyart.it\/fr\/#\/schema\/person\/0a7b686e5af0f856ec1e390dd0baecda"},"headline":"Les miracles de Saint G\u00e9rard Majella","datePublished":"2020-03-04T10:00:38+00:00","dateModified":"2020-09-22T09:20:57+00:00","mainEntityOfPage":{"@id":"https:\/\/blog.holyart.it\/fr\/articles-religieux\/les-miracles-de-saint-gerard-majella\/"},"wordCount":2040,"publisher":{"@id":"https:\/\/blog.holyart.it\/fr\/#organization"},"image":{"@id":"https:\/\/blog.holyart.it\/fr\/articles-religieux\/les-miracles-de-saint-gerard-majella\/#primaryimage"},"thumbnailUrl":"https:\/\/blog.holyart.it\/fr\/wp-content\/uploads\/sites\/14\/2020\/04\/Les-miracles-de-Saint-Gerard-Majella.jpg","articleSection":["Religion","Saints et Bienheureux"],"inLanguage":"fr-FR"},{"@type":"WebPage","@id":"https:\/\/blog.holyart.it\/fr\/articles-religieux\/les-miracles-de-saint-gerard-majella\/","url":"https:\/\/blog.holyart.it\/fr\/articles-religieux\/les-miracles-de-saint-gerard-majella\/","name":"Les miracles de Saint G\u00e9rard Majella - Holyart.fr Blog","isPartOf":{"@id":"https:\/\/blog.holyart.it\/fr\/#website"},"primaryImageOfPage":{"@id":"https:\/\/blog.holyart.it\/fr\/articles-religieux\/les-miracles-de-saint-gerard-majella\/#primaryimage"},"image":{"@id":"https:\/\/blog.holyart.it\/fr\/articles-religieux\/les-miracles-de-saint-gerard-majella\/#primaryimage"},"thumbnailUrl":"https:\/\/blog.holyart.it\/fr\/wp-content\/uploads\/sites\/14\/2020\/04\/Les-miracles-de-Saint-Gerard-Majella.jpg","datePublished":"2020-03-04T10:00:38+00:00","dateModified":"2020-09-22T09:20:57+00:00","description":"Les miracles de Saint G\u00e9rard Majella ont fait conna\u00eetre l'histoire humaine et spirituelle de ce jeune exceptionnel dans le monde entier.","breadcrumb":{"@id":"https:\/\/blog.holyart.it\/fr\/articles-religieux\/les-miracles-de-saint-gerard-majella\/#breadcrumb"},"inLanguage":"fr-FR","potentialAction":[{"@type":"ReadAction","target":["https:\/\/blog.holyart.it\/fr\/articles-religieux\/les-miracles-de-saint-gerard-majella\/"]}]},{"@type":"ImageObject","inLanguage":"fr-FR","@id":"https:\/\/blog.holyart.it\/fr\/articles-religieux\/les-miracles-de-saint-gerard-majella\/#primaryimage","url":"https:\/\/blog.holyart.it\/fr\/wp-content\/uploads\/sites\/14\/2020\/04\/Les-miracles-de-Saint-Gerard-Majella.jpg","contentUrl":"https:\/\/blog.holyart.it\/fr\/wp-content\/uploads\/sites\/14\/2020\/04\/Les-miracles-de-Saint-Gerard-Majella.jpg","width":1000,"height":666,"caption":"Les miracles de Saint Gerard Majella"},{"@type":"BreadcrumbList","@id":"https:\/\/blog.holyart.it\/fr\/articles-religieux\/les-miracles-de-saint-gerard-majella\/#breadcrumb","itemListElement":[{"@type":"ListItem","position":1,"name":"Homepage","item":"https:\/\/blog.holyart.it\/fr\/"},{"@type":"ListItem","position":2,"name":"Religion","item":"https:\/\/blog.holyart.it\/fr\/articles-religieux\/"},{"@type":"ListItem","position":3,"name":"Les miracles de Saint G\u00e9rard Majella"}]},{"@type":"WebSite","@id":"https:\/\/blog.holyart.it\/fr\/#website","url":"https:\/\/blog.holyart.it\/fr\/","name":"Holyart.fr Blog","description":"Holyblog","publisher":{"@id":"https:\/\/blog.holyart.it\/fr\/#organization"},"potentialAction":[{"@type":"SearchAction","target":{"@type":"EntryPoint","urlTemplate":"https:\/\/blog.holyart.it\/fr\/?s={search_term_string}"},"query-input":{"@type":"PropertyValueSpecification","valueRequired":true,"valueName":"search_term_string"}}],"inLanguage":"fr-FR"},{"@type":"Organization","@id":"https:\/\/blog.holyart.it\/fr\/#organization","name":"Holyart.fr Blog","url":"https:\/\/blog.holyart.it\/fr\/","logo":{"@type":"ImageObject","inLanguage":"fr-FR","@id":"https:\/\/blog.holyart.it\/fr\/#\/schema\/logo\/image\/","url":"https:\/\/blog.holyart.it\/fr\/wp-content\/uploads\/sites\/14\/2022\/12\/Holyart_Blog_Logo.jpg","contentUrl":"https:\/\/blog.holyart.it\/fr\/wp-content\/uploads\/sites\/14\/2022\/12\/Holyart_Blog_Logo.jpg","width":300,"height":50,"caption":"Holyart.fr Blog"},"image":{"@id":"https:\/\/blog.holyart.it\/fr\/#\/schema\/logo\/image\/"}},{"@type":"Person","@id":"https:\/\/blog.holyart.it\/fr\/#\/schema\/person\/0a7b686e5af0f856ec1e390dd0baecda","name":"Redazione","image":{"@type":"ImageObject","inLanguage":"fr-FR","@id":"https:\/\/blog.holyart.it\/fr\/#\/schema\/person\/image\/","url":"https:\/\/secure.gravatar.com\/avatar\/f477da817f43e50d0af36abecd33e3edf826c68299714bdc1057dff3b113f516?s=96&d=mm&r=g","contentUrl":"https:\/\/secure.gravatar.com\/avatar\/f477da817f43e50d0af36abecd33e3edf826c68299714bdc1057dff3b113f516?s=96&d=mm&r=g","caption":"Redazione"},"url":"https:\/\/blog.holyart.it\/fr\/author\/admin\/"}]}},"_links":{"self":[{"href":"https:\/\/blog.holyart.it\/fr\/wp-json\/wp\/v2\/posts\/1974","targetHints":{"allow":["GET"]}}],"collection":[{"href":"https:\/\/blog.holyart.it\/fr\/wp-json\/wp\/v2\/posts"}],"about":[{"href":"https:\/\/blog.holyart.it\/fr\/wp-json\/wp\/v2\/types\/post"}],"author":[{"embeddable":true,"href":"https:\/\/blog.holyart.it\/fr\/wp-json\/wp\/v2\/users\/1"}],"replies":[{"embeddable":true,"href":"https:\/\/blog.holyart.it\/fr\/wp-json\/wp\/v2\/comments?post=1974"}],"version-history":[{"count":0,"href":"https:\/\/blog.holyart.it\/fr\/wp-json\/wp\/v2\/posts\/1974\/revisions"}],"wp:featuredmedia":[{"embeddable":true,"href":"https:\/\/blog.holyart.it\/fr\/wp-json\/wp\/v2\/media\/1975"}],"wp:attachment":[{"href":"https:\/\/blog.holyart.it\/fr\/wp-json\/wp\/v2\/media?parent=1974"}],"wp:term":[{"taxonomy":"category","embeddable":true,"href":"https:\/\/blog.holyart.it\/fr\/wp-json\/wp\/v2\/categories?post=1974"},{"taxonomy":"post_tag","embeddable":true,"href":"https:\/\/blog.holyart.it\/fr\/wp-json\/wp\/v2\/tags?post=1974"}],"curies":[{"name":"wp","href":"https:\/\/api.w.org\/{rel}","templated":true}]}}