{"id":1960,"date":"2020-02-19T15:44:16","date_gmt":"2020-02-19T14:44:16","guid":{"rendered":"https:\/\/blog.holyart.it\/fr\/?p=1960"},"modified":"2022-10-21T12:53:11","modified_gmt":"2022-10-21T10:53:11","slug":"logo-du-jubile-de-la-misericorde-de-quoi-sagit-il-et-qui-la-dessine","status":"publish","type":"post","link":"https:\/\/blog.holyart.it\/fr\/articles-religieux\/logo-du-jubile-de-la-misericorde-de-quoi-sagit-il-et-qui-la-dessine\/","title":{"rendered":"Logo du Jubil\u00e9 de la Mis\u00e9ricorde : de quoi s&rsquo;agit-il et qui l&rsquo;a dessin\u00e9"},"content":{"rendered":"<h4><em>Le logo du Jubil\u00e9 extraordinaire de la mis\u00e9ricorde a \u00e9t\u00e9 con\u00e7u et dessin\u00e9 par un artiste et religieux, qui a su y infuser l&rsquo;esprit de la mis\u00e9ricorde que Pape Fran\u00e7ois souhaitait pour cette occasion particuli\u00e8re. D\u00e9couvrons-le ensemble.<\/em><\/h4>\n<h2>Qu&rsquo;est-ce que c&rsquo;est le Jubil\u00e9 ?<\/h2>\n\n<p>Afin de comprendre qu&rsquo;est-ce que c&rsquo;est le Jubil\u00e9 et quelle importance il rev\u00eat depuis son introduction dans l&rsquo;histoire de l&rsquo;\u00e9glise, nous devons nous arr\u00eater quelques instants sur le <strong>Jubil\u00e9 juif<\/strong>. Dans l&rsquo;Ancien Testament, on parle de cet \u00e9v\u00e9nement particulier qui a lieu tous les 50 ans. En pratique, on choisissait de laisser la terre au repos pendant un ans afin de rendre plus fortes et luxuriantes les futures cultures. En outre, l&rsquo;ann\u00e9e du Jubil\u00e9 devenait une occasion sociale, puisque souvent elle pr\u00e9voyait des actes comme la restitutions des terres confisqu\u00e9es et la lib\u00e9ration des esclaves .Le d\u00e9but du Jubil\u00e9 \u00e9tait marqu\u00e9 par le son du <em>yobel<\/em>, une corne de bouc. C&rsquo;est de cet mot h\u00e9breu qui d\u00e9rive le terme \u00ab\u00a0Jubil\u00e9\u00a0\u00bb.<\/p>\n<p>Dans le contexte de l&rsquo;\u00e9glise catholique, le Jubil\u00e9 ou Ann\u00e9e Sainte a assum\u00e9 d\u00e8s ses origines une signification totalement diff\u00e9rente. Proclam\u00e9 pour la premi\u00e8re fois en <strong>1300<\/strong> par Pape Boniface VIII, il a lui aussi une dur\u00e9e d&rsquo;un an, comme son \u00e9quivalent juif, mais, dans ce cas-ci, pendant cette ann\u00e9e, l&rsquo;\u00c9glise conc\u00e8de des indulgences particuli\u00e8res avec le but de faire obtenir aux fid\u00e8les la <strong>r\u00e9mission de peines temporaires<\/strong> \u00e0 travers des \u0153uvres de piti\u00e9, p\u00e9nitence et charit\u00e9.<\/p>\n<h2>\u00c0 quelle fr\u00e9quence a-t-il lieu\u00a0?<\/h2>\n<p>Quand le premier Jubil\u00e9 fut proclam\u00e9, on \u00e9tablit que le suivant aurait eu lieu 100 ans apr\u00e8s. Ensuite on d\u00e9pla\u00e7a l&rsquo;\u00e9ch\u00e9ance \u00e0 tous les 50 ans. Aujourd&rsquo;hui les Jubil\u00e9s ont lieu tous les 25 ans.<br \/>\nLes Ann\u00e9es Saintes ordinaires ont donc \u00e9t\u00e9 26 au total, auxquels viennent s&rsquo;en rajouter 95 autres, proclam\u00e9es en raison de p\u00e9riodes particuli\u00e8rement difficiles pour l&rsquo;\u00c9glise et pour le Monde entier.<\/p>\n<p>Le <strong>Jubil\u00e9 de 2000<\/strong> est rappel\u00e9 avec une solennit\u00e9 particuli\u00e8re. Il c\u00e9l\u00e9brait en effet la r\u00e9currence de la venue de <strong>Christ sur Terre<\/strong> exactement 2000 ann\u00e9es apr\u00e8s qu&rsquo;elle avait eu lieu. En outre, il a \u00e9t\u00e9 consid\u00e9r\u00e9 comme sp\u00e9cial car il a \u00e9t\u00e9 le premier Jubil\u00e9 \u00e0 cheval entre deux mill\u00e9naires.<\/p>\n<h2>Que fait-on pendant le Jubil\u00e9\u00a0?<\/h2>\n<p>Le Jubil\u00e9 d\u00e9bute le jour du <strong>R\u00e9veillon de No\u00ebl<\/strong>. \u00c0 cette occasion, toutes les <strong>portes saintes<\/strong> qui se trouvent dans les quatre principales basiliques de Rome (Saint Pierre au Vatican, Saint-Jean-de-Latran, Sainte-Marie-Majeure et Saint-Paul-hors-les-Murs) sont ouvertes. Les portes saintes sont des portes sp\u00e9ciales, qui sont gard\u00e9es mur\u00e9es la plupart du temps et qui sont ouvertes uniquement \u00e0 l&rsquo;occasion d&rsquo;un Jubil\u00e9. La premi\u00e8re porte sainte mentionn\u00e9 dans le contexte d&rsquo;un Jubil\u00e9 fut celle de Saint-Jean-de-Latran en 1423. Le rite d&rsquo;ouverture de la porte sainte \u00e0 Saint Pierre fut par contre introduit en 1500 par Pape Alexandre VI.<\/p>\n<p>Un cort\u00e8ge sp\u00e9cial accompagne le Pape assis sur une chaise \u00e0 la porte de Saint Pierre. Ici le Saint P\u00e8re frappe trois fois avec un marteau en argent sur la porte, tout en chantant en latin\u00a0: \u00ab\u00a0Ouvrez-moi les portes de la justice\u00a0\u00bb. Ensuite, un cardinal r\u00e9p\u00e8te le m\u00eame geste deux fois et la porte est ouverte. Le cort\u00e8ge poursuit au-del\u00e0 de la porte, avec le Pape en t\u00eate qui tient dans sa main droite une croix et dans la gauche une bougie allum\u00e9e.<br \/>\nTandis que cette c\u00e9r\u00e9monie a lieu \u00e0 Saint Pierre, dans les trois autres basiliques qui abritent les portes saintes, trois cardinaux accomplissent les m\u00eames gestes.<\/p>\n<p>\u00c0 partir de ce moment-l\u00e0, toute une s\u00e9rie d&rsquo;initiative pour f\u00eater le Jubil\u00e9 d\u00e9butent.<br \/>\n\u00c0 la fin de l&rsquo;Ann\u00e9e Sainte, les portes sainte sont de nouveau mur\u00e9es.<\/p>\n<h2>Le Jubil\u00e9 de la mis\u00e9ricorde<\/h2>\n<p>Le 13 mars 2015, au cours de l&rsquo;hom\u00e9lie de la Liturgie P\u00e9nitentiel, et au moyen de la bulle pontificale\u00a0Misericordiae Vultus, Pape Fran\u00e7ois a proclam\u00e9 le <strong>Jubil\u00e9 extraordinaire de la mis\u00e9ricorde<\/strong>.<\/p>\n<p>Le Jubil\u00e9 extraordinaire de la mis\u00e9ricorde a \u00e9t\u00e9 proclam\u00e9 car le Pape a voulu renouveler dans l&rsquo;\u00c9glise Catholique la conscience de devoir \u00eatre pr\u00e9sents dans le monde en tant qu&rsquo;<strong>instrument et interm\u00e9diaire de la Mis\u00e9ricorde de Dieu<\/strong>. L&rsquo;organisation de ce Jubil\u00e9 a \u00e9t\u00e9 confi\u00e9e au Conseil Pontifical pour la Promotion de la Nouvelle \u00c9vang\u00e9lisation avec l&rsquo;intention de promouvoir dans le monde entier l&rsquo;ouverture extraordinaire d&rsquo;\u00e9glises et l&rsquo;invitation \u00e0 c\u00e9l\u00e9brer le sacrement de la r\u00e9conciliation. \u00ab\u00a0Dieu riche en mis\u00e9ricorde\u00a0\u00bb (\u00c9ph\u00e9s 2,4), de la lettre de Saint Paul aux \u00c9ph\u00e9siens, a \u00e9t\u00e9 le slogan de ce Jubil\u00e9. Une autre devise du <strong><a href=\"https:\/\/www.holyart.fr\/occasions-speciales\/jubile-de-la-misericorde\">Jubil\u00e9 de la mis\u00e9ricorde<\/a><\/strong> a \u00e9t\u00e9\u00a0: \u00ab\u00a0Mis\u00e9ricordieux comme le P\u00e8re\u00a0\u00bb (Luc 6,36), qui invite \u00e0 vivre la mis\u00e9ricorde selon l&rsquo;exemple du P\u00e8re, sans jugement, sans condamnation, uniquement avec pardon et amour.<\/p>\n<p>Ce Jubil\u00e9 extraordinaire a d\u00e9but\u00e9 avec l&rsquo;ouverture de la Porte Sainte de Saint Pierre dans la solennit\u00e9 de l&rsquo;Immacul\u00e9e Conception le 8 d\u00e9cembre 2015 et s&rsquo;est conclu le 20 novembre 2016 avec la solennit\u00e9 de <a href=\"https:\/\/www.holyart.fr\/occasions-speciales\/paques-et-careme\/christ-ressuscite-pretre-et-roi\"><strong>Notre Seigneur J\u00e9sus-Christ, Roi de l&rsquo;Univers<\/strong><\/a>.<\/p>\n<p>\u00ab\u00a0<em>Ce temps-ci est le temps de la mis\u00e9ricorde. C&rsquo;est important, pour les fid\u00e8les la\u00efcs, de la vivre et de l&rsquo;apporter dans les diff\u00e9rents milieux de la soci\u00e9t\u00e9. En avant\u00a0!<\/em>\u00a0\u00bb: voici les mots avec lesquels le Pape a ouvert l&rsquo;ann\u00e9e sainte.<strong> Pape Fran\u00e7ois<\/strong> a toujours eu tr\u00e8s \u00e0 coeur le th\u00e8me de la mis\u00e9ricorde, d\u00e8s son \u00e9lection au Pontificat. \u00ab\u00a0<em>ressentir la mis\u00e9ricorde, ce mot change tout. C\u2019est ce que nous pouvons ressentir de mieux : cela change le monde. Un peu de mis\u00e9ricorde rend le monde moins froid et plus juste. Nous avons besoin de bien comprendre cette mis\u00e9ricorde de Dieu, ce P\u00e8re mis\u00e9ricordieux qui a une telle patience\u00a0\u00bb <\/em>(Ang\u00e9lus, 17 mars 2013).<\/p>\n<h2>Signification du logo du Jubil\u00e9 de la Mis\u00e9ricorde<\/h2>\n<p>Le logo du Jubil\u00e9 de la mis\u00e9ricorde a \u00e9t\u00e9 dessin\u00e9 par le j\u00e9suite <strong>P\u00e8re Marko I. Rupnik<\/strong>. Le logo repr\u00e9sente J\u00e9sus, le Bon Pasteur, qui porte sur ses \u00e9paules un homme visiblement souffrant, fatigu\u00e9, \u00e9gar\u00e9. L&rsquo;homme est Adam, r\u00e9cup\u00e9r\u00e9 de l&rsquo;Enfer, un homme bris\u00e9, perdu, qui est toutefois aimablement recueilli par Dieu fait chaire, et sauv\u00e9 par Lui. Mais il est \u00e9galement la repr\u00e9sentation du<strong> P\u00e8re qui porte le Fils sur ses \u00e9paules<\/strong>, avec tout l&rsquo;amour dont seulement un P\u00e8re peut faire preuve, et en le faisant il le sauve de lui-m\u00eame et du mal, en transformant sa vie pour toujours.<\/p>\n<p>Il s&rsquo;agit d&rsquo;une repr\u00e9sentation stylis\u00e9e, profond\u00e9ment symbolique, et c&rsquo;est justement cette dimension non r\u00e9aliste qui permet \u00e0 l&rsquo;artiste d&rsquo;exprimer \u00e9motions, sentiments et concepts qui d\u00e9passent le r\u00e9alisme. L&rsquo;iconographie repr\u00e9sent\u00e9e dans le logo du Jubil\u00e9 est ancienne, une iconographie ch\u00e8re \u00e0 l&rsquo;\u00c9glise depuis toujours\u00a0: celle du <strong><a href=\"https:\/\/www.holyart.fr\/occasions-speciales\/pape-francois\">Bon Pasteur<\/a><\/strong> qui, dans son infinie bont\u00e9 et mis\u00e9ricorde, se charge de l&rsquo;humanit\u00e9 enti\u00e8re. Une caract\u00e9ristique qui conf\u00e8re \u00e0 ce logo une signification encore plus profonde est le fait qu&rsquo;Adam et J\u00e9sus partage un \u0153il, ce qui fait que leurs regards se fondent en un.<\/p>\n<p>De cette mani\u00e8re Christ voit avec les yeux de l&rsquo;homme et l&rsquo;homme avec ceux de Christ. C&rsquo;est la divinit\u00e9 qui se refl\u00e8te dans l&rsquo;humanit\u00e9 et s&rsquo;y reconna\u00eet, mais c&rsquo;est surtout l&rsquo;homme qui d\u00e9couvre en Christ, \u00e0 travers le regard empli d&rsquo;amour du P\u00e8re, son humanit\u00e9 renouvel\u00e9e, rachet\u00e9e, sauv\u00e9e.<\/p>\n<p>Dans ce logo, <strong>les formes et les couleurs<\/strong> rev\u00eatent aussi une s\u00e9rie de significations profondes, qui n\u00e9cessitent une r\u00e9flexion et une m\u00e9ditation personnelle non superficielle de notre part. La vesica piscis qui d\u00e9limite la sc\u00e8ne par exemple est un \u00e9l\u00e9ment cher \u00e0 l&rsquo;<strong><a href=\"https:\/\/www.holyart.fr\/articles-religieux\/icones-religieuses\">iconographie ancienne<\/a><\/strong>, surtout m\u00e9di\u00e9vale. La <strong>vesica piscis<\/strong> rappelle l&rsquo;existence dans un seul et unique espace mystique de la nature divine et humaine, toutes les deux recueillies et exprim\u00e9es par J\u00e9sus. La forme est compos\u00e9e de trois ovales concentriques, dont <strong>la couleur devient de plus en plus claire<\/strong>, au fur et \u00e0 mesure que l&rsquo;on s&rsquo;\u00e9loigne du centre. Cet \u00e9claircissement progressif laisse d\u00e9duire comment Christ accompagne l&rsquo;homme hors des t\u00e9n\u00e8bres, en l&rsquo;amenant loin du p\u00e9ch\u00e9 sur ses \u00e9paules.<\/p>\n<p><strong>P\u00e8re Marko I. Rupnik<\/strong> est l&rsquo;auteur de nombreux tableaux et impressions. En 1999, avec l&rsquo;Atelier de l&rsquo;art spirituel du Centre Aletti, il a \u00e9galement r\u00e9nov\u00e9 la mosa\u00efque de la Chapelle Redemptoris Mater, qui lui avait \u00e9t\u00e9 confi\u00e9e par <strong><a href=\"https:\/\/www.holyart.fr\/occasions-speciales\/jean-paul-ii\">Pape Jean-Paul II<\/a><\/strong>. Sur Holyart, <strong><a href=\"https:\/\/www.holyart.fr\/recherche?query=rupnik&amp;filterCategory=Tableaux%2C+gravures%2C+manuscrit+enlumin\u00e9&amp;productsPerPage=20&amp;followSearch=9994\">des tableaux et des impressions de Rupnik<\/a><\/strong> sont \u00e0 votre disposition, afin de mieux conna\u00eetre et appr\u00e9cier cet artiste et homme d&rsquo;\u00e9glise \u00e0 l&rsquo;expressivit\u00e9 extraordinaire.<\/p>\n<div class=\"sp-styles-warning\" style=\"width: 450px; background-color: #FFF; color: #F00; border: 1px solid #F00; padding: 10px; font-size: 14px;\">\n\t\t\t<span style=\"font-weight: bold;\">Warning: The stylesheets were not loaded!<\/span> \n\t\t\tYou will need to change the <i>Load stylesheets<\/i> setting from <i>Automatically<\/i> to <i>On homepage<\/i> or <i>On all pages<\/i>. \n\t\t\tYou can set that <a style=\"text-decoration: underline; color: #F00;\" href=\"https:\/\/blog.holyart.it\/fr\/wp-admin\/admin.php?page=sliderpro-settings\">here<\/a>.\n\t\t\t<\/div>\r\n<div id=\"slider-pro-22\" class=\"slider-pro sp-no-js\" style=\"width: 500px; height: 500px;\">\r\n\t<div class=\"sp-slides\">\r\n\t\t\r\n\t\t<div class=\"sp-slide\">\r\n\t\t\t<img loading=\"lazy\" decoding=\"async\" class=\"sp-image\" src=\"https:\/\/blog.holyart.it\/fr\/wp-content\/uploads\/sites\/14\/2020\/04\/La-Piet\u00e0-de-Rupnik-cadre-5x5-cm.jpg\" alt=\"La Piet\u00e0 de Rupnik cadre 5x5 cm\" width=\"500\" height=\"500\" \/>\r\n\t\t\t<div class=\"sp-thumbnail\"><img decoding=\"async\" src=\"https:\/\/blog.holyart.it\/fr\/wp-content\/uploads\/sites\/14\/2020\/04\/La-Piet\u00e0-de-Rupnik-cadre-5x5-cm-150x150-1.jpg\" alt=\"La Piet\u00e0 de Rupnik cadre 5x5 cm 150x150\" \/>\r\n\t\t\t<\/div>\r\n\t\t\t<div class=\"sp-caption\">Petit cadre en bois avec impression or \u00e0 chaud de \"La Piet\u00e0\" de Rupnik<br \/><strong><a href=\"https:\/\/www.holyart.fr\/articles-religieux\/tableaux-gravures-manuscrit-enlumine\/la-pieta-de-rupnik-cadre-5x5-cm\">Acheter sur Holyart<\/a><\/strong><\/div>\r\n\t\t<\/div>\r\n\t\t<div class=\"sp-slide\">\r\n\t\t\t<img loading=\"lazy\" decoding=\"async\" class=\"sp-image\" src=\"https:\/\/blog.holyart.it\/fr\/wp-content\/uploads\/sites\/14\/2020\/04\/Cadre-Bon-Pasteur-Rupnik-5x10-cm.jpg\" alt=\"Cadre Bon Pasteur Rupnik 5x10 cm\" width=\"500\" height=\"500\" \/>\r\n\t\t\t<div class=\"sp-thumbnail\"><img decoding=\"async\" src=\"https:\/\/blog.holyart.it\/fr\/wp-content\/uploads\/sites\/14\/2020\/04\/Cadre-Bon-Pasteur-Rupnik-5x10-cm-150x150-1.jpg\" alt=\"Cadre Bon Pasteur Rupnik 5x10 cm 150x150\" \/>\r\n\t\t\t<\/div>\r\n\t\t\t<div class=\"sp-caption\">Cadre en bois avec impression or \u00e0 chaud du \"Bon Pasteur\" de Rupnik<br \/><strong><a href=\"https:\/\/www.holyart.fr\/articles-religieux\/tableaux-gravures-manuscrit-enlumine\/cadre-bon-pasteur-rupnik-5x10-cm\">Acheter sur Holyart<\/a><\/strong><\/div>\r\n\t\t<\/div>\r\n\t\t<div class=\"sp-slide\">\r\n\t\t\t<img loading=\"lazy\" decoding=\"async\" class=\"sp-image\" src=\"https:\/\/blog.holyart.it\/fr\/wp-content\/uploads\/sites\/14\/2020\/04\/Cadre-impression-Eucharistie-de-Rupnik-5x10-cm.jpg\" alt=\"Cadre impression Eucharistie de Rupnik 5x10 cm\" width=\"500\" height=\"500\" \/>\r\n\t\t\t<div class=\"sp-thumbnail\"><img decoding=\"async\" src=\"https:\/\/blog.holyart.it\/fr\/wp-content\/uploads\/sites\/14\/2020\/04\/Cadre-impression-Eucharistie-de-Rupnik-5x10-cm-150x150-1.jpg\" alt=\"Cadre impression Eucharistie de Rupnik 5x10 cm - 150x150\" \/>\r\n\t\t\t<\/div>\r\n\t\t\t<div class=\"sp-caption\">Petit cadre en bois \u00e0 suspendre ou poser avec impression or \u00e0 chaud de l'\"Eucharistie\" de Rupnik<br \/><strong><a href=\"https:\/\/www.holyart.fr\/articles-religieux\/tableaux-gravures-manuscrit-enlumine\/cadre-impression-eucharistie-de-rupnik-5x10-cm\">Acheter sur Holyart<\/a><\/strong><\/div>\r\n\t\t<\/div>\r\n\t\t<div class=\"sp-slide\">\r\n\t\t\t<img loading=\"lazy\" decoding=\"async\" class=\"sp-image\" src=\"https:\/\/blog.holyart.it\/fr\/wp-content\/uploads\/sites\/14\/2020\/04\/Planche-La-Cene-impression-Pere-Rupnik-20x30-cm.jpg\" alt=\"Planche La Cene impression Pere Rupnik 20x30 cm\" width=\"500\" height=\"500\" \/>\r\n\t\t\t<div class=\"sp-thumbnail\"><img decoding=\"async\" src=\"https:\/\/blog.holyart.it\/fr\/wp-content\/uploads\/sites\/14\/2020\/04\/Planche-La-Cene-impression-Pere-Rupnik-20x30-cm-150x150-1.jpg\" alt=\"Planche La Cene impression Pere Rupnik 20x30 cm 150x150\" \/>\r\n\t\t\t<\/div>\r\n\t\t\t<div class=\"sp-caption\">Planche en bois avec impression appliqu\u00e9e \"La C\u00e8ne\" de Rupnik<br \/><strong><a href=\"https:\/\/www.holyart.fr\/articles-religieux\/tableaux-gravures-manuscrit-enlumine\/planche-la-cene-impression-pere-rupnik-20x30-cm\">Acheter sur Holyart<\/a><\/strong><\/div>\r\n\t\t<\/div>\r\n\t<\/div>\r\n<\/div>\n","protected":false},"excerpt":{"rendered":"<p>Le logo du Jubil\u00e9 extraordinaire de la mis\u00e9ricorde a \u00e9t\u00e9 con\u00e7u et dessin\u00e9 par un artiste et religieux, qui a su y infuser l&rsquo;esprit de la mis\u00e9ricorde que Pape Fran\u00e7ois souhaitait pour cette occasion particuli\u00e8re. D\u00e9couvrons-le ensemble. Qu&rsquo;est-ce que c&rsquo;est le Jubil\u00e9 ? Afin de&hellip;<\/p>\n","protected":false},"author":1,"featured_media":1961,"comment_status":"closed","ping_status":"open","sticky":false,"template":"","format":"standard","meta":{"_acf_changed":false,"footnotes":""},"categories":[8],"tags":[],"class_list":["post-1960","post","type-post","status-publish","format-standard","has-post-thumbnail","hentry","category-articles-religieux"],"acf":[],"yoast_head":"<!-- This site is optimized with the Yoast SEO plugin v26.6 - https:\/\/yoast.com\/wordpress\/plugins\/seo\/ -->\n<title>Logo du Jubil\u00e9 de la Mis\u00e9ricorde : de quoi s&#039;agit-il et qui l&#039;a dessin\u00e9<\/title>\n<meta name=\"description\" content=\"Le logo du Jubil\u00e9 extraordinaire de la mis\u00e9ricorde a \u00e9t\u00e9 con\u00e7u et dessin\u00e9 par un artiste et religieux, qui a su y infuser l&#039;esprit de la mis\u00e9ricorde ...\" \/>\n<meta name=\"robots\" content=\"index, follow, max-snippet:-1, max-image-preview:large, max-video-preview:-1\" \/>\n<link rel=\"canonical\" href=\"https:\/\/blog.holyart.it\/fr\/articles-religieux\/logo-du-jubile-de-la-misericorde-de-quoi-sagit-il-et-qui-la-dessine\/\" \/>\n<meta property=\"og:locale\" content=\"fr_FR\" \/>\n<meta property=\"og:type\" content=\"article\" \/>\n<meta property=\"og:title\" content=\"Logo du Jubil\u00e9 de la Mis\u00e9ricorde : de quoi s&#039;agit-il et qui l&#039;a dessin\u00e9\" \/>\n<meta property=\"og:description\" content=\"Le logo du Jubil\u00e9 extraordinaire de la mis\u00e9ricorde a \u00e9t\u00e9 con\u00e7u et dessin\u00e9 par un artiste et religieux, qui a su y infuser l&#039;esprit de la mis\u00e9ricorde ...\" \/>\n<meta property=\"og:url\" content=\"https:\/\/blog.holyart.it\/fr\/articles-religieux\/logo-du-jubile-de-la-misericorde-de-quoi-sagit-il-et-qui-la-dessine\/\" \/>\n<meta property=\"og:site_name\" content=\"Holyart.fr Blog\" \/>\n<meta property=\"article:published_time\" content=\"2020-02-19T14:44:16+00:00\" \/>\n<meta property=\"article:modified_time\" content=\"2022-10-21T10:53:11+00:00\" \/>\n<meta property=\"og:image\" content=\"https:\/\/blog.holyart.it\/fr\/wp-content\/uploads\/sites\/14\/2020\/04\/Jubile-de-la-Misericorde.jpg\" \/>\n\t<meta property=\"og:image:width\" content=\"1000\" \/>\n\t<meta property=\"og:image:height\" content=\"666\" \/>\n\t<meta property=\"og:image:type\" content=\"image\/jpeg\" \/>\n<meta name=\"author\" content=\"Redazione\" \/>\n<meta name=\"twitter:card\" content=\"summary_large_image\" \/>\n<meta name=\"twitter:label1\" content=\"\u00c9crit par\" \/>\n\t<meta name=\"twitter:data1\" content=\"Redazione\" \/>\n\t<meta name=\"twitter:label2\" content=\"Dur\u00e9e de lecture estim\u00e9e\" \/>\n\t<meta name=\"twitter:data2\" content=\"7 minutes\" \/>\n<script type=\"application\/ld+json\" class=\"yoast-schema-graph\">{\"@context\":\"https:\/\/schema.org\",\"@graph\":[{\"@type\":\"Article\",\"@id\":\"https:\/\/blog.holyart.it\/fr\/articles-religieux\/logo-du-jubile-de-la-misericorde-de-quoi-sagit-il-et-qui-la-dessine\/#article\",\"isPartOf\":{\"@id\":\"https:\/\/blog.holyart.it\/fr\/articles-religieux\/logo-du-jubile-de-la-misericorde-de-quoi-sagit-il-et-qui-la-dessine\/\"},\"author\":{\"name\":\"Redazione\",\"@id\":\"https:\/\/blog.holyart.it\/fr\/#\/schema\/person\/0a7b686e5af0f856ec1e390dd0baecda\"},\"headline\":\"Logo du Jubil\u00e9 de la Mis\u00e9ricorde : de quoi s&rsquo;agit-il et qui l&rsquo;a dessin\u00e9\",\"datePublished\":\"2020-02-19T14:44:16+00:00\",\"dateModified\":\"2022-10-21T10:53:11+00:00\",\"mainEntityOfPage\":{\"@id\":\"https:\/\/blog.holyart.it\/fr\/articles-religieux\/logo-du-jubile-de-la-misericorde-de-quoi-sagit-il-et-qui-la-dessine\/\"},\"wordCount\":1503,\"publisher\":{\"@id\":\"https:\/\/blog.holyart.it\/fr\/#organization\"},\"image\":{\"@id\":\"https:\/\/blog.holyart.it\/fr\/articles-religieux\/logo-du-jubile-de-la-misericorde-de-quoi-sagit-il-et-qui-la-dessine\/#primaryimage\"},\"thumbnailUrl\":\"https:\/\/blog.holyart.it\/fr\/wp-content\/uploads\/sites\/14\/2020\/04\/Jubile-de-la-Misericorde.jpg\",\"articleSection\":[\"Religion\"],\"inLanguage\":\"fr-FR\"},{\"@type\":\"WebPage\",\"@id\":\"https:\/\/blog.holyart.it\/fr\/articles-religieux\/logo-du-jubile-de-la-misericorde-de-quoi-sagit-il-et-qui-la-dessine\/\",\"url\":\"https:\/\/blog.holyart.it\/fr\/articles-religieux\/logo-du-jubile-de-la-misericorde-de-quoi-sagit-il-et-qui-la-dessine\/\",\"name\":\"Logo du Jubil\u00e9 de la Mis\u00e9ricorde : de quoi s'agit-il et qui l'a dessin\u00e9\",\"isPartOf\":{\"@id\":\"https:\/\/blog.holyart.it\/fr\/#website\"},\"primaryImageOfPage\":{\"@id\":\"https:\/\/blog.holyart.it\/fr\/articles-religieux\/logo-du-jubile-de-la-misericorde-de-quoi-sagit-il-et-qui-la-dessine\/#primaryimage\"},\"image\":{\"@id\":\"https:\/\/blog.holyart.it\/fr\/articles-religieux\/logo-du-jubile-de-la-misericorde-de-quoi-sagit-il-et-qui-la-dessine\/#primaryimage\"},\"thumbnailUrl\":\"https:\/\/blog.holyart.it\/fr\/wp-content\/uploads\/sites\/14\/2020\/04\/Jubile-de-la-Misericorde.jpg\",\"datePublished\":\"2020-02-19T14:44:16+00:00\",\"dateModified\":\"2022-10-21T10:53:11+00:00\",\"description\":\"Le logo du Jubil\u00e9 extraordinaire de la mis\u00e9ricorde a \u00e9t\u00e9 con\u00e7u et dessin\u00e9 par un artiste et religieux, qui a su y infuser l'esprit de la mis\u00e9ricorde ...\",\"breadcrumb\":{\"@id\":\"https:\/\/blog.holyart.it\/fr\/articles-religieux\/logo-du-jubile-de-la-misericorde-de-quoi-sagit-il-et-qui-la-dessine\/#breadcrumb\"},\"inLanguage\":\"fr-FR\",\"potentialAction\":[{\"@type\":\"ReadAction\",\"target\":[\"https:\/\/blog.holyart.it\/fr\/articles-religieux\/logo-du-jubile-de-la-misericorde-de-quoi-sagit-il-et-qui-la-dessine\/\"]}]},{\"@type\":\"ImageObject\",\"inLanguage\":\"fr-FR\",\"@id\":\"https:\/\/blog.holyart.it\/fr\/articles-religieux\/logo-du-jubile-de-la-misericorde-de-quoi-sagit-il-et-qui-la-dessine\/#primaryimage\",\"url\":\"https:\/\/blog.holyart.it\/fr\/wp-content\/uploads\/sites\/14\/2020\/04\/Jubile-de-la-Misericorde.jpg\",\"contentUrl\":\"https:\/\/blog.holyart.it\/fr\/wp-content\/uploads\/sites\/14\/2020\/04\/Jubile-de-la-Misericorde.jpg\",\"width\":1000,\"height\":666,\"caption\":\"Jubile de la Misericorde\"},{\"@type\":\"BreadcrumbList\",\"@id\":\"https:\/\/blog.holyart.it\/fr\/articles-religieux\/logo-du-jubile-de-la-misericorde-de-quoi-sagit-il-et-qui-la-dessine\/#breadcrumb\",\"itemListElement\":[{\"@type\":\"ListItem\",\"position\":1,\"name\":\"Homepage\",\"item\":\"https:\/\/blog.holyart.it\/fr\/\"},{\"@type\":\"ListItem\",\"position\":2,\"name\":\"Religion\",\"item\":\"https:\/\/blog.holyart.it\/fr\/articles-religieux\/\"},{\"@type\":\"ListItem\",\"position\":3,\"name\":\"Logo du Jubil\u00e9 de la Mis\u00e9ricorde : de quoi s&#8217;agit-il et qui l&#8217;a dessin\u00e9\"}]},{\"@type\":\"WebSite\",\"@id\":\"https:\/\/blog.holyart.it\/fr\/#website\",\"url\":\"https:\/\/blog.holyart.it\/fr\/\",\"name\":\"Holyart.fr Blog\",\"description\":\"Holyblog\",\"publisher\":{\"@id\":\"https:\/\/blog.holyart.it\/fr\/#organization\"},\"potentialAction\":[{\"@type\":\"SearchAction\",\"target\":{\"@type\":\"EntryPoint\",\"urlTemplate\":\"https:\/\/blog.holyart.it\/fr\/?s={search_term_string}\"},\"query-input\":{\"@type\":\"PropertyValueSpecification\",\"valueRequired\":true,\"valueName\":\"search_term_string\"}}],\"inLanguage\":\"fr-FR\"},{\"@type\":\"Organization\",\"@id\":\"https:\/\/blog.holyart.it\/fr\/#organization\",\"name\":\"Holyart.fr Blog\",\"url\":\"https:\/\/blog.holyart.it\/fr\/\",\"logo\":{\"@type\":\"ImageObject\",\"inLanguage\":\"fr-FR\",\"@id\":\"https:\/\/blog.holyart.it\/fr\/#\/schema\/logo\/image\/\",\"url\":\"https:\/\/blog.holyart.it\/fr\/wp-content\/uploads\/sites\/14\/2022\/12\/Holyart_Blog_Logo.jpg\",\"contentUrl\":\"https:\/\/blog.holyart.it\/fr\/wp-content\/uploads\/sites\/14\/2022\/12\/Holyart_Blog_Logo.jpg\",\"width\":300,\"height\":50,\"caption\":\"Holyart.fr Blog\"},\"image\":{\"@id\":\"https:\/\/blog.holyart.it\/fr\/#\/schema\/logo\/image\/\"}},{\"@type\":\"Person\",\"@id\":\"https:\/\/blog.holyart.it\/fr\/#\/schema\/person\/0a7b686e5af0f856ec1e390dd0baecda\",\"name\":\"Redazione\",\"image\":{\"@type\":\"ImageObject\",\"inLanguage\":\"fr-FR\",\"@id\":\"https:\/\/blog.holyart.it\/fr\/#\/schema\/person\/image\/\",\"url\":\"https:\/\/secure.gravatar.com\/avatar\/f477da817f43e50d0af36abecd33e3edf826c68299714bdc1057dff3b113f516?s=96&d=mm&r=g\",\"contentUrl\":\"https:\/\/secure.gravatar.com\/avatar\/f477da817f43e50d0af36abecd33e3edf826c68299714bdc1057dff3b113f516?s=96&d=mm&r=g\",\"caption\":\"Redazione\"},\"url\":\"https:\/\/blog.holyart.it\/fr\/author\/admin\/\"}]}<\/script>\n<!-- \/ Yoast SEO plugin. -->","yoast_head_json":{"title":"Logo du Jubil\u00e9 de la Mis\u00e9ricorde : de quoi s'agit-il et qui l'a dessin\u00e9","description":"Le logo du Jubil\u00e9 extraordinaire de la mis\u00e9ricorde a \u00e9t\u00e9 con\u00e7u et dessin\u00e9 par un artiste et religieux, qui a su y infuser l'esprit de la mis\u00e9ricorde ...","robots":{"index":"index","follow":"follow","max-snippet":"max-snippet:-1","max-image-preview":"max-image-preview:large","max-video-preview":"max-video-preview:-1"},"canonical":"https:\/\/blog.holyart.it\/fr\/articles-religieux\/logo-du-jubile-de-la-misericorde-de-quoi-sagit-il-et-qui-la-dessine\/","og_locale":"fr_FR","og_type":"article","og_title":"Logo du Jubil\u00e9 de la Mis\u00e9ricorde : de quoi s'agit-il et qui l'a dessin\u00e9","og_description":"Le logo du Jubil\u00e9 extraordinaire de la mis\u00e9ricorde a \u00e9t\u00e9 con\u00e7u et dessin\u00e9 par un artiste et religieux, qui a su y infuser l'esprit de la mis\u00e9ricorde ...","og_url":"https:\/\/blog.holyart.it\/fr\/articles-religieux\/logo-du-jubile-de-la-misericorde-de-quoi-sagit-il-et-qui-la-dessine\/","og_site_name":"Holyart.fr Blog","article_published_time":"2020-02-19T14:44:16+00:00","article_modified_time":"2022-10-21T10:53:11+00:00","og_image":[{"width":1000,"height":666,"url":"https:\/\/blog.holyart.it\/fr\/wp-content\/uploads\/sites\/14\/2020\/04\/Jubile-de-la-Misericorde.jpg","type":"image\/jpeg"}],"author":"Redazione","twitter_card":"summary_large_image","twitter_misc":{"\u00c9crit par":"Redazione","Dur\u00e9e de lecture estim\u00e9e":"7 minutes"},"schema":{"@context":"https:\/\/schema.org","@graph":[{"@type":"Article","@id":"https:\/\/blog.holyart.it\/fr\/articles-religieux\/logo-du-jubile-de-la-misericorde-de-quoi-sagit-il-et-qui-la-dessine\/#article","isPartOf":{"@id":"https:\/\/blog.holyart.it\/fr\/articles-religieux\/logo-du-jubile-de-la-misericorde-de-quoi-sagit-il-et-qui-la-dessine\/"},"author":{"name":"Redazione","@id":"https:\/\/blog.holyart.it\/fr\/#\/schema\/person\/0a7b686e5af0f856ec1e390dd0baecda"},"headline":"Logo du Jubil\u00e9 de la Mis\u00e9ricorde : de quoi s&rsquo;agit-il et qui l&rsquo;a dessin\u00e9","datePublished":"2020-02-19T14:44:16+00:00","dateModified":"2022-10-21T10:53:11+00:00","mainEntityOfPage":{"@id":"https:\/\/blog.holyart.it\/fr\/articles-religieux\/logo-du-jubile-de-la-misericorde-de-quoi-sagit-il-et-qui-la-dessine\/"},"wordCount":1503,"publisher":{"@id":"https:\/\/blog.holyart.it\/fr\/#organization"},"image":{"@id":"https:\/\/blog.holyart.it\/fr\/articles-religieux\/logo-du-jubile-de-la-misericorde-de-quoi-sagit-il-et-qui-la-dessine\/#primaryimage"},"thumbnailUrl":"https:\/\/blog.holyart.it\/fr\/wp-content\/uploads\/sites\/14\/2020\/04\/Jubile-de-la-Misericorde.jpg","articleSection":["Religion"],"inLanguage":"fr-FR"},{"@type":"WebPage","@id":"https:\/\/blog.holyart.it\/fr\/articles-religieux\/logo-du-jubile-de-la-misericorde-de-quoi-sagit-il-et-qui-la-dessine\/","url":"https:\/\/blog.holyart.it\/fr\/articles-religieux\/logo-du-jubile-de-la-misericorde-de-quoi-sagit-il-et-qui-la-dessine\/","name":"Logo du Jubil\u00e9 de la Mis\u00e9ricorde : de quoi s'agit-il et qui l'a dessin\u00e9","isPartOf":{"@id":"https:\/\/blog.holyart.it\/fr\/#website"},"primaryImageOfPage":{"@id":"https:\/\/blog.holyart.it\/fr\/articles-religieux\/logo-du-jubile-de-la-misericorde-de-quoi-sagit-il-et-qui-la-dessine\/#primaryimage"},"image":{"@id":"https:\/\/blog.holyart.it\/fr\/articles-religieux\/logo-du-jubile-de-la-misericorde-de-quoi-sagit-il-et-qui-la-dessine\/#primaryimage"},"thumbnailUrl":"https:\/\/blog.holyart.it\/fr\/wp-content\/uploads\/sites\/14\/2020\/04\/Jubile-de-la-Misericorde.jpg","datePublished":"2020-02-19T14:44:16+00:00","dateModified":"2022-10-21T10:53:11+00:00","description":"Le logo du Jubil\u00e9 extraordinaire de la mis\u00e9ricorde a \u00e9t\u00e9 con\u00e7u et dessin\u00e9 par un artiste et religieux, qui a su y infuser l'esprit de la mis\u00e9ricorde ...","breadcrumb":{"@id":"https:\/\/blog.holyart.it\/fr\/articles-religieux\/logo-du-jubile-de-la-misericorde-de-quoi-sagit-il-et-qui-la-dessine\/#breadcrumb"},"inLanguage":"fr-FR","potentialAction":[{"@type":"ReadAction","target":["https:\/\/blog.holyart.it\/fr\/articles-religieux\/logo-du-jubile-de-la-misericorde-de-quoi-sagit-il-et-qui-la-dessine\/"]}]},{"@type":"ImageObject","inLanguage":"fr-FR","@id":"https:\/\/blog.holyart.it\/fr\/articles-religieux\/logo-du-jubile-de-la-misericorde-de-quoi-sagit-il-et-qui-la-dessine\/#primaryimage","url":"https:\/\/blog.holyart.it\/fr\/wp-content\/uploads\/sites\/14\/2020\/04\/Jubile-de-la-Misericorde.jpg","contentUrl":"https:\/\/blog.holyart.it\/fr\/wp-content\/uploads\/sites\/14\/2020\/04\/Jubile-de-la-Misericorde.jpg","width":1000,"height":666,"caption":"Jubile de la Misericorde"},{"@type":"BreadcrumbList","@id":"https:\/\/blog.holyart.it\/fr\/articles-religieux\/logo-du-jubile-de-la-misericorde-de-quoi-sagit-il-et-qui-la-dessine\/#breadcrumb","itemListElement":[{"@type":"ListItem","position":1,"name":"Homepage","item":"https:\/\/blog.holyart.it\/fr\/"},{"@type":"ListItem","position":2,"name":"Religion","item":"https:\/\/blog.holyart.it\/fr\/articles-religieux\/"},{"@type":"ListItem","position":3,"name":"Logo du Jubil\u00e9 de la Mis\u00e9ricorde : de quoi s&#8217;agit-il et qui l&#8217;a dessin\u00e9"}]},{"@type":"WebSite","@id":"https:\/\/blog.holyart.it\/fr\/#website","url":"https:\/\/blog.holyart.it\/fr\/","name":"Holyart.fr Blog","description":"Holyblog","publisher":{"@id":"https:\/\/blog.holyart.it\/fr\/#organization"},"potentialAction":[{"@type":"SearchAction","target":{"@type":"EntryPoint","urlTemplate":"https:\/\/blog.holyart.it\/fr\/?s={search_term_string}"},"query-input":{"@type":"PropertyValueSpecification","valueRequired":true,"valueName":"search_term_string"}}],"inLanguage":"fr-FR"},{"@type":"Organization","@id":"https:\/\/blog.holyart.it\/fr\/#organization","name":"Holyart.fr Blog","url":"https:\/\/blog.holyart.it\/fr\/","logo":{"@type":"ImageObject","inLanguage":"fr-FR","@id":"https:\/\/blog.holyart.it\/fr\/#\/schema\/logo\/image\/","url":"https:\/\/blog.holyart.it\/fr\/wp-content\/uploads\/sites\/14\/2022\/12\/Holyart_Blog_Logo.jpg","contentUrl":"https:\/\/blog.holyart.it\/fr\/wp-content\/uploads\/sites\/14\/2022\/12\/Holyart_Blog_Logo.jpg","width":300,"height":50,"caption":"Holyart.fr Blog"},"image":{"@id":"https:\/\/blog.holyart.it\/fr\/#\/schema\/logo\/image\/"}},{"@type":"Person","@id":"https:\/\/blog.holyart.it\/fr\/#\/schema\/person\/0a7b686e5af0f856ec1e390dd0baecda","name":"Redazione","image":{"@type":"ImageObject","inLanguage":"fr-FR","@id":"https:\/\/blog.holyart.it\/fr\/#\/schema\/person\/image\/","url":"https:\/\/secure.gravatar.com\/avatar\/f477da817f43e50d0af36abecd33e3edf826c68299714bdc1057dff3b113f516?s=96&d=mm&r=g","contentUrl":"https:\/\/secure.gravatar.com\/avatar\/f477da817f43e50d0af36abecd33e3edf826c68299714bdc1057dff3b113f516?s=96&d=mm&r=g","caption":"Redazione"},"url":"https:\/\/blog.holyart.it\/fr\/author\/admin\/"}]}},"_links":{"self":[{"href":"https:\/\/blog.holyart.it\/fr\/wp-json\/wp\/v2\/posts\/1960","targetHints":{"allow":["GET"]}}],"collection":[{"href":"https:\/\/blog.holyart.it\/fr\/wp-json\/wp\/v2\/posts"}],"about":[{"href":"https:\/\/blog.holyart.it\/fr\/wp-json\/wp\/v2\/types\/post"}],"author":[{"embeddable":true,"href":"https:\/\/blog.holyart.it\/fr\/wp-json\/wp\/v2\/users\/1"}],"replies":[{"embeddable":true,"href":"https:\/\/blog.holyart.it\/fr\/wp-json\/wp\/v2\/comments?post=1960"}],"version-history":[{"count":0,"href":"https:\/\/blog.holyart.it\/fr\/wp-json\/wp\/v2\/posts\/1960\/revisions"}],"wp:featuredmedia":[{"embeddable":true,"href":"https:\/\/blog.holyart.it\/fr\/wp-json\/wp\/v2\/media\/1961"}],"wp:attachment":[{"href":"https:\/\/blog.holyart.it\/fr\/wp-json\/wp\/v2\/media?parent=1960"}],"wp:term":[{"taxonomy":"category","embeddable":true,"href":"https:\/\/blog.holyart.it\/fr\/wp-json\/wp\/v2\/categories?post=1960"},{"taxonomy":"post_tag","embeddable":true,"href":"https:\/\/blog.holyart.it\/fr\/wp-json\/wp\/v2\/tags?post=1960"}],"curies":[{"name":"wp","href":"https:\/\/api.w.org\/{rel}","templated":true}]}}