{"id":1801,"date":"2019-08-20T15:23:53","date_gmt":"2019-08-20T13:23:53","guid":{"rendered":"https:\/\/blog.holyart.it\/fr\/?p=1801"},"modified":"2025-05-06T12:49:48","modified_gmt":"2025-05-06T10:49:48","slug":"histoire-du-baldaquin-de-saint-pierre","status":"publish","type":"post","link":"https:\/\/blog.holyart.it\/fr\/articles-religieux\/histoire-du-baldaquin-de-saint-pierre\/","title":{"rendered":"Histoire du Baldaquin de Saint Pierre"},"content":{"rendered":"<h4 style=\"text-align: center;\"><em>Le Baldaquin de Saint Pierre est un des monuments les plus spectaculaires qui puissent \u00eatre admir\u00e9s \u00e0 l\u2019int\u00e9rieur de la Basilique de Saint Pierre. Mais de quoi s\u2019agit-il\u00a0? Qui l\u2019a r\u00e9alis\u00e9\u00a0? Apprenons \u00e0 mieux conna\u00eetre ce somptueux exemple d\u2019art baroque, admir\u00e9 par des millions de visiteurs venant chaque ann\u00e9e du monde entier.<\/em><\/h4>\n<p>Le Baldaquin de Saint Pierre est un ciborium situ\u00e9 au c\u0153ur m\u00eame de la Basilique d\u00e9di\u00e9e au Saint patron de l\u2019\u00e9glise. D\u2019habitude, le ciborium, dans le contexte de l\u2019architecture baroque, est un \u00e9l\u00e9ment en forme de baldaquin pos\u00e9 \u00e0 couverture de l\u2019autel principal. Les <a href=\"https:\/\/www.holyart.fr\/accessoires-pour-la-liturgie\/accessoires-varies\"><strong>baldaquins<\/strong><\/a> rentrent dans tous les cas dans la cat\u00e9gorie du <strong>mobilier d\u2019\u00e9glise<\/strong>. Il s\u2019agit g\u00e9n\u00e9ralement de grands pans de tissu carr\u00e9s ou rectangulaires, soutenus par quatre hampes ou plus avec des franges et des frises, utilis\u00e9s pour prot\u00e9ger les cardinaux, les \u00e9v\u00eaques et le pape lors des processions.<\/p>\n<p>Comme tous les articles de <a href=\"https:\/\/www.holyart.fr\/accessoires-pour-la-liturgie\/mobilier-deglise\"><strong>mobilier d\u2019\u00e9glise<\/strong><\/a>, les baldaquins aussi sont souvent appel\u00e9s \u00e0 faire partie des tr\u00e9sors de l\u2019\u00e9glise. En effet, tr\u00e8s souvent, ils \u00e9taient r\u00e9alis\u00e9s avec grand soin et attention, en utilisant des tissus pr\u00e9cieux et des ornements en or et pierres pr\u00e9cieuses, exactement comme les baldaquins que vous trouverez sur le site Holyart.<\/p>\n<h2>La valeur artistique<\/h2>\n<figure id=\"attachment_1803\" aria-describedby=\"caption-attachment-1803\" style=\"width: 300px\" class=\"wp-caption alignright\"><img loading=\"lazy\" decoding=\"async\" class=\"alignright size-medium wp-image-1803\" src=\"https:\/\/blog.holyart.it\/fr\/wp-content\/uploads\/sites\/14\/2019\/08\/Dais-de-procession-300x300.jpg\" alt=\"Dais de procession\" width=\"300\" height=\"300\" \/><figcaption id=\"caption-attachment-1803\" class=\"wp-caption-text\"><center><strong><a href=\"https:\/\/www.holyart.fr\/accessoires-pour-la-liturgie\/accessoires-varies?sorter_id=2&amp;sort=20a\">Sur Holyart, il existe 20 mod\u00e8les diff\u00e9rents de marquises et divers accessoires pour l&rsquo;\u00e9glise.<\/a><\/strong><br \/><a href=\"https:\/\/www.holyart.fr\/accessoires-pour-la-liturgie\/accessoires-varies?sorter_id=2&amp;sort=20a\"><button class=\"bottoneacquista\" style=\"vertical-align: middle;\">Acheter sur Holyart<\/button><\/a><\/center><\/figcaption><\/figure>\n<p>Le Baldaquin de Saint Pierre est bien plus qu\u2019un ciborium. En effet, dans ce cas-ci, il n\u2019y a pas que l\u2019autel principal, \u00e9rig\u00e9 par Cl\u00e9ment VIII en 1549, qui est surmont\u00e9 par le baldaquin, mais aussi la tombe de Saint Pierre qui se trouve \u00e0 proximit\u00e9 de celui-ci. De plus, la majestueuse coupole dessin\u00e9e par Michel-Ange se dresse afin de d\u00e9limiter davantage ce lieu d\u2019incommensurable solennit\u00e9 et d\u00e9votion. Un coup d\u2019\u0153il vraiment impressionnant, donc, con\u00e7u pour susciter \u00e9merveillement et crainte r\u00e9v\u00e9rencielle chez toute personne qui y pose les yeux dessus, ainsi comme le voulait l\u2019architecture et l\u2019art baroque. \u00c0 raison<strong>, le Baldaquin de Saint Pierre est reconnu comme l\u2019un des monuments les plus surprenants de ce courant artistique<\/strong>, qui entre 1600 et 1700 a enrichi Rome de palais et de monuments uniques au monde.<br \/>\nEn particulier, le Baldaquin de Saint Pierre fut con\u00e7u et construit par Gian Lorenzo Bernini entre le juillet 1624 et 1633. Mais ce n\u2019\u00e9tait pas la premi\u00e8re fois que l\u2019\u00e9glise se mobilisait pour rendre hommage \u00e0 la tombe du saint. D\u00e9j\u00e0 cent ans apr\u00e8s la mort de Pierre, \u00e0 la fin du II si\u00e8cle ap. J.-C., le presbytre Ga\u00efus avait fait \u00e9riger une petite \u00e9dicule fun\u00e9raire, connue sous le nom de \u00ab\u00a0Troph\u00e9e de Ga\u00efus\u00a0\u00bb, qui devint rapidement un lieu de p\u00e8lerinage encore avant l\u2019avent de Constantin. Ce dernier fit ensuite enfermer le \u00ab\u00a0Troph\u00e9e de Ga\u00efus\u00a0\u00bb dans un reliquaire en marbre. Ensuite, l\u2019autel de Gr\u00e9goire le Grand (590-604), l\u2019autel de Calixte II (1123) et, enfin, en 1594, l\u2019autel de Cl\u00e9ment VIII furent \u00e9rig\u00e9s afin de marquer et honorer le lieu de s\u00e9pulture de l\u2019Ap\u00f4tre. C\u2019est au-dessus de l\u2019autel de Cl\u00e9ment que le baldaquin de Bernini fut install\u00e9. Cette s\u00e9rie de monuments incroyables nous raconte deux milles ans d\u2019histoire de l\u2019\u00e9glise et nous laisse imaginer la d\u00e9votion de millions d\u2019hommes et de femmes qui, au cours des si\u00e8cles, se sont rendus dans ce lieu sacr\u00e9, pouss\u00e9s par leur foi.<\/p>\n<p><img loading=\"lazy\" decoding=\"async\" class=\"aligncenter size-full wp-image-1804\" src=\"https:\/\/blog.holyart.it\/fr\/wp-content\/uploads\/sites\/14\/2019\/08\/Baldaquin-de-Saint-Pierre-enterieur.jpg\" alt=\"Baldaquin de Saint Pierre enterieur\" width=\"983\" height=\"665\" \/><\/p>\n<h2>Caract\u00e9ristiques et d\u00e9tails<\/h2>\n<p>Le Baldaquin de Saint Pierre a une hauteur de vingt-huit m\u00e8tres et demi, plus qu\u2019un palais de dix \u00e9tages ! Il a une base carr\u00e9e et reprend la forme du baldaquin papal qui \u00e9tait soutenu au-dessus du Saint P\u00e8re lors des processions. Quatre hautes colonnes en bronze partent des quatre coins de la base en marbre, obtenues, depuis du bronze \u00a0arriv\u00e9 de Venise, de la fusion des poutres du pronaos du Panth\u00e9on d\u2019Agrippa, qui se dressent en spirale et semblent s\u2019envelopper sur elles-m\u00eames, comme celle du Temple de Salomon, jusqu\u2019aux somptueux chapiteaux. Les colonnes, d\u2019une hauteur de 11 m\u00e8tres, sont enti\u00e8rement recouvertes de <strong>branches de laurier<\/strong> pour rendre hommage \u00e0 la passion d\u2019Urbain VIII pour la po\u00e9sie, entre lesquels volent les <strong>abeilles<\/strong>, symbole de la famille Barberini qui avait command\u00e9 le monument, et courent des <strong>l\u00e9zards<\/strong>, qui avec leur capacit\u00e9 \u00e0 changer de peau symbolisent la renaissance, la R\u00e9surrection. En outre, le premier l\u00e9zard sur la colonne nord-ouest regarde vers le soleil et symbolise la <strong>recherche de Dieu<\/strong>, tandis que le deuxi\u00e8me l\u00e9zard sur la colonne nord-est a un scorpion en bouche, symbole du <strong>mal<\/strong> dans l\u2019Apocalypse.<br \/>\nUn d\u00e9tail int\u00e9ressant : dans une des colonnes, plus pr\u00e9cis\u00e9ment la colonne post\u00e9rieure gauche, est moul\u00e9 un <a href=\"https:\/\/www.holyart.fr\/articles-religieux\/chapelets-et-etuis-a-chapelet\"><strong>chapelet<\/strong><\/a>. Il s\u2019agit de l\u2019hommage de Bernini, qui a voulu ainsi d\u00e9clarer que son travail \u00e9tait d\u00e9di\u00e9 \u00e0 la Sainte Vierge. On remarque \u00e0 une extr\u00e9mit\u00e9 le crucifix et \u00e0 l\u2019autre trois m\u00e9dailles de d\u00e9votion. De l\u2019autre c\u00f4t\u00e9 de la colonne, on peut voir une autre m\u00e9daille, qui repr\u00e9senterait Pape Urbain VIII en personne.<\/p>\n<p>Les colonnes surgissent des <strong>bases en marbre polychrome<\/strong> sculpt\u00e9s avec des visages de femme qui repr\u00e9sentent les <strong>phases d\u2019un accouchement<\/strong>, du moment de la conception jusqu\u2019\u00e0 la naissance de l\u2019enfant, qui apparait juste apr\u00e8s sa naissance dans la derni\u00e8re frise. Il semblerait que ce choix particulier pour la d\u00e9coration de la base ait \u00e9t\u00e9 dict\u00e9 par une ni\u00e8ce de Pape Urbain VIII qui avait eu une grossesse difficile. Ou cela fut peut-\u00eatre un moyen de Bernini pour montrer sa d\u00e9votion envers la \u00ab\u00a0M\u00e8re \u00c9glise\u00a0\u00bb.<\/p>\n<p>Les <strong>chapiteaux<\/strong> sont par contre de type composite, avec tailloir. Le tailloir ou abaque est un \u00e9l\u00e9ment architectural en forme de tronc de pyramide renvers\u00e9. Typique de l\u2019architecture byzantine, il \u00e9tait plac\u00e9 entre le chapiteau et l\u2019architrave et il \u00e9tait souvent d\u00e9cor\u00e9 de motifs ornementaux chantourn\u00e9s ou en relief. Dans ce cas-ci, les chapiteaux composites soutiennent les volutes ioniques des arches et sont d\u00e9cor\u00e9s de feuilles d\u2019acanthe, typiques des chapiteaux corinthiens.<\/p>\n<p>La <strong>couverture<\/strong> est en bois dor\u00e9, en forme de dos de dauphin, richement d\u00e9cor\u00e9e, et confirme l\u2019excellence de ce monument, v\u00e9ritable synth\u00e8se entre architecture et sculpture baroque. En particulier, au-dessus du baldaquin, tr\u00f4nent <strong>quatre <\/strong><a href=\"https:\/\/www.holyart.fr\/occasions-speciales\/bapteme\/ange-gardien\"><strong>statues d\u2019anges<\/strong><\/a> pos\u00e9es aux quatre coins, et d\u2019autres de putti, dessin\u00e9es par Francesco Borromini, qui soutiennent les festons. Certains putti tiennent entre leurs mains les cl\u00e9s de Saint Pierre et la couronne papale. En outre, un putto soul\u00e8ve vers le ciel un \u00e9norme <strong>corps d\u2019abeille retourn\u00e9<\/strong>, rappelant encore le symbole de la famille du Pape. Juste au-dessus, il y a le globe avec la croix.<\/p>\n<h2>Le dynamisme des formes<\/h2>\n<p>\u00c0 la grandeur de l\u2019\u0153uvre s\u2019unit la l\u00e9g\u00e8ret\u00e9, le dynamisme des formes, obtenues par l\u2019artiste gr\u00e2ce \u00e0 son impayable capacit\u00e9 \u00e0 traiter les mat\u00e9riaux durs comme s\u2019ils \u00e9taient souples et l\u00e9gers. M\u00eame la frange en faux tissu qui d\u00e9core la couverture, tout en \u00e9tant r\u00e9alis\u00e9e en bronze, semble ondoyer effleur\u00e9e par la braise !<\/p>\n<p>Bernini ne travailla pas seul \u00e0 ce monument grandiose. Avec lui collabor\u00e8rent Francesco Borromini, son assistant pour la partie architecturale, et beaucoup d\u2019autres artistes, fondeurs et tailleurs de pierre.<\/p>\n<p>Bernini mit dix ans pour finir le Baldaquin, qui fut inaugur\u00e9 en 1633 par Pape Urbain VIII. Avec sa structure architecturale particuli\u00e8re et son empreinte majoritairement sculpturale, le Baldaquin de Saint Pierre peut \u00eatre consid\u00e9r\u00e9 comme un v\u00e9ritable manifeste de l\u2019art baroque.<\/p>\n","protected":false},"excerpt":{"rendered":"<p>Le Baldaquin de Saint Pierre est un des monuments les plus spectaculaires qui puissent \u00eatre admir\u00e9s \u00e0 l\u2019int\u00e9rieur de la Basilique de Saint Pierre. Mais de quoi s\u2019agit-il\u00a0? Qui l\u2019a r\u00e9alis\u00e9\u00a0? Apprenons \u00e0 mieux conna\u00eetre ce somptueux exemple d\u2019art baroque, admir\u00e9 par des millions de&hellip;<\/p>\n","protected":false},"author":1,"featured_media":1802,"comment_status":"closed","ping_status":"open","sticky":false,"template":"","format":"standard","meta":{"_acf_changed":false,"footnotes":""},"categories":[8],"tags":[],"class_list":["post-1801","post","type-post","status-publish","format-standard","has-post-thumbnail","hentry","category-articles-religieux"],"acf":[],"yoast_head":"<!-- This site is optimized with the Yoast SEO plugin v26.6 - https:\/\/yoast.com\/wordpress\/plugins\/seo\/ -->\n<title>Histoire du Baldaquin de Saint Pierre - Holyblog.fr<\/title>\n<meta name=\"description\" content=\"Le Baldaquin de Saint Pierre est un des monuments les plus spectaculaires qui puissent \u00eatre admir\u00e9s \u00e0 l\u2019int\u00e9rieur de la Basilique de Saint Pierre\" \/>\n<meta name=\"robots\" content=\"index, follow, max-snippet:-1, max-image-preview:large, max-video-preview:-1\" \/>\n<link rel=\"canonical\" href=\"https:\/\/blog.holyart.it\/fr\/articles-religieux\/histoire-du-baldaquin-de-saint-pierre\/\" \/>\n<meta property=\"og:locale\" content=\"fr_FR\" \/>\n<meta property=\"og:type\" content=\"article\" \/>\n<meta property=\"og:title\" content=\"Histoire du Baldaquin de Saint Pierre - Holyblog.fr\" \/>\n<meta property=\"og:description\" content=\"Le Baldaquin de Saint Pierre est un des monuments les plus spectaculaires qui puissent \u00eatre admir\u00e9s \u00e0 l\u2019int\u00e9rieur de la Basilique de Saint Pierre\" \/>\n<meta property=\"og:url\" content=\"https:\/\/blog.holyart.it\/fr\/articles-religieux\/histoire-du-baldaquin-de-saint-pierre\/\" \/>\n<meta property=\"og:site_name\" content=\"Holyart.fr Blog\" \/>\n<meta property=\"article:published_time\" content=\"2019-08-20T13:23:53+00:00\" \/>\n<meta property=\"article:modified_time\" content=\"2025-05-06T10:49:48+00:00\" \/>\n<meta property=\"og:image\" content=\"https:\/\/blog.holyart.it\/fr\/wp-content\/uploads\/sites\/14\/2019\/08\/Baldaquin-de-Saint-Pierre-Bernini.jpg\" \/>\n\t<meta property=\"og:image:width\" content=\"1000\" \/>\n\t<meta property=\"og:image:height\" content=\"651\" \/>\n\t<meta property=\"og:image:type\" content=\"image\/jpeg\" \/>\n<meta name=\"author\" content=\"Redazione\" \/>\n<meta name=\"twitter:card\" content=\"summary_large_image\" \/>\n<meta name=\"twitter:label1\" content=\"\u00c9crit par\" \/>\n\t<meta name=\"twitter:data1\" content=\"Redazione\" \/>\n\t<meta name=\"twitter:label2\" content=\"Dur\u00e9e de lecture estim\u00e9e\" \/>\n\t<meta name=\"twitter:data2\" content=\"7 minutes\" \/>\n<script type=\"application\/ld+json\" class=\"yoast-schema-graph\">{\"@context\":\"https:\/\/schema.org\",\"@graph\":[{\"@type\":\"Article\",\"@id\":\"https:\/\/blog.holyart.it\/fr\/articles-religieux\/histoire-du-baldaquin-de-saint-pierre\/#article\",\"isPartOf\":{\"@id\":\"https:\/\/blog.holyart.it\/fr\/articles-religieux\/histoire-du-baldaquin-de-saint-pierre\/\"},\"author\":{\"name\":\"Redazione\",\"@id\":\"https:\/\/blog.holyart.it\/fr\/#\/schema\/person\/0a7b686e5af0f856ec1e390dd0baecda\"},\"headline\":\"Histoire du Baldaquin de Saint Pierre\",\"datePublished\":\"2019-08-20T13:23:53+00:00\",\"dateModified\":\"2025-05-06T10:49:48+00:00\",\"mainEntityOfPage\":{\"@id\":\"https:\/\/blog.holyart.it\/fr\/articles-religieux\/histoire-du-baldaquin-de-saint-pierre\/\"},\"wordCount\":1348,\"publisher\":{\"@id\":\"https:\/\/blog.holyart.it\/fr\/#organization\"},\"image\":{\"@id\":\"https:\/\/blog.holyart.it\/fr\/articles-religieux\/histoire-du-baldaquin-de-saint-pierre\/#primaryimage\"},\"thumbnailUrl\":\"https:\/\/blog.holyart.it\/fr\/wp-content\/uploads\/sites\/14\/2019\/08\/Baldaquin-de-Saint-Pierre-Bernini.jpg\",\"articleSection\":[\"Religion\"],\"inLanguage\":\"fr-FR\"},{\"@type\":\"WebPage\",\"@id\":\"https:\/\/blog.holyart.it\/fr\/articles-religieux\/histoire-du-baldaquin-de-saint-pierre\/\",\"url\":\"https:\/\/blog.holyart.it\/fr\/articles-religieux\/histoire-du-baldaquin-de-saint-pierre\/\",\"name\":\"Histoire du Baldaquin de Saint Pierre - Holyblog.fr\",\"isPartOf\":{\"@id\":\"https:\/\/blog.holyart.it\/fr\/#website\"},\"primaryImageOfPage\":{\"@id\":\"https:\/\/blog.holyart.it\/fr\/articles-religieux\/histoire-du-baldaquin-de-saint-pierre\/#primaryimage\"},\"image\":{\"@id\":\"https:\/\/blog.holyart.it\/fr\/articles-religieux\/histoire-du-baldaquin-de-saint-pierre\/#primaryimage\"},\"thumbnailUrl\":\"https:\/\/blog.holyart.it\/fr\/wp-content\/uploads\/sites\/14\/2019\/08\/Baldaquin-de-Saint-Pierre-Bernini.jpg\",\"datePublished\":\"2019-08-20T13:23:53+00:00\",\"dateModified\":\"2025-05-06T10:49:48+00:00\",\"description\":\"Le Baldaquin de Saint Pierre est un des monuments les plus spectaculaires qui puissent \u00eatre admir\u00e9s \u00e0 l\u2019int\u00e9rieur de la Basilique de Saint Pierre\",\"breadcrumb\":{\"@id\":\"https:\/\/blog.holyart.it\/fr\/articles-religieux\/histoire-du-baldaquin-de-saint-pierre\/#breadcrumb\"},\"inLanguage\":\"fr-FR\",\"potentialAction\":[{\"@type\":\"ReadAction\",\"target\":[\"https:\/\/blog.holyart.it\/fr\/articles-religieux\/histoire-du-baldaquin-de-saint-pierre\/\"]}]},{\"@type\":\"ImageObject\",\"inLanguage\":\"fr-FR\",\"@id\":\"https:\/\/blog.holyart.it\/fr\/articles-religieux\/histoire-du-baldaquin-de-saint-pierre\/#primaryimage\",\"url\":\"https:\/\/blog.holyart.it\/fr\/wp-content\/uploads\/sites\/14\/2019\/08\/Baldaquin-de-Saint-Pierre-Bernini.jpg\",\"contentUrl\":\"https:\/\/blog.holyart.it\/fr\/wp-content\/uploads\/sites\/14\/2019\/08\/Baldaquin-de-Saint-Pierre-Bernini.jpg\",\"width\":1000,\"height\":651,\"caption\":\"Baldaquin de Saint Pierre Bernini\"},{\"@type\":\"BreadcrumbList\",\"@id\":\"https:\/\/blog.holyart.it\/fr\/articles-religieux\/histoire-du-baldaquin-de-saint-pierre\/#breadcrumb\",\"itemListElement\":[{\"@type\":\"ListItem\",\"position\":1,\"name\":\"Homepage\",\"item\":\"https:\/\/blog.holyart.it\/fr\/\"},{\"@type\":\"ListItem\",\"position\":2,\"name\":\"Religion\",\"item\":\"https:\/\/blog.holyart.it\/fr\/articles-religieux\/\"},{\"@type\":\"ListItem\",\"position\":3,\"name\":\"Histoire du Baldaquin de Saint Pierre\"}]},{\"@type\":\"WebSite\",\"@id\":\"https:\/\/blog.holyart.it\/fr\/#website\",\"url\":\"https:\/\/blog.holyart.it\/fr\/\",\"name\":\"Holyart.fr Blog\",\"description\":\"Holyblog\",\"publisher\":{\"@id\":\"https:\/\/blog.holyart.it\/fr\/#organization\"},\"potentialAction\":[{\"@type\":\"SearchAction\",\"target\":{\"@type\":\"EntryPoint\",\"urlTemplate\":\"https:\/\/blog.holyart.it\/fr\/?s={search_term_string}\"},\"query-input\":{\"@type\":\"PropertyValueSpecification\",\"valueRequired\":true,\"valueName\":\"search_term_string\"}}],\"inLanguage\":\"fr-FR\"},{\"@type\":\"Organization\",\"@id\":\"https:\/\/blog.holyart.it\/fr\/#organization\",\"name\":\"Holyart.fr Blog\",\"url\":\"https:\/\/blog.holyart.it\/fr\/\",\"logo\":{\"@type\":\"ImageObject\",\"inLanguage\":\"fr-FR\",\"@id\":\"https:\/\/blog.holyart.it\/fr\/#\/schema\/logo\/image\/\",\"url\":\"https:\/\/blog.holyart.it\/fr\/wp-content\/uploads\/sites\/14\/2022\/12\/Holyart_Blog_Logo.jpg\",\"contentUrl\":\"https:\/\/blog.holyart.it\/fr\/wp-content\/uploads\/sites\/14\/2022\/12\/Holyart_Blog_Logo.jpg\",\"width\":300,\"height\":50,\"caption\":\"Holyart.fr Blog\"},\"image\":{\"@id\":\"https:\/\/blog.holyart.it\/fr\/#\/schema\/logo\/image\/\"}},{\"@type\":\"Person\",\"@id\":\"https:\/\/blog.holyart.it\/fr\/#\/schema\/person\/0a7b686e5af0f856ec1e390dd0baecda\",\"name\":\"Redazione\",\"image\":{\"@type\":\"ImageObject\",\"inLanguage\":\"fr-FR\",\"@id\":\"https:\/\/blog.holyart.it\/fr\/#\/schema\/person\/image\/\",\"url\":\"https:\/\/secure.gravatar.com\/avatar\/f477da817f43e50d0af36abecd33e3edf826c68299714bdc1057dff3b113f516?s=96&d=mm&r=g\",\"contentUrl\":\"https:\/\/secure.gravatar.com\/avatar\/f477da817f43e50d0af36abecd33e3edf826c68299714bdc1057dff3b113f516?s=96&d=mm&r=g\",\"caption\":\"Redazione\"},\"url\":\"https:\/\/blog.holyart.it\/fr\/author\/admin\/\"}]}<\/script>\n<!-- \/ Yoast SEO plugin. -->","yoast_head_json":{"title":"Histoire du Baldaquin de Saint Pierre - Holyblog.fr","description":"Le Baldaquin de Saint Pierre est un des monuments les plus spectaculaires qui puissent \u00eatre admir\u00e9s \u00e0 l\u2019int\u00e9rieur de la Basilique de Saint Pierre","robots":{"index":"index","follow":"follow","max-snippet":"max-snippet:-1","max-image-preview":"max-image-preview:large","max-video-preview":"max-video-preview:-1"},"canonical":"https:\/\/blog.holyart.it\/fr\/articles-religieux\/histoire-du-baldaquin-de-saint-pierre\/","og_locale":"fr_FR","og_type":"article","og_title":"Histoire du Baldaquin de Saint Pierre - Holyblog.fr","og_description":"Le Baldaquin de Saint Pierre est un des monuments les plus spectaculaires qui puissent \u00eatre admir\u00e9s \u00e0 l\u2019int\u00e9rieur de la Basilique de Saint Pierre","og_url":"https:\/\/blog.holyart.it\/fr\/articles-religieux\/histoire-du-baldaquin-de-saint-pierre\/","og_site_name":"Holyart.fr Blog","article_published_time":"2019-08-20T13:23:53+00:00","article_modified_time":"2025-05-06T10:49:48+00:00","og_image":[{"width":1000,"height":651,"url":"https:\/\/blog.holyart.it\/fr\/wp-content\/uploads\/sites\/14\/2019\/08\/Baldaquin-de-Saint-Pierre-Bernini.jpg","type":"image\/jpeg"}],"author":"Redazione","twitter_card":"summary_large_image","twitter_misc":{"\u00c9crit par":"Redazione","Dur\u00e9e de lecture estim\u00e9e":"7 minutes"},"schema":{"@context":"https:\/\/schema.org","@graph":[{"@type":"Article","@id":"https:\/\/blog.holyart.it\/fr\/articles-religieux\/histoire-du-baldaquin-de-saint-pierre\/#article","isPartOf":{"@id":"https:\/\/blog.holyart.it\/fr\/articles-religieux\/histoire-du-baldaquin-de-saint-pierre\/"},"author":{"name":"Redazione","@id":"https:\/\/blog.holyart.it\/fr\/#\/schema\/person\/0a7b686e5af0f856ec1e390dd0baecda"},"headline":"Histoire du Baldaquin de Saint Pierre","datePublished":"2019-08-20T13:23:53+00:00","dateModified":"2025-05-06T10:49:48+00:00","mainEntityOfPage":{"@id":"https:\/\/blog.holyart.it\/fr\/articles-religieux\/histoire-du-baldaquin-de-saint-pierre\/"},"wordCount":1348,"publisher":{"@id":"https:\/\/blog.holyart.it\/fr\/#organization"},"image":{"@id":"https:\/\/blog.holyart.it\/fr\/articles-religieux\/histoire-du-baldaquin-de-saint-pierre\/#primaryimage"},"thumbnailUrl":"https:\/\/blog.holyart.it\/fr\/wp-content\/uploads\/sites\/14\/2019\/08\/Baldaquin-de-Saint-Pierre-Bernini.jpg","articleSection":["Religion"],"inLanguage":"fr-FR"},{"@type":"WebPage","@id":"https:\/\/blog.holyart.it\/fr\/articles-religieux\/histoire-du-baldaquin-de-saint-pierre\/","url":"https:\/\/blog.holyart.it\/fr\/articles-religieux\/histoire-du-baldaquin-de-saint-pierre\/","name":"Histoire du Baldaquin de Saint Pierre - Holyblog.fr","isPartOf":{"@id":"https:\/\/blog.holyart.it\/fr\/#website"},"primaryImageOfPage":{"@id":"https:\/\/blog.holyart.it\/fr\/articles-religieux\/histoire-du-baldaquin-de-saint-pierre\/#primaryimage"},"image":{"@id":"https:\/\/blog.holyart.it\/fr\/articles-religieux\/histoire-du-baldaquin-de-saint-pierre\/#primaryimage"},"thumbnailUrl":"https:\/\/blog.holyart.it\/fr\/wp-content\/uploads\/sites\/14\/2019\/08\/Baldaquin-de-Saint-Pierre-Bernini.jpg","datePublished":"2019-08-20T13:23:53+00:00","dateModified":"2025-05-06T10:49:48+00:00","description":"Le Baldaquin de Saint Pierre est un des monuments les plus spectaculaires qui puissent \u00eatre admir\u00e9s \u00e0 l\u2019int\u00e9rieur de la Basilique de Saint Pierre","breadcrumb":{"@id":"https:\/\/blog.holyart.it\/fr\/articles-religieux\/histoire-du-baldaquin-de-saint-pierre\/#breadcrumb"},"inLanguage":"fr-FR","potentialAction":[{"@type":"ReadAction","target":["https:\/\/blog.holyart.it\/fr\/articles-religieux\/histoire-du-baldaquin-de-saint-pierre\/"]}]},{"@type":"ImageObject","inLanguage":"fr-FR","@id":"https:\/\/blog.holyart.it\/fr\/articles-religieux\/histoire-du-baldaquin-de-saint-pierre\/#primaryimage","url":"https:\/\/blog.holyart.it\/fr\/wp-content\/uploads\/sites\/14\/2019\/08\/Baldaquin-de-Saint-Pierre-Bernini.jpg","contentUrl":"https:\/\/blog.holyart.it\/fr\/wp-content\/uploads\/sites\/14\/2019\/08\/Baldaquin-de-Saint-Pierre-Bernini.jpg","width":1000,"height":651,"caption":"Baldaquin de Saint Pierre Bernini"},{"@type":"BreadcrumbList","@id":"https:\/\/blog.holyart.it\/fr\/articles-religieux\/histoire-du-baldaquin-de-saint-pierre\/#breadcrumb","itemListElement":[{"@type":"ListItem","position":1,"name":"Homepage","item":"https:\/\/blog.holyart.it\/fr\/"},{"@type":"ListItem","position":2,"name":"Religion","item":"https:\/\/blog.holyart.it\/fr\/articles-religieux\/"},{"@type":"ListItem","position":3,"name":"Histoire du Baldaquin de Saint Pierre"}]},{"@type":"WebSite","@id":"https:\/\/blog.holyart.it\/fr\/#website","url":"https:\/\/blog.holyart.it\/fr\/","name":"Holyart.fr Blog","description":"Holyblog","publisher":{"@id":"https:\/\/blog.holyart.it\/fr\/#organization"},"potentialAction":[{"@type":"SearchAction","target":{"@type":"EntryPoint","urlTemplate":"https:\/\/blog.holyart.it\/fr\/?s={search_term_string}"},"query-input":{"@type":"PropertyValueSpecification","valueRequired":true,"valueName":"search_term_string"}}],"inLanguage":"fr-FR"},{"@type":"Organization","@id":"https:\/\/blog.holyart.it\/fr\/#organization","name":"Holyart.fr Blog","url":"https:\/\/blog.holyart.it\/fr\/","logo":{"@type":"ImageObject","inLanguage":"fr-FR","@id":"https:\/\/blog.holyart.it\/fr\/#\/schema\/logo\/image\/","url":"https:\/\/blog.holyart.it\/fr\/wp-content\/uploads\/sites\/14\/2022\/12\/Holyart_Blog_Logo.jpg","contentUrl":"https:\/\/blog.holyart.it\/fr\/wp-content\/uploads\/sites\/14\/2022\/12\/Holyart_Blog_Logo.jpg","width":300,"height":50,"caption":"Holyart.fr Blog"},"image":{"@id":"https:\/\/blog.holyart.it\/fr\/#\/schema\/logo\/image\/"}},{"@type":"Person","@id":"https:\/\/blog.holyart.it\/fr\/#\/schema\/person\/0a7b686e5af0f856ec1e390dd0baecda","name":"Redazione","image":{"@type":"ImageObject","inLanguage":"fr-FR","@id":"https:\/\/blog.holyart.it\/fr\/#\/schema\/person\/image\/","url":"https:\/\/secure.gravatar.com\/avatar\/f477da817f43e50d0af36abecd33e3edf826c68299714bdc1057dff3b113f516?s=96&d=mm&r=g","contentUrl":"https:\/\/secure.gravatar.com\/avatar\/f477da817f43e50d0af36abecd33e3edf826c68299714bdc1057dff3b113f516?s=96&d=mm&r=g","caption":"Redazione"},"url":"https:\/\/blog.holyart.it\/fr\/author\/admin\/"}]}},"_links":{"self":[{"href":"https:\/\/blog.holyart.it\/fr\/wp-json\/wp\/v2\/posts\/1801","targetHints":{"allow":["GET"]}}],"collection":[{"href":"https:\/\/blog.holyart.it\/fr\/wp-json\/wp\/v2\/posts"}],"about":[{"href":"https:\/\/blog.holyart.it\/fr\/wp-json\/wp\/v2\/types\/post"}],"author":[{"embeddable":true,"href":"https:\/\/blog.holyart.it\/fr\/wp-json\/wp\/v2\/users\/1"}],"replies":[{"embeddable":true,"href":"https:\/\/blog.holyart.it\/fr\/wp-json\/wp\/v2\/comments?post=1801"}],"version-history":[{"count":1,"href":"https:\/\/blog.holyart.it\/fr\/wp-json\/wp\/v2\/posts\/1801\/revisions"}],"predecessor-version":[{"id":10368,"href":"https:\/\/blog.holyart.it\/fr\/wp-json\/wp\/v2\/posts\/1801\/revisions\/10368"}],"wp:featuredmedia":[{"embeddable":true,"href":"https:\/\/blog.holyart.it\/fr\/wp-json\/wp\/v2\/media\/1802"}],"wp:attachment":[{"href":"https:\/\/blog.holyart.it\/fr\/wp-json\/wp\/v2\/media?parent=1801"}],"wp:term":[{"taxonomy":"category","embeddable":true,"href":"https:\/\/blog.holyart.it\/fr\/wp-json\/wp\/v2\/categories?post=1801"},{"taxonomy":"post_tag","embeddable":true,"href":"https:\/\/blog.holyart.it\/fr\/wp-json\/wp\/v2\/tags?post=1801"}],"curies":[{"name":"wp","href":"https:\/\/api.w.org\/{rel}","templated":true}]}}