{"id":1747,"date":"2019-07-23T15:41:20","date_gmt":"2019-07-23T13:41:20","guid":{"rendered":"https:\/\/blog.holyart.it\/fr\/?p=1747"},"modified":"2022-10-14T12:13:45","modified_gmt":"2022-10-14T10:13:45","slug":"la-tarte-entre-douceur-et-devotion","status":"publish","type":"post","link":"https:\/\/blog.holyart.it\/fr\/monasteres\/la-tarte-entre-douceur-et-devotion\/","title":{"rendered":"La tarte : entre douceur et d\u00e9votion"},"content":{"rendered":"<h4 style=\"text-align: center;\"><em>La tarte, une p\u00e2tisserie ancienne, mais toujours tr\u00e8s appr\u00e9ci\u00e9e par grands et petits, surtout quand elle est garnie avec confitures et marmelades de qualit\u00e9. D\u00e9couvrons ensemble son origine et les significations religieuses cach\u00e9es dans sa variante campanienne, typique de la p\u00e9riode pascale : la pastiera napolitaine.<\/em><\/h4>\n<h2>La tradition et l\u2019histoire d\u2019une p\u00e2tisserie italienne<\/h2>\n<p>Combien de p\u00e2tisseries peuvent se vanter d\u2019avoir une origine l\u00e9gendaire ? Pas beaucoup. Et la tarte peut s\u2019en vanter pour deux\u00a0! En effet, ce dessert typique de la tradition italienne, compos\u00e9e d\u2019une base de gourmande p\u00e2te sabl\u00e9e sur laquelle on \u00e9tale une couche abondante de confiture, marmelade, cr\u00e8me ou de fruits frais et qu\u2019on recouvre ensuite de fines bandes de p\u00e2te sabl\u00e9e tress\u00e9es, est la protagoniste de plus d\u2019une l\u00e9gende populaire. Des l\u00e9gendes qu\u2019elle partage avec une autre p\u00e2tisserie typiquement italienne, qui en r\u00e9alit\u00e9 n\u2019est qu\u2019une variante de la tarte\u00a0: la <em>pastiera<\/em> napolitaine, une tarte dont la farce est compos\u00e9e d\u2019un riche m\u00e9lange de ricotta, fruits confits, sucre, \u0153ufs et bl\u00e9 cuit dans le lait.<\/p>\n<p>La premi\u00e8re l\u00e9gende sur l\u2019origine de la tarte raconte l\u2019histoire d\u2019une magnifique sir\u00e8ne qui avait \u00e9lu domicile dans le Golfe de Naples et qui a chaque printemps enchantait les habitants de la c\u00f4te avec son chant suave. Pour la remercier de tant de beaut\u00e9, les habitants lui envoy\u00e8rent sept jeunes filles, chacune venant avec un don tr\u00e8s pr\u00e9cieux\u00a0: de la farine, de la ricotta, des \u0153ufs, du bl\u00e9 bouilli dans le lait, de l\u2019eau de fleurs d\u2019oranger, des \u00e9pices et du sucre. La sir\u00e8ne accepta avec joie ces dons et les amena devant les dieux, qui en cr\u00e9\u00e8rent une p\u00e2tisserie merveilleuse, dont elle voulut faire cadeau aux g\u00e9n\u00e9reux habitants. Si nous examinons chaque ingr\u00e9dient mentionn\u00e9 dans la l\u00e9gende, nous d\u00e9couvrons facilement qu\u2019ils se pr\u00eatent \u00e0 diff\u00e9rentes interpr\u00e9tations et qu\u2019ils peuvent \u00eatre facilement reli\u00e9s \u00e0 la tradition chr\u00e9tienne. En effet, la ricotta et le sucre renvoient facilement au lait et au miel, typiques <strong>offres votives<\/strong> des premi\u00e8res c\u00e9r\u00e9monies chr\u00e9tiennes. L\u2019\u0153uf a depuis toujours eu une profonde valeur symbolique de <strong>renaissance<\/strong> et, dans le contexte chr\u00e9tien, de r\u00e9surrection, et, uni \u00e0 l\u2019eau de fleurs d\u2019oranger, il symbolise le retour au printemps et le <strong>triomphe de la vie<\/strong>. Donc, m\u00eame si la l\u00e9gende se passe dans une \u00e9poque pr\u00e9chr\u00e9tienne, les renvois au christianisme nous r\u00e9v\u00e8le une r\u00e9alit\u00e9 bien diff\u00e9rente.<\/p>\n<p>Mais prenons une autre l\u00e9gende. Des p\u00eacheurs \u00e9taient rest\u00e9s bloqu\u00e9s en mer sans pouvoir rentrer au port \u00e0 cause d\u2019une temp\u00eate soudaine. Une fois rentr\u00e9s \u00e0 la maison, interrog\u00e9s sur comment ils avaient pu survivre en mer, ils r\u00e9pondirent avoir mang\u00e9 la \u00ab\u00a0Pasta di Ieri\u00a0\u00bb (\u00ab\u00a0P\u00e2te d\u2019hier\u00a0\u00bb, d\u2019o\u00f9 \u00ab\u00a0pastiera\u00a0\u00bb), faite de ricotta, \u0153ufs, bl\u00e9 et \u00e9pices. Dans ce cas-ci aussi, la Pastiera peut \u00eatre interpr\u00e9t\u00e9e comme un <strong>symbole de renaissance<\/strong>, puisqu\u2019elle a sauv\u00e9 la vie des quatre p\u00eacheurs. Un v\u00e9ritable dessert de conte de f\u00e9es\u00a0!<\/p>\n<p>En restant sur un plan moins f\u00e9erique, d\u00e9j\u00e0 apr\u00e8s l\u2019an Mille \u00e0 Venise il existait une recette \u00e0 base de p\u00e2te sabl\u00e9e qui pourrait \u00eatre compar\u00e9e \u00e0 la tarte. Pour la r\u00e9aliser, on utilisait du sucre import\u00e9 d\u2019Orient. La premi\u00e8re recette officielle fut par contre ins\u00e9r\u00e9e dans un trait\u00e9 de cuisine du XIV si\u00e8cle par Guillaume Tirel, connu sous le pseudonyme de Taillevent, le c\u00e9l\u00e8bre chef cuisinier fran\u00e7ais qui fut au service de Philippe VI, Charles V et Charles VI, et auteur du c\u00e9l\u00e8bre manuscrit de cuisine \u00ab\u00a0Le Viandier\u00a0\u00bb.<\/p>\n<p>La naissance de la pastiera moderne est par contre attribu\u00e9e \u00e0 une s\u0153ur du couvent de San Gregorio Armeno (Naples), qui utilisa en premi\u00e8re les ingr\u00e9dients pr\u00e9vus pour cette p\u00e2tisserie, en s\u2019inspirant peut-\u00eatre d\u2019une recette pr\u00e9c\u00e9dente. Comme vous l\u2019imaginez, c\u2019est \u00e0 elle qu\u2019on doit la profonde <strong>signification mystique<\/strong> assum\u00e9e par la pastiera, celle qui en a fait un dessert pascal par excellence, c\u2019est-\u00e0-dire la <strong>R\u00e9surrection de Christ<\/strong>. Pour cette raison, la pastiera est pr\u00e9par\u00e9e le Vendredi Saint et consomm\u00e9e le jour de <a href=\"https:\/\/www.holyart.fr\/occasions-speciales\/paques-et-careme\"><strong>P\u00e2ques<\/strong><\/a>.<\/p>\n<p>Nous aimons penser que le m\u00e9rite de la cr\u00e9ation d\u2019une si bonne et irr\u00e9sistible p\u00e2tisserie aille \u00e0 une s\u0153ur. Du reste, les s\u0153urs sont connues pour avoir toujours \u00e9t\u00e9 occup\u00e9es \u00e0 des t\u00e2ches qui vont bien au-del\u00e0 de prier et m\u00e9diter. Au contraire, dans les travaux manuels, m\u00eame lourds, elles n\u2019ont jamais eu rien \u00e0 envier aux moines.<\/p>\n<p>Les <strong>travaux<\/strong> <strong>artisanaux<\/strong> des s\u0153urs aussi ont \u00e9t\u00e9 et sont toujours c\u00e9l\u00e8bres et appr\u00e9ci\u00e9s.<br \/>\nPensons au monast\u00e8re de Caux, en France, qui accueille l\u2019<strong>atelier d\u2019art de Bethl\u00e9em<\/strong>. Ici les moines de la section masculine s\u2019occupent de r\u00e9aliser des sculpture en bois, tandis que les s\u0153urs s\u2019occupent de la peinture et de la reproduction d\u2019\u0153uvres en poudre de pierre pyr\u00e9n\u00e9enne (Dolomites).<\/p>\n<figure id=\"attachment_1749\" aria-describedby=\"caption-attachment-1749\" style=\"width: 300px\" class=\"wp-caption alignleft\"><img loading=\"lazy\" decoding=\"async\" class=\"alignleft size-medium wp-image-1749\" src=\"https:\/\/blog.holyart.it\/fr\/wp-content\/uploads\/sites\/14\/2019\/07\/carmelites-dechaussees-300x200.jpg\" alt=\"carmelites dechaussees\" width=\"300\" height=\"200\" \/><figcaption id=\"caption-attachment-1749\" class=\"wp-caption-text\"><center><strong><a href=\"https:\/\/www.holyart.fr\/blog\/monasteres\/lordre-moniales-carmelites-dechaussees\/\">L\u2019ordre des moniales Carm\u00e9lites d\u00e9chauss\u00e9es<\/a><\/strong><br \/><a href=\"https:\/\/www.holyart.fr\/blog\/monasteres\/lordre-moniales-carmelites-dechaussees\/\"><button class=\"bottoneacquista\" style=\"vertical-align: middle;\">Acheter sur Holyart<\/button><\/a><\/center><\/figcaption><\/figure>\n<p>Pensons aussi aux Carm\u00e9lites d\u00e9chauss\u00e9es qui, m\u00eame en \u00e9tant des religieuses clo\u00eetr\u00e9es qui se d\u00e9dient principalement \u00e0 la pri\u00e8re contemplative, rythment le temps entre pri\u00e8re et travail \u00e0 la maison, au potager, au verger. Certaines d\u2019entre elles produisent de <strong>d\u00e9licieuses confitures et marmelades<\/strong> et d\u2019autres produits tir\u00e9s des cultures et des vergers, vendus ensuite dans le magasin du monast\u00e8re, distribu\u00e9s dans certains magasins italiens et parfois m\u00eame vendus en ligne, en contribuant ainsi \u00e0 la subsistance et \u00e0 la gestion du monast\u00e8re.<\/p>\n<p>Et pour ce qui est des <a href=\"https:\/\/www.holyart.fr\/produits-des-monasteres\"><strong>produits des monast\u00e8res<\/strong><\/a>, les confitures et les marmelades occupent un espace tr\u00e8s important du magasin en ligne d\u2019Holyart.<\/p>\n<h2>Produits des monast\u00e8res en ligne \u2013 Confitures et marmelades<\/h2>\n<p>Il s\u2019agit bien \u00e9videmment de confitures produites avec soin et selon d\u2019anciennes recettes, comme celles confectionn\u00e9es par les Carm\u00e9lites d\u00e9chauss\u00e9es, en effet. Toutes les phases de r\u00e9alisations, de la cueillette \u00e0 la cuisson et au conditionnement, suivent des m\u00e9thodes artisanales, pour un r\u00e9sultat naturel et savoureux. Dans le catalogue Holyart, vous trouverez <a href=\"https:\/\/www.holyart.fr\/produits-des-monasteres\/confitures-et-marmelades\"><strong>46 types de confitures et marmelades diff\u00e9rentes<\/strong><\/a>, des saveurs plus traditionnelles aux plus originales, comme celle aux tomates vertes et aux fruits d\u2019automne. Toutes les confitures, marmelades et compotes de fruits de notre magasin en ligne sont travaill\u00e9es selon une m\u00e9thode traditionnelle, en partant de mati\u00e8res premi\u00e8res de tr\u00e8s haute qualit\u00e9, sans aucun additif. Elles sont produites avec conscience et responsabilit\u00e9 par les nonnes et les moines avec la plus grande attention pour la sant\u00e9 et la satisfaction des clients. Il s\u2019agit de produit 100% naturels, savoureux, simples et authentiques.<\/p>\n<div class=\"sp-styles-warning\" style=\"width: 450px; background-color: #FFF; color: #F00; border: 1px solid #F00; padding: 10px; font-size: 14px;\">\n\t\t\t<span style=\"font-weight: bold;\">Warning: The stylesheets were not loaded!<\/span> \n\t\t\tYou will need to change the <i>Load stylesheets<\/i> setting from <i>Automatically<\/i> to <i>On homepage<\/i> or <i>On all pages<\/i>. \n\t\t\tYou can set that <a style=\"text-decoration: underline; color: #F00;\" href=\"https:\/\/blog.holyart.it\/fr\/wp-admin\/admin.php?page=sliderpro-settings\">here<\/a>.\n\t\t\t<\/div>\r\n<div id=\"slider-pro-18\" class=\"slider-pro sp-no-js\" style=\"width: 500px; height: 500px;\">\r\n\t<div class=\"sp-slides\">\r\n\t\t\r\n\t\t<div class=\"sp-slide\">\r\n\t\t\t<img loading=\"lazy\" decoding=\"async\" class=\"sp-image\" src=\"https:\/\/blog.holyart.it\/fr\/wp-content\/uploads\/sites\/14\/2019\/07\/Confiture-extra-de-groseilles-400-gr-Trappistines-Vitorchiano.jpg\" alt=\"Confiture extra de groseilles 400 gr, Trappistines Vitorchiano\" width=\"500\" height=\"500\" \/>\r\n\t\t\t<div class=\"sp-thumbnail\"><img decoding=\"async\" src=\"https:\/\/blog.holyart.it\/fr\/wp-content\/uploads\/sites\/14\/2019\/07\/Confiture-extra-de-groseilles-400-gr-Trappistines-Vitorchiano-150x150.jpg\" \/>\r\n\t\t\t<\/div>\r\n\t\t\t<div class=\"sp-caption\">Confiture extra de groseilles 400 gr, Trappistines de Vitorchiano.\nConfiture Extra aux groseilles avec 80% de fruits.\nElle contient 62 gr des fruits tout les 100 gr. de produit.\nCette confiture est un produit naturel au 100% et sain car il est r\u00e9alis\u00e9 sans pectine ni colorants et conservateurs.\nLa confiture de groseilles est produite selon l'ancienne recette et avec fruits bien s\u00e9lectionn\u00e9s.\nLes fruits sont cueillis, travaill\u00e9s et faits cuire selon des techniques artisanales afin d'obtenir un go\u00fbt fin et d\u00e9licat. \n<br \/><strong><span style=\"color: #0000ff;font-size:18px\"><a style=\"color: #0000ff\" href=\"https:\/\/www.holyart.fr\/produits-des-monasteres\/confitures-et-marmelades\/confiture-extra-de-groseilles-400-gr-trappistines-vitorchiano\">Acheter sur Holyart<\/a><\/span><\/strong><\/div>\r\n\t\t<\/div>\r\n\t\t<div class=\"sp-slide\">\r\n\t\t\t<img loading=\"lazy\" decoding=\"async\" class=\"sp-image\" src=\"https:\/\/blog.holyart.it\/fr\/wp-content\/uploads\/sites\/14\/2019\/07\/Cr\u00e8me-de-marrons-400gr-Trappistines-Vitorchiano.jpg\" alt=\"Cr\u00e8me de marrons 400gr, Trappistines Vitorchiano\" width=\"500\" height=\"500\" \/>\r\n\t\t\t<div class=\"sp-thumbnail\"><img decoding=\"async\" src=\"https:\/\/blog.holyart.it\/fr\/wp-content\/uploads\/sites\/14\/2019\/07\/Cr\u00e8me-de-marrons-400gr-Trappistines-Vitorchiano-150x150.jpg\" \/>\r\n\t\t\t<\/div>\r\n\t\t\t<div class=\"sp-caption\">Cr\u00e8me de marrons produite par les soeurs Trappistines de Vitorchiano. Elle contient 45 gr de fruits tout les 100 gr. de produit.\nCette cr\u00e8me est un produit naturel au 100% et sain car il est r\u00e9alis\u00e9 sans pectine ni colorants et conservateurs.\nLa cr\u00e8me de marrons est produite selon l'ancienne recette et avec fruits bien s\u00e9lectionn\u00e9s.\nLes fruits sont cueillis, travaill\u00e9s et faits cuire selon des techniques artisanales afin d'obtenir un go\u00fbt fin et d\u00e9licat. \n<br \/><strong><span style=\"color: #0000ff;font-size:18px\"><a style=\"color: #0000ff\" href=\"https:\/\/www.holyart.fr\/produits-des-monasteres\/confitures-et-marmelades\/creme-de-marrons-400gr-trappistines-vitorchiano\">Acheter sur Holyart<\/a><\/span><\/strong><\/div>\r\n\t\t<\/div>\r\n\t\t<div class=\"sp-slide\">\r\n\t\t\t<img loading=\"lazy\" decoding=\"async\" class=\"sp-image\" src=\"https:\/\/blog.holyart.it\/fr\/wp-content\/uploads\/sites\/14\/2019\/07\/Confiture-pommes-citron-400gr-Trappistines-Vitorchiano.jpg\" alt=\"Confiture pommes citron, 400gr, Trappistines Vitorchiano\" width=\"500\" height=\"500\" \/>\r\n\t\t\t<div class=\"sp-thumbnail\"><img decoding=\"async\" src=\"https:\/\/blog.holyart.it\/fr\/wp-content\/uploads\/sites\/14\/2019\/07\/Confiture-pommes-citron-400gr-Trappistines-Vitorchiano-150x150.jpg\" \/>\r\n\t\t\t<\/div>\r\n\t\t\t<div class=\"sp-caption\">Confiture aux pommes et citron produite par les soeurs Trappistines de Vitorchiano, avec 60 gr de fruits pour 100 gr de produit.\nCette confiture est un produit naturel au 100% et sain car il est r\u00e9alis\u00e9 sans pectine ni colorants et conservateurs.\nLa confiture de pommes et citron est produite selon l'ancienne recette et avec fruits bien s\u00e9lectionn\u00e9s.\nLes fruits sont cueillis, travaill\u00e9s et faits cuire selon des techniques artisanales afin d'obtenir un go\u00fbt fin et d\u00e9licat. \n<br \/><strong><span style=\"color: #0000ff;font-size:18px\"><a style=\"color: #0000ff\" href=\"https:\/\/www.holyart.fr\/produits-des-monasteres\/confitures-et-marmelades\/confiture-pommes-citron-400gr-trappistines-vitorchiano\">Acheter sur Holyart<\/a><\/span><\/strong><\/div>\r\n\t\t<\/div>\r\n\t\t<div class=\"sp-slide\">\r\n\t\t\t<img loading=\"lazy\" decoding=\"async\" class=\"sp-image\" src=\"https:\/\/blog.holyart.it\/fr\/wp-content\/uploads\/sites\/14\/2019\/07\/Confiture-tomates-vertes-400gr-Trappistines-Vitorchiano.jpg\" alt=\"Confiture tomates vertes 400gr Trappistines Vitorchiano\" width=\"500\" height=\"500\" \/>\r\n\t\t\t<div class=\"sp-thumbnail\"><img decoding=\"async\" src=\"https:\/\/blog.holyart.it\/fr\/wp-content\/uploads\/sites\/14\/2019\/07\/Confiture-tomates-vertes-400gr-Trappistines-Vitorchiano-150x150.jpg\" \/>\r\n\t\t\t<\/div>\r\n\t\t\t<div class=\"sp-caption\">Confiture tomates vertes \u00e0 servir avec les fromages, produite par les soeurs Trappistines de Vitorchiano.\nElle contient 80 gr de tomates pour 100 gr. de produit final. Cette confiture extra est un produit naturel au 100% et sain car il est r\u00e9alis\u00e9 sans pectine ni colorants et conservateurs.\nLa confiture aux tomates vertes est produite selon l'ancienne recette et avec fruits bien s\u00e9lectionn\u00e9s.\nLes fruits sont cueillis, travaill\u00e9s et faits cuire selon des techniques artisanales afin d'obtenir un go\u00fbt fin et d\u00e9licat. \n<br \/><strong><span style=\"color: #0000ff;font-size:18px\"><a style=\"color: #0000ff\" href=\"https:\/\/www.holyart.fr\/produits-des-monasteres\/confitures-et-marmelades\/confiture-tomates-vertes-400gr-trappistines-vitorchiano\">Acheter sur Holyart<\/a><\/span><\/strong><\/div>\r\n\t\t<\/div>\r\n\t\t<div class=\"sp-slide\">\r\n\t\t\t<img loading=\"lazy\" decoding=\"async\" class=\"sp-image\" src=\"https:\/\/blog.holyart.it\/fr\/wp-content\/uploads\/sites\/14\/2019\/07\/Confiture-extra-p\u00eaches-400-gr-Trappistines-Vitorchiano.jpg\" alt=\"Confiture extra p\u00eaches 400 gr Trappistines Vitorchiano\" width=\"500\" height=\"500\" \/>\r\n\t\t\t<div class=\"sp-thumbnail\"><img decoding=\"async\" src=\"https:\/\/blog.holyart.it\/fr\/wp-content\/uploads\/sites\/14\/2019\/07\/Confiture-extra-p\u00eaches-400-gr-Trappistines-Vitorchiano-150x150.jpg\" \/>\r\n\t\t\t<\/div>\r\n\t\t\t<div class=\"sp-caption\">Confiture extra p\u00eaches 400 gr Trappistines Vitorchiano.\nConfiture extra de p\u00eaches, cette confiture contient 80 gr de fruits pour 100 gr. de produit final.\nCette confiture extra est un produit naturel au 100% et sain car il est r\u00e9alis\u00e9 sans pectine ni colorants et conservateurs.\nLa confiture extra de p\u00eaches est produite selon l'ancienne recette et avec fruits bien s\u00e9lectionn\u00e9s.\nLes fruits sont cueillis, travaill\u00e9s et faits cuire selon des techniques artisanales afin d'obtenir un go\u00fbt fin et d\u00e9licat. \n<br \/><strong><span style=\"color: #0000ff;font-size:18px\"><a style=\"color: #0000ff\" href=\"https:\/\/www.holyart.fr\/produits-des-monasteres\/confitures-et-marmelades\/confiture-extra-peches-400-gr-trappistines-vitorchiano\">Acheter sur Holyart<\/a><\/span><\/strong><\/div>\r\n\t\t<\/div>\r\n\t<\/div>\r\n<\/div>\n<h2>Mais quelle est la diff\u00e9rence entre confitures et marmelades ?<\/h2>\n<p><img loading=\"lazy\" decoding=\"async\" class=\"aligncenter size-full wp-image-1760\" src=\"https:\/\/blog.holyart.it\/fr\/wp-content\/uploads\/sites\/14\/2019\/07\/confitures-et-marmelades.jpg\" alt=\"confitures et marmelades\" width=\"1000\" height=\"562\" \/><\/p>\n<p>La diff\u00e9rence entre confiture et marmelade a \u00e9t\u00e9 d\u00e9cr\u00e9t\u00e9e par la directive europ\u00e9enne n.79\/693 de 1979, qui r\u00e8gle la production et la vente des confitures, des marmelades, des gel\u00e9es de fruits et de la cr\u00e8me de marrons.<br \/>\nDans cette directive, on \u00e9tablit que la <strong>marmelade<\/strong> est un produit fait de sucres, pulpes, jus, pur\u00e9es, extraits aqueux et \u00e9corces obtenues uniquement des <strong>agrumes<\/strong>. Pour pr\u00e9parer 1 kg de produit fini, la quantit\u00e9 d\u2019agrumes utilis\u00e9es ne doit pas \u00eatre inf\u00e9rieure \u00e0 200 g, dont au moins 75 g doivent provenir de l\u2019endocarpe, i.e. les quartiers entour\u00e9s de leur pellicule caract\u00e9ristique et qui contiennent jus et p\u00e9pins.<br \/>\nLa <strong>confiture<\/strong> par contre, toujours selon cette directive, est r\u00e9alis\u00e9e en utilisant du sucre et de la pulpe (ou pur\u00e9e) de <strong>tous les autres types de fruits<\/strong>. Elle peut \u00eatre produite avec un seul type de fruit ou plusieurs. Pour produire 1 kg de produit fini, la quantit\u00e9 de pulpe ou de pur\u00e9e de fruits utilis\u00e9e doit \u00eatre d\u2019au moins 350 g en g\u00e9n\u00e9ral, avec des diff\u00e9rences pour certains fruits comme le cassis, le gingembre ou les coings.<\/p>\n<h2>Et maintenant pr\u00e9parons une belle tarte !<\/h2>\n<figure id=\"attachment_1761\" aria-describedby=\"caption-attachment-1761\" style=\"width: 250px\" class=\"wp-caption alignright\"><img loading=\"lazy\" decoding=\"async\" class=\"wp-image-1761\" src=\"https:\/\/blog.holyart.it\/fr\/wp-content\/uploads\/sites\/14\/2019\/07\/tarte-150x150.jpg\" alt=\"tarte\" width=\"250\" height=\"333\" \/><figcaption id=\"caption-attachment-1761\" class=\"wp-caption-text\"><center><strong><a href=\"https:\/\/www.holyart.fr\/produits-des-monasteres\/confitures-et-marmelades\">Essayez vous-m\u00eame de faire une tarte d\u00e9licieuse!<\/a><\/strong><br \/><a href=\"https:\/\/www.holyart.fr\/produits-des-monasteres\/confitures-et-marmelades\"><button class=\"bottoneacquista\" style=\"vertical-align: middle;\">Acheter sur Holyart<\/button><\/a><\/center><\/figcaption><\/figure>\n<p>Maintenant que nous connaissons les origines de la tarte et que nous savons o\u00f9 nous procurer les confitures et les marmelades les plus go\u00fbteuses avec lesquelles l\u2019agr\u00e9menter, pourquoi ne pas essayer d\u2019en pr\u00e9parer \u00e0 la maison ? Voici une recette traditionnelle et simple qui vous permettra de d\u00e9guster une tarte traditionnelle en quelques \u00e9tapes. Naturellement, c\u2019est \u00e0 vous de choisir les ingr\u00e9dients les plus naturels et authentiques\u00a0!<\/p>\n<p>Ingr\u00e9dients :<\/p>\n<ul>\n<li>300 g de farine blanche<\/li>\n<li>150 g de sucre<\/li>\n<li>100 g de beurre froid<\/li>\n<li>1 \u0153uf<\/li>\n<li>1 jaune d\u2019\u0153uf<\/li>\n<li>1 c. \u00e0 c. de levure chimique<\/li>\n<li>1 pinc\u00e9e de sel<\/li>\n<li>1 pot de marmelade ou de confiture<\/li>\n<\/ul>\n<p>Dans une grand bol, versez la farine, la levure, le sucre et le sel et m\u00e9langez-les bien ensemble.<br \/>\nAjoutez le beurre encore froid en petits morceaux et travaillez le m\u00e9lange d\u2019ingr\u00e9dients avec la pointe des doigts jusqu\u2019\u00e0 obtenir une p\u00e2te sabl\u00e9e.<br \/>\nAjoutez l\u2019\u0153uf entier et le jaune d\u2019\u0153uf et continuer \u00e0 p\u00e9trir votre p\u00e2te jusqu\u2019\u00e0 ce qu\u2019elle soit lisse et homog\u00e8ne. Attention \u00e0 ne pas la travailler trop longtemps ou elle deviendra molle et collante\u00a0!<br \/>\nFormez une boule de p\u00e2te, couvrez la de film alimentaire et mettez-la reposer au r\u00e9frig\u00e9rateur pendant au moins une demi-heure.<br \/>\nApr\u00e8s avoir sorti la p\u00e2te du frigo, \u00e9talez-en les deux tiers sur une feuille de papier sulfuris\u00e9 afin d\u2019obtenir un disque d\u2019environ 3-4 mm d\u2019\u00e9paisseur et de 30 cm de diam\u00e8tre. Quand vous aurez cr\u00e9\u00e9 votre cercle, soulevez d\u00e9licatement le papier et d\u00e9posez-le dans une moule \u00e0 tarte de 24 cm de diam\u00e8tre, avec un bord de 3 cm de hauteur. Les bords devront \u00eatre bien d\u00e9finis et l\u2019exc\u00e9dent de p\u00e2te coup\u00e9.<br \/>\nPercez le fond de la tarte avec une fourchette et \u00e9talez-y ensuite la marmelade ou la confiture que vous avez choisi.<br \/>\nPrenez maintenant la p\u00e2te que vous aviez mis de c\u00f4t\u00e9 et, \u00e9ventuellement, les parties d\u00e9coup\u00e9es des bords, et \u00e9talez le tout. Coupez ensuite avec une roulette lisse ou dentel\u00e9e des bandes d\u2019environ 2 cm de large de p\u00e2te, avec lesquelles vous allez d\u00e9corer le bord ext\u00e9rieur de la tarte et cr\u00e9er la traditionnelle grille qui d\u00e9corera la farce.<br \/>\nMettez votre tarte au four pr\u00e9chauff\u00e9 \u00e0 180\u00b0 C, chaleur tournante, pendant 30 minutes. Quand la surface sera dor\u00e9e, sortez votre dessert du four et laissez-le refroidir dans son moule.<br \/>\nPour obtenir une tarte plus friable, vous pouvez utiliser 250 g de farine blanche et y ajouter 30 g de ma\u00efzena. En outre, vous pouvez utiliser 120 g de beurre au lieu de 100 et 100 g de sucre au lieu de 150 g. D\u00e9gustez-la en bonne compagnie !<\/p>\n","protected":false},"excerpt":{"rendered":"<p>La tarte, une p\u00e2tisserie ancienne, mais toujours tr\u00e8s appr\u00e9ci\u00e9e par grands et petits, surtout quand elle est garnie avec confitures et marmelades de qualit\u00e9. D\u00e9couvrons ensemble son origine et les significations religieuses cach\u00e9es dans sa variante campanienne, typique de la p\u00e9riode pascale : la pastiera&hellip;<\/p>\n","protected":false},"author":1,"featured_media":1748,"comment_status":"closed","ping_status":"open","sticky":false,"template":"","format":"standard","meta":{"_acf_changed":false,"footnotes":""},"categories":[11],"tags":[],"class_list":["post-1747","post","type-post","status-publish","format-standard","has-post-thumbnail","hentry","category-monasteres"],"acf":[],"yoast_head":"<!-- This site is optimized with the Yoast SEO plugin v26.6 - https:\/\/yoast.com\/wordpress\/plugins\/seo\/ -->\n<title>La tarte : entre douceur et d\u00e9votion - Holyblog.fr<\/title>\n<meta name=\"description\" content=\"La tarte, une p\u00e2tisserie ancienne, mais toujours tr\u00e8s appr\u00e9ci\u00e9e par grands et petits, surtout quand elle est garnie avec confitures et marmelades de qualit\u00e9\" \/>\n<meta name=\"robots\" content=\"index, follow, max-snippet:-1, max-image-preview:large, max-video-preview:-1\" \/>\n<link rel=\"canonical\" href=\"https:\/\/blog.holyart.it\/fr\/monasteres\/la-tarte-entre-douceur-et-devotion\/\" \/>\n<meta property=\"og:locale\" content=\"fr_FR\" \/>\n<meta property=\"og:type\" content=\"article\" \/>\n<meta property=\"og:title\" content=\"La tarte : entre douceur et d\u00e9votion - Holyblog.fr\" \/>\n<meta property=\"og:description\" content=\"La tarte, une p\u00e2tisserie ancienne, mais toujours tr\u00e8s appr\u00e9ci\u00e9e par grands et petits, surtout quand elle est garnie avec confitures et marmelades de qualit\u00e9\" \/>\n<meta property=\"og:url\" content=\"https:\/\/blog.holyart.it\/fr\/monasteres\/la-tarte-entre-douceur-et-devotion\/\" \/>\n<meta property=\"og:site_name\" content=\"Holyart.fr Blog\" \/>\n<meta property=\"article:published_time\" content=\"2019-07-23T13:41:20+00:00\" \/>\n<meta property=\"article:modified_time\" content=\"2022-10-14T10:13:45+00:00\" \/>\n<meta property=\"og:image\" content=\"https:\/\/blog.holyart.it\/fr\/wp-content\/uploads\/sites\/14\/2019\/07\/La-tarte.jpg\" \/>\n\t<meta property=\"og:image:width\" content=\"1000\" \/>\n\t<meta property=\"og:image:height\" content=\"666\" \/>\n\t<meta property=\"og:image:type\" content=\"image\/jpeg\" \/>\n<meta name=\"author\" content=\"Redazione\" \/>\n<meta name=\"twitter:card\" content=\"summary_large_image\" \/>\n<meta name=\"twitter:label1\" content=\"\u00c9crit par\" \/>\n\t<meta name=\"twitter:data1\" content=\"Redazione\" \/>\n\t<meta name=\"twitter:label2\" content=\"Dur\u00e9e de lecture estim\u00e9e\" \/>\n\t<meta name=\"twitter:data2\" content=\"10 minutes\" \/>\n<script type=\"application\/ld+json\" class=\"yoast-schema-graph\">{\"@context\":\"https:\/\/schema.org\",\"@graph\":[{\"@type\":\"Article\",\"@id\":\"https:\/\/blog.holyart.it\/fr\/monasteres\/la-tarte-entre-douceur-et-devotion\/#article\",\"isPartOf\":{\"@id\":\"https:\/\/blog.holyart.it\/fr\/monasteres\/la-tarte-entre-douceur-et-devotion\/\"},\"author\":{\"name\":\"Redazione\",\"@id\":\"https:\/\/blog.holyart.it\/fr\/#\/schema\/person\/0a7b686e5af0f856ec1e390dd0baecda\"},\"headline\":\"La tarte : entre douceur et d\u00e9votion\",\"datePublished\":\"2019-07-23T13:41:20+00:00\",\"dateModified\":\"2022-10-14T10:13:45+00:00\",\"mainEntityOfPage\":{\"@id\":\"https:\/\/blog.holyart.it\/fr\/monasteres\/la-tarte-entre-douceur-et-devotion\/\"},\"wordCount\":1916,\"publisher\":{\"@id\":\"https:\/\/blog.holyart.it\/fr\/#organization\"},\"image\":{\"@id\":\"https:\/\/blog.holyart.it\/fr\/monasteres\/la-tarte-entre-douceur-et-devotion\/#primaryimage\"},\"thumbnailUrl\":\"https:\/\/blog.holyart.it\/fr\/wp-content\/uploads\/sites\/14\/2019\/07\/La-tarte.jpg\",\"articleSection\":[\"Monast\u00e8res et confr\u00e9ries\"],\"inLanguage\":\"fr-FR\"},{\"@type\":\"WebPage\",\"@id\":\"https:\/\/blog.holyart.it\/fr\/monasteres\/la-tarte-entre-douceur-et-devotion\/\",\"url\":\"https:\/\/blog.holyart.it\/fr\/monasteres\/la-tarte-entre-douceur-et-devotion\/\",\"name\":\"La tarte : entre douceur et d\u00e9votion - Holyblog.fr\",\"isPartOf\":{\"@id\":\"https:\/\/blog.holyart.it\/fr\/#website\"},\"primaryImageOfPage\":{\"@id\":\"https:\/\/blog.holyart.it\/fr\/monasteres\/la-tarte-entre-douceur-et-devotion\/#primaryimage\"},\"image\":{\"@id\":\"https:\/\/blog.holyart.it\/fr\/monasteres\/la-tarte-entre-douceur-et-devotion\/#primaryimage\"},\"thumbnailUrl\":\"https:\/\/blog.holyart.it\/fr\/wp-content\/uploads\/sites\/14\/2019\/07\/La-tarte.jpg\",\"datePublished\":\"2019-07-23T13:41:20+00:00\",\"dateModified\":\"2022-10-14T10:13:45+00:00\",\"description\":\"La tarte, une p\u00e2tisserie ancienne, mais toujours tr\u00e8s appr\u00e9ci\u00e9e par grands et petits, surtout quand elle est garnie avec confitures et marmelades de qualit\u00e9\",\"breadcrumb\":{\"@id\":\"https:\/\/blog.holyart.it\/fr\/monasteres\/la-tarte-entre-douceur-et-devotion\/#breadcrumb\"},\"inLanguage\":\"fr-FR\",\"potentialAction\":[{\"@type\":\"ReadAction\",\"target\":[\"https:\/\/blog.holyart.it\/fr\/monasteres\/la-tarte-entre-douceur-et-devotion\/\"]}]},{\"@type\":\"ImageObject\",\"inLanguage\":\"fr-FR\",\"@id\":\"https:\/\/blog.holyart.it\/fr\/monasteres\/la-tarte-entre-douceur-et-devotion\/#primaryimage\",\"url\":\"https:\/\/blog.holyart.it\/fr\/wp-content\/uploads\/sites\/14\/2019\/07\/La-tarte.jpg\",\"contentUrl\":\"https:\/\/blog.holyart.it\/fr\/wp-content\/uploads\/sites\/14\/2019\/07\/La-tarte.jpg\",\"width\":1000,\"height\":666,\"caption\":\"La tarte\"},{\"@type\":\"BreadcrumbList\",\"@id\":\"https:\/\/blog.holyart.it\/fr\/monasteres\/la-tarte-entre-douceur-et-devotion\/#breadcrumb\",\"itemListElement\":[{\"@type\":\"ListItem\",\"position\":1,\"name\":\"Homepage\",\"item\":\"https:\/\/blog.holyart.it\/fr\/\"},{\"@type\":\"ListItem\",\"position\":2,\"name\":\"Monast\u00e8res et confr\u00e9ries\",\"item\":\"https:\/\/blog.holyart.it\/fr\/monasteres\/\"},{\"@type\":\"ListItem\",\"position\":3,\"name\":\"La tarte : entre douceur et d\u00e9votion\"}]},{\"@type\":\"WebSite\",\"@id\":\"https:\/\/blog.holyart.it\/fr\/#website\",\"url\":\"https:\/\/blog.holyart.it\/fr\/\",\"name\":\"Holyart.fr Blog\",\"description\":\"Holyblog\",\"publisher\":{\"@id\":\"https:\/\/blog.holyart.it\/fr\/#organization\"},\"potentialAction\":[{\"@type\":\"SearchAction\",\"target\":{\"@type\":\"EntryPoint\",\"urlTemplate\":\"https:\/\/blog.holyart.it\/fr\/?s={search_term_string}\"},\"query-input\":{\"@type\":\"PropertyValueSpecification\",\"valueRequired\":true,\"valueName\":\"search_term_string\"}}],\"inLanguage\":\"fr-FR\"},{\"@type\":\"Organization\",\"@id\":\"https:\/\/blog.holyart.it\/fr\/#organization\",\"name\":\"Holyart.fr Blog\",\"url\":\"https:\/\/blog.holyart.it\/fr\/\",\"logo\":{\"@type\":\"ImageObject\",\"inLanguage\":\"fr-FR\",\"@id\":\"https:\/\/blog.holyart.it\/fr\/#\/schema\/logo\/image\/\",\"url\":\"https:\/\/blog.holyart.it\/fr\/wp-content\/uploads\/sites\/14\/2022\/12\/Holyart_Blog_Logo.jpg\",\"contentUrl\":\"https:\/\/blog.holyart.it\/fr\/wp-content\/uploads\/sites\/14\/2022\/12\/Holyart_Blog_Logo.jpg\",\"width\":300,\"height\":50,\"caption\":\"Holyart.fr Blog\"},\"image\":{\"@id\":\"https:\/\/blog.holyart.it\/fr\/#\/schema\/logo\/image\/\"}},{\"@type\":\"Person\",\"@id\":\"https:\/\/blog.holyart.it\/fr\/#\/schema\/person\/0a7b686e5af0f856ec1e390dd0baecda\",\"name\":\"Redazione\",\"image\":{\"@type\":\"ImageObject\",\"inLanguage\":\"fr-FR\",\"@id\":\"https:\/\/blog.holyart.it\/fr\/#\/schema\/person\/image\/\",\"url\":\"https:\/\/secure.gravatar.com\/avatar\/f477da817f43e50d0af36abecd33e3edf826c68299714bdc1057dff3b113f516?s=96&d=mm&r=g\",\"contentUrl\":\"https:\/\/secure.gravatar.com\/avatar\/f477da817f43e50d0af36abecd33e3edf826c68299714bdc1057dff3b113f516?s=96&d=mm&r=g\",\"caption\":\"Redazione\"},\"url\":\"https:\/\/blog.holyart.it\/fr\/author\/admin\/\"}]}<\/script>\n<!-- \/ Yoast SEO plugin. -->","yoast_head_json":{"title":"La tarte : entre douceur et d\u00e9votion - Holyblog.fr","description":"La tarte, une p\u00e2tisserie ancienne, mais toujours tr\u00e8s appr\u00e9ci\u00e9e par grands et petits, surtout quand elle est garnie avec confitures et marmelades de qualit\u00e9","robots":{"index":"index","follow":"follow","max-snippet":"max-snippet:-1","max-image-preview":"max-image-preview:large","max-video-preview":"max-video-preview:-1"},"canonical":"https:\/\/blog.holyart.it\/fr\/monasteres\/la-tarte-entre-douceur-et-devotion\/","og_locale":"fr_FR","og_type":"article","og_title":"La tarte : entre douceur et d\u00e9votion - Holyblog.fr","og_description":"La tarte, une p\u00e2tisserie ancienne, mais toujours tr\u00e8s appr\u00e9ci\u00e9e par grands et petits, surtout quand elle est garnie avec confitures et marmelades de qualit\u00e9","og_url":"https:\/\/blog.holyart.it\/fr\/monasteres\/la-tarte-entre-douceur-et-devotion\/","og_site_name":"Holyart.fr Blog","article_published_time":"2019-07-23T13:41:20+00:00","article_modified_time":"2022-10-14T10:13:45+00:00","og_image":[{"width":1000,"height":666,"url":"https:\/\/blog.holyart.it\/fr\/wp-content\/uploads\/sites\/14\/2019\/07\/La-tarte.jpg","type":"image\/jpeg"}],"author":"Redazione","twitter_card":"summary_large_image","twitter_misc":{"\u00c9crit par":"Redazione","Dur\u00e9e de lecture estim\u00e9e":"10 minutes"},"schema":{"@context":"https:\/\/schema.org","@graph":[{"@type":"Article","@id":"https:\/\/blog.holyart.it\/fr\/monasteres\/la-tarte-entre-douceur-et-devotion\/#article","isPartOf":{"@id":"https:\/\/blog.holyart.it\/fr\/monasteres\/la-tarte-entre-douceur-et-devotion\/"},"author":{"name":"Redazione","@id":"https:\/\/blog.holyart.it\/fr\/#\/schema\/person\/0a7b686e5af0f856ec1e390dd0baecda"},"headline":"La tarte : entre douceur et d\u00e9votion","datePublished":"2019-07-23T13:41:20+00:00","dateModified":"2022-10-14T10:13:45+00:00","mainEntityOfPage":{"@id":"https:\/\/blog.holyart.it\/fr\/monasteres\/la-tarte-entre-douceur-et-devotion\/"},"wordCount":1916,"publisher":{"@id":"https:\/\/blog.holyart.it\/fr\/#organization"},"image":{"@id":"https:\/\/blog.holyart.it\/fr\/monasteres\/la-tarte-entre-douceur-et-devotion\/#primaryimage"},"thumbnailUrl":"https:\/\/blog.holyart.it\/fr\/wp-content\/uploads\/sites\/14\/2019\/07\/La-tarte.jpg","articleSection":["Monast\u00e8res et confr\u00e9ries"],"inLanguage":"fr-FR"},{"@type":"WebPage","@id":"https:\/\/blog.holyart.it\/fr\/monasteres\/la-tarte-entre-douceur-et-devotion\/","url":"https:\/\/blog.holyart.it\/fr\/monasteres\/la-tarte-entre-douceur-et-devotion\/","name":"La tarte : entre douceur et d\u00e9votion - Holyblog.fr","isPartOf":{"@id":"https:\/\/blog.holyart.it\/fr\/#website"},"primaryImageOfPage":{"@id":"https:\/\/blog.holyart.it\/fr\/monasteres\/la-tarte-entre-douceur-et-devotion\/#primaryimage"},"image":{"@id":"https:\/\/blog.holyart.it\/fr\/monasteres\/la-tarte-entre-douceur-et-devotion\/#primaryimage"},"thumbnailUrl":"https:\/\/blog.holyart.it\/fr\/wp-content\/uploads\/sites\/14\/2019\/07\/La-tarte.jpg","datePublished":"2019-07-23T13:41:20+00:00","dateModified":"2022-10-14T10:13:45+00:00","description":"La tarte, une p\u00e2tisserie ancienne, mais toujours tr\u00e8s appr\u00e9ci\u00e9e par grands et petits, surtout quand elle est garnie avec confitures et marmelades de qualit\u00e9","breadcrumb":{"@id":"https:\/\/blog.holyart.it\/fr\/monasteres\/la-tarte-entre-douceur-et-devotion\/#breadcrumb"},"inLanguage":"fr-FR","potentialAction":[{"@type":"ReadAction","target":["https:\/\/blog.holyart.it\/fr\/monasteres\/la-tarte-entre-douceur-et-devotion\/"]}]},{"@type":"ImageObject","inLanguage":"fr-FR","@id":"https:\/\/blog.holyart.it\/fr\/monasteres\/la-tarte-entre-douceur-et-devotion\/#primaryimage","url":"https:\/\/blog.holyart.it\/fr\/wp-content\/uploads\/sites\/14\/2019\/07\/La-tarte.jpg","contentUrl":"https:\/\/blog.holyart.it\/fr\/wp-content\/uploads\/sites\/14\/2019\/07\/La-tarte.jpg","width":1000,"height":666,"caption":"La tarte"},{"@type":"BreadcrumbList","@id":"https:\/\/blog.holyart.it\/fr\/monasteres\/la-tarte-entre-douceur-et-devotion\/#breadcrumb","itemListElement":[{"@type":"ListItem","position":1,"name":"Homepage","item":"https:\/\/blog.holyart.it\/fr\/"},{"@type":"ListItem","position":2,"name":"Monast\u00e8res et confr\u00e9ries","item":"https:\/\/blog.holyart.it\/fr\/monasteres\/"},{"@type":"ListItem","position":3,"name":"La tarte : entre douceur et d\u00e9votion"}]},{"@type":"WebSite","@id":"https:\/\/blog.holyart.it\/fr\/#website","url":"https:\/\/blog.holyart.it\/fr\/","name":"Holyart.fr Blog","description":"Holyblog","publisher":{"@id":"https:\/\/blog.holyart.it\/fr\/#organization"},"potentialAction":[{"@type":"SearchAction","target":{"@type":"EntryPoint","urlTemplate":"https:\/\/blog.holyart.it\/fr\/?s={search_term_string}"},"query-input":{"@type":"PropertyValueSpecification","valueRequired":true,"valueName":"search_term_string"}}],"inLanguage":"fr-FR"},{"@type":"Organization","@id":"https:\/\/blog.holyart.it\/fr\/#organization","name":"Holyart.fr Blog","url":"https:\/\/blog.holyart.it\/fr\/","logo":{"@type":"ImageObject","inLanguage":"fr-FR","@id":"https:\/\/blog.holyart.it\/fr\/#\/schema\/logo\/image\/","url":"https:\/\/blog.holyart.it\/fr\/wp-content\/uploads\/sites\/14\/2022\/12\/Holyart_Blog_Logo.jpg","contentUrl":"https:\/\/blog.holyart.it\/fr\/wp-content\/uploads\/sites\/14\/2022\/12\/Holyart_Blog_Logo.jpg","width":300,"height":50,"caption":"Holyart.fr Blog"},"image":{"@id":"https:\/\/blog.holyart.it\/fr\/#\/schema\/logo\/image\/"}},{"@type":"Person","@id":"https:\/\/blog.holyart.it\/fr\/#\/schema\/person\/0a7b686e5af0f856ec1e390dd0baecda","name":"Redazione","image":{"@type":"ImageObject","inLanguage":"fr-FR","@id":"https:\/\/blog.holyart.it\/fr\/#\/schema\/person\/image\/","url":"https:\/\/secure.gravatar.com\/avatar\/f477da817f43e50d0af36abecd33e3edf826c68299714bdc1057dff3b113f516?s=96&d=mm&r=g","contentUrl":"https:\/\/secure.gravatar.com\/avatar\/f477da817f43e50d0af36abecd33e3edf826c68299714bdc1057dff3b113f516?s=96&d=mm&r=g","caption":"Redazione"},"url":"https:\/\/blog.holyart.it\/fr\/author\/admin\/"}]}},"_links":{"self":[{"href":"https:\/\/blog.holyart.it\/fr\/wp-json\/wp\/v2\/posts\/1747","targetHints":{"allow":["GET"]}}],"collection":[{"href":"https:\/\/blog.holyart.it\/fr\/wp-json\/wp\/v2\/posts"}],"about":[{"href":"https:\/\/blog.holyart.it\/fr\/wp-json\/wp\/v2\/types\/post"}],"author":[{"embeddable":true,"href":"https:\/\/blog.holyart.it\/fr\/wp-json\/wp\/v2\/users\/1"}],"replies":[{"embeddable":true,"href":"https:\/\/blog.holyart.it\/fr\/wp-json\/wp\/v2\/comments?post=1747"}],"version-history":[{"count":0,"href":"https:\/\/blog.holyart.it\/fr\/wp-json\/wp\/v2\/posts\/1747\/revisions"}],"wp:featuredmedia":[{"embeddable":true,"href":"https:\/\/blog.holyart.it\/fr\/wp-json\/wp\/v2\/media\/1748"}],"wp:attachment":[{"href":"https:\/\/blog.holyart.it\/fr\/wp-json\/wp\/v2\/media?parent=1747"}],"wp:term":[{"taxonomy":"category","embeddable":true,"href":"https:\/\/blog.holyart.it\/fr\/wp-json\/wp\/v2\/categories?post=1747"},{"taxonomy":"post_tag","embeddable":true,"href":"https:\/\/blog.holyart.it\/fr\/wp-json\/wp\/v2\/tags?post=1747"}],"curies":[{"name":"wp","href":"https:\/\/api.w.org\/{rel}","templated":true}]}}